{"id":100088,"date":"2026-04-07T07:21:58","date_gmt":"2026-04-07T10:21:58","guid":{"rendered":"https:\/\/ubirataonline.com.br\/fatec-abre-inscricoes-para-vestibular-do-2026-07-04-2026-educacao\/"},"modified":"2026-04-07T07:22:04","modified_gmt":"2026-04-07T10:22:04","slug":"fatec-abre-inscricoes-para-vestibular-do-2026-07-04-2026-educacao","status":"publish","type":"post","link":"https:\/\/ubirataonline.com.br\/en\/fatec-abre-inscricoes-para-vestibular-do-2026-07-04-2026-educacao\/","title":{"rendered":"Fatec abre inscri\u00e7\u00f5es para vestibular do 2026 &#8211; 07\/04\/2026 &#8211; Educa\u00e7\u00e3o"},"content":{"rendered":"<p><\/p>\n<div data-news-content-text=\"\" data-disable-copy=\"\" data-continue-reading=\"\" data-continue-reading-hide-others=\".js-continue-reading-hidden\" data-age-rating=\"\" itemprop=\"articleBody\">\n<p>A Fatec (Faculdades de Tecnologia do Estado de S\u00e3o Paulo) abre nesta ter\u00e7a-feira (7) as inscri\u00e7\u00f5es para o <a href=\"https:\/\/www1.folha.uol.com.br\/folha-topicos\/vestibular\/\" rel=\"\" target=\"\">vestibular <\/a>do segundo semestre de 2026. O cadastro deve ser feito at\u00e9 as 15h de 1\u00ba de junho, exclusivamente pelo<a href=\"https:\/\/vestibular.fatec.sp.gov.br\/home\/\" rel=\"nofollow\" target=\"_blank\"> site da institui\u00e7\u00e3o<\/a>.<\/p>\n<p>A taxa \u00e9 de R$ 90. A prova ser\u00e1 aplicada em 28 de junho, \u00e0s 13h, com dura\u00e7\u00e3o de cinco horas.<\/p>\n<p>O exame \u00e9 composto por uma reda\u00e7\u00e3o e 60 quest\u00f5es objetivas de m\u00faltipla escolha. A distribui\u00e7\u00e3o inclui portugu\u00eas e <a href=\"https:\/\/www1.folha.uol.com.br\/folha-topicos\/matematica\/\" rel=\"\" target=\"\">matem\u00e1tica <\/a>(oito quest\u00f5es cada), al\u00e9m de f\u00edsica, qu\u00edmica, biologia, hist\u00f3ria, geografia e ingl\u00eas (cinco cada), racioc\u00ednio l\u00f3gico (cinco) e nove quest\u00f5es interdisciplinares.<\/p>\n<p>Para participar, \u00e9 preciso ter conclu\u00eddo ou estar cursando o<a href=\"https:\/\/www1.folha.uol.com.br\/educacao\/2026\/02\/rede-estadual-de-ensino-medio-de-sp-tem-queda-de-17-de-alunos-recuo-e-25-vezes-a-media-nacional.shtml\" rel=\"\" target=\"\"> ensino m\u00e9dio<\/a>, desde que comprove a conclus\u00e3o no ato da matr\u00edcula. O candidato deve levar documento oficial com foto no dia da prova, al\u00e9m de caneta azul ou preta, l\u00e1pis e borracha.<\/p>\n<p>O sistema de pontua\u00e7\u00e3o prev\u00ea b\u00f4nus na nota final: estudantes que cursaram todo o ensino m\u00e9dio em escola p\u00fablica recebem acr\u00e9scimo de 10%, enquanto candidatos que se autodeclaram pretos, pardos ou ind\u00edgenas t\u00eam 3% a mais; quem atende aos dois crit\u00e9rios pode alcan\u00e7ar adicional de 13%.<\/p>\n<p>Tamb\u00e9m \u00e9 poss\u00edvel usar a nota do <a href=\"https:\/\/www1.folha.uol.com.br\/folha-topicos\/enem\/\" rel=\"\" target=\"\">Enem <\/a>(Exame Nacional do Ensino M\u00e9dio) de 2023, 2024 ou 2025 para compor a pontua\u00e7\u00e3o. O aproveitamento s\u00f3 ocorre se o desempenho no exame federal for superior ao obtido na prova da Fatec.<\/p>\n<p>No momento da inscri\u00e7\u00e3o, o candidato pode escolher uma primeira op\u00e7\u00e3o de curso e unidade e indicar uma segunda alternativa, em qualquer Fatec do estado. As vagas est\u00e3o distribu\u00eddas por dezenas de cidades paulistas, na capital, regi\u00e3o metropolitana, interior e litoral.<\/p>\n<p>O local de prova ser\u00e1 divulgado em 24 de junho, a partir das 15h, na \u00e1rea do candidato. A lista de classifica\u00e7\u00e3o geral e a primeira chamada est\u00e3o previstas para 14 de julho, tamb\u00e9m a partir das 15h. Os convocados dever\u00e3o realizar matr\u00edcula de forma digital.<\/p>\n<\/p><\/div>\n<p><a href=\"https:\/\/www1.folha.uol.com.br\/educacao\/2026\/04\/fatec-abre-inscricoes-para-vestibular-do-2o-semestre-de-2026-nesta-terca-7.shtml\">Fonte do Artigo <\/a><\/p>","protected":false},"excerpt":{"rendered":"<p>A Fatec (Faculdades de Tecnologia do Estado de S\u00e3o Paulo) abre nesta ter\u00e7a-feira (7) as inscri\u00e7\u00f5es para o vestibular do segundo semestre de 2026. O cadastro deve ser feito at\u00e9 as 15h de 1\u00ba de junho, exclusivamente pelo site da institui\u00e7\u00e3o. A taxa \u00e9 de R$ 90. A prova ser\u00e1 aplicada em 28 de junho, [&hellip;]<\/p>\n","protected":false},"author":1,"featured_media":100089,"comment_status":"closed","ping_status":"","sticky":false,"template":"","format":"standard","meta":{"googlesitekit_rrm_CAow2JLhCw:productID":"","_gspb_post_css":"","maa_idioma":"","maa_pais":"","footnotes":""},"categories":[4],"tags":[3619,152,25192,3620,2904,13088],"class_list":["post-100088","post","type-post","status-publish","format-standard","has-post-thumbnail","hentry","category-brasil","tag-abre","tag-educacao","tag-fatec","tag-inscricoes","tag-para","tag-vestibular"],"blocksy_meta":[],"yoast_head":"<!-- This site is optimized with the Yoast SEO Premium plugin v27.6 (Yoast SEO v27.6) - https:\/\/yoast.com\/product\/yoast-seo-premium-wordpress\/ -->\n<title>Fatec abre inscri\u00e7\u00f5es para vestibular do 2026 - 07\/04\/2026 - Educa\u00e7\u00e3o - Ubirat\u00e3 Online Not\u00edcias - A realidade ao seu alcance!<\/title>\n<meta name=\"description\" content=\"A Fatec (Faculdades de Tecnologia do Estado de S\u00e3o Paulo) abre nesta ter\u00e7a-feira (7) as inscri\u00e7\u00f5es para o vestibular do segundo semestre de 2026. O\" \/>\n<meta name=\"robots\" content=\"index, follow, max-snippet:-1, max-image-preview:large, max-video-preview:-1\" \/>\n<link rel=\"canonical\" href=\"https:\/\/ubirataonline.com.br\/en\/fatec-abre-inscricoes-para-vestibular-do-2026-07-04-2026-educacao\/\" \/>\n<meta property=\"og:locale\" content=\"en_US\" \/>\n<meta property=\"og:type\" content=\"article\" \/>\n<meta property=\"og:title\" content=\"Fatec abre inscri\u00e7\u00f5es para vestibular do 2026 - 07\/04\/2026 - Educa\u00e7\u00e3o\" \/>\n<meta property=\"og:description\" content=\"A Fatec (Faculdades de Tecnologia do Estado de S\u00e3o Paulo) abre nesta ter\u00e7a-feira (7) as inscri\u00e7\u00f5es para o vestibular do segundo semestre de 2026. O\" \/>\n<meta property=\"og:url\" content=\"https:\/\/ubirataonline.com.br\/en\/fatec-abre-inscricoes-para-vestibular-do-2026-07-04-2026-educacao\/\" \/>\n<meta property=\"og:site_name\" content=\"Ubirat\u00e3 Online Not\u00edcias - A realidade ao seu alcance!\" \/>\n<meta property=\"article:publisher\" content=\"https:\/\/www.facebook.com\/portalubirataonline\" \/>\n<meta property=\"article:author\" content=\"https:\/\/www.facebook.com\/portalubirataonline\" \/>\n<meta property=\"article:published_time\" content=\"2026-04-07T10:21:58+00:00\" \/>\n<meta property=\"article:modified_time\" content=\"2026-04-07T10:22:04+00:00\" \/>\n<meta property=\"og:image\" content=\"https:\/\/ubirataonline.com.br\/wp-content\/uploads\/2026\/04\/Fatec-abre-inscricoes-para-vestibular-do-2026-07042026.jpg\" \/>\n\t<meta property=\"og:image:width\" content=\"2400\" \/>\n\t<meta property=\"og:image:height\" content=\"1600\" \/>\n\t<meta property=\"og:image:type\" content=\"image\/jpeg\" \/>\n<meta name=\"author\" content=\"REDA\u00c7\u00c3O: UBIRAT\u00c3 ONLINE - F\u00c1BIO AUGUSTO CELESTINO\" \/>\n<meta name=\"twitter:card\" content=\"summary_large_image\" \/>\n<meta name=\"twitter:creator\" content=\"@x.com\/ubirataonline\" \/>\n<meta name=\"twitter:site\" content=\"@ubirataonline\" \/>\n<meta name=\"twitter:label1\" content=\"Written by\" \/>\n\t<meta name=\"twitter:data1\" content=\"REDA\u00c7\u00c3O: UBIRAT\u00c3 ONLINE - F\u00c1BIO AUGUSTO CELESTINO\" \/>\n\t<meta name=\"twitter:label2\" content=\"Est. reading time\" \/>\n\t<meta name=\"twitter:data2\" content=\"2 minutes\" \/>\n<script type=\"application\/ld+json\" class=\"yoast-schema-graph\">{\"@context\":\"https:\\\/\\\/schema.org\",\"@graph\":[{\"@type\":\"NewsArticle\",\"@id\":\"https:\\\/\\\/ubirataonline.com.br\\\/fatec-abre-inscricoes-para-vestibular-do-2026-07-04-2026-educacao\\\/#article\",\"isPartOf\":{\"@id\":\"https:\\\/\\\/ubirataonline.com.br\\\/fatec-abre-inscricoes-para-vestibular-do-2026-07-04-2026-educacao\\\/\"},\"author\":{\"name\":\"REDA\u00c7\u00c3O: UBIRAT\u00c3 ONLINE - F\u00c1BIO AUGUSTO CELESTINO\",\"@id\":\"https:\\\/\\\/ubirataonline.com.br\\\/#\\\/schema\\\/person\\\/372f87bbd3fdd79b8556b84c98d0bc1c\"},\"headline\":\"Fatec abre inscri\u00e7\u00f5es para vestibular do 2026 &#8211; 07\\\/04\\\/2026 &#8211; Educa\u00e7\u00e3o\",\"datePublished\":\"2026-04-07T10:21:58+00:00\",\"dateModified\":\"2026-04-07T10:22:04+00:00\",\"mainEntityOfPage\":{\"@id\":\"https:\\\/\\\/ubirataonline.com.br\\\/fatec-abre-inscricoes-para-vestibular-do-2026-07-04-2026-educacao\\\/\"},\"wordCount\":363,\"publisher\":{\"@id\":\"https:\\\/\\\/ubirataonline.com.br\\\/#organization\"},\"image\":{\"@id\":\"https:\\\/\\\/ubirataonline.com.br\\\/fatec-abre-inscricoes-para-vestibular-do-2026-07-04-2026-educacao\\\/#primaryimage\"},\"thumbnailUrl\":\"https:\\\/\\\/ubirataonline.com.br\\\/wp-content\\\/uploads\\\/2026\\\/04\\\/Fatec-abre-inscricoes-para-vestibular-do-2026-07042026.jpg\",\"keywords\":[\"abre\",\"educa\u00e7\u00e3o\",\"Fatec\",\"inscri\u00e7\u00f5es\",\"para\",\"vestibular\"],\"articleSection\":[\"Brasil\"],\"inLanguage\":\"en-US\",\"copyrightYear\":\"2026\",\"copyrightHolder\":{\"@id\":\"https:\\\/\\\/ubirataonline.com.br\\\/en\\\/#organization\"}},{\"@type\":\"WebPage\",\"@id\":\"https:\\\/\\\/ubirataonline.com.br\\\/fatec-abre-inscricoes-para-vestibular-do-2026-07-04-2026-educacao\\\/\",\"url\":\"https:\\\/\\\/ubirataonline.com.br\\\/fatec-abre-inscricoes-para-vestibular-do-2026-07-04-2026-educacao\\\/\",\"name\":\"Fatec abre inscri\u00e7\u00f5es para vestibular do 2026 - 07\\\/04\\\/2026 - Educa\u00e7\u00e3o - Ubirat\u00e3 Online Not\u00edcias - A realidade ao seu alcance!\",\"isPartOf\":{\"@id\":\"https:\\\/\\\/ubirataonline.com.br\\\/#website\"},\"primaryImageOfPage\":{\"@id\":\"https:\\\/\\\/ubirataonline.com.br\\\/fatec-abre-inscricoes-para-vestibular-do-2026-07-04-2026-educacao\\\/#primaryimage\"},\"image\":{\"@id\":\"https:\\\/\\\/ubirataonline.com.br\\\/fatec-abre-inscricoes-para-vestibular-do-2026-07-04-2026-educacao\\\/#primaryimage\"},\"thumbnailUrl\":\"https:\\\/\\\/ubirataonline.com.br\\\/wp-content\\\/uploads\\\/2026\\\/04\\\/Fatec-abre-inscricoes-para-vestibular-do-2026-07042026.jpg\",\"datePublished\":\"2026-04-07T10:21:58+00:00\",\"dateModified\":\"2026-04-07T10:22:04+00:00\",\"description\":\"A Fatec (Faculdades de Tecnologia do Estado de S\u00e3o Paulo) abre nesta ter\u00e7a-feira (7) as inscri\u00e7\u00f5es para o vestibular do segundo semestre de 2026. O\",\"breadcrumb\":{\"@id\":\"https:\\\/\\\/ubirataonline.com.br\\\/fatec-abre-inscricoes-para-vestibular-do-2026-07-04-2026-educacao\\\/#breadcrumb\"},\"inLanguage\":\"en-US\",\"potentialAction\":[{\"@type\":\"ReadAction\",\"target\":[\"https:\\\/\\\/ubirataonline.com.br\\\/fatec-abre-inscricoes-para-vestibular-do-2026-07-04-2026-educacao\\\/\"]}]},{\"@type\":\"ImageObject\",\"inLanguage\":\"en-US\",\"@id\":\"https:\\\/\\\/ubirataonline.com.br\\\/fatec-abre-inscricoes-para-vestibular-do-2026-07-04-2026-educacao\\\/#primaryimage\",\"url\":\"https:\\\/\\\/ubirataonline.com.br\\\/wp-content\\\/uploads\\\/2026\\\/04\\\/Fatec-abre-inscricoes-para-vestibular-do-2026-07042026.jpg\",\"contentUrl\":\"https:\\\/\\\/ubirataonline.com.br\\\/wp-content\\\/uploads\\\/2026\\\/04\\\/Fatec-abre-inscricoes-para-vestibular-do-2026-07042026.jpg\",\"width\":2400,\"height\":1600,\"caption\":\"Alunos do cursinho Oficina do Estudante, em Campinas, participam de aula preparat\u00f3ria de hist\u00f3ria para o vestibular - Felipe Iruat\u00e3 - 29.abr.25\\\/Folhapress\"},{\"@type\":\"BreadcrumbList\",\"@id\":\"https:\\\/\\\/ubirataonline.com.br\\\/fatec-abre-inscricoes-para-vestibular-do-2026-07-04-2026-educacao\\\/#breadcrumb\",\"itemListElement\":[{\"@type\":\"ListItem\",\"position\":1,\"name\":\"In\u00edcio\",\"item\":\"https:\\\/\\\/ubirataonline.com.br\\\/\"},{\"@type\":\"ListItem\",\"position\":2,\"name\":\"Fatec abre inscri\u00e7\u00f5es para vestibular do 2026 &#8211; 07\\\/04\\\/2026 &#8211; Educa\u00e7\u00e3o\"}]},{\"@type\":\"WebSite\",\"@id\":\"https:\\\/\\\/ubirataonline.com.br\\\/#website\",\"url\":\"https:\\\/\\\/ubirataonline.com.br\\\/\",\"name\":\"Ubirat\u00e3 Online Not\u00edcias\",\"description\":\"Not\u00edcias de Ubirat\u00e3, regi\u00e3o, Brasil e mundo, com informa\u00e7\u00e3o atualizada e compromisso com o leitor.\",\"publisher\":{\"@id\":\"https:\\\/\\\/ubirataonline.com.br\\\/#organization\"},\"alternateName\":\"Ubirat\u00e3 Online\",\"potentialAction\":[{\"@type\":\"SearchAction\",\"target\":{\"@type\":\"EntryPoint\",\"urlTemplate\":\"https:\\\/\\\/ubirataonline.com.br\\\/?s={search_term_string}\"},\"query-input\":{\"@type\":\"PropertyValueSpecification\",\"valueRequired\":true,\"valueName\":\"search_term_string\"}}],\"inLanguage\":\"en-US\"},{\"@type\":[\"Organization\",\"Place\"],\"@id\":\"https:\\\/\\\/ubirataonline.com.br\\\/#organization\",\"name\":\"Ubirat\u00e3 Online Not\u00edcias\",\"alternateName\":\"Ubirat\u00e3 Online\",\"url\":\"https:\\\/\\\/ubirataonline.com.br\\\/\",\"logo\":{\"@id\":\"https:\\\/\\\/ubirataonline.com.br\\\/fatec-abre-inscricoes-para-vestibular-do-2026-07-04-2026-educacao\\\/#local-main-organization-logo\"},\"image\":{\"@id\":\"https:\\\/\\\/ubirataonline.com.br\\\/fatec-abre-inscricoes-para-vestibular-do-2026-07-04-2026-educacao\\\/#local-main-organization-logo\"},\"sameAs\":[\"https:\\\/\\\/www.facebook.com\\\/portalubirataonline\",\"https:\\\/\\\/x.com\\\/ubirataonline\",\"https:\\\/\\\/mastodon.social\\\/@ubirataonline\",\"https:\\\/\\\/www.facebook.com\\\/groups\\\/311144672285604\",\"https:\\\/\\\/www.facebook.com\\\/UBTAOnline\",\"https:\\\/\\\/www.instagram.com\\\/portalubirataonline\\\/\",\"https:\\\/\\\/twitter.com\\\/ubirataonline\"],\"description\":\"Somos um portal de not\u00edcias independente, criado em 5 de janeiro de 2009, com o objetivo de informar, conectar e valorizar a nossa comunidade de Ubirat\u00e3 e toda aregi\u00e3o. Com conte\u00fado atualizado, confi\u00e1vel e relevante, o Ubirat\u00e3 Online \u00e9 o seu espa\u00e7o para ficar por dentro dos principais acontecimentos locais, regionais, Brasil, Mundo e de interesse geral. Nosso compromisso \u00e9 com a verdade, a transpar\u00eancia e o respeito ao leitor.\",\"legalName\":\"UBIRATA ONLINE NOT\u00cdCIAS\",\"foundingDate\":\"2009-01-05\",\"numberOfEmployees\":{\"@type\":\"QuantitativeValue\",\"minValue\":\"1\",\"maxValue\":\"10\"},\"publishingPrinciples\":\"https:\\\/\\\/ubirataonline.com.br\\\/faq\\\/\",\"address\":{\"@id\":\"https:\\\/\\\/ubirataonline.com.br\\\/fatec-abre-inscricoes-para-vestibular-do-2026-07-04-2026-educacao\\\/#local-main-place-address\"},\"geo\":{\"@type\":\"GeoCoordinates\",\"latitude\":\"-24.5361401\",\"longitude\":\"-52.9921776\"},\"telephone\":[\"+5544998308235\"],\"contactPoint\":{\"@type\":\"ContactPoint\",\"email\":\"contato@ubirataonline.com.br\"},\"openingHoursSpecification\":{\"@type\":\"OpeningHoursSpecification\",\"dayOfWeek\":[\"Monday\",\"Tuesday\",\"Wednesday\",\"Thursday\",\"Friday\",\"Saturday\",\"Sunday\"],\"opens\":\"00:00\",\"closes\":\"23:59\"},\"email\":\"contato@ubirataonline.com.br\",\"vatID\":\"47.621.418\\\/0001-80\"},{\"@type\":\"Person\",\"@id\":\"https:\\\/\\\/ubirataonline.com.br\\\/#\\\/schema\\\/person\\\/372f87bbd3fdd79b8556b84c98d0bc1c\",\"name\":\"REDA\u00c7\u00c3O: UBIRAT\u00c3 ONLINE - F\u00c1BIO AUGUSTO CELESTINO\",\"pronouns\":\"Ele\",\"description\":\"Desde 2003 trabalhando com not\u00edcias.\",\"sameAs\":[\"http:\\\/\\\/ubirataoline.com.br\",\"https:\\\/\\\/www.facebook.com\\\/portalubirataonline\",\"https:\\\/\\\/www.instagram.com\\\/ubirataonline_oficial\",\"https:\\\/\\\/x.com\\\/x.com\\\/ubirataonline\"],\"honorificPrefix\":\"Mr.\",\"honorificSuffix\":\"MD\",\"birthDate\":\"1980-06-16\",\"gender\":\"masculino\",\"award\":[\"V\u00e1rios pr\u00eamios de melhor portal da cidade\"],\"jobTitle\":\"Diretor\",\"url\":\"https:\\\/\\\/ubirataonline.com.br\\\/en\\\/author\\\/ubirataonline\\\/\"},{\"@type\":\"PostalAddress\",\"@id\":\"https:\\\/\\\/ubirataonline.com.br\\\/fatec-abre-inscricoes-para-vestibular-do-2026-07-04-2026-educacao\\\/#local-main-place-address\",\"streetAddress\":\"Rua dos Coqueiros, 104 - Bairro Boa Vista, Rua dos Coqueiros, 104 Bairro Boa Vista\",\"addressLocality\":\"UBIRATA\",\"postalCode\":\"85440-000\",\"addressRegion\":\"PR\",\"addressCountry\":\"BR\"},{\"@type\":\"ImageObject\",\"inLanguage\":\"en-US\",\"@id\":\"https:\\\/\\\/ubirataonline.com.br\\\/fatec-abre-inscricoes-para-vestibular-do-2026-07-04-2026-educacao\\\/#local-main-organization-logo\",\"url\":\"https:\\\/\\\/ubirataonline.com.br\\\/wp-content\\\/uploads\\\/2026\\\/06\\\/logoubirataonline-1.webp\",\"contentUrl\":\"https:\\\/\\\/ubirataonline.com.br\\\/wp-content\\\/uploads\\\/2026\\\/06\\\/logoubirataonline-1.webp\",\"width\":500,\"height\":500,\"caption\":\"Ubirat\u00e3 Online Not\u00edcias\"}]}<\/script>\n<meta name=\"geo.placename\" content=\"UBIRATA\" \/>\n<meta name=\"geo.position\" content=\"-24.5361401;-52.9921776\" \/>\n<meta name=\"geo.region\" content=\"Brazil\" \/>\n<!-- \/ Yoast SEO Premium plugin. -->","yoast_head_json":{"title":"Fatec abre inscri\u00e7\u00f5es para vestibular do 2026 - 07\/04\/2026 - Educa\u00e7\u00e3o - Ubirat\u00e3 Online Not\u00edcias - A realidade ao seu alcance!","description":"A Fatec (Faculdades de Tecnologia do Estado de S\u00e3o Paulo) abre nesta ter\u00e7a-feira (7) as inscri\u00e7\u00f5es para o vestibular do segundo semestre de 2026. O","robots":{"index":"index","follow":"follow","max-snippet":"max-snippet:-1","max-image-preview":"max-image-preview:large","max-video-preview":"max-video-preview:-1"},"canonical":"https:\/\/ubirataonline.com.br\/en\/fatec-abre-inscricoes-para-vestibular-do-2026-07-04-2026-educacao\/","og_locale":"en_US","og_type":"article","og_title":"Fatec abre inscri\u00e7\u00f5es para vestibular do 2026 - 07\/04\/2026 - Educa\u00e7\u00e3o","og_description":"A Fatec (Faculdades de Tecnologia do Estado de S\u00e3o Paulo) abre nesta ter\u00e7a-feira (7) as inscri\u00e7\u00f5es para o vestibular do segundo semestre de 2026. O","og_url":"https:\/\/ubirataonline.com.br\/en\/fatec-abre-inscricoes-para-vestibular-do-2026-07-04-2026-educacao\/","og_site_name":"Ubirat\u00e3 Online Not\u00edcias - A realidade ao seu alcance!","article_publisher":"https:\/\/www.facebook.com\/portalubirataonline","article_author":"https:\/\/www.facebook.com\/portalubirataonline","article_published_time":"2026-04-07T10:21:58+00:00","article_modified_time":"2026-04-07T10:22:04+00:00","og_image":[{"width":2400,"height":1600,"url":"https:\/\/ubirataonline.com.br\/wp-content\/uploads\/2026\/04\/Fatec-abre-inscricoes-para-vestibular-do-2026-07042026.jpg","type":"image\/jpeg"}],"author":"REDA\u00c7\u00c3O: UBIRAT\u00c3 ONLINE - F\u00c1BIO AUGUSTO CELESTINO","twitter_card":"summary_large_image","twitter_creator":"@x.com\/ubirataonline","twitter_site":"@ubirataonline","twitter_misc":{"Written by":"REDA\u00c7\u00c3O: UBIRAT\u00c3 ONLINE - F\u00c1BIO AUGUSTO CELESTINO","Est. reading time":"2 minutes"},"schema":{"@context":"https:\/\/schema.org","@graph":[{"@type":"NewsArticle","@id":"https:\/\/ubirataonline.com.br\/fatec-abre-inscricoes-para-vestibular-do-2026-07-04-2026-educacao\/#article","isPartOf":{"@id":"https:\/\/ubirataonline.com.br\/fatec-abre-inscricoes-para-vestibular-do-2026-07-04-2026-educacao\/"},"author":{"name":"REDA\u00c7\u00c3O: UBIRAT\u00c3 ONLINE - F\u00c1BIO AUGUSTO CELESTINO","@id":"https:\/\/ubirataonline.com.br\/#\/schema\/person\/372f87bbd3fdd79b8556b84c98d0bc1c"},"headline":"Fatec abre inscri\u00e7\u00f5es para vestibular do 2026 &#8211; 07\/04\/2026 &#8211; Educa\u00e7\u00e3o","datePublished":"2026-04-07T10:21:58+00:00","dateModified":"2026-04-07T10:22:04+00:00","mainEntityOfPage":{"@id":"https:\/\/ubirataonline.com.br\/fatec-abre-inscricoes-para-vestibular-do-2026-07-04-2026-educacao\/"},"wordCount":363,"publisher":{"@id":"https:\/\/ubirataonline.com.br\/#organization"},"image":{"@id":"https:\/\/ubirataonline.com.br\/fatec-abre-inscricoes-para-vestibular-do-2026-07-04-2026-educacao\/#primaryimage"},"thumbnailUrl":"https:\/\/ubirataonline.com.br\/wp-content\/uploads\/2026\/04\/Fatec-abre-inscricoes-para-vestibular-do-2026-07042026.jpg","keywords":["abre","educa\u00e7\u00e3o","Fatec","inscri\u00e7\u00f5es","para","vestibular"],"articleSection":["Brasil"],"inLanguage":"en-US","copyrightYear":"2026","copyrightHolder":{"@id":"https:\/\/ubirataonline.com.br\/en\/#organization"}},{"@type":"WebPage","@id":"https:\/\/ubirataonline.com.br\/fatec-abre-inscricoes-para-vestibular-do-2026-07-04-2026-educacao\/","url":"https:\/\/ubirataonline.com.br\/fatec-abre-inscricoes-para-vestibular-do-2026-07-04-2026-educacao\/","name":"Fatec abre inscri\u00e7\u00f5es para vestibular do 2026 - 07\/04\/2026 - Educa\u00e7\u00e3o - Ubirat\u00e3 Online Not\u00edcias - A realidade ao seu alcance!","isPartOf":{"@id":"https:\/\/ubirataonline.com.br\/#website"},"primaryImageOfPage":{"@id":"https:\/\/ubirataonline.com.br\/fatec-abre-inscricoes-para-vestibular-do-2026-07-04-2026-educacao\/#primaryimage"},"image":{"@id":"https:\/\/ubirataonline.com.br\/fatec-abre-inscricoes-para-vestibular-do-2026-07-04-2026-educacao\/#primaryimage"},"thumbnailUrl":"https:\/\/ubirataonline.com.br\/wp-content\/uploads\/2026\/04\/Fatec-abre-inscricoes-para-vestibular-do-2026-07042026.jpg","datePublished":"2026-04-07T10:21:58+00:00","dateModified":"2026-04-07T10:22:04+00:00","description":"A Fatec (Faculdades de Tecnologia do Estado de S\u00e3o Paulo) abre nesta ter\u00e7a-feira (7) as inscri\u00e7\u00f5es para o vestibular do segundo semestre de 2026. O","breadcrumb":{"@id":"https:\/\/ubirataonline.com.br\/fatec-abre-inscricoes-para-vestibular-do-2026-07-04-2026-educacao\/#breadcrumb"},"inLanguage":"en-US","potentialAction":[{"@type":"ReadAction","target":["https:\/\/ubirataonline.com.br\/fatec-abre-inscricoes-para-vestibular-do-2026-07-04-2026-educacao\/"]}]},{"@type":"ImageObject","inLanguage":"en-US","@id":"https:\/\/ubirataonline.com.br\/fatec-abre-inscricoes-para-vestibular-do-2026-07-04-2026-educacao\/#primaryimage","url":"https:\/\/ubirataonline.com.br\/wp-content\/uploads\/2026\/04\/Fatec-abre-inscricoes-para-vestibular-do-2026-07042026.jpg","contentUrl":"https:\/\/ubirataonline.com.br\/wp-content\/uploads\/2026\/04\/Fatec-abre-inscricoes-para-vestibular-do-2026-07042026.jpg","width":2400,"height":1600,"caption":"Alunos do cursinho Oficina do Estudante, em Campinas, participam de aula preparat\u00f3ria de hist\u00f3ria para o vestibular - Felipe Iruat\u00e3 - 29.abr.25\/Folhapress"},{"@type":"BreadcrumbList","@id":"https:\/\/ubirataonline.com.br\/fatec-abre-inscricoes-para-vestibular-do-2026-07-04-2026-educacao\/#breadcrumb","itemListElement":[{"@type":"ListItem","position":1,"name":"In\u00edcio","item":"https:\/\/ubirataonline.com.br\/"},{"@type":"ListItem","position":2,"name":"Fatec abre inscri\u00e7\u00f5es para vestibular do 2026 &#8211; 07\/04\/2026 &#8211; Educa\u00e7\u00e3o"}]},{"@type":"WebSite","@id":"https:\/\/ubirataonline.com.br\/#website","url":"https:\/\/ubirataonline.com.br\/","name":"Ubirat\u00e3 Online Not\u00edcias","description":"Not\u00edcias de Ubirat\u00e3, regi\u00e3o, Brasil e mundo, com informa\u00e7\u00e3o atualizada e compromisso com o leitor.","publisher":{"@id":"https:\/\/ubirataonline.com.br\/#organization"},"alternateName":"Ubirat\u00e3 Online","potentialAction":[{"@type":"SearchAction","target":{"@type":"EntryPoint","urlTemplate":"https:\/\/ubirataonline.com.br\/?s={search_term_string}"},"query-input":{"@type":"PropertyValueSpecification","valueRequired":true,"valueName":"search_term_string"}}],"inLanguage":"en-US"},{"@type":["Organization","Place"],"@id":"https:\/\/ubirataonline.com.br\/#organization","name":"Ubirat\u00e3 Online Not\u00edcias","alternateName":"Ubirat\u00e3 Online","url":"https:\/\/ubirataonline.com.br\/","logo":{"@id":"https:\/\/ubirataonline.com.br\/fatec-abre-inscricoes-para-vestibular-do-2026-07-04-2026-educacao\/#local-main-organization-logo"},"image":{"@id":"https:\/\/ubirataonline.com.br\/fatec-abre-inscricoes-para-vestibular-do-2026-07-04-2026-educacao\/#local-main-organization-logo"},"sameAs":["https:\/\/www.facebook.com\/portalubirataonline","https:\/\/x.com\/ubirataonline","https:\/\/mastodon.social\/@ubirataonline","https:\/\/www.facebook.com\/groups\/311144672285604","https:\/\/www.facebook.com\/UBTAOnline","https:\/\/www.instagram.com\/portalubirataonline\/","https:\/\/twitter.com\/ubirataonline"],"description":"Somos um portal de not\u00edcias independente, criado em 5 de janeiro de 2009, com o objetivo de informar, conectar e valorizar a nossa comunidade de Ubirat\u00e3 e toda aregi\u00e3o. Com conte\u00fado atualizado, confi\u00e1vel e relevante, o Ubirat\u00e3 Online \u00e9 o seu espa\u00e7o para ficar por dentro dos principais acontecimentos locais, regionais, Brasil, Mundo e de interesse geral. Nosso compromisso \u00e9 com a verdade, a transpar\u00eancia e o respeito ao leitor.","legalName":"UBIRATA ONLINE NOT\u00cdCIAS","foundingDate":"2009-01-05","numberOfEmployees":{"@type":"QuantitativeValue","minValue":"1","maxValue":"10"},"publishingPrinciples":"https:\/\/ubirataonline.com.br\/faq\/","address":{"@id":"https:\/\/ubirataonline.com.br\/fatec-abre-inscricoes-para-vestibular-do-2026-07-04-2026-educacao\/#local-main-place-address"},"geo":{"@type":"GeoCoordinates","latitude":"-24.5361401","longitude":"-52.9921776"},"telephone":["+5544998308235"],"contactPoint":{"@type":"ContactPoint","email":"contato@ubirataonline.com.br"},"openingHoursSpecification":{"@type":"OpeningHoursSpecification","dayOfWeek":["Monday","Tuesday","Wednesday","Thursday","Friday","Saturday","Sunday"],"opens":"00:00","closes":"23:59"},"email":"contato@ubirataonline.com.br","vatID":"47.621.418\/0001-80"},{"@type":"Person","@id":"https:\/\/ubirataonline.com.br\/#\/schema\/person\/372f87bbd3fdd79b8556b84c98d0bc1c","name":"REDA\u00c7\u00c3O: UBIRAT\u00c3 ONLINE - F\u00c1BIO AUGUSTO CELESTINO","pronouns":"Ele","description":"Desde 2003 trabalhando com not\u00edcias.","sameAs":["http:\/\/ubirataoline.com.br","https:\/\/www.facebook.com\/portalubirataonline","https:\/\/www.instagram.com\/ubirataonline_oficial","https:\/\/x.com\/x.com\/ubirataonline"],"honorificPrefix":"Mr.","honorificSuffix":"MD","birthDate":"1980-06-16","gender":"masculino","award":["V\u00e1rios pr\u00eamios de melhor portal da cidade"],"jobTitle":"Diretor","url":"https:\/\/ubirataonline.com.br\/en\/author\/ubirataonline\/"},{"@type":"PostalAddress","@id":"https:\/\/ubirataonline.com.br\/fatec-abre-inscricoes-para-vestibular-do-2026-07-04-2026-educacao\/#local-main-place-address","streetAddress":"Rua dos Coqueiros, 104 - Bairro Boa Vista, Rua dos Coqueiros, 104 Bairro Boa Vista","addressLocality":"UBIRATA","postalCode":"85440-000","addressRegion":"PR","addressCountry":"BR"},{"@type":"ImageObject","inLanguage":"en-US","@id":"https:\/\/ubirataonline.com.br\/fatec-abre-inscricoes-para-vestibular-do-2026-07-04-2026-educacao\/#local-main-organization-logo","url":"https:\/\/ubirataonline.com.br\/wp-content\/uploads\/2026\/06\/logoubirataonline-1.webp","contentUrl":"https:\/\/ubirataonline.com.br\/wp-content\/uploads\/2026\/06\/logoubirataonline-1.webp","width":500,"height":500,"caption":"Ubirat\u00e3 Online Not\u00edcias"}]},"geo.placename":"UBIRATA","geo.position":{"lat":"-24.5361401","long":"-52.9921776"},"geo.region":"Brazil"},"_links":{"self":[{"href":"https:\/\/ubirataonline.com.br\/en\/wp-json\/wp\/v2\/posts\/100088","targetHints":{"allow":["GET"]}}],"collection":[{"href":"https:\/\/ubirataonline.com.br\/en\/wp-json\/wp\/v2\/posts"}],"about":[{"href":"https:\/\/ubirataonline.com.br\/en\/wp-json\/wp\/v2\/types\/post"}],"author":[{"embeddable":true,"href":"https:\/\/ubirataonline.com.br\/en\/wp-json\/wp\/v2\/users\/1"}],"replies":[{"embeddable":true,"href":"https:\/\/ubirataonline.com.br\/en\/wp-json\/wp\/v2\/comments?post=100088"}],"version-history":[{"count":0,"href":"https:\/\/ubirataonline.com.br\/en\/wp-json\/wp\/v2\/posts\/100088\/revisions"}],"wp:featuredmedia":[{"embeddable":true,"href":"https:\/\/ubirataonline.com.br\/en\/wp-json\/wp\/v2\/media\/100089"}],"wp:attachment":[{"href":"https:\/\/ubirataonline.com.br\/en\/wp-json\/wp\/v2\/media?parent=100088"}],"wp:term":[{"taxonomy":"category","embeddable":true,"href":"https:\/\/ubirataonline.com.br\/en\/wp-json\/wp\/v2\/categories?post=100088"},{"taxonomy":"post_tag","embeddable":true,"href":"https:\/\/ubirataonline.com.br\/en\/wp-json\/wp\/v2\/tags?post=100088"}],"curies":[{"name":"wp","href":"https:\/\/api.w.org\/{rel}","templated":true}]}}