{"id":100172,"date":"2026-04-07T08:54:55","date_gmt":"2026-04-07T11:54:55","guid":{"rendered":"https:\/\/ubirataonline.com.br\/lindsey-vonn-discusses-whether-shes-considering-a-comeback-exclusive\/"},"modified":"2026-04-07T08:55:07","modified_gmt":"2026-04-07T11:55:07","slug":"lindsey-vonn-discusses-whether-shes-considering-a-comeback-exclusive","status":"publish","type":"post","link":"https:\/\/ubirataonline.com.br\/en\/lindsey-vonn-discusses-whether-shes-considering-a-comeback-exclusive\/","title":{"rendered":"Lindsey Vonn Discusses Whether She&#8217;s Considering a Comeback: EXCLUSIVE"},"content":{"rendered":"<p><br \/>\n<\/p>\n<div>\n<p id=\"anchor-efd1f3\" class=\"body-graf\">Lindsey Vonn can&#8217;t say what her future may hold, but she answered definitely whether or not she&#8217;s &#8220;entertaining&#8221; an attempt at another comeback.<\/p>\n<p id=\"anchor-8591a3\" class=\"body-graf\">The skiing legend <a href=\"https:\/\/www.today.com\/health\/lindsey-vonn-leg-injury-olympics-crash-what-happened-treatment-rcna260306\" target=\"_blank\">nearly had her leg amputated<\/a> after she <a href=\"https:\/\/www.today.com\/news\/sports\/lindsey-vonn-crash-milan-cortina-winter-olympics-rcna258270\" target=\"_blank\">fractured her tibia while competing<\/a> in the downhill at the <a href=\"https:\/\/www.today.com\/milan-olympics-2026\" target=\"_blank\">Milan Cortina Winter Olympics<\/a> in February, just nine says day after she <a href=\"https:\/\/www.today.com\/news\/sports\/lindsey-vonn-will-compete-winter-olympics-rcna257241?icid=recommended\" target=\"_blank\">tore her ACL<\/a> in a World Cup crash. <\/p>\n<p id=\"anchor-003f58\" class=\"body-graf\">Speaking with TODAY&#8217;s Craig Melvin in an interview that aired on TODAY April 7, Vonn addressed whether she&#8217;ll move on from the sport.<\/p>\n<p id=\"anchor-a6774a\" class=\"body-graf\">\u201cI can move on,\u201d she said. \u201cI mean, it\u2019s not a question of can I. I already have, you know? And I already retired for six years. Like, I know what it\u2019s like to not be a ski racer anymore. It\u2019s just that ski racing is something I love to do. And I had so much fun this season that \u2014 and I never got to \u2014 I never got a final run.\u201d<\/p>\n<p id=\"anchor-497faf\" class=\"body-graf\">&#8220;I think it leaves a door slightly open to, I don\u2019t know, maybe I would do one more race to say goodbye or maybe I\u2019ll race again,\u201d she said. &#8220;It might be fun to do one more run. We\u2019ll see.\u201d<\/p>\n<p id=\"anchor-ab0bc4\" class=\"body-graf\">The three-time Olympic medalist, who <a href=\"https:\/\/www.today.com\/news\/lindsey-vonn-announces-retirement-ski-racing-post-t147957\" target=\"_blank\">initially retired<\/a> in 2019 due to injuries before <a href=\"https:\/\/www.nytimes.com\/2024\/11\/14\/us\/lindsey-vonn-world-cup-retirement.html\" target=\"_blank\">mounting a comeback<\/a> in 2024, said her Olympics crash kept her from formally leaving the sport.<\/p>\n<p id=\"anchor-ea938e\" class=\"body-graf\">\u201cSo you\u2019re entertaining the idea of maybe another comeback?\u201d Craig asked.<\/p>\n<p id=\"anchor-ff2887\" class=\"body-graf\">\u201cI mean, much to my family\u2019s dismay, yes,&#8221; she said. &#8220;I think it\u2019s just something that \u2014 I mean, I\u2019ve been, like I said, so isolated and not able to really live life outside of skiing.&#8221;<\/p>\n<p id=\"anchor-6f78cb\" class=\"body-graf\">\u201cLike, I\u2019m still kind of trapped in this, like, I didn\u2019t have my Olympic dream situation &#8230; I need to walk and be out in public and, you know, be living life. And I think that will give me a different perspective,&#8221; she added. &#8220;Right now I can\u2019t say what the future holds because I can\u2019t \u2014 my mind can\u2019t get there yet.\u201d<\/p>\n<p id=\"anchor-584238\" class=\"body-graf\">Vonn, who suffered a complex tibia fracture and compartment syndrome, is currently undergoing extensive physical therapy. She told Craig her daily routine involves two hours of therapy, two hours in a hyperbaric chamber, time in the gym and more.<\/p>\n<p id=\"anchor-e8eeba\" class=\"body-graf\">&#8220;Every day?&#8221; Craig asked.<\/p>\n<p id=\"anchor-e90910\" class=\"endmark body-graf\">&#8220;On repeat,&#8221; Vonn said. &#8220;Every day.&#8221;<\/p>\n<\/div>\n<p><br \/>\n<br \/><a href=\"https:\/\/www.today.com\/news\/sports\/lindsey-vonn-comeback-skiing-future-rcna266895\">Source link <\/a><\/p>","protected":false},"excerpt":{"rendered":"<p>Lindsey Vonn can&#8217;t say what her future may hold, but she answered definitely whether or not she&#8217;s &#8220;entertaining&#8221; an attempt at another comeback. The skiing legend nearly had her leg amputated after she fractured her tibia while competing in the downhill at the Milan Cortina Winter Olympics in February, just nine says day after she [&hellip;]<\/p>\n","protected":false},"author":1,"featured_media":100173,"comment_status":"closed","ping_status":"","sticky":false,"template":"","format":"standard","meta":{"googlesitekit_rrm_CAow2JLhCw:productID":"","_gspb_post_css":"","maa_idioma":"","maa_pais":"","footnotes":""},"categories":[2725],"tags":[4334,7384,3766,14912,11947,17576],"class_list":["post-100172","post","type-post","status-publish","format-standard","has-post-thumbnail","hentry","category-europe","tag-comeback","tag-discusses","tag-exclusive","tag-lindsey","tag-shes","tag-vonn"],"blocksy_meta":[],"yoast_head":"<!-- This site is optimized with the Yoast SEO Premium plugin v27.6 (Yoast SEO v27.6) - https:\/\/yoast.com\/product\/yoast-seo-premium-wordpress\/ -->\n<title>Lindsey Vonn Discusses Whether She&#039;s Considering a Comeback: EXCLUSIVE - Ubirat\u00e3 Online Not\u00edcias - A realidade ao seu alcance!<\/title>\n<meta name=\"description\" content=\"Lindsey Vonn can&#039;t say what her future may hold, but she answered definitely whether or not she&#039;s &quot;entertaining&quot; an attempt at another comeback.The skiing\" \/>\n<meta name=\"robots\" content=\"index, follow, max-snippet:-1, max-image-preview:large, max-video-preview:-1\" \/>\n<link rel=\"canonical\" href=\"https:\/\/ubirataonline.com.br\/en\/lindsey-vonn-discusses-whether-shes-considering-a-comeback-exclusive\/\" \/>\n<meta property=\"og:locale\" content=\"en_US\" \/>\n<meta property=\"og:type\" content=\"article\" \/>\n<meta property=\"og:title\" content=\"Lindsey Vonn Discusses Whether She&#039;s Considering a Comeback: EXCLUSIVE\" \/>\n<meta property=\"og:description\" content=\"Lindsey Vonn can&#039;t say what her future may hold, but she answered definitely whether or not she&#039;s &quot;entertaining&quot; an attempt at another comeback.The skiing\" \/>\n<meta property=\"og:url\" content=\"https:\/\/ubirataonline.com.br\/en\/lindsey-vonn-discusses-whether-shes-considering-a-comeback-exclusive\/\" \/>\n<meta property=\"og:site_name\" content=\"Ubirat\u00e3 Online Not\u00edcias - A realidade ao seu alcance!\" \/>\n<meta property=\"article:publisher\" content=\"https:\/\/www.facebook.com\/portalubirataonline\" \/>\n<meta property=\"article:author\" content=\"https:\/\/www.facebook.com\/portalubirataonline\" \/>\n<meta property=\"article:published_time\" content=\"2026-04-07T11:54:55+00:00\" \/>\n<meta property=\"article:modified_time\" content=\"2026-04-07T11:55:07+00:00\" \/>\n<meta property=\"og:image\" content=\"https:\/\/ubirataonline.com.br\/wp-content\/uploads\/2026\/04\/Lindsey-Vonn-Discusses-Whether-Shes-Considering-a-Comeback-EXCLUSIVE.jpg\" \/>\n\t<meta property=\"og:image:width\" content=\"1200\" \/>\n\t<meta property=\"og:image:height\" content=\"630\" \/>\n\t<meta property=\"og:image:type\" content=\"image\/jpeg\" \/>\n<meta name=\"author\" content=\"REDA\u00c7\u00c3O: UBIRAT\u00c3 ONLINE - F\u00c1BIO AUGUSTO CELESTINO\" \/>\n<meta name=\"twitter:card\" content=\"summary_large_image\" \/>\n<meta name=\"twitter:creator\" content=\"@x.com\/ubirataonline\" \/>\n<meta name=\"twitter:site\" content=\"@ubirataonline\" \/>\n<meta name=\"twitter:label1\" content=\"Written by\" \/>\n\t<meta name=\"twitter:data1\" content=\"REDA\u00c7\u00c3O: UBIRAT\u00c3 ONLINE - F\u00c1BIO AUGUSTO CELESTINO\" \/>\n\t<meta name=\"twitter:label2\" content=\"Est. reading time\" \/>\n\t<meta name=\"twitter:data2\" content=\"2 minutes\" \/>\n<script type=\"application\/ld+json\" class=\"yoast-schema-graph\">{\"@context\":\"https:\\\/\\\/schema.org\",\"@graph\":[{\"@type\":\"NewsArticle\",\"@id\":\"https:\\\/\\\/ubirataonline.com.br\\\/lindsey-vonn-discusses-whether-shes-considering-a-comeback-exclusive\\\/#article\",\"isPartOf\":{\"@id\":\"https:\\\/\\\/ubirataonline.com.br\\\/lindsey-vonn-discusses-whether-shes-considering-a-comeback-exclusive\\\/\"},\"author\":{\"name\":\"REDA\u00c7\u00c3O: UBIRAT\u00c3 ONLINE - F\u00c1BIO AUGUSTO CELESTINO\",\"@id\":\"https:\\\/\\\/ubirataonline.com.br\\\/#\\\/schema\\\/person\\\/372f87bbd3fdd79b8556b84c98d0bc1c\"},\"headline\":\"Lindsey Vonn Discusses Whether She&#8217;s Considering a Comeback: EXCLUSIVE\",\"datePublished\":\"2026-04-07T11:54:55+00:00\",\"dateModified\":\"2026-04-07T11:55:07+00:00\",\"mainEntityOfPage\":{\"@id\":\"https:\\\/\\\/ubirataonline.com.br\\\/lindsey-vonn-discusses-whether-shes-considering-a-comeback-exclusive\\\/\"},\"wordCount\":412,\"publisher\":{\"@id\":\"https:\\\/\\\/ubirataonline.com.br\\\/#organization\"},\"image\":{\"@id\":\"https:\\\/\\\/ubirataonline.com.br\\\/lindsey-vonn-discusses-whether-shes-considering-a-comeback-exclusive\\\/#primaryimage\"},\"thumbnailUrl\":\"https:\\\/\\\/ubirataonline.com.br\\\/wp-content\\\/uploads\\\/2026\\\/04\\\/Lindsey-Vonn-Discusses-Whether-Shes-Considering-a-Comeback-EXCLUSIVE.jpg\",\"keywords\":[\"Comeback\",\"Discusses\",\"Exclusive\",\"Lindsey\",\"Shes\",\"Vonn\"],\"articleSection\":[\"Europe\"],\"inLanguage\":\"en-US\",\"copyrightYear\":\"2026\",\"copyrightHolder\":{\"@id\":\"https:\\\/\\\/ubirataonline.com.br\\\/en\\\/#organization\"}},{\"@type\":\"WebPage\",\"@id\":\"https:\\\/\\\/ubirataonline.com.br\\\/lindsey-vonn-discusses-whether-shes-considering-a-comeback-exclusive\\\/\",\"url\":\"https:\\\/\\\/ubirataonline.com.br\\\/lindsey-vonn-discusses-whether-shes-considering-a-comeback-exclusive\\\/\",\"name\":\"Lindsey Vonn Discusses Whether She's Considering a Comeback: EXCLUSIVE - Ubirat\u00e3 Online Not\u00edcias - A realidade ao seu alcance!\",\"isPartOf\":{\"@id\":\"https:\\\/\\\/ubirataonline.com.br\\\/#website\"},\"primaryImageOfPage\":{\"@id\":\"https:\\\/\\\/ubirataonline.com.br\\\/lindsey-vonn-discusses-whether-shes-considering-a-comeback-exclusive\\\/#primaryimage\"},\"image\":{\"@id\":\"https:\\\/\\\/ubirataonline.com.br\\\/lindsey-vonn-discusses-whether-shes-considering-a-comeback-exclusive\\\/#primaryimage\"},\"thumbnailUrl\":\"https:\\\/\\\/ubirataonline.com.br\\\/wp-content\\\/uploads\\\/2026\\\/04\\\/Lindsey-Vonn-Discusses-Whether-Shes-Considering-a-Comeback-EXCLUSIVE.jpg\",\"datePublished\":\"2026-04-07T11:54:55+00:00\",\"dateModified\":\"2026-04-07T11:55:07+00:00\",\"description\":\"Lindsey Vonn can't say what her future may hold, but she answered definitely whether or not she's \\\"entertaining\\\" an attempt at another comeback.The skiing\",\"breadcrumb\":{\"@id\":\"https:\\\/\\\/ubirataonline.com.br\\\/lindsey-vonn-discusses-whether-shes-considering-a-comeback-exclusive\\\/#breadcrumb\"},\"inLanguage\":\"en-US\",\"potentialAction\":[{\"@type\":\"ReadAction\",\"target\":[\"https:\\\/\\\/ubirataonline.com.br\\\/lindsey-vonn-discusses-whether-shes-considering-a-comeback-exclusive\\\/\"]}]},{\"@type\":\"ImageObject\",\"inLanguage\":\"en-US\",\"@id\":\"https:\\\/\\\/ubirataonline.com.br\\\/lindsey-vonn-discusses-whether-shes-considering-a-comeback-exclusive\\\/#primaryimage\",\"url\":\"https:\\\/\\\/ubirataonline.com.br\\\/wp-content\\\/uploads\\\/2026\\\/04\\\/Lindsey-Vonn-Discusses-Whether-Shes-Considering-a-Comeback-EXCLUSIVE.jpg\",\"contentUrl\":\"https:\\\/\\\/ubirataonline.com.br\\\/wp-content\\\/uploads\\\/2026\\\/04\\\/Lindsey-Vonn-Discusses-Whether-Shes-Considering-a-Comeback-EXCLUSIVE.jpg\",\"width\":1200,\"height\":630,\"caption\":\"Lindsey Vonn Discusses Whether She's Considering a Comeback: EXCLUSIVE\"},{\"@type\":\"BreadcrumbList\",\"@id\":\"https:\\\/\\\/ubirataonline.com.br\\\/lindsey-vonn-discusses-whether-shes-considering-a-comeback-exclusive\\\/#breadcrumb\",\"itemListElement\":[{\"@type\":\"ListItem\",\"position\":1,\"name\":\"In\u00edcio\",\"item\":\"https:\\\/\\\/ubirataonline.com.br\\\/\"},{\"@type\":\"ListItem\",\"position\":2,\"name\":\"Lindsey Vonn Discusses Whether She&#8217;s Considering a Comeback: EXCLUSIVE\"}]},{\"@type\":\"WebSite\",\"@id\":\"https:\\\/\\\/ubirataonline.com.br\\\/#website\",\"url\":\"https:\\\/\\\/ubirataonline.com.br\\\/\",\"name\":\"Ubirat\u00e3 Online Not\u00edcias\",\"description\":\"Not\u00edcias de Ubirat\u00e3, regi\u00e3o, Brasil e mundo, com informa\u00e7\u00e3o atualizada e compromisso com o leitor.\",\"publisher\":{\"@id\":\"https:\\\/\\\/ubirataonline.com.br\\\/#organization\"},\"alternateName\":\"Ubirat\u00e3 Online\",\"potentialAction\":[{\"@type\":\"SearchAction\",\"target\":{\"@type\":\"EntryPoint\",\"urlTemplate\":\"https:\\\/\\\/ubirataonline.com.br\\\/?s={search_term_string}\"},\"query-input\":{\"@type\":\"PropertyValueSpecification\",\"valueRequired\":true,\"valueName\":\"search_term_string\"}}],\"inLanguage\":\"en-US\"},{\"@type\":[\"Organization\",\"Place\"],\"@id\":\"https:\\\/\\\/ubirataonline.com.br\\\/#organization\",\"name\":\"Ubirat\u00e3 Online Not\u00edcias\",\"alternateName\":\"Ubirat\u00e3 Online\",\"url\":\"https:\\\/\\\/ubirataonline.com.br\\\/\",\"logo\":{\"@id\":\"https:\\\/\\\/ubirataonline.com.br\\\/lindsey-vonn-discusses-whether-shes-considering-a-comeback-exclusive\\\/#local-main-organization-logo\"},\"image\":{\"@id\":\"https:\\\/\\\/ubirataonline.com.br\\\/lindsey-vonn-discusses-whether-shes-considering-a-comeback-exclusive\\\/#local-main-organization-logo\"},\"sameAs\":[\"https:\\\/\\\/www.facebook.com\\\/portalubirataonline\",\"https:\\\/\\\/x.com\\\/ubirataonline\",\"https:\\\/\\\/mastodon.social\\\/@ubirataonline\",\"https:\\\/\\\/www.facebook.com\\\/groups\\\/311144672285604\",\"https:\\\/\\\/www.facebook.com\\\/UBTAOnline\",\"https:\\\/\\\/www.instagram.com\\\/portalubirataonline\\\/\",\"https:\\\/\\\/twitter.com\\\/ubirataonline\"],\"description\":\"Somos um portal de not\u00edcias independente, criado em 5 de janeiro de 2009, com o objetivo de informar, conectar e valorizar a nossa comunidade de Ubirat\u00e3 e toda aregi\u00e3o. Com conte\u00fado atualizado, confi\u00e1vel e relevante, o Ubirat\u00e3 Online \u00e9 o seu espa\u00e7o para ficar por dentro dos principais acontecimentos locais, regionais, Brasil, Mundo e de interesse geral. Nosso compromisso \u00e9 com a verdade, a transpar\u00eancia e o respeito ao leitor.\",\"legalName\":\"UBIRATA ONLINE NOT\u00cdCIAS\",\"foundingDate\":\"2009-01-05\",\"numberOfEmployees\":{\"@type\":\"QuantitativeValue\",\"minValue\":\"1\",\"maxValue\":\"10\"},\"publishingPrinciples\":\"https:\\\/\\\/ubirataonline.com.br\\\/faq\\\/\",\"address\":{\"@id\":\"https:\\\/\\\/ubirataonline.com.br\\\/lindsey-vonn-discusses-whether-shes-considering-a-comeback-exclusive\\\/#local-main-place-address\"},\"geo\":{\"@type\":\"GeoCoordinates\",\"latitude\":\"-24.5361401\",\"longitude\":\"-52.9921776\"},\"telephone\":[\"+5544998308235\"],\"contactPoint\":{\"@type\":\"ContactPoint\",\"email\":\"contato@ubirataonline.com.br\"},\"openingHoursSpecification\":{\"@type\":\"OpeningHoursSpecification\",\"dayOfWeek\":[\"Monday\",\"Tuesday\",\"Wednesday\",\"Thursday\",\"Friday\",\"Saturday\",\"Sunday\"],\"opens\":\"00:00\",\"closes\":\"23:59\"},\"email\":\"contato@ubirataonline.com.br\",\"vatID\":\"47.621.418\\\/0001-80\"},{\"@type\":\"Person\",\"@id\":\"https:\\\/\\\/ubirataonline.com.br\\\/#\\\/schema\\\/person\\\/372f87bbd3fdd79b8556b84c98d0bc1c\",\"name\":\"REDA\u00c7\u00c3O: UBIRAT\u00c3 ONLINE - F\u00c1BIO AUGUSTO CELESTINO\",\"pronouns\":\"Ele\",\"description\":\"Desde 2003 trabalhando com not\u00edcias.\",\"sameAs\":[\"http:\\\/\\\/ubirataoline.com.br\",\"https:\\\/\\\/www.facebook.com\\\/portalubirataonline\",\"https:\\\/\\\/www.instagram.com\\\/ubirataonline_oficial\",\"https:\\\/\\\/x.com\\\/x.com\\\/ubirataonline\"],\"honorificPrefix\":\"Mr.\",\"honorificSuffix\":\"MD\",\"birthDate\":\"1980-06-16\",\"gender\":\"masculino\",\"award\":[\"V\u00e1rios pr\u00eamios de melhor portal da cidade\"],\"jobTitle\":\"Diretor\",\"url\":\"https:\\\/\\\/ubirataonline.com.br\\\/en\\\/author\\\/ubirataonline\\\/\"},{\"@type\":\"PostalAddress\",\"@id\":\"https:\\\/\\\/ubirataonline.com.br\\\/lindsey-vonn-discusses-whether-shes-considering-a-comeback-exclusive\\\/#local-main-place-address\",\"streetAddress\":\"Rua dos Coqueiros, 104 - Bairro Boa Vista, Rua dos Coqueiros, 104 Bairro Boa Vista\",\"addressLocality\":\"UBIRATA\",\"postalCode\":\"85440-000\",\"addressRegion\":\"PR\",\"addressCountry\":\"BR\"},{\"@type\":\"ImageObject\",\"inLanguage\":\"en-US\",\"@id\":\"https:\\\/\\\/ubirataonline.com.br\\\/lindsey-vonn-discusses-whether-shes-considering-a-comeback-exclusive\\\/#local-main-organization-logo\",\"url\":\"https:\\\/\\\/ubirataonline.com.br\\\/wp-content\\\/uploads\\\/2026\\\/06\\\/logoubirataonline-1.webp\",\"contentUrl\":\"https:\\\/\\\/ubirataonline.com.br\\\/wp-content\\\/uploads\\\/2026\\\/06\\\/logoubirataonline-1.webp\",\"width\":500,\"height\":500,\"caption\":\"Ubirat\u00e3 Online Not\u00edcias\"}]}<\/script>\n<meta name=\"geo.placename\" content=\"UBIRATA\" \/>\n<meta name=\"geo.position\" content=\"-24.5361401;-52.9921776\" \/>\n<meta name=\"geo.region\" content=\"Brazil\" \/>\n<!-- \/ Yoast SEO Premium plugin. -->","yoast_head_json":{"title":"Lindsey Vonn Discusses Whether She's Considering a Comeback: EXCLUSIVE - Ubirat\u00e3 Online Not\u00edcias - A realidade ao seu alcance!","description":"Lindsey Vonn can't say what her future may hold, but she answered definitely whether or not she's \"entertaining\" an attempt at another comeback.The skiing","robots":{"index":"index","follow":"follow","max-snippet":"max-snippet:-1","max-image-preview":"max-image-preview:large","max-video-preview":"max-video-preview:-1"},"canonical":"https:\/\/ubirataonline.com.br\/en\/lindsey-vonn-discusses-whether-shes-considering-a-comeback-exclusive\/","og_locale":"en_US","og_type":"article","og_title":"Lindsey Vonn Discusses Whether She's Considering a Comeback: EXCLUSIVE","og_description":"Lindsey Vonn can't say what her future may hold, but she answered definitely whether or not she's \"entertaining\" an attempt at another comeback.The skiing","og_url":"https:\/\/ubirataonline.com.br\/en\/lindsey-vonn-discusses-whether-shes-considering-a-comeback-exclusive\/","og_site_name":"Ubirat\u00e3 Online Not\u00edcias - A realidade ao seu alcance!","article_publisher":"https:\/\/www.facebook.com\/portalubirataonline","article_author":"https:\/\/www.facebook.com\/portalubirataonline","article_published_time":"2026-04-07T11:54:55+00:00","article_modified_time":"2026-04-07T11:55:07+00:00","og_image":[{"width":1200,"height":630,"url":"https:\/\/ubirataonline.com.br\/wp-content\/uploads\/2026\/04\/Lindsey-Vonn-Discusses-Whether-Shes-Considering-a-Comeback-EXCLUSIVE.jpg","type":"image\/jpeg"}],"author":"REDA\u00c7\u00c3O: UBIRAT\u00c3 ONLINE - F\u00c1BIO AUGUSTO CELESTINO","twitter_card":"summary_large_image","twitter_creator":"@x.com\/ubirataonline","twitter_site":"@ubirataonline","twitter_misc":{"Written by":"REDA\u00c7\u00c3O: UBIRAT\u00c3 ONLINE - F\u00c1BIO AUGUSTO CELESTINO","Est. reading time":"2 minutes"},"schema":{"@context":"https:\/\/schema.org","@graph":[{"@type":"NewsArticle","@id":"https:\/\/ubirataonline.com.br\/lindsey-vonn-discusses-whether-shes-considering-a-comeback-exclusive\/#article","isPartOf":{"@id":"https:\/\/ubirataonline.com.br\/lindsey-vonn-discusses-whether-shes-considering-a-comeback-exclusive\/"},"author":{"name":"REDA\u00c7\u00c3O: UBIRAT\u00c3 ONLINE - F\u00c1BIO AUGUSTO CELESTINO","@id":"https:\/\/ubirataonline.com.br\/#\/schema\/person\/372f87bbd3fdd79b8556b84c98d0bc1c"},"headline":"Lindsey Vonn Discusses Whether She&#8217;s Considering a Comeback: EXCLUSIVE","datePublished":"2026-04-07T11:54:55+00:00","dateModified":"2026-04-07T11:55:07+00:00","mainEntityOfPage":{"@id":"https:\/\/ubirataonline.com.br\/lindsey-vonn-discusses-whether-shes-considering-a-comeback-exclusive\/"},"wordCount":412,"publisher":{"@id":"https:\/\/ubirataonline.com.br\/#organization"},"image":{"@id":"https:\/\/ubirataonline.com.br\/lindsey-vonn-discusses-whether-shes-considering-a-comeback-exclusive\/#primaryimage"},"thumbnailUrl":"https:\/\/ubirataonline.com.br\/wp-content\/uploads\/2026\/04\/Lindsey-Vonn-Discusses-Whether-Shes-Considering-a-Comeback-EXCLUSIVE.jpg","keywords":["Comeback","Discusses","Exclusive","Lindsey","Shes","Vonn"],"articleSection":["Europe"],"inLanguage":"en-US","copyrightYear":"2026","copyrightHolder":{"@id":"https:\/\/ubirataonline.com.br\/en\/#organization"}},{"@type":"WebPage","@id":"https:\/\/ubirataonline.com.br\/lindsey-vonn-discusses-whether-shes-considering-a-comeback-exclusive\/","url":"https:\/\/ubirataonline.com.br\/lindsey-vonn-discusses-whether-shes-considering-a-comeback-exclusive\/","name":"Lindsey Vonn Discusses Whether She's Considering a Comeback: EXCLUSIVE - Ubirat\u00e3 Online Not\u00edcias - A realidade ao seu alcance!","isPartOf":{"@id":"https:\/\/ubirataonline.com.br\/#website"},"primaryImageOfPage":{"@id":"https:\/\/ubirataonline.com.br\/lindsey-vonn-discusses-whether-shes-considering-a-comeback-exclusive\/#primaryimage"},"image":{"@id":"https:\/\/ubirataonline.com.br\/lindsey-vonn-discusses-whether-shes-considering-a-comeback-exclusive\/#primaryimage"},"thumbnailUrl":"https:\/\/ubirataonline.com.br\/wp-content\/uploads\/2026\/04\/Lindsey-Vonn-Discusses-Whether-Shes-Considering-a-Comeback-EXCLUSIVE.jpg","datePublished":"2026-04-07T11:54:55+00:00","dateModified":"2026-04-07T11:55:07+00:00","description":"Lindsey Vonn can't say what her future may hold, but she answered definitely whether or not she's \"entertaining\" an attempt at another comeback.The skiing","breadcrumb":{"@id":"https:\/\/ubirataonline.com.br\/lindsey-vonn-discusses-whether-shes-considering-a-comeback-exclusive\/#breadcrumb"},"inLanguage":"en-US","potentialAction":[{"@type":"ReadAction","target":["https:\/\/ubirataonline.com.br\/lindsey-vonn-discusses-whether-shes-considering-a-comeback-exclusive\/"]}]},{"@type":"ImageObject","inLanguage":"en-US","@id":"https:\/\/ubirataonline.com.br\/lindsey-vonn-discusses-whether-shes-considering-a-comeback-exclusive\/#primaryimage","url":"https:\/\/ubirataonline.com.br\/wp-content\/uploads\/2026\/04\/Lindsey-Vonn-Discusses-Whether-Shes-Considering-a-Comeback-EXCLUSIVE.jpg","contentUrl":"https:\/\/ubirataonline.com.br\/wp-content\/uploads\/2026\/04\/Lindsey-Vonn-Discusses-Whether-Shes-Considering-a-Comeback-EXCLUSIVE.jpg","width":1200,"height":630,"caption":"Lindsey Vonn Discusses Whether She's Considering a Comeback: EXCLUSIVE"},{"@type":"BreadcrumbList","@id":"https:\/\/ubirataonline.com.br\/lindsey-vonn-discusses-whether-shes-considering-a-comeback-exclusive\/#breadcrumb","itemListElement":[{"@type":"ListItem","position":1,"name":"In\u00edcio","item":"https:\/\/ubirataonline.com.br\/"},{"@type":"ListItem","position":2,"name":"Lindsey Vonn Discusses Whether She&#8217;s Considering a Comeback: EXCLUSIVE"}]},{"@type":"WebSite","@id":"https:\/\/ubirataonline.com.br\/#website","url":"https:\/\/ubirataonline.com.br\/","name":"Ubirat\u00e3 Online Not\u00edcias","description":"Not\u00edcias de Ubirat\u00e3, regi\u00e3o, Brasil e mundo, com informa\u00e7\u00e3o atualizada e compromisso com o leitor.","publisher":{"@id":"https:\/\/ubirataonline.com.br\/#organization"},"alternateName":"Ubirat\u00e3 Online","potentialAction":[{"@type":"SearchAction","target":{"@type":"EntryPoint","urlTemplate":"https:\/\/ubirataonline.com.br\/?s={search_term_string}"},"query-input":{"@type":"PropertyValueSpecification","valueRequired":true,"valueName":"search_term_string"}}],"inLanguage":"en-US"},{"@type":["Organization","Place"],"@id":"https:\/\/ubirataonline.com.br\/#organization","name":"Ubirat\u00e3 Online Not\u00edcias","alternateName":"Ubirat\u00e3 Online","url":"https:\/\/ubirataonline.com.br\/","logo":{"@id":"https:\/\/ubirataonline.com.br\/lindsey-vonn-discusses-whether-shes-considering-a-comeback-exclusive\/#local-main-organization-logo"},"image":{"@id":"https:\/\/ubirataonline.com.br\/lindsey-vonn-discusses-whether-shes-considering-a-comeback-exclusive\/#local-main-organization-logo"},"sameAs":["https:\/\/www.facebook.com\/portalubirataonline","https:\/\/x.com\/ubirataonline","https:\/\/mastodon.social\/@ubirataonline","https:\/\/www.facebook.com\/groups\/311144672285604","https:\/\/www.facebook.com\/UBTAOnline","https:\/\/www.instagram.com\/portalubirataonline\/","https:\/\/twitter.com\/ubirataonline"],"description":"Somos um portal de not\u00edcias independente, criado em 5 de janeiro de 2009, com o objetivo de informar, conectar e valorizar a nossa comunidade de Ubirat\u00e3 e toda aregi\u00e3o. Com conte\u00fado atualizado, confi\u00e1vel e relevante, o Ubirat\u00e3 Online \u00e9 o seu espa\u00e7o para ficar por dentro dos principais acontecimentos locais, regionais, Brasil, Mundo e de interesse geral. Nosso compromisso \u00e9 com a verdade, a transpar\u00eancia e o respeito ao leitor.","legalName":"UBIRATA ONLINE NOT\u00cdCIAS","foundingDate":"2009-01-05","numberOfEmployees":{"@type":"QuantitativeValue","minValue":"1","maxValue":"10"},"publishingPrinciples":"https:\/\/ubirataonline.com.br\/faq\/","address":{"@id":"https:\/\/ubirataonline.com.br\/lindsey-vonn-discusses-whether-shes-considering-a-comeback-exclusive\/#local-main-place-address"},"geo":{"@type":"GeoCoordinates","latitude":"-24.5361401","longitude":"-52.9921776"},"telephone":["+5544998308235"],"contactPoint":{"@type":"ContactPoint","email":"contato@ubirataonline.com.br"},"openingHoursSpecification":{"@type":"OpeningHoursSpecification","dayOfWeek":["Monday","Tuesday","Wednesday","Thursday","Friday","Saturday","Sunday"],"opens":"00:00","closes":"23:59"},"email":"contato@ubirataonline.com.br","vatID":"47.621.418\/0001-80"},{"@type":"Person","@id":"https:\/\/ubirataonline.com.br\/#\/schema\/person\/372f87bbd3fdd79b8556b84c98d0bc1c","name":"REDA\u00c7\u00c3O: UBIRAT\u00c3 ONLINE - F\u00c1BIO AUGUSTO CELESTINO","pronouns":"Ele","description":"Desde 2003 trabalhando com not\u00edcias.","sameAs":["http:\/\/ubirataoline.com.br","https:\/\/www.facebook.com\/portalubirataonline","https:\/\/www.instagram.com\/ubirataonline_oficial","https:\/\/x.com\/x.com\/ubirataonline"],"honorificPrefix":"Mr.","honorificSuffix":"MD","birthDate":"1980-06-16","gender":"masculino","award":["V\u00e1rios pr\u00eamios de melhor portal da cidade"],"jobTitle":"Diretor","url":"https:\/\/ubirataonline.com.br\/en\/author\/ubirataonline\/"},{"@type":"PostalAddress","@id":"https:\/\/ubirataonline.com.br\/lindsey-vonn-discusses-whether-shes-considering-a-comeback-exclusive\/#local-main-place-address","streetAddress":"Rua dos Coqueiros, 104 - Bairro Boa Vista, Rua dos Coqueiros, 104 Bairro Boa Vista","addressLocality":"UBIRATA","postalCode":"85440-000","addressRegion":"PR","addressCountry":"BR"},{"@type":"ImageObject","inLanguage":"en-US","@id":"https:\/\/ubirataonline.com.br\/lindsey-vonn-discusses-whether-shes-considering-a-comeback-exclusive\/#local-main-organization-logo","url":"https:\/\/ubirataonline.com.br\/wp-content\/uploads\/2026\/06\/logoubirataonline-1.webp","contentUrl":"https:\/\/ubirataonline.com.br\/wp-content\/uploads\/2026\/06\/logoubirataonline-1.webp","width":500,"height":500,"caption":"Ubirat\u00e3 Online Not\u00edcias"}]},"geo.placename":"UBIRATA","geo.position":{"lat":"-24.5361401","long":"-52.9921776"},"geo.region":"Brazil"},"_links":{"self":[{"href":"https:\/\/ubirataonline.com.br\/en\/wp-json\/wp\/v2\/posts\/100172","targetHints":{"allow":["GET"]}}],"collection":[{"href":"https:\/\/ubirataonline.com.br\/en\/wp-json\/wp\/v2\/posts"}],"about":[{"href":"https:\/\/ubirataonline.com.br\/en\/wp-json\/wp\/v2\/types\/post"}],"author":[{"embeddable":true,"href":"https:\/\/ubirataonline.com.br\/en\/wp-json\/wp\/v2\/users\/1"}],"replies":[{"embeddable":true,"href":"https:\/\/ubirataonline.com.br\/en\/wp-json\/wp\/v2\/comments?post=100172"}],"version-history":[{"count":0,"href":"https:\/\/ubirataonline.com.br\/en\/wp-json\/wp\/v2\/posts\/100172\/revisions"}],"wp:featuredmedia":[{"embeddable":true,"href":"https:\/\/ubirataonline.com.br\/en\/wp-json\/wp\/v2\/media\/100173"}],"wp:attachment":[{"href":"https:\/\/ubirataonline.com.br\/en\/wp-json\/wp\/v2\/media?parent=100172"}],"wp:term":[{"taxonomy":"category","embeddable":true,"href":"https:\/\/ubirataonline.com.br\/en\/wp-json\/wp\/v2\/categories?post=100172"},{"taxonomy":"post_tag","embeddable":true,"href":"https:\/\/ubirataonline.com.br\/en\/wp-json\/wp\/v2\/tags?post=100172"}],"curies":[{"name":"wp","href":"https:\/\/api.w.org\/{rel}","templated":true}]}}