{"id":100197,"date":"2026-04-07T09:23:55","date_gmt":"2026-04-07T12:23:55","guid":{"rendered":"https:\/\/ubirataonline.com.br\/lider-supremo-do-ira-esta-inconsciente-e-em-estado-grave-sem-participar-das-decisoes-diz-jornal\/"},"modified":"2026-04-07T09:23:58","modified_gmt":"2026-04-07T12:23:58","slug":"lider-supremo-do-ira-esta-inconsciente-e-em-estado-grave-sem-participar-das-decisoes-diz-jornal","status":"publish","type":"post","link":"https:\/\/ubirataonline.com.br\/en\/lider-supremo-do-ira-esta-inconsciente-e-em-estado-grave-sem-participar-das-decisoes-diz-jornal\/","title":{"rendered":"L\u00edder supremo do Ir\u00e3 est\u00e1 inconsciente e em estado grave, sem participar das decis\u00f5es, diz jornal"},"content":{"rendered":"<p><\/p>\n<div data-block-type=\"unstyled\" data-block-weight=\"26\">\n<p class=\" content-text__container theme-color-primary-first-letter\" data-track-category=\"Link no Texto\" data-track-links=\"\"> O l\u00edder supremo do Ir\u00e3, Mojtaba Khamanei, est\u00e1 inconsciente, recebendo tratamento m\u00e9dico na cidade de Qom e n\u00e3o participa de nenhuma decis\u00e3o sobre o regime. <\/p>\n<\/p><\/div>\n<div>\n<div class=\"mc-column content-text active-extra-styles \" data-block-type=\"unstyled\" data-block-weight=\"21\">\n<p class=\" content-text__container \" data-track-category=\"Link no Texto\" data-track-links=\"\"> As informa\u00e7\u00f5es s\u00e3o do jornal brit\u00e2nico The Times, baseado em um memorando diplom\u00e1tico baseado em avalia\u00e7\u00f5es da intelig\u00eancia israelense e americana. <\/p>\n<\/p><\/div>\n<div class=\"mc-column content-text active-extra-styles\" data-block-type=\"raw\" data-block-weight=\"31\">\n<ul class=\"content-unordered-list\">\n<li><a class=\"\" href=\"https:\/\/cbn.globo.com\/mundo\/noticia\/2026\/04\/07\/ao-menos-tres-pessoas-morrem-em-tiroteio-proximo-de-consulo-israelense-na-turquia.ghtml\">Ao menos uma pessoa morre em tiroteio pr\u00f3ximo de consulado israelense na Turquia<\/a><\/li>\n<li><a class=\"\" href=\"https:\/\/cbn.globo.com\/mundo\/noticia\/2026\/04\/07\/apos-fala-de-trump-grupos-armados-de-oposicao-ao-governo-do-ira-negam-ter-recebido-armas-dos-eua.ghtml\">Ap\u00f3s fala de Trump, grupos armados de oposi\u00e7\u00e3o ao governo do Ir\u00e3 negam ter recebido armas dos EUA<\/a><\/li>\n<\/ul><\/div>\n<div class=\"mc-column content-text active-extra-styles \" data-block-type=\"unstyled\" data-block-weight=\"39\">\n<p class=\" content-text__container \" data-track-category=\"Link no Texto\" data-track-links=\"\"> O The Times tamb\u00e9m observou que as ag\u00eancias de intelig\u00eancia israelenses e americanas j\u00e1 sabiam h\u00e1 algum tempo do paradeiro do filho do antigo l\u00edder supremo, Ali Khamenei, que foi nomeado como novo l\u00edder do Ir\u00e3 h\u00e1 algumas semanas. <\/p>\n<\/p><\/div>\n<div class=\"mc-column content-text active-extra-styles \" data-block-type=\"unstyled\" data-block-weight=\"31\">\n<p class=\" content-text__container \" data-track-category=\"Link no Texto\" data-track-links=\"\"> O Ir\u00e3 convocou nesta ter\u00e7a-feira (7) os jovens do pa\u00eds a realizarem &#8216;correntes humanas&#8217; ao redor das usinas de energia para evitar ataques por parte dos Estados Unidos e de Israel. <\/p>\n<\/p><\/div>\n<div class=\"mc-column content-text active-extra-styles \" data-block-type=\"unstyled\" data-block-weight=\"50\">\n<p class=\" content-text__container \" data-track-category=\"Link no Texto\" data-track-links=\"\"> A afirma\u00e7\u00e3o foi feita na televis\u00e3o estatal por Alireza Rahimi , secret\u00e1rio do Conselho Supremo da Juventude e da Adolesc\u00eancia, ap\u00f3s amea\u00e7as de novos ataques por parte dos EUA. O apelo, feito durante uma videochamada, foi dirigido a &#8216;todos os jovens, atletas, artistas, estudantes e universit\u00e1rios, bem como seus professores&#8217;. <\/p>\n<\/p><\/div>\n<div class=\"mc-column content-text active-extra-styles \" data-block-type=\"unstyled\" data-block-weight=\"38\">\n<p class=\" content-text__container \" data-track-category=\"Link no Texto\" data-track-links=\"\"> Ele pediu para que eles se re\u00fanam nesta ter\u00e7a ainda nas usinas, defendendo que s\u00e3o &#8216;nosso patrim\u00f4nio nacional e nossa capital, independentemente de qualquer gosto ou opini\u00e3o pol\u00edtica, pois pertencem ao futuro do Ir\u00e3 e \u00e0 juventude iraniana&#8217;. <\/p>\n<\/p><\/div>\n<div class=\"mc-column content-text active-extra-styles \" data-block-type=\"unstyled\" data-block-weight=\"55\">\n<p class=\" content-text__container \" data-track-category=\"Link no Texto\" data-track-links=\"\"> Em meio a isso, o presidente dos Estados Unidos, Donald Trump, amea\u00e7ou destruir o Ir\u00e3 inteiro nesta ter\u00e7a (7) se o Estreito de Ormuz n\u00e3o for reaberto at\u00e9 as nove da noite, pelo hor\u00e1rio de Bras\u00edlia. A rota \u00e9 um importante corredor mar\u00edtimo, por onde passam cerca de 20% das exporta\u00e7\u00f5es de petr\u00f3leo do mundo. <\/p>\n<\/p><\/div>\n<div class=\"mc-column content-text active-extra-styles \" data-block-type=\"unstyled\" data-block-weight=\"18\">\n<p class=\" content-text__container \" data-track-category=\"Link no Texto\" data-track-links=\"\"> Nessa segunda (6), o governo americano e o regime iraniano rejeitaram um plano de cessar-fogo elaborado pelo Paquist\u00e3o. <\/p>\n<\/p><\/div>\n<div class=\"row medium-uncollapsed content-media content-photo\" data-block-type=\"backstage-photo\">\n<div class=\"mc-column content-media__container\"> <!-- Line Break for lightbox caption due to styling limitation --> <\/p>\n<div class=\"content-media-container glb-skeleton-box\" style=\"--skeleton-width: 100%; --skeleton-height: auto; padding-top: 66.66666666666666%\">\n<figure class=\"content-media-figure\"> <amp-img lightbox=\"lightbox-amp-carousel\" class=\"content-media-image\" srcset=\"https:\/\/s2-cbn.glbimg.com\/0LyclNXKw1JiA0mcpGG4JxHjWVM=\/0x0:1200x800\/1000x0\/smart\/filters:strip_icc()\/i.s3.glbimg.com\/v1\/AUTH_d975fad146a14bbfad9e763717b09688\/internal_photos\/bs\/2026\/q\/W\/PDq0yZTAuGdBmjPNZI1w\/afp-20260406-a6w29um-v2-midres-uspresidentdonaldtrumpholdspresseramidiranwar.jpg 1000w, https:\/\/s2-cbn.glbimg.com\/YBsWtSZUZoFGJRxpt2tqpGIodxA=\/0x0:1200x800\/984x0\/smart\/filters:strip_icc()\/i.s3.glbimg.com\/v1\/AUTH_d975fad146a14bbfad9e763717b09688\/internal_photos\/bs\/2026\/q\/W\/PDq0yZTAuGdBmjPNZI1w\/afp-20260406-a6w29um-v2-midres-uspresidentdonaldtrumpholdspresseramidiranwar.jpg 984w, https:\/\/s2-cbn.glbimg.com\/JRvZq4EmabybZHIoYC9JEEm6wOU=\/0x0:1200x800\/640x0\/smart\/filters:strip_icc()\/i.s3.glbimg.com\/v1\/AUTH_d975fad146a14bbfad9e763717b09688\/internal_photos\/bs\/2026\/q\/W\/PDq0yZTAuGdBmjPNZI1w\/afp-20260406-a6w29um-v2-midres-uspresidentdonaldtrumpholdspresseramidiranwar.jpg 640w, https:\/\/s2-cbn.glbimg.com\/T5yUEi5oTrijXoj_AGzzgPei3Ww=\/0x0:1200x800\/600x0\/smart\/filters:strip_icc()\/i.s3.glbimg.com\/v1\/AUTH_d975fad146a14bbfad9e763717b09688\/internal_photos\/bs\/2026\/q\/W\/PDq0yZTAuGdBmjPNZI1w\/afp-20260406-a6w29um-v2-midres-uspresidentdonaldtrumpholdspresseramidiranwar.jpg 600w\" src=\"https:\/\/s2-cbn.glbimg.com\/YBsWtSZUZoFGJRxpt2tqpGIodxA=\/0x0:1200x800\/984x0\/smart\/filters:strip_icc()\/i.s3.glbimg.com\/v1\/AUTH_d975fad146a14bbfad9e763717b09688\/internal_photos\/bs\/2026\/q\/W\/PDq0yZTAuGdBmjPNZI1w\/afp-20260406-a6w29um-v2-midres-uspresidentdonaldtrumpholdspresseramidiranwar.jpg\" alt=\"Presidente dos Estados Unidos, Donald Trump, durante coletiva de imprensa na Casa Branca. \u2014 Foto: BRENDAN SMIALOWSKI \/ AFP\" width=\"1200\" height=\"800\" layout=\"responsive\" noloading=\"\"> <\/amp-img><figcaption hidden=\"\"> 2 de 2&#13;Presidente dos Estados Unidos, Donald Trump, durante coletiva de imprensa na Casa Branca. \u2014 Foto: BRENDAN SMIALOWSKI \/ AFP <\/figcaption><\/figure>\n<\/p><\/div>\n<p class=\"content-media__description \"> Presidente dos Estados Unidos, Donald Trump, durante coletiva de imprensa na Casa Branca. \u2014 Foto: BRENDAN SMIALOWSKI \/ AFP <\/p>\n<\/p><\/div>\n<\/p><\/div>\n<div class=\"mc-column content-text active-extra-styles \" data-block-type=\"unstyled\" data-block-weight=\"26\">\n<p class=\" content-text__container \" data-track-category=\"Link no Texto\" data-track-links=\"\"> O presidente americano disse que, caso n\u00e3o haja um acordo aceit\u00e1vel hoje, todas as pontes e usinas de energia do Ir\u00e3 ser\u00e3o dizimadas em poucas horas. <\/p>\n<\/p><\/div>\n<div class=\"mc-column content-text active-extra-styles \" data-block-type=\"unstyled\" data-block-weight=\"28\">\n<p class=\" content-text__container \" data-track-category=\"Link no Texto\" data-track-links=\"\"> O presidente Donald Trump disse que n\u00e3o est\u00e1 preocupado se os Estados Unidos forem acusados de cometer crime de guerra ao atacarem alvos civis, como as usinas el\u00e9tricas. <\/p>\n<\/p><\/div>\n<div class=\"mc-column content-text active-extra-styles \" data-block-type=\"unstyled\" data-block-weight=\"23\">\n<p class=\" content-text__container \" data-track-category=\"Link no Texto\" data-track-links=\"\"> Para o republicano, o verdadeiro crime de guerra \u00e9 permitir que um pa\u00eds com l\u00edderes que ele considera dementes possua uma arma nuclear. <\/p>\n<\/p><\/div>\n<div class=\"mc-column content-text active-extra-styles \" data-block-type=\"unstyled\" data-block-weight=\"32\">\n<p class=\" content-text__container \" data-track-category=\"Link no Texto\" data-track-links=\"\"> Em outro momento durante a entrevista coletiva na Casa Branca, Trump disse que, se pudesse escolher, tomaria o petr\u00f3leo do Ir\u00e3. Mas ponderou que os cidad\u00e3os americanos querem o fim da guerra. <\/p>\n<\/p><\/div>\n<div class=\"mc-column content-text active-extra-styles \" data-block-type=\"unstyled\" data-block-weight=\"29\">\n<p class=\" content-text__container \" data-track-category=\"Link no Texto\" data-track-links=\"\"> Em resposta, o Ex\u00e9rcito iraniano chamou as amea\u00e7as de Trump de delirantes e disse que elas n\u00e3o v\u00e3o compensar a vergonha e a humilha\u00e7\u00e3o dos Estados Unidos na regi\u00e3o. <\/p>\n<\/p><\/div>\n<div class=\"mc-column content-text active-extra-styles \" data-block-type=\"unstyled\" data-block-weight=\"23\">\n<p class=\" content-text__container \" data-track-category=\"Link no Texto\" data-track-links=\"\"> O prazo que expira nesta ter\u00e7a-feira (7) \u00e9 um ultimato que j\u00e1 foi adiado 4 vezes pelo presidente americano desde 21 de mar\u00e7o. <\/p>\n<\/p><\/div>\n<div data-track-category=\"multicontent\" data-track-action=\"ultimo chunk conteudo\" data-track-noninteraction=\"false\" data-track-scroll=\"view\">\n<style><![CDATA[\n            .widget-playlist-player {\n                    --primary-color: #b63535;\n                    --contrast-color: #376ac8;\n                --icon-color: #fff\n;\n            }\n        ]]><\/style>\n<\/p><\/div>\n<\/p><\/div>\n<p><a href=\"https:\/\/cbn.globo.com\/mundo\/noticia\/2026\/04\/07\/lider-supremo-do-ira-esta-inconsciente-e-em-estado-grave-sem-participar-das-decisoes-diz-jornal.ghtml\">Fonte do Artigo <\/a><\/p>\n","protected":false},"excerpt":{"rendered":"<p>O l\u00edder supremo do Ir\u00e3, Mojtaba Khamanei, est\u00e1 inconsciente, recebendo tratamento m\u00e9dico na cidade de Qom e n\u00e3o participa de nenhuma decis\u00e3o sobre o regime. As informa\u00e7\u00f5es s\u00e3o do jornal brit\u00e2nico The Times, baseado em um memorando diplom\u00e1tico baseado em avalia\u00e7\u00f5es da intelig\u00eancia israelense e americana. Ao menos uma pessoa morre em tiroteio pr\u00f3ximo de [&hellip;]<\/p>\n","protected":false},"author":1,"featured_media":100198,"comment_status":"closed","ping_status":"","sticky":false,"template":"","format":"standard","meta":{"googlesitekit_rrm_CAow2JLhCw:productID":"","_gspb_post_css":"","maa_idioma":"","maa_pais":"","footnotes":""},"categories":[4],"tags":[3489,8229,3031,3027,3447,9712,25245,15473,5673,3272,17034,3610,7756],"class_list":["post-100197","post","type-post","status-publish","format-standard","has-post-thumbnail","hentry","category-brasil","tag-das","tag-decisoes","tag-diz","tag-esta","tag-estado","tag-grave","tag-inconsciente","tag-ira","tag-jornal","tag-lider","tag-participar","tag-sem","tag-supremo"],"blocksy_meta":[],"yoast_head":"<!-- This site is optimized with the Yoast SEO Premium plugin v27.6 (Yoast SEO v27.6) - https:\/\/yoast.com\/product\/yoast-seo-premium-wordpress\/ -->\n<title>L\u00edder supremo do Ir\u00e3 est\u00e1 inconsciente e em estado grave, sem participar das decis\u00f5es, diz jornal - Ubirat\u00e3 Online Not\u00edcias - A realidade ao seu alcance!<\/title>\n<meta name=\"description\" content=\"O l\u00edder supremo do Ir\u00e3, Mojtaba Khamanei, est\u00e1 inconsciente, recebendo tratamento m\u00e9dico na cidade de Qom e n\u00e3o participa de nenhuma decis\u00e3o sobre o\" \/>\n<meta name=\"robots\" content=\"index, follow, max-snippet:-1, max-image-preview:large, max-video-preview:-1\" \/>\n<link rel=\"canonical\" href=\"https:\/\/ubirataonline.com.br\/en\/lider-supremo-do-ira-esta-inconsciente-e-em-estado-grave-sem-participar-das-decisoes-diz-jornal\/\" \/>\n<meta property=\"og:locale\" content=\"en_US\" \/>\n<meta property=\"og:type\" content=\"article\" \/>\n<meta property=\"og:title\" content=\"L\u00edder supremo do Ir\u00e3 est\u00e1 inconsciente e em estado grave, sem participar das decis\u00f5es, diz jornal\" \/>\n<meta property=\"og:description\" content=\"O l\u00edder supremo do Ir\u00e3, Mojtaba Khamanei, est\u00e1 inconsciente, recebendo tratamento m\u00e9dico na cidade de Qom e n\u00e3o participa de nenhuma decis\u00e3o sobre o\" \/>\n<meta property=\"og:url\" content=\"https:\/\/ubirataonline.com.br\/en\/lider-supremo-do-ira-esta-inconsciente-e-em-estado-grave-sem-participar-das-decisoes-diz-jornal\/\" \/>\n<meta property=\"og:site_name\" content=\"Ubirat\u00e3 Online Not\u00edcias - A realidade ao seu alcance!\" \/>\n<meta property=\"article:publisher\" content=\"https:\/\/www.facebook.com\/portalubirataonline\" \/>\n<meta property=\"article:author\" content=\"https:\/\/www.facebook.com\/portalubirataonline\" \/>\n<meta property=\"article:published_time\" content=\"2026-04-07T12:23:55+00:00\" \/>\n<meta property=\"article:modified_time\" content=\"2026-04-07T12:23:58+00:00\" \/>\n<meta property=\"og:image\" content=\"https:\/\/ubirataonline.com.br\/wp-content\/uploads\/2026\/04\/Lider-supremo-do-Ira-esta-inconsciente-e-em-estado-grave.jpg\" \/>\n\t<meta property=\"og:image:width\" content=\"1200\" \/>\n\t<meta property=\"og:image:height\" content=\"800\" \/>\n\t<meta property=\"og:image:type\" content=\"image\/jpeg\" \/>\n<meta name=\"author\" content=\"REDA\u00c7\u00c3O: UBIRAT\u00c3 ONLINE - F\u00c1BIO AUGUSTO CELESTINO\" \/>\n<meta name=\"twitter:card\" content=\"summary_large_image\" \/>\n<meta name=\"twitter:creator\" content=\"@x.com\/ubirataonline\" \/>\n<meta name=\"twitter:site\" content=\"@ubirataonline\" \/>\n<meta name=\"twitter:label1\" content=\"Written by\" \/>\n\t<meta name=\"twitter:data1\" content=\"REDA\u00c7\u00c3O: UBIRAT\u00c3 ONLINE - F\u00c1BIO AUGUSTO CELESTINO\" \/>\n\t<meta name=\"twitter:label2\" content=\"Est. reading time\" \/>\n\t<meta name=\"twitter:data2\" content=\"3 minutes\" \/>\n<script type=\"application\/ld+json\" class=\"yoast-schema-graph\">{\"@context\":\"https:\\\/\\\/schema.org\",\"@graph\":[{\"@type\":\"NewsArticle\",\"@id\":\"https:\\\/\\\/ubirataonline.com.br\\\/lider-supremo-do-ira-esta-inconsciente-e-em-estado-grave-sem-participar-das-decisoes-diz-jornal\\\/#article\",\"isPartOf\":{\"@id\":\"https:\\\/\\\/ubirataonline.com.br\\\/lider-supremo-do-ira-esta-inconsciente-e-em-estado-grave-sem-participar-das-decisoes-diz-jornal\\\/\"},\"author\":{\"name\":\"REDA\u00c7\u00c3O: UBIRAT\u00c3 ONLINE - F\u00c1BIO AUGUSTO CELESTINO\",\"@id\":\"https:\\\/\\\/ubirataonline.com.br\\\/#\\\/schema\\\/person\\\/372f87bbd3fdd79b8556b84c98d0bc1c\"},\"headline\":\"L\u00edder supremo do Ir\u00e3 est\u00e1 inconsciente e em estado grave, sem participar das decis\u00f5es, diz jornal\",\"datePublished\":\"2026-04-07T12:23:55+00:00\",\"dateModified\":\"2026-04-07T12:23:58+00:00\",\"mainEntityOfPage\":{\"@id\":\"https:\\\/\\\/ubirataonline.com.br\\\/lider-supremo-do-ira-esta-inconsciente-e-em-estado-grave-sem-participar-das-decisoes-diz-jornal\\\/\"},\"wordCount\":572,\"publisher\":{\"@id\":\"https:\\\/\\\/ubirataonline.com.br\\\/#organization\"},\"image\":{\"@id\":\"https:\\\/\\\/ubirataonline.com.br\\\/lider-supremo-do-ira-esta-inconsciente-e-em-estado-grave-sem-participar-das-decisoes-diz-jornal\\\/#primaryimage\"},\"thumbnailUrl\":\"https:\\\/\\\/ubirataonline.com.br\\\/wp-content\\\/uploads\\\/2026\\\/04\\\/Lider-supremo-do-Ira-esta-inconsciente-e-em-estado-grave.jpg\",\"keywords\":[\"das\",\"decis\u00f5es\",\"diz\",\"est\u00e1\",\"estado\",\"grave\",\"inconsciente\",\"Ir\u00e3\",\"jornal\",\"l\u00edder\",\"participar\",\"sem\",\"Supremo\"],\"articleSection\":[\"Brasil\"],\"inLanguage\":\"en-US\",\"copyrightYear\":\"2026\",\"copyrightHolder\":{\"@id\":\"https:\\\/\\\/ubirataonline.com.br\\\/en\\\/#organization\"}},{\"@type\":\"WebPage\",\"@id\":\"https:\\\/\\\/ubirataonline.com.br\\\/lider-supremo-do-ira-esta-inconsciente-e-em-estado-grave-sem-participar-das-decisoes-diz-jornal\\\/\",\"url\":\"https:\\\/\\\/ubirataonline.com.br\\\/lider-supremo-do-ira-esta-inconsciente-e-em-estado-grave-sem-participar-das-decisoes-diz-jornal\\\/\",\"name\":\"L\u00edder supremo do Ir\u00e3 est\u00e1 inconsciente e em estado grave, sem participar das decis\u00f5es, diz jornal - Ubirat\u00e3 Online Not\u00edcias - A realidade ao seu alcance!\",\"isPartOf\":{\"@id\":\"https:\\\/\\\/ubirataonline.com.br\\\/#website\"},\"primaryImageOfPage\":{\"@id\":\"https:\\\/\\\/ubirataonline.com.br\\\/lider-supremo-do-ira-esta-inconsciente-e-em-estado-grave-sem-participar-das-decisoes-diz-jornal\\\/#primaryimage\"},\"image\":{\"@id\":\"https:\\\/\\\/ubirataonline.com.br\\\/lider-supremo-do-ira-esta-inconsciente-e-em-estado-grave-sem-participar-das-decisoes-diz-jornal\\\/#primaryimage\"},\"thumbnailUrl\":\"https:\\\/\\\/ubirataonline.com.br\\\/wp-content\\\/uploads\\\/2026\\\/04\\\/Lider-supremo-do-Ira-esta-inconsciente-e-em-estado-grave.jpg\",\"datePublished\":\"2026-04-07T12:23:55+00:00\",\"dateModified\":\"2026-04-07T12:23:58+00:00\",\"description\":\"O l\u00edder supremo do Ir\u00e3, Mojtaba Khamanei, est\u00e1 inconsciente, recebendo tratamento m\u00e9dico na cidade de Qom e n\u00e3o participa de nenhuma decis\u00e3o sobre o\",\"breadcrumb\":{\"@id\":\"https:\\\/\\\/ubirataonline.com.br\\\/lider-supremo-do-ira-esta-inconsciente-e-em-estado-grave-sem-participar-das-decisoes-diz-jornal\\\/#breadcrumb\"},\"inLanguage\":\"en-US\",\"potentialAction\":[{\"@type\":\"ReadAction\",\"target\":[\"https:\\\/\\\/ubirataonline.com.br\\\/lider-supremo-do-ira-esta-inconsciente-e-em-estado-grave-sem-participar-das-decisoes-diz-jornal\\\/\"]}]},{\"@type\":\"ImageObject\",\"inLanguage\":\"en-US\",\"@id\":\"https:\\\/\\\/ubirataonline.com.br\\\/lider-supremo-do-ira-esta-inconsciente-e-em-estado-grave-sem-participar-das-decisoes-diz-jornal\\\/#primaryimage\",\"url\":\"https:\\\/\\\/ubirataonline.com.br\\\/wp-content\\\/uploads\\\/2026\\\/04\\\/Lider-supremo-do-Ira-esta-inconsciente-e-em-estado-grave.jpg\",\"contentUrl\":\"https:\\\/\\\/ubirataonline.com.br\\\/wp-content\\\/uploads\\\/2026\\\/04\\\/Lider-supremo-do-Ira-esta-inconsciente-e-em-estado-grave.jpg\",\"width\":1200,\"height\":800,\"caption\":\"Novo l\u00edder supremo do Ir\u00e3, Mojtaba Khamenei. \u2014 Foto: HAMED JAFARNEJAD\\\/INSA\\\/AFP\"},{\"@type\":\"BreadcrumbList\",\"@id\":\"https:\\\/\\\/ubirataonline.com.br\\\/lider-supremo-do-ira-esta-inconsciente-e-em-estado-grave-sem-participar-das-decisoes-diz-jornal\\\/#breadcrumb\",\"itemListElement\":[{\"@type\":\"ListItem\",\"position\":1,\"name\":\"In\u00edcio\",\"item\":\"https:\\\/\\\/ubirataonline.com.br\\\/\"},{\"@type\":\"ListItem\",\"position\":2,\"name\":\"L\u00edder supremo do Ir\u00e3 est\u00e1 inconsciente e em estado grave, sem participar das decis\u00f5es, diz jornal\"}]},{\"@type\":\"WebSite\",\"@id\":\"https:\\\/\\\/ubirataonline.com.br\\\/#website\",\"url\":\"https:\\\/\\\/ubirataonline.com.br\\\/\",\"name\":\"Ubirat\u00e3 Online Not\u00edcias\",\"description\":\"Not\u00edcias de Ubirat\u00e3, regi\u00e3o, Brasil e mundo, com informa\u00e7\u00e3o atualizada e compromisso com o leitor.\",\"publisher\":{\"@id\":\"https:\\\/\\\/ubirataonline.com.br\\\/#organization\"},\"alternateName\":\"Ubirat\u00e3 Online\",\"potentialAction\":[{\"@type\":\"SearchAction\",\"target\":{\"@type\":\"EntryPoint\",\"urlTemplate\":\"https:\\\/\\\/ubirataonline.com.br\\\/?s={search_term_string}\"},\"query-input\":{\"@type\":\"PropertyValueSpecification\",\"valueRequired\":true,\"valueName\":\"search_term_string\"}}],\"inLanguage\":\"en-US\"},{\"@type\":[\"Organization\",\"Place\"],\"@id\":\"https:\\\/\\\/ubirataonline.com.br\\\/#organization\",\"name\":\"Ubirat\u00e3 Online Not\u00edcias\",\"alternateName\":\"Ubirat\u00e3 Online\",\"url\":\"https:\\\/\\\/ubirataonline.com.br\\\/\",\"logo\":{\"@id\":\"https:\\\/\\\/ubirataonline.com.br\\\/lider-supremo-do-ira-esta-inconsciente-e-em-estado-grave-sem-participar-das-decisoes-diz-jornal\\\/#local-main-organization-logo\"},\"image\":{\"@id\":\"https:\\\/\\\/ubirataonline.com.br\\\/lider-supremo-do-ira-esta-inconsciente-e-em-estado-grave-sem-participar-das-decisoes-diz-jornal\\\/#local-main-organization-logo\"},\"sameAs\":[\"https:\\\/\\\/www.facebook.com\\\/portalubirataonline\",\"https:\\\/\\\/x.com\\\/ubirataonline\",\"https:\\\/\\\/mastodon.social\\\/@ubirataonline\",\"https:\\\/\\\/www.facebook.com\\\/groups\\\/311144672285604\",\"https:\\\/\\\/www.facebook.com\\\/UBTAOnline\",\"https:\\\/\\\/www.instagram.com\\\/portalubirataonline\\\/\",\"https:\\\/\\\/twitter.com\\\/ubirataonline\"],\"description\":\"Somos um portal de not\u00edcias independente, criado em 5 de janeiro de 2009, com o objetivo de informar, conectar e valorizar a nossa comunidade de Ubirat\u00e3 e toda aregi\u00e3o. Com conte\u00fado atualizado, confi\u00e1vel e relevante, o Ubirat\u00e3 Online \u00e9 o seu espa\u00e7o para ficar por dentro dos principais acontecimentos locais, regionais, Brasil, Mundo e de interesse geral. Nosso compromisso \u00e9 com a verdade, a transpar\u00eancia e o respeito ao leitor.\",\"legalName\":\"UBIRATA ONLINE NOT\u00cdCIAS\",\"foundingDate\":\"2009-01-05\",\"numberOfEmployees\":{\"@type\":\"QuantitativeValue\",\"minValue\":\"1\",\"maxValue\":\"10\"},\"publishingPrinciples\":\"https:\\\/\\\/ubirataonline.com.br\\\/faq\\\/\",\"address\":{\"@id\":\"https:\\\/\\\/ubirataonline.com.br\\\/lider-supremo-do-ira-esta-inconsciente-e-em-estado-grave-sem-participar-das-decisoes-diz-jornal\\\/#local-main-place-address\"},\"geo\":{\"@type\":\"GeoCoordinates\",\"latitude\":\"-24.5361401\",\"longitude\":\"-52.9921776\"},\"telephone\":[\"+5544998308235\"],\"contactPoint\":{\"@type\":\"ContactPoint\",\"email\":\"contato@ubirataonline.com.br\"},\"openingHoursSpecification\":{\"@type\":\"OpeningHoursSpecification\",\"dayOfWeek\":[\"Monday\",\"Tuesday\",\"Wednesday\",\"Thursday\",\"Friday\",\"Saturday\",\"Sunday\"],\"opens\":\"00:00\",\"closes\":\"23:59\"},\"email\":\"contato@ubirataonline.com.br\",\"vatID\":\"47.621.418\\\/0001-80\"},{\"@type\":\"Person\",\"@id\":\"https:\\\/\\\/ubirataonline.com.br\\\/#\\\/schema\\\/person\\\/372f87bbd3fdd79b8556b84c98d0bc1c\",\"name\":\"REDA\u00c7\u00c3O: UBIRAT\u00c3 ONLINE - F\u00c1BIO AUGUSTO CELESTINO\",\"pronouns\":\"Ele\",\"description\":\"Desde 2003 trabalhando com not\u00edcias.\",\"sameAs\":[\"http:\\\/\\\/ubirataoline.com.br\",\"https:\\\/\\\/www.facebook.com\\\/portalubirataonline\",\"https:\\\/\\\/www.instagram.com\\\/ubirataonline_oficial\",\"https:\\\/\\\/x.com\\\/x.com\\\/ubirataonline\"],\"honorificPrefix\":\"Mr.\",\"honorificSuffix\":\"MD\",\"birthDate\":\"1980-06-16\",\"gender\":\"masculino\",\"award\":[\"V\u00e1rios pr\u00eamios de melhor portal da cidade\"],\"jobTitle\":\"Diretor\",\"url\":\"https:\\\/\\\/ubirataonline.com.br\\\/en\\\/author\\\/ubirataonline\\\/\"},{\"@type\":\"PostalAddress\",\"@id\":\"https:\\\/\\\/ubirataonline.com.br\\\/lider-supremo-do-ira-esta-inconsciente-e-em-estado-grave-sem-participar-das-decisoes-diz-jornal\\\/#local-main-place-address\",\"streetAddress\":\"Rua dos Coqueiros, 104 - Bairro Boa Vista, Rua dos Coqueiros, 104 Bairro Boa Vista\",\"addressLocality\":\"UBIRATA\",\"postalCode\":\"85440-000\",\"addressRegion\":\"PR\",\"addressCountry\":\"BR\"},{\"@type\":\"ImageObject\",\"inLanguage\":\"en-US\",\"@id\":\"https:\\\/\\\/ubirataonline.com.br\\\/lider-supremo-do-ira-esta-inconsciente-e-em-estado-grave-sem-participar-das-decisoes-diz-jornal\\\/#local-main-organization-logo\",\"url\":\"https:\\\/\\\/ubirataonline.com.br\\\/wp-content\\\/uploads\\\/2026\\\/06\\\/logoubirataonline-1.webp\",\"contentUrl\":\"https:\\\/\\\/ubirataonline.com.br\\\/wp-content\\\/uploads\\\/2026\\\/06\\\/logoubirataonline-1.webp\",\"width\":500,\"height\":500,\"caption\":\"Ubirat\u00e3 Online Not\u00edcias\"}]}<\/script>\n<meta name=\"geo.placename\" content=\"UBIRATA\" \/>\n<meta name=\"geo.position\" content=\"-24.5361401;-52.9921776\" \/>\n<meta name=\"geo.region\" content=\"Brazil\" \/>\n<!-- \/ Yoast SEO Premium plugin. -->","yoast_head_json":{"title":"L\u00edder supremo do Ir\u00e3 est\u00e1 inconsciente e em estado grave, sem participar das decis\u00f5es, diz jornal - Ubirat\u00e3 Online Not\u00edcias - A realidade ao seu alcance!","description":"O l\u00edder supremo do Ir\u00e3, Mojtaba Khamanei, est\u00e1 inconsciente, recebendo tratamento m\u00e9dico na cidade de Qom e n\u00e3o participa de nenhuma decis\u00e3o sobre o","robots":{"index":"index","follow":"follow","max-snippet":"max-snippet:-1","max-image-preview":"max-image-preview:large","max-video-preview":"max-video-preview:-1"},"canonical":"https:\/\/ubirataonline.com.br\/en\/lider-supremo-do-ira-esta-inconsciente-e-em-estado-grave-sem-participar-das-decisoes-diz-jornal\/","og_locale":"en_US","og_type":"article","og_title":"L\u00edder supremo do Ir\u00e3 est\u00e1 inconsciente e em estado grave, sem participar das decis\u00f5es, diz jornal","og_description":"O l\u00edder supremo do Ir\u00e3, Mojtaba Khamanei, est\u00e1 inconsciente, recebendo tratamento m\u00e9dico na cidade de Qom e n\u00e3o participa de nenhuma decis\u00e3o sobre o","og_url":"https:\/\/ubirataonline.com.br\/en\/lider-supremo-do-ira-esta-inconsciente-e-em-estado-grave-sem-participar-das-decisoes-diz-jornal\/","og_site_name":"Ubirat\u00e3 Online Not\u00edcias - A realidade ao seu alcance!","article_publisher":"https:\/\/www.facebook.com\/portalubirataonline","article_author":"https:\/\/www.facebook.com\/portalubirataonline","article_published_time":"2026-04-07T12:23:55+00:00","article_modified_time":"2026-04-07T12:23:58+00:00","og_image":[{"width":1200,"height":800,"url":"https:\/\/ubirataonline.com.br\/wp-content\/uploads\/2026\/04\/Lider-supremo-do-Ira-esta-inconsciente-e-em-estado-grave.jpg","type":"image\/jpeg"}],"author":"REDA\u00c7\u00c3O: UBIRAT\u00c3 ONLINE - F\u00c1BIO AUGUSTO CELESTINO","twitter_card":"summary_large_image","twitter_creator":"@x.com\/ubirataonline","twitter_site":"@ubirataonline","twitter_misc":{"Written by":"REDA\u00c7\u00c3O: UBIRAT\u00c3 ONLINE - F\u00c1BIO AUGUSTO CELESTINO","Est. reading time":"3 minutes"},"schema":{"@context":"https:\/\/schema.org","@graph":[{"@type":"NewsArticle","@id":"https:\/\/ubirataonline.com.br\/lider-supremo-do-ira-esta-inconsciente-e-em-estado-grave-sem-participar-das-decisoes-diz-jornal\/#article","isPartOf":{"@id":"https:\/\/ubirataonline.com.br\/lider-supremo-do-ira-esta-inconsciente-e-em-estado-grave-sem-participar-das-decisoes-diz-jornal\/"},"author":{"name":"REDA\u00c7\u00c3O: UBIRAT\u00c3 ONLINE - F\u00c1BIO AUGUSTO CELESTINO","@id":"https:\/\/ubirataonline.com.br\/#\/schema\/person\/372f87bbd3fdd79b8556b84c98d0bc1c"},"headline":"L\u00edder supremo do Ir\u00e3 est\u00e1 inconsciente e em estado grave, sem participar das decis\u00f5es, diz jornal","datePublished":"2026-04-07T12:23:55+00:00","dateModified":"2026-04-07T12:23:58+00:00","mainEntityOfPage":{"@id":"https:\/\/ubirataonline.com.br\/lider-supremo-do-ira-esta-inconsciente-e-em-estado-grave-sem-participar-das-decisoes-diz-jornal\/"},"wordCount":572,"publisher":{"@id":"https:\/\/ubirataonline.com.br\/#organization"},"image":{"@id":"https:\/\/ubirataonline.com.br\/lider-supremo-do-ira-esta-inconsciente-e-em-estado-grave-sem-participar-das-decisoes-diz-jornal\/#primaryimage"},"thumbnailUrl":"https:\/\/ubirataonline.com.br\/wp-content\/uploads\/2026\/04\/Lider-supremo-do-Ira-esta-inconsciente-e-em-estado-grave.jpg","keywords":["das","decis\u00f5es","diz","est\u00e1","estado","grave","inconsciente","Ir\u00e3","jornal","l\u00edder","participar","sem","Supremo"],"articleSection":["Brasil"],"inLanguage":"en-US","copyrightYear":"2026","copyrightHolder":{"@id":"https:\/\/ubirataonline.com.br\/en\/#organization"}},{"@type":"WebPage","@id":"https:\/\/ubirataonline.com.br\/lider-supremo-do-ira-esta-inconsciente-e-em-estado-grave-sem-participar-das-decisoes-diz-jornal\/","url":"https:\/\/ubirataonline.com.br\/lider-supremo-do-ira-esta-inconsciente-e-em-estado-grave-sem-participar-das-decisoes-diz-jornal\/","name":"L\u00edder supremo do Ir\u00e3 est\u00e1 inconsciente e em estado grave, sem participar das decis\u00f5es, diz jornal - Ubirat\u00e3 Online Not\u00edcias - A realidade ao seu alcance!","isPartOf":{"@id":"https:\/\/ubirataonline.com.br\/#website"},"primaryImageOfPage":{"@id":"https:\/\/ubirataonline.com.br\/lider-supremo-do-ira-esta-inconsciente-e-em-estado-grave-sem-participar-das-decisoes-diz-jornal\/#primaryimage"},"image":{"@id":"https:\/\/ubirataonline.com.br\/lider-supremo-do-ira-esta-inconsciente-e-em-estado-grave-sem-participar-das-decisoes-diz-jornal\/#primaryimage"},"thumbnailUrl":"https:\/\/ubirataonline.com.br\/wp-content\/uploads\/2026\/04\/Lider-supremo-do-Ira-esta-inconsciente-e-em-estado-grave.jpg","datePublished":"2026-04-07T12:23:55+00:00","dateModified":"2026-04-07T12:23:58+00:00","description":"O l\u00edder supremo do Ir\u00e3, Mojtaba Khamanei, est\u00e1 inconsciente, recebendo tratamento m\u00e9dico na cidade de Qom e n\u00e3o participa de nenhuma decis\u00e3o sobre o","breadcrumb":{"@id":"https:\/\/ubirataonline.com.br\/lider-supremo-do-ira-esta-inconsciente-e-em-estado-grave-sem-participar-das-decisoes-diz-jornal\/#breadcrumb"},"inLanguage":"en-US","potentialAction":[{"@type":"ReadAction","target":["https:\/\/ubirataonline.com.br\/lider-supremo-do-ira-esta-inconsciente-e-em-estado-grave-sem-participar-das-decisoes-diz-jornal\/"]}]},{"@type":"ImageObject","inLanguage":"en-US","@id":"https:\/\/ubirataonline.com.br\/lider-supremo-do-ira-esta-inconsciente-e-em-estado-grave-sem-participar-das-decisoes-diz-jornal\/#primaryimage","url":"https:\/\/ubirataonline.com.br\/wp-content\/uploads\/2026\/04\/Lider-supremo-do-Ira-esta-inconsciente-e-em-estado-grave.jpg","contentUrl":"https:\/\/ubirataonline.com.br\/wp-content\/uploads\/2026\/04\/Lider-supremo-do-Ira-esta-inconsciente-e-em-estado-grave.jpg","width":1200,"height":800,"caption":"Novo l\u00edder supremo do Ir\u00e3, Mojtaba Khamenei. \u2014 Foto: HAMED JAFARNEJAD\/INSA\/AFP"},{"@type":"BreadcrumbList","@id":"https:\/\/ubirataonline.com.br\/lider-supremo-do-ira-esta-inconsciente-e-em-estado-grave-sem-participar-das-decisoes-diz-jornal\/#breadcrumb","itemListElement":[{"@type":"ListItem","position":1,"name":"In\u00edcio","item":"https:\/\/ubirataonline.com.br\/"},{"@type":"ListItem","position":2,"name":"L\u00edder supremo do Ir\u00e3 est\u00e1 inconsciente e em estado grave, sem participar das decis\u00f5es, diz jornal"}]},{"@type":"WebSite","@id":"https:\/\/ubirataonline.com.br\/#website","url":"https:\/\/ubirataonline.com.br\/","name":"Ubirat\u00e3 Online Not\u00edcias","description":"Not\u00edcias de Ubirat\u00e3, regi\u00e3o, Brasil e mundo, com informa\u00e7\u00e3o atualizada e compromisso com o leitor.","publisher":{"@id":"https:\/\/ubirataonline.com.br\/#organization"},"alternateName":"Ubirat\u00e3 Online","potentialAction":[{"@type":"SearchAction","target":{"@type":"EntryPoint","urlTemplate":"https:\/\/ubirataonline.com.br\/?s={search_term_string}"},"query-input":{"@type":"PropertyValueSpecification","valueRequired":true,"valueName":"search_term_string"}}],"inLanguage":"en-US"},{"@type":["Organization","Place"],"@id":"https:\/\/ubirataonline.com.br\/#organization","name":"Ubirat\u00e3 Online Not\u00edcias","alternateName":"Ubirat\u00e3 Online","url":"https:\/\/ubirataonline.com.br\/","logo":{"@id":"https:\/\/ubirataonline.com.br\/lider-supremo-do-ira-esta-inconsciente-e-em-estado-grave-sem-participar-das-decisoes-diz-jornal\/#local-main-organization-logo"},"image":{"@id":"https:\/\/ubirataonline.com.br\/lider-supremo-do-ira-esta-inconsciente-e-em-estado-grave-sem-participar-das-decisoes-diz-jornal\/#local-main-organization-logo"},"sameAs":["https:\/\/www.facebook.com\/portalubirataonline","https:\/\/x.com\/ubirataonline","https:\/\/mastodon.social\/@ubirataonline","https:\/\/www.facebook.com\/groups\/311144672285604","https:\/\/www.facebook.com\/UBTAOnline","https:\/\/www.instagram.com\/portalubirataonline\/","https:\/\/twitter.com\/ubirataonline"],"description":"Somos um portal de not\u00edcias independente, criado em 5 de janeiro de 2009, com o objetivo de informar, conectar e valorizar a nossa comunidade de Ubirat\u00e3 e toda aregi\u00e3o. Com conte\u00fado atualizado, confi\u00e1vel e relevante, o Ubirat\u00e3 Online \u00e9 o seu espa\u00e7o para ficar por dentro dos principais acontecimentos locais, regionais, Brasil, Mundo e de interesse geral. Nosso compromisso \u00e9 com a verdade, a transpar\u00eancia e o respeito ao leitor.","legalName":"UBIRATA ONLINE NOT\u00cdCIAS","foundingDate":"2009-01-05","numberOfEmployees":{"@type":"QuantitativeValue","minValue":"1","maxValue":"10"},"publishingPrinciples":"https:\/\/ubirataonline.com.br\/faq\/","address":{"@id":"https:\/\/ubirataonline.com.br\/lider-supremo-do-ira-esta-inconsciente-e-em-estado-grave-sem-participar-das-decisoes-diz-jornal\/#local-main-place-address"},"geo":{"@type":"GeoCoordinates","latitude":"-24.5361401","longitude":"-52.9921776"},"telephone":["+5544998308235"],"contactPoint":{"@type":"ContactPoint","email":"contato@ubirataonline.com.br"},"openingHoursSpecification":{"@type":"OpeningHoursSpecification","dayOfWeek":["Monday","Tuesday","Wednesday","Thursday","Friday","Saturday","Sunday"],"opens":"00:00","closes":"23:59"},"email":"contato@ubirataonline.com.br","vatID":"47.621.418\/0001-80"},{"@type":"Person","@id":"https:\/\/ubirataonline.com.br\/#\/schema\/person\/372f87bbd3fdd79b8556b84c98d0bc1c","name":"REDA\u00c7\u00c3O: UBIRAT\u00c3 ONLINE - F\u00c1BIO AUGUSTO CELESTINO","pronouns":"Ele","description":"Desde 2003 trabalhando com not\u00edcias.","sameAs":["http:\/\/ubirataoline.com.br","https:\/\/www.facebook.com\/portalubirataonline","https:\/\/www.instagram.com\/ubirataonline_oficial","https:\/\/x.com\/x.com\/ubirataonline"],"honorificPrefix":"Mr.","honorificSuffix":"MD","birthDate":"1980-06-16","gender":"masculino","award":["V\u00e1rios pr\u00eamios de melhor portal da cidade"],"jobTitle":"Diretor","url":"https:\/\/ubirataonline.com.br\/en\/author\/ubirataonline\/"},{"@type":"PostalAddress","@id":"https:\/\/ubirataonline.com.br\/lider-supremo-do-ira-esta-inconsciente-e-em-estado-grave-sem-participar-das-decisoes-diz-jornal\/#local-main-place-address","streetAddress":"Rua dos Coqueiros, 104 - Bairro Boa Vista, Rua dos Coqueiros, 104 Bairro Boa Vista","addressLocality":"UBIRATA","postalCode":"85440-000","addressRegion":"PR","addressCountry":"BR"},{"@type":"ImageObject","inLanguage":"en-US","@id":"https:\/\/ubirataonline.com.br\/lider-supremo-do-ira-esta-inconsciente-e-em-estado-grave-sem-participar-das-decisoes-diz-jornal\/#local-main-organization-logo","url":"https:\/\/ubirataonline.com.br\/wp-content\/uploads\/2026\/06\/logoubirataonline-1.webp","contentUrl":"https:\/\/ubirataonline.com.br\/wp-content\/uploads\/2026\/06\/logoubirataonline-1.webp","width":500,"height":500,"caption":"Ubirat\u00e3 Online Not\u00edcias"}]},"geo.placename":"UBIRATA","geo.position":{"lat":"-24.5361401","long":"-52.9921776"},"geo.region":"Brazil"},"_links":{"self":[{"href":"https:\/\/ubirataonline.com.br\/en\/wp-json\/wp\/v2\/posts\/100197","targetHints":{"allow":["GET"]}}],"collection":[{"href":"https:\/\/ubirataonline.com.br\/en\/wp-json\/wp\/v2\/posts"}],"about":[{"href":"https:\/\/ubirataonline.com.br\/en\/wp-json\/wp\/v2\/types\/post"}],"author":[{"embeddable":true,"href":"https:\/\/ubirataonline.com.br\/en\/wp-json\/wp\/v2\/users\/1"}],"replies":[{"embeddable":true,"href":"https:\/\/ubirataonline.com.br\/en\/wp-json\/wp\/v2\/comments?post=100197"}],"version-history":[{"count":0,"href":"https:\/\/ubirataonline.com.br\/en\/wp-json\/wp\/v2\/posts\/100197\/revisions"}],"wp:featuredmedia":[{"embeddable":true,"href":"https:\/\/ubirataonline.com.br\/en\/wp-json\/wp\/v2\/media\/100198"}],"wp:attachment":[{"href":"https:\/\/ubirataonline.com.br\/en\/wp-json\/wp\/v2\/media?parent=100197"}],"wp:term":[{"taxonomy":"category","embeddable":true,"href":"https:\/\/ubirataonline.com.br\/en\/wp-json\/wp\/v2\/categories?post=100197"},{"taxonomy":"post_tag","embeddable":true,"href":"https:\/\/ubirataonline.com.br\/en\/wp-json\/wp\/v2\/tags?post=100197"}],"curies":[{"name":"wp","href":"https:\/\/api.w.org\/{rel}","templated":true}]}}