{"id":100221,"date":"2026-04-07T09:55:59","date_gmt":"2026-04-07T12:55:59","guid":{"rendered":"https:\/\/ubirataonline.com.br\/spencer-pratts-move-closer-to-santa-barbara-raises-eligibility-questions-in-l-a-mayors-race\/"},"modified":"2026-04-07T09:55:59","modified_gmt":"2026-04-07T12:55:59","slug":"spencer-pratts-move-closer-to-santa-barbara-raises-eligibility-questions-in-l-a-mayors-race","status":"publish","type":"post","link":"https:\/\/ubirataonline.com.br\/en\/spencer-pratts-move-closer-to-santa-barbara-raises-eligibility-questions-in-l-a-mayors-race\/","title":{"rendered":"Spencer Pratt&#8217;s move closer to Santa Barbara raises eligibility questions in L.A. mayor&#8217;s race"},"content":{"rendered":"<p><\/p>\n<div data-element=\"story-body\" data-dateline=\"\" data-subscriber-content=\"\">\n<p><span class=\"dateline\">CARPINTERIA, Calif.\u00a0\u2014\u00a0<\/span>Los Angeles mayoral candidate Spencer Pratt has acknowledged living in Santa Barbara County after his home was destroyed in the Palisades fire last year, raising questions about his eligibility in the city\u2019s June 2 primary election. <\/p>\n<p>Candidates running for city office were required to be registered to vote in L.A. and to be <a class=\"link\" href=\"https:\/\/clerk.lacity.gov\/elections\/municipal-elections\/2026-general-information-municipal-candidates\" target=\"_blank\">residents of the city by Jan. 3<\/a> in order to be eligible, according to the city clerk\u2019s office.<\/p>\n<p>\u201cI think this brings up the question as to whether Spencer Pratt can satisfy the residency requirement required under the charter to be elected mayor,\u201d said Jessica Levinson, professor of law at Loyola Marymount University.<\/p>\n<p>Pratt and his campaign staff didn\u2019t respond to repeated inquiries from The Times since last week over his residency. <\/p>\n<p>On Monday<b>,<\/b> Pratt posted <a class=\"link\" href=\"https:\/\/x.com\/spencerpratt\/status\/2041173127229821414\" target=\"_blank\">a video on X <\/a>acknowledging that he has been living at his father\u2019s rental home in Carpinteria, about 12 miles south of Santa Barbara, since losing his home in the Palisades fire. <\/p>\n<p>\u201cI wasn\u2019t thinking, \u2018I really need to make sure I stay in this ZIP Code in case I run for mayor,\u2019\u201d Pratt said in the video. <\/p>\n<p>Pratt added that his burned-out lot is still his legal residence and that he recently moved an Airstream trailer to the Palisades lot where he now plans to live. <\/p>\n<p>Pratt and his wife, the reality star and singer Heidi Pratt, both listed a Carpinteria address linked to Pratt\u2019s parents on voter registrations. Pratt listed it as his mailing address, while Heidi listed it as her mailing address and residence. <\/p>\n<p>\u201cWe see him frequently. Every month or every other week,\u201d said Samantha Smith, the manager of Delgado\u2019s Mexican Restaurant, which is half a mile from Pratt\u2019s parents\u2019 house. <\/p>\n<div class=\"enhancement\" data-click=\"enhancement\" data-align-center=\"\">\n<figure class=\"figure m-0\"> <picture><source type=\"image\/webp\" srcset=\"https:\/\/ca-times.brightspotcdn.com\/dims4\/default\/1167e46\/2147483647\/strip\/true\/crop\/6000x4000+0+0\/resize\/320x213!\/format\/webp\/quality\/75\/?url=https%3A%2F%2Fcalifornia-times-brightspot.s3.amazonaws.com%2F63%2F99%2F9f501c66487ca10f79b1f74252d9%2F1537030-et-spencer-pratt-0004-eat.jpg 320w,https:\/\/ca-times.brightspotcdn.com\/dims4\/default\/da88f81\/2147483647\/strip\/true\/crop\/6000x4000+0+0\/resize\/568x379!\/format\/webp\/quality\/75\/?url=https%3A%2F%2Fcalifornia-times-brightspot.s3.amazonaws.com%2F63%2F99%2F9f501c66487ca10f79b1f74252d9%2F1537030-et-spencer-pratt-0004-eat.jpg 568w,https:\/\/ca-times.brightspotcdn.com\/dims4\/default\/ebb74dc\/2147483647\/strip\/true\/crop\/6000x4000+0+0\/resize\/768x512!\/format\/webp\/quality\/75\/?url=https%3A%2F%2Fcalifornia-times-brightspot.s3.amazonaws.com%2F63%2F99%2F9f501c66487ca10f79b1f74252d9%2F1537030-et-spencer-pratt-0004-eat.jpg 768w,https:\/\/ca-times.brightspotcdn.com\/dims4\/default\/33c81b6\/2147483647\/strip\/true\/crop\/6000x4000+0+0\/resize\/1024x683!\/format\/webp\/quality\/75\/?url=https%3A%2F%2Fcalifornia-times-brightspot.s3.amazonaws.com%2F63%2F99%2F9f501c66487ca10f79b1f74252d9%2F1537030-et-spencer-pratt-0004-eat.jpg 1024w,https:\/\/ca-times.brightspotcdn.com\/dims4\/default\/a04969f\/2147483647\/strip\/true\/crop\/6000x4000+0+0\/resize\/1200x800!\/format\/webp\/quality\/75\/?url=https%3A%2F%2Fcalifornia-times-brightspot.s3.amazonaws.com%2F63%2F99%2F9f501c66487ca10f79b1f74252d9%2F1537030-et-spencer-pratt-0004-eat.jpg 1200w\" sizes=\"100vw\"\/>   <\/picture>\n<div class=\"figure-content\">\n<p>Spencer Pratt sits at the site of his former home, which burned down in the 2025 Palisades fire.<\/p>\n<p>(Eric Thayer \/ Los Angeles Times)<\/p>\n<\/p><\/div>\n<\/figure><\/div>\n<p>Pratt goes to the restaurant often enough that Smith said his favorite order is crispy tacos and guacamole, and that he prefers the tequila brand Komos. <\/p>\n<p>Other customers at the Carpinteria restaurant approach Pratt sometimes and congratulate him on his run for mayor in Los Angeles. <\/p>\n<p>\u201cWe\u2019re excited for him,\u201d Smith said.<\/p>\n<p>Pratt is a registered Republican and former reality television star made famous by his role on \u201cThe Hills.\u201d Since losing his home in the Palisades fire, he has grown his social media fame as a frequent detractor of Mayor Karen Bass and Gov. Gavin Newsom\u2019s management of the blaze and its aftermath. He <a class=\"link\" href=\"https:\/\/www.latimes.com\/california\/story\/2026-01-07\/spencer-pratt-announces-run-for-la-mayor-on-anniversary-of-palisades-fire\">announced his run for mayor<\/a> on the first anniversary of the fire. <\/p>\n<p>A poll by the UCLA Luskin School of Public Affairs released last week had Pratt in second place behind Bass in the primary election, with 40% of voters still undecided. The top two vote-getters in the primary will compete in the Nov. 3 general election unless one candidate wins a majority in June. <\/p>\n<p>Campaign aides to Bass and Los Angeles City Councilmember and mayoral candidate Nithya Raman, who placed third in the UCLA poll, declined to comment. <\/p>\n<div class=\"enhancement\" data-click=\"enhancement\" data-align-center=\"\">\n<figure class=\"figure m-0\"> <picture><source type=\"image\/webp\" srcset=\"https:\/\/ca-times.brightspotcdn.com\/dims4\/default\/ae14376\/2147483647\/strip\/true\/crop\/4878x3313+0+0\/resize\/320x217!\/format\/webp\/quality\/75\/?url=https%3A%2F%2Fcalifornia-times-brightspot.s3.amazonaws.com%2F08%2Fa8%2F95bea66e4ad28bef525240d89b18%2F1549168-me-spencer-pratt-home-carpinteria-06-mjc.jpg 320w,https:\/\/ca-times.brightspotcdn.com\/dims4\/default\/60170bb\/2147483647\/strip\/true\/crop\/4878x3313+0+0\/resize\/568x386!\/format\/webp\/quality\/75\/?url=https%3A%2F%2Fcalifornia-times-brightspot.s3.amazonaws.com%2F08%2Fa8%2F95bea66e4ad28bef525240d89b18%2F1549168-me-spencer-pratt-home-carpinteria-06-mjc.jpg 568w,https:\/\/ca-times.brightspotcdn.com\/dims4\/default\/ae62737\/2147483647\/strip\/true\/crop\/4878x3313+0+0\/resize\/768x522!\/format\/webp\/quality\/75\/?url=https%3A%2F%2Fcalifornia-times-brightspot.s3.amazonaws.com%2F08%2Fa8%2F95bea66e4ad28bef525240d89b18%2F1549168-me-spencer-pratt-home-carpinteria-06-mjc.jpg 768w,https:\/\/ca-times.brightspotcdn.com\/dims4\/default\/7d4d379\/2147483647\/strip\/true\/crop\/4878x3313+0+0\/resize\/1024x695!\/format\/webp\/quality\/75\/?url=https%3A%2F%2Fcalifornia-times-brightspot.s3.amazonaws.com%2F08%2Fa8%2F95bea66e4ad28bef525240d89b18%2F1549168-me-spencer-pratt-home-carpinteria-06-mjc.jpg 1024w,https:\/\/ca-times.brightspotcdn.com\/dims4\/default\/0f702de\/2147483647\/strip\/true\/crop\/4878x3313+0+0\/resize\/1200x815!\/format\/webp\/quality\/75\/?url=https%3A%2F%2Fcalifornia-times-brightspot.s3.amazonaws.com%2F08%2Fa8%2F95bea66e4ad28bef525240d89b18%2F1549168-me-spencer-pratt-home-carpinteria-06-mjc.jpg 1200w\" sizes=\"100vw\"\/><img class=\"image\" alt=\"Sandyland Cove in Carpinteria\" srcset=\"https:\/\/ca-times.brightspotcdn.com\/dims4\/default\/71d0a2c\/2147483647\/strip\/true\/crop\/4878x3313+0+0\/resize\/320x217!\/quality\/75\/?url=https%3A%2F%2Fcalifornia-times-brightspot.s3.amazonaws.com%2F08%2Fa8%2F95bea66e4ad28bef525240d89b18%2F1549168-me-spencer-pratt-home-carpinteria-06-mjc.jpg 320w,https:\/\/ca-times.brightspotcdn.com\/dims4\/default\/c0fc009\/2147483647\/strip\/true\/crop\/4878x3313+0+0\/resize\/568x386!\/quality\/75\/?url=https%3A%2F%2Fcalifornia-times-brightspot.s3.amazonaws.com%2F08%2Fa8%2F95bea66e4ad28bef525240d89b18%2F1549168-me-spencer-pratt-home-carpinteria-06-mjc.jpg 568w,https:\/\/ca-times.brightspotcdn.com\/dims4\/default\/e1b5204\/2147483647\/strip\/true\/crop\/4878x3313+0+0\/resize\/768x522!\/quality\/75\/?url=https%3A%2F%2Fcalifornia-times-brightspot.s3.amazonaws.com%2F08%2Fa8%2F95bea66e4ad28bef525240d89b18%2F1549168-me-spencer-pratt-home-carpinteria-06-mjc.jpg 768w,https:\/\/ca-times.brightspotcdn.com\/dims4\/default\/242fb5f\/2147483647\/strip\/true\/crop\/4878x3313+0+0\/resize\/1024x695!\/quality\/75\/?url=https%3A%2F%2Fcalifornia-times-brightspot.s3.amazonaws.com%2F08%2Fa8%2F95bea66e4ad28bef525240d89b18%2F1549168-me-spencer-pratt-home-carpinteria-06-mjc.jpg 1024w,https:\/\/ca-times.brightspotcdn.com\/dims4\/default\/2dfccce\/2147483647\/strip\/true\/crop\/4878x3313+0+0\/resize\/1200x815!\/quality\/75\/?url=https%3A%2F%2Fcalifornia-times-brightspot.s3.amazonaws.com%2F08%2Fa8%2F95bea66e4ad28bef525240d89b18%2F1549168-me-spencer-pratt-home-carpinteria-06-mjc.jpg 1200w\" sizes=\"auto, 100vw\" width=\"1200\" height=\"815\" src=\"https:\/\/ca-times.brightspotcdn.com\/dims4\/default\/2dfccce\/2147483647\/strip\/true\/crop\/4878x3313+0+0\/resize\/1200x815!\/quality\/75\/?url=https%3A%2F%2Fcalifornia-times-brightspot.s3.amazonaws.com%2F08%2Fa8%2F95bea66e4ad28bef525240d89b18%2F1549168-me-spencer-pratt-home-carpinteria-06-mjc.jpg\" decoding=\"async\" loading=\"lazy\"\/>   <\/picture>\n<div class=\"figure-content\">\n<p>Los Angeles mayoral candidate Spencer Pratt\u2019s mailing address is a house in the Sandyland Cove community in Carpinteria, Calif.<\/p>\n<p>(Myung J. Chun \/ Los Angeles Times)<\/p>\n<\/p><\/div>\n<\/figure><\/div>\n<p>Loyola Marymount\u2019s Levinson said that rival campaigns might be hesitant to file a suit challenging Pratt\u2019s eligibility. <\/p>\n<p>\u201cThis is a political question: Would it look like you\u2019re beating up on somebody who lost their home in a fire?\u201d she asked.<\/p>\n<p>Even so, Pratt\u2019s decision to live outside of Los Angeles represents a disconnect with his campaign platform, which has criticized the city\u2019s response to the fire, said Maryam Zar, the founder and president of the Palisades Recovery Coalition. <\/p>\n<p>\u201cHe is drawing on this sense of urgency to rebuild. If you\u2019re not here and not urgently trying to come back, it sort of detracts from that messaging,\u201d said Zar, who briefly flirted <a class=\"link\" href=\"https:\/\/www.latimes.com\/california\/story\/2026-02-05\/la-mayors-race-is-in-major-flux-days-before-deadline\">with the idea of running for mayor<\/a> herself.<\/p>\n<p>The Los Angeles city clerk declined to provide information on Pratt\u2019s residence, saying that candidates\u2019 addresses are confirmed when they file, but can remain confidential.<\/p>\n<p>Voter data records provided to The Times by the political data firm PDI showed that Pratt listed his Palisades address as his residence, but a beachside Carpinteria address as his mailing address. Santa Barbara real estate records show the house was owned by Pratt\u2019s father.<\/p>\n<p>Michael Sanchez, a spokesperson for the Los Angeles County registrar-recorder\/county clerk, said that Heidi Pratt was registered to vote in Santa Barbara County.<\/p>\n<p>The records lined up with statements the Pratts have made to the media. <\/p>\n<p>Following the fires, they told outlets that the family had moved closer to Santa Barbara.<\/p>\n<p>\u201cSanta Barbara is very cool,\u201d Spencer Pratt <a class=\"link\" href=\"https:\/\/parade.com\/celebrities\/spencer-pratt-heidi-montag-family-update-losing-home-la-fires-exclusive\" target=\"_blank\">told Parade<\/a> in June. <\/p>\n<p>Heidi Pratt told <a class=\"link\" href=\"https:\/\/www.the-independent.com\/arts-entertainment\/music\/features\/heidi-montag-interview-mighty-hoopla-b2750500.html\" target=\"_blank\">the Independent<\/a> in May that the family was living in a rental home in Santa Barbara. <\/p>\n<p>Los Angeles has dealt with similar residency issues before. <\/p>\n<p>Former L.A. City Councilmember Richard Alarcon was charged in 2012 and convicted of perjury and voter fraud two years later for representing a district in the San Fernando Valley that he did not live in. <\/p>\n<p>During the trial, Alarcon argued he was staying in a home five miles from his district because he was renovating his in-district home, which he considered his permanent residence. <\/p>\n<p>An appeals court eventually <a class=\"link\" href=\"https:\/\/www.latimes.com\/local\/lanow\/la-me-ln-alarcon-conviction-overturned-20160120-story.html\">overturned his conviction<\/a> in 2016.<\/p>\n<\/p><\/div>\n<p><a href=\"https:\/\/www.latimes.com\/california\/story\/2026-04-06\/spencer-pratts-move-to-santa-barbara-county-after-palisades-fire-raises-eligibility-questions-in-la-mayors-race\">Source link <\/a><br \/>\nSee more https:\/\/theglobaltrack.com\/<\/p>","protected":false},"excerpt":{"rendered":"<p>CARPINTERIA, Calif.\u00a0\u2014\u00a0Los Angeles mayoral candidate Spencer Pratt has acknowledged living in Santa Barbara County after his home was destroyed in the Palisades fire last year, raising questions about his eligibility in the city\u2019s June 2 primary election. Candidates running for city office were required to be registered to vote in L.A. and to be residents [&hellip;]<\/p>\n","protected":false},"author":1,"featured_media":100222,"comment_status":"","ping_status":"","sticky":false,"template":"","format":"standard","meta":{"googlesitekit_rrm_CAow2JLhCw:productID":"","_gspb_post_css":"","maa_idioma":"","maa_pais":"","footnotes":""},"categories":[1],"tags":[5463,4948,16623,7050,8855,4947,25263,4735,10090,17303,3804,7425],"class_list":["post-100221","post","type-post","status-publish","format-standard","has-post-thumbnail","hentry","category-ubirata","tag-barbara","tag-closer","tag-eligibility","tag-l-a","tag-mayors","tag-move","tag-pratts","tag-questions","tag-race","tag-raises","tag-santa","tag-spencer"],"blocksy_meta":[],"yoast_head":"<!-- This site is optimized with the Yoast SEO Premium plugin v27.6 (Yoast SEO v27.6) - https:\/\/yoast.com\/product\/yoast-seo-premium-wordpress\/ -->\n<title>Spencer Pratt&#039;s move closer to Santa Barbara raises eligibility questions in L.A. mayor&#039;s race - Ubirat\u00e3 Online Not\u00edcias - A realidade ao seu alcance!<\/title>\n<meta name=\"description\" content=\"Pratt said he moved into a home in Carpinteria in Santa Barbara County after his home burned in the Palisades fire last year, raising questions over his eligibility in L.A. mayoral contest.\" \/>\n<meta name=\"robots\" content=\"index, follow, max-snippet:-1, max-image-preview:large, max-video-preview:-1\" \/>\n<link rel=\"canonical\" href=\"https:\/\/ubirataonline.com.br\/en\/spencer-pratts-move-closer-to-santa-barbara-raises-eligibility-questions-in-l-a-mayors-race\/\" \/>\n<meta property=\"og:locale\" content=\"en_US\" \/>\n<meta property=\"og:type\" content=\"article\" \/>\n<meta property=\"og:title\" content=\"Spencer Pratt&#039;s move closer to Santa Barbara raises eligibility questions in L.A. mayor&#039;s race\" \/>\n<meta property=\"og:description\" content=\"Pratt said he moved into a home in Carpinteria in Santa Barbara County after his home burned in the Palisades fire last year, raising questions over his eligibility in L.A. mayoral contest.\" \/>\n<meta property=\"og:url\" content=\"https:\/\/ubirataonline.com.br\/en\/spencer-pratts-move-closer-to-santa-barbara-raises-eligibility-questions-in-l-a-mayors-race\/\" \/>\n<meta property=\"og:site_name\" content=\"Ubirat\u00e3 Online Not\u00edcias - A realidade ao seu alcance!\" \/>\n<meta property=\"article:publisher\" content=\"https:\/\/www.facebook.com\/portalubirataonline\" \/>\n<meta property=\"article:author\" content=\"https:\/\/www.facebook.com\/portalubirataonline\" \/>\n<meta property=\"article:published_time\" content=\"2026-04-07T12:55:59+00:00\" \/>\n<meta property=\"og:image\" content=\"https:\/\/ubirataonline.com.br\/wp-content\/uploads\/2026\/04\/Spencer-Pratts-move-closer-to-Santa-Barbara-raises-eligibility-questions.com2Fa92F582F3547ef024b67b41e0f12bd09.jpeg\" \/>\n\t<meta property=\"og:image:width\" content=\"1200\" \/>\n\t<meta property=\"og:image:height\" content=\"630\" \/>\n\t<meta property=\"og:image:type\" content=\"image\/jpeg\" \/>\n<meta name=\"author\" content=\"REDA\u00c7\u00c3O: UBIRAT\u00c3 ONLINE - F\u00c1BIO AUGUSTO CELESTINO\" \/>\n<meta name=\"twitter:card\" content=\"summary_large_image\" \/>\n<meta name=\"twitter:creator\" content=\"@x.com\/ubirataonline\" \/>\n<meta name=\"twitter:site\" content=\"@ubirataonline\" \/>\n<meta name=\"twitter:label1\" content=\"Written by\" \/>\n\t<meta name=\"twitter:data1\" content=\"REDA\u00c7\u00c3O: UBIRAT\u00c3 ONLINE - F\u00c1BIO AUGUSTO CELESTINO\" \/>\n\t<meta name=\"twitter:label2\" content=\"Est. reading time\" \/>\n\t<meta name=\"twitter:data2\" content=\"5 minutes\" \/>\n<script type=\"application\/ld+json\" class=\"yoast-schema-graph\">{\"@context\":\"https:\\\/\\\/schema.org\",\"@graph\":[{\"@type\":\"NewsArticle\",\"@id\":\"https:\\\/\\\/ubirataonline.com.br\\\/spencer-pratts-move-closer-to-santa-barbara-raises-eligibility-questions-in-l-a-mayors-race\\\/#article\",\"isPartOf\":{\"@id\":\"https:\\\/\\\/ubirataonline.com.br\\\/spencer-pratts-move-closer-to-santa-barbara-raises-eligibility-questions-in-l-a-mayors-race\\\/\"},\"author\":{\"name\":\"REDA\u00c7\u00c3O: UBIRAT\u00c3 ONLINE - F\u00c1BIO AUGUSTO CELESTINO\",\"@id\":\"https:\\\/\\\/ubirataonline.com.br\\\/#\\\/schema\\\/person\\\/372f87bbd3fdd79b8556b84c98d0bc1c\"},\"headline\":\"Spencer Pratt&#8217;s move closer to Santa Barbara raises eligibility questions in L.A. mayor&#8217;s race\",\"datePublished\":\"2026-04-07T12:55:59+00:00\",\"mainEntityOfPage\":{\"@id\":\"https:\\\/\\\/ubirataonline.com.br\\\/spencer-pratts-move-closer-to-santa-barbara-raises-eligibility-questions-in-l-a-mayors-race\\\/\"},\"wordCount\":918,\"publisher\":{\"@id\":\"https:\\\/\\\/ubirataonline.com.br\\\/#organization\"},\"image\":{\"@id\":\"https:\\\/\\\/ubirataonline.com.br\\\/spencer-pratts-move-closer-to-santa-barbara-raises-eligibility-questions-in-l-a-mayors-race\\\/#primaryimage\"},\"thumbnailUrl\":\"https:\\\/\\\/ubirataonline.com.br\\\/wp-content\\\/uploads\\\/2026\\\/04\\\/Spencer-Pratts-move-closer-to-Santa-Barbara-raises-eligibility-questions.com2Fa92F582F3547ef024b67b41e0f12bd09.jpeg\",\"keywords\":[\"Barbara\",\"closer\",\"eligibility\",\"L.A\",\"mayors\",\"move\",\"Pratts\",\"questions\",\"race\",\"Raises\",\"Santa\",\"Spencer\"],\"articleSection\":[\"Ubirat\u00e3\"],\"inLanguage\":\"en-US\",\"copyrightYear\":\"2026\",\"copyrightHolder\":{\"@id\":\"https:\\\/\\\/ubirataonline.com.br\\\/en\\\/#organization\"}},{\"@type\":\"WebPage\",\"@id\":\"https:\\\/\\\/ubirataonline.com.br\\\/spencer-pratts-move-closer-to-santa-barbara-raises-eligibility-questions-in-l-a-mayors-race\\\/\",\"url\":\"https:\\\/\\\/ubirataonline.com.br\\\/spencer-pratts-move-closer-to-santa-barbara-raises-eligibility-questions-in-l-a-mayors-race\\\/\",\"name\":\"Spencer Pratt's move closer to Santa Barbara raises eligibility questions in L.A. mayor's race - Ubirat\u00e3 Online Not\u00edcias - A realidade ao seu alcance!\",\"isPartOf\":{\"@id\":\"https:\\\/\\\/ubirataonline.com.br\\\/#website\"},\"primaryImageOfPage\":{\"@id\":\"https:\\\/\\\/ubirataonline.com.br\\\/spencer-pratts-move-closer-to-santa-barbara-raises-eligibility-questions-in-l-a-mayors-race\\\/#primaryimage\"},\"image\":{\"@id\":\"https:\\\/\\\/ubirataonline.com.br\\\/spencer-pratts-move-closer-to-santa-barbara-raises-eligibility-questions-in-l-a-mayors-race\\\/#primaryimage\"},\"thumbnailUrl\":\"https:\\\/\\\/ubirataonline.com.br\\\/wp-content\\\/uploads\\\/2026\\\/04\\\/Spencer-Pratts-move-closer-to-Santa-Barbara-raises-eligibility-questions.com2Fa92F582F3547ef024b67b41e0f12bd09.jpeg\",\"datePublished\":\"2026-04-07T12:55:59+00:00\",\"description\":\"Pratt said he moved into a home in Carpinteria in Santa Barbara County after his home burned in the Palisades fire last year, raising questions over his eligibility in L.A. mayoral contest.\",\"breadcrumb\":{\"@id\":\"https:\\\/\\\/ubirataonline.com.br\\\/spencer-pratts-move-closer-to-santa-barbara-raises-eligibility-questions-in-l-a-mayors-race\\\/#breadcrumb\"},\"inLanguage\":\"en-US\",\"potentialAction\":[{\"@type\":\"ReadAction\",\"target\":[\"https:\\\/\\\/ubirataonline.com.br\\\/spencer-pratts-move-closer-to-santa-barbara-raises-eligibility-questions-in-l-a-mayors-race\\\/\"]}]},{\"@type\":\"ImageObject\",\"inLanguage\":\"en-US\",\"@id\":\"https:\\\/\\\/ubirataonline.com.br\\\/spencer-pratts-move-closer-to-santa-barbara-raises-eligibility-questions-in-l-a-mayors-race\\\/#primaryimage\",\"url\":\"https:\\\/\\\/ubirataonline.com.br\\\/wp-content\\\/uploads\\\/2026\\\/04\\\/Spencer-Pratts-move-closer-to-Santa-Barbara-raises-eligibility-questions.com2Fa92F582F3547ef024b67b41e0f12bd09.jpeg\",\"contentUrl\":\"https:\\\/\\\/ubirataonline.com.br\\\/wp-content\\\/uploads\\\/2026\\\/04\\\/Spencer-Pratts-move-closer-to-Santa-Barbara-raises-eligibility-questions.com2Fa92F582F3547ef024b67b41e0f12bd09.jpeg\",\"width\":1200,\"height\":630,\"caption\":\"Spencer Pratt's move closer to Santa Barbara raises eligibility questions in L.A. mayor's race\"},{\"@type\":\"BreadcrumbList\",\"@id\":\"https:\\\/\\\/ubirataonline.com.br\\\/spencer-pratts-move-closer-to-santa-barbara-raises-eligibility-questions-in-l-a-mayors-race\\\/#breadcrumb\",\"itemListElement\":[{\"@type\":\"ListItem\",\"position\":1,\"name\":\"In\u00edcio\",\"item\":\"https:\\\/\\\/ubirataonline.com.br\\\/\"},{\"@type\":\"ListItem\",\"position\":2,\"name\":\"Spencer Pratt&#8217;s move closer to Santa Barbara raises eligibility questions in L.A. mayor&#8217;s race\"}]},{\"@type\":\"WebSite\",\"@id\":\"https:\\\/\\\/ubirataonline.com.br\\\/#website\",\"url\":\"https:\\\/\\\/ubirataonline.com.br\\\/\",\"name\":\"Ubirat\u00e3 Online Not\u00edcias\",\"description\":\"Not\u00edcias de Ubirat\u00e3, regi\u00e3o, Brasil e mundo, com informa\u00e7\u00e3o atualizada e compromisso com o leitor.\",\"publisher\":{\"@id\":\"https:\\\/\\\/ubirataonline.com.br\\\/#organization\"},\"alternateName\":\"Ubirat\u00e3 Online\",\"potentialAction\":[{\"@type\":\"SearchAction\",\"target\":{\"@type\":\"EntryPoint\",\"urlTemplate\":\"https:\\\/\\\/ubirataonline.com.br\\\/?s={search_term_string}\"},\"query-input\":{\"@type\":\"PropertyValueSpecification\",\"valueRequired\":true,\"valueName\":\"search_term_string\"}}],\"inLanguage\":\"en-US\"},{\"@type\":[\"Organization\",\"Place\"],\"@id\":\"https:\\\/\\\/ubirataonline.com.br\\\/#organization\",\"name\":\"Ubirat\u00e3 Online Not\u00edcias\",\"alternateName\":\"Ubirat\u00e3 Online\",\"url\":\"https:\\\/\\\/ubirataonline.com.br\\\/\",\"logo\":{\"@id\":\"https:\\\/\\\/ubirataonline.com.br\\\/spencer-pratts-move-closer-to-santa-barbara-raises-eligibility-questions-in-l-a-mayors-race\\\/#local-main-organization-logo\"},\"image\":{\"@id\":\"https:\\\/\\\/ubirataonline.com.br\\\/spencer-pratts-move-closer-to-santa-barbara-raises-eligibility-questions-in-l-a-mayors-race\\\/#local-main-organization-logo\"},\"sameAs\":[\"https:\\\/\\\/www.facebook.com\\\/portalubirataonline\",\"https:\\\/\\\/x.com\\\/ubirataonline\",\"https:\\\/\\\/mastodon.social\\\/@ubirataonline\",\"https:\\\/\\\/www.facebook.com\\\/groups\\\/311144672285604\",\"https:\\\/\\\/www.facebook.com\\\/UBTAOnline\",\"https:\\\/\\\/www.instagram.com\\\/portalubirataonline\\\/\",\"https:\\\/\\\/twitter.com\\\/ubirataonline\"],\"description\":\"Somos um portal de not\u00edcias independente, criado em 5 de janeiro de 2009, com o objetivo de informar, conectar e valorizar a nossa comunidade de Ubirat\u00e3 e toda aregi\u00e3o. Com conte\u00fado atualizado, confi\u00e1vel e relevante, o Ubirat\u00e3 Online \u00e9 o seu espa\u00e7o para ficar por dentro dos principais acontecimentos locais, regionais, Brasil, Mundo e de interesse geral. Nosso compromisso \u00e9 com a verdade, a transpar\u00eancia e o respeito ao leitor.\",\"legalName\":\"UBIRATA ONLINE NOT\u00cdCIAS\",\"foundingDate\":\"2009-01-05\",\"numberOfEmployees\":{\"@type\":\"QuantitativeValue\",\"minValue\":\"1\",\"maxValue\":\"10\"},\"publishingPrinciples\":\"https:\\\/\\\/ubirataonline.com.br\\\/faq\\\/\",\"address\":{\"@id\":\"https:\\\/\\\/ubirataonline.com.br\\\/spencer-pratts-move-closer-to-santa-barbara-raises-eligibility-questions-in-l-a-mayors-race\\\/#local-main-place-address\"},\"geo\":{\"@type\":\"GeoCoordinates\",\"latitude\":\"-24.5361401\",\"longitude\":\"-52.9921776\"},\"telephone\":[\"+5544998308235\"],\"contactPoint\":{\"@type\":\"ContactPoint\",\"email\":\"contato@ubirataonline.com.br\"},\"openingHoursSpecification\":{\"@type\":\"OpeningHoursSpecification\",\"dayOfWeek\":[\"Monday\",\"Tuesday\",\"Wednesday\",\"Thursday\",\"Friday\",\"Saturday\",\"Sunday\"],\"opens\":\"00:00\",\"closes\":\"23:59\"},\"email\":\"contato@ubirataonline.com.br\",\"vatID\":\"47.621.418\\\/0001-80\"},{\"@type\":\"Person\",\"@id\":\"https:\\\/\\\/ubirataonline.com.br\\\/#\\\/schema\\\/person\\\/372f87bbd3fdd79b8556b84c98d0bc1c\",\"name\":\"REDA\u00c7\u00c3O: UBIRAT\u00c3 ONLINE - F\u00c1BIO AUGUSTO CELESTINO\",\"pronouns\":\"Ele\",\"description\":\"Desde 2003 trabalhando com not\u00edcias.\",\"sameAs\":[\"http:\\\/\\\/ubirataoline.com.br\",\"https:\\\/\\\/www.facebook.com\\\/portalubirataonline\",\"https:\\\/\\\/www.instagram.com\\\/ubirataonline_oficial\",\"https:\\\/\\\/x.com\\\/x.com\\\/ubirataonline\"],\"honorificPrefix\":\"Mr.\",\"honorificSuffix\":\"MD\",\"birthDate\":\"1980-06-16\",\"gender\":\"masculino\",\"award\":[\"V\u00e1rios pr\u00eamios de melhor portal da cidade\"],\"jobTitle\":\"Diretor\",\"url\":\"https:\\\/\\\/ubirataonline.com.br\\\/en\\\/author\\\/ubirataonline\\\/\"},{\"@type\":\"PostalAddress\",\"@id\":\"https:\\\/\\\/ubirataonline.com.br\\\/spencer-pratts-move-closer-to-santa-barbara-raises-eligibility-questions-in-l-a-mayors-race\\\/#local-main-place-address\",\"streetAddress\":\"Rua dos Coqueiros, 104 - Bairro Boa Vista, Rua dos Coqueiros, 104 Bairro Boa Vista\",\"addressLocality\":\"UBIRATA\",\"postalCode\":\"85440-000\",\"addressRegion\":\"PR\",\"addressCountry\":\"BR\"},{\"@type\":\"ImageObject\",\"inLanguage\":\"en-US\",\"@id\":\"https:\\\/\\\/ubirataonline.com.br\\\/spencer-pratts-move-closer-to-santa-barbara-raises-eligibility-questions-in-l-a-mayors-race\\\/#local-main-organization-logo\",\"url\":\"https:\\\/\\\/ubirataonline.com.br\\\/wp-content\\\/uploads\\\/2026\\\/06\\\/logoubirataonline-1.webp\",\"contentUrl\":\"https:\\\/\\\/ubirataonline.com.br\\\/wp-content\\\/uploads\\\/2026\\\/06\\\/logoubirataonline-1.webp\",\"width\":500,\"height\":500,\"caption\":\"Ubirat\u00e3 Online Not\u00edcias\"}]}<\/script>\n<meta name=\"geo.placename\" content=\"UBIRATA\" \/>\n<meta name=\"geo.position\" content=\"-24.5361401;-52.9921776\" \/>\n<meta name=\"geo.region\" content=\"Brazil\" \/>\n<!-- \/ Yoast SEO Premium plugin. -->","yoast_head_json":{"title":"Spencer Pratt's move closer to Santa Barbara raises eligibility questions in L.A. mayor's race - Ubirat\u00e3 Online Not\u00edcias - A realidade ao seu alcance!","description":"Pratt said he moved into a home in Carpinteria in Santa Barbara County after his home burned in the Palisades fire last year, raising questions over his eligibility in L.A. mayoral contest.","robots":{"index":"index","follow":"follow","max-snippet":"max-snippet:-1","max-image-preview":"max-image-preview:large","max-video-preview":"max-video-preview:-1"},"canonical":"https:\/\/ubirataonline.com.br\/en\/spencer-pratts-move-closer-to-santa-barbara-raises-eligibility-questions-in-l-a-mayors-race\/","og_locale":"en_US","og_type":"article","og_title":"Spencer Pratt's move closer to Santa Barbara raises eligibility questions in L.A. mayor's race","og_description":"Pratt said he moved into a home in Carpinteria in Santa Barbara County after his home burned in the Palisades fire last year, raising questions over his eligibility in L.A. mayoral contest.","og_url":"https:\/\/ubirataonline.com.br\/en\/spencer-pratts-move-closer-to-santa-barbara-raises-eligibility-questions-in-l-a-mayors-race\/","og_site_name":"Ubirat\u00e3 Online Not\u00edcias - A realidade ao seu alcance!","article_publisher":"https:\/\/www.facebook.com\/portalubirataonline","article_author":"https:\/\/www.facebook.com\/portalubirataonline","article_published_time":"2026-04-07T12:55:59+00:00","og_image":[{"width":1200,"height":630,"url":"https:\/\/ubirataonline.com.br\/wp-content\/uploads\/2026\/04\/Spencer-Pratts-move-closer-to-Santa-Barbara-raises-eligibility-questions.com2Fa92F582F3547ef024b67b41e0f12bd09.jpeg","type":"image\/jpeg"}],"author":"REDA\u00c7\u00c3O: UBIRAT\u00c3 ONLINE - F\u00c1BIO AUGUSTO CELESTINO","twitter_card":"summary_large_image","twitter_creator":"@x.com\/ubirataonline","twitter_site":"@ubirataonline","twitter_misc":{"Written by":"REDA\u00c7\u00c3O: UBIRAT\u00c3 ONLINE - F\u00c1BIO AUGUSTO CELESTINO","Est. reading time":"5 minutes"},"schema":{"@context":"https:\/\/schema.org","@graph":[{"@type":"NewsArticle","@id":"https:\/\/ubirataonline.com.br\/spencer-pratts-move-closer-to-santa-barbara-raises-eligibility-questions-in-l-a-mayors-race\/#article","isPartOf":{"@id":"https:\/\/ubirataonline.com.br\/spencer-pratts-move-closer-to-santa-barbara-raises-eligibility-questions-in-l-a-mayors-race\/"},"author":{"name":"REDA\u00c7\u00c3O: UBIRAT\u00c3 ONLINE - F\u00c1BIO AUGUSTO CELESTINO","@id":"https:\/\/ubirataonline.com.br\/#\/schema\/person\/372f87bbd3fdd79b8556b84c98d0bc1c"},"headline":"Spencer Pratt&#8217;s move closer to Santa Barbara raises eligibility questions in L.A. mayor&#8217;s race","datePublished":"2026-04-07T12:55:59+00:00","mainEntityOfPage":{"@id":"https:\/\/ubirataonline.com.br\/spencer-pratts-move-closer-to-santa-barbara-raises-eligibility-questions-in-l-a-mayors-race\/"},"wordCount":918,"publisher":{"@id":"https:\/\/ubirataonline.com.br\/#organization"},"image":{"@id":"https:\/\/ubirataonline.com.br\/spencer-pratts-move-closer-to-santa-barbara-raises-eligibility-questions-in-l-a-mayors-race\/#primaryimage"},"thumbnailUrl":"https:\/\/ubirataonline.com.br\/wp-content\/uploads\/2026\/04\/Spencer-Pratts-move-closer-to-Santa-Barbara-raises-eligibility-questions.com2Fa92F582F3547ef024b67b41e0f12bd09.jpeg","keywords":["Barbara","closer","eligibility","L.A","mayors","move","Pratts","questions","race","Raises","Santa","Spencer"],"articleSection":["Ubirat\u00e3"],"inLanguage":"en-US","copyrightYear":"2026","copyrightHolder":{"@id":"https:\/\/ubirataonline.com.br\/en\/#organization"}},{"@type":"WebPage","@id":"https:\/\/ubirataonline.com.br\/spencer-pratts-move-closer-to-santa-barbara-raises-eligibility-questions-in-l-a-mayors-race\/","url":"https:\/\/ubirataonline.com.br\/spencer-pratts-move-closer-to-santa-barbara-raises-eligibility-questions-in-l-a-mayors-race\/","name":"Spencer Pratt's move closer to Santa Barbara raises eligibility questions in L.A. mayor's race - Ubirat\u00e3 Online Not\u00edcias - A realidade ao seu alcance!","isPartOf":{"@id":"https:\/\/ubirataonline.com.br\/#website"},"primaryImageOfPage":{"@id":"https:\/\/ubirataonline.com.br\/spencer-pratts-move-closer-to-santa-barbara-raises-eligibility-questions-in-l-a-mayors-race\/#primaryimage"},"image":{"@id":"https:\/\/ubirataonline.com.br\/spencer-pratts-move-closer-to-santa-barbara-raises-eligibility-questions-in-l-a-mayors-race\/#primaryimage"},"thumbnailUrl":"https:\/\/ubirataonline.com.br\/wp-content\/uploads\/2026\/04\/Spencer-Pratts-move-closer-to-Santa-Barbara-raises-eligibility-questions.com2Fa92F582F3547ef024b67b41e0f12bd09.jpeg","datePublished":"2026-04-07T12:55:59+00:00","description":"Pratt said he moved into a home in Carpinteria in Santa Barbara County after his home burned in the Palisades fire last year, raising questions over his eligibility in L.A. mayoral contest.","breadcrumb":{"@id":"https:\/\/ubirataonline.com.br\/spencer-pratts-move-closer-to-santa-barbara-raises-eligibility-questions-in-l-a-mayors-race\/#breadcrumb"},"inLanguage":"en-US","potentialAction":[{"@type":"ReadAction","target":["https:\/\/ubirataonline.com.br\/spencer-pratts-move-closer-to-santa-barbara-raises-eligibility-questions-in-l-a-mayors-race\/"]}]},{"@type":"ImageObject","inLanguage":"en-US","@id":"https:\/\/ubirataonline.com.br\/spencer-pratts-move-closer-to-santa-barbara-raises-eligibility-questions-in-l-a-mayors-race\/#primaryimage","url":"https:\/\/ubirataonline.com.br\/wp-content\/uploads\/2026\/04\/Spencer-Pratts-move-closer-to-Santa-Barbara-raises-eligibility-questions.com2Fa92F582F3547ef024b67b41e0f12bd09.jpeg","contentUrl":"https:\/\/ubirataonline.com.br\/wp-content\/uploads\/2026\/04\/Spencer-Pratts-move-closer-to-Santa-Barbara-raises-eligibility-questions.com2Fa92F582F3547ef024b67b41e0f12bd09.jpeg","width":1200,"height":630,"caption":"Spencer Pratt's move closer to Santa Barbara raises eligibility questions in L.A. mayor's race"},{"@type":"BreadcrumbList","@id":"https:\/\/ubirataonline.com.br\/spencer-pratts-move-closer-to-santa-barbara-raises-eligibility-questions-in-l-a-mayors-race\/#breadcrumb","itemListElement":[{"@type":"ListItem","position":1,"name":"In\u00edcio","item":"https:\/\/ubirataonline.com.br\/"},{"@type":"ListItem","position":2,"name":"Spencer Pratt&#8217;s move closer to Santa Barbara raises eligibility questions in L.A. mayor&#8217;s race"}]},{"@type":"WebSite","@id":"https:\/\/ubirataonline.com.br\/#website","url":"https:\/\/ubirataonline.com.br\/","name":"Ubirat\u00e3 Online Not\u00edcias","description":"Not\u00edcias de Ubirat\u00e3, regi\u00e3o, Brasil e mundo, com informa\u00e7\u00e3o atualizada e compromisso com o leitor.","publisher":{"@id":"https:\/\/ubirataonline.com.br\/#organization"},"alternateName":"Ubirat\u00e3 Online","potentialAction":[{"@type":"SearchAction","target":{"@type":"EntryPoint","urlTemplate":"https:\/\/ubirataonline.com.br\/?s={search_term_string}"},"query-input":{"@type":"PropertyValueSpecification","valueRequired":true,"valueName":"search_term_string"}}],"inLanguage":"en-US"},{"@type":["Organization","Place"],"@id":"https:\/\/ubirataonline.com.br\/#organization","name":"Ubirat\u00e3 Online Not\u00edcias","alternateName":"Ubirat\u00e3 Online","url":"https:\/\/ubirataonline.com.br\/","logo":{"@id":"https:\/\/ubirataonline.com.br\/spencer-pratts-move-closer-to-santa-barbara-raises-eligibility-questions-in-l-a-mayors-race\/#local-main-organization-logo"},"image":{"@id":"https:\/\/ubirataonline.com.br\/spencer-pratts-move-closer-to-santa-barbara-raises-eligibility-questions-in-l-a-mayors-race\/#local-main-organization-logo"},"sameAs":["https:\/\/www.facebook.com\/portalubirataonline","https:\/\/x.com\/ubirataonline","https:\/\/mastodon.social\/@ubirataonline","https:\/\/www.facebook.com\/groups\/311144672285604","https:\/\/www.facebook.com\/UBTAOnline","https:\/\/www.instagram.com\/portalubirataonline\/","https:\/\/twitter.com\/ubirataonline"],"description":"Somos um portal de not\u00edcias independente, criado em 5 de janeiro de 2009, com o objetivo de informar, conectar e valorizar a nossa comunidade de Ubirat\u00e3 e toda aregi\u00e3o. Com conte\u00fado atualizado, confi\u00e1vel e relevante, o Ubirat\u00e3 Online \u00e9 o seu espa\u00e7o para ficar por dentro dos principais acontecimentos locais, regionais, Brasil, Mundo e de interesse geral. Nosso compromisso \u00e9 com a verdade, a transpar\u00eancia e o respeito ao leitor.","legalName":"UBIRATA ONLINE NOT\u00cdCIAS","foundingDate":"2009-01-05","numberOfEmployees":{"@type":"QuantitativeValue","minValue":"1","maxValue":"10"},"publishingPrinciples":"https:\/\/ubirataonline.com.br\/faq\/","address":{"@id":"https:\/\/ubirataonline.com.br\/spencer-pratts-move-closer-to-santa-barbara-raises-eligibility-questions-in-l-a-mayors-race\/#local-main-place-address"},"geo":{"@type":"GeoCoordinates","latitude":"-24.5361401","longitude":"-52.9921776"},"telephone":["+5544998308235"],"contactPoint":{"@type":"ContactPoint","email":"contato@ubirataonline.com.br"},"openingHoursSpecification":{"@type":"OpeningHoursSpecification","dayOfWeek":["Monday","Tuesday","Wednesday","Thursday","Friday","Saturday","Sunday"],"opens":"00:00","closes":"23:59"},"email":"contato@ubirataonline.com.br","vatID":"47.621.418\/0001-80"},{"@type":"Person","@id":"https:\/\/ubirataonline.com.br\/#\/schema\/person\/372f87bbd3fdd79b8556b84c98d0bc1c","name":"REDA\u00c7\u00c3O: UBIRAT\u00c3 ONLINE - F\u00c1BIO AUGUSTO CELESTINO","pronouns":"Ele","description":"Desde 2003 trabalhando com not\u00edcias.","sameAs":["http:\/\/ubirataoline.com.br","https:\/\/www.facebook.com\/portalubirataonline","https:\/\/www.instagram.com\/ubirataonline_oficial","https:\/\/x.com\/x.com\/ubirataonline"],"honorificPrefix":"Mr.","honorificSuffix":"MD","birthDate":"1980-06-16","gender":"masculino","award":["V\u00e1rios pr\u00eamios de melhor portal da cidade"],"jobTitle":"Diretor","url":"https:\/\/ubirataonline.com.br\/en\/author\/ubirataonline\/"},{"@type":"PostalAddress","@id":"https:\/\/ubirataonline.com.br\/spencer-pratts-move-closer-to-santa-barbara-raises-eligibility-questions-in-l-a-mayors-race\/#local-main-place-address","streetAddress":"Rua dos Coqueiros, 104 - Bairro Boa Vista, Rua dos Coqueiros, 104 Bairro Boa Vista","addressLocality":"UBIRATA","postalCode":"85440-000","addressRegion":"PR","addressCountry":"BR"},{"@type":"ImageObject","inLanguage":"en-US","@id":"https:\/\/ubirataonline.com.br\/spencer-pratts-move-closer-to-santa-barbara-raises-eligibility-questions-in-l-a-mayors-race\/#local-main-organization-logo","url":"https:\/\/ubirataonline.com.br\/wp-content\/uploads\/2026\/06\/logoubirataonline-1.webp","contentUrl":"https:\/\/ubirataonline.com.br\/wp-content\/uploads\/2026\/06\/logoubirataonline-1.webp","width":500,"height":500,"caption":"Ubirat\u00e3 Online Not\u00edcias"}]},"geo.placename":"UBIRATA","geo.position":{"lat":"-24.5361401","long":"-52.9921776"},"geo.region":"Brazil"},"_links":{"self":[{"href":"https:\/\/ubirataonline.com.br\/en\/wp-json\/wp\/v2\/posts\/100221","targetHints":{"allow":["GET"]}}],"collection":[{"href":"https:\/\/ubirataonline.com.br\/en\/wp-json\/wp\/v2\/posts"}],"about":[{"href":"https:\/\/ubirataonline.com.br\/en\/wp-json\/wp\/v2\/types\/post"}],"author":[{"embeddable":true,"href":"https:\/\/ubirataonline.com.br\/en\/wp-json\/wp\/v2\/users\/1"}],"replies":[{"embeddable":true,"href":"https:\/\/ubirataonline.com.br\/en\/wp-json\/wp\/v2\/comments?post=100221"}],"version-history":[{"count":0,"href":"https:\/\/ubirataonline.com.br\/en\/wp-json\/wp\/v2\/posts\/100221\/revisions"}],"wp:featuredmedia":[{"embeddable":true,"href":"https:\/\/ubirataonline.com.br\/en\/wp-json\/wp\/v2\/media\/100222"}],"wp:attachment":[{"href":"https:\/\/ubirataonline.com.br\/en\/wp-json\/wp\/v2\/media?parent=100221"}],"wp:term":[{"taxonomy":"category","embeddable":true,"href":"https:\/\/ubirataonline.com.br\/en\/wp-json\/wp\/v2\/categories?post=100221"},{"taxonomy":"post_tag","embeddable":true,"href":"https:\/\/ubirataonline.com.br\/en\/wp-json\/wp\/v2\/tags?post=100221"}],"curies":[{"name":"wp","href":"https:\/\/api.w.org\/{rel}","templated":true}]}}