{"id":100283,"date":"2026-04-07T11:15:00","date_gmt":"2026-04-07T14:15:00","guid":{"rendered":"https:\/\/ubirataonline.com.br\/ex-governador-do-df-nao-comparece-a-cpmi-do-crime-organizado\/"},"modified":"2026-04-07T11:15:06","modified_gmt":"2026-04-07T14:15:06","slug":"ex-governador-do-df-nao-comparece-a-cpmi-do-crime-organizado","status":"publish","type":"post","link":"https:\/\/ubirataonline.com.br\/en\/ex-governador-do-df-nao-comparece-a-cpmi-do-crime-organizado\/","title":{"rendered":"Ex-governador do DF n\u00e3o comparece \u00e0 CPMI do Crime Organizado"},"content":{"rendered":"<p><\/p>\n<div id=\"texto\">\n<p>O ex-governador do Distrito Federal Ibaneis Rocha n\u00e3o compareceu para depor, nesta ter\u00e7a-feira (7), \u00e0 Comiss\u00e3o Parlamentar Mista de Inqu\u00e9rito (CPMI) do Crime Organizado. Ele j\u00e1 n\u00e3o havia comparecido, como convidado, a duas outras reuni\u00f5es. Em rea\u00e7\u00e3o, o colegiado aprovou a convoca\u00e7\u00e3o.<\/p>\n<p>Ibaneis foi convocado no \u00faltimo dia 31, por meio de requerimento do relator da CPMI, senador Alessandro Vieira (MDB-SE), mas recebeu do ministro Andr\u00e9 Mendon\u00e7a, do Supremo Tribunal Federal (STF), autoriza\u00e7\u00e3o para n\u00e3o comparecer \u00e0 reuni\u00e3o.\u00a0A decis\u00e3o foi publicada na \u00faltima quinta-feira (2).<\/p>\n<p>O ex-governador falaria sobre as negocia\u00e7\u00f5es do banco estatal do Distrito Federal, o BRB, para a compra do Banco Master. O neg\u00f3cio foi impedido pelo Banco Central que, em seguida, liquidou o Master e encaminhou as suspeitas de fraudes no sistema financeiro \u00e0 Pol\u00edcia Federal.<\/p>\n<p>\u201cTodos somos iguais perante a lei, independentemente de ra\u00e7a, cor, etnia, religi\u00e3o, origem, orienta\u00e7\u00e3o sexual. S\u00f3 que, no Brasil, uns s\u00e3o mais iguais que outros\u201d.<\/p>\n<p> \u201cQuando \u00e9 para agir de forma contundente contra pobre e preto, vale tudo. As leis funcionam, o C\u00f3digo de Processo Penal funciona, o C\u00f3digo Penal funciona, a Lei de Execu\u00e7\u00e3o Penal funciona. \u00c0s vezes, no pobre, nem \u00e0 segunda inst\u00e2ncia vai. \u00c9 transitado e julgado em primeira inst\u00e2ncia.\u2019<\/p>\n<p>Em sua fala, Contarato citou que vai se \u201ccurvar\u201d \u00e0 decis\u00e3o judicial, \u201cporque decis\u00e3o judicial n\u00e3o se discute, se cumpre\u201d, mas que a advocacia do Senado est\u00e1 recorrendo de todas as decis\u00f5es que, na avalia\u00e7\u00e3o dele, v\u00eam inviabilizando os trabalhos da comiss\u00e3o. \u201c\u00c9 essa a palavra que a popula\u00e7\u00e3o tem que saber\u201d.<\/p>\n<p> \u201cA popula\u00e7\u00e3o tem que entender que a CPMI est\u00e1 tentando, e tentando com toda a isen\u00e7\u00e3o e responsabilidade, tanto da parte do relator quanto\u00a0da minha parte, enquanto presidente, que a gente apure. Ningu\u00e9m est\u00e1 acima da lei\u201d, disse, ao avaliar as decis\u00f5es judiciais como \u201cn\u00e3o razo\u00e1veis\u201d.<\/p>\n<p>\u201cA gente aprova, numa CPMI, oitiva de testemunha e o Supremo vem e fala que a testemunha n\u00e3o \u00e9 obrigada a comparecer. Convoca\u00e7\u00e3o? N\u00e3o \u00e9 obrigada a comparecer. Transfer\u00eancia de sigilo? N\u00e3o \u00e9 obrigado. Ora, ent\u00e3o n\u00e3o quer que se apure? Por que n\u00e3o quer que se apure? Isso que tem que ser questionado. Quem nada deve, nada teme.\u201d<\/p>\n<p>*Com informa\u00e7\u00f5es da Ag\u00eancia Senado.<\/p>\n<p><b>Fonte:<\/b> Ag\u00eancia Brasil<\/p>\n<\/p><\/div>\n<p><a href=\"https:\/\/cgn.inf.br\/noticia\/2079123\/ex-governador-do-df-nao-comparece-a-cpmi-do-crime-organizado\">Fonte do Artigo <\/a><\/p>","protected":false},"excerpt":{"rendered":"<p>O ex-governador do Distrito Federal Ibaneis Rocha n\u00e3o compareceu para depor, nesta ter\u00e7a-feira (7), \u00e0 Comiss\u00e3o Parlamentar Mista de Inqu\u00e9rito (CPMI) do Crime Organizado. Ele j\u00e1 n\u00e3o havia comparecido, como convidado, a duas outras reuni\u00f5es. Em rea\u00e7\u00e3o, o colegiado aprovou a convoca\u00e7\u00e3o. Ibaneis foi convocado no \u00faltimo dia 31, por meio de requerimento do relator [&hellip;]<\/p>\n","protected":false},"author":1,"featured_media":100284,"comment_status":"closed","ping_status":"","sticky":false,"template":"","format":"standard","meta":{"googlesitekit_rrm_CAow2JLhCw:productID":"","_gspb_post_css":"","maa_idioma":"","maa_pais":"","footnotes":""},"categories":[1],"tags":[25294,5375,1826,25293,3255,6250],"class_list":["post-100283","post","type-post","status-publish","format-standard","has-post-thumbnail","hentry","category-ubirata","tag-comparece","tag-cpmi","tag-crime","tag-exgovernador","tag-nao","tag-organizado"],"blocksy_meta":[],"yoast_head":"<!-- This site is optimized with the Yoast SEO Premium plugin v27.6 (Yoast SEO v27.6) - https:\/\/yoast.com\/product\/yoast-seo-premium-wordpress\/ -->\n<title>Ex-governador do DF n\u00e3o comparece \u00e0 CPMI do Crime Organizado - Ubirat\u00e3 Online Not\u00edcias - A realidade ao seu alcance!<\/title>\n<meta name=\"description\" content=\"O ex-governador do Distrito Federal Ibaneis Rocha n\u00e3o compareceu para depor, nesta ter\u00e7a-feira (7), \u00e0 Comiss\u00e3o Parlamentar Mista de Inqu\u00e9rito (CPMI) do\" \/>\n<meta name=\"robots\" content=\"index, follow, max-snippet:-1, max-image-preview:large, max-video-preview:-1\" \/>\n<link rel=\"canonical\" href=\"https:\/\/ubirataonline.com.br\/en\/ex-governador-do-df-nao-comparece-a-cpmi-do-crime-organizado\/\" \/>\n<meta property=\"og:locale\" content=\"en_US\" \/>\n<meta property=\"og:type\" content=\"article\" \/>\n<meta property=\"og:title\" content=\"Ex-governador do DF n\u00e3o comparece \u00e0 CPMI do Crime Organizado\" \/>\n<meta property=\"og:description\" content=\"O ex-governador do Distrito Federal Ibaneis Rocha n\u00e3o compareceu para depor, nesta ter\u00e7a-feira (7), \u00e0 Comiss\u00e3o Parlamentar Mista de Inqu\u00e9rito (CPMI) do\" \/>\n<meta property=\"og:url\" content=\"https:\/\/ubirataonline.com.br\/en\/ex-governador-do-df-nao-comparece-a-cpmi-do-crime-organizado\/\" \/>\n<meta property=\"og:site_name\" content=\"Ubirat\u00e3 Online Not\u00edcias - A realidade ao seu alcance!\" \/>\n<meta property=\"article:publisher\" content=\"https:\/\/www.facebook.com\/portalubirataonline\" \/>\n<meta property=\"article:author\" content=\"https:\/\/www.facebook.com\/portalubirataonline\" \/>\n<meta property=\"article:published_time\" content=\"2026-04-07T14:15:00+00:00\" \/>\n<meta property=\"article:modified_time\" content=\"2026-04-07T14:15:06+00:00\" \/>\n<meta property=\"og:image\" content=\"https:\/\/ubirataonline.com.br\/wp-content\/uploads\/2026\/04\/Ex-governador-do-DF-nao-comparece-a-CPMI-do-Crime-Organizado.webp.webp\" \/>\n\t<meta property=\"og:image:width\" content=\"1600\" \/>\n\t<meta property=\"og:image:height\" content=\"800\" \/>\n\t<meta property=\"og:image:type\" content=\"image\/webp\" \/>\n<meta name=\"author\" content=\"REDA\u00c7\u00c3O: UBIRAT\u00c3 ONLINE - F\u00c1BIO AUGUSTO CELESTINO\" \/>\n<meta name=\"twitter:card\" content=\"summary_large_image\" \/>\n<meta name=\"twitter:creator\" content=\"@x.com\/ubirataonline\" \/>\n<meta name=\"twitter:site\" content=\"@ubirataonline\" \/>\n<meta name=\"twitter:label1\" content=\"Written by\" \/>\n\t<meta name=\"twitter:data1\" content=\"REDA\u00c7\u00c3O: UBIRAT\u00c3 ONLINE - F\u00c1BIO AUGUSTO CELESTINO\" \/>\n\t<meta name=\"twitter:label2\" content=\"Est. reading time\" \/>\n\t<meta name=\"twitter:data2\" content=\"2 minutes\" \/>\n<script type=\"application\/ld+json\" class=\"yoast-schema-graph\">{\"@context\":\"https:\\\/\\\/schema.org\",\"@graph\":[{\"@type\":\"NewsArticle\",\"@id\":\"https:\\\/\\\/ubirataonline.com.br\\\/ex-governador-do-df-nao-comparece-a-cpmi-do-crime-organizado\\\/#article\",\"isPartOf\":{\"@id\":\"https:\\\/\\\/ubirataonline.com.br\\\/ex-governador-do-df-nao-comparece-a-cpmi-do-crime-organizado\\\/\"},\"author\":{\"name\":\"REDA\u00c7\u00c3O: UBIRAT\u00c3 ONLINE - F\u00c1BIO AUGUSTO CELESTINO\",\"@id\":\"https:\\\/\\\/ubirataonline.com.br\\\/#\\\/schema\\\/person\\\/372f87bbd3fdd79b8556b84c98d0bc1c\"},\"headline\":\"Ex-governador do DF n\u00e3o comparece \u00e0 CPMI do Crime Organizado\",\"datePublished\":\"2026-04-07T14:15:00+00:00\",\"dateModified\":\"2026-04-07T14:15:06+00:00\",\"mainEntityOfPage\":{\"@id\":\"https:\\\/\\\/ubirataonline.com.br\\\/ex-governador-do-df-nao-comparece-a-cpmi-do-crime-organizado\\\/\"},\"wordCount\":419,\"publisher\":{\"@id\":\"https:\\\/\\\/ubirataonline.com.br\\\/#organization\"},\"image\":{\"@id\":\"https:\\\/\\\/ubirataonline.com.br\\\/ex-governador-do-df-nao-comparece-a-cpmi-do-crime-organizado\\\/#primaryimage\"},\"thumbnailUrl\":\"https:\\\/\\\/ubirataonline.com.br\\\/wp-content\\\/uploads\\\/2026\\\/04\\\/Ex-governador-do-DF-nao-comparece-a-CPMI-do-Crime-Organizado.webp.webp\",\"keywords\":[\"comparece\",\"CPMI\",\"Crime\",\"Exgovernador\",\"n\u00e3o\",\"organizado\"],\"articleSection\":[\"Ubirat\u00e3\"],\"inLanguage\":\"en-US\",\"copyrightYear\":\"2026\",\"copyrightHolder\":{\"@id\":\"https:\\\/\\\/ubirataonline.com.br\\\/en\\\/#organization\"}},{\"@type\":\"WebPage\",\"@id\":\"https:\\\/\\\/ubirataonline.com.br\\\/ex-governador-do-df-nao-comparece-a-cpmi-do-crime-organizado\\\/\",\"url\":\"https:\\\/\\\/ubirataonline.com.br\\\/ex-governador-do-df-nao-comparece-a-cpmi-do-crime-organizado\\\/\",\"name\":\"Ex-governador do DF n\u00e3o comparece \u00e0 CPMI do Crime Organizado - Ubirat\u00e3 Online Not\u00edcias - A realidade ao seu alcance!\",\"isPartOf\":{\"@id\":\"https:\\\/\\\/ubirataonline.com.br\\\/#website\"},\"primaryImageOfPage\":{\"@id\":\"https:\\\/\\\/ubirataonline.com.br\\\/ex-governador-do-df-nao-comparece-a-cpmi-do-crime-organizado\\\/#primaryimage\"},\"image\":{\"@id\":\"https:\\\/\\\/ubirataonline.com.br\\\/ex-governador-do-df-nao-comparece-a-cpmi-do-crime-organizado\\\/#primaryimage\"},\"thumbnailUrl\":\"https:\\\/\\\/ubirataonline.com.br\\\/wp-content\\\/uploads\\\/2026\\\/04\\\/Ex-governador-do-DF-nao-comparece-a-CPMI-do-Crime-Organizado.webp.webp\",\"datePublished\":\"2026-04-07T14:15:00+00:00\",\"dateModified\":\"2026-04-07T14:15:06+00:00\",\"description\":\"O ex-governador do Distrito Federal Ibaneis Rocha n\u00e3o compareceu para depor, nesta ter\u00e7a-feira (7), \u00e0 Comiss\u00e3o Parlamentar Mista de Inqu\u00e9rito (CPMI) do\",\"breadcrumb\":{\"@id\":\"https:\\\/\\\/ubirataonline.com.br\\\/ex-governador-do-df-nao-comparece-a-cpmi-do-crime-organizado\\\/#breadcrumb\"},\"inLanguage\":\"en-US\",\"potentialAction\":[{\"@type\":\"ReadAction\",\"target\":[\"https:\\\/\\\/ubirataonline.com.br\\\/ex-governador-do-df-nao-comparece-a-cpmi-do-crime-organizado\\\/\"]}]},{\"@type\":\"ImageObject\",\"inLanguage\":\"en-US\",\"@id\":\"https:\\\/\\\/ubirataonline.com.br\\\/ex-governador-do-df-nao-comparece-a-cpmi-do-crime-organizado\\\/#primaryimage\",\"url\":\"https:\\\/\\\/ubirataonline.com.br\\\/wp-content\\\/uploads\\\/2026\\\/04\\\/Ex-governador-do-DF-nao-comparece-a-CPMI-do-Crime-Organizado.webp.webp\",\"contentUrl\":\"https:\\\/\\\/ubirataonline.com.br\\\/wp-content\\\/uploads\\\/2026\\\/04\\\/Ex-governador-do-DF-nao-comparece-a-CPMI-do-Crime-Organizado.webp.webp\",\"width\":1600,\"height\":800,\"caption\":\"\"},{\"@type\":\"BreadcrumbList\",\"@id\":\"https:\\\/\\\/ubirataonline.com.br\\\/ex-governador-do-df-nao-comparece-a-cpmi-do-crime-organizado\\\/#breadcrumb\",\"itemListElement\":[{\"@type\":\"ListItem\",\"position\":1,\"name\":\"In\u00edcio\",\"item\":\"https:\\\/\\\/ubirataonline.com.br\\\/\"},{\"@type\":\"ListItem\",\"position\":2,\"name\":\"Ex-governador do DF n\u00e3o comparece \u00e0 CPMI do Crime Organizado\"}]},{\"@type\":\"WebSite\",\"@id\":\"https:\\\/\\\/ubirataonline.com.br\\\/#website\",\"url\":\"https:\\\/\\\/ubirataonline.com.br\\\/\",\"name\":\"Ubirat\u00e3 Online Not\u00edcias\",\"description\":\"Not\u00edcias de Ubirat\u00e3, regi\u00e3o, Brasil e mundo, com informa\u00e7\u00e3o atualizada e compromisso com o leitor.\",\"publisher\":{\"@id\":\"https:\\\/\\\/ubirataonline.com.br\\\/#organization\"},\"alternateName\":\"Ubirat\u00e3 Online\",\"potentialAction\":[{\"@type\":\"SearchAction\",\"target\":{\"@type\":\"EntryPoint\",\"urlTemplate\":\"https:\\\/\\\/ubirataonline.com.br\\\/?s={search_term_string}\"},\"query-input\":{\"@type\":\"PropertyValueSpecification\",\"valueRequired\":true,\"valueName\":\"search_term_string\"}}],\"inLanguage\":\"en-US\"},{\"@type\":[\"Organization\",\"Place\"],\"@id\":\"https:\\\/\\\/ubirataonline.com.br\\\/#organization\",\"name\":\"Ubirat\u00e3 Online Not\u00edcias\",\"alternateName\":\"Ubirat\u00e3 Online\",\"url\":\"https:\\\/\\\/ubirataonline.com.br\\\/\",\"logo\":{\"@id\":\"https:\\\/\\\/ubirataonline.com.br\\\/ex-governador-do-df-nao-comparece-a-cpmi-do-crime-organizado\\\/#local-main-organization-logo\"},\"image\":{\"@id\":\"https:\\\/\\\/ubirataonline.com.br\\\/ex-governador-do-df-nao-comparece-a-cpmi-do-crime-organizado\\\/#local-main-organization-logo\"},\"sameAs\":[\"https:\\\/\\\/www.facebook.com\\\/portalubirataonline\",\"https:\\\/\\\/x.com\\\/ubirataonline\",\"https:\\\/\\\/mastodon.social\\\/@ubirataonline\",\"https:\\\/\\\/www.facebook.com\\\/groups\\\/311144672285604\",\"https:\\\/\\\/www.facebook.com\\\/UBTAOnline\",\"https:\\\/\\\/www.instagram.com\\\/portalubirataonline\\\/\",\"https:\\\/\\\/twitter.com\\\/ubirataonline\"],\"description\":\"Somos um portal de not\u00edcias independente, criado em 5 de janeiro de 2009, com o objetivo de informar, conectar e valorizar a nossa comunidade de Ubirat\u00e3 e toda aregi\u00e3o. Com conte\u00fado atualizado, confi\u00e1vel e relevante, o Ubirat\u00e3 Online \u00e9 o seu espa\u00e7o para ficar por dentro dos principais acontecimentos locais, regionais, Brasil, Mundo e de interesse geral. Nosso compromisso \u00e9 com a verdade, a transpar\u00eancia e o respeito ao leitor.\",\"legalName\":\"UBIRATA ONLINE NOT\u00cdCIAS\",\"foundingDate\":\"2009-01-05\",\"numberOfEmployees\":{\"@type\":\"QuantitativeValue\",\"minValue\":\"1\",\"maxValue\":\"10\"},\"publishingPrinciples\":\"https:\\\/\\\/ubirataonline.com.br\\\/faq\\\/\",\"address\":{\"@id\":\"https:\\\/\\\/ubirataonline.com.br\\\/ex-governador-do-df-nao-comparece-a-cpmi-do-crime-organizado\\\/#local-main-place-address\"},\"geo\":{\"@type\":\"GeoCoordinates\",\"latitude\":\"-24.5361401\",\"longitude\":\"-52.9921776\"},\"telephone\":[\"+5544998308235\"],\"contactPoint\":{\"@type\":\"ContactPoint\",\"email\":\"contato@ubirataonline.com.br\"},\"openingHoursSpecification\":{\"@type\":\"OpeningHoursSpecification\",\"dayOfWeek\":[\"Monday\",\"Tuesday\",\"Wednesday\",\"Thursday\",\"Friday\",\"Saturday\",\"Sunday\"],\"opens\":\"00:00\",\"closes\":\"23:59\"},\"email\":\"contato@ubirataonline.com.br\",\"vatID\":\"47.621.418\\\/0001-80\"},{\"@type\":\"Person\",\"@id\":\"https:\\\/\\\/ubirataonline.com.br\\\/#\\\/schema\\\/person\\\/372f87bbd3fdd79b8556b84c98d0bc1c\",\"name\":\"REDA\u00c7\u00c3O: UBIRAT\u00c3 ONLINE - F\u00c1BIO AUGUSTO CELESTINO\",\"pronouns\":\"Ele\",\"description\":\"Desde 2003 trabalhando com not\u00edcias.\",\"sameAs\":[\"http:\\\/\\\/ubirataoline.com.br\",\"https:\\\/\\\/www.facebook.com\\\/portalubirataonline\",\"https:\\\/\\\/www.instagram.com\\\/ubirataonline_oficial\",\"https:\\\/\\\/x.com\\\/x.com\\\/ubirataonline\"],\"honorificPrefix\":\"Mr.\",\"honorificSuffix\":\"MD\",\"birthDate\":\"1980-06-16\",\"gender\":\"masculino\",\"award\":[\"V\u00e1rios pr\u00eamios de melhor portal da cidade\"],\"jobTitle\":\"Diretor\",\"url\":\"https:\\\/\\\/ubirataonline.com.br\\\/en\\\/author\\\/ubirataonline\\\/\"},{\"@type\":\"PostalAddress\",\"@id\":\"https:\\\/\\\/ubirataonline.com.br\\\/ex-governador-do-df-nao-comparece-a-cpmi-do-crime-organizado\\\/#local-main-place-address\",\"streetAddress\":\"Rua dos Coqueiros, 104 - Bairro Boa Vista, Rua dos Coqueiros, 104 Bairro Boa Vista\",\"addressLocality\":\"UBIRATA\",\"postalCode\":\"85440-000\",\"addressRegion\":\"PR\",\"addressCountry\":\"BR\"},{\"@type\":\"ImageObject\",\"inLanguage\":\"en-US\",\"@id\":\"https:\\\/\\\/ubirataonline.com.br\\\/ex-governador-do-df-nao-comparece-a-cpmi-do-crime-organizado\\\/#local-main-organization-logo\",\"url\":\"https:\\\/\\\/ubirataonline.com.br\\\/wp-content\\\/uploads\\\/2026\\\/06\\\/logoubirataonline-1.webp\",\"contentUrl\":\"https:\\\/\\\/ubirataonline.com.br\\\/wp-content\\\/uploads\\\/2026\\\/06\\\/logoubirataonline-1.webp\",\"width\":500,\"height\":500,\"caption\":\"Ubirat\u00e3 Online Not\u00edcias\"}]}<\/script>\n<meta name=\"geo.placename\" content=\"UBIRATA\" \/>\n<meta name=\"geo.position\" content=\"-24.5361401;-52.9921776\" \/>\n<meta name=\"geo.region\" content=\"Brazil\" \/>\n<!-- \/ Yoast SEO Premium plugin. -->","yoast_head_json":{"title":"Ex-governador do DF n\u00e3o comparece \u00e0 CPMI do Crime Organizado - Ubirat\u00e3 Online Not\u00edcias - A realidade ao seu alcance!","description":"O ex-governador do Distrito Federal Ibaneis Rocha n\u00e3o compareceu para depor, nesta ter\u00e7a-feira (7), \u00e0 Comiss\u00e3o Parlamentar Mista de Inqu\u00e9rito (CPMI) do","robots":{"index":"index","follow":"follow","max-snippet":"max-snippet:-1","max-image-preview":"max-image-preview:large","max-video-preview":"max-video-preview:-1"},"canonical":"https:\/\/ubirataonline.com.br\/en\/ex-governador-do-df-nao-comparece-a-cpmi-do-crime-organizado\/","og_locale":"en_US","og_type":"article","og_title":"Ex-governador do DF n\u00e3o comparece \u00e0 CPMI do Crime Organizado","og_description":"O ex-governador do Distrito Federal Ibaneis Rocha n\u00e3o compareceu para depor, nesta ter\u00e7a-feira (7), \u00e0 Comiss\u00e3o Parlamentar Mista de Inqu\u00e9rito (CPMI) do","og_url":"https:\/\/ubirataonline.com.br\/en\/ex-governador-do-df-nao-comparece-a-cpmi-do-crime-organizado\/","og_site_name":"Ubirat\u00e3 Online Not\u00edcias - A realidade ao seu alcance!","article_publisher":"https:\/\/www.facebook.com\/portalubirataonline","article_author":"https:\/\/www.facebook.com\/portalubirataonline","article_published_time":"2026-04-07T14:15:00+00:00","article_modified_time":"2026-04-07T14:15:06+00:00","og_image":[{"width":1600,"height":800,"url":"https:\/\/ubirataonline.com.br\/wp-content\/uploads\/2026\/04\/Ex-governador-do-DF-nao-comparece-a-CPMI-do-Crime-Organizado.webp.webp","type":"image\/webp"}],"author":"REDA\u00c7\u00c3O: UBIRAT\u00c3 ONLINE - F\u00c1BIO AUGUSTO CELESTINO","twitter_card":"summary_large_image","twitter_creator":"@x.com\/ubirataonline","twitter_site":"@ubirataonline","twitter_misc":{"Written by":"REDA\u00c7\u00c3O: UBIRAT\u00c3 ONLINE - F\u00c1BIO AUGUSTO CELESTINO","Est. reading time":"2 minutes"},"schema":{"@context":"https:\/\/schema.org","@graph":[{"@type":"NewsArticle","@id":"https:\/\/ubirataonline.com.br\/ex-governador-do-df-nao-comparece-a-cpmi-do-crime-organizado\/#article","isPartOf":{"@id":"https:\/\/ubirataonline.com.br\/ex-governador-do-df-nao-comparece-a-cpmi-do-crime-organizado\/"},"author":{"name":"REDA\u00c7\u00c3O: UBIRAT\u00c3 ONLINE - F\u00c1BIO AUGUSTO CELESTINO","@id":"https:\/\/ubirataonline.com.br\/#\/schema\/person\/372f87bbd3fdd79b8556b84c98d0bc1c"},"headline":"Ex-governador do DF n\u00e3o comparece \u00e0 CPMI do Crime Organizado","datePublished":"2026-04-07T14:15:00+00:00","dateModified":"2026-04-07T14:15:06+00:00","mainEntityOfPage":{"@id":"https:\/\/ubirataonline.com.br\/ex-governador-do-df-nao-comparece-a-cpmi-do-crime-organizado\/"},"wordCount":419,"publisher":{"@id":"https:\/\/ubirataonline.com.br\/#organization"},"image":{"@id":"https:\/\/ubirataonline.com.br\/ex-governador-do-df-nao-comparece-a-cpmi-do-crime-organizado\/#primaryimage"},"thumbnailUrl":"https:\/\/ubirataonline.com.br\/wp-content\/uploads\/2026\/04\/Ex-governador-do-DF-nao-comparece-a-CPMI-do-Crime-Organizado.webp.webp","keywords":["comparece","CPMI","Crime","Exgovernador","n\u00e3o","organizado"],"articleSection":["Ubirat\u00e3"],"inLanguage":"en-US","copyrightYear":"2026","copyrightHolder":{"@id":"https:\/\/ubirataonline.com.br\/en\/#organization"}},{"@type":"WebPage","@id":"https:\/\/ubirataonline.com.br\/ex-governador-do-df-nao-comparece-a-cpmi-do-crime-organizado\/","url":"https:\/\/ubirataonline.com.br\/ex-governador-do-df-nao-comparece-a-cpmi-do-crime-organizado\/","name":"Ex-governador do DF n\u00e3o comparece \u00e0 CPMI do Crime Organizado - Ubirat\u00e3 Online Not\u00edcias - A realidade ao seu alcance!","isPartOf":{"@id":"https:\/\/ubirataonline.com.br\/#website"},"primaryImageOfPage":{"@id":"https:\/\/ubirataonline.com.br\/ex-governador-do-df-nao-comparece-a-cpmi-do-crime-organizado\/#primaryimage"},"image":{"@id":"https:\/\/ubirataonline.com.br\/ex-governador-do-df-nao-comparece-a-cpmi-do-crime-organizado\/#primaryimage"},"thumbnailUrl":"https:\/\/ubirataonline.com.br\/wp-content\/uploads\/2026\/04\/Ex-governador-do-DF-nao-comparece-a-CPMI-do-Crime-Organizado.webp.webp","datePublished":"2026-04-07T14:15:00+00:00","dateModified":"2026-04-07T14:15:06+00:00","description":"O ex-governador do Distrito Federal Ibaneis Rocha n\u00e3o compareceu para depor, nesta ter\u00e7a-feira (7), \u00e0 Comiss\u00e3o Parlamentar Mista de Inqu\u00e9rito (CPMI) do","breadcrumb":{"@id":"https:\/\/ubirataonline.com.br\/ex-governador-do-df-nao-comparece-a-cpmi-do-crime-organizado\/#breadcrumb"},"inLanguage":"en-US","potentialAction":[{"@type":"ReadAction","target":["https:\/\/ubirataonline.com.br\/ex-governador-do-df-nao-comparece-a-cpmi-do-crime-organizado\/"]}]},{"@type":"ImageObject","inLanguage":"en-US","@id":"https:\/\/ubirataonline.com.br\/ex-governador-do-df-nao-comparece-a-cpmi-do-crime-organizado\/#primaryimage","url":"https:\/\/ubirataonline.com.br\/wp-content\/uploads\/2026\/04\/Ex-governador-do-DF-nao-comparece-a-CPMI-do-Crime-Organizado.webp.webp","contentUrl":"https:\/\/ubirataonline.com.br\/wp-content\/uploads\/2026\/04\/Ex-governador-do-DF-nao-comparece-a-CPMI-do-Crime-Organizado.webp.webp","width":1600,"height":800,"caption":""},{"@type":"BreadcrumbList","@id":"https:\/\/ubirataonline.com.br\/ex-governador-do-df-nao-comparece-a-cpmi-do-crime-organizado\/#breadcrumb","itemListElement":[{"@type":"ListItem","position":1,"name":"In\u00edcio","item":"https:\/\/ubirataonline.com.br\/"},{"@type":"ListItem","position":2,"name":"Ex-governador do DF n\u00e3o comparece \u00e0 CPMI do Crime Organizado"}]},{"@type":"WebSite","@id":"https:\/\/ubirataonline.com.br\/#website","url":"https:\/\/ubirataonline.com.br\/","name":"Ubirat\u00e3 Online Not\u00edcias","description":"Not\u00edcias de Ubirat\u00e3, regi\u00e3o, Brasil e mundo, com informa\u00e7\u00e3o atualizada e compromisso com o leitor.","publisher":{"@id":"https:\/\/ubirataonline.com.br\/#organization"},"alternateName":"Ubirat\u00e3 Online","potentialAction":[{"@type":"SearchAction","target":{"@type":"EntryPoint","urlTemplate":"https:\/\/ubirataonline.com.br\/?s={search_term_string}"},"query-input":{"@type":"PropertyValueSpecification","valueRequired":true,"valueName":"search_term_string"}}],"inLanguage":"en-US"},{"@type":["Organization","Place"],"@id":"https:\/\/ubirataonline.com.br\/#organization","name":"Ubirat\u00e3 Online Not\u00edcias","alternateName":"Ubirat\u00e3 Online","url":"https:\/\/ubirataonline.com.br\/","logo":{"@id":"https:\/\/ubirataonline.com.br\/ex-governador-do-df-nao-comparece-a-cpmi-do-crime-organizado\/#local-main-organization-logo"},"image":{"@id":"https:\/\/ubirataonline.com.br\/ex-governador-do-df-nao-comparece-a-cpmi-do-crime-organizado\/#local-main-organization-logo"},"sameAs":["https:\/\/www.facebook.com\/portalubirataonline","https:\/\/x.com\/ubirataonline","https:\/\/mastodon.social\/@ubirataonline","https:\/\/www.facebook.com\/groups\/311144672285604","https:\/\/www.facebook.com\/UBTAOnline","https:\/\/www.instagram.com\/portalubirataonline\/","https:\/\/twitter.com\/ubirataonline"],"description":"Somos um portal de not\u00edcias independente, criado em 5 de janeiro de 2009, com o objetivo de informar, conectar e valorizar a nossa comunidade de Ubirat\u00e3 e toda aregi\u00e3o. Com conte\u00fado atualizado, confi\u00e1vel e relevante, o Ubirat\u00e3 Online \u00e9 o seu espa\u00e7o para ficar por dentro dos principais acontecimentos locais, regionais, Brasil, Mundo e de interesse geral. Nosso compromisso \u00e9 com a verdade, a transpar\u00eancia e o respeito ao leitor.","legalName":"UBIRATA ONLINE NOT\u00cdCIAS","foundingDate":"2009-01-05","numberOfEmployees":{"@type":"QuantitativeValue","minValue":"1","maxValue":"10"},"publishingPrinciples":"https:\/\/ubirataonline.com.br\/faq\/","address":{"@id":"https:\/\/ubirataonline.com.br\/ex-governador-do-df-nao-comparece-a-cpmi-do-crime-organizado\/#local-main-place-address"},"geo":{"@type":"GeoCoordinates","latitude":"-24.5361401","longitude":"-52.9921776"},"telephone":["+5544998308235"],"contactPoint":{"@type":"ContactPoint","email":"contato@ubirataonline.com.br"},"openingHoursSpecification":{"@type":"OpeningHoursSpecification","dayOfWeek":["Monday","Tuesday","Wednesday","Thursday","Friday","Saturday","Sunday"],"opens":"00:00","closes":"23:59"},"email":"contato@ubirataonline.com.br","vatID":"47.621.418\/0001-80"},{"@type":"Person","@id":"https:\/\/ubirataonline.com.br\/#\/schema\/person\/372f87bbd3fdd79b8556b84c98d0bc1c","name":"REDA\u00c7\u00c3O: UBIRAT\u00c3 ONLINE - F\u00c1BIO AUGUSTO CELESTINO","pronouns":"Ele","description":"Desde 2003 trabalhando com not\u00edcias.","sameAs":["http:\/\/ubirataoline.com.br","https:\/\/www.facebook.com\/portalubirataonline","https:\/\/www.instagram.com\/ubirataonline_oficial","https:\/\/x.com\/x.com\/ubirataonline"],"honorificPrefix":"Mr.","honorificSuffix":"MD","birthDate":"1980-06-16","gender":"masculino","award":["V\u00e1rios pr\u00eamios de melhor portal da cidade"],"jobTitle":"Diretor","url":"https:\/\/ubirataonline.com.br\/en\/author\/ubirataonline\/"},{"@type":"PostalAddress","@id":"https:\/\/ubirataonline.com.br\/ex-governador-do-df-nao-comparece-a-cpmi-do-crime-organizado\/#local-main-place-address","streetAddress":"Rua dos Coqueiros, 104 - Bairro Boa Vista, Rua dos Coqueiros, 104 Bairro Boa Vista","addressLocality":"UBIRATA","postalCode":"85440-000","addressRegion":"PR","addressCountry":"BR"},{"@type":"ImageObject","inLanguage":"en-US","@id":"https:\/\/ubirataonline.com.br\/ex-governador-do-df-nao-comparece-a-cpmi-do-crime-organizado\/#local-main-organization-logo","url":"https:\/\/ubirataonline.com.br\/wp-content\/uploads\/2026\/06\/logoubirataonline-1.webp","contentUrl":"https:\/\/ubirataonline.com.br\/wp-content\/uploads\/2026\/06\/logoubirataonline-1.webp","width":500,"height":500,"caption":"Ubirat\u00e3 Online Not\u00edcias"}]},"geo.placename":"UBIRATA","geo.position":{"lat":"-24.5361401","long":"-52.9921776"},"geo.region":"Brazil"},"_links":{"self":[{"href":"https:\/\/ubirataonline.com.br\/en\/wp-json\/wp\/v2\/posts\/100283","targetHints":{"allow":["GET"]}}],"collection":[{"href":"https:\/\/ubirataonline.com.br\/en\/wp-json\/wp\/v2\/posts"}],"about":[{"href":"https:\/\/ubirataonline.com.br\/en\/wp-json\/wp\/v2\/types\/post"}],"author":[{"embeddable":true,"href":"https:\/\/ubirataonline.com.br\/en\/wp-json\/wp\/v2\/users\/1"}],"replies":[{"embeddable":true,"href":"https:\/\/ubirataonline.com.br\/en\/wp-json\/wp\/v2\/comments?post=100283"}],"version-history":[{"count":0,"href":"https:\/\/ubirataonline.com.br\/en\/wp-json\/wp\/v2\/posts\/100283\/revisions"}],"wp:featuredmedia":[{"embeddable":true,"href":"https:\/\/ubirataonline.com.br\/en\/wp-json\/wp\/v2\/media\/100284"}],"wp:attachment":[{"href":"https:\/\/ubirataonline.com.br\/en\/wp-json\/wp\/v2\/media?parent=100283"}],"wp:term":[{"taxonomy":"category","embeddable":true,"href":"https:\/\/ubirataonline.com.br\/en\/wp-json\/wp\/v2\/categories?post=100283"},{"taxonomy":"post_tag","embeddable":true,"href":"https:\/\/ubirataonline.com.br\/en\/wp-json\/wp\/v2\/tags?post=100283"}],"curies":[{"name":"wp","href":"https:\/\/api.w.org\/{rel}","templated":true}]}}