{"id":100299,"date":"2026-04-07T11:30:12","date_gmt":"2026-04-07T14:30:12","guid":{"rendered":"https:\/\/ubirataonline.com.br\/karol-g-wants-to-speak-out-more-about-ice\/"},"modified":"2026-04-07T11:30:14","modified_gmt":"2026-04-07T14:30:14","slug":"karol-g-wants-to-speak-out-more-about-ice","status":"publish","type":"post","link":"https:\/\/ubirataonline.com.br\/en\/karol-g-wants-to-speak-out-more-about-ice\/","title":{"rendered":"Karol G Wants to Speak Out More About ICE"},"content":{"rendered":"<p><br \/>\n<\/p>\n<div>\n<p class=\"paragraph larva \/\/ lrv-u-margin-lr-auto  lrv-a-font-body-m   \">\n\t<a href=\"https:\/\/variety.com\/t\/karol-g\/\" id=\"auto-tag_karol-g\" data-tag=\"karol-g\">Karol G<\/a> wants to speak out more on politics \u2013 specifically ICE actions in the United States \u2013 but she\u2019s regularly warned not to.<\/p>\n<p class=\"paragraph larva \/\/ lrv-u-margin-lr-auto  lrv-a-font-body-m   \">\n\t\u201cPeople will say, \u2018It\u2019s better you don\u2019t,\u2019 the Colombian Grammy-winner says in an interview accompanying her new cover of <a href=\"https:\/\/variety.com\/t\/playboy\/\" id=\"auto-tag_playboy\" data-tag=\"playboy\">Playboy<\/a>. \u201cWhy? Because if you say the thing, maybe the next day you\u2019ll get a call: \u201cHey, we are taking your visa away.\u201d You become bait, because some people want to show their power.\u201d<\/p>\n<p class=\"paragraph larva \/\/ lrv-u-margin-lr-auto  lrv-a-font-body-m   \">\n\tThe music superstar, who will be the <a href=\"https:\/\/variety.com\/2025\/music\/news\/coachella-2026-justin-bieber-sabrina-carpenter-karol-g-1236516379\/\">first Latina to headline Coachella<\/a> at this year\u2019s music festival, says she also wants to wait because she feels she can have a much bigger impact than simply saying \u201cICE Out.\u201d<\/p>\n<p class=\"paragraph larva \/\/ lrv-u-margin-lr-auto  lrv-a-font-body-m   \">\n\t\u201cI have a huge stage, and that\u2019s why I want to wait, and if someone was ever to do something to me, I want to stand firmly on my stage for my community,\u201d Karol G says. \u201cSo that\u2019s why I may have to be more careful, and wait for my turn, and ensure that, through that opportunity, I can talk and represent something more.\u201d<\/p>\n<p class=\"paragraph larva \/\/ lrv-u-margin-lr-auto  lrv-a-font-body-m   \">\n\tShe asks, \u201cWhat impact does it really have to say \u2018ICE Out\u2019 versus something else that can have a real impact on my community?\u201d<\/p>\n<p class=\"paragraph larva \/\/ lrv-u-margin-lr-auto  lrv-a-font-body-m   \">\n\tIn the wide-ranging interview with Emmy-winning writer Paola Ramos, she admits her \u201cteam would kill\u201d her for saying \u201cICE Out.\u201d \u201cBut I\u2019m willing to say it,\u201d she says. \u201cIf I\u2019m being honest with you, it\u2019s something that crosses the line of what I have to do to protect myself. But at the end of the day, what is my role if I\u2019m in this position?\u201d<\/p>\n<div class=\"post-content-image \/\/  size-large alignnone \">\n<figure class=\"o-figure  lrv-u-font-family-secondary u-color-medium-grey lrv-u-border-b-1 u-border-color-light-grey-tint-two u-margin-b-150 lrv-u-max-width-100p\" style=\"width:846px\">\n<div class=\"c-lazy-image  \"><\/div><figcaption class=\"c-figcaption  lrv-u-flex lrv-u-flex-direction-column lrv-u-padding-t-1 lrv-u-padding-b-1\">\n<p>\t\t\t\t\t\t\t\t\t<cite class=\"u-color-medium-grey u-font-family-neue-xxs\">Gray Sorrenti for Playboy<\/cite><\/p>\n<\/figcaption><\/figure>\n<\/div>\n<p class=\"paragraph larva \/\/ lrv-u-margin-lr-auto  lrv-a-font-body-m   \">\n\tKarol G is the first Playboy cover from the magazine\u2019s new chief brand officer and editor-in-chief\u00a0Phillip Picardi, whose appointment was announced in March.<\/p>\n<p class=\"paragraph larva \/\/ lrv-u-margin-lr-auto  lrv-a-font-body-m   \">\n\t\u201cKarol G is the perfect embodiment of our new era at\u00a0Playboy \u2014 as an artist and performer, she deeply understands that sexuality can be a powerful storyteller,\u201d Picardi tells <em>Variety<\/em>. \u201cHer collaboration with [photographer] Gray Sorrenti felt personal and intimate; the photographs communicate a seduction that doesn\u2019t need to shout in order to be heard. We\u2019re thrilled she chose\u00a0Playboy\u00a0to help tell her story ahead of such a pivotal moment in her career, and we are grateful for her vulnerability and trust \u2014 both in the images and in her conversation with Paola Ramos for our cover story.\u201d\u00a0<\/p>\n<div class=\"post-content-image \/\/  size-large alignnone \">\n<figure class=\"o-figure  lrv-u-font-family-secondary u-color-medium-grey lrv-u-border-b-1 u-border-color-light-grey-tint-two u-margin-b-150 lrv-u-max-width-100p\" style=\"width:1024px\">\n<div class=\"c-lazy-image  \">\n<p>\t\t\t\t\t\t<img loading=\"lazy\" class=\"c-lazy-image__img lrv-u-background-color-grey-lightest lrv-u-width-100p lrv-u-display-block lrv-u-height-auto\" src=\"https:\/\/variety.com\/wp-content\/themes\/pmc-variety-2020\/assets\/public\/lazyload-fallback.gif\" data-lazy-src=\"https:\/\/variety.com\/wp-content\/uploads\/2026\/04\/Karol01.png?w=1024\" alt=\"\" data-lazy-srcset=\"https:\/\/variety.com\/wp-content\/uploads\/2026\/04\/Karol01.png 3563w, https:\/\/variety.com\/wp-content\/uploads\/2026\/04\/Karol01.png?resize=150,112 150w, https:\/\/variety.com\/wp-content\/uploads\/2026\/04\/Karol01.png?resize=300,224 300w\" data-lazy-sizes=\"(min-width: 87.5rem) 1000px, (min-width: 78.75rem) 681px, (min-width: 48rem) 450px, (max-width: 48rem) 250px\" height=\"764\" width=\"1024\" decoding=\"async\"\/><\/p><\/div><figcaption class=\"c-figcaption  lrv-u-flex lrv-u-flex-direction-column lrv-u-padding-t-1 lrv-u-padding-b-1\">\n<p>\t\t\t\t\t\t\t\t\t<cite class=\"u-color-medium-grey u-font-family-neue-xxs\">Gray Sorrenti for Playboy<\/cite><\/p>\n<\/figcaption><\/figure>\n<\/div>\n<p class=\"paragraph larva \/\/ lrv-u-margin-lr-auto  lrv-a-font-body-m   \">\n\tKarol G only asked fellow Colombian Sofia Vergara if she should pose for Playboy.<\/p>\n<p class=\"paragraph larva \/\/ lrv-u-margin-lr-auto  lrv-a-font-body-m   \">\n\t\u201c\u2018Mijita, with <em>that<\/em> body? When you get to this age, you tell yourself, \u201cFuck, why didn\u2019t I pose that one time? I should have posed more with a thong!\u201d\u2019 she says, recalling Vergara\u2019s advice. \u201c\u2018Just one thing: Don\u2019t show your pussy.\u2019\u201d<\/p>\n<p class=\"paragraph larva \/\/ lrv-u-margin-lr-auto  lrv-a-font-body-m   \">\n\tVergara also told her to have a reason for doing it.<\/p>\n<p class=\"paragraph larva \/\/ lrv-u-margin-lr-auto  lrv-a-font-body-m   \">\n\t\u201cWhy do I want to do this? Because I want to,\u201d Karol G says. \u201cBecause I grew up inspired by how beautiful the women in the magazine looked, and now I have the opportunity to be that beautiful, sexy <em>mamasota<\/em> in the magazine. Why not?\u201d<\/p>\n<p class=\"paragraph larva \/\/ lrv-u-margin-lr-auto  lrv-a-font-body-m   \">\n\tPlayboy\u2019s spring issue will hit newstands on April 14. Karol G\u2019s full cover story is available to new and existing digital and\/or digital-and-print subscribers only until the magazine arrives at newsstands nationwide.<\/p>\n<p><img loading=\"lazy\" decoding=\"async\" class=\"size-large wp-image-1234848148\" src=\"https:\/\/variety.com\/wp-content\/uploads\/2020\/12\/Just-for-Variety-Logo-Lockup-Headshot.pngtiw=639\" alt=\"\" width=\"639\" height=\"236\" srcset=\"https:\/\/variety.com\/wp-content\/uploads\/2020\/12\/Just-for-Variety-Logo-Lockup-Headshot.png 639w, https:\/\/variety.com\/wp-content\/uploads\/2020\/12\/Just-for-Variety-Logo-Lockup-Headshot.png?resize=150,55 150w, https:\/\/variety.com\/wp-content\/uploads\/2020\/12\/Just-for-Variety-Logo-Lockup-Headshot.png?resize=300,111 300w\" sizes=\"auto, (min-width: 87.5rem) 1000px, (min-width: 78.75rem) 681px, (min-width: 48rem) 450px, (max-width: 48rem) 250px\"\/><\/p>\n<\/div>\n<p><br \/>\n<br \/><a href=\"https:\/\/variety.com\/2026\/music\/columns\/karol-g-ice-warn-taking-visa-away-1236709992\/\">Source link <\/a><\/p>\n","protected":false},"excerpt":{"rendered":"<p>Karol G wants to speak out more on politics \u2013 specifically ICE actions in the United States \u2013 but she\u2019s regularly warned not to. \u201cPeople will say, \u2018It\u2019s better you don\u2019t,\u2019 the Colombian Grammy-winner says in an interview accompanying her new cover of Playboy. \u201cWhy? Because if you say the thing, maybe the next day [&hellip;]<\/p>\n","protected":false},"author":1,"featured_media":100300,"comment_status":"closed","ping_status":"","sticky":false,"template":"","format":"standard","meta":{"googlesitekit_rrm_CAow2JLhCw:productID":"","_gspb_post_css":"","maa_idioma":"","maa_pais":"","footnotes":""},"categories":[1],"tags":[6217,25297,25298],"class_list":["post-100299","post","type-post","status-publish","format-standard","has-post-thumbnail","hentry","category-ubirata","tag-ice","tag-karol","tag-speak"],"blocksy_meta":[],"yoast_head":"<!-- This site is optimized with the Yoast SEO Premium plugin v27.6 (Yoast SEO v27.6) - https:\/\/yoast.com\/product\/yoast-seo-premium-wordpress\/ -->\n<title>Karol G Wants to Speak Out More About ICE - Ubirat\u00e3 Online Not\u00edcias - A realidade ao seu alcance!<\/title>\n<meta name=\"description\" content=\"Karol G wants to speak out more on politics \u2013 specifically ICE actions in the United States \u2013 but she\u2019s regularly warned not to. \u201cPeople will say, \u2018It\u2019s\" \/>\n<meta name=\"robots\" content=\"index, follow, max-snippet:-1, max-image-preview:large, max-video-preview:-1\" \/>\n<link rel=\"canonical\" href=\"https:\/\/ubirataonline.com.br\/en\/karol-g-wants-to-speak-out-more-about-ice\/\" \/>\n<meta property=\"og:locale\" content=\"en_US\" \/>\n<meta property=\"og:type\" content=\"article\" \/>\n<meta property=\"og:title\" content=\"Karol G Wants to Speak Out More About ICE\" \/>\n<meta property=\"og:description\" content=\"Karol G wants to speak out more on politics \u2013 specifically ICE actions in the United States \u2013 but she\u2019s regularly warned not to. \u201cPeople will say, \u2018It\u2019s\" \/>\n<meta property=\"og:url\" content=\"https:\/\/ubirataonline.com.br\/en\/karol-g-wants-to-speak-out-more-about-ice\/\" \/>\n<meta property=\"og:site_name\" content=\"Ubirat\u00e3 Online Not\u00edcias - A realidade ao seu alcance!\" \/>\n<meta property=\"article:publisher\" content=\"https:\/\/www.facebook.com\/portalubirataonline\" \/>\n<meta property=\"article:author\" content=\"https:\/\/www.facebook.com\/portalubirataonline\" \/>\n<meta property=\"article:published_time\" content=\"2026-04-07T14:30:12+00:00\" \/>\n<meta property=\"article:modified_time\" content=\"2026-04-07T14:30:14+00:00\" \/>\n<meta property=\"og:image\" content=\"https:\/\/ubirataonline.com.br\/wp-content\/uploads\/2026\/04\/Karol-G-Wants-to-Speak-Out-More-About-ICE.jpg\" \/>\n\t<meta property=\"og:image:width\" content=\"1000\" \/>\n\t<meta property=\"og:image:height\" content=\"563\" \/>\n\t<meta property=\"og:image:type\" content=\"image\/jpeg\" \/>\n<meta name=\"author\" content=\"REDA\u00c7\u00c3O: UBIRAT\u00c3 ONLINE - F\u00c1BIO AUGUSTO CELESTINO\" \/>\n<meta name=\"twitter:card\" content=\"summary_large_image\" \/>\n<meta name=\"twitter:creator\" content=\"@x.com\/ubirataonline\" \/>\n<meta name=\"twitter:site\" content=\"@ubirataonline\" \/>\n<meta name=\"twitter:label1\" content=\"Written by\" \/>\n\t<meta name=\"twitter:data1\" content=\"REDA\u00c7\u00c3O: UBIRAT\u00c3 ONLINE - F\u00c1BIO AUGUSTO CELESTINO\" \/>\n\t<meta name=\"twitter:label2\" content=\"Est. reading time\" \/>\n\t<meta name=\"twitter:data2\" content=\"3 minutes\" \/>\n<script type=\"application\/ld+json\" class=\"yoast-schema-graph\">{\"@context\":\"https:\\\/\\\/schema.org\",\"@graph\":[{\"@type\":\"NewsArticle\",\"@id\":\"https:\\\/\\\/ubirataonline.com.br\\\/karol-g-wants-to-speak-out-more-about-ice\\\/#article\",\"isPartOf\":{\"@id\":\"https:\\\/\\\/ubirataonline.com.br\\\/karol-g-wants-to-speak-out-more-about-ice\\\/\"},\"author\":{\"name\":\"REDA\u00c7\u00c3O: UBIRAT\u00c3 ONLINE - F\u00c1BIO AUGUSTO CELESTINO\",\"@id\":\"https:\\\/\\\/ubirataonline.com.br\\\/#\\\/schema\\\/person\\\/372f87bbd3fdd79b8556b84c98d0bc1c\"},\"headline\":\"Karol G Wants to Speak Out More About ICE\",\"datePublished\":\"2026-04-07T14:30:12+00:00\",\"dateModified\":\"2026-04-07T14:30:14+00:00\",\"mainEntityOfPage\":{\"@id\":\"https:\\\/\\\/ubirataonline.com.br\\\/karol-g-wants-to-speak-out-more-about-ice\\\/\"},\"wordCount\":571,\"publisher\":{\"@id\":\"https:\\\/\\\/ubirataonline.com.br\\\/#organization\"},\"image\":{\"@id\":\"https:\\\/\\\/ubirataonline.com.br\\\/karol-g-wants-to-speak-out-more-about-ice\\\/#primaryimage\"},\"thumbnailUrl\":\"https:\\\/\\\/ubirataonline.com.br\\\/wp-content\\\/uploads\\\/2026\\\/04\\\/Karol-G-Wants-to-Speak-Out-More-About-ICE.jpg\",\"keywords\":[\"ICE\",\"Karol\",\"Speak\"],\"articleSection\":[\"Ubirat\u00e3\"],\"inLanguage\":\"en-US\",\"copyrightYear\":\"2026\",\"copyrightHolder\":{\"@id\":\"https:\\\/\\\/ubirataonline.com.br\\\/en\\\/#organization\"}},{\"@type\":\"WebPage\",\"@id\":\"https:\\\/\\\/ubirataonline.com.br\\\/karol-g-wants-to-speak-out-more-about-ice\\\/\",\"url\":\"https:\\\/\\\/ubirataonline.com.br\\\/karol-g-wants-to-speak-out-more-about-ice\\\/\",\"name\":\"Karol G Wants to Speak Out More About ICE - Ubirat\u00e3 Online Not\u00edcias - A realidade ao seu alcance!\",\"isPartOf\":{\"@id\":\"https:\\\/\\\/ubirataonline.com.br\\\/#website\"},\"primaryImageOfPage\":{\"@id\":\"https:\\\/\\\/ubirataonline.com.br\\\/karol-g-wants-to-speak-out-more-about-ice\\\/#primaryimage\"},\"image\":{\"@id\":\"https:\\\/\\\/ubirataonline.com.br\\\/karol-g-wants-to-speak-out-more-about-ice\\\/#primaryimage\"},\"thumbnailUrl\":\"https:\\\/\\\/ubirataonline.com.br\\\/wp-content\\\/uploads\\\/2026\\\/04\\\/Karol-G-Wants-to-Speak-Out-More-About-ICE.jpg\",\"datePublished\":\"2026-04-07T14:30:12+00:00\",\"dateModified\":\"2026-04-07T14:30:14+00:00\",\"description\":\"Karol G wants to speak out more on politics \u2013 specifically ICE actions in the United States \u2013 but she\u2019s regularly warned not to. \u201cPeople will say, \u2018It\u2019s\",\"breadcrumb\":{\"@id\":\"https:\\\/\\\/ubirataonline.com.br\\\/karol-g-wants-to-speak-out-more-about-ice\\\/#breadcrumb\"},\"inLanguage\":\"en-US\",\"potentialAction\":[{\"@type\":\"ReadAction\",\"target\":[\"https:\\\/\\\/ubirataonline.com.br\\\/karol-g-wants-to-speak-out-more-about-ice\\\/\"]}]},{\"@type\":\"ImageObject\",\"inLanguage\":\"en-US\",\"@id\":\"https:\\\/\\\/ubirataonline.com.br\\\/karol-g-wants-to-speak-out-more-about-ice\\\/#primaryimage\",\"url\":\"https:\\\/\\\/ubirataonline.com.br\\\/wp-content\\\/uploads\\\/2026\\\/04\\\/Karol-G-Wants-to-Speak-Out-More-About-ICE.jpg\",\"contentUrl\":\"https:\\\/\\\/ubirataonline.com.br\\\/wp-content\\\/uploads\\\/2026\\\/04\\\/Karol-G-Wants-to-Speak-Out-More-About-ICE.jpg\",\"width\":1000,\"height\":563,\"caption\":\"WWD\"},{\"@type\":\"BreadcrumbList\",\"@id\":\"https:\\\/\\\/ubirataonline.com.br\\\/karol-g-wants-to-speak-out-more-about-ice\\\/#breadcrumb\",\"itemListElement\":[{\"@type\":\"ListItem\",\"position\":1,\"name\":\"In\u00edcio\",\"item\":\"https:\\\/\\\/ubirataonline.com.br\\\/\"},{\"@type\":\"ListItem\",\"position\":2,\"name\":\"Karol G Wants to Speak Out More About ICE\"}]},{\"@type\":\"WebSite\",\"@id\":\"https:\\\/\\\/ubirataonline.com.br\\\/#website\",\"url\":\"https:\\\/\\\/ubirataonline.com.br\\\/\",\"name\":\"Ubirat\u00e3 Online Not\u00edcias\",\"description\":\"Not\u00edcias de Ubirat\u00e3, regi\u00e3o, Brasil e mundo, com informa\u00e7\u00e3o atualizada e compromisso com o leitor.\",\"publisher\":{\"@id\":\"https:\\\/\\\/ubirataonline.com.br\\\/#organization\"},\"alternateName\":\"Ubirat\u00e3 Online\",\"potentialAction\":[{\"@type\":\"SearchAction\",\"target\":{\"@type\":\"EntryPoint\",\"urlTemplate\":\"https:\\\/\\\/ubirataonline.com.br\\\/?s={search_term_string}\"},\"query-input\":{\"@type\":\"PropertyValueSpecification\",\"valueRequired\":true,\"valueName\":\"search_term_string\"}}],\"inLanguage\":\"en-US\"},{\"@type\":[\"Organization\",\"Place\"],\"@id\":\"https:\\\/\\\/ubirataonline.com.br\\\/#organization\",\"name\":\"Ubirat\u00e3 Online Not\u00edcias\",\"alternateName\":\"Ubirat\u00e3 Online\",\"url\":\"https:\\\/\\\/ubirataonline.com.br\\\/\",\"logo\":{\"@id\":\"https:\\\/\\\/ubirataonline.com.br\\\/karol-g-wants-to-speak-out-more-about-ice\\\/#local-main-organization-logo\"},\"image\":{\"@id\":\"https:\\\/\\\/ubirataonline.com.br\\\/karol-g-wants-to-speak-out-more-about-ice\\\/#local-main-organization-logo\"},\"sameAs\":[\"https:\\\/\\\/www.facebook.com\\\/portalubirataonline\",\"https:\\\/\\\/x.com\\\/ubirataonline\",\"https:\\\/\\\/mastodon.social\\\/@ubirataonline\",\"https:\\\/\\\/www.facebook.com\\\/groups\\\/311144672285604\",\"https:\\\/\\\/www.facebook.com\\\/UBTAOnline\",\"https:\\\/\\\/www.instagram.com\\\/portalubirataonline\\\/\",\"https:\\\/\\\/twitter.com\\\/ubirataonline\"],\"description\":\"Somos um portal de not\u00edcias independente, criado em 5 de janeiro de 2009, com o objetivo de informar, conectar e valorizar a nossa comunidade de Ubirat\u00e3 e toda aregi\u00e3o. Com conte\u00fado atualizado, confi\u00e1vel e relevante, o Ubirat\u00e3 Online \u00e9 o seu espa\u00e7o para ficar por dentro dos principais acontecimentos locais, regionais, Brasil, Mundo e de interesse geral. Nosso compromisso \u00e9 com a verdade, a transpar\u00eancia e o respeito ao leitor.\",\"legalName\":\"UBIRATA ONLINE NOT\u00cdCIAS\",\"foundingDate\":\"2009-01-05\",\"numberOfEmployees\":{\"@type\":\"QuantitativeValue\",\"minValue\":\"1\",\"maxValue\":\"10\"},\"publishingPrinciples\":\"https:\\\/\\\/ubirataonline.com.br\\\/faq\\\/\",\"address\":{\"@id\":\"https:\\\/\\\/ubirataonline.com.br\\\/karol-g-wants-to-speak-out-more-about-ice\\\/#local-main-place-address\"},\"geo\":{\"@type\":\"GeoCoordinates\",\"latitude\":\"-24.5361401\",\"longitude\":\"-52.9921776\"},\"telephone\":[\"+5544998308235\"],\"contactPoint\":{\"@type\":\"ContactPoint\",\"email\":\"contato@ubirataonline.com.br\"},\"openingHoursSpecification\":{\"@type\":\"OpeningHoursSpecification\",\"dayOfWeek\":[\"Monday\",\"Tuesday\",\"Wednesday\",\"Thursday\",\"Friday\",\"Saturday\",\"Sunday\"],\"opens\":\"00:00\",\"closes\":\"23:59\"},\"email\":\"contato@ubirataonline.com.br\",\"vatID\":\"47.621.418\\\/0001-80\"},{\"@type\":\"Person\",\"@id\":\"https:\\\/\\\/ubirataonline.com.br\\\/#\\\/schema\\\/person\\\/372f87bbd3fdd79b8556b84c98d0bc1c\",\"name\":\"REDA\u00c7\u00c3O: UBIRAT\u00c3 ONLINE - F\u00c1BIO AUGUSTO CELESTINO\",\"pronouns\":\"Ele\",\"description\":\"Desde 2003 trabalhando com not\u00edcias.\",\"sameAs\":[\"http:\\\/\\\/ubirataoline.com.br\",\"https:\\\/\\\/www.facebook.com\\\/portalubirataonline\",\"https:\\\/\\\/www.instagram.com\\\/ubirataonline_oficial\",\"https:\\\/\\\/x.com\\\/x.com\\\/ubirataonline\"],\"honorificPrefix\":\"Mr.\",\"honorificSuffix\":\"MD\",\"birthDate\":\"1980-06-16\",\"gender\":\"masculino\",\"award\":[\"V\u00e1rios pr\u00eamios de melhor portal da cidade\"],\"jobTitle\":\"Diretor\",\"url\":\"https:\\\/\\\/ubirataonline.com.br\\\/en\\\/author\\\/ubirataonline\\\/\"},{\"@type\":\"PostalAddress\",\"@id\":\"https:\\\/\\\/ubirataonline.com.br\\\/karol-g-wants-to-speak-out-more-about-ice\\\/#local-main-place-address\",\"streetAddress\":\"Rua dos Coqueiros, 104 - Bairro Boa Vista, Rua dos Coqueiros, 104 Bairro Boa Vista\",\"addressLocality\":\"UBIRATA\",\"postalCode\":\"85440-000\",\"addressRegion\":\"PR\",\"addressCountry\":\"BR\"},{\"@type\":\"ImageObject\",\"inLanguage\":\"en-US\",\"@id\":\"https:\\\/\\\/ubirataonline.com.br\\\/karol-g-wants-to-speak-out-more-about-ice\\\/#local-main-organization-logo\",\"url\":\"https:\\\/\\\/ubirataonline.com.br\\\/wp-content\\\/uploads\\\/2026\\\/06\\\/logoubirataonline-1.webp\",\"contentUrl\":\"https:\\\/\\\/ubirataonline.com.br\\\/wp-content\\\/uploads\\\/2026\\\/06\\\/logoubirataonline-1.webp\",\"width\":500,\"height\":500,\"caption\":\"Ubirat\u00e3 Online Not\u00edcias\"}]}<\/script>\n<meta name=\"geo.placename\" content=\"UBIRATA\" \/>\n<meta name=\"geo.position\" content=\"-24.5361401;-52.9921776\" \/>\n<meta name=\"geo.region\" content=\"Brazil\" \/>\n<!-- \/ Yoast SEO Premium plugin. -->","yoast_head_json":{"title":"Karol G Wants to Speak Out More About ICE - Ubirat\u00e3 Online Not\u00edcias - A realidade ao seu alcance!","description":"Karol G wants to speak out more on politics \u2013 specifically ICE actions in the United States \u2013 but she\u2019s regularly warned not to. \u201cPeople will say, \u2018It\u2019s","robots":{"index":"index","follow":"follow","max-snippet":"max-snippet:-1","max-image-preview":"max-image-preview:large","max-video-preview":"max-video-preview:-1"},"canonical":"https:\/\/ubirataonline.com.br\/en\/karol-g-wants-to-speak-out-more-about-ice\/","og_locale":"en_US","og_type":"article","og_title":"Karol G Wants to Speak Out More About ICE","og_description":"Karol G wants to speak out more on politics \u2013 specifically ICE actions in the United States \u2013 but she\u2019s regularly warned not to. \u201cPeople will say, \u2018It\u2019s","og_url":"https:\/\/ubirataonline.com.br\/en\/karol-g-wants-to-speak-out-more-about-ice\/","og_site_name":"Ubirat\u00e3 Online Not\u00edcias - A realidade ao seu alcance!","article_publisher":"https:\/\/www.facebook.com\/portalubirataonline","article_author":"https:\/\/www.facebook.com\/portalubirataonline","article_published_time":"2026-04-07T14:30:12+00:00","article_modified_time":"2026-04-07T14:30:14+00:00","og_image":[{"width":1000,"height":563,"url":"https:\/\/ubirataonline.com.br\/wp-content\/uploads\/2026\/04\/Karol-G-Wants-to-Speak-Out-More-About-ICE.jpg","type":"image\/jpeg"}],"author":"REDA\u00c7\u00c3O: UBIRAT\u00c3 ONLINE - F\u00c1BIO AUGUSTO CELESTINO","twitter_card":"summary_large_image","twitter_creator":"@x.com\/ubirataonline","twitter_site":"@ubirataonline","twitter_misc":{"Written by":"REDA\u00c7\u00c3O: UBIRAT\u00c3 ONLINE - F\u00c1BIO AUGUSTO CELESTINO","Est. reading time":"3 minutes"},"schema":{"@context":"https:\/\/schema.org","@graph":[{"@type":"NewsArticle","@id":"https:\/\/ubirataonline.com.br\/karol-g-wants-to-speak-out-more-about-ice\/#article","isPartOf":{"@id":"https:\/\/ubirataonline.com.br\/karol-g-wants-to-speak-out-more-about-ice\/"},"author":{"name":"REDA\u00c7\u00c3O: UBIRAT\u00c3 ONLINE - F\u00c1BIO AUGUSTO CELESTINO","@id":"https:\/\/ubirataonline.com.br\/#\/schema\/person\/372f87bbd3fdd79b8556b84c98d0bc1c"},"headline":"Karol G Wants to Speak Out More About ICE","datePublished":"2026-04-07T14:30:12+00:00","dateModified":"2026-04-07T14:30:14+00:00","mainEntityOfPage":{"@id":"https:\/\/ubirataonline.com.br\/karol-g-wants-to-speak-out-more-about-ice\/"},"wordCount":571,"publisher":{"@id":"https:\/\/ubirataonline.com.br\/#organization"},"image":{"@id":"https:\/\/ubirataonline.com.br\/karol-g-wants-to-speak-out-more-about-ice\/#primaryimage"},"thumbnailUrl":"https:\/\/ubirataonline.com.br\/wp-content\/uploads\/2026\/04\/Karol-G-Wants-to-Speak-Out-More-About-ICE.jpg","keywords":["ICE","Karol","Speak"],"articleSection":["Ubirat\u00e3"],"inLanguage":"en-US","copyrightYear":"2026","copyrightHolder":{"@id":"https:\/\/ubirataonline.com.br\/en\/#organization"}},{"@type":"WebPage","@id":"https:\/\/ubirataonline.com.br\/karol-g-wants-to-speak-out-more-about-ice\/","url":"https:\/\/ubirataonline.com.br\/karol-g-wants-to-speak-out-more-about-ice\/","name":"Karol G Wants to Speak Out More About ICE - Ubirat\u00e3 Online Not\u00edcias - A realidade ao seu alcance!","isPartOf":{"@id":"https:\/\/ubirataonline.com.br\/#website"},"primaryImageOfPage":{"@id":"https:\/\/ubirataonline.com.br\/karol-g-wants-to-speak-out-more-about-ice\/#primaryimage"},"image":{"@id":"https:\/\/ubirataonline.com.br\/karol-g-wants-to-speak-out-more-about-ice\/#primaryimage"},"thumbnailUrl":"https:\/\/ubirataonline.com.br\/wp-content\/uploads\/2026\/04\/Karol-G-Wants-to-Speak-Out-More-About-ICE.jpg","datePublished":"2026-04-07T14:30:12+00:00","dateModified":"2026-04-07T14:30:14+00:00","description":"Karol G wants to speak out more on politics \u2013 specifically ICE actions in the United States \u2013 but she\u2019s regularly warned not to. \u201cPeople will say, \u2018It\u2019s","breadcrumb":{"@id":"https:\/\/ubirataonline.com.br\/karol-g-wants-to-speak-out-more-about-ice\/#breadcrumb"},"inLanguage":"en-US","potentialAction":[{"@type":"ReadAction","target":["https:\/\/ubirataonline.com.br\/karol-g-wants-to-speak-out-more-about-ice\/"]}]},{"@type":"ImageObject","inLanguage":"en-US","@id":"https:\/\/ubirataonline.com.br\/karol-g-wants-to-speak-out-more-about-ice\/#primaryimage","url":"https:\/\/ubirataonline.com.br\/wp-content\/uploads\/2026\/04\/Karol-G-Wants-to-Speak-Out-More-About-ICE.jpg","contentUrl":"https:\/\/ubirataonline.com.br\/wp-content\/uploads\/2026\/04\/Karol-G-Wants-to-Speak-Out-More-About-ICE.jpg","width":1000,"height":563,"caption":"WWD"},{"@type":"BreadcrumbList","@id":"https:\/\/ubirataonline.com.br\/karol-g-wants-to-speak-out-more-about-ice\/#breadcrumb","itemListElement":[{"@type":"ListItem","position":1,"name":"In\u00edcio","item":"https:\/\/ubirataonline.com.br\/"},{"@type":"ListItem","position":2,"name":"Karol G Wants to Speak Out More About ICE"}]},{"@type":"WebSite","@id":"https:\/\/ubirataonline.com.br\/#website","url":"https:\/\/ubirataonline.com.br\/","name":"Ubirat\u00e3 Online Not\u00edcias","description":"Not\u00edcias de Ubirat\u00e3, regi\u00e3o, Brasil e mundo, com informa\u00e7\u00e3o atualizada e compromisso com o leitor.","publisher":{"@id":"https:\/\/ubirataonline.com.br\/#organization"},"alternateName":"Ubirat\u00e3 Online","potentialAction":[{"@type":"SearchAction","target":{"@type":"EntryPoint","urlTemplate":"https:\/\/ubirataonline.com.br\/?s={search_term_string}"},"query-input":{"@type":"PropertyValueSpecification","valueRequired":true,"valueName":"search_term_string"}}],"inLanguage":"en-US"},{"@type":["Organization","Place"],"@id":"https:\/\/ubirataonline.com.br\/#organization","name":"Ubirat\u00e3 Online Not\u00edcias","alternateName":"Ubirat\u00e3 Online","url":"https:\/\/ubirataonline.com.br\/","logo":{"@id":"https:\/\/ubirataonline.com.br\/karol-g-wants-to-speak-out-more-about-ice\/#local-main-organization-logo"},"image":{"@id":"https:\/\/ubirataonline.com.br\/karol-g-wants-to-speak-out-more-about-ice\/#local-main-organization-logo"},"sameAs":["https:\/\/www.facebook.com\/portalubirataonline","https:\/\/x.com\/ubirataonline","https:\/\/mastodon.social\/@ubirataonline","https:\/\/www.facebook.com\/groups\/311144672285604","https:\/\/www.facebook.com\/UBTAOnline","https:\/\/www.instagram.com\/portalubirataonline\/","https:\/\/twitter.com\/ubirataonline"],"description":"Somos um portal de not\u00edcias independente, criado em 5 de janeiro de 2009, com o objetivo de informar, conectar e valorizar a nossa comunidade de Ubirat\u00e3 e toda aregi\u00e3o. Com conte\u00fado atualizado, confi\u00e1vel e relevante, o Ubirat\u00e3 Online \u00e9 o seu espa\u00e7o para ficar por dentro dos principais acontecimentos locais, regionais, Brasil, Mundo e de interesse geral. Nosso compromisso \u00e9 com a verdade, a transpar\u00eancia e o respeito ao leitor.","legalName":"UBIRATA ONLINE NOT\u00cdCIAS","foundingDate":"2009-01-05","numberOfEmployees":{"@type":"QuantitativeValue","minValue":"1","maxValue":"10"},"publishingPrinciples":"https:\/\/ubirataonline.com.br\/faq\/","address":{"@id":"https:\/\/ubirataonline.com.br\/karol-g-wants-to-speak-out-more-about-ice\/#local-main-place-address"},"geo":{"@type":"GeoCoordinates","latitude":"-24.5361401","longitude":"-52.9921776"},"telephone":["+5544998308235"],"contactPoint":{"@type":"ContactPoint","email":"contato@ubirataonline.com.br"},"openingHoursSpecification":{"@type":"OpeningHoursSpecification","dayOfWeek":["Monday","Tuesday","Wednesday","Thursday","Friday","Saturday","Sunday"],"opens":"00:00","closes":"23:59"},"email":"contato@ubirataonline.com.br","vatID":"47.621.418\/0001-80"},{"@type":"Person","@id":"https:\/\/ubirataonline.com.br\/#\/schema\/person\/372f87bbd3fdd79b8556b84c98d0bc1c","name":"REDA\u00c7\u00c3O: UBIRAT\u00c3 ONLINE - F\u00c1BIO AUGUSTO CELESTINO","pronouns":"Ele","description":"Desde 2003 trabalhando com not\u00edcias.","sameAs":["http:\/\/ubirataoline.com.br","https:\/\/www.facebook.com\/portalubirataonline","https:\/\/www.instagram.com\/ubirataonline_oficial","https:\/\/x.com\/x.com\/ubirataonline"],"honorificPrefix":"Mr.","honorificSuffix":"MD","birthDate":"1980-06-16","gender":"masculino","award":["V\u00e1rios pr\u00eamios de melhor portal da cidade"],"jobTitle":"Diretor","url":"https:\/\/ubirataonline.com.br\/en\/author\/ubirataonline\/"},{"@type":"PostalAddress","@id":"https:\/\/ubirataonline.com.br\/karol-g-wants-to-speak-out-more-about-ice\/#local-main-place-address","streetAddress":"Rua dos Coqueiros, 104 - Bairro Boa Vista, Rua dos Coqueiros, 104 Bairro Boa Vista","addressLocality":"UBIRATA","postalCode":"85440-000","addressRegion":"PR","addressCountry":"BR"},{"@type":"ImageObject","inLanguage":"en-US","@id":"https:\/\/ubirataonline.com.br\/karol-g-wants-to-speak-out-more-about-ice\/#local-main-organization-logo","url":"https:\/\/ubirataonline.com.br\/wp-content\/uploads\/2026\/06\/logoubirataonline-1.webp","contentUrl":"https:\/\/ubirataonline.com.br\/wp-content\/uploads\/2026\/06\/logoubirataonline-1.webp","width":500,"height":500,"caption":"Ubirat\u00e3 Online Not\u00edcias"}]},"geo.placename":"UBIRATA","geo.position":{"lat":"-24.5361401","long":"-52.9921776"},"geo.region":"Brazil"},"_links":{"self":[{"href":"https:\/\/ubirataonline.com.br\/en\/wp-json\/wp\/v2\/posts\/100299","targetHints":{"allow":["GET"]}}],"collection":[{"href":"https:\/\/ubirataonline.com.br\/en\/wp-json\/wp\/v2\/posts"}],"about":[{"href":"https:\/\/ubirataonline.com.br\/en\/wp-json\/wp\/v2\/types\/post"}],"author":[{"embeddable":true,"href":"https:\/\/ubirataonline.com.br\/en\/wp-json\/wp\/v2\/users\/1"}],"replies":[{"embeddable":true,"href":"https:\/\/ubirataonline.com.br\/en\/wp-json\/wp\/v2\/comments?post=100299"}],"version-history":[{"count":0,"href":"https:\/\/ubirataonline.com.br\/en\/wp-json\/wp\/v2\/posts\/100299\/revisions"}],"wp:featuredmedia":[{"embeddable":true,"href":"https:\/\/ubirataonline.com.br\/en\/wp-json\/wp\/v2\/media\/100300"}],"wp:attachment":[{"href":"https:\/\/ubirataonline.com.br\/en\/wp-json\/wp\/v2\/media?parent=100299"}],"wp:term":[{"taxonomy":"category","embeddable":true,"href":"https:\/\/ubirataonline.com.br\/en\/wp-json\/wp\/v2\/categories?post=100299"},{"taxonomy":"post_tag","embeddable":true,"href":"https:\/\/ubirataonline.com.br\/en\/wp-json\/wp\/v2\/tags?post=100299"}],"curies":[{"name":"wp","href":"https:\/\/api.w.org\/{rel}","templated":true}]}}