{"id":100388,"date":"2026-04-07T13:14:55","date_gmt":"2026-04-07T16:14:55","guid":{"rendered":"https:\/\/ubirataonline.com.br\/desantis-signs-law-giving-florida-officials-power-to-label-terrorist-groups\/"},"modified":"2026-04-07T13:14:57","modified_gmt":"2026-04-07T16:14:57","slug":"desantis-signs-law-giving-florida-officials-power-to-label-terrorist-groups","status":"publish","type":"post","link":"https:\/\/ubirataonline.com.br\/en\/desantis-signs-law-giving-florida-officials-power-to-label-terrorist-groups\/","title":{"rendered":"DeSantis signs law giving Florida officials power to label terrorist groups"},"content":{"rendered":"<p><\/p>\n<div>\n<p>TAMPA, Fla. (AP) \u2014 Gov. Ron DeSantis signed a measure into law Monday that gives him along with other Florida leaders the ability to label groups as domestic or foreign terrorist organizations and expel state university students who support them.<\/p>\n<p>The law, criticized by free speech advocates, allows a top official at the Florida Department of Law Enforcement to designate a group as a domestic or foreign terrorist organization, with the governor and three other members of the Florida Cabinet approving or rejecting the designation. Besides the governor, the Cabinet is made up of the state attorney general, the chief financial officer and the agriculture commissioner, all of whom are elected separately.<\/p>\n<p>Once designated a terrorist organization, a group can be dissolved and it can no longer receive any state funding through school districts or state agencies. Universities also would have to report the status of expelled students attending on visas to U.S. Immigration and Customs Enforcement.<\/p>\n<p>\u201cSo this will help the state of Florida protect you. It\u2019ll help us protect your tax dollars,\u201d DeSantis said at a news conference in Tampa. \u201cIt\u2019ll help us protect things that should not be happening in the United States of America, but certainly shouldn\u2019t be happening in the free state of Florida.\u201d<\/p>\n<p>DeSantis <span class=\"LinkEnhancement\"><a class=\"Link AnClick-LinkEnhancement\" data-gtm-enhancement-style=\"LinkEnhancementA\" href=\"https:\/\/apnews.com\/article\/florida-desantis-muslims-civil-rights-d703dee3b5ad7e498e0a13769e8002d1\">last December<\/a><\/span> designated the Council on American-Islamic Relations and the Muslim Brotherhoods as foreign terrorist organizations. A federal judge last month temporarily blocked the enforcement of DeSantis\u2019 executive order.<\/p>\n<p>PEN America, a free speech advocacy group, said the new law has vague language that could restrict education programs deemed to be \u201cpromoting\u201d terrorism and that it could target student protesters who criticize Florida officials.<\/p>\n<p>The new law \u201ccould chill education at every level,\u201d said William Johnson, PEN America\u2019s Florida director. \u201cThe implications are fraught.\u201d<\/p>\n<\/p><\/div>\n<p><script>\n  window.fbAsyncInit = function() {\n      FB.init({\n              appId : '870613919693099',\n          xfbml : true,\n          version : 'v2.9'\n      });\n  };\n  (function(d, s, id){\n     var js, fjs = d.getElementsByTagName(s)[0];\n     if (d.getElementById(id)) {return;}\n     js = d.createElement(s); js.id = id;\n     js.src = \"https:\/\/connect.facebook.net\/en_US\/sdk.js\";\n     fjs.parentNode.insertBefore(js, fjs);\n   }(document, 'script', 'facebook-jssdk'));\n<\/script><\/p>\n<p><a href=\"https:\/\/apnews.com\/article\/desantis-florida-terrorist-groups-free-speech-0b5dfb47052a17168919a3ce3c80dead\">Source link <\/a><\/p>\n","protected":false},"excerpt":{"rendered":"<p>TAMPA, Fla. (AP) \u2014 Gov. Ron DeSantis signed a measure into law Monday that gives him along with other Florida leaders the ability to label groups as domestic or foreign terrorist organizations and expel state university students who support them. The law, criticized by free speech advocates, allows a top official at the Florida Department [&hellip;]<\/p>\n","protected":false},"author":1,"featured_media":100389,"comment_status":"closed","ping_status":"","sticky":false,"template":"","format":"standard","meta":{"googlesitekit_rrm_CAow2JLhCw:productID":"","_gspb_post_css":"","maa_idioma":"","maa_pais":"","footnotes":""},"categories":[1],"tags":[14364,7019,10002,16522,4927,11736,7486,3015,5195,25335],"class_list":["post-100388","post","type-post","status-publish","format-standard","has-post-thumbnail","hentry","category-ubirata","tag-desantis","tag-florida","tag-giving","tag-groups","tag-label","tag-law","tag-officials","tag-power","tag-signs","tag-terrorist"],"blocksy_meta":[],"yoast_head":"<!-- This site is optimized with the Yoast SEO Premium plugin v27.6 (Yoast SEO v27.6) - https:\/\/yoast.com\/product\/yoast-seo-premium-wordpress\/ -->\n<title>DeSantis signs law giving Florida officials power to label terrorist groups - Ubirat\u00e3 Online Not\u00edcias - A realidade ao seu alcance!<\/title>\n<meta name=\"description\" content=\"TAMPA, Fla. (AP) \u2014 Gov. Ron DeSantis signed a measure into law Monday that gives him along with other Florida leaders the ability to label groups as\" \/>\n<meta name=\"robots\" content=\"index, follow, max-snippet:-1, max-image-preview:large, max-video-preview:-1\" \/>\n<link rel=\"canonical\" href=\"https:\/\/ubirataonline.com.br\/en\/desantis-signs-law-giving-florida-officials-power-to-label-terrorist-groups\/\" \/>\n<meta property=\"og:locale\" content=\"en_US\" \/>\n<meta property=\"og:type\" content=\"article\" \/>\n<meta property=\"og:title\" content=\"DeSantis signs law giving Florida officials power to label terrorist groups\" \/>\n<meta property=\"og:description\" content=\"TAMPA, Fla. (AP) \u2014 Gov. Ron DeSantis signed a measure into law Monday that gives him along with other Florida leaders the ability to label groups as\" \/>\n<meta property=\"og:url\" content=\"https:\/\/ubirataonline.com.br\/en\/desantis-signs-law-giving-florida-officials-power-to-label-terrorist-groups\/\" \/>\n<meta property=\"og:site_name\" content=\"Ubirat\u00e3 Online Not\u00edcias - A realidade ao seu alcance!\" \/>\n<meta property=\"article:publisher\" content=\"https:\/\/www.facebook.com\/portalubirataonline\" \/>\n<meta property=\"article:author\" content=\"https:\/\/www.facebook.com\/portalubirataonline\" \/>\n<meta property=\"article:published_time\" content=\"2026-04-07T16:14:55+00:00\" \/>\n<meta property=\"article:modified_time\" content=\"2026-04-07T16:14:57+00:00\" \/>\n<meta property=\"og:image\" content=\"https:\/\/ubirataonline.com.br\/wp-content\/uploads\/2026\/04\/DeSantis-signs-law-giving-Florida-officials-power-to-label-terrorist.com2F2d2F9e2F188f13c166af9e945cad3feb9d332F2ca56726c494436f9cbe.jpeg\" \/>\n\t<meta property=\"og:image:width\" content=\"980\" \/>\n\t<meta property=\"og:image:height\" content=\"653\" \/>\n\t<meta property=\"og:image:type\" content=\"image\/jpeg\" \/>\n<meta name=\"author\" content=\"REDA\u00c7\u00c3O: UBIRAT\u00c3 ONLINE - F\u00c1BIO AUGUSTO CELESTINO\" \/>\n<meta name=\"twitter:card\" content=\"summary_large_image\" \/>\n<meta name=\"twitter:creator\" content=\"@x.com\/ubirataonline\" \/>\n<meta name=\"twitter:site\" content=\"@ubirataonline\" \/>\n<meta name=\"twitter:label1\" content=\"Written by\" \/>\n\t<meta name=\"twitter:data1\" content=\"REDA\u00c7\u00c3O: UBIRAT\u00c3 ONLINE - F\u00c1BIO AUGUSTO CELESTINO\" \/>\n\t<meta name=\"twitter:label2\" content=\"Est. reading time\" \/>\n\t<meta name=\"twitter:data2\" content=\"2 minutes\" \/>\n<script type=\"application\/ld+json\" class=\"yoast-schema-graph\">{\"@context\":\"https:\\\/\\\/schema.org\",\"@graph\":[{\"@type\":\"NewsArticle\",\"@id\":\"https:\\\/\\\/ubirataonline.com.br\\\/desantis-signs-law-giving-florida-officials-power-to-label-terrorist-groups\\\/#article\",\"isPartOf\":{\"@id\":\"https:\\\/\\\/ubirataonline.com.br\\\/desantis-signs-law-giving-florida-officials-power-to-label-terrorist-groups\\\/\"},\"author\":{\"name\":\"REDA\u00c7\u00c3O: UBIRAT\u00c3 ONLINE - F\u00c1BIO AUGUSTO CELESTINO\",\"@id\":\"https:\\\/\\\/ubirataonline.com.br\\\/#\\\/schema\\\/person\\\/372f87bbd3fdd79b8556b84c98d0bc1c\"},\"headline\":\"DeSantis signs law giving Florida officials power to label terrorist groups\",\"datePublished\":\"2026-04-07T16:14:55+00:00\",\"dateModified\":\"2026-04-07T16:14:57+00:00\",\"mainEntityOfPage\":{\"@id\":\"https:\\\/\\\/ubirataonline.com.br\\\/desantis-signs-law-giving-florida-officials-power-to-label-terrorist-groups\\\/\"},\"wordCount\":311,\"publisher\":{\"@id\":\"https:\\\/\\\/ubirataonline.com.br\\\/#organization\"},\"image\":{\"@id\":\"https:\\\/\\\/ubirataonline.com.br\\\/desantis-signs-law-giving-florida-officials-power-to-label-terrorist-groups\\\/#primaryimage\"},\"thumbnailUrl\":\"https:\\\/\\\/ubirataonline.com.br\\\/wp-content\\\/uploads\\\/2026\\\/04\\\/DeSantis-signs-law-giving-Florida-officials-power-to-label-terrorist.com2F2d2F9e2F188f13c166af9e945cad3feb9d332F2ca56726c494436f9cbe.jpeg\",\"keywords\":[\"DeSantis\",\"Florida\",\"giving\",\"groups\",\"label\",\"Law\",\"officials\",\"Power\",\"signs\",\"terrorist\"],\"articleSection\":[\"Ubirat\u00e3\"],\"inLanguage\":\"en-US\",\"copyrightYear\":\"2026\",\"copyrightHolder\":{\"@id\":\"https:\\\/\\\/ubirataonline.com.br\\\/en\\\/#organization\"}},{\"@type\":\"WebPage\",\"@id\":\"https:\\\/\\\/ubirataonline.com.br\\\/desantis-signs-law-giving-florida-officials-power-to-label-terrorist-groups\\\/\",\"url\":\"https:\\\/\\\/ubirataonline.com.br\\\/desantis-signs-law-giving-florida-officials-power-to-label-terrorist-groups\\\/\",\"name\":\"DeSantis signs law giving Florida officials power to label terrorist groups - Ubirat\u00e3 Online Not\u00edcias - A realidade ao seu alcance!\",\"isPartOf\":{\"@id\":\"https:\\\/\\\/ubirataonline.com.br\\\/#website\"},\"primaryImageOfPage\":{\"@id\":\"https:\\\/\\\/ubirataonline.com.br\\\/desantis-signs-law-giving-florida-officials-power-to-label-terrorist-groups\\\/#primaryimage\"},\"image\":{\"@id\":\"https:\\\/\\\/ubirataonline.com.br\\\/desantis-signs-law-giving-florida-officials-power-to-label-terrorist-groups\\\/#primaryimage\"},\"thumbnailUrl\":\"https:\\\/\\\/ubirataonline.com.br\\\/wp-content\\\/uploads\\\/2026\\\/04\\\/DeSantis-signs-law-giving-Florida-officials-power-to-label-terrorist.com2F2d2F9e2F188f13c166af9e945cad3feb9d332F2ca56726c494436f9cbe.jpeg\",\"datePublished\":\"2026-04-07T16:14:55+00:00\",\"dateModified\":\"2026-04-07T16:14:57+00:00\",\"description\":\"TAMPA, Fla. (AP) \u2014 Gov. Ron DeSantis signed a measure into law Monday that gives him along with other Florida leaders the ability to label groups as\",\"breadcrumb\":{\"@id\":\"https:\\\/\\\/ubirataonline.com.br\\\/desantis-signs-law-giving-florida-officials-power-to-label-terrorist-groups\\\/#breadcrumb\"},\"inLanguage\":\"en-US\",\"potentialAction\":[{\"@type\":\"ReadAction\",\"target\":[\"https:\\\/\\\/ubirataonline.com.br\\\/desantis-signs-law-giving-florida-officials-power-to-label-terrorist-groups\\\/\"]}]},{\"@type\":\"ImageObject\",\"inLanguage\":\"en-US\",\"@id\":\"https:\\\/\\\/ubirataonline.com.br\\\/desantis-signs-law-giving-florida-officials-power-to-label-terrorist-groups\\\/#primaryimage\",\"url\":\"https:\\\/\\\/ubirataonline.com.br\\\/wp-content\\\/uploads\\\/2026\\\/04\\\/DeSantis-signs-law-giving-Florida-officials-power-to-label-terrorist.com2F2d2F9e2F188f13c166af9e945cad3feb9d332F2ca56726c494436f9cbe.jpeg\",\"contentUrl\":\"https:\\\/\\\/ubirataonline.com.br\\\/wp-content\\\/uploads\\\/2026\\\/04\\\/DeSantis-signs-law-giving-Florida-officials-power-to-label-terrorist.com2F2d2F9e2F188f13c166af9e945cad3feb9d332F2ca56726c494436f9cbe.jpeg\",\"width\":980,\"height\":653,\"caption\":\"Florida Gov. Ron DeSantis is seen before a roundtable discussion on college sports in the East Room of the White House, Friday, March 6, 2026, in Washington. (AP Photo\\\/Julia Demaree Nikhinson, File)\"},{\"@type\":\"BreadcrumbList\",\"@id\":\"https:\\\/\\\/ubirataonline.com.br\\\/desantis-signs-law-giving-florida-officials-power-to-label-terrorist-groups\\\/#breadcrumb\",\"itemListElement\":[{\"@type\":\"ListItem\",\"position\":1,\"name\":\"In\u00edcio\",\"item\":\"https:\\\/\\\/ubirataonline.com.br\\\/\"},{\"@type\":\"ListItem\",\"position\":2,\"name\":\"DeSantis signs law giving Florida officials power to label terrorist groups\"}]},{\"@type\":\"WebSite\",\"@id\":\"https:\\\/\\\/ubirataonline.com.br\\\/#website\",\"url\":\"https:\\\/\\\/ubirataonline.com.br\\\/\",\"name\":\"Ubirat\u00e3 Online Not\u00edcias\",\"description\":\"Not\u00edcias de Ubirat\u00e3, regi\u00e3o, Brasil e mundo, com informa\u00e7\u00e3o atualizada e compromisso com o leitor.\",\"publisher\":{\"@id\":\"https:\\\/\\\/ubirataonline.com.br\\\/#organization\"},\"alternateName\":\"Ubirat\u00e3 Online\",\"potentialAction\":[{\"@type\":\"SearchAction\",\"target\":{\"@type\":\"EntryPoint\",\"urlTemplate\":\"https:\\\/\\\/ubirataonline.com.br\\\/?s={search_term_string}\"},\"query-input\":{\"@type\":\"PropertyValueSpecification\",\"valueRequired\":true,\"valueName\":\"search_term_string\"}}],\"inLanguage\":\"en-US\"},{\"@type\":[\"Organization\",\"Place\"],\"@id\":\"https:\\\/\\\/ubirataonline.com.br\\\/#organization\",\"name\":\"Ubirat\u00e3 Online Not\u00edcias\",\"alternateName\":\"Ubirat\u00e3 Online\",\"url\":\"https:\\\/\\\/ubirataonline.com.br\\\/\",\"logo\":{\"@id\":\"https:\\\/\\\/ubirataonline.com.br\\\/desantis-signs-law-giving-florida-officials-power-to-label-terrorist-groups\\\/#local-main-organization-logo\"},\"image\":{\"@id\":\"https:\\\/\\\/ubirataonline.com.br\\\/desantis-signs-law-giving-florida-officials-power-to-label-terrorist-groups\\\/#local-main-organization-logo\"},\"sameAs\":[\"https:\\\/\\\/www.facebook.com\\\/portalubirataonline\",\"https:\\\/\\\/x.com\\\/ubirataonline\",\"https:\\\/\\\/mastodon.social\\\/@ubirataonline\",\"https:\\\/\\\/www.facebook.com\\\/groups\\\/311144672285604\",\"https:\\\/\\\/www.facebook.com\\\/UBTAOnline\",\"https:\\\/\\\/www.instagram.com\\\/portalubirataonline\\\/\",\"https:\\\/\\\/twitter.com\\\/ubirataonline\"],\"description\":\"Somos um portal de not\u00edcias independente, criado em 5 de janeiro de 2009, com o objetivo de informar, conectar e valorizar a nossa comunidade de Ubirat\u00e3 e toda aregi\u00e3o. Com conte\u00fado atualizado, confi\u00e1vel e relevante, o Ubirat\u00e3 Online \u00e9 o seu espa\u00e7o para ficar por dentro dos principais acontecimentos locais, regionais, Brasil, Mundo e de interesse geral. Nosso compromisso \u00e9 com a verdade, a transpar\u00eancia e o respeito ao leitor.\",\"legalName\":\"UBIRATA ONLINE NOT\u00cdCIAS\",\"foundingDate\":\"2009-01-05\",\"numberOfEmployees\":{\"@type\":\"QuantitativeValue\",\"minValue\":\"1\",\"maxValue\":\"10\"},\"publishingPrinciples\":\"https:\\\/\\\/ubirataonline.com.br\\\/faq\\\/\",\"address\":{\"@id\":\"https:\\\/\\\/ubirataonline.com.br\\\/desantis-signs-law-giving-florida-officials-power-to-label-terrorist-groups\\\/#local-main-place-address\"},\"geo\":{\"@type\":\"GeoCoordinates\",\"latitude\":\"-24.5361401\",\"longitude\":\"-52.9921776\"},\"telephone\":[\"+5544998308235\"],\"contactPoint\":{\"@type\":\"ContactPoint\",\"email\":\"contato@ubirataonline.com.br\"},\"openingHoursSpecification\":{\"@type\":\"OpeningHoursSpecification\",\"dayOfWeek\":[\"Monday\",\"Tuesday\",\"Wednesday\",\"Thursday\",\"Friday\",\"Saturday\",\"Sunday\"],\"opens\":\"00:00\",\"closes\":\"23:59\"},\"email\":\"contato@ubirataonline.com.br\",\"vatID\":\"47.621.418\\\/0001-80\"},{\"@type\":\"Person\",\"@id\":\"https:\\\/\\\/ubirataonline.com.br\\\/#\\\/schema\\\/person\\\/372f87bbd3fdd79b8556b84c98d0bc1c\",\"name\":\"REDA\u00c7\u00c3O: UBIRAT\u00c3 ONLINE - F\u00c1BIO AUGUSTO CELESTINO\",\"pronouns\":\"Ele\",\"description\":\"Desde 2003 trabalhando com not\u00edcias.\",\"sameAs\":[\"http:\\\/\\\/ubirataoline.com.br\",\"https:\\\/\\\/www.facebook.com\\\/portalubirataonline\",\"https:\\\/\\\/www.instagram.com\\\/ubirataonline_oficial\",\"https:\\\/\\\/x.com\\\/x.com\\\/ubirataonline\"],\"honorificPrefix\":\"Mr.\",\"honorificSuffix\":\"MD\",\"birthDate\":\"1980-06-16\",\"gender\":\"masculino\",\"award\":[\"V\u00e1rios pr\u00eamios de melhor portal da cidade\"],\"jobTitle\":\"Diretor\",\"url\":\"https:\\\/\\\/ubirataonline.com.br\\\/en\\\/author\\\/ubirataonline\\\/\"},{\"@type\":\"PostalAddress\",\"@id\":\"https:\\\/\\\/ubirataonline.com.br\\\/desantis-signs-law-giving-florida-officials-power-to-label-terrorist-groups\\\/#local-main-place-address\",\"streetAddress\":\"Rua dos Coqueiros, 104 - Bairro Boa Vista, Rua dos Coqueiros, 104 Bairro Boa Vista\",\"addressLocality\":\"UBIRATA\",\"postalCode\":\"85440-000\",\"addressRegion\":\"PR\",\"addressCountry\":\"BR\"},{\"@type\":\"ImageObject\",\"inLanguage\":\"en-US\",\"@id\":\"https:\\\/\\\/ubirataonline.com.br\\\/desantis-signs-law-giving-florida-officials-power-to-label-terrorist-groups\\\/#local-main-organization-logo\",\"url\":\"https:\\\/\\\/ubirataonline.com.br\\\/wp-content\\\/uploads\\\/2026\\\/06\\\/logoubirataonline-1.webp\",\"contentUrl\":\"https:\\\/\\\/ubirataonline.com.br\\\/wp-content\\\/uploads\\\/2026\\\/06\\\/logoubirataonline-1.webp\",\"width\":500,\"height\":500,\"caption\":\"Ubirat\u00e3 Online Not\u00edcias\"}]}<\/script>\n<meta name=\"geo.placename\" content=\"UBIRATA\" \/>\n<meta name=\"geo.position\" content=\"-24.5361401;-52.9921776\" \/>\n<meta name=\"geo.region\" content=\"Brazil\" \/>\n<!-- \/ Yoast SEO Premium plugin. -->","yoast_head_json":{"title":"DeSantis signs law giving Florida officials power to label terrorist groups - Ubirat\u00e3 Online Not\u00edcias - A realidade ao seu alcance!","description":"TAMPA, Fla. (AP) \u2014 Gov. Ron DeSantis signed a measure into law Monday that gives him along with other Florida leaders the ability to label groups as","robots":{"index":"index","follow":"follow","max-snippet":"max-snippet:-1","max-image-preview":"max-image-preview:large","max-video-preview":"max-video-preview:-1"},"canonical":"https:\/\/ubirataonline.com.br\/en\/desantis-signs-law-giving-florida-officials-power-to-label-terrorist-groups\/","og_locale":"en_US","og_type":"article","og_title":"DeSantis signs law giving Florida officials power to label terrorist groups","og_description":"TAMPA, Fla. (AP) \u2014 Gov. Ron DeSantis signed a measure into law Monday that gives him along with other Florida leaders the ability to label groups as","og_url":"https:\/\/ubirataonline.com.br\/en\/desantis-signs-law-giving-florida-officials-power-to-label-terrorist-groups\/","og_site_name":"Ubirat\u00e3 Online Not\u00edcias - A realidade ao seu alcance!","article_publisher":"https:\/\/www.facebook.com\/portalubirataonline","article_author":"https:\/\/www.facebook.com\/portalubirataonline","article_published_time":"2026-04-07T16:14:55+00:00","article_modified_time":"2026-04-07T16:14:57+00:00","og_image":[{"width":980,"height":653,"url":"https:\/\/ubirataonline.com.br\/wp-content\/uploads\/2026\/04\/DeSantis-signs-law-giving-Florida-officials-power-to-label-terrorist.com2F2d2F9e2F188f13c166af9e945cad3feb9d332F2ca56726c494436f9cbe.jpeg","type":"image\/jpeg"}],"author":"REDA\u00c7\u00c3O: UBIRAT\u00c3 ONLINE - F\u00c1BIO AUGUSTO CELESTINO","twitter_card":"summary_large_image","twitter_creator":"@x.com\/ubirataonline","twitter_site":"@ubirataonline","twitter_misc":{"Written by":"REDA\u00c7\u00c3O: UBIRAT\u00c3 ONLINE - F\u00c1BIO AUGUSTO CELESTINO","Est. reading time":"2 minutes"},"schema":{"@context":"https:\/\/schema.org","@graph":[{"@type":"NewsArticle","@id":"https:\/\/ubirataonline.com.br\/desantis-signs-law-giving-florida-officials-power-to-label-terrorist-groups\/#article","isPartOf":{"@id":"https:\/\/ubirataonline.com.br\/desantis-signs-law-giving-florida-officials-power-to-label-terrorist-groups\/"},"author":{"name":"REDA\u00c7\u00c3O: UBIRAT\u00c3 ONLINE - F\u00c1BIO AUGUSTO CELESTINO","@id":"https:\/\/ubirataonline.com.br\/#\/schema\/person\/372f87bbd3fdd79b8556b84c98d0bc1c"},"headline":"DeSantis signs law giving Florida officials power to label terrorist groups","datePublished":"2026-04-07T16:14:55+00:00","dateModified":"2026-04-07T16:14:57+00:00","mainEntityOfPage":{"@id":"https:\/\/ubirataonline.com.br\/desantis-signs-law-giving-florida-officials-power-to-label-terrorist-groups\/"},"wordCount":311,"publisher":{"@id":"https:\/\/ubirataonline.com.br\/#organization"},"image":{"@id":"https:\/\/ubirataonline.com.br\/desantis-signs-law-giving-florida-officials-power-to-label-terrorist-groups\/#primaryimage"},"thumbnailUrl":"https:\/\/ubirataonline.com.br\/wp-content\/uploads\/2026\/04\/DeSantis-signs-law-giving-Florida-officials-power-to-label-terrorist.com2F2d2F9e2F188f13c166af9e945cad3feb9d332F2ca56726c494436f9cbe.jpeg","keywords":["DeSantis","Florida","giving","groups","label","Law","officials","Power","signs","terrorist"],"articleSection":["Ubirat\u00e3"],"inLanguage":"en-US","copyrightYear":"2026","copyrightHolder":{"@id":"https:\/\/ubirataonline.com.br\/en\/#organization"}},{"@type":"WebPage","@id":"https:\/\/ubirataonline.com.br\/desantis-signs-law-giving-florida-officials-power-to-label-terrorist-groups\/","url":"https:\/\/ubirataonline.com.br\/desantis-signs-law-giving-florida-officials-power-to-label-terrorist-groups\/","name":"DeSantis signs law giving Florida officials power to label terrorist groups - Ubirat\u00e3 Online Not\u00edcias - A realidade ao seu alcance!","isPartOf":{"@id":"https:\/\/ubirataonline.com.br\/#website"},"primaryImageOfPage":{"@id":"https:\/\/ubirataonline.com.br\/desantis-signs-law-giving-florida-officials-power-to-label-terrorist-groups\/#primaryimage"},"image":{"@id":"https:\/\/ubirataonline.com.br\/desantis-signs-law-giving-florida-officials-power-to-label-terrorist-groups\/#primaryimage"},"thumbnailUrl":"https:\/\/ubirataonline.com.br\/wp-content\/uploads\/2026\/04\/DeSantis-signs-law-giving-Florida-officials-power-to-label-terrorist.com2F2d2F9e2F188f13c166af9e945cad3feb9d332F2ca56726c494436f9cbe.jpeg","datePublished":"2026-04-07T16:14:55+00:00","dateModified":"2026-04-07T16:14:57+00:00","description":"TAMPA, Fla. (AP) \u2014 Gov. Ron DeSantis signed a measure into law Monday that gives him along with other Florida leaders the ability to label groups as","breadcrumb":{"@id":"https:\/\/ubirataonline.com.br\/desantis-signs-law-giving-florida-officials-power-to-label-terrorist-groups\/#breadcrumb"},"inLanguage":"en-US","potentialAction":[{"@type":"ReadAction","target":["https:\/\/ubirataonline.com.br\/desantis-signs-law-giving-florida-officials-power-to-label-terrorist-groups\/"]}]},{"@type":"ImageObject","inLanguage":"en-US","@id":"https:\/\/ubirataonline.com.br\/desantis-signs-law-giving-florida-officials-power-to-label-terrorist-groups\/#primaryimage","url":"https:\/\/ubirataonline.com.br\/wp-content\/uploads\/2026\/04\/DeSantis-signs-law-giving-Florida-officials-power-to-label-terrorist.com2F2d2F9e2F188f13c166af9e945cad3feb9d332F2ca56726c494436f9cbe.jpeg","contentUrl":"https:\/\/ubirataonline.com.br\/wp-content\/uploads\/2026\/04\/DeSantis-signs-law-giving-Florida-officials-power-to-label-terrorist.com2F2d2F9e2F188f13c166af9e945cad3feb9d332F2ca56726c494436f9cbe.jpeg","width":980,"height":653,"caption":"Florida Gov. Ron DeSantis is seen before a roundtable discussion on college sports in the East Room of the White House, Friday, March 6, 2026, in Washington. (AP Photo\/Julia Demaree Nikhinson, File)"},{"@type":"BreadcrumbList","@id":"https:\/\/ubirataonline.com.br\/desantis-signs-law-giving-florida-officials-power-to-label-terrorist-groups\/#breadcrumb","itemListElement":[{"@type":"ListItem","position":1,"name":"In\u00edcio","item":"https:\/\/ubirataonline.com.br\/"},{"@type":"ListItem","position":2,"name":"DeSantis signs law giving Florida officials power to label terrorist groups"}]},{"@type":"WebSite","@id":"https:\/\/ubirataonline.com.br\/#website","url":"https:\/\/ubirataonline.com.br\/","name":"Ubirat\u00e3 Online Not\u00edcias","description":"Not\u00edcias de Ubirat\u00e3, regi\u00e3o, Brasil e mundo, com informa\u00e7\u00e3o atualizada e compromisso com o leitor.","publisher":{"@id":"https:\/\/ubirataonline.com.br\/#organization"},"alternateName":"Ubirat\u00e3 Online","potentialAction":[{"@type":"SearchAction","target":{"@type":"EntryPoint","urlTemplate":"https:\/\/ubirataonline.com.br\/?s={search_term_string}"},"query-input":{"@type":"PropertyValueSpecification","valueRequired":true,"valueName":"search_term_string"}}],"inLanguage":"en-US"},{"@type":["Organization","Place"],"@id":"https:\/\/ubirataonline.com.br\/#organization","name":"Ubirat\u00e3 Online Not\u00edcias","alternateName":"Ubirat\u00e3 Online","url":"https:\/\/ubirataonline.com.br\/","logo":{"@id":"https:\/\/ubirataonline.com.br\/desantis-signs-law-giving-florida-officials-power-to-label-terrorist-groups\/#local-main-organization-logo"},"image":{"@id":"https:\/\/ubirataonline.com.br\/desantis-signs-law-giving-florida-officials-power-to-label-terrorist-groups\/#local-main-organization-logo"},"sameAs":["https:\/\/www.facebook.com\/portalubirataonline","https:\/\/x.com\/ubirataonline","https:\/\/mastodon.social\/@ubirataonline","https:\/\/www.facebook.com\/groups\/311144672285604","https:\/\/www.facebook.com\/UBTAOnline","https:\/\/www.instagram.com\/portalubirataonline\/","https:\/\/twitter.com\/ubirataonline"],"description":"Somos um portal de not\u00edcias independente, criado em 5 de janeiro de 2009, com o objetivo de informar, conectar e valorizar a nossa comunidade de Ubirat\u00e3 e toda aregi\u00e3o. Com conte\u00fado atualizado, confi\u00e1vel e relevante, o Ubirat\u00e3 Online \u00e9 o seu espa\u00e7o para ficar por dentro dos principais acontecimentos locais, regionais, Brasil, Mundo e de interesse geral. Nosso compromisso \u00e9 com a verdade, a transpar\u00eancia e o respeito ao leitor.","legalName":"UBIRATA ONLINE NOT\u00cdCIAS","foundingDate":"2009-01-05","numberOfEmployees":{"@type":"QuantitativeValue","minValue":"1","maxValue":"10"},"publishingPrinciples":"https:\/\/ubirataonline.com.br\/faq\/","address":{"@id":"https:\/\/ubirataonline.com.br\/desantis-signs-law-giving-florida-officials-power-to-label-terrorist-groups\/#local-main-place-address"},"geo":{"@type":"GeoCoordinates","latitude":"-24.5361401","longitude":"-52.9921776"},"telephone":["+5544998308235"],"contactPoint":{"@type":"ContactPoint","email":"contato@ubirataonline.com.br"},"openingHoursSpecification":{"@type":"OpeningHoursSpecification","dayOfWeek":["Monday","Tuesday","Wednesday","Thursday","Friday","Saturday","Sunday"],"opens":"00:00","closes":"23:59"},"email":"contato@ubirataonline.com.br","vatID":"47.621.418\/0001-80"},{"@type":"Person","@id":"https:\/\/ubirataonline.com.br\/#\/schema\/person\/372f87bbd3fdd79b8556b84c98d0bc1c","name":"REDA\u00c7\u00c3O: UBIRAT\u00c3 ONLINE - F\u00c1BIO AUGUSTO CELESTINO","pronouns":"Ele","description":"Desde 2003 trabalhando com not\u00edcias.","sameAs":["http:\/\/ubirataoline.com.br","https:\/\/www.facebook.com\/portalubirataonline","https:\/\/www.instagram.com\/ubirataonline_oficial","https:\/\/x.com\/x.com\/ubirataonline"],"honorificPrefix":"Mr.","honorificSuffix":"MD","birthDate":"1980-06-16","gender":"masculino","award":["V\u00e1rios pr\u00eamios de melhor portal da cidade"],"jobTitle":"Diretor","url":"https:\/\/ubirataonline.com.br\/en\/author\/ubirataonline\/"},{"@type":"PostalAddress","@id":"https:\/\/ubirataonline.com.br\/desantis-signs-law-giving-florida-officials-power-to-label-terrorist-groups\/#local-main-place-address","streetAddress":"Rua dos Coqueiros, 104 - Bairro Boa Vista, Rua dos Coqueiros, 104 Bairro Boa Vista","addressLocality":"UBIRATA","postalCode":"85440-000","addressRegion":"PR","addressCountry":"BR"},{"@type":"ImageObject","inLanguage":"en-US","@id":"https:\/\/ubirataonline.com.br\/desantis-signs-law-giving-florida-officials-power-to-label-terrorist-groups\/#local-main-organization-logo","url":"https:\/\/ubirataonline.com.br\/wp-content\/uploads\/2026\/06\/logoubirataonline-1.webp","contentUrl":"https:\/\/ubirataonline.com.br\/wp-content\/uploads\/2026\/06\/logoubirataonline-1.webp","width":500,"height":500,"caption":"Ubirat\u00e3 Online Not\u00edcias"}]},"geo.placename":"UBIRATA","geo.position":{"lat":"-24.5361401","long":"-52.9921776"},"geo.region":"Brazil"},"_links":{"self":[{"href":"https:\/\/ubirataonline.com.br\/en\/wp-json\/wp\/v2\/posts\/100388","targetHints":{"allow":["GET"]}}],"collection":[{"href":"https:\/\/ubirataonline.com.br\/en\/wp-json\/wp\/v2\/posts"}],"about":[{"href":"https:\/\/ubirataonline.com.br\/en\/wp-json\/wp\/v2\/types\/post"}],"author":[{"embeddable":true,"href":"https:\/\/ubirataonline.com.br\/en\/wp-json\/wp\/v2\/users\/1"}],"replies":[{"embeddable":true,"href":"https:\/\/ubirataonline.com.br\/en\/wp-json\/wp\/v2\/comments?post=100388"}],"version-history":[{"count":0,"href":"https:\/\/ubirataonline.com.br\/en\/wp-json\/wp\/v2\/posts\/100388\/revisions"}],"wp:featuredmedia":[{"embeddable":true,"href":"https:\/\/ubirataonline.com.br\/en\/wp-json\/wp\/v2\/media\/100389"}],"wp:attachment":[{"href":"https:\/\/ubirataonline.com.br\/en\/wp-json\/wp\/v2\/media?parent=100388"}],"wp:term":[{"taxonomy":"category","embeddable":true,"href":"https:\/\/ubirataonline.com.br\/en\/wp-json\/wp\/v2\/categories?post=100388"},{"taxonomy":"post_tag","embeddable":true,"href":"https:\/\/ubirataonline.com.br\/en\/wp-json\/wp\/v2\/tags?post=100388"}],"curies":[{"name":"wp","href":"https:\/\/api.w.org\/{rel}","templated":true}]}}