{"id":100578,"date":"2026-04-07T17:36:05","date_gmt":"2026-04-07T20:36:05","guid":{"rendered":"https:\/\/ubirataonline.com.br\/solitude-e-saude-mental-ficar-tempo-sozinho-beneficia-o-bem-estar\/"},"modified":"2026-04-07T17:36:07","modified_gmt":"2026-04-07T20:36:07","slug":"solitude-e-saude-mental-ficar-tempo-sozinho-beneficia-o-bem-estar","status":"publish","type":"post","link":"https:\/\/ubirataonline.com.br\/en\/solitude-e-saude-mental-ficar-tempo-sozinho-beneficia-o-bem-estar\/","title":{"rendered":"Solitude\u00a0e sa\u00fade mental:\u00a0ficar tempo sozinho beneficia o bem-estar\u00a0\u00a0"},"content":{"rendered":"<p><\/p>\n<div id=\"post-content\">\n<p>Em um mundo cada vez mais\u00a0interconectado, em que\u00a0as intera\u00e7\u00f5es ocorrem, muitas vezes, \u00e0 dist\u00e2ncia, deixando raramente espa\u00e7o para a rela\u00e7\u00e3o consigo mesmo,\u00a0\u00e9 importante repensar o papel da\u00a0solitude\u00a0no cotidiano.\u00a0Ela \u00e9 caracterizada como\u00a0um estado de\u00a0recolhimento\u00a0volunt\u00e1rio e prazeroso, focada\u00a0no autoconhecimento, na criatividade e na paz interior. Desde que exercida na\u00a0medida\u00a0certa,\u00a0pode trazer\u00a0benef\u00edcios para a sa\u00fade mental.\u00a0\u00a0<\/p>\n<p>A\u00a0solitude\u00a0ajuda a\u00a0organizar\u00a0os pensamentos,\u00a0aumentar a criatividade,\u00a0fortalecer a autonomia e tomar decis\u00f5es conscientes.\u00a0Isso\u00a0acontece pois,\u00a0segundo a psic\u00f3loga Luciane Rabello,\u00a0especialista em expatriados e RH,\u00a0o\u00a0tempo sozinho funciona como\u00a0uma\u00a0\u201crestaura\u00e7\u00e3o mental\u201d, em que\u00a0o sistema nervoso se desliga\u00a0dos est\u00edmulos\u00a0externos\u00a0e retorna focado\u00a0no <strong><a href=\"https:\/\/portaledicase.com\/7-dicas-essenciais-para-ter-equilibrio-emocional\/\" target=\"_blank\" rel=\"noreferrer noopener\">equil\u00edbrio emocional<\/a><\/strong>.\u00a0\u00a0<\/p>\n<p>No longo prazo, a\u00a0solitude\u00a0tamb\u00e9m consegue\u00a0ajudar\u00a0na redu\u00e7\u00e3o de\u00a0sintomas relacionados a transtornos mentais, como ansiedade, depress\u00e3o e estados graves de estresse, justamente pelo\u00a0equil\u00edbrio emocional constante.\u00a0\u00a0<\/p>\n<h2 class=\"wp-block-heading\" id=\"h-solitude-nbsp-versus-solidao-nbsp\"><strong>Solitude\u00a0<em>versus<\/em> solid\u00e3o<\/strong>\u00a0<\/h2>\n<p>A\u00a0solitude\u00a0se diferencia da solid\u00e3o especialmente pela voluntariedade\u00a0do isolamento.\u00a0No entanto, tamb\u00e9m existem outros pontos a serem refletidos\u00a0para descobrir\u00a0o significado do recolhimento.\u00a0De acordo com a Dra. Tha\u00eds Monteiro\u00a0Salan, psiquiatra e membra do Col\u00e9gio Brasileiro de Medicina\u00a0do\u00a0Estilo de Vida,\u00a0eles s\u00e3o:\u00a0\u00a0<\/p>\n<ul class=\"wp-block-list\">\n<li>H\u00e1 engajamento em atividades significativas no per\u00edodo de recolhimento ou h\u00e1 o predom\u00ednio de atitudes\u00a0evitativas?\u00a0<\/li>\n<li>Existe uma dificuldade\u00a0em\u00a0sair do isolamento?\u00a0<\/li>\n<li>O tempo sozinho alterna-se com conex\u00f5es sociais?\u00a0<\/li>\n<\/ul>\n<p>Caso haja o predom\u00ednio\u00a0de atitudes evitativas, dificuldade de sair do isolamento e diminui\u00e7\u00e3o brusca do contato social, \u00e9 prov\u00e1vel\u00a0que o\u00a0indiv\u00edduo esteja se isolando de forma negativa.\u00a0Inclusive, a psiquiatra alerta que essas atitudes podem\u00a0aumentar o risco de dem\u00eancia, <strong><a href=\"https:\/\/portaledicase.com\/veja-como-diferenciar-tristeza-e-depressao\/\" target=\"_blank\" rel=\"noreferrer noopener\">depress\u00e3o<\/a><\/strong> e ansiedade.\u00a0\u00a0<\/p>\n<h2 class=\"wp-block-heading\" id=\"h-vantagens-da-solitude-para-a-saude-fisica\">Vantagens da solitude para a sa\u00fade f\u00edsica<\/h2>\n<p>A\u00a0solitude\u00a0n\u00e3o est\u00e1 somente relacionada ao\u00a0\u00f3cio. Inclusive, o tempo sozinho pode ser investido em atividades criativas e relaxantes, como leitura, jardinagem, pintura\u00a0e\u00a0pr\u00e1ticas\u00a0contemplativas, como medita\u00e7\u00e3o e\u00a0<em>mindfulness<\/em>.\u00a0\u00a0<\/p>\n<p>No caso do\u00a0<em>mindfulness<\/em> \u2014 um exerc\u00edcio de foco no presente, que conta com a observa\u00e7\u00e3o dos pensamentos e sensa\u00e7\u00f5es \u2014,\u00a0quando\u00a0integrado ao tempo sozinho,\u00a0tamb\u00e9m pode\u00a0trazer benef\u00edcios para a sa\u00fade f\u00edsica.\u00a0De acordo com\u00a0a Dra. Tha\u00eds Monteiro\u00a0Salan, essas vantagens envolvem melhora na <strong><a href=\"https:\/\/portaledicase.com\/veja-a-importancia-do-magnesio-para-a-qualidade-do-sono\/\" target=\"_blank\" rel=\"noreferrer noopener\">qualidade do sono<\/a><\/strong>, diminui\u00e7\u00e3o de\u00a0inflama\u00e7\u00f5es e menor risco de problemas cardiovasculares.\u00a0\u00a0<\/p>\n<div class=\"wp-block-image\">\n<figure class=\"aligncenter size-large\"><figcaption class=\"wp-element-caption\">Pausas ao longo do dia para momentos individuais s\u00e3o importantes, mesmo que seja apenas para praticar o \u00f3cio (Imagem: PeopleImages | Shutterstock)<\/figcaption><\/figure>\n<\/p><\/div>\n<h2 class=\"wp-block-heading\" id=\"h-tempo-investido-na-nbsp-solitude-nbsp\"><strong>Tempo investido na\u00a0solitude<\/strong>\u00a0<\/h2>\n<p>O tempo investido na\u00a0solitude\u00a0pode variar conforme as necessidades\u00a0e vontades\u00a0de cada pessoa. Enquanto alguns indiv\u00edduos\u00a0s\u00e3o mais introvertidos e preferem ficar um bom tempo sozinhos, outros optam por passar os momentos livres na companhia de\u00a0amigos, parceiros e\/ou familiares.\u00a0\u00a0<\/p>\n<p>Independentemente\u00a0da personalidade da pessoa, Luciane Rabello recomenda\u00a0pausas di\u00e1rias para estar a s\u00f3s, seja realizando uma atividade ou apenas exercendo o \u00f3cio.\u00a0\u201cO mais relevante n\u00e3o \u00e9 a quantidade\u00a0exata de tempo, mas a qualidade desse momento: estar realmente presente, sem distra\u00e7\u00f5es e sem culpa por estar sozinho\u201d, complementa.\u00a0\u00a0<\/p>\n<h2 class=\"wp-block-heading\" id=\"h-sinais-que-indicam-a-necessidade-de-ficar-sozinho-nbsp\"><strong>Sinais que indicam a necessidade de ficar sozinho<\/strong>\u00a0<\/h2>\n<p>Existem alguns\u00a0sinais\u00a0claros que\u00a0podem indicar\u00a0a necessidade de ficar sozinho, como irritabilidade\u00a0frequente, sensa\u00e7\u00e3o de sobrecarga, dificuldade de concentra\u00e7\u00e3o e impaci\u00eancia nas intera\u00e7\u00f5es sociais.\u00a0<\/p>\n<p>\u201cQuando a pessoa percebe que est\u00e1 reagindo de forma intensa ou se sentindo emocionalmente drenada, isso costuma ser um indicativo de que ela precisa de um\u00a0tempo de recolhimento para se organizar internamente\u201d, pontua a psic\u00f3loga.\u00a0\u00a0<\/p>\n<p>Contudo, vale lembrar que esses sinais tamb\u00e9m podem ser indicativos de outros problemas emocionais. Portanto,\u00a0caso os sintomas interfiram de maneira intensa na sua rotina ou sa\u00fade, vale a pena consultar um profissional de <strong><a href=\"https:\/\/portaledicase.com\/caminhos-simples-para-cuidar-da-saude-mental\/\" target=\"_blank\" rel=\"noreferrer noopener\">sa\u00fade mental<\/a><\/strong>.\u00a0\u00a0<\/p>\n<h2 class=\"wp-block-heading\" id=\"h-preconceitos-que-envolvem-a-solitude\"><strong>Preconceitos que envolvem a\u00a0solitude\u00a0<\/strong>\u00a0<\/h2>\n<p>Apesar dos benef\u00edcios, para algumas pessoas, a\u00a0solitude\u00a0pode parecer\u00a0um sinal de fracasso e\/ou\u00a0rejei\u00e7\u00e3o.\u00a0A psic\u00f3loga Luciane Rabello explica que isso ocorre porque vivemos em uma sociedade que entende a sociabilidade como sin\u00f4nimo de sucesso e felicidade.\u00a0<\/p>\n<p>\u201cAl\u00e9m disso,\u00a0h\u00e1 um desconforto coletivo com o sil\u00eancio e com o contato consigo mesmo. Para muitas pessoas, ficar sozinho pode trazer \u00e0 tona emo\u00e7\u00f5es que elas evitam no dia a dia\u201d, acrescenta a profissional.\u00a0\u00a0<\/p>\n<section class=\"virals\">\n<article class=\"cardnews cardnews--post cardnews--has-thumbnail cardnews--editorial-noticias\"> <a href=\"https:\/\/www.tribunapr.com.br\/noticias\/curitiba-regiao\/vereador-perdeu-pia-e-investigado-por-usar-gm-para-se-autopromove?utm_source=noticias-virais-rodape&amp;utm_medium=internal-tribuna&amp;utm_campaign=tribuna\" class=\"cardnews__postlink\"> <\/p>\n<div class=\"cardnews__image\" is-api-thumb=\"\"><img decoding=\"async\" src=\"https:\/\/www.tribunapr.com.br\/wp-content\/uploads\/2026\/03\/27182231\/perdeu-pia-GM-370x210.jpeg\" loading=\"lazy\" alt=\"Vereador Perdeu Pi\u00e1 \u00e9 investigado por usar GM para se autopromover\"\/><\/div>\n<div class=\"cardnews__content cardhome__content\">\n<div class=\"cardnews__content-wrapper\">\n<p> <span style=\"\"> De olho! <\/span> <\/p>\n<p>Vereador Perdeu Pi\u00e1 \u00e9 investigado por usar GM para se autopromover<\/p>\n<\/p><\/div>\n<\/p><\/div>\n<p> <\/a> <\/article>\n<article class=\"cardnews cardnews--post cardnews--has-thumbnail cardnews--editorial-noticias\"> <a href=\"https:\/\/www.tribunapr.com.br\/noticias\/parana\/parana-pode-sentir-efeitos-do-el-nino-a-partir-de-julho-o-que-esperar\/?utm_source=noticias-virais-rodape&amp;utm_medium=internal-tribuna&amp;utm_campaign=tribuna\" class=\"cardnews__postlink\"> <\/p>\n<div class=\"cardnews__image\" is-api-thumb=\"\"><img decoding=\"async\" src=\"https:\/\/www.tribunapr.com.br\/wp-content\/uploads\/2026\/02\/20182305\/chuvas-370x210.jpg\" loading=\"lazy\" alt=\"Paran\u00e1 pode sentir efeitos do El Ni\u00f1o a partir de julho; o que esperar\"\/><\/div>\n<div class=\"cardnews__content cardhome__content\">\n<div class=\"cardnews__content-wrapper\">\n<p> <span style=\"\"> Alerta <\/span> <\/p>\n<p>Paran\u00e1 pode sentir efeitos do El Ni\u00f1o a partir de julho; o que esperar<\/p>\n<\/p><\/div>\n<\/p><\/div>\n<p> <\/a> <\/article>\n<article class=\"cardnews cardnews--post cardnews--has-thumbnail cardnews--editorial-noticias\"> <a href=\"https:\/\/www.tribunapr.com.br\/noticias\/parana\/roteiro-inusitado-parana-coleciona-estatuas-peculiares-pelo-interior\/ C?utm_source=noticias-virais-rodape&amp;utm_medium=internal-tribuna&amp;utm_campaign=tribuna\" class=\"cardnews__postlink\"> <\/p>\n<div class=\"cardnews__image\" is-api-thumb=\"\"><img decoding=\"async\" src=\"https:\/\/www.tribunapr.com.br\/wp-content\/uploads\/2026\/01\/15072039\/falecimentos-em-curitiba-370x210.jpg\" loading=\"lazy\" alt=\"Roteiro inusitado: Paran\u00e1 coleciona est\u00e1tuas peculiares pelo interior \"\/><\/div>\n<div class=\"cardnews__content cardhome__content\">\n<div class=\"cardnews__content-wrapper\">\n<p> <span style=\"\"> Belezas do Paran\u00e1 <\/span> <\/p>\n<p>Roteiro inusitado: Paran\u00e1 coleciona est\u00e1tuas peculiares pelo interior <\/p>\n<\/p><\/div>\n<\/p><\/div>\n<p> <\/a> <\/article>\n<\/section>\n<div id=\"tribuna-follow-cta\">\n<p> <span class=\"cta-title\">Siga a <span class=\"tribuna-color\">Tribuna<\/span> no Google, e acompanhe as \u00faltimas not\u00edcias de Curitiba e regi\u00e3o!<\/span> <\/p>\n<p> <a href=\"https:\/\/profile.google.com\/cp\/CgwvZy8xMmxxajUzM3Mac2h0dHBzOi8vd3d3LnRyaWJ1bmFwci5jb20uYnIvdml2YS92aXRyaW5lL2dpZ2FudGUtZG8tdmVzdHVhcmlvLXJlaW5hdWd1cmEtbG9qYS1lbS1zaG9wcGluZy10cmFkaWNpb25hbC1kZS1jdXJpdGliYS8iElRyaWJ1bmEgZG8gUGFyYW7DoSqAAwrHAWh0dHBzOi8vZW5jcnlwdGVkLXRibjIuZ3N0YXRpYy5jb20vZmF2aWNvbi10Ym4_cT10Ym46QU5kOUdjUVJPbjVDRjR6TzJPbkUwTXZrRlRCRTY2U0g1bGlaVDRaZTV3bWNKeU5GRm1BSnluM01nNU9PR3BXY1pYMzZwYU5HUWtsZ09JVEFLTTNNZVNGbTc1aWp6M3k2ajUtQ3M2b25kX2JUcFFQQkVLd3RsUjBsTmJESnUtVHhrNXQtbFlCNlVpOWZSVVFjT2cSswFodHRwczovL2VuY3J5cHRlZC10Ym4zLmdzdGF0aWMuY29tL2Zhdmljb24tdGJuP3E9dGJuJTNBQU5kOUdjU0FMaWJ2eFF0YXdFMFRueVdWWmVKRS1MZEdRZjVTUi1OZ2RMazhyZzIwVy1nM0JuQ1F4VDNKZFBjRXR2THdBeVRxUDJEdHVycEdVR29CQkxpYzM5al9wSmFxRERaMHNCYW05WEVhSGVsMmZTQmdKdlF4WWVyMw\" target=\"_blank\" title=\"Seguir a Tribuna no Google\">  <\/a> <\/div>\n<\/p><\/div>\n<p><a href=\"https:\/\/www.tribunapr.com.br\/variedades\/solitude-e-saude-mental-ficar-tempo-sozinho-beneficia-o-bem-estar\/\">Fonte do Artigo <\/a><\/p>","protected":false},"excerpt":{"rendered":"<p>Em um mundo cada vez mais\u00a0interconectado, em que\u00a0as intera\u00e7\u00f5es ocorrem, muitas vezes, \u00e0 dist\u00e2ncia, deixando raramente espa\u00e7o para a rela\u00e7\u00e3o consigo mesmo,\u00a0\u00e9 importante repensar o papel da\u00a0solitude\u00a0no cotidiano.\u00a0Ela \u00e9 caracterizada como\u00a0um estado de\u00a0recolhimento\u00a0volunt\u00e1rio e prazeroso, focada\u00a0no autoconhecimento, na criatividade e na paz interior. Desde que exercida na\u00a0medida\u00a0certa,\u00a0pode trazer\u00a0benef\u00edcios para a sa\u00fade mental.\u00a0\u00a0 A\u00a0solitude\u00a0ajuda a\u00a0organizar\u00a0os pensamentos,\u00a0aumentar [&hellip;]<\/p>\n","protected":false},"author":1,"featured_media":100579,"comment_status":"closed","ping_status":"","sticky":false,"template":"","format":"standard","meta":{"googlesitekit_rrm_CAow2JLhCw:productID":"","_gspb_post_css":"","maa_idioma":"","maa_pais":"","footnotes":""},"categories":[1],"tags":[6874,23395,25452,78,25451,22167,4769],"class_list":["post-100578","post","type-post","status-publish","format-standard","has-post-thumbnail","hentry","category-ubirata","tag-bemestar","tag-beneficia","tag-mentalficar","tag-saude","tag-solitudee","tag-sozinho","tag-tempo"],"blocksy_meta":[],"yoast_head":"<!-- This site is optimized with the Yoast SEO Premium plugin v27.6 (Yoast SEO v27.6) - https:\/\/yoast.com\/product\/yoast-seo-premium-wordpress\/ -->\n<title>Solitude\u00a0e sa\u00fade mental:\u00a0ficar tempo sozinho beneficia o bem-estar\u00a0\u00a0 - Ubirat\u00e3 Online Not\u00edcias - A realidade ao seu alcance!<\/title>\n<meta name=\"description\" content=\"Em um mundo cada vez mais\u00a0interconectado, em que\u00a0as intera\u00e7\u00f5es ocorrem, muitas vezes, \u00e0 dist\u00e2ncia, deixando raramente espa\u00e7o para a rela\u00e7\u00e3o consigo\" \/>\n<meta name=\"robots\" content=\"index, follow, max-snippet:-1, max-image-preview:large, max-video-preview:-1\" \/>\n<link rel=\"canonical\" href=\"https:\/\/ubirataonline.com.br\/en\/solitude-e-saude-mental-ficar-tempo-sozinho-beneficia-o-bem-estar\/\" \/>\n<meta property=\"og:locale\" content=\"en_US\" \/>\n<meta property=\"og:type\" content=\"article\" \/>\n<meta property=\"og:title\" content=\"Solitude\u00a0e sa\u00fade mental:\u00a0ficar tempo sozinho beneficia o bem-estar\u00a0\u00a0\" \/>\n<meta property=\"og:description\" content=\"Em um mundo cada vez mais\u00a0interconectado, em que\u00a0as intera\u00e7\u00f5es ocorrem, muitas vezes, \u00e0 dist\u00e2ncia, deixando raramente espa\u00e7o para a rela\u00e7\u00e3o consigo\" \/>\n<meta property=\"og:url\" content=\"https:\/\/ubirataonline.com.br\/en\/solitude-e-saude-mental-ficar-tempo-sozinho-beneficia-o-bem-estar\/\" \/>\n<meta property=\"og:site_name\" content=\"Ubirat\u00e3 Online Not\u00edcias - A realidade ao seu alcance!\" \/>\n<meta property=\"article:publisher\" content=\"https:\/\/www.facebook.com\/portalubirataonline\" \/>\n<meta property=\"article:author\" content=\"https:\/\/www.facebook.com\/portalubirataonline\" \/>\n<meta property=\"article:published_time\" content=\"2026-04-07T20:36:05+00:00\" \/>\n<meta property=\"article:modified_time\" content=\"2026-04-07T20:36:07+00:00\" \/>\n<meta property=\"og:image\" content=\"https:\/\/ubirataonline.com.br\/wp-content\/uploads\/2026\/04\/Solitude-e-saude-mental-ficar-tempo-sozinho-beneficia-o-bem-estar.jpg\" \/>\n\t<meta property=\"og:image:width\" content=\"1200\" \/>\n\t<meta property=\"og:image:height\" content=\"800\" \/>\n\t<meta property=\"og:image:type\" content=\"image\/jpeg\" \/>\n<meta name=\"author\" content=\"REDA\u00c7\u00c3O: UBIRAT\u00c3 ONLINE - F\u00c1BIO AUGUSTO CELESTINO\" \/>\n<meta name=\"twitter:card\" content=\"summary_large_image\" \/>\n<meta name=\"twitter:creator\" content=\"@x.com\/ubirataonline\" \/>\n<meta name=\"twitter:site\" content=\"@ubirataonline\" \/>\n<meta name=\"twitter:label1\" content=\"Written by\" \/>\n\t<meta name=\"twitter:data1\" content=\"REDA\u00c7\u00c3O: UBIRAT\u00c3 ONLINE - F\u00c1BIO AUGUSTO CELESTINO\" \/>\n\t<meta name=\"twitter:label2\" content=\"Est. reading time\" \/>\n\t<meta name=\"twitter:data2\" content=\"4 minutes\" \/>\n<script type=\"application\/ld+json\" class=\"yoast-schema-graph\">{\"@context\":\"https:\\\/\\\/schema.org\",\"@graph\":[{\"@type\":\"NewsArticle\",\"@id\":\"https:\\\/\\\/ubirataonline.com.br\\\/solitude-e-saude-mental-ficar-tempo-sozinho-beneficia-o-bem-estar\\\/#article\",\"isPartOf\":{\"@id\":\"https:\\\/\\\/ubirataonline.com.br\\\/solitude-e-saude-mental-ficar-tempo-sozinho-beneficia-o-bem-estar\\\/\"},\"author\":{\"name\":\"REDA\u00c7\u00c3O: UBIRAT\u00c3 ONLINE - F\u00c1BIO AUGUSTO CELESTINO\",\"@id\":\"https:\\\/\\\/ubirataonline.com.br\\\/#\\\/schema\\\/person\\\/372f87bbd3fdd79b8556b84c98d0bc1c\"},\"headline\":\"Solitude\u00a0e sa\u00fade mental:\u00a0ficar tempo sozinho beneficia o bem-estar\u00a0\u00a0\",\"datePublished\":\"2026-04-07T20:36:05+00:00\",\"dateModified\":\"2026-04-07T20:36:07+00:00\",\"mainEntityOfPage\":{\"@id\":\"https:\\\/\\\/ubirataonline.com.br\\\/solitude-e-saude-mental-ficar-tempo-sozinho-beneficia-o-bem-estar\\\/\"},\"wordCount\":806,\"publisher\":{\"@id\":\"https:\\\/\\\/ubirataonline.com.br\\\/#organization\"},\"image\":{\"@id\":\"https:\\\/\\\/ubirataonline.com.br\\\/solitude-e-saude-mental-ficar-tempo-sozinho-beneficia-o-bem-estar\\\/#primaryimage\"},\"thumbnailUrl\":\"https:\\\/\\\/ubirataonline.com.br\\\/wp-content\\\/uploads\\\/2026\\\/04\\\/Solitude-e-saude-mental-ficar-tempo-sozinho-beneficia-o-bem-estar.jpg\",\"keywords\":[\"bemestar\",\"beneficia\",\"mentalficar\",\"sa\u00fade\",\"Solitudee\",\"sozinho\",\"tempo\"],\"articleSection\":[\"Ubirat\u00e3\"],\"inLanguage\":\"en-US\",\"copyrightYear\":\"2026\",\"copyrightHolder\":{\"@id\":\"https:\\\/\\\/ubirataonline.com.br\\\/en\\\/#organization\"}},{\"@type\":\"WebPage\",\"@id\":\"https:\\\/\\\/ubirataonline.com.br\\\/solitude-e-saude-mental-ficar-tempo-sozinho-beneficia-o-bem-estar\\\/\",\"url\":\"https:\\\/\\\/ubirataonline.com.br\\\/solitude-e-saude-mental-ficar-tempo-sozinho-beneficia-o-bem-estar\\\/\",\"name\":\"Solitude\u00a0e sa\u00fade mental:\u00a0ficar tempo sozinho beneficia o bem-estar\u00a0\u00a0 - Ubirat\u00e3 Online Not\u00edcias - A realidade ao seu alcance!\",\"isPartOf\":{\"@id\":\"https:\\\/\\\/ubirataonline.com.br\\\/#website\"},\"primaryImageOfPage\":{\"@id\":\"https:\\\/\\\/ubirataonline.com.br\\\/solitude-e-saude-mental-ficar-tempo-sozinho-beneficia-o-bem-estar\\\/#primaryimage\"},\"image\":{\"@id\":\"https:\\\/\\\/ubirataonline.com.br\\\/solitude-e-saude-mental-ficar-tempo-sozinho-beneficia-o-bem-estar\\\/#primaryimage\"},\"thumbnailUrl\":\"https:\\\/\\\/ubirataonline.com.br\\\/wp-content\\\/uploads\\\/2026\\\/04\\\/Solitude-e-saude-mental-ficar-tempo-sozinho-beneficia-o-bem-estar.jpg\",\"datePublished\":\"2026-04-07T20:36:05+00:00\",\"dateModified\":\"2026-04-07T20:36:07+00:00\",\"description\":\"Em um mundo cada vez mais\u00a0interconectado, em que\u00a0as intera\u00e7\u00f5es ocorrem, muitas vezes, \u00e0 dist\u00e2ncia, deixando raramente espa\u00e7o para a rela\u00e7\u00e3o consigo\",\"breadcrumb\":{\"@id\":\"https:\\\/\\\/ubirataonline.com.br\\\/solitude-e-saude-mental-ficar-tempo-sozinho-beneficia-o-bem-estar\\\/#breadcrumb\"},\"inLanguage\":\"en-US\",\"potentialAction\":[{\"@type\":\"ReadAction\",\"target\":[\"https:\\\/\\\/ubirataonline.com.br\\\/solitude-e-saude-mental-ficar-tempo-sozinho-beneficia-o-bem-estar\\\/\"]}]},{\"@type\":\"ImageObject\",\"inLanguage\":\"en-US\",\"@id\":\"https:\\\/\\\/ubirataonline.com.br\\\/solitude-e-saude-mental-ficar-tempo-sozinho-beneficia-o-bem-estar\\\/#primaryimage\",\"url\":\"https:\\\/\\\/ubirataonline.com.br\\\/wp-content\\\/uploads\\\/2026\\\/04\\\/Solitude-e-saude-mental-ficar-tempo-sozinho-beneficia-o-bem-estar.jpg\",\"contentUrl\":\"https:\\\/\\\/ubirataonline.com.br\\\/wp-content\\\/uploads\\\/2026\\\/04\\\/Solitude-e-saude-mental-ficar-tempo-sozinho-beneficia-o-bem-estar.jpg\",\"width\":1200,\"height\":800,\"caption\":\"Desde que seja exercida na\u00a0medida\u00a0certa,\u00a0a\u00a0solitude\u00a0pode trazer\u00a0in\u00fameros benef\u00edcios para a sa\u00fade mental (Imagem: U__Photo | Shutterstock)\"},{\"@type\":\"BreadcrumbList\",\"@id\":\"https:\\\/\\\/ubirataonline.com.br\\\/solitude-e-saude-mental-ficar-tempo-sozinho-beneficia-o-bem-estar\\\/#breadcrumb\",\"itemListElement\":[{\"@type\":\"ListItem\",\"position\":1,\"name\":\"In\u00edcio\",\"item\":\"https:\\\/\\\/ubirataonline.com.br\\\/\"},{\"@type\":\"ListItem\",\"position\":2,\"name\":\"Solitude\u00a0e sa\u00fade mental:\u00a0ficar tempo sozinho beneficia o bem-estar\u00a0\u00a0\"}]},{\"@type\":\"WebSite\",\"@id\":\"https:\\\/\\\/ubirataonline.com.br\\\/#website\",\"url\":\"https:\\\/\\\/ubirataonline.com.br\\\/\",\"name\":\"Ubirat\u00e3 Online Not\u00edcias\",\"description\":\"Not\u00edcias de Ubirat\u00e3, regi\u00e3o, Brasil e mundo, com informa\u00e7\u00e3o atualizada e compromisso com o leitor.\",\"publisher\":{\"@id\":\"https:\\\/\\\/ubirataonline.com.br\\\/#organization\"},\"alternateName\":\"Ubirat\u00e3 Online\",\"potentialAction\":[{\"@type\":\"SearchAction\",\"target\":{\"@type\":\"EntryPoint\",\"urlTemplate\":\"https:\\\/\\\/ubirataonline.com.br\\\/?s={search_term_string}\"},\"query-input\":{\"@type\":\"PropertyValueSpecification\",\"valueRequired\":true,\"valueName\":\"search_term_string\"}}],\"inLanguage\":\"en-US\"},{\"@type\":[\"Organization\",\"Place\"],\"@id\":\"https:\\\/\\\/ubirataonline.com.br\\\/#organization\",\"name\":\"Ubirat\u00e3 Online Not\u00edcias\",\"alternateName\":\"Ubirat\u00e3 Online\",\"url\":\"https:\\\/\\\/ubirataonline.com.br\\\/\",\"logo\":{\"@id\":\"https:\\\/\\\/ubirataonline.com.br\\\/solitude-e-saude-mental-ficar-tempo-sozinho-beneficia-o-bem-estar\\\/#local-main-organization-logo\"},\"image\":{\"@id\":\"https:\\\/\\\/ubirataonline.com.br\\\/solitude-e-saude-mental-ficar-tempo-sozinho-beneficia-o-bem-estar\\\/#local-main-organization-logo\"},\"sameAs\":[\"https:\\\/\\\/www.facebook.com\\\/portalubirataonline\",\"https:\\\/\\\/x.com\\\/ubirataonline\",\"https:\\\/\\\/mastodon.social\\\/@ubirataonline\",\"https:\\\/\\\/www.facebook.com\\\/groups\\\/311144672285604\",\"https:\\\/\\\/www.facebook.com\\\/UBTAOnline\",\"https:\\\/\\\/www.instagram.com\\\/portalubirataonline\\\/\",\"https:\\\/\\\/twitter.com\\\/ubirataonline\"],\"description\":\"Somos um portal de not\u00edcias independente, criado em 5 de janeiro de 2009, com o objetivo de informar, conectar e valorizar a nossa comunidade de Ubirat\u00e3 e toda aregi\u00e3o. Com conte\u00fado atualizado, confi\u00e1vel e relevante, o Ubirat\u00e3 Online \u00e9 o seu espa\u00e7o para ficar por dentro dos principais acontecimentos locais, regionais, Brasil, Mundo e de interesse geral. Nosso compromisso \u00e9 com a verdade, a transpar\u00eancia e o respeito ao leitor.\",\"legalName\":\"UBIRATA ONLINE NOT\u00cdCIAS\",\"foundingDate\":\"2009-01-05\",\"numberOfEmployees\":{\"@type\":\"QuantitativeValue\",\"minValue\":\"1\",\"maxValue\":\"10\"},\"publishingPrinciples\":\"https:\\\/\\\/ubirataonline.com.br\\\/faq\\\/\",\"address\":{\"@id\":\"https:\\\/\\\/ubirataonline.com.br\\\/solitude-e-saude-mental-ficar-tempo-sozinho-beneficia-o-bem-estar\\\/#local-main-place-address\"},\"geo\":{\"@type\":\"GeoCoordinates\",\"latitude\":\"-24.5361401\",\"longitude\":\"-52.9921776\"},\"telephone\":[\"+5544998308235\"],\"contactPoint\":{\"@type\":\"ContactPoint\",\"email\":\"contato@ubirataonline.com.br\"},\"openingHoursSpecification\":{\"@type\":\"OpeningHoursSpecification\",\"dayOfWeek\":[\"Monday\",\"Tuesday\",\"Wednesday\",\"Thursday\",\"Friday\",\"Saturday\",\"Sunday\"],\"opens\":\"00:00\",\"closes\":\"23:59\"},\"email\":\"contato@ubirataonline.com.br\",\"vatID\":\"47.621.418\\\/0001-80\"},{\"@type\":\"Person\",\"@id\":\"https:\\\/\\\/ubirataonline.com.br\\\/#\\\/schema\\\/person\\\/372f87bbd3fdd79b8556b84c98d0bc1c\",\"name\":\"REDA\u00c7\u00c3O: UBIRAT\u00c3 ONLINE - F\u00c1BIO AUGUSTO CELESTINO\",\"pronouns\":\"Ele\",\"description\":\"Desde 2003 trabalhando com not\u00edcias.\",\"sameAs\":[\"http:\\\/\\\/ubirataoline.com.br\",\"https:\\\/\\\/www.facebook.com\\\/portalubirataonline\",\"https:\\\/\\\/www.instagram.com\\\/ubirataonline_oficial\",\"https:\\\/\\\/x.com\\\/x.com\\\/ubirataonline\"],\"honorificPrefix\":\"Mr.\",\"honorificSuffix\":\"MD\",\"birthDate\":\"1980-06-16\",\"gender\":\"masculino\",\"award\":[\"V\u00e1rios pr\u00eamios de melhor portal da cidade\"],\"jobTitle\":\"Diretor\",\"url\":\"https:\\\/\\\/ubirataonline.com.br\\\/en\\\/author\\\/ubirataonline\\\/\"},{\"@type\":\"PostalAddress\",\"@id\":\"https:\\\/\\\/ubirataonline.com.br\\\/solitude-e-saude-mental-ficar-tempo-sozinho-beneficia-o-bem-estar\\\/#local-main-place-address\",\"streetAddress\":\"Rua dos Coqueiros, 104 - Bairro Boa Vista, Rua dos Coqueiros, 104 Bairro Boa Vista\",\"addressLocality\":\"UBIRATA\",\"postalCode\":\"85440-000\",\"addressRegion\":\"PR\",\"addressCountry\":\"BR\"},{\"@type\":\"ImageObject\",\"inLanguage\":\"en-US\",\"@id\":\"https:\\\/\\\/ubirataonline.com.br\\\/solitude-e-saude-mental-ficar-tempo-sozinho-beneficia-o-bem-estar\\\/#local-main-organization-logo\",\"url\":\"https:\\\/\\\/ubirataonline.com.br\\\/wp-content\\\/uploads\\\/2026\\\/06\\\/logoubirataonline-1.webp\",\"contentUrl\":\"https:\\\/\\\/ubirataonline.com.br\\\/wp-content\\\/uploads\\\/2026\\\/06\\\/logoubirataonline-1.webp\",\"width\":500,\"height\":500,\"caption\":\"Ubirat\u00e3 Online Not\u00edcias\"}]}<\/script>\n<meta name=\"geo.placename\" content=\"UBIRATA\" \/>\n<meta name=\"geo.position\" content=\"-24.5361401;-52.9921776\" \/>\n<meta name=\"geo.region\" content=\"Brazil\" \/>\n<!-- \/ Yoast SEO Premium plugin. -->","yoast_head_json":{"title":"Solitude\u00a0e sa\u00fade mental:\u00a0ficar tempo sozinho beneficia o bem-estar\u00a0\u00a0 - Ubirat\u00e3 Online Not\u00edcias - A realidade ao seu alcance!","description":"Em um mundo cada vez mais\u00a0interconectado, em que\u00a0as intera\u00e7\u00f5es ocorrem, muitas vezes, \u00e0 dist\u00e2ncia, deixando raramente espa\u00e7o para a rela\u00e7\u00e3o consigo","robots":{"index":"index","follow":"follow","max-snippet":"max-snippet:-1","max-image-preview":"max-image-preview:large","max-video-preview":"max-video-preview:-1"},"canonical":"https:\/\/ubirataonline.com.br\/en\/solitude-e-saude-mental-ficar-tempo-sozinho-beneficia-o-bem-estar\/","og_locale":"en_US","og_type":"article","og_title":"Solitude\u00a0e sa\u00fade mental:\u00a0ficar tempo sozinho beneficia o bem-estar\u00a0\u00a0","og_description":"Em um mundo cada vez mais\u00a0interconectado, em que\u00a0as intera\u00e7\u00f5es ocorrem, muitas vezes, \u00e0 dist\u00e2ncia, deixando raramente espa\u00e7o para a rela\u00e7\u00e3o consigo","og_url":"https:\/\/ubirataonline.com.br\/en\/solitude-e-saude-mental-ficar-tempo-sozinho-beneficia-o-bem-estar\/","og_site_name":"Ubirat\u00e3 Online Not\u00edcias - A realidade ao seu alcance!","article_publisher":"https:\/\/www.facebook.com\/portalubirataonline","article_author":"https:\/\/www.facebook.com\/portalubirataonline","article_published_time":"2026-04-07T20:36:05+00:00","article_modified_time":"2026-04-07T20:36:07+00:00","og_image":[{"width":1200,"height":800,"url":"https:\/\/ubirataonline.com.br\/wp-content\/uploads\/2026\/04\/Solitude-e-saude-mental-ficar-tempo-sozinho-beneficia-o-bem-estar.jpg","type":"image\/jpeg"}],"author":"REDA\u00c7\u00c3O: UBIRAT\u00c3 ONLINE - F\u00c1BIO AUGUSTO CELESTINO","twitter_card":"summary_large_image","twitter_creator":"@x.com\/ubirataonline","twitter_site":"@ubirataonline","twitter_misc":{"Written by":"REDA\u00c7\u00c3O: UBIRAT\u00c3 ONLINE - F\u00c1BIO AUGUSTO CELESTINO","Est. reading time":"4 minutes"},"schema":{"@context":"https:\/\/schema.org","@graph":[{"@type":"NewsArticle","@id":"https:\/\/ubirataonline.com.br\/solitude-e-saude-mental-ficar-tempo-sozinho-beneficia-o-bem-estar\/#article","isPartOf":{"@id":"https:\/\/ubirataonline.com.br\/solitude-e-saude-mental-ficar-tempo-sozinho-beneficia-o-bem-estar\/"},"author":{"name":"REDA\u00c7\u00c3O: UBIRAT\u00c3 ONLINE - F\u00c1BIO AUGUSTO CELESTINO","@id":"https:\/\/ubirataonline.com.br\/#\/schema\/person\/372f87bbd3fdd79b8556b84c98d0bc1c"},"headline":"Solitude\u00a0e sa\u00fade mental:\u00a0ficar tempo sozinho beneficia o bem-estar\u00a0\u00a0","datePublished":"2026-04-07T20:36:05+00:00","dateModified":"2026-04-07T20:36:07+00:00","mainEntityOfPage":{"@id":"https:\/\/ubirataonline.com.br\/solitude-e-saude-mental-ficar-tempo-sozinho-beneficia-o-bem-estar\/"},"wordCount":806,"publisher":{"@id":"https:\/\/ubirataonline.com.br\/#organization"},"image":{"@id":"https:\/\/ubirataonline.com.br\/solitude-e-saude-mental-ficar-tempo-sozinho-beneficia-o-bem-estar\/#primaryimage"},"thumbnailUrl":"https:\/\/ubirataonline.com.br\/wp-content\/uploads\/2026\/04\/Solitude-e-saude-mental-ficar-tempo-sozinho-beneficia-o-bem-estar.jpg","keywords":["bemestar","beneficia","mentalficar","sa\u00fade","Solitudee","sozinho","tempo"],"articleSection":["Ubirat\u00e3"],"inLanguage":"en-US","copyrightYear":"2026","copyrightHolder":{"@id":"https:\/\/ubirataonline.com.br\/en\/#organization"}},{"@type":"WebPage","@id":"https:\/\/ubirataonline.com.br\/solitude-e-saude-mental-ficar-tempo-sozinho-beneficia-o-bem-estar\/","url":"https:\/\/ubirataonline.com.br\/solitude-e-saude-mental-ficar-tempo-sozinho-beneficia-o-bem-estar\/","name":"Solitude\u00a0e sa\u00fade mental:\u00a0ficar tempo sozinho beneficia o bem-estar\u00a0\u00a0 - Ubirat\u00e3 Online Not\u00edcias - A realidade ao seu alcance!","isPartOf":{"@id":"https:\/\/ubirataonline.com.br\/#website"},"primaryImageOfPage":{"@id":"https:\/\/ubirataonline.com.br\/solitude-e-saude-mental-ficar-tempo-sozinho-beneficia-o-bem-estar\/#primaryimage"},"image":{"@id":"https:\/\/ubirataonline.com.br\/solitude-e-saude-mental-ficar-tempo-sozinho-beneficia-o-bem-estar\/#primaryimage"},"thumbnailUrl":"https:\/\/ubirataonline.com.br\/wp-content\/uploads\/2026\/04\/Solitude-e-saude-mental-ficar-tempo-sozinho-beneficia-o-bem-estar.jpg","datePublished":"2026-04-07T20:36:05+00:00","dateModified":"2026-04-07T20:36:07+00:00","description":"Em um mundo cada vez mais\u00a0interconectado, em que\u00a0as intera\u00e7\u00f5es ocorrem, muitas vezes, \u00e0 dist\u00e2ncia, deixando raramente espa\u00e7o para a rela\u00e7\u00e3o consigo","breadcrumb":{"@id":"https:\/\/ubirataonline.com.br\/solitude-e-saude-mental-ficar-tempo-sozinho-beneficia-o-bem-estar\/#breadcrumb"},"inLanguage":"en-US","potentialAction":[{"@type":"ReadAction","target":["https:\/\/ubirataonline.com.br\/solitude-e-saude-mental-ficar-tempo-sozinho-beneficia-o-bem-estar\/"]}]},{"@type":"ImageObject","inLanguage":"en-US","@id":"https:\/\/ubirataonline.com.br\/solitude-e-saude-mental-ficar-tempo-sozinho-beneficia-o-bem-estar\/#primaryimage","url":"https:\/\/ubirataonline.com.br\/wp-content\/uploads\/2026\/04\/Solitude-e-saude-mental-ficar-tempo-sozinho-beneficia-o-bem-estar.jpg","contentUrl":"https:\/\/ubirataonline.com.br\/wp-content\/uploads\/2026\/04\/Solitude-e-saude-mental-ficar-tempo-sozinho-beneficia-o-bem-estar.jpg","width":1200,"height":800,"caption":"Desde que seja exercida na\u00a0medida\u00a0certa,\u00a0a\u00a0solitude\u00a0pode trazer\u00a0in\u00fameros benef\u00edcios para a sa\u00fade mental (Imagem: U__Photo | Shutterstock)"},{"@type":"BreadcrumbList","@id":"https:\/\/ubirataonline.com.br\/solitude-e-saude-mental-ficar-tempo-sozinho-beneficia-o-bem-estar\/#breadcrumb","itemListElement":[{"@type":"ListItem","position":1,"name":"In\u00edcio","item":"https:\/\/ubirataonline.com.br\/"},{"@type":"ListItem","position":2,"name":"Solitude\u00a0e sa\u00fade mental:\u00a0ficar tempo sozinho beneficia o bem-estar\u00a0\u00a0"}]},{"@type":"WebSite","@id":"https:\/\/ubirataonline.com.br\/#website","url":"https:\/\/ubirataonline.com.br\/","name":"Ubirat\u00e3 Online Not\u00edcias","description":"Not\u00edcias de Ubirat\u00e3, regi\u00e3o, Brasil e mundo, com informa\u00e7\u00e3o atualizada e compromisso com o leitor.","publisher":{"@id":"https:\/\/ubirataonline.com.br\/#organization"},"alternateName":"Ubirat\u00e3 Online","potentialAction":[{"@type":"SearchAction","target":{"@type":"EntryPoint","urlTemplate":"https:\/\/ubirataonline.com.br\/?s={search_term_string}"},"query-input":{"@type":"PropertyValueSpecification","valueRequired":true,"valueName":"search_term_string"}}],"inLanguage":"en-US"},{"@type":["Organization","Place"],"@id":"https:\/\/ubirataonline.com.br\/#organization","name":"Ubirat\u00e3 Online Not\u00edcias","alternateName":"Ubirat\u00e3 Online","url":"https:\/\/ubirataonline.com.br\/","logo":{"@id":"https:\/\/ubirataonline.com.br\/solitude-e-saude-mental-ficar-tempo-sozinho-beneficia-o-bem-estar\/#local-main-organization-logo"},"image":{"@id":"https:\/\/ubirataonline.com.br\/solitude-e-saude-mental-ficar-tempo-sozinho-beneficia-o-bem-estar\/#local-main-organization-logo"},"sameAs":["https:\/\/www.facebook.com\/portalubirataonline","https:\/\/x.com\/ubirataonline","https:\/\/mastodon.social\/@ubirataonline","https:\/\/www.facebook.com\/groups\/311144672285604","https:\/\/www.facebook.com\/UBTAOnline","https:\/\/www.instagram.com\/portalubirataonline\/","https:\/\/twitter.com\/ubirataonline"],"description":"Somos um portal de not\u00edcias independente, criado em 5 de janeiro de 2009, com o objetivo de informar, conectar e valorizar a nossa comunidade de Ubirat\u00e3 e toda aregi\u00e3o. Com conte\u00fado atualizado, confi\u00e1vel e relevante, o Ubirat\u00e3 Online \u00e9 o seu espa\u00e7o para ficar por dentro dos principais acontecimentos locais, regionais, Brasil, Mundo e de interesse geral. Nosso compromisso \u00e9 com a verdade, a transpar\u00eancia e o respeito ao leitor.","legalName":"UBIRATA ONLINE NOT\u00cdCIAS","foundingDate":"2009-01-05","numberOfEmployees":{"@type":"QuantitativeValue","minValue":"1","maxValue":"10"},"publishingPrinciples":"https:\/\/ubirataonline.com.br\/faq\/","address":{"@id":"https:\/\/ubirataonline.com.br\/solitude-e-saude-mental-ficar-tempo-sozinho-beneficia-o-bem-estar\/#local-main-place-address"},"geo":{"@type":"GeoCoordinates","latitude":"-24.5361401","longitude":"-52.9921776"},"telephone":["+5544998308235"],"contactPoint":{"@type":"ContactPoint","email":"contato@ubirataonline.com.br"},"openingHoursSpecification":{"@type":"OpeningHoursSpecification","dayOfWeek":["Monday","Tuesday","Wednesday","Thursday","Friday","Saturday","Sunday"],"opens":"00:00","closes":"23:59"},"email":"contato@ubirataonline.com.br","vatID":"47.621.418\/0001-80"},{"@type":"Person","@id":"https:\/\/ubirataonline.com.br\/#\/schema\/person\/372f87bbd3fdd79b8556b84c98d0bc1c","name":"REDA\u00c7\u00c3O: UBIRAT\u00c3 ONLINE - F\u00c1BIO AUGUSTO CELESTINO","pronouns":"Ele","description":"Desde 2003 trabalhando com not\u00edcias.","sameAs":["http:\/\/ubirataoline.com.br","https:\/\/www.facebook.com\/portalubirataonline","https:\/\/www.instagram.com\/ubirataonline_oficial","https:\/\/x.com\/x.com\/ubirataonline"],"honorificPrefix":"Mr.","honorificSuffix":"MD","birthDate":"1980-06-16","gender":"masculino","award":["V\u00e1rios pr\u00eamios de melhor portal da cidade"],"jobTitle":"Diretor","url":"https:\/\/ubirataonline.com.br\/en\/author\/ubirataonline\/"},{"@type":"PostalAddress","@id":"https:\/\/ubirataonline.com.br\/solitude-e-saude-mental-ficar-tempo-sozinho-beneficia-o-bem-estar\/#local-main-place-address","streetAddress":"Rua dos Coqueiros, 104 - Bairro Boa Vista, Rua dos Coqueiros, 104 Bairro Boa Vista","addressLocality":"UBIRATA","postalCode":"85440-000","addressRegion":"PR","addressCountry":"BR"},{"@type":"ImageObject","inLanguage":"en-US","@id":"https:\/\/ubirataonline.com.br\/solitude-e-saude-mental-ficar-tempo-sozinho-beneficia-o-bem-estar\/#local-main-organization-logo","url":"https:\/\/ubirataonline.com.br\/wp-content\/uploads\/2026\/06\/logoubirataonline-1.webp","contentUrl":"https:\/\/ubirataonline.com.br\/wp-content\/uploads\/2026\/06\/logoubirataonline-1.webp","width":500,"height":500,"caption":"Ubirat\u00e3 Online Not\u00edcias"}]},"geo.placename":"UBIRATA","geo.position":{"lat":"-24.5361401","long":"-52.9921776"},"geo.region":"Brazil"},"_links":{"self":[{"href":"https:\/\/ubirataonline.com.br\/en\/wp-json\/wp\/v2\/posts\/100578","targetHints":{"allow":["GET"]}}],"collection":[{"href":"https:\/\/ubirataonline.com.br\/en\/wp-json\/wp\/v2\/posts"}],"about":[{"href":"https:\/\/ubirataonline.com.br\/en\/wp-json\/wp\/v2\/types\/post"}],"author":[{"embeddable":true,"href":"https:\/\/ubirataonline.com.br\/en\/wp-json\/wp\/v2\/users\/1"}],"replies":[{"embeddable":true,"href":"https:\/\/ubirataonline.com.br\/en\/wp-json\/wp\/v2\/comments?post=100578"}],"version-history":[{"count":0,"href":"https:\/\/ubirataonline.com.br\/en\/wp-json\/wp\/v2\/posts\/100578\/revisions"}],"wp:featuredmedia":[{"embeddable":true,"href":"https:\/\/ubirataonline.com.br\/en\/wp-json\/wp\/v2\/media\/100579"}],"wp:attachment":[{"href":"https:\/\/ubirataonline.com.br\/en\/wp-json\/wp\/v2\/media?parent=100578"}],"wp:term":[{"taxonomy":"category","embeddable":true,"href":"https:\/\/ubirataonline.com.br\/en\/wp-json\/wp\/v2\/categories?post=100578"},{"taxonomy":"post_tag","embeddable":true,"href":"https:\/\/ubirataonline.com.br\/en\/wp-json\/wp\/v2\/tags?post=100578"}],"curies":[{"name":"wp","href":"https:\/\/api.w.org\/{rel}","templated":true}]}}