{"id":100592,"date":"2026-04-07T18:02:59","date_gmt":"2026-04-07T21:02:59","guid":{"rendered":"https:\/\/ubirataonline.com.br\/pauls-valley-high-school-principal-injured-in-school-shooting\/"},"modified":"2026-04-07T18:02:59","modified_gmt":"2026-04-07T21:02:59","slug":"pauls-valley-high-school-principal-injured-in-school-shooting","status":"publish","type":"post","link":"https:\/\/ubirataonline.com.br\/en\/pauls-valley-high-school-principal-injured-in-school-shooting\/","title":{"rendered":"Pauls Valley High School principal injured in school shooting"},"content":{"rendered":"<p><\/p>\n<div>\n            <span class=\"storyLocation\">PAULS VALLEY, Okla.  &#8211;<\/span><\/p>\n<p>The school principal is injured, and one person is detained following a shooting at Pauls Valley High School, according to the Garvin County Sheriff\u2019s Office.<\/p>\n<p>GCSO said a principal, Kirk Moore, was shot in the leg and airlifted to the hospital.<\/p>\n<div class=\"Enhancement\" data-align-center=\"\">\n<div class=\"Enhancement-item\">\n<figure class=\"Figure\">\n<p>    <a class=\"AnchorLink\" href=\"#image-640000\" id=\"image-640000\" name=\"image-640000\"\/><\/p>\n<picture data-cropname=\"large-16x9\"><source width=\"1000\" height=\"563\" data-image-size=\"large-16x9\" srcset=\"https:\/\/cdn.griffin.news\/dims4\/default\/b3880d6\/2147483647\/strip\/true\/crop\/196x110+0+38\/resize\/568x320!\/format\/webp\/quality\/90\/?url=https%3A%2F%2Fgriffin-media-production-griffin.s3.us-east-2.amazonaws.com%2Fbrightspot%2F51%2Fd6%2F6a7fc40f48f2a5f4cab5a1983a7d%2Fkirk-moore.jpg 568w,https:\/\/cdn.griffin.news\/dims4\/default\/63c9f04\/2147483647\/strip\/true\/crop\/196x110+0+38\/resize\/768x432!\/format\/webp\/quality\/90\/?url=https%3A%2F%2Fgriffin-media-production-griffin.s3.us-east-2.amazonaws.com%2Fbrightspot%2F51%2Fd6%2F6a7fc40f48f2a5f4cab5a1983a7d%2Fkirk-moore.jpg 768w,https:\/\/cdn.griffin.news\/dims4\/default\/bff05cd\/2147483647\/strip\/true\/crop\/196x110+0+38\/resize\/1000x563!\/format\/webp\/quality\/90\/?url=https%3A%2F%2Fgriffin-media-production-griffin.s3.us-east-2.amazonaws.com%2Fbrightspot%2F51%2Fd6%2F6a7fc40f48f2a5f4cab5a1983a7d%2Fkirk-moore.jpg 1000w\"\/><\/p>\n<\/picture>\n<div class=\"Figure-content\"><figcaption class=\"Figure-caption\">Kirk Moore<\/figcaption><p>Pauls Valley High School<\/p>\n<\/div>\n<\/figure><\/div>\n<\/p><\/div>\n<p>Authorities said no students were injured in the shooting.<\/p>\n<p>The school confirmed that there is no ongoing threat at this time.<\/p>\n<p>The Oklahoma State Bureau of Investigations, Pauls Valley Police and the Oklahoma Highway Patrol are responding to the scene. <\/p>\n<p>In a statement, authorities said,<\/p>\n<p><i>\u201cToday, an incident involving a reported shooting occurred in the lobby area of Pauls Valley High School.<\/i><\/p>\n<p><i>All students have been confirmed safe and accounted for. Principal Kirk Moore sustained injuries during the incident and is currently listed in stable condition.<\/i><\/p>\n<p><i>Law enforcement responded promptly and secured the scene. There is no ongoing threat at this time. Suspect has been detained.<\/i><\/p>\n<p><i>Additional information will be released as it becomes available.\u201d<\/i><\/p>\n<p><b>After-school programs canceled<\/b> <\/p>\n<p>The Donald W. Reynolds Recreation Center said that due to the shooting at Pauls Valley High School,8 after-school activities are canceled.<\/p>\n<p>The center said that all Pauls Valley Public Schools buses are on hold, and the Whitebead School District won\u2019t be bringing its buses either.<\/p>\n<p>The center asked parents to pick their children up directly from their school. <\/p>\n<p><b><i>This is a developing story. Refresh this page for updates.<\/i><\/b> <\/p>\n<\/p><\/div>\n<p><script>\n  window.fbAsyncInit = function() {\n      FB.init({\n              appId : '873770602487653',\n          xfbml : true,\n          version : 'v2.9'\n      });\n  };\n  (function(d, s, id){\n     var js, fjs = d.getElementsByTagName(s)[0];\n     if (d.getElementById(id)) {return;}\n     js = d.createElement(s); js.id = id;\n     js.src = \"https:\/\/connect.facebook.net\/en_US\/sdk.js\";\n     fjs.parentNode.insertBefore(js, fjs);\n   }(document, 'script', 'facebook-jssdk'));\n<\/script><\/p>\n<p><a href=\"https:\/\/www.news9.com\/oklahoma-city-news\/at-least-one-injured-in-shooting-near-pauls-valley-high-school\">Source link <\/a><br \/>\nSee more https:\/\/theglobaltrack.com\/<\/p>\n","protected":false},"excerpt":{"rendered":"<p>PAULS VALLEY, Okla. &#8211; The school principal is injured, and one person is detained following a shooting at Pauls Valley High School, according to the Garvin County Sheriff\u2019s Office. GCSO said a principal, Kirk Moore, was shot in the leg and airlifted to the hospital. Kirk MoorePauls Valley High School Authorities said no students were [&hellip;]<\/p>\n","protected":false},"author":1,"featured_media":100593,"comment_status":"","ping_status":"","sticky":false,"template":"","format":"standard","meta":{"googlesitekit_rrm_CAow2JLhCw:productID":"","_gspb_post_css":"","maa_idioma":"","maa_pais":"","footnotes":""},"categories":[1],"tags":[3939,4921,14014,5371,4563,4352,12280],"class_list":["post-100592","post","type-post","status-publish","format-standard","has-post-thumbnail","hentry","category-ubirata","tag-high","tag-injured","tag-pauls","tag-principal","tag-school","tag-shooting","tag-valley"],"blocksy_meta":[],"yoast_head":"<!-- This site is optimized with the Yoast SEO Premium plugin v27.6 (Yoast SEO v27.6) - https:\/\/yoast.com\/product\/yoast-seo-premium-wordpress\/ -->\n<title>Pauls Valley High School principal injured in school shooting - Ubirat\u00e3 Online Not\u00edcias - A realidade ao seu alcance!<\/title>\n<meta name=\"description\" content=\"The victim suffered non-life-threatening injuries.\" \/>\n<meta name=\"robots\" content=\"index, follow, max-snippet:-1, max-image-preview:large, max-video-preview:-1\" \/>\n<link rel=\"canonical\" href=\"https:\/\/ubirataonline.com.br\/en\/pauls-valley-high-school-principal-injured-in-school-shooting\/\" \/>\n<meta property=\"og:locale\" content=\"en_US\" \/>\n<meta property=\"og:type\" content=\"article\" \/>\n<meta property=\"og:title\" content=\"Pauls Valley High School principal injured in school shooting\" \/>\n<meta property=\"og:description\" content=\"The victim suffered non-life-threatening injuries.\" \/>\n<meta property=\"og:url\" content=\"https:\/\/ubirataonline.com.br\/en\/pauls-valley-high-school-principal-injured-in-school-shooting\/\" \/>\n<meta property=\"og:site_name\" content=\"Ubirat\u00e3 Online Not\u00edcias - A realidade ao seu alcance!\" \/>\n<meta property=\"article:publisher\" content=\"https:\/\/www.facebook.com\/portalubirataonline\" \/>\n<meta property=\"article:author\" content=\"https:\/\/www.facebook.com\/portalubirataonline\" \/>\n<meta property=\"article:published_time\" content=\"2026-04-07T21:02:59+00:00\" \/>\n<meta property=\"og:image\" content=\"https:\/\/ubirataonline.com.br\/wp-content\/uploads\/2026\/04\/Pauls-Valley-High-School-principal-injured-in-school-shooting.com2Fbrightspot2F512Fd.webp\" \/>\n\t<meta property=\"og:image:width\" content=\"1440\" \/>\n\t<meta property=\"og:image:height\" content=\"810\" \/>\n\t<meta property=\"og:image:type\" content=\"image\/webp\" \/>\n<meta name=\"author\" content=\"REDA\u00c7\u00c3O: UBIRAT\u00c3 ONLINE - F\u00c1BIO AUGUSTO CELESTINO\" \/>\n<meta name=\"twitter:card\" content=\"summary_large_image\" \/>\n<meta name=\"twitter:creator\" content=\"@x.com\/ubirataonline\" \/>\n<meta name=\"twitter:site\" content=\"@ubirataonline\" \/>\n<meta name=\"twitter:label1\" content=\"Written by\" \/>\n\t<meta name=\"twitter:data1\" content=\"REDA\u00c7\u00c3O: UBIRAT\u00c3 ONLINE - F\u00c1BIO AUGUSTO CELESTINO\" \/>\n\t<meta name=\"twitter:label2\" content=\"Est. reading time\" \/>\n\t<meta name=\"twitter:data2\" content=\"1 minute\" \/>\n<script type=\"application\/ld+json\" class=\"yoast-schema-graph\">{\"@context\":\"https:\\\/\\\/schema.org\",\"@graph\":[{\"@type\":\"NewsArticle\",\"@id\":\"https:\\\/\\\/ubirataonline.com.br\\\/pauls-valley-high-school-principal-injured-in-school-shooting\\\/#article\",\"isPartOf\":{\"@id\":\"https:\\\/\\\/ubirataonline.com.br\\\/pauls-valley-high-school-principal-injured-in-school-shooting\\\/\"},\"author\":{\"name\":\"REDA\u00c7\u00c3O: UBIRAT\u00c3 ONLINE - F\u00c1BIO AUGUSTO CELESTINO\",\"@id\":\"https:\\\/\\\/ubirataonline.com.br\\\/#\\\/schema\\\/person\\\/372f87bbd3fdd79b8556b84c98d0bc1c\"},\"headline\":\"Pauls Valley High School principal injured in school shooting\",\"datePublished\":\"2026-04-07T21:02:59+00:00\",\"mainEntityOfPage\":{\"@id\":\"https:\\\/\\\/ubirataonline.com.br\\\/pauls-valley-high-school-principal-injured-in-school-shooting\\\/\"},\"wordCount\":255,\"publisher\":{\"@id\":\"https:\\\/\\\/ubirataonline.com.br\\\/#organization\"},\"image\":{\"@id\":\"https:\\\/\\\/ubirataonline.com.br\\\/pauls-valley-high-school-principal-injured-in-school-shooting\\\/#primaryimage\"},\"thumbnailUrl\":\"https:\\\/\\\/ubirataonline.com.br\\\/wp-content\\\/uploads\\\/2026\\\/04\\\/Pauls-Valley-High-School-principal-injured-in-school-shooting.com2Fbrightspot2F512Fd.webp\",\"keywords\":[\"high\",\"injured\",\"Pauls\",\"principal\",\"school\",\"shooting\",\"Valley\"],\"articleSection\":[\"Ubirat\u00e3\"],\"inLanguage\":\"en-US\",\"copyrightYear\":\"2026\",\"copyrightHolder\":{\"@id\":\"https:\\\/\\\/ubirataonline.com.br\\\/en\\\/#organization\"}},{\"@type\":\"WebPage\",\"@id\":\"https:\\\/\\\/ubirataonline.com.br\\\/pauls-valley-high-school-principal-injured-in-school-shooting\\\/\",\"url\":\"https:\\\/\\\/ubirataonline.com.br\\\/pauls-valley-high-school-principal-injured-in-school-shooting\\\/\",\"name\":\"Pauls Valley High School principal injured in school shooting - Ubirat\u00e3 Online Not\u00edcias - A realidade ao seu alcance!\",\"isPartOf\":{\"@id\":\"https:\\\/\\\/ubirataonline.com.br\\\/#website\"},\"primaryImageOfPage\":{\"@id\":\"https:\\\/\\\/ubirataonline.com.br\\\/pauls-valley-high-school-principal-injured-in-school-shooting\\\/#primaryimage\"},\"image\":{\"@id\":\"https:\\\/\\\/ubirataonline.com.br\\\/pauls-valley-high-school-principal-injured-in-school-shooting\\\/#primaryimage\"},\"thumbnailUrl\":\"https:\\\/\\\/ubirataonline.com.br\\\/wp-content\\\/uploads\\\/2026\\\/04\\\/Pauls-Valley-High-School-principal-injured-in-school-shooting.com2Fbrightspot2F512Fd.webp\",\"datePublished\":\"2026-04-07T21:02:59+00:00\",\"description\":\"The victim suffered non-life-threatening injuries.\",\"breadcrumb\":{\"@id\":\"https:\\\/\\\/ubirataonline.com.br\\\/pauls-valley-high-school-principal-injured-in-school-shooting\\\/#breadcrumb\"},\"inLanguage\":\"en-US\",\"potentialAction\":[{\"@type\":\"ReadAction\",\"target\":[\"https:\\\/\\\/ubirataonline.com.br\\\/pauls-valley-high-school-principal-injured-in-school-shooting\\\/\"]}]},{\"@type\":\"ImageObject\",\"inLanguage\":\"en-US\",\"@id\":\"https:\\\/\\\/ubirataonline.com.br\\\/pauls-valley-high-school-principal-injured-in-school-shooting\\\/#primaryimage\",\"url\":\"https:\\\/\\\/ubirataonline.com.br\\\/wp-content\\\/uploads\\\/2026\\\/04\\\/Pauls-Valley-High-School-principal-injured-in-school-shooting.com2Fbrightspot2F512Fd.webp\",\"contentUrl\":\"https:\\\/\\\/ubirataonline.com.br\\\/wp-content\\\/uploads\\\/2026\\\/04\\\/Pauls-Valley-High-School-principal-injured-in-school-shooting.com2Fbrightspot2F512Fd.webp\",\"width\":1440,\"height\":810,\"caption\":\"Kirk Moore\"},{\"@type\":\"BreadcrumbList\",\"@id\":\"https:\\\/\\\/ubirataonline.com.br\\\/pauls-valley-high-school-principal-injured-in-school-shooting\\\/#breadcrumb\",\"itemListElement\":[{\"@type\":\"ListItem\",\"position\":1,\"name\":\"In\u00edcio\",\"item\":\"https:\\\/\\\/ubirataonline.com.br\\\/\"},{\"@type\":\"ListItem\",\"position\":2,\"name\":\"Pauls Valley High School principal injured in school shooting\"}]},{\"@type\":\"WebSite\",\"@id\":\"https:\\\/\\\/ubirataonline.com.br\\\/#website\",\"url\":\"https:\\\/\\\/ubirataonline.com.br\\\/\",\"name\":\"Ubirat\u00e3 Online Not\u00edcias\",\"description\":\"Not\u00edcias de Ubirat\u00e3, regi\u00e3o, Brasil e mundo, com informa\u00e7\u00e3o atualizada e compromisso com o leitor.\",\"publisher\":{\"@id\":\"https:\\\/\\\/ubirataonline.com.br\\\/#organization\"},\"alternateName\":\"Ubirat\u00e3 Online\",\"potentialAction\":[{\"@type\":\"SearchAction\",\"target\":{\"@type\":\"EntryPoint\",\"urlTemplate\":\"https:\\\/\\\/ubirataonline.com.br\\\/?s={search_term_string}\"},\"query-input\":{\"@type\":\"PropertyValueSpecification\",\"valueRequired\":true,\"valueName\":\"search_term_string\"}}],\"inLanguage\":\"en-US\"},{\"@type\":[\"Organization\",\"Place\"],\"@id\":\"https:\\\/\\\/ubirataonline.com.br\\\/#organization\",\"name\":\"Ubirat\u00e3 Online Not\u00edcias\",\"alternateName\":\"Ubirat\u00e3 Online\",\"url\":\"https:\\\/\\\/ubirataonline.com.br\\\/\",\"logo\":{\"@id\":\"https:\\\/\\\/ubirataonline.com.br\\\/pauls-valley-high-school-principal-injured-in-school-shooting\\\/#local-main-organization-logo\"},\"image\":{\"@id\":\"https:\\\/\\\/ubirataonline.com.br\\\/pauls-valley-high-school-principal-injured-in-school-shooting\\\/#local-main-organization-logo\"},\"sameAs\":[\"https:\\\/\\\/www.facebook.com\\\/portalubirataonline\",\"https:\\\/\\\/x.com\\\/ubirataonline\",\"https:\\\/\\\/mastodon.social\\\/@ubirataonline\",\"https:\\\/\\\/www.facebook.com\\\/groups\\\/311144672285604\",\"https:\\\/\\\/www.facebook.com\\\/UBTAOnline\",\"https:\\\/\\\/www.instagram.com\\\/portalubirataonline\\\/\",\"https:\\\/\\\/twitter.com\\\/ubirataonline\"],\"description\":\"Somos um portal de not\u00edcias independente, criado em 5 de janeiro de 2009, com o objetivo de informar, conectar e valorizar a nossa comunidade de Ubirat\u00e3 e toda aregi\u00e3o. Com conte\u00fado atualizado, confi\u00e1vel e relevante, o Ubirat\u00e3 Online \u00e9 o seu espa\u00e7o para ficar por dentro dos principais acontecimentos locais, regionais, Brasil, Mundo e de interesse geral. Nosso compromisso \u00e9 com a verdade, a transpar\u00eancia e o respeito ao leitor.\",\"legalName\":\"UBIRATA ONLINE NOT\u00cdCIAS\",\"foundingDate\":\"2009-01-05\",\"numberOfEmployees\":{\"@type\":\"QuantitativeValue\",\"minValue\":\"1\",\"maxValue\":\"10\"},\"publishingPrinciples\":\"https:\\\/\\\/ubirataonline.com.br\\\/faq\\\/\",\"address\":{\"@id\":\"https:\\\/\\\/ubirataonline.com.br\\\/pauls-valley-high-school-principal-injured-in-school-shooting\\\/#local-main-place-address\"},\"geo\":{\"@type\":\"GeoCoordinates\",\"latitude\":\"-24.5361401\",\"longitude\":\"-52.9921776\"},\"telephone\":[\"+5544998308235\"],\"contactPoint\":{\"@type\":\"ContactPoint\",\"email\":\"contato@ubirataonline.com.br\"},\"openingHoursSpecification\":{\"@type\":\"OpeningHoursSpecification\",\"dayOfWeek\":[\"Monday\",\"Tuesday\",\"Wednesday\",\"Thursday\",\"Friday\",\"Saturday\",\"Sunday\"],\"opens\":\"00:00\",\"closes\":\"23:59\"},\"email\":\"contato@ubirataonline.com.br\",\"vatID\":\"47.621.418\\\/0001-80\"},{\"@type\":\"Person\",\"@id\":\"https:\\\/\\\/ubirataonline.com.br\\\/#\\\/schema\\\/person\\\/372f87bbd3fdd79b8556b84c98d0bc1c\",\"name\":\"REDA\u00c7\u00c3O: UBIRAT\u00c3 ONLINE - F\u00c1BIO AUGUSTO CELESTINO\",\"pronouns\":\"Ele\",\"description\":\"Desde 2003 trabalhando com not\u00edcias.\",\"sameAs\":[\"http:\\\/\\\/ubirataoline.com.br\",\"https:\\\/\\\/www.facebook.com\\\/portalubirataonline\",\"https:\\\/\\\/www.instagram.com\\\/ubirataonline_oficial\",\"https:\\\/\\\/x.com\\\/x.com\\\/ubirataonline\"],\"honorificPrefix\":\"Mr.\",\"honorificSuffix\":\"MD\",\"birthDate\":\"1980-06-16\",\"gender\":\"masculino\",\"award\":[\"V\u00e1rios pr\u00eamios de melhor portal da cidade\"],\"jobTitle\":\"Diretor\",\"url\":\"https:\\\/\\\/ubirataonline.com.br\\\/en\\\/author\\\/ubirataonline\\\/\"},{\"@type\":\"PostalAddress\",\"@id\":\"https:\\\/\\\/ubirataonline.com.br\\\/pauls-valley-high-school-principal-injured-in-school-shooting\\\/#local-main-place-address\",\"streetAddress\":\"Rua dos Coqueiros, 104 - Bairro Boa Vista, Rua dos Coqueiros, 104 Bairro Boa Vista\",\"addressLocality\":\"UBIRATA\",\"postalCode\":\"85440-000\",\"addressRegion\":\"PR\",\"addressCountry\":\"BR\"},{\"@type\":\"ImageObject\",\"inLanguage\":\"en-US\",\"@id\":\"https:\\\/\\\/ubirataonline.com.br\\\/pauls-valley-high-school-principal-injured-in-school-shooting\\\/#local-main-organization-logo\",\"url\":\"https:\\\/\\\/ubirataonline.com.br\\\/wp-content\\\/uploads\\\/2026\\\/06\\\/logoubirataonline-1.webp\",\"contentUrl\":\"https:\\\/\\\/ubirataonline.com.br\\\/wp-content\\\/uploads\\\/2026\\\/06\\\/logoubirataonline-1.webp\",\"width\":500,\"height\":500,\"caption\":\"Ubirat\u00e3 Online Not\u00edcias\"}]}<\/script>\n<meta name=\"geo.placename\" content=\"UBIRATA\" \/>\n<meta name=\"geo.position\" content=\"-24.5361401;-52.9921776\" \/>\n<meta name=\"geo.region\" content=\"Brazil\" \/>\n<!-- \/ Yoast SEO Premium plugin. -->","yoast_head_json":{"title":"Pauls Valley High School principal injured in school shooting - Ubirat\u00e3 Online Not\u00edcias - A realidade ao seu alcance!","description":"The victim suffered non-life-threatening injuries.","robots":{"index":"index","follow":"follow","max-snippet":"max-snippet:-1","max-image-preview":"max-image-preview:large","max-video-preview":"max-video-preview:-1"},"canonical":"https:\/\/ubirataonline.com.br\/en\/pauls-valley-high-school-principal-injured-in-school-shooting\/","og_locale":"en_US","og_type":"article","og_title":"Pauls Valley High School principal injured in school shooting","og_description":"The victim suffered non-life-threatening injuries.","og_url":"https:\/\/ubirataonline.com.br\/en\/pauls-valley-high-school-principal-injured-in-school-shooting\/","og_site_name":"Ubirat\u00e3 Online Not\u00edcias - A realidade ao seu alcance!","article_publisher":"https:\/\/www.facebook.com\/portalubirataonline","article_author":"https:\/\/www.facebook.com\/portalubirataonline","article_published_time":"2026-04-07T21:02:59+00:00","og_image":[{"width":1440,"height":810,"url":"https:\/\/ubirataonline.com.br\/wp-content\/uploads\/2026\/04\/Pauls-Valley-High-School-principal-injured-in-school-shooting.com2Fbrightspot2F512Fd.webp","type":"image\/webp"}],"author":"REDA\u00c7\u00c3O: UBIRAT\u00c3 ONLINE - F\u00c1BIO AUGUSTO CELESTINO","twitter_card":"summary_large_image","twitter_creator":"@x.com\/ubirataonline","twitter_site":"@ubirataonline","twitter_misc":{"Written by":"REDA\u00c7\u00c3O: UBIRAT\u00c3 ONLINE - F\u00c1BIO AUGUSTO CELESTINO","Est. reading time":"1 minute"},"schema":{"@context":"https:\/\/schema.org","@graph":[{"@type":"NewsArticle","@id":"https:\/\/ubirataonline.com.br\/pauls-valley-high-school-principal-injured-in-school-shooting\/#article","isPartOf":{"@id":"https:\/\/ubirataonline.com.br\/pauls-valley-high-school-principal-injured-in-school-shooting\/"},"author":{"name":"REDA\u00c7\u00c3O: UBIRAT\u00c3 ONLINE - F\u00c1BIO AUGUSTO CELESTINO","@id":"https:\/\/ubirataonline.com.br\/#\/schema\/person\/372f87bbd3fdd79b8556b84c98d0bc1c"},"headline":"Pauls Valley High School principal injured in school shooting","datePublished":"2026-04-07T21:02:59+00:00","mainEntityOfPage":{"@id":"https:\/\/ubirataonline.com.br\/pauls-valley-high-school-principal-injured-in-school-shooting\/"},"wordCount":255,"publisher":{"@id":"https:\/\/ubirataonline.com.br\/#organization"},"image":{"@id":"https:\/\/ubirataonline.com.br\/pauls-valley-high-school-principal-injured-in-school-shooting\/#primaryimage"},"thumbnailUrl":"https:\/\/ubirataonline.com.br\/wp-content\/uploads\/2026\/04\/Pauls-Valley-High-School-principal-injured-in-school-shooting.com2Fbrightspot2F512Fd.webp","keywords":["high","injured","Pauls","principal","school","shooting","Valley"],"articleSection":["Ubirat\u00e3"],"inLanguage":"en-US","copyrightYear":"2026","copyrightHolder":{"@id":"https:\/\/ubirataonline.com.br\/en\/#organization"}},{"@type":"WebPage","@id":"https:\/\/ubirataonline.com.br\/pauls-valley-high-school-principal-injured-in-school-shooting\/","url":"https:\/\/ubirataonline.com.br\/pauls-valley-high-school-principal-injured-in-school-shooting\/","name":"Pauls Valley High School principal injured in school shooting - Ubirat\u00e3 Online Not\u00edcias - A realidade ao seu alcance!","isPartOf":{"@id":"https:\/\/ubirataonline.com.br\/#website"},"primaryImageOfPage":{"@id":"https:\/\/ubirataonline.com.br\/pauls-valley-high-school-principal-injured-in-school-shooting\/#primaryimage"},"image":{"@id":"https:\/\/ubirataonline.com.br\/pauls-valley-high-school-principal-injured-in-school-shooting\/#primaryimage"},"thumbnailUrl":"https:\/\/ubirataonline.com.br\/wp-content\/uploads\/2026\/04\/Pauls-Valley-High-School-principal-injured-in-school-shooting.com2Fbrightspot2F512Fd.webp","datePublished":"2026-04-07T21:02:59+00:00","description":"The victim suffered non-life-threatening injuries.","breadcrumb":{"@id":"https:\/\/ubirataonline.com.br\/pauls-valley-high-school-principal-injured-in-school-shooting\/#breadcrumb"},"inLanguage":"en-US","potentialAction":[{"@type":"ReadAction","target":["https:\/\/ubirataonline.com.br\/pauls-valley-high-school-principal-injured-in-school-shooting\/"]}]},{"@type":"ImageObject","inLanguage":"en-US","@id":"https:\/\/ubirataonline.com.br\/pauls-valley-high-school-principal-injured-in-school-shooting\/#primaryimage","url":"https:\/\/ubirataonline.com.br\/wp-content\/uploads\/2026\/04\/Pauls-Valley-High-School-principal-injured-in-school-shooting.com2Fbrightspot2F512Fd.webp","contentUrl":"https:\/\/ubirataonline.com.br\/wp-content\/uploads\/2026\/04\/Pauls-Valley-High-School-principal-injured-in-school-shooting.com2Fbrightspot2F512Fd.webp","width":1440,"height":810,"caption":"Kirk Moore"},{"@type":"BreadcrumbList","@id":"https:\/\/ubirataonline.com.br\/pauls-valley-high-school-principal-injured-in-school-shooting\/#breadcrumb","itemListElement":[{"@type":"ListItem","position":1,"name":"In\u00edcio","item":"https:\/\/ubirataonline.com.br\/"},{"@type":"ListItem","position":2,"name":"Pauls Valley High School principal injured in school shooting"}]},{"@type":"WebSite","@id":"https:\/\/ubirataonline.com.br\/#website","url":"https:\/\/ubirataonline.com.br\/","name":"Ubirat\u00e3 Online Not\u00edcias","description":"Not\u00edcias de Ubirat\u00e3, regi\u00e3o, Brasil e mundo, com informa\u00e7\u00e3o atualizada e compromisso com o leitor.","publisher":{"@id":"https:\/\/ubirataonline.com.br\/#organization"},"alternateName":"Ubirat\u00e3 Online","potentialAction":[{"@type":"SearchAction","target":{"@type":"EntryPoint","urlTemplate":"https:\/\/ubirataonline.com.br\/?s={search_term_string}"},"query-input":{"@type":"PropertyValueSpecification","valueRequired":true,"valueName":"search_term_string"}}],"inLanguage":"en-US"},{"@type":["Organization","Place"],"@id":"https:\/\/ubirataonline.com.br\/#organization","name":"Ubirat\u00e3 Online Not\u00edcias","alternateName":"Ubirat\u00e3 Online","url":"https:\/\/ubirataonline.com.br\/","logo":{"@id":"https:\/\/ubirataonline.com.br\/pauls-valley-high-school-principal-injured-in-school-shooting\/#local-main-organization-logo"},"image":{"@id":"https:\/\/ubirataonline.com.br\/pauls-valley-high-school-principal-injured-in-school-shooting\/#local-main-organization-logo"},"sameAs":["https:\/\/www.facebook.com\/portalubirataonline","https:\/\/x.com\/ubirataonline","https:\/\/mastodon.social\/@ubirataonline","https:\/\/www.facebook.com\/groups\/311144672285604","https:\/\/www.facebook.com\/UBTAOnline","https:\/\/www.instagram.com\/portalubirataonline\/","https:\/\/twitter.com\/ubirataonline"],"description":"Somos um portal de not\u00edcias independente, criado em 5 de janeiro de 2009, com o objetivo de informar, conectar e valorizar a nossa comunidade de Ubirat\u00e3 e toda aregi\u00e3o. Com conte\u00fado atualizado, confi\u00e1vel e relevante, o Ubirat\u00e3 Online \u00e9 o seu espa\u00e7o para ficar por dentro dos principais acontecimentos locais, regionais, Brasil, Mundo e de interesse geral. Nosso compromisso \u00e9 com a verdade, a transpar\u00eancia e o respeito ao leitor.","legalName":"UBIRATA ONLINE NOT\u00cdCIAS","foundingDate":"2009-01-05","numberOfEmployees":{"@type":"QuantitativeValue","minValue":"1","maxValue":"10"},"publishingPrinciples":"https:\/\/ubirataonline.com.br\/faq\/","address":{"@id":"https:\/\/ubirataonline.com.br\/pauls-valley-high-school-principal-injured-in-school-shooting\/#local-main-place-address"},"geo":{"@type":"GeoCoordinates","latitude":"-24.5361401","longitude":"-52.9921776"},"telephone":["+5544998308235"],"contactPoint":{"@type":"ContactPoint","email":"contato@ubirataonline.com.br"},"openingHoursSpecification":{"@type":"OpeningHoursSpecification","dayOfWeek":["Monday","Tuesday","Wednesday","Thursday","Friday","Saturday","Sunday"],"opens":"00:00","closes":"23:59"},"email":"contato@ubirataonline.com.br","vatID":"47.621.418\/0001-80"},{"@type":"Person","@id":"https:\/\/ubirataonline.com.br\/#\/schema\/person\/372f87bbd3fdd79b8556b84c98d0bc1c","name":"REDA\u00c7\u00c3O: UBIRAT\u00c3 ONLINE - F\u00c1BIO AUGUSTO CELESTINO","pronouns":"Ele","description":"Desde 2003 trabalhando com not\u00edcias.","sameAs":["http:\/\/ubirataoline.com.br","https:\/\/www.facebook.com\/portalubirataonline","https:\/\/www.instagram.com\/ubirataonline_oficial","https:\/\/x.com\/x.com\/ubirataonline"],"honorificPrefix":"Mr.","honorificSuffix":"MD","birthDate":"1980-06-16","gender":"masculino","award":["V\u00e1rios pr\u00eamios de melhor portal da cidade"],"jobTitle":"Diretor","url":"https:\/\/ubirataonline.com.br\/en\/author\/ubirataonline\/"},{"@type":"PostalAddress","@id":"https:\/\/ubirataonline.com.br\/pauls-valley-high-school-principal-injured-in-school-shooting\/#local-main-place-address","streetAddress":"Rua dos Coqueiros, 104 - Bairro Boa Vista, Rua dos Coqueiros, 104 Bairro Boa Vista","addressLocality":"UBIRATA","postalCode":"85440-000","addressRegion":"PR","addressCountry":"BR"},{"@type":"ImageObject","inLanguage":"en-US","@id":"https:\/\/ubirataonline.com.br\/pauls-valley-high-school-principal-injured-in-school-shooting\/#local-main-organization-logo","url":"https:\/\/ubirataonline.com.br\/wp-content\/uploads\/2026\/06\/logoubirataonline-1.webp","contentUrl":"https:\/\/ubirataonline.com.br\/wp-content\/uploads\/2026\/06\/logoubirataonline-1.webp","width":500,"height":500,"caption":"Ubirat\u00e3 Online Not\u00edcias"}]},"geo.placename":"UBIRATA","geo.position":{"lat":"-24.5361401","long":"-52.9921776"},"geo.region":"Brazil"},"_links":{"self":[{"href":"https:\/\/ubirataonline.com.br\/en\/wp-json\/wp\/v2\/posts\/100592","targetHints":{"allow":["GET"]}}],"collection":[{"href":"https:\/\/ubirataonline.com.br\/en\/wp-json\/wp\/v2\/posts"}],"about":[{"href":"https:\/\/ubirataonline.com.br\/en\/wp-json\/wp\/v2\/types\/post"}],"author":[{"embeddable":true,"href":"https:\/\/ubirataonline.com.br\/en\/wp-json\/wp\/v2\/users\/1"}],"replies":[{"embeddable":true,"href":"https:\/\/ubirataonline.com.br\/en\/wp-json\/wp\/v2\/comments?post=100592"}],"version-history":[{"count":0,"href":"https:\/\/ubirataonline.com.br\/en\/wp-json\/wp\/v2\/posts\/100592\/revisions"}],"wp:featuredmedia":[{"embeddable":true,"href":"https:\/\/ubirataonline.com.br\/en\/wp-json\/wp\/v2\/media\/100593"}],"wp:attachment":[{"href":"https:\/\/ubirataonline.com.br\/en\/wp-json\/wp\/v2\/media?parent=100592"}],"wp:term":[{"taxonomy":"category","embeddable":true,"href":"https:\/\/ubirataonline.com.br\/en\/wp-json\/wp\/v2\/categories?post=100592"},{"taxonomy":"post_tag","embeddable":true,"href":"https:\/\/ubirataonline.com.br\/en\/wp-json\/wp\/v2\/tags?post=100592"}],"curies":[{"name":"wp","href":"https:\/\/api.w.org\/{rel}","templated":true}]}}