{"id":100594,"date":"2026-04-07T18:05:59","date_gmt":"2026-04-07T21:05:59","guid":{"rendered":"https:\/\/ubirataonline.com.br\/mourinho-e-triste-vinicius-e-o-alvo\/"},"modified":"2026-04-07T18:06:04","modified_gmt":"2026-04-07T21:06:04","slug":"mourinho-e-triste-vinicius-e-o-alvo","status":"publish","type":"post","link":"https:\/\/ubirataonline.com.br\/en\/mourinho-e-triste-vinicius-e-o-alvo\/","title":{"rendered":"\u00abMourinho? \u00c9 triste. Vin\u00edcius \u00e9 o alvo\u00bb"},"content":{"rendered":"<p><br \/>\n<\/p>\n<div id=\"article_body\">\n<div class=\"mx-auto w-full font-default text-lg font-normal leading-7 text-neutral-800 sm:text-xl [&amp;_a:hover]:text-primary-700 [&amp;_a]:text-primary-500 [&amp;_a]:transition [&amp;_h2]:font-accent [&amp;_h2]:text-xl [&amp;_h2]:font-extrabold [&amp;_h2]:leading-7 sm:[&amp;_h2]:text-2xl sm:[&amp;_h2]:leading-8 [&amp;_h3]:font-accent [&amp;_h3]:text-lg [&amp;_h3]:font-extrabold [&amp;_h3]:leading-7 [&amp;_h4]:font-accent [&amp;_h4]:text-base [&amp;_h4]:font-extrabold [&amp;_h4]:leading-6 [&amp;_h5]:font-accent [&amp;_h5]:text-base [&amp;_h5]:font-bold [&amp;_h5]:leading-6 [&amp;_h6]:font-accent [&amp;_h6]:text-base [&amp;_h6]:font-normal [&amp;_h6]:leading-6 [&amp;_li]:mb-2 [&amp;_ol]:my-4 [&amp;_ol]:list-decimal [&amp;_ol]:pl-6 [&amp;_ul]:my-4 [&amp;_ul]:list-disc [&amp;_ul]:pl-6\">\n<p>Patrice Evra, antigo lateral-esquerdo do <a target=\"_blank\" class=\"editor-link autolink-enabled\" href=\"https:\/\/www.abola.pt\/futebol\/manchester-united-102\" data-resource-id=\"102\" data-resource-type=\"team\" data-sport=\"football\">Manchester United<\/a> e da <a target=\"_blank\" class=\"editor-link autolink-enabled\" href=\"https:\/\/www.abola.pt\/futebol\/juventus-255\" data-resource-id=\"255\" data-resource-type=\"team\" data-sport=\"football\">Juventus<\/a>, afirma estar mais feliz agora do que durante a sua carreira, per\u00edodo em que sentia a necessidade de esconder as emo\u00e7\u00f5es para competir ao mais alto n\u00edvel. \u00abQuando se joga ao n\u00edvel certo, somos um monstro, uma m\u00e1quina. Temos de esconder as emo\u00e7\u00f5es. Estamos l\u00e1 apenas para ganhar\u00bb, confessou, em entrevista ao<i> The Athletic<\/i>.<\/p>\n<\/div>\n<div class=\"mx-auto w-full\">\n        <picture><source srcset=\"https:\/\/sportal365images.com\/process\/smp-images-production\/abola.pt\/07032026\/53356aa6-1521-4422-b71d-9cf69c5d3861.jpeg?operations=fit(620:)&amp;format=webp\" type=\"image\/webp\" width=\"620\"\/><\/picture>\n<p>\n                <span class=\"font-default text-xs font-normal leading-4 text-white sm:text-sm sm:leading-5\"><br \/>\n                    Patrice Evra, antigo capit\u00e3o do Manchester United, e Jos\u00e9 Mourinho, ex-treinador do Real Madrid<br \/>\n                <\/span>\n            <\/p>\n<\/p><\/div>\n<div class=\"mx-auto w-full font-default text-lg font-normal leading-7 text-neutral-800 sm:text-xl [&amp;_a:hover]:text-primary-700 [&amp;_a]:text-primary-500 [&amp;_a]:transition [&amp;_h2]:font-accent [&amp;_h2]:text-xl [&amp;_h2]:font-extrabold [&amp;_h2]:leading-7 sm:[&amp;_h2]:text-2xl sm:[&amp;_h2]:leading-8 [&amp;_h3]:font-accent [&amp;_h3]:text-lg [&amp;_h3]:font-extrabold [&amp;_h3]:leading-7 [&amp;_h4]:font-accent [&amp;_h4]:text-base [&amp;_h4]:font-extrabold [&amp;_h4]:leading-6 [&amp;_h5]:font-accent [&amp;_h5]:text-base [&amp;_h5]:font-bold [&amp;_h5]:leading-6 [&amp;_h6]:font-accent [&amp;_h6]:text-base [&amp;_h6]:font-normal [&amp;_h6]:leading-6 [&amp;_li]:mb-2 [&amp;_ol]:my-4 [&amp;_ol]:list-decimal [&amp;_ol]:pl-6 [&amp;_ul]:my-4 [&amp;_ul]:list-disc [&amp;_ul]:pl-6\">\n<p>Evra abordou o tema do racismo, tra\u00e7ando um paralelo entre o seu caso com Luis Su\u00e1rez e o recente incidente com <a class=\"autolink-enabled\" data-resource-id=\"178339\" data-resource-type=\"player\" data-sport=\"football\" href=\"https:\/\/www.abola.pt\/futebol\/jogador\/vinicius-junior-178339\">Vin\u00edcius<\/a> J\u00fanior, que ter\u00e1 sido alvo de insultos racistas por parte de Gianluca <a class=\"autolink-enabled\" data-resource-id=\"258465\" data-resource-type=\"player\" data-sport=\"football\" href=\"https:\/\/www.abola.pt\/futebol\/jogador\/prestianni-258465\">Prestianni<\/a>, jogador do <a class=\"autolink-enabled\" data-resource-id=\"450\" data-resource-type=\"team\" data-sport=\"football\" href=\"https:\/\/www.abola.pt\/futebol\/benfica-450\">Benfica<\/a>, num jogo da <a class=\"autolink-enabled\" data-resource-id=\"758\" data-resource-type=\"competition\" data-sport=\"football\" href=\"https:\/\/www.abola.pt\/futebol\/competicao\/liga-dos-campeoes-qualificacoes-758\">Liga dos Campe\u00f5es<\/a> contra o <a class=\"autolink-enabled\" data-resource-id=\"204\" data-resource-type=\"team\" data-sport=\"football\" href=\"https:\/\/www.abola.pt\/futebol\/real-madrid-204\">Real Madrid<\/a>. Mourinho apontou para a <mark class=\"pen\" style=\"color: rgb(51, 51, 51); background-color: inherit;\">maneira provocadora como <a class=\"autolink-enabled\" data-resource-id=\"178339\" data-resource-type=\"player\" data-sport=\"football\" href=\"https:\/\/www.abola.pt\/futebol\/jogador\/vinicius-junior-178339\">Vin\u00edcius<\/a> festejou o golo.<\/mark><\/p>\n<\/div>\n<div class=\"mx-auto w-full font-default text-lg font-normal leading-7 text-neutral-800 sm:text-xl [&amp;_a:hover]:text-primary-700 [&amp;_a]:text-primary-500 [&amp;_a]:transition [&amp;_h2]:font-accent [&amp;_h2]:text-xl [&amp;_h2]:font-extrabold [&amp;_h2]:leading-7 sm:[&amp;_h2]:text-2xl sm:[&amp;_h2]:leading-8 [&amp;_h3]:font-accent [&amp;_h3]:text-lg [&amp;_h3]:font-extrabold [&amp;_h3]:leading-7 [&amp;_h4]:font-accent [&amp;_h4]:text-base [&amp;_h4]:font-extrabold [&amp;_h4]:leading-6 [&amp;_h5]:font-accent [&amp;_h5]:text-base [&amp;_h5]:font-bold [&amp;_h5]:leading-6 [&amp;_h6]:font-accent [&amp;_h6]:text-base [&amp;_h6]:font-normal [&amp;_h6]:leading-6 [&amp;_li]:mb-2 [&amp;_ol]:my-4 [&amp;_ol]:list-decimal [&amp;_ol]:pl-6 [&amp;_ul]:my-4 [&amp;_ul]:list-disc [&amp;_ul]:pl-6\">\n<p>\u00ab\u00c9 triste. O <a target=\"_blank\" class=\"editor-link autolink-enabled\" href=\"https:\/\/www.abola.pt\/futebol\/jogador\/vinicius-junior-178339\" data-resource-id=\"178339\" data-resource-type=\"player\" data-sport=\"football\">Vin\u00edcius<\/a> tem de continuar a insistir no assunto. \u00c9 o alvo, \u00e9 o que ele sentir\u00e1\u00bb, lamentou Evra. \u00abQuando estas coisas acontecem, sentes uma injusti\u00e7a porque, mesmo que sejas tu a dizer o que aconteceu, as pessoas acusadas v\u00e3o fazer-se de v\u00edtimas. Foi o que aconteceu com o Luis Su\u00e1rez e \u00e9 o que acontece agora com o <a target=\"_blank\" class=\"editor-link autolink-enabled\" href=\"https:\/\/www.abola.pt\/futebol\/jogador\/vinicius-junior-178339\" data-resource-id=\"178339\" data-resource-type=\"player\" data-sport=\"football\">Vin\u00edcius<\/a>. As pessoas queixam-se mais da atitude dele. Dizem: &#8216;Porque \u00e9 que ele est\u00e1 a dan\u00e7ar, porque \u00e9 que est\u00e1 a provocar?&#8217;. D\u00e3o uma desculpa para uma pessoa o insultar s\u00f3 porque ele dan\u00e7a quando marca um golo\u00bb. <\/p>\n<\/div>\n<div class=\"mx-auto w-full font-default text-lg font-normal leading-7 text-neutral-800 sm:text-xl [&amp;_a:hover]:text-primary-700 [&amp;_a]:text-primary-500 [&amp;_a]:transition [&amp;_h2]:font-accent [&amp;_h2]:text-xl [&amp;_h2]:font-extrabold [&amp;_h2]:leading-7 sm:[&amp;_h2]:text-2xl sm:[&amp;_h2]:leading-8 [&amp;_h3]:font-accent [&amp;_h3]:text-lg [&amp;_h3]:font-extrabold [&amp;_h3]:leading-7 [&amp;_h4]:font-accent [&amp;_h4]:text-base [&amp;_h4]:font-extrabold [&amp;_h4]:leading-6 [&amp;_h5]:font-accent [&amp;_h5]:text-base [&amp;_h5]:font-bold [&amp;_h5]:leading-6 [&amp;_h6]:font-accent [&amp;_h6]:text-base [&amp;_h6]:font-normal [&amp;_h6]:leading-6 [&amp;_li]:mb-2 [&amp;_ol]:my-4 [&amp;_ol]:list-decimal [&amp;_ol]:pl-6 [&amp;_ul]:my-4 [&amp;_ul]:list-disc [&amp;_ul]:pl-6\">\n<p>Recordando o momento em que foi insultado por Su\u00e1rez em Anfield, Evra descreveu o conflito interno que sentiu: \u00abFoi duro, porque o anjo <i>[na tua cabe\u00e7a]<\/i> diz: &#8216;Patrice, n\u00e3o fa\u00e7as nada porque este \u00e9 um dos maiores jogos do mundo&#8217;, mas depois tens aquele dem\u00f3nio a dizer: &#8216;D\u00e1-lhe um soco na cara&#8217;. Se lhe bates, ser\u00e1s o vil\u00e3o e dar\u00e1s um mau exemplo. Por isso, tens de te conter. Fiquei muito orgulhoso por n\u00e3o ter reagido.\u00bb<\/p>\n<\/div>\n<div class=\"mx-auto w-full font-default text-lg font-normal leading-7 text-neutral-800 sm:text-xl [&amp;_a:hover]:text-primary-700 [&amp;_a]:text-primary-500 [&amp;_a]:transition [&amp;_h2]:font-accent [&amp;_h2]:text-xl [&amp;_h2]:font-extrabold [&amp;_h2]:leading-7 sm:[&amp;_h2]:text-2xl sm:[&amp;_h2]:leading-8 [&amp;_h3]:font-accent [&amp;_h3]:text-lg [&amp;_h3]:font-extrabold [&amp;_h3]:leading-7 [&amp;_h4]:font-accent [&amp;_h4]:text-base [&amp;_h4]:font-extrabold [&amp;_h4]:leading-6 [&amp;_h5]:font-accent [&amp;_h5]:text-base [&amp;_h5]:font-bold [&amp;_h5]:leading-6 [&amp;_h6]:font-accent [&amp;_h6]:text-base [&amp;_h6]:font-normal [&amp;_h6]:leading-6 [&amp;_li]:mb-2 [&amp;_ol]:my-4 [&amp;_ol]:list-decimal [&amp;_ol]:pl-6 [&amp;_ul]:my-4 [&amp;_ul]:list-disc [&amp;_ul]:pl-6\">\n<p>Evra esclareceu a sua posi\u00e7\u00e3o no caso: \u00abQuando defendi o meu caso, disse: &#8216;N\u00e3o conhe\u00e7o o Luis Su\u00e1rez suficientemente bem para o chamar de racista&#8217;. Apenas disse: &#8216;Naquele momento, usou algumas palavras racistas&#8217;. Ganhei o caso. Mas quando joguei contra o Su\u00e1rez na final da Liga dos Campe\u00f5es, pela Juventus contra o Barcelona, apertei-lhe a m\u00e3o.\u00bb<\/p>\n<\/div>\n<div class=\"mx-auto w-full font-default text-lg font-normal leading-7 text-neutral-800 sm:text-xl [&amp;_a:hover]:text-primary-700 [&amp;_a]:text-primary-500 [&amp;_a]:transition [&amp;_h2]:font-accent [&amp;_h2]:text-xl [&amp;_h2]:font-extrabold [&amp;_h2]:leading-7 sm:[&amp;_h2]:text-2xl sm:[&amp;_h2]:leading-8 [&amp;_h3]:font-accent [&amp;_h3]:text-lg [&amp;_h3]:font-extrabold [&amp;_h3]:leading-7 [&amp;_h4]:font-accent [&amp;_h4]:text-base [&amp;_h4]:font-extrabold [&amp;_h4]:leading-6 [&amp;_h5]:font-accent [&amp;_h5]:text-base [&amp;_h5]:font-bold [&amp;_h5]:leading-6 [&amp;_h6]:font-accent [&amp;_h6]:text-base [&amp;_h6]:font-normal [&amp;_h6]:leading-6 [&amp;_li]:mb-2 [&amp;_ol]:my-4 [&amp;_ol]:list-decimal [&amp;_ol]:pl-6 [&amp;_ul]:my-4 [&amp;_ul]:list-disc [&amp;_ul]:pl-6\">\n<p>A carreira de Evra foi recheada de sucessos, incluindo cinco t\u00edtulos da <a class=\"autolink-enabled\" data-resource-id=\"3\" data-resource-type=\"competition\" data-sport=\"football\" href=\"https:\/\/www.abola.pt\/futebol\/competicao\/premier-league-3\">Premier League<\/a> e uma <a class=\"autolink-enabled\" data-resource-id=\"758\" data-resource-type=\"competition\" data-sport=\"football\" href=\"https:\/\/www.abola.pt\/futebol\/competicao\/liga-dos-campeoes-qualificacoes-758\">Liga dos Campe\u00f5es<\/a> com o <a class=\"autolink-enabled\" data-resource-id=\"102\" data-resource-type=\"team\" data-sport=\"football\" href=\"https:\/\/www.abola.pt\/futebol\/manchester-united-102\">Manchester United<\/a>, dois campeonatos italianos pela <a class=\"autolink-enabled\" data-resource-id=\"255\" data-resource-type=\"team\" data-sport=\"football\" href=\"https:\/\/www.abola.pt\/futebol\/juventus-255\">Juventus<\/a> e um total de 12 ta\u00e7as conquistadas em passagens por Inglaterra, It\u00e1lia e Fran\u00e7a.<\/p>\n<\/div>\n<div class=\"mx-auto w-full font-default text-lg font-normal leading-7 text-neutral-800 sm:text-xl [&amp;_a:hover]:text-primary-700 [&amp;_a]:text-primary-500 [&amp;_a]:transition [&amp;_h2]:font-accent [&amp;_h2]:text-xl [&amp;_h2]:font-extrabold [&amp;_h2]:leading-7 sm:[&amp;_h2]:text-2xl sm:[&amp;_h2]:leading-8 [&amp;_h3]:font-accent [&amp;_h3]:text-lg [&amp;_h3]:font-extrabold [&amp;_h3]:leading-7 [&amp;_h4]:font-accent [&amp;_h4]:text-base [&amp;_h4]:font-extrabold [&amp;_h4]:leading-6 [&amp;_h5]:font-accent [&amp;_h5]:text-base [&amp;_h5]:font-bold [&amp;_h5]:leading-6 [&amp;_h6]:font-accent [&amp;_h6]:text-base [&amp;_h6]:font-normal [&amp;_h6]:leading-6 [&amp;_li]:mb-2 [&amp;_ol]:my-4 [&amp;_ol]:list-decimal [&amp;_ol]:pl-6 [&amp;_ul]:my-4 [&amp;_ul]:list-disc [&amp;_ul]:pl-6\">\n<p>O antigo internacional franc\u00eas abordou os extremos da sua vida, desde os triunfos desportivos aos traumas pessoais. Evra falou abertamente sobre a sua experi\u00eancia com o racismo, nomeadamente o incidente com Luis Su\u00e1rez em 2011, e, enquanto sobrevivente de abuso sexual na inf\u00e2ncia, destacou a dificuldade que os futebolistas sentem em mostrar vulnerabilidade.<\/p>\n<\/div>\n<div class=\"mx-auto w-full font-default text-lg font-normal leading-7 text-neutral-800 sm:text-xl [&amp;_a:hover]:text-primary-700 [&amp;_a]:text-primary-500 [&amp;_a]:transition [&amp;_h2]:font-accent [&amp;_h2]:text-xl [&amp;_h2]:font-extrabold [&amp;_h2]:leading-7 sm:[&amp;_h2]:text-2xl sm:[&amp;_h2]:leading-8 [&amp;_h3]:font-accent [&amp;_h3]:text-lg [&amp;_h3]:font-extrabold [&amp;_h3]:leading-7 [&amp;_h4]:font-accent [&amp;_h4]:text-base [&amp;_h4]:font-extrabold [&amp;_h4]:leading-6 [&amp;_h5]:font-accent [&amp;_h5]:text-base [&amp;_h5]:font-bold [&amp;_h5]:leading-6 [&amp;_h6]:font-accent [&amp;_h6]:text-base [&amp;_h6]:font-normal [&amp;_h6]:leading-6 [&amp;_li]:mb-2 [&amp;_ol]:my-4 [&amp;_ol]:list-decimal [&amp;_ol]:pl-6 [&amp;_ul]:my-4 [&amp;_ul]:list-disc [&amp;_ul]:pl-6\">\n<p>Atualmente, Evra explora o mundo do coment\u00e1rio desportivo e do empreendedorismo. A entrevista decorreu em Phoenix, Arizona, onde participava numa confer\u00eancia da <i>Pro Athlete Community<\/i> (PAC), uma rede que liga atletas a executivos e investidores. O antigo jogador revelou ainda ter treinado artes marciais mistas durante cinco horas por dia para um combate amador que acabou por n\u00e3o se realizar. \u00abN\u00e3o foi para me tornar viral\u00bb, garantiu. \u00abGosto da disciplina. As pessoas pensam que \u00e9 apenas violento, mas \u00e9 como um jogo de xadrez\u00bb.<\/p>\n<\/div>\n<div class=\"mx-auto w-full font-default text-lg font-normal leading-7 text-neutral-800 sm:text-xl [&amp;_a:hover]:text-primary-700 [&amp;_a]:text-primary-500 [&amp;_a]:transition [&amp;_h2]:font-accent [&amp;_h2]:text-xl [&amp;_h2]:font-extrabold [&amp;_h2]:leading-7 sm:[&amp;_h2]:text-2xl sm:[&amp;_h2]:leading-8 [&amp;_h3]:font-accent [&amp;_h3]:text-lg [&amp;_h3]:font-extrabold [&amp;_h3]:leading-7 [&amp;_h4]:font-accent [&amp;_h4]:text-base [&amp;_h4]:font-extrabold [&amp;_h4]:leading-6 [&amp;_h5]:font-accent [&amp;_h5]:text-base [&amp;_h5]:font-bold [&amp;_h5]:leading-6 [&amp;_h6]:font-accent [&amp;_h6]:text-base [&amp;_h6]:font-normal [&amp;_h6]:leading-6 [&amp;_li]:mb-2 [&amp;_ol]:my-4 [&amp;_ol]:list-decimal [&amp;_ol]:pl-6 [&amp;_ul]:my-4 [&amp;_ul]:list-disc [&amp;_ul]:pl-6\">\n<p>A sua personalidade foi forjada numa inf\u00e2ncia dif\u00edcil. Nascido em Dakar, filho de pai senegal\u00eas e m\u00e3e cabo-verdiana, mudou-se para Bruxelas em beb\u00e9 e, mais tarde, para os sub\u00farbios de Paris. Cresceu em Les Ulis, o mesmo bairro de Thierry Henry, e foi um de 24 irm\u00e3os. \u00abVenho de uma inf\u00e2ncia dura\u00bb, afirmou. \u00abFoi a\u00ed que constru\u00ed o meu car\u00e1ter e a minha personalidade\u00bb.<\/p>\n<\/div>\n<div class=\"mx-auto w-full font-default text-lg font-normal leading-7 text-neutral-800 sm:text-xl [&amp;_a:hover]:text-primary-700 [&amp;_a]:text-primary-500 [&amp;_a]:transition [&amp;_h2]:font-accent [&amp;_h2]:text-xl [&amp;_h2]:font-extrabold [&amp;_h2]:leading-7 sm:[&amp;_h2]:text-2xl sm:[&amp;_h2]:leading-8 [&amp;_h3]:font-accent [&amp;_h3]:text-lg [&amp;_h3]:font-extrabold [&amp;_h3]:leading-7 [&amp;_h4]:font-accent [&amp;_h4]:text-base [&amp;_h4]:font-extrabold [&amp;_h4]:leading-6 [&amp;_h5]:font-accent [&amp;_h5]:text-base [&amp;_h5]:font-bold [&amp;_h5]:leading-6 [&amp;_h6]:font-accent [&amp;_h6]:text-base [&amp;_h6]:font-normal [&amp;_h6]:leading-6 [&amp;_li]:mb-2 [&amp;_ol]:my-4 [&amp;_ol]:list-decimal [&amp;_ol]:pl-6 [&amp;_ul]:my-4 [&amp;_ul]:list-disc [&amp;_ul]:pl-6\">\n<p>Na sua autobiografia, Evra revelou ter sido v\u00edtima de abuso sexual aos 13 anos pelo diretor da sua escola. J\u00e1 no in\u00edcio da carreira, em It\u00e1lia, enfrentou racismo, com adeptos a fazerem \u00absons de macaco ou a atirarem bananas\u00bb sempre que tocava na bola.<\/p>\n<\/div>\n<div class=\"mx-auto w-full font-default text-lg font-normal leading-7 text-neutral-800 sm:text-xl [&amp;_a:hover]:text-primary-700 [&amp;_a]:text-primary-500 [&amp;_a]:transition [&amp;_h2]:font-accent [&amp;_h2]:text-xl [&amp;_h2]:font-extrabold [&amp;_h2]:leading-7 sm:[&amp;_h2]:text-2xl sm:[&amp;_h2]:leading-8 [&amp;_h3]:font-accent [&amp;_h3]:text-lg [&amp;_h3]:font-extrabold [&amp;_h3]:leading-7 [&amp;_h4]:font-accent [&amp;_h4]:text-base [&amp;_h4]:font-extrabold [&amp;_h4]:leading-6 [&amp;_h5]:font-accent [&amp;_h5]:text-base [&amp;_h5]:font-bold [&amp;_h5]:leading-6 [&amp;_h6]:font-accent [&amp;_h6]:text-base [&amp;_h6]:font-normal [&amp;_h6]:leading-6 [&amp;_li]:mb-2 [&amp;_ol]:my-4 [&amp;_ol]:list-decimal [&amp;_ol]:pl-6 [&amp;_ul]:my-4 [&amp;_ul]:list-disc [&amp;_ul]:pl-6\">\n<p>A sua carreira profissional tamb\u00e9m foi marcada por momentos de tens\u00e3o. Em 2011, Luis Su\u00e1rez foi suspenso por oito jogos por insultos racistas. Em 2010, enquanto capit\u00e3o da sele\u00e7\u00e3o francesa, liderou um motim de jogadores contra o selecionador Raymond Domenech durante o Campeonato do Mundo. A sua passagem pelo <a class=\"autolink-enabled\" data-resource-id=\"289\" data-resource-type=\"team\" data-sport=\"football\" href=\"https:\/\/www.abola.pt\/futebol\/marselha-289\">Marselha<\/a> terminou abruptamente ap\u00f3s ter agredido um adepto que, segundo Evra, teria insultado a sua fam\u00edlia.<\/p>\n<\/div>\n<div class=\"mx-auto w-full font-default text-lg font-normal leading-7 text-neutral-800 sm:text-xl [&amp;_a:hover]:text-primary-700 [&amp;_a]:text-primary-500 [&amp;_a]:transition [&amp;_h2]:font-accent [&amp;_h2]:text-xl [&amp;_h2]:font-extrabold [&amp;_h2]:leading-7 sm:[&amp;_h2]:text-2xl sm:[&amp;_h2]:leading-8 [&amp;_h3]:font-accent [&amp;_h3]:text-lg [&amp;_h3]:font-extrabold [&amp;_h3]:leading-7 [&amp;_h4]:font-accent [&amp;_h4]:text-base [&amp;_h4]:font-extrabold [&amp;_h4]:leading-6 [&amp;_h5]:font-accent [&amp;_h5]:text-base [&amp;_h5]:font-bold [&amp;_h5]:leading-6 [&amp;_h6]:font-accent [&amp;_h6]:text-base [&amp;_h6]:font-normal [&amp;_h6]:leading-6 [&amp;_li]:mb-2 [&amp;_ol]:my-4 [&amp;_ol]:list-decimal [&amp;_ol]:pl-6 [&amp;_ul]:my-4 [&amp;_ul]:list-disc [&amp;_ul]:pl-6\">\n<p>O antigo jogador admite que, durante grande parte da sua carreira, reprimiu os seus sentimentos, mas que a idade, a paternidade e o casamento com a sua esposa, Margaux, o ajudaram a mudar.<\/p>\n<\/div>\n<div class=\"mx-auto w-full font-default text-lg font-normal leading-7 text-neutral-800 sm:text-xl [&amp;_a:hover]:text-primary-700 [&amp;_a]:text-primary-500 [&amp;_a]:transition [&amp;_h2]:font-accent [&amp;_h2]:text-xl [&amp;_h2]:font-extrabold [&amp;_h2]:leading-7 sm:[&amp;_h2]:text-2xl sm:[&amp;_h2]:leading-8 [&amp;_h3]:font-accent [&amp;_h3]:text-lg [&amp;_h3]:font-extrabold [&amp;_h3]:leading-7 [&amp;_h4]:font-accent [&amp;_h4]:text-base [&amp;_h4]:font-extrabold [&amp;_h4]:leading-6 [&amp;_h5]:font-accent [&amp;_h5]:text-base [&amp;_h5]:font-bold [&amp;_h5]:leading-6 [&amp;_h6]:font-accent [&amp;_h6]:text-base [&amp;_h6]:font-normal [&amp;_h6]:leading-6 [&amp;_li]:mb-2 [&amp;_ol]:my-4 [&amp;_ol]:list-decimal [&amp;_ol]:pl-6 [&amp;_ul]:my-4 [&amp;_ul]:list-disc [&amp;_ul]:pl-6\">\n<p>\u00abDigo \u00e0 minha mulher: \u2018Ainda bem que te conheci agora, porque se te tivesse conhecido durante a minha carreira, n\u00e3o teria resultado\u2019. Eu n\u00e3o podia ser mais brando. Tive de ser um animal\u00bb.<\/p>\n<\/div>\n<div class=\"mx-auto w-full font-default text-lg font-normal leading-7 text-neutral-800 sm:text-xl [&amp;_a:hover]:text-primary-700 [&amp;_a]:text-primary-500 [&amp;_a]:transition [&amp;_h2]:font-accent [&amp;_h2]:text-xl [&amp;_h2]:font-extrabold [&amp;_h2]:leading-7 sm:[&amp;_h2]:text-2xl sm:[&amp;_h2]:leading-8 [&amp;_h3]:font-accent [&amp;_h3]:text-lg [&amp;_h3]:font-extrabold [&amp;_h3]:leading-7 [&amp;_h4]:font-accent [&amp;_h4]:text-base [&amp;_h4]:font-extrabold [&amp;_h4]:leading-6 [&amp;_h5]:font-accent [&amp;_h5]:text-base [&amp;_h5]:font-bold [&amp;_h5]:leading-6 [&amp;_h6]:font-accent [&amp;_h6]:text-base [&amp;_h6]:font-normal [&amp;_h6]:leading-6 [&amp;_li]:mb-2 [&amp;_ol]:my-4 [&amp;_ol]:list-decimal [&amp;_ol]:pl-6 [&amp;_ul]:my-4 [&amp;_ul]:list-disc [&amp;_ul]:pl-6\">\n<p>Evra credita a sua esposa por o ter ajudado a lidar com a sua \u00abmasculinidade t\u00f3xica\u00bb. \u00abEla livrou-se de parte da minha masculinidade t\u00f3xica. Quando digo isto, ainda precisamos de alguma. Mas ela ajudou-me a ser mais emotivo. Antes, chorar era uma fraqueza para mim. Foi assim que cresci. Tinha muitos traumas, tudo isso guardado. Agora, ao conhecer a pessoa certa e ao abrir-me, sinto-me mais forte e mais feliz\u00bb.<\/p>\n<\/div>\n<div class=\"mx-auto w-full font-default text-lg font-normal leading-7 text-neutral-800 sm:text-xl [&amp;_a:hover]:text-primary-700 [&amp;_a]:text-primary-500 [&amp;_a]:transition [&amp;_h2]:font-accent [&amp;_h2]:text-xl [&amp;_h2]:font-extrabold [&amp;_h2]:leading-7 sm:[&amp;_h2]:text-2xl sm:[&amp;_h2]:leading-8 [&amp;_h3]:font-accent [&amp;_h3]:text-lg [&amp;_h3]:font-extrabold [&amp;_h3]:leading-7 [&amp;_h4]:font-accent [&amp;_h4]:text-base [&amp;_h4]:font-extrabold [&amp;_h4]:leading-6 [&amp;_h5]:font-accent [&amp;_h5]:text-base [&amp;_h5]:font-bold [&amp;_h5]:leading-6 [&amp;_h6]:font-accent [&amp;_h6]:text-base [&amp;_h6]:font-normal [&amp;_h6]:leading-6 [&amp;_li]:mb-2 [&amp;_ol]:my-4 [&amp;_ol]:list-decimal [&amp;_ol]:pl-6 [&amp;_ul]:my-4 [&amp;_ul]:list-disc [&amp;_ul]:pl-6\">\n<p>O franc\u00eas esperou pelo fim da carreira para falar sobre o abuso que sofreu, pois via a vulnerabilidade como um defeito no desporto. \u00ab\u00c9 um mundo t\u00f3xico no desporto. Nem sequer se pode dizer que se est\u00e1 triste\u00bb, explicou, citando uma entrevista de Thierry Henry sobre depress\u00e3o. \u00abTenho muitos amigos que estiveram em depress\u00e3o, mas para mim isso teria sido um luxo. N\u00e3o me podia dar ao luxo de estar deprimido; tinha de liderar uma equipa\u00bb.<\/p>\n<\/div>\n<div class=\"mx-auto w-full font-default text-lg font-normal leading-7 text-neutral-800 sm:text-xl [&amp;_a:hover]:text-primary-700 [&amp;_a]:text-primary-500 [&amp;_a]:transition [&amp;_h2]:font-accent [&amp;_h2]:text-xl [&amp;_h2]:font-extrabold [&amp;_h2]:leading-7 sm:[&amp;_h2]:text-2xl sm:[&amp;_h2]:leading-8 [&amp;_h3]:font-accent [&amp;_h3]:text-lg [&amp;_h3]:font-extrabold [&amp;_h3]:leading-7 [&amp;_h4]:font-accent [&amp;_h4]:text-base [&amp;_h4]:font-extrabold [&amp;_h4]:leading-6 [&amp;_h5]:font-accent [&amp;_h5]:text-base [&amp;_h5]:font-bold [&amp;_h5]:leading-6 [&amp;_h6]:font-accent [&amp;_h6]:text-base [&amp;_h6]:font-normal [&amp;_h6]:leading-6 [&amp;_li]:mb-2 [&amp;_ol]:my-4 [&amp;_ol]:list-decimal [&amp;_ol]:pl-6 [&amp;_ul]:my-4 [&amp;_ul]:list-disc [&amp;_ul]:pl-6\">\n<p>Patrice Evra, antigo internacional franc\u00eas, abordou a mudan\u00e7a de mentalidades no futebol, criticando o que considera ser um excesso de apoio e de distra\u00e7\u00f5es para os jogadores mais jovens, ao mesmo tempo que refletiu sobre o racismo no desporto, recordando o seu caso com Luis Su\u00e1rez e o mais recente envolvendo <a class=\"autolink-enabled\" data-resource-id=\"178339\" data-resource-type=\"player\" data-sport=\"football\" href=\"https:\/\/www.abola.pt\/futebol\/jogador\/vinicius-junior-178339\">Vin\u00edcius J\u00fanior<\/a>.<\/p>\n<\/div>\n<div class=\"mx-auto w-full font-default text-lg font-normal leading-7 text-neutral-800 sm:text-xl [&amp;_a:hover]:text-primary-700 [&amp;_a]:text-primary-500 [&amp;_a]:transition [&amp;_h2]:font-accent [&amp;_h2]:text-xl [&amp;_h2]:font-extrabold [&amp;_h2]:leading-7 sm:[&amp;_h2]:text-2xl sm:[&amp;_h2]:leading-8 [&amp;_h3]:font-accent [&amp;_h3]:text-lg [&amp;_h3]:font-extrabold [&amp;_h3]:leading-7 [&amp;_h4]:font-accent [&amp;_h4]:text-base [&amp;_h4]:font-extrabold [&amp;_h4]:leading-6 [&amp;_h5]:font-accent [&amp;_h5]:text-base [&amp;_h5]:font-bold [&amp;_h5]:leading-6 [&amp;_h6]:font-accent [&amp;_h6]:text-base [&amp;_h6]:font-normal [&amp;_h6]:leading-6 [&amp;_li]:mb-2 [&amp;_ol]:my-4 [&amp;_ol]:list-decimal [&amp;_ol]:pl-6 [&amp;_ul]:my-4 [&amp;_ul]:list-disc [&amp;_ul]:pl-6\">\n<p>O antigo jogador recordou um epis\u00f3dio em que os seus colegas de equipa se riram por um jogador chorar a ver um filme, ilustrando a antiga cultura do futebol. <\/p>\n<\/div>\n<div class=\"mx-auto w-full font-default text-lg font-normal leading-7 text-neutral-800 sm:text-xl [&amp;_a:hover]:text-primary-700 [&amp;_a]:text-primary-500 [&amp;_a]:transition [&amp;_h2]:font-accent [&amp;_h2]:text-xl [&amp;_h2]:font-extrabold [&amp;_h2]:leading-7 sm:[&amp;_h2]:text-2xl sm:[&amp;_h2]:leading-8 [&amp;_h3]:font-accent [&amp;_h3]:text-lg [&amp;_h3]:font-extrabold [&amp;_h3]:leading-7 [&amp;_h4]:font-accent [&amp;_h4]:text-base [&amp;_h4]:font-extrabold [&amp;_h4]:leading-6 [&amp;_h5]:font-accent [&amp;_h5]:text-base [&amp;_h5]:font-bold [&amp;_h5]:leading-6 [&amp;_h6]:font-accent [&amp;_h6]:text-base [&amp;_h6]:font-normal [&amp;_h6]:leading-6 [&amp;_li]:mb-2 [&amp;_ol]:my-4 [&amp;_ol]:list-decimal [&amp;_ol]:pl-6 [&amp;_ul]:my-4 [&amp;_ul]:list-disc [&amp;_ul]:pl-6\">\n<p>Apesar de reconhecer a necessidade de evolu\u00e7\u00e3o, Evra teme que a mudan\u00e7a tenha ido longe demais. \u00abA nova gera\u00e7\u00e3o teve demasiada ajuda\u00bb, afirmou. \u00abAgora h\u00e1 demasiadas desculpas. T\u00eam ajuda psicol\u00f3gica, ajuda social, n\u00f3s n\u00e3o t\u00ednhamos isso. Respeito isso, mas \u00e0s vezes \u00e9 demais. \u00c0s vezes, \u00e9 preciso ir contra a parede para nos tornarmos mais fortes\u00bb, acrescentou.<\/p>\n<\/div>\n<div class=\"mx-auto w-full font-default text-lg font-normal leading-7 text-neutral-800 sm:text-xl [&amp;_a:hover]:text-primary-700 [&amp;_a]:text-primary-500 [&amp;_a]:transition [&amp;_h2]:font-accent [&amp;_h2]:text-xl [&amp;_h2]:font-extrabold [&amp;_h2]:leading-7 sm:[&amp;_h2]:text-2xl sm:[&amp;_h2]:leading-8 [&amp;_h3]:font-accent [&amp;_h3]:text-lg [&amp;_h3]:font-extrabold [&amp;_h3]:leading-7 [&amp;_h4]:font-accent [&amp;_h4]:text-base [&amp;_h4]:font-extrabold [&amp;_h4]:leading-6 [&amp;_h5]:font-accent [&amp;_h5]:text-base [&amp;_h5]:font-bold [&amp;_h5]:leading-6 [&amp;_h6]:font-accent [&amp;_h6]:text-base [&amp;_h6]:font-normal [&amp;_h6]:leading-6 [&amp;_li]:mb-2 [&amp;_ol]:my-4 [&amp;_ol]:list-decimal [&amp;_ol]:pl-6 [&amp;_ul]:my-4 [&amp;_ul]:list-disc [&amp;_ul]:pl-6\">\n<p>O franc\u00eas tamb\u00e9m se mostrou c\u00e9tico em rela\u00e7\u00e3o ao peso excessivo da tecnologia: \u00abN\u00e3o t\u00ednhamos todas estas an\u00e1lises. Agora h\u00e1 um tipo com o seu computador e sentes que ele \u00e9 mais inteligente que o treinador. Fico feliz por usar a tecnologia, mas a tecnologia n\u00e3o pode vir antes do lado humano.\u00bb<\/p>\n<\/div>\n<div class=\"mx-auto w-full font-default text-lg font-normal leading-7 text-neutral-800 sm:text-xl [&amp;_a:hover]:text-primary-700 [&amp;_a]:text-primary-500 [&amp;_a]:transition [&amp;_h2]:font-accent [&amp;_h2]:text-xl [&amp;_h2]:font-extrabold [&amp;_h2]:leading-7 sm:[&amp;_h2]:text-2xl sm:[&amp;_h2]:leading-8 [&amp;_h3]:font-accent [&amp;_h3]:text-lg [&amp;_h3]:font-extrabold [&amp;_h3]:leading-7 [&amp;_h4]:font-accent [&amp;_h4]:text-base [&amp;_h4]:font-extrabold [&amp;_h4]:leading-6 [&amp;_h5]:font-accent [&amp;_h5]:text-base [&amp;_h5]:font-bold [&amp;_h5]:leading-6 [&amp;_h6]:font-accent [&amp;_h6]:text-base [&amp;_h6]:font-normal [&amp;_h6]:leading-6 [&amp;_li]:mb-2 [&amp;_ol]:my-4 [&amp;_ol]:list-decimal [&amp;_ol]:pl-6 [&amp;_ul]:my-4 [&amp;_ul]:list-disc [&amp;_ul]:pl-6\">\n<p>Evra, que se retirou em 2019, observou uma mudan\u00e7a nas prioridades dos jogadores. Segundo ele, os atletas de hoje t\u00eam mais interesses fora do campo, desde moda a pol\u00edtica, o que os distrai do foco principal. \u00ab\u00c9 a gera\u00e7\u00e3o TikTok. Antes, \u00e9ramos jogadores de futebol a tempo inteiro, com\u00edamos e dorm\u00edamos futebol. Agora s\u00e3o atletas. Um atleta \u00e9 diferente de um jogador de futebol. S\u00e3o modelos, est\u00e3o na moda, s\u00e3o pol\u00edticos, s\u00e3o rappers. S\u00e3o tantas as distra\u00e7\u00f5es. Mas n\u00e3o os culpo\u00bb, explicou.<\/p>\n<\/div>\n<div class=\"mx-auto w-full font-default text-lg font-normal leading-7 text-neutral-800 sm:text-xl [&amp;_a:hover]:text-primary-700 [&amp;_a]:text-primary-500 [&amp;_a]:transition [&amp;_h2]:font-accent [&amp;_h2]:text-xl [&amp;_h2]:font-extrabold [&amp;_h2]:leading-7 sm:[&amp;_h2]:text-2xl sm:[&amp;_h2]:leading-8 [&amp;_h3]:font-accent [&amp;_h3]:text-lg [&amp;_h3]:font-extrabold [&amp;_h3]:leading-7 [&amp;_h4]:font-accent [&amp;_h4]:text-base [&amp;_h4]:font-extrabold [&amp;_h4]:leading-6 [&amp;_h5]:font-accent [&amp;_h5]:text-base [&amp;_h5]:font-bold [&amp;_h5]:leading-6 [&amp;_h6]:font-accent [&amp;_h6]:text-base [&amp;_h6]:font-normal [&amp;_h6]:leading-6 [&amp;_li]:mb-2 [&amp;_ol]:my-4 [&amp;_ol]:list-decimal [&amp;_ol]:pl-6 [&amp;_ul]:my-4 [&amp;_ul]:list-disc [&amp;_ul]:pl-6\">\n<p>Contudo, esta mudan\u00e7a, na sua opini\u00e3o, tem consequ\u00eancias no rendimento. \u00abN\u00e3o se ter\u00e1 o mesmo resultado. N\u00e3o se ter\u00e1 um jogador como Lionel <a target=\"_blank\" class=\"editor-link autolink-enabled\" href=\"https:\/\/www.abola.pt\/futebol\/jogador\/messi-3399\" data-resource-id=\"3399\" data-resource-type=\"player\" data-sport=\"football\">Messi<\/a> ou Cristiano Ronaldo com tantos anos de consist\u00eancia. Para estes jovens jogadores, v\u00e3o ter duas ou tr\u00eas \u00e9pocas <i>[fant\u00e1sticas]<\/i> e depois acabam, porque o futebol n\u00e3o \u00e9 <i>[sempre]<\/i> a prioridade. Mas dizer isto n\u00e3o \u00e9 culp\u00e1-los. \u00c9 a sociedade. \u00c9 o mundo a mudar\u00bb, analisou.<\/p>\n<\/div>\n<div class=\"mx-auto w-full font-default text-lg font-normal leading-7 text-neutral-800 sm:text-xl [&amp;_a:hover]:text-primary-700 [&amp;_a]:text-primary-500 [&amp;_a]:transition [&amp;_h2]:font-accent [&amp;_h2]:text-xl [&amp;_h2]:font-extrabold [&amp;_h2]:leading-7 sm:[&amp;_h2]:text-2xl sm:[&amp;_h2]:leading-8 [&amp;_h3]:font-accent [&amp;_h3]:text-lg [&amp;_h3]:font-extrabold [&amp;_h3]:leading-7 [&amp;_h4]:font-accent [&amp;_h4]:text-base [&amp;_h4]:font-extrabold [&amp;_h4]:leading-6 [&amp;_h5]:font-accent [&amp;_h5]:text-base [&amp;_h5]:font-bold [&amp;_h5]:leading-6 [&amp;_h6]:font-accent [&amp;_h6]:text-base [&amp;_h6]:font-normal [&amp;_h6]:leading-6 [&amp;_li]:mb-2 [&amp;_ol]:my-4 [&amp;_ol]:list-decimal [&amp;_ol]:pl-6 [&amp;_ul]:my-4 [&amp;_ul]:list-disc [&amp;_ul]:pl-6\">\n<p>Patrice Evra, antigo lateral do Manchester United, partilhou v\u00e1rias mem\u00f3rias do seu tempo no clube, desde a sua rela\u00e7\u00e3o paternal com <i>Sir<\/i> Alex Ferguson at\u00e9 \u00e0s dolorosas derrotas na Liga dos Campe\u00f5es e \u00e0 controversa sa\u00edda de Carlos Tevez.<\/p>\n<\/div>\n<div class=\"mx-auto w-full font-default text-lg font-normal leading-7 text-neutral-800 sm:text-xl [&amp;_a:hover]:text-primary-700 [&amp;_a]:text-primary-500 [&amp;_a]:transition [&amp;_h2]:font-accent [&amp;_h2]:text-xl [&amp;_h2]:font-extrabold [&amp;_h2]:leading-7 sm:[&amp;_h2]:text-2xl sm:[&amp;_h2]:leading-8 [&amp;_h3]:font-accent [&amp;_h3]:text-lg [&amp;_h3]:font-extrabold [&amp;_h3]:leading-7 [&amp;_h4]:font-accent [&amp;_h4]:text-base [&amp;_h4]:font-extrabold [&amp;_h4]:leading-6 [&amp;_h5]:font-accent [&amp;_h5]:text-base [&amp;_h5]:font-bold [&amp;_h5]:leading-6 [&amp;_h6]:font-accent [&amp;_h6]:text-base [&amp;_h6]:font-normal [&amp;_h6]:leading-6 [&amp;_li]:mb-2 [&amp;_ol]:my-4 [&amp;_ol]:list-decimal [&amp;_ol]:pl-6 [&amp;_ul]:my-4 [&amp;_ul]:list-disc [&amp;_ul]:pl-6\">\n<p>A rela\u00e7\u00e3o entre Evra e Ferguson perdura, com o franc\u00eas a descrev\u00ea-la como uma liga\u00e7\u00e3o de \u00abpai e filho\u00bb, revelando que ainda falam algumas vezes por m\u00eas. Num encontro recente no Dubai, Evra chegou atrasado e encontrou Ferguson a apontar para o rel\u00f3gio, um gesto t\u00edpico do treinador. \u00abEu disse: &#8216;Chefe, chamo-lhe chefe por respeito, mas j\u00e1 n\u00e3o \u00e9 o meu chefe, por isso, acalme-se!&#8217;\u00bb.<\/p>\n<\/div>\n<div class=\"mx-auto w-full font-default text-lg font-normal leading-7 text-neutral-800 sm:text-xl [&amp;_a:hover]:text-primary-700 [&amp;_a]:text-primary-500 [&amp;_a]:transition [&amp;_h2]:font-accent [&amp;_h2]:text-xl [&amp;_h2]:font-extrabold [&amp;_h2]:leading-7 sm:[&amp;_h2]:text-2xl sm:[&amp;_h2]:leading-8 [&amp;_h3]:font-accent [&amp;_h3]:text-lg [&amp;_h3]:font-extrabold [&amp;_h3]:leading-7 [&amp;_h4]:font-accent [&amp;_h4]:text-base [&amp;_h4]:font-extrabold [&amp;_h4]:leading-6 [&amp;_h5]:font-accent [&amp;_h5]:text-base [&amp;_h5]:font-bold [&amp;_h5]:leading-6 [&amp;_h6]:font-accent [&amp;_h6]:text-base [&amp;_h6]:font-normal [&amp;_h6]:leading-6 [&amp;_li]:mb-2 [&amp;_ol]:my-4 [&amp;_ol]:list-decimal [&amp;_ol]:pl-6 [&amp;_ul]:my-4 [&amp;_ul]:list-disc [&amp;_ul]:pl-6\">\n<p>O antigo internacional franc\u00eas recordou um epis\u00f3dio marcante antes da meia-final da Liga dos Campe\u00f5es de 2008, contra o Barcelona, que ilustra bem a gest\u00e3o de Ferguson. O treinador escoc\u00eas colocou toda a press\u00e3o sobre Evra, que iria defrontar Lionel Messi.<\/p>\n<\/div>\n<div class=\"mx-auto w-full font-default text-lg font-normal leading-7 text-neutral-800 sm:text-xl [&amp;_a:hover]:text-primary-700 [&amp;_a]:text-primary-500 [&amp;_a]:transition [&amp;_h2]:font-accent [&amp;_h2]:text-xl [&amp;_h2]:font-extrabold [&amp;_h2]:leading-7 sm:[&amp;_h2]:text-2xl sm:[&amp;_h2]:leading-8 [&amp;_h3]:font-accent [&amp;_h3]:text-lg [&amp;_h3]:font-extrabold [&amp;_h3]:leading-7 [&amp;_h4]:font-accent [&amp;_h4]:text-base [&amp;_h4]:font-extrabold [&amp;_h4]:leading-6 [&amp;_h5]:font-accent [&amp;_h5]:text-base [&amp;_h5]:font-bold [&amp;_h5]:leading-6 [&amp;_h6]:font-accent [&amp;_h6]:text-base [&amp;_h6]:font-normal [&amp;_h6]:leading-6 [&amp;_li]:mb-2 [&amp;_ol]:my-4 [&amp;_ol]:list-decimal [&amp;_ol]:pl-6 [&amp;_ul]:my-4 [&amp;_ul]:list-disc [&amp;_ul]:pl-6\">\n<p>\u00abEle disse: &#8216;Rapazes, este \u00e9 um jogo importante, mas se perdermos, vou culpar o Patrice Evra&#8217;\u00bb. Evra confessou o nervosismo, mas o plano resultou. \u00abGra\u00e7as a Deus, correu muito bem. Depois da primeira m\u00e3o, pude ver nos olhos do Gary Neville e dos outros jogadores o respeito. &#8216;Agora temos um lateral&#8217;. Era assim que Sir Alex Ferguson geria as pessoas e as personalidades\u00bb.<\/p>\n<\/div>\n<div class=\"mx-auto w-full font-default text-lg font-normal leading-7 text-neutral-800 sm:text-xl [&amp;_a:hover]:text-primary-700 [&amp;_a]:text-primary-500 [&amp;_a]:transition [&amp;_h2]:font-accent [&amp;_h2]:text-xl [&amp;_h2]:font-extrabold [&amp;_h2]:leading-7 sm:[&amp;_h2]:text-2xl sm:[&amp;_h2]:leading-8 [&amp;_h3]:font-accent [&amp;_h3]:text-lg [&amp;_h3]:font-extrabold [&amp;_h3]:leading-7 [&amp;_h4]:font-accent [&amp;_h4]:text-base [&amp;_h4]:font-extrabold [&amp;_h4]:leading-6 [&amp;_h5]:font-accent [&amp;_h5]:text-base [&amp;_h5]:font-bold [&amp;_h5]:leading-6 [&amp;_h6]:font-accent [&amp;_h6]:text-base [&amp;_h6]:font-normal [&amp;_h6]:leading-6 [&amp;_li]:mb-2 [&amp;_ol]:my-4 [&amp;_ol]:list-decimal [&amp;_ol]:pl-6 [&amp;_ul]:my-4 [&amp;_ul]:list-disc [&amp;_ul]:pl-6\">\n<p>Outro momento doloroso foi a transfer\u00eancia do seu amigo Carlos Tevez para o rival <a class=\"autolink-enabled\" data-resource-id=\"104\" data-resource-type=\"team\" data-sport=\"football\" href=\"https:\/\/www.abola.pt\/futebol\/manchester-city-104\">Manchester City<\/a>, no ver\u00e3o de 2009. \u00abFoi doloroso, p\u00e1. Partiu-me o cora\u00e7\u00e3o. N\u00e3o conseguia acreditar\u00bb, afirmou Evra, que ainda mant\u00e9m contacto com o argentino e com o ex-colega Park Ji-sung.<\/p>\n<\/div>\n<div class=\"mx-auto w-full font-default text-lg font-normal leading-7 text-neutral-800 sm:text-xl [&amp;_a:hover]:text-primary-700 [&amp;_a]:text-primary-500 [&amp;_a]:transition [&amp;_h2]:font-accent [&amp;_h2]:text-xl [&amp;_h2]:font-extrabold [&amp;_h2]:leading-7 sm:[&amp;_h2]:text-2xl sm:[&amp;_h2]:leading-8 [&amp;_h3]:font-accent [&amp;_h3]:text-lg [&amp;_h3]:font-extrabold [&amp;_h3]:leading-7 [&amp;_h4]:font-accent [&amp;_h4]:text-base [&amp;_h4]:font-extrabold [&amp;_h4]:leading-6 [&amp;_h5]:font-accent [&amp;_h5]:text-base [&amp;_h5]:font-bold [&amp;_h5]:leading-6 [&amp;_h6]:font-accent [&amp;_h6]:text-base [&amp;_h6]:font-normal [&amp;_h6]:leading-6 [&amp;_li]:mb-2 [&amp;_ol]:my-4 [&amp;_ol]:list-decimal [&amp;_ol]:pl-6 [&amp;_ul]:my-4 [&amp;_ul]:list-disc [&amp;_ul]:pl-6\">\n<p>A mudan\u00e7a ocorreu ap\u00f3s a final da Liga dos Campe\u00f5es perdida para o Barcelona, na qual Tevez n\u00e3o foi titular e teve um desentendimento com Ferguson. \u00abO Tevez dizia: &#8216;N\u00e3o me ofereceram nada&#8217;. Vi a not\u00edcia nas f\u00e9rias. O Tevez vai para o Manchester City. Liguei-lhe e disse: &#8216;Vou matar-te, vou partir-te as pernas, Carlito&#8217;\u00bb, recordou. \u00abFoi dif\u00edcil de engolir. Mas acho que foi uma vingan\u00e7a a <i>Sir<\/i> Alex Ferguson. Sentimo-nos tra\u00eddos, mas ele ainda \u00e9 meu irm\u00e3o. Temos de respeitar a sua escolha.\u00bb<\/p>\n<\/div>\n<div class=\"mx-auto w-full font-default text-lg font-normal leading-7 text-neutral-800 sm:text-xl [&amp;_a:hover]:text-primary-700 [&amp;_a]:text-primary-500 [&amp;_a]:transition [&amp;_h2]:font-accent [&amp;_h2]:text-xl [&amp;_h2]:font-extrabold [&amp;_h2]:leading-7 sm:[&amp;_h2]:text-2xl sm:[&amp;_h2]:leading-8 [&amp;_h3]:font-accent [&amp;_h3]:text-lg [&amp;_h3]:font-extrabold [&amp;_h3]:leading-7 [&amp;_h4]:font-accent [&amp;_h4]:text-base [&amp;_h4]:font-extrabold [&amp;_h4]:leading-6 [&amp;_h5]:font-accent [&amp;_h5]:text-base [&amp;_h5]:font-bold [&amp;_h5]:leading-6 [&amp;_h6]:font-accent [&amp;_h6]:text-base [&amp;_h6]:font-normal [&amp;_h6]:leading-6 [&amp;_li]:mb-2 [&amp;_ol]:my-4 [&amp;_ol]:list-decimal [&amp;_ol]:pl-6 [&amp;_ul]:my-4 [&amp;_ul]:list-disc [&amp;_ul]:pl-6\">\n<p>Sobre essa final de 2009, em Roma, perdida por 0-2, Evra atribui a derrota \u00e0 \u00abarrog\u00e2ncia\u00bb da equipa do United, que procurava o segundo t\u00edtulo europeu consecutivo. \u00abE coloco-me em primeiro lugar nisso. N\u00e3o dev\u00edamos ter sido arrogantes. Fomos demasiado confiantes. Pens\u00e1vamos: &#8216;O Barcelona n\u00e3o tem hip\u00f3tese de nos vencer&#8217;. Lembro-me que, mesmo depois do jogo, ainda pensava que estava a sonhar. Eles cilindraram-nos\u00bb.<\/p>\n<\/div>\n<div class=\"mx-auto w-full font-default text-lg font-normal leading-7 text-neutral-800 sm:text-xl [&amp;_a:hover]:text-primary-700 [&amp;_a]:text-primary-500 [&amp;_a]:transition [&amp;_h2]:font-accent [&amp;_h2]:text-xl [&amp;_h2]:font-extrabold [&amp;_h2]:leading-7 sm:[&amp;_h2]:text-2xl sm:[&amp;_h2]:leading-8 [&amp;_h3]:font-accent [&amp;_h3]:text-lg [&amp;_h3]:font-extrabold [&amp;_h3]:leading-7 [&amp;_h4]:font-accent [&amp;_h4]:text-base [&amp;_h4]:font-extrabold [&amp;_h4]:leading-6 [&amp;_h5]:font-accent [&amp;_h5]:text-base [&amp;_h5]:font-bold [&amp;_h5]:leading-6 [&amp;_h6]:font-accent [&amp;_h6]:text-base [&amp;_h6]:font-normal [&amp;_h6]:leading-6 [&amp;_li]:mb-2 [&amp;_ol]:my-4 [&amp;_ol]:list-decimal [&amp;_ol]:pl-6 [&amp;_ul]:my-4 [&amp;_ul]:list-disc [&amp;_ul]:pl-6\">\n<p>Dois anos depois, em 2011, a hist\u00f3ria repetiu-se em Wembley, com uma vit\u00f3ria ainda mais dominante do Barcelona de Pep Guardiola por 3-1. No entanto, para Evra, essa final teve um significado diferente. \u00abA maior hist\u00f3ria foi o Eric Abidal. Ele \u00e9 como um irm\u00e3o para mim. Tinha recuperado de um cancro\u00bb, explicou: \u00ab\u00c9 a \u00fanica final que perdi em que sorri. Vi o Eric levantar o trof\u00e9u e isso foi maior do que a final da Liga dos Campe\u00f5es. Claro que fiquei desapontado, mas a minha mente n\u00e3o estava <i>[apenas]<\/i> no campo naquela final.\u00bb<\/p>\n<\/div>\n<div class=\"mx-auto w-full font-default text-lg font-normal leading-7 text-neutral-800 sm:text-xl [&amp;_a:hover]:text-primary-700 [&amp;_a]:text-primary-500 [&amp;_a]:transition [&amp;_h2]:font-accent [&amp;_h2]:text-xl [&amp;_h2]:font-extrabold [&amp;_h2]:leading-7 sm:[&amp;_h2]:text-2xl sm:[&amp;_h2]:leading-8 [&amp;_h3]:font-accent [&amp;_h3]:text-lg [&amp;_h3]:font-extrabold [&amp;_h3]:leading-7 [&amp;_h4]:font-accent [&amp;_h4]:text-base [&amp;_h4]:font-extrabold [&amp;_h4]:leading-6 [&amp;_h5]:font-accent [&amp;_h5]:text-base [&amp;_h5]:font-bold [&amp;_h5]:leading-6 [&amp;_h6]:font-accent [&amp;_h6]:text-base [&amp;_h6]:font-normal [&amp;_h6]:leading-6 [&amp;_li]:mb-2 [&amp;_ol]:my-4 [&amp;_ol]:list-decimal [&amp;_ol]:pl-6 [&amp;_ul]:my-4 [&amp;_ul]:list-disc [&amp;_ul]:pl-6\">\n<p>A reforma de <i>Sir<\/i> Alex Ferguson em 2013 foi um choque total para o balne\u00e1rio. \u00abN\u00e3o conseguia acreditar, porque uma semana antes fui ao escrit\u00f3rio dele e ele disse: &#8216;Patrice, 99 por cento, o Cristiano Ronaldo vem e vou trazer tamb\u00e9m o Gareth Bale. E aquelas pessoas que pensam que me vou reformar? Vou reformar-me talvez quando tiver 100 anos&#8217;\u00bb, contou Evra. O an\u00fancio foi uma surpresa. \u00abLembro-me de ir para casa com o carro em piloto autom\u00e1tico. Tivemos uma reuni\u00e3o no balne\u00e1rio e o Ferguson n\u00e3o estava de fato de treino. Pensei: &#8216;Isto s\u00e3o m\u00e1s not\u00edcias&#8217;. Ele disse que se ia reformar. Mas eu ainda pensei que era uma piada\u00bb.<\/p>\n<\/div>\n<div class=\"mx-auto w-full font-default text-lg font-normal leading-7 text-neutral-800 sm:text-xl [&amp;_a:hover]:text-primary-700 [&amp;_a]:text-primary-500 [&amp;_a]:transition [&amp;_h2]:font-accent [&amp;_h2]:text-xl [&amp;_h2]:font-extrabold [&amp;_h2]:leading-7 sm:[&amp;_h2]:text-2xl sm:[&amp;_h2]:leading-8 [&amp;_h3]:font-accent [&amp;_h3]:text-lg [&amp;_h3]:font-extrabold [&amp;_h3]:leading-7 [&amp;_h4]:font-accent [&amp;_h4]:text-base [&amp;_h4]:font-extrabold [&amp;_h4]:leading-6 [&amp;_h5]:font-accent [&amp;_h5]:text-base [&amp;_h5]:font-bold [&amp;_h5]:leading-6 [&amp;_h6]:font-accent [&amp;_h6]:text-base [&amp;_h6]:font-normal [&amp;_h6]:leading-6 [&amp;_li]:mb-2 [&amp;_ol]:my-4 [&amp;_ol]:list-decimal [&amp;_ol]:pl-6 [&amp;_ul]:my-4 [&amp;_ul]:list-disc [&amp;_ul]:pl-6\">\n<p>Questionado sobre o decl\u00ednio do clube, Evra considera que a sucess\u00e3o foi mal gerida. \u00abDepois do melhor treinador do mundo, seria sempre um trabalho dif\u00edcil. Fizemos algumas contrata\u00e7\u00f5es desastrosas. O David Moyes veio; talvez o fato fosse demasiado grande para ele. Tem sido doloroso ver o United\u00bb, lamentou, embora veja com esperan\u00e7a o trabalho do seu ex-colega Michael Carrick. \u00abAgora, com o Michael Carrick, pelo menos podemos sonhar com um lugar na Liga dos Campe\u00f5es. \u00c9 muito dif\u00edcil dizer isto, porque quando eu estava no United, o objetivo \u2014 n\u00e3o o sonho \u2014 era ganhar quatro trof\u00e9us por \u00e9poca\u00bb.<\/p>\n<\/div>\n<div class=\"mx-auto w-full font-default text-lg font-normal leading-7 text-neutral-800 sm:text-xl [&amp;_a:hover]:text-primary-700 [&amp;_a]:text-primary-500 [&amp;_a]:transition [&amp;_h2]:font-accent [&amp;_h2]:text-xl [&amp;_h2]:font-extrabold [&amp;_h2]:leading-7 sm:[&amp;_h2]:text-2xl sm:[&amp;_h2]:leading-8 [&amp;_h3]:font-accent [&amp;_h3]:text-lg [&amp;_h3]:font-extrabold [&amp;_h3]:leading-7 [&amp;_h4]:font-accent [&amp;_h4]:text-base [&amp;_h4]:font-extrabold [&amp;_h4]:leading-6 [&amp;_h5]:font-accent [&amp;_h5]:text-base [&amp;_h5]:font-bold [&amp;_h5]:leading-6 [&amp;_h6]:font-accent [&amp;_h6]:text-base [&amp;_h6]:font-normal [&amp;_h6]:leading-6 [&amp;_li]:mb-2 [&amp;_ol]:my-4 [&amp;_ol]:list-decimal [&amp;_ol]:pl-6 [&amp;_ul]:my-4 [&amp;_ul]:list-disc [&amp;_ul]:pl-6\">\n<p>A quest\u00e3o sobre a continuidade do atual treinador foi abordada, com a resposta a focar-se no presente e na necessidade de garantir a qualifica\u00e7\u00e3o para a Liga dos Campe\u00f5es.<\/p>\n<\/div>\n<div class=\"mx-auto w-full font-default text-lg font-normal leading-7 text-neutral-800 sm:text-xl [&amp;_a:hover]:text-primary-700 [&amp;_a]:text-primary-500 [&amp;_a]:transition [&amp;_h2]:font-accent [&amp;_h2]:text-xl [&amp;_h2]:font-extrabold [&amp;_h2]:leading-7 sm:[&amp;_h2]:text-2xl sm:[&amp;_h2]:leading-8 [&amp;_h3]:font-accent [&amp;_h3]:text-lg [&amp;_h3]:font-extrabold [&amp;_h3]:leading-7 [&amp;_h4]:font-accent [&amp;_h4]:text-base [&amp;_h4]:font-extrabold [&amp;_h4]:leading-6 [&amp;_h5]:font-accent [&amp;_h5]:text-base [&amp;_h5]:font-bold [&amp;_h5]:leading-6 [&amp;_h6]:font-accent [&amp;_h6]:text-base [&amp;_h6]:font-normal [&amp;_h6]:leading-6 [&amp;_li]:mb-2 [&amp;_ol]:my-4 [&amp;_ol]:list-decimal [&amp;_ol]:pl-6 [&amp;_ul]:my-4 [&amp;_ul]:list-disc [&amp;_ul]:pl-6\">\n<p>\u00abEstou a viver o presente. Ele precisa de se qualificar para a <a class=\"autolink-enabled\" data-resource-id=\"758\" data-resource-type=\"competition\" data-sport=\"football\" href=\"https:\/\/www.abola.pt\/futebol\/competicao\/liga-dos-campeoes-qualificacoes-758\">Liga dos Campe\u00f5es<\/a>. Algumas pessoas dizem que ele n\u00e3o tem experi\u00eancia. Mas j\u00e1 fizemos isso no passado. Trouxemos o Mourinho, trouxemos o Louis van Gaal, trouxemos o Ruben Amorim e n\u00e3o funcionou. Agora est\u00e1 a funcionar, por isso, vamos ver!\u00bb, atirou.<\/p>\n<\/div><\/div>\n<p><br \/>\n<br \/><a href=\"https:\/\/www.abola.pt\/noticias\/mourinho-e-triste-vinicius-e-o-alvo-2026040714130689563\">Source link <\/a><\/p>\n","protected":false},"excerpt":{"rendered":"<p>Patrice Evra, antigo lateral-esquerdo do Manchester United e da Juventus, afirma estar mais feliz agora do que durante a sua carreira, per\u00edodo em que sentia a necessidade de esconder as emo\u00e7\u00f5es para competir ao mais alto n\u00edvel. \u00abQuando se joga ao n\u00edvel certo, somos um monstro, uma m\u00e1quina. Temos de esconder as emo\u00e7\u00f5es. Estamos l\u00e1 [&hellip;]<\/p>\n","protected":false},"author":1,"featured_media":100595,"comment_status":"closed","ping_status":"","sticky":false,"template":"","format":"standard","meta":{"googlesitekit_rrm_CAow2JLhCw:productID":"","_gspb_post_css":"","maa_idioma":"","maa_pais":"","footnotes":""},"categories":[1],"tags":[5561,16878,9054,22550],"class_list":["post-100594","post","type-post","status-publish","format-standard","has-post-thumbnail","hentry","category-ubirata","tag-alvo","tag-mourinho","tag-triste","tag-vinicius"],"blocksy_meta":[],"yoast_head":"<!-- This site is optimized with the Yoast SEO Premium plugin v27.6 (Yoast SEO v27.6) - https:\/\/yoast.com\/product\/yoast-seo-premium-wordpress\/ -->\n<title>\u00abMourinho? \u00c9 triste. Vin\u00edcius \u00e9 o alvo\u00bb - Ubirat\u00e3 Online Not\u00edcias - A realidade ao seu alcance!<\/title>\n<meta name=\"description\" content=\"Patrice Evra, antigo lateral-esquerdo do Manchester United e da Juventus, afirma estar mais feliz agora do que durante a sua carreira, per\u00edodo em que\" \/>\n<meta name=\"robots\" content=\"index, follow, max-snippet:-1, max-image-preview:large, max-video-preview:-1\" \/>\n<link rel=\"canonical\" href=\"https:\/\/ubirataonline.com.br\/en\/mourinho-e-triste-vinicius-e-o-alvo\/\" \/>\n<meta property=\"og:locale\" content=\"en_US\" \/>\n<meta property=\"og:type\" content=\"article\" \/>\n<meta property=\"og:title\" content=\"\u00abMourinho? \u00c9 triste. Vin\u00edcius \u00e9 o alvo\u00bb\" \/>\n<meta property=\"og:description\" content=\"Patrice Evra, antigo lateral-esquerdo do Manchester United e da Juventus, afirma estar mais feliz agora do que durante a sua carreira, per\u00edodo em que\" \/>\n<meta property=\"og:url\" content=\"https:\/\/ubirataonline.com.br\/en\/mourinho-e-triste-vinicius-e-o-alvo\/\" \/>\n<meta property=\"og:site_name\" content=\"Ubirat\u00e3 Online Not\u00edcias - A realidade ao seu alcance!\" \/>\n<meta property=\"article:publisher\" content=\"https:\/\/www.facebook.com\/portalubirataonline\" \/>\n<meta property=\"article:author\" content=\"https:\/\/www.facebook.com\/portalubirataonline\" \/>\n<meta property=\"article:published_time\" content=\"2026-04-07T21:05:59+00:00\" \/>\n<meta property=\"article:modified_time\" content=\"2026-04-07T21:06:04+00:00\" \/>\n<meta property=\"og:image\" content=\"https:\/\/ubirataonline.com.br\/wp-content\/uploads\/2026\/04\/Mourinho-E-triste-Vinicius-e-o-alvo.jpg\" \/>\n\t<meta property=\"og:image:width\" content=\"1200\" \/>\n\t<meta property=\"og:image:height\" content=\"630\" \/>\n\t<meta property=\"og:image:type\" content=\"image\/jpeg\" \/>\n<meta name=\"author\" content=\"REDA\u00c7\u00c3O: UBIRAT\u00c3 ONLINE - F\u00c1BIO AUGUSTO CELESTINO\" \/>\n<meta name=\"twitter:card\" content=\"summary_large_image\" \/>\n<meta name=\"twitter:creator\" content=\"@x.com\/ubirataonline\" \/>\n<meta name=\"twitter:site\" content=\"@ubirataonline\" \/>\n<meta name=\"twitter:label1\" content=\"Written by\" \/>\n\t<meta name=\"twitter:data1\" content=\"REDA\u00c7\u00c3O: UBIRAT\u00c3 ONLINE - F\u00c1BIO AUGUSTO CELESTINO\" \/>\n\t<meta name=\"twitter:label2\" content=\"Est. reading time\" \/>\n\t<meta name=\"twitter:data2\" content=\"11 minutes\" \/>\n<script type=\"application\/ld+json\" class=\"yoast-schema-graph\">{\"@context\":\"https:\\\/\\\/schema.org\",\"@graph\":[{\"@type\":\"NewsArticle\",\"@id\":\"https:\\\/\\\/ubirataonline.com.br\\\/mourinho-e-triste-vinicius-e-o-alvo\\\/#article\",\"isPartOf\":{\"@id\":\"https:\\\/\\\/ubirataonline.com.br\\\/mourinho-e-triste-vinicius-e-o-alvo\\\/\"},\"author\":{\"name\":\"REDA\u00c7\u00c3O: UBIRAT\u00c3 ONLINE - F\u00c1BIO AUGUSTO CELESTINO\",\"@id\":\"https:\\\/\\\/ubirataonline.com.br\\\/#\\\/schema\\\/person\\\/372f87bbd3fdd79b8556b84c98d0bc1c\"},\"headline\":\"\u00abMourinho? \u00c9 triste. Vin\u00edcius \u00e9 o alvo\u00bb\",\"datePublished\":\"2026-04-07T21:05:59+00:00\",\"dateModified\":\"2026-04-07T21:06:04+00:00\",\"mainEntityOfPage\":{\"@id\":\"https:\\\/\\\/ubirataonline.com.br\\\/mourinho-e-triste-vinicius-e-o-alvo\\\/\"},\"wordCount\":2235,\"publisher\":{\"@id\":\"https:\\\/\\\/ubirataonline.com.br\\\/#organization\"},\"image\":{\"@id\":\"https:\\\/\\\/ubirataonline.com.br\\\/mourinho-e-triste-vinicius-e-o-alvo\\\/#primaryimage\"},\"thumbnailUrl\":\"https:\\\/\\\/ubirataonline.com.br\\\/wp-content\\\/uploads\\\/2026\\\/04\\\/Mourinho-E-triste-Vinicius-e-o-alvo.jpg\",\"keywords\":[\"alvo\",\"Mourinho\",\"triste\",\"Vinicius\"],\"articleSection\":[\"Ubirat\u00e3\"],\"inLanguage\":\"en-US\",\"copyrightYear\":\"2026\",\"copyrightHolder\":{\"@id\":\"https:\\\/\\\/ubirataonline.com.br\\\/en\\\/#organization\"}},{\"@type\":\"WebPage\",\"@id\":\"https:\\\/\\\/ubirataonline.com.br\\\/mourinho-e-triste-vinicius-e-o-alvo\\\/\",\"url\":\"https:\\\/\\\/ubirataonline.com.br\\\/mourinho-e-triste-vinicius-e-o-alvo\\\/\",\"name\":\"\u00abMourinho? \u00c9 triste. Vin\u00edcius \u00e9 o alvo\u00bb - Ubirat\u00e3 Online Not\u00edcias - A realidade ao seu alcance!\",\"isPartOf\":{\"@id\":\"https:\\\/\\\/ubirataonline.com.br\\\/#website\"},\"primaryImageOfPage\":{\"@id\":\"https:\\\/\\\/ubirataonline.com.br\\\/mourinho-e-triste-vinicius-e-o-alvo\\\/#primaryimage\"},\"image\":{\"@id\":\"https:\\\/\\\/ubirataonline.com.br\\\/mourinho-e-triste-vinicius-e-o-alvo\\\/#primaryimage\"},\"thumbnailUrl\":\"https:\\\/\\\/ubirataonline.com.br\\\/wp-content\\\/uploads\\\/2026\\\/04\\\/Mourinho-E-triste-Vinicius-e-o-alvo.jpg\",\"datePublished\":\"2026-04-07T21:05:59+00:00\",\"dateModified\":\"2026-04-07T21:06:04+00:00\",\"description\":\"Patrice Evra, antigo lateral-esquerdo do Manchester United e da Juventus, afirma estar mais feliz agora do que durante a sua carreira, per\u00edodo em que\",\"breadcrumb\":{\"@id\":\"https:\\\/\\\/ubirataonline.com.br\\\/mourinho-e-triste-vinicius-e-o-alvo\\\/#breadcrumb\"},\"inLanguage\":\"en-US\",\"potentialAction\":[{\"@type\":\"ReadAction\",\"target\":[\"https:\\\/\\\/ubirataonline.com.br\\\/mourinho-e-triste-vinicius-e-o-alvo\\\/\"]}]},{\"@type\":\"ImageObject\",\"inLanguage\":\"en-US\",\"@id\":\"https:\\\/\\\/ubirataonline.com.br\\\/mourinho-e-triste-vinicius-e-o-alvo\\\/#primaryimage\",\"url\":\"https:\\\/\\\/ubirataonline.com.br\\\/wp-content\\\/uploads\\\/2026\\\/04\\\/Mourinho-E-triste-Vinicius-e-o-alvo.jpg\",\"contentUrl\":\"https:\\\/\\\/ubirataonline.com.br\\\/wp-content\\\/uploads\\\/2026\\\/04\\\/Mourinho-E-triste-Vinicius-e-o-alvo.jpg\",\"width\":1200,\"height\":630,\"caption\":\"\u00abMourinho? \u00c9 triste. Vin\u00edcius \u00e9 o alvo\u00bb\"},{\"@type\":\"BreadcrumbList\",\"@id\":\"https:\\\/\\\/ubirataonline.com.br\\\/mourinho-e-triste-vinicius-e-o-alvo\\\/#breadcrumb\",\"itemListElement\":[{\"@type\":\"ListItem\",\"position\":1,\"name\":\"In\u00edcio\",\"item\":\"https:\\\/\\\/ubirataonline.com.br\\\/\"},{\"@type\":\"ListItem\",\"position\":2,\"name\":\"\u00abMourinho? \u00c9 triste. Vin\u00edcius \u00e9 o alvo\u00bb\"}]},{\"@type\":\"WebSite\",\"@id\":\"https:\\\/\\\/ubirataonline.com.br\\\/#website\",\"url\":\"https:\\\/\\\/ubirataonline.com.br\\\/\",\"name\":\"Ubirat\u00e3 Online Not\u00edcias\",\"description\":\"Not\u00edcias de Ubirat\u00e3, regi\u00e3o, Brasil e mundo, com informa\u00e7\u00e3o atualizada e compromisso com o leitor.\",\"publisher\":{\"@id\":\"https:\\\/\\\/ubirataonline.com.br\\\/#organization\"},\"alternateName\":\"Ubirat\u00e3 Online\",\"potentialAction\":[{\"@type\":\"SearchAction\",\"target\":{\"@type\":\"EntryPoint\",\"urlTemplate\":\"https:\\\/\\\/ubirataonline.com.br\\\/?s={search_term_string}\"},\"query-input\":{\"@type\":\"PropertyValueSpecification\",\"valueRequired\":true,\"valueName\":\"search_term_string\"}}],\"inLanguage\":\"en-US\"},{\"@type\":[\"Organization\",\"Place\"],\"@id\":\"https:\\\/\\\/ubirataonline.com.br\\\/#organization\",\"name\":\"Ubirat\u00e3 Online Not\u00edcias\",\"alternateName\":\"Ubirat\u00e3 Online\",\"url\":\"https:\\\/\\\/ubirataonline.com.br\\\/\",\"logo\":{\"@id\":\"https:\\\/\\\/ubirataonline.com.br\\\/mourinho-e-triste-vinicius-e-o-alvo\\\/#local-main-organization-logo\"},\"image\":{\"@id\":\"https:\\\/\\\/ubirataonline.com.br\\\/mourinho-e-triste-vinicius-e-o-alvo\\\/#local-main-organization-logo\"},\"sameAs\":[\"https:\\\/\\\/www.facebook.com\\\/portalubirataonline\",\"https:\\\/\\\/x.com\\\/ubirataonline\",\"https:\\\/\\\/mastodon.social\\\/@ubirataonline\",\"https:\\\/\\\/www.facebook.com\\\/groups\\\/311144672285604\",\"https:\\\/\\\/www.facebook.com\\\/UBTAOnline\",\"https:\\\/\\\/www.instagram.com\\\/portalubirataonline\\\/\",\"https:\\\/\\\/twitter.com\\\/ubirataonline\"],\"description\":\"Somos um portal de not\u00edcias independente, criado em 5 de janeiro de 2009, com o objetivo de informar, conectar e valorizar a nossa comunidade de Ubirat\u00e3 e toda aregi\u00e3o. Com conte\u00fado atualizado, confi\u00e1vel e relevante, o Ubirat\u00e3 Online \u00e9 o seu espa\u00e7o para ficar por dentro dos principais acontecimentos locais, regionais, Brasil, Mundo e de interesse geral. Nosso compromisso \u00e9 com a verdade, a transpar\u00eancia e o respeito ao leitor.\",\"legalName\":\"UBIRATA ONLINE NOT\u00cdCIAS\",\"foundingDate\":\"2009-01-05\",\"numberOfEmployees\":{\"@type\":\"QuantitativeValue\",\"minValue\":\"1\",\"maxValue\":\"10\"},\"publishingPrinciples\":\"https:\\\/\\\/ubirataonline.com.br\\\/faq\\\/\",\"address\":{\"@id\":\"https:\\\/\\\/ubirataonline.com.br\\\/mourinho-e-triste-vinicius-e-o-alvo\\\/#local-main-place-address\"},\"geo\":{\"@type\":\"GeoCoordinates\",\"latitude\":\"-24.5361401\",\"longitude\":\"-52.9921776\"},\"telephone\":[\"+5544998308235\"],\"contactPoint\":{\"@type\":\"ContactPoint\",\"email\":\"contato@ubirataonline.com.br\"},\"openingHoursSpecification\":{\"@type\":\"OpeningHoursSpecification\",\"dayOfWeek\":[\"Monday\",\"Tuesday\",\"Wednesday\",\"Thursday\",\"Friday\",\"Saturday\",\"Sunday\"],\"opens\":\"00:00\",\"closes\":\"23:59\"},\"email\":\"contato@ubirataonline.com.br\",\"vatID\":\"47.621.418\\\/0001-80\"},{\"@type\":\"Person\",\"@id\":\"https:\\\/\\\/ubirataonline.com.br\\\/#\\\/schema\\\/person\\\/372f87bbd3fdd79b8556b84c98d0bc1c\",\"name\":\"REDA\u00c7\u00c3O: UBIRAT\u00c3 ONLINE - F\u00c1BIO AUGUSTO CELESTINO\",\"pronouns\":\"Ele\",\"description\":\"Desde 2003 trabalhando com not\u00edcias.\",\"sameAs\":[\"http:\\\/\\\/ubirataoline.com.br\",\"https:\\\/\\\/www.facebook.com\\\/portalubirataonline\",\"https:\\\/\\\/www.instagram.com\\\/ubirataonline_oficial\",\"https:\\\/\\\/x.com\\\/x.com\\\/ubirataonline\"],\"honorificPrefix\":\"Mr.\",\"honorificSuffix\":\"MD\",\"birthDate\":\"1980-06-16\",\"gender\":\"masculino\",\"award\":[\"V\u00e1rios pr\u00eamios de melhor portal da cidade\"],\"jobTitle\":\"Diretor\",\"url\":\"https:\\\/\\\/ubirataonline.com.br\\\/en\\\/author\\\/ubirataonline\\\/\"},{\"@type\":\"PostalAddress\",\"@id\":\"https:\\\/\\\/ubirataonline.com.br\\\/mourinho-e-triste-vinicius-e-o-alvo\\\/#local-main-place-address\",\"streetAddress\":\"Rua dos Coqueiros, 104 - Bairro Boa Vista, Rua dos Coqueiros, 104 Bairro Boa Vista\",\"addressLocality\":\"UBIRATA\",\"postalCode\":\"85440-000\",\"addressRegion\":\"PR\",\"addressCountry\":\"BR\"},{\"@type\":\"ImageObject\",\"inLanguage\":\"en-US\",\"@id\":\"https:\\\/\\\/ubirataonline.com.br\\\/mourinho-e-triste-vinicius-e-o-alvo\\\/#local-main-organization-logo\",\"url\":\"https:\\\/\\\/ubirataonline.com.br\\\/wp-content\\\/uploads\\\/2026\\\/06\\\/logoubirataonline-1.webp\",\"contentUrl\":\"https:\\\/\\\/ubirataonline.com.br\\\/wp-content\\\/uploads\\\/2026\\\/06\\\/logoubirataonline-1.webp\",\"width\":500,\"height\":500,\"caption\":\"Ubirat\u00e3 Online Not\u00edcias\"}]}<\/script>\n<meta name=\"geo.placename\" content=\"UBIRATA\" \/>\n<meta name=\"geo.position\" content=\"-24.5361401;-52.9921776\" \/>\n<meta name=\"geo.region\" content=\"Brazil\" \/>\n<!-- \/ Yoast SEO Premium plugin. -->","yoast_head_json":{"title":"\u00abMourinho? \u00c9 triste. Vin\u00edcius \u00e9 o alvo\u00bb - Ubirat\u00e3 Online Not\u00edcias - A realidade ao seu alcance!","description":"Patrice Evra, antigo lateral-esquerdo do Manchester United e da Juventus, afirma estar mais feliz agora do que durante a sua carreira, per\u00edodo em que","robots":{"index":"index","follow":"follow","max-snippet":"max-snippet:-1","max-image-preview":"max-image-preview:large","max-video-preview":"max-video-preview:-1"},"canonical":"https:\/\/ubirataonline.com.br\/en\/mourinho-e-triste-vinicius-e-o-alvo\/","og_locale":"en_US","og_type":"article","og_title":"\u00abMourinho? \u00c9 triste. Vin\u00edcius \u00e9 o alvo\u00bb","og_description":"Patrice Evra, antigo lateral-esquerdo do Manchester United e da Juventus, afirma estar mais feliz agora do que durante a sua carreira, per\u00edodo em que","og_url":"https:\/\/ubirataonline.com.br\/en\/mourinho-e-triste-vinicius-e-o-alvo\/","og_site_name":"Ubirat\u00e3 Online Not\u00edcias - A realidade ao seu alcance!","article_publisher":"https:\/\/www.facebook.com\/portalubirataonline","article_author":"https:\/\/www.facebook.com\/portalubirataonline","article_published_time":"2026-04-07T21:05:59+00:00","article_modified_time":"2026-04-07T21:06:04+00:00","og_image":[{"width":1200,"height":630,"url":"https:\/\/ubirataonline.com.br\/wp-content\/uploads\/2026\/04\/Mourinho-E-triste-Vinicius-e-o-alvo.jpg","type":"image\/jpeg"}],"author":"REDA\u00c7\u00c3O: UBIRAT\u00c3 ONLINE - F\u00c1BIO AUGUSTO CELESTINO","twitter_card":"summary_large_image","twitter_creator":"@x.com\/ubirataonline","twitter_site":"@ubirataonline","twitter_misc":{"Written by":"REDA\u00c7\u00c3O: UBIRAT\u00c3 ONLINE - F\u00c1BIO AUGUSTO CELESTINO","Est. reading time":"11 minutes"},"schema":{"@context":"https:\/\/schema.org","@graph":[{"@type":"NewsArticle","@id":"https:\/\/ubirataonline.com.br\/mourinho-e-triste-vinicius-e-o-alvo\/#article","isPartOf":{"@id":"https:\/\/ubirataonline.com.br\/mourinho-e-triste-vinicius-e-o-alvo\/"},"author":{"name":"REDA\u00c7\u00c3O: UBIRAT\u00c3 ONLINE - F\u00c1BIO AUGUSTO CELESTINO","@id":"https:\/\/ubirataonline.com.br\/#\/schema\/person\/372f87bbd3fdd79b8556b84c98d0bc1c"},"headline":"\u00abMourinho? \u00c9 triste. Vin\u00edcius \u00e9 o alvo\u00bb","datePublished":"2026-04-07T21:05:59+00:00","dateModified":"2026-04-07T21:06:04+00:00","mainEntityOfPage":{"@id":"https:\/\/ubirataonline.com.br\/mourinho-e-triste-vinicius-e-o-alvo\/"},"wordCount":2235,"publisher":{"@id":"https:\/\/ubirataonline.com.br\/#organization"},"image":{"@id":"https:\/\/ubirataonline.com.br\/mourinho-e-triste-vinicius-e-o-alvo\/#primaryimage"},"thumbnailUrl":"https:\/\/ubirataonline.com.br\/wp-content\/uploads\/2026\/04\/Mourinho-E-triste-Vinicius-e-o-alvo.jpg","keywords":["alvo","Mourinho","triste","Vinicius"],"articleSection":["Ubirat\u00e3"],"inLanguage":"en-US","copyrightYear":"2026","copyrightHolder":{"@id":"https:\/\/ubirataonline.com.br\/en\/#organization"}},{"@type":"WebPage","@id":"https:\/\/ubirataonline.com.br\/mourinho-e-triste-vinicius-e-o-alvo\/","url":"https:\/\/ubirataonline.com.br\/mourinho-e-triste-vinicius-e-o-alvo\/","name":"\u00abMourinho? \u00c9 triste. Vin\u00edcius \u00e9 o alvo\u00bb - Ubirat\u00e3 Online Not\u00edcias - A realidade ao seu alcance!","isPartOf":{"@id":"https:\/\/ubirataonline.com.br\/#website"},"primaryImageOfPage":{"@id":"https:\/\/ubirataonline.com.br\/mourinho-e-triste-vinicius-e-o-alvo\/#primaryimage"},"image":{"@id":"https:\/\/ubirataonline.com.br\/mourinho-e-triste-vinicius-e-o-alvo\/#primaryimage"},"thumbnailUrl":"https:\/\/ubirataonline.com.br\/wp-content\/uploads\/2026\/04\/Mourinho-E-triste-Vinicius-e-o-alvo.jpg","datePublished":"2026-04-07T21:05:59+00:00","dateModified":"2026-04-07T21:06:04+00:00","description":"Patrice Evra, antigo lateral-esquerdo do Manchester United e da Juventus, afirma estar mais feliz agora do que durante a sua carreira, per\u00edodo em que","breadcrumb":{"@id":"https:\/\/ubirataonline.com.br\/mourinho-e-triste-vinicius-e-o-alvo\/#breadcrumb"},"inLanguage":"en-US","potentialAction":[{"@type":"ReadAction","target":["https:\/\/ubirataonline.com.br\/mourinho-e-triste-vinicius-e-o-alvo\/"]}]},{"@type":"ImageObject","inLanguage":"en-US","@id":"https:\/\/ubirataonline.com.br\/mourinho-e-triste-vinicius-e-o-alvo\/#primaryimage","url":"https:\/\/ubirataonline.com.br\/wp-content\/uploads\/2026\/04\/Mourinho-E-triste-Vinicius-e-o-alvo.jpg","contentUrl":"https:\/\/ubirataonline.com.br\/wp-content\/uploads\/2026\/04\/Mourinho-E-triste-Vinicius-e-o-alvo.jpg","width":1200,"height":630,"caption":"\u00abMourinho? \u00c9 triste. Vin\u00edcius \u00e9 o alvo\u00bb"},{"@type":"BreadcrumbList","@id":"https:\/\/ubirataonline.com.br\/mourinho-e-triste-vinicius-e-o-alvo\/#breadcrumb","itemListElement":[{"@type":"ListItem","position":1,"name":"In\u00edcio","item":"https:\/\/ubirataonline.com.br\/"},{"@type":"ListItem","position":2,"name":"\u00abMourinho? \u00c9 triste. Vin\u00edcius \u00e9 o alvo\u00bb"}]},{"@type":"WebSite","@id":"https:\/\/ubirataonline.com.br\/#website","url":"https:\/\/ubirataonline.com.br\/","name":"Ubirat\u00e3 Online Not\u00edcias","description":"Not\u00edcias de Ubirat\u00e3, regi\u00e3o, Brasil e mundo, com informa\u00e7\u00e3o atualizada e compromisso com o leitor.","publisher":{"@id":"https:\/\/ubirataonline.com.br\/#organization"},"alternateName":"Ubirat\u00e3 Online","potentialAction":[{"@type":"SearchAction","target":{"@type":"EntryPoint","urlTemplate":"https:\/\/ubirataonline.com.br\/?s={search_term_string}"},"query-input":{"@type":"PropertyValueSpecification","valueRequired":true,"valueName":"search_term_string"}}],"inLanguage":"en-US"},{"@type":["Organization","Place"],"@id":"https:\/\/ubirataonline.com.br\/#organization","name":"Ubirat\u00e3 Online Not\u00edcias","alternateName":"Ubirat\u00e3 Online","url":"https:\/\/ubirataonline.com.br\/","logo":{"@id":"https:\/\/ubirataonline.com.br\/mourinho-e-triste-vinicius-e-o-alvo\/#local-main-organization-logo"},"image":{"@id":"https:\/\/ubirataonline.com.br\/mourinho-e-triste-vinicius-e-o-alvo\/#local-main-organization-logo"},"sameAs":["https:\/\/www.facebook.com\/portalubirataonline","https:\/\/x.com\/ubirataonline","https:\/\/mastodon.social\/@ubirataonline","https:\/\/www.facebook.com\/groups\/311144672285604","https:\/\/www.facebook.com\/UBTAOnline","https:\/\/www.instagram.com\/portalubirataonline\/","https:\/\/twitter.com\/ubirataonline"],"description":"Somos um portal de not\u00edcias independente, criado em 5 de janeiro de 2009, com o objetivo de informar, conectar e valorizar a nossa comunidade de Ubirat\u00e3 e toda aregi\u00e3o. Com conte\u00fado atualizado, confi\u00e1vel e relevante, o Ubirat\u00e3 Online \u00e9 o seu espa\u00e7o para ficar por dentro dos principais acontecimentos locais, regionais, Brasil, Mundo e de interesse geral. Nosso compromisso \u00e9 com a verdade, a transpar\u00eancia e o respeito ao leitor.","legalName":"UBIRATA ONLINE NOT\u00cdCIAS","foundingDate":"2009-01-05","numberOfEmployees":{"@type":"QuantitativeValue","minValue":"1","maxValue":"10"},"publishingPrinciples":"https:\/\/ubirataonline.com.br\/faq\/","address":{"@id":"https:\/\/ubirataonline.com.br\/mourinho-e-triste-vinicius-e-o-alvo\/#local-main-place-address"},"geo":{"@type":"GeoCoordinates","latitude":"-24.5361401","longitude":"-52.9921776"},"telephone":["+5544998308235"],"contactPoint":{"@type":"ContactPoint","email":"contato@ubirataonline.com.br"},"openingHoursSpecification":{"@type":"OpeningHoursSpecification","dayOfWeek":["Monday","Tuesday","Wednesday","Thursday","Friday","Saturday","Sunday"],"opens":"00:00","closes":"23:59"},"email":"contato@ubirataonline.com.br","vatID":"47.621.418\/0001-80"},{"@type":"Person","@id":"https:\/\/ubirataonline.com.br\/#\/schema\/person\/372f87bbd3fdd79b8556b84c98d0bc1c","name":"REDA\u00c7\u00c3O: UBIRAT\u00c3 ONLINE - F\u00c1BIO AUGUSTO CELESTINO","pronouns":"Ele","description":"Desde 2003 trabalhando com not\u00edcias.","sameAs":["http:\/\/ubirataoline.com.br","https:\/\/www.facebook.com\/portalubirataonline","https:\/\/www.instagram.com\/ubirataonline_oficial","https:\/\/x.com\/x.com\/ubirataonline"],"honorificPrefix":"Mr.","honorificSuffix":"MD","birthDate":"1980-06-16","gender":"masculino","award":["V\u00e1rios pr\u00eamios de melhor portal da cidade"],"jobTitle":"Diretor","url":"https:\/\/ubirataonline.com.br\/en\/author\/ubirataonline\/"},{"@type":"PostalAddress","@id":"https:\/\/ubirataonline.com.br\/mourinho-e-triste-vinicius-e-o-alvo\/#local-main-place-address","streetAddress":"Rua dos Coqueiros, 104 - Bairro Boa Vista, Rua dos Coqueiros, 104 Bairro Boa Vista","addressLocality":"UBIRATA","postalCode":"85440-000","addressRegion":"PR","addressCountry":"BR"},{"@type":"ImageObject","inLanguage":"en-US","@id":"https:\/\/ubirataonline.com.br\/mourinho-e-triste-vinicius-e-o-alvo\/#local-main-organization-logo","url":"https:\/\/ubirataonline.com.br\/wp-content\/uploads\/2026\/06\/logoubirataonline-1.webp","contentUrl":"https:\/\/ubirataonline.com.br\/wp-content\/uploads\/2026\/06\/logoubirataonline-1.webp","width":500,"height":500,"caption":"Ubirat\u00e3 Online Not\u00edcias"}]},"geo.placename":"UBIRATA","geo.position":{"lat":"-24.5361401","long":"-52.9921776"},"geo.region":"Brazil"},"_links":{"self":[{"href":"https:\/\/ubirataonline.com.br\/en\/wp-json\/wp\/v2\/posts\/100594","targetHints":{"allow":["GET"]}}],"collection":[{"href":"https:\/\/ubirataonline.com.br\/en\/wp-json\/wp\/v2\/posts"}],"about":[{"href":"https:\/\/ubirataonline.com.br\/en\/wp-json\/wp\/v2\/types\/post"}],"author":[{"embeddable":true,"href":"https:\/\/ubirataonline.com.br\/en\/wp-json\/wp\/v2\/users\/1"}],"replies":[{"embeddable":true,"href":"https:\/\/ubirataonline.com.br\/en\/wp-json\/wp\/v2\/comments?post=100594"}],"version-history":[{"count":0,"href":"https:\/\/ubirataonline.com.br\/en\/wp-json\/wp\/v2\/posts\/100594\/revisions"}],"wp:featuredmedia":[{"embeddable":true,"href":"https:\/\/ubirataonline.com.br\/en\/wp-json\/wp\/v2\/media\/100595"}],"wp:attachment":[{"href":"https:\/\/ubirataonline.com.br\/en\/wp-json\/wp\/v2\/media?parent=100594"}],"wp:term":[{"taxonomy":"category","embeddable":true,"href":"https:\/\/ubirataonline.com.br\/en\/wp-json\/wp\/v2\/categories?post=100594"},{"taxonomy":"post_tag","embeddable":true,"href":"https:\/\/ubirataonline.com.br\/en\/wp-json\/wp\/v2\/tags?post=100594"}],"curies":[{"name":"wp","href":"https:\/\/api.w.org\/{rel}","templated":true}]}}