{"id":100602,"date":"2026-04-07T18:10:10","date_gmt":"2026-04-07T21:10:10","guid":{"rendered":"https:\/\/ubirataonline.com.br\/women-are-brought-in-and-packaged-mar-a-lago-style\/"},"modified":"2026-04-07T18:10:14","modified_gmt":"2026-04-07T21:10:14","slug":"women-are-brought-in-and-packaged-mar-a-lago-style","status":"publish","type":"post","link":"https:\/\/ubirataonline.com.br\/en\/women-are-brought-in-and-packaged-mar-a-lago-style\/","title":{"rendered":"\u2018Women are brought in and packaged Mar-a-Lago style\u2019"},"content":{"rendered":"<p><br \/>\n<\/p>\n<div data-article-body=\"true\">\n<p class=\"mb-4 text-lg md:leading-8 break-words\">The wife of California Gov. Gavin Newsom said that President Donald <a href=\"https:\/\/www.yahoo.com\/news\/articles\/trump-ousts-pam-bondi-attorney-170926738.html\" data-ylk=\"slk:Trump\u2019s firing of Kristi Noem and Pam Bondi;elm:context_link;itc:0;sec:content-canvas;outcm:mb_qualified_link;_E:mb_qualified_link;ct:story;\" data-yga=\"{&quot;yLinkElement&quot;:&quot;context_link&quot;,&quot;yModuleName&quot;:&quot;content-canvas&quot;,&quot;yLinkText&quot;:&quot;Trump\u2019s firing of Kristi Noem and Pam Bondi&quot;}\" class=\"link  yahoo-link\">Trump\u2019s firing of Kristi Noem and Pam Bondi <\/a>was \u201cno surprise\u201d and is part of his wider \u201cwar on all women.\u201d<\/p>\n<p class=\"mb-4 text-lg md:leading-8 break-words\">In an Instagram video <a href=\"https:\/\/www.instagram.com\/p\/DWsU4aXgOhb\/\" rel=\"nofollow noopener\" target=\"_blank\" data-ylk=\"slk:posted;elm:context_link;itc:0;sec:content-canvas\" data-yga=\"{&quot;yLinkElement&quot;:&quot;context_link&quot;,&quot;yModuleName&quot;:&quot;content-canvas&quot;,&quot;yLinkText&quot;:&quot;posted&quot;}\" class=\"link \">posted<\/a> Saturday, <a href=\"https:\/\/www.independent.co.uk\/tv\/news\/trump-gavin-newsom-wife-dyslexia-video-b2941676.html\" rel=\"nofollow noopener\" target=\"_blank\" data-ylk=\"slk:Jennifer Siebel Newsom;elm:context_link;itc:0;sec:content-canvas\" data-yga=\"{&quot;yLinkElement&quot;:&quot;context_link&quot;,&quot;yModuleName&quot;:&quot;content-canvas&quot;,&quot;yLinkText&quot;:&quot;Jennifer Siebel Newsom&quot;}\" class=\"link \">Jennifer Siebel Newsom <\/a>began by setting out that she was \u201cno fan\u201d of Bondi and Noem, who recently became the first Cabinet members of Trump\u2019s second administration to receive the boot.<\/p>\n<p class=\"mb-4 text-lg md:leading-8 break-words\">Bondi was fired as Trump\u2019s Attorney General last week, while Noem was given her marching<a href=\"https:\/\/www.yahoo.com\/news\/articles\/kristi-noem-husband-cross-dressing-140628674.html\" data-ylk=\"slk:orders from the Department of Homeland Security;elm:context_link;itc:0;sec:content-canvas;outcm:mb_qualified_link;_E:mb_qualified_link;ct:story;\" data-yga=\"{&quot;yLinkElement&quot;:&quot;context_link&quot;,&quot;yModuleName&quot;:&quot;content-canvas&quot;,&quot;yLinkText&quot;:&quot;orders from the Department of Homeland Security&quot;}\" class=\"link  yahoo-link\"> orders from the Department of Homeland Security<\/a> last month following a disastrous performance during congressional hearings.<\/p>\n<p class=\"mb-4 text-lg md:leading-8 break-words\">\u201cThe conservative women that Trump handpicks who align themselves with an agenda that controls women, restricting our rights, limiting our autonomy&#8230; is only in service of men,\u201d <a href=\"https:\/\/www.yahoo.com\/news\/articles\/gavin-newsom-says-kids-don-230425423.html\" data-ylk=\"slk:said Newsom, who is the founder of a gender rights;elm:context_link;itc:0;sec:content-canvas;outcm:mb_qualified_link;_E:mb_qualified_link;ct:story;\" data-yga=\"{&quot;yLinkElement&quot;:&quot;context_link&quot;,&quot;yModuleName&quot;:&quot;content-canvas&quot;,&quot;yLinkText&quot;:&quot;said Newsom, who is the founder of a gender rights&quot;}\" class=\"link  yahoo-link\">said Newsom, who is the founder of a gender rights <\/a>non-profit.<\/p>\n<p class=\"mb-4 text-lg md:leading-8 break-words\">\u201cThere&#8217;s a familiar pattern here,\u201d the mom-of-four continued. \u201cWomen are brought in, packaged Mar-a-Lago style, and lifted up as long as they commit to wholeheartedly serve the interests of the patriarch at the top.\u201d<\/p>\n<figure class=\"relative mb-4\">\n<div class=\"relative\"><button aria-label=\"View larger image\" class=\"group absolute bottom-0 size-full\" data-ylk=\"elm:expand;itc:1;sec:image-lightbox;slk:lightbox-open;\"><span class=\"absolute bottom-3 right-3 rounded-full bg-white p-3 opacity-100 shadow-elevation-3 transition-opacity duration-300 group-hover:block group-hover:opacity-100 md:p-[17px] lg:bottom-6 lg:right-6 lg:bg-white\/90 lg:p-5 lg:opacity-0 lg:shadow-none\"><svg viewbox=\"0 0 22 22\" aria-hidden=\"true\" class=\"size-4 lg:size-6\" width=\"22\" height=\"22\"><path d=\"M12.372.92c0-.506.41-.916.915-.916L21 0l-.004 7.712a.917.917 0 0 1-1.832 0V3.183l-6.827 6.828-1.349-1.348 6.828-6.828h-4.529a.915.915 0 0 1-.915-.915M1.835 17.816l6.828-6.828 1.349 1.349-6.829 6.827h4.529a.915.915 0 0 1 0 1.831L0 21l.004-7.713a.916.916 0 0 1 1.831 0z\"\/><\/svg><\/span><\/button><dialog aria-label=\"Modal Dialog\" aria-modal=\"true\" class=\"fixed bottom-0 left-0 right-0 top-0 z-4 size-full max-h-none max-w-none bg-white hidden\"\/><\/div><figcaption class=\"relative text-sm mt-1 pr-2.5\">\n<p>Gavin Newsom\u2019s wife said that President Donald Trump\u2019s firing of Kristi Noem and Pam Bondi was \u2018no surprise\u2019 and is part of his wider \u2018war on all women\u2019 (Getty Images)<\/p>\n<\/figcaption><\/figure>\n<p class=\"mb-4 text-lg md:leading-8 break-words\">Newsom, who chose to be known as California\u2019s \u201cfirst partner\u201d as opposed to \u201cfirst lady,\u201d claimed that neither Noem nor Bondi had any true power or job security in their positions because of Trump, and pointed to historic <a href=\"https:\/\/www.yahoo.com\/news\/articles\/trump-bizarre-valentine-day-fundraising-200036154.html\" data-ylk=\"slk:allegations of inappropriate behavior against the president.;elm:context_link;itc:0;sec:content-canvas;outcm:mb_qualified_link;_E:mb_qualified_link;ct:story;\" data-yga=\"{&quot;yLinkElement&quot;:&quot;context_link&quot;,&quot;yModuleName&quot;:&quot;content-canvas&quot;,&quot;yLinkText&quot;:&quot;allegations of inappropriate behavior against the president.&quot;}\" class=\"link  yahoo-link\">allegations of inappropriate behavior against the president.<\/a><\/p>\n<p class=\"mb-4 text-lg md:leading-8 break-words\">\u201cWhen you align yourself with that value system, with a leader who has publicly devalued women, degraded them, and been found liable of abusing women,\u201d Newsom continued. \u201cWell, guess what? You&#8217;re going to be the first to go.\u201d<\/p>\n<p class=\"mb-4 text-lg md:leading-8 break-words\">\u201cYour power is only temporary, and ultimately they will come for you. That&#8217;s the unfortunate truth for all women,\u201d Newsom added. \u201cNo woman is safe in Trump&#8217;s Republican Party unless she has enough wealth or the ability to buy her own job security and safety.\u201d<\/p>\n<p class=\"mb-4 text-lg md:leading-8 break-words\">Newsom concluded her take by summarizing that there is a \u201cwar on all women\u201d regardless of their political affiliation.<\/p>\n<figure class=\"relative mb-4\">\n<div class=\"relative\"><img alt=\"Bondi and Noem became the first Cabinet members of Trump\u2019s second administration to receive the boot (AFP via Getty Images)\" loading=\"lazy\" width=\"960\" height=\"640\" decoding=\"async\" data-nimg=\"1\" class=\"rounded-lg\" style=\"color:transparent\" src=\"https:\/\/s.yimg.com\/ny\/api\/res\/1.2\/1yxdw_TMyQy6ecEIOz_Yfg--\/YXBwaWQ9aGlnaGxhbmRlcjt3PTk2MDtoPTY0MDtjZj13ZWJw\/https:\/\/media.zenfs.com\/en\/the_independent_635\/d90a35667535c237b811917a144824d0\"\/><button aria-label=\"View larger image\" class=\"group absolute bottom-0 size-full\" data-ylk=\"elm:expand;itc:1;sec:image-lightbox;slk:lightbox-open;\"><span class=\"absolute bottom-3 right-3 rounded-full bg-white p-3 opacity-100 shadow-elevation-3 transition-opacity duration-300 group-hover:block group-hover:opacity-100 md:p-[17px] lg:bottom-6 lg:right-6 lg:bg-white\/90 lg:p-5 lg:opacity-0 lg:shadow-none\"><svg viewbox=\"0 0 22 22\" aria-hidden=\"true\" class=\"size-4 lg:size-6\" width=\"22\" height=\"22\"><path d=\"M12.372.92c0-.506.41-.916.915-.916L21 0l-.004 7.712a.917.917 0 0 1-1.832 0V3.183l-6.827 6.828-1.349-1.348 6.828-6.828h-4.529a.915.915 0 0 1-.915-.915M1.835 17.816l6.828-6.828 1.349 1.349-6.829 6.827h4.529a.915.915 0 0 1 0 1.831L0 21l.004-7.713a.916.916 0 0 1 1.831 0z\"\/><\/svg><\/span><\/button><dialog aria-label=\"Modal Dialog\" aria-modal=\"true\" class=\"fixed bottom-0 left-0 right-0 top-0 z-4 size-full max-h-none max-w-none bg-white hidden\"\/><\/div><figcaption class=\"relative text-sm mt-1 pr-2.5\">\n<p>Bondi and Noem became the first Cabinet members of Trump\u2019s second administration to receive the boot (AFP via Getty Images)<\/p>\n<\/figcaption><\/figure>\n<p class=\"mb-4 text-lg md:leading-8 break-words\">In response to criticism about firing two women from his Cabinet, the White House has pointed to the president\u2019s comments from a 2025 Women\u2019s History Month event. \u201cI\u2019m also thrilled to say that we have more women in our Cabinet than any Republican president in the history of our country,\u201d Trump said.<\/p>\n<p class=\"mb-4 text-lg md:leading-8 break-words\">Of his original Cabinet and Cabinet-level appointments, one-third were women, according to the Center for American Women and Politics.<\/p>\n<p class=\"mb-4 text-lg md:leading-8 break-words\">Trump announced Bondi\u2019s departure as Justice Department chief on Thursday, where he praised her as a \u201cGreat American Patriot and a loyal friend.\u201d<\/p>\n<p class=\"mb-4 text-lg md:leading-8 break-words\">Bondi\u2019s ousting follows bipartisan outrage over her handling of investigations into Jeffrey Epstein and the release of millions of files connected to the late sex offender. Trump appears to have lost confidence in Bondi\u2019s leadership after the scandal blew up into a massive political liability for the president and his allies.<\/p>\n<p class=\"mb-4 text-lg md:leading-8 break-words\">The president has also publicly raged against the Justice Department\u2019s failure to prosecute his political enemies after the president demanded their imprisonment, as cases against former FBI director James Comey and the New York Attorney General Letitia James fell apart in court.<\/p>\n<figure class=\"relative mb-4\">\n<div class=\"relative\"><img alt=\"Noem claimed Trump had signed off on a multi-million-dollar deportation campaign in which she featured prominently (DHS)\" loading=\"lazy\" width=\"960\" height=\"640\" decoding=\"async\" data-nimg=\"1\" class=\"rounded-lg\" style=\"color:transparent\" src=\"https:\/\/s.yimg.com\/ny\/api\/res\/1.2\/7eN8wiJL2qC07dzTDB5kHQ--\/YXBwaWQ9aGlnaGxhbmRlcjt3PTk2MDtoPTY0MDtjZj13ZWJw\/https:\/\/media.zenfs.com\/en\/the_independent_635\/2dba357411ba360718b03e414c896275\"\/><button aria-label=\"View larger image\" class=\"group absolute bottom-0 size-full\" data-ylk=\"elm:expand;itc:1;sec:image-lightbox;slk:lightbox-open;\"><span class=\"absolute bottom-3 right-3 rounded-full bg-white p-3 opacity-100 shadow-elevation-3 transition-opacity duration-300 group-hover:block group-hover:opacity-100 md:p-[17px] lg:bottom-6 lg:right-6 lg:bg-white\/90 lg:p-5 lg:opacity-0 lg:shadow-none\"><svg viewbox=\"0 0 22 22\" aria-hidden=\"true\" class=\"size-4 lg:size-6\" width=\"22\" height=\"22\"><path d=\"M12.372.92c0-.506.41-.916.915-.916L21 0l-.004 7.712a.917.917 0 0 1-1.832 0V3.183l-6.827 6.828-1.349-1.348 6.828-6.828h-4.529a.915.915 0 0 1-.915-.915M1.835 17.816l6.828-6.828 1.349 1.349-6.829 6.827h4.529a.915.915 0 0 1 0 1.831L0 21l.004-7.713a.916.916 0 0 1 1.831 0z\"\/><\/svg><\/span><\/button><dialog aria-label=\"Modal Dialog\" aria-modal=\"true\" class=\"fixed bottom-0 left-0 right-0 top-0 z-4 size-full max-h-none max-w-none bg-white hidden\"\/><\/div><figcaption class=\"relative text-sm mt-1 pr-2.5\">\n<p>Noem claimed Trump had signed off on a multi-million-dollar deportation campaign in which she featured prominently (DHS)<\/p>\n<\/figcaption><\/figure>\n<p class=\"mb-4 text-lg md:leading-8 break-words\">Meanwhile, Noem was ousted from her role as Homeland Security Secretary last month after she claimed Trump had signed off on a multi-million-dollar deportation campaign in which she featured prominently. The president denied ever doing so and swiftly announced he was removing her from the department in a post on Truth Social.<\/p>\n<p class=\"mb-4 text-lg md:leading-8 break-words\">Last week Noem was at the center of another scandal involving her husband, Bryon Noem, after pictures of him cross-dressing were leaked to the <em>Daily Mail, <\/em>alleging that he engaged in a \u201cbimbofication\u201d fetish as<a href=\"https:\/\/www.yahoo.com\/news\/articles\/inspector-general-looking-kristi-noem-202356869.html\" data-ylk=\"slk:his wife served in Trump\u2019s Cabinet.;elm:context_link;itc:0;sec:content-canvas;outcm:mb_qualified_link;_E:mb_qualified_link;ct:story;\" data-yga=\"{&quot;yLinkElement&quot;:&quot;context_link&quot;,&quot;yModuleName&quot;:&quot;content-canvas&quot;,&quot;yLinkText&quot;:&quot;his wife served in Trump\u2019s Cabinet.&quot;}\" class=\"link  yahoo-link\"> his wife served in Trump\u2019s Cabinet.<\/a><\/p>\n<\/div>\n<p><script async src=\"\/\/www.instagram.com\/embed.js\"><\/script><br \/>\n<br \/><br \/>\n<br \/><a href=\"https:\/\/www.yahoo.com\/news\/articles\/gavin-newsom-wife-calls-trump-171428665.html\">Source link <\/a><\/p>\n","protected":false},"excerpt":{"rendered":"<p>The wife of California Gov. Gavin Newsom said that President Donald Trump\u2019s firing of Kristi Noem and Pam Bondi was \u201cno surprise\u201d and is part of his wider \u201cwar on all women.\u201d In an Instagram video posted Saturday, Jennifer Siebel Newsom began by setting out that she was \u201cno fan\u201d of Bondi and Noem, who [&hellip;]<\/p>\n","protected":false},"author":1,"featured_media":100603,"comment_status":"closed","ping_status":"","sticky":false,"template":"","format":"standard","meta":{"googlesitekit_rrm_CAow2JLhCw:productID":"","_gspb_post_css":"","maa_idioma":"","maa_pais":"","footnotes":""},"categories":[2725],"tags":[4159,11545,25458,10787,11401],"class_list":["post-100602","post","type-post","status-publish","format-standard","has-post-thumbnail","hentry","category-europe","tag-brought","tag-maralago","tag-packaged","tag-style","tag-women"],"blocksy_meta":[],"yoast_head":"<!-- This site is optimized with the Yoast SEO Premium plugin v27.6 (Yoast SEO v27.6) - https:\/\/yoast.com\/product\/yoast-seo-premium-wordpress\/ -->\n<title>\u2018Women are brought in and packaged Mar-a-Lago style\u2019 - Ubirat\u00e3 Online Not\u00edcias - A realidade ao seu alcance!<\/title>\n<meta name=\"description\" content=\"The wife of California Gov. Gavin Newsom said that President Donald Trump\u2019s firing of Kristi Noem and Pam Bondi was \u201cno surprise\u201d and is part of his wider\" \/>\n<meta name=\"robots\" content=\"index, follow, max-snippet:-1, max-image-preview:large, max-video-preview:-1\" \/>\n<link rel=\"canonical\" href=\"https:\/\/ubirataonline.com.br\/en\/women-are-brought-in-and-packaged-mar-a-lago-style\/\" \/>\n<meta property=\"og:locale\" content=\"en_US\" \/>\n<meta property=\"og:type\" content=\"article\" \/>\n<meta property=\"og:title\" content=\"\u2018Women are brought in and packaged Mar-a-Lago style\u2019\" \/>\n<meta property=\"og:description\" content=\"The wife of California Gov. Gavin Newsom said that President Donald Trump\u2019s firing of Kristi Noem and Pam Bondi was \u201cno surprise\u201d and is part of his wider\" \/>\n<meta property=\"og:url\" content=\"https:\/\/ubirataonline.com.br\/en\/women-are-brought-in-and-packaged-mar-a-lago-style\/\" \/>\n<meta property=\"og:site_name\" content=\"Ubirat\u00e3 Online Not\u00edcias - A realidade ao seu alcance!\" \/>\n<meta property=\"article:publisher\" content=\"https:\/\/www.facebook.com\/portalubirataonline\" \/>\n<meta property=\"article:author\" content=\"https:\/\/www.facebook.com\/portalubirataonline\" \/>\n<meta property=\"article:published_time\" content=\"2026-04-07T21:10:10+00:00\" \/>\n<meta property=\"article:modified_time\" content=\"2026-04-07T21:10:14+00:00\" \/>\n<meta property=\"og:image\" content=\"https:\/\/ubirataonline.com.br\/wp-content\/uploads\/2026\/04\/\u2018Women-are-brought-in-and-packaged-Mar-a-Lago-style.jpeg\" \/>\n\t<meta property=\"og:image:width\" content=\"1200\" \/>\n\t<meta property=\"og:image:height\" content=\"800\" \/>\n\t<meta property=\"og:image:type\" content=\"image\/jpeg\" \/>\n<meta name=\"author\" content=\"REDA\u00c7\u00c3O: UBIRAT\u00c3 ONLINE - F\u00c1BIO AUGUSTO CELESTINO\" \/>\n<meta name=\"twitter:card\" content=\"summary_large_image\" \/>\n<meta name=\"twitter:creator\" content=\"@x.com\/ubirataonline\" \/>\n<meta name=\"twitter:site\" content=\"@ubirataonline\" \/>\n<meta name=\"twitter:label1\" content=\"Written by\" \/>\n\t<meta name=\"twitter:data1\" content=\"REDA\u00c7\u00c3O: UBIRAT\u00c3 ONLINE - F\u00c1BIO AUGUSTO CELESTINO\" \/>\n\t<meta name=\"twitter:label2\" content=\"Est. reading time\" \/>\n\t<meta name=\"twitter:data2\" content=\"3 minutes\" \/>\n<script type=\"application\/ld+json\" class=\"yoast-schema-graph\">{\"@context\":\"https:\\\/\\\/schema.org\",\"@graph\":[{\"@type\":\"NewsArticle\",\"@id\":\"https:\\\/\\\/ubirataonline.com.br\\\/women-are-brought-in-and-packaged-mar-a-lago-style\\\/#article\",\"isPartOf\":{\"@id\":\"https:\\\/\\\/ubirataonline.com.br\\\/women-are-brought-in-and-packaged-mar-a-lago-style\\\/\"},\"author\":{\"name\":\"REDA\u00c7\u00c3O: UBIRAT\u00c3 ONLINE - F\u00c1BIO AUGUSTO CELESTINO\",\"@id\":\"https:\\\/\\\/ubirataonline.com.br\\\/#\\\/schema\\\/person\\\/372f87bbd3fdd79b8556b84c98d0bc1c\"},\"headline\":\"\u2018Women are brought in and packaged Mar-a-Lago style\u2019\",\"datePublished\":\"2026-04-07T21:10:10+00:00\",\"dateModified\":\"2026-04-07T21:10:14+00:00\",\"mainEntityOfPage\":{\"@id\":\"https:\\\/\\\/ubirataonline.com.br\\\/women-are-brought-in-and-packaged-mar-a-lago-style\\\/\"},\"wordCount\":696,\"publisher\":{\"@id\":\"https:\\\/\\\/ubirataonline.com.br\\\/#organization\"},\"image\":{\"@id\":\"https:\\\/\\\/ubirataonline.com.br\\\/women-are-brought-in-and-packaged-mar-a-lago-style\\\/#primaryimage\"},\"thumbnailUrl\":\"https:\\\/\\\/ubirataonline.com.br\\\/wp-content\\\/uploads\\\/2026\\\/04\\\/\u2018Women-are-brought-in-and-packaged-Mar-a-Lago-style.jpeg\",\"keywords\":[\"brought\",\"MaraLago\",\"packaged\",\"style\",\"women\"],\"articleSection\":[\"Europe\"],\"inLanguage\":\"en-US\",\"copyrightYear\":\"2026\",\"copyrightHolder\":{\"@id\":\"https:\\\/\\\/ubirataonline.com.br\\\/en\\\/#organization\"}},{\"@type\":\"WebPage\",\"@id\":\"https:\\\/\\\/ubirataonline.com.br\\\/women-are-brought-in-and-packaged-mar-a-lago-style\\\/\",\"url\":\"https:\\\/\\\/ubirataonline.com.br\\\/women-are-brought-in-and-packaged-mar-a-lago-style\\\/\",\"name\":\"\u2018Women are brought in and packaged Mar-a-Lago style\u2019 - Ubirat\u00e3 Online Not\u00edcias - A realidade ao seu alcance!\",\"isPartOf\":{\"@id\":\"https:\\\/\\\/ubirataonline.com.br\\\/#website\"},\"primaryImageOfPage\":{\"@id\":\"https:\\\/\\\/ubirataonline.com.br\\\/women-are-brought-in-and-packaged-mar-a-lago-style\\\/#primaryimage\"},\"image\":{\"@id\":\"https:\\\/\\\/ubirataonline.com.br\\\/women-are-brought-in-and-packaged-mar-a-lago-style\\\/#primaryimage\"},\"thumbnailUrl\":\"https:\\\/\\\/ubirataonline.com.br\\\/wp-content\\\/uploads\\\/2026\\\/04\\\/\u2018Women-are-brought-in-and-packaged-Mar-a-Lago-style.jpeg\",\"datePublished\":\"2026-04-07T21:10:10+00:00\",\"dateModified\":\"2026-04-07T21:10:14+00:00\",\"description\":\"The wife of California Gov. Gavin Newsom said that President Donald Trump\u2019s firing of Kristi Noem and Pam Bondi was \u201cno surprise\u201d and is part of his wider\",\"breadcrumb\":{\"@id\":\"https:\\\/\\\/ubirataonline.com.br\\\/women-are-brought-in-and-packaged-mar-a-lago-style\\\/#breadcrumb\"},\"inLanguage\":\"en-US\",\"potentialAction\":[{\"@type\":\"ReadAction\",\"target\":[\"https:\\\/\\\/ubirataonline.com.br\\\/women-are-brought-in-and-packaged-mar-a-lago-style\\\/\"]}]},{\"@type\":\"ImageObject\",\"inLanguage\":\"en-US\",\"@id\":\"https:\\\/\\\/ubirataonline.com.br\\\/women-are-brought-in-and-packaged-mar-a-lago-style\\\/#primaryimage\",\"url\":\"https:\\\/\\\/ubirataonline.com.br\\\/wp-content\\\/uploads\\\/2026\\\/04\\\/\u2018Women-are-brought-in-and-packaged-Mar-a-Lago-style.jpeg\",\"contentUrl\":\"https:\\\/\\\/ubirataonline.com.br\\\/wp-content\\\/uploads\\\/2026\\\/04\\\/\u2018Women-are-brought-in-and-packaged-Mar-a-Lago-style.jpeg\",\"width\":1200,\"height\":800,\"caption\":\"Gavin Newsom\u2019s wife calls out Trump\u2019s firing of Bondi and Noem: \u2018Women are brought in and packaged Mar-a-Lago style\u2019\"},{\"@type\":\"BreadcrumbList\",\"@id\":\"https:\\\/\\\/ubirataonline.com.br\\\/women-are-brought-in-and-packaged-mar-a-lago-style\\\/#breadcrumb\",\"itemListElement\":[{\"@type\":\"ListItem\",\"position\":1,\"name\":\"In\u00edcio\",\"item\":\"https:\\\/\\\/ubirataonline.com.br\\\/\"},{\"@type\":\"ListItem\",\"position\":2,\"name\":\"\u2018Women are brought in and packaged Mar-a-Lago style\u2019\"}]},{\"@type\":\"WebSite\",\"@id\":\"https:\\\/\\\/ubirataonline.com.br\\\/#website\",\"url\":\"https:\\\/\\\/ubirataonline.com.br\\\/\",\"name\":\"Ubirat\u00e3 Online Not\u00edcias\",\"description\":\"Not\u00edcias de Ubirat\u00e3, regi\u00e3o, Brasil e mundo, com informa\u00e7\u00e3o atualizada e compromisso com o leitor.\",\"publisher\":{\"@id\":\"https:\\\/\\\/ubirataonline.com.br\\\/#organization\"},\"alternateName\":\"Ubirat\u00e3 Online\",\"potentialAction\":[{\"@type\":\"SearchAction\",\"target\":{\"@type\":\"EntryPoint\",\"urlTemplate\":\"https:\\\/\\\/ubirataonline.com.br\\\/?s={search_term_string}\"},\"query-input\":{\"@type\":\"PropertyValueSpecification\",\"valueRequired\":true,\"valueName\":\"search_term_string\"}}],\"inLanguage\":\"en-US\"},{\"@type\":[\"Organization\",\"Place\"],\"@id\":\"https:\\\/\\\/ubirataonline.com.br\\\/#organization\",\"name\":\"Ubirat\u00e3 Online Not\u00edcias\",\"alternateName\":\"Ubirat\u00e3 Online\",\"url\":\"https:\\\/\\\/ubirataonline.com.br\\\/\",\"logo\":{\"@id\":\"https:\\\/\\\/ubirataonline.com.br\\\/women-are-brought-in-and-packaged-mar-a-lago-style\\\/#local-main-organization-logo\"},\"image\":{\"@id\":\"https:\\\/\\\/ubirataonline.com.br\\\/women-are-brought-in-and-packaged-mar-a-lago-style\\\/#local-main-organization-logo\"},\"sameAs\":[\"https:\\\/\\\/www.facebook.com\\\/portalubirataonline\",\"https:\\\/\\\/x.com\\\/ubirataonline\",\"https:\\\/\\\/mastodon.social\\\/@ubirataonline\",\"https:\\\/\\\/www.facebook.com\\\/groups\\\/311144672285604\",\"https:\\\/\\\/www.facebook.com\\\/UBTAOnline\",\"https:\\\/\\\/www.instagram.com\\\/portalubirataonline\\\/\",\"https:\\\/\\\/twitter.com\\\/ubirataonline\"],\"description\":\"Somos um portal de not\u00edcias independente, criado em 5 de janeiro de 2009, com o objetivo de informar, conectar e valorizar a nossa comunidade de Ubirat\u00e3 e toda aregi\u00e3o. Com conte\u00fado atualizado, confi\u00e1vel e relevante, o Ubirat\u00e3 Online \u00e9 o seu espa\u00e7o para ficar por dentro dos principais acontecimentos locais, regionais, Brasil, Mundo e de interesse geral. Nosso compromisso \u00e9 com a verdade, a transpar\u00eancia e o respeito ao leitor.\",\"legalName\":\"UBIRATA ONLINE NOT\u00cdCIAS\",\"foundingDate\":\"2009-01-05\",\"numberOfEmployees\":{\"@type\":\"QuantitativeValue\",\"minValue\":\"1\",\"maxValue\":\"10\"},\"publishingPrinciples\":\"https:\\\/\\\/ubirataonline.com.br\\\/faq\\\/\",\"address\":{\"@id\":\"https:\\\/\\\/ubirataonline.com.br\\\/women-are-brought-in-and-packaged-mar-a-lago-style\\\/#local-main-place-address\"},\"geo\":{\"@type\":\"GeoCoordinates\",\"latitude\":\"-24.5361401\",\"longitude\":\"-52.9921776\"},\"telephone\":[\"+5544998308235\"],\"contactPoint\":{\"@type\":\"ContactPoint\",\"email\":\"contato@ubirataonline.com.br\"},\"openingHoursSpecification\":{\"@type\":\"OpeningHoursSpecification\",\"dayOfWeek\":[\"Monday\",\"Tuesday\",\"Wednesday\",\"Thursday\",\"Friday\",\"Saturday\",\"Sunday\"],\"opens\":\"00:00\",\"closes\":\"23:59\"},\"email\":\"contato@ubirataonline.com.br\",\"vatID\":\"47.621.418\\\/0001-80\"},{\"@type\":\"Person\",\"@id\":\"https:\\\/\\\/ubirataonline.com.br\\\/#\\\/schema\\\/person\\\/372f87bbd3fdd79b8556b84c98d0bc1c\",\"name\":\"REDA\u00c7\u00c3O: UBIRAT\u00c3 ONLINE - F\u00c1BIO AUGUSTO CELESTINO\",\"pronouns\":\"Ele\",\"description\":\"Desde 2003 trabalhando com not\u00edcias.\",\"sameAs\":[\"http:\\\/\\\/ubirataoline.com.br\",\"https:\\\/\\\/www.facebook.com\\\/portalubirataonline\",\"https:\\\/\\\/www.instagram.com\\\/ubirataonline_oficial\",\"https:\\\/\\\/x.com\\\/x.com\\\/ubirataonline\"],\"honorificPrefix\":\"Mr.\",\"honorificSuffix\":\"MD\",\"birthDate\":\"1980-06-16\",\"gender\":\"masculino\",\"award\":[\"V\u00e1rios pr\u00eamios de melhor portal da cidade\"],\"jobTitle\":\"Diretor\",\"url\":\"https:\\\/\\\/ubirataonline.com.br\\\/en\\\/author\\\/ubirataonline\\\/\"},{\"@type\":\"PostalAddress\",\"@id\":\"https:\\\/\\\/ubirataonline.com.br\\\/women-are-brought-in-and-packaged-mar-a-lago-style\\\/#local-main-place-address\",\"streetAddress\":\"Rua dos Coqueiros, 104 - Bairro Boa Vista, Rua dos Coqueiros, 104 Bairro Boa Vista\",\"addressLocality\":\"UBIRATA\",\"postalCode\":\"85440-000\",\"addressRegion\":\"PR\",\"addressCountry\":\"BR\"},{\"@type\":\"ImageObject\",\"inLanguage\":\"en-US\",\"@id\":\"https:\\\/\\\/ubirataonline.com.br\\\/women-are-brought-in-and-packaged-mar-a-lago-style\\\/#local-main-organization-logo\",\"url\":\"https:\\\/\\\/ubirataonline.com.br\\\/wp-content\\\/uploads\\\/2026\\\/06\\\/logoubirataonline-1.webp\",\"contentUrl\":\"https:\\\/\\\/ubirataonline.com.br\\\/wp-content\\\/uploads\\\/2026\\\/06\\\/logoubirataonline-1.webp\",\"width\":500,\"height\":500,\"caption\":\"Ubirat\u00e3 Online Not\u00edcias\"}]}<\/script>\n<meta name=\"geo.placename\" content=\"UBIRATA\" \/>\n<meta name=\"geo.position\" content=\"-24.5361401;-52.9921776\" \/>\n<meta name=\"geo.region\" content=\"Brazil\" \/>\n<!-- \/ Yoast SEO Premium plugin. -->","yoast_head_json":{"title":"\u2018Women are brought in and packaged Mar-a-Lago style\u2019 - Ubirat\u00e3 Online Not\u00edcias - A realidade ao seu alcance!","description":"The wife of California Gov. Gavin Newsom said that President Donald Trump\u2019s firing of Kristi Noem and Pam Bondi was \u201cno surprise\u201d and is part of his wider","robots":{"index":"index","follow":"follow","max-snippet":"max-snippet:-1","max-image-preview":"max-image-preview:large","max-video-preview":"max-video-preview:-1"},"canonical":"https:\/\/ubirataonline.com.br\/en\/women-are-brought-in-and-packaged-mar-a-lago-style\/","og_locale":"en_US","og_type":"article","og_title":"\u2018Women are brought in and packaged Mar-a-Lago style\u2019","og_description":"The wife of California Gov. Gavin Newsom said that President Donald Trump\u2019s firing of Kristi Noem and Pam Bondi was \u201cno surprise\u201d and is part of his wider","og_url":"https:\/\/ubirataonline.com.br\/en\/women-are-brought-in-and-packaged-mar-a-lago-style\/","og_site_name":"Ubirat\u00e3 Online Not\u00edcias - A realidade ao seu alcance!","article_publisher":"https:\/\/www.facebook.com\/portalubirataonline","article_author":"https:\/\/www.facebook.com\/portalubirataonline","article_published_time":"2026-04-07T21:10:10+00:00","article_modified_time":"2026-04-07T21:10:14+00:00","og_image":[{"width":1200,"height":800,"url":"https:\/\/ubirataonline.com.br\/wp-content\/uploads\/2026\/04\/\u2018Women-are-brought-in-and-packaged-Mar-a-Lago-style.jpeg","type":"image\/jpeg"}],"author":"REDA\u00c7\u00c3O: UBIRAT\u00c3 ONLINE - F\u00c1BIO AUGUSTO CELESTINO","twitter_card":"summary_large_image","twitter_creator":"@x.com\/ubirataonline","twitter_site":"@ubirataonline","twitter_misc":{"Written by":"REDA\u00c7\u00c3O: UBIRAT\u00c3 ONLINE - F\u00c1BIO AUGUSTO CELESTINO","Est. reading time":"3 minutes"},"schema":{"@context":"https:\/\/schema.org","@graph":[{"@type":"NewsArticle","@id":"https:\/\/ubirataonline.com.br\/women-are-brought-in-and-packaged-mar-a-lago-style\/#article","isPartOf":{"@id":"https:\/\/ubirataonline.com.br\/women-are-brought-in-and-packaged-mar-a-lago-style\/"},"author":{"name":"REDA\u00c7\u00c3O: UBIRAT\u00c3 ONLINE - F\u00c1BIO AUGUSTO CELESTINO","@id":"https:\/\/ubirataonline.com.br\/#\/schema\/person\/372f87bbd3fdd79b8556b84c98d0bc1c"},"headline":"\u2018Women are brought in and packaged Mar-a-Lago style\u2019","datePublished":"2026-04-07T21:10:10+00:00","dateModified":"2026-04-07T21:10:14+00:00","mainEntityOfPage":{"@id":"https:\/\/ubirataonline.com.br\/women-are-brought-in-and-packaged-mar-a-lago-style\/"},"wordCount":696,"publisher":{"@id":"https:\/\/ubirataonline.com.br\/#organization"},"image":{"@id":"https:\/\/ubirataonline.com.br\/women-are-brought-in-and-packaged-mar-a-lago-style\/#primaryimage"},"thumbnailUrl":"https:\/\/ubirataonline.com.br\/wp-content\/uploads\/2026\/04\/\u2018Women-are-brought-in-and-packaged-Mar-a-Lago-style.jpeg","keywords":["brought","MaraLago","packaged","style","women"],"articleSection":["Europe"],"inLanguage":"en-US","copyrightYear":"2026","copyrightHolder":{"@id":"https:\/\/ubirataonline.com.br\/en\/#organization"}},{"@type":"WebPage","@id":"https:\/\/ubirataonline.com.br\/women-are-brought-in-and-packaged-mar-a-lago-style\/","url":"https:\/\/ubirataonline.com.br\/women-are-brought-in-and-packaged-mar-a-lago-style\/","name":"\u2018Women are brought in and packaged Mar-a-Lago style\u2019 - Ubirat\u00e3 Online Not\u00edcias - A realidade ao seu alcance!","isPartOf":{"@id":"https:\/\/ubirataonline.com.br\/#website"},"primaryImageOfPage":{"@id":"https:\/\/ubirataonline.com.br\/women-are-brought-in-and-packaged-mar-a-lago-style\/#primaryimage"},"image":{"@id":"https:\/\/ubirataonline.com.br\/women-are-brought-in-and-packaged-mar-a-lago-style\/#primaryimage"},"thumbnailUrl":"https:\/\/ubirataonline.com.br\/wp-content\/uploads\/2026\/04\/\u2018Women-are-brought-in-and-packaged-Mar-a-Lago-style.jpeg","datePublished":"2026-04-07T21:10:10+00:00","dateModified":"2026-04-07T21:10:14+00:00","description":"The wife of California Gov. Gavin Newsom said that President Donald Trump\u2019s firing of Kristi Noem and Pam Bondi was \u201cno surprise\u201d and is part of his wider","breadcrumb":{"@id":"https:\/\/ubirataonline.com.br\/women-are-brought-in-and-packaged-mar-a-lago-style\/#breadcrumb"},"inLanguage":"en-US","potentialAction":[{"@type":"ReadAction","target":["https:\/\/ubirataonline.com.br\/women-are-brought-in-and-packaged-mar-a-lago-style\/"]}]},{"@type":"ImageObject","inLanguage":"en-US","@id":"https:\/\/ubirataonline.com.br\/women-are-brought-in-and-packaged-mar-a-lago-style\/#primaryimage","url":"https:\/\/ubirataonline.com.br\/wp-content\/uploads\/2026\/04\/\u2018Women-are-brought-in-and-packaged-Mar-a-Lago-style.jpeg","contentUrl":"https:\/\/ubirataonline.com.br\/wp-content\/uploads\/2026\/04\/\u2018Women-are-brought-in-and-packaged-Mar-a-Lago-style.jpeg","width":1200,"height":800,"caption":"Gavin Newsom\u2019s wife calls out Trump\u2019s firing of Bondi and Noem: \u2018Women are brought in and packaged Mar-a-Lago style\u2019"},{"@type":"BreadcrumbList","@id":"https:\/\/ubirataonline.com.br\/women-are-brought-in-and-packaged-mar-a-lago-style\/#breadcrumb","itemListElement":[{"@type":"ListItem","position":1,"name":"In\u00edcio","item":"https:\/\/ubirataonline.com.br\/"},{"@type":"ListItem","position":2,"name":"\u2018Women are brought in and packaged Mar-a-Lago style\u2019"}]},{"@type":"WebSite","@id":"https:\/\/ubirataonline.com.br\/#website","url":"https:\/\/ubirataonline.com.br\/","name":"Ubirat\u00e3 Online Not\u00edcias","description":"Not\u00edcias de Ubirat\u00e3, regi\u00e3o, Brasil e mundo, com informa\u00e7\u00e3o atualizada e compromisso com o leitor.","publisher":{"@id":"https:\/\/ubirataonline.com.br\/#organization"},"alternateName":"Ubirat\u00e3 Online","potentialAction":[{"@type":"SearchAction","target":{"@type":"EntryPoint","urlTemplate":"https:\/\/ubirataonline.com.br\/?s={search_term_string}"},"query-input":{"@type":"PropertyValueSpecification","valueRequired":true,"valueName":"search_term_string"}}],"inLanguage":"en-US"},{"@type":["Organization","Place"],"@id":"https:\/\/ubirataonline.com.br\/#organization","name":"Ubirat\u00e3 Online Not\u00edcias","alternateName":"Ubirat\u00e3 Online","url":"https:\/\/ubirataonline.com.br\/","logo":{"@id":"https:\/\/ubirataonline.com.br\/women-are-brought-in-and-packaged-mar-a-lago-style\/#local-main-organization-logo"},"image":{"@id":"https:\/\/ubirataonline.com.br\/women-are-brought-in-and-packaged-mar-a-lago-style\/#local-main-organization-logo"},"sameAs":["https:\/\/www.facebook.com\/portalubirataonline","https:\/\/x.com\/ubirataonline","https:\/\/mastodon.social\/@ubirataonline","https:\/\/www.facebook.com\/groups\/311144672285604","https:\/\/www.facebook.com\/UBTAOnline","https:\/\/www.instagram.com\/portalubirataonline\/","https:\/\/twitter.com\/ubirataonline"],"description":"Somos um portal de not\u00edcias independente, criado em 5 de janeiro de 2009, com o objetivo de informar, conectar e valorizar a nossa comunidade de Ubirat\u00e3 e toda aregi\u00e3o. Com conte\u00fado atualizado, confi\u00e1vel e relevante, o Ubirat\u00e3 Online \u00e9 o seu espa\u00e7o para ficar por dentro dos principais acontecimentos locais, regionais, Brasil, Mundo e de interesse geral. Nosso compromisso \u00e9 com a verdade, a transpar\u00eancia e o respeito ao leitor.","legalName":"UBIRATA ONLINE NOT\u00cdCIAS","foundingDate":"2009-01-05","numberOfEmployees":{"@type":"QuantitativeValue","minValue":"1","maxValue":"10"},"publishingPrinciples":"https:\/\/ubirataonline.com.br\/faq\/","address":{"@id":"https:\/\/ubirataonline.com.br\/women-are-brought-in-and-packaged-mar-a-lago-style\/#local-main-place-address"},"geo":{"@type":"GeoCoordinates","latitude":"-24.5361401","longitude":"-52.9921776"},"telephone":["+5544998308235"],"contactPoint":{"@type":"ContactPoint","email":"contato@ubirataonline.com.br"},"openingHoursSpecification":{"@type":"OpeningHoursSpecification","dayOfWeek":["Monday","Tuesday","Wednesday","Thursday","Friday","Saturday","Sunday"],"opens":"00:00","closes":"23:59"},"email":"contato@ubirataonline.com.br","vatID":"47.621.418\/0001-80"},{"@type":"Person","@id":"https:\/\/ubirataonline.com.br\/#\/schema\/person\/372f87bbd3fdd79b8556b84c98d0bc1c","name":"REDA\u00c7\u00c3O: UBIRAT\u00c3 ONLINE - F\u00c1BIO AUGUSTO CELESTINO","pronouns":"Ele","description":"Desde 2003 trabalhando com not\u00edcias.","sameAs":["http:\/\/ubirataoline.com.br","https:\/\/www.facebook.com\/portalubirataonline","https:\/\/www.instagram.com\/ubirataonline_oficial","https:\/\/x.com\/x.com\/ubirataonline"],"honorificPrefix":"Mr.","honorificSuffix":"MD","birthDate":"1980-06-16","gender":"masculino","award":["V\u00e1rios pr\u00eamios de melhor portal da cidade"],"jobTitle":"Diretor","url":"https:\/\/ubirataonline.com.br\/en\/author\/ubirataonline\/"},{"@type":"PostalAddress","@id":"https:\/\/ubirataonline.com.br\/women-are-brought-in-and-packaged-mar-a-lago-style\/#local-main-place-address","streetAddress":"Rua dos Coqueiros, 104 - Bairro Boa Vista, Rua dos Coqueiros, 104 Bairro Boa Vista","addressLocality":"UBIRATA","postalCode":"85440-000","addressRegion":"PR","addressCountry":"BR"},{"@type":"ImageObject","inLanguage":"en-US","@id":"https:\/\/ubirataonline.com.br\/women-are-brought-in-and-packaged-mar-a-lago-style\/#local-main-organization-logo","url":"https:\/\/ubirataonline.com.br\/wp-content\/uploads\/2026\/06\/logoubirataonline-1.webp","contentUrl":"https:\/\/ubirataonline.com.br\/wp-content\/uploads\/2026\/06\/logoubirataonline-1.webp","width":500,"height":500,"caption":"Ubirat\u00e3 Online Not\u00edcias"}]},"geo.placename":"UBIRATA","geo.position":{"lat":"-24.5361401","long":"-52.9921776"},"geo.region":"Brazil"},"_links":{"self":[{"href":"https:\/\/ubirataonline.com.br\/en\/wp-json\/wp\/v2\/posts\/100602","targetHints":{"allow":["GET"]}}],"collection":[{"href":"https:\/\/ubirataonline.com.br\/en\/wp-json\/wp\/v2\/posts"}],"about":[{"href":"https:\/\/ubirataonline.com.br\/en\/wp-json\/wp\/v2\/types\/post"}],"author":[{"embeddable":true,"href":"https:\/\/ubirataonline.com.br\/en\/wp-json\/wp\/v2\/users\/1"}],"replies":[{"embeddable":true,"href":"https:\/\/ubirataonline.com.br\/en\/wp-json\/wp\/v2\/comments?post=100602"}],"version-history":[{"count":0,"href":"https:\/\/ubirataonline.com.br\/en\/wp-json\/wp\/v2\/posts\/100602\/revisions"}],"wp:featuredmedia":[{"embeddable":true,"href":"https:\/\/ubirataonline.com.br\/en\/wp-json\/wp\/v2\/media\/100603"}],"wp:attachment":[{"href":"https:\/\/ubirataonline.com.br\/en\/wp-json\/wp\/v2\/media?parent=100602"}],"wp:term":[{"taxonomy":"category","embeddable":true,"href":"https:\/\/ubirataonline.com.br\/en\/wp-json\/wp\/v2\/categories?post=100602"},{"taxonomy":"post_tag","embeddable":true,"href":"https:\/\/ubirataonline.com.br\/en\/wp-json\/wp\/v2\/tags?post=100602"}],"curies":[{"name":"wp","href":"https:\/\/api.w.org\/{rel}","templated":true}]}}