{"id":100608,"date":"2026-04-07T18:21:57","date_gmt":"2026-04-07T21:21:57","guid":{"rendered":"https:\/\/ubirataonline.com.br\/e-o-clube-dos-meus-sonhos-vinicius-vai-renovar-com-o-real-madrid-na-altura-certa\/"},"modified":"2026-04-07T18:22:03","modified_gmt":"2026-04-07T21:22:03","slug":"e-o-clube-dos-meus-sonhos-vinicius-vai-renovar-com-o-real-madrid-na-altura-certa","status":"publish","type":"post","link":"https:\/\/ubirataonline.com.br\/en\/e-o-clube-dos-meus-sonhos-vinicius-vai-renovar-com-o-real-madrid-na-altura-certa\/","title":{"rendered":"&#8216;\u00c9 o clube dos meus sonhos&#8217; \u2013 Vin\u00edcius vai renovar com o Real Madrid na altura certa"},"content":{"rendered":"<p><br \/>\n<\/p>\n<div>\n<p>Vin\u00edcius J\u00fanior revelou que pretende assinar um novo contrato com o Real Madrid &#8220;na altura certa&#8221;, manifestando o desejo de continuar no clube &#8220;durante muitos anos&#8221;.\u00a0<\/p>\n<p>Vin\u00edcius tem estado em grande forma desde o in\u00edcio do ano, com 12 golos em 20 jogos em todas as competi\u00e7\u00f5es, o melhor registo de qualquer jogador da LaLiga em 2026 (a par de Raphinha).\u00a0<\/p>\n<p>As 26\u00a0participa\u00e7\u00f5es em golos do jogador de 25\u00a0anos s\u00e3o tamb\u00e9m apenas superadas pelas 43\u00a0de Kylian Mbapp\u00e9 pelos &#8216;merengues&#8217; esta \u00e9poca desde o Mundial de Clubes, embora Vin\u00edcius tenha sentido dificuldades numa fase inicial da temporada.\u00a0<\/p>\n<p>Durante a passagem de Xabi Alonso pelo clube, o brasileiro somou apenas sete\u00a0golos e oito assist\u00eancias em 33\u00a0jogos em todas as competi\u00e7\u00f5es, 29\u00a0dos quais como titular.\u00a0<\/p>\n<p>Isso fez com que o seu futuro em Madrid fosse colocado em causa, com o contrato a terminar em junho de 2027, mas ele renasceu como jogador sob o comando de \u00c1lvaro Arbeloa.\u00a0<\/p>\n<p>&#8220;Espero poder ficar aqui por muito tempo&#8221;, disse Vin\u00edcius aos jornalistas\u00a0quando questionado sobre a situa\u00e7\u00e3o contratual antes do duelo com o Bayern Munique nos quartos de final da Liga dos Campe\u00f5es.<\/p>\n<p>&#8220;Ainda tenho mais um ano, estamos tranquilos. Tenho a confian\u00e7a do presidente [Florentino P\u00e9rez] e estamos tranquilos quanto ao que queremos.<\/p>\n<p>&#8220;Na altura certa, vamos renovar, e vou ficar c\u00e1 por muito tempo. \u00c9 o clube dos meus sonhos. Estou feliz aqui e quero estar aqui durante muitos anos.&#8221;<\/p>\n<p>Desde que chegou ao clube proveniente do Flamengo, em 2018, Vin\u00edcius tem sido uma pe\u00e7a-chave do plantel do Madrid, ajudando a conquistar 14 t\u00edtulos de relevo, entre os quais duas Ligas dos Campe\u00f5es.\u00a0<\/p>\n<p>Al\u00e9m disso, apenas Karim Benzema (215) registou mais participa\u00e7\u00f5es em golos do que as 207 de Vin\u00edcius nesse per\u00edodo, sendo tamb\u00e9m o l\u00edder em dribles conclu\u00eddos (905) e oportunidades criadas (575) entre os jogadores da LaLiga ao longo desses oito anos.\u00a0<\/p>\n<p>No entanto, perdeu o estatuto de titular praticamente indiscut\u00edvel com Alonso na primeira metade da \u00e9poca 2025-26.\u00a0<\/p>\n<p>Vin\u00edcius chegou mesmo a ser assobiado pelos adeptos depois da sa\u00edda de Alonso, embora tenha sido noticiado que foi um dos jogadores mais experientes descontentes com o estilo de gest\u00e3o do antigo treinador do Bayer Leverkusen.\u00a0<\/p>\n<p>&#8220;Foi um momento dif\u00edcil&#8221;, acrescentou Vin\u00edcius. &#8220;Fizemos muitos jogos, mas eu tinha poucos minutos. Cada treinador tem os seus m\u00e9todos; eu n\u00e3o consegui encaixar no que [Alonso] pretendia.<\/p>\n<p>&#8220;Foi um momento de aprendizagem, aprendi muito, os jogadores ajudaram-me bastante. Pude refletir muito, melhorar como pessoa, e tenho uma liga\u00e7\u00e3o fant\u00e1stica com o Arbeloa.&#8221;<\/p>\n<p><i>Esta \u00e9 uma tradu\u00e7\u00e3o autom\u00e1tica e pode conter pequenas imprecis\u00f5es.<\/i><\/p>\n<\/div>\n<p><br \/>\n<br \/><a href=\"https:\/\/www.fotmob.com\/pt-BR\/news\/11ltq31z2w0oh1oqa2ke70n677_pt-BR-e-o-clube-dos-meus-sonhos-vinicius-vai-assinar-renovacao-com-o-real-madrid-na-hora-certa\">Source link <\/a><\/p>\n","protected":false},"excerpt":{"rendered":"<p>Vin\u00edcius J\u00fanior revelou que pretende assinar um novo contrato com o Real Madrid &#8220;na altura certa&#8221;, manifestando o desejo de continuar no clube &#8220;durante muitos anos&#8221;.\u00a0 Vin\u00edcius tem estado em grande forma desde o in\u00edcio do ano, com 12 golos em 20 jogos em todas as competi\u00e7\u00f5es, o melhor registo de qualquer jogador da LaLiga [&hellip;]<\/p>\n","protected":false},"author":1,"featured_media":100609,"comment_status":"closed","ping_status":"","sticky":false,"template":"","format":"standard","meta":{"googlesitekit_rrm_CAow2JLhCw:productID":"","_gspb_post_css":"","maa_idioma":"","maa_pais":"","footnotes":""},"categories":[1],"tags":[11380,6310,4615,3113,4677,17475,2969,13851,7092,3346,22550],"class_list":["post-100608","post","type-post","status-publish","format-standard","has-post-thumbnail","hentry","category-ubirata","tag-altura","tag-certa","tag-clube","tag-dos","tag-madrid","tag-meus","tag-real","tag-renovar","tag-sonhos","tag-vai","tag-vinicius"],"blocksy_meta":[],"yoast_head":"<!-- This site is optimized with the Yoast SEO Premium plugin v27.6 (Yoast SEO v27.6) - https:\/\/yoast.com\/product\/yoast-seo-premium-wordpress\/ -->\n<title>&#039;\u00c9 o clube dos meus sonhos&#039; \u2013 Vin\u00edcius vai renovar com o Real Madrid na altura certa - Ubirat\u00e3 Online Not\u00edcias - A realidade ao seu alcance!<\/title>\n<meta name=\"description\" content=\"Vin\u00edcius J\u00fanior revelou que pretende assinar um novo contrato com o Real Madrid &quot;na altura certa&quot;, manifestando o desejo de continuar no clube &quot;durante\" \/>\n<meta name=\"robots\" content=\"index, follow, max-snippet:-1, max-image-preview:large, max-video-preview:-1\" \/>\n<link rel=\"canonical\" href=\"https:\/\/ubirataonline.com.br\/en\/e-o-clube-dos-meus-sonhos-vinicius-vai-renovar-com-o-real-madrid-na-altura-certa\/\" \/>\n<meta property=\"og:locale\" content=\"en_US\" \/>\n<meta property=\"og:type\" content=\"article\" \/>\n<meta property=\"og:title\" content=\"&#039;\u00c9 o clube dos meus sonhos&#039; \u2013 Vin\u00edcius vai renovar com o Real Madrid na altura certa\" \/>\n<meta property=\"og:description\" content=\"Vin\u00edcius J\u00fanior revelou que pretende assinar um novo contrato com o Real Madrid &quot;na altura certa&quot;, manifestando o desejo de continuar no clube &quot;durante\" \/>\n<meta property=\"og:url\" content=\"https:\/\/ubirataonline.com.br\/en\/e-o-clube-dos-meus-sonhos-vinicius-vai-renovar-com-o-real-madrid-na-altura-certa\/\" \/>\n<meta property=\"og:site_name\" content=\"Ubirat\u00e3 Online Not\u00edcias - A realidade ao seu alcance!\" \/>\n<meta property=\"article:publisher\" content=\"https:\/\/www.facebook.com\/portalubirataonline\" \/>\n<meta property=\"article:author\" content=\"https:\/\/www.facebook.com\/portalubirataonline\" \/>\n<meta property=\"article:published_time\" content=\"2026-04-07T21:21:57+00:00\" \/>\n<meta property=\"article:modified_time\" content=\"2026-04-07T21:22:03+00:00\" \/>\n<meta property=\"og:image\" content=\"https:\/\/ubirataonline.com.br\/wp-content\/uploads\/2026\/04\/E-o-clube-dos-meus-sonhos-\u2013-Vinicius-vai-renovar.png\" \/>\n\t<meta property=\"og:image:width\" content=\"1200\" \/>\n\t<meta property=\"og:image:height\" content=\"630\" \/>\n\t<meta property=\"og:image:type\" content=\"image\/png\" \/>\n<meta name=\"author\" content=\"REDA\u00c7\u00c3O: UBIRAT\u00c3 ONLINE - F\u00c1BIO AUGUSTO CELESTINO\" \/>\n<meta name=\"twitter:card\" content=\"summary_large_image\" \/>\n<meta name=\"twitter:creator\" content=\"@x.com\/ubirataonline\" \/>\n<meta name=\"twitter:site\" content=\"@ubirataonline\" \/>\n<meta name=\"twitter:label1\" content=\"Written by\" \/>\n\t<meta name=\"twitter:data1\" content=\"REDA\u00c7\u00c3O: UBIRAT\u00c3 ONLINE - F\u00c1BIO AUGUSTO CELESTINO\" \/>\n\t<meta name=\"twitter:label2\" content=\"Est. reading time\" \/>\n\t<meta name=\"twitter:data2\" content=\"2 minutes\" \/>\n<script type=\"application\/ld+json\" class=\"yoast-schema-graph\">{\"@context\":\"https:\\\/\\\/schema.org\",\"@graph\":[{\"@type\":\"NewsArticle\",\"@id\":\"https:\\\/\\\/ubirataonline.com.br\\\/e-o-clube-dos-meus-sonhos-vinicius-vai-renovar-com-o-real-madrid-na-altura-certa\\\/#article\",\"isPartOf\":{\"@id\":\"https:\\\/\\\/ubirataonline.com.br\\\/e-o-clube-dos-meus-sonhos-vinicius-vai-renovar-com-o-real-madrid-na-altura-certa\\\/\"},\"author\":{\"name\":\"REDA\u00c7\u00c3O: UBIRAT\u00c3 ONLINE - F\u00c1BIO AUGUSTO CELESTINO\",\"@id\":\"https:\\\/\\\/ubirataonline.com.br\\\/#\\\/schema\\\/person\\\/372f87bbd3fdd79b8556b84c98d0bc1c\"},\"headline\":\"&#8216;\u00c9 o clube dos meus sonhos&#8217; \u2013 Vin\u00edcius vai renovar com o Real Madrid na altura certa\",\"datePublished\":\"2026-04-07T21:21:57+00:00\",\"dateModified\":\"2026-04-07T21:22:03+00:00\",\"mainEntityOfPage\":{\"@id\":\"https:\\\/\\\/ubirataonline.com.br\\\/e-o-clube-dos-meus-sonhos-vinicius-vai-renovar-com-o-real-madrid-na-altura-certa\\\/\"},\"wordCount\":475,\"publisher\":{\"@id\":\"https:\\\/\\\/ubirataonline.com.br\\\/#organization\"},\"image\":{\"@id\":\"https:\\\/\\\/ubirataonline.com.br\\\/e-o-clube-dos-meus-sonhos-vinicius-vai-renovar-com-o-real-madrid-na-altura-certa\\\/#primaryimage\"},\"thumbnailUrl\":\"https:\\\/\\\/ubirataonline.com.br\\\/wp-content\\\/uploads\\\/2026\\\/04\\\/E-o-clube-dos-meus-sonhos-\u2013-Vinicius-vai-renovar.png\",\"keywords\":[\"altura\",\"Certa\",\"Clube\",\"dos\",\"Madrid\",\"meus\",\"real\",\"renovar\",\"Sonhos\",\"vai\",\"Vinicius\"],\"articleSection\":[\"Ubirat\u00e3\"],\"inLanguage\":\"en-US\",\"copyrightYear\":\"2026\",\"copyrightHolder\":{\"@id\":\"https:\\\/\\\/ubirataonline.com.br\\\/en\\\/#organization\"}},{\"@type\":\"WebPage\",\"@id\":\"https:\\\/\\\/ubirataonline.com.br\\\/e-o-clube-dos-meus-sonhos-vinicius-vai-renovar-com-o-real-madrid-na-altura-certa\\\/\",\"url\":\"https:\\\/\\\/ubirataonline.com.br\\\/e-o-clube-dos-meus-sonhos-vinicius-vai-renovar-com-o-real-madrid-na-altura-certa\\\/\",\"name\":\"'\u00c9 o clube dos meus sonhos' \u2013 Vin\u00edcius vai renovar com o Real Madrid na altura certa - Ubirat\u00e3 Online Not\u00edcias - A realidade ao seu alcance!\",\"isPartOf\":{\"@id\":\"https:\\\/\\\/ubirataonline.com.br\\\/#website\"},\"primaryImageOfPage\":{\"@id\":\"https:\\\/\\\/ubirataonline.com.br\\\/e-o-clube-dos-meus-sonhos-vinicius-vai-renovar-com-o-real-madrid-na-altura-certa\\\/#primaryimage\"},\"image\":{\"@id\":\"https:\\\/\\\/ubirataonline.com.br\\\/e-o-clube-dos-meus-sonhos-vinicius-vai-renovar-com-o-real-madrid-na-altura-certa\\\/#primaryimage\"},\"thumbnailUrl\":\"https:\\\/\\\/ubirataonline.com.br\\\/wp-content\\\/uploads\\\/2026\\\/04\\\/E-o-clube-dos-meus-sonhos-\u2013-Vinicius-vai-renovar.png\",\"datePublished\":\"2026-04-07T21:21:57+00:00\",\"dateModified\":\"2026-04-07T21:22:03+00:00\",\"description\":\"Vin\u00edcius J\u00fanior revelou que pretende assinar um novo contrato com o Real Madrid \\\"na altura certa\\\", manifestando o desejo de continuar no clube \\\"durante\",\"breadcrumb\":{\"@id\":\"https:\\\/\\\/ubirataonline.com.br\\\/e-o-clube-dos-meus-sonhos-vinicius-vai-renovar-com-o-real-madrid-na-altura-certa\\\/#breadcrumb\"},\"inLanguage\":\"en-US\",\"potentialAction\":[{\"@type\":\"ReadAction\",\"target\":[\"https:\\\/\\\/ubirataonline.com.br\\\/e-o-clube-dos-meus-sonhos-vinicius-vai-renovar-com-o-real-madrid-na-altura-certa\\\/\"]}]},{\"@type\":\"ImageObject\",\"inLanguage\":\"en-US\",\"@id\":\"https:\\\/\\\/ubirataonline.com.br\\\/e-o-clube-dos-meus-sonhos-vinicius-vai-renovar-com-o-real-madrid-na-altura-certa\\\/#primaryimage\",\"url\":\"https:\\\/\\\/ubirataonline.com.br\\\/wp-content\\\/uploads\\\/2026\\\/04\\\/E-o-clube-dos-meus-sonhos-\u2013-Vinicius-vai-renovar.png\",\"contentUrl\":\"https:\\\/\\\/ubirataonline.com.br\\\/wp-content\\\/uploads\\\/2026\\\/04\\\/E-o-clube-dos-meus-sonhos-\u2013-Vinicius-vai-renovar.png\",\"width\":1200,\"height\":630,\"caption\":\"'\u00c9 o clube dos meus sonhos' \u2013 Vin\u00edcius vai renovar com o Real Madrid na altura certa\"},{\"@type\":\"BreadcrumbList\",\"@id\":\"https:\\\/\\\/ubirataonline.com.br\\\/e-o-clube-dos-meus-sonhos-vinicius-vai-renovar-com-o-real-madrid-na-altura-certa\\\/#breadcrumb\",\"itemListElement\":[{\"@type\":\"ListItem\",\"position\":1,\"name\":\"In\u00edcio\",\"item\":\"https:\\\/\\\/ubirataonline.com.br\\\/\"},{\"@type\":\"ListItem\",\"position\":2,\"name\":\"&#8216;\u00c9 o clube dos meus sonhos&#8217; \u2013 Vin\u00edcius vai renovar com o Real Madrid na altura certa\"}]},{\"@type\":\"WebSite\",\"@id\":\"https:\\\/\\\/ubirataonline.com.br\\\/#website\",\"url\":\"https:\\\/\\\/ubirataonline.com.br\\\/\",\"name\":\"Ubirat\u00e3 Online Not\u00edcias\",\"description\":\"Not\u00edcias de Ubirat\u00e3, regi\u00e3o, Brasil e mundo, com informa\u00e7\u00e3o atualizada e compromisso com o leitor.\",\"publisher\":{\"@id\":\"https:\\\/\\\/ubirataonline.com.br\\\/#organization\"},\"alternateName\":\"Ubirat\u00e3 Online\",\"potentialAction\":[{\"@type\":\"SearchAction\",\"target\":{\"@type\":\"EntryPoint\",\"urlTemplate\":\"https:\\\/\\\/ubirataonline.com.br\\\/?s={search_term_string}\"},\"query-input\":{\"@type\":\"PropertyValueSpecification\",\"valueRequired\":true,\"valueName\":\"search_term_string\"}}],\"inLanguage\":\"en-US\"},{\"@type\":[\"Organization\",\"Place\"],\"@id\":\"https:\\\/\\\/ubirataonline.com.br\\\/#organization\",\"name\":\"Ubirat\u00e3 Online Not\u00edcias\",\"alternateName\":\"Ubirat\u00e3 Online\",\"url\":\"https:\\\/\\\/ubirataonline.com.br\\\/\",\"logo\":{\"@id\":\"https:\\\/\\\/ubirataonline.com.br\\\/e-o-clube-dos-meus-sonhos-vinicius-vai-renovar-com-o-real-madrid-na-altura-certa\\\/#local-main-organization-logo\"},\"image\":{\"@id\":\"https:\\\/\\\/ubirataonline.com.br\\\/e-o-clube-dos-meus-sonhos-vinicius-vai-renovar-com-o-real-madrid-na-altura-certa\\\/#local-main-organization-logo\"},\"sameAs\":[\"https:\\\/\\\/www.facebook.com\\\/portalubirataonline\",\"https:\\\/\\\/x.com\\\/ubirataonline\",\"https:\\\/\\\/mastodon.social\\\/@ubirataonline\",\"https:\\\/\\\/www.facebook.com\\\/groups\\\/311144672285604\",\"https:\\\/\\\/www.facebook.com\\\/UBTAOnline\",\"https:\\\/\\\/www.instagram.com\\\/portalubirataonline\\\/\",\"https:\\\/\\\/twitter.com\\\/ubirataonline\"],\"description\":\"Somos um portal de not\u00edcias independente, criado em 5 de janeiro de 2009, com o objetivo de informar, conectar e valorizar a nossa comunidade de Ubirat\u00e3 e toda aregi\u00e3o. Com conte\u00fado atualizado, confi\u00e1vel e relevante, o Ubirat\u00e3 Online \u00e9 o seu espa\u00e7o para ficar por dentro dos principais acontecimentos locais, regionais, Brasil, Mundo e de interesse geral. Nosso compromisso \u00e9 com a verdade, a transpar\u00eancia e o respeito ao leitor.\",\"legalName\":\"UBIRATA ONLINE NOT\u00cdCIAS\",\"foundingDate\":\"2009-01-05\",\"numberOfEmployees\":{\"@type\":\"QuantitativeValue\",\"minValue\":\"1\",\"maxValue\":\"10\"},\"publishingPrinciples\":\"https:\\\/\\\/ubirataonline.com.br\\\/faq\\\/\",\"address\":{\"@id\":\"https:\\\/\\\/ubirataonline.com.br\\\/e-o-clube-dos-meus-sonhos-vinicius-vai-renovar-com-o-real-madrid-na-altura-certa\\\/#local-main-place-address\"},\"geo\":{\"@type\":\"GeoCoordinates\",\"latitude\":\"-24.5361401\",\"longitude\":\"-52.9921776\"},\"telephone\":[\"+5544998308235\"],\"contactPoint\":{\"@type\":\"ContactPoint\",\"email\":\"contato@ubirataonline.com.br\"},\"openingHoursSpecification\":{\"@type\":\"OpeningHoursSpecification\",\"dayOfWeek\":[\"Monday\",\"Tuesday\",\"Wednesday\",\"Thursday\",\"Friday\",\"Saturday\",\"Sunday\"],\"opens\":\"00:00\",\"closes\":\"23:59\"},\"email\":\"contato@ubirataonline.com.br\",\"vatID\":\"47.621.418\\\/0001-80\"},{\"@type\":\"Person\",\"@id\":\"https:\\\/\\\/ubirataonline.com.br\\\/#\\\/schema\\\/person\\\/372f87bbd3fdd79b8556b84c98d0bc1c\",\"name\":\"REDA\u00c7\u00c3O: UBIRAT\u00c3 ONLINE - F\u00c1BIO AUGUSTO CELESTINO\",\"pronouns\":\"Ele\",\"description\":\"Desde 2003 trabalhando com not\u00edcias.\",\"sameAs\":[\"http:\\\/\\\/ubirataoline.com.br\",\"https:\\\/\\\/www.facebook.com\\\/portalubirataonline\",\"https:\\\/\\\/www.instagram.com\\\/ubirataonline_oficial\",\"https:\\\/\\\/x.com\\\/x.com\\\/ubirataonline\"],\"honorificPrefix\":\"Mr.\",\"honorificSuffix\":\"MD\",\"birthDate\":\"1980-06-16\",\"gender\":\"masculino\",\"award\":[\"V\u00e1rios pr\u00eamios de melhor portal da cidade\"],\"jobTitle\":\"Diretor\",\"url\":\"https:\\\/\\\/ubirataonline.com.br\\\/en\\\/author\\\/ubirataonline\\\/\"},{\"@type\":\"PostalAddress\",\"@id\":\"https:\\\/\\\/ubirataonline.com.br\\\/e-o-clube-dos-meus-sonhos-vinicius-vai-renovar-com-o-real-madrid-na-altura-certa\\\/#local-main-place-address\",\"streetAddress\":\"Rua dos Coqueiros, 104 - Bairro Boa Vista, Rua dos Coqueiros, 104 Bairro Boa Vista\",\"addressLocality\":\"UBIRATA\",\"postalCode\":\"85440-000\",\"addressRegion\":\"PR\",\"addressCountry\":\"BR\"},{\"@type\":\"ImageObject\",\"inLanguage\":\"en-US\",\"@id\":\"https:\\\/\\\/ubirataonline.com.br\\\/e-o-clube-dos-meus-sonhos-vinicius-vai-renovar-com-o-real-madrid-na-altura-certa\\\/#local-main-organization-logo\",\"url\":\"https:\\\/\\\/ubirataonline.com.br\\\/wp-content\\\/uploads\\\/2026\\\/06\\\/logoubirataonline-1.webp\",\"contentUrl\":\"https:\\\/\\\/ubirataonline.com.br\\\/wp-content\\\/uploads\\\/2026\\\/06\\\/logoubirataonline-1.webp\",\"width\":500,\"height\":500,\"caption\":\"Ubirat\u00e3 Online Not\u00edcias\"}]}<\/script>\n<meta name=\"geo.placename\" content=\"UBIRATA\" \/>\n<meta name=\"geo.position\" content=\"-24.5361401;-52.9921776\" \/>\n<meta name=\"geo.region\" content=\"Brazil\" \/>\n<!-- \/ Yoast SEO Premium plugin. -->","yoast_head_json":{"title":"'\u00c9 o clube dos meus sonhos' \u2013 Vin\u00edcius vai renovar com o Real Madrid na altura certa - Ubirat\u00e3 Online Not\u00edcias - A realidade ao seu alcance!","description":"Vin\u00edcius J\u00fanior revelou que pretende assinar um novo contrato com o Real Madrid \"na altura certa\", manifestando o desejo de continuar no clube \"durante","robots":{"index":"index","follow":"follow","max-snippet":"max-snippet:-1","max-image-preview":"max-image-preview:large","max-video-preview":"max-video-preview:-1"},"canonical":"https:\/\/ubirataonline.com.br\/en\/e-o-clube-dos-meus-sonhos-vinicius-vai-renovar-com-o-real-madrid-na-altura-certa\/","og_locale":"en_US","og_type":"article","og_title":"'\u00c9 o clube dos meus sonhos' \u2013 Vin\u00edcius vai renovar com o Real Madrid na altura certa","og_description":"Vin\u00edcius J\u00fanior revelou que pretende assinar um novo contrato com o Real Madrid \"na altura certa\", manifestando o desejo de continuar no clube \"durante","og_url":"https:\/\/ubirataonline.com.br\/en\/e-o-clube-dos-meus-sonhos-vinicius-vai-renovar-com-o-real-madrid-na-altura-certa\/","og_site_name":"Ubirat\u00e3 Online Not\u00edcias - A realidade ao seu alcance!","article_publisher":"https:\/\/www.facebook.com\/portalubirataonline","article_author":"https:\/\/www.facebook.com\/portalubirataonline","article_published_time":"2026-04-07T21:21:57+00:00","article_modified_time":"2026-04-07T21:22:03+00:00","og_image":[{"width":1200,"height":630,"url":"https:\/\/ubirataonline.com.br\/wp-content\/uploads\/2026\/04\/E-o-clube-dos-meus-sonhos-\u2013-Vinicius-vai-renovar.png","type":"image\/png"}],"author":"REDA\u00c7\u00c3O: UBIRAT\u00c3 ONLINE - F\u00c1BIO AUGUSTO CELESTINO","twitter_card":"summary_large_image","twitter_creator":"@x.com\/ubirataonline","twitter_site":"@ubirataonline","twitter_misc":{"Written by":"REDA\u00c7\u00c3O: UBIRAT\u00c3 ONLINE - F\u00c1BIO AUGUSTO CELESTINO","Est. reading time":"2 minutes"},"schema":{"@context":"https:\/\/schema.org","@graph":[{"@type":"NewsArticle","@id":"https:\/\/ubirataonline.com.br\/e-o-clube-dos-meus-sonhos-vinicius-vai-renovar-com-o-real-madrid-na-altura-certa\/#article","isPartOf":{"@id":"https:\/\/ubirataonline.com.br\/e-o-clube-dos-meus-sonhos-vinicius-vai-renovar-com-o-real-madrid-na-altura-certa\/"},"author":{"name":"REDA\u00c7\u00c3O: UBIRAT\u00c3 ONLINE - F\u00c1BIO AUGUSTO CELESTINO","@id":"https:\/\/ubirataonline.com.br\/#\/schema\/person\/372f87bbd3fdd79b8556b84c98d0bc1c"},"headline":"&#8216;\u00c9 o clube dos meus sonhos&#8217; \u2013 Vin\u00edcius vai renovar com o Real Madrid na altura certa","datePublished":"2026-04-07T21:21:57+00:00","dateModified":"2026-04-07T21:22:03+00:00","mainEntityOfPage":{"@id":"https:\/\/ubirataonline.com.br\/e-o-clube-dos-meus-sonhos-vinicius-vai-renovar-com-o-real-madrid-na-altura-certa\/"},"wordCount":475,"publisher":{"@id":"https:\/\/ubirataonline.com.br\/#organization"},"image":{"@id":"https:\/\/ubirataonline.com.br\/e-o-clube-dos-meus-sonhos-vinicius-vai-renovar-com-o-real-madrid-na-altura-certa\/#primaryimage"},"thumbnailUrl":"https:\/\/ubirataonline.com.br\/wp-content\/uploads\/2026\/04\/E-o-clube-dos-meus-sonhos-\u2013-Vinicius-vai-renovar.png","keywords":["altura","Certa","Clube","dos","Madrid","meus","real","renovar","Sonhos","vai","Vinicius"],"articleSection":["Ubirat\u00e3"],"inLanguage":"en-US","copyrightYear":"2026","copyrightHolder":{"@id":"https:\/\/ubirataonline.com.br\/en\/#organization"}},{"@type":"WebPage","@id":"https:\/\/ubirataonline.com.br\/e-o-clube-dos-meus-sonhos-vinicius-vai-renovar-com-o-real-madrid-na-altura-certa\/","url":"https:\/\/ubirataonline.com.br\/e-o-clube-dos-meus-sonhos-vinicius-vai-renovar-com-o-real-madrid-na-altura-certa\/","name":"'\u00c9 o clube dos meus sonhos' \u2013 Vin\u00edcius vai renovar com o Real Madrid na altura certa - Ubirat\u00e3 Online Not\u00edcias - A realidade ao seu alcance!","isPartOf":{"@id":"https:\/\/ubirataonline.com.br\/#website"},"primaryImageOfPage":{"@id":"https:\/\/ubirataonline.com.br\/e-o-clube-dos-meus-sonhos-vinicius-vai-renovar-com-o-real-madrid-na-altura-certa\/#primaryimage"},"image":{"@id":"https:\/\/ubirataonline.com.br\/e-o-clube-dos-meus-sonhos-vinicius-vai-renovar-com-o-real-madrid-na-altura-certa\/#primaryimage"},"thumbnailUrl":"https:\/\/ubirataonline.com.br\/wp-content\/uploads\/2026\/04\/E-o-clube-dos-meus-sonhos-\u2013-Vinicius-vai-renovar.png","datePublished":"2026-04-07T21:21:57+00:00","dateModified":"2026-04-07T21:22:03+00:00","description":"Vin\u00edcius J\u00fanior revelou que pretende assinar um novo contrato com o Real Madrid \"na altura certa\", manifestando o desejo de continuar no clube \"durante","breadcrumb":{"@id":"https:\/\/ubirataonline.com.br\/e-o-clube-dos-meus-sonhos-vinicius-vai-renovar-com-o-real-madrid-na-altura-certa\/#breadcrumb"},"inLanguage":"en-US","potentialAction":[{"@type":"ReadAction","target":["https:\/\/ubirataonline.com.br\/e-o-clube-dos-meus-sonhos-vinicius-vai-renovar-com-o-real-madrid-na-altura-certa\/"]}]},{"@type":"ImageObject","inLanguage":"en-US","@id":"https:\/\/ubirataonline.com.br\/e-o-clube-dos-meus-sonhos-vinicius-vai-renovar-com-o-real-madrid-na-altura-certa\/#primaryimage","url":"https:\/\/ubirataonline.com.br\/wp-content\/uploads\/2026\/04\/E-o-clube-dos-meus-sonhos-\u2013-Vinicius-vai-renovar.png","contentUrl":"https:\/\/ubirataonline.com.br\/wp-content\/uploads\/2026\/04\/E-o-clube-dos-meus-sonhos-\u2013-Vinicius-vai-renovar.png","width":1200,"height":630,"caption":"'\u00c9 o clube dos meus sonhos' \u2013 Vin\u00edcius vai renovar com o Real Madrid na altura certa"},{"@type":"BreadcrumbList","@id":"https:\/\/ubirataonline.com.br\/e-o-clube-dos-meus-sonhos-vinicius-vai-renovar-com-o-real-madrid-na-altura-certa\/#breadcrumb","itemListElement":[{"@type":"ListItem","position":1,"name":"In\u00edcio","item":"https:\/\/ubirataonline.com.br\/"},{"@type":"ListItem","position":2,"name":"&#8216;\u00c9 o clube dos meus sonhos&#8217; \u2013 Vin\u00edcius vai renovar com o Real Madrid na altura certa"}]},{"@type":"WebSite","@id":"https:\/\/ubirataonline.com.br\/#website","url":"https:\/\/ubirataonline.com.br\/","name":"Ubirat\u00e3 Online Not\u00edcias","description":"Not\u00edcias de Ubirat\u00e3, regi\u00e3o, Brasil e mundo, com informa\u00e7\u00e3o atualizada e compromisso com o leitor.","publisher":{"@id":"https:\/\/ubirataonline.com.br\/#organization"},"alternateName":"Ubirat\u00e3 Online","potentialAction":[{"@type":"SearchAction","target":{"@type":"EntryPoint","urlTemplate":"https:\/\/ubirataonline.com.br\/?s={search_term_string}"},"query-input":{"@type":"PropertyValueSpecification","valueRequired":true,"valueName":"search_term_string"}}],"inLanguage":"en-US"},{"@type":["Organization","Place"],"@id":"https:\/\/ubirataonline.com.br\/#organization","name":"Ubirat\u00e3 Online Not\u00edcias","alternateName":"Ubirat\u00e3 Online","url":"https:\/\/ubirataonline.com.br\/","logo":{"@id":"https:\/\/ubirataonline.com.br\/e-o-clube-dos-meus-sonhos-vinicius-vai-renovar-com-o-real-madrid-na-altura-certa\/#local-main-organization-logo"},"image":{"@id":"https:\/\/ubirataonline.com.br\/e-o-clube-dos-meus-sonhos-vinicius-vai-renovar-com-o-real-madrid-na-altura-certa\/#local-main-organization-logo"},"sameAs":["https:\/\/www.facebook.com\/portalubirataonline","https:\/\/x.com\/ubirataonline","https:\/\/mastodon.social\/@ubirataonline","https:\/\/www.facebook.com\/groups\/311144672285604","https:\/\/www.facebook.com\/UBTAOnline","https:\/\/www.instagram.com\/portalubirataonline\/","https:\/\/twitter.com\/ubirataonline"],"description":"Somos um portal de not\u00edcias independente, criado em 5 de janeiro de 2009, com o objetivo de informar, conectar e valorizar a nossa comunidade de Ubirat\u00e3 e toda aregi\u00e3o. Com conte\u00fado atualizado, confi\u00e1vel e relevante, o Ubirat\u00e3 Online \u00e9 o seu espa\u00e7o para ficar por dentro dos principais acontecimentos locais, regionais, Brasil, Mundo e de interesse geral. Nosso compromisso \u00e9 com a verdade, a transpar\u00eancia e o respeito ao leitor.","legalName":"UBIRATA ONLINE NOT\u00cdCIAS","foundingDate":"2009-01-05","numberOfEmployees":{"@type":"QuantitativeValue","minValue":"1","maxValue":"10"},"publishingPrinciples":"https:\/\/ubirataonline.com.br\/faq\/","address":{"@id":"https:\/\/ubirataonline.com.br\/e-o-clube-dos-meus-sonhos-vinicius-vai-renovar-com-o-real-madrid-na-altura-certa\/#local-main-place-address"},"geo":{"@type":"GeoCoordinates","latitude":"-24.5361401","longitude":"-52.9921776"},"telephone":["+5544998308235"],"contactPoint":{"@type":"ContactPoint","email":"contato@ubirataonline.com.br"},"openingHoursSpecification":{"@type":"OpeningHoursSpecification","dayOfWeek":["Monday","Tuesday","Wednesday","Thursday","Friday","Saturday","Sunday"],"opens":"00:00","closes":"23:59"},"email":"contato@ubirataonline.com.br","vatID":"47.621.418\/0001-80"},{"@type":"Person","@id":"https:\/\/ubirataonline.com.br\/#\/schema\/person\/372f87bbd3fdd79b8556b84c98d0bc1c","name":"REDA\u00c7\u00c3O: UBIRAT\u00c3 ONLINE - F\u00c1BIO AUGUSTO CELESTINO","pronouns":"Ele","description":"Desde 2003 trabalhando com not\u00edcias.","sameAs":["http:\/\/ubirataoline.com.br","https:\/\/www.facebook.com\/portalubirataonline","https:\/\/www.instagram.com\/ubirataonline_oficial","https:\/\/x.com\/x.com\/ubirataonline"],"honorificPrefix":"Mr.","honorificSuffix":"MD","birthDate":"1980-06-16","gender":"masculino","award":["V\u00e1rios pr\u00eamios de melhor portal da cidade"],"jobTitle":"Diretor","url":"https:\/\/ubirataonline.com.br\/en\/author\/ubirataonline\/"},{"@type":"PostalAddress","@id":"https:\/\/ubirataonline.com.br\/e-o-clube-dos-meus-sonhos-vinicius-vai-renovar-com-o-real-madrid-na-altura-certa\/#local-main-place-address","streetAddress":"Rua dos Coqueiros, 104 - Bairro Boa Vista, Rua dos Coqueiros, 104 Bairro Boa Vista","addressLocality":"UBIRATA","postalCode":"85440-000","addressRegion":"PR","addressCountry":"BR"},{"@type":"ImageObject","inLanguage":"en-US","@id":"https:\/\/ubirataonline.com.br\/e-o-clube-dos-meus-sonhos-vinicius-vai-renovar-com-o-real-madrid-na-altura-certa\/#local-main-organization-logo","url":"https:\/\/ubirataonline.com.br\/wp-content\/uploads\/2026\/06\/logoubirataonline-1.webp","contentUrl":"https:\/\/ubirataonline.com.br\/wp-content\/uploads\/2026\/06\/logoubirataonline-1.webp","width":500,"height":500,"caption":"Ubirat\u00e3 Online Not\u00edcias"}]},"geo.placename":"UBIRATA","geo.position":{"lat":"-24.5361401","long":"-52.9921776"},"geo.region":"Brazil"},"_links":{"self":[{"href":"https:\/\/ubirataonline.com.br\/en\/wp-json\/wp\/v2\/posts\/100608","targetHints":{"allow":["GET"]}}],"collection":[{"href":"https:\/\/ubirataonline.com.br\/en\/wp-json\/wp\/v2\/posts"}],"about":[{"href":"https:\/\/ubirataonline.com.br\/en\/wp-json\/wp\/v2\/types\/post"}],"author":[{"embeddable":true,"href":"https:\/\/ubirataonline.com.br\/en\/wp-json\/wp\/v2\/users\/1"}],"replies":[{"embeddable":true,"href":"https:\/\/ubirataonline.com.br\/en\/wp-json\/wp\/v2\/comments?post=100608"}],"version-history":[{"count":0,"href":"https:\/\/ubirataonline.com.br\/en\/wp-json\/wp\/v2\/posts\/100608\/revisions"}],"wp:featuredmedia":[{"embeddable":true,"href":"https:\/\/ubirataonline.com.br\/en\/wp-json\/wp\/v2\/media\/100609"}],"wp:attachment":[{"href":"https:\/\/ubirataonline.com.br\/en\/wp-json\/wp\/v2\/media?parent=100608"}],"wp:term":[{"taxonomy":"category","embeddable":true,"href":"https:\/\/ubirataonline.com.br\/en\/wp-json\/wp\/v2\/categories?post=100608"},{"taxonomy":"post_tag","embeddable":true,"href":"https:\/\/ubirataonline.com.br\/en\/wp-json\/wp\/v2\/tags?post=100608"}],"curies":[{"name":"wp","href":"https:\/\/api.w.org\/{rel}","templated":true}]}}