{"id":100753,"date":"2026-04-07T21:39:56","date_gmt":"2026-04-08T00:39:56","guid":{"rendered":"https:\/\/ubirataonline.com.br\/e-guerra-nao-ganancia-o-que-ameaca-o-pacote-de-lula-para-segurar-o-preco-do-diesel\/"},"modified":"2026-04-07T21:39:59","modified_gmt":"2026-04-08T00:39:59","slug":"e-guerra-nao-ganancia-o-que-ameaca-o-pacote-de-lula-para-segurar-o-preco-do-diesel","status":"publish","type":"post","link":"https:\/\/ubirataonline.com.br\/en\/e-guerra-nao-ganancia-o-que-ameaca-o-pacote-de-lula-para-segurar-o-preco-do-diesel\/","title":{"rendered":"&#8216;\u00c9 guerra, n\u00e3o gan\u00e2ncia&#8217;: o que amea\u00e7a o pacote de Lula para segurar o pre\u00e7o do diesel"},"content":{"rendered":"<p><\/p>\n<div id=\"\">\n<figure class=\"css-1qn0xuy\">\n<div class=\"css-1avk5os\" style=\"padding-bottom:56.26%\">\n<p class=\"css-by8ykd\" role=\"text\"><span class=\"css-2ozlq5\">Cr\u00e9dito, <\/span><span lang=\"en-GB\">Rovena Rosa\/Ag\u00eancia Brasil<\/span><\/p>\n<\/div><figcaption class=\"css-15f1ujd\" dir=\"ltr\"><span role=\"text\"><span class=\"css-2ozlq5\">Legenda da foto, <\/span><span data-testid=\"caption-paragraph\">Especialistas dizem que as medidas anunciadas pelo governo devem mitigar a alta do combust\u00edvel, mas ter\u00e3o efeito limitado.<\/span><\/span><\/figcaption><\/figure>\n<section role=\"region\" aria-labelledby=\"article-byline\" data-testid=\"byline\"><strong id=\"article-byline\" aria-hidden=\"true\" class=\"css-2ozlq5\">Article Information<\/strong><\/p>\n<ul class=\"css-1a8g4ww\">\n<li class=\"css-1s1df59\">\n<ul role=\"list\" class=\"css-z50d25\">\n<li class=\"css-0\"><span role=\"text\"><span class=\"css-2ozlq5\">Author, <\/span><span class=\"css-eiglm1\">Mariana Schreiber<\/span><\/span><\/li>\n<li class=\"css-k1irjw\"><span role=\"text\"><span class=\"css-2ozlq5\">Role, <!-- --> <\/span><span class=\"css-hsb4jx\">Da BBC News Brasil em Bras\u00edlia<\/span><\/span><\/li>\n<\/ul>\n<\/li>\n<li>\n<p><time datetime=\"2026-04-07\" class=\"css-128bydx expmsel0\">H\u00e1 3 horas<\/time><\/p>\n<\/li>\n<li>\n<p><span class=\"css-hsb4jx\">Tempo de leitura: 7 min<\/span><\/p>\n<\/li>\n<\/ul>\n<\/section>\n<div dir=\"ltr\" class=\"css-1k9op6x e17x9cvu0\">\n<p dir=\"ltr\" class=\"css-s4cjt0 eea635z0\">Especialistas do setor dizem que as medidas anunciadas devem mitigar a alta do produto, mas ter\u00e3o efeito limitado pela incerteza do cen\u00e1rio internacional e a resist\u00eancia de grandes importadoras a aderir aos subs\u00eddios oferecidos pelo governo e aceitar limites aos pre\u00e7os praticados.<\/p>\n<\/div>\n<div dir=\"ltr\" class=\"css-1k9op6x e17x9cvu0\">\n<p dir=\"ltr\" class=\"css-s4cjt0 eea635z0\">No caso do diesel, o Pal\u00e1cio do Planalto <a href=\"https:\/\/www.bbc.com\/portuguese\/articles\/c4g25lpk0g4o\" class=\"focusIndicatorReducedWidth css-n8oauk e1h2ur550\">j\u00e1 havia anunciado<\/a> em 12 de mar\u00e7o um pacote de R$ 30 bilh\u00f5es para mitigar seu encarecimento. O objetivo era garantir um desconto de R$ 0,64 por litro no pre\u00e7o na bomba, ao aliar redu\u00e7\u00e3o de impostos e uma subven\u00e7\u00e3o de R$ 0,32 por litro produzido no Brasil ou importado.<\/p>\n<\/div>\n<div dir=\"ltr\" class=\"css-1k9op6x e17x9cvu0\">\n<p dir=\"ltr\" class=\"css-s4cjt0 eea635z0\">A subven\u00e7\u00e3o \u00e9 um incentivo dado diretamente \u00e0s empresas pelo governo. Nesse segundo conjunto de a\u00e7\u00f5es anunciado agora, a gest\u00e3o Lula ampliou esse subs\u00eddio, que chegar\u00e1 a R$ 1,12 para o litro produzido no pa\u00eds.<\/p>\n<\/div>\n<section aria-label=\"Publicidade 2\" aria-hidden=\"true\" role=\"region\" data-e2e=\"advertisement\" class=\"css-1s6hekm\"\/>\n<section role=\"region\" aria-label=\"Hist\u00f3rias relacionadas\" data-e2e=\"article-links-block\"\/>\n<div dir=\"ltr\" class=\"css-1k9op6x e17x9cvu0\">\n<p dir=\"ltr\" class=\"css-s4cjt0 eea635z0\">J\u00e1 no caso do importado, o desconto subir\u00e1 para R$ 1,52 nos Estados que aderirem \u00e0 proposta e bancarem metade do subs\u00eddio extra de R$ 1,20.<\/p>\n<\/div>\n<div dir=\"ltr\" class=\"css-1k9op6x e17x9cvu0\">\n<p dir=\"ltr\" class=\"css-s4cjt0 eea635z0\">O efeito do primeiro pacote, no entanto, ainda n\u00e3o chegou integralmente aos consumidores, justamente por limita\u00e7\u00f5es na implementa\u00e7\u00e3o da subven\u00e7\u00e3o.<\/p>\n<\/div>\n<div dir=\"ltr\" class=\"css-1k9op6x e17x9cvu0\">\n<p dir=\"ltr\" class=\"css-s4cjt0 eea635z0\">Isso porque tr\u00eas grandes empresas do setor (Vibra \u2014 antiga BR Distribuidora \u2014, Ipiranga e Ra\u00edzen), respons\u00e1veis por metade das importa\u00e7\u00f5es privadas de diesel, n\u00e3o aderiram \u00e0 pol\u00edtica.<\/p>\n<\/div>\n<section data-e2e=\"recommendations-heading\" role=\"region\" aria-labelledby=\"recommendations-heading\" class=\"css-1o3v5ug\"\/>\n<div dir=\"ltr\" class=\"css-1k9op6x e17x9cvu0\">\n<p dir=\"ltr\" class=\"css-s4cjt0 eea635z0\">A falta de ades\u00e3o das maiores distribuidoras estaria relacionada \u00e0 obriga\u00e7\u00e3o de seguir limites para o pre\u00e7o do diesel, estabelecidos pela Ag\u00eancia Nacional do Petr\u00f3leo, G\u00e1s Natural e Biocombust\u00edveis (ANP) a partir de valores de mercado.<\/p>\n<\/div>\n<div dir=\"ltr\" class=\"css-1k9op6x e17x9cvu0\">\n<p dir=\"ltr\" class=\"css-s4cjt0 eea635z0\">Segundo o ex-presidente da ANP David Zylbersztajn, que tamb\u00e9m j\u00e1 atuou no conselho de administra\u00e7\u00e3o da Vibra, as empresas teriam receio de n\u00e3o poder elevar seus pre\u00e7os no patamar que julgarem necess\u00e1rio, caso o petr\u00f3leo continue subindo.<\/p>\n<\/div>\n<div dir=\"ltr\" class=\"css-1k9op6x e17x9cvu0\">\n<p dir=\"ltr\" class=\"css-s4cjt0 eea635z0\">A cota\u00e7\u00e3o internacional do barril j\u00e1 avan\u00e7ou mais de 50% desde o fim de fevereiro, quando o conflito teve in\u00edcio, voltando a superar US$ 110 nesta semana.<\/p>\n<\/div>\n<div dir=\"ltr\" class=\"css-1k9op6x e17x9cvu0\">\n<p dir=\"ltr\" class=\"css-s4cjt0 eea635z0\">&#8220;As distribuidoras dizem que n\u00e3o querem fechar o valor porque n\u00e3o sabem quanto vai custar o pre\u00e7o de importa\u00e7\u00e3o. Se elas aderirem, elas t\u00eam obriga\u00e7\u00e3o, quase como se fosse um tabelamento. E a\u00ed, no caso, n\u00e3o faz o menor sentido voc\u00ea tomar um risco de mercado com um valor pr\u00e9-fixado&#8221;, disse Zylbersztajn \u00e0 BBC News Brasil.<\/p>\n<\/div>\n<p><h2 tabindex=\"-1\" id=\"Aumentos-abusivos\" class=\"css-jtxtr9 emoh99e1\">Aumentos abusivos<\/h2>\n<\/p>\n<div dir=\"ltr\" class=\"css-1k9op6x e17x9cvu0\">\n<p dir=\"ltr\" class=\"css-s4cjt0 eea635z0\">O governo Lula tem reclamado de aumentos nos postos que, na sua vis\u00e3o, seriam abusivos.<\/p>\n<\/div>\n<div dir=\"ltr\" class=\"css-1k9op6x e17x9cvu0\">\n<p dir=\"ltr\" class=\"css-s4cjt0 eea635z0\">&#8220;Todo mundo tem direito de ganhar dinheiro, todo mundo tem direito de ter sua empresa, seu posto de gasolina, ter o seu lucro, agora, ningu\u00e9m pode ter lucro \u00e0s custas do sofrimento dos outros&#8221;, disse o presidente, no dia 20 de mar\u00e7o.<\/p>\n<\/div>\n<div dir=\"ltr\" class=\"css-1k9op6x e17x9cvu0\">\n<p dir=\"ltr\" class=\"css-s4cjt0 eea635z0\">Pouco depois, no dia 26, Lula afirmou que &#8220;est\u00e3o aumentando o \u00f3leo diesel, mesmo com a gente dando subs\u00eddio&#8221;.<\/p>\n<\/div>\n<div dir=\"ltr\" class=\"css-1k9op6x e17x9cvu0\">\n<p dir=\"ltr\" class=\"css-s4cjt0 eea635z0\">Com a amplia\u00e7\u00e3o da subven\u00e7\u00e3o, o governo tamb\u00e9m anunciou na segunda-feira o fortalecimento da fiscaliza\u00e7\u00e3o da ANP. Uma medida provis\u00f3ria (MP) inclui penalidades maiores para eleva\u00e7\u00e3o abusiva de pre\u00e7o e recusa de fornecimento de combust\u00edvel em contextos de conflitos geopol\u00edticos ou de calamidade.<\/p>\n<\/div>\n<div dir=\"ltr\" class=\"css-1k9op6x e17x9cvu0\">\n<p dir=\"ltr\" class=\"css-s4cjt0 eea635z0\">Al\u00e9m disso, um projeto de lei encaminhado em regime de urg\u00eancia constitucional cria um novo tipo penal para coibir o aumento abusivo de pre\u00e7os, podendo acarretar de dois a cinco anos de pris\u00e3o.<\/p>\n<\/div>\n<div dir=\"ltr\" class=\"css-1k9op6x e17x9cvu0\">\n<p dir=\"ltr\" class=\"css-s4cjt0 eea635z0\">Para David Zylbersztajn, ex-presidente da ANP, os rumos do conflito entre EUA e Ir\u00e3 s\u00e3o incertos e Lula est\u00e1 errado em sua cr\u00edtica no setor.<\/p>\n<\/div>\n<div dir=\"ltr\" class=\"css-1k9op6x e17x9cvu0\">\n<p dir=\"ltr\" class=\"css-s4cjt0 eea635z0\">&#8220;Tem [analista com] expectativa de que o barril vai chegar a US$ 200. Eu acho que n\u00e3o, voc\u00ea tem fluxos ainda de petr\u00f3leo que est\u00e3o acontecendo [apesar do bloqueio do Ir\u00e3 ao Estreito de Ormuz]. Mas \u00e9 totalmente imprevis\u00edvel&#8221;, avalia.<\/p>\n<\/div>\n<div dir=\"ltr\" class=\"css-1k9op6x e17x9cvu0\">\n<p dir=\"ltr\" class=\"css-s4cjt0 eea635z0\">&#8220;O governo est\u00e1 atribuindo culpas a quem n\u00e3o tem culpa. O governo deveria estar sendo mais transparente com a sociedade, no sentido de que tem uma situa\u00e7\u00e3o de guerra, e n\u00e3o dizer que a culpa \u00e9 da gan\u00e2ncia [das empresas]. N\u00e3o tem gan\u00e2ncia porque voc\u00ea n\u00e3o tem cartel.&#8221;<\/p>\n<\/div>\n<div dir=\"ltr\" class=\"css-1k9op6x e17x9cvu0\">\n<p dir=\"ltr\" class=\"css-s4cjt0 eea635z0\">Segundo dados da ANP, o pre\u00e7o m\u00e9dio do diesel S10 no pa\u00eds subiu 16% em mar\u00e7o, para R$ 7,06. J\u00e1 o pre\u00e7o da gasolina comum cresceu 4,6%, chegando a R$ 6,59 o litro.<\/p>\n<\/div>\n<figure class=\"css-1qn0xuy\">\n<div class=\"css-1avk5os\" style=\"padding-bottom:56.25%\"><img decoding=\"async\" srcset=\"https:\/\/ichef.bbci.co.uk\/ace\/ws\/240\/cpsprodpb\/6028\/live\/1cdb9680-32ad-11f1-a335-4b4a52c0a693.jpg.webp 240w, https:\/\/ichef.bbci.co.uk\/ace\/ws\/320\/cpsprodpb\/6028\/live\/1cdb9680-32ad-11f1-a335-4b4a52c0a693.jpg.webp 320w, https:\/\/ichef.bbci.co.uk\/ace\/ws\/480\/cpsprodpb\/6028\/live\/1cdb9680-32ad-11f1-a335-4b4a52c0a693.jpg.webp 480w, https:\/\/ichef.bbci.co.uk\/ace\/ws\/624\/cpsprodpb\/6028\/live\/1cdb9680-32ad-11f1-a335-4b4a52c0a693.jpg.webp 624w, https:\/\/ichef.bbci.co.uk\/ace\/ws\/800\/cpsprodpb\/6028\/live\/1cdb9680-32ad-11f1-a335-4b4a52c0a693.jpg.webp 800w\" sizes=\"auto, (min-width: 1008px) 760px, 100vw\" alt=\"Avi\u00f5es no aeroporto de Guarulhos. \" loading=\"lazy\" width=\"1024\" height=\"576\" src=\"aspect-ratio:1024 \/ 576\" class=\"css-1seqhu9\"\/><\/p>\n<p class=\"css-by8ykd\" role=\"text\"><span class=\"css-2ozlq5\">Cr\u00e9dito, <\/span><span lang=\"en-GB\">Bruno Escolastico Sousa Silva\/NurPhoto via Getty Images<\/span><\/p>\n<\/div>\n<\/figure>\n<div dir=\"ltr\" class=\"css-1k9op6x e17x9cvu0\">\n<p dir=\"ltr\" class=\"css-s4cjt0 eea635z0\">O engenheiro qu\u00edmico Felipe Coutinho, presidente da Associa\u00e7\u00e3o dos Engenheiros da Petrobras (AEPET), critica o papel das grandes distribuidoras.<\/p>\n<\/div>\n<div dir=\"ltr\" class=\"css-1k9op6x e17x9cvu0\">\n<p dir=\"ltr\" class=\"css-s4cjt0 eea635z0\">Na sua vis\u00e3o, foi um erro a privatiza\u00e7\u00e3o da BR Distribuidora durante os governos de Michel Temer e Jair Bolsonaro, quando a empresa ligada \u00e0 Petrobras foi vendida e se tornou Vibra.<\/p>\n<\/div>\n<div dir=\"ltr\" class=\"css-1k9op6x e17x9cvu0\">\n<p dir=\"ltr\" class=\"css-s4cjt0 eea635z0\">&#8220;A n\u00e3o ades\u00e3o das grandes distribuidoras \u00e0 primeira subven\u00e7\u00e3o significa exatamente o que tenho alertado sistematicamente: o mercado de distribui\u00e7\u00e3o de combust\u00edveis no Brasil \u00e9 um oligop\u00f3lio que, ap\u00f3s a privatiza\u00e7\u00e3o da antiga BR Distribuidora, perdeu qualquer agente moderador que pudesse for\u00e7ar a concorr\u00eancia em benef\u00edcio do consumidor&#8221;, disse.<\/p>\n<\/div>\n<div dir=\"ltr\" class=\"css-1k9op6x e17x9cvu0\">\n<p dir=\"ltr\" class=\"css-s4cjt0 eea635z0\">Na vis\u00e3o dele, as grandes distribuidoras calcularam que valia mais a pena n\u00e3o receber o subs\u00eddio e manter suas margens de lucro elevadas, do que repassar o desconto ao consumidor final. <\/p>\n<\/div>\n<div dir=\"ltr\" class=\"css-1k9op6x e17x9cvu0\">\n<p dir=\"ltr\" class=\"css-s4cjt0 eea635z0\">&#8220;Elas t\u00eam poder de mercado suficiente para ditar as regras. A medida foi desenhada de forma ing\u00eanua, ao acreditar que o mercado se autorregularia&#8221;.<\/p>\n<\/div>\n<p><h2 tabindex=\"-1\" id=\"Petrobras-deveria-ampliar-refino-de-diesel\" class=\"css-jtxtr9 emoh99e1\">Petrobras deveria ampliar refino de diesel?<\/h2>\n<\/p>\n<div dir=\"ltr\" class=\"css-1k9op6x e17x9cvu0\">\n<p dir=\"ltr\" class=\"css-s4cjt0 eea635z0\">Para Coutinho, a solu\u00e7\u00e3o estrutural para a vulnerabilidade brasileira \u00e0 volatilidade internacional do petr\u00f3leo passaria por ampliar a capacidade de refino de combust\u00edveis da Petrobras e reverter a privatiza\u00e7\u00e3o da BR Distribuidora.<\/p>\n<\/div>\n<div dir=\"ltr\" class=\"css-1k9op6x e17x9cvu0\">\n<p dir=\"ltr\" class=\"css-s4cjt0 eea635z0\">A ideia de ampliar o refino da estatal \u00e9 alvo antigo de controv\u00e9rsias, algo que se intensificou ap\u00f3s as den\u00fancias de desvios na constru\u00e7\u00e3o de refinarias pela <a href=\"https:\/\/www.bbc.com\/portuguese\/topics\/c2dwqdkrg4wt\" class=\"focusIndicatorReducedWidth css-n8oauk e1h2ur550\">Opera\u00e7\u00e3o Lava Jato<\/a> durante governos passados do PT.<\/p>\n<\/div>\n<div dir=\"ltr\" class=\"css-1k9op6x e17x9cvu0\">\n<p dir=\"ltr\" class=\"css-s4cjt0 eea635z0\">Para al\u00e9m das investiga\u00e7\u00f5es de corrup\u00e7\u00e3o, especialistas se dividem sobre a vantagem econ\u00f4mica de a Petrobras investir em mais capacidade de refino, sendo que a explora\u00e7\u00e3o de petr\u00f3leo \u00e9 uma atividade mais lucrativa.<\/p>\n<\/div>\n<div dir=\"ltr\" class=\"css-1k9op6x e17x9cvu0\">\n<p dir=\"ltr\" class=\"css-s4cjt0 eea635z0\">&#8220;Entre explora\u00e7\u00e3o, refino e distribui\u00e7\u00e3o, refino \u00e9 o que tem a menor margem de retorno. Se voc\u00ea tem um mercado predominantemente atendido pela produ\u00e7\u00e3o dom\u00e9stica e uma parte importada, esse \u00e9 o melhor dos mundos. Para que voc\u00ea vai alocar capital numa coisa que d\u00e1 um retorno tr\u00eas vezes menor do que o outro [explora\u00e7\u00e3o]? \u00c9 ruim para o pa\u00eds&#8221;, argumenta  Zylbersztajn.<\/p>\n<\/div>\n<div dir=\"ltr\" class=\"css-1k9op6x e17x9cvu0\">\n<p dir=\"ltr\" class=\"css-s4cjt0 eea635z0\">Felipe Coutinho, da AEPET, reconhece que hoje a lucratividade da Petrobras com explora\u00e7\u00e3o de petr\u00f3leo \u00e9 bem superior \u00e0 do refino, mas discorda que isso seja determinante para estabelecer as prioridades da empresa.<\/p>\n<\/div>\n<div dir=\"ltr\" class=\"css-1k9op6x e17x9cvu0\">\n<p dir=\"ltr\" class=\"css-s4cjt0 eea635z0\">Al\u00e9m disso, argumenta que o refino pode ser uma atividade lucrativa se a estatal investir em tecnologia da mesma forma que fez para explorar o pr\u00e9-sal.<\/p>\n<\/div>\n<div dir=\"ltr\" class=\"css-1k9op6x e17x9cvu0\">\n<p dir=\"ltr\" class=\"css-s4cjt0 eea635z0\">Na sua leitura, isso n\u00e3o foi feito nos \u00faltimos anos porque a gest\u00e3o da empresa optou por distribuir um volume grande de dividendos a acionistas, em vez de investir em tecnologia de refino mais lucrativa.<\/p>\n<\/div>\n<div dir=\"ltr\" class=\"css-1k9op6x e17x9cvu0\">\n<p dir=\"ltr\" class=\"css-s4cjt0 eea635z0\">&#8220;A Petrobras n\u00e3o \u00e9 uma empresa privada qualquer. Ela \u00e9 uma estatal com obriga\u00e7\u00e3o de soberania energ\u00e9tica. A empresa tem a obriga\u00e7\u00e3o de garantir que o diesel, a gasolina e o GLP cheguem ao consumidor brasileiro a pre\u00e7os justos e com seguran\u00e7a de suprimento&#8221;, defende.<\/p>\n<\/div>\n<div dir=\"ltr\" class=\"css-1k9op6x e17x9cvu0\">\n<p dir=\"ltr\" class=\"css-s4cjt0 eea635z0\">Outro ponto antigo de controv\u00e9rsia \u00e9 o valor praticado pela Petrobras na venda de combust\u00edveis no pa\u00eds. Em momentos de disparada do petr\u00f3leo, a empresa, controlada pelo governo federal, costuma comercializar gasolina e diesel a pre\u00e7os mais baixos que os produtos importados, minimizando o impacto da crise externa no bolso dos brasileiros.<\/p>\n<\/div>\n<figure class=\"css-1qn0xuy\">\n<div class=\"css-1avk5os\" style=\"padding-bottom:56.25%\"><img decoding=\"async\" srcset=\"https:\/\/ichef.bbci.co.uk\/ace\/ws\/240\/cpsprodpb\/6141\/live\/67571f90-32ad-11f1-a335-4b4a52c0a693.jpg.webp 240w, https:\/\/ichef.bbci.co.uk\/ace\/ws\/320\/cpsprodpb\/6141\/live\/67571f90-32ad-11f1-a335-4b4a52c0a693.jpg.webp 320w, https:\/\/ichef.bbci.co.uk\/ace\/ws\/480\/cpsprodpb\/6141\/live\/67571f90-32ad-11f1-a335-4b4a52c0a693.jpg.webp 480w, https:\/\/ichef.bbci.co.uk\/ace\/ws\/624\/cpsprodpb\/6141\/live\/67571f90-32ad-11f1-a335-4b4a52c0a693.jpg.webp 624w, https:\/\/ichef.bbci.co.uk\/ace\/ws\/800\/cpsprodpb\/6141\/live\/67571f90-32ad-11f1-a335-4b4a52c0a693.jpg.webp 800w\" sizes=\"auto, (min-width: 1008px) 760px, 100vw\" alt=\"Refinaria da Petrobras. \" loading=\"lazy\" width=\"1024\" height=\"576\" src=\"aspect-ratio:1024 \/ 576\" class=\"css-1seqhu9\"\/><\/p>\n<p class=\"css-by8ykd\" role=\"text\"><span class=\"css-2ozlq5\">Cr\u00e9dito, <\/span><span lang=\"en-GB\">Douglas MAGNO \/ AFP via Getty Images<\/span><\/p>\n<\/div><figcaption class=\"css-15f1ujd\" dir=\"ltr\"><span role=\"text\"><span class=\"css-2ozlq5\">Legenda da foto, <\/span><span data-testid=\"caption-paragraph\">A ideia de ampliar o refino da Petrobras \u00e9 alvo antigo de controv\u00e9rsias<\/span><\/span><\/figcaption><\/figure>\n<div dir=\"ltr\" class=\"css-1k9op6x e17x9cvu0\">\n<p dir=\"ltr\" class=\"css-s4cjt0 eea635z0\">Cr\u00edticos dessa pol\u00edtica dizem que isso desestimula outras empresas a importar o produto, o que poderia causar desabastecimento no pa\u00eds. Al\u00e9m disso, a pol\u00edtica de manter pre\u00e7os artificialmente baixos no passado provocou preju\u00edzos \u00e0 empresa, principalmente no governo Dilma Rousseff.<\/p>\n<\/div>\n<div dir=\"ltr\" class=\"css-1k9op6x e17x9cvu0\">\n<p dir=\"ltr\" class=\"css-s4cjt0 eea635z0\">&#8220;No passado, ela foi muito usada e deu no que deu. Foi uma trag\u00e9dia. A Petrobras quase quebrou, teve a maior d\u00edvida corporativa do mundo&#8221;, lembra Zylbersztajn.<\/p>\n<\/div>\n<div dir=\"ltr\" class=\"css-1k9op6x e17x9cvu0\">\n<p dir=\"ltr\" class=\"css-s4cjt0 eea635z0\">Segundo levantamento da consultoria StoneX, na segunda-feira (6\/4) o litro do diesel estava sendo vendido a R$ 3,04 pela Petrobras, 84% mais barato que o valor do importado.<\/p>\n<\/div>\n<div dir=\"ltr\" class=\"css-1k9op6x e17x9cvu0\">\n<p dir=\"ltr\" class=\"css-s4cjt0 eea635z0\">J\u00e1 no caso da gasolina, o pre\u00e7o do litro da estatal estava em R$ 1,98, ou 78% mais barato que o trazido de fora.<\/p>\n<\/div>\n<div dir=\"ltr\" class=\"css-1k9op6x e17x9cvu0\">\n<p dir=\"ltr\" class=\"css-s4cjt0 eea635z0\">Apesar disso, n\u00e3o h\u00e1 sinais de risco de desabastecimento por enquanto, afirmou Bruno Cordeiro, especialista em intelig\u00eancia de mercado da StoneX.<\/p>\n<\/div>\n<div dir=\"ltr\" class=\"css-1k9op6x e17x9cvu0\">\n<p dir=\"ltr\" class=\"css-s4cjt0 eea635z0\">&#8220;Isso (a diferen\u00e7a de pre\u00e7o) acaba gerando um desincentivo \u00e0 importa\u00e7\u00e3o. \u00c9 claro que em um contexto de safras grandes, de ind\u00fastria aquecida, o mercado tem que buscar garantir o pleno abastecimento. E a gente v\u00ea que os indicadores de importa\u00e7\u00e3o, apesar de estarem abaixo do normal, seguem operando em um patamar em que n\u00e3o h\u00e1 risco de desabastecimento&#8221;.<\/p>\n<\/div>\n<div dir=\"ltr\" class=\"css-1k9op6x e17x9cvu0\">\n<p dir=\"ltr\" class=\"css-s4cjt0 eea635z0\">Justamente para tentar minimizar o impacto dessa diferen\u00e7a de pre\u00e7o, o governo est\u00e1 oferecendo um subs\u00eddio um pouco maior para o litro importado.<\/p>\n<\/div>\n<div dir=\"ltr\" class=\"css-1k9op6x e17x9cvu0\">\n<p dir=\"ltr\" class=\"css-s4cjt0 eea635z0\">O primeiro pacote de medidas, que reduziu impostos federais e ofereceu o subs\u00eddio de R$ 0,32 ao litro de diesel tem custo estimado de R$ 30 bilh\u00f5es, caso vigore at\u00e9 o fim do ano, valor que ser\u00e1 bancado com um novo imposto sobre exporta\u00e7\u00e3o de petr\u00f3leo.<\/p>\n<\/div>\n<div dir=\"ltr\" class=\"css-1k9op6x e17x9cvu0\">\n<p dir=\"ltr\" class=\"css-s4cjt0 eea635z0\">J\u00e1 a subven\u00e7\u00e3o extra de R$ 0,80 para o litro produzido no pa\u00eds ter\u00e1 um custo de at\u00e9 R$ 12 bilh\u00f5es, caso dure quatro meses, prazo m\u00e1ximo inicial previsto.<\/p>\n<\/div>\n<div dir=\"ltr\" class=\"css-1k9op6x e17x9cvu0\">\n<p dir=\"ltr\" class=\"css-s4cjt0 eea635z0\">E o subs\u00eddio adicional de R$ 1,20 para o diesel importado deve durar dois meses, segundo previs\u00e3o do governo federal, ao custo de R$ 4 bilh\u00f5es, que ser\u00e3o igualmente divididos entre a Uni\u00e3o e os Estados beneficiados.<\/p>\n<\/div>\n<\/div>\n<p><a href=\"https:\/\/www.bbc.com\/portuguese\/articles\/c30rvmeg3rqo\">Fonte do Artigo <\/a><\/p>\n","protected":false},"excerpt":{"rendered":"<p>Cr\u00e9dito, Rovena Rosa\/Ag\u00eancia Brasil Legenda da foto, Especialistas dizem que as medidas anunciadas pelo governo devem mitigar a alta do combust\u00edvel, mas ter\u00e3o efeito limitado. Article Information Author, Mariana Schreiber Role, Da BBC News Brasil em Bras\u00edlia H\u00e1 3 horas Tempo de leitura: 7 min Especialistas do setor dizem que as medidas anunciadas devem mitigar [&hellip;]<\/p>\n","protected":false},"author":1,"featured_media":100754,"comment_status":"closed","ping_status":"","sticky":false,"template":"","format":"standard","meta":{"googlesitekit_rrm_CAow2JLhCw:productID":"","_gspb_post_css":"","maa_idioma":"","maa_pais":"","footnotes":""},"categories":[4],"tags":[4500,19764,25513,2674,1629,3255,15875,2904,5832,25514],"class_list":["post-100753","post","type-post","status-publish","format-standard","has-post-thumbnail","hentry","category-brasil","tag-ameaca","tag-diesel","tag-ganancia","tag-guerra","tag-lula","tag-nao","tag-pacote","tag-para","tag-preco","tag-segurar"],"blocksy_meta":[],"yoast_head":"<!-- This site is optimized with the Yoast SEO Premium plugin v27.6 (Yoast SEO v27.6) - https:\/\/yoast.com\/product\/yoast-seo-premium-wordpress\/ -->\n<title>&#039;\u00c9 guerra, n\u00e3o gan\u00e2ncia&#039;: o que amea\u00e7a o pacote de Lula para segurar o pre\u00e7o do diesel - Ubirat\u00e3 Online Not\u00edcias - A realidade ao seu alcance!<\/title>\n<meta name=\"description\" content=\"Cr\u00e9dito, Rovena Rosa\/Ag\u00eancia BrasilLegenda da foto, Especialistas dizem que as medidas anunciadas pelo governo devem mitigar a alta do combust\u00edvel, mas\" \/>\n<meta name=\"robots\" content=\"index, follow, max-snippet:-1, max-image-preview:large, max-video-preview:-1\" \/>\n<link rel=\"canonical\" href=\"https:\/\/ubirataonline.com.br\/en\/e-guerra-nao-ganancia-o-que-ameaca-o-pacote-de-lula-para-segurar-o-preco-do-diesel\/\" \/>\n<meta property=\"og:locale\" content=\"en_US\" \/>\n<meta property=\"og:type\" content=\"article\" \/>\n<meta property=\"og:title\" content=\"&#039;\u00c9 guerra, n\u00e3o gan\u00e2ncia&#039;: o que amea\u00e7a o pacote de Lula para segurar o pre\u00e7o do diesel\" \/>\n<meta property=\"og:description\" content=\"Cr\u00e9dito, Rovena Rosa\/Ag\u00eancia BrasilLegenda da foto, Especialistas dizem que as medidas anunciadas pelo governo devem mitigar a alta do combust\u00edvel, mas\" \/>\n<meta property=\"og:url\" content=\"https:\/\/ubirataonline.com.br\/en\/e-guerra-nao-ganancia-o-que-ameaca-o-pacote-de-lula-para-segurar-o-preco-do-diesel\/\" \/>\n<meta property=\"og:site_name\" content=\"Ubirat\u00e3 Online Not\u00edcias - A realidade ao seu alcance!\" \/>\n<meta property=\"article:publisher\" content=\"https:\/\/www.facebook.com\/portalubirataonline\" \/>\n<meta property=\"article:author\" content=\"https:\/\/www.facebook.com\/portalubirataonline\" \/>\n<meta property=\"article:published_time\" content=\"2026-04-08T00:39:56+00:00\" \/>\n<meta property=\"article:modified_time\" content=\"2026-04-08T00:39:59+00:00\" \/>\n<meta property=\"og:image\" content=\"https:\/\/ubirataonline.com.br\/wp-content\/uploads\/2026\/04\/E-guerra-nao-ganancia-o-que-ameaca-o-pacote-de.jpg\" \/>\n\t<meta property=\"og:image:width\" content=\"1024\" \/>\n\t<meta property=\"og:image:height\" content=\"576\" \/>\n\t<meta property=\"og:image:type\" content=\"image\/jpeg\" \/>\n<meta name=\"author\" content=\"REDA\u00c7\u00c3O: UBIRAT\u00c3 ONLINE - F\u00c1BIO AUGUSTO CELESTINO\" \/>\n<meta name=\"twitter:card\" content=\"summary_large_image\" \/>\n<meta name=\"twitter:creator\" content=\"@x.com\/ubirataonline\" \/>\n<meta name=\"twitter:site\" content=\"@ubirataonline\" \/>\n<meta name=\"twitter:label1\" content=\"Written by\" \/>\n\t<meta name=\"twitter:data1\" content=\"REDA\u00c7\u00c3O: UBIRAT\u00c3 ONLINE - F\u00c1BIO AUGUSTO CELESTINO\" \/>\n\t<meta name=\"twitter:label2\" content=\"Est. reading time\" \/>\n\t<meta name=\"twitter:data2\" content=\"9 minutes\" \/>\n<script type=\"application\/ld+json\" class=\"yoast-schema-graph\">{\"@context\":\"https:\\\/\\\/schema.org\",\"@graph\":[{\"@type\":\"NewsArticle\",\"@id\":\"https:\\\/\\\/ubirataonline.com.br\\\/e-guerra-nao-ganancia-o-que-ameaca-o-pacote-de-lula-para-segurar-o-preco-do-diesel\\\/#article\",\"isPartOf\":{\"@id\":\"https:\\\/\\\/ubirataonline.com.br\\\/e-guerra-nao-ganancia-o-que-ameaca-o-pacote-de-lula-para-segurar-o-preco-do-diesel\\\/\"},\"author\":{\"name\":\"REDA\u00c7\u00c3O: UBIRAT\u00c3 ONLINE - F\u00c1BIO AUGUSTO CELESTINO\",\"@id\":\"https:\\\/\\\/ubirataonline.com.br\\\/#\\\/schema\\\/person\\\/372f87bbd3fdd79b8556b84c98d0bc1c\"},\"headline\":\"&#8216;\u00c9 guerra, n\u00e3o gan\u00e2ncia&#8217;: o que amea\u00e7a o pacote de Lula para segurar o pre\u00e7o do diesel\",\"datePublished\":\"2026-04-08T00:39:56+00:00\",\"dateModified\":\"2026-04-08T00:39:59+00:00\",\"mainEntityOfPage\":{\"@id\":\"https:\\\/\\\/ubirataonline.com.br\\\/e-guerra-nao-ganancia-o-que-ameaca-o-pacote-de-lula-para-segurar-o-preco-do-diesel\\\/\"},\"wordCount\":1746,\"publisher\":{\"@id\":\"https:\\\/\\\/ubirataonline.com.br\\\/#organization\"},\"image\":{\"@id\":\"https:\\\/\\\/ubirataonline.com.br\\\/e-guerra-nao-ganancia-o-que-ameaca-o-pacote-de-lula-para-segurar-o-preco-do-diesel\\\/#primaryimage\"},\"thumbnailUrl\":\"https:\\\/\\\/ubirataonline.com.br\\\/wp-content\\\/uploads\\\/2026\\\/04\\\/E-guerra-nao-ganancia-o-que-ameaca-o-pacote-de.jpg\",\"keywords\":[\"amea\u00e7a\",\"diesel\",\"gan\u00e2ncia\",\"Guerra\",\"Lula\",\"n\u00e3o\",\"pacote\",\"para\",\"pre\u00e7o\",\"segurar\"],\"articleSection\":[\"Brasil\"],\"inLanguage\":\"en-US\",\"copyrightYear\":\"2026\",\"copyrightHolder\":{\"@id\":\"https:\\\/\\\/ubirataonline.com.br\\\/en\\\/#organization\"}},{\"@type\":\"WebPage\",\"@id\":\"https:\\\/\\\/ubirataonline.com.br\\\/e-guerra-nao-ganancia-o-que-ameaca-o-pacote-de-lula-para-segurar-o-preco-do-diesel\\\/\",\"url\":\"https:\\\/\\\/ubirataonline.com.br\\\/e-guerra-nao-ganancia-o-que-ameaca-o-pacote-de-lula-para-segurar-o-preco-do-diesel\\\/\",\"name\":\"'\u00c9 guerra, n\u00e3o gan\u00e2ncia': o que amea\u00e7a o pacote de Lula para segurar o pre\u00e7o do diesel - Ubirat\u00e3 Online Not\u00edcias - A realidade ao seu alcance!\",\"isPartOf\":{\"@id\":\"https:\\\/\\\/ubirataonline.com.br\\\/#website\"},\"primaryImageOfPage\":{\"@id\":\"https:\\\/\\\/ubirataonline.com.br\\\/e-guerra-nao-ganancia-o-que-ameaca-o-pacote-de-lula-para-segurar-o-preco-do-diesel\\\/#primaryimage\"},\"image\":{\"@id\":\"https:\\\/\\\/ubirataonline.com.br\\\/e-guerra-nao-ganancia-o-que-ameaca-o-pacote-de-lula-para-segurar-o-preco-do-diesel\\\/#primaryimage\"},\"thumbnailUrl\":\"https:\\\/\\\/ubirataonline.com.br\\\/wp-content\\\/uploads\\\/2026\\\/04\\\/E-guerra-nao-ganancia-o-que-ameaca-o-pacote-de.jpg\",\"datePublished\":\"2026-04-08T00:39:56+00:00\",\"dateModified\":\"2026-04-08T00:39:59+00:00\",\"description\":\"Cr\u00e9dito, Rovena Rosa\\\/Ag\u00eancia BrasilLegenda da foto, Especialistas dizem que as medidas anunciadas pelo governo devem mitigar a alta do combust\u00edvel, mas\",\"breadcrumb\":{\"@id\":\"https:\\\/\\\/ubirataonline.com.br\\\/e-guerra-nao-ganancia-o-que-ameaca-o-pacote-de-lula-para-segurar-o-preco-do-diesel\\\/#breadcrumb\"},\"inLanguage\":\"en-US\",\"potentialAction\":[{\"@type\":\"ReadAction\",\"target\":[\"https:\\\/\\\/ubirataonline.com.br\\\/e-guerra-nao-ganancia-o-que-ameaca-o-pacote-de-lula-para-segurar-o-preco-do-diesel\\\/\"]}]},{\"@type\":\"ImageObject\",\"inLanguage\":\"en-US\",\"@id\":\"https:\\\/\\\/ubirataonline.com.br\\\/e-guerra-nao-ganancia-o-que-ameaca-o-pacote-de-lula-para-segurar-o-preco-do-diesel\\\/#primaryimage\",\"url\":\"https:\\\/\\\/ubirataonline.com.br\\\/wp-content\\\/uploads\\\/2026\\\/04\\\/E-guerra-nao-ganancia-o-que-ameaca-o-pacote-de.jpg\",\"contentUrl\":\"https:\\\/\\\/ubirataonline.com.br\\\/wp-content\\\/uploads\\\/2026\\\/04\\\/E-guerra-nao-ganancia-o-que-ameaca-o-pacote-de.jpg\",\"width\":1024,\"height\":576,\"caption\":\"Legenda da foto, Especialistas dizem que as medidas anunciadas pelo governo devem mitigar a alta do combust\u00edvel, mas ter\u00e3o efeito limitado.\"},{\"@type\":\"BreadcrumbList\",\"@id\":\"https:\\\/\\\/ubirataonline.com.br\\\/e-guerra-nao-ganancia-o-que-ameaca-o-pacote-de-lula-para-segurar-o-preco-do-diesel\\\/#breadcrumb\",\"itemListElement\":[{\"@type\":\"ListItem\",\"position\":1,\"name\":\"In\u00edcio\",\"item\":\"https:\\\/\\\/ubirataonline.com.br\\\/\"},{\"@type\":\"ListItem\",\"position\":2,\"name\":\"&#8216;\u00c9 guerra, n\u00e3o gan\u00e2ncia&#8217;: o que amea\u00e7a o pacote de Lula para segurar o pre\u00e7o do diesel\"}]},{\"@type\":\"WebSite\",\"@id\":\"https:\\\/\\\/ubirataonline.com.br\\\/#website\",\"url\":\"https:\\\/\\\/ubirataonline.com.br\\\/\",\"name\":\"Ubirat\u00e3 Online Not\u00edcias\",\"description\":\"Not\u00edcias de Ubirat\u00e3, regi\u00e3o, Brasil e mundo, com informa\u00e7\u00e3o atualizada e compromisso com o leitor.\",\"publisher\":{\"@id\":\"https:\\\/\\\/ubirataonline.com.br\\\/#organization\"},\"alternateName\":\"Ubirat\u00e3 Online\",\"potentialAction\":[{\"@type\":\"SearchAction\",\"target\":{\"@type\":\"EntryPoint\",\"urlTemplate\":\"https:\\\/\\\/ubirataonline.com.br\\\/?s={search_term_string}\"},\"query-input\":{\"@type\":\"PropertyValueSpecification\",\"valueRequired\":true,\"valueName\":\"search_term_string\"}}],\"inLanguage\":\"en-US\"},{\"@type\":[\"Organization\",\"Place\"],\"@id\":\"https:\\\/\\\/ubirataonline.com.br\\\/#organization\",\"name\":\"Ubirat\u00e3 Online Not\u00edcias\",\"alternateName\":\"Ubirat\u00e3 Online\",\"url\":\"https:\\\/\\\/ubirataonline.com.br\\\/\",\"logo\":{\"@id\":\"https:\\\/\\\/ubirataonline.com.br\\\/e-guerra-nao-ganancia-o-que-ameaca-o-pacote-de-lula-para-segurar-o-preco-do-diesel\\\/#local-main-organization-logo\"},\"image\":{\"@id\":\"https:\\\/\\\/ubirataonline.com.br\\\/e-guerra-nao-ganancia-o-que-ameaca-o-pacote-de-lula-para-segurar-o-preco-do-diesel\\\/#local-main-organization-logo\"},\"sameAs\":[\"https:\\\/\\\/www.facebook.com\\\/portalubirataonline\",\"https:\\\/\\\/x.com\\\/ubirataonline\",\"https:\\\/\\\/mastodon.social\\\/@ubirataonline\",\"https:\\\/\\\/www.facebook.com\\\/groups\\\/311144672285604\",\"https:\\\/\\\/www.facebook.com\\\/UBTAOnline\",\"https:\\\/\\\/www.instagram.com\\\/portalubirataonline\\\/\",\"https:\\\/\\\/twitter.com\\\/ubirataonline\"],\"description\":\"Somos um portal de not\u00edcias independente, criado em 5 de janeiro de 2009, com o objetivo de informar, conectar e valorizar a nossa comunidade de Ubirat\u00e3 e toda aregi\u00e3o. Com conte\u00fado atualizado, confi\u00e1vel e relevante, o Ubirat\u00e3 Online \u00e9 o seu espa\u00e7o para ficar por dentro dos principais acontecimentos locais, regionais, Brasil, Mundo e de interesse geral. Nosso compromisso \u00e9 com a verdade, a transpar\u00eancia e o respeito ao leitor.\",\"legalName\":\"UBIRATA ONLINE NOT\u00cdCIAS\",\"foundingDate\":\"2009-01-05\",\"numberOfEmployees\":{\"@type\":\"QuantitativeValue\",\"minValue\":\"1\",\"maxValue\":\"10\"},\"publishingPrinciples\":\"https:\\\/\\\/ubirataonline.com.br\\\/faq\\\/\",\"address\":{\"@id\":\"https:\\\/\\\/ubirataonline.com.br\\\/e-guerra-nao-ganancia-o-que-ameaca-o-pacote-de-lula-para-segurar-o-preco-do-diesel\\\/#local-main-place-address\"},\"geo\":{\"@type\":\"GeoCoordinates\",\"latitude\":\"-24.5361401\",\"longitude\":\"-52.9921776\"},\"telephone\":[\"+5544998308235\"],\"contactPoint\":{\"@type\":\"ContactPoint\",\"email\":\"contato@ubirataonline.com.br\"},\"openingHoursSpecification\":{\"@type\":\"OpeningHoursSpecification\",\"dayOfWeek\":[\"Monday\",\"Tuesday\",\"Wednesday\",\"Thursday\",\"Friday\",\"Saturday\",\"Sunday\"],\"opens\":\"00:00\",\"closes\":\"23:59\"},\"email\":\"contato@ubirataonline.com.br\",\"vatID\":\"47.621.418\\\/0001-80\"},{\"@type\":\"Person\",\"@id\":\"https:\\\/\\\/ubirataonline.com.br\\\/#\\\/schema\\\/person\\\/372f87bbd3fdd79b8556b84c98d0bc1c\",\"name\":\"REDA\u00c7\u00c3O: UBIRAT\u00c3 ONLINE - F\u00c1BIO AUGUSTO CELESTINO\",\"pronouns\":\"Ele\",\"description\":\"Desde 2003 trabalhando com not\u00edcias.\",\"sameAs\":[\"http:\\\/\\\/ubirataoline.com.br\",\"https:\\\/\\\/www.facebook.com\\\/portalubirataonline\",\"https:\\\/\\\/www.instagram.com\\\/ubirataonline_oficial\",\"https:\\\/\\\/x.com\\\/x.com\\\/ubirataonline\"],\"honorificPrefix\":\"Mr.\",\"honorificSuffix\":\"MD\",\"birthDate\":\"1980-06-16\",\"gender\":\"masculino\",\"award\":[\"V\u00e1rios pr\u00eamios de melhor portal da cidade\"],\"jobTitle\":\"Diretor\",\"url\":\"https:\\\/\\\/ubirataonline.com.br\\\/en\\\/author\\\/ubirataonline\\\/\"},{\"@type\":\"PostalAddress\",\"@id\":\"https:\\\/\\\/ubirataonline.com.br\\\/e-guerra-nao-ganancia-o-que-ameaca-o-pacote-de-lula-para-segurar-o-preco-do-diesel\\\/#local-main-place-address\",\"streetAddress\":\"Rua dos Coqueiros, 104 - Bairro Boa Vista, Rua dos Coqueiros, 104 Bairro Boa Vista\",\"addressLocality\":\"UBIRATA\",\"postalCode\":\"85440-000\",\"addressRegion\":\"PR\",\"addressCountry\":\"BR\"},{\"@type\":\"ImageObject\",\"inLanguage\":\"en-US\",\"@id\":\"https:\\\/\\\/ubirataonline.com.br\\\/e-guerra-nao-ganancia-o-que-ameaca-o-pacote-de-lula-para-segurar-o-preco-do-diesel\\\/#local-main-organization-logo\",\"url\":\"https:\\\/\\\/ubirataonline.com.br\\\/wp-content\\\/uploads\\\/2026\\\/06\\\/logoubirataonline-1.webp\",\"contentUrl\":\"https:\\\/\\\/ubirataonline.com.br\\\/wp-content\\\/uploads\\\/2026\\\/06\\\/logoubirataonline-1.webp\",\"width\":500,\"height\":500,\"caption\":\"Ubirat\u00e3 Online Not\u00edcias\"}]}<\/script>\n<meta name=\"geo.placename\" content=\"UBIRATA\" \/>\n<meta name=\"geo.position\" content=\"-24.5361401;-52.9921776\" \/>\n<meta name=\"geo.region\" content=\"Brazil\" \/>\n<!-- \/ Yoast SEO Premium plugin. -->","yoast_head_json":{"title":"'\u00c9 guerra, n\u00e3o gan\u00e2ncia': o que amea\u00e7a o pacote de Lula para segurar o pre\u00e7o do diesel - Ubirat\u00e3 Online Not\u00edcias - A realidade ao seu alcance!","description":"Cr\u00e9dito, Rovena Rosa\/Ag\u00eancia BrasilLegenda da foto, Especialistas dizem que as medidas anunciadas pelo governo devem mitigar a alta do combust\u00edvel, mas","robots":{"index":"index","follow":"follow","max-snippet":"max-snippet:-1","max-image-preview":"max-image-preview:large","max-video-preview":"max-video-preview:-1"},"canonical":"https:\/\/ubirataonline.com.br\/en\/e-guerra-nao-ganancia-o-que-ameaca-o-pacote-de-lula-para-segurar-o-preco-do-diesel\/","og_locale":"en_US","og_type":"article","og_title":"'\u00c9 guerra, n\u00e3o gan\u00e2ncia': o que amea\u00e7a o pacote de Lula para segurar o pre\u00e7o do diesel","og_description":"Cr\u00e9dito, Rovena Rosa\/Ag\u00eancia BrasilLegenda da foto, Especialistas dizem que as medidas anunciadas pelo governo devem mitigar a alta do combust\u00edvel, mas","og_url":"https:\/\/ubirataonline.com.br\/en\/e-guerra-nao-ganancia-o-que-ameaca-o-pacote-de-lula-para-segurar-o-preco-do-diesel\/","og_site_name":"Ubirat\u00e3 Online Not\u00edcias - A realidade ao seu alcance!","article_publisher":"https:\/\/www.facebook.com\/portalubirataonline","article_author":"https:\/\/www.facebook.com\/portalubirataonline","article_published_time":"2026-04-08T00:39:56+00:00","article_modified_time":"2026-04-08T00:39:59+00:00","og_image":[{"width":1024,"height":576,"url":"https:\/\/ubirataonline.com.br\/wp-content\/uploads\/2026\/04\/E-guerra-nao-ganancia-o-que-ameaca-o-pacote-de.jpg","type":"image\/jpeg"}],"author":"REDA\u00c7\u00c3O: UBIRAT\u00c3 ONLINE - F\u00c1BIO AUGUSTO CELESTINO","twitter_card":"summary_large_image","twitter_creator":"@x.com\/ubirataonline","twitter_site":"@ubirataonline","twitter_misc":{"Written by":"REDA\u00c7\u00c3O: UBIRAT\u00c3 ONLINE - F\u00c1BIO AUGUSTO CELESTINO","Est. reading time":"9 minutes"},"schema":{"@context":"https:\/\/schema.org","@graph":[{"@type":"NewsArticle","@id":"https:\/\/ubirataonline.com.br\/e-guerra-nao-ganancia-o-que-ameaca-o-pacote-de-lula-para-segurar-o-preco-do-diesel\/#article","isPartOf":{"@id":"https:\/\/ubirataonline.com.br\/e-guerra-nao-ganancia-o-que-ameaca-o-pacote-de-lula-para-segurar-o-preco-do-diesel\/"},"author":{"name":"REDA\u00c7\u00c3O: UBIRAT\u00c3 ONLINE - F\u00c1BIO AUGUSTO CELESTINO","@id":"https:\/\/ubirataonline.com.br\/#\/schema\/person\/372f87bbd3fdd79b8556b84c98d0bc1c"},"headline":"&#8216;\u00c9 guerra, n\u00e3o gan\u00e2ncia&#8217;: o que amea\u00e7a o pacote de Lula para segurar o pre\u00e7o do diesel","datePublished":"2026-04-08T00:39:56+00:00","dateModified":"2026-04-08T00:39:59+00:00","mainEntityOfPage":{"@id":"https:\/\/ubirataonline.com.br\/e-guerra-nao-ganancia-o-que-ameaca-o-pacote-de-lula-para-segurar-o-preco-do-diesel\/"},"wordCount":1746,"publisher":{"@id":"https:\/\/ubirataonline.com.br\/#organization"},"image":{"@id":"https:\/\/ubirataonline.com.br\/e-guerra-nao-ganancia-o-que-ameaca-o-pacote-de-lula-para-segurar-o-preco-do-diesel\/#primaryimage"},"thumbnailUrl":"https:\/\/ubirataonline.com.br\/wp-content\/uploads\/2026\/04\/E-guerra-nao-ganancia-o-que-ameaca-o-pacote-de.jpg","keywords":["amea\u00e7a","diesel","gan\u00e2ncia","Guerra","Lula","n\u00e3o","pacote","para","pre\u00e7o","segurar"],"articleSection":["Brasil"],"inLanguage":"en-US","copyrightYear":"2026","copyrightHolder":{"@id":"https:\/\/ubirataonline.com.br\/en\/#organization"}},{"@type":"WebPage","@id":"https:\/\/ubirataonline.com.br\/e-guerra-nao-ganancia-o-que-ameaca-o-pacote-de-lula-para-segurar-o-preco-do-diesel\/","url":"https:\/\/ubirataonline.com.br\/e-guerra-nao-ganancia-o-que-ameaca-o-pacote-de-lula-para-segurar-o-preco-do-diesel\/","name":"'\u00c9 guerra, n\u00e3o gan\u00e2ncia': o que amea\u00e7a o pacote de Lula para segurar o pre\u00e7o do diesel - Ubirat\u00e3 Online Not\u00edcias - A realidade ao seu alcance!","isPartOf":{"@id":"https:\/\/ubirataonline.com.br\/#website"},"primaryImageOfPage":{"@id":"https:\/\/ubirataonline.com.br\/e-guerra-nao-ganancia-o-que-ameaca-o-pacote-de-lula-para-segurar-o-preco-do-diesel\/#primaryimage"},"image":{"@id":"https:\/\/ubirataonline.com.br\/e-guerra-nao-ganancia-o-que-ameaca-o-pacote-de-lula-para-segurar-o-preco-do-diesel\/#primaryimage"},"thumbnailUrl":"https:\/\/ubirataonline.com.br\/wp-content\/uploads\/2026\/04\/E-guerra-nao-ganancia-o-que-ameaca-o-pacote-de.jpg","datePublished":"2026-04-08T00:39:56+00:00","dateModified":"2026-04-08T00:39:59+00:00","description":"Cr\u00e9dito, Rovena Rosa\/Ag\u00eancia BrasilLegenda da foto, Especialistas dizem que as medidas anunciadas pelo governo devem mitigar a alta do combust\u00edvel, mas","breadcrumb":{"@id":"https:\/\/ubirataonline.com.br\/e-guerra-nao-ganancia-o-que-ameaca-o-pacote-de-lula-para-segurar-o-preco-do-diesel\/#breadcrumb"},"inLanguage":"en-US","potentialAction":[{"@type":"ReadAction","target":["https:\/\/ubirataonline.com.br\/e-guerra-nao-ganancia-o-que-ameaca-o-pacote-de-lula-para-segurar-o-preco-do-diesel\/"]}]},{"@type":"ImageObject","inLanguage":"en-US","@id":"https:\/\/ubirataonline.com.br\/e-guerra-nao-ganancia-o-que-ameaca-o-pacote-de-lula-para-segurar-o-preco-do-diesel\/#primaryimage","url":"https:\/\/ubirataonline.com.br\/wp-content\/uploads\/2026\/04\/E-guerra-nao-ganancia-o-que-ameaca-o-pacote-de.jpg","contentUrl":"https:\/\/ubirataonline.com.br\/wp-content\/uploads\/2026\/04\/E-guerra-nao-ganancia-o-que-ameaca-o-pacote-de.jpg","width":1024,"height":576,"caption":"Legenda da foto, Especialistas dizem que as medidas anunciadas pelo governo devem mitigar a alta do combust\u00edvel, mas ter\u00e3o efeito limitado."},{"@type":"BreadcrumbList","@id":"https:\/\/ubirataonline.com.br\/e-guerra-nao-ganancia-o-que-ameaca-o-pacote-de-lula-para-segurar-o-preco-do-diesel\/#breadcrumb","itemListElement":[{"@type":"ListItem","position":1,"name":"In\u00edcio","item":"https:\/\/ubirataonline.com.br\/"},{"@type":"ListItem","position":2,"name":"&#8216;\u00c9 guerra, n\u00e3o gan\u00e2ncia&#8217;: o que amea\u00e7a o pacote de Lula para segurar o pre\u00e7o do diesel"}]},{"@type":"WebSite","@id":"https:\/\/ubirataonline.com.br\/#website","url":"https:\/\/ubirataonline.com.br\/","name":"Ubirat\u00e3 Online Not\u00edcias","description":"Not\u00edcias de Ubirat\u00e3, regi\u00e3o, Brasil e mundo, com informa\u00e7\u00e3o atualizada e compromisso com o leitor.","publisher":{"@id":"https:\/\/ubirataonline.com.br\/#organization"},"alternateName":"Ubirat\u00e3 Online","potentialAction":[{"@type":"SearchAction","target":{"@type":"EntryPoint","urlTemplate":"https:\/\/ubirataonline.com.br\/?s={search_term_string}"},"query-input":{"@type":"PropertyValueSpecification","valueRequired":true,"valueName":"search_term_string"}}],"inLanguage":"en-US"},{"@type":["Organization","Place"],"@id":"https:\/\/ubirataonline.com.br\/#organization","name":"Ubirat\u00e3 Online Not\u00edcias","alternateName":"Ubirat\u00e3 Online","url":"https:\/\/ubirataonline.com.br\/","logo":{"@id":"https:\/\/ubirataonline.com.br\/e-guerra-nao-ganancia-o-que-ameaca-o-pacote-de-lula-para-segurar-o-preco-do-diesel\/#local-main-organization-logo"},"image":{"@id":"https:\/\/ubirataonline.com.br\/e-guerra-nao-ganancia-o-que-ameaca-o-pacote-de-lula-para-segurar-o-preco-do-diesel\/#local-main-organization-logo"},"sameAs":["https:\/\/www.facebook.com\/portalubirataonline","https:\/\/x.com\/ubirataonline","https:\/\/mastodon.social\/@ubirataonline","https:\/\/www.facebook.com\/groups\/311144672285604","https:\/\/www.facebook.com\/UBTAOnline","https:\/\/www.instagram.com\/portalubirataonline\/","https:\/\/twitter.com\/ubirataonline"],"description":"Somos um portal de not\u00edcias independente, criado em 5 de janeiro de 2009, com o objetivo de informar, conectar e valorizar a nossa comunidade de Ubirat\u00e3 e toda aregi\u00e3o. Com conte\u00fado atualizado, confi\u00e1vel e relevante, o Ubirat\u00e3 Online \u00e9 o seu espa\u00e7o para ficar por dentro dos principais acontecimentos locais, regionais, Brasil, Mundo e de interesse geral. Nosso compromisso \u00e9 com a verdade, a transpar\u00eancia e o respeito ao leitor.","legalName":"UBIRATA ONLINE NOT\u00cdCIAS","foundingDate":"2009-01-05","numberOfEmployees":{"@type":"QuantitativeValue","minValue":"1","maxValue":"10"},"publishingPrinciples":"https:\/\/ubirataonline.com.br\/faq\/","address":{"@id":"https:\/\/ubirataonline.com.br\/e-guerra-nao-ganancia-o-que-ameaca-o-pacote-de-lula-para-segurar-o-preco-do-diesel\/#local-main-place-address"},"geo":{"@type":"GeoCoordinates","latitude":"-24.5361401","longitude":"-52.9921776"},"telephone":["+5544998308235"],"contactPoint":{"@type":"ContactPoint","email":"contato@ubirataonline.com.br"},"openingHoursSpecification":{"@type":"OpeningHoursSpecification","dayOfWeek":["Monday","Tuesday","Wednesday","Thursday","Friday","Saturday","Sunday"],"opens":"00:00","closes":"23:59"},"email":"contato@ubirataonline.com.br","vatID":"47.621.418\/0001-80"},{"@type":"Person","@id":"https:\/\/ubirataonline.com.br\/#\/schema\/person\/372f87bbd3fdd79b8556b84c98d0bc1c","name":"REDA\u00c7\u00c3O: UBIRAT\u00c3 ONLINE - F\u00c1BIO AUGUSTO CELESTINO","pronouns":"Ele","description":"Desde 2003 trabalhando com not\u00edcias.","sameAs":["http:\/\/ubirataoline.com.br","https:\/\/www.facebook.com\/portalubirataonline","https:\/\/www.instagram.com\/ubirataonline_oficial","https:\/\/x.com\/x.com\/ubirataonline"],"honorificPrefix":"Mr.","honorificSuffix":"MD","birthDate":"1980-06-16","gender":"masculino","award":["V\u00e1rios pr\u00eamios de melhor portal da cidade"],"jobTitle":"Diretor","url":"https:\/\/ubirataonline.com.br\/en\/author\/ubirataonline\/"},{"@type":"PostalAddress","@id":"https:\/\/ubirataonline.com.br\/e-guerra-nao-ganancia-o-que-ameaca-o-pacote-de-lula-para-segurar-o-preco-do-diesel\/#local-main-place-address","streetAddress":"Rua dos Coqueiros, 104 - Bairro Boa Vista, Rua dos Coqueiros, 104 Bairro Boa Vista","addressLocality":"UBIRATA","postalCode":"85440-000","addressRegion":"PR","addressCountry":"BR"},{"@type":"ImageObject","inLanguage":"en-US","@id":"https:\/\/ubirataonline.com.br\/e-guerra-nao-ganancia-o-que-ameaca-o-pacote-de-lula-para-segurar-o-preco-do-diesel\/#local-main-organization-logo","url":"https:\/\/ubirataonline.com.br\/wp-content\/uploads\/2026\/06\/logoubirataonline-1.webp","contentUrl":"https:\/\/ubirataonline.com.br\/wp-content\/uploads\/2026\/06\/logoubirataonline-1.webp","width":500,"height":500,"caption":"Ubirat\u00e3 Online Not\u00edcias"}]},"geo.placename":"UBIRATA","geo.position":{"lat":"-24.5361401","long":"-52.9921776"},"geo.region":"Brazil"},"_links":{"self":[{"href":"https:\/\/ubirataonline.com.br\/en\/wp-json\/wp\/v2\/posts\/100753","targetHints":{"allow":["GET"]}}],"collection":[{"href":"https:\/\/ubirataonline.com.br\/en\/wp-json\/wp\/v2\/posts"}],"about":[{"href":"https:\/\/ubirataonline.com.br\/en\/wp-json\/wp\/v2\/types\/post"}],"author":[{"embeddable":true,"href":"https:\/\/ubirataonline.com.br\/en\/wp-json\/wp\/v2\/users\/1"}],"replies":[{"embeddable":true,"href":"https:\/\/ubirataonline.com.br\/en\/wp-json\/wp\/v2\/comments?post=100753"}],"version-history":[{"count":0,"href":"https:\/\/ubirataonline.com.br\/en\/wp-json\/wp\/v2\/posts\/100753\/revisions"}],"wp:featuredmedia":[{"embeddable":true,"href":"https:\/\/ubirataonline.com.br\/en\/wp-json\/wp\/v2\/media\/100754"}],"wp:attachment":[{"href":"https:\/\/ubirataonline.com.br\/en\/wp-json\/wp\/v2\/media?parent=100753"}],"wp:term":[{"taxonomy":"category","embeddable":true,"href":"https:\/\/ubirataonline.com.br\/en\/wp-json\/wp\/v2\/categories?post=100753"},{"taxonomy":"post_tag","embeddable":true,"href":"https:\/\/ubirataonline.com.br\/en\/wp-json\/wp\/v2\/tags?post=100753"}],"curies":[{"name":"wp","href":"https:\/\/api.w.org\/{rel}","templated":true}]}}