{"id":100802,"date":"2026-04-07T22:42:01","date_gmt":"2026-04-08T01:42:01","guid":{"rendered":"https:\/\/ubirataonline.com.br\/avanco-de-frente-fria-provoca-ventos-de-ate-80-km-h-no-parana\/"},"modified":"2026-04-07T22:42:03","modified_gmt":"2026-04-08T01:42:03","slug":"avanco-de-frente-fria-provoca-ventos-de-ate-80-km-h-no-parana","status":"publish","type":"post","link":"https:\/\/ubirataonline.com.br\/en\/avanco-de-frente-fria-provoca-ventos-de-ate-80-km-h-no-parana\/","title":{"rendered":"Avan\u00e7o de frente fria provoca ventos de at\u00e9 80 km\/h no Paran\u00e1"},"content":{"rendered":"<p><\/p>\n<div id=\"post-content\">\n<p>O <a href=\"https:\/\/www.tribunapr.com.br\/noticias\/parana\/alerta-laranja-frente-fria-chega-com-forca-ao-parana-nesta-terca\/\" target=\"_blank\" rel=\"noreferrer noopener\">avan\u00e7o de uma frente fria<\/a>, impulsionada por um ciclone extratropical formado entre o Rio Grande do Sul e o Uruguai, provocou ventos fortes e chuva em diversas regi\u00f5es do Paran\u00e1 nesta ter\u00e7a-feira (07\/04). <\/p>\n<p>Ap\u00f3s alerta sobre a mudan\u00e7a j\u00e1 no in\u00edcio desta ter\u00e7a, o Sistema de Tecnologia e Monitoramento Ambiental do Paran\u00e1\u00a0(Simepar) atualizou os dados \u00e0s 20h30, mostrando que ventos atingiram a marca de 80 km\/h ao longo do dia. <\/p>\n<p>A combina\u00e7\u00e3o do deslocamento frontal com as altas temperaturas registradas durante o dia criou o cen\u00e1rio ideal para tempestades intensas. O estado permanece em aten\u00e7\u00e3o para riscos de ventanias at\u00e9 quarta-feira (08\/04). <\/p>\n<h2 class=\"wp-block-heading\" id=\"h-santa-maria-do-oeste-registra-pico-de-80-km-h\">Santa Maria do Oeste registra pico de 80 km\/h<\/h2>\n<p>At\u00e9 as 20h desta ter\u00e7a, diversas cidades paranaenses registraram rajadas de vento acima dos 50 km\/h. O maior registro ocorreu em <strong>Santa Maria do Oeste<\/strong>, onde os ventos chegaram a <strong>80 km\/h<\/strong> no in\u00edcio da noite. Outros destaques incluem:<\/p>\n<ul class=\"wp-block-list\">\n<li><strong>Laranjeiras do Sul:<\/strong> 65,9 km\/h<\/li>\n<li><strong>Planalto:<\/strong> 63,7 km\/h<\/li>\n<li><strong>Foz do Igua\u00e7u e Cascavel:<\/strong> 62,6 km\/h<\/li>\n<li><strong>Nova Prata do Igua\u00e7u:<\/strong> 60,1 km\/h<\/li>\n<li><strong>Campo Mour\u00e3o:<\/strong> 52,2 km\/h<\/li>\n<\/ul>\n<h2 class=\"wp-block-heading\" id=\"h-acumulados-de-chuva-no-parana\">Acumulados de chuva no Paran\u00e1<\/h2>\n<p>O volume de \u00e1gua tamb\u00e9m foi significativo em cidades do Oeste e Sudoeste do Paran\u00e1. Em <strong>Capanema<\/strong>, o acumulado chegou a <strong>55,6 mil\u00edmetros (mm)<\/strong> at\u00e9 as 20h15. Outras cidades com chuvas fortes foram:<\/p>\n<ul class=\"wp-block-list\">\n<li><strong>Boa Vista da Aparecida:<\/strong> 51,6 mm<\/li>\n<li><strong>Cruzeiro do Igua\u00e7u:<\/strong> 48,8 mm<\/li>\n<li><strong>S\u00e3o Miguel do Igua\u00e7u:<\/strong> 47,8 mm<\/li>\n<li><strong>Pato Branco:<\/strong> 36,4 mm<\/li>\n<\/ul>\n<h3 class=\"wp-block-heading\" id=\"h-previsao-para-quarta-feira\">Previs\u00e3o para quarta-feira <\/h3>\n<p>Para esta quarta-feira (08\/04), a previs\u00e3o do Simepar indica que a instabilidade mais severa deve diminuir, com chuvas ocorrendo de forma mais irregular. No entanto, o alerta se volta para a intensifica\u00e7\u00e3o dos ventos.<\/p>\n<p>Com o deslocamento do ciclone pelo Oceano Atl\u00e2ntico, na altura do Rio Grande do Sul, s\u00e3o esperadas rajadas das dire\u00e7\u00f5es oeste e noroeste no Paran\u00e1. <\/p>\n<ul class=\"wp-block-list\">\n<li>Planalto (INMET) por volta das 17h: 63,7km\/h<\/li>\n<li>Nova Tebas (INMET) por volta das 17h: 52,2km\/h<\/li>\n<li>Cidade Ga\u00facha (INMET) por volta das 19h: 51,5km\/h<\/li>\n<li>Marechal C\u00e2ndido Rondon (INMET) por volta das 18h: 51,8km\/h<\/li>\n<li>Foz do Igua\u00e7u (Aeroporto) \u00e0s 15h35: 62,6km\/h<\/li>\n<li>Cascavel (Aeroporto) \u00e0s 17h15: 62,6km\/h<\/li>\n<li>Francisco Beltr\u00e3o \u00e0s 17h45: 52,6km\/h<\/li>\n<li>General Carneiro \u00e0s 14h45: 51,1km\/h<\/li>\n<li>Nova Prata do Igua\u00e7u \u00e0s 17h15: 60,1km\/h<\/li>\n<li>Campo Mour\u00e3o \u00e0s 19h30: 52,2km\/h<\/li>\n<li>Laranjeiras do Sul \u00e0s 19h: 65,9km\/h<\/li>\n<li>Loanda \u00e0s 18h: 56,2km\/h<\/li>\n<li>Santa Maria do Oeste \u00e0s 20h: 80km\/h<\/li>\n<\/ul>\n<h2 class=\"wp-block-heading\" id=\"h-volumes-de-chuva-acima-de-10-mm-ate-as-20h15-desta-terca-feira-07-no-parana\">Volumes de chuva acima de 10 mm at\u00e9 as 20h15 desta ter\u00e7a-feira (07) no Paran\u00e1<\/h2>\n<ul class=\"wp-block-list\">\n<li>Cand\u00f3i (ELEJOR): 13,4 mm<\/li>\n<li>Guarapuava (ELEJOR): 13,6 mm<\/li>\n<li>Santa Maria do Oeste: 14,6 mm<\/li>\n<li>Nova Laranjeiras: 22 mm<\/li>\n<li>Loanda: 21,8 mm<\/li>\n<li>Campina da Lagoa (INMET): 10,4 mm<\/li>\n<li>Foz do Igua\u00e7u: 26 mm<\/li>\n<li>Toledo (PCH S\u00e3o Francisco): 15 mm<\/li>\n<li>Toledo: 10,8 mm<\/li>\n<li>Ouro Verde do Oeste: 30,6 mm<\/li>\n<li>Santa Helena: 19,4 mm<\/li>\n<li>S\u00e3o Miguel do Igua\u00e7u: 47,8 mm<\/li>\n<li>S\u00e3o Jorge d\u2019Oeste: 22,2 mm<\/li>\n<li>Capanema \u2013 Baixo Igua\u00e7u: 55,6 mm<\/li>\n<li>Capanema \u2013 Porto Capanema: 33,8 mm<\/li>\n<li>Foz do Jord\u00e3o: 12,4 mm<\/li>\n<li>Cruzeiro do Igua\u00e7u: 48,8 mm<\/li>\n<li>Francisco Beltr\u00e3o: 25,6 mm<\/li>\n<li>Laranjeiras do Sul: 10 mm<\/li>\n<li>Pato Branco: 36,4 mm<\/li>\n<li>Boa Esperan\u00e7a do Igua\u00e7u: 34,6 mm<\/li>\n<li>Planalto (INMET): 21,4 mm<\/li>\n<li>Quedas do Igua\u00e7u: 31 mm<\/li>\n<li>Mangueirinha: 19,8 mm<\/li>\n<li>S\u00e3o Mateus do Sul: 17,4 mm<\/li>\n<li>S\u00e3o Mateus do Sul \u2013 Fluvi\u00f3polis: 10,2 mm<\/li>\n<li>Pinh\u00e3o \u2013 Foz do Areia: 11,4 mm<\/li>\n<li>Palmas: 39,4 mm<\/li>\n<li>Coronel Domingos Soares: 17,6 mm<\/li>\n<li>Tr\u00eas Barras do Paran\u00e1: 35,2 mm<\/li>\n<li>Ver\u00ea: 19,4 mm<\/li>\n<li>Boa Vista da Aparecida: 51,6 mm<\/li>\n<li>Nova Prata do Igua\u00e7u: 34,6 mm<\/li>\n<\/ul>\n<section class=\"virals\">\n<article class=\"cardnews cardnews--post cardnews--has-thumbnail cardnews--editorial-noticias\"> <a href=\"https:\/\/www.tribunapr.com.br\/noticias\/curitiba-regiao\/vereador-perdeu-pia-e-investigado-por-usar-gm-para-se-autopromove?utm_source=noticias-virais-rodape&amp;utm_medium=internal-tribuna&amp;utm_campaign=tribuna\" class=\"cardnews__postlink\"> <\/p>\n<div class=\"cardnews__image\" is-api-thumb=\"\"><\/div>\n<div class=\"cardnews__content cardhome__content\">\n<div class=\"cardnews__content-wrapper\">\n<p> <span style=\"\"> De olho! <\/span> <\/p>\n<p>Vereador Perdeu Pi\u00e1 \u00e9 investigado por usar GM para se autopromover<\/p>\n<\/p><\/div>\n<\/p><\/div>\n<p> <\/a> <\/article>\n<article class=\"cardnews cardnews--post cardnews--has-thumbnail cardnews--editorial-noticias\"> <a href=\"https:\/\/www.tribunapr.com.br\/noticias\/parana\/parana-pode-sentir-efeitos-do-el-nino-a-partir-de-julho-o-que-esperar\/?utm_source=noticias-virais-rodape&amp;utm_medium=internal-tribuna&amp;utm_campaign=tribuna\" class=\"cardnews__postlink\"> <\/p>\n<div class=\"cardnews__image\" is-api-thumb=\"\"><img decoding=\"async\" src=\"https:\/\/www.tribunapr.com.br\/wp-content\/uploads\/2026\/02\/20182305\/chuvas-370x210.jpg\" loading=\"lazy\" alt=\"Paran\u00e1 pode sentir efeitos do El Ni\u00f1o a partir de julho; o que esperar\"\/><\/div>\n<div class=\"cardnews__content cardhome__content\">\n<div class=\"cardnews__content-wrapper\">\n<p> <span style=\"\"> Alerta <\/span> <\/p>\n<p>Paran\u00e1 pode sentir efeitos do El Ni\u00f1o a partir de julho; o que esperar<\/p>\n<\/p><\/div>\n<\/p><\/div>\n<p> <\/a> <\/article>\n<article class=\"cardnews cardnews--post cardnews--has-thumbnail cardnews--editorial-noticias\"> <a href=\"https:\/\/www.tribunapr.com.br\/noticias\/parana\/roteiro-inusitado-parana-coleciona-estatuas-peculiares-pelo-interior\/ C?utm_source=noticias-virais-rodape&amp;utm_medium=internal-tribuna&amp;utm_campaign=tribuna\" class=\"cardnews__postlink\"> <\/p>\n<div class=\"cardnews__image\" is-api-thumb=\"\"><img decoding=\"async\" src=\"https:\/\/www.tribunapr.com.br\/wp-content\/uploads\/2026\/01\/15072039\/falecimentos-em-curitiba-370x210.jpg\" loading=\"lazy\" alt=\"Roteiro inusitado: Paran\u00e1 coleciona est\u00e1tuas peculiares pelo interior \"\/><\/div>\n<div class=\"cardnews__content cardhome__content\">\n<div class=\"cardnews__content-wrapper\">\n<p> <span style=\"\"> Belezas do Paran\u00e1 <\/span> <\/p>\n<p>Roteiro inusitado: Paran\u00e1 coleciona est\u00e1tuas peculiares pelo interior <\/p>\n<\/p><\/div>\n<\/p><\/div>\n<p> <\/a> <\/article>\n<\/section>\n<div id=\"tribuna-follow-cta\">\n<p> <span class=\"cta-title\">Siga a <span class=\"tribuna-color\">Tribuna<\/span> no Google, e acompanhe as \u00faltimas not\u00edcias de Curitiba e regi\u00e3o!<\/span> <\/p>\n<p> <a href=\"https:\/\/profile.google.com\/cp\/CgwvZy8xMmxxajUzM3Mac2h0dHBzOi8vd3d3LnRyaWJ1bmFwci5jb20uYnIvdml2YS92aXRyaW5lL2dpZ2FudGUtZG8tdmVzdHVhcmlvLXJlaW5hdWd1cmEtbG9qYS1lbS1zaG9wcGluZy10cmFkaWNpb25hbC1kZS1jdXJpdGliYS8iElRyaWJ1bmEgZG8gUGFyYW7DoSqAAwrHAWh0dHBzOi8vZW5jcnlwdGVkLXRibjIuZ3N0YXRpYy5jb20vZmF2aWNvbi10Ym4_cT10Ym46QU5kOUdjUVJPbjVDRjR6TzJPbkUwTXZrRlRCRTY2U0g1bGlaVDRaZTV3bWNKeU5GRm1BSnluM01nNU9PR3BXY1pYMzZwYU5HUWtsZ09JVEFLTTNNZVNGbTc1aWp6M3k2ajUtQ3M2b25kX2JUcFFQQkVLd3RsUjBsTmJESnUtVHhrNXQtbFlCNlVpOWZSVVFjT2cSswFodHRwczovL2VuY3J5cHRlZC10Ym4zLmdzdGF0aWMuY29tL2Zhdmljb24tdGJuP3E9dGJuJTNBQU5kOUdjU0FMaWJ2eFF0YXdFMFRueVdWWmVKRS1MZEdRZjVTUi1OZ2RMazhyZzIwVy1nM0JuQ1F4VDNKZFBjRXR2THdBeVRxUDJEdHVycEdVR29CQkxpYzM5al9wSmFxRERaMHNCYW05WEVhSGVsMmZTQmdKdlF4WWVyMw\" target=\"_blank\" title=\"Seguir a Tribuna no Google\">  <\/a> <\/div>\n<\/p><\/div>\n<p><a href=\"https:\/\/www.tribunapr.com.br\/noticias\/parana\/avanco-de-frente-fria-provoca-ventos-no-parana\/\">Fonte do Artigo <\/a><\/p>","protected":false},"excerpt":{"rendered":"<p>O avan\u00e7o de uma frente fria, impulsionada por um ciclone extratropical formado entre o Rio Grande do Sul e o Uruguai, provocou ventos fortes e chuva em diversas regi\u00f5es do Paran\u00e1 nesta ter\u00e7a-feira (07\/04). Ap\u00f3s alerta sobre a mudan\u00e7a j\u00e1 no in\u00edcio desta ter\u00e7a, o Sistema de Tecnologia e Monitoramento Ambiental do Paran\u00e1\u00a0(Simepar) atualizou os [&hellip;]<\/p>\n","protected":false},"author":1,"featured_media":87744,"comment_status":"closed","ping_status":"","sticky":false,"template":"","format":"standard","meta":{"googlesitekit_rrm_CAow2JLhCw:productID":"","_gspb_post_css":"","maa_idioma":"","maa_pais":"","footnotes":""},"categories":[1],"tags":[3452,20282,3594,3595,3581,90,4768,7706],"class_list":["post-100802","post","type-post","status-publish","format-standard","has-post-thumbnail","hentry","category-ubirata","tag-ate","tag-avanco","tag-frente","tag-fria","tag-kmh","tag-parana","tag-provoca","tag-ventos"],"blocksy_meta":[],"yoast_head":"<!-- This site is optimized with the Yoast SEO Premium plugin v27.6 (Yoast SEO v27.6) - https:\/\/yoast.com\/product\/yoast-seo-premium-wordpress\/ -->\n<title>Avan\u00e7o de frente fria provoca ventos de at\u00e9 80 km\/h no Paran\u00e1 - Ubirat\u00e3 Online Not\u00edcias - A realidade ao seu alcance!<\/title>\n<meta name=\"description\" content=\"O avan\u00e7o de uma frente fria, impulsionada por um ciclone extratropical formado entre o Rio Grande do Sul e o Uruguai, provocou ventos fortes e chuva em\" \/>\n<meta name=\"robots\" content=\"index, follow, max-snippet:-1, max-image-preview:large, max-video-preview:-1\" \/>\n<link rel=\"canonical\" href=\"https:\/\/ubirataonline.com.br\/en\/avanco-de-frente-fria-provoca-ventos-de-ate-80-km-h-no-parana\/\" \/>\n<meta property=\"og:locale\" content=\"en_US\" \/>\n<meta property=\"og:type\" content=\"article\" \/>\n<meta property=\"og:title\" content=\"Avan\u00e7o de frente fria provoca ventos de at\u00e9 80 km\/h no Paran\u00e1\" \/>\n<meta property=\"og:description\" content=\"O avan\u00e7o de uma frente fria, impulsionada por um ciclone extratropical formado entre o Rio Grande do Sul e o Uruguai, provocou ventos fortes e chuva em\" \/>\n<meta property=\"og:url\" content=\"https:\/\/ubirataonline.com.br\/en\/avanco-de-frente-fria-provoca-ventos-de-ate-80-km-h-no-parana\/\" \/>\n<meta property=\"og:site_name\" content=\"Ubirat\u00e3 Online Not\u00edcias - A realidade ao seu alcance!\" \/>\n<meta property=\"article:publisher\" content=\"https:\/\/www.facebook.com\/portalubirataonline\" \/>\n<meta property=\"article:author\" content=\"https:\/\/www.facebook.com\/portalubirataonline\" \/>\n<meta property=\"article:published_time\" content=\"2026-04-08T01:42:01+00:00\" \/>\n<meta property=\"article:modified_time\" content=\"2026-04-08T01:42:03+00:00\" \/>\n<meta property=\"og:image\" content=\"https:\/\/ubirataonline.com.br\/wp-content\/uploads\/2026\/02\/rajadas-de-vento-chegam-a-846-kmh.jpg\" \/>\n\t<meta property=\"og:image:width\" content=\"1200\" \/>\n\t<meta property=\"og:image:height\" content=\"800\" \/>\n\t<meta property=\"og:image:type\" content=\"image\/jpeg\" \/>\n<meta name=\"author\" content=\"REDA\u00c7\u00c3O: UBIRAT\u00c3 ONLINE - F\u00c1BIO AUGUSTO CELESTINO\" \/>\n<meta name=\"twitter:card\" content=\"summary_large_image\" \/>\n<meta name=\"twitter:creator\" content=\"@x.com\/ubirataonline\" \/>\n<meta name=\"twitter:site\" content=\"@ubirataonline\" \/>\n<meta name=\"twitter:label1\" content=\"Written by\" \/>\n\t<meta name=\"twitter:data1\" content=\"REDA\u00c7\u00c3O: UBIRAT\u00c3 ONLINE - F\u00c1BIO AUGUSTO CELESTINO\" \/>\n\t<meta name=\"twitter:label2\" content=\"Est. reading time\" \/>\n\t<meta name=\"twitter:data2\" content=\"3 minutes\" \/>\n<script type=\"application\/ld+json\" class=\"yoast-schema-graph\">{\"@context\":\"https:\\\/\\\/schema.org\",\"@graph\":[{\"@type\":\"NewsArticle\",\"@id\":\"https:\\\/\\\/ubirataonline.com.br\\\/avanco-de-frente-fria-provoca-ventos-de-ate-80-km-h-no-parana\\\/#article\",\"isPartOf\":{\"@id\":\"https:\\\/\\\/ubirataonline.com.br\\\/avanco-de-frente-fria-provoca-ventos-de-ate-80-km-h-no-parana\\\/\"},\"author\":{\"name\":\"REDA\u00c7\u00c3O: UBIRAT\u00c3 ONLINE - F\u00c1BIO AUGUSTO CELESTINO\",\"@id\":\"https:\\\/\\\/ubirataonline.com.br\\\/#\\\/schema\\\/person\\\/372f87bbd3fdd79b8556b84c98d0bc1c\"},\"headline\":\"Avan\u00e7o de frente fria provoca ventos de at\u00e9 80 km\\\/h no Paran\u00e1\",\"datePublished\":\"2026-04-08T01:42:01+00:00\",\"dateModified\":\"2026-04-08T01:42:03+00:00\",\"mainEntityOfPage\":{\"@id\":\"https:\\\/\\\/ubirataonline.com.br\\\/avanco-de-frente-fria-provoca-ventos-de-ate-80-km-h-no-parana\\\/\"},\"wordCount\":652,\"publisher\":{\"@id\":\"https:\\\/\\\/ubirataonline.com.br\\\/#organization\"},\"image\":{\"@id\":\"https:\\\/\\\/ubirataonline.com.br\\\/avanco-de-frente-fria-provoca-ventos-de-ate-80-km-h-no-parana\\\/#primaryimage\"},\"thumbnailUrl\":\"https:\\\/\\\/ubirataonline.com.br\\\/wp-content\\\/uploads\\\/2026\\\/02\\\/rajadas-de-vento-chegam-a-846-kmh.jpg\",\"keywords\":[\"at\u00e9\",\"avan\u00e7o\",\"Frente\",\"fria\",\"kmh\",\"paran\u00e1\",\"provoca\",\"ventos\"],\"articleSection\":[\"Ubirat\u00e3\"],\"inLanguage\":\"en-US\",\"copyrightYear\":\"2026\",\"copyrightHolder\":{\"@id\":\"https:\\\/\\\/ubirataonline.com.br\\\/en\\\/#organization\"}},{\"@type\":\"WebPage\",\"@id\":\"https:\\\/\\\/ubirataonline.com.br\\\/avanco-de-frente-fria-provoca-ventos-de-ate-80-km-h-no-parana\\\/\",\"url\":\"https:\\\/\\\/ubirataonline.com.br\\\/avanco-de-frente-fria-provoca-ventos-de-ate-80-km-h-no-parana\\\/\",\"name\":\"Avan\u00e7o de frente fria provoca ventos de at\u00e9 80 km\\\/h no Paran\u00e1 - Ubirat\u00e3 Online Not\u00edcias - A realidade ao seu alcance!\",\"isPartOf\":{\"@id\":\"https:\\\/\\\/ubirataonline.com.br\\\/#website\"},\"primaryImageOfPage\":{\"@id\":\"https:\\\/\\\/ubirataonline.com.br\\\/avanco-de-frente-fria-provoca-ventos-de-ate-80-km-h-no-parana\\\/#primaryimage\"},\"image\":{\"@id\":\"https:\\\/\\\/ubirataonline.com.br\\\/avanco-de-frente-fria-provoca-ventos-de-ate-80-km-h-no-parana\\\/#primaryimage\"},\"thumbnailUrl\":\"https:\\\/\\\/ubirataonline.com.br\\\/wp-content\\\/uploads\\\/2026\\\/02\\\/rajadas-de-vento-chegam-a-846-kmh.jpg\",\"datePublished\":\"2026-04-08T01:42:01+00:00\",\"dateModified\":\"2026-04-08T01:42:03+00:00\",\"description\":\"O avan\u00e7o de uma frente fria, impulsionada por um ciclone extratropical formado entre o Rio Grande do Sul e o Uruguai, provocou ventos fortes e chuva em\",\"breadcrumb\":{\"@id\":\"https:\\\/\\\/ubirataonline.com.br\\\/avanco-de-frente-fria-provoca-ventos-de-ate-80-km-h-no-parana\\\/#breadcrumb\"},\"inLanguage\":\"en-US\",\"potentialAction\":[{\"@type\":\"ReadAction\",\"target\":[\"https:\\\/\\\/ubirataonline.com.br\\\/avanco-de-frente-fria-provoca-ventos-de-ate-80-km-h-no-parana\\\/\"]}]},{\"@type\":\"ImageObject\",\"inLanguage\":\"en-US\",\"@id\":\"https:\\\/\\\/ubirataonline.com.br\\\/avanco-de-frente-fria-provoca-ventos-de-ate-80-km-h-no-parana\\\/#primaryimage\",\"url\":\"https:\\\/\\\/ubirataonline.com.br\\\/wp-content\\\/uploads\\\/2026\\\/02\\\/rajadas-de-vento-chegam-a-846-kmh.jpg\",\"contentUrl\":\"https:\\\/\\\/ubirataonline.com.br\\\/wp-content\\\/uploads\\\/2026\\\/02\\\/rajadas-de-vento-chegam-a-846-kmh.jpg\",\"width\":1200,\"height\":800,\"caption\":\"Imagem ilustrativa: Rodrigo Cunha\\\/Tribuna do Paran\u00e1.\"},{\"@type\":\"BreadcrumbList\",\"@id\":\"https:\\\/\\\/ubirataonline.com.br\\\/avanco-de-frente-fria-provoca-ventos-de-ate-80-km-h-no-parana\\\/#breadcrumb\",\"itemListElement\":[{\"@type\":\"ListItem\",\"position\":1,\"name\":\"In\u00edcio\",\"item\":\"https:\\\/\\\/ubirataonline.com.br\\\/\"},{\"@type\":\"ListItem\",\"position\":2,\"name\":\"Avan\u00e7o de frente fria provoca ventos de at\u00e9 80 km\\\/h no Paran\u00e1\"}]},{\"@type\":\"WebSite\",\"@id\":\"https:\\\/\\\/ubirataonline.com.br\\\/#website\",\"url\":\"https:\\\/\\\/ubirataonline.com.br\\\/\",\"name\":\"Ubirat\u00e3 Online Not\u00edcias\",\"description\":\"Not\u00edcias de Ubirat\u00e3, regi\u00e3o, Brasil e mundo, com informa\u00e7\u00e3o atualizada e compromisso com o leitor.\",\"publisher\":{\"@id\":\"https:\\\/\\\/ubirataonline.com.br\\\/#organization\"},\"alternateName\":\"Ubirat\u00e3 Online\",\"potentialAction\":[{\"@type\":\"SearchAction\",\"target\":{\"@type\":\"EntryPoint\",\"urlTemplate\":\"https:\\\/\\\/ubirataonline.com.br\\\/?s={search_term_string}\"},\"query-input\":{\"@type\":\"PropertyValueSpecification\",\"valueRequired\":true,\"valueName\":\"search_term_string\"}}],\"inLanguage\":\"en-US\"},{\"@type\":[\"Organization\",\"Place\"],\"@id\":\"https:\\\/\\\/ubirataonline.com.br\\\/#organization\",\"name\":\"Ubirat\u00e3 Online Not\u00edcias\",\"alternateName\":\"Ubirat\u00e3 Online\",\"url\":\"https:\\\/\\\/ubirataonline.com.br\\\/\",\"logo\":{\"@id\":\"https:\\\/\\\/ubirataonline.com.br\\\/avanco-de-frente-fria-provoca-ventos-de-ate-80-km-h-no-parana\\\/#local-main-organization-logo\"},\"image\":{\"@id\":\"https:\\\/\\\/ubirataonline.com.br\\\/avanco-de-frente-fria-provoca-ventos-de-ate-80-km-h-no-parana\\\/#local-main-organization-logo\"},\"sameAs\":[\"https:\\\/\\\/www.facebook.com\\\/portalubirataonline\",\"https:\\\/\\\/x.com\\\/ubirataonline\",\"https:\\\/\\\/mastodon.social\\\/@ubirataonline\",\"https:\\\/\\\/www.facebook.com\\\/groups\\\/311144672285604\",\"https:\\\/\\\/www.facebook.com\\\/UBTAOnline\",\"https:\\\/\\\/www.instagram.com\\\/portalubirataonline\\\/\",\"https:\\\/\\\/twitter.com\\\/ubirataonline\"],\"description\":\"Somos um portal de not\u00edcias independente, criado em 5 de janeiro de 2009, com o objetivo de informar, conectar e valorizar a nossa comunidade de Ubirat\u00e3 e toda aregi\u00e3o. Com conte\u00fado atualizado, confi\u00e1vel e relevante, o Ubirat\u00e3 Online \u00e9 o seu espa\u00e7o para ficar por dentro dos principais acontecimentos locais, regionais, Brasil, Mundo e de interesse geral. Nosso compromisso \u00e9 com a verdade, a transpar\u00eancia e o respeito ao leitor.\",\"legalName\":\"UBIRATA ONLINE NOT\u00cdCIAS\",\"foundingDate\":\"2009-01-05\",\"numberOfEmployees\":{\"@type\":\"QuantitativeValue\",\"minValue\":\"1\",\"maxValue\":\"10\"},\"publishingPrinciples\":\"https:\\\/\\\/ubirataonline.com.br\\\/faq\\\/\",\"address\":{\"@id\":\"https:\\\/\\\/ubirataonline.com.br\\\/avanco-de-frente-fria-provoca-ventos-de-ate-80-km-h-no-parana\\\/#local-main-place-address\"},\"geo\":{\"@type\":\"GeoCoordinates\",\"latitude\":\"-24.5361401\",\"longitude\":\"-52.9921776\"},\"telephone\":[\"+5544998308235\"],\"contactPoint\":{\"@type\":\"ContactPoint\",\"email\":\"contato@ubirataonline.com.br\"},\"openingHoursSpecification\":{\"@type\":\"OpeningHoursSpecification\",\"dayOfWeek\":[\"Monday\",\"Tuesday\",\"Wednesday\",\"Thursday\",\"Friday\",\"Saturday\",\"Sunday\"],\"opens\":\"00:00\",\"closes\":\"23:59\"},\"email\":\"contato@ubirataonline.com.br\",\"vatID\":\"47.621.418\\\/0001-80\"},{\"@type\":\"Person\",\"@id\":\"https:\\\/\\\/ubirataonline.com.br\\\/#\\\/schema\\\/person\\\/372f87bbd3fdd79b8556b84c98d0bc1c\",\"name\":\"REDA\u00c7\u00c3O: UBIRAT\u00c3 ONLINE - F\u00c1BIO AUGUSTO CELESTINO\",\"pronouns\":\"Ele\",\"description\":\"Desde 2003 trabalhando com not\u00edcias.\",\"sameAs\":[\"http:\\\/\\\/ubirataoline.com.br\",\"https:\\\/\\\/www.facebook.com\\\/portalubirataonline\",\"https:\\\/\\\/www.instagram.com\\\/ubirataonline_oficial\",\"https:\\\/\\\/x.com\\\/x.com\\\/ubirataonline\"],\"honorificPrefix\":\"Mr.\",\"honorificSuffix\":\"MD\",\"birthDate\":\"1980-06-16\",\"gender\":\"masculino\",\"award\":[\"V\u00e1rios pr\u00eamios de melhor portal da cidade\"],\"jobTitle\":\"Diretor\",\"url\":\"https:\\\/\\\/ubirataonline.com.br\\\/en\\\/author\\\/ubirataonline\\\/\"},{\"@type\":\"PostalAddress\",\"@id\":\"https:\\\/\\\/ubirataonline.com.br\\\/avanco-de-frente-fria-provoca-ventos-de-ate-80-km-h-no-parana\\\/#local-main-place-address\",\"streetAddress\":\"Rua dos Coqueiros, 104 - Bairro Boa Vista, Rua dos Coqueiros, 104 Bairro Boa Vista\",\"addressLocality\":\"UBIRATA\",\"postalCode\":\"85440-000\",\"addressRegion\":\"PR\",\"addressCountry\":\"BR\"},{\"@type\":\"ImageObject\",\"inLanguage\":\"en-US\",\"@id\":\"https:\\\/\\\/ubirataonline.com.br\\\/avanco-de-frente-fria-provoca-ventos-de-ate-80-km-h-no-parana\\\/#local-main-organization-logo\",\"url\":\"https:\\\/\\\/ubirataonline.com.br\\\/wp-content\\\/uploads\\\/2026\\\/06\\\/logoubirataonline-1.webp\",\"contentUrl\":\"https:\\\/\\\/ubirataonline.com.br\\\/wp-content\\\/uploads\\\/2026\\\/06\\\/logoubirataonline-1.webp\",\"width\":500,\"height\":500,\"caption\":\"Ubirat\u00e3 Online Not\u00edcias\"}]}<\/script>\n<meta name=\"geo.placename\" content=\"UBIRATA\" \/>\n<meta name=\"geo.position\" content=\"-24.5361401;-52.9921776\" \/>\n<meta name=\"geo.region\" content=\"Brazil\" \/>\n<!-- \/ Yoast SEO Premium plugin. -->","yoast_head_json":{"title":"Avan\u00e7o de frente fria provoca ventos de at\u00e9 80 km\/h no Paran\u00e1 - Ubirat\u00e3 Online Not\u00edcias - A realidade ao seu alcance!","description":"O avan\u00e7o de uma frente fria, impulsionada por um ciclone extratropical formado entre o Rio Grande do Sul e o Uruguai, provocou ventos fortes e chuva em","robots":{"index":"index","follow":"follow","max-snippet":"max-snippet:-1","max-image-preview":"max-image-preview:large","max-video-preview":"max-video-preview:-1"},"canonical":"https:\/\/ubirataonline.com.br\/en\/avanco-de-frente-fria-provoca-ventos-de-ate-80-km-h-no-parana\/","og_locale":"en_US","og_type":"article","og_title":"Avan\u00e7o de frente fria provoca ventos de at\u00e9 80 km\/h no Paran\u00e1","og_description":"O avan\u00e7o de uma frente fria, impulsionada por um ciclone extratropical formado entre o Rio Grande do Sul e o Uruguai, provocou ventos fortes e chuva em","og_url":"https:\/\/ubirataonline.com.br\/en\/avanco-de-frente-fria-provoca-ventos-de-ate-80-km-h-no-parana\/","og_site_name":"Ubirat\u00e3 Online Not\u00edcias - A realidade ao seu alcance!","article_publisher":"https:\/\/www.facebook.com\/portalubirataonline","article_author":"https:\/\/www.facebook.com\/portalubirataonline","article_published_time":"2026-04-08T01:42:01+00:00","article_modified_time":"2026-04-08T01:42:03+00:00","og_image":[{"width":1200,"height":800,"url":"https:\/\/ubirataonline.com.br\/wp-content\/uploads\/2026\/02\/rajadas-de-vento-chegam-a-846-kmh.jpg","type":"image\/jpeg"}],"author":"REDA\u00c7\u00c3O: UBIRAT\u00c3 ONLINE - F\u00c1BIO AUGUSTO CELESTINO","twitter_card":"summary_large_image","twitter_creator":"@x.com\/ubirataonline","twitter_site":"@ubirataonline","twitter_misc":{"Written by":"REDA\u00c7\u00c3O: UBIRAT\u00c3 ONLINE - F\u00c1BIO AUGUSTO CELESTINO","Est. reading time":"3 minutes"},"schema":{"@context":"https:\/\/schema.org","@graph":[{"@type":"NewsArticle","@id":"https:\/\/ubirataonline.com.br\/avanco-de-frente-fria-provoca-ventos-de-ate-80-km-h-no-parana\/#article","isPartOf":{"@id":"https:\/\/ubirataonline.com.br\/avanco-de-frente-fria-provoca-ventos-de-ate-80-km-h-no-parana\/"},"author":{"name":"REDA\u00c7\u00c3O: UBIRAT\u00c3 ONLINE - F\u00c1BIO AUGUSTO CELESTINO","@id":"https:\/\/ubirataonline.com.br\/#\/schema\/person\/372f87bbd3fdd79b8556b84c98d0bc1c"},"headline":"Avan\u00e7o de frente fria provoca ventos de at\u00e9 80 km\/h no Paran\u00e1","datePublished":"2026-04-08T01:42:01+00:00","dateModified":"2026-04-08T01:42:03+00:00","mainEntityOfPage":{"@id":"https:\/\/ubirataonline.com.br\/avanco-de-frente-fria-provoca-ventos-de-ate-80-km-h-no-parana\/"},"wordCount":652,"publisher":{"@id":"https:\/\/ubirataonline.com.br\/#organization"},"image":{"@id":"https:\/\/ubirataonline.com.br\/avanco-de-frente-fria-provoca-ventos-de-ate-80-km-h-no-parana\/#primaryimage"},"thumbnailUrl":"https:\/\/ubirataonline.com.br\/wp-content\/uploads\/2026\/02\/rajadas-de-vento-chegam-a-846-kmh.jpg","keywords":["at\u00e9","avan\u00e7o","Frente","fria","kmh","paran\u00e1","provoca","ventos"],"articleSection":["Ubirat\u00e3"],"inLanguage":"en-US","copyrightYear":"2026","copyrightHolder":{"@id":"https:\/\/ubirataonline.com.br\/en\/#organization"}},{"@type":"WebPage","@id":"https:\/\/ubirataonline.com.br\/avanco-de-frente-fria-provoca-ventos-de-ate-80-km-h-no-parana\/","url":"https:\/\/ubirataonline.com.br\/avanco-de-frente-fria-provoca-ventos-de-ate-80-km-h-no-parana\/","name":"Avan\u00e7o de frente fria provoca ventos de at\u00e9 80 km\/h no Paran\u00e1 - Ubirat\u00e3 Online Not\u00edcias - A realidade ao seu alcance!","isPartOf":{"@id":"https:\/\/ubirataonline.com.br\/#website"},"primaryImageOfPage":{"@id":"https:\/\/ubirataonline.com.br\/avanco-de-frente-fria-provoca-ventos-de-ate-80-km-h-no-parana\/#primaryimage"},"image":{"@id":"https:\/\/ubirataonline.com.br\/avanco-de-frente-fria-provoca-ventos-de-ate-80-km-h-no-parana\/#primaryimage"},"thumbnailUrl":"https:\/\/ubirataonline.com.br\/wp-content\/uploads\/2026\/02\/rajadas-de-vento-chegam-a-846-kmh.jpg","datePublished":"2026-04-08T01:42:01+00:00","dateModified":"2026-04-08T01:42:03+00:00","description":"O avan\u00e7o de uma frente fria, impulsionada por um ciclone extratropical formado entre o Rio Grande do Sul e o Uruguai, provocou ventos fortes e chuva em","breadcrumb":{"@id":"https:\/\/ubirataonline.com.br\/avanco-de-frente-fria-provoca-ventos-de-ate-80-km-h-no-parana\/#breadcrumb"},"inLanguage":"en-US","potentialAction":[{"@type":"ReadAction","target":["https:\/\/ubirataonline.com.br\/avanco-de-frente-fria-provoca-ventos-de-ate-80-km-h-no-parana\/"]}]},{"@type":"ImageObject","inLanguage":"en-US","@id":"https:\/\/ubirataonline.com.br\/avanco-de-frente-fria-provoca-ventos-de-ate-80-km-h-no-parana\/#primaryimage","url":"https:\/\/ubirataonline.com.br\/wp-content\/uploads\/2026\/02\/rajadas-de-vento-chegam-a-846-kmh.jpg","contentUrl":"https:\/\/ubirataonline.com.br\/wp-content\/uploads\/2026\/02\/rajadas-de-vento-chegam-a-846-kmh.jpg","width":1200,"height":800,"caption":"Imagem ilustrativa: Rodrigo Cunha\/Tribuna do Paran\u00e1."},{"@type":"BreadcrumbList","@id":"https:\/\/ubirataonline.com.br\/avanco-de-frente-fria-provoca-ventos-de-ate-80-km-h-no-parana\/#breadcrumb","itemListElement":[{"@type":"ListItem","position":1,"name":"In\u00edcio","item":"https:\/\/ubirataonline.com.br\/"},{"@type":"ListItem","position":2,"name":"Avan\u00e7o de frente fria provoca ventos de at\u00e9 80 km\/h no Paran\u00e1"}]},{"@type":"WebSite","@id":"https:\/\/ubirataonline.com.br\/#website","url":"https:\/\/ubirataonline.com.br\/","name":"Ubirat\u00e3 Online Not\u00edcias","description":"Not\u00edcias de Ubirat\u00e3, regi\u00e3o, Brasil e mundo, com informa\u00e7\u00e3o atualizada e compromisso com o leitor.","publisher":{"@id":"https:\/\/ubirataonline.com.br\/#organization"},"alternateName":"Ubirat\u00e3 Online","potentialAction":[{"@type":"SearchAction","target":{"@type":"EntryPoint","urlTemplate":"https:\/\/ubirataonline.com.br\/?s={search_term_string}"},"query-input":{"@type":"PropertyValueSpecification","valueRequired":true,"valueName":"search_term_string"}}],"inLanguage":"en-US"},{"@type":["Organization","Place"],"@id":"https:\/\/ubirataonline.com.br\/#organization","name":"Ubirat\u00e3 Online Not\u00edcias","alternateName":"Ubirat\u00e3 Online","url":"https:\/\/ubirataonline.com.br\/","logo":{"@id":"https:\/\/ubirataonline.com.br\/avanco-de-frente-fria-provoca-ventos-de-ate-80-km-h-no-parana\/#local-main-organization-logo"},"image":{"@id":"https:\/\/ubirataonline.com.br\/avanco-de-frente-fria-provoca-ventos-de-ate-80-km-h-no-parana\/#local-main-organization-logo"},"sameAs":["https:\/\/www.facebook.com\/portalubirataonline","https:\/\/x.com\/ubirataonline","https:\/\/mastodon.social\/@ubirataonline","https:\/\/www.facebook.com\/groups\/311144672285604","https:\/\/www.facebook.com\/UBTAOnline","https:\/\/www.instagram.com\/portalubirataonline\/","https:\/\/twitter.com\/ubirataonline"],"description":"Somos um portal de not\u00edcias independente, criado em 5 de janeiro de 2009, com o objetivo de informar, conectar e valorizar a nossa comunidade de Ubirat\u00e3 e toda aregi\u00e3o. Com conte\u00fado atualizado, confi\u00e1vel e relevante, o Ubirat\u00e3 Online \u00e9 o seu espa\u00e7o para ficar por dentro dos principais acontecimentos locais, regionais, Brasil, Mundo e de interesse geral. Nosso compromisso \u00e9 com a verdade, a transpar\u00eancia e o respeito ao leitor.","legalName":"UBIRATA ONLINE NOT\u00cdCIAS","foundingDate":"2009-01-05","numberOfEmployees":{"@type":"QuantitativeValue","minValue":"1","maxValue":"10"},"publishingPrinciples":"https:\/\/ubirataonline.com.br\/faq\/","address":{"@id":"https:\/\/ubirataonline.com.br\/avanco-de-frente-fria-provoca-ventos-de-ate-80-km-h-no-parana\/#local-main-place-address"},"geo":{"@type":"GeoCoordinates","latitude":"-24.5361401","longitude":"-52.9921776"},"telephone":["+5544998308235"],"contactPoint":{"@type":"ContactPoint","email":"contato@ubirataonline.com.br"},"openingHoursSpecification":{"@type":"OpeningHoursSpecification","dayOfWeek":["Monday","Tuesday","Wednesday","Thursday","Friday","Saturday","Sunday"],"opens":"00:00","closes":"23:59"},"email":"contato@ubirataonline.com.br","vatID":"47.621.418\/0001-80"},{"@type":"Person","@id":"https:\/\/ubirataonline.com.br\/#\/schema\/person\/372f87bbd3fdd79b8556b84c98d0bc1c","name":"REDA\u00c7\u00c3O: UBIRAT\u00c3 ONLINE - F\u00c1BIO AUGUSTO CELESTINO","pronouns":"Ele","description":"Desde 2003 trabalhando com not\u00edcias.","sameAs":["http:\/\/ubirataoline.com.br","https:\/\/www.facebook.com\/portalubirataonline","https:\/\/www.instagram.com\/ubirataonline_oficial","https:\/\/x.com\/x.com\/ubirataonline"],"honorificPrefix":"Mr.","honorificSuffix":"MD","birthDate":"1980-06-16","gender":"masculino","award":["V\u00e1rios pr\u00eamios de melhor portal da cidade"],"jobTitle":"Diretor","url":"https:\/\/ubirataonline.com.br\/en\/author\/ubirataonline\/"},{"@type":"PostalAddress","@id":"https:\/\/ubirataonline.com.br\/avanco-de-frente-fria-provoca-ventos-de-ate-80-km-h-no-parana\/#local-main-place-address","streetAddress":"Rua dos Coqueiros, 104 - Bairro Boa Vista, Rua dos Coqueiros, 104 Bairro Boa Vista","addressLocality":"UBIRATA","postalCode":"85440-000","addressRegion":"PR","addressCountry":"BR"},{"@type":"ImageObject","inLanguage":"en-US","@id":"https:\/\/ubirataonline.com.br\/avanco-de-frente-fria-provoca-ventos-de-ate-80-km-h-no-parana\/#local-main-organization-logo","url":"https:\/\/ubirataonline.com.br\/wp-content\/uploads\/2026\/06\/logoubirataonline-1.webp","contentUrl":"https:\/\/ubirataonline.com.br\/wp-content\/uploads\/2026\/06\/logoubirataonline-1.webp","width":500,"height":500,"caption":"Ubirat\u00e3 Online Not\u00edcias"}]},"geo.placename":"UBIRATA","geo.position":{"lat":"-24.5361401","long":"-52.9921776"},"geo.region":"Brazil"},"_links":{"self":[{"href":"https:\/\/ubirataonline.com.br\/en\/wp-json\/wp\/v2\/posts\/100802","targetHints":{"allow":["GET"]}}],"collection":[{"href":"https:\/\/ubirataonline.com.br\/en\/wp-json\/wp\/v2\/posts"}],"about":[{"href":"https:\/\/ubirataonline.com.br\/en\/wp-json\/wp\/v2\/types\/post"}],"author":[{"embeddable":true,"href":"https:\/\/ubirataonline.com.br\/en\/wp-json\/wp\/v2\/users\/1"}],"replies":[{"embeddable":true,"href":"https:\/\/ubirataonline.com.br\/en\/wp-json\/wp\/v2\/comments?post=100802"}],"version-history":[{"count":0,"href":"https:\/\/ubirataonline.com.br\/en\/wp-json\/wp\/v2\/posts\/100802\/revisions"}],"wp:featuredmedia":[{"embeddable":true,"href":"https:\/\/ubirataonline.com.br\/en\/wp-json\/wp\/v2\/media\/87744"}],"wp:attachment":[{"href":"https:\/\/ubirataonline.com.br\/en\/wp-json\/wp\/v2\/media?parent=100802"}],"wp:term":[{"taxonomy":"category","embeddable":true,"href":"https:\/\/ubirataonline.com.br\/en\/wp-json\/wp\/v2\/categories?post=100802"},{"taxonomy":"post_tag","embeddable":true,"href":"https:\/\/ubirataonline.com.br\/en\/wp-json\/wp\/v2\/tags?post=100802"}],"curies":[{"name":"wp","href":"https:\/\/api.w.org\/{rel}","templated":true}]}}