{"id":100876,"date":"2026-04-08T00:23:55","date_gmt":"2026-04-08T03:23:55","guid":{"rendered":"https:\/\/ubirataonline.com.br\/mavericks-dispute-redicks-claim-they-erred-with-reaves-mri\/"},"modified":"2026-04-08T00:23:58","modified_gmt":"2026-04-08T03:23:58","slug":"mavericks-dispute-redicks-claim-they-erred-with-reaves-mri","status":"publish","type":"post","link":"https:\/\/ubirataonline.com.br\/en\/mavericks-dispute-redicks-claim-they-erred-with-reaves-mri\/","title":{"rendered":"Mavericks dispute Redick&#8217;s claim they erred with Reaves&#8217; MRI"},"content":{"rendered":"<p><br \/>\n<\/p>\n<div>\n<div class=\"article-meta\">\n<div class=\"byline-wrap\">\n<ul class=\"authors byline-authors\">\n<li class=\"mutiple-authors\">\n<p>Dave McMenamin<\/p>\n<div class=\"author-overlay\"><a class=\"icon-font-after icon-close-solid-after\" href=\"#\">Close<\/a><\/p>\n<div class=\"multi-authors\">\n<p>Dave McMenamin<\/p>\n<p><span class=\"source\">ESPN Staff Writer<\/span><\/div>\n<ul>\n<li>Lakers and NBA reporter for ESPN.\n<\/li>\n<li>Covered the Lakers and NBA for ESPNLosAngeles.com from 2009-14, the Cavaliers from 2014-18 for ESPN.com and the NBA for NBA.com from 2005-09.<\/li>\n<\/ul>\n<\/div>\n<p><span class=\"byline-sep byline-sep--and\">\u00a0and\u00a0<\/span><\/li>\n<li class=\"mutiple-authors\">\n<p>Tim MacMahon<\/p>\n<div class=\"author-overlay\"><a class=\"icon-font-after icon-close-solid-after\" href=\"#\">Close<\/a><\/p>\n<div class=\"multi-authors\"><img decoding=\"async\" alt=\"\" class=\"author-img\" src=\"https:\/\/a.espncdn.com\/combiner\/i?img=\/i\/columnists\/full\/macmahon_tim.png&amp;h=80&amp;w=80&amp;scale=crop\"\/><\/p>\n<p>Tim MacMahon<\/p>\n<p><span class=\"source\">ESPN Staff Writer<\/span><\/div>\n<ul>\n<li>Joined ESPNDallas.com in September 2009<\/li>\n<li>Covers the Dallas Cowboys and Dallas Mavericks<\/li>\n<li>Appears regularly on ESPN Dallas 103.3 FM<\/li>\n<\/ul>\n<\/div>\n<\/li>\n<\/ul>\n<p>Multiple Authors<\/p>\n<\/div>\n<p><span class=\"timestamp \">Apr 7, 2026, 08:41 PM ET<\/span><\/div>\n<p>LOS ANGELES &#8212; The <a data-clubhouse-guid=\"f00d1f4e-4ce6-d581-466c-5b52531cf7ad\" href=\"https:\/\/www.espn.com\/nba\/team\/_\/name\/dal\/dallas-mavericks\">Dallas Mavericks<\/a> disputed <a data-clubhouse-guid=\"2876e98b-b9bc-2920-4319-46e6943f8be4\" href=\"https:\/\/www.espn.com\/nba\/team\/_\/name\/lal\/los-angeles-lakers\">Los Angeles Lakers<\/a> coach JJ Redick&#8217;s claim that their medical team examined the wrong part of <a data-player-guid=\"8a9d9e1c-6174-0009-4883-3b4e16b492d0\" href=\"https:\/\/www.espn.com\/nba\/player\/_\/id\/4066457\/austin-reaves\">Austin Reaves<\/a>&#8216; body when the Lakers guard received an MRI by the Mavs&#8217; staff over the weekend.<\/p>\n<p>&#8220;Our medical team followed standard imaging protocols based on the information provided at the time,&#8221; the Mavericks said in a statement first issued to DLLS Sports on Tuesday and later provided to ESPN. &#8220;There was no error in the scan performed.&#8221;<\/p>\n<p>Redick, following the Lakers&#8217; practice on Southern Methodist University&#8217;s campus Saturday in Dallas, said Reaves required two MRIs to diagnose a Grade 2 left oblique strain and faulted the Mavs for their execution of the initial scan.<\/p>\n<aside class=\"inline editorial float-r\" data-behavior=\"article_related\">\n<h2 class=\"editorial-title\">Editor&#8217;s Picks<\/h2>\n<ul>\n<li><a name=\"&amp;lpos=story:editorspicks:inline:1\" href=\"https:\/\/www.espn.com\/nba\/story\/_\/id\/48397148\/lakers-reaves-oblique-remainder-regular-season\" class=\"img-link\"><img loading=\"lazy\" decoding=\"async\" src=\"https:\/\/a.espncdn.com\/combiner\/i?img=\/photo\/2026\/0404\/r1638541_683x683_1-1.jpg&amp;w=130&amp;h=130&amp;scale=crop&amp;location=center\" width=\"65\" height=\"65\"\/><\/a><\/li>\n<\/ul>\n<\/aside>\n<p>&#8220;I don&#8217;t know where the chain of command lies with Dallas imaging, but they scanned the wrong area,&#8221; Redick said. &#8220;So [the mistake was] not on our end. We made it explicit what was supposed to be scanned, but they scanned the wrong area.&#8221;<\/p>\n<p>A Lakers spokesperson declined to comment Tuesday when asked by ESPN about the chain of events surrounding the MRI.<\/p>\n<p>Redick changed his tone when asked to explain the reasoning for his accusation before L.A. played the <a href=\"https:\/\/www.espn.com\/nba\/team\/_\/name\/okc\/oklahoma-city-thunder\">Oklahoma City Thunder<\/a> on Tuesday.<\/p>\n<p>&#8220;In the end, we got the image we needed,&#8221; Redick said. &#8220;And obviously very appreciative, because it&#8217;s happened throughout the season whenever the home team is accommodating to us, just like we would be for them. And we&#8217;re going to move on.&#8221;<\/p>\n<p>Reaves suffered the injury in the first half of the Lakers&#8217; <a href=\"https:\/\/www.espn.com\/nba\/game\/_\/gameId\/401810971\/lakers-thunder\">139-96<\/a> loss to the Thunder last Thursday and returned to the game, finishing with a team-high 15 points in 27 minutes.<\/p>\n<p>Though the Lakers announced no timetable for Reaves&#8217; return other than ruling the fifth-year veteran out for the remainder of the regular season, sources told ESPN&#8217;s Shams Charania that Reaves is expected to miss four to six weeks.<\/p>\n<p>L.A. (50-28) is currently No. 4 in the Western Conference with four games remaining. The Lakers trail the No. 3 <a data-clubhouse-guid=\"c4aceb39-0eb9-a30b-1120-9cb5b12b677a\" href=\"https:\/\/www.espn.com\/nba\/team\/_\/name\/den\/denver-nuggets\">Denver Nuggets<\/a> by a half-game but hold the tiebreaker over Denver by winning the season series.<\/p>\n<p>The Lakers host the Thunder on Tuesday, then play a back-to-back on the road against <a data-clubhouse-guid=\"77a8546f-24bf-a333-8161-bf9f75396c49\" href=\"https:\/\/www.espn.com\/nba\/team\/_\/name\/gs\/golden-state-warriors\">Golden State Warriors<\/a> on Thursday and at home against the <a data-clubhouse-guid=\"c6eade89-5971-0e84-8ccb-cd91482b2b50\" href=\"https:\/\/www.espn.com\/nba\/team\/_\/name\/phx\/phoenix-suns\">Phoenix Suns<\/a> on Friday before closing out the regular-season schedule at home against the <a data-clubhouse-guid=\"77cea2fb-1388-b7c8-d171-2e72b3aecbfb\" href=\"https:\/\/www.espn.com\/nba\/team\/_\/name\/utah\/utah-jazz\">Utah Jazz<\/a> on Sunday.<\/p>\n<\/div>\n<p><br \/>\n<br \/><a href=\"https:\/\/www.espn.com\/nba\/story\/_\/id\/48424364\/mavericks-dispute-redick-claim-erred-reaves-mri\">Source link <\/a><\/p>\n","protected":false},"excerpt":{"rendered":"<p>Dave McMenamin Close Dave McMenamin ESPN Staff Writer Lakers and NBA reporter for ESPN. Covered the Lakers and NBA for ESPNLosAngeles.com from 2009-14, the Cavaliers from 2014-18 for ESPN.com and the NBA for NBA.com from 2005-09. \u00a0and\u00a0 Tim MacMahon Close Tim MacMahon ESPN Staff Writer Joined ESPNDallas.com in September 2009 Covers the Dallas Cowboys and [&hellip;]<\/p>\n","protected":false},"author":1,"featured_media":100877,"comment_status":"closed","ping_status":"","sticky":false,"template":"","format":"standard","meta":{"googlesitekit_rrm_CAow2JLhCw:productID":"","_gspb_post_css":"","maa_idioma":"","maa_pais":"","footnotes":""},"categories":[1],"tags":[12627,17499,25552,6319,25553,5778,17767],"class_list":["post-100876","post","type-post","status-publish","format-standard","has-post-thumbnail","hentry","category-ubirata","tag-claim","tag-dispute","tag-erred","tag-mavericks","tag-mri","tag-reaves","tag-redicks"],"blocksy_meta":[],"yoast_head":"<!-- This site is optimized with the Yoast SEO Premium plugin v27.6 (Yoast SEO v27.6) - https:\/\/yoast.com\/product\/yoast-seo-premium-wordpress\/ -->\n<title>Mavericks dispute Redick&#039;s claim they erred with Reaves&#039; MRI - Ubirat\u00e3 Online Not\u00edcias - A realidade ao seu alcance!<\/title>\n<meta name=\"description\" content=\"Dave McMenaminCloseDave McMenaminESPN Staff WriterLakers and NBA reporter for ESPN. Covered the Lakers and NBA for ESPNLosAngeles.com from 2009-14, the\" \/>\n<meta name=\"robots\" content=\"index, follow, max-snippet:-1, max-image-preview:large, max-video-preview:-1\" \/>\n<link rel=\"canonical\" href=\"https:\/\/ubirataonline.com.br\/en\/mavericks-dispute-redicks-claim-they-erred-with-reaves-mri\/\" \/>\n<meta property=\"og:locale\" content=\"en_US\" \/>\n<meta property=\"og:type\" content=\"article\" \/>\n<meta property=\"og:title\" content=\"Mavericks dispute Redick&#039;s claim they erred with Reaves&#039; MRI\" \/>\n<meta property=\"og:description\" content=\"Dave McMenaminCloseDave McMenaminESPN Staff WriterLakers and NBA reporter for ESPN. Covered the Lakers and NBA for ESPNLosAngeles.com from 2009-14, the\" \/>\n<meta property=\"og:url\" content=\"https:\/\/ubirataonline.com.br\/en\/mavericks-dispute-redicks-claim-they-erred-with-reaves-mri\/\" \/>\n<meta property=\"og:site_name\" content=\"Ubirat\u00e3 Online Not\u00edcias - A realidade ao seu alcance!\" \/>\n<meta property=\"article:publisher\" content=\"https:\/\/www.facebook.com\/portalubirataonline\" \/>\n<meta property=\"article:author\" content=\"https:\/\/www.facebook.com\/portalubirataonline\" \/>\n<meta property=\"article:published_time\" content=\"2026-04-08T03:23:55+00:00\" \/>\n<meta property=\"article:modified_time\" content=\"2026-04-08T03:23:58+00:00\" \/>\n<meta property=\"og:image\" content=\"https:\/\/ubirataonline.com.br\/wp-content\/uploads\/2026\/04\/Mavericks-dispute-Redicks-claim-they-erred-with-Reaves-MRI.jpeg\" \/>\n\t<meta property=\"og:image:width\" content=\"1024\" \/>\n\t<meta property=\"og:image:height\" content=\"576\" \/>\n\t<meta property=\"og:image:type\" content=\"image\/jpeg\" \/>\n<meta name=\"author\" content=\"REDA\u00c7\u00c3O: UBIRAT\u00c3 ONLINE - F\u00c1BIO AUGUSTO CELESTINO\" \/>\n<meta name=\"twitter:card\" content=\"summary_large_image\" \/>\n<meta name=\"twitter:creator\" content=\"@x.com\/ubirataonline\" \/>\n<meta name=\"twitter:site\" content=\"@ubirataonline\" \/>\n<meta name=\"twitter:label1\" content=\"Written by\" \/>\n\t<meta name=\"twitter:data1\" content=\"REDA\u00c7\u00c3O: UBIRAT\u00c3 ONLINE - F\u00c1BIO AUGUSTO CELESTINO\" \/>\n\t<meta name=\"twitter:label2\" content=\"Est. reading time\" \/>\n\t<meta name=\"twitter:data2\" content=\"2 minutes\" \/>\n<script type=\"application\/ld+json\" class=\"yoast-schema-graph\">{\"@context\":\"https:\\\/\\\/schema.org\",\"@graph\":[{\"@type\":\"NewsArticle\",\"@id\":\"https:\\\/\\\/ubirataonline.com.br\\\/mavericks-dispute-redicks-claim-they-erred-with-reaves-mri\\\/#article\",\"isPartOf\":{\"@id\":\"https:\\\/\\\/ubirataonline.com.br\\\/mavericks-dispute-redicks-claim-they-erred-with-reaves-mri\\\/\"},\"author\":{\"name\":\"REDA\u00c7\u00c3O: UBIRAT\u00c3 ONLINE - F\u00c1BIO AUGUSTO CELESTINO\",\"@id\":\"https:\\\/\\\/ubirataonline.com.br\\\/#\\\/schema\\\/person\\\/372f87bbd3fdd79b8556b84c98d0bc1c\"},\"headline\":\"Mavericks dispute Redick&#8217;s claim they erred with Reaves&#8217; MRI\",\"datePublished\":\"2026-04-08T03:23:55+00:00\",\"dateModified\":\"2026-04-08T03:23:58+00:00\",\"mainEntityOfPage\":{\"@id\":\"https:\\\/\\\/ubirataonline.com.br\\\/mavericks-dispute-redicks-claim-they-erred-with-reaves-mri\\\/\"},\"wordCount\":485,\"publisher\":{\"@id\":\"https:\\\/\\\/ubirataonline.com.br\\\/#organization\"},\"image\":{\"@id\":\"https:\\\/\\\/ubirataonline.com.br\\\/mavericks-dispute-redicks-claim-they-erred-with-reaves-mri\\\/#primaryimage\"},\"thumbnailUrl\":\"https:\\\/\\\/ubirataonline.com.br\\\/wp-content\\\/uploads\\\/2026\\\/04\\\/Mavericks-dispute-Redicks-claim-they-erred-with-Reaves-MRI.jpeg\",\"keywords\":[\"Claim\",\"dispute\",\"erred\",\"Mavericks\",\"MRI\",\"Reaves\",\"Redicks\"],\"articleSection\":[\"Ubirat\u00e3\"],\"inLanguage\":\"en-US\",\"copyrightYear\":\"2026\",\"copyrightHolder\":{\"@id\":\"https:\\\/\\\/ubirataonline.com.br\\\/en\\\/#organization\"}},{\"@type\":\"WebPage\",\"@id\":\"https:\\\/\\\/ubirataonline.com.br\\\/mavericks-dispute-redicks-claim-they-erred-with-reaves-mri\\\/\",\"url\":\"https:\\\/\\\/ubirataonline.com.br\\\/mavericks-dispute-redicks-claim-they-erred-with-reaves-mri\\\/\",\"name\":\"Mavericks dispute Redick's claim they erred with Reaves' MRI - Ubirat\u00e3 Online Not\u00edcias - A realidade ao seu alcance!\",\"isPartOf\":{\"@id\":\"https:\\\/\\\/ubirataonline.com.br\\\/#website\"},\"primaryImageOfPage\":{\"@id\":\"https:\\\/\\\/ubirataonline.com.br\\\/mavericks-dispute-redicks-claim-they-erred-with-reaves-mri\\\/#primaryimage\"},\"image\":{\"@id\":\"https:\\\/\\\/ubirataonline.com.br\\\/mavericks-dispute-redicks-claim-they-erred-with-reaves-mri\\\/#primaryimage\"},\"thumbnailUrl\":\"https:\\\/\\\/ubirataonline.com.br\\\/wp-content\\\/uploads\\\/2026\\\/04\\\/Mavericks-dispute-Redicks-claim-they-erred-with-Reaves-MRI.jpeg\",\"datePublished\":\"2026-04-08T03:23:55+00:00\",\"dateModified\":\"2026-04-08T03:23:58+00:00\",\"description\":\"Dave McMenaminCloseDave McMenaminESPN Staff WriterLakers and NBA reporter for ESPN. Covered the Lakers and NBA for ESPNLosAngeles.com from 2009-14, the\",\"breadcrumb\":{\"@id\":\"https:\\\/\\\/ubirataonline.com.br\\\/mavericks-dispute-redicks-claim-they-erred-with-reaves-mri\\\/#breadcrumb\"},\"inLanguage\":\"en-US\",\"potentialAction\":[{\"@type\":\"ReadAction\",\"target\":[\"https:\\\/\\\/ubirataonline.com.br\\\/mavericks-dispute-redicks-claim-they-erred-with-reaves-mri\\\/\"]}]},{\"@type\":\"ImageObject\",\"inLanguage\":\"en-US\",\"@id\":\"https:\\\/\\\/ubirataonline.com.br\\\/mavericks-dispute-redicks-claim-they-erred-with-reaves-mri\\\/#primaryimage\",\"url\":\"https:\\\/\\\/ubirataonline.com.br\\\/wp-content\\\/uploads\\\/2026\\\/04\\\/Mavericks-dispute-Redicks-claim-they-erred-with-Reaves-MRI.jpeg\",\"contentUrl\":\"https:\\\/\\\/ubirataonline.com.br\\\/wp-content\\\/uploads\\\/2026\\\/04\\\/Mavericks-dispute-Redicks-claim-they-erred-with-Reaves-MRI.jpeg\",\"width\":1024,\"height\":576,\"caption\":\"Stephen A.: The Lakers are going home in April without Luka and Reaves (1:53)Stephen A. Smith breaks down the Lakers' playoff chances if Luka Doncic and Austin Reaves aren't able to return quickly. (1:53)\"},{\"@type\":\"BreadcrumbList\",\"@id\":\"https:\\\/\\\/ubirataonline.com.br\\\/mavericks-dispute-redicks-claim-they-erred-with-reaves-mri\\\/#breadcrumb\",\"itemListElement\":[{\"@type\":\"ListItem\",\"position\":1,\"name\":\"In\u00edcio\",\"item\":\"https:\\\/\\\/ubirataonline.com.br\\\/\"},{\"@type\":\"ListItem\",\"position\":2,\"name\":\"Mavericks dispute Redick&#8217;s claim they erred with Reaves&#8217; MRI\"}]},{\"@type\":\"WebSite\",\"@id\":\"https:\\\/\\\/ubirataonline.com.br\\\/#website\",\"url\":\"https:\\\/\\\/ubirataonline.com.br\\\/\",\"name\":\"Ubirat\u00e3 Online Not\u00edcias\",\"description\":\"Not\u00edcias de Ubirat\u00e3, regi\u00e3o, Brasil e mundo, com informa\u00e7\u00e3o atualizada e compromisso com o leitor.\",\"publisher\":{\"@id\":\"https:\\\/\\\/ubirataonline.com.br\\\/#organization\"},\"alternateName\":\"Ubirat\u00e3 Online\",\"potentialAction\":[{\"@type\":\"SearchAction\",\"target\":{\"@type\":\"EntryPoint\",\"urlTemplate\":\"https:\\\/\\\/ubirataonline.com.br\\\/?s={search_term_string}\"},\"query-input\":{\"@type\":\"PropertyValueSpecification\",\"valueRequired\":true,\"valueName\":\"search_term_string\"}}],\"inLanguage\":\"en-US\"},{\"@type\":[\"Organization\",\"Place\"],\"@id\":\"https:\\\/\\\/ubirataonline.com.br\\\/#organization\",\"name\":\"Ubirat\u00e3 Online Not\u00edcias\",\"alternateName\":\"Ubirat\u00e3 Online\",\"url\":\"https:\\\/\\\/ubirataonline.com.br\\\/\",\"logo\":{\"@id\":\"https:\\\/\\\/ubirataonline.com.br\\\/mavericks-dispute-redicks-claim-they-erred-with-reaves-mri\\\/#local-main-organization-logo\"},\"image\":{\"@id\":\"https:\\\/\\\/ubirataonline.com.br\\\/mavericks-dispute-redicks-claim-they-erred-with-reaves-mri\\\/#local-main-organization-logo\"},\"sameAs\":[\"https:\\\/\\\/www.facebook.com\\\/portalubirataonline\",\"https:\\\/\\\/x.com\\\/ubirataonline\",\"https:\\\/\\\/mastodon.social\\\/@ubirataonline\",\"https:\\\/\\\/www.facebook.com\\\/groups\\\/311144672285604\",\"https:\\\/\\\/www.facebook.com\\\/UBTAOnline\",\"https:\\\/\\\/www.instagram.com\\\/portalubirataonline\\\/\",\"https:\\\/\\\/twitter.com\\\/ubirataonline\"],\"description\":\"Somos um portal de not\u00edcias independente, criado em 5 de janeiro de 2009, com o objetivo de informar, conectar e valorizar a nossa comunidade de Ubirat\u00e3 e toda aregi\u00e3o. Com conte\u00fado atualizado, confi\u00e1vel e relevante, o Ubirat\u00e3 Online \u00e9 o seu espa\u00e7o para ficar por dentro dos principais acontecimentos locais, regionais, Brasil, Mundo e de interesse geral. Nosso compromisso \u00e9 com a verdade, a transpar\u00eancia e o respeito ao leitor.\",\"legalName\":\"UBIRATA ONLINE NOT\u00cdCIAS\",\"foundingDate\":\"2009-01-05\",\"numberOfEmployees\":{\"@type\":\"QuantitativeValue\",\"minValue\":\"1\",\"maxValue\":\"10\"},\"publishingPrinciples\":\"https:\\\/\\\/ubirataonline.com.br\\\/faq\\\/\",\"address\":{\"@id\":\"https:\\\/\\\/ubirataonline.com.br\\\/mavericks-dispute-redicks-claim-they-erred-with-reaves-mri\\\/#local-main-place-address\"},\"geo\":{\"@type\":\"GeoCoordinates\",\"latitude\":\"-24.5361401\",\"longitude\":\"-52.9921776\"},\"telephone\":[\"+5544998308235\"],\"contactPoint\":{\"@type\":\"ContactPoint\",\"email\":\"contato@ubirataonline.com.br\"},\"openingHoursSpecification\":{\"@type\":\"OpeningHoursSpecification\",\"dayOfWeek\":[\"Monday\",\"Tuesday\",\"Wednesday\",\"Thursday\",\"Friday\",\"Saturday\",\"Sunday\"],\"opens\":\"00:00\",\"closes\":\"23:59\"},\"email\":\"contato@ubirataonline.com.br\",\"vatID\":\"47.621.418\\\/0001-80\"},{\"@type\":\"Person\",\"@id\":\"https:\\\/\\\/ubirataonline.com.br\\\/#\\\/schema\\\/person\\\/372f87bbd3fdd79b8556b84c98d0bc1c\",\"name\":\"REDA\u00c7\u00c3O: UBIRAT\u00c3 ONLINE - F\u00c1BIO AUGUSTO CELESTINO\",\"pronouns\":\"Ele\",\"description\":\"Desde 2003 trabalhando com not\u00edcias.\",\"sameAs\":[\"http:\\\/\\\/ubirataoline.com.br\",\"https:\\\/\\\/www.facebook.com\\\/portalubirataonline\",\"https:\\\/\\\/www.instagram.com\\\/ubirataonline_oficial\",\"https:\\\/\\\/x.com\\\/x.com\\\/ubirataonline\"],\"honorificPrefix\":\"Mr.\",\"honorificSuffix\":\"MD\",\"birthDate\":\"1980-06-16\",\"gender\":\"masculino\",\"award\":[\"V\u00e1rios pr\u00eamios de melhor portal da cidade\"],\"jobTitle\":\"Diretor\",\"url\":\"https:\\\/\\\/ubirataonline.com.br\\\/en\\\/author\\\/ubirataonline\\\/\"},{\"@type\":\"PostalAddress\",\"@id\":\"https:\\\/\\\/ubirataonline.com.br\\\/mavericks-dispute-redicks-claim-they-erred-with-reaves-mri\\\/#local-main-place-address\",\"streetAddress\":\"Rua dos Coqueiros, 104 - Bairro Boa Vista, Rua dos Coqueiros, 104 Bairro Boa Vista\",\"addressLocality\":\"UBIRATA\",\"postalCode\":\"85440-000\",\"addressRegion\":\"PR\",\"addressCountry\":\"BR\"},{\"@type\":\"ImageObject\",\"inLanguage\":\"en-US\",\"@id\":\"https:\\\/\\\/ubirataonline.com.br\\\/mavericks-dispute-redicks-claim-they-erred-with-reaves-mri\\\/#local-main-organization-logo\",\"url\":\"https:\\\/\\\/ubirataonline.com.br\\\/wp-content\\\/uploads\\\/2026\\\/06\\\/logoubirataonline-1.webp\",\"contentUrl\":\"https:\\\/\\\/ubirataonline.com.br\\\/wp-content\\\/uploads\\\/2026\\\/06\\\/logoubirataonline-1.webp\",\"width\":500,\"height\":500,\"caption\":\"Ubirat\u00e3 Online Not\u00edcias\"}]}<\/script>\n<meta name=\"geo.placename\" content=\"UBIRATA\" \/>\n<meta name=\"geo.position\" content=\"-24.5361401;-52.9921776\" \/>\n<meta name=\"geo.region\" content=\"Brazil\" \/>\n<!-- \/ Yoast SEO Premium plugin. -->","yoast_head_json":{"title":"Mavericks dispute Redick's claim they erred with Reaves' MRI - Ubirat\u00e3 Online Not\u00edcias - A realidade ao seu alcance!","description":"Dave McMenaminCloseDave McMenaminESPN Staff WriterLakers and NBA reporter for ESPN. Covered the Lakers and NBA for ESPNLosAngeles.com from 2009-14, the","robots":{"index":"index","follow":"follow","max-snippet":"max-snippet:-1","max-image-preview":"max-image-preview:large","max-video-preview":"max-video-preview:-1"},"canonical":"https:\/\/ubirataonline.com.br\/en\/mavericks-dispute-redicks-claim-they-erred-with-reaves-mri\/","og_locale":"en_US","og_type":"article","og_title":"Mavericks dispute Redick's claim they erred with Reaves' MRI","og_description":"Dave McMenaminCloseDave McMenaminESPN Staff WriterLakers and NBA reporter for ESPN. Covered the Lakers and NBA for ESPNLosAngeles.com from 2009-14, the","og_url":"https:\/\/ubirataonline.com.br\/en\/mavericks-dispute-redicks-claim-they-erred-with-reaves-mri\/","og_site_name":"Ubirat\u00e3 Online Not\u00edcias - A realidade ao seu alcance!","article_publisher":"https:\/\/www.facebook.com\/portalubirataonline","article_author":"https:\/\/www.facebook.com\/portalubirataonline","article_published_time":"2026-04-08T03:23:55+00:00","article_modified_time":"2026-04-08T03:23:58+00:00","og_image":[{"width":1024,"height":576,"url":"https:\/\/ubirataonline.com.br\/wp-content\/uploads\/2026\/04\/Mavericks-dispute-Redicks-claim-they-erred-with-Reaves-MRI.jpeg","type":"image\/jpeg"}],"author":"REDA\u00c7\u00c3O: UBIRAT\u00c3 ONLINE - F\u00c1BIO AUGUSTO CELESTINO","twitter_card":"summary_large_image","twitter_creator":"@x.com\/ubirataonline","twitter_site":"@ubirataonline","twitter_misc":{"Written by":"REDA\u00c7\u00c3O: UBIRAT\u00c3 ONLINE - F\u00c1BIO AUGUSTO CELESTINO","Est. reading time":"2 minutes"},"schema":{"@context":"https:\/\/schema.org","@graph":[{"@type":"NewsArticle","@id":"https:\/\/ubirataonline.com.br\/mavericks-dispute-redicks-claim-they-erred-with-reaves-mri\/#article","isPartOf":{"@id":"https:\/\/ubirataonline.com.br\/mavericks-dispute-redicks-claim-they-erred-with-reaves-mri\/"},"author":{"name":"REDA\u00c7\u00c3O: UBIRAT\u00c3 ONLINE - F\u00c1BIO AUGUSTO CELESTINO","@id":"https:\/\/ubirataonline.com.br\/#\/schema\/person\/372f87bbd3fdd79b8556b84c98d0bc1c"},"headline":"Mavericks dispute Redick&#8217;s claim they erred with Reaves&#8217; MRI","datePublished":"2026-04-08T03:23:55+00:00","dateModified":"2026-04-08T03:23:58+00:00","mainEntityOfPage":{"@id":"https:\/\/ubirataonline.com.br\/mavericks-dispute-redicks-claim-they-erred-with-reaves-mri\/"},"wordCount":485,"publisher":{"@id":"https:\/\/ubirataonline.com.br\/#organization"},"image":{"@id":"https:\/\/ubirataonline.com.br\/mavericks-dispute-redicks-claim-they-erred-with-reaves-mri\/#primaryimage"},"thumbnailUrl":"https:\/\/ubirataonline.com.br\/wp-content\/uploads\/2026\/04\/Mavericks-dispute-Redicks-claim-they-erred-with-Reaves-MRI.jpeg","keywords":["Claim","dispute","erred","Mavericks","MRI","Reaves","Redicks"],"articleSection":["Ubirat\u00e3"],"inLanguage":"en-US","copyrightYear":"2026","copyrightHolder":{"@id":"https:\/\/ubirataonline.com.br\/en\/#organization"}},{"@type":"WebPage","@id":"https:\/\/ubirataonline.com.br\/mavericks-dispute-redicks-claim-they-erred-with-reaves-mri\/","url":"https:\/\/ubirataonline.com.br\/mavericks-dispute-redicks-claim-they-erred-with-reaves-mri\/","name":"Mavericks dispute Redick's claim they erred with Reaves' MRI - Ubirat\u00e3 Online Not\u00edcias - A realidade ao seu alcance!","isPartOf":{"@id":"https:\/\/ubirataonline.com.br\/#website"},"primaryImageOfPage":{"@id":"https:\/\/ubirataonline.com.br\/mavericks-dispute-redicks-claim-they-erred-with-reaves-mri\/#primaryimage"},"image":{"@id":"https:\/\/ubirataonline.com.br\/mavericks-dispute-redicks-claim-they-erred-with-reaves-mri\/#primaryimage"},"thumbnailUrl":"https:\/\/ubirataonline.com.br\/wp-content\/uploads\/2026\/04\/Mavericks-dispute-Redicks-claim-they-erred-with-Reaves-MRI.jpeg","datePublished":"2026-04-08T03:23:55+00:00","dateModified":"2026-04-08T03:23:58+00:00","description":"Dave McMenaminCloseDave McMenaminESPN Staff WriterLakers and NBA reporter for ESPN. Covered the Lakers and NBA for ESPNLosAngeles.com from 2009-14, the","breadcrumb":{"@id":"https:\/\/ubirataonline.com.br\/mavericks-dispute-redicks-claim-they-erred-with-reaves-mri\/#breadcrumb"},"inLanguage":"en-US","potentialAction":[{"@type":"ReadAction","target":["https:\/\/ubirataonline.com.br\/mavericks-dispute-redicks-claim-they-erred-with-reaves-mri\/"]}]},{"@type":"ImageObject","inLanguage":"en-US","@id":"https:\/\/ubirataonline.com.br\/mavericks-dispute-redicks-claim-they-erred-with-reaves-mri\/#primaryimage","url":"https:\/\/ubirataonline.com.br\/wp-content\/uploads\/2026\/04\/Mavericks-dispute-Redicks-claim-they-erred-with-Reaves-MRI.jpeg","contentUrl":"https:\/\/ubirataonline.com.br\/wp-content\/uploads\/2026\/04\/Mavericks-dispute-Redicks-claim-they-erred-with-Reaves-MRI.jpeg","width":1024,"height":576,"caption":"Stephen A.: The Lakers are going home in April without Luka and Reaves (1:53)Stephen A. Smith breaks down the Lakers' playoff chances if Luka Doncic and Austin Reaves aren't able to return quickly. (1:53)"},{"@type":"BreadcrumbList","@id":"https:\/\/ubirataonline.com.br\/mavericks-dispute-redicks-claim-they-erred-with-reaves-mri\/#breadcrumb","itemListElement":[{"@type":"ListItem","position":1,"name":"In\u00edcio","item":"https:\/\/ubirataonline.com.br\/"},{"@type":"ListItem","position":2,"name":"Mavericks dispute Redick&#8217;s claim they erred with Reaves&#8217; MRI"}]},{"@type":"WebSite","@id":"https:\/\/ubirataonline.com.br\/#website","url":"https:\/\/ubirataonline.com.br\/","name":"Ubirat\u00e3 Online Not\u00edcias","description":"Not\u00edcias de Ubirat\u00e3, regi\u00e3o, Brasil e mundo, com informa\u00e7\u00e3o atualizada e compromisso com o leitor.","publisher":{"@id":"https:\/\/ubirataonline.com.br\/#organization"},"alternateName":"Ubirat\u00e3 Online","potentialAction":[{"@type":"SearchAction","target":{"@type":"EntryPoint","urlTemplate":"https:\/\/ubirataonline.com.br\/?s={search_term_string}"},"query-input":{"@type":"PropertyValueSpecification","valueRequired":true,"valueName":"search_term_string"}}],"inLanguage":"en-US"},{"@type":["Organization","Place"],"@id":"https:\/\/ubirataonline.com.br\/#organization","name":"Ubirat\u00e3 Online Not\u00edcias","alternateName":"Ubirat\u00e3 Online","url":"https:\/\/ubirataonline.com.br\/","logo":{"@id":"https:\/\/ubirataonline.com.br\/mavericks-dispute-redicks-claim-they-erred-with-reaves-mri\/#local-main-organization-logo"},"image":{"@id":"https:\/\/ubirataonline.com.br\/mavericks-dispute-redicks-claim-they-erred-with-reaves-mri\/#local-main-organization-logo"},"sameAs":["https:\/\/www.facebook.com\/portalubirataonline","https:\/\/x.com\/ubirataonline","https:\/\/mastodon.social\/@ubirataonline","https:\/\/www.facebook.com\/groups\/311144672285604","https:\/\/www.facebook.com\/UBTAOnline","https:\/\/www.instagram.com\/portalubirataonline\/","https:\/\/twitter.com\/ubirataonline"],"description":"Somos um portal de not\u00edcias independente, criado em 5 de janeiro de 2009, com o objetivo de informar, conectar e valorizar a nossa comunidade de Ubirat\u00e3 e toda aregi\u00e3o. Com conte\u00fado atualizado, confi\u00e1vel e relevante, o Ubirat\u00e3 Online \u00e9 o seu espa\u00e7o para ficar por dentro dos principais acontecimentos locais, regionais, Brasil, Mundo e de interesse geral. Nosso compromisso \u00e9 com a verdade, a transpar\u00eancia e o respeito ao leitor.","legalName":"UBIRATA ONLINE NOT\u00cdCIAS","foundingDate":"2009-01-05","numberOfEmployees":{"@type":"QuantitativeValue","minValue":"1","maxValue":"10"},"publishingPrinciples":"https:\/\/ubirataonline.com.br\/faq\/","address":{"@id":"https:\/\/ubirataonline.com.br\/mavericks-dispute-redicks-claim-they-erred-with-reaves-mri\/#local-main-place-address"},"geo":{"@type":"GeoCoordinates","latitude":"-24.5361401","longitude":"-52.9921776"},"telephone":["+5544998308235"],"contactPoint":{"@type":"ContactPoint","email":"contato@ubirataonline.com.br"},"openingHoursSpecification":{"@type":"OpeningHoursSpecification","dayOfWeek":["Monday","Tuesday","Wednesday","Thursday","Friday","Saturday","Sunday"],"opens":"00:00","closes":"23:59"},"email":"contato@ubirataonline.com.br","vatID":"47.621.418\/0001-80"},{"@type":"Person","@id":"https:\/\/ubirataonline.com.br\/#\/schema\/person\/372f87bbd3fdd79b8556b84c98d0bc1c","name":"REDA\u00c7\u00c3O: UBIRAT\u00c3 ONLINE - F\u00c1BIO AUGUSTO CELESTINO","pronouns":"Ele","description":"Desde 2003 trabalhando com not\u00edcias.","sameAs":["http:\/\/ubirataoline.com.br","https:\/\/www.facebook.com\/portalubirataonline","https:\/\/www.instagram.com\/ubirataonline_oficial","https:\/\/x.com\/x.com\/ubirataonline"],"honorificPrefix":"Mr.","honorificSuffix":"MD","birthDate":"1980-06-16","gender":"masculino","award":["V\u00e1rios pr\u00eamios de melhor portal da cidade"],"jobTitle":"Diretor","url":"https:\/\/ubirataonline.com.br\/en\/author\/ubirataonline\/"},{"@type":"PostalAddress","@id":"https:\/\/ubirataonline.com.br\/mavericks-dispute-redicks-claim-they-erred-with-reaves-mri\/#local-main-place-address","streetAddress":"Rua dos Coqueiros, 104 - Bairro Boa Vista, Rua dos Coqueiros, 104 Bairro Boa Vista","addressLocality":"UBIRATA","postalCode":"85440-000","addressRegion":"PR","addressCountry":"BR"},{"@type":"ImageObject","inLanguage":"en-US","@id":"https:\/\/ubirataonline.com.br\/mavericks-dispute-redicks-claim-they-erred-with-reaves-mri\/#local-main-organization-logo","url":"https:\/\/ubirataonline.com.br\/wp-content\/uploads\/2026\/06\/logoubirataonline-1.webp","contentUrl":"https:\/\/ubirataonline.com.br\/wp-content\/uploads\/2026\/06\/logoubirataonline-1.webp","width":500,"height":500,"caption":"Ubirat\u00e3 Online Not\u00edcias"}]},"geo.placename":"UBIRATA","geo.position":{"lat":"-24.5361401","long":"-52.9921776"},"geo.region":"Brazil"},"_links":{"self":[{"href":"https:\/\/ubirataonline.com.br\/en\/wp-json\/wp\/v2\/posts\/100876","targetHints":{"allow":["GET"]}}],"collection":[{"href":"https:\/\/ubirataonline.com.br\/en\/wp-json\/wp\/v2\/posts"}],"about":[{"href":"https:\/\/ubirataonline.com.br\/en\/wp-json\/wp\/v2\/types\/post"}],"author":[{"embeddable":true,"href":"https:\/\/ubirataonline.com.br\/en\/wp-json\/wp\/v2\/users\/1"}],"replies":[{"embeddable":true,"href":"https:\/\/ubirataonline.com.br\/en\/wp-json\/wp\/v2\/comments?post=100876"}],"version-history":[{"count":0,"href":"https:\/\/ubirataonline.com.br\/en\/wp-json\/wp\/v2\/posts\/100876\/revisions"}],"wp:featuredmedia":[{"embeddable":true,"href":"https:\/\/ubirataonline.com.br\/en\/wp-json\/wp\/v2\/media\/100877"}],"wp:attachment":[{"href":"https:\/\/ubirataonline.com.br\/en\/wp-json\/wp\/v2\/media?parent=100876"}],"wp:term":[{"taxonomy":"category","embeddable":true,"href":"https:\/\/ubirataonline.com.br\/en\/wp-json\/wp\/v2\/categories?post=100876"},{"taxonomy":"post_tag","embeddable":true,"href":"https:\/\/ubirataonline.com.br\/en\/wp-json\/wp\/v2\/tags?post=100876"}],"curies":[{"name":"wp","href":"https:\/\/api.w.org\/{rel}","templated":true}]}}