{"id":101143,"date":"2026-04-08T08:43:59","date_gmt":"2026-04-08T11:43:59","guid":{"rendered":"https:\/\/ubirataonline.com.br\/mesa-solidaria-da-praca-tiradentes-vai-virar-modulo-da-gm-em-curitiba\/"},"modified":"2026-04-08T08:44:03","modified_gmt":"2026-04-08T11:44:03","slug":"mesa-solidaria-da-praca-tiradentes-vai-virar-modulo-da-gm-em-curitiba","status":"publish","type":"post","link":"https:\/\/ubirataonline.com.br\/en\/mesa-solidaria-da-praca-tiradentes-vai-virar-modulo-da-gm-em-curitiba\/","title":{"rendered":"Mesa Solid\u00e1ria da Pra\u00e7a Tiradentes vai virar m\u00f3dulo da GM em Curitiba"},"content":{"rendered":"<p><\/p>\n<div id=\"post-content\">\n<p>O prefeito <strong>Eduardo Pimentel (PSD)<\/strong> anunciou em seu perfil no Instagram o fechamento da unidade central do <strong>Mesa Solid\u00e1ria<\/strong>, que fica atr\u00e1s da <strong>Catedral Bas\u00edlica de Curitiba<\/strong>. Alvo de cr\u00edticas sobre sobre supostamente promover a presen\u00e7a de pessoas em situa\u00e7\u00e3o de rua na regi\u00e3o, o que contribuiria para o aumento da inseguran\u00e7a, o restaurante popular ser\u00e1 substitu\u00eddo por um m\u00f3dulo da Guarda Municipal. <\/p>\n<p>A regi\u00e3o esteve em destaque recentemente por uma s\u00e9rie de v\u00eddeos divulgados pelo vereador Da Costa do Perdeu Pi\u00e1 (Uni\u00e3o) denunciando a inseguran\u00e7a na Pra\u00e7a Tiradentes, com tr\u00e1fico de drogas em plena luz do dia. O pol\u00edtico criticou com veem\u00eancia a falta de a\u00e7\u00e3o do prefeito Eduardo Pimentel para combater as pr\u00e1ticas criminosas. A grande exposi\u00e7\u00e3o do vereador causou at\u00e9 uma<a href=\"https:\/\/www.tribunapr.com.br\/noticias\/curitiba-regiao\/vereador-perdeu-pia-e-investigado-por-usar-gm-para-se-autopromover\/\" target=\"_blank\" rel=\"noreferrer noopener\"> investiga\u00e7\u00e3o por parte do Minist\u00e9rio P\u00fablico sobre sua conduta<\/a>. <\/p>\n<p>A resposta administrativa da Prefeitura veio com o an\u00fancio feito por Eduardo Pimentel. \u201cNossa luta \u00e9 tirar as pessoas das ruas. Tem gente que s\u00f3 reclama e n\u00e3o apresenta solu\u00e7\u00e3o. Aqui a gente faz diferente. Age. Temos estrutura, agora organizamos para dar mais resultado\u201d, disse. \u201cO m\u00f3dulo da GM ter\u00e1 foco no atendimento ao turista, refor\u00e7ando a presen\u00e7a constante no Centro para a prote\u00e7\u00e3o de quem vive, passa e trabalha na regi\u00e3o\u201d.<\/p>\n<p>Ao mesmo tempo, Pimentel confirmou o lan\u00e7amento do BASE (Bem-estar, Apoio, Solidariedade e Emprego), uma estrutura que al\u00e9m de comida, vai oferecer aos necessitados a possibilidade de receber encaminhamentos para cursos, vagas de emprego e mesmo tratamento para depend\u00eancias qu\u00edmicas e do \u00e1lcool.<\/p>\n<section class=\"virals\">\n<article class=\"cardnews cardnews--post cardnews--has-thumbnail cardnews--editorial-noticias\"> <a href=\"https:\/\/www.tribunapr.com.br\/noticias\/curitiba-regiao\/vereador-perdeu-pia-e-investigado-por-usar-gm-para-se-autopromove?utm_source=noticias-virais-rodape&amp;utm_medium=internal-tribuna&amp;utm_campaign=tribuna\" class=\"cardnews__postlink\"> <\/p>\n<div class=\"cardnews__image\" is-api-thumb=\"\"><\/div>\n<div class=\"cardnews__content cardhome__content\">\n<div class=\"cardnews__content-wrapper\">\n<p> <span style=\"\"> De olho! <\/span> <\/p>\n<p>Vereador Perdeu Pi\u00e1 \u00e9 investigado por usar GM para se autopromover<\/p>\n<\/p><\/div>\n<\/p><\/div>\n<p> <\/a> <\/article>\n<article class=\"cardnews cardnews--post cardnews--has-thumbnail cardnews--editorial-noticias\"> <a href=\"https:\/\/www.tribunapr.com.br\/noticias\/parana\/parana-pode-sentir-efeitos-do-el-nino-a-partir-de-julho-o-que-esperar\/?utm_source=noticias-virais-rodape&amp;utm_medium=internal-tribuna&amp;utm_campaign=tribuna\" class=\"cardnews__postlink\"> <\/p>\n<div class=\"cardnews__image\" is-api-thumb=\"\"><img decoding=\"async\" src=\"https:\/\/www.tribunapr.com.br\/wp-content\/uploads\/2026\/02\/20182305\/chuvas-370x210.jpg\" loading=\"lazy\" alt=\"Paran\u00e1 pode sentir efeitos do El Ni\u00f1o a partir de julho; o que esperar\"\/><\/div>\n<div class=\"cardnews__content cardhome__content\">\n<div class=\"cardnews__content-wrapper\">\n<p> <span style=\"\"> Alerta <\/span> <\/p>\n<p>Paran\u00e1 pode sentir efeitos do El Ni\u00f1o a partir de julho; o que esperar<\/p>\n<\/p><\/div>\n<\/p><\/div>\n<p> <\/a> <\/article>\n<article class=\"cardnews cardnews--post cardnews--has-thumbnail cardnews--editorial-noticias\"> <a href=\"https:\/\/www.tribunapr.com.br\/noticias\/parana\/roteiro-inusitado-parana-coleciona-estatuas-peculiares-pelo-interior\/ C?utm_source=noticias-virais-rodape&amp;utm_medium=internal-tribuna&amp;utm_campaign=tribuna\" class=\"cardnews__postlink\"> <\/p>\n<div class=\"cardnews__image\" is-api-thumb=\"\"><img decoding=\"async\" src=\"https:\/\/www.tribunapr.com.br\/wp-content\/uploads\/2026\/01\/15072039\/falecimentos-em-curitiba-370x210.jpg\" loading=\"lazy\" alt=\"Roteiro inusitado: Paran\u00e1 coleciona est\u00e1tuas peculiares pelo interior \"\/><\/div>\n<div class=\"cardnews__content cardhome__content\">\n<div class=\"cardnews__content-wrapper\">\n<p> <span style=\"\"> Belezas do Paran\u00e1 <\/span> <\/p>\n<p>Roteiro inusitado: Paran\u00e1 coleciona est\u00e1tuas peculiares pelo interior <\/p>\n<\/p><\/div>\n<\/p><\/div>\n<p> <\/a> <\/article>\n<\/section>\n<div id=\"tribuna-follow-cta\">\n<p> <span class=\"cta-title\">Siga a <span class=\"tribuna-color\">Tribuna<\/span> no Google, e acompanhe as \u00faltimas not\u00edcias de Curitiba e regi\u00e3o!<\/span> <\/p>\n<p> <a href=\"https:\/\/profile.google.com\/cp\/CgwvZy8xMmxxajUzM3Mac2h0dHBzOi8vd3d3LnRyaWJ1bmFwci5jb20uYnIvdml2YS92aXRyaW5lL2dpZ2FudGUtZG8tdmVzdHVhcmlvLXJlaW5hdWd1cmEtbG9qYS1lbS1zaG9wcGluZy10cmFkaWNpb25hbC1kZS1jdXJpdGliYS8iElRyaWJ1bmEgZG8gUGFyYW7DoSqAAwrHAWh0dHBzOi8vZW5jcnlwdGVkLXRibjIuZ3N0YXRpYy5jb20vZmF2aWNvbi10Ym4_cT10Ym46QU5kOUdjUVJPbjVDRjR6TzJPbkUwTXZrRlRCRTY2U0g1bGlaVDRaZTV3bWNKeU5GRm1BSnluM01nNU9PR3BXY1pYMzZwYU5HUWtsZ09JVEFLTTNNZVNGbTc1aWp6M3k2ajUtQ3M2b25kX2JUcFFQQkVLd3RsUjBsTmJESnUtVHhrNXQtbFlCNlVpOWZSVVFjT2cSswFodHRwczovL2VuY3J5cHRlZC10Ym4zLmdzdGF0aWMuY29tL2Zhdmljb24tdGJuP3E9dGJuJTNBQU5kOUdjU0FMaWJ2eFF0YXdFMFRueVdWWmVKRS1MZEdRZjVTUi1OZ2RMazhyZzIwVy1nM0JuQ1F4VDNKZFBjRXR2THdBeVRxUDJEdHVycEdVR29CQkxpYzM5al9wSmFxRERaMHNCYW05WEVhSGVsMmZTQmdKdlF4WWVyMw\" target=\"_blank\" title=\"Seguir a Tribuna no Google\">  <\/a> <\/div>\n<\/p><\/div>\n<p><a href=\"https:\/\/www.tribunapr.com.br\/noticias\/curitiba-regiao\/prefeitura-fecha-mesa-solidaria-da-praca-tiradentes-veja-o-que-abrira-no-lugar\/\">Fonte do Artigo <\/a><\/p>","protected":false},"excerpt":{"rendered":"<p>O prefeito Eduardo Pimentel (PSD) anunciou em seu perfil no Instagram o fechamento da unidade central do Mesa Solid\u00e1ria, que fica atr\u00e1s da Catedral Bas\u00edlica de Curitiba. Alvo de cr\u00edticas sobre sobre supostamente promover a presen\u00e7a de pessoas em situa\u00e7\u00e3o de rua na regi\u00e3o, o que contribuiria para o aumento da inseguran\u00e7a, o restaurante popular [&hellip;]<\/p>\n","protected":false},"author":1,"featured_media":101144,"comment_status":"closed","ping_status":"","sticky":false,"template":"","format":"standard","meta":{"googlesitekit_rrm_CAow2JLhCw:productID":"","_gspb_post_css":"","maa_idioma":"","maa_pais":"","footnotes":""},"categories":[1],"tags":[151,18647,24000,4721,25676,25677,3346,11131],"class_list":["post-101143","post","type-post","status-publish","format-standard","has-post-thumbnail","hentry","category-ubirata","tag-curitiba","tag-mesa","tag-modulo","tag-praca","tag-solidaria","tag-tiradentes","tag-vai","tag-virar"],"blocksy_meta":[],"yoast_head":"<!-- This site is optimized with the Yoast SEO Premium plugin v27.6 (Yoast SEO v27.6) - https:\/\/yoast.com\/product\/yoast-seo-premium-wordpress\/ -->\n<title>Mesa Solid\u00e1ria da Pra\u00e7a Tiradentes vai virar m\u00f3dulo da GM em Curitiba - Ubirat\u00e3 Online Not\u00edcias - A realidade ao seu alcance!<\/title>\n<meta name=\"description\" content=\"O prefeito Eduardo Pimentel (PSD) anunciou em seu perfil no Instagram o fechamento da unidade central do Mesa Solid\u00e1ria, que fica atr\u00e1s da Catedral\" \/>\n<meta name=\"robots\" content=\"index, follow, max-snippet:-1, max-image-preview:large, max-video-preview:-1\" \/>\n<link rel=\"canonical\" href=\"https:\/\/ubirataonline.com.br\/en\/mesa-solidaria-da-praca-tiradentes-vai-virar-modulo-da-gm-em-curitiba\/\" \/>\n<meta property=\"og:locale\" content=\"en_US\" \/>\n<meta property=\"og:type\" content=\"article\" \/>\n<meta property=\"og:title\" content=\"Mesa Solid\u00e1ria da Pra\u00e7a Tiradentes vai virar m\u00f3dulo da GM em Curitiba\" \/>\n<meta property=\"og:description\" content=\"O prefeito Eduardo Pimentel (PSD) anunciou em seu perfil no Instagram o fechamento da unidade central do Mesa Solid\u00e1ria, que fica atr\u00e1s da Catedral\" \/>\n<meta property=\"og:url\" content=\"https:\/\/ubirataonline.com.br\/en\/mesa-solidaria-da-praca-tiradentes-vai-virar-modulo-da-gm-em-curitiba\/\" \/>\n<meta property=\"og:site_name\" content=\"Ubirat\u00e3 Online Not\u00edcias - A realidade ao seu alcance!\" \/>\n<meta property=\"article:publisher\" content=\"https:\/\/www.facebook.com\/portalubirataonline\" \/>\n<meta property=\"article:author\" content=\"https:\/\/www.facebook.com\/portalubirataonline\" \/>\n<meta property=\"article:published_time\" content=\"2026-04-08T11:43:59+00:00\" \/>\n<meta property=\"article:modified_time\" content=\"2026-04-08T11:44:03+00:00\" \/>\n<meta property=\"og:image\" content=\"https:\/\/ubirataonline.com.br\/wp-content\/uploads\/2026\/04\/Mesa-Solidaria-da-Praca-Tiradentes-vai-virar-modulo-da-GM.jpg\" \/>\n\t<meta property=\"og:image:width\" content=\"1200\" \/>\n\t<meta property=\"og:image:height\" content=\"720\" \/>\n\t<meta property=\"og:image:type\" content=\"image\/jpeg\" \/>\n<meta name=\"author\" content=\"REDA\u00c7\u00c3O: UBIRAT\u00c3 ONLINE - F\u00c1BIO AUGUSTO CELESTINO\" \/>\n<meta name=\"twitter:card\" content=\"summary_large_image\" \/>\n<meta name=\"twitter:creator\" content=\"@x.com\/ubirataonline\" \/>\n<meta name=\"twitter:site\" content=\"@ubirataonline\" \/>\n<meta name=\"twitter:label1\" content=\"Written by\" \/>\n\t<meta name=\"twitter:data1\" content=\"REDA\u00c7\u00c3O: UBIRAT\u00c3 ONLINE - F\u00c1BIO AUGUSTO CELESTINO\" \/>\n\t<meta name=\"twitter:label2\" content=\"Est. reading time\" \/>\n\t<meta name=\"twitter:data2\" content=\"2 minutes\" \/>\n<script type=\"application\/ld+json\" class=\"yoast-schema-graph\">{\"@context\":\"https:\\\/\\\/schema.org\",\"@graph\":[{\"@type\":\"NewsArticle\",\"@id\":\"https:\\\/\\\/ubirataonline.com.br\\\/mesa-solidaria-da-praca-tiradentes-vai-virar-modulo-da-gm-em-curitiba\\\/#article\",\"isPartOf\":{\"@id\":\"https:\\\/\\\/ubirataonline.com.br\\\/mesa-solidaria-da-praca-tiradentes-vai-virar-modulo-da-gm-em-curitiba\\\/\"},\"author\":{\"name\":\"REDA\u00c7\u00c3O: UBIRAT\u00c3 ONLINE - F\u00c1BIO AUGUSTO CELESTINO\",\"@id\":\"https:\\\/\\\/ubirataonline.com.br\\\/#\\\/schema\\\/person\\\/372f87bbd3fdd79b8556b84c98d0bc1c\"},\"headline\":\"Mesa Solid\u00e1ria da Pra\u00e7a Tiradentes vai virar m\u00f3dulo da GM em Curitiba\",\"datePublished\":\"2026-04-08T11:43:59+00:00\",\"dateModified\":\"2026-04-08T11:44:03+00:00\",\"mainEntityOfPage\":{\"@id\":\"https:\\\/\\\/ubirataonline.com.br\\\/mesa-solidaria-da-praca-tiradentes-vai-virar-modulo-da-gm-em-curitiba\\\/\"},\"wordCount\":358,\"publisher\":{\"@id\":\"https:\\\/\\\/ubirataonline.com.br\\\/#organization\"},\"image\":{\"@id\":\"https:\\\/\\\/ubirataonline.com.br\\\/mesa-solidaria-da-praca-tiradentes-vai-virar-modulo-da-gm-em-curitiba\\\/#primaryimage\"},\"thumbnailUrl\":\"https:\\\/\\\/ubirataonline.com.br\\\/wp-content\\\/uploads\\\/2026\\\/04\\\/Mesa-Solidaria-da-Praca-Tiradentes-vai-virar-modulo-da-GM.jpg\",\"keywords\":[\"Curitiba\",\"mesa\",\"m\u00f3dulo\",\"pra\u00e7a\",\"Solid\u00e1ria\",\"Tiradentes\",\"vai\",\"virar\"],\"articleSection\":[\"Ubirat\u00e3\"],\"inLanguage\":\"en-US\",\"copyrightYear\":\"2026\",\"copyrightHolder\":{\"@id\":\"https:\\\/\\\/ubirataonline.com.br\\\/en\\\/#organization\"}},{\"@type\":\"WebPage\",\"@id\":\"https:\\\/\\\/ubirataonline.com.br\\\/mesa-solidaria-da-praca-tiradentes-vai-virar-modulo-da-gm-em-curitiba\\\/\",\"url\":\"https:\\\/\\\/ubirataonline.com.br\\\/mesa-solidaria-da-praca-tiradentes-vai-virar-modulo-da-gm-em-curitiba\\\/\",\"name\":\"Mesa Solid\u00e1ria da Pra\u00e7a Tiradentes vai virar m\u00f3dulo da GM em Curitiba - Ubirat\u00e3 Online Not\u00edcias - A realidade ao seu alcance!\",\"isPartOf\":{\"@id\":\"https:\\\/\\\/ubirataonline.com.br\\\/#website\"},\"primaryImageOfPage\":{\"@id\":\"https:\\\/\\\/ubirataonline.com.br\\\/mesa-solidaria-da-praca-tiradentes-vai-virar-modulo-da-gm-em-curitiba\\\/#primaryimage\"},\"image\":{\"@id\":\"https:\\\/\\\/ubirataonline.com.br\\\/mesa-solidaria-da-praca-tiradentes-vai-virar-modulo-da-gm-em-curitiba\\\/#primaryimage\"},\"thumbnailUrl\":\"https:\\\/\\\/ubirataonline.com.br\\\/wp-content\\\/uploads\\\/2026\\\/04\\\/Mesa-Solidaria-da-Praca-Tiradentes-vai-virar-modulo-da-GM.jpg\",\"datePublished\":\"2026-04-08T11:43:59+00:00\",\"dateModified\":\"2026-04-08T11:44:03+00:00\",\"description\":\"O prefeito Eduardo Pimentel (PSD) anunciou em seu perfil no Instagram o fechamento da unidade central do Mesa Solid\u00e1ria, que fica atr\u00e1s da Catedral\",\"breadcrumb\":{\"@id\":\"https:\\\/\\\/ubirataonline.com.br\\\/mesa-solidaria-da-praca-tiradentes-vai-virar-modulo-da-gm-em-curitiba\\\/#breadcrumb\"},\"inLanguage\":\"en-US\",\"potentialAction\":[{\"@type\":\"ReadAction\",\"target\":[\"https:\\\/\\\/ubirataonline.com.br\\\/mesa-solidaria-da-praca-tiradentes-vai-virar-modulo-da-gm-em-curitiba\\\/\"]}]},{\"@type\":\"ImageObject\",\"inLanguage\":\"en-US\",\"@id\":\"https:\\\/\\\/ubirataonline.com.br\\\/mesa-solidaria-da-praca-tiradentes-vai-virar-modulo-da-gm-em-curitiba\\\/#primaryimage\",\"url\":\"https:\\\/\\\/ubirataonline.com.br\\\/wp-content\\\/uploads\\\/2026\\\/04\\\/Mesa-Solidaria-da-Praca-Tiradentes-vai-virar-modulo-da-GM.jpg\",\"contentUrl\":\"https:\\\/\\\/ubirataonline.com.br\\\/wp-content\\\/uploads\\\/2026\\\/04\\\/Mesa-Solidaria-da-Praca-Tiradentes-vai-virar-modulo-da-GM.jpg\",\"width\":1200,\"height\":720,\"caption\":\"Mesa Solid\u00e1ria da Tiradentes fecha para constru\u00e7\u00e3o de um novo m\u00f3dulo da Guarda Municipal. Foto: Reprodu\u00e7\u00e3o \\\/ Instagram\"},{\"@type\":\"BreadcrumbList\",\"@id\":\"https:\\\/\\\/ubirataonline.com.br\\\/mesa-solidaria-da-praca-tiradentes-vai-virar-modulo-da-gm-em-curitiba\\\/#breadcrumb\",\"itemListElement\":[{\"@type\":\"ListItem\",\"position\":1,\"name\":\"In\u00edcio\",\"item\":\"https:\\\/\\\/ubirataonline.com.br\\\/\"},{\"@type\":\"ListItem\",\"position\":2,\"name\":\"Mesa Solid\u00e1ria da Pra\u00e7a Tiradentes vai virar m\u00f3dulo da GM em Curitiba\"}]},{\"@type\":\"WebSite\",\"@id\":\"https:\\\/\\\/ubirataonline.com.br\\\/#website\",\"url\":\"https:\\\/\\\/ubirataonline.com.br\\\/\",\"name\":\"Ubirat\u00e3 Online Not\u00edcias\",\"description\":\"Not\u00edcias de Ubirat\u00e3, regi\u00e3o, Brasil e mundo, com informa\u00e7\u00e3o atualizada e compromisso com o leitor.\",\"publisher\":{\"@id\":\"https:\\\/\\\/ubirataonline.com.br\\\/#organization\"},\"alternateName\":\"Ubirat\u00e3 Online\",\"potentialAction\":[{\"@type\":\"SearchAction\",\"target\":{\"@type\":\"EntryPoint\",\"urlTemplate\":\"https:\\\/\\\/ubirataonline.com.br\\\/?s={search_term_string}\"},\"query-input\":{\"@type\":\"PropertyValueSpecification\",\"valueRequired\":true,\"valueName\":\"search_term_string\"}}],\"inLanguage\":\"en-US\"},{\"@type\":[\"Organization\",\"Place\"],\"@id\":\"https:\\\/\\\/ubirataonline.com.br\\\/#organization\",\"name\":\"Ubirat\u00e3 Online Not\u00edcias\",\"alternateName\":\"Ubirat\u00e3 Online\",\"url\":\"https:\\\/\\\/ubirataonline.com.br\\\/\",\"logo\":{\"@id\":\"https:\\\/\\\/ubirataonline.com.br\\\/mesa-solidaria-da-praca-tiradentes-vai-virar-modulo-da-gm-em-curitiba\\\/#local-main-organization-logo\"},\"image\":{\"@id\":\"https:\\\/\\\/ubirataonline.com.br\\\/mesa-solidaria-da-praca-tiradentes-vai-virar-modulo-da-gm-em-curitiba\\\/#local-main-organization-logo\"},\"sameAs\":[\"https:\\\/\\\/www.facebook.com\\\/portalubirataonline\",\"https:\\\/\\\/x.com\\\/ubirataonline\",\"https:\\\/\\\/mastodon.social\\\/@ubirataonline\",\"https:\\\/\\\/www.facebook.com\\\/groups\\\/311144672285604\",\"https:\\\/\\\/www.facebook.com\\\/UBTAOnline\",\"https:\\\/\\\/www.instagram.com\\\/portalubirataonline\\\/\",\"https:\\\/\\\/twitter.com\\\/ubirataonline\"],\"description\":\"Somos um portal de not\u00edcias independente, criado em 5 de janeiro de 2009, com o objetivo de informar, conectar e valorizar a nossa comunidade de Ubirat\u00e3 e toda aregi\u00e3o. Com conte\u00fado atualizado, confi\u00e1vel e relevante, o Ubirat\u00e3 Online \u00e9 o seu espa\u00e7o para ficar por dentro dos principais acontecimentos locais, regionais, Brasil, Mundo e de interesse geral. Nosso compromisso \u00e9 com a verdade, a transpar\u00eancia e o respeito ao leitor.\",\"legalName\":\"UBIRATA ONLINE NOT\u00cdCIAS\",\"foundingDate\":\"2009-01-05\",\"numberOfEmployees\":{\"@type\":\"QuantitativeValue\",\"minValue\":\"1\",\"maxValue\":\"10\"},\"publishingPrinciples\":\"https:\\\/\\\/ubirataonline.com.br\\\/faq\\\/\",\"address\":{\"@id\":\"https:\\\/\\\/ubirataonline.com.br\\\/mesa-solidaria-da-praca-tiradentes-vai-virar-modulo-da-gm-em-curitiba\\\/#local-main-place-address\"},\"geo\":{\"@type\":\"GeoCoordinates\",\"latitude\":\"-24.5361401\",\"longitude\":\"-52.9921776\"},\"telephone\":[\"+5544998308235\"],\"contactPoint\":{\"@type\":\"ContactPoint\",\"email\":\"contato@ubirataonline.com.br\"},\"openingHoursSpecification\":{\"@type\":\"OpeningHoursSpecification\",\"dayOfWeek\":[\"Monday\",\"Tuesday\",\"Wednesday\",\"Thursday\",\"Friday\",\"Saturday\",\"Sunday\"],\"opens\":\"00:00\",\"closes\":\"23:59\"},\"email\":\"contato@ubirataonline.com.br\",\"vatID\":\"47.621.418\\\/0001-80\"},{\"@type\":\"Person\",\"@id\":\"https:\\\/\\\/ubirataonline.com.br\\\/#\\\/schema\\\/person\\\/372f87bbd3fdd79b8556b84c98d0bc1c\",\"name\":\"REDA\u00c7\u00c3O: UBIRAT\u00c3 ONLINE - F\u00c1BIO AUGUSTO CELESTINO\",\"pronouns\":\"Ele\",\"description\":\"Desde 2003 trabalhando com not\u00edcias.\",\"sameAs\":[\"http:\\\/\\\/ubirataoline.com.br\",\"https:\\\/\\\/www.facebook.com\\\/portalubirataonline\",\"https:\\\/\\\/www.instagram.com\\\/ubirataonline_oficial\",\"https:\\\/\\\/x.com\\\/x.com\\\/ubirataonline\"],\"honorificPrefix\":\"Mr.\",\"honorificSuffix\":\"MD\",\"birthDate\":\"1980-06-16\",\"gender\":\"masculino\",\"award\":[\"V\u00e1rios pr\u00eamios de melhor portal da cidade\"],\"jobTitle\":\"Diretor\",\"url\":\"https:\\\/\\\/ubirataonline.com.br\\\/en\\\/author\\\/ubirataonline\\\/\"},{\"@type\":\"PostalAddress\",\"@id\":\"https:\\\/\\\/ubirataonline.com.br\\\/mesa-solidaria-da-praca-tiradentes-vai-virar-modulo-da-gm-em-curitiba\\\/#local-main-place-address\",\"streetAddress\":\"Rua dos Coqueiros, 104 - Bairro Boa Vista, Rua dos Coqueiros, 104 Bairro Boa Vista\",\"addressLocality\":\"UBIRATA\",\"postalCode\":\"85440-000\",\"addressRegion\":\"PR\",\"addressCountry\":\"BR\"},{\"@type\":\"ImageObject\",\"inLanguage\":\"en-US\",\"@id\":\"https:\\\/\\\/ubirataonline.com.br\\\/mesa-solidaria-da-praca-tiradentes-vai-virar-modulo-da-gm-em-curitiba\\\/#local-main-organization-logo\",\"url\":\"https:\\\/\\\/ubirataonline.com.br\\\/wp-content\\\/uploads\\\/2026\\\/06\\\/logoubirataonline-1.webp\",\"contentUrl\":\"https:\\\/\\\/ubirataonline.com.br\\\/wp-content\\\/uploads\\\/2026\\\/06\\\/logoubirataonline-1.webp\",\"width\":500,\"height\":500,\"caption\":\"Ubirat\u00e3 Online Not\u00edcias\"}]}<\/script>\n<meta name=\"geo.placename\" content=\"UBIRATA\" \/>\n<meta name=\"geo.position\" content=\"-24.5361401;-52.9921776\" \/>\n<meta name=\"geo.region\" content=\"Brazil\" \/>\n<!-- \/ Yoast SEO Premium plugin. -->","yoast_head_json":{"title":"Mesa Solid\u00e1ria da Pra\u00e7a Tiradentes vai virar m\u00f3dulo da GM em Curitiba - Ubirat\u00e3 Online Not\u00edcias - A realidade ao seu alcance!","description":"O prefeito Eduardo Pimentel (PSD) anunciou em seu perfil no Instagram o fechamento da unidade central do Mesa Solid\u00e1ria, que fica atr\u00e1s da Catedral","robots":{"index":"index","follow":"follow","max-snippet":"max-snippet:-1","max-image-preview":"max-image-preview:large","max-video-preview":"max-video-preview:-1"},"canonical":"https:\/\/ubirataonline.com.br\/en\/mesa-solidaria-da-praca-tiradentes-vai-virar-modulo-da-gm-em-curitiba\/","og_locale":"en_US","og_type":"article","og_title":"Mesa Solid\u00e1ria da Pra\u00e7a Tiradentes vai virar m\u00f3dulo da GM em Curitiba","og_description":"O prefeito Eduardo Pimentel (PSD) anunciou em seu perfil no Instagram o fechamento da unidade central do Mesa Solid\u00e1ria, que fica atr\u00e1s da Catedral","og_url":"https:\/\/ubirataonline.com.br\/en\/mesa-solidaria-da-praca-tiradentes-vai-virar-modulo-da-gm-em-curitiba\/","og_site_name":"Ubirat\u00e3 Online Not\u00edcias - A realidade ao seu alcance!","article_publisher":"https:\/\/www.facebook.com\/portalubirataonline","article_author":"https:\/\/www.facebook.com\/portalubirataonline","article_published_time":"2026-04-08T11:43:59+00:00","article_modified_time":"2026-04-08T11:44:03+00:00","og_image":[{"width":1200,"height":720,"url":"https:\/\/ubirataonline.com.br\/wp-content\/uploads\/2026\/04\/Mesa-Solidaria-da-Praca-Tiradentes-vai-virar-modulo-da-GM.jpg","type":"image\/jpeg"}],"author":"REDA\u00c7\u00c3O: UBIRAT\u00c3 ONLINE - F\u00c1BIO AUGUSTO CELESTINO","twitter_card":"summary_large_image","twitter_creator":"@x.com\/ubirataonline","twitter_site":"@ubirataonline","twitter_misc":{"Written by":"REDA\u00c7\u00c3O: UBIRAT\u00c3 ONLINE - F\u00c1BIO AUGUSTO CELESTINO","Est. reading time":"2 minutes"},"schema":{"@context":"https:\/\/schema.org","@graph":[{"@type":"NewsArticle","@id":"https:\/\/ubirataonline.com.br\/mesa-solidaria-da-praca-tiradentes-vai-virar-modulo-da-gm-em-curitiba\/#article","isPartOf":{"@id":"https:\/\/ubirataonline.com.br\/mesa-solidaria-da-praca-tiradentes-vai-virar-modulo-da-gm-em-curitiba\/"},"author":{"name":"REDA\u00c7\u00c3O: UBIRAT\u00c3 ONLINE - F\u00c1BIO AUGUSTO CELESTINO","@id":"https:\/\/ubirataonline.com.br\/#\/schema\/person\/372f87bbd3fdd79b8556b84c98d0bc1c"},"headline":"Mesa Solid\u00e1ria da Pra\u00e7a Tiradentes vai virar m\u00f3dulo da GM em Curitiba","datePublished":"2026-04-08T11:43:59+00:00","dateModified":"2026-04-08T11:44:03+00:00","mainEntityOfPage":{"@id":"https:\/\/ubirataonline.com.br\/mesa-solidaria-da-praca-tiradentes-vai-virar-modulo-da-gm-em-curitiba\/"},"wordCount":358,"publisher":{"@id":"https:\/\/ubirataonline.com.br\/#organization"},"image":{"@id":"https:\/\/ubirataonline.com.br\/mesa-solidaria-da-praca-tiradentes-vai-virar-modulo-da-gm-em-curitiba\/#primaryimage"},"thumbnailUrl":"https:\/\/ubirataonline.com.br\/wp-content\/uploads\/2026\/04\/Mesa-Solidaria-da-Praca-Tiradentes-vai-virar-modulo-da-GM.jpg","keywords":["Curitiba","mesa","m\u00f3dulo","pra\u00e7a","Solid\u00e1ria","Tiradentes","vai","virar"],"articleSection":["Ubirat\u00e3"],"inLanguage":"en-US","copyrightYear":"2026","copyrightHolder":{"@id":"https:\/\/ubirataonline.com.br\/en\/#organization"}},{"@type":"WebPage","@id":"https:\/\/ubirataonline.com.br\/mesa-solidaria-da-praca-tiradentes-vai-virar-modulo-da-gm-em-curitiba\/","url":"https:\/\/ubirataonline.com.br\/mesa-solidaria-da-praca-tiradentes-vai-virar-modulo-da-gm-em-curitiba\/","name":"Mesa Solid\u00e1ria da Pra\u00e7a Tiradentes vai virar m\u00f3dulo da GM em Curitiba - Ubirat\u00e3 Online Not\u00edcias - A realidade ao seu alcance!","isPartOf":{"@id":"https:\/\/ubirataonline.com.br\/#website"},"primaryImageOfPage":{"@id":"https:\/\/ubirataonline.com.br\/mesa-solidaria-da-praca-tiradentes-vai-virar-modulo-da-gm-em-curitiba\/#primaryimage"},"image":{"@id":"https:\/\/ubirataonline.com.br\/mesa-solidaria-da-praca-tiradentes-vai-virar-modulo-da-gm-em-curitiba\/#primaryimage"},"thumbnailUrl":"https:\/\/ubirataonline.com.br\/wp-content\/uploads\/2026\/04\/Mesa-Solidaria-da-Praca-Tiradentes-vai-virar-modulo-da-GM.jpg","datePublished":"2026-04-08T11:43:59+00:00","dateModified":"2026-04-08T11:44:03+00:00","description":"O prefeito Eduardo Pimentel (PSD) anunciou em seu perfil no Instagram o fechamento da unidade central do Mesa Solid\u00e1ria, que fica atr\u00e1s da Catedral","breadcrumb":{"@id":"https:\/\/ubirataonline.com.br\/mesa-solidaria-da-praca-tiradentes-vai-virar-modulo-da-gm-em-curitiba\/#breadcrumb"},"inLanguage":"en-US","potentialAction":[{"@type":"ReadAction","target":["https:\/\/ubirataonline.com.br\/mesa-solidaria-da-praca-tiradentes-vai-virar-modulo-da-gm-em-curitiba\/"]}]},{"@type":"ImageObject","inLanguage":"en-US","@id":"https:\/\/ubirataonline.com.br\/mesa-solidaria-da-praca-tiradentes-vai-virar-modulo-da-gm-em-curitiba\/#primaryimage","url":"https:\/\/ubirataonline.com.br\/wp-content\/uploads\/2026\/04\/Mesa-Solidaria-da-Praca-Tiradentes-vai-virar-modulo-da-GM.jpg","contentUrl":"https:\/\/ubirataonline.com.br\/wp-content\/uploads\/2026\/04\/Mesa-Solidaria-da-Praca-Tiradentes-vai-virar-modulo-da-GM.jpg","width":1200,"height":720,"caption":"Mesa Solid\u00e1ria da Tiradentes fecha para constru\u00e7\u00e3o de um novo m\u00f3dulo da Guarda Municipal. Foto: Reprodu\u00e7\u00e3o \/ Instagram"},{"@type":"BreadcrumbList","@id":"https:\/\/ubirataonline.com.br\/mesa-solidaria-da-praca-tiradentes-vai-virar-modulo-da-gm-em-curitiba\/#breadcrumb","itemListElement":[{"@type":"ListItem","position":1,"name":"In\u00edcio","item":"https:\/\/ubirataonline.com.br\/"},{"@type":"ListItem","position":2,"name":"Mesa Solid\u00e1ria da Pra\u00e7a Tiradentes vai virar m\u00f3dulo da GM em Curitiba"}]},{"@type":"WebSite","@id":"https:\/\/ubirataonline.com.br\/#website","url":"https:\/\/ubirataonline.com.br\/","name":"Ubirat\u00e3 Online Not\u00edcias","description":"Not\u00edcias de Ubirat\u00e3, regi\u00e3o, Brasil e mundo, com informa\u00e7\u00e3o atualizada e compromisso com o leitor.","publisher":{"@id":"https:\/\/ubirataonline.com.br\/#organization"},"alternateName":"Ubirat\u00e3 Online","potentialAction":[{"@type":"SearchAction","target":{"@type":"EntryPoint","urlTemplate":"https:\/\/ubirataonline.com.br\/?s={search_term_string}"},"query-input":{"@type":"PropertyValueSpecification","valueRequired":true,"valueName":"search_term_string"}}],"inLanguage":"en-US"},{"@type":["Organization","Place"],"@id":"https:\/\/ubirataonline.com.br\/#organization","name":"Ubirat\u00e3 Online Not\u00edcias","alternateName":"Ubirat\u00e3 Online","url":"https:\/\/ubirataonline.com.br\/","logo":{"@id":"https:\/\/ubirataonline.com.br\/mesa-solidaria-da-praca-tiradentes-vai-virar-modulo-da-gm-em-curitiba\/#local-main-organization-logo"},"image":{"@id":"https:\/\/ubirataonline.com.br\/mesa-solidaria-da-praca-tiradentes-vai-virar-modulo-da-gm-em-curitiba\/#local-main-organization-logo"},"sameAs":["https:\/\/www.facebook.com\/portalubirataonline","https:\/\/x.com\/ubirataonline","https:\/\/mastodon.social\/@ubirataonline","https:\/\/www.facebook.com\/groups\/311144672285604","https:\/\/www.facebook.com\/UBTAOnline","https:\/\/www.instagram.com\/portalubirataonline\/","https:\/\/twitter.com\/ubirataonline"],"description":"Somos um portal de not\u00edcias independente, criado em 5 de janeiro de 2009, com o objetivo de informar, conectar e valorizar a nossa comunidade de Ubirat\u00e3 e toda aregi\u00e3o. Com conte\u00fado atualizado, confi\u00e1vel e relevante, o Ubirat\u00e3 Online \u00e9 o seu espa\u00e7o para ficar por dentro dos principais acontecimentos locais, regionais, Brasil, Mundo e de interesse geral. Nosso compromisso \u00e9 com a verdade, a transpar\u00eancia e o respeito ao leitor.","legalName":"UBIRATA ONLINE NOT\u00cdCIAS","foundingDate":"2009-01-05","numberOfEmployees":{"@type":"QuantitativeValue","minValue":"1","maxValue":"10"},"publishingPrinciples":"https:\/\/ubirataonline.com.br\/faq\/","address":{"@id":"https:\/\/ubirataonline.com.br\/mesa-solidaria-da-praca-tiradentes-vai-virar-modulo-da-gm-em-curitiba\/#local-main-place-address"},"geo":{"@type":"GeoCoordinates","latitude":"-24.5361401","longitude":"-52.9921776"},"telephone":["+5544998308235"],"contactPoint":{"@type":"ContactPoint","email":"contato@ubirataonline.com.br"},"openingHoursSpecification":{"@type":"OpeningHoursSpecification","dayOfWeek":["Monday","Tuesday","Wednesday","Thursday","Friday","Saturday","Sunday"],"opens":"00:00","closes":"23:59"},"email":"contato@ubirataonline.com.br","vatID":"47.621.418\/0001-80"},{"@type":"Person","@id":"https:\/\/ubirataonline.com.br\/#\/schema\/person\/372f87bbd3fdd79b8556b84c98d0bc1c","name":"REDA\u00c7\u00c3O: UBIRAT\u00c3 ONLINE - F\u00c1BIO AUGUSTO CELESTINO","pronouns":"Ele","description":"Desde 2003 trabalhando com not\u00edcias.","sameAs":["http:\/\/ubirataoline.com.br","https:\/\/www.facebook.com\/portalubirataonline","https:\/\/www.instagram.com\/ubirataonline_oficial","https:\/\/x.com\/x.com\/ubirataonline"],"honorificPrefix":"Mr.","honorificSuffix":"MD","birthDate":"1980-06-16","gender":"masculino","award":["V\u00e1rios pr\u00eamios de melhor portal da cidade"],"jobTitle":"Diretor","url":"https:\/\/ubirataonline.com.br\/en\/author\/ubirataonline\/"},{"@type":"PostalAddress","@id":"https:\/\/ubirataonline.com.br\/mesa-solidaria-da-praca-tiradentes-vai-virar-modulo-da-gm-em-curitiba\/#local-main-place-address","streetAddress":"Rua dos Coqueiros, 104 - Bairro Boa Vista, Rua dos Coqueiros, 104 Bairro Boa Vista","addressLocality":"UBIRATA","postalCode":"85440-000","addressRegion":"PR","addressCountry":"BR"},{"@type":"ImageObject","inLanguage":"en-US","@id":"https:\/\/ubirataonline.com.br\/mesa-solidaria-da-praca-tiradentes-vai-virar-modulo-da-gm-em-curitiba\/#local-main-organization-logo","url":"https:\/\/ubirataonline.com.br\/wp-content\/uploads\/2026\/06\/logoubirataonline-1.webp","contentUrl":"https:\/\/ubirataonline.com.br\/wp-content\/uploads\/2026\/06\/logoubirataonline-1.webp","width":500,"height":500,"caption":"Ubirat\u00e3 Online Not\u00edcias"}]},"geo.placename":"UBIRATA","geo.position":{"lat":"-24.5361401","long":"-52.9921776"},"geo.region":"Brazil"},"_links":{"self":[{"href":"https:\/\/ubirataonline.com.br\/en\/wp-json\/wp\/v2\/posts\/101143","targetHints":{"allow":["GET"]}}],"collection":[{"href":"https:\/\/ubirataonline.com.br\/en\/wp-json\/wp\/v2\/posts"}],"about":[{"href":"https:\/\/ubirataonline.com.br\/en\/wp-json\/wp\/v2\/types\/post"}],"author":[{"embeddable":true,"href":"https:\/\/ubirataonline.com.br\/en\/wp-json\/wp\/v2\/users\/1"}],"replies":[{"embeddable":true,"href":"https:\/\/ubirataonline.com.br\/en\/wp-json\/wp\/v2\/comments?post=101143"}],"version-history":[{"count":0,"href":"https:\/\/ubirataonline.com.br\/en\/wp-json\/wp\/v2\/posts\/101143\/revisions"}],"wp:featuredmedia":[{"embeddable":true,"href":"https:\/\/ubirataonline.com.br\/en\/wp-json\/wp\/v2\/media\/101144"}],"wp:attachment":[{"href":"https:\/\/ubirataonline.com.br\/en\/wp-json\/wp\/v2\/media?parent=101143"}],"wp:term":[{"taxonomy":"category","embeddable":true,"href":"https:\/\/ubirataonline.com.br\/en\/wp-json\/wp\/v2\/categories?post=101143"},{"taxonomy":"post_tag","embeddable":true,"href":"https:\/\/ubirataonline.com.br\/en\/wp-json\/wp\/v2\/tags?post=101143"}],"curies":[{"name":"wp","href":"https:\/\/api.w.org\/{rel}","templated":true}]}}