{"id":101149,"date":"2026-04-08T08:52:00","date_gmt":"2026-04-08T11:52:00","guid":{"rendered":"https:\/\/ubirataonline.com.br\/meio-ideia-flavio-tem-458-e-lula-455-no-2o-turno\/"},"modified":"2026-04-08T08:52:03","modified_gmt":"2026-04-08T11:52:03","slug":"meio-ideia-flavio-tem-458-e-lula-455-no-2o-turno","status":"publish","type":"post","link":"https:\/\/ubirataonline.com.br\/en\/meio-ideia-flavio-tem-458-e-lula-455-no-2o-turno\/","title":{"rendered":"Meio\/Ideia: Fl\u00e1vio tem 45,8%, e Lula, 45,5% no 2\u00ba turno"},"content":{"rendered":"<p><\/p>\n<div data-single-content=\"true\">\n<p class=\"my-5 break-words group-[.isActiveSource]:text-xl\">O senador <strong class=\"group-[.isActiveSource]:text-xl group-[.isActiveSource]:font-bold\">Fl\u00e1vio Bolsonaro (PL-RJ)<\/strong> aparece com <strong class=\"group-[.isActiveSource]:text-xl group-[.isActiveSource]:font-bold\">45,8%<\/strong> das inten\u00e7\u00f5es de voto, contra <strong class=\"group-[.isActiveSource]:text-xl group-[.isActiveSource]:font-bold\">45,5%<\/strong> do <strong class=\"group-[.isActiveSource]:text-xl group-[.isActiveSource]:font-bold\">presidente Luiz In\u00e1cio Lula da Silva (PT)<\/strong> em um eventual segundo turno na disputa pelo Planalto, segundo pesquisa Meio\/Ideia divulgada nesta quarta-feira (8). O resultado representa empate t\u00e9cnico entre ambos.<\/p>\n<p class=\"my-5 break-words group-[.isActiveSource]:text-xl\">No cen\u00e1rio entre <strong class=\"group-[.isActiveSource]:text-xl group-[.isActiveSource]:font-bold\">Lula<\/strong> e <strong class=\"group-[.isActiveSource]:text-xl group-[.isActiveSource]:font-bold\">Ronaldo Caiado (PSD)<\/strong>, o presidente soma<strong class=\"group-[.isActiveSource]:text-xl group-[.isActiveSource]:font-bold\"> 45%<\/strong>, ante<strong class=\"group-[.isActiveSource]:text-xl group-[.isActiveSource]:font-bold\"> 40%<\/strong> do ex-governador de Goi\u00e1s. Brancos, nulos e indecisos chegam a <strong class=\"group-[.isActiveSource]:text-xl group-[.isActiveSource]:font-bold\">16%<\/strong>.<\/p>\n<p class=\"my-5 break-words group-[.isActiveSource]:text-xl\">Em disputa contra <strong class=\"group-[.isActiveSource]:text-xl group-[.isActiveSource]:font-bold\">Romeu Zema (Novo)<\/strong>, <strong class=\"group-[.isActiveSource]:text-xl group-[.isActiveSource]:font-bold\">Lula<\/strong> aparece com <strong class=\"group-[.isActiveSource]:text-xl group-[.isActiveSource]:font-bold\">44,7%<\/strong>, enquanto o ex-governador de Minas Gerais tem <strong class=\"group-[.isActiveSource]:text-xl group-[.isActiveSource]:font-bold\">38,7%<\/strong>. Brancos, nulos e indecisos somam <strong class=\"group-[.isActiveSource]:text-xl group-[.isActiveSource]:font-bold\">16,6%<\/strong>.<\/p>\n<p class=\"my-5 break-words group-[.isActiveSource]:text-xl\">No quarto cen\u00e1rio, <strong class=\"group-[.isActiveSource]:text-xl group-[.isActiveSource]:font-bold\">Lula<\/strong> registra <strong class=\"group-[.isActiveSource]:text-xl group-[.isActiveSource]:font-bold\">45%<\/strong>, contra <strong class=\"group-[.isActiveSource]:text-xl group-[.isActiveSource]:font-bold\">26,4%<\/strong> do coordenador do MBL (Movimento Brasil Livre), <strong class=\"group-[.isActiveSource]:text-xl group-[.isActiveSource]:font-bold\">Renan Santos (Miss\u00e3o)<\/strong>. Brancos, nulos e indecisos tamb\u00e9m totalizam <strong class=\"group-[.isActiveSource]:text-xl group-[.isActiveSource]:font-bold\">28,6%<\/strong>.<\/p>\n<p class=\"my-5 break-words group-[.isActiveSource]:text-xl\">J\u00e1 contra o ex-ministro <strong class=\"group-[.isActiveSource]:text-xl group-[.isActiveSource]:font-bold\">Aldo Rebelo (DC)<\/strong>, <strong class=\"group-[.isActiveSource]:text-xl group-[.isActiveSource]:font-bold\">Lula<\/strong> aparece com<strong class=\"group-[.isActiveSource]:text-xl group-[.isActiveSource]:font-bold\"> 46%<\/strong>, enquanto <strong class=\"group-[.isActiveSource]:text-xl group-[.isActiveSource]:font-bold\">Rebelo<\/strong> tem<strong class=\"group-[.isActiveSource]:text-xl group-[.isActiveSource]:font-bold\"> 22,6%<\/strong>. Brancos, nulos e indecisos somam <strong class=\"group-[.isActiveSource]:text-xl group-[.isActiveSource]:font-bold\">31,4%<\/strong>.<\/p>\n<div class=\"flourish-embed flourish-chart\" data-src=\"https:\/\/www.cnnbrasil.com.br\/eleicoes\/meio-ideia-flavio-tem-458-e-lula-455-no-2o-turno\/visualisation\/28324473\"><span class=\"iframe-embed block space-y-6\"><span class=\"external-script-placeholder\"\/><\/span><\/div>\n<h2 class=\"text-2xl my-5 font-bold break-words\">Metodologia<\/h2>\n<p class=\"my-5 break-words group-[.isActiveSource]:text-xl\">Foram ouvidas <strong class=\"group-[.isActiveSource]:text-xl group-[.isActiveSource]:font-bold\">1.500 pesoas<\/strong> em todo o pa\u00eds entre os dias<strong class=\"group-[.isActiveSource]:text-xl group-[.isActiveSource]:font-bold\"> 3 e 7 de abril<\/strong>. A margem de erro \u00e9 de<strong class=\"group-[.isActiveSource]:text-xl group-[.isActiveSource]:font-bold\"> 2,5 pontos percentuais<\/strong>, para mais ou para menos, com intervalo de confian\u00e7a de <strong class=\"group-[.isActiveSource]:text-xl group-[.isActiveSource]:font-bold\">95%<\/strong>.<\/p>\n<p class=\"my-5 break-words group-[.isActiveSource]:text-xl\">A pesquisa foi realizada com recursos pr\u00f3prios do instituto e est\u00e1 registrada no<strong class=\"group-[.isActiveSource]:text-xl group-[.isActiveSource]:font-bold\"> TSE (Tribunal Superior Eleitoral)<\/strong> sob o protocolo<strong class=\"group-[.isActiveSource]:text-xl group-[.isActiveSource]:font-bold\"> BR-00605\/2026<\/strong>.<\/p>\n<\/div>\n<p><a href=\"https:\/\/www.cnnbrasil.com.br\/eleicoes\/meio-ideia-flavio-tem-458-e-lula-455-no-2o-turno\/\">Fonte do Artigo <\/a><\/p>\n","protected":false},"excerpt":{"rendered":"<p>O senador Fl\u00e1vio Bolsonaro (PL-RJ) aparece com 45,8% das inten\u00e7\u00f5es de voto, contra 45,5% do presidente Luiz In\u00e1cio Lula da Silva (PT) em um eventual segundo turno na disputa pelo Planalto, segundo pesquisa Meio\/Ideia divulgada nesta quarta-feira (8). O resultado representa empate t\u00e9cnico entre ambos. No cen\u00e1rio entre Lula e Ronaldo Caiado (PSD), o presidente [&hellip;]<\/p>\n","protected":false},"author":1,"featured_media":101150,"comment_status":"closed","ping_status":"","sticky":false,"template":"","format":"standard","meta":{"googlesitekit_rrm_CAow2JLhCw:productID":"","_gspb_post_css":"","maa_idioma":"","maa_pais":"","footnotes":""},"categories":[4],"tags":[10495,9827,1629,25678,3208,15153],"class_list":["post-101149","post","type-post","status-publish","format-standard","has-post-thumbnail","hentry","category-brasil","tag-2o","tag-flavio","tag-lula","tag-meioideia","tag-tem","tag-turno"],"blocksy_meta":[],"yoast_head":"<!-- This site is optimized with the Yoast SEO Premium plugin v27.6 (Yoast SEO v27.6) - https:\/\/yoast.com\/product\/yoast-seo-premium-wordpress\/ -->\n<title>Meio\/Ideia: Fl\u00e1vio tem 45,8%, e Lula, 45,5% no 2\u00ba turno - Ubirat\u00e3 Online Not\u00edcias - A realidade ao seu alcance!<\/title>\n<meta name=\"description\" content=\"O senador Fl\u00e1vio Bolsonaro (PL-RJ) aparece com 45,8% das inten\u00e7\u00f5es de voto, contra 45,5% do presidente Luiz In\u00e1cio Lula da Silva (PT) em um eventual\" \/>\n<meta name=\"robots\" content=\"index, follow, max-snippet:-1, max-image-preview:large, max-video-preview:-1\" \/>\n<link rel=\"canonical\" href=\"https:\/\/ubirataonline.com.br\/en\/meio-ideia-flavio-tem-458-e-lula-455-no-2o-turno\/\" \/>\n<meta property=\"og:locale\" content=\"en_US\" \/>\n<meta property=\"og:type\" content=\"article\" \/>\n<meta property=\"og:title\" content=\"Meio\/Ideia: Fl\u00e1vio tem 45,8%, e Lula, 45,5% no 2\u00ba turno\" \/>\n<meta property=\"og:description\" content=\"O senador Fl\u00e1vio Bolsonaro (PL-RJ) aparece com 45,8% das inten\u00e7\u00f5es de voto, contra 45,5% do presidente Luiz In\u00e1cio Lula da Silva (PT) em um eventual\" \/>\n<meta property=\"og:url\" content=\"https:\/\/ubirataonline.com.br\/en\/meio-ideia-flavio-tem-458-e-lula-455-no-2o-turno\/\" \/>\n<meta property=\"og:site_name\" content=\"Ubirat\u00e3 Online Not\u00edcias - A realidade ao seu alcance!\" \/>\n<meta property=\"article:publisher\" content=\"https:\/\/www.facebook.com\/portalubirataonline\" \/>\n<meta property=\"article:author\" content=\"https:\/\/www.facebook.com\/portalubirataonline\" \/>\n<meta property=\"article:published_time\" content=\"2026-04-08T11:52:00+00:00\" \/>\n<meta property=\"article:modified_time\" content=\"2026-04-08T11:52:03+00:00\" \/>\n<meta property=\"og:image\" content=\"https:\/\/ubirataonline.com.br\/wp-content\/uploads\/2026\/04\/MeioIdeia-Flavio-tem-458-e-Lula-455-no-2o-turno.jpg\" \/>\n\t<meta property=\"og:image:width\" content=\"1200\" \/>\n\t<meta property=\"og:image:height\" content=\"630\" \/>\n\t<meta property=\"og:image:type\" content=\"image\/jpeg\" \/>\n<meta name=\"author\" content=\"REDA\u00c7\u00c3O: UBIRAT\u00c3 ONLINE - F\u00c1BIO AUGUSTO CELESTINO\" \/>\n<meta name=\"twitter:card\" content=\"summary_large_image\" \/>\n<meta name=\"twitter:creator\" content=\"@x.com\/ubirataonline\" \/>\n<meta name=\"twitter:site\" content=\"@ubirataonline\" \/>\n<meta name=\"twitter:label1\" content=\"Written by\" \/>\n\t<meta name=\"twitter:data1\" content=\"REDA\u00c7\u00c3O: UBIRAT\u00c3 ONLINE - F\u00c1BIO AUGUSTO CELESTINO\" \/>\n\t<meta name=\"twitter:label2\" content=\"Est. reading time\" \/>\n\t<meta name=\"twitter:data2\" content=\"1 minute\" \/>\n<script type=\"application\/ld+json\" class=\"yoast-schema-graph\">{\"@context\":\"https:\\\/\\\/schema.org\",\"@graph\":[{\"@type\":\"NewsArticle\",\"@id\":\"https:\\\/\\\/ubirataonline.com.br\\\/meio-ideia-flavio-tem-458-e-lula-455-no-2o-turno\\\/#article\",\"isPartOf\":{\"@id\":\"https:\\\/\\\/ubirataonline.com.br\\\/meio-ideia-flavio-tem-458-e-lula-455-no-2o-turno\\\/\"},\"author\":{\"name\":\"REDA\u00c7\u00c3O: UBIRAT\u00c3 ONLINE - F\u00c1BIO AUGUSTO CELESTINO\",\"@id\":\"https:\\\/\\\/ubirataonline.com.br\\\/#\\\/schema\\\/person\\\/372f87bbd3fdd79b8556b84c98d0bc1c\"},\"headline\":\"Meio\\\/Ideia: Fl\u00e1vio tem 45,8%, e Lula, 45,5% no 2\u00ba turno\",\"datePublished\":\"2026-04-08T11:52:00+00:00\",\"dateModified\":\"2026-04-08T11:52:03+00:00\",\"mainEntityOfPage\":{\"@id\":\"https:\\\/\\\/ubirataonline.com.br\\\/meio-ideia-flavio-tem-458-e-lula-455-no-2o-turno\\\/\"},\"wordCount\":202,\"publisher\":{\"@id\":\"https:\\\/\\\/ubirataonline.com.br\\\/#organization\"},\"image\":{\"@id\":\"https:\\\/\\\/ubirataonline.com.br\\\/meio-ideia-flavio-tem-458-e-lula-455-no-2o-turno\\\/#primaryimage\"},\"thumbnailUrl\":\"https:\\\/\\\/ubirataonline.com.br\\\/wp-content\\\/uploads\\\/2026\\\/04\\\/MeioIdeia-Flavio-tem-458-e-Lula-455-no-2o-turno.jpg\",\"keywords\":[\"2\u00ba\",\"Fl\u00e1vio\",\"Lula\",\"MeioIdeia\",\"tem\",\"turno\"],\"articleSection\":[\"Brasil\"],\"inLanguage\":\"en-US\",\"copyrightYear\":\"2026\",\"copyrightHolder\":{\"@id\":\"https:\\\/\\\/ubirataonline.com.br\\\/en\\\/#organization\"}},{\"@type\":\"WebPage\",\"@id\":\"https:\\\/\\\/ubirataonline.com.br\\\/meio-ideia-flavio-tem-458-e-lula-455-no-2o-turno\\\/\",\"url\":\"https:\\\/\\\/ubirataonline.com.br\\\/meio-ideia-flavio-tem-458-e-lula-455-no-2o-turno\\\/\",\"name\":\"Meio\\\/Ideia: Fl\u00e1vio tem 45,8%, e Lula, 45,5% no 2\u00ba turno - Ubirat\u00e3 Online Not\u00edcias - A realidade ao seu alcance!\",\"isPartOf\":{\"@id\":\"https:\\\/\\\/ubirataonline.com.br\\\/#website\"},\"primaryImageOfPage\":{\"@id\":\"https:\\\/\\\/ubirataonline.com.br\\\/meio-ideia-flavio-tem-458-e-lula-455-no-2o-turno\\\/#primaryimage\"},\"image\":{\"@id\":\"https:\\\/\\\/ubirataonline.com.br\\\/meio-ideia-flavio-tem-458-e-lula-455-no-2o-turno\\\/#primaryimage\"},\"thumbnailUrl\":\"https:\\\/\\\/ubirataonline.com.br\\\/wp-content\\\/uploads\\\/2026\\\/04\\\/MeioIdeia-Flavio-tem-458-e-Lula-455-no-2o-turno.jpg\",\"datePublished\":\"2026-04-08T11:52:00+00:00\",\"dateModified\":\"2026-04-08T11:52:03+00:00\",\"description\":\"O senador Fl\u00e1vio Bolsonaro (PL-RJ) aparece com 45,8% das inten\u00e7\u00f5es de voto, contra 45,5% do presidente Luiz In\u00e1cio Lula da Silva (PT) em um eventual\",\"breadcrumb\":{\"@id\":\"https:\\\/\\\/ubirataonline.com.br\\\/meio-ideia-flavio-tem-458-e-lula-455-no-2o-turno\\\/#breadcrumb\"},\"inLanguage\":\"en-US\",\"potentialAction\":[{\"@type\":\"ReadAction\",\"target\":[\"https:\\\/\\\/ubirataonline.com.br\\\/meio-ideia-flavio-tem-458-e-lula-455-no-2o-turno\\\/\"]}]},{\"@type\":\"ImageObject\",\"inLanguage\":\"en-US\",\"@id\":\"https:\\\/\\\/ubirataonline.com.br\\\/meio-ideia-flavio-tem-458-e-lula-455-no-2o-turno\\\/#primaryimage\",\"url\":\"https:\\\/\\\/ubirataonline.com.br\\\/wp-content\\\/uploads\\\/2026\\\/04\\\/MeioIdeia-Flavio-tem-458-e-Lula-455-no-2o-turno.jpg\",\"contentUrl\":\"https:\\\/\\\/ubirataonline.com.br\\\/wp-content\\\/uploads\\\/2026\\\/04\\\/MeioIdeia-Flavio-tem-458-e-Lula-455-no-2o-turno.jpg\",\"width\":1200,\"height\":630,\"caption\":\"O senador Fl\u00e1vio Bolsonaro (PL-RJ) e o presidente Luiz In\u00e1cio Lula da Silva (PT)\u00a0 \u2022 Ag\u00eancia Senado e Pal\u00e1cio do Planalto\"},{\"@type\":\"BreadcrumbList\",\"@id\":\"https:\\\/\\\/ubirataonline.com.br\\\/meio-ideia-flavio-tem-458-e-lula-455-no-2o-turno\\\/#breadcrumb\",\"itemListElement\":[{\"@type\":\"ListItem\",\"position\":1,\"name\":\"In\u00edcio\",\"item\":\"https:\\\/\\\/ubirataonline.com.br\\\/\"},{\"@type\":\"ListItem\",\"position\":2,\"name\":\"Meio\\\/Ideia: Fl\u00e1vio tem 45,8%, e Lula, 45,5% no 2\u00ba turno\"}]},{\"@type\":\"WebSite\",\"@id\":\"https:\\\/\\\/ubirataonline.com.br\\\/#website\",\"url\":\"https:\\\/\\\/ubirataonline.com.br\\\/\",\"name\":\"Ubirat\u00e3 Online Not\u00edcias\",\"description\":\"Not\u00edcias de Ubirat\u00e3, regi\u00e3o, Brasil e mundo, com informa\u00e7\u00e3o atualizada e compromisso com o leitor.\",\"publisher\":{\"@id\":\"https:\\\/\\\/ubirataonline.com.br\\\/#organization\"},\"alternateName\":\"Ubirat\u00e3 Online\",\"potentialAction\":[{\"@type\":\"SearchAction\",\"target\":{\"@type\":\"EntryPoint\",\"urlTemplate\":\"https:\\\/\\\/ubirataonline.com.br\\\/?s={search_term_string}\"},\"query-input\":{\"@type\":\"PropertyValueSpecification\",\"valueRequired\":true,\"valueName\":\"search_term_string\"}}],\"inLanguage\":\"en-US\"},{\"@type\":[\"Organization\",\"Place\"],\"@id\":\"https:\\\/\\\/ubirataonline.com.br\\\/#organization\",\"name\":\"Ubirat\u00e3 Online Not\u00edcias\",\"alternateName\":\"Ubirat\u00e3 Online\",\"url\":\"https:\\\/\\\/ubirataonline.com.br\\\/\",\"logo\":{\"@id\":\"https:\\\/\\\/ubirataonline.com.br\\\/meio-ideia-flavio-tem-458-e-lula-455-no-2o-turno\\\/#local-main-organization-logo\"},\"image\":{\"@id\":\"https:\\\/\\\/ubirataonline.com.br\\\/meio-ideia-flavio-tem-458-e-lula-455-no-2o-turno\\\/#local-main-organization-logo\"},\"sameAs\":[\"https:\\\/\\\/www.facebook.com\\\/portalubirataonline\",\"https:\\\/\\\/x.com\\\/ubirataonline\",\"https:\\\/\\\/mastodon.social\\\/@ubirataonline\",\"https:\\\/\\\/www.facebook.com\\\/groups\\\/311144672285604\",\"https:\\\/\\\/www.facebook.com\\\/UBTAOnline\",\"https:\\\/\\\/www.instagram.com\\\/portalubirataonline\\\/\",\"https:\\\/\\\/twitter.com\\\/ubirataonline\"],\"description\":\"Somos um portal de not\u00edcias independente, criado em 5 de janeiro de 2009, com o objetivo de informar, conectar e valorizar a nossa comunidade de Ubirat\u00e3 e toda aregi\u00e3o. Com conte\u00fado atualizado, confi\u00e1vel e relevante, o Ubirat\u00e3 Online \u00e9 o seu espa\u00e7o para ficar por dentro dos principais acontecimentos locais, regionais, Brasil, Mundo e de interesse geral. Nosso compromisso \u00e9 com a verdade, a transpar\u00eancia e o respeito ao leitor.\",\"legalName\":\"UBIRATA ONLINE NOT\u00cdCIAS\",\"foundingDate\":\"2009-01-05\",\"numberOfEmployees\":{\"@type\":\"QuantitativeValue\",\"minValue\":\"1\",\"maxValue\":\"10\"},\"publishingPrinciples\":\"https:\\\/\\\/ubirataonline.com.br\\\/faq\\\/\",\"address\":{\"@id\":\"https:\\\/\\\/ubirataonline.com.br\\\/meio-ideia-flavio-tem-458-e-lula-455-no-2o-turno\\\/#local-main-place-address\"},\"geo\":{\"@type\":\"GeoCoordinates\",\"latitude\":\"-24.5361401\",\"longitude\":\"-52.9921776\"},\"telephone\":[\"+5544998308235\"],\"contactPoint\":{\"@type\":\"ContactPoint\",\"email\":\"contato@ubirataonline.com.br\"},\"openingHoursSpecification\":{\"@type\":\"OpeningHoursSpecification\",\"dayOfWeek\":[\"Monday\",\"Tuesday\",\"Wednesday\",\"Thursday\",\"Friday\",\"Saturday\",\"Sunday\"],\"opens\":\"00:00\",\"closes\":\"23:59\"},\"email\":\"contato@ubirataonline.com.br\",\"vatID\":\"47.621.418\\\/0001-80\"},{\"@type\":\"Person\",\"@id\":\"https:\\\/\\\/ubirataonline.com.br\\\/#\\\/schema\\\/person\\\/372f87bbd3fdd79b8556b84c98d0bc1c\",\"name\":\"REDA\u00c7\u00c3O: UBIRAT\u00c3 ONLINE - F\u00c1BIO AUGUSTO CELESTINO\",\"pronouns\":\"Ele\",\"description\":\"Desde 2003 trabalhando com not\u00edcias.\",\"sameAs\":[\"http:\\\/\\\/ubirataoline.com.br\",\"https:\\\/\\\/www.facebook.com\\\/portalubirataonline\",\"https:\\\/\\\/www.instagram.com\\\/ubirataonline_oficial\",\"https:\\\/\\\/x.com\\\/x.com\\\/ubirataonline\"],\"honorificPrefix\":\"Mr.\",\"honorificSuffix\":\"MD\",\"birthDate\":\"1980-06-16\",\"gender\":\"masculino\",\"award\":[\"V\u00e1rios pr\u00eamios de melhor portal da cidade\"],\"jobTitle\":\"Diretor\",\"url\":\"https:\\\/\\\/ubirataonline.com.br\\\/en\\\/author\\\/ubirataonline\\\/\"},{\"@type\":\"PostalAddress\",\"@id\":\"https:\\\/\\\/ubirataonline.com.br\\\/meio-ideia-flavio-tem-458-e-lula-455-no-2o-turno\\\/#local-main-place-address\",\"streetAddress\":\"Rua dos Coqueiros, 104 - Bairro Boa Vista, Rua dos Coqueiros, 104 Bairro Boa Vista\",\"addressLocality\":\"UBIRATA\",\"postalCode\":\"85440-000\",\"addressRegion\":\"PR\",\"addressCountry\":\"BR\"},{\"@type\":\"ImageObject\",\"inLanguage\":\"en-US\",\"@id\":\"https:\\\/\\\/ubirataonline.com.br\\\/meio-ideia-flavio-tem-458-e-lula-455-no-2o-turno\\\/#local-main-organization-logo\",\"url\":\"https:\\\/\\\/ubirataonline.com.br\\\/wp-content\\\/uploads\\\/2026\\\/06\\\/logoubirataonline-1.webp\",\"contentUrl\":\"https:\\\/\\\/ubirataonline.com.br\\\/wp-content\\\/uploads\\\/2026\\\/06\\\/logoubirataonline-1.webp\",\"width\":500,\"height\":500,\"caption\":\"Ubirat\u00e3 Online Not\u00edcias\"}]}<\/script>\n<meta name=\"geo.placename\" content=\"UBIRATA\" \/>\n<meta name=\"geo.position\" content=\"-24.5361401;-52.9921776\" \/>\n<meta name=\"geo.region\" content=\"Brazil\" \/>\n<!-- \/ Yoast SEO Premium plugin. -->","yoast_head_json":{"title":"Meio\/Ideia: Fl\u00e1vio tem 45,8%, e Lula, 45,5% no 2\u00ba turno - Ubirat\u00e3 Online Not\u00edcias - A realidade ao seu alcance!","description":"O senador Fl\u00e1vio Bolsonaro (PL-RJ) aparece com 45,8% das inten\u00e7\u00f5es de voto, contra 45,5% do presidente Luiz In\u00e1cio Lula da Silva (PT) em um eventual","robots":{"index":"index","follow":"follow","max-snippet":"max-snippet:-1","max-image-preview":"max-image-preview:large","max-video-preview":"max-video-preview:-1"},"canonical":"https:\/\/ubirataonline.com.br\/en\/meio-ideia-flavio-tem-458-e-lula-455-no-2o-turno\/","og_locale":"en_US","og_type":"article","og_title":"Meio\/Ideia: Fl\u00e1vio tem 45,8%, e Lula, 45,5% no 2\u00ba turno","og_description":"O senador Fl\u00e1vio Bolsonaro (PL-RJ) aparece com 45,8% das inten\u00e7\u00f5es de voto, contra 45,5% do presidente Luiz In\u00e1cio Lula da Silva (PT) em um eventual","og_url":"https:\/\/ubirataonline.com.br\/en\/meio-ideia-flavio-tem-458-e-lula-455-no-2o-turno\/","og_site_name":"Ubirat\u00e3 Online Not\u00edcias - A realidade ao seu alcance!","article_publisher":"https:\/\/www.facebook.com\/portalubirataonline","article_author":"https:\/\/www.facebook.com\/portalubirataonline","article_published_time":"2026-04-08T11:52:00+00:00","article_modified_time":"2026-04-08T11:52:03+00:00","og_image":[{"width":1200,"height":630,"url":"https:\/\/ubirataonline.com.br\/wp-content\/uploads\/2026\/04\/MeioIdeia-Flavio-tem-458-e-Lula-455-no-2o-turno.jpg","type":"image\/jpeg"}],"author":"REDA\u00c7\u00c3O: UBIRAT\u00c3 ONLINE - F\u00c1BIO AUGUSTO CELESTINO","twitter_card":"summary_large_image","twitter_creator":"@x.com\/ubirataonline","twitter_site":"@ubirataonline","twitter_misc":{"Written by":"REDA\u00c7\u00c3O: UBIRAT\u00c3 ONLINE - F\u00c1BIO AUGUSTO CELESTINO","Est. reading time":"1 minute"},"schema":{"@context":"https:\/\/schema.org","@graph":[{"@type":"NewsArticle","@id":"https:\/\/ubirataonline.com.br\/meio-ideia-flavio-tem-458-e-lula-455-no-2o-turno\/#article","isPartOf":{"@id":"https:\/\/ubirataonline.com.br\/meio-ideia-flavio-tem-458-e-lula-455-no-2o-turno\/"},"author":{"name":"REDA\u00c7\u00c3O: UBIRAT\u00c3 ONLINE - F\u00c1BIO AUGUSTO CELESTINO","@id":"https:\/\/ubirataonline.com.br\/#\/schema\/person\/372f87bbd3fdd79b8556b84c98d0bc1c"},"headline":"Meio\/Ideia: Fl\u00e1vio tem 45,8%, e Lula, 45,5% no 2\u00ba turno","datePublished":"2026-04-08T11:52:00+00:00","dateModified":"2026-04-08T11:52:03+00:00","mainEntityOfPage":{"@id":"https:\/\/ubirataonline.com.br\/meio-ideia-flavio-tem-458-e-lula-455-no-2o-turno\/"},"wordCount":202,"publisher":{"@id":"https:\/\/ubirataonline.com.br\/#organization"},"image":{"@id":"https:\/\/ubirataonline.com.br\/meio-ideia-flavio-tem-458-e-lula-455-no-2o-turno\/#primaryimage"},"thumbnailUrl":"https:\/\/ubirataonline.com.br\/wp-content\/uploads\/2026\/04\/MeioIdeia-Flavio-tem-458-e-Lula-455-no-2o-turno.jpg","keywords":["2\u00ba","Fl\u00e1vio","Lula","MeioIdeia","tem","turno"],"articleSection":["Brasil"],"inLanguage":"en-US","copyrightYear":"2026","copyrightHolder":{"@id":"https:\/\/ubirataonline.com.br\/en\/#organization"}},{"@type":"WebPage","@id":"https:\/\/ubirataonline.com.br\/meio-ideia-flavio-tem-458-e-lula-455-no-2o-turno\/","url":"https:\/\/ubirataonline.com.br\/meio-ideia-flavio-tem-458-e-lula-455-no-2o-turno\/","name":"Meio\/Ideia: Fl\u00e1vio tem 45,8%, e Lula, 45,5% no 2\u00ba turno - Ubirat\u00e3 Online Not\u00edcias - A realidade ao seu alcance!","isPartOf":{"@id":"https:\/\/ubirataonline.com.br\/#website"},"primaryImageOfPage":{"@id":"https:\/\/ubirataonline.com.br\/meio-ideia-flavio-tem-458-e-lula-455-no-2o-turno\/#primaryimage"},"image":{"@id":"https:\/\/ubirataonline.com.br\/meio-ideia-flavio-tem-458-e-lula-455-no-2o-turno\/#primaryimage"},"thumbnailUrl":"https:\/\/ubirataonline.com.br\/wp-content\/uploads\/2026\/04\/MeioIdeia-Flavio-tem-458-e-Lula-455-no-2o-turno.jpg","datePublished":"2026-04-08T11:52:00+00:00","dateModified":"2026-04-08T11:52:03+00:00","description":"O senador Fl\u00e1vio Bolsonaro (PL-RJ) aparece com 45,8% das inten\u00e7\u00f5es de voto, contra 45,5% do presidente Luiz In\u00e1cio Lula da Silva (PT) em um eventual","breadcrumb":{"@id":"https:\/\/ubirataonline.com.br\/meio-ideia-flavio-tem-458-e-lula-455-no-2o-turno\/#breadcrumb"},"inLanguage":"en-US","potentialAction":[{"@type":"ReadAction","target":["https:\/\/ubirataonline.com.br\/meio-ideia-flavio-tem-458-e-lula-455-no-2o-turno\/"]}]},{"@type":"ImageObject","inLanguage":"en-US","@id":"https:\/\/ubirataonline.com.br\/meio-ideia-flavio-tem-458-e-lula-455-no-2o-turno\/#primaryimage","url":"https:\/\/ubirataonline.com.br\/wp-content\/uploads\/2026\/04\/MeioIdeia-Flavio-tem-458-e-Lula-455-no-2o-turno.jpg","contentUrl":"https:\/\/ubirataonline.com.br\/wp-content\/uploads\/2026\/04\/MeioIdeia-Flavio-tem-458-e-Lula-455-no-2o-turno.jpg","width":1200,"height":630,"caption":"O senador Fl\u00e1vio Bolsonaro (PL-RJ) e o presidente Luiz In\u00e1cio Lula da Silva (PT)\u00a0 \u2022 Ag\u00eancia Senado e Pal\u00e1cio do Planalto"},{"@type":"BreadcrumbList","@id":"https:\/\/ubirataonline.com.br\/meio-ideia-flavio-tem-458-e-lula-455-no-2o-turno\/#breadcrumb","itemListElement":[{"@type":"ListItem","position":1,"name":"In\u00edcio","item":"https:\/\/ubirataonline.com.br\/"},{"@type":"ListItem","position":2,"name":"Meio\/Ideia: Fl\u00e1vio tem 45,8%, e Lula, 45,5% no 2\u00ba turno"}]},{"@type":"WebSite","@id":"https:\/\/ubirataonline.com.br\/#website","url":"https:\/\/ubirataonline.com.br\/","name":"Ubirat\u00e3 Online Not\u00edcias","description":"Not\u00edcias de Ubirat\u00e3, regi\u00e3o, Brasil e mundo, com informa\u00e7\u00e3o atualizada e compromisso com o leitor.","publisher":{"@id":"https:\/\/ubirataonline.com.br\/#organization"},"alternateName":"Ubirat\u00e3 Online","potentialAction":[{"@type":"SearchAction","target":{"@type":"EntryPoint","urlTemplate":"https:\/\/ubirataonline.com.br\/?s={search_term_string}"},"query-input":{"@type":"PropertyValueSpecification","valueRequired":true,"valueName":"search_term_string"}}],"inLanguage":"en-US"},{"@type":["Organization","Place"],"@id":"https:\/\/ubirataonline.com.br\/#organization","name":"Ubirat\u00e3 Online Not\u00edcias","alternateName":"Ubirat\u00e3 Online","url":"https:\/\/ubirataonline.com.br\/","logo":{"@id":"https:\/\/ubirataonline.com.br\/meio-ideia-flavio-tem-458-e-lula-455-no-2o-turno\/#local-main-organization-logo"},"image":{"@id":"https:\/\/ubirataonline.com.br\/meio-ideia-flavio-tem-458-e-lula-455-no-2o-turno\/#local-main-organization-logo"},"sameAs":["https:\/\/www.facebook.com\/portalubirataonline","https:\/\/x.com\/ubirataonline","https:\/\/mastodon.social\/@ubirataonline","https:\/\/www.facebook.com\/groups\/311144672285604","https:\/\/www.facebook.com\/UBTAOnline","https:\/\/www.instagram.com\/portalubirataonline\/","https:\/\/twitter.com\/ubirataonline"],"description":"Somos um portal de not\u00edcias independente, criado em 5 de janeiro de 2009, com o objetivo de informar, conectar e valorizar a nossa comunidade de Ubirat\u00e3 e toda aregi\u00e3o. Com conte\u00fado atualizado, confi\u00e1vel e relevante, o Ubirat\u00e3 Online \u00e9 o seu espa\u00e7o para ficar por dentro dos principais acontecimentos locais, regionais, Brasil, Mundo e de interesse geral. Nosso compromisso \u00e9 com a verdade, a transpar\u00eancia e o respeito ao leitor.","legalName":"UBIRATA ONLINE NOT\u00cdCIAS","foundingDate":"2009-01-05","numberOfEmployees":{"@type":"QuantitativeValue","minValue":"1","maxValue":"10"},"publishingPrinciples":"https:\/\/ubirataonline.com.br\/faq\/","address":{"@id":"https:\/\/ubirataonline.com.br\/meio-ideia-flavio-tem-458-e-lula-455-no-2o-turno\/#local-main-place-address"},"geo":{"@type":"GeoCoordinates","latitude":"-24.5361401","longitude":"-52.9921776"},"telephone":["+5544998308235"],"contactPoint":{"@type":"ContactPoint","email":"contato@ubirataonline.com.br"},"openingHoursSpecification":{"@type":"OpeningHoursSpecification","dayOfWeek":["Monday","Tuesday","Wednesday","Thursday","Friday","Saturday","Sunday"],"opens":"00:00","closes":"23:59"},"email":"contato@ubirataonline.com.br","vatID":"47.621.418\/0001-80"},{"@type":"Person","@id":"https:\/\/ubirataonline.com.br\/#\/schema\/person\/372f87bbd3fdd79b8556b84c98d0bc1c","name":"REDA\u00c7\u00c3O: UBIRAT\u00c3 ONLINE - F\u00c1BIO AUGUSTO CELESTINO","pronouns":"Ele","description":"Desde 2003 trabalhando com not\u00edcias.","sameAs":["http:\/\/ubirataoline.com.br","https:\/\/www.facebook.com\/portalubirataonline","https:\/\/www.instagram.com\/ubirataonline_oficial","https:\/\/x.com\/x.com\/ubirataonline"],"honorificPrefix":"Mr.","honorificSuffix":"MD","birthDate":"1980-06-16","gender":"masculino","award":["V\u00e1rios pr\u00eamios de melhor portal da cidade"],"jobTitle":"Diretor","url":"https:\/\/ubirataonline.com.br\/en\/author\/ubirataonline\/"},{"@type":"PostalAddress","@id":"https:\/\/ubirataonline.com.br\/meio-ideia-flavio-tem-458-e-lula-455-no-2o-turno\/#local-main-place-address","streetAddress":"Rua dos Coqueiros, 104 - Bairro Boa Vista, Rua dos Coqueiros, 104 Bairro Boa Vista","addressLocality":"UBIRATA","postalCode":"85440-000","addressRegion":"PR","addressCountry":"BR"},{"@type":"ImageObject","inLanguage":"en-US","@id":"https:\/\/ubirataonline.com.br\/meio-ideia-flavio-tem-458-e-lula-455-no-2o-turno\/#local-main-organization-logo","url":"https:\/\/ubirataonline.com.br\/wp-content\/uploads\/2026\/06\/logoubirataonline-1.webp","contentUrl":"https:\/\/ubirataonline.com.br\/wp-content\/uploads\/2026\/06\/logoubirataonline-1.webp","width":500,"height":500,"caption":"Ubirat\u00e3 Online Not\u00edcias"}]},"geo.placename":"UBIRATA","geo.position":{"lat":"-24.5361401","long":"-52.9921776"},"geo.region":"Brazil"},"_links":{"self":[{"href":"https:\/\/ubirataonline.com.br\/en\/wp-json\/wp\/v2\/posts\/101149","targetHints":{"allow":["GET"]}}],"collection":[{"href":"https:\/\/ubirataonline.com.br\/en\/wp-json\/wp\/v2\/posts"}],"about":[{"href":"https:\/\/ubirataonline.com.br\/en\/wp-json\/wp\/v2\/types\/post"}],"author":[{"embeddable":true,"href":"https:\/\/ubirataonline.com.br\/en\/wp-json\/wp\/v2\/users\/1"}],"replies":[{"embeddable":true,"href":"https:\/\/ubirataonline.com.br\/en\/wp-json\/wp\/v2\/comments?post=101149"}],"version-history":[{"count":0,"href":"https:\/\/ubirataonline.com.br\/en\/wp-json\/wp\/v2\/posts\/101149\/revisions"}],"wp:featuredmedia":[{"embeddable":true,"href":"https:\/\/ubirataonline.com.br\/en\/wp-json\/wp\/v2\/media\/101150"}],"wp:attachment":[{"href":"https:\/\/ubirataonline.com.br\/en\/wp-json\/wp\/v2\/media?parent=101149"}],"wp:term":[{"taxonomy":"category","embeddable":true,"href":"https:\/\/ubirataonline.com.br\/en\/wp-json\/wp\/v2\/categories?post=101149"},{"taxonomy":"post_tag","embeddable":true,"href":"https:\/\/ubirataonline.com.br\/en\/wp-json\/wp\/v2\/tags?post=101149"}],"curies":[{"name":"wp","href":"https:\/\/api.w.org\/{rel}","templated":true}]}}