{"id":101324,"date":"2026-04-08T12:47:57","date_gmt":"2026-04-08T15:47:57","guid":{"rendered":"https:\/\/ubirataonline.com.br\/how-tom-selleck-feels-about-the-blue-bloods-spin-off-according-to-donnie-wahlberg\/"},"modified":"2026-04-08T12:48:00","modified_gmt":"2026-04-08T15:48:00","slug":"how-tom-selleck-feels-about-the-blue-bloods-spin-off-according-to-donnie-wahlberg","status":"publish","type":"post","link":"https:\/\/ubirataonline.com.br\/en\/how-tom-selleck-feels-about-the-blue-bloods-spin-off-according-to-donnie-wahlberg\/","title":{"rendered":"How Tom Selleck Feels About The Blue Bloods Spin-Off, According To Donnie Wahlberg"},"content":{"rendered":"<p><br \/>\n<\/p>\n<div data-article-body=\"true\">\n<p class=\"mb-4 text-lg md:leading-8 break-words\">After <a href=\"https:\/\/www.yahoo.com\/entertainment\/tv\/articles\/why-cbs-canceled-blue-bloods-181200040.html\" data-ylk=\"slk:its 2024 cancellation;elm:context_link;itc:0;sec:content-canvas;outcm:mb_qualified_link;_E:mb_qualified_link;ct:story;\" data-yga=\"{&quot;yLinkElement&quot;:&quot;context_link&quot;,&quot;yModuleName&quot;:&quot;content-canvas&quot;,&quot;yLinkText&quot;:&quot;its 2024 cancellation&quot;}\" class=\"link  yahoo-link\">its 2024 cancellation<\/a>, &#8220;Blue Bloods&#8221; continued with a new spin-off, &#8220;Boston Blue,&#8221; and according to Donnie Wahlberg, Tom Selleck has expressed support for the new series.<\/p>\n<p class=\"mb-4 text-lg md:leading-8 break-words\">&#8220;Of course, I spoke to Tom the minute I was deciding if this was something I was going to do. And I can&#8217;t really get into the details of those conversations, but he&#8217;s been very supportive,&#8221; Wahlberg, who plays Detective Danny Reagan, the son of Selleck&#8217;s character, Frank Reagan, on both shows, told <a href=\"https:\/\/parade.com\/tv\/donnie-wahlberg-boston-blue-tom-selleck-feelings-blue-bloods\" rel=\"nofollow noopener\" target=\"_blank\" data-ylk=\"slk:Parade;elm:context_link;itc:0;sec:content-canvas\" data-yga=\"{&quot;yLinkElement&quot;:&quot;context_link&quot;,&quot;yModuleName&quot;:&quot;content-canvas&quot;,&quot;yLinkText&quot;:&quot;Parade&quot;}\" class=\"link \">Parade<\/a> in October 2025 just days after &#8220;Boston Blue&#8221; premiered.<\/p>\n<p class=\"mb-4 text-lg md:leading-8 break-words\">As of this writing, Selleck has yet to commit to appearing on the new series, even in a one-off capacity, though Wahlberg made clear that the door remains open. &#8220;I can say, would I love for Tom to come up to Boston? Sure. Or would I love Danny to go to New York and visit Frank? Absolutely, yes. Tom&#8217;s always going to base his decisions on the work and material,&#8221; Wahlberg explained.<\/p>\n<p class=\"mb-4 text-lg md:leading-8 break-words\">TVLine has reached out to Selleck for comment.<\/p>\n<p class=\"mb-4 text-lg md:leading-8 break-words\">&#8220;I&#8217;d love to work with him on the show, and when the time comes, we will hopefully craft an idea that moves his heart and makes him want to do it,&#8221; Wahlberg told Parade, adding that the team is also looking for ways to incorporate other Reagan family members into the series.<\/p>\n<p class=\"mb-4 text-lg md:leading-8 break-words\">Read more: <a href=\"https:\/\/www.yahoo.com\/entertainment\/tv\/articles\/10-controversial-tv-show-endings-000200547.html\" data-ylk=\"slk:10 Controversial TV Show Endings That Audiences And Critics Judged Too Harshly;elm:context_link;itc:0;sec:content-canvas;outcm:mb_qualified_link;_E:mb_qualified_link;ct:story;\" data-yga=\"{&quot;yLinkElement&quot;:&quot;context_link&quot;,&quot;yModuleName&quot;:&quot;content-canvas&quot;,&quot;yLinkText&quot;:&quot;10 Controversial TV Show Endings That Audiences And Critics Judged Too Harshly&quot;}\" class=\"link  yahoo-link\">10 Controversial TV Show Endings That Audiences And Critics Judged Too Harshly<\/a><\/p>\n<h2 class=\"mb-4 text-xl font-bold md:text-2xl\">Tom Selleck isn&#8217;t rushing back for the spin-off<\/h2>\n<figure class=\"relative mb-4\">\n<div class=\"relative\"><button aria-label=\"View larger image\" class=\"group absolute bottom-0 size-full\" data-ylk=\"elm:expand;itc:1;sec:image-lightbox;slk:lightbox-open;\"><span class=\"absolute bottom-3 right-3 rounded-full bg-white p-3 opacity-100 shadow-elevation-3 transition-opacity duration-300 group-hover:block group-hover:opacity-100 md:p-[17px] lg:bottom-6 lg:right-6 lg:bg-white\/90 lg:p-5 lg:opacity-0 lg:shadow-none\"><svg viewbox=\"0 0 22 22\" aria-hidden=\"true\" class=\"size-4 lg:size-6\" width=\"22\" height=\"22\"><path d=\"M12.372.92c0-.506.41-.916.915-.916L21 0l-.004 7.712a.917.917 0 0 1-1.832 0V3.183l-6.827 6.828-1.349-1.348 6.828-6.828h-4.529a.915.915 0 0 1-.915-.915M1.835 17.816l6.828-6.828 1.349 1.349-6.829 6.827h4.529a.915.915 0 0 1 0 1.831L0 21l.004-7.713a.916.916 0 0 1 1.831 0z\"\/><\/svg><\/span><\/button><dialog aria-label=\"Modal Dialog\" aria-modal=\"true\" class=\"fixed bottom-0 left-0 right-0 top-0 z-4 size-full max-h-none max-w-none bg-white hidden\"\/><\/div><figcaption class=\"relative text-sm mt-1 pr-2.5\">\n<p>Detectives Danny and Frank Reagan, sitting on a park bench &#8211; Courtesy of CBS<\/p>\n<\/figcaption><\/figure>\n<p class=\"mb-4 text-lg md:leading-8 break-words\">Selleck hasn&#8217;t committed to appearing in &#8220;Boston Blue&#8221;\u00a0and has indicated he&#8217;s not eager to return to the role following the end of &#8220;Blue Bloods.&#8221;<\/p>\n<p class=\"mb-4 text-lg md:leading-8 break-words\">&#8220;I don&#8217;t know if I would do &#8216;Boston Blue.&#8217; That&#8217;s another show,&#8221; he said in a November 2025 interview with <a href=\"https:\/\/www.hourdetroit.com\/film-tv\/tom-selleck-returns-to-his-roots\/\" rel=\"nofollow noopener\" target=\"_blank\" data-ylk=\"slk:Hour Detroit;elm:context_link;itc:0;sec:content-canvas\" data-yga=\"{&quot;yLinkElement&quot;:&quot;context_link&quot;,&quot;yModuleName&quot;:&quot;content-canvas&quot;,&quot;yLinkText&quot;:&quot;Hour Detroit&quot;}\" class=\"link \">Hour Detroit<\/a>.\u00a0&#8220;I think it&#8217;s partly my lot in life to make sure &#8216;Blue Bloods&#8217; has its place in television history, but I don&#8217;t think it&#8217;s my lot in life to keep playing Frank Reagan.&#8221;<\/p>\n<p class=\"mb-4 text-lg md:leading-8 break-words\">Selleck, who played the show&#8217;s police commissioner throughout its run, said the cancellation was &#8220;a huge disappointment,&#8221; adding that &#8220;Blue Bloods&#8221; remained one of network television&#8217;s most-watched series at the time.\u00a0&#8220;I&#8217;ve been on a lot of sets that were miserable where the cast didn&#8217;t like each other, but in &#8216;Blue Bloods,&#8217; everyone was professional and everyone liked each other. That is so rare.&#8221;<\/p>\n<p class=\"mb-4 text-lg md:leading-8 break-words\">&#8220;Blue Bloods&#8221; ran for an impressive 293 episodes before its December 2024 finale, despite the fact that <a href=\"https:\/\/www.yahoo.com\/entertainment\/tv\/articles\/boston-blue-star-donnie-wahlberg-181200404.html\" data-ylk=\"slk:the cast fought to keep the show going;elm:context_link;itc:0;sec:content-canvas;outcm:mb_qualified_link;_E:mb_qualified_link;ct:story;\" data-yga=\"{&quot;yLinkElement&quot;:&quot;context_link&quot;,&quot;yModuleName&quot;:&quot;content-canvas&quot;,&quot;yLinkText&quot;:&quot;the cast fought to keep the show going&quot;}\" class=\"link  yahoo-link\">the cast fought to keep the show going<\/a>.<\/p>\n<h2 class=\"mb-4 text-xl font-bold md:text-2xl\">The end of Blue Bloods hit the cast hard<\/h2>\n<figure class=\"relative mb-4\">\n<div class=\"relative\"><img alt=\"Frank Reagan seated at dinner table\" loading=\"lazy\" width=\"780\" height=\"438\" decoding=\"async\" data-nimg=\"1\" class=\"rounded-lg\" style=\"color:transparent\" src=\"https:\/\/s.yimg.com\/ny\/api\/res\/1.2\/GaimAcEIVurzsVk0SbHmZw--\/YXBwaWQ9aGlnaGxhbmRlcjt3PTk2MDtoPTUzOTtjZj13ZWJw\/https:\/\/media.zenfs.com\/en\/tvline.com\/b93c7ec8d9b4d4b6955e75ab9cab7eb0\"\/><button aria-label=\"View larger image\" class=\"group absolute bottom-0 size-full\" data-ylk=\"elm:expand;itc:1;sec:image-lightbox;slk:lightbox-open;\"><span class=\"absolute bottom-3 right-3 rounded-full bg-white p-3 opacity-100 shadow-elevation-3 transition-opacity duration-300 group-hover:block group-hover:opacity-100 md:p-[17px] lg:bottom-6 lg:right-6 lg:bg-white\/90 lg:p-5 lg:opacity-0 lg:shadow-none\"><svg viewbox=\"0 0 22 22\" aria-hidden=\"true\" class=\"size-4 lg:size-6\" width=\"22\" height=\"22\"><path d=\"M12.372.92c0-.506.41-.916.915-.916L21 0l-.004 7.712a.917.917 0 0 1-1.832 0V3.183l-6.827 6.828-1.349-1.348 6.828-6.828h-4.529a.915.915 0 0 1-.915-.915M1.835 17.816l6.828-6.828 1.349 1.349-6.829 6.827h4.529a.915.915 0 0 1 0 1.831L0 21l.004-7.713a.916.916 0 0 1 1.831 0z\"\/><\/svg><\/span><\/button><dialog aria-label=\"Modal Dialog\" aria-modal=\"true\" class=\"fixed bottom-0 left-0 right-0 top-0 z-4 size-full max-h-none max-w-none bg-white hidden\"\/><\/div><figcaption class=\"relative text-sm mt-1 pr-2.5\">\n<p>Frank Reagan seated at dinner table &#8211; Courtesy of CBS<\/p>\n<\/figcaption><\/figure>\n<p class=\"mb-4 text-lg md:leading-8 break-words\">Selleck told <a href=\"https:\/\/www.tvinsider.com\/1154539\/blue-bloods-series-finale-tom-selleck-interview-exclusive\/\" rel=\"nofollow noopener\" target=\"_blank\" data-ylk=\"slk:TV Insider;elm:context_link;itc:0;sec:content-canvas\" data-yga=\"{&quot;yLinkElement&quot;:&quot;context_link&quot;,&quot;yModuleName&quot;:&quot;content-canvas&quot;,&quot;yLinkText&quot;:&quot;TV Insider&quot;}\" class=\"link \">TV Insider<\/a>\u00a0that the end of &#8220;Blue Bloods&#8221;\u00a0was difficult to process.\u00a0&#8220;My frustration is the show was always taken for granted because it performed from the get-go. So how do I feel? It&#8217;s going to take a long time to sort all of this out. I remember after the weekend [of the final episode&#8217;s shoot], I said, &#8216;I&#8217;ve got to get to bed early tonight because I have to do my dialogue for Monday.&#8217; Well, there was no Monday. It&#8217;s just going to take a while.&#8221;<\/p>\n<p class=\"mb-4 text-lg md:leading-8 break-words\">Wahlberg shared a similar reaction, telling Parade, &#8220;That was our job, that was our life, that was my offscreen family. I got to know Tom and his wife and Bridget and her son, all these people have become part of my life and that ended, and it was very difficult for all of us. So sometimes when people are like, &#8216;Oh, we&#8217;re upset.&#8217; It&#8217;s like, &#8216;Well, our hearts were broken, too.'&#8221;<\/p>\n<p class=\"mb-4 text-lg md:leading-8 break-words\">&#8220;Boston Blue&#8221; was ordered to series just two months after &#8220;Blue Bloods&#8221; ended, continuing Danny Reagan&#8217;s story and <a href=\"https:\/\/www.yahoo.com\/entertainment\/tv\/articles\/boston-blue-honor-blue-bloods-035900263.html\" data-ylk=\"slk:honoring the &quot;Blue Bloods&quot; legacy;elm:context_link;itc:0;sec:content-canvas;outcm:mb_qualified_link;_E:mb_qualified_link;ct:story;\" data-yga=\"{&quot;yLinkElement&quot;:&quot;context_link&quot;,&quot;yModuleName&quot;:&quot;content-canvas&quot;,&quot;yLinkText&quot;:&quot;honoring the &quot;Blue Bloods&quot; legacy&quot;}\" class=\"link  yahoo-link\">honoring the &#8220;Blue Bloods&#8221; legacy<\/a>\u00a0\u2013 including inheriting the original series&#8217; Friday night time slot.<\/p>\n<p class=\"mb-4 text-lg md:leading-8 break-words\">Enjoyed this article? <a href=\"https:\/\/subscribe.tvline.com\/newsletter-syndicated?utm_source=yahoo&amp;utm_medium=tvline-NL-feed\" rel=\"nofollow noopener\" target=\"_blank\" data-ylk=\"slk:Sign up to TVLine's free newsletter;elm:context_link;itc:0;sec:content-canvas\" data-yga=\"{&quot;yLinkElement&quot;:&quot;context_link&quot;,&quot;yModuleName&quot;:&quot;content-canvas&quot;,&quot;yLinkText&quot;:&quot;Sign up to TVLine's free newsletter&quot;}\" class=\"link \">Sign up to TVLine&#8217;s free newsletter<\/a>, and <a href=\"https:\/\/www.google.com\/preferences\/source?q=tvline.com\" rel=\"nofollow noopener\" target=\"_blank\" data-ylk=\"slk:add us as a preferred search source;elm:context_link;itc:0;sec:content-canvas\" data-yga=\"{&quot;yLinkElement&quot;:&quot;context_link&quot;,&quot;yModuleName&quot;:&quot;content-canvas&quot;,&quot;yLinkText&quot;:&quot;add us as a preferred search source&quot;}\" class=\"link \">add us as a preferred search source<\/a> for the latest in TV, streaming and movie news.<\/p>\n<p class=\"mb-4 text-lg md:leading-8 break-words\">Read the <a href=\"https:\/\/www.tvline.com\/2141568\/tom-selleck-feelings-blue-bloods-spin-off-boston-blue-donnie-wahlberg\/?zsource=yahoo\" rel=\"nofollow noopener\" target=\"_blank\" data-ylk=\"slk:original article on TVLine;elm:context_link;itc:0;sec:content-canvas\" data-yga=\"{&quot;yLinkElement&quot;:&quot;context_link&quot;,&quot;yModuleName&quot;:&quot;content-canvas&quot;,&quot;yLinkText&quot;:&quot;original article on TVLine&quot;}\" class=\"link \">original article on TVLine<\/a>.<\/p>\n<\/div>\n<p><br \/>\n<br \/><a href=\"https:\/\/www.yahoo.com\/entertainment\/tv\/articles\/tom-selleck-feels-blue-bloods-131200586.html\">Source link <\/a><\/p>\n","protected":false},"excerpt":{"rendered":"<p>After its 2024 cancellation, &#8220;Blue Bloods&#8221; continued with a new spin-off, &#8220;Boston Blue,&#8221; and according to Donnie Wahlberg, Tom Selleck has expressed support for the new series. &#8220;Of course, I spoke to Tom the minute I was deciding if this was something I was going to do. And I can&#8217;t really get into the details [&hellip;]<\/p>\n","protected":false},"author":1,"featured_media":101325,"comment_status":"closed","ping_status":"","sticky":false,"template":"","format":"standard","meta":{"googlesitekit_rrm_CAow2JLhCw:productID":"","_gspb_post_css":"","maa_idioma":"","maa_pais":"","footnotes":""},"categories":[2725],"tags":[25754,3540,13075,5989,25753,12095,6327,25755],"class_list":["post-101324","post","type-post","status-publish","format-standard","has-post-thumbnail","hentry","category-europe","tag-bloods","tag-blue","tag-donnie","tag-feels","tag-selleck","tag-spinoff","tag-tom","tag-wahlberg"],"blocksy_meta":[],"yoast_head":"<!-- This site is optimized with the Yoast SEO Premium plugin v27.6 (Yoast SEO v27.6) - https:\/\/yoast.com\/product\/yoast-seo-premium-wordpress\/ -->\n<title>How Tom Selleck Feels About The Blue Bloods Spin-Off, According To Donnie Wahlberg - Ubirat\u00e3 Online Not\u00edcias - A realidade ao seu alcance!<\/title>\n<meta name=\"description\" content=\"After its 2024 cancellation, &quot;Blue Bloods&quot; continued with a new spin-off, &quot;Boston Blue,&quot; and according to Donnie Wahlberg, Tom Selleck has expressed\" \/>\n<meta name=\"robots\" content=\"index, follow, max-snippet:-1, max-image-preview:large, max-video-preview:-1\" \/>\n<link rel=\"canonical\" href=\"https:\/\/ubirataonline.com.br\/en\/how-tom-selleck-feels-about-the-blue-bloods-spin-off-according-to-donnie-wahlberg\/\" \/>\n<meta property=\"og:locale\" content=\"en_US\" \/>\n<meta property=\"og:type\" content=\"article\" \/>\n<meta property=\"og:title\" content=\"How Tom Selleck Feels About The Blue Bloods Spin-Off, According To Donnie Wahlberg\" \/>\n<meta property=\"og:description\" content=\"After its 2024 cancellation, &quot;Blue Bloods&quot; continued with a new spin-off, &quot;Boston Blue,&quot; and according to Donnie Wahlberg, Tom Selleck has expressed\" \/>\n<meta property=\"og:url\" content=\"https:\/\/ubirataonline.com.br\/en\/how-tom-selleck-feels-about-the-blue-bloods-spin-off-according-to-donnie-wahlberg\/\" \/>\n<meta property=\"og:site_name\" content=\"Ubirat\u00e3 Online Not\u00edcias - A realidade ao seu alcance!\" \/>\n<meta property=\"article:publisher\" content=\"https:\/\/www.facebook.com\/portalubirataonline\" \/>\n<meta property=\"article:author\" content=\"https:\/\/www.facebook.com\/portalubirataonline\" \/>\n<meta property=\"article:published_time\" content=\"2026-04-08T15:47:57+00:00\" \/>\n<meta property=\"article:modified_time\" content=\"2026-04-08T15:48:00+00:00\" \/>\n<meta property=\"og:image\" content=\"https:\/\/ubirataonline.com.br\/wp-content\/uploads\/2026\/04\/How-Tom-Selleck-Feels-About-The-Blue-Bloods-Spin-Off-According.jpeg\" \/>\n\t<meta property=\"og:image:width\" content=\"1200\" \/>\n\t<meta property=\"og:image:height\" content=\"674\" \/>\n\t<meta property=\"og:image:type\" content=\"image\/jpeg\" \/>\n<meta name=\"author\" content=\"REDA\u00c7\u00c3O: UBIRAT\u00c3 ONLINE - F\u00c1BIO AUGUSTO CELESTINO\" \/>\n<meta name=\"twitter:card\" content=\"summary_large_image\" \/>\n<meta name=\"twitter:creator\" content=\"@x.com\/ubirataonline\" \/>\n<meta name=\"twitter:site\" content=\"@ubirataonline\" \/>\n<meta name=\"twitter:label1\" content=\"Written by\" \/>\n\t<meta name=\"twitter:data1\" content=\"REDA\u00c7\u00c3O: UBIRAT\u00c3 ONLINE - F\u00c1BIO AUGUSTO CELESTINO\" \/>\n\t<meta name=\"twitter:label2\" content=\"Est. reading time\" \/>\n\t<meta name=\"twitter:data2\" content=\"3 minutes\" \/>\n<script type=\"application\/ld+json\" class=\"yoast-schema-graph\">{\"@context\":\"https:\\\/\\\/schema.org\",\"@graph\":[{\"@type\":\"NewsArticle\",\"@id\":\"https:\\\/\\\/ubirataonline.com.br\\\/how-tom-selleck-feels-about-the-blue-bloods-spin-off-according-to-donnie-wahlberg\\\/#article\",\"isPartOf\":{\"@id\":\"https:\\\/\\\/ubirataonline.com.br\\\/how-tom-selleck-feels-about-the-blue-bloods-spin-off-according-to-donnie-wahlberg\\\/\"},\"author\":{\"name\":\"REDA\u00c7\u00c3O: UBIRAT\u00c3 ONLINE - F\u00c1BIO AUGUSTO CELESTINO\",\"@id\":\"https:\\\/\\\/ubirataonline.com.br\\\/#\\\/schema\\\/person\\\/372f87bbd3fdd79b8556b84c98d0bc1c\"},\"headline\":\"How Tom Selleck Feels About The Blue Bloods Spin-Off, According To Donnie Wahlberg\",\"datePublished\":\"2026-04-08T15:47:57+00:00\",\"dateModified\":\"2026-04-08T15:48:00+00:00\",\"mainEntityOfPage\":{\"@id\":\"https:\\\/\\\/ubirataonline.com.br\\\/how-tom-selleck-feels-about-the-blue-bloods-spin-off-according-to-donnie-wahlberg\\\/\"},\"wordCount\":706,\"publisher\":{\"@id\":\"https:\\\/\\\/ubirataonline.com.br\\\/#organization\"},\"image\":{\"@id\":\"https:\\\/\\\/ubirataonline.com.br\\\/how-tom-selleck-feels-about-the-blue-bloods-spin-off-according-to-donnie-wahlberg\\\/#primaryimage\"},\"thumbnailUrl\":\"https:\\\/\\\/ubirataonline.com.br\\\/wp-content\\\/uploads\\\/2026\\\/04\\\/How-Tom-Selleck-Feels-About-The-Blue-Bloods-Spin-Off-According.jpeg\",\"keywords\":[\"Bloods\",\"Blue\",\"Donnie\",\"feels\",\"Selleck\",\"spinoff\",\"Tom\",\"Wahlberg\"],\"articleSection\":[\"Europe\"],\"inLanguage\":\"en-US\",\"copyrightYear\":\"2026\",\"copyrightHolder\":{\"@id\":\"https:\\\/\\\/ubirataonline.com.br\\\/en\\\/#organization\"}},{\"@type\":\"WebPage\",\"@id\":\"https:\\\/\\\/ubirataonline.com.br\\\/how-tom-selleck-feels-about-the-blue-bloods-spin-off-according-to-donnie-wahlberg\\\/\",\"url\":\"https:\\\/\\\/ubirataonline.com.br\\\/how-tom-selleck-feels-about-the-blue-bloods-spin-off-according-to-donnie-wahlberg\\\/\",\"name\":\"How Tom Selleck Feels About The Blue Bloods Spin-Off, According To Donnie Wahlberg - Ubirat\u00e3 Online Not\u00edcias - A realidade ao seu alcance!\",\"isPartOf\":{\"@id\":\"https:\\\/\\\/ubirataonline.com.br\\\/#website\"},\"primaryImageOfPage\":{\"@id\":\"https:\\\/\\\/ubirataonline.com.br\\\/how-tom-selleck-feels-about-the-blue-bloods-spin-off-according-to-donnie-wahlberg\\\/#primaryimage\"},\"image\":{\"@id\":\"https:\\\/\\\/ubirataonline.com.br\\\/how-tom-selleck-feels-about-the-blue-bloods-spin-off-according-to-donnie-wahlberg\\\/#primaryimage\"},\"thumbnailUrl\":\"https:\\\/\\\/ubirataonline.com.br\\\/wp-content\\\/uploads\\\/2026\\\/04\\\/How-Tom-Selleck-Feels-About-The-Blue-Bloods-Spin-Off-According.jpeg\",\"datePublished\":\"2026-04-08T15:47:57+00:00\",\"dateModified\":\"2026-04-08T15:48:00+00:00\",\"description\":\"After its 2024 cancellation, \\\"Blue Bloods\\\" continued with a new spin-off, \\\"Boston Blue,\\\" and according to Donnie Wahlberg, Tom Selleck has expressed\",\"breadcrumb\":{\"@id\":\"https:\\\/\\\/ubirataonline.com.br\\\/how-tom-selleck-feels-about-the-blue-bloods-spin-off-according-to-donnie-wahlberg\\\/#breadcrumb\"},\"inLanguage\":\"en-US\",\"potentialAction\":[{\"@type\":\"ReadAction\",\"target\":[\"https:\\\/\\\/ubirataonline.com.br\\\/how-tom-selleck-feels-about-the-blue-bloods-spin-off-according-to-donnie-wahlberg\\\/\"]}]},{\"@type\":\"ImageObject\",\"inLanguage\":\"en-US\",\"@id\":\"https:\\\/\\\/ubirataonline.com.br\\\/how-tom-selleck-feels-about-the-blue-bloods-spin-off-according-to-donnie-wahlberg\\\/#primaryimage\",\"url\":\"https:\\\/\\\/ubirataonline.com.br\\\/wp-content\\\/uploads\\\/2026\\\/04\\\/How-Tom-Selleck-Feels-About-The-Blue-Bloods-Spin-Off-According.jpeg\",\"contentUrl\":\"https:\\\/\\\/ubirataonline.com.br\\\/wp-content\\\/uploads\\\/2026\\\/04\\\/How-Tom-Selleck-Feels-About-The-Blue-Bloods-Spin-Off-According.jpeg\",\"width\":1200,\"height\":674,\"caption\":\"Danny Reagan looking on - John Medland\\\/CBS\"},{\"@type\":\"BreadcrumbList\",\"@id\":\"https:\\\/\\\/ubirataonline.com.br\\\/how-tom-selleck-feels-about-the-blue-bloods-spin-off-according-to-donnie-wahlberg\\\/#breadcrumb\",\"itemListElement\":[{\"@type\":\"ListItem\",\"position\":1,\"name\":\"In\u00edcio\",\"item\":\"https:\\\/\\\/ubirataonline.com.br\\\/\"},{\"@type\":\"ListItem\",\"position\":2,\"name\":\"How Tom Selleck Feels About The Blue Bloods Spin-Off, According To Donnie Wahlberg\"}]},{\"@type\":\"WebSite\",\"@id\":\"https:\\\/\\\/ubirataonline.com.br\\\/#website\",\"url\":\"https:\\\/\\\/ubirataonline.com.br\\\/\",\"name\":\"Ubirat\u00e3 Online Not\u00edcias\",\"description\":\"Not\u00edcias de Ubirat\u00e3, regi\u00e3o, Brasil e mundo, com informa\u00e7\u00e3o atualizada e compromisso com o leitor.\",\"publisher\":{\"@id\":\"https:\\\/\\\/ubirataonline.com.br\\\/#organization\"},\"alternateName\":\"Ubirat\u00e3 Online\",\"potentialAction\":[{\"@type\":\"SearchAction\",\"target\":{\"@type\":\"EntryPoint\",\"urlTemplate\":\"https:\\\/\\\/ubirataonline.com.br\\\/?s={search_term_string}\"},\"query-input\":{\"@type\":\"PropertyValueSpecification\",\"valueRequired\":true,\"valueName\":\"search_term_string\"}}],\"inLanguage\":\"en-US\"},{\"@type\":[\"Organization\",\"Place\"],\"@id\":\"https:\\\/\\\/ubirataonline.com.br\\\/#organization\",\"name\":\"Ubirat\u00e3 Online Not\u00edcias\",\"alternateName\":\"Ubirat\u00e3 Online\",\"url\":\"https:\\\/\\\/ubirataonline.com.br\\\/\",\"logo\":{\"@id\":\"https:\\\/\\\/ubirataonline.com.br\\\/how-tom-selleck-feels-about-the-blue-bloods-spin-off-according-to-donnie-wahlberg\\\/#local-main-organization-logo\"},\"image\":{\"@id\":\"https:\\\/\\\/ubirataonline.com.br\\\/how-tom-selleck-feels-about-the-blue-bloods-spin-off-according-to-donnie-wahlberg\\\/#local-main-organization-logo\"},\"sameAs\":[\"https:\\\/\\\/www.facebook.com\\\/portalubirataonline\",\"https:\\\/\\\/x.com\\\/ubirataonline\",\"https:\\\/\\\/mastodon.social\\\/@ubirataonline\",\"https:\\\/\\\/www.facebook.com\\\/groups\\\/311144672285604\",\"https:\\\/\\\/www.facebook.com\\\/UBTAOnline\",\"https:\\\/\\\/www.instagram.com\\\/portalubirataonline\\\/\",\"https:\\\/\\\/twitter.com\\\/ubirataonline\"],\"description\":\"Somos um portal de not\u00edcias independente, criado em 5 de janeiro de 2009, com o objetivo de informar, conectar e valorizar a nossa comunidade de Ubirat\u00e3 e toda aregi\u00e3o. Com conte\u00fado atualizado, confi\u00e1vel e relevante, o Ubirat\u00e3 Online \u00e9 o seu espa\u00e7o para ficar por dentro dos principais acontecimentos locais, regionais, Brasil, Mundo e de interesse geral. Nosso compromisso \u00e9 com a verdade, a transpar\u00eancia e o respeito ao leitor.\",\"legalName\":\"UBIRATA ONLINE NOT\u00cdCIAS\",\"foundingDate\":\"2009-01-05\",\"numberOfEmployees\":{\"@type\":\"QuantitativeValue\",\"minValue\":\"1\",\"maxValue\":\"10\"},\"publishingPrinciples\":\"https:\\\/\\\/ubirataonline.com.br\\\/faq\\\/\",\"address\":{\"@id\":\"https:\\\/\\\/ubirataonline.com.br\\\/how-tom-selleck-feels-about-the-blue-bloods-spin-off-according-to-donnie-wahlberg\\\/#local-main-place-address\"},\"geo\":{\"@type\":\"GeoCoordinates\",\"latitude\":\"-24.5361401\",\"longitude\":\"-52.9921776\"},\"telephone\":[\"+5544998308235\"],\"contactPoint\":{\"@type\":\"ContactPoint\",\"email\":\"contato@ubirataonline.com.br\"},\"openingHoursSpecification\":{\"@type\":\"OpeningHoursSpecification\",\"dayOfWeek\":[\"Monday\",\"Tuesday\",\"Wednesday\",\"Thursday\",\"Friday\",\"Saturday\",\"Sunday\"],\"opens\":\"00:00\",\"closes\":\"23:59\"},\"email\":\"contato@ubirataonline.com.br\",\"vatID\":\"47.621.418\\\/0001-80\"},{\"@type\":\"Person\",\"@id\":\"https:\\\/\\\/ubirataonline.com.br\\\/#\\\/schema\\\/person\\\/372f87bbd3fdd79b8556b84c98d0bc1c\",\"name\":\"REDA\u00c7\u00c3O: UBIRAT\u00c3 ONLINE - F\u00c1BIO AUGUSTO CELESTINO\",\"pronouns\":\"Ele\",\"description\":\"Desde 2003 trabalhando com not\u00edcias.\",\"sameAs\":[\"http:\\\/\\\/ubirataoline.com.br\",\"https:\\\/\\\/www.facebook.com\\\/portalubirataonline\",\"https:\\\/\\\/www.instagram.com\\\/ubirataonline_oficial\",\"https:\\\/\\\/x.com\\\/x.com\\\/ubirataonline\"],\"honorificPrefix\":\"Mr.\",\"honorificSuffix\":\"MD\",\"birthDate\":\"1980-06-16\",\"gender\":\"masculino\",\"award\":[\"V\u00e1rios pr\u00eamios de melhor portal da cidade\"],\"jobTitle\":\"Diretor\",\"url\":\"https:\\\/\\\/ubirataonline.com.br\\\/en\\\/author\\\/ubirataonline\\\/\"},{\"@type\":\"PostalAddress\",\"@id\":\"https:\\\/\\\/ubirataonline.com.br\\\/how-tom-selleck-feels-about-the-blue-bloods-spin-off-according-to-donnie-wahlberg\\\/#local-main-place-address\",\"streetAddress\":\"Rua dos Coqueiros, 104 - Bairro Boa Vista, Rua dos Coqueiros, 104 Bairro Boa Vista\",\"addressLocality\":\"UBIRATA\",\"postalCode\":\"85440-000\",\"addressRegion\":\"PR\",\"addressCountry\":\"BR\"},{\"@type\":\"ImageObject\",\"inLanguage\":\"en-US\",\"@id\":\"https:\\\/\\\/ubirataonline.com.br\\\/how-tom-selleck-feels-about-the-blue-bloods-spin-off-according-to-donnie-wahlberg\\\/#local-main-organization-logo\",\"url\":\"https:\\\/\\\/ubirataonline.com.br\\\/wp-content\\\/uploads\\\/2026\\\/06\\\/logoubirataonline-1.webp\",\"contentUrl\":\"https:\\\/\\\/ubirataonline.com.br\\\/wp-content\\\/uploads\\\/2026\\\/06\\\/logoubirataonline-1.webp\",\"width\":500,\"height\":500,\"caption\":\"Ubirat\u00e3 Online Not\u00edcias\"}]}<\/script>\n<meta name=\"geo.placename\" content=\"UBIRATA\" \/>\n<meta name=\"geo.position\" content=\"-24.5361401;-52.9921776\" \/>\n<meta name=\"geo.region\" content=\"Brazil\" \/>\n<!-- \/ Yoast SEO Premium plugin. -->","yoast_head_json":{"title":"How Tom Selleck Feels About The Blue Bloods Spin-Off, According To Donnie Wahlberg - Ubirat\u00e3 Online Not\u00edcias - A realidade ao seu alcance!","description":"After its 2024 cancellation, \"Blue Bloods\" continued with a new spin-off, \"Boston Blue,\" and according to Donnie Wahlberg, Tom Selleck has expressed","robots":{"index":"index","follow":"follow","max-snippet":"max-snippet:-1","max-image-preview":"max-image-preview:large","max-video-preview":"max-video-preview:-1"},"canonical":"https:\/\/ubirataonline.com.br\/en\/how-tom-selleck-feels-about-the-blue-bloods-spin-off-according-to-donnie-wahlberg\/","og_locale":"en_US","og_type":"article","og_title":"How Tom Selleck Feels About The Blue Bloods Spin-Off, According To Donnie Wahlberg","og_description":"After its 2024 cancellation, \"Blue Bloods\" continued with a new spin-off, \"Boston Blue,\" and according to Donnie Wahlberg, Tom Selleck has expressed","og_url":"https:\/\/ubirataonline.com.br\/en\/how-tom-selleck-feels-about-the-blue-bloods-spin-off-according-to-donnie-wahlberg\/","og_site_name":"Ubirat\u00e3 Online Not\u00edcias - A realidade ao seu alcance!","article_publisher":"https:\/\/www.facebook.com\/portalubirataonline","article_author":"https:\/\/www.facebook.com\/portalubirataonline","article_published_time":"2026-04-08T15:47:57+00:00","article_modified_time":"2026-04-08T15:48:00+00:00","og_image":[{"width":1200,"height":674,"url":"https:\/\/ubirataonline.com.br\/wp-content\/uploads\/2026\/04\/How-Tom-Selleck-Feels-About-The-Blue-Bloods-Spin-Off-According.jpeg","type":"image\/jpeg"}],"author":"REDA\u00c7\u00c3O: UBIRAT\u00c3 ONLINE - F\u00c1BIO AUGUSTO CELESTINO","twitter_card":"summary_large_image","twitter_creator":"@x.com\/ubirataonline","twitter_site":"@ubirataonline","twitter_misc":{"Written by":"REDA\u00c7\u00c3O: UBIRAT\u00c3 ONLINE - F\u00c1BIO AUGUSTO CELESTINO","Est. reading time":"3 minutes"},"schema":{"@context":"https:\/\/schema.org","@graph":[{"@type":"NewsArticle","@id":"https:\/\/ubirataonline.com.br\/how-tom-selleck-feels-about-the-blue-bloods-spin-off-according-to-donnie-wahlberg\/#article","isPartOf":{"@id":"https:\/\/ubirataonline.com.br\/how-tom-selleck-feels-about-the-blue-bloods-spin-off-according-to-donnie-wahlberg\/"},"author":{"name":"REDA\u00c7\u00c3O: UBIRAT\u00c3 ONLINE - F\u00c1BIO AUGUSTO CELESTINO","@id":"https:\/\/ubirataonline.com.br\/#\/schema\/person\/372f87bbd3fdd79b8556b84c98d0bc1c"},"headline":"How Tom Selleck Feels About The Blue Bloods Spin-Off, According To Donnie Wahlberg","datePublished":"2026-04-08T15:47:57+00:00","dateModified":"2026-04-08T15:48:00+00:00","mainEntityOfPage":{"@id":"https:\/\/ubirataonline.com.br\/how-tom-selleck-feels-about-the-blue-bloods-spin-off-according-to-donnie-wahlberg\/"},"wordCount":706,"publisher":{"@id":"https:\/\/ubirataonline.com.br\/#organization"},"image":{"@id":"https:\/\/ubirataonline.com.br\/how-tom-selleck-feels-about-the-blue-bloods-spin-off-according-to-donnie-wahlberg\/#primaryimage"},"thumbnailUrl":"https:\/\/ubirataonline.com.br\/wp-content\/uploads\/2026\/04\/How-Tom-Selleck-Feels-About-The-Blue-Bloods-Spin-Off-According.jpeg","keywords":["Bloods","Blue","Donnie","feels","Selleck","spinoff","Tom","Wahlberg"],"articleSection":["Europe"],"inLanguage":"en-US","copyrightYear":"2026","copyrightHolder":{"@id":"https:\/\/ubirataonline.com.br\/en\/#organization"}},{"@type":"WebPage","@id":"https:\/\/ubirataonline.com.br\/how-tom-selleck-feels-about-the-blue-bloods-spin-off-according-to-donnie-wahlberg\/","url":"https:\/\/ubirataonline.com.br\/how-tom-selleck-feels-about-the-blue-bloods-spin-off-according-to-donnie-wahlberg\/","name":"How Tom Selleck Feels About The Blue Bloods Spin-Off, According To Donnie Wahlberg - Ubirat\u00e3 Online Not\u00edcias - A realidade ao seu alcance!","isPartOf":{"@id":"https:\/\/ubirataonline.com.br\/#website"},"primaryImageOfPage":{"@id":"https:\/\/ubirataonline.com.br\/how-tom-selleck-feels-about-the-blue-bloods-spin-off-according-to-donnie-wahlberg\/#primaryimage"},"image":{"@id":"https:\/\/ubirataonline.com.br\/how-tom-selleck-feels-about-the-blue-bloods-spin-off-according-to-donnie-wahlberg\/#primaryimage"},"thumbnailUrl":"https:\/\/ubirataonline.com.br\/wp-content\/uploads\/2026\/04\/How-Tom-Selleck-Feels-About-The-Blue-Bloods-Spin-Off-According.jpeg","datePublished":"2026-04-08T15:47:57+00:00","dateModified":"2026-04-08T15:48:00+00:00","description":"After its 2024 cancellation, \"Blue Bloods\" continued with a new spin-off, \"Boston Blue,\" and according to Donnie Wahlberg, Tom Selleck has expressed","breadcrumb":{"@id":"https:\/\/ubirataonline.com.br\/how-tom-selleck-feels-about-the-blue-bloods-spin-off-according-to-donnie-wahlberg\/#breadcrumb"},"inLanguage":"en-US","potentialAction":[{"@type":"ReadAction","target":["https:\/\/ubirataonline.com.br\/how-tom-selleck-feels-about-the-blue-bloods-spin-off-according-to-donnie-wahlberg\/"]}]},{"@type":"ImageObject","inLanguage":"en-US","@id":"https:\/\/ubirataonline.com.br\/how-tom-selleck-feels-about-the-blue-bloods-spin-off-according-to-donnie-wahlberg\/#primaryimage","url":"https:\/\/ubirataonline.com.br\/wp-content\/uploads\/2026\/04\/How-Tom-Selleck-Feels-About-The-Blue-Bloods-Spin-Off-According.jpeg","contentUrl":"https:\/\/ubirataonline.com.br\/wp-content\/uploads\/2026\/04\/How-Tom-Selleck-Feels-About-The-Blue-Bloods-Spin-Off-According.jpeg","width":1200,"height":674,"caption":"Danny Reagan looking on - John Medland\/CBS"},{"@type":"BreadcrumbList","@id":"https:\/\/ubirataonline.com.br\/how-tom-selleck-feels-about-the-blue-bloods-spin-off-according-to-donnie-wahlberg\/#breadcrumb","itemListElement":[{"@type":"ListItem","position":1,"name":"In\u00edcio","item":"https:\/\/ubirataonline.com.br\/"},{"@type":"ListItem","position":2,"name":"How Tom Selleck Feels About The Blue Bloods Spin-Off, According To Donnie Wahlberg"}]},{"@type":"WebSite","@id":"https:\/\/ubirataonline.com.br\/#website","url":"https:\/\/ubirataonline.com.br\/","name":"Ubirat\u00e3 Online Not\u00edcias","description":"Not\u00edcias de Ubirat\u00e3, regi\u00e3o, Brasil e mundo, com informa\u00e7\u00e3o atualizada e compromisso com o leitor.","publisher":{"@id":"https:\/\/ubirataonline.com.br\/#organization"},"alternateName":"Ubirat\u00e3 Online","potentialAction":[{"@type":"SearchAction","target":{"@type":"EntryPoint","urlTemplate":"https:\/\/ubirataonline.com.br\/?s={search_term_string}"},"query-input":{"@type":"PropertyValueSpecification","valueRequired":true,"valueName":"search_term_string"}}],"inLanguage":"en-US"},{"@type":["Organization","Place"],"@id":"https:\/\/ubirataonline.com.br\/#organization","name":"Ubirat\u00e3 Online Not\u00edcias","alternateName":"Ubirat\u00e3 Online","url":"https:\/\/ubirataonline.com.br\/","logo":{"@id":"https:\/\/ubirataonline.com.br\/how-tom-selleck-feels-about-the-blue-bloods-spin-off-according-to-donnie-wahlberg\/#local-main-organization-logo"},"image":{"@id":"https:\/\/ubirataonline.com.br\/how-tom-selleck-feels-about-the-blue-bloods-spin-off-according-to-donnie-wahlberg\/#local-main-organization-logo"},"sameAs":["https:\/\/www.facebook.com\/portalubirataonline","https:\/\/x.com\/ubirataonline","https:\/\/mastodon.social\/@ubirataonline","https:\/\/www.facebook.com\/groups\/311144672285604","https:\/\/www.facebook.com\/UBTAOnline","https:\/\/www.instagram.com\/portalubirataonline\/","https:\/\/twitter.com\/ubirataonline"],"description":"Somos um portal de not\u00edcias independente, criado em 5 de janeiro de 2009, com o objetivo de informar, conectar e valorizar a nossa comunidade de Ubirat\u00e3 e toda aregi\u00e3o. Com conte\u00fado atualizado, confi\u00e1vel e relevante, o Ubirat\u00e3 Online \u00e9 o seu espa\u00e7o para ficar por dentro dos principais acontecimentos locais, regionais, Brasil, Mundo e de interesse geral. Nosso compromisso \u00e9 com a verdade, a transpar\u00eancia e o respeito ao leitor.","legalName":"UBIRATA ONLINE NOT\u00cdCIAS","foundingDate":"2009-01-05","numberOfEmployees":{"@type":"QuantitativeValue","minValue":"1","maxValue":"10"},"publishingPrinciples":"https:\/\/ubirataonline.com.br\/faq\/","address":{"@id":"https:\/\/ubirataonline.com.br\/how-tom-selleck-feels-about-the-blue-bloods-spin-off-according-to-donnie-wahlberg\/#local-main-place-address"},"geo":{"@type":"GeoCoordinates","latitude":"-24.5361401","longitude":"-52.9921776"},"telephone":["+5544998308235"],"contactPoint":{"@type":"ContactPoint","email":"contato@ubirataonline.com.br"},"openingHoursSpecification":{"@type":"OpeningHoursSpecification","dayOfWeek":["Monday","Tuesday","Wednesday","Thursday","Friday","Saturday","Sunday"],"opens":"00:00","closes":"23:59"},"email":"contato@ubirataonline.com.br","vatID":"47.621.418\/0001-80"},{"@type":"Person","@id":"https:\/\/ubirataonline.com.br\/#\/schema\/person\/372f87bbd3fdd79b8556b84c98d0bc1c","name":"REDA\u00c7\u00c3O: UBIRAT\u00c3 ONLINE - F\u00c1BIO AUGUSTO CELESTINO","pronouns":"Ele","description":"Desde 2003 trabalhando com not\u00edcias.","sameAs":["http:\/\/ubirataoline.com.br","https:\/\/www.facebook.com\/portalubirataonline","https:\/\/www.instagram.com\/ubirataonline_oficial","https:\/\/x.com\/x.com\/ubirataonline"],"honorificPrefix":"Mr.","honorificSuffix":"MD","birthDate":"1980-06-16","gender":"masculino","award":["V\u00e1rios pr\u00eamios de melhor portal da cidade"],"jobTitle":"Diretor","url":"https:\/\/ubirataonline.com.br\/en\/author\/ubirataonline\/"},{"@type":"PostalAddress","@id":"https:\/\/ubirataonline.com.br\/how-tom-selleck-feels-about-the-blue-bloods-spin-off-according-to-donnie-wahlberg\/#local-main-place-address","streetAddress":"Rua dos Coqueiros, 104 - Bairro Boa Vista, Rua dos Coqueiros, 104 Bairro Boa Vista","addressLocality":"UBIRATA","postalCode":"85440-000","addressRegion":"PR","addressCountry":"BR"},{"@type":"ImageObject","inLanguage":"en-US","@id":"https:\/\/ubirataonline.com.br\/how-tom-selleck-feels-about-the-blue-bloods-spin-off-according-to-donnie-wahlberg\/#local-main-organization-logo","url":"https:\/\/ubirataonline.com.br\/wp-content\/uploads\/2026\/06\/logoubirataonline-1.webp","contentUrl":"https:\/\/ubirataonline.com.br\/wp-content\/uploads\/2026\/06\/logoubirataonline-1.webp","width":500,"height":500,"caption":"Ubirat\u00e3 Online Not\u00edcias"}]},"geo.placename":"UBIRATA","geo.position":{"lat":"-24.5361401","long":"-52.9921776"},"geo.region":"Brazil"},"_links":{"self":[{"href":"https:\/\/ubirataonline.com.br\/en\/wp-json\/wp\/v2\/posts\/101324","targetHints":{"allow":["GET"]}}],"collection":[{"href":"https:\/\/ubirataonline.com.br\/en\/wp-json\/wp\/v2\/posts"}],"about":[{"href":"https:\/\/ubirataonline.com.br\/en\/wp-json\/wp\/v2\/types\/post"}],"author":[{"embeddable":true,"href":"https:\/\/ubirataonline.com.br\/en\/wp-json\/wp\/v2\/users\/1"}],"replies":[{"embeddable":true,"href":"https:\/\/ubirataonline.com.br\/en\/wp-json\/wp\/v2\/comments?post=101324"}],"version-history":[{"count":0,"href":"https:\/\/ubirataonline.com.br\/en\/wp-json\/wp\/v2\/posts\/101324\/revisions"}],"wp:featuredmedia":[{"embeddable":true,"href":"https:\/\/ubirataonline.com.br\/en\/wp-json\/wp\/v2\/media\/101325"}],"wp:attachment":[{"href":"https:\/\/ubirataonline.com.br\/en\/wp-json\/wp\/v2\/media?parent=101324"}],"wp:term":[{"taxonomy":"category","embeddable":true,"href":"https:\/\/ubirataonline.com.br\/en\/wp-json\/wp\/v2\/categories?post=101324"},{"taxonomy":"post_tag","embeddable":true,"href":"https:\/\/ubirataonline.com.br\/en\/wp-json\/wp\/v2\/tags?post=101324"}],"curies":[{"name":"wp","href":"https:\/\/api.w.org\/{rel}","templated":true}]}}