{"id":101483,"date":"2026-04-08T16:18:58","date_gmt":"2026-04-08T19:18:58","guid":{"rendered":"https:\/\/ubirataonline.com.br\/razvan-lucescu-nu-le-a-dat-voie-sa-participe-la-funeraliile-lui-mircea-lucescu\/"},"modified":"2026-04-08T16:19:04","modified_gmt":"2026-04-08T19:19:04","slug":"razvan-lucescu-nu-le-a-dat-voie-sa-participe-la-funeraliile-lui-mircea-lucescu","status":"publish","type":"post","link":"https:\/\/ubirataonline.com.br\/en\/razvan-lucescu-nu-le-a-dat-voie-sa-participe-la-funeraliile-lui-mircea-lucescu\/","title":{"rendered":"R\u0103zvan Lucescu nu le-a dat voie s\u0103 participe la funeraliile lui Mircea Lucescu"},"content":{"rendered":"<p><\/p>\n<p>\n            Articol de <a rel=\"author\" href=\"https:\/\/www.gsp.ro\/autor\/adrian-duta-3930.html\">Adrian Du\u0163\u0103<\/a>            &#8211; Publicat miercuri, 08 aprilie 2026,  16:29            \/ Actualizat miercuri, 08 aprilie 2026 16:40                    <\/p>\n<div>\n<p class=\"do-not-hide\"><a target=\"_self\" class=\"editor-link\" href=\"https:\/\/www.gsp.ro\/gsp-special\/special\/a-murit-mircea-lucescu-900766.html\">Legendarul Mircea Lucescu a murit mar\u021bi, 7 aprilie<\/a>. Sicriul cu trupul ne\u00eensufle\u021bit al acestuia a fost depus la Arena Na\u021bional\u0103 miercuri, iar programul de vizit\u0103 va continua \u0219i joi, de la 10:00 la 20:00.<\/p>\n<p class=\"do-not-hide\">Vineri, al treilea cel mai titrat antrenor din istoria fotbalului va fi \u00eenmorm\u00e2ntat la Cimitirul Bellu, din Bucure\u0219ti. O delega\u021bie a lui PAOK va participa la funeralii, dar nu va con\u021bine \u0219i juc\u0103tori.<\/p>\n<p>Conform informa\u021biilor din Grecia, R\u0103zvan Lucescu nu a vrut ca pierderea personal\u0103 s\u0103 afecteze programul echipei. Astfel, juc\u0103torii lui PAOK vor r\u0103m\u00e2ne la Salonic \u0219i vor efectua antrenamentul acas\u0103 vineri.<\/p>\n<h2>R\u0103zvan Lucescu le-a cerut juc\u0103torilor lui PAOK s\u0103 nu participe la \u00eenmorm\u00e2ntarea lui Mircea Lucescu<\/h2>\n<p><mark data-color=\"rgb(254, 133, 11)\" class=\"marker-orange\" style=\"background-color: rgb(254, 133, 11);\">\u201eAntrenamentul echipei PAOK se va desf\u0103\u0219ura conform programului \u00een Vinerea Mare, R\u0103zvan Lucescu prefer\u00e2nd ca juc\u0103torii s\u0103i s\u0103 nu fie prezen\u021bi la \u00eenmorm\u00e2ntarea tat\u0103lui s\u0103u, Mircea<\/mark>.<\/p>\n<p>Pierderea legendarului Mircea Lucescu a \u00eendoliat profund at\u00e2t antrenorul, c\u00e2t \u0219i \u00eentreaga familie a clubului PAOK. De\u0219i funeraliile tat\u0103lui lui R\u0103zvan Lucescu au fost programate pentru diminea\u021ba zilei de vineri, 10 aprilie, la Bucure\u0219ti, tehnicianul rom\u00e2n \u0219i-a exprimat dorin\u021ba ca juc\u0103torii s\u0103 nu participe la ceremonie, cer\u00e2nd ca programul echipei s\u0103 fie respectat \u00eentocmai.<\/p>\n<p>Astfel, antrenamentul programat pentru Vinerea Mare se va desf\u0103\u0219ura la Salonic, deoarece R\u0103zvan Lucescu nu a dorit ca pierderea sa personal\u0103 s\u0103 afecteze preg\u0103tirea fotbali\u0219tilor \u00eenaintea relu\u0103rii campionatului dup\u0103 Pa\u0219te.<\/p>\n<p><mark data-color=\"rgb(254, 133, 11)\" class=\"marker-orange\" style=\"background-color: rgb(254, 133, 11);\">Chiar dac\u0103 juc\u0103torii nu vor c\u0103l\u0103tori \u00een Rom\u00e2nia, o delega\u021bie format\u0103 din trei membri ai clubului se va deplasa la Bucure\u0219ti pentru a-i aduce un ultim omagiu lui Mircea Lucescu \u0219i pentru a-l sus\u021bine pe antrenorul echipei din Salonic<\/mark>\u201d, scrie <a target=\"_self\" class=\"editor-link\" href=\"https:\/\/www.gazzetta.gr\/football\/superleague\/2530207\/paok-den-tha-parastoyn-stin-kideia-toy-mirtsea-loytseskoy-oi-paiktes\">gazzetta.gr<\/a>.<\/p>\n<h2>FOTO. Sicriul lui Mircea Lucescu, depus miercuri la Arena Na\u021bional\u0103<\/h2>\n<div class=\"gallery-in-article\">\n                    <a href=\"https:\/\/www.gsp.ro\/fotbal\/liga-1\/sicriul-lui-mircea-lucescu-depus-la-arena-nationala-925915-galerie-foto-pic-1722306.html?sourcearticle=925924\" class=\"thumb gallery-in-article__main\"><\/p>\n<p>                    <\/a>\n                    <\/div>\n<h2>Mircea Lucescu, carier\u0103 inegalabil\u0103 \u00een fotbal<\/h2>\n<ul>\n<li>\n<p>Mircea Lucescu a f\u0103cut primii pa\u0219i \u00een fotbal la Dinamo Bucure\u0219ti, echip\u0103 de care se leag\u0103 cea mai mare parte a carierei sale. A mai evoluat la \u0218tiin\u021ba Bucure\u0219ti \u0219i Corvinul Hunedoara.<\/p>\n<\/li>\n<li>\n<p>Ca juc\u0103tor, a c\u00e2\u0219tigat 7 titluri de campion \u0219i o Cup\u0103 a Rom\u00e2niei, toate cu Dinamo.<\/p>\n<\/li>\n<li>\n<p>De-a lungul carierei de antrenor, le-a preg\u0103tit pe Corvinul, echipa na\u021bional\u0103 a Rom\u00e2niei, Dinamo, Pisa, Brescia, Reggiana, Rapid, Inter, Galatasaray, Be\u0219ikta\u0219, \u0218ahtior, Zenit, na\u021bionala Turciei \u0219i Dinamo Kiev.<\/p>\n<\/li>\n<li>\n<p>A c\u00e2\u0219tigat 36 de trofee \u00een cariera de tehnician: de 9 ori campionatul Ucrainei, de 8 ori Cupa Ucrainei, de 7 ori Supercupa Ucrainei, de 3 ori Cupa Rom\u00e2niei, de 2 ori campionatul Rom\u00e2niei, de 2 ori campionatul Turciei, precum \u0219i Cupa UEFA, Supercupa Europei, Supercupa Rusiei \u0219i Cupa Anglo-Italian\u0103.<\/p>\n<\/li>\n<\/ul>\n<p><iframe loading=\"lazy\" title=\"Il Luce. Maestrul - Documentar GSP\" width=\"1366\" height=\"768\" src=\"https:\/\/www.youtube.com\/embed\/irB-U5ta9Pk?feature=oembed\" frameborder=\"0\" allow=\"accelerometer; autoplay; clipboard-write; encrypted-media; gyroscope; picture-in-picture; web-share\" referrerpolicy=\"strict-origin-when-cross-origin\" allowfullscreen><\/iframe><\/p>\n<\/p><\/div>\n<p><a href=\"https:\/\/www.gsp.ro\/fotbal\/liga-1\/razvan-lucescu-funeralii-mircea-lucescu-paok-925924.html\">Source link <\/a><\/p>","protected":false},"excerpt":{"rendered":"<p>Articol de Adrian Du\u0163\u0103 &#8211; Publicat miercuri, 08 aprilie 2026, 16:29 \/ Actualizat miercuri, 08 aprilie 2026 16:40 Legendarul Mircea Lucescu a murit mar\u021bi, 7 aprilie. Sicriul cu trupul ne\u00eensufle\u021bit al acestuia a fost depus la Arena Na\u021bional\u0103 miercuri, iar programul de vizit\u0103 va continua \u0219i joi, de la 10:00 la 20:00. Vineri, al treilea [&hellip;]<\/p>\n","protected":false},"author":1,"featured_media":101484,"comment_status":"closed","ping_status":"","sticky":false,"template":"","format":"standard","meta":{"googlesitekit_rrm_CAow2JLhCw:productID":"","_gspb_post_css":"","maa_idioma":"","maa_pais":"","footnotes":""},"categories":[1],"tags":[25812,25816,25811,25379,20490,25378,25815,25810,25814,25813],"class_list":["post-101483","post","type-post","status-publish","format-standard","has-post-thumbnail","hentry","category-ubirata","tag-dat","tag-funeraliile","tag-lea","tag-lucescu","tag-lui","tag-mircea","tag-participe","tag-razvan","tag-sa","tag-voie"],"blocksy_meta":[],"yoast_head":"<!-- This site is optimized with the Yoast SEO Premium plugin v27.6 (Yoast SEO v27.6) - https:\/\/yoast.com\/product\/yoast-seo-premium-wordpress\/ -->\n<title>R\u0103zvan Lucescu nu le-a dat voie s\u0103 participe la funeraliile lui Mircea Lucescu - Ubirat\u00e3 Online Not\u00edcias - A realidade ao seu alcance!<\/title>\n<meta name=\"description\" content=\"Articol de Adrian Du\u0163\u0103 - Publicat miercuri, 08 aprilie 2026, 16:29 \/ Actualizat miercuri, 08 aprilie 2026 16:40 Legendarul Mircea Lucescu a murit mar\u021bi, 7\" \/>\n<meta name=\"robots\" content=\"index, follow, max-snippet:-1, max-image-preview:large, max-video-preview:-1\" \/>\n<link rel=\"canonical\" href=\"https:\/\/ubirataonline.com.br\/en\/razvan-lucescu-nu-le-a-dat-voie-sa-participe-la-funeraliile-lui-mircea-lucescu\/\" \/>\n<meta property=\"og:locale\" content=\"en_US\" \/>\n<meta property=\"og:type\" content=\"article\" \/>\n<meta property=\"og:title\" content=\"R\u0103zvan Lucescu nu le-a dat voie s\u0103 participe la funeraliile lui Mircea Lucescu\" \/>\n<meta property=\"og:description\" content=\"Articol de Adrian Du\u0163\u0103 - Publicat miercuri, 08 aprilie 2026, 16:29 \/ Actualizat miercuri, 08 aprilie 2026 16:40 Legendarul Mircea Lucescu a murit mar\u021bi, 7\" \/>\n<meta property=\"og:url\" content=\"https:\/\/ubirataonline.com.br\/en\/razvan-lucescu-nu-le-a-dat-voie-sa-participe-la-funeraliile-lui-mircea-lucescu\/\" \/>\n<meta property=\"og:site_name\" content=\"Ubirat\u00e3 Online Not\u00edcias - A realidade ao seu alcance!\" \/>\n<meta property=\"article:publisher\" content=\"https:\/\/www.facebook.com\/portalubirataonline\" \/>\n<meta property=\"article:author\" content=\"https:\/\/www.facebook.com\/portalubirataonline\" \/>\n<meta property=\"article:published_time\" content=\"2026-04-08T19:18:58+00:00\" \/>\n<meta property=\"article:modified_time\" content=\"2026-04-08T19:19:04+00:00\" \/>\n<meta property=\"og:image\" content=\"https:\/\/ubirataonline.com.br\/wp-content\/uploads\/2026\/04\/Razvan-Lucescu-nu-le-a-dat-voie-sa-participe-la-funeraliile.jpeg\" \/>\n\t<meta property=\"og:image:width\" content=\"1200\" \/>\n\t<meta property=\"og:image:height\" content=\"799\" \/>\n\t<meta property=\"og:image:type\" content=\"image\/jpeg\" \/>\n<meta name=\"author\" content=\"REDA\u00c7\u00c3O: UBIRAT\u00c3 ONLINE - F\u00c1BIO AUGUSTO CELESTINO\" \/>\n<meta name=\"twitter:card\" content=\"summary_large_image\" \/>\n<meta name=\"twitter:creator\" content=\"@x.com\/ubirataonline\" \/>\n<meta name=\"twitter:site\" content=\"@ubirataonline\" \/>\n<meta name=\"twitter:label1\" content=\"Written by\" \/>\n\t<meta name=\"twitter:data1\" content=\"REDA\u00c7\u00c3O: UBIRAT\u00c3 ONLINE - F\u00c1BIO AUGUSTO CELESTINO\" \/>\n\t<meta name=\"twitter:label2\" content=\"Est. reading time\" \/>\n\t<meta name=\"twitter:data2\" content=\"2 minutes\" \/>\n<script type=\"application\/ld+json\" class=\"yoast-schema-graph\">{\"@context\":\"https:\\\/\\\/schema.org\",\"@graph\":[{\"@type\":\"NewsArticle\",\"@id\":\"https:\\\/\\\/ubirataonline.com.br\\\/razvan-lucescu-nu-le-a-dat-voie-sa-participe-la-funeraliile-lui-mircea-lucescu\\\/#article\",\"isPartOf\":{\"@id\":\"https:\\\/\\\/ubirataonline.com.br\\\/razvan-lucescu-nu-le-a-dat-voie-sa-participe-la-funeraliile-lui-mircea-lucescu\\\/\"},\"author\":{\"name\":\"REDA\u00c7\u00c3O: UBIRAT\u00c3 ONLINE - F\u00c1BIO AUGUSTO CELESTINO\",\"@id\":\"https:\\\/\\\/ubirataonline.com.br\\\/#\\\/schema\\\/person\\\/372f87bbd3fdd79b8556b84c98d0bc1c\"},\"headline\":\"R\u0103zvan Lucescu nu le-a dat voie s\u0103 participe la funeraliile lui Mircea Lucescu\",\"datePublished\":\"2026-04-08T19:18:58+00:00\",\"dateModified\":\"2026-04-08T19:19:04+00:00\",\"mainEntityOfPage\":{\"@id\":\"https:\\\/\\\/ubirataonline.com.br\\\/razvan-lucescu-nu-le-a-dat-voie-sa-participe-la-funeraliile-lui-mircea-lucescu\\\/\"},\"wordCount\":499,\"publisher\":{\"@id\":\"https:\\\/\\\/ubirataonline.com.br\\\/#organization\"},\"image\":{\"@id\":\"https:\\\/\\\/ubirataonline.com.br\\\/razvan-lucescu-nu-le-a-dat-voie-sa-participe-la-funeraliile-lui-mircea-lucescu\\\/#primaryimage\"},\"thumbnailUrl\":\"https:\\\/\\\/ubirataonline.com.br\\\/wp-content\\\/uploads\\\/2026\\\/04\\\/Razvan-Lucescu-nu-le-a-dat-voie-sa-participe-la-funeraliile.jpeg\",\"keywords\":[\"dat\",\"funeraliile\",\"lea\",\"Lucescu\",\"lui\",\"Mircea\",\"participe\",\"R\u0103zvan\",\"s\u0103\",\"voie\"],\"articleSection\":[\"Ubirat\u00e3\"],\"inLanguage\":\"en-US\",\"copyrightYear\":\"2026\",\"copyrightHolder\":{\"@id\":\"https:\\\/\\\/ubirataonline.com.br\\\/en\\\/#organization\"}},{\"@type\":\"WebPage\",\"@id\":\"https:\\\/\\\/ubirataonline.com.br\\\/razvan-lucescu-nu-le-a-dat-voie-sa-participe-la-funeraliile-lui-mircea-lucescu\\\/\",\"url\":\"https:\\\/\\\/ubirataonline.com.br\\\/razvan-lucescu-nu-le-a-dat-voie-sa-participe-la-funeraliile-lui-mircea-lucescu\\\/\",\"name\":\"R\u0103zvan Lucescu nu le-a dat voie s\u0103 participe la funeraliile lui Mircea Lucescu - Ubirat\u00e3 Online Not\u00edcias - A realidade ao seu alcance!\",\"isPartOf\":{\"@id\":\"https:\\\/\\\/ubirataonline.com.br\\\/#website\"},\"primaryImageOfPage\":{\"@id\":\"https:\\\/\\\/ubirataonline.com.br\\\/razvan-lucescu-nu-le-a-dat-voie-sa-participe-la-funeraliile-lui-mircea-lucescu\\\/#primaryimage\"},\"image\":{\"@id\":\"https:\\\/\\\/ubirataonline.com.br\\\/razvan-lucescu-nu-le-a-dat-voie-sa-participe-la-funeraliile-lui-mircea-lucescu\\\/#primaryimage\"},\"thumbnailUrl\":\"https:\\\/\\\/ubirataonline.com.br\\\/wp-content\\\/uploads\\\/2026\\\/04\\\/Razvan-Lucescu-nu-le-a-dat-voie-sa-participe-la-funeraliile.jpeg\",\"datePublished\":\"2026-04-08T19:18:58+00:00\",\"dateModified\":\"2026-04-08T19:19:04+00:00\",\"description\":\"Articol de Adrian Du\u0163\u0103 - Publicat miercuri, 08 aprilie 2026, 16:29 \\\/ Actualizat miercuri, 08 aprilie 2026 16:40 Legendarul Mircea Lucescu a murit mar\u021bi, 7\",\"breadcrumb\":{\"@id\":\"https:\\\/\\\/ubirataonline.com.br\\\/razvan-lucescu-nu-le-a-dat-voie-sa-participe-la-funeraliile-lui-mircea-lucescu\\\/#breadcrumb\"},\"inLanguage\":\"en-US\",\"potentialAction\":[{\"@type\":\"ReadAction\",\"target\":[\"https:\\\/\\\/ubirataonline.com.br\\\/razvan-lucescu-nu-le-a-dat-voie-sa-participe-la-funeraliile-lui-mircea-lucescu\\\/\"]}]},{\"@type\":\"ImageObject\",\"inLanguage\":\"en-US\",\"@id\":\"https:\\\/\\\/ubirataonline.com.br\\\/razvan-lucescu-nu-le-a-dat-voie-sa-participe-la-funeraliile-lui-mircea-lucescu\\\/#primaryimage\",\"url\":\"https:\\\/\\\/ubirataonline.com.br\\\/wp-content\\\/uploads\\\/2026\\\/04\\\/Razvan-Lucescu-nu-le-a-dat-voie-sa-participe-la-funeraliile.jpeg\",\"contentUrl\":\"https:\\\/\\\/ubirataonline.com.br\\\/wp-content\\\/uploads\\\/2026\\\/04\\\/Razvan-Lucescu-nu-le-a-dat-voie-sa-participe-la-funeraliile.jpeg\",\"width\":1200,\"height\":799,\"caption\":\"R\u0103zvan Lucescu nu le-a dat voie s\u0103 participe la funeraliile lui Mircea Lucescu\"},{\"@type\":\"BreadcrumbList\",\"@id\":\"https:\\\/\\\/ubirataonline.com.br\\\/razvan-lucescu-nu-le-a-dat-voie-sa-participe-la-funeraliile-lui-mircea-lucescu\\\/#breadcrumb\",\"itemListElement\":[{\"@type\":\"ListItem\",\"position\":1,\"name\":\"In\u00edcio\",\"item\":\"https:\\\/\\\/ubirataonline.com.br\\\/\"},{\"@type\":\"ListItem\",\"position\":2,\"name\":\"R\u0103zvan Lucescu nu le-a dat voie s\u0103 participe la funeraliile lui Mircea Lucescu\"}]},{\"@type\":\"WebSite\",\"@id\":\"https:\\\/\\\/ubirataonline.com.br\\\/#website\",\"url\":\"https:\\\/\\\/ubirataonline.com.br\\\/\",\"name\":\"Ubirat\u00e3 Online Not\u00edcias\",\"description\":\"Not\u00edcias de Ubirat\u00e3, regi\u00e3o, Brasil e mundo, com informa\u00e7\u00e3o atualizada e compromisso com o leitor.\",\"publisher\":{\"@id\":\"https:\\\/\\\/ubirataonline.com.br\\\/#organization\"},\"alternateName\":\"Ubirat\u00e3 Online\",\"potentialAction\":[{\"@type\":\"SearchAction\",\"target\":{\"@type\":\"EntryPoint\",\"urlTemplate\":\"https:\\\/\\\/ubirataonline.com.br\\\/?s={search_term_string}\"},\"query-input\":{\"@type\":\"PropertyValueSpecification\",\"valueRequired\":true,\"valueName\":\"search_term_string\"}}],\"inLanguage\":\"en-US\"},{\"@type\":[\"Organization\",\"Place\"],\"@id\":\"https:\\\/\\\/ubirataonline.com.br\\\/#organization\",\"name\":\"Ubirat\u00e3 Online Not\u00edcias\",\"alternateName\":\"Ubirat\u00e3 Online\",\"url\":\"https:\\\/\\\/ubirataonline.com.br\\\/\",\"logo\":{\"@id\":\"https:\\\/\\\/ubirataonline.com.br\\\/razvan-lucescu-nu-le-a-dat-voie-sa-participe-la-funeraliile-lui-mircea-lucescu\\\/#local-main-organization-logo\"},\"image\":{\"@id\":\"https:\\\/\\\/ubirataonline.com.br\\\/razvan-lucescu-nu-le-a-dat-voie-sa-participe-la-funeraliile-lui-mircea-lucescu\\\/#local-main-organization-logo\"},\"sameAs\":[\"https:\\\/\\\/www.facebook.com\\\/portalubirataonline\",\"https:\\\/\\\/x.com\\\/ubirataonline\",\"https:\\\/\\\/mastodon.social\\\/@ubirataonline\",\"https:\\\/\\\/www.facebook.com\\\/groups\\\/311144672285604\",\"https:\\\/\\\/www.facebook.com\\\/UBTAOnline\",\"https:\\\/\\\/www.instagram.com\\\/portalubirataonline\\\/\",\"https:\\\/\\\/twitter.com\\\/ubirataonline\"],\"description\":\"Somos um portal de not\u00edcias independente, criado em 5 de janeiro de 2009, com o objetivo de informar, conectar e valorizar a nossa comunidade de Ubirat\u00e3 e toda aregi\u00e3o. Com conte\u00fado atualizado, confi\u00e1vel e relevante, o Ubirat\u00e3 Online \u00e9 o seu espa\u00e7o para ficar por dentro dos principais acontecimentos locais, regionais, Brasil, Mundo e de interesse geral. Nosso compromisso \u00e9 com a verdade, a transpar\u00eancia e o respeito ao leitor.\",\"legalName\":\"UBIRATA ONLINE NOT\u00cdCIAS\",\"foundingDate\":\"2009-01-05\",\"numberOfEmployees\":{\"@type\":\"QuantitativeValue\",\"minValue\":\"1\",\"maxValue\":\"10\"},\"publishingPrinciples\":\"https:\\\/\\\/ubirataonline.com.br\\\/faq\\\/\",\"address\":{\"@id\":\"https:\\\/\\\/ubirataonline.com.br\\\/razvan-lucescu-nu-le-a-dat-voie-sa-participe-la-funeraliile-lui-mircea-lucescu\\\/#local-main-place-address\"},\"geo\":{\"@type\":\"GeoCoordinates\",\"latitude\":\"-24.5361401\",\"longitude\":\"-52.9921776\"},\"telephone\":[\"+5544998308235\"],\"contactPoint\":{\"@type\":\"ContactPoint\",\"email\":\"contato@ubirataonline.com.br\"},\"openingHoursSpecification\":{\"@type\":\"OpeningHoursSpecification\",\"dayOfWeek\":[\"Monday\",\"Tuesday\",\"Wednesday\",\"Thursday\",\"Friday\",\"Saturday\",\"Sunday\"],\"opens\":\"00:00\",\"closes\":\"23:59\"},\"email\":\"contato@ubirataonline.com.br\",\"vatID\":\"47.621.418\\\/0001-80\"},{\"@type\":\"Person\",\"@id\":\"https:\\\/\\\/ubirataonline.com.br\\\/#\\\/schema\\\/person\\\/372f87bbd3fdd79b8556b84c98d0bc1c\",\"name\":\"REDA\u00c7\u00c3O: UBIRAT\u00c3 ONLINE - F\u00c1BIO AUGUSTO CELESTINO\",\"pronouns\":\"Ele\",\"description\":\"Desde 2003 trabalhando com not\u00edcias.\",\"sameAs\":[\"http:\\\/\\\/ubirataoline.com.br\",\"https:\\\/\\\/www.facebook.com\\\/portalubirataonline\",\"https:\\\/\\\/www.instagram.com\\\/ubirataonline_oficial\",\"https:\\\/\\\/x.com\\\/x.com\\\/ubirataonline\"],\"honorificPrefix\":\"Mr.\",\"honorificSuffix\":\"MD\",\"birthDate\":\"1980-06-16\",\"gender\":\"masculino\",\"award\":[\"V\u00e1rios pr\u00eamios de melhor portal da cidade\"],\"jobTitle\":\"Diretor\",\"url\":\"https:\\\/\\\/ubirataonline.com.br\\\/en\\\/author\\\/ubirataonline\\\/\"},{\"@type\":\"PostalAddress\",\"@id\":\"https:\\\/\\\/ubirataonline.com.br\\\/razvan-lucescu-nu-le-a-dat-voie-sa-participe-la-funeraliile-lui-mircea-lucescu\\\/#local-main-place-address\",\"streetAddress\":\"Rua dos Coqueiros, 104 - Bairro Boa Vista, Rua dos Coqueiros, 104 Bairro Boa Vista\",\"addressLocality\":\"UBIRATA\",\"postalCode\":\"85440-000\",\"addressRegion\":\"PR\",\"addressCountry\":\"BR\"},{\"@type\":\"ImageObject\",\"inLanguage\":\"en-US\",\"@id\":\"https:\\\/\\\/ubirataonline.com.br\\\/razvan-lucescu-nu-le-a-dat-voie-sa-participe-la-funeraliile-lui-mircea-lucescu\\\/#local-main-organization-logo\",\"url\":\"https:\\\/\\\/ubirataonline.com.br\\\/wp-content\\\/uploads\\\/2026\\\/06\\\/logoubirataonline-1.webp\",\"contentUrl\":\"https:\\\/\\\/ubirataonline.com.br\\\/wp-content\\\/uploads\\\/2026\\\/06\\\/logoubirataonline-1.webp\",\"width\":500,\"height\":500,\"caption\":\"Ubirat\u00e3 Online Not\u00edcias\"}]}<\/script>\n<meta name=\"geo.placename\" content=\"UBIRATA\" \/>\n<meta name=\"geo.position\" content=\"-24.5361401;-52.9921776\" \/>\n<meta name=\"geo.region\" content=\"Brazil\" \/>\n<!-- \/ Yoast SEO Premium plugin. -->","yoast_head_json":{"title":"R\u0103zvan Lucescu nu le-a dat voie s\u0103 participe la funeraliile lui Mircea Lucescu - Ubirat\u00e3 Online Not\u00edcias - A realidade ao seu alcance!","description":"Articol de Adrian Du\u0163\u0103 - Publicat miercuri, 08 aprilie 2026, 16:29 \/ Actualizat miercuri, 08 aprilie 2026 16:40 Legendarul Mircea Lucescu a murit mar\u021bi, 7","robots":{"index":"index","follow":"follow","max-snippet":"max-snippet:-1","max-image-preview":"max-image-preview:large","max-video-preview":"max-video-preview:-1"},"canonical":"https:\/\/ubirataonline.com.br\/en\/razvan-lucescu-nu-le-a-dat-voie-sa-participe-la-funeraliile-lui-mircea-lucescu\/","og_locale":"en_US","og_type":"article","og_title":"R\u0103zvan Lucescu nu le-a dat voie s\u0103 participe la funeraliile lui Mircea Lucescu","og_description":"Articol de Adrian Du\u0163\u0103 - Publicat miercuri, 08 aprilie 2026, 16:29 \/ Actualizat miercuri, 08 aprilie 2026 16:40 Legendarul Mircea Lucescu a murit mar\u021bi, 7","og_url":"https:\/\/ubirataonline.com.br\/en\/razvan-lucescu-nu-le-a-dat-voie-sa-participe-la-funeraliile-lui-mircea-lucescu\/","og_site_name":"Ubirat\u00e3 Online Not\u00edcias - A realidade ao seu alcance!","article_publisher":"https:\/\/www.facebook.com\/portalubirataonline","article_author":"https:\/\/www.facebook.com\/portalubirataonline","article_published_time":"2026-04-08T19:18:58+00:00","article_modified_time":"2026-04-08T19:19:04+00:00","og_image":[{"width":1200,"height":799,"url":"https:\/\/ubirataonline.com.br\/wp-content\/uploads\/2026\/04\/Razvan-Lucescu-nu-le-a-dat-voie-sa-participe-la-funeraliile.jpeg","type":"image\/jpeg"}],"author":"REDA\u00c7\u00c3O: UBIRAT\u00c3 ONLINE - F\u00c1BIO AUGUSTO CELESTINO","twitter_card":"summary_large_image","twitter_creator":"@x.com\/ubirataonline","twitter_site":"@ubirataonline","twitter_misc":{"Written by":"REDA\u00c7\u00c3O: UBIRAT\u00c3 ONLINE - F\u00c1BIO AUGUSTO CELESTINO","Est. reading time":"2 minutes"},"schema":{"@context":"https:\/\/schema.org","@graph":[{"@type":"NewsArticle","@id":"https:\/\/ubirataonline.com.br\/razvan-lucescu-nu-le-a-dat-voie-sa-participe-la-funeraliile-lui-mircea-lucescu\/#article","isPartOf":{"@id":"https:\/\/ubirataonline.com.br\/razvan-lucescu-nu-le-a-dat-voie-sa-participe-la-funeraliile-lui-mircea-lucescu\/"},"author":{"name":"REDA\u00c7\u00c3O: UBIRAT\u00c3 ONLINE - F\u00c1BIO AUGUSTO CELESTINO","@id":"https:\/\/ubirataonline.com.br\/#\/schema\/person\/372f87bbd3fdd79b8556b84c98d0bc1c"},"headline":"R\u0103zvan Lucescu nu le-a dat voie s\u0103 participe la funeraliile lui Mircea Lucescu","datePublished":"2026-04-08T19:18:58+00:00","dateModified":"2026-04-08T19:19:04+00:00","mainEntityOfPage":{"@id":"https:\/\/ubirataonline.com.br\/razvan-lucescu-nu-le-a-dat-voie-sa-participe-la-funeraliile-lui-mircea-lucescu\/"},"wordCount":499,"publisher":{"@id":"https:\/\/ubirataonline.com.br\/#organization"},"image":{"@id":"https:\/\/ubirataonline.com.br\/razvan-lucescu-nu-le-a-dat-voie-sa-participe-la-funeraliile-lui-mircea-lucescu\/#primaryimage"},"thumbnailUrl":"https:\/\/ubirataonline.com.br\/wp-content\/uploads\/2026\/04\/Razvan-Lucescu-nu-le-a-dat-voie-sa-participe-la-funeraliile.jpeg","keywords":["dat","funeraliile","lea","Lucescu","lui","Mircea","participe","R\u0103zvan","s\u0103","voie"],"articleSection":["Ubirat\u00e3"],"inLanguage":"en-US","copyrightYear":"2026","copyrightHolder":{"@id":"https:\/\/ubirataonline.com.br\/en\/#organization"}},{"@type":"WebPage","@id":"https:\/\/ubirataonline.com.br\/razvan-lucescu-nu-le-a-dat-voie-sa-participe-la-funeraliile-lui-mircea-lucescu\/","url":"https:\/\/ubirataonline.com.br\/razvan-lucescu-nu-le-a-dat-voie-sa-participe-la-funeraliile-lui-mircea-lucescu\/","name":"R\u0103zvan Lucescu nu le-a dat voie s\u0103 participe la funeraliile lui Mircea Lucescu - Ubirat\u00e3 Online Not\u00edcias - A realidade ao seu alcance!","isPartOf":{"@id":"https:\/\/ubirataonline.com.br\/#website"},"primaryImageOfPage":{"@id":"https:\/\/ubirataonline.com.br\/razvan-lucescu-nu-le-a-dat-voie-sa-participe-la-funeraliile-lui-mircea-lucescu\/#primaryimage"},"image":{"@id":"https:\/\/ubirataonline.com.br\/razvan-lucescu-nu-le-a-dat-voie-sa-participe-la-funeraliile-lui-mircea-lucescu\/#primaryimage"},"thumbnailUrl":"https:\/\/ubirataonline.com.br\/wp-content\/uploads\/2026\/04\/Razvan-Lucescu-nu-le-a-dat-voie-sa-participe-la-funeraliile.jpeg","datePublished":"2026-04-08T19:18:58+00:00","dateModified":"2026-04-08T19:19:04+00:00","description":"Articol de Adrian Du\u0163\u0103 - Publicat miercuri, 08 aprilie 2026, 16:29 \/ Actualizat miercuri, 08 aprilie 2026 16:40 Legendarul Mircea Lucescu a murit mar\u021bi, 7","breadcrumb":{"@id":"https:\/\/ubirataonline.com.br\/razvan-lucescu-nu-le-a-dat-voie-sa-participe-la-funeraliile-lui-mircea-lucescu\/#breadcrumb"},"inLanguage":"en-US","potentialAction":[{"@type":"ReadAction","target":["https:\/\/ubirataonline.com.br\/razvan-lucescu-nu-le-a-dat-voie-sa-participe-la-funeraliile-lui-mircea-lucescu\/"]}]},{"@type":"ImageObject","inLanguage":"en-US","@id":"https:\/\/ubirataonline.com.br\/razvan-lucescu-nu-le-a-dat-voie-sa-participe-la-funeraliile-lui-mircea-lucescu\/#primaryimage","url":"https:\/\/ubirataonline.com.br\/wp-content\/uploads\/2026\/04\/Razvan-Lucescu-nu-le-a-dat-voie-sa-participe-la-funeraliile.jpeg","contentUrl":"https:\/\/ubirataonline.com.br\/wp-content\/uploads\/2026\/04\/Razvan-Lucescu-nu-le-a-dat-voie-sa-participe-la-funeraliile.jpeg","width":1200,"height":799,"caption":"R\u0103zvan Lucescu nu le-a dat voie s\u0103 participe la funeraliile lui Mircea Lucescu"},{"@type":"BreadcrumbList","@id":"https:\/\/ubirataonline.com.br\/razvan-lucescu-nu-le-a-dat-voie-sa-participe-la-funeraliile-lui-mircea-lucescu\/#breadcrumb","itemListElement":[{"@type":"ListItem","position":1,"name":"In\u00edcio","item":"https:\/\/ubirataonline.com.br\/"},{"@type":"ListItem","position":2,"name":"R\u0103zvan Lucescu nu le-a dat voie s\u0103 participe la funeraliile lui Mircea Lucescu"}]},{"@type":"WebSite","@id":"https:\/\/ubirataonline.com.br\/#website","url":"https:\/\/ubirataonline.com.br\/","name":"Ubirat\u00e3 Online Not\u00edcias","description":"Not\u00edcias de Ubirat\u00e3, regi\u00e3o, Brasil e mundo, com informa\u00e7\u00e3o atualizada e compromisso com o leitor.","publisher":{"@id":"https:\/\/ubirataonline.com.br\/#organization"},"alternateName":"Ubirat\u00e3 Online","potentialAction":[{"@type":"SearchAction","target":{"@type":"EntryPoint","urlTemplate":"https:\/\/ubirataonline.com.br\/?s={search_term_string}"},"query-input":{"@type":"PropertyValueSpecification","valueRequired":true,"valueName":"search_term_string"}}],"inLanguage":"en-US"},{"@type":["Organization","Place"],"@id":"https:\/\/ubirataonline.com.br\/#organization","name":"Ubirat\u00e3 Online Not\u00edcias","alternateName":"Ubirat\u00e3 Online","url":"https:\/\/ubirataonline.com.br\/","logo":{"@id":"https:\/\/ubirataonline.com.br\/razvan-lucescu-nu-le-a-dat-voie-sa-participe-la-funeraliile-lui-mircea-lucescu\/#local-main-organization-logo"},"image":{"@id":"https:\/\/ubirataonline.com.br\/razvan-lucescu-nu-le-a-dat-voie-sa-participe-la-funeraliile-lui-mircea-lucescu\/#local-main-organization-logo"},"sameAs":["https:\/\/www.facebook.com\/portalubirataonline","https:\/\/x.com\/ubirataonline","https:\/\/mastodon.social\/@ubirataonline","https:\/\/www.facebook.com\/groups\/311144672285604","https:\/\/www.facebook.com\/UBTAOnline","https:\/\/www.instagram.com\/portalubirataonline\/","https:\/\/twitter.com\/ubirataonline"],"description":"Somos um portal de not\u00edcias independente, criado em 5 de janeiro de 2009, com o objetivo de informar, conectar e valorizar a nossa comunidade de Ubirat\u00e3 e toda aregi\u00e3o. Com conte\u00fado atualizado, confi\u00e1vel e relevante, o Ubirat\u00e3 Online \u00e9 o seu espa\u00e7o para ficar por dentro dos principais acontecimentos locais, regionais, Brasil, Mundo e de interesse geral. Nosso compromisso \u00e9 com a verdade, a transpar\u00eancia e o respeito ao leitor.","legalName":"UBIRATA ONLINE NOT\u00cdCIAS","foundingDate":"2009-01-05","numberOfEmployees":{"@type":"QuantitativeValue","minValue":"1","maxValue":"10"},"publishingPrinciples":"https:\/\/ubirataonline.com.br\/faq\/","address":{"@id":"https:\/\/ubirataonline.com.br\/razvan-lucescu-nu-le-a-dat-voie-sa-participe-la-funeraliile-lui-mircea-lucescu\/#local-main-place-address"},"geo":{"@type":"GeoCoordinates","latitude":"-24.5361401","longitude":"-52.9921776"},"telephone":["+5544998308235"],"contactPoint":{"@type":"ContactPoint","email":"contato@ubirataonline.com.br"},"openingHoursSpecification":{"@type":"OpeningHoursSpecification","dayOfWeek":["Monday","Tuesday","Wednesday","Thursday","Friday","Saturday","Sunday"],"opens":"00:00","closes":"23:59"},"email":"contato@ubirataonline.com.br","vatID":"47.621.418\/0001-80"},{"@type":"Person","@id":"https:\/\/ubirataonline.com.br\/#\/schema\/person\/372f87bbd3fdd79b8556b84c98d0bc1c","name":"REDA\u00c7\u00c3O: UBIRAT\u00c3 ONLINE - F\u00c1BIO AUGUSTO CELESTINO","pronouns":"Ele","description":"Desde 2003 trabalhando com not\u00edcias.","sameAs":["http:\/\/ubirataoline.com.br","https:\/\/www.facebook.com\/portalubirataonline","https:\/\/www.instagram.com\/ubirataonline_oficial","https:\/\/x.com\/x.com\/ubirataonline"],"honorificPrefix":"Mr.","honorificSuffix":"MD","birthDate":"1980-06-16","gender":"masculino","award":["V\u00e1rios pr\u00eamios de melhor portal da cidade"],"jobTitle":"Diretor","url":"https:\/\/ubirataonline.com.br\/en\/author\/ubirataonline\/"},{"@type":"PostalAddress","@id":"https:\/\/ubirataonline.com.br\/razvan-lucescu-nu-le-a-dat-voie-sa-participe-la-funeraliile-lui-mircea-lucescu\/#local-main-place-address","streetAddress":"Rua dos Coqueiros, 104 - Bairro Boa Vista, Rua dos Coqueiros, 104 Bairro Boa Vista","addressLocality":"UBIRATA","postalCode":"85440-000","addressRegion":"PR","addressCountry":"BR"},{"@type":"ImageObject","inLanguage":"en-US","@id":"https:\/\/ubirataonline.com.br\/razvan-lucescu-nu-le-a-dat-voie-sa-participe-la-funeraliile-lui-mircea-lucescu\/#local-main-organization-logo","url":"https:\/\/ubirataonline.com.br\/wp-content\/uploads\/2026\/06\/logoubirataonline-1.webp","contentUrl":"https:\/\/ubirataonline.com.br\/wp-content\/uploads\/2026\/06\/logoubirataonline-1.webp","width":500,"height":500,"caption":"Ubirat\u00e3 Online Not\u00edcias"}]},"geo.placename":"UBIRATA","geo.position":{"lat":"-24.5361401","long":"-52.9921776"},"geo.region":"Brazil"},"_links":{"self":[{"href":"https:\/\/ubirataonline.com.br\/en\/wp-json\/wp\/v2\/posts\/101483","targetHints":{"allow":["GET"]}}],"collection":[{"href":"https:\/\/ubirataonline.com.br\/en\/wp-json\/wp\/v2\/posts"}],"about":[{"href":"https:\/\/ubirataonline.com.br\/en\/wp-json\/wp\/v2\/types\/post"}],"author":[{"embeddable":true,"href":"https:\/\/ubirataonline.com.br\/en\/wp-json\/wp\/v2\/users\/1"}],"replies":[{"embeddable":true,"href":"https:\/\/ubirataonline.com.br\/en\/wp-json\/wp\/v2\/comments?post=101483"}],"version-history":[{"count":0,"href":"https:\/\/ubirataonline.com.br\/en\/wp-json\/wp\/v2\/posts\/101483\/revisions"}],"wp:featuredmedia":[{"embeddable":true,"href":"https:\/\/ubirataonline.com.br\/en\/wp-json\/wp\/v2\/media\/101484"}],"wp:attachment":[{"href":"https:\/\/ubirataonline.com.br\/en\/wp-json\/wp\/v2\/media?parent=101483"}],"wp:term":[{"taxonomy":"category","embeddable":true,"href":"https:\/\/ubirataonline.com.br\/en\/wp-json\/wp\/v2\/categories?post=101483"},{"taxonomy":"post_tag","embeddable":true,"href":"https:\/\/ubirataonline.com.br\/en\/wp-json\/wp\/v2\/tags?post=101483"}],"curies":[{"name":"wp","href":"https:\/\/api.w.org\/{rel}","templated":true}]}}