{"id":101498,"date":"2026-04-08T16:33:57","date_gmt":"2026-04-08T19:33:57","guid":{"rendered":"https:\/\/ubirataonline.com.br\/jeff-shell-out-as-paramount-president\/"},"modified":"2026-04-08T16:34:07","modified_gmt":"2026-04-08T19:34:07","slug":"jeff-shell-out-as-paramount-president","status":"publish","type":"post","link":"https:\/\/ubirataonline.com.br\/en\/jeff-shell-out-as-paramount-president\/","title":{"rendered":"Jeff Shell Out As Paramount President"},"content":{"rendered":"<p><\/p>\n<div>\n<p class=\"paragraph larva \/\/ lrv-u-margin-lr-auto\">\n\t<strong>EXCLUSIVE:<\/strong> For the second time in three years, <a href=\"https:\/\/deadline.com\/tag\/jeff-shell\/\" id=\"auto-tag_jeff-shell\" data-tag=\"jeff-shell\">Jeff Shell<\/a> has been ousted from a top corporate perch.<\/p>\n<p class=\"paragraph larva \/\/ lrv-u-margin-lr-auto\">\n\tBack in April 2023, the exec<a href=\"https:\/\/deadline.com\/2023\/04\/comcast-mike-cavanagh-replaces-jeff-shell-at-nbcu-1235334442\/\"> lost his job as NBCUniversal CEO <\/a>amidst allegations of inappropriate conduct with a female CNBC reporter. Today, after weeks of claims about indiscretion and a multimillion-dollar legal back and forth, Shell is out as as the president of <a href=\"https:\/\/deadline.com\/tag\/paramount\/\" id=\"auto-tag_paramount\" data-tag=\"paramount\">Paramount<\/a> Skydance, I\u2019ve learned.<\/p>\n<p class=\"paragraph larva \/\/ lrv-u-margin-lr-auto\">\n\tShell will be resigning his seat on Paramount\u2019s Board ASAP too.<\/p>\n<p class=\"paragraph larva \/\/ lrv-u-margin-lr-auto\">\n\tHow the fallout for Shell will play out is TBD, though don\u2019t be surprised if his parachute is less than the usual production deal and\/or advisor role. Framed to help Shell save face, I hear there is a big stink on the 60-year-old exec for the messy way things went down.<\/p>\n<p class=\"paragraph larva \/\/ lrv-u-margin-lr-auto\">\n\tNeither reps for Shell nor Paramount responded to request for comment from Deadline on the move.<\/p>\n<p class=\"paragraph larva \/\/ lrv-u-margin-lr-auto\">\n\tThe<a href=\"https:\/\/deadline.com\/2026\/04\/jeff-shell-exit-talks-paramount-president-1236772662\/\"> long anticipated pink-slipping <\/a>comes as a report from law firm Gibson Dunn appears to have cleared Shell of claims by an attention-seeking, so-called pro gambler that the executive shared confidential and potentially explosive information. The initial $150 million<a href=\"https:\/\/deadline.com\/wp-content\/uploads\/2026\/03\/shell-suit-march-9_Redacted2.pdf\"> breach of contract and fraud complaint<\/a>\u00a0from Robert James \u201cRJ\u201d Cipriani\u00a0against Shell and his wife, which has grown to include Paramount itself, CEO <a href=\"https:\/\/deadline.com\/tag\/david-ellison\/\" id=\"auto-tag_david-ellison\" data-tag=\"david-ellison\">David Ellison<\/a>, his Oracle founder father Larry Ellison and a swath of advisors, accused the now exiting Par president of gossiping about deals surrounding UFC, WBD and, more recently, Donald Trump.<\/p>\n<p class=\"paragraph larva \/\/ lrv-u-margin-lr-auto\">\n\t\u201cWe\u2019re paying way too much for Warner Bros,\u201d Shell is said to have told Cipriani of the <a href=\"https:\/\/deadline.com\/2026\/02\/massive-merger-confirmed-paramount-and-wbd-reveal-details-1236738785\/\" data-type=\"post\" data-id=\"1236738785\">eventual $111 billion bid <\/a>to acquire the iconic company, topping Netflix\u2019s $89 billion bid for WB\u2019s studio and streaming assets. \u201cIf we could just wait another year, we could get it a whole lot cheaper.\u201d<\/p>\n<p class=\"paragraph larva \/\/ lrv-u-margin-lr-auto\">\n\tCipriani, who has already submitted a whistleblower filing with the SEC over Shell and the $7.7 billion UFC deal, declares that additional details and more\u00a0<a href=\"https:\/\/deadline.com\/tag\/wbd\/\">WBD<\/a>\u00a0tidbits were unveiled by the Paramount exec in a February 2 face-to-face meeting \u201cat the offices of a prominent Los Angeles entertainment law firm,\u201d clearly aka GlaserWeil.<\/p>\n<p class=\"paragraph larva \/\/ lrv-u-margin-lr-auto\">\n\tOn March 16, the O\u2019Melveny &amp; Meyers-represented Jeff Shell and Laura Shell<a href=\"https:\/\/deadline.com\/2026\/03\/jeff-shell-sues-whistleblower-parmount-david-ellison-1236756756\/\"> filed a counterclaim\u00a0<\/a>against Cipriani in L.A. Superior Court.<\/p>\n<p class=\"paragraph larva \/\/ lrv-u-margin-lr-auto\">\n\tWhen it comes to Cipriani\u2019s own amended complaint that includes the Ellisons, Paramount brass and the Shells,<a href=\"https:\/\/deadline.com\/2026\/03\/paramount-lawsuit-trump-warner-bros-deal-1236757861\/\"> on March 17, the company said: <\/a>\u201cParamount is aware of the frivolous lawsuit and believes the claims are entirely without merit. There is no factual or legal basis for any claim against Paramount, its Directors or its major shareholders, and the Company intends to defend these allegations vigorously.\u201d<\/p>\n<\/div>\n<p><a href=\"https:\/\/deadline.com\/2026\/04\/jeff-shell-fired-paramount-president-1236784545\/\">Source link <\/a><\/p>","protected":false},"excerpt":{"rendered":"<p>EXCLUSIVE: For the second time in three years, Jeff Shell has been ousted from a top corporate perch. Back in April 2023, the exec lost his job as NBCUniversal CEO amidst allegations of inappropriate conduct with a female CNBC reporter. Today, after weeks of claims about indiscretion and a multimillion-dollar legal back and forth, Shell [&hellip;]<\/p>\n","protected":false},"author":1,"featured_media":101499,"comment_status":"closed","ping_status":"","sticky":false,"template":"","format":"standard","meta":{"googlesitekit_rrm_CAow2JLhCw:productID":"","_gspb_post_css":"","maa_idioma":"","maa_pais":"","footnotes":""},"categories":[1],"tags":[6493,7229,5512,25819],"class_list":["post-101498","post","type-post","status-publish","format-standard","has-post-thumbnail","hentry","category-ubirata","tag-jeff","tag-paramount","tag-president","tag-shell"],"blocksy_meta":[],"yoast_head":"<!-- This site is optimized with the Yoast SEO Premium plugin v27.6 (Yoast SEO v27.6) - https:\/\/yoast.com\/product\/yoast-seo-premium-wordpress\/ -->\n<title>Jeff Shell Out As Paramount President - Ubirat\u00e3 Online Not\u00edcias - A realidade ao seu alcance!<\/title>\n<meta name=\"description\" content=\"EXCLUSIVE: For the second time in three years, Jeff Shell has been ousted from a top corporate perch. Back in April 2023, the exec lost his job as\" \/>\n<meta name=\"robots\" content=\"index, follow, max-snippet:-1, max-image-preview:large, max-video-preview:-1\" \/>\n<link rel=\"canonical\" href=\"https:\/\/ubirataonline.com.br\/en\/jeff-shell-out-as-paramount-president\/\" \/>\n<meta property=\"og:locale\" content=\"en_US\" \/>\n<meta property=\"og:type\" content=\"article\" \/>\n<meta property=\"og:title\" content=\"Jeff Shell Out As Paramount President\" \/>\n<meta property=\"og:description\" content=\"EXCLUSIVE: For the second time in three years, Jeff Shell has been ousted from a top corporate perch. Back in April 2023, the exec lost his job as\" \/>\n<meta property=\"og:url\" content=\"https:\/\/ubirataonline.com.br\/en\/jeff-shell-out-as-paramount-president\/\" \/>\n<meta property=\"og:site_name\" content=\"Ubirat\u00e3 Online Not\u00edcias - A realidade ao seu alcance!\" \/>\n<meta property=\"article:publisher\" content=\"https:\/\/www.facebook.com\/portalubirataonline\" \/>\n<meta property=\"article:author\" content=\"https:\/\/www.facebook.com\/portalubirataonline\" \/>\n<meta property=\"article:published_time\" content=\"2026-04-08T19:33:57+00:00\" \/>\n<meta property=\"article:modified_time\" content=\"2026-04-08T19:34:07+00:00\" \/>\n<meta property=\"og:image\" content=\"https:\/\/ubirataonline.com.br\/wp-content\/uploads\/2026\/04\/Jeff-Shell-Out-As-Paramount-President.jpg\" \/>\n\t<meta property=\"og:image:width\" content=\"1024\" \/>\n\t<meta property=\"og:image:height\" content=\"576\" \/>\n\t<meta property=\"og:image:type\" content=\"image\/jpeg\" \/>\n<meta name=\"author\" content=\"REDA\u00c7\u00c3O: UBIRAT\u00c3 ONLINE - F\u00c1BIO AUGUSTO CELESTINO\" \/>\n<meta name=\"twitter:card\" content=\"summary_large_image\" \/>\n<meta name=\"twitter:creator\" content=\"@x.com\/ubirataonline\" \/>\n<meta name=\"twitter:site\" content=\"@ubirataonline\" \/>\n<meta name=\"twitter:label1\" content=\"Written by\" \/>\n\t<meta name=\"twitter:data1\" content=\"REDA\u00c7\u00c3O: UBIRAT\u00c3 ONLINE - F\u00c1BIO AUGUSTO CELESTINO\" \/>\n\t<meta name=\"twitter:label2\" content=\"Est. reading time\" \/>\n\t<meta name=\"twitter:data2\" content=\"2 minutes\" \/>\n<script type=\"application\/ld+json\" class=\"yoast-schema-graph\">{\"@context\":\"https:\\\/\\\/schema.org\",\"@graph\":[{\"@type\":\"NewsArticle\",\"@id\":\"https:\\\/\\\/ubirataonline.com.br\\\/jeff-shell-out-as-paramount-president\\\/#article\",\"isPartOf\":{\"@id\":\"https:\\\/\\\/ubirataonline.com.br\\\/jeff-shell-out-as-paramount-president\\\/\"},\"author\":{\"name\":\"REDA\u00c7\u00c3O: UBIRAT\u00c3 ONLINE - F\u00c1BIO AUGUSTO CELESTINO\",\"@id\":\"https:\\\/\\\/ubirataonline.com.br\\\/#\\\/schema\\\/person\\\/372f87bbd3fdd79b8556b84c98d0bc1c\"},\"headline\":\"Jeff Shell Out As Paramount President\",\"datePublished\":\"2026-04-08T19:33:57+00:00\",\"dateModified\":\"2026-04-08T19:34:07+00:00\",\"mainEntityOfPage\":{\"@id\":\"https:\\\/\\\/ubirataonline.com.br\\\/jeff-shell-out-as-paramount-president\\\/\"},\"wordCount\":439,\"publisher\":{\"@id\":\"https:\\\/\\\/ubirataonline.com.br\\\/#organization\"},\"image\":{\"@id\":\"https:\\\/\\\/ubirataonline.com.br\\\/jeff-shell-out-as-paramount-president\\\/#primaryimage\"},\"thumbnailUrl\":\"https:\\\/\\\/ubirataonline.com.br\\\/wp-content\\\/uploads\\\/2026\\\/04\\\/Jeff-Shell-Out-As-Paramount-President.jpg\",\"keywords\":[\"Jeff\",\"Paramount\",\"President\",\"Shell\"],\"articleSection\":[\"Ubirat\u00e3\"],\"inLanguage\":\"en-US\",\"copyrightYear\":\"2026\",\"copyrightHolder\":{\"@id\":\"https:\\\/\\\/ubirataonline.com.br\\\/en\\\/#organization\"}},{\"@type\":\"WebPage\",\"@id\":\"https:\\\/\\\/ubirataonline.com.br\\\/jeff-shell-out-as-paramount-president\\\/\",\"url\":\"https:\\\/\\\/ubirataonline.com.br\\\/jeff-shell-out-as-paramount-president\\\/\",\"name\":\"Jeff Shell Out As Paramount President - Ubirat\u00e3 Online Not\u00edcias - A realidade ao seu alcance!\",\"isPartOf\":{\"@id\":\"https:\\\/\\\/ubirataonline.com.br\\\/#website\"},\"primaryImageOfPage\":{\"@id\":\"https:\\\/\\\/ubirataonline.com.br\\\/jeff-shell-out-as-paramount-president\\\/#primaryimage\"},\"image\":{\"@id\":\"https:\\\/\\\/ubirataonline.com.br\\\/jeff-shell-out-as-paramount-president\\\/#primaryimage\"},\"thumbnailUrl\":\"https:\\\/\\\/ubirataonline.com.br\\\/wp-content\\\/uploads\\\/2026\\\/04\\\/Jeff-Shell-Out-As-Paramount-President.jpg\",\"datePublished\":\"2026-04-08T19:33:57+00:00\",\"dateModified\":\"2026-04-08T19:34:07+00:00\",\"description\":\"EXCLUSIVE: For the second time in three years, Jeff Shell has been ousted from a top corporate perch. Back in April 2023, the exec lost his job as\",\"breadcrumb\":{\"@id\":\"https:\\\/\\\/ubirataonline.com.br\\\/jeff-shell-out-as-paramount-president\\\/#breadcrumb\"},\"inLanguage\":\"en-US\",\"potentialAction\":[{\"@type\":\"ReadAction\",\"target\":[\"https:\\\/\\\/ubirataonline.com.br\\\/jeff-shell-out-as-paramount-president\\\/\"]}]},{\"@type\":\"ImageObject\",\"inLanguage\":\"en-US\",\"@id\":\"https:\\\/\\\/ubirataonline.com.br\\\/jeff-shell-out-as-paramount-president\\\/#primaryimage\",\"url\":\"https:\\\/\\\/ubirataonline.com.br\\\/wp-content\\\/uploads\\\/2026\\\/04\\\/Jeff-Shell-Out-As-Paramount-President.jpg\",\"contentUrl\":\"https:\\\/\\\/ubirataonline.com.br\\\/wp-content\\\/uploads\\\/2026\\\/04\\\/Jeff-Shell-Out-As-Paramount-President.jpg\",\"width\":1024,\"height\":576,\"caption\":\"Jeff Shell, Paramount Sundance\\\/Getty\"},{\"@type\":\"BreadcrumbList\",\"@id\":\"https:\\\/\\\/ubirataonline.com.br\\\/jeff-shell-out-as-paramount-president\\\/#breadcrumb\",\"itemListElement\":[{\"@type\":\"ListItem\",\"position\":1,\"name\":\"In\u00edcio\",\"item\":\"https:\\\/\\\/ubirataonline.com.br\\\/\"},{\"@type\":\"ListItem\",\"position\":2,\"name\":\"Jeff Shell Out As Paramount President\"}]},{\"@type\":\"WebSite\",\"@id\":\"https:\\\/\\\/ubirataonline.com.br\\\/#website\",\"url\":\"https:\\\/\\\/ubirataonline.com.br\\\/\",\"name\":\"Ubirat\u00e3 Online Not\u00edcias\",\"description\":\"Not\u00edcias de Ubirat\u00e3, regi\u00e3o, Brasil e mundo, com informa\u00e7\u00e3o atualizada e compromisso com o leitor.\",\"publisher\":{\"@id\":\"https:\\\/\\\/ubirataonline.com.br\\\/#organization\"},\"alternateName\":\"Ubirat\u00e3 Online\",\"potentialAction\":[{\"@type\":\"SearchAction\",\"target\":{\"@type\":\"EntryPoint\",\"urlTemplate\":\"https:\\\/\\\/ubirataonline.com.br\\\/?s={search_term_string}\"},\"query-input\":{\"@type\":\"PropertyValueSpecification\",\"valueRequired\":true,\"valueName\":\"search_term_string\"}}],\"inLanguage\":\"en-US\"},{\"@type\":[\"Organization\",\"Place\"],\"@id\":\"https:\\\/\\\/ubirataonline.com.br\\\/#organization\",\"name\":\"Ubirat\u00e3 Online Not\u00edcias\",\"alternateName\":\"Ubirat\u00e3 Online\",\"url\":\"https:\\\/\\\/ubirataonline.com.br\\\/\",\"logo\":{\"@id\":\"https:\\\/\\\/ubirataonline.com.br\\\/jeff-shell-out-as-paramount-president\\\/#local-main-organization-logo\"},\"image\":{\"@id\":\"https:\\\/\\\/ubirataonline.com.br\\\/jeff-shell-out-as-paramount-president\\\/#local-main-organization-logo\"},\"sameAs\":[\"https:\\\/\\\/www.facebook.com\\\/portalubirataonline\",\"https:\\\/\\\/x.com\\\/ubirataonline\",\"https:\\\/\\\/mastodon.social\\\/@ubirataonline\",\"https:\\\/\\\/www.facebook.com\\\/groups\\\/311144672285604\",\"https:\\\/\\\/www.facebook.com\\\/UBTAOnline\",\"https:\\\/\\\/www.instagram.com\\\/portalubirataonline\\\/\",\"https:\\\/\\\/twitter.com\\\/ubirataonline\"],\"description\":\"Somos um portal de not\u00edcias independente, criado em 5 de janeiro de 2009, com o objetivo de informar, conectar e valorizar a nossa comunidade de Ubirat\u00e3 e toda aregi\u00e3o. Com conte\u00fado atualizado, confi\u00e1vel e relevante, o Ubirat\u00e3 Online \u00e9 o seu espa\u00e7o para ficar por dentro dos principais acontecimentos locais, regionais, Brasil, Mundo e de interesse geral. Nosso compromisso \u00e9 com a verdade, a transpar\u00eancia e o respeito ao leitor.\",\"legalName\":\"UBIRATA ONLINE NOT\u00cdCIAS\",\"foundingDate\":\"2009-01-05\",\"numberOfEmployees\":{\"@type\":\"QuantitativeValue\",\"minValue\":\"1\",\"maxValue\":\"10\"},\"publishingPrinciples\":\"https:\\\/\\\/ubirataonline.com.br\\\/faq\\\/\",\"address\":{\"@id\":\"https:\\\/\\\/ubirataonline.com.br\\\/jeff-shell-out-as-paramount-president\\\/#local-main-place-address\"},\"geo\":{\"@type\":\"GeoCoordinates\",\"latitude\":\"-24.5361401\",\"longitude\":\"-52.9921776\"},\"telephone\":[\"+5544998308235\"],\"contactPoint\":{\"@type\":\"ContactPoint\",\"email\":\"contato@ubirataonline.com.br\"},\"openingHoursSpecification\":{\"@type\":\"OpeningHoursSpecification\",\"dayOfWeek\":[\"Monday\",\"Tuesday\",\"Wednesday\",\"Thursday\",\"Friday\",\"Saturday\",\"Sunday\"],\"opens\":\"00:00\",\"closes\":\"23:59\"},\"email\":\"contato@ubirataonline.com.br\",\"vatID\":\"47.621.418\\\/0001-80\"},{\"@type\":\"Person\",\"@id\":\"https:\\\/\\\/ubirataonline.com.br\\\/#\\\/schema\\\/person\\\/372f87bbd3fdd79b8556b84c98d0bc1c\",\"name\":\"REDA\u00c7\u00c3O: UBIRAT\u00c3 ONLINE - F\u00c1BIO AUGUSTO CELESTINO\",\"pronouns\":\"Ele\",\"description\":\"Desde 2003 trabalhando com not\u00edcias.\",\"sameAs\":[\"http:\\\/\\\/ubirataoline.com.br\",\"https:\\\/\\\/www.facebook.com\\\/portalubirataonline\",\"https:\\\/\\\/www.instagram.com\\\/ubirataonline_oficial\",\"https:\\\/\\\/x.com\\\/x.com\\\/ubirataonline\"],\"honorificPrefix\":\"Mr.\",\"honorificSuffix\":\"MD\",\"birthDate\":\"1980-06-16\",\"gender\":\"masculino\",\"award\":[\"V\u00e1rios pr\u00eamios de melhor portal da cidade\"],\"jobTitle\":\"Diretor\",\"url\":\"https:\\\/\\\/ubirataonline.com.br\\\/en\\\/author\\\/ubirataonline\\\/\"},{\"@type\":\"PostalAddress\",\"@id\":\"https:\\\/\\\/ubirataonline.com.br\\\/jeff-shell-out-as-paramount-president\\\/#local-main-place-address\",\"streetAddress\":\"Rua dos Coqueiros, 104 - Bairro Boa Vista, Rua dos Coqueiros, 104 Bairro Boa Vista\",\"addressLocality\":\"UBIRATA\",\"postalCode\":\"85440-000\",\"addressRegion\":\"PR\",\"addressCountry\":\"BR\"},{\"@type\":\"ImageObject\",\"inLanguage\":\"en-US\",\"@id\":\"https:\\\/\\\/ubirataonline.com.br\\\/jeff-shell-out-as-paramount-president\\\/#local-main-organization-logo\",\"url\":\"https:\\\/\\\/ubirataonline.com.br\\\/wp-content\\\/uploads\\\/2026\\\/06\\\/logoubirataonline-1.webp\",\"contentUrl\":\"https:\\\/\\\/ubirataonline.com.br\\\/wp-content\\\/uploads\\\/2026\\\/06\\\/logoubirataonline-1.webp\",\"width\":500,\"height\":500,\"caption\":\"Ubirat\u00e3 Online Not\u00edcias\"}]}<\/script>\n<meta name=\"geo.placename\" content=\"UBIRATA\" \/>\n<meta name=\"geo.position\" content=\"-24.5361401;-52.9921776\" \/>\n<meta name=\"geo.region\" content=\"Brazil\" \/>\n<!-- \/ Yoast SEO Premium plugin. -->","yoast_head_json":{"title":"Jeff Shell Out As Paramount President - Ubirat\u00e3 Online Not\u00edcias - A realidade ao seu alcance!","description":"EXCLUSIVE: For the second time in three years, Jeff Shell has been ousted from a top corporate perch. Back in April 2023, the exec lost his job as","robots":{"index":"index","follow":"follow","max-snippet":"max-snippet:-1","max-image-preview":"max-image-preview:large","max-video-preview":"max-video-preview:-1"},"canonical":"https:\/\/ubirataonline.com.br\/en\/jeff-shell-out-as-paramount-president\/","og_locale":"en_US","og_type":"article","og_title":"Jeff Shell Out As Paramount President","og_description":"EXCLUSIVE: For the second time in three years, Jeff Shell has been ousted from a top corporate perch. Back in April 2023, the exec lost his job as","og_url":"https:\/\/ubirataonline.com.br\/en\/jeff-shell-out-as-paramount-president\/","og_site_name":"Ubirat\u00e3 Online Not\u00edcias - A realidade ao seu alcance!","article_publisher":"https:\/\/www.facebook.com\/portalubirataonline","article_author":"https:\/\/www.facebook.com\/portalubirataonline","article_published_time":"2026-04-08T19:33:57+00:00","article_modified_time":"2026-04-08T19:34:07+00:00","og_image":[{"width":1024,"height":576,"url":"https:\/\/ubirataonline.com.br\/wp-content\/uploads\/2026\/04\/Jeff-Shell-Out-As-Paramount-President.jpg","type":"image\/jpeg"}],"author":"REDA\u00c7\u00c3O: UBIRAT\u00c3 ONLINE - F\u00c1BIO AUGUSTO CELESTINO","twitter_card":"summary_large_image","twitter_creator":"@x.com\/ubirataonline","twitter_site":"@ubirataonline","twitter_misc":{"Written by":"REDA\u00c7\u00c3O: UBIRAT\u00c3 ONLINE - F\u00c1BIO AUGUSTO CELESTINO","Est. reading time":"2 minutes"},"schema":{"@context":"https:\/\/schema.org","@graph":[{"@type":"NewsArticle","@id":"https:\/\/ubirataonline.com.br\/jeff-shell-out-as-paramount-president\/#article","isPartOf":{"@id":"https:\/\/ubirataonline.com.br\/jeff-shell-out-as-paramount-president\/"},"author":{"name":"REDA\u00c7\u00c3O: UBIRAT\u00c3 ONLINE - F\u00c1BIO AUGUSTO CELESTINO","@id":"https:\/\/ubirataonline.com.br\/#\/schema\/person\/372f87bbd3fdd79b8556b84c98d0bc1c"},"headline":"Jeff Shell Out As Paramount President","datePublished":"2026-04-08T19:33:57+00:00","dateModified":"2026-04-08T19:34:07+00:00","mainEntityOfPage":{"@id":"https:\/\/ubirataonline.com.br\/jeff-shell-out-as-paramount-president\/"},"wordCount":439,"publisher":{"@id":"https:\/\/ubirataonline.com.br\/#organization"},"image":{"@id":"https:\/\/ubirataonline.com.br\/jeff-shell-out-as-paramount-president\/#primaryimage"},"thumbnailUrl":"https:\/\/ubirataonline.com.br\/wp-content\/uploads\/2026\/04\/Jeff-Shell-Out-As-Paramount-President.jpg","keywords":["Jeff","Paramount","President","Shell"],"articleSection":["Ubirat\u00e3"],"inLanguage":"en-US","copyrightYear":"2026","copyrightHolder":{"@id":"https:\/\/ubirataonline.com.br\/en\/#organization"}},{"@type":"WebPage","@id":"https:\/\/ubirataonline.com.br\/jeff-shell-out-as-paramount-president\/","url":"https:\/\/ubirataonline.com.br\/jeff-shell-out-as-paramount-president\/","name":"Jeff Shell Out As Paramount President - Ubirat\u00e3 Online Not\u00edcias - A realidade ao seu alcance!","isPartOf":{"@id":"https:\/\/ubirataonline.com.br\/#website"},"primaryImageOfPage":{"@id":"https:\/\/ubirataonline.com.br\/jeff-shell-out-as-paramount-president\/#primaryimage"},"image":{"@id":"https:\/\/ubirataonline.com.br\/jeff-shell-out-as-paramount-president\/#primaryimage"},"thumbnailUrl":"https:\/\/ubirataonline.com.br\/wp-content\/uploads\/2026\/04\/Jeff-Shell-Out-As-Paramount-President.jpg","datePublished":"2026-04-08T19:33:57+00:00","dateModified":"2026-04-08T19:34:07+00:00","description":"EXCLUSIVE: For the second time in three years, Jeff Shell has been ousted from a top corporate perch. Back in April 2023, the exec lost his job as","breadcrumb":{"@id":"https:\/\/ubirataonline.com.br\/jeff-shell-out-as-paramount-president\/#breadcrumb"},"inLanguage":"en-US","potentialAction":[{"@type":"ReadAction","target":["https:\/\/ubirataonline.com.br\/jeff-shell-out-as-paramount-president\/"]}]},{"@type":"ImageObject","inLanguage":"en-US","@id":"https:\/\/ubirataonline.com.br\/jeff-shell-out-as-paramount-president\/#primaryimage","url":"https:\/\/ubirataonline.com.br\/wp-content\/uploads\/2026\/04\/Jeff-Shell-Out-As-Paramount-President.jpg","contentUrl":"https:\/\/ubirataonline.com.br\/wp-content\/uploads\/2026\/04\/Jeff-Shell-Out-As-Paramount-President.jpg","width":1024,"height":576,"caption":"Jeff Shell, Paramount Sundance\/Getty"},{"@type":"BreadcrumbList","@id":"https:\/\/ubirataonline.com.br\/jeff-shell-out-as-paramount-president\/#breadcrumb","itemListElement":[{"@type":"ListItem","position":1,"name":"In\u00edcio","item":"https:\/\/ubirataonline.com.br\/"},{"@type":"ListItem","position":2,"name":"Jeff Shell Out As Paramount President"}]},{"@type":"WebSite","@id":"https:\/\/ubirataonline.com.br\/#website","url":"https:\/\/ubirataonline.com.br\/","name":"Ubirat\u00e3 Online Not\u00edcias","description":"Not\u00edcias de Ubirat\u00e3, regi\u00e3o, Brasil e mundo, com informa\u00e7\u00e3o atualizada e compromisso com o leitor.","publisher":{"@id":"https:\/\/ubirataonline.com.br\/#organization"},"alternateName":"Ubirat\u00e3 Online","potentialAction":[{"@type":"SearchAction","target":{"@type":"EntryPoint","urlTemplate":"https:\/\/ubirataonline.com.br\/?s={search_term_string}"},"query-input":{"@type":"PropertyValueSpecification","valueRequired":true,"valueName":"search_term_string"}}],"inLanguage":"en-US"},{"@type":["Organization","Place"],"@id":"https:\/\/ubirataonline.com.br\/#organization","name":"Ubirat\u00e3 Online Not\u00edcias","alternateName":"Ubirat\u00e3 Online","url":"https:\/\/ubirataonline.com.br\/","logo":{"@id":"https:\/\/ubirataonline.com.br\/jeff-shell-out-as-paramount-president\/#local-main-organization-logo"},"image":{"@id":"https:\/\/ubirataonline.com.br\/jeff-shell-out-as-paramount-president\/#local-main-organization-logo"},"sameAs":["https:\/\/www.facebook.com\/portalubirataonline","https:\/\/x.com\/ubirataonline","https:\/\/mastodon.social\/@ubirataonline","https:\/\/www.facebook.com\/groups\/311144672285604","https:\/\/www.facebook.com\/UBTAOnline","https:\/\/www.instagram.com\/portalubirataonline\/","https:\/\/twitter.com\/ubirataonline"],"description":"Somos um portal de not\u00edcias independente, criado em 5 de janeiro de 2009, com o objetivo de informar, conectar e valorizar a nossa comunidade de Ubirat\u00e3 e toda aregi\u00e3o. Com conte\u00fado atualizado, confi\u00e1vel e relevante, o Ubirat\u00e3 Online \u00e9 o seu espa\u00e7o para ficar por dentro dos principais acontecimentos locais, regionais, Brasil, Mundo e de interesse geral. Nosso compromisso \u00e9 com a verdade, a transpar\u00eancia e o respeito ao leitor.","legalName":"UBIRATA ONLINE NOT\u00cdCIAS","foundingDate":"2009-01-05","numberOfEmployees":{"@type":"QuantitativeValue","minValue":"1","maxValue":"10"},"publishingPrinciples":"https:\/\/ubirataonline.com.br\/faq\/","address":{"@id":"https:\/\/ubirataonline.com.br\/jeff-shell-out-as-paramount-president\/#local-main-place-address"},"geo":{"@type":"GeoCoordinates","latitude":"-24.5361401","longitude":"-52.9921776"},"telephone":["+5544998308235"],"contactPoint":{"@type":"ContactPoint","email":"contato@ubirataonline.com.br"},"openingHoursSpecification":{"@type":"OpeningHoursSpecification","dayOfWeek":["Monday","Tuesday","Wednesday","Thursday","Friday","Saturday","Sunday"],"opens":"00:00","closes":"23:59"},"email":"contato@ubirataonline.com.br","vatID":"47.621.418\/0001-80"},{"@type":"Person","@id":"https:\/\/ubirataonline.com.br\/#\/schema\/person\/372f87bbd3fdd79b8556b84c98d0bc1c","name":"REDA\u00c7\u00c3O: UBIRAT\u00c3 ONLINE - F\u00c1BIO AUGUSTO CELESTINO","pronouns":"Ele","description":"Desde 2003 trabalhando com not\u00edcias.","sameAs":["http:\/\/ubirataoline.com.br","https:\/\/www.facebook.com\/portalubirataonline","https:\/\/www.instagram.com\/ubirataonline_oficial","https:\/\/x.com\/x.com\/ubirataonline"],"honorificPrefix":"Mr.","honorificSuffix":"MD","birthDate":"1980-06-16","gender":"masculino","award":["V\u00e1rios pr\u00eamios de melhor portal da cidade"],"jobTitle":"Diretor","url":"https:\/\/ubirataonline.com.br\/en\/author\/ubirataonline\/"},{"@type":"PostalAddress","@id":"https:\/\/ubirataonline.com.br\/jeff-shell-out-as-paramount-president\/#local-main-place-address","streetAddress":"Rua dos Coqueiros, 104 - Bairro Boa Vista, Rua dos Coqueiros, 104 Bairro Boa Vista","addressLocality":"UBIRATA","postalCode":"85440-000","addressRegion":"PR","addressCountry":"BR"},{"@type":"ImageObject","inLanguage":"en-US","@id":"https:\/\/ubirataonline.com.br\/jeff-shell-out-as-paramount-president\/#local-main-organization-logo","url":"https:\/\/ubirataonline.com.br\/wp-content\/uploads\/2026\/06\/logoubirataonline-1.webp","contentUrl":"https:\/\/ubirataonline.com.br\/wp-content\/uploads\/2026\/06\/logoubirataonline-1.webp","width":500,"height":500,"caption":"Ubirat\u00e3 Online Not\u00edcias"}]},"geo.placename":"UBIRATA","geo.position":{"lat":"-24.5361401","long":"-52.9921776"},"geo.region":"Brazil"},"_links":{"self":[{"href":"https:\/\/ubirataonline.com.br\/en\/wp-json\/wp\/v2\/posts\/101498","targetHints":{"allow":["GET"]}}],"collection":[{"href":"https:\/\/ubirataonline.com.br\/en\/wp-json\/wp\/v2\/posts"}],"about":[{"href":"https:\/\/ubirataonline.com.br\/en\/wp-json\/wp\/v2\/types\/post"}],"author":[{"embeddable":true,"href":"https:\/\/ubirataonline.com.br\/en\/wp-json\/wp\/v2\/users\/1"}],"replies":[{"embeddable":true,"href":"https:\/\/ubirataonline.com.br\/en\/wp-json\/wp\/v2\/comments?post=101498"}],"version-history":[{"count":0,"href":"https:\/\/ubirataonline.com.br\/en\/wp-json\/wp\/v2\/posts\/101498\/revisions"}],"wp:featuredmedia":[{"embeddable":true,"href":"https:\/\/ubirataonline.com.br\/en\/wp-json\/wp\/v2\/media\/101499"}],"wp:attachment":[{"href":"https:\/\/ubirataonline.com.br\/en\/wp-json\/wp\/v2\/media?parent=101498"}],"wp:term":[{"taxonomy":"category","embeddable":true,"href":"https:\/\/ubirataonline.com.br\/en\/wp-json\/wp\/v2\/categories?post=101498"},{"taxonomy":"post_tag","embeddable":true,"href":"https:\/\/ubirataonline.com.br\/en\/wp-json\/wp\/v2\/tags?post=101498"}],"curies":[{"name":"wp","href":"https:\/\/api.w.org\/{rel}","templated":true}]}}