{"id":101599,"date":"2026-04-08T18:45:59","date_gmt":"2026-04-08T21:45:59","guid":{"rendered":"https:\/\/ubirataonline.com.br\/jim-whittaker-wa-mountaineer-who-was-first-american-to-summit-everest-dies-at-97\/"},"modified":"2026-04-08T18:45:59","modified_gmt":"2026-04-08T21:45:59","slug":"jim-whittaker-wa-mountaineer-who-was-first-american-to-summit-everest-dies-at-97","status":"publish","type":"post","link":"https:\/\/ubirataonline.com.br\/en\/jim-whittaker-wa-mountaineer-who-was-first-american-to-summit-everest-dies-at-97\/","title":{"rendered":"Jim Whittaker, WA mountaineer who was first American to summit Everest, dies at 97"},"content":{"rendered":"<p><\/p>\n<div id=\"article-content\">\n<p>Jim Whittaker, a Seattle-born and -raised mountaineer who achieved legendary status when he became the first American to summit the world\u2019s tallest peak in 1963, died Tuesday in Port Townsend at the age of 97.<\/p>\n<p><a href=\"https:\/\/www.cascadiadaily.com\/2026\/apr\/08\/famed-mountaineer-jim-whittaker-first-american-atop-mount-everest-dies-at-97\/\" target=\"_blank\" class=\"content-link external\">Cascadia Daily News<\/a> reported Whittaker\u2019s death in an obituary published Wednesday morning.<\/p>\n<p>Whittaker reached the top of Mount Everest on <a href=\"https:\/\/www.seattletimes.com\/seattle-news\/50-years-after-everest-ascent-whittaker-reflects\/\" class=\"content-link\">May 1, 1963<\/a>, alongside Nawang Gombu Sherpa, drawing on years of formative climbing experience forged in the Cascades. His historic ascent, a decade after Edmund Hillary and Tenzing Norgay, earned him and his American Everest Expedition teammates the <a href=\"https:\/\/www.nationalgeographic.org\/society\/awards\/\" target=\"_blank\" class=\"content-link external\">National Geographic Society\u2019s Hubbard Medal<\/a>. In 1978 Whittaker led the first successful US expedition to K2, the world\u2019s second-tallest peak, and set a record for the most successful Everest expedition in 1990.<\/p>\n<p>Even beyond his exploits on mountains across the globe, Whittaker\u2019s life is the subject of outdoors folklore. He was the first full-time employee at REI and eventually became its CEO. In retirement he sailed around the world with his two youngest sons.<\/p>\n<link rel=\"preload\" as=\"image\" href=\"https:\/\/images.seattletimes.com\/wp-content\/uploads\/2026\/04\/04082026_obit_115216.jpg?d=780x611\" imagesrcset=\"https:\/\/images.seattletimes.com\/wp-content\/uploads\/2026\/04\/04082026_obit_115216.jpg?d=300x235 300w, https:\/\/images.seattletimes.com\/wp-content\/uploads\/2026\/04\/04082026_obit_115216.jpg?d=1024x802 1024w, https:\/\/images.seattletimes.com\/wp-content\/uploads\/2026\/04\/04082026_obit_115216.jpg?d=768x601 768w, https:\/\/images.seattletimes.com\/wp-content\/uploads\/2026\/04\/04082026_obit_115216.jpg?d=1536x1203 1536w, https:\/\/images.seattletimes.com\/wp-content\/uploads\/2026\/04\/04082026_obit_115216.jpg?d=2048x1603 2048w, https:\/\/images.seattletimes.com\/wp-content\/uploads\/2026\/04\/04082026_obit_115216.jpg?d=780x611 780w, https:\/\/images.seattletimes.com\/wp-content\/uploads\/2026\/04\/04082026_obit_115216.jpg?d=1020x799 1020w, https:\/\/images.seattletimes.com\/wp-content\/uploads\/2026\/04\/04082026_obit_115216.jpg?d=1560x1221 1560w, https:\/\/images.seattletimes.com\/wp-content\/uploads\/2026\/04\/04082026_obit_115216.jpg?d=2040x1597 2040w, https:\/\/images.seattletimes.com\/wp-content\/uploads\/2026\/04\/04082026_obit_115216.jpg?d=375x294 375w\" imagesizes=\"(max-width: 767px) calc(100vw - 20px), (max-width: 1019px) calc(100vw - 335px), 630px\" fetchpriority=\"high\"\/>\n<p>\u201cWhether at home, in the mountains, or at sea, he sought to share adventure, joy, and optimism with those around him,\u201d the Whittaker family said in a statement. \u201cHis warmth, humility, and belief in the power of nature to bring people together left an enduring legacy of care for our planet and for one another.\u201d<\/p>\n<h2 class=\"wp-block-heading\">Seattle\u2019s mountaineer<\/h2>\n<p>Whittaker and his twin brother Lou were born Feb. 10, 1929, and raised in West Seattle\u2019s Arbor Heights neighborhood. The siblings began climbing in the early 1940s as part of the Boy Scouts, the Explorers climbing group and The Mountaineers. Jim enrolled in The Mountaineers Basic Climbing course in 1945, the beginning of an 82-year membership in the Seattle-based outing club.<\/p>\n<p>\u201cI\u2019m forever grateful to those brave volunteer instructors who were willing to welcome a stumbling teenager into their course and teach me about gravity,\u201d Whittaker said, as quoted in a tribute published Wednesday afternoon by The Mountaineers.<\/p>\n<p>Whittaker credited The Mountaineers for introducing him to mentorship figures from Washington\u2019s climbing community like REI founder <a href=\"https:\/\/archive.seattletimes.com\/archive\/20000923\/4044003\/lloyd-andersonrei-founder-dies\" class=\"content-link\">Lloyd Anderson<\/a>, mountaineer and environmentalist <a href=\"https:\/\/www.seattletimes.com\/seattle-news\/obituaries\/wolf-bauer-103-mountaineer-environmentalist-dies\/\" class=\"content-link\">Wolf Bauer<\/a>, and climbing ranger turned artist and author <a href=\"https:\/\/www.seattletimes.com\/seattle-news\/dee-molenaar-legendary-mountaineer-artist-and-author-dies-at-101\/\" class=\"content-link\">Dee Molenaar<\/a>.<\/p>\n<link rel=\"preload\" as=\"image\" href=\"https:\/\/images.seattletimes.com\/wp-content\/uploads\/2026\/04\/04082026_obit_133354.jpg?d=780x664\" imagesrcset=\"https:\/\/images.seattletimes.com\/wp-content\/uploads\/2026\/04\/04082026_obit_133354.jpg?d=300x255 300w, https:\/\/images.seattletimes.com\/wp-content\/uploads\/2026\/04\/04082026_obit_133354.jpg?d=1024x871 1024w, https:\/\/images.seattletimes.com\/wp-content\/uploads\/2026\/04\/04082026_obit_133354.jpg?d=768x653 768w, https:\/\/images.seattletimes.com\/wp-content\/uploads\/2026\/04\/04082026_obit_133354.jpg?d=1536x1307 1536w, https:\/\/images.seattletimes.com\/wp-content\/uploads\/2026\/04\/04082026_obit_133354.jpg?d=2048x1743 2048w, https:\/\/images.seattletimes.com\/wp-content\/uploads\/2026\/04\/04082026_obit_133354.jpg?d=780x664 780w, https:\/\/images.seattletimes.com\/wp-content\/uploads\/2026\/04\/04082026_obit_133354.jpg?d=1020x868 1020w, https:\/\/images.seattletimes.com\/wp-content\/uploads\/2026\/04\/04082026_obit_133354.jpg?d=1560x1327 1560w, https:\/\/images.seattletimes.com\/wp-content\/uploads\/2026\/04\/04082026_obit_133354.jpg?d=2040x1736 2040w, https:\/\/images.seattletimes.com\/wp-content\/uploads\/2026\/04\/04082026_obit_133354.jpg?d=375x319 375w\" imagesizes=\"(max-width: 767px) calc(100vw - 20px), (max-width: 1019px) calc(100vw - 335px), 630px\" fetchpriority=\"high\"\/>\n<p>Jim and Lou were quick studies; they began guiding climbers on Mount Rainier, taking over management of the national park\u2019s guide service in 1949, according to The Mountaineers. Lou, <a href=\"https:\/\/www.seattletimes.com\/seattle-news\/obituaries\/lou-whittaker-legendary-mountaineer-of-mt-rainier-dead-at-95\/\" class=\"content-link\">who died in 2024<\/a>, co-founded Ashford-based Rainier Mountaineering, Inc., the guide outfit that leads the most clients annually up Washington\u2019s tallest peak.<\/p>\n<p>When he wasn\u2019t guiding, Jim studied at Seattle University and sold ski equipment. Both brothers were drafted by the U.S. military during the Korean War, when they leaned on their Rainier experience and taught high-altitude and winter survival skills to 10th Mountain Division soldiers at the Army\u2019s Mountain and Cold Weather command in <a href=\"https:\/\/www.seattletimes.com\/nation-world\/biden-in-colorado-designates-his-1st-new-national-monument\/\" class=\"content-link\">Camp Hale, Colo<\/a>.<\/p>\n<p>After an honorable discharge in 1954, the siblings came back to Seattle and Jim returned to his job selling ski gear. The next year, Anderson hired him as the <a href=\"https:\/\/www.rei.com\/blog\/climb\/jim-whittaker-everest-legend\" target=\"_blank\" class=\"content-link external\">first full-time employee of REI<\/a>, then still a fledgling cooperative opening its debut store.\u00a0<\/p>\n<p>Despite the requirements of managing a retail outpost, Jim found time to steal away and guide clients \u2014 including a <a href=\"https:\/\/publications.americanalpineclub.org\/articles\/13196104400\" target=\"_blank\" class=\"content-link external\">1961 expedition with his brother at Mount McKinley<\/a>, also known as Denali, that went awry, stranding the team above 17,000 feet for four days.<\/p>\n<p>Jim and Lou emerged unscathed, and their grace under pressure helped earn them invitations to the 1963 American Everest Expedition. According to HistoryLink, Lou trained alongside Jim but ultimately <a href=\"https:\/\/www.historylink.org\/file\/9361\" target=\"_blank\" class=\"content-link external\">declined a spot on the team<\/a> because he was opening a sporting goods store in Tacoma.\u00a0\u201cI felt betrayed,\u201d Jim wrote in his autobiography, \u201c<a href=\"https:\/\/www.mountaineers.org\/books\/books\/a-life-on-the-edge-anniversary-edition-memoirs-of-everest-and-beyond\" target=\"_blank\" class=\"content-link external\">A Life on the Edge<\/a>,\u201d published by <a href=\"https:\/\/www.seattletimes.com\/life\/outdoors\/how-mountaineers-books-built-a-publishing-empire-from-a-textbook\/\" class=\"content-link\">Mountaineers Books<\/a> in 1999. \u201cIt was a stunning blow.\u201d<\/p>\n<h2 class=\"wp-block-heading\">Becoming the first<\/h2>\n<p>Jim ended up proving instrumental, as his REI experience enabled him to organize and ship loads of gear for the four-month attempt. While even a modern Everest climb is not a walk in the park, Whittaker\u2019s era entailed a true expedition undertaken at a time before the infrastructure of mass climbing tourism, like intricate fixed-rope systems installed by Sherpa teams.<\/p>\n<p>After weeks of hauling gear and establishing base camps, Whittaker found himself pinned down at 27,300 feet in Camp 6 alongside expedition leader Norman Dyhrenfurth and two Nepalese guides. With supplies and oxygen running low, the American climbers decided it was \u201ca sort of now-or-never situation,\u201d Whittaker told The Seattle Times in 1983.<\/p>\n<p>Their summit bid began at 6 a.m. in strong winds, blinding snow and minus 35 F temperatures. Dyhrenfurth couldn\u2019t match Whittaker\u2019s pace and turned back after an hour, leaving the final push to Whittaker and Gombu. The cold seeped through Whittaker\u2019s mask and frostbite nipped at his cheek. An eye swelled shut. But the weather broke long enough to see the ridgeline to the main summit. That omen propelled them forward \u201cbecause you feel you have to get it, you don\u2019t even think about turning around,\u201d Whittaker said.<\/p>\n<p>Seven hours into their trek, the duo reached the summit. With their oxygen dwindling, they spent only 20 minutes on the roof of the world \u2014\u00a0long enough to plant an American flag and take the requisite photos. An <a href=\"https:\/\/historylink.org\/File\/1281\" target=\"_blank\" class=\"content-link external\">enduring image<\/a> shows Whittaker in all his glory: red parka, blue insulated pants, the Stars and Stripes wrapped around his ice ax.<\/p>\n<link rel=\"preload\" as=\"image\" href=\"https:\/\/images.seattletimes.com\/wp-content\/uploads\/2013\/04\/2020712324.jpg?d=780x0\" imagesrcset=\"\" imagesizes=\"(max-width: 767px) calc(100vw - 20px), (max-width: 1019px) calc(100vw - 335px), 630px\" fetchpriority=\"high\"\/>\n<p>Whittaker\u2019s son, Leif, himself an accomplished guide and high-altitude climber, appreciated the magnitude of his father\u2019s accomplishment on one of his own Everest climbs in 2012.\u00a0<\/p>\n<p>\u201cI was sitting at the South Summit at about 300 vertical feet from the top and looking at the Hillary Step, I had this vision of my dad and Nawang Gombu Sherpa climbing up there,\u201d he told Cascadia Daily News.\u00a0<\/p>\n<p>\u201cIt\u2019s 50 years earlier and I imagined what that was like without the fixed ropes, without the crowds. Just those two with a single rope connecting them and ascending this incredibly challenging terrain through a storm no less.\u201d<\/p>\n<h2 class=\"wp-block-heading\">From anonymous climber to national hero<\/h2>\n<p>The team\u2019s successful summit bid \u2014\u00a0four climbers in addition to Whittaker and Gombu made it to the top on May 22 \u2014\u00a0made rock stars out of the mountaineers in an era of national rivalries like the Space Race.\u00a0<\/p>\n<p>\u201cBack then, everyone paid attention to these climbs,\u201d high-altitude climber Ed Viesturs, a member of Whittaker\u2019s 1990 International Peace Climb on Everest, told REI\u2019s Uncommon Path. \u201cIt was a very nationalistic thing. \u2026 The president took notice.\u201d<\/p>\n<link rel=\"preload\" as=\"image\" href=\"https:\/\/images.seattletimes.com\/wp-content\/uploads\/2026\/04\/04082026_obit_133500.jpg?d=780x667\" imagesrcset=\"https:\/\/images.seattletimes.com\/wp-content\/uploads\/2026\/04\/04082026_obit_133500.jpg?d=300x257 300w, https:\/\/images.seattletimes.com\/wp-content\/uploads\/2026\/04\/04082026_obit_133500.jpg?d=1024x876 1024w, https:\/\/images.seattletimes.com\/wp-content\/uploads\/2026\/04\/04082026_obit_133500.jpg?d=768x657 768w, https:\/\/images.seattletimes.com\/wp-content\/uploads\/2026\/04\/04082026_obit_133500.jpg?d=1536x1314 1536w, https:\/\/images.seattletimes.com\/wp-content\/uploads\/2026\/04\/04082026_obit_133500.jpg?d=2048x1752 2048w, https:\/\/images.seattletimes.com\/wp-content\/uploads\/2026\/04\/04082026_obit_133500.jpg?d=780x667 780w, https:\/\/images.seattletimes.com\/wp-content\/uploads\/2026\/04\/04082026_obit_133500.jpg?d=1020x873 1020w, https:\/\/images.seattletimes.com\/wp-content\/uploads\/2026\/04\/04082026_obit_133500.jpg?d=1560x1334 1560w, https:\/\/images.seattletimes.com\/wp-content\/uploads\/2026\/04\/04082026_obit_133500.jpg?d=2040x1745 2040w, https:\/\/images.seattletimes.com\/wp-content\/uploads\/2026\/04\/04082026_obit_133500.jpg?d=375x321 375w\" imagesizes=\"(max-width: 767px) calc(100vw - 20px), (max-width: 1019px) calc(100vw - 335px), 630px\" fetchpriority=\"high\"\/>\n<p>President John F. Kennedy made a <a href=\"https:\/\/www.presidency.ucsb.edu\/documents\/statement-the-president-the-conquest-mount-everest-american-climbers\" target=\"_blank\" class=\"content-link external\">short speech<\/a> the next day, though at the time Whittaker\u2019s name had not been made public as the successful summit climber. While the expedition consisted of 19 Americans and six Sherpas, in a culture that celebrates firsts \u2014 from John Glenn to Neil Armstrong \u2014 Whittaker\u2019s feat made him the face of the climb. <\/p>\n<p>According to HistoryLink, Whittaker\u2018s photo was on the covers of\u00a0Life\u00a0and\u00a0National Geographic\u00a0magazines. The Seattle Times named him state newsmaker of the year.<\/p>\n<p>He returned to Seattle, where the local boy made good was feted with a downtown parade June 24. The next week, Kennedy presented Whittaker and his teammates with their Hubbard Medals in a <a href=\"https:\/\/www.jfklibrary.org\/asset-viewer\/archives\/jfkpof-046-002#?image_identifier=JFKPOF-046-002-p0001\" target=\"_blank\" class=\"content-link external\">White House ceremony<\/a>.<\/p>\n<p>When the Canadian government named unclimbed 14,000-foot Mount Kennedy in the slain president\u2019s honor, National Geographic tapped Whittaker to lead an expedition \u2014\u00a0and the president\u2019s brother Senator Robert F. Kennedy was one of the team members.<\/p>\n<p>Whittaker met Kennedy in Seattle in March 1965 and the team headed to the Yukon. When they reached the summit, with <a href=\"https:\/\/uphere.ca\/articles\/bobby-mountain-grief\" target=\"_blank\" class=\"content-link external\">RFK given the nod to take the first step at the top<\/a>, Whittaker wrote in his memoir, \u201cTears rolled down my cheeks and froze on my parka.\u201d<\/p>\n<p>(The emotional climb, recreated by Kennedy and Whittaker descendants 50 years later, was the subject of the <span data-st-annotation-ref=\"c30a43\" class=\"annotated\">2018 documentary \u2018<a href=\"https:\/\/www.seattletimes.com\/pacific-nw-magazine\/robert-kennedy-and-jim-whittakers-lofty-friendship-recounted-in-siff-film\/\" class=\"content-link\">Return to Mount Kennedy<\/a>.\u2019<\/span>)<\/p>\n<p>After their experience on a rope team, Whittaker and Kennedy became close friends. The Seattle mountaineer who stocked shelves at REI became a regular guest at the Kennedy family home in Virginia and vacationed with the Kennedys in Sun Valley. Whittaker became Kennedy\u2019s Washington state campaign manager during his 1968 run for president and rushed to Los Angeles when assassin Sirhan Sirhan shot the senator in a hotel ballroom. Whittaker was at Kennedy\u2019s bedside when he died and served as a pallbearer at his funeral.<\/p>\n<p><strong>K2 ambition<\/strong><\/p>\n<p>Public life coincided with professional advancement. Whittaker\u2019s Everest climb generated major publicity for his employer, REI, and the coop grew considerably. On Jan. 1, 1971, Anderson retired and named his longtime general manager the new CEO.<\/p>\n<p>Those demands, plus the time commitment of climbing expeditions, strained Whittaker\u2019s first marriage to Blanche Patterson, who he met when she worked at the Paradise Inn at Mount Rainier. The couple had three sons together \u2014\u00a0Carl, Scott and Bob (named for Kennedy) \u2014\u00a0but divorced in 1971.<\/p>\n<p>Whittaker married Dianne Roberts, an outdoors photographer working for Parks Canada, in 1974, and had two more sons, Joss and Leif. Roberts became part of his next ambition, leading the first US team to the top of K2, the world\u2019s second tallest peak but widely considered a much more difficult climb.<\/p>\n<p>Lou joined the 1975 expedition, which failed after five weeks due to a combination of bad weather, disagreements with porters, avalanche risk and poor team dynamics. Jim\u2019s brother did not come on the successful 1978 return attempt \u2014 while the twins stood atop Rainier dozens of times, they never shared a Himalayan summit.<\/p>\n<p>Although Whittaker grew REI into a $46 million enterprise with hundreds of thousands of members during his eight-year tenure as CEO, he became dissatisfied with the sedentary nature of an office job and retired in 1979.<\/p>\n<p>Whittaker embraced his retirement passion, sailing, and moved with Roberts and their young children to a 35-acre lot in Port Townsend in 1985. The retired outdoorsman suffered a financial blow when his business partner falsified invoices at Whittaker-O\u2019Malley, Inc., an outdoor equipment manufacturing company, forcing him to sell a portion of the blufftop property. He later recovered some of his losses when he became chairman of the board for Magellan Navigation.<\/p>\n<p>In 1996, Whittaker, Roberts and their two sons embarked on a four-year, 20,000-mile sailboat journey around the Pacific.<\/p>\n<p><strong>Golden years<\/strong><\/p>\n<p>Whittaker\u2019s final summit-oriented Himalayan expedition was a fitting coda to the nationalism inherent in his first climb. In 1990 he organized the International Peace Climb, which recruited mountaineers from rival superpowers China, the US and the USSR. Whittaker traveled to both countries in order to secure permission for Soviet climbers to enter Chinese-controlled Tibet. Senator Edward Kennedy, in a forward to Whittaker\u2019s autobiography, called him \u201cour first high-altitude diplomat.\u201d<\/p>\n<p>Whittaker eventually assembled a 30-person team that put a landmark 20 climbers on the summit \u2014 at the time the most successful Everest expedition ever.<\/p>\n<p>\u201cJim Whittaker\u2019s leadership was the glue that held our expedition together,\u201d <a href=\"https:\/\/www.seattletimes.com\/sports\/bainbridge-island-climber-on-top-of-the-world\/\" class=\"content-link\">Viesturs<\/a>, at the time a Seattle-based climber, wrote in 2006.<\/p>\n<p>By this point, Everest was already becoming loved to death. Whittaker and his teammates celebrated Earth Day by removing or burying some two tons of garbage from previous expeditions. That kind of ethic harkened to Whittaker\u2019s days in the Boy Scouts and also imbued the way he used his voice in the twilight of his career.<\/p>\n<p>Mountaineers CEO Tom Vogl recalls Whittaker attending a 2019 ceremony at Gas Works celebrating the <a href=\"https:\/\/www.seattletimes.com\/seattle-news\/environment\/massive-public-lands-bill-passes-congress-with-big-implications-for-washington-state\/#:~:text=Massive%20public%2Dlands%20bill%20passes%20Congress%20with%20big%20implications%20for%20Washington%20state,-Originally%20published%20February&amp;text=The%20House%20passed%20the%20bill,that%20will%20impact%20Washington%20state.\" class=\"content-link\">permanent reauthorization of the Land and Water Conservation Fund<\/a>. \u201cI always found it inspiring that Jim showed up to advocate for public land,\u201d he told The Seattle Times. \u201cHis accomplishments were a source of great pride for people who love mountains and love climbing.\u201d<\/p>\n<p>While Whittaker at first hesitated over the attention \u2014\u00a0\u201cI was given keys to the city,\u201d he wrote in his memoir. \u201cI kept thinking, \u2018Look, all we did was climb a mountain.&#8217;\u201d \u2014\u00a0he eventually settled more comfortably into a role that made him one of the great elder statesmen of American climbing.<\/p>\n<p>\u201cI have discovered that individual and communal learning takes place when we find ourselves at the edge of our comfort zone,\u201d Whittaker said. \u201cBeing out on the edge is where we learn and grow the most.\u201d<\/p>\n<p><em>This breaking news story will be updated.<\/em><\/p>\n<p><em>Comments on this story were turned off in accordance with Seattle Times policy.<\/em><\/p>\n<div class=\"extended-byline\">\n<div class=\"single-byline\">\n      <span class=\"name\">Gregory Scruggs<\/span>:       <span><a href=\"https:\/\/www.seattletimes.com\/life\/outdoors\/jim-whittaker-wa-mountaineer-who-was-first-american-to-summit-everest-dies-at-97\/mailto:gscruggs@seattletimes.com\">gscruggs@seattletimes.com<\/a><\/span>. <span>Gregory Scruggs is the outdoors reporter at The Seattle Times, where he writes about the intersection of recreation, land management and the outdoor industry in Washington.<\/span>   <\/div>\n<\/div><\/div>\n<p><a href=\"https:\/\/www.seattletimes.com\/life\/outdoors\/jim-whittaker-wa-mountaineer-who-was-first-american-to-summit-everest-dies-at-97\/\">Source link <\/a><br \/>\nSee more https:\/\/theglobaltrack.com\/<\/p>","protected":false},"excerpt":{"rendered":"<p>Jim Whittaker, a Seattle-born and -raised mountaineer who achieved legendary status when he became the first American to summit the world\u2019s tallest peak in 1963, died Tuesday in Port Townsend at the age of 97. Cascadia Daily News reported Whittaker\u2019s death in an obituary published Wednesday morning. Whittaker reached the top of Mount Everest on [&hellip;]<\/p>\n","protected":false},"author":1,"featured_media":101600,"comment_status":"","ping_status":"","sticky":false,"template":"","format":"standard","meta":{"googlesitekit_rrm_CAow2JLhCw:productID":"","_gspb_post_css":"","maa_idioma":"","maa_pais":"","footnotes":""},"categories":[1],"tags":[5310,4108,25886,10208,25885,14711,25884],"class_list":["post-101599","post","type-post","status-publish","format-standard","has-post-thumbnail","hentry","category-ubirata","tag-american","tag-dies","tag-everest","tag-jim","tag-mountaineer","tag-summit","tag-whittaker"],"blocksy_meta":[],"yoast_head":"<!-- This site is optimized with the Yoast SEO Premium plugin v27.6 (Yoast SEO v27.6) - https:\/\/yoast.com\/product\/yoast-seo-premium-wordpress\/ -->\n<title>Jim Whittaker, WA mountaineer who was first American to summit Everest, dies at 97 - Ubirat\u00e3 Online Not\u00edcias - A realidade ao seu alcance!<\/title>\n<meta name=\"description\" content=\"Jim Whittaker, a Seattle-born and -raised mountaineer who achieved legendary status when he became the first American to summit the world\u2019s tallest peak\" \/>\n<meta name=\"robots\" content=\"index, follow, max-snippet:-1, max-image-preview:large, max-video-preview:-1\" \/>\n<link rel=\"canonical\" href=\"https:\/\/ubirataonline.com.br\/en\/jim-whittaker-wa-mountaineer-who-was-first-american-to-summit-everest-dies-at-97\/\" \/>\n<meta property=\"og:locale\" content=\"en_US\" \/>\n<meta property=\"og:type\" content=\"article\" \/>\n<meta property=\"og:title\" content=\"Jim Whittaker, WA mountaineer who was first American to summit Everest, dies at 97\" \/>\n<meta property=\"og:description\" content=\"Jim Whittaker, a Seattle-born and -raised mountaineer who achieved legendary status when he became the first American to summit the world\u2019s tallest peak\" \/>\n<meta property=\"og:url\" content=\"https:\/\/ubirataonline.com.br\/en\/jim-whittaker-wa-mountaineer-who-was-first-american-to-summit-everest-dies-at-97\/\" \/>\n<meta property=\"og:site_name\" content=\"Ubirat\u00e3 Online Not\u00edcias - A realidade ao seu alcance!\" \/>\n<meta property=\"article:publisher\" content=\"https:\/\/www.facebook.com\/portalubirataonline\" \/>\n<meta property=\"article:author\" content=\"https:\/\/www.facebook.com\/portalubirataonline\" \/>\n<meta property=\"article:published_time\" content=\"2026-04-08T21:45:59+00:00\" \/>\n<meta property=\"og:image\" content=\"https:\/\/ubirataonline.com.br\/wp-content\/uploads\/2026\/05\/logo2026.webp\" \/>\n\t<meta property=\"og:image:width\" content=\"1531\" \/>\n\t<meta property=\"og:image:height\" content=\"418\" \/>\n\t<meta property=\"og:image:type\" content=\"image\/webp\" \/>\n<meta name=\"author\" content=\"REDA\u00c7\u00c3O: UBIRAT\u00c3 ONLINE - F\u00c1BIO AUGUSTO CELESTINO\" \/>\n<meta name=\"twitter:card\" content=\"summary_large_image\" \/>\n<meta name=\"twitter:creator\" content=\"@x.com\/ubirataonline\" \/>\n<meta name=\"twitter:site\" content=\"@ubirataonline\" \/>\n<meta name=\"twitter:label1\" content=\"Written by\" \/>\n\t<meta name=\"twitter:data1\" content=\"REDA\u00c7\u00c3O: UBIRAT\u00c3 ONLINE - F\u00c1BIO AUGUSTO CELESTINO\" \/>\n\t<meta name=\"twitter:label2\" content=\"Est. reading time\" \/>\n\t<meta name=\"twitter:data2\" content=\"10 minutes\" \/>\n<script type=\"application\/ld+json\" class=\"yoast-schema-graph\">{\"@context\":\"https:\\\/\\\/schema.org\",\"@graph\":[{\"@type\":\"NewsArticle\",\"@id\":\"https:\\\/\\\/ubirataonline.com.br\\\/jim-whittaker-wa-mountaineer-who-was-first-american-to-summit-everest-dies-at-97\\\/#article\",\"isPartOf\":{\"@id\":\"https:\\\/\\\/ubirataonline.com.br\\\/jim-whittaker-wa-mountaineer-who-was-first-american-to-summit-everest-dies-at-97\\\/\"},\"author\":{\"name\":\"REDA\u00c7\u00c3O: UBIRAT\u00c3 ONLINE - F\u00c1BIO AUGUSTO CELESTINO\",\"@id\":\"https:\\\/\\\/ubirataonline.com.br\\\/#\\\/schema\\\/person\\\/372f87bbd3fdd79b8556b84c98d0bc1c\"},\"headline\":\"Jim Whittaker, WA mountaineer who was first American to summit Everest, dies at 97\",\"datePublished\":\"2026-04-08T21:45:59+00:00\",\"mainEntityOfPage\":{\"@id\":\"https:\\\/\\\/ubirataonline.com.br\\\/jim-whittaker-wa-mountaineer-who-was-first-american-to-summit-everest-dies-at-97\\\/\"},\"wordCount\":2072,\"publisher\":{\"@id\":\"https:\\\/\\\/ubirataonline.com.br\\\/#organization\"},\"image\":{\"@id\":\"https:\\\/\\\/ubirataonline.com.br\\\/jim-whittaker-wa-mountaineer-who-was-first-american-to-summit-everest-dies-at-97\\\/#primaryimage\"},\"thumbnailUrl\":\"https:\\\/\\\/ubirataonline.com.br\\\/wp-content\\\/uploads\\\/2026\\\/04\\\/Jim-Whittaker-WA-mountaineer-who-was-first-American-to-summit.jpg\",\"keywords\":[\"American\",\"dies\",\"Everest\",\"Jim\",\"mountaineer\",\"summit\",\"Whittaker\"],\"articleSection\":[\"Ubirat\u00e3\"],\"inLanguage\":\"en-US\",\"copyrightYear\":\"2026\",\"copyrightHolder\":{\"@id\":\"https:\\\/\\\/ubirataonline.com.br\\\/en\\\/#organization\"}},{\"@type\":\"WebPage\",\"@id\":\"https:\\\/\\\/ubirataonline.com.br\\\/jim-whittaker-wa-mountaineer-who-was-first-american-to-summit-everest-dies-at-97\\\/\",\"url\":\"https:\\\/\\\/ubirataonline.com.br\\\/jim-whittaker-wa-mountaineer-who-was-first-american-to-summit-everest-dies-at-97\\\/\",\"name\":\"Jim Whittaker, WA mountaineer who was first American to summit Everest, dies at 97 - Ubirat\u00e3 Online Not\u00edcias - A realidade ao seu alcance!\",\"isPartOf\":{\"@id\":\"https:\\\/\\\/ubirataonline.com.br\\\/#website\"},\"primaryImageOfPage\":{\"@id\":\"https:\\\/\\\/ubirataonline.com.br\\\/jim-whittaker-wa-mountaineer-who-was-first-american-to-summit-everest-dies-at-97\\\/#primaryimage\"},\"image\":{\"@id\":\"https:\\\/\\\/ubirataonline.com.br\\\/jim-whittaker-wa-mountaineer-who-was-first-american-to-summit-everest-dies-at-97\\\/#primaryimage\"},\"thumbnailUrl\":\"https:\\\/\\\/ubirataonline.com.br\\\/wp-content\\\/uploads\\\/2026\\\/04\\\/Jim-Whittaker-WA-mountaineer-who-was-first-American-to-summit.jpg\",\"datePublished\":\"2026-04-08T21:45:59+00:00\",\"description\":\"Jim Whittaker, a Seattle-born and -raised mountaineer who achieved legendary status when he became the first American to summit the world\u2019s tallest peak\",\"breadcrumb\":{\"@id\":\"https:\\\/\\\/ubirataonline.com.br\\\/jim-whittaker-wa-mountaineer-who-was-first-american-to-summit-everest-dies-at-97\\\/#breadcrumb\"},\"inLanguage\":\"en-US\",\"potentialAction\":[{\"@type\":\"ReadAction\",\"target\":[\"https:\\\/\\\/ubirataonline.com.br\\\/jim-whittaker-wa-mountaineer-who-was-first-american-to-summit-everest-dies-at-97\\\/\"]}]},{\"@type\":\"ImageObject\",\"inLanguage\":\"en-US\",\"@id\":\"https:\\\/\\\/ubirataonline.com.br\\\/jim-whittaker-wa-mountaineer-who-was-first-american-to-summit-everest-dies-at-97\\\/#primaryimage\",\"url\":\"https:\\\/\\\/ubirataonline.com.br\\\/wp-content\\\/uploads\\\/2026\\\/04\\\/Jim-Whittaker-WA-mountaineer-who-was-first-American-to-summit.jpg\",\"contentUrl\":\"https:\\\/\\\/ubirataonline.com.br\\\/wp-content\\\/uploads\\\/2026\\\/04\\\/Jim-Whittaker-WA-mountaineer-who-was-first-American-to-summit.jpg\",\"width\":1200,\"height\":630,\"caption\":\"Jim Whittaker, WA mountaineer who was first American to summit Everest, dies at 97\"},{\"@type\":\"BreadcrumbList\",\"@id\":\"https:\\\/\\\/ubirataonline.com.br\\\/jim-whittaker-wa-mountaineer-who-was-first-american-to-summit-everest-dies-at-97\\\/#breadcrumb\",\"itemListElement\":[{\"@type\":\"ListItem\",\"position\":1,\"name\":\"In\u00edcio\",\"item\":\"https:\\\/\\\/ubirataonline.com.br\\\/\"},{\"@type\":\"ListItem\",\"position\":2,\"name\":\"Jim Whittaker, WA mountaineer who was first American to summit Everest, dies at 97\"}]},{\"@type\":\"WebSite\",\"@id\":\"https:\\\/\\\/ubirataonline.com.br\\\/#website\",\"url\":\"https:\\\/\\\/ubirataonline.com.br\\\/\",\"name\":\"Ubirat\u00e3 Online Not\u00edcias\",\"description\":\"Not\u00edcias de Ubirat\u00e3, regi\u00e3o, Brasil e mundo, com informa\u00e7\u00e3o atualizada e compromisso com o leitor.\",\"publisher\":{\"@id\":\"https:\\\/\\\/ubirataonline.com.br\\\/#organization\"},\"alternateName\":\"Ubirat\u00e3 Online\",\"potentialAction\":[{\"@type\":\"SearchAction\",\"target\":{\"@type\":\"EntryPoint\",\"urlTemplate\":\"https:\\\/\\\/ubirataonline.com.br\\\/?s={search_term_string}\"},\"query-input\":{\"@type\":\"PropertyValueSpecification\",\"valueRequired\":true,\"valueName\":\"search_term_string\"}}],\"inLanguage\":\"en-US\"},{\"@type\":[\"Organization\",\"Place\"],\"@id\":\"https:\\\/\\\/ubirataonline.com.br\\\/#organization\",\"name\":\"Ubirat\u00e3 Online Not\u00edcias\",\"alternateName\":\"Ubirat\u00e3 Online\",\"url\":\"https:\\\/\\\/ubirataonline.com.br\\\/\",\"logo\":{\"@id\":\"https:\\\/\\\/ubirataonline.com.br\\\/jim-whittaker-wa-mountaineer-who-was-first-american-to-summit-everest-dies-at-97\\\/#local-main-organization-logo\"},\"image\":{\"@id\":\"https:\\\/\\\/ubirataonline.com.br\\\/jim-whittaker-wa-mountaineer-who-was-first-american-to-summit-everest-dies-at-97\\\/#local-main-organization-logo\"},\"sameAs\":[\"https:\\\/\\\/www.facebook.com\\\/portalubirataonline\",\"https:\\\/\\\/x.com\\\/ubirataonline\",\"https:\\\/\\\/mastodon.social\\\/@ubirataonline\",\"https:\\\/\\\/www.facebook.com\\\/groups\\\/311144672285604\",\"https:\\\/\\\/www.facebook.com\\\/UBTAOnline\",\"https:\\\/\\\/www.instagram.com\\\/portalubirataonline\\\/\",\"https:\\\/\\\/twitter.com\\\/ubirataonline\"],\"description\":\"Somos um portal de not\u00edcias independente, criado em 5 de janeiro de 2009, com o objetivo de informar, conectar e valorizar a nossa comunidade de Ubirat\u00e3 e toda aregi\u00e3o. Com conte\u00fado atualizado, confi\u00e1vel e relevante, o Ubirat\u00e3 Online \u00e9 o seu espa\u00e7o para ficar por dentro dos principais acontecimentos locais, regionais, Brasil, Mundo e de interesse geral. Nosso compromisso \u00e9 com a verdade, a transpar\u00eancia e o respeito ao leitor.\",\"legalName\":\"UBIRATA ONLINE NOT\u00cdCIAS\",\"foundingDate\":\"2009-01-05\",\"numberOfEmployees\":{\"@type\":\"QuantitativeValue\",\"minValue\":\"1\",\"maxValue\":\"10\"},\"publishingPrinciples\":\"https:\\\/\\\/ubirataonline.com.br\\\/faq\\\/\",\"address\":{\"@id\":\"https:\\\/\\\/ubirataonline.com.br\\\/jim-whittaker-wa-mountaineer-who-was-first-american-to-summit-everest-dies-at-97\\\/#local-main-place-address\"},\"geo\":{\"@type\":\"GeoCoordinates\",\"latitude\":\"-24.5361401\",\"longitude\":\"-52.9921776\"},\"telephone\":[\"+5544998308235\"],\"contactPoint\":{\"@type\":\"ContactPoint\",\"email\":\"contato@ubirataonline.com.br\"},\"openingHoursSpecification\":{\"@type\":\"OpeningHoursSpecification\",\"dayOfWeek\":[\"Monday\",\"Tuesday\",\"Wednesday\",\"Thursday\",\"Friday\",\"Saturday\",\"Sunday\"],\"opens\":\"00:00\",\"closes\":\"23:59\"},\"email\":\"contato@ubirataonline.com.br\",\"vatID\":\"47.621.418\\\/0001-80\"},{\"@type\":\"Person\",\"@id\":\"https:\\\/\\\/ubirataonline.com.br\\\/#\\\/schema\\\/person\\\/372f87bbd3fdd79b8556b84c98d0bc1c\",\"name\":\"REDA\u00c7\u00c3O: UBIRAT\u00c3 ONLINE - F\u00c1BIO AUGUSTO CELESTINO\",\"pronouns\":\"Ele\",\"description\":\"Desde 2003 trabalhando com not\u00edcias.\",\"sameAs\":[\"http:\\\/\\\/ubirataoline.com.br\",\"https:\\\/\\\/www.facebook.com\\\/portalubirataonline\",\"https:\\\/\\\/www.instagram.com\\\/ubirataonline_oficial\",\"https:\\\/\\\/x.com\\\/x.com\\\/ubirataonline\"],\"honorificPrefix\":\"Mr.\",\"honorificSuffix\":\"MD\",\"birthDate\":\"1980-06-16\",\"gender\":\"masculino\",\"award\":[\"V\u00e1rios pr\u00eamios de melhor portal da cidade\"],\"jobTitle\":\"Diretor\",\"url\":\"https:\\\/\\\/ubirataonline.com.br\\\/en\\\/author\\\/ubirataonline\\\/\"},{\"@type\":\"PostalAddress\",\"@id\":\"https:\\\/\\\/ubirataonline.com.br\\\/jim-whittaker-wa-mountaineer-who-was-first-american-to-summit-everest-dies-at-97\\\/#local-main-place-address\",\"streetAddress\":\"Rua dos Coqueiros, 104 - Bairro Boa Vista, Rua dos Coqueiros, 104 Bairro Boa Vista\",\"addressLocality\":\"UBIRATA\",\"postalCode\":\"85440-000\",\"addressRegion\":\"PR\",\"addressCountry\":\"BR\"},{\"@type\":\"ImageObject\",\"inLanguage\":\"en-US\",\"@id\":\"https:\\\/\\\/ubirataonline.com.br\\\/jim-whittaker-wa-mountaineer-who-was-first-american-to-summit-everest-dies-at-97\\\/#local-main-organization-logo\",\"url\":\"https:\\\/\\\/ubirataonline.com.br\\\/wp-content\\\/uploads\\\/2026\\\/06\\\/logoubirataonline-1.webp\",\"contentUrl\":\"https:\\\/\\\/ubirataonline.com.br\\\/wp-content\\\/uploads\\\/2026\\\/06\\\/logoubirataonline-1.webp\",\"width\":500,\"height\":500,\"caption\":\"Ubirat\u00e3 Online Not\u00edcias\"}]}<\/script>\n<meta name=\"geo.placename\" content=\"UBIRATA\" \/>\n<meta name=\"geo.position\" content=\"-24.5361401;-52.9921776\" \/>\n<meta name=\"geo.region\" content=\"Brazil\" \/>\n<!-- \/ Yoast SEO Premium plugin. -->","yoast_head_json":{"title":"Jim Whittaker, WA mountaineer who was first American to summit Everest, dies at 97 - Ubirat\u00e3 Online Not\u00edcias - A realidade ao seu alcance!","description":"Jim Whittaker, a Seattle-born and -raised mountaineer who achieved legendary status when he became the first American to summit the world\u2019s tallest peak","robots":{"index":"index","follow":"follow","max-snippet":"max-snippet:-1","max-image-preview":"max-image-preview:large","max-video-preview":"max-video-preview:-1"},"canonical":"https:\/\/ubirataonline.com.br\/en\/jim-whittaker-wa-mountaineer-who-was-first-american-to-summit-everest-dies-at-97\/","og_locale":"en_US","og_type":"article","og_title":"Jim Whittaker, WA mountaineer who was first American to summit Everest, dies at 97","og_description":"Jim Whittaker, a Seattle-born and -raised mountaineer who achieved legendary status when he became the first American to summit the world\u2019s tallest peak","og_url":"https:\/\/ubirataonline.com.br\/en\/jim-whittaker-wa-mountaineer-who-was-first-american-to-summit-everest-dies-at-97\/","og_site_name":"Ubirat\u00e3 Online Not\u00edcias - A realidade ao seu alcance!","article_publisher":"https:\/\/www.facebook.com\/portalubirataonline","article_author":"https:\/\/www.facebook.com\/portalubirataonline","article_published_time":"2026-04-08T21:45:59+00:00","og_image":[{"width":1531,"height":418,"url":"https:\/\/ubirataonline.com.br\/wp-content\/uploads\/2026\/05\/logo2026.webp","type":"image\/webp"}],"author":"REDA\u00c7\u00c3O: UBIRAT\u00c3 ONLINE - F\u00c1BIO AUGUSTO CELESTINO","twitter_card":"summary_large_image","twitter_creator":"@x.com\/ubirataonline","twitter_site":"@ubirataonline","twitter_misc":{"Written by":"REDA\u00c7\u00c3O: UBIRAT\u00c3 ONLINE - F\u00c1BIO AUGUSTO CELESTINO","Est. reading time":"10 minutes"},"schema":{"@context":"https:\/\/schema.org","@graph":[{"@type":"NewsArticle","@id":"https:\/\/ubirataonline.com.br\/jim-whittaker-wa-mountaineer-who-was-first-american-to-summit-everest-dies-at-97\/#article","isPartOf":{"@id":"https:\/\/ubirataonline.com.br\/jim-whittaker-wa-mountaineer-who-was-first-american-to-summit-everest-dies-at-97\/"},"author":{"name":"REDA\u00c7\u00c3O: UBIRAT\u00c3 ONLINE - F\u00c1BIO AUGUSTO CELESTINO","@id":"https:\/\/ubirataonline.com.br\/#\/schema\/person\/372f87bbd3fdd79b8556b84c98d0bc1c"},"headline":"Jim Whittaker, WA mountaineer who was first American to summit Everest, dies at 97","datePublished":"2026-04-08T21:45:59+00:00","mainEntityOfPage":{"@id":"https:\/\/ubirataonline.com.br\/jim-whittaker-wa-mountaineer-who-was-first-american-to-summit-everest-dies-at-97\/"},"wordCount":2072,"publisher":{"@id":"https:\/\/ubirataonline.com.br\/#organization"},"image":{"@id":"https:\/\/ubirataonline.com.br\/jim-whittaker-wa-mountaineer-who-was-first-american-to-summit-everest-dies-at-97\/#primaryimage"},"thumbnailUrl":"https:\/\/ubirataonline.com.br\/wp-content\/uploads\/2026\/04\/Jim-Whittaker-WA-mountaineer-who-was-first-American-to-summit.jpg","keywords":["American","dies","Everest","Jim","mountaineer","summit","Whittaker"],"articleSection":["Ubirat\u00e3"],"inLanguage":"en-US","copyrightYear":"2026","copyrightHolder":{"@id":"https:\/\/ubirataonline.com.br\/en\/#organization"}},{"@type":"WebPage","@id":"https:\/\/ubirataonline.com.br\/jim-whittaker-wa-mountaineer-who-was-first-american-to-summit-everest-dies-at-97\/","url":"https:\/\/ubirataonline.com.br\/jim-whittaker-wa-mountaineer-who-was-first-american-to-summit-everest-dies-at-97\/","name":"Jim Whittaker, WA mountaineer who was first American to summit Everest, dies at 97 - Ubirat\u00e3 Online Not\u00edcias - A realidade ao seu alcance!","isPartOf":{"@id":"https:\/\/ubirataonline.com.br\/#website"},"primaryImageOfPage":{"@id":"https:\/\/ubirataonline.com.br\/jim-whittaker-wa-mountaineer-who-was-first-american-to-summit-everest-dies-at-97\/#primaryimage"},"image":{"@id":"https:\/\/ubirataonline.com.br\/jim-whittaker-wa-mountaineer-who-was-first-american-to-summit-everest-dies-at-97\/#primaryimage"},"thumbnailUrl":"https:\/\/ubirataonline.com.br\/wp-content\/uploads\/2026\/04\/Jim-Whittaker-WA-mountaineer-who-was-first-American-to-summit.jpg","datePublished":"2026-04-08T21:45:59+00:00","description":"Jim Whittaker, a Seattle-born and -raised mountaineer who achieved legendary status when he became the first American to summit the world\u2019s tallest peak","breadcrumb":{"@id":"https:\/\/ubirataonline.com.br\/jim-whittaker-wa-mountaineer-who-was-first-american-to-summit-everest-dies-at-97\/#breadcrumb"},"inLanguage":"en-US","potentialAction":[{"@type":"ReadAction","target":["https:\/\/ubirataonline.com.br\/jim-whittaker-wa-mountaineer-who-was-first-american-to-summit-everest-dies-at-97\/"]}]},{"@type":"ImageObject","inLanguage":"en-US","@id":"https:\/\/ubirataonline.com.br\/jim-whittaker-wa-mountaineer-who-was-first-american-to-summit-everest-dies-at-97\/#primaryimage","url":"https:\/\/ubirataonline.com.br\/wp-content\/uploads\/2026\/04\/Jim-Whittaker-WA-mountaineer-who-was-first-American-to-summit.jpg","contentUrl":"https:\/\/ubirataonline.com.br\/wp-content\/uploads\/2026\/04\/Jim-Whittaker-WA-mountaineer-who-was-first-American-to-summit.jpg","width":1200,"height":630,"caption":"Jim Whittaker, WA mountaineer who was first American to summit Everest, dies at 97"},{"@type":"BreadcrumbList","@id":"https:\/\/ubirataonline.com.br\/jim-whittaker-wa-mountaineer-who-was-first-american-to-summit-everest-dies-at-97\/#breadcrumb","itemListElement":[{"@type":"ListItem","position":1,"name":"In\u00edcio","item":"https:\/\/ubirataonline.com.br\/"},{"@type":"ListItem","position":2,"name":"Jim Whittaker, WA mountaineer who was first American to summit Everest, dies at 97"}]},{"@type":"WebSite","@id":"https:\/\/ubirataonline.com.br\/#website","url":"https:\/\/ubirataonline.com.br\/","name":"Ubirat\u00e3 Online Not\u00edcias","description":"Not\u00edcias de Ubirat\u00e3, regi\u00e3o, Brasil e mundo, com informa\u00e7\u00e3o atualizada e compromisso com o leitor.","publisher":{"@id":"https:\/\/ubirataonline.com.br\/#organization"},"alternateName":"Ubirat\u00e3 Online","potentialAction":[{"@type":"SearchAction","target":{"@type":"EntryPoint","urlTemplate":"https:\/\/ubirataonline.com.br\/?s={search_term_string}"},"query-input":{"@type":"PropertyValueSpecification","valueRequired":true,"valueName":"search_term_string"}}],"inLanguage":"en-US"},{"@type":["Organization","Place"],"@id":"https:\/\/ubirataonline.com.br\/#organization","name":"Ubirat\u00e3 Online Not\u00edcias","alternateName":"Ubirat\u00e3 Online","url":"https:\/\/ubirataonline.com.br\/","logo":{"@id":"https:\/\/ubirataonline.com.br\/jim-whittaker-wa-mountaineer-who-was-first-american-to-summit-everest-dies-at-97\/#local-main-organization-logo"},"image":{"@id":"https:\/\/ubirataonline.com.br\/jim-whittaker-wa-mountaineer-who-was-first-american-to-summit-everest-dies-at-97\/#local-main-organization-logo"},"sameAs":["https:\/\/www.facebook.com\/portalubirataonline","https:\/\/x.com\/ubirataonline","https:\/\/mastodon.social\/@ubirataonline","https:\/\/www.facebook.com\/groups\/311144672285604","https:\/\/www.facebook.com\/UBTAOnline","https:\/\/www.instagram.com\/portalubirataonline\/","https:\/\/twitter.com\/ubirataonline"],"description":"Somos um portal de not\u00edcias independente, criado em 5 de janeiro de 2009, com o objetivo de informar, conectar e valorizar a nossa comunidade de Ubirat\u00e3 e toda aregi\u00e3o. Com conte\u00fado atualizado, confi\u00e1vel e relevante, o Ubirat\u00e3 Online \u00e9 o seu espa\u00e7o para ficar por dentro dos principais acontecimentos locais, regionais, Brasil, Mundo e de interesse geral. Nosso compromisso \u00e9 com a verdade, a transpar\u00eancia e o respeito ao leitor.","legalName":"UBIRATA ONLINE NOT\u00cdCIAS","foundingDate":"2009-01-05","numberOfEmployees":{"@type":"QuantitativeValue","minValue":"1","maxValue":"10"},"publishingPrinciples":"https:\/\/ubirataonline.com.br\/faq\/","address":{"@id":"https:\/\/ubirataonline.com.br\/jim-whittaker-wa-mountaineer-who-was-first-american-to-summit-everest-dies-at-97\/#local-main-place-address"},"geo":{"@type":"GeoCoordinates","latitude":"-24.5361401","longitude":"-52.9921776"},"telephone":["+5544998308235"],"contactPoint":{"@type":"ContactPoint","email":"contato@ubirataonline.com.br"},"openingHoursSpecification":{"@type":"OpeningHoursSpecification","dayOfWeek":["Monday","Tuesday","Wednesday","Thursday","Friday","Saturday","Sunday"],"opens":"00:00","closes":"23:59"},"email":"contato@ubirataonline.com.br","vatID":"47.621.418\/0001-80"},{"@type":"Person","@id":"https:\/\/ubirataonline.com.br\/#\/schema\/person\/372f87bbd3fdd79b8556b84c98d0bc1c","name":"REDA\u00c7\u00c3O: UBIRAT\u00c3 ONLINE - F\u00c1BIO AUGUSTO CELESTINO","pronouns":"Ele","description":"Desde 2003 trabalhando com not\u00edcias.","sameAs":["http:\/\/ubirataoline.com.br","https:\/\/www.facebook.com\/portalubirataonline","https:\/\/www.instagram.com\/ubirataonline_oficial","https:\/\/x.com\/x.com\/ubirataonline"],"honorificPrefix":"Mr.","honorificSuffix":"MD","birthDate":"1980-06-16","gender":"masculino","award":["V\u00e1rios pr\u00eamios de melhor portal da cidade"],"jobTitle":"Diretor","url":"https:\/\/ubirataonline.com.br\/en\/author\/ubirataonline\/"},{"@type":"PostalAddress","@id":"https:\/\/ubirataonline.com.br\/jim-whittaker-wa-mountaineer-who-was-first-american-to-summit-everest-dies-at-97\/#local-main-place-address","streetAddress":"Rua dos Coqueiros, 104 - Bairro Boa Vista, Rua dos Coqueiros, 104 Bairro Boa Vista","addressLocality":"UBIRATA","postalCode":"85440-000","addressRegion":"PR","addressCountry":"BR"},{"@type":"ImageObject","inLanguage":"en-US","@id":"https:\/\/ubirataonline.com.br\/jim-whittaker-wa-mountaineer-who-was-first-american-to-summit-everest-dies-at-97\/#local-main-organization-logo","url":"https:\/\/ubirataonline.com.br\/wp-content\/uploads\/2026\/06\/logoubirataonline-1.webp","contentUrl":"https:\/\/ubirataonline.com.br\/wp-content\/uploads\/2026\/06\/logoubirataonline-1.webp","width":500,"height":500,"caption":"Ubirat\u00e3 Online Not\u00edcias"}]},"geo.placename":"UBIRATA","geo.position":{"lat":"-24.5361401","long":"-52.9921776"},"geo.region":"Brazil"},"_links":{"self":[{"href":"https:\/\/ubirataonline.com.br\/en\/wp-json\/wp\/v2\/posts\/101599","targetHints":{"allow":["GET"]}}],"collection":[{"href":"https:\/\/ubirataonline.com.br\/en\/wp-json\/wp\/v2\/posts"}],"about":[{"href":"https:\/\/ubirataonline.com.br\/en\/wp-json\/wp\/v2\/types\/post"}],"author":[{"embeddable":true,"href":"https:\/\/ubirataonline.com.br\/en\/wp-json\/wp\/v2\/users\/1"}],"replies":[{"embeddable":true,"href":"https:\/\/ubirataonline.com.br\/en\/wp-json\/wp\/v2\/comments?post=101599"}],"version-history":[{"count":0,"href":"https:\/\/ubirataonline.com.br\/en\/wp-json\/wp\/v2\/posts\/101599\/revisions"}],"wp:featuredmedia":[{"embeddable":true,"href":"https:\/\/ubirataonline.com.br\/en\/wp-json\/wp\/v2\/media\/101600"}],"wp:attachment":[{"href":"https:\/\/ubirataonline.com.br\/en\/wp-json\/wp\/v2\/media?parent=101599"}],"wp:term":[{"taxonomy":"category","embeddable":true,"href":"https:\/\/ubirataonline.com.br\/en\/wp-json\/wp\/v2\/categories?post=101599"},{"taxonomy":"post_tag","embeddable":true,"href":"https:\/\/ubirataonline.com.br\/en\/wp-json\/wp\/v2\/tags?post=101599"}],"curies":[{"name":"wp","href":"https:\/\/api.w.org\/{rel}","templated":true}]}}