{"id":102007,"date":"2026-04-09T07:03:40","date_gmt":"2026-04-09T10:03:40","guid":{"rendered":"https:\/\/ubirataonline.com.br\/viktor-orban-trump-could-soon-lose-his-best-friend-in-europe\/"},"modified":"2026-04-09T07:03:43","modified_gmt":"2026-04-09T10:03:43","slug":"viktor-orban-trump-could-soon-lose-his-best-friend-in-europe","status":"publish","type":"post","link":"https:\/\/ubirataonline.com.br\/en\/viktor-orban-trump-could-soon-lose-his-best-friend-in-europe\/","title":{"rendered":"Viktor Orb\u00e1n: Trump could soon lose his best friend in Europe"},"content":{"rendered":"<p><br \/>\n<\/p>\n<div data-editable=\"content\" itemprop=\"articleBody\" data-reorderable=\"content\">\n<p>\n<cite class=\"source__cite vossi-source__cite\"><br \/>\n      <span class=\"source__location vossi-source__location\" data-editable=\"location\">Budapest, Hungary<wbr\/><\/span><span class=\"source__separator\">\u00a0\u2014\u00a0<\/span><br \/>\n    <\/cite><\/p>\n<p class=\"paragraph-elevate inline-placeholder vossi-paragraph_elevate\" data-uri=\"cms.cnn.com\/_components\/paragraph\/instances\/cmnpy826l00053b6q6rpm856j@published\" data-editable=\"text\" data-component-name=\"paragraph\" data-article-gutter=\"true\">\n            When Vice President JD Vance held his phone to the mic, it seemed for a moment as though his boss <a href=\"https:\/\/cnn.com\/2026\/04\/07\/politics\/video\/vance-calls-trump-hungary-stage-digvid-vrtc\">might not pick up<\/a>. But at the second attempt, and after a few rings, he got through to Donald Trump. In the president\u2019s defense, he had plenty on his mind, having threatened hours earlier to destroy <a href=\"https:\/\/cnn.com\/2026\/04\/07\/politics\/infrastructure-iran-trump-truth-social-legal-analysis\">\u201ca whole civilization\u201d<\/a> in Iran.\n    <\/p>\n<p class=\"paragraph-elevate inline-placeholder vossi-paragraph_elevate\" data-uri=\"cms.cnn.com\/_components\/paragraph\/instances\/cmnq3cntm00053b6qqdiifhzj@published\" data-editable=\"text\" data-component-name=\"paragraph\" data-article-gutter=\"true\">\n            That crisis felt a world away from the MTK Sportpark in <a href=\"https:\/\/cnn.com\/2026\/04\/07\/politics\/hungary-orban-vance-budapest-iran\">Budapest<\/a>, where a few thousand Hungarians had gathered to celebrate \u201cThe Day of Hungarian-American Friendship.\u201d\n    <\/p>\n<p class=\"paragraph-elevate inline-placeholder vossi-paragraph_elevate\" data-uri=\"cms.cnn.com\/_components\/paragraph\/instances\/cmnq3cntm00063b6qzelqr7iz@published\" data-editable=\"text\" data-component-name=\"paragraph\" data-article-gutter=\"true\">\n            Billed as the celebration of friendship between the two nations, the day was really about friendship between Trump and Victor Orb\u00e1n, Hungary\u2019s populist prime minister \u2013 a darling of the MAGA movement who is trailing in the polls ahead of parliamentary elections this weekend.\n    <\/p>\n<p class=\"paragraph-elevate inline-placeholder vossi-paragraph_elevate\" data-uri=\"cms.cnn.com\/_components\/paragraph\/instances\/cmnq3cntm00073b6qpk8x07i4@published\" data-editable=\"text\" data-component-name=\"paragraph\" data-article-gutter=\"true\">\n            \u201cI\u2019m a big fan of Viktor. I\u2019m with him all the way. The United States is with him all the way,\u201d Trump told the crowd. Vance said he was in Budapest to help Orb\u00e1n \u201cas much as I possibly can.\u201d In a visit to Budapest in February, Secretary of State Marco Rubio stressed that \u201cHungary\u2019s success is our success.\u201d\n    <\/p>\n<div data-uri=\"cms.cnn.com\/_components\/image\/instances\/cmnq0gjlw00013b6q6w6gcnkj@published\" class=\"image_large-elevate vossi-image_large-elevate  image_large__hide-placeholder\" data-image-variation=\"image_large\" data-name=\"02_2026-04-07T154616Z_512476157_RC2FKKAMBDAX_RTRMADP_3_HUNGARY-USA-VANCE.JPG\" data-component-name=\"image\" data-observe-resizes=\"\" data-breakpoints=\"{\" image_large--eq-extra-small=\"\" data-original-ratio=\"0.6666666666666666\" data-original-height=\"2000\" data-original-width=\"3000\" data-url=\"https:\/\/media.cnn.com\/api\/v1\/images\/stellar\/prod\/02-2026-04-07t154616z-512476157-rc2fkkambdax-rtrmadp-3-hungary-usa-vance.JPG?c=original\" data-editable=\"settings\" data-article-gutter=\"true\">\n<div class=\"image_large__container\" data-image-variation=\"image_large\" data-breakpoints=\"{\" image_large--eq-extra-small=\"\">\n       <picture class=\"image_large__picture\"><source height=\"undefined\" width=\"679\" media=\"(max-width: 479px)\" srcset=\"https:\/\/media.cnn.com\/api\/v1\/images\/stellar\/prod\/02-2026-04-07t154616z-512476157-rc2fkkambdax-rtrmadp-3-hungary-usa-vance.JPG?c=original&amp;q=w_679,c_fill\/f_webp\" type=\"image\/webp\"><source height=\"undefined\" width=\"967\" media=\"(min-width: 480px) and (max-width: 767px)\" srcset=\"https:\/\/media.cnn.com\/api\/v1\/images\/stellar\/prod\/02-2026-04-07t154616z-512476157-rc2fkkambdax-rtrmadp-3-hungary-usa-vance.JPG?c=original&amp;q=w_967,c_fill\/f_webp\" type=\"image\/webp\"><source height=\"undefined\" width=\"860\" media=\"(min-width: 768px) and (max-width: 1023px)\" srcset=\"https:\/\/media.cnn.com\/api\/v1\/images\/stellar\/prod\/02-2026-04-07t154616z-512476157-rc2fkkambdax-rtrmadp-3-hungary-usa-vance.JPG?c=original&amp;q=w_860,c_fill\/f_webp\" type=\"image\/webp\"><source height=\"undefined\" width=\"860\" media=\"(min-width: 1024px) and (max-width: 1279px)\" srcset=\"https:\/\/media.cnn.com\/api\/v1\/images\/stellar\/prod\/02-2026-04-07t154616z-512476157-rc2fkkambdax-rtrmadp-3-hungary-usa-vance.JPG?c=original&amp;q=w_860,c_fill\/f_webp\" type=\"image\/webp\"><source height=\"undefined\" width=\"860\" media=\"(min-width: 1280px)\" srcset=\"https:\/\/media.cnn.com\/api\/v1\/images\/stellar\/prod\/02-2026-04-07t154616z-512476157-rc2fkkambdax-rtrmadp-3-hungary-usa-vance.JPG?c=original&amp;q=w_860,c_fill\/f_webp\" type=\"image\/webp\"><\/source><\/source><\/source><\/source><\/source><\/picture>\n    <\/div>\n<\/div>\n<p class=\"paragraph-elevate inline-placeholder vossi-paragraph_elevate\" data-uri=\"cms.cnn.com\/_components\/paragraph\/instances\/cmnqd40nd00003b6q6temw7ku@published\" data-editable=\"text\" data-component-name=\"paragraph\" data-article-gutter=\"true\">\n            At first glance, it is not clear why the \u201csuccess\u201d of Orb\u00e1n\u2019s Hungary \u2013 considered the<a href=\"https:\/\/www.transparency.org\/en\/cpi\/2021\" target=\"_blank\"> most corrupt<\/a>, the<a href=\"https:\/\/freedomhouse.org\/country\/hungary\" target=\"_blank\"> least free<\/a>, and among the poorer countries in the European Union \u2013 should have any bearing on the \u201csuccess\u201d of the United States.\n    <\/p>\n<p class=\"paragraph-elevate inline-placeholder vossi-paragraph_elevate\" data-uri=\"cms.cnn.com\/_components\/paragraph\/instances\/cmnqd43ey00023b6qcf0xlv4o@published\" data-editable=\"text\" data-component-name=\"paragraph\" data-article-gutter=\"true\">\n            But to Ivan Krastev, a Bulgarian political scientist who has known Orb\u00e1n since the 1990s, the situation is not so strange. Over his 16 years in office, Orb\u00e1n has fashioned Hungary into the \u201cintellectual, institutional, and financial hub\u201d of the European right, Krastev said. The Trump administration views Orb\u00e1n and the ideological infrastructure he has built as central to its <a href=\"https:\/\/cnn.com\/2025\/12\/05\/politics\/trump-national-security-strategy\">push<\/a> for a more \u201clike-minded\u201d Europe \u2013 that is, anti-woke, anti-green, anti-immigrant.\n    <\/p>\n<p class=\"paragraph-elevate inline-placeholder vossi-paragraph_elevate\" data-uri=\"cms.cnn.com\/_components\/paragraph\/instances\/cmnqd43ey00033b6qm2x7y6d2@published\" data-editable=\"text\" data-component-name=\"paragraph\" data-article-gutter=\"true\">\n            \u201cThis American administration believes that there is a Trumpian revolution, and that this Trumpian revolution is coming to Europe, and that Europe is just one electoral cycle behind the United States,\u201d Krastev, chair of the Centre for Liberal Strategies in Sofia, Bulgaria, told CNN.\n    <\/p>\n<p class=\"paragraph-elevate inline-placeholder vossi-paragraph_elevate\" data-uri=\"cms.cnn.com\/_components\/paragraph\/instances\/cmnqd43ey00043b6qlj90ebbb@published\" data-editable=\"text\" data-component-name=\"paragraph\" data-article-gutter=\"true\">\n            Sunday\u2019s election will test that belief. The opposition Tisza party, led by P\u00e9ter Magyar, has held a double-digit lead over Orban\u2019s Fidesz party in most polls for more than a year. Magyar, an Orban <a href=\"https:\/\/cnn.com\/2024\/02\/17\/europe\/hungary-child-abuse-scandal-orban-family-values-europe-intl\">loyalist-turned-nemesis<\/a>, has stayed clear of the prime minister\u2019s favored terrain of foreign policy and focused instead on kitchen-table issues like corruption, health care and people\u2019s wallets.\n    <\/p>\n<p class=\"paragraph-elevate inline-placeholder vossi-paragraph_elevate\" data-uri=\"cms.cnn.com\/_components\/paragraph\/instances\/cmnqd43ey00053b6qzpvf5vsu@published\" data-editable=\"text\" data-component-name=\"paragraph\" data-article-gutter=\"true\">\n            For Hungarians, the election may offer a chance to see what a future without Orb\u00e1n might look like. But its effects could be felt much farther away. \u201cIf Orb\u00e1n loses \u2013 the man who is the symbol of the strength of the far right \u2013 this is going to have an incredible psychological impact,\u201d said Krastev.\n    <\/p>\n<div data-uri=\"cms.cnn.com\/_components\/image\/instances\/cmnq0hl3g00033b6q6dp0oqa1@published\" class=\"image_large-elevate vossi-image_large-elevate  image_large__hide-placeholder\" data-image-variation=\"image_large\" data-name=\"03_GettyImages-2266421986.JPG\" data-component-name=\"image\" data-observe-resizes=\"\" data-breakpoints=\"{\" image_large--eq-extra-small=\"\" data-original-ratio=\"0.6666666666666666\" data-original-height=\"2000\" data-original-width=\"3000\" data-url=\"https:\/\/media.cnn.com\/api\/v1\/images\/stellar\/prod\/03-gettyimages-2266421986.JPG?c=original\" data-editable=\"settings\" data-article-gutter=\"true\">\n<div class=\"image_large__container\" data-image-variation=\"image_large\" data-breakpoints=\"{\" image_large--eq-extra-small=\"\">\n       <picture class=\"image_large__picture\"><source height=\"undefined\" width=\"679\" media=\"(max-width: 479px)\" srcset=\"https:\/\/media.cnn.com\/api\/v1\/images\/stellar\/prod\/03-gettyimages-2266421986.JPG?c=original&amp;q=w_679,c_fill\/f_webp\" type=\"image\/webp\"><source height=\"undefined\" width=\"967\" media=\"(min-width: 480px) and (max-width: 767px)\" srcset=\"https:\/\/media.cnn.com\/api\/v1\/images\/stellar\/prod\/03-gettyimages-2266421986.JPG?c=original&amp;q=w_967,c_fill\/f_webp\" type=\"image\/webp\"><source height=\"undefined\" width=\"860\" media=\"(min-width: 768px) and (max-width: 1023px)\" srcset=\"https:\/\/media.cnn.com\/api\/v1\/images\/stellar\/prod\/03-gettyimages-2266421986.JPG?c=original&amp;q=w_860,c_fill\/f_webp\" type=\"image\/webp\"><source height=\"undefined\" width=\"860\" media=\"(min-width: 1024px) and (max-width: 1279px)\" srcset=\"https:\/\/media.cnn.com\/api\/v1\/images\/stellar\/prod\/03-gettyimages-2266421986.JPG?c=original&amp;q=w_860,c_fill\/f_webp\" type=\"image\/webp\"><source height=\"undefined\" width=\"860\" media=\"(min-width: 1280px)\" srcset=\"https:\/\/media.cnn.com\/api\/v1\/images\/stellar\/prod\/03-gettyimages-2266421986.JPG?c=original&amp;q=w_860,c_fill\/f_webp\" type=\"image\/webp\"><img decoding=\"async\" src=\"https:\/\/media.cnn.com\/api\/v1\/images\/stellar\/prod\/03-gettyimages-2266421986.JPG?c=original&amp;q=w_860,c_fill\" alt=\"Supporters of P\u00e9ter Magyar's Tisza party hold a rally in Budapest last month ahead of Sunday's vote.\" class=\"image_large__dam-img image_large__dam-img--loading\" onload=\"this.classList.remove('image_large__dam-img--loading')\" onerror=\"imageLoadError(this)\" height=\"2000\" width=\"3000\" loading=\"lazy\"\/><\/source><\/source><\/source><\/source><\/source><\/picture>\n    <\/div>\n<\/div>\n<p class=\"paragraph-elevate inline-placeholder vossi-paragraph_elevate\" data-uri=\"cms.cnn.com\/_components\/paragraph\/instances\/cmnpybl0g000l3b6qj0n9iiez@published\" data-editable=\"text\" data-component-name=\"paragraph\" data-article-gutter=\"true\">\n            Political scientists have had a hard time defining the \u201cmodel\u201d Orb\u00e1n has built. Some call it a \u201chybrid regime\u201d \u2013 not an autocracy, but not fully democratic, either. Some go for \u201ccompetitive authoritarianism,\u201d because the government, though somewhat authoritarian, still faces competitive elections. Or, to use Orb\u00e1n\u2019s own phrase, Hungary is an \u201cilliberal democracy\u201d \u2013 a system where everyone gets a vote, but where there is less tolerance of opposing views.\n    <\/p>\n<p class=\"paragraph-elevate inline-placeholder vossi-paragraph_elevate\" data-uri=\"cms.cnn.com\/_components\/paragraph\/instances\/cmnqd4slo000f3b6qewx6vlqr@published\" data-editable=\"text\" data-component-name=\"paragraph\" data-article-gutter=\"true\">\n            P\u00e9ter Krek\u00f3, a political scientist who runs a think-tank in Budapest, prefers \u201cinformational autocracy.\u201d Unlike the autocracies of the 20th century, there is next to no threat of physical violence in Orb\u00e1n\u2019s Hungary, he said. Instead, damage is done in the world of words and ideas.\n    <\/p>\n<p class=\"paragraph-elevate inline-placeholder vossi-paragraph_elevate\" data-uri=\"cms.cnn.com\/_components\/paragraph\/instances\/cmnqd4slo000g3b6qj1522767@published\" data-editable=\"text\" data-component-name=\"paragraph\" data-article-gutter=\"true\">\n            \u201cIf you criticize the system, they don\u2019t want to immediately censor, suppress and silence you,\u201d Krek\u00f3 told CNN. \u201cIt\u2019s much more smear campaigns, disinformation campaigns against you. Character assassination.\u201d\n    <\/p>\n<p class=\"paragraph-elevate inline-placeholder vossi-paragraph_elevate\" data-uri=\"cms.cnn.com\/_components\/paragraph\/instances\/cmnqd4slo000h3b6qgybsx8wd@published\" data-editable=\"text\" data-component-name=\"paragraph\" data-article-gutter=\"true\">\n            For the system to work, it needs a steady supply of enemies, said Istv\u00e1n Heged\u0171s, who served alongside Orb\u00e1n in Hungary\u2019s first freely elected parliament in 1990. Although Orb\u00e1n has come a long way since his younger days as a liberal anti-communist, \u201chis way of thinking was always black and white, friends and enemies, us and them \u2013 as it is now,\u201d Heged\u0171s told CNN.\n    <\/p>\n<p class=\"paragraph-elevate inline-placeholder vossi-paragraph_elevate\" data-uri=\"cms.cnn.com\/_components\/paragraph\/instances\/cmnqd4slo000i3b6qamp54bbe@published\" data-editable=\"text\" data-component-name=\"paragraph\" data-article-gutter=\"true\">\n            Over 16 years, Orb\u00e1nism has found enough enemies to sustain itself. \u201cThe system started to behave in a much rougher, more brutal way with its campaigns against NGOs,\u201d Heged\u0171s said. Then came the \u201ccampaign against liberal philosophers, then free media, journalists,\u201d and the Central European University (CEU).\n    <\/p>\n<div data-uri=\"cms.cnn.com\/_components\/image\/instances\/cmnq1dtnz000b3b6qd3svonbr@published\" class=\"image_large-elevate vossi-image_large-elevate  image_large__hide-placeholder\" data-image-variation=\"image_large\" data-name=\"04_2026-04-07T152701Z_201724219_RC2FKKAPK6BR_RTRMADP_3_HUNGARY-USA-VANCE.JPG\" data-component-name=\"image\" data-observe-resizes=\"\" data-breakpoints=\"{\" image_large--eq-extra-small=\"\" data-original-ratio=\"0.6666666666666666\" data-original-height=\"2000\" data-original-width=\"3000\" data-url=\"https:\/\/media.cnn.com\/api\/v1\/images\/stellar\/prod\/04-2026-04-07t152701z-201724219-rc2fkkapk6br-rtrmadp-3-hungary-usa-vance.JPG?c=original\" data-editable=\"settings\" data-article-gutter=\"true\">\n<div class=\"image_large__container\" data-image-variation=\"image_large\" data-breakpoints=\"{\" image_large--eq-extra-small=\"\">\n       <picture class=\"image_large__picture\"><source height=\"undefined\" width=\"679\" media=\"(max-width: 479px)\" srcset=\"https:\/\/media.cnn.com\/api\/v1\/images\/stellar\/prod\/04-2026-04-07t152701z-201724219-rc2fkkapk6br-rtrmadp-3-hungary-usa-vance.JPG?c=original&amp;q=w_679,c_fill\/f_webp\" type=\"image\/webp\"><source height=\"undefined\" width=\"967\" media=\"(min-width: 480px) and (max-width: 767px)\" srcset=\"https:\/\/media.cnn.com\/api\/v1\/images\/stellar\/prod\/04-2026-04-07t152701z-201724219-rc2fkkapk6br-rtrmadp-3-hungary-usa-vance.JPG?c=original&amp;q=w_967,c_fill\/f_webp\" type=\"image\/webp\"><source height=\"undefined\" width=\"860\" media=\"(min-width: 768px) and (max-width: 1023px)\" srcset=\"https:\/\/media.cnn.com\/api\/v1\/images\/stellar\/prod\/04-2026-04-07t152701z-201724219-rc2fkkapk6br-rtrmadp-3-hungary-usa-vance.JPG?c=original&amp;q=w_860,c_fill\/f_webp\" type=\"image\/webp\"><source height=\"undefined\" width=\"860\" media=\"(min-width: 1024px) and (max-width: 1279px)\" srcset=\"https:\/\/media.cnn.com\/api\/v1\/images\/stellar\/prod\/04-2026-04-07t152701z-201724219-rc2fkkapk6br-rtrmadp-3-hungary-usa-vance.JPG?c=original&amp;q=w_860,c_fill\/f_webp\" type=\"image\/webp\"><source height=\"undefined\" width=\"860\" media=\"(min-width: 1280px)\" srcset=\"https:\/\/media.cnn.com\/api\/v1\/images\/stellar\/prod\/04-2026-04-07t152701z-201724219-rc2fkkapk6br-rtrmadp-3-hungary-usa-vance.JPG?c=original&amp;q=w_860,c_fill\/f_webp\" type=\"image\/webp\"><img decoding=\"async\" src=\"https:\/\/media.cnn.com\/api\/v1\/images\/stellar\/prod\/04-2026-04-07t152701z-201724219-rc2fkkapk6br-rtrmadp-3-hungary-usa-vance.JPG?c=original&amp;q=w_860,c_fill\" alt=\"Orb\u00e1n, pictured at the \" day=\"\" of=\"\" friendship=\"\" event=\"\" on=\"\" tuesday=\"\" has=\"\" created=\"\" what=\"\" analysts=\"\" describe=\"\" as=\"\" a=\"\" for=\"\" right-wing=\"\" populists.=\"\" class=\"image_large__dam-img image_large__dam-img--loading\" onload=\"this.classList.remove('image_large__dam-img--loading')\" onerror=\"imageLoadError(this)\" height=\"2000\" width=\"3000\" loading=\"lazy\"\/><\/source><\/source><\/source><\/source><\/source><\/picture>\n    <\/div>\n<\/div>\n<p class=\"paragraph-elevate inline-placeholder vossi-paragraph_elevate\" data-uri=\"cms.cnn.com\/_components\/paragraph\/instances\/cmnqd4slo000k3b6qkmbwfmh0@published\" data-editable=\"text\" data-component-name=\"paragraph\" data-article-gutter=\"true\">\n            Once one of the best-funded liberal arts universities in the post-Soviet world, Orb\u00e1n picked a fight with it because he had branded the man who funded it \u2013 George Soros, the liberal philanthropist \u2013 as an enemy of Hungary. Facing unrelenting pressure from the Orb\u00e1n government, it moved its academic operations to Vienna, Austria, in 2018.\n    <\/p>\n<p class=\"paragraph-elevate inline-placeholder vossi-paragraph_elevate\" data-uri=\"cms.cnn.com\/_components\/paragraph\/instances\/cmnqd4slo000l3b6qjypvj3ma@published\" data-editable=\"text\" data-component-name=\"paragraph\" data-article-gutter=\"true\">\n            Today, the CEU maintains something of a ghostly presence in Budapest. Its campus still stands, and researchers \u2013 Krek\u00f3 among them \u2013 still use it as office space. Just as there is no need for physical violence against the population, there was no need to physically shutter the campus; sustained pressure was enough for Orb\u00e1n to get his way.\n    <\/p>\n<p class=\"paragraph-elevate inline-placeholder vossi-paragraph_elevate\" data-uri=\"cms.cnn.com\/_components\/paragraph\/instances\/cmnpyilc4000v3b6qptvbf2ia@published\" data-editable=\"text\" data-component-name=\"paragraph\" data-article-gutter=\"true\">\n            Once the CEU was ousted, another college took its place as Budapest\u2019s premier educational institution. The Mathias Corvinus Collegium (MCC) \u2013 funded in recent years by a generous government grant of a 10% stake in Hungary\u2019s largest oil and gas company \u2013 now functions as something of a training ground for national conservatives across Europe.\n    <\/p>\n<p class=\"paragraph-elevate inline-placeholder vossi-paragraph_elevate\" data-uri=\"cms.cnn.com\/_components\/paragraph\/instances\/cmnqd6cfh000v3b6qs6p1zbco@published\" data-editable=\"text\" data-component-name=\"paragraph\" data-article-gutter=\"true\">\n            Vance paid the MCC a visit Wednesday morning. If the crowd at MTK Sportpark was past its prime \u2013 a few MAGA hats, far outnumbered by graying, balding heads \u2013 the audience at the MCC was mostly 20-something men, with slicked-back hair and tight-fitting suits.\n    <\/p>\n<div data-uri=\"cms.cnn.com\/_components\/image\/instances\/cmnq0jbh900053b6qguhnqnqu@published\" class=\"image_large-elevate vossi-image_large-elevate  image_large__hide-placeholder\" data-image-variation=\"image_large\" data-name=\"05_GettyImages-2269777281.JPG\" data-component-name=\"image\" data-observe-resizes=\"\" data-breakpoints=\"{\" image_large--eq-extra-small=\"\" data-original-ratio=\"0.6676666666666666\" data-original-height=\"2003\" data-original-width=\"3000\" data-url=\"https:\/\/media.cnn.com\/api\/v1\/images\/stellar\/prod\/05-gettyimages-2269777281.JPG?c=original\" data-editable=\"settings\" data-article-gutter=\"true\">\n<div class=\"image_large__container\" data-image-variation=\"image_large\" data-breakpoints=\"{\" image_large--eq-extra-small=\"\">\n       <picture class=\"image_large__picture\"><source height=\"undefined\" width=\"679\" media=\"(max-width: 479px)\" srcset=\"https:\/\/media.cnn.com\/api\/v1\/images\/stellar\/prod\/05-gettyimages-2269777281.JPG?c=original&amp;q=w_679,c_fill\/f_webp\" type=\"image\/webp\"><source height=\"undefined\" width=\"967\" media=\"(min-width: 480px) and (max-width: 767px)\" srcset=\"https:\/\/media.cnn.com\/api\/v1\/images\/stellar\/prod\/05-gettyimages-2269777281.JPG?c=original&amp;q=w_967,c_fill\/f_webp\" type=\"image\/webp\"><source height=\"undefined\" width=\"860\" media=\"(min-width: 768px) and (max-width: 1023px)\" srcset=\"https:\/\/media.cnn.com\/api\/v1\/images\/stellar\/prod\/05-gettyimages-2269777281.JPG?c=original&amp;q=w_860,c_fill\/f_webp\" type=\"image\/webp\"><source height=\"undefined\" width=\"860\" media=\"(min-width: 1024px) and (max-width: 1279px)\" srcset=\"https:\/\/media.cnn.com\/api\/v1\/images\/stellar\/prod\/05-gettyimages-2269777281.JPG?c=original&amp;q=w_860,c_fill\/f_webp\" type=\"image\/webp\"><source height=\"undefined\" width=\"860\" media=\"(min-width: 1280px)\" srcset=\"https:\/\/media.cnn.com\/api\/v1\/images\/stellar\/prod\/05-gettyimages-2269777281.JPG?c=original&amp;q=w_860,c_fill\/f_webp\" type=\"image\/webp\"><img decoding=\"async\" src=\"https:\/\/media.cnn.com\/api\/v1\/images\/stellar\/prod\/05-gettyimages-2269777281.JPG?c=original&amp;q=w_860,c_fill\" alt=\"A young, Trump-friendly audience at the Mathias Corvinus Collegium in Budapest listen to Vance's remarks.\" class=\"image_large__dam-img image_large__dam-img--loading\" onload=\"this.classList.remove('image_large__dam-img--loading')\" onerror=\"imageLoadError(this)\" height=\"2003\" width=\"3000\" loading=\"lazy\"\/><\/source><\/source><\/source><\/source><\/source><\/picture>\n    <\/div>\n<\/div>\n<p class=\"paragraph-elevate inline-placeholder vossi-paragraph_elevate\" data-uri=\"cms.cnn.com\/_components\/paragraph\/instances\/cmnpyilc400123b6qwwufqjko@published\" data-editable=\"text\" data-component-name=\"paragraph\" data-article-gutter=\"true\">\n            \u201cThe MCC is not just an institution. It is a mission,\u201d said Bal\u00e1zs Orb\u00e1n, the prime minister\u2019s political director (no relation), introducing the vice president. Before Vance spoke, the audience listened to a panel that included Gladden Pappin \u2013 a US-born, Harvard-educated adviser to the prime minister, who once <a href=\"https:\/\/www.theatlantic.com\/politics\/2026\/04\/hungary-maga-orban-gladden-pappin-trump\/686652\/\" target=\"_blank\">reportedly predicted<\/a> that Trump would dissolve Congress, paving the way for the pope to anoint Melania Trump to rule the US as queen.\n    <\/p>\n<p class=\"paragraph-elevate inline-placeholder vossi-paragraph_elevate\" data-uri=\"cms.cnn.com\/_components\/paragraph\/instances\/cmnqd704100133b6qoaxpnic0@published\" data-editable=\"text\" data-component-name=\"paragraph\" data-article-gutter=\"true\">\n            Vance\u2019s address to the MCC was not so far-fetched. \u201cResist the temptation to think that victory is immediate, or that we\u2019re going to win back our civilization through instant gratification,\u201d he told the potential next generation of culture warriors. \u201cOur civilization was not built overnight. It\u2019s not going to be saved overnight.\u201d\n    <\/p>\n<p class=\"paragraph-elevate inline-placeholder vossi-paragraph_elevate\" data-uri=\"cms.cnn.com\/_components\/paragraph\/instances\/cmnqd704100143b6qcv562ymo@published\" data-editable=\"text\" data-component-name=\"paragraph\" data-article-gutter=\"true\">\n            The MCC is just one piece of Orb\u00e1n\u2019s ideological infrastructure. There are well-funded conservative think-tanks, like the Danube Institute and the Hungarian Institute of International Affairs. There are glossy publications, like The European Conservative, and online sites like Remix News, which details alleged crimes committed by migrants in Europe. It is through this architecture of soft power, Krastev said, that Orb\u00e1n has made himself \u201cfor the western far right what Fidel Castro was for the left in the 1970s.\u201d\n    <\/p>\n<p class=\"paragraph-elevate inline-placeholder vossi-paragraph_elevate\" data-uri=\"cms.cnn.com\/_components\/paragraph\/instances\/cmnqd704100153b6qsejzfagr@published\" data-editable=\"text\" data-component-name=\"paragraph\" data-article-gutter=\"true\">\n            It took some years, but America started to notice. Steve Bannon, the architect of Trump\u2019s first presidential campaign, was among the initial cheerleaders. Speaking from Hungary in 2018, Bannon called Orb\u00e1n \u201cTrump before Trump.\u201d\n    <\/p>\n<p class=\"paragraph-elevate inline-placeholder vossi-paragraph_elevate\" data-uri=\"cms.cnn.com\/_components\/paragraph\/instances\/cmnqd704100163b6qjibojreq@published\" data-editable=\"text\" data-component-name=\"paragraph\" data-article-gutter=\"true\">\n            Within a few years, the Conservative Political Action Conference, long a cornerstone of the American right, had established a recurring presence in Hungary. While still at Fox News, Tucker Carlson broadcast his popular prime time show from Hungary, and interviewed Orb\u00e1n. Kevin Roberts, president of the Heritage Foundation \u2013 the conservative US think-tank that authored Project 2025 \u2013 has described Hungary \u201cnot just as a model for modern statecraft, but the model.\u201d\n    <\/p>\n<p class=\"paragraph-elevate inline-placeholder vossi-paragraph_elevate\" data-uri=\"cms.cnn.com\/_components\/paragraph\/instances\/cmnqd704100173b6q0irw7wfo@published\" data-editable=\"text\" data-component-name=\"paragraph\" data-article-gutter=\"true\">\n            Having established Budapest as MAGA\u2019s European headquarters, Orb\u00e1n has begun to reap rewards from the relationship.\n    <\/p>\n<p class=\"paragraph-elevate inline-placeholder vossi-paragraph_elevate\" data-uri=\"cms.cnn.com\/_components\/paragraph\/instances\/cmnqd704100183b6ql4siohwz@published\" data-editable=\"text\" data-component-name=\"paragraph\" data-article-gutter=\"true\">\n            Orb\u00e1n was panicked last fall after the Trump administration announced sanctions on the purchase of Russian oil. Because Hungary is almost entirely dependent on energy imports from Russia, Orb\u00e1n had warned that such measures would bring Hungary\u2019s economy \u201cto its knees.\u201d\n    <\/p>\n<div data-uri=\"cms.cnn.com\/_components\/image\/instances\/cmnq0lrsv00073b6qxlgqk3sl@published\" class=\"image_large-elevate vossi-image_large-elevate  image_large__hide-placeholder\" data-image-variation=\"image_large\" data-name=\"06_2026-03-17T091717Z_197851438_RC2S9U96W6UQ_RTRMADP_3_HUNGARY-SLOVAKIA-PIPELINE.JPG\" data-component-name=\"image\" data-observe-resizes=\"\" data-breakpoints=\"{\" image_large--eq-extra-small=\"\" data-original-ratio=\"0.702\" data-original-height=\"2106\" data-original-width=\"3000\" data-url=\"https:\/\/media.cnn.com\/api\/v1\/images\/stellar\/prod\/06-2026-03-17t091717z-197851438-rc2s9u96w6uq-rtrmadp-3-hungary-slovakia-pipeline.JPG?c=original\" data-editable=\"settings\" data-article-gutter=\"true\">\n<div class=\"image_large__container\" data-image-variation=\"image_large\" data-breakpoints=\"{\" image_large--eq-extra-small=\"\">\n       <picture class=\"image_large__picture\"><source height=\"undefined\" width=\"679\" media=\"(max-width: 479px)\" srcset=\"https:\/\/media.cnn.com\/api\/v1\/images\/stellar\/prod\/06-2026-03-17t091717z-197851438-rc2s9u96w6uq-rtrmadp-3-hungary-slovakia-pipeline.JPG?c=original&amp;q=w_679,c_fill\/f_webp\" type=\"image\/webp\"><source height=\"undefined\" width=\"967\" media=\"(min-width: 480px) and (max-width: 767px)\" srcset=\"https:\/\/media.cnn.com\/api\/v1\/images\/stellar\/prod\/06-2026-03-17t091717z-197851438-rc2s9u96w6uq-rtrmadp-3-hungary-slovakia-pipeline.JPG?c=original&amp;q=w_967,c_fill\/f_webp\" type=\"image\/webp\"><source height=\"undefined\" width=\"860\" media=\"(min-width: 768px) and (max-width: 1023px)\" srcset=\"https:\/\/media.cnn.com\/api\/v1\/images\/stellar\/prod\/06-2026-03-17t091717z-197851438-rc2s9u96w6uq-rtrmadp-3-hungary-slovakia-pipeline.JPG?c=original&amp;q=w_860,c_fill\/f_webp\" type=\"image\/webp\"><source height=\"undefined\" width=\"860\" media=\"(min-width: 1024px) and (max-width: 1279px)\" srcset=\"https:\/\/media.cnn.com\/api\/v1\/images\/stellar\/prod\/06-2026-03-17t091717z-197851438-rc2s9u96w6uq-rtrmadp-3-hungary-slovakia-pipeline.JPG?c=original&amp;q=w_860,c_fill\/f_webp\" type=\"image\/webp\"><source height=\"undefined\" width=\"860\" media=\"(min-width: 1280px)\" srcset=\"https:\/\/media.cnn.com\/api\/v1\/images\/stellar\/prod\/06-2026-03-17t091717z-197851438-rc2s9u96w6uq-rtrmadp-3-hungary-slovakia-pipeline.JPG?c=original&amp;q=w_860,c_fill\/f_webp\" type=\"image\/webp\"><img decoding=\"async\" src=\"https:\/\/media.cnn.com\/api\/v1\/images\/stellar\/prod\/06-2026-03-17t091717z-197851438-rc2s9u96w6uq-rtrmadp-3-hungary-slovakia-pipeline.JPG?c=original&amp;q=w_860,c_fill\" alt=\"Russia accounted for more than 90% of Hungary's crude oil imports last year. Much of the oil transits through the Druzhba pipeline between Hungary and Russia.\" class=\"image_large__dam-img image_large__dam-img--loading\" onload=\"this.classList.remove('image_large__dam-img--loading')\" onerror=\"imageLoadError(this)\" height=\"2106\" width=\"3000\" loading=\"lazy\"\/><\/source><\/source><\/source><\/source><\/source><\/picture>\n    <\/div>\n<\/div>\n<p class=\"paragraph-elevate inline-placeholder vossi-paragraph_elevate\" data-uri=\"cms.cnn.com\/_components\/paragraph\/instances\/cmnpyilc400143b6q2bw1s4rq@published\" data-editable=\"text\" data-component-name=\"paragraph\" data-article-gutter=\"true\">\n            Thankfully for the prime minister, Trump granted Hungary a one-year exemption <a href=\"https:\/\/www.cnn.com\/2025\/11\/07\/europe\/orban-trump-oil-sanctions-hungary-latam-intl\">from the US sanctions<\/a>, even though he had long berated EU countries for continuing to buy Russian oil, which he said helps fuel the Kremlin\u2019s war machine and prolong the war in Ukraine. On Tuesday, Vance even praised Orb\u00e1n\u2019s energy policy, claiming the rest of Europe \u201cshould have been following\u201d his policies.\n    <\/p>\n<p class=\"paragraph-elevate inline-placeholder vossi-paragraph_elevate\" data-uri=\"cms.cnn.com\/_components\/paragraph\/instances\/cmnpylspm001b3b6q74qd6uhp@published\" data-editable=\"text\" data-component-name=\"paragraph\" data-article-gutter=\"true\">\n            It is not yet clear whether Vance\u2019s visit will help or hinder Orb\u00e1n\u2019s Fidesz party in Sunday\u2019s parliamentary ballot. The leader has decried alleged foreign interference in Hungary\u2019s elections yet seemed happy to accept endorsements from his backers in Washington. Vance told the crowd at MTK Sportpark \u201cgo to the polls\u201d and \u201cstand with Viktor Orb\u00e1n, because he stands with you.\u201d\n    <\/p>\n<p class=\"paragraph-elevate inline-placeholder vossi-paragraph_elevate\" data-uri=\"cms.cnn.com\/_components\/paragraph\/instances\/cmnqd84r3001d3b6qj0w1ovhq@published\" data-editable=\"text\" data-component-name=\"paragraph\" data-article-gutter=\"true\">\n            In a terse statement about Vance\u2019s visit, Magyar, head of the opposition Tisza party, said: \u201cNo foreign country may interfere in Hungarian elections\u2026 Hungarian history is not written in Washington, Moscow, or Brussels \u2013 it is written in Hungary\u2019s streets and squares.\u201d\n    <\/p>\n<div data-uri=\"cms.cnn.com\/_components\/image\/instances\/cmnq0nfvg00093b6qkzcxgcgz@published\" class=\"image_large-elevate vossi-image_large-elevate  image_large__hide-placeholder\" data-image-variation=\"image_large\" data-name=\"07_2026-02-21T184740Z_272274609_RC2IQJAE02GB_RTRMADP_3_HUNGARY-ELECTION-CAMPAIGN.JPG\" data-component-name=\"image\" data-observe-resizes=\"\" data-breakpoints=\"{\" image_large--eq-extra-small=\"\" data-original-ratio=\"0.6943333333333334\" data-original-height=\"2083\" data-original-width=\"3000\" data-url=\"https:\/\/media.cnn.com\/api\/v1\/images\/stellar\/prod\/07-2026-02-21t184740z-272274609-rc2iqjae02gb-rtrmadp-3-hungary-election-campaign.JPG?c=original\" data-editable=\"settings\" data-article-gutter=\"true\">\n<div class=\"image_large__container\" data-image-variation=\"image_large\" data-breakpoints=\"{\" image_large--eq-extra-small=\"\">\n       <picture class=\"image_large__picture\"><source height=\"undefined\" width=\"679\" media=\"(max-width: 479px)\" srcset=\"https:\/\/media.cnn.com\/api\/v1\/images\/stellar\/prod\/07-2026-02-21t184740z-272274609-rc2iqjae02gb-rtrmadp-3-hungary-election-campaign.JPG?c=original&amp;q=w_679,c_fill\/f_webp\" type=\"image\/webp\"><source height=\"undefined\" width=\"967\" media=\"(min-width: 480px) and (max-width: 767px)\" srcset=\"https:\/\/media.cnn.com\/api\/v1\/images\/stellar\/prod\/07-2026-02-21t184740z-272274609-rc2iqjae02gb-rtrmadp-3-hungary-election-campaign.JPG?c=original&amp;q=w_967,c_fill\/f_webp\" type=\"image\/webp\"><source height=\"undefined\" width=\"860\" media=\"(min-width: 768px) and (max-width: 1023px)\" srcset=\"https:\/\/media.cnn.com\/api\/v1\/images\/stellar\/prod\/07-2026-02-21t184740z-272274609-rc2iqjae02gb-rtrmadp-3-hungary-election-campaign.JPG?c=original&amp;q=w_860,c_fill\/f_webp\" type=\"image\/webp\"><source height=\"undefined\" width=\"860\" media=\"(min-width: 1024px) and (max-width: 1279px)\" srcset=\"https:\/\/media.cnn.com\/api\/v1\/images\/stellar\/prod\/07-2026-02-21t184740z-272274609-rc2iqjae02gb-rtrmadp-3-hungary-election-campaign.JPG?c=original&amp;q=w_860,c_fill\/f_webp\" type=\"image\/webp\"><source height=\"undefined\" width=\"860\" media=\"(min-width: 1280px)\" srcset=\"https:\/\/media.cnn.com\/api\/v1\/images\/stellar\/prod\/07-2026-02-21t184740z-272274609-rc2iqjae02gb-rtrmadp-3-hungary-election-campaign.JPG?c=original&amp;q=w_860,c_fill\/f_webp\" type=\"image\/webp\"><img decoding=\"async\" src=\"https:\/\/media.cnn.com\/api\/v1\/images\/stellar\/prod\/07-2026-02-21t184740z-272274609-rc2iqjae02gb-rtrmadp-3-hungary-election-campaign.JPG?c=original&amp;q=w_860,c_fill\" alt=\"Magyar, pictured at a campaign event in Budapest in February, appeared to criticize Vance's visit.\" class=\"image_large__dam-img image_large__dam-img--loading\" onload=\"this.classList.remove('image_large__dam-img--loading')\" onerror=\"imageLoadError(this)\" height=\"2083\" width=\"3000\" loading=\"lazy\"\/><\/source><\/source><\/source><\/source><\/source><\/picture>\n    <\/div>\n<\/div>\n<p class=\"paragraph-elevate inline-placeholder vossi-paragraph_elevate\" data-uri=\"cms.cnn.com\/_components\/paragraph\/instances\/cmnpylspm001h3b6qr88ri0wb@published\" data-editable=\"text\" data-component-name=\"paragraph\" data-article-gutter=\"true\">\n            It is notable, said Krastev, that after so long governing as a \u201cnationalist,\u201d Orb\u00e1n is calling for international support to bolster his campaign. \u201cThe irony is that if he\u2019s going to lose, he\u2019s going to lose like a globalist,\u201d he said.\n    <\/p>\n<p class=\"paragraph-elevate inline-placeholder vossi-paragraph_elevate\" data-uri=\"cms.cnn.com\/_components\/paragraph\/instances\/cmnqd8n2r001k3b6qu60nsfgc@published\" data-editable=\"text\" data-component-name=\"paragraph\" data-article-gutter=\"true\">\n            If Orb\u00e1n loses, the ideological architecture he has built will not collapse. Right-wing intellectuals will still find a home in Budapest, conservative publications will continue to print, and the MCC will not shutter. Although perhaps in time, like the CEU, it might cast a ghostlier presence in the city.\n    <\/p>\n<p class=\"paragraph-elevate inline-placeholder vossi-paragraph_elevate\" data-uri=\"cms.cnn.com\/_components\/paragraph\/instances\/cmnqd8n2r001l3b6qxvfn0vly@published\" data-editable=\"text\" data-component-name=\"paragraph\" data-article-gutter=\"true\">\n            But an Orb\u00e1n loss would sap the confidence of the European nationalist movements that he \u2013 and more recently the Trump administration \u2013 are trying to internationalize.\n    <\/p>\n<p class=\"paragraph-elevate inline-placeholder vossi-paragraph_elevate\" data-uri=\"cms.cnn.com\/_components\/paragraph\/instances\/cmnqd8n2r001m3b6q8e0ba65i@published\" data-editable=\"text\" data-component-name=\"paragraph\" data-article-gutter=\"true\">\n            Meanwhile, for the Russians and Americans \u2013 who find themselves backing the same candidate \u2013 Orban\u2019s loss \u201cwould not just be a defeat, it would be humiliation,\u201d Krastev said.\n    <\/p>\n<p class=\"paragraph-elevate inline-placeholder vossi-paragraph_elevate\" data-uri=\"cms.cnn.com\/_components\/paragraph\/instances\/cmnqd8n2r001n3b6qwd0xee90@published\" data-editable=\"text\" data-component-name=\"paragraph\" data-article-gutter=\"true\">\n            \u201cYou have these two superpowers who are pretending they can divide Europe. Suddenly, their candidate is losing after they have done everything possible for him to win. This is going to give a lot of strength to the sense of European resilience.\u201d\n    <\/p>\n<\/p><\/div>\n<p><br \/>\n<br \/><a href=\"https:\/\/www.cnn.com\/2026\/04\/09\/europe\/orban-hungary-election-trump-ally-intl\">Source link <\/a><\/p>","protected":false},"excerpt":{"rendered":"<p>Budapest, Hungary\u00a0\u2014\u00a0 When Vice President JD Vance held his phone to the mic, it seemed for a moment as though his boss might not pick up. But at the second attempt, and after a few rings, he got through to Donald Trump. In the president\u2019s defense, he had plenty on his mind, having threatened hours [&hellip;]<\/p>\n","protected":false},"author":1,"featured_media":102008,"comment_status":"closed","ping_status":"","sticky":false,"template":"","format":"standard","meta":{"googlesitekit_rrm_CAow2JLhCw:productID":"","_gspb_post_css":"","maa_idioma":"","maa_pais":"","footnotes":""},"categories":[1],"tags":[13671,8499,9997,5043,1603,17860],"class_list":["post-102007","post","type-post","status-publish","format-standard","has-post-thumbnail","hentry","category-ubirata","tag-europe","tag-friend","tag-lose","tag-orban","tag-trump","tag-viktor"],"blocksy_meta":[],"yoast_head":"<!-- This site is optimized with the Yoast SEO Premium plugin v27.6 (Yoast SEO v27.6) - https:\/\/yoast.com\/product\/yoast-seo-premium-wordpress\/ -->\n<title>Viktor Orb\u00e1n: Trump could soon lose his best friend in Europe - Ubirat\u00e3 Online Not\u00edcias - A realidade ao seu alcance!<\/title>\n<meta name=\"description\" content=\"Budapest, Hungary\u00a0\u2014\u00a0 When Vice President JD Vance held his phone to the mic, it seemed for a moment as though his boss might not pick up. But at the\" \/>\n<meta name=\"robots\" content=\"index, follow, max-snippet:-1, max-image-preview:large, max-video-preview:-1\" \/>\n<link rel=\"canonical\" href=\"https:\/\/ubirataonline.com.br\/en\/viktor-orban-trump-could-soon-lose-his-best-friend-in-europe\/\" \/>\n<meta property=\"og:locale\" content=\"en_US\" \/>\n<meta property=\"og:type\" content=\"article\" \/>\n<meta property=\"og:title\" content=\"Viktor Orb\u00e1n: Trump could soon lose his best friend in Europe\" \/>\n<meta property=\"og:description\" content=\"Budapest, Hungary\u00a0\u2014\u00a0 When Vice President JD Vance held his phone to the mic, it seemed for a moment as though his boss might not pick up. But at the\" \/>\n<meta property=\"og:url\" content=\"https:\/\/ubirataonline.com.br\/en\/viktor-orban-trump-could-soon-lose-his-best-friend-in-europe\/\" \/>\n<meta property=\"og:site_name\" content=\"Ubirat\u00e3 Online Not\u00edcias - A realidade ao seu alcance!\" \/>\n<meta property=\"article:publisher\" content=\"https:\/\/www.facebook.com\/portalubirataonline\" \/>\n<meta property=\"article:author\" content=\"https:\/\/www.facebook.com\/portalubirataonline\" \/>\n<meta property=\"article:published_time\" content=\"2026-04-09T10:03:40+00:00\" \/>\n<meta property=\"article:modified_time\" content=\"2026-04-09T10:03:43+00:00\" \/>\n<meta property=\"og:image\" content=\"https:\/\/ubirataonline.com.br\/wp-content\/uploads\/2026\/04\/Viktor-Orban-Trump-could-soon-lose-his-best-friend-in.JPG\" \/>\n\t<meta property=\"og:image:width\" content=\"800\" \/>\n\t<meta property=\"og:image:height\" content=\"450\" \/>\n\t<meta property=\"og:image:type\" content=\"image\/jpeg\" \/>\n<meta name=\"author\" content=\"REDA\u00c7\u00c3O: UBIRAT\u00c3 ONLINE - F\u00c1BIO AUGUSTO CELESTINO\" \/>\n<meta name=\"twitter:card\" content=\"summary_large_image\" \/>\n<meta name=\"twitter:creator\" content=\"@x.com\/ubirataonline\" \/>\n<meta name=\"twitter:site\" content=\"@ubirataonline\" \/>\n<meta name=\"twitter:label1\" content=\"Written by\" \/>\n\t<meta name=\"twitter:data1\" content=\"REDA\u00c7\u00c3O: UBIRAT\u00c3 ONLINE - F\u00c1BIO AUGUSTO CELESTINO\" \/>\n\t<meta name=\"twitter:label2\" content=\"Est. reading time\" \/>\n\t<meta name=\"twitter:data2\" content=\"9 minutes\" \/>\n<script type=\"application\/ld+json\" class=\"yoast-schema-graph\">{\"@context\":\"https:\\\/\\\/schema.org\",\"@graph\":[{\"@type\":\"NewsArticle\",\"@id\":\"https:\\\/\\\/ubirataonline.com.br\\\/viktor-orban-trump-could-soon-lose-his-best-friend-in-europe\\\/#article\",\"isPartOf\":{\"@id\":\"https:\\\/\\\/ubirataonline.com.br\\\/viktor-orban-trump-could-soon-lose-his-best-friend-in-europe\\\/\"},\"author\":{\"name\":\"REDA\u00c7\u00c3O: UBIRAT\u00c3 ONLINE - F\u00c1BIO AUGUSTO CELESTINO\",\"@id\":\"https:\\\/\\\/ubirataonline.com.br\\\/#\\\/schema\\\/person\\\/372f87bbd3fdd79b8556b84c98d0bc1c\"},\"headline\":\"Viktor Orb\u00e1n: Trump could soon lose his best friend in Europe\",\"datePublished\":\"2026-04-09T10:03:40+00:00\",\"dateModified\":\"2026-04-09T10:03:43+00:00\",\"mainEntityOfPage\":{\"@id\":\"https:\\\/\\\/ubirataonline.com.br\\\/viktor-orban-trump-could-soon-lose-his-best-friend-in-europe\\\/\"},\"wordCount\":1717,\"publisher\":{\"@id\":\"https:\\\/\\\/ubirataonline.com.br\\\/#organization\"},\"image\":{\"@id\":\"https:\\\/\\\/ubirataonline.com.br\\\/viktor-orban-trump-could-soon-lose-his-best-friend-in-europe\\\/#primaryimage\"},\"thumbnailUrl\":\"https:\\\/\\\/ubirataonline.com.br\\\/wp-content\\\/uploads\\\/2026\\\/04\\\/Viktor-Orban-Trump-could-soon-lose-his-best-friend-in.JPG\",\"keywords\":[\"Europe\",\"Friend\",\"lose\",\"Orban\",\"Trump\",\"Viktor\"],\"articleSection\":[\"Ubirat\u00e3\"],\"inLanguage\":\"en-US\",\"copyrightYear\":\"2026\",\"copyrightHolder\":{\"@id\":\"https:\\\/\\\/ubirataonline.com.br\\\/en\\\/#organization\"}},{\"@type\":\"WebPage\",\"@id\":\"https:\\\/\\\/ubirataonline.com.br\\\/viktor-orban-trump-could-soon-lose-his-best-friend-in-europe\\\/\",\"url\":\"https:\\\/\\\/ubirataonline.com.br\\\/viktor-orban-trump-could-soon-lose-his-best-friend-in-europe\\\/\",\"name\":\"Viktor Orb\u00e1n: Trump could soon lose his best friend in Europe - Ubirat\u00e3 Online Not\u00edcias - A realidade ao seu alcance!\",\"isPartOf\":{\"@id\":\"https:\\\/\\\/ubirataonline.com.br\\\/#website\"},\"primaryImageOfPage\":{\"@id\":\"https:\\\/\\\/ubirataonline.com.br\\\/viktor-orban-trump-could-soon-lose-his-best-friend-in-europe\\\/#primaryimage\"},\"image\":{\"@id\":\"https:\\\/\\\/ubirataonline.com.br\\\/viktor-orban-trump-could-soon-lose-his-best-friend-in-europe\\\/#primaryimage\"},\"thumbnailUrl\":\"https:\\\/\\\/ubirataonline.com.br\\\/wp-content\\\/uploads\\\/2026\\\/04\\\/Viktor-Orban-Trump-could-soon-lose-his-best-friend-in.JPG\",\"datePublished\":\"2026-04-09T10:03:40+00:00\",\"dateModified\":\"2026-04-09T10:03:43+00:00\",\"description\":\"Budapest, Hungary\u00a0\u2014\u00a0 When Vice President JD Vance held his phone to the mic, it seemed for a moment as though his boss might not pick up. But at the\",\"breadcrumb\":{\"@id\":\"https:\\\/\\\/ubirataonline.com.br\\\/viktor-orban-trump-could-soon-lose-his-best-friend-in-europe\\\/#breadcrumb\"},\"inLanguage\":\"en-US\",\"potentialAction\":[{\"@type\":\"ReadAction\",\"target\":[\"https:\\\/\\\/ubirataonline.com.br\\\/viktor-orban-trump-could-soon-lose-his-best-friend-in-europe\\\/\"]}]},{\"@type\":\"ImageObject\",\"inLanguage\":\"en-US\",\"@id\":\"https:\\\/\\\/ubirataonline.com.br\\\/viktor-orban-trump-could-soon-lose-his-best-friend-in-europe\\\/#primaryimage\",\"url\":\"https:\\\/\\\/ubirataonline.com.br\\\/wp-content\\\/uploads\\\/2026\\\/04\\\/Viktor-Orban-Trump-could-soon-lose-his-best-friend-in.JPG\",\"contentUrl\":\"https:\\\/\\\/ubirataonline.com.br\\\/wp-content\\\/uploads\\\/2026\\\/04\\\/Viktor-Orban-Trump-could-soon-lose-his-best-friend-in.JPG\",\"width\":800,\"height\":450,\"caption\":\"Jonathan Ernst\\\/Pool\\\/Reuters\"},{\"@type\":\"BreadcrumbList\",\"@id\":\"https:\\\/\\\/ubirataonline.com.br\\\/viktor-orban-trump-could-soon-lose-his-best-friend-in-europe\\\/#breadcrumb\",\"itemListElement\":[{\"@type\":\"ListItem\",\"position\":1,\"name\":\"In\u00edcio\",\"item\":\"https:\\\/\\\/ubirataonline.com.br\\\/\"},{\"@type\":\"ListItem\",\"position\":2,\"name\":\"Viktor Orb\u00e1n: Trump could soon lose his best friend in Europe\"}]},{\"@type\":\"WebSite\",\"@id\":\"https:\\\/\\\/ubirataonline.com.br\\\/#website\",\"url\":\"https:\\\/\\\/ubirataonline.com.br\\\/\",\"name\":\"Ubirat\u00e3 Online Not\u00edcias\",\"description\":\"Not\u00edcias de Ubirat\u00e3, regi\u00e3o, Brasil e mundo, com informa\u00e7\u00e3o atualizada e compromisso com o leitor.\",\"publisher\":{\"@id\":\"https:\\\/\\\/ubirataonline.com.br\\\/#organization\"},\"alternateName\":\"Ubirat\u00e3 Online\",\"potentialAction\":[{\"@type\":\"SearchAction\",\"target\":{\"@type\":\"EntryPoint\",\"urlTemplate\":\"https:\\\/\\\/ubirataonline.com.br\\\/?s={search_term_string}\"},\"query-input\":{\"@type\":\"PropertyValueSpecification\",\"valueRequired\":true,\"valueName\":\"search_term_string\"}}],\"inLanguage\":\"en-US\"},{\"@type\":[\"Organization\",\"Place\"],\"@id\":\"https:\\\/\\\/ubirataonline.com.br\\\/#organization\",\"name\":\"Ubirat\u00e3 Online Not\u00edcias\",\"alternateName\":\"Ubirat\u00e3 Online\",\"url\":\"https:\\\/\\\/ubirataonline.com.br\\\/\",\"logo\":{\"@id\":\"https:\\\/\\\/ubirataonline.com.br\\\/viktor-orban-trump-could-soon-lose-his-best-friend-in-europe\\\/#local-main-organization-logo\"},\"image\":{\"@id\":\"https:\\\/\\\/ubirataonline.com.br\\\/viktor-orban-trump-could-soon-lose-his-best-friend-in-europe\\\/#local-main-organization-logo\"},\"sameAs\":[\"https:\\\/\\\/www.facebook.com\\\/portalubirataonline\",\"https:\\\/\\\/x.com\\\/ubirataonline\",\"https:\\\/\\\/mastodon.social\\\/@ubirataonline\",\"https:\\\/\\\/www.facebook.com\\\/groups\\\/311144672285604\",\"https:\\\/\\\/www.facebook.com\\\/UBTAOnline\",\"https:\\\/\\\/www.instagram.com\\\/portalubirataonline\\\/\",\"https:\\\/\\\/twitter.com\\\/ubirataonline\"],\"description\":\"Somos um portal de not\u00edcias independente, criado em 5 de janeiro de 2009, com o objetivo de informar, conectar e valorizar a nossa comunidade de Ubirat\u00e3 e toda aregi\u00e3o. Com conte\u00fado atualizado, confi\u00e1vel e relevante, o Ubirat\u00e3 Online \u00e9 o seu espa\u00e7o para ficar por dentro dos principais acontecimentos locais, regionais, Brasil, Mundo e de interesse geral. Nosso compromisso \u00e9 com a verdade, a transpar\u00eancia e o respeito ao leitor.\",\"legalName\":\"UBIRATA ONLINE NOT\u00cdCIAS\",\"foundingDate\":\"2009-01-05\",\"numberOfEmployees\":{\"@type\":\"QuantitativeValue\",\"minValue\":\"1\",\"maxValue\":\"10\"},\"publishingPrinciples\":\"https:\\\/\\\/ubirataonline.com.br\\\/faq\\\/\",\"address\":{\"@id\":\"https:\\\/\\\/ubirataonline.com.br\\\/viktor-orban-trump-could-soon-lose-his-best-friend-in-europe\\\/#local-main-place-address\"},\"geo\":{\"@type\":\"GeoCoordinates\",\"latitude\":\"-24.5361401\",\"longitude\":\"-52.9921776\"},\"telephone\":[\"+5544998308235\"],\"contactPoint\":{\"@type\":\"ContactPoint\",\"email\":\"contato@ubirataonline.com.br\"},\"openingHoursSpecification\":{\"@type\":\"OpeningHoursSpecification\",\"dayOfWeek\":[\"Monday\",\"Tuesday\",\"Wednesday\",\"Thursday\",\"Friday\",\"Saturday\",\"Sunday\"],\"opens\":\"00:00\",\"closes\":\"23:59\"},\"email\":\"contato@ubirataonline.com.br\",\"vatID\":\"47.621.418\\\/0001-80\"},{\"@type\":\"Person\",\"@id\":\"https:\\\/\\\/ubirataonline.com.br\\\/#\\\/schema\\\/person\\\/372f87bbd3fdd79b8556b84c98d0bc1c\",\"name\":\"REDA\u00c7\u00c3O: UBIRAT\u00c3 ONLINE - F\u00c1BIO AUGUSTO CELESTINO\",\"pronouns\":\"Ele\",\"description\":\"Desde 2003 trabalhando com not\u00edcias.\",\"sameAs\":[\"http:\\\/\\\/ubirataoline.com.br\",\"https:\\\/\\\/www.facebook.com\\\/portalubirataonline\",\"https:\\\/\\\/www.instagram.com\\\/ubirataonline_oficial\",\"https:\\\/\\\/x.com\\\/x.com\\\/ubirataonline\"],\"honorificPrefix\":\"Mr.\",\"honorificSuffix\":\"MD\",\"birthDate\":\"1980-06-16\",\"gender\":\"masculino\",\"award\":[\"V\u00e1rios pr\u00eamios de melhor portal da cidade\"],\"jobTitle\":\"Diretor\",\"url\":\"https:\\\/\\\/ubirataonline.com.br\\\/en\\\/author\\\/ubirataonline\\\/\"},{\"@type\":\"PostalAddress\",\"@id\":\"https:\\\/\\\/ubirataonline.com.br\\\/viktor-orban-trump-could-soon-lose-his-best-friend-in-europe\\\/#local-main-place-address\",\"streetAddress\":\"Rua dos Coqueiros, 104 - Bairro Boa Vista, Rua dos Coqueiros, 104 Bairro Boa Vista\",\"addressLocality\":\"UBIRATA\",\"postalCode\":\"85440-000\",\"addressRegion\":\"PR\",\"addressCountry\":\"BR\"},{\"@type\":\"ImageObject\",\"inLanguage\":\"en-US\",\"@id\":\"https:\\\/\\\/ubirataonline.com.br\\\/viktor-orban-trump-could-soon-lose-his-best-friend-in-europe\\\/#local-main-organization-logo\",\"url\":\"https:\\\/\\\/ubirataonline.com.br\\\/wp-content\\\/uploads\\\/2026\\\/06\\\/logoubirataonline-1.webp\",\"contentUrl\":\"https:\\\/\\\/ubirataonline.com.br\\\/wp-content\\\/uploads\\\/2026\\\/06\\\/logoubirataonline-1.webp\",\"width\":500,\"height\":500,\"caption\":\"Ubirat\u00e3 Online Not\u00edcias\"}]}<\/script>\n<meta name=\"geo.placename\" content=\"UBIRATA\" \/>\n<meta name=\"geo.position\" content=\"-24.5361401;-52.9921776\" \/>\n<meta name=\"geo.region\" content=\"Brazil\" \/>\n<!-- \/ Yoast SEO Premium plugin. -->","yoast_head_json":{"title":"Viktor Orb\u00e1n: Trump could soon lose his best friend in Europe - Ubirat\u00e3 Online Not\u00edcias - A realidade ao seu alcance!","description":"Budapest, Hungary\u00a0\u2014\u00a0 When Vice President JD Vance held his phone to the mic, it seemed for a moment as though his boss might not pick up. But at the","robots":{"index":"index","follow":"follow","max-snippet":"max-snippet:-1","max-image-preview":"max-image-preview:large","max-video-preview":"max-video-preview:-1"},"canonical":"https:\/\/ubirataonline.com.br\/en\/viktor-orban-trump-could-soon-lose-his-best-friend-in-europe\/","og_locale":"en_US","og_type":"article","og_title":"Viktor Orb\u00e1n: Trump could soon lose his best friend in Europe","og_description":"Budapest, Hungary\u00a0\u2014\u00a0 When Vice President JD Vance held his phone to the mic, it seemed for a moment as though his boss might not pick up. But at the","og_url":"https:\/\/ubirataonline.com.br\/en\/viktor-orban-trump-could-soon-lose-his-best-friend-in-europe\/","og_site_name":"Ubirat\u00e3 Online Not\u00edcias - A realidade ao seu alcance!","article_publisher":"https:\/\/www.facebook.com\/portalubirataonline","article_author":"https:\/\/www.facebook.com\/portalubirataonline","article_published_time":"2026-04-09T10:03:40+00:00","article_modified_time":"2026-04-09T10:03:43+00:00","og_image":[{"width":800,"height":450,"url":"https:\/\/ubirataonline.com.br\/wp-content\/uploads\/2026\/04\/Viktor-Orban-Trump-could-soon-lose-his-best-friend-in.JPG","type":"image\/jpeg"}],"author":"REDA\u00c7\u00c3O: UBIRAT\u00c3 ONLINE - F\u00c1BIO AUGUSTO CELESTINO","twitter_card":"summary_large_image","twitter_creator":"@x.com\/ubirataonline","twitter_site":"@ubirataonline","twitter_misc":{"Written by":"REDA\u00c7\u00c3O: UBIRAT\u00c3 ONLINE - F\u00c1BIO AUGUSTO CELESTINO","Est. reading time":"9 minutes"},"schema":{"@context":"https:\/\/schema.org","@graph":[{"@type":"NewsArticle","@id":"https:\/\/ubirataonline.com.br\/viktor-orban-trump-could-soon-lose-his-best-friend-in-europe\/#article","isPartOf":{"@id":"https:\/\/ubirataonline.com.br\/viktor-orban-trump-could-soon-lose-his-best-friend-in-europe\/"},"author":{"name":"REDA\u00c7\u00c3O: UBIRAT\u00c3 ONLINE - F\u00c1BIO AUGUSTO CELESTINO","@id":"https:\/\/ubirataonline.com.br\/#\/schema\/person\/372f87bbd3fdd79b8556b84c98d0bc1c"},"headline":"Viktor Orb\u00e1n: Trump could soon lose his best friend in Europe","datePublished":"2026-04-09T10:03:40+00:00","dateModified":"2026-04-09T10:03:43+00:00","mainEntityOfPage":{"@id":"https:\/\/ubirataonline.com.br\/viktor-orban-trump-could-soon-lose-his-best-friend-in-europe\/"},"wordCount":1717,"publisher":{"@id":"https:\/\/ubirataonline.com.br\/#organization"},"image":{"@id":"https:\/\/ubirataonline.com.br\/viktor-orban-trump-could-soon-lose-his-best-friend-in-europe\/#primaryimage"},"thumbnailUrl":"https:\/\/ubirataonline.com.br\/wp-content\/uploads\/2026\/04\/Viktor-Orban-Trump-could-soon-lose-his-best-friend-in.JPG","keywords":["Europe","Friend","lose","Orban","Trump","Viktor"],"articleSection":["Ubirat\u00e3"],"inLanguage":"en-US","copyrightYear":"2026","copyrightHolder":{"@id":"https:\/\/ubirataonline.com.br\/en\/#organization"}},{"@type":"WebPage","@id":"https:\/\/ubirataonline.com.br\/viktor-orban-trump-could-soon-lose-his-best-friend-in-europe\/","url":"https:\/\/ubirataonline.com.br\/viktor-orban-trump-could-soon-lose-his-best-friend-in-europe\/","name":"Viktor Orb\u00e1n: Trump could soon lose his best friend in Europe - Ubirat\u00e3 Online Not\u00edcias - A realidade ao seu alcance!","isPartOf":{"@id":"https:\/\/ubirataonline.com.br\/#website"},"primaryImageOfPage":{"@id":"https:\/\/ubirataonline.com.br\/viktor-orban-trump-could-soon-lose-his-best-friend-in-europe\/#primaryimage"},"image":{"@id":"https:\/\/ubirataonline.com.br\/viktor-orban-trump-could-soon-lose-his-best-friend-in-europe\/#primaryimage"},"thumbnailUrl":"https:\/\/ubirataonline.com.br\/wp-content\/uploads\/2026\/04\/Viktor-Orban-Trump-could-soon-lose-his-best-friend-in.JPG","datePublished":"2026-04-09T10:03:40+00:00","dateModified":"2026-04-09T10:03:43+00:00","description":"Budapest, Hungary\u00a0\u2014\u00a0 When Vice President JD Vance held his phone to the mic, it seemed for a moment as though his boss might not pick up. But at the","breadcrumb":{"@id":"https:\/\/ubirataonline.com.br\/viktor-orban-trump-could-soon-lose-his-best-friend-in-europe\/#breadcrumb"},"inLanguage":"en-US","potentialAction":[{"@type":"ReadAction","target":["https:\/\/ubirataonline.com.br\/viktor-orban-trump-could-soon-lose-his-best-friend-in-europe\/"]}]},{"@type":"ImageObject","inLanguage":"en-US","@id":"https:\/\/ubirataonline.com.br\/viktor-orban-trump-could-soon-lose-his-best-friend-in-europe\/#primaryimage","url":"https:\/\/ubirataonline.com.br\/wp-content\/uploads\/2026\/04\/Viktor-Orban-Trump-could-soon-lose-his-best-friend-in.JPG","contentUrl":"https:\/\/ubirataonline.com.br\/wp-content\/uploads\/2026\/04\/Viktor-Orban-Trump-could-soon-lose-his-best-friend-in.JPG","width":800,"height":450,"caption":"Jonathan Ernst\/Pool\/Reuters"},{"@type":"BreadcrumbList","@id":"https:\/\/ubirataonline.com.br\/viktor-orban-trump-could-soon-lose-his-best-friend-in-europe\/#breadcrumb","itemListElement":[{"@type":"ListItem","position":1,"name":"In\u00edcio","item":"https:\/\/ubirataonline.com.br\/"},{"@type":"ListItem","position":2,"name":"Viktor Orb\u00e1n: Trump could soon lose his best friend in Europe"}]},{"@type":"WebSite","@id":"https:\/\/ubirataonline.com.br\/#website","url":"https:\/\/ubirataonline.com.br\/","name":"Ubirat\u00e3 Online Not\u00edcias","description":"Not\u00edcias de Ubirat\u00e3, regi\u00e3o, Brasil e mundo, com informa\u00e7\u00e3o atualizada e compromisso com o leitor.","publisher":{"@id":"https:\/\/ubirataonline.com.br\/#organization"},"alternateName":"Ubirat\u00e3 Online","potentialAction":[{"@type":"SearchAction","target":{"@type":"EntryPoint","urlTemplate":"https:\/\/ubirataonline.com.br\/?s={search_term_string}"},"query-input":{"@type":"PropertyValueSpecification","valueRequired":true,"valueName":"search_term_string"}}],"inLanguage":"en-US"},{"@type":["Organization","Place"],"@id":"https:\/\/ubirataonline.com.br\/#organization","name":"Ubirat\u00e3 Online Not\u00edcias","alternateName":"Ubirat\u00e3 Online","url":"https:\/\/ubirataonline.com.br\/","logo":{"@id":"https:\/\/ubirataonline.com.br\/viktor-orban-trump-could-soon-lose-his-best-friend-in-europe\/#local-main-organization-logo"},"image":{"@id":"https:\/\/ubirataonline.com.br\/viktor-orban-trump-could-soon-lose-his-best-friend-in-europe\/#local-main-organization-logo"},"sameAs":["https:\/\/www.facebook.com\/portalubirataonline","https:\/\/x.com\/ubirataonline","https:\/\/mastodon.social\/@ubirataonline","https:\/\/www.facebook.com\/groups\/311144672285604","https:\/\/www.facebook.com\/UBTAOnline","https:\/\/www.instagram.com\/portalubirataonline\/","https:\/\/twitter.com\/ubirataonline"],"description":"Somos um portal de not\u00edcias independente, criado em 5 de janeiro de 2009, com o objetivo de informar, conectar e valorizar a nossa comunidade de Ubirat\u00e3 e toda aregi\u00e3o. Com conte\u00fado atualizado, confi\u00e1vel e relevante, o Ubirat\u00e3 Online \u00e9 o seu espa\u00e7o para ficar por dentro dos principais acontecimentos locais, regionais, Brasil, Mundo e de interesse geral. Nosso compromisso \u00e9 com a verdade, a transpar\u00eancia e o respeito ao leitor.","legalName":"UBIRATA ONLINE NOT\u00cdCIAS","foundingDate":"2009-01-05","numberOfEmployees":{"@type":"QuantitativeValue","minValue":"1","maxValue":"10"},"publishingPrinciples":"https:\/\/ubirataonline.com.br\/faq\/","address":{"@id":"https:\/\/ubirataonline.com.br\/viktor-orban-trump-could-soon-lose-his-best-friend-in-europe\/#local-main-place-address"},"geo":{"@type":"GeoCoordinates","latitude":"-24.5361401","longitude":"-52.9921776"},"telephone":["+5544998308235"],"contactPoint":{"@type":"ContactPoint","email":"contato@ubirataonline.com.br"},"openingHoursSpecification":{"@type":"OpeningHoursSpecification","dayOfWeek":["Monday","Tuesday","Wednesday","Thursday","Friday","Saturday","Sunday"],"opens":"00:00","closes":"23:59"},"email":"contato@ubirataonline.com.br","vatID":"47.621.418\/0001-80"},{"@type":"Person","@id":"https:\/\/ubirataonline.com.br\/#\/schema\/person\/372f87bbd3fdd79b8556b84c98d0bc1c","name":"REDA\u00c7\u00c3O: UBIRAT\u00c3 ONLINE - F\u00c1BIO AUGUSTO CELESTINO","pronouns":"Ele","description":"Desde 2003 trabalhando com not\u00edcias.","sameAs":["http:\/\/ubirataoline.com.br","https:\/\/www.facebook.com\/portalubirataonline","https:\/\/www.instagram.com\/ubirataonline_oficial","https:\/\/x.com\/x.com\/ubirataonline"],"honorificPrefix":"Mr.","honorificSuffix":"MD","birthDate":"1980-06-16","gender":"masculino","award":["V\u00e1rios pr\u00eamios de melhor portal da cidade"],"jobTitle":"Diretor","url":"https:\/\/ubirataonline.com.br\/en\/author\/ubirataonline\/"},{"@type":"PostalAddress","@id":"https:\/\/ubirataonline.com.br\/viktor-orban-trump-could-soon-lose-his-best-friend-in-europe\/#local-main-place-address","streetAddress":"Rua dos Coqueiros, 104 - Bairro Boa Vista, Rua dos Coqueiros, 104 Bairro Boa Vista","addressLocality":"UBIRATA","postalCode":"85440-000","addressRegion":"PR","addressCountry":"BR"},{"@type":"ImageObject","inLanguage":"en-US","@id":"https:\/\/ubirataonline.com.br\/viktor-orban-trump-could-soon-lose-his-best-friend-in-europe\/#local-main-organization-logo","url":"https:\/\/ubirataonline.com.br\/wp-content\/uploads\/2026\/06\/logoubirataonline-1.webp","contentUrl":"https:\/\/ubirataonline.com.br\/wp-content\/uploads\/2026\/06\/logoubirataonline-1.webp","width":500,"height":500,"caption":"Ubirat\u00e3 Online Not\u00edcias"}]},"geo.placename":"UBIRATA","geo.position":{"lat":"-24.5361401","long":"-52.9921776"},"geo.region":"Brazil"},"_links":{"self":[{"href":"https:\/\/ubirataonline.com.br\/en\/wp-json\/wp\/v2\/posts\/102007","targetHints":{"allow":["GET"]}}],"collection":[{"href":"https:\/\/ubirataonline.com.br\/en\/wp-json\/wp\/v2\/posts"}],"about":[{"href":"https:\/\/ubirataonline.com.br\/en\/wp-json\/wp\/v2\/types\/post"}],"author":[{"embeddable":true,"href":"https:\/\/ubirataonline.com.br\/en\/wp-json\/wp\/v2\/users\/1"}],"replies":[{"embeddable":true,"href":"https:\/\/ubirataonline.com.br\/en\/wp-json\/wp\/v2\/comments?post=102007"}],"version-history":[{"count":0,"href":"https:\/\/ubirataonline.com.br\/en\/wp-json\/wp\/v2\/posts\/102007\/revisions"}],"wp:featuredmedia":[{"embeddable":true,"href":"https:\/\/ubirataonline.com.br\/en\/wp-json\/wp\/v2\/media\/102008"}],"wp:attachment":[{"href":"https:\/\/ubirataonline.com.br\/en\/wp-json\/wp\/v2\/media?parent=102007"}],"wp:term":[{"taxonomy":"category","embeddable":true,"href":"https:\/\/ubirataonline.com.br\/en\/wp-json\/wp\/v2\/categories?post=102007"},{"taxonomy":"post_tag","embeddable":true,"href":"https:\/\/ubirataonline.com.br\/en\/wp-json\/wp\/v2\/tags?post=102007"}],"curies":[{"name":"wp","href":"https:\/\/api.w.org\/{rel}","templated":true}]}}