{"id":102271,"date":"2026-04-09T13:27:38","date_gmt":"2026-04-09T16:27:38","guid":{"rendered":"https:\/\/ubirataonline.com.br\/mutirao-da-pericia-medica-realizara-quase-13-mil-atendimentos-no-proximo-fim-de-semana-ministerio-da-previdencia-social\/"},"modified":"2026-04-09T13:27:40","modified_gmt":"2026-04-09T16:27:40","slug":"mutirao-da-pericia-medica-realizara-quase-13-mil-atendimentos-no-proximo-fim-de-semana-ministerio-da-previdencia-social","status":"publish","type":"post","link":"https:\/\/ubirataonline.com.br\/en\/mutirao-da-pericia-medica-realizara-quase-13-mil-atendimentos-no-proximo-fim-de-semana-ministerio-da-previdencia-social\/","title":{"rendered":"Mutir\u00e3o da Per\u00edcia M\u00e9dica realizar\u00e1 quase 13 mil atendimentos no pr\u00f3ximo fim de semana \u2014 Minist\u00e9rio da Previd\u00eancia Social"},"content":{"rendered":"<p><\/p>\n<div id=\"parent-fieldname-text\">\n<div property=\"rnews:articleBody\">\n<p><span>O Minist\u00e9rio da Previd\u00eancia Social, por meio da Per\u00edcia M\u00e9dica Federal, e o Instituto Nacional do Seguro Social (INSS) realizar\u00e3o mutir\u00e3o neste fim de semana (11 e 12 de abril) em cidades de 12 estados brasileiros. Ser\u00e3o realizadas mais de 13 mil per\u00edcias m\u00e9dicas, para benef\u00edcios por incapacidade e assistenciais (BPC\/LOAS), contribuindo para a redu\u00e7\u00e3o do tempo de espera dos cidad\u00e3os.<\/span><\/p>\n<p><span>As per\u00edcias ser\u00e3o realizadas por meio de atendimentos presenciais e de Per\u00edcia Conectada &#8211; modalidade de teleatendimento que amplia o acesso da popula\u00e7\u00e3o \u00e0 per\u00edcia m\u00e9dica, especialmente em regi\u00f5es com escassez de profissionais peritos. Essa modalidade ajuda a reduzir o tempo de espera e evita que os segurados enfrentem longos deslocamentos para obter atendimento. A Per\u00edcia Conectada traz a mesma seguran\u00e7a e os mesmos princ\u00edpios basilares do atendimento presencial, onde a privacidade e o sigilo do atendimento pericial s\u00e3o inegoci\u00e1veis, se mantendo tamb\u00e9m a autonomia do perito de decidir a modalidade do atendimento.<\/span><\/p>\n<p><span>Os mutir\u00f5es visam garantir mais agilidade na an\u00e1lise dos benef\u00edcios. A iniciativa integra o esfor\u00e7o cont\u00ednuo para reduzir a fila de espera e otimizar o atendimento \u00e0 popula\u00e7\u00e3o.<\/span><\/p>\n<p><strong>SERVI\u00c7O<\/strong><\/p>\n<p><span>Os segurados que desejarem antecipar suas per\u00edcias podem entrar em contato pelo telefone 135, que funciona de segunda a s\u00e1bado, das 7h \u00e0s 22h; ou acessar o servi\u00e7o pelo Meu INSS, no site ou aplicativo para celular.<\/span><\/p>\n<p><span>Ao confirmar o agendamento da avalia\u00e7\u00e3o m\u00e9dico pericial, o requerente dever\u00e1 comparecer \u00e0 ag\u00eancia no dia e hor\u00e1rio marcados.<\/span><\/p>\n<p><span>Quem n\u00e3o conseguiu participar dos \u00faltimos mutir\u00f5es pode ficar atento e se programar, j\u00e1 que a a\u00e7\u00e3o acontece de 15 em 15 dias, com atendimentos em todo o pais. A pr\u00f3xima data prevista para a realiza\u00e7\u00e3o de mutir\u00f5es \u00e9 nos dias 25 e 26 de abril.<\/span><\/p>\n<p><span>Confira os locais onde h\u00e1 vagas para agendamento:<\/span><\/p>\n<div style=\"max-width: 100%; min-width: 300px; margin: 20px auto; padding: 16px; border: 1px solid #ddd; border-radius: 10px; box-shadow: 0 4px 8px rgba(0, 0, 0, 0.15); font-family: sans-serif; overflow-x: auto;\">\n<p style=\"color: #333; font-size: 1.2em; margin-bottom: 15px; text-align: center; font-weight: 600;\">Mutir\u00f5es da Per\u00edcia M\u00e9dica Federal<br \/>em 11 e 12 de abril de 2026<\/p>\n<div style=\"overflow-x: auto; -webkit-overflow-scrolling: touch;\">\n<table style=\"min-width: 500px; width: 100%; border-collapse: collapse; font-size: 14px;\">\n<thead>\n<tr>\n<th style=\"background-color: #bce7c0; padding: 8px; border: 1px solid #e8f5e9; text-align: left; color: #555;\"><b>UF<\/b><\/th>\n<th style=\"background-color: #bce7c0; padding: 8px; border: 1px solid #e8f5e9; text-align: left; color: #555;\"><b>Unidade<\/b><\/th>\n<th style=\"background-color: #bce7c0; padding: 8px; border: 1px solid #e8f5e9; text-align: left; color: #555;\"><b>Oferta Total<\/b><\/th>\n<th style=\"background-color: #bce7c0; padding: 8px; border: 1px solid #e8f5e9; text-align: left; color: #555;\"><b>Agendados<\/b><\/th>\n<th style=\"background-color: #bce7c0; padding: 8px; border: 1px solid #e8f5e9; text-align: left; color: #555;\"><b>Vagas Dispon\u00edveis<\/b><\/th>\n<\/tr>\n<\/thead>\n<tbody>\n<tr>\n<td style=\"padding: 8px; border: 1px solid #ddd;\">SP<\/td>\n<td style=\"padding: 8px; border: 1px solid #ddd;\">APS S\u00c3O VICENTE<\/td>\n<td style=\"padding: 8px; border: 1px solid #ddd;\">104<\/td>\n<td style=\"padding: 8px; border: 1px solid #ddd;\">28<\/td>\n<td style=\"padding: 8px; border: 1px solid #ddd;\">76<\/td>\n<\/tr>\n<tr>\n<td style=\"padding: 8px; border: 1px solid #ddd;\">SP<\/td>\n<td style=\"padding: 8px; border: 1px solid #ddd;\">APS CUBAT\u00c3O<\/td>\n<td style=\"padding: 8px; border: 1px solid #ddd;\">48<\/td>\n<td style=\"padding: 8px; border: 1px solid #ddd;\">19<\/td>\n<td style=\"padding: 8px; border: 1px solid #ddd;\">29<\/td>\n<\/tr>\n<tr>\n<td style=\"padding: 8px; border: 1px solid #ddd;\">SP<\/td>\n<td style=\"padding: 8px; border: 1px solid #ddd;\">APS PRAIA GRANDE<\/td>\n<td style=\"padding: 8px; border: 1px solid #ddd;\">36<\/td>\n<td style=\"padding: 8px; border: 1px solid #ddd;\">27<\/td>\n<td style=\"padding: 8px; border: 1px solid #ddd;\">9<\/td>\n<\/tr>\n<tr>\n<td style=\"padding: 8px; border: 1px solid #ddd;\">MG<\/td>\n<td style=\"padding: 8px; border: 1px solid #ddd;\">APS MONTES CLAROS<\/td>\n<td style=\"padding: 8px; border: 1px solid #ddd;\">384<\/td>\n<td style=\"padding: 8px; border: 1px solid #ddd;\">116<\/td>\n<td style=\"padding: 8px; border: 1px solid #ddd;\">268<\/td>\n<\/tr>\n<tr>\n<td style=\"padding: 8px; border: 1px solid #ddd;\">MG<\/td>\n<td style=\"padding: 8px; border: 1px solid #ddd;\">APS PEDRA AZUL<\/td>\n<td style=\"padding: 8px; border: 1px solid #ddd;\">144<\/td>\n<td style=\"padding: 8px; border: 1px solid #ddd;\">38<\/td>\n<td style=\"padding: 8px; border: 1px solid #ddd;\">106<\/td>\n<\/tr>\n<tr>\n<td style=\"padding: 8px; border: 1px solid #ddd;\">AL<\/td>\n<td style=\"padding: 8px; border: 1px solid #ddd;\">APS MACEI\u00d3 &#8211; JATI\u00daCA<\/td>\n<td style=\"padding: 8px; border: 1px solid #ddd;\">1.020<\/td>\n<td style=\"padding: 8px; border: 1px solid #ddd;\">132<\/td>\n<td style=\"padding: 8px; border: 1px solid #ddd;\">888<\/td>\n<\/tr>\n<tr>\n<td style=\"padding: 8px; border: 1px solid #ddd;\">AL<\/td>\n<td style=\"padding: 8px; border: 1px solid #ddd;\">APS UNI\u00c3O DOS PALMARES<\/td>\n<td style=\"padding: 8px; border: 1px solid #ddd;\">550<\/td>\n<td style=\"padding: 8px; border: 1px solid #ddd;\">21<\/td>\n<td style=\"padding: 8px; border: 1px solid #ddd;\">529<\/td>\n<\/tr>\n<tr>\n<td style=\"padding: 8px; border: 1px solid #ddd;\">BA<\/td>\n<td style=\"padding: 8px; border: 1px solid #ddd;\">APS SALVADOR &#8211; RUA ODILON D\u00d3REA<\/td>\n<td style=\"padding: 8px; border: 1px solid #ddd;\">1.807<\/td>\n<td style=\"padding: 8px; border: 1px solid #ddd;\">186<\/td>\n<td style=\"padding: 8px; border: 1px solid #ddd;\">1.621<\/td>\n<\/tr>\n<tr>\n<td style=\"padding: 8px; border: 1px solid #ddd;\">BA<\/td>\n<td style=\"padding: 8px; border: 1px solid #ddd;\">APS SANTO ANT\u00d4NIO DE JESUS<\/td>\n<td style=\"padding: 8px; border: 1px solid #ddd;\">360<\/td>\n<td style=\"padding: 8px; border: 1px solid #ddd;\">105<\/td>\n<td style=\"padding: 8px; border: 1px solid #ddd;\">255<\/td>\n<\/tr>\n<tr>\n<td style=\"padding: 8px; border: 1px solid #ddd;\">BA<\/td>\n<td style=\"padding: 8px; border: 1px solid #ddd;\">APS FEIRA DE SANTANA<\/td>\n<td style=\"padding: 8px; border: 1px solid #ddd;\">350<\/td>\n<td style=\"padding: 8px; border: 1px solid #ddd;\">303<\/td>\n<td style=\"padding: 8px; border: 1px solid #ddd;\">47<\/td>\n<\/tr>\n<tr>\n<td style=\"padding: 8px; border: 1px solid #ddd;\">BA<\/td>\n<td style=\"padding: 8px; border: 1px solid #ddd;\">APS PARIPIRANGA<\/td>\n<td style=\"padding: 8px; border: 1px solid #ddd;\">32<\/td>\n<td style=\"padding: 8px; border: 1px solid #ddd;\">18<\/td>\n<td style=\"padding: 8px; border: 1px solid #ddd;\">14<\/td>\n<\/tr>\n<tr>\n<td style=\"padding: 8px; border: 1px solid #ddd;\">BA<\/td>\n<td style=\"padding: 8px; border: 1px solid #ddd;\">APS ILH\u00c9US<\/td>\n<td style=\"padding: 8px; border: 1px solid #ddd;\">25<\/td>\n<td style=\"padding: 8px; border: 1px solid #ddd;\">25<\/td>\n<td style=\"padding: 8px; border: 1px solid #ddd;\">0<\/td>\n<\/tr>\n<tr>\n<td style=\"padding: 8px; border: 1px solid #ddd;\">PE<\/td>\n<td style=\"padding: 8px; border: 1px solid #ddd;\">APS RECIFE &#8211; ENCRUZILHADA<\/td>\n<td style=\"padding: 8px; border: 1px solid #ddd;\">1.180<\/td>\n<td style=\"padding: 8px; border: 1px solid #ddd;\">35<\/td>\n<td style=\"padding: 8px; border: 1px solid #ddd;\">1.145<\/td>\n<\/tr>\n<tr>\n<td style=\"padding: 8px; border: 1px solid #ddd;\">MA<\/td>\n<td style=\"padding: 8px; border: 1px solid #ddd;\">APS TIMON<\/td>\n<td style=\"padding: 8px; border: 1px solid #ddd;\">578<\/td>\n<td style=\"padding: 8px; border: 1px solid #ddd;\">8<\/td>\n<td style=\"padding: 8px; border: 1px solid #ddd;\">570<\/td>\n<\/tr>\n<tr>\n<td style=\"padding: 8px; border: 1px solid #ddd;\">RN<\/td>\n<td style=\"padding: 8px; border: 1px solid #ddd;\">APS MOSSOR\u00d3<\/td>\n<td style=\"padding: 8px; border: 1px solid #ddd;\">418<\/td>\n<td style=\"padding: 8px; border: 1px solid #ddd;\">77<\/td>\n<td style=\"padding: 8px; border: 1px solid #ddd;\">341<\/td>\n<\/tr>\n<tr>\n<td style=\"padding: 8px; border: 1px solid #ddd;\">RN<\/td>\n<td style=\"padding: 8px; border: 1px solid #ddd;\">APS CURRAIS NOVOS<\/td>\n<td style=\"padding: 8px; border: 1px solid #ddd;\">60<\/td>\n<td style=\"padding: 8px; border: 1px solid #ddd;\">4<\/td>\n<td style=\"padding: 8px; border: 1px solid #ddd;\">56<\/td>\n<\/tr>\n<tr>\n<td style=\"padding: 8px; border: 1px solid #ddd;\">PI<\/td>\n<td style=\"padding: 8px; border: 1px solid #ddd;\">APS TERESINA &#8211; LESTE<\/td>\n<td style=\"padding: 8px; border: 1px solid #ddd;\">1.500<\/td>\n<td style=\"padding: 8px; border: 1px solid #ddd;\">55<\/td>\n<td style=\"padding: 8px; border: 1px solid #ddd;\">1.445<\/td>\n<\/tr>\n<tr>\n<td style=\"padding: 8px; border: 1px solid #ddd;\">PI<\/td>\n<td style=\"padding: 8px; border: 1px solid #ddd;\">APS PICOS<\/td>\n<td style=\"padding: 8px; border: 1px solid #ddd;\">566<\/td>\n<td style=\"padding: 8px; border: 1px solid #ddd;\">127<\/td>\n<td style=\"padding: 8px; border: 1px solid #ddd;\">439<\/td>\n<\/tr>\n<tr>\n<td style=\"padding: 8px; border: 1px solid #ddd;\">PI<\/td>\n<td style=\"padding: 8px; border: 1px solid #ddd;\">APS TERESINA &#8211; CENTRO<\/td>\n<td style=\"padding: 8px; border: 1px solid #ddd;\">373<\/td>\n<td style=\"padding: 8px; border: 1px solid #ddd;\">124<\/td>\n<td style=\"padding: 8px; border: 1px solid #ddd;\">249<\/td>\n<\/tr>\n<tr>\n<td style=\"padding: 8px; border: 1px solid #ddd;\">PI<\/td>\n<td style=\"padding: 8px; border: 1px solid #ddd;\">APS CAMPO MAIOR<\/td>\n<td style=\"padding: 8px; border: 1px solid #ddd;\">286<\/td>\n<td style=\"padding: 8px; border: 1px solid #ddd;\">18<\/td>\n<td style=\"padding: 8px; border: 1px solid #ddd;\">268<\/td>\n<\/tr>\n<tr>\n<td style=\"padding: 8px; border: 1px solid #ddd;\">PI<\/td>\n<td style=\"padding: 8px; border: 1px solid #ddd;\">APS FLORIANO<\/td>\n<td style=\"padding: 8px; border: 1px solid #ddd;\">89<\/td>\n<td style=\"padding: 8px; border: 1px solid #ddd;\">53<\/td>\n<td style=\"padding: 8px; border: 1px solid #ddd;\">36<\/td>\n<\/tr>\n<tr>\n<td style=\"padding: 8px; border: 1px solid #ddd;\">PB<\/td>\n<td style=\"padding: 8px; border: 1px solid #ddd;\">APS CAMPINA GRANDE &#8211; DINAM\u00c9RICA<\/td>\n<td style=\"padding: 8px; border: 1px solid #ddd;\">373<\/td>\n<td style=\"padding: 8px; border: 1px solid #ddd;\">61<\/td>\n<td style=\"padding: 8px; border: 1px solid #ddd;\">312<\/td>\n<\/tr>\n<tr>\n<td style=\"padding: 8px; border: 1px solid #ddd;\">PA<\/td>\n<td style=\"padding: 8px; border: 1px solid #ddd;\">APS BEL\u00c9M &#8211; MARCO<\/td>\n<td style=\"padding: 8px; border: 1px solid #ddd;\">330<\/td>\n<td style=\"padding: 8px; border: 1px solid #ddd;\">208<\/td>\n<td style=\"padding: 8px; border: 1px solid #ddd;\">122<\/td>\n<\/tr>\n<tr>\n<td style=\"padding: 8px; border: 1px solid #ddd;\">PA<\/td>\n<td style=\"padding: 8px; border: 1px solid #ddd;\">APS BEL\u00c9M &#8211; NAZAR\u00c9<\/td>\n<td style=\"padding: 8px; border: 1px solid #ddd;\">210<\/td>\n<td style=\"padding: 8px; border: 1px solid #ddd;\">210<\/td>\n<td style=\"padding: 8px; border: 1px solid #ddd;\">0<\/td>\n<\/tr>\n<tr>\n<td style=\"padding: 8px; border: 1px solid #ddd;\">PA<\/td>\n<td style=\"padding: 8px; border: 1px solid #ddd;\">APS CAPANEMA<\/td>\n<td style=\"padding: 8px; border: 1px solid #ddd;\">150<\/td>\n<td style=\"padding: 8px; border: 1px solid #ddd;\">92<\/td>\n<td style=\"padding: 8px; border: 1px solid #ddd;\">58<\/td>\n<\/tr>\n<tr>\n<td style=\"padding: 8px; border: 1px solid #ddd;\">PA<\/td>\n<td style=\"padding: 8px; border: 1px solid #ddd;\">APS BRAGAN\u00c7A<\/td>\n<td style=\"padding: 8px; border: 1px solid #ddd;\">90<\/td>\n<td style=\"padding: 8px; border: 1px solid #ddd;\">32<\/td>\n<td style=\"padding: 8px; border: 1px solid #ddd;\">58<\/td>\n<\/tr>\n<tr>\n<td style=\"padding: 8px; border: 1px solid #ddd;\">PA<\/td>\n<td style=\"padding: 8px; border: 1px solid #ddd;\">APS CASTANHAL<\/td>\n<td style=\"padding: 8px; border: 1px solid #ddd;\">90<\/td>\n<td style=\"padding: 8px; border: 1px solid #ddd;\">90<\/td>\n<td style=\"padding: 8px; border: 1px solid #ddd;\">0<\/td>\n<\/tr>\n<tr>\n<td style=\"padding: 8px; border: 1px solid #ddd;\">TO<\/td>\n<td style=\"padding: 8px; border: 1px solid #ddd;\">APS PALMAS<\/td>\n<td style=\"padding: 8px; border: 1px solid #ddd;\">712<\/td>\n<td style=\"padding: 8px; border: 1px solid #ddd;\">125<\/td>\n<td style=\"padding: 8px; border: 1px solid #ddd;\">587<\/td>\n<\/tr>\n<tr>\n<td style=\"padding: 8px; border: 1px solid #ddd;\">RJ<\/td>\n<td style=\"padding: 8px; border: 1px solid #ddd;\">APS RESENDE<\/td>\n<td style=\"padding: 8px; border: 1px solid #ddd;\">334<\/td>\n<td style=\"padding: 8px; border: 1px solid #ddd;\">136<\/td>\n<td style=\"padding: 8px; border: 1px solid #ddd;\">198<\/td>\n<\/tr>\n<tr>\n<td style=\"padding: 8px; border: 1px solid #ddd;\">RJ<\/td>\n<td style=\"padding: 8px; border: 1px solid #ddd;\">APS ANGRA DOS REIS<\/td>\n<td style=\"padding: 8px; border: 1px solid #ddd;\">312<\/td>\n<td style=\"padding: 8px; border: 1px solid #ddd;\">47<\/td>\n<td style=\"padding: 8px; border: 1px solid #ddd;\">265<\/td>\n<\/tr>\n<tr>\n<td style=\"padding: 8px; border: 1px solid #ddd;\">RJ<\/td>\n<td style=\"padding: 8px; border: 1px solid #ddd;\">APS TR\u00caS RIOS<\/td>\n<td style=\"padding: 8px; border: 1px solid #ddd;\">184<\/td>\n<td style=\"padding: 8px; border: 1px solid #ddd;\">76<\/td>\n<td style=\"padding: 8px; border: 1px solid #ddd;\">108<\/td>\n<\/tr>\n<tr>\n<td style=\"padding: 8px; border: 1px solid #ddd;\">RJ<\/td>\n<td style=\"padding: 8px; border: 1px solid #ddd;\">APS MACA\u00c9<\/td>\n<td style=\"padding: 8px; border: 1px solid #ddd;\">36<\/td>\n<td style=\"padding: 8px; border: 1px solid #ddd;\">26<\/td>\n<td style=\"padding: 8px; border: 1px solid #ddd;\">10<\/td>\n<\/tr>\n<tr>\n<td style=\"padding: 8px; border: 1px solid #ddd; font-weight: bold;\">TOTAL<\/td>\n<td style=\"padding: 8px; border: 1px solid #ddd; font-weight: bold;\">&#8211;<\/td>\n<td style=\"padding: 8px; border: 1px solid #ddd; font-weight: bold;\">12.627<\/td>\n<td style=\"padding: 8px; border: 1px solid #ddd; font-weight: bold;\">2.594<\/td>\n<td style=\"padding: 8px; border: 1px solid #ddd; font-weight: bold;\">10.033<\/td>\n<\/tr>\n<\/tbody>\n<\/table><\/div>\n<\/div>\n<\/div><\/div>\n<p><script type=\"text\">\n    (function() {\n        var po = document.createElement('script');\n        po.async = true;\n        po.src = document.location.protocol + '\/\/connect.facebook.net\/pt_BR\/all.js#xfbml=1';\n        var head = document.getElementsByTagName('head')[0];\n        head.appendChild(po);\n    }());\n    <\/script><br \/>\n<br \/><a href=\"https:\/\/www.gov.br\/previdencia\/pt-br\/noticias\/2026\/abril\/mutirao-da-pericia-medica-federal-realizara-quase-13-mil-atendimentos-no-proximo-fim-de-semana\">Fonte do Artigo <\/a><\/p>\n","protected":false},"excerpt":{"rendered":"<p>O Minist\u00e9rio da Previd\u00eancia Social, por meio da Per\u00edcia M\u00e9dica Federal, e o Instituto Nacional do Seguro Social (INSS) realizar\u00e3o mutir\u00e3o neste fim de semana (11 e 12 de abril) em cidades de 12 estados brasileiros. Ser\u00e3o realizadas mais de 13 mil per\u00edcias m\u00e9dicas, para benef\u00edcios por incapacidade e assistenciais (BPC\/LOAS), contribuindo para a redu\u00e7\u00e3o [&hellip;]<\/p>\n","protected":false},"author":1,"featured_media":102272,"comment_status":"closed","ping_status":"","sticky":false,"template":"","format":"standard","meta":{"googlesitekit_rrm_CAow2JLhCw:productID":"","_gspb_post_css":"","maa_idioma":"","maa_pais":"","footnotes":""},"categories":[4],"tags":[6254,3531,24108,3454,3438,15006,26154,1837,5140,3986,23814,3268,146],"class_list":["post-102271","post","type-post","status-publish","format-standard","has-post-thumbnail","hentry","category-brasil","tag-atendimentos","tag-fim","tag-medica","tag-mil","tag-ministerio","tag-mutirao","tag-pericia","tag-previdencia","tag-proximo","tag-quase","tag-realizara","tag-semana","tag-social"],"blocksy_meta":[],"yoast_head":"<!-- This site is optimized with the Yoast SEO Premium plugin v27.6 (Yoast SEO v27.6) - https:\/\/yoast.com\/product\/yoast-seo-premium-wordpress\/ -->\n<title>Mutir\u00e3o da Per\u00edcia M\u00e9dica realizar\u00e1 quase 13 mil atendimentos no pr\u00f3ximo fim de semana \u2014 Minist\u00e9rio da Previd\u00eancia Social - Ubirat\u00e3 Online Not\u00edcias - A realidade ao seu alcance!<\/title>\n<meta name=\"description\" content=\"O Minist\u00e9rio da Previd\u00eancia Social, por meio da Per\u00edcia M\u00e9dica Federal, e o Instituto Nacional do Seguro Social (INSS) realizar\u00e3o mutir\u00e3o neste fim de\" \/>\n<meta name=\"robots\" content=\"index, follow, max-snippet:-1, max-image-preview:large, max-video-preview:-1\" \/>\n<link rel=\"canonical\" href=\"https:\/\/ubirataonline.com.br\/en\/mutirao-da-pericia-medica-realizara-quase-13-mil-atendimentos-no-proximo-fim-de-semana-ministerio-da-previdencia-social\/\" \/>\n<meta property=\"og:locale\" content=\"en_US\" \/>\n<meta property=\"og:type\" content=\"article\" \/>\n<meta property=\"og:title\" content=\"Mutir\u00e3o da Per\u00edcia M\u00e9dica realizar\u00e1 quase 13 mil atendimentos no pr\u00f3ximo fim de semana \u2014 Minist\u00e9rio da Previd\u00eancia Social\" \/>\n<meta property=\"og:description\" content=\"O Minist\u00e9rio da Previd\u00eancia Social, por meio da Per\u00edcia M\u00e9dica Federal, e o Instituto Nacional do Seguro Social (INSS) realizar\u00e3o mutir\u00e3o neste fim de\" \/>\n<meta property=\"og:url\" content=\"https:\/\/ubirataonline.com.br\/en\/mutirao-da-pericia-medica-realizara-quase-13-mil-atendimentos-no-proximo-fim-de-semana-ministerio-da-previdencia-social\/\" \/>\n<meta property=\"og:site_name\" content=\"Ubirat\u00e3 Online Not\u00edcias - A realidade ao seu alcance!\" \/>\n<meta property=\"article:publisher\" content=\"https:\/\/www.facebook.com\/portalubirataonline\" \/>\n<meta property=\"article:author\" content=\"https:\/\/www.facebook.com\/portalubirataonline\" \/>\n<meta property=\"article:published_time\" content=\"2026-04-09T16:27:38+00:00\" \/>\n<meta property=\"article:modified_time\" content=\"2026-04-09T16:27:40+00:00\" \/>\n<meta property=\"og:image\" content=\"https:\/\/ubirataonline.com.br\/wp-content\/uploads\/2026\/04\/Mutirao-da-Pericia-Medica-realizara-quase-13-mil-atendimentos-no.jpeg\" \/>\n\t<meta property=\"og:image:width\" content=\"768\" \/>\n\t<meta property=\"og:image:height\" content=\"432\" \/>\n\t<meta property=\"og:image:type\" content=\"image\/jpeg\" \/>\n<meta name=\"author\" content=\"REDA\u00c7\u00c3O: UBIRAT\u00c3 ONLINE - F\u00c1BIO AUGUSTO CELESTINO\" \/>\n<meta name=\"twitter:card\" content=\"summary_large_image\" \/>\n<meta name=\"twitter:creator\" content=\"@x.com\/ubirataonline\" \/>\n<meta name=\"twitter:site\" content=\"@ubirataonline\" \/>\n<meta name=\"twitter:label1\" content=\"Written by\" \/>\n\t<meta name=\"twitter:data1\" content=\"REDA\u00c7\u00c3O: UBIRAT\u00c3 ONLINE - F\u00c1BIO AUGUSTO CELESTINO\" \/>\n\t<meta name=\"twitter:label2\" content=\"Est. reading time\" \/>\n\t<meta name=\"twitter:data2\" content=\"2 minutes\" \/>\n<script type=\"application\/ld+json\" class=\"yoast-schema-graph\">{\"@context\":\"https:\\\/\\\/schema.org\",\"@graph\":[{\"@type\":\"NewsArticle\",\"@id\":\"https:\\\/\\\/ubirataonline.com.br\\\/mutirao-da-pericia-medica-realizara-quase-13-mil-atendimentos-no-proximo-fim-de-semana-ministerio-da-previdencia-social\\\/#article\",\"isPartOf\":{\"@id\":\"https:\\\/\\\/ubirataonline.com.br\\\/mutirao-da-pericia-medica-realizara-quase-13-mil-atendimentos-no-proximo-fim-de-semana-ministerio-da-previdencia-social\\\/\"},\"author\":{\"name\":\"REDA\u00c7\u00c3O: UBIRAT\u00c3 ONLINE - F\u00c1BIO AUGUSTO CELESTINO\",\"@id\":\"https:\\\/\\\/ubirataonline.com.br\\\/#\\\/schema\\\/person\\\/372f87bbd3fdd79b8556b84c98d0bc1c\"},\"headline\":\"Mutir\u00e3o da Per\u00edcia M\u00e9dica realizar\u00e1 quase 13 mil atendimentos no pr\u00f3ximo fim de semana \u2014 Minist\u00e9rio da Previd\u00eancia Social\",\"datePublished\":\"2026-04-09T16:27:38+00:00\",\"dateModified\":\"2026-04-09T16:27:40+00:00\",\"mainEntityOfPage\":{\"@id\":\"https:\\\/\\\/ubirataonline.com.br\\\/mutirao-da-pericia-medica-realizara-quase-13-mil-atendimentos-no-proximo-fim-de-semana-ministerio-da-previdencia-social\\\/\"},\"wordCount\":517,\"publisher\":{\"@id\":\"https:\\\/\\\/ubirataonline.com.br\\\/#organization\"},\"image\":{\"@id\":\"https:\\\/\\\/ubirataonline.com.br\\\/mutirao-da-pericia-medica-realizara-quase-13-mil-atendimentos-no-proximo-fim-de-semana-ministerio-da-previdencia-social\\\/#primaryimage\"},\"thumbnailUrl\":\"https:\\\/\\\/ubirataonline.com.br\\\/wp-content\\\/uploads\\\/2026\\\/04\\\/Mutirao-da-Pericia-Medica-realizara-quase-13-mil-atendimentos-no.jpeg\",\"keywords\":[\"atendimentos\",\"fim\",\"m\u00e9dica\",\"mil\",\"Minist\u00e9rio\",\"mutir\u00e3o\",\"Per\u00edcia\",\"Previd\u00eancia\",\"Pr\u00f3ximo\",\"quase\",\"realizar\u00e1\",\"semana\",\"social\"],\"articleSection\":[\"Brasil\"],\"inLanguage\":\"en-US\",\"copyrightYear\":\"2026\",\"copyrightHolder\":{\"@id\":\"https:\\\/\\\/ubirataonline.com.br\\\/en\\\/#organization\"}},{\"@type\":\"WebPage\",\"@id\":\"https:\\\/\\\/ubirataonline.com.br\\\/mutirao-da-pericia-medica-realizara-quase-13-mil-atendimentos-no-proximo-fim-de-semana-ministerio-da-previdencia-social\\\/\",\"url\":\"https:\\\/\\\/ubirataonline.com.br\\\/mutirao-da-pericia-medica-realizara-quase-13-mil-atendimentos-no-proximo-fim-de-semana-ministerio-da-previdencia-social\\\/\",\"name\":\"Mutir\u00e3o da Per\u00edcia M\u00e9dica realizar\u00e1 quase 13 mil atendimentos no pr\u00f3ximo fim de semana \u2014 Minist\u00e9rio da Previd\u00eancia Social - Ubirat\u00e3 Online Not\u00edcias - A realidade ao seu alcance!\",\"isPartOf\":{\"@id\":\"https:\\\/\\\/ubirataonline.com.br\\\/#website\"},\"primaryImageOfPage\":{\"@id\":\"https:\\\/\\\/ubirataonline.com.br\\\/mutirao-da-pericia-medica-realizara-quase-13-mil-atendimentos-no-proximo-fim-de-semana-ministerio-da-previdencia-social\\\/#primaryimage\"},\"image\":{\"@id\":\"https:\\\/\\\/ubirataonline.com.br\\\/mutirao-da-pericia-medica-realizara-quase-13-mil-atendimentos-no-proximo-fim-de-semana-ministerio-da-previdencia-social\\\/#primaryimage\"},\"thumbnailUrl\":\"https:\\\/\\\/ubirataonline.com.br\\\/wp-content\\\/uploads\\\/2026\\\/04\\\/Mutirao-da-Pericia-Medica-realizara-quase-13-mil-atendimentos-no.jpeg\",\"datePublished\":\"2026-04-09T16:27:38+00:00\",\"dateModified\":\"2026-04-09T16:27:40+00:00\",\"description\":\"O Minist\u00e9rio da Previd\u00eancia Social, por meio da Per\u00edcia M\u00e9dica Federal, e o Instituto Nacional do Seguro Social (INSS) realizar\u00e3o mutir\u00e3o neste fim de\",\"breadcrumb\":{\"@id\":\"https:\\\/\\\/ubirataonline.com.br\\\/mutirao-da-pericia-medica-realizara-quase-13-mil-atendimentos-no-proximo-fim-de-semana-ministerio-da-previdencia-social\\\/#breadcrumb\"},\"inLanguage\":\"en-US\",\"potentialAction\":[{\"@type\":\"ReadAction\",\"target\":[\"https:\\\/\\\/ubirataonline.com.br\\\/mutirao-da-pericia-medica-realizara-quase-13-mil-atendimentos-no-proximo-fim-de-semana-ministerio-da-previdencia-social\\\/\"]}]},{\"@type\":\"ImageObject\",\"inLanguage\":\"en-US\",\"@id\":\"https:\\\/\\\/ubirataonline.com.br\\\/mutirao-da-pericia-medica-realizara-quase-13-mil-atendimentos-no-proximo-fim-de-semana-ministerio-da-previdencia-social\\\/#primaryimage\",\"url\":\"https:\\\/\\\/ubirataonline.com.br\\\/wp-content\\\/uploads\\\/2026\\\/04\\\/Mutirao-da-Pericia-Medica-realizara-quase-13-mil-atendimentos-no.jpeg\",\"contentUrl\":\"https:\\\/\\\/ubirataonline.com.br\\\/wp-content\\\/uploads\\\/2026\\\/04\\\/Mutirao-da-Pericia-Medica-realizara-quase-13-mil-atendimentos-no.jpeg\",\"width\":768,\"height\":432,\"caption\":\"Mutir\u00e3o da Per\u00edcia M\u00e9dica realizar\u00e1 quase 13 mil atendimentos no pr\u00f3ximo fim de semana \u2014 Minist\u00e9rio da Previd\u00eancia Social\"},{\"@type\":\"BreadcrumbList\",\"@id\":\"https:\\\/\\\/ubirataonline.com.br\\\/mutirao-da-pericia-medica-realizara-quase-13-mil-atendimentos-no-proximo-fim-de-semana-ministerio-da-previdencia-social\\\/#breadcrumb\",\"itemListElement\":[{\"@type\":\"ListItem\",\"position\":1,\"name\":\"In\u00edcio\",\"item\":\"https:\\\/\\\/ubirataonline.com.br\\\/\"},{\"@type\":\"ListItem\",\"position\":2,\"name\":\"Mutir\u00e3o da Per\u00edcia M\u00e9dica realizar\u00e1 quase 13 mil atendimentos no pr\u00f3ximo fim de semana \u2014 Minist\u00e9rio da Previd\u00eancia Social\"}]},{\"@type\":\"WebSite\",\"@id\":\"https:\\\/\\\/ubirataonline.com.br\\\/#website\",\"url\":\"https:\\\/\\\/ubirataonline.com.br\\\/\",\"name\":\"Ubirat\u00e3 Online Not\u00edcias\",\"description\":\"Not\u00edcias de Ubirat\u00e3, regi\u00e3o, Brasil e mundo, com informa\u00e7\u00e3o atualizada e compromisso com o leitor.\",\"publisher\":{\"@id\":\"https:\\\/\\\/ubirataonline.com.br\\\/#organization\"},\"alternateName\":\"Ubirat\u00e3 Online\",\"potentialAction\":[{\"@type\":\"SearchAction\",\"target\":{\"@type\":\"EntryPoint\",\"urlTemplate\":\"https:\\\/\\\/ubirataonline.com.br\\\/?s={search_term_string}\"},\"query-input\":{\"@type\":\"PropertyValueSpecification\",\"valueRequired\":true,\"valueName\":\"search_term_string\"}}],\"inLanguage\":\"en-US\"},{\"@type\":[\"Organization\",\"Place\"],\"@id\":\"https:\\\/\\\/ubirataonline.com.br\\\/#organization\",\"name\":\"Ubirat\u00e3 Online Not\u00edcias\",\"alternateName\":\"Ubirat\u00e3 Online\",\"url\":\"https:\\\/\\\/ubirataonline.com.br\\\/\",\"logo\":{\"@id\":\"https:\\\/\\\/ubirataonline.com.br\\\/mutirao-da-pericia-medica-realizara-quase-13-mil-atendimentos-no-proximo-fim-de-semana-ministerio-da-previdencia-social\\\/#local-main-organization-logo\"},\"image\":{\"@id\":\"https:\\\/\\\/ubirataonline.com.br\\\/mutirao-da-pericia-medica-realizara-quase-13-mil-atendimentos-no-proximo-fim-de-semana-ministerio-da-previdencia-social\\\/#local-main-organization-logo\"},\"sameAs\":[\"https:\\\/\\\/www.facebook.com\\\/portalubirataonline\",\"https:\\\/\\\/x.com\\\/ubirataonline\",\"https:\\\/\\\/mastodon.social\\\/@ubirataonline\",\"https:\\\/\\\/www.facebook.com\\\/groups\\\/311144672285604\",\"https:\\\/\\\/www.facebook.com\\\/UBTAOnline\",\"https:\\\/\\\/www.instagram.com\\\/portalubirataonline\\\/\",\"https:\\\/\\\/twitter.com\\\/ubirataonline\"],\"description\":\"Somos um portal de not\u00edcias independente, criado em 5 de janeiro de 2009, com o objetivo de informar, conectar e valorizar a nossa comunidade de Ubirat\u00e3 e toda aregi\u00e3o. Com conte\u00fado atualizado, confi\u00e1vel e relevante, o Ubirat\u00e3 Online \u00e9 o seu espa\u00e7o para ficar por dentro dos principais acontecimentos locais, regionais, Brasil, Mundo e de interesse geral. Nosso compromisso \u00e9 com a verdade, a transpar\u00eancia e o respeito ao leitor.\",\"legalName\":\"UBIRATA ONLINE NOT\u00cdCIAS\",\"foundingDate\":\"2009-01-05\",\"numberOfEmployees\":{\"@type\":\"QuantitativeValue\",\"minValue\":\"1\",\"maxValue\":\"10\"},\"publishingPrinciples\":\"https:\\\/\\\/ubirataonline.com.br\\\/faq\\\/\",\"address\":{\"@id\":\"https:\\\/\\\/ubirataonline.com.br\\\/mutirao-da-pericia-medica-realizara-quase-13-mil-atendimentos-no-proximo-fim-de-semana-ministerio-da-previdencia-social\\\/#local-main-place-address\"},\"geo\":{\"@type\":\"GeoCoordinates\",\"latitude\":\"-24.5361401\",\"longitude\":\"-52.9921776\"},\"telephone\":[\"+5544998308235\"],\"contactPoint\":{\"@type\":\"ContactPoint\",\"email\":\"contato@ubirataonline.com.br\"},\"openingHoursSpecification\":{\"@type\":\"OpeningHoursSpecification\",\"dayOfWeek\":[\"Monday\",\"Tuesday\",\"Wednesday\",\"Thursday\",\"Friday\",\"Saturday\",\"Sunday\"],\"opens\":\"00:00\",\"closes\":\"23:59\"},\"email\":\"contato@ubirataonline.com.br\",\"vatID\":\"47.621.418\\\/0001-80\"},{\"@type\":\"Person\",\"@id\":\"https:\\\/\\\/ubirataonline.com.br\\\/#\\\/schema\\\/person\\\/372f87bbd3fdd79b8556b84c98d0bc1c\",\"name\":\"REDA\u00c7\u00c3O: UBIRAT\u00c3 ONLINE - F\u00c1BIO AUGUSTO CELESTINO\",\"pronouns\":\"Ele\",\"description\":\"Desde 2003 trabalhando com not\u00edcias.\",\"sameAs\":[\"http:\\\/\\\/ubirataoline.com.br\",\"https:\\\/\\\/www.facebook.com\\\/portalubirataonline\",\"https:\\\/\\\/www.instagram.com\\\/ubirataonline_oficial\",\"https:\\\/\\\/x.com\\\/x.com\\\/ubirataonline\"],\"honorificPrefix\":\"Mr.\",\"honorificSuffix\":\"MD\",\"birthDate\":\"1980-06-16\",\"gender\":\"masculino\",\"award\":[\"V\u00e1rios pr\u00eamios de melhor portal da cidade\"],\"jobTitle\":\"Diretor\",\"url\":\"https:\\\/\\\/ubirataonline.com.br\\\/en\\\/author\\\/ubirataonline\\\/\"},{\"@type\":\"PostalAddress\",\"@id\":\"https:\\\/\\\/ubirataonline.com.br\\\/mutirao-da-pericia-medica-realizara-quase-13-mil-atendimentos-no-proximo-fim-de-semana-ministerio-da-previdencia-social\\\/#local-main-place-address\",\"streetAddress\":\"Rua dos Coqueiros, 104 - Bairro Boa Vista, Rua dos Coqueiros, 104 Bairro Boa Vista\",\"addressLocality\":\"UBIRATA\",\"postalCode\":\"85440-000\",\"addressRegion\":\"PR\",\"addressCountry\":\"BR\"},{\"@type\":\"ImageObject\",\"inLanguage\":\"en-US\",\"@id\":\"https:\\\/\\\/ubirataonline.com.br\\\/mutirao-da-pericia-medica-realizara-quase-13-mil-atendimentos-no-proximo-fim-de-semana-ministerio-da-previdencia-social\\\/#local-main-organization-logo\",\"url\":\"https:\\\/\\\/ubirataonline.com.br\\\/wp-content\\\/uploads\\\/2026\\\/06\\\/logoubirataonline-1.webp\",\"contentUrl\":\"https:\\\/\\\/ubirataonline.com.br\\\/wp-content\\\/uploads\\\/2026\\\/06\\\/logoubirataonline-1.webp\",\"width\":500,\"height\":500,\"caption\":\"Ubirat\u00e3 Online Not\u00edcias\"}]}<\/script>\n<meta name=\"geo.placename\" content=\"UBIRATA\" \/>\n<meta name=\"geo.position\" content=\"-24.5361401;-52.9921776\" \/>\n<meta name=\"geo.region\" content=\"Brazil\" \/>\n<!-- \/ Yoast SEO Premium plugin. -->","yoast_head_json":{"title":"Mutir\u00e3o da Per\u00edcia M\u00e9dica realizar\u00e1 quase 13 mil atendimentos no pr\u00f3ximo fim de semana \u2014 Minist\u00e9rio da Previd\u00eancia Social - Ubirat\u00e3 Online Not\u00edcias - A realidade ao seu alcance!","description":"O Minist\u00e9rio da Previd\u00eancia Social, por meio da Per\u00edcia M\u00e9dica Federal, e o Instituto Nacional do Seguro Social (INSS) realizar\u00e3o mutir\u00e3o neste fim de","robots":{"index":"index","follow":"follow","max-snippet":"max-snippet:-1","max-image-preview":"max-image-preview:large","max-video-preview":"max-video-preview:-1"},"canonical":"https:\/\/ubirataonline.com.br\/en\/mutirao-da-pericia-medica-realizara-quase-13-mil-atendimentos-no-proximo-fim-de-semana-ministerio-da-previdencia-social\/","og_locale":"en_US","og_type":"article","og_title":"Mutir\u00e3o da Per\u00edcia M\u00e9dica realizar\u00e1 quase 13 mil atendimentos no pr\u00f3ximo fim de semana \u2014 Minist\u00e9rio da Previd\u00eancia Social","og_description":"O Minist\u00e9rio da Previd\u00eancia Social, por meio da Per\u00edcia M\u00e9dica Federal, e o Instituto Nacional do Seguro Social (INSS) realizar\u00e3o mutir\u00e3o neste fim de","og_url":"https:\/\/ubirataonline.com.br\/en\/mutirao-da-pericia-medica-realizara-quase-13-mil-atendimentos-no-proximo-fim-de-semana-ministerio-da-previdencia-social\/","og_site_name":"Ubirat\u00e3 Online Not\u00edcias - A realidade ao seu alcance!","article_publisher":"https:\/\/www.facebook.com\/portalubirataonline","article_author":"https:\/\/www.facebook.com\/portalubirataonline","article_published_time":"2026-04-09T16:27:38+00:00","article_modified_time":"2026-04-09T16:27:40+00:00","og_image":[{"width":768,"height":432,"url":"https:\/\/ubirataonline.com.br\/wp-content\/uploads\/2026\/04\/Mutirao-da-Pericia-Medica-realizara-quase-13-mil-atendimentos-no.jpeg","type":"image\/jpeg"}],"author":"REDA\u00c7\u00c3O: UBIRAT\u00c3 ONLINE - F\u00c1BIO AUGUSTO CELESTINO","twitter_card":"summary_large_image","twitter_creator":"@x.com\/ubirataonline","twitter_site":"@ubirataonline","twitter_misc":{"Written by":"REDA\u00c7\u00c3O: UBIRAT\u00c3 ONLINE - F\u00c1BIO AUGUSTO CELESTINO","Est. reading time":"2 minutes"},"schema":{"@context":"https:\/\/schema.org","@graph":[{"@type":"NewsArticle","@id":"https:\/\/ubirataonline.com.br\/mutirao-da-pericia-medica-realizara-quase-13-mil-atendimentos-no-proximo-fim-de-semana-ministerio-da-previdencia-social\/#article","isPartOf":{"@id":"https:\/\/ubirataonline.com.br\/mutirao-da-pericia-medica-realizara-quase-13-mil-atendimentos-no-proximo-fim-de-semana-ministerio-da-previdencia-social\/"},"author":{"name":"REDA\u00c7\u00c3O: UBIRAT\u00c3 ONLINE - F\u00c1BIO AUGUSTO CELESTINO","@id":"https:\/\/ubirataonline.com.br\/#\/schema\/person\/372f87bbd3fdd79b8556b84c98d0bc1c"},"headline":"Mutir\u00e3o da Per\u00edcia M\u00e9dica realizar\u00e1 quase 13 mil atendimentos no pr\u00f3ximo fim de semana \u2014 Minist\u00e9rio da Previd\u00eancia Social","datePublished":"2026-04-09T16:27:38+00:00","dateModified":"2026-04-09T16:27:40+00:00","mainEntityOfPage":{"@id":"https:\/\/ubirataonline.com.br\/mutirao-da-pericia-medica-realizara-quase-13-mil-atendimentos-no-proximo-fim-de-semana-ministerio-da-previdencia-social\/"},"wordCount":517,"publisher":{"@id":"https:\/\/ubirataonline.com.br\/#organization"},"image":{"@id":"https:\/\/ubirataonline.com.br\/mutirao-da-pericia-medica-realizara-quase-13-mil-atendimentos-no-proximo-fim-de-semana-ministerio-da-previdencia-social\/#primaryimage"},"thumbnailUrl":"https:\/\/ubirataonline.com.br\/wp-content\/uploads\/2026\/04\/Mutirao-da-Pericia-Medica-realizara-quase-13-mil-atendimentos-no.jpeg","keywords":["atendimentos","fim","m\u00e9dica","mil","Minist\u00e9rio","mutir\u00e3o","Per\u00edcia","Previd\u00eancia","Pr\u00f3ximo","quase","realizar\u00e1","semana","social"],"articleSection":["Brasil"],"inLanguage":"en-US","copyrightYear":"2026","copyrightHolder":{"@id":"https:\/\/ubirataonline.com.br\/en\/#organization"}},{"@type":"WebPage","@id":"https:\/\/ubirataonline.com.br\/mutirao-da-pericia-medica-realizara-quase-13-mil-atendimentos-no-proximo-fim-de-semana-ministerio-da-previdencia-social\/","url":"https:\/\/ubirataonline.com.br\/mutirao-da-pericia-medica-realizara-quase-13-mil-atendimentos-no-proximo-fim-de-semana-ministerio-da-previdencia-social\/","name":"Mutir\u00e3o da Per\u00edcia M\u00e9dica realizar\u00e1 quase 13 mil atendimentos no pr\u00f3ximo fim de semana \u2014 Minist\u00e9rio da Previd\u00eancia Social - Ubirat\u00e3 Online Not\u00edcias - A realidade ao seu alcance!","isPartOf":{"@id":"https:\/\/ubirataonline.com.br\/#website"},"primaryImageOfPage":{"@id":"https:\/\/ubirataonline.com.br\/mutirao-da-pericia-medica-realizara-quase-13-mil-atendimentos-no-proximo-fim-de-semana-ministerio-da-previdencia-social\/#primaryimage"},"image":{"@id":"https:\/\/ubirataonline.com.br\/mutirao-da-pericia-medica-realizara-quase-13-mil-atendimentos-no-proximo-fim-de-semana-ministerio-da-previdencia-social\/#primaryimage"},"thumbnailUrl":"https:\/\/ubirataonline.com.br\/wp-content\/uploads\/2026\/04\/Mutirao-da-Pericia-Medica-realizara-quase-13-mil-atendimentos-no.jpeg","datePublished":"2026-04-09T16:27:38+00:00","dateModified":"2026-04-09T16:27:40+00:00","description":"O Minist\u00e9rio da Previd\u00eancia Social, por meio da Per\u00edcia M\u00e9dica Federal, e o Instituto Nacional do Seguro Social (INSS) realizar\u00e3o mutir\u00e3o neste fim de","breadcrumb":{"@id":"https:\/\/ubirataonline.com.br\/mutirao-da-pericia-medica-realizara-quase-13-mil-atendimentos-no-proximo-fim-de-semana-ministerio-da-previdencia-social\/#breadcrumb"},"inLanguage":"en-US","potentialAction":[{"@type":"ReadAction","target":["https:\/\/ubirataonline.com.br\/mutirao-da-pericia-medica-realizara-quase-13-mil-atendimentos-no-proximo-fim-de-semana-ministerio-da-previdencia-social\/"]}]},{"@type":"ImageObject","inLanguage":"en-US","@id":"https:\/\/ubirataonline.com.br\/mutirao-da-pericia-medica-realizara-quase-13-mil-atendimentos-no-proximo-fim-de-semana-ministerio-da-previdencia-social\/#primaryimage","url":"https:\/\/ubirataonline.com.br\/wp-content\/uploads\/2026\/04\/Mutirao-da-Pericia-Medica-realizara-quase-13-mil-atendimentos-no.jpeg","contentUrl":"https:\/\/ubirataonline.com.br\/wp-content\/uploads\/2026\/04\/Mutirao-da-Pericia-Medica-realizara-quase-13-mil-atendimentos-no.jpeg","width":768,"height":432,"caption":"Mutir\u00e3o da Per\u00edcia M\u00e9dica realizar\u00e1 quase 13 mil atendimentos no pr\u00f3ximo fim de semana \u2014 Minist\u00e9rio da Previd\u00eancia Social"},{"@type":"BreadcrumbList","@id":"https:\/\/ubirataonline.com.br\/mutirao-da-pericia-medica-realizara-quase-13-mil-atendimentos-no-proximo-fim-de-semana-ministerio-da-previdencia-social\/#breadcrumb","itemListElement":[{"@type":"ListItem","position":1,"name":"In\u00edcio","item":"https:\/\/ubirataonline.com.br\/"},{"@type":"ListItem","position":2,"name":"Mutir\u00e3o da Per\u00edcia M\u00e9dica realizar\u00e1 quase 13 mil atendimentos no pr\u00f3ximo fim de semana \u2014 Minist\u00e9rio da Previd\u00eancia Social"}]},{"@type":"WebSite","@id":"https:\/\/ubirataonline.com.br\/#website","url":"https:\/\/ubirataonline.com.br\/","name":"Ubirat\u00e3 Online Not\u00edcias","description":"Not\u00edcias de Ubirat\u00e3, regi\u00e3o, Brasil e mundo, com informa\u00e7\u00e3o atualizada e compromisso com o leitor.","publisher":{"@id":"https:\/\/ubirataonline.com.br\/#organization"},"alternateName":"Ubirat\u00e3 Online","potentialAction":[{"@type":"SearchAction","target":{"@type":"EntryPoint","urlTemplate":"https:\/\/ubirataonline.com.br\/?s={search_term_string}"},"query-input":{"@type":"PropertyValueSpecification","valueRequired":true,"valueName":"search_term_string"}}],"inLanguage":"en-US"},{"@type":["Organization","Place"],"@id":"https:\/\/ubirataonline.com.br\/#organization","name":"Ubirat\u00e3 Online Not\u00edcias","alternateName":"Ubirat\u00e3 Online","url":"https:\/\/ubirataonline.com.br\/","logo":{"@id":"https:\/\/ubirataonline.com.br\/mutirao-da-pericia-medica-realizara-quase-13-mil-atendimentos-no-proximo-fim-de-semana-ministerio-da-previdencia-social\/#local-main-organization-logo"},"image":{"@id":"https:\/\/ubirataonline.com.br\/mutirao-da-pericia-medica-realizara-quase-13-mil-atendimentos-no-proximo-fim-de-semana-ministerio-da-previdencia-social\/#local-main-organization-logo"},"sameAs":["https:\/\/www.facebook.com\/portalubirataonline","https:\/\/x.com\/ubirataonline","https:\/\/mastodon.social\/@ubirataonline","https:\/\/www.facebook.com\/groups\/311144672285604","https:\/\/www.facebook.com\/UBTAOnline","https:\/\/www.instagram.com\/portalubirataonline\/","https:\/\/twitter.com\/ubirataonline"],"description":"Somos um portal de not\u00edcias independente, criado em 5 de janeiro de 2009, com o objetivo de informar, conectar e valorizar a nossa comunidade de Ubirat\u00e3 e toda aregi\u00e3o. Com conte\u00fado atualizado, confi\u00e1vel e relevante, o Ubirat\u00e3 Online \u00e9 o seu espa\u00e7o para ficar por dentro dos principais acontecimentos locais, regionais, Brasil, Mundo e de interesse geral. Nosso compromisso \u00e9 com a verdade, a transpar\u00eancia e o respeito ao leitor.","legalName":"UBIRATA ONLINE NOT\u00cdCIAS","foundingDate":"2009-01-05","numberOfEmployees":{"@type":"QuantitativeValue","minValue":"1","maxValue":"10"},"publishingPrinciples":"https:\/\/ubirataonline.com.br\/faq\/","address":{"@id":"https:\/\/ubirataonline.com.br\/mutirao-da-pericia-medica-realizara-quase-13-mil-atendimentos-no-proximo-fim-de-semana-ministerio-da-previdencia-social\/#local-main-place-address"},"geo":{"@type":"GeoCoordinates","latitude":"-24.5361401","longitude":"-52.9921776"},"telephone":["+5544998308235"],"contactPoint":{"@type":"ContactPoint","email":"contato@ubirataonline.com.br"},"openingHoursSpecification":{"@type":"OpeningHoursSpecification","dayOfWeek":["Monday","Tuesday","Wednesday","Thursday","Friday","Saturday","Sunday"],"opens":"00:00","closes":"23:59"},"email":"contato@ubirataonline.com.br","vatID":"47.621.418\/0001-80"},{"@type":"Person","@id":"https:\/\/ubirataonline.com.br\/#\/schema\/person\/372f87bbd3fdd79b8556b84c98d0bc1c","name":"REDA\u00c7\u00c3O: UBIRAT\u00c3 ONLINE - F\u00c1BIO AUGUSTO CELESTINO","pronouns":"Ele","description":"Desde 2003 trabalhando com not\u00edcias.","sameAs":["http:\/\/ubirataoline.com.br","https:\/\/www.facebook.com\/portalubirataonline","https:\/\/www.instagram.com\/ubirataonline_oficial","https:\/\/x.com\/x.com\/ubirataonline"],"honorificPrefix":"Mr.","honorificSuffix":"MD","birthDate":"1980-06-16","gender":"masculino","award":["V\u00e1rios pr\u00eamios de melhor portal da cidade"],"jobTitle":"Diretor","url":"https:\/\/ubirataonline.com.br\/en\/author\/ubirataonline\/"},{"@type":"PostalAddress","@id":"https:\/\/ubirataonline.com.br\/mutirao-da-pericia-medica-realizara-quase-13-mil-atendimentos-no-proximo-fim-de-semana-ministerio-da-previdencia-social\/#local-main-place-address","streetAddress":"Rua dos Coqueiros, 104 - Bairro Boa Vista, Rua dos Coqueiros, 104 Bairro Boa Vista","addressLocality":"UBIRATA","postalCode":"85440-000","addressRegion":"PR","addressCountry":"BR"},{"@type":"ImageObject","inLanguage":"en-US","@id":"https:\/\/ubirataonline.com.br\/mutirao-da-pericia-medica-realizara-quase-13-mil-atendimentos-no-proximo-fim-de-semana-ministerio-da-previdencia-social\/#local-main-organization-logo","url":"https:\/\/ubirataonline.com.br\/wp-content\/uploads\/2026\/06\/logoubirataonline-1.webp","contentUrl":"https:\/\/ubirataonline.com.br\/wp-content\/uploads\/2026\/06\/logoubirataonline-1.webp","width":500,"height":500,"caption":"Ubirat\u00e3 Online Not\u00edcias"}]},"geo.placename":"UBIRATA","geo.position":{"lat":"-24.5361401","long":"-52.9921776"},"geo.region":"Brazil"},"_links":{"self":[{"href":"https:\/\/ubirataonline.com.br\/en\/wp-json\/wp\/v2\/posts\/102271","targetHints":{"allow":["GET"]}}],"collection":[{"href":"https:\/\/ubirataonline.com.br\/en\/wp-json\/wp\/v2\/posts"}],"about":[{"href":"https:\/\/ubirataonline.com.br\/en\/wp-json\/wp\/v2\/types\/post"}],"author":[{"embeddable":true,"href":"https:\/\/ubirataonline.com.br\/en\/wp-json\/wp\/v2\/users\/1"}],"replies":[{"embeddable":true,"href":"https:\/\/ubirataonline.com.br\/en\/wp-json\/wp\/v2\/comments?post=102271"}],"version-history":[{"count":0,"href":"https:\/\/ubirataonline.com.br\/en\/wp-json\/wp\/v2\/posts\/102271\/revisions"}],"wp:featuredmedia":[{"embeddable":true,"href":"https:\/\/ubirataonline.com.br\/en\/wp-json\/wp\/v2\/media\/102272"}],"wp:attachment":[{"href":"https:\/\/ubirataonline.com.br\/en\/wp-json\/wp\/v2\/media?parent=102271"}],"wp:term":[{"taxonomy":"category","embeddable":true,"href":"https:\/\/ubirataonline.com.br\/en\/wp-json\/wp\/v2\/categories?post=102271"},{"taxonomy":"post_tag","embeddable":true,"href":"https:\/\/ubirataonline.com.br\/en\/wp-json\/wp\/v2\/tags?post=102271"}],"curies":[{"name":"wp","href":"https:\/\/api.w.org\/{rel}","templated":true}]}}