{"id":102283,"date":"2026-04-09T13:37:43","date_gmt":"2026-04-09T16:37:43","guid":{"rendered":"https:\/\/ubirataonline.com.br\/mcallen-prepares-for-major-cultural-weekend-with-symphony-celebration\/"},"modified":"2026-04-09T13:37:47","modified_gmt":"2026-04-09T16:37:47","slug":"mcallen-prepares-for-major-cultural-weekend-with-symphony-celebration","status":"publish","type":"post","link":"https:\/\/ubirataonline.com.br\/en\/mcallen-prepares-for-major-cultural-weekend-with-symphony-celebration\/","title":{"rendered":"McAllen Prepares for Major Cultural Weekend with Symphony Celebration"},"content":{"rendered":"<p><br \/>\n<\/p>\n<div>\n<p><a href=\"https:\/\/www.asatunews.co.id\/en\/tag\/mcallen\" title=\"McAllen\">McAllen<\/a>, Texas, is set to host a vibrant weekend of cultural <a href=\"https:\/\/www.asatunews.co.id\/en\/tag\/events\" title=\"Events\">events<\/a> and entertainment, as reported by artthreat.net. The highlight is the Valley <a href=\"https:\/\/www.asatunews.co.id\/en\/tag\/symphony-orchestra\" title=\"Symphony Orchestra\">Symphony Orchestra<\/a>&#8216;s &#8220;Legacy of Sound&#8221; concert, celebrating Maestro Peter Dabrowski&#8217;s 25-year tenure.<\/p>\n<p>This landmark performance will take place tomorrow evening, Friday, April 10, at 8:00 PM at the McAllen Performing Arts Center, marking the culmination of the 2025-26 Masterworks season.<\/p>\n<p><!-- setelah paragraf 2 --><\/p>\n<p>Maestro Dabrowski, a pivotal figure in McAllen&#8217;s cultural landscape, has transformed the Valley Symphony Orchestra into a recognized ensemble over two and a half decades. The concert program has been meticulously designed to honor his contributions.<\/p>\n<aside class=\"oduu-widget oduu-posts-related\" role=\"complementary\" aria-label=\"Also Read\">&#13;<\/p>\n<div class=\"oduu-widget-content\">\n<div class=\"oduu-article-item\">\n<div class=\"oduu-article-image\"><\/div>\n<\/p><\/div>\n<\/p><\/div>\n<p>&#13;<br \/>\n            <\/aside>\n<p>The evening features masterpieces by classical titans Beethoven, Shostakovich, and Grieg, showcasing the orchestra&#8217;s exceptional mastery. Insiders anticipate a night filled with profound musical moments and nostalgia.<\/p>\n<p>The concert opens with Grieg\u2019s Peer Gynt Suite, followed by the celebratory Shostakovich Festive Overture. Beethoven\u2019s Symphony No. 8, chosen for its emotional depth and significance, will serve as the perfect closing statement for Dabrowski&#8217;s milestone season.<\/p>\n<p>Beyond the symphony, the city offers other entertainment options. Her New Knife Live is scheduled for Thursday, April 9, at 7:00 PM at The Gremlin, featuring Violetta and Blankt in an all-ages show.<\/p>\n<aside class=\"oduu-widget oduu-posts-related\" role=\"complementary\" aria-label=\"Also Read\">&#13;<\/p>\n<div class=\"oduu-widget-content\">\n<div class=\"oduu-article-item\">\n<div class=\"oduu-article-image\">\n                            <img src=\"https:\/\/cdn.asatunews.co.id\/media\/images\/2026\/04\/rnCL5VuCIc.jpeg?location=1&amp;width=75&amp;height=75&amp;quality=90\" alt=\"Downtown McAllen Hosts Final Spring Market on Main on April 11, 2026\" width=\"75\" height=\"75\" loading=\"lazy\" decoding=\"async\" fetchpriority=\"low\"\/>\n                        <\/div>\n<\/p><\/div>\n<\/p><\/div>\n<p>&#13;<br \/>\n            <\/aside>\n<p>Looking ahead, the South Texas Comic Con is also set to bring pop <a href=\"https:\/\/www.asatunews.co.id\/en\/tag\/culture\" title=\"Culture\">culture<\/a> to McAllen from April 24-26. These events underscore McAllen&#8217;s growing reputation as a significant cultural destination.<\/p>\n<p>The McAllen Performing Arts Center has become essential cultural infrastructure, consistently hosting sophisticated programming. This weekend&#8217;s events are expected to draw music lovers from across South Texas, further solidifying McAllen&#8217;s place in the national conversation about orchestral excellence.<\/p>\n<p>Tickets for the &#8220;Legacy of Sound&#8221; concert are selling quickly, and advance planning is strongly recommended for those wishing to attend this significant cultural moment. The McAllen Performing Arts Center box office will open early to accommodate attendees for this special celebration.<\/p>\n<aside class=\"oduu-widget oduu-posts-related\" role=\"complementary\" aria-label=\"Also Read\">&#13;<\/p>\n<div class=\"oduu-widget-content\">\n<div class=\"oduu-article-item\">\n<div class=\"oduu-article-image\">\n                            <img src=\"https:\/\/cdn.asatunews.co.id\/media\/images\/2026\/04\/VxvV9Rnuti.jpeg?location=1&amp;width=75&amp;height=75&amp;quality=90\" alt=\"Downtown McAllen Concludes Spring Market on Main on April 11\" width=\"75\" height=\"75\" loading=\"lazy\" decoding=\"async\" fetchpriority=\"low\"\/>\n                        <\/div>\n<\/p><\/div>\n<\/p><\/div>\n<p>&#13;<br \/>\n            <\/aside>\n<p>This event is more than just a concert; it symbolizes McAllen&#8217;s strong commitment to the arts, highlighting 25 years of memorable music and the enduring impact of Maestro Dabrowski&#8217;s leadership.<\/p>\n<p>                <!-- AdSpaces - Post Content Sticky (After Content) --><\/p><\/div>\n<p><br \/>\n<br \/><a href=\"https:\/\/www.asatunews.co.id\/en\/mcallen-cultural-weekend-symphony-celebration\">Source link <\/a><\/p>","protected":false},"excerpt":{"rendered":"<p>McAllen, Texas, is set to host a vibrant weekend of cultural events and entertainment, as reported by artthreat.net. The highlight is the Valley Symphony Orchestra&#8216;s &#8220;Legacy of Sound&#8221; concert, celebrating Maestro Peter Dabrowski&#8217;s 25-year tenure. This landmark performance will take place tomorrow evening, Friday, April 10, at 8:00 PM at the McAllen Performing Arts Center, [&hellip;]<\/p>\n","protected":false},"author":1,"featured_media":102284,"comment_status":"closed","ping_status":"","sticky":false,"template":"","format":"standard","meta":{"googlesitekit_rrm_CAow2JLhCw:productID":"","_gspb_post_css":"","maa_idioma":"","maa_pais":"","footnotes":""},"categories":[2725],"tags":[8132,3882,7302,26147,9281,17504,5447],"class_list":["post-102283","post","type-post","status-publish","format-standard","has-post-thumbnail","hentry","category-europe","tag-celebration","tag-cultural","tag-major","tag-mcallen","tag-prepares","tag-symphony","tag-weekend"],"blocksy_meta":[],"yoast_head":"<!-- This site is optimized with the Yoast SEO Premium plugin v27.6 (Yoast SEO v27.6) - https:\/\/yoast.com\/product\/yoast-seo-premium-wordpress\/ -->\n<title>McAllen Prepares for Major Cultural Weekend with Symphony Celebration - Ubirat\u00e3 Online Not\u00edcias - A realidade ao seu alcance!<\/title>\n<meta name=\"description\" content=\"McAllen, Texas, is set to host a vibrant weekend of cultural events and entertainment, as reported by artthreat.net. The highlight is the Valley Symphony\" \/>\n<meta name=\"robots\" content=\"index, follow, max-snippet:-1, max-image-preview:large, max-video-preview:-1\" \/>\n<link rel=\"canonical\" href=\"https:\/\/ubirataonline.com.br\/en\/mcallen-prepares-for-major-cultural-weekend-with-symphony-celebration\/\" \/>\n<meta property=\"og:locale\" content=\"en_US\" \/>\n<meta property=\"og:type\" content=\"article\" \/>\n<meta property=\"og:title\" content=\"McAllen Prepares for Major Cultural Weekend with Symphony Celebration\" \/>\n<meta property=\"og:description\" content=\"McAllen, Texas, is set to host a vibrant weekend of cultural events and entertainment, as reported by artthreat.net. The highlight is the Valley Symphony\" \/>\n<meta property=\"og:url\" content=\"https:\/\/ubirataonline.com.br\/en\/mcallen-prepares-for-major-cultural-weekend-with-symphony-celebration\/\" \/>\n<meta property=\"og:site_name\" content=\"Ubirat\u00e3 Online Not\u00edcias - A realidade ao seu alcance!\" \/>\n<meta property=\"article:publisher\" content=\"https:\/\/www.facebook.com\/portalubirataonline\" \/>\n<meta property=\"article:author\" content=\"https:\/\/www.facebook.com\/portalubirataonline\" \/>\n<meta property=\"article:published_time\" content=\"2026-04-09T16:37:43+00:00\" \/>\n<meta property=\"article:modified_time\" content=\"2026-04-09T16:37:47+00:00\" \/>\n<meta property=\"og:image\" content=\"https:\/\/ubirataonline.com.br\/wp-content\/uploads\/2026\/04\/McAllen-Prepares-for-Major-Cultural-Weekend-with-Symphony-Celebration.jpeg\" \/>\n\t<meta property=\"og:image:width\" content=\"1200\" \/>\n\t<meta property=\"og:image:height\" content=\"674\" \/>\n\t<meta property=\"og:image:type\" content=\"image\/jpeg\" \/>\n<meta name=\"author\" content=\"REDA\u00c7\u00c3O: UBIRAT\u00c3 ONLINE - F\u00c1BIO AUGUSTO CELESTINO\" \/>\n<meta name=\"twitter:card\" content=\"summary_large_image\" \/>\n<meta name=\"twitter:creator\" content=\"@x.com\/ubirataonline\" \/>\n<meta name=\"twitter:site\" content=\"@ubirataonline\" \/>\n<meta name=\"twitter:label1\" content=\"Written by\" \/>\n\t<meta name=\"twitter:data1\" content=\"REDA\u00c7\u00c3O: UBIRAT\u00c3 ONLINE - F\u00c1BIO AUGUSTO CELESTINO\" \/>\n\t<meta name=\"twitter:label2\" content=\"Est. reading time\" \/>\n\t<meta name=\"twitter:data2\" content=\"2 minutes\" \/>\n<script type=\"application\/ld+json\" class=\"yoast-schema-graph\">{\"@context\":\"https:\\\/\\\/schema.org\",\"@graph\":[{\"@type\":\"NewsArticle\",\"@id\":\"https:\\\/\\\/ubirataonline.com.br\\\/mcallen-prepares-for-major-cultural-weekend-with-symphony-celebration\\\/#article\",\"isPartOf\":{\"@id\":\"https:\\\/\\\/ubirataonline.com.br\\\/mcallen-prepares-for-major-cultural-weekend-with-symphony-celebration\\\/\"},\"author\":{\"name\":\"REDA\u00c7\u00c3O: UBIRAT\u00c3 ONLINE - F\u00c1BIO AUGUSTO CELESTINO\",\"@id\":\"https:\\\/\\\/ubirataonline.com.br\\\/#\\\/schema\\\/person\\\/372f87bbd3fdd79b8556b84c98d0bc1c\"},\"headline\":\"McAllen Prepares for Major Cultural Weekend with Symphony Celebration\",\"datePublished\":\"2026-04-09T16:37:43+00:00\",\"dateModified\":\"2026-04-09T16:37:47+00:00\",\"mainEntityOfPage\":{\"@id\":\"https:\\\/\\\/ubirataonline.com.br\\\/mcallen-prepares-for-major-cultural-weekend-with-symphony-celebration\\\/\"},\"wordCount\":356,\"publisher\":{\"@id\":\"https:\\\/\\\/ubirataonline.com.br\\\/#organization\"},\"image\":{\"@id\":\"https:\\\/\\\/ubirataonline.com.br\\\/mcallen-prepares-for-major-cultural-weekend-with-symphony-celebration\\\/#primaryimage\"},\"thumbnailUrl\":\"https:\\\/\\\/ubirataonline.com.br\\\/wp-content\\\/uploads\\\/2026\\\/04\\\/McAllen-Prepares-for-Major-Cultural-Weekend-with-Symphony-Celebration.jpeg\",\"keywords\":[\"Celebration\",\"cultural\",\"major\",\"McAllen\",\"prepares\",\"Symphony\",\"weekend\"],\"articleSection\":[\"Europe\"],\"inLanguage\":\"en-US\",\"copyrightYear\":\"2026\",\"copyrightHolder\":{\"@id\":\"https:\\\/\\\/ubirataonline.com.br\\\/en\\\/#organization\"}},{\"@type\":\"WebPage\",\"@id\":\"https:\\\/\\\/ubirataonline.com.br\\\/mcallen-prepares-for-major-cultural-weekend-with-symphony-celebration\\\/\",\"url\":\"https:\\\/\\\/ubirataonline.com.br\\\/mcallen-prepares-for-major-cultural-weekend-with-symphony-celebration\\\/\",\"name\":\"McAllen Prepares for Major Cultural Weekend with Symphony Celebration - Ubirat\u00e3 Online Not\u00edcias - A realidade ao seu alcance!\",\"isPartOf\":{\"@id\":\"https:\\\/\\\/ubirataonline.com.br\\\/#website\"},\"primaryImageOfPage\":{\"@id\":\"https:\\\/\\\/ubirataonline.com.br\\\/mcallen-prepares-for-major-cultural-weekend-with-symphony-celebration\\\/#primaryimage\"},\"image\":{\"@id\":\"https:\\\/\\\/ubirataonline.com.br\\\/mcallen-prepares-for-major-cultural-weekend-with-symphony-celebration\\\/#primaryimage\"},\"thumbnailUrl\":\"https:\\\/\\\/ubirataonline.com.br\\\/wp-content\\\/uploads\\\/2026\\\/04\\\/McAllen-Prepares-for-Major-Cultural-Weekend-with-Symphony-Celebration.jpeg\",\"datePublished\":\"2026-04-09T16:37:43+00:00\",\"dateModified\":\"2026-04-09T16:37:47+00:00\",\"description\":\"McAllen, Texas, is set to host a vibrant weekend of cultural events and entertainment, as reported by artthreat.net. The highlight is the Valley Symphony\",\"breadcrumb\":{\"@id\":\"https:\\\/\\\/ubirataonline.com.br\\\/mcallen-prepares-for-major-cultural-weekend-with-symphony-celebration\\\/#breadcrumb\"},\"inLanguage\":\"en-US\",\"potentialAction\":[{\"@type\":\"ReadAction\",\"target\":[\"https:\\\/\\\/ubirataonline.com.br\\\/mcallen-prepares-for-major-cultural-weekend-with-symphony-celebration\\\/\"]}]},{\"@type\":\"ImageObject\",\"inLanguage\":\"en-US\",\"@id\":\"https:\\\/\\\/ubirataonline.com.br\\\/mcallen-prepares-for-major-cultural-weekend-with-symphony-celebration\\\/#primaryimage\",\"url\":\"https:\\\/\\\/ubirataonline.com.br\\\/wp-content\\\/uploads\\\/2026\\\/04\\\/McAllen-Prepares-for-Major-Cultural-Weekend-with-Symphony-Celebration.jpeg\",\"contentUrl\":\"https:\\\/\\\/ubirataonline.com.br\\\/wp-content\\\/uploads\\\/2026\\\/04\\\/McAllen-Prepares-for-Major-Cultural-Weekend-with-Symphony-Celebration.jpeg\",\"width\":1200,\"height\":674,\"caption\":\"\u00a9 McAllen TX welcomes Symphony Orchestra tomorrow, major events fill the weekend\"},{\"@type\":\"BreadcrumbList\",\"@id\":\"https:\\\/\\\/ubirataonline.com.br\\\/mcallen-prepares-for-major-cultural-weekend-with-symphony-celebration\\\/#breadcrumb\",\"itemListElement\":[{\"@type\":\"ListItem\",\"position\":1,\"name\":\"In\u00edcio\",\"item\":\"https:\\\/\\\/ubirataonline.com.br\\\/\"},{\"@type\":\"ListItem\",\"position\":2,\"name\":\"McAllen Prepares for Major Cultural Weekend with Symphony Celebration\"}]},{\"@type\":\"WebSite\",\"@id\":\"https:\\\/\\\/ubirataonline.com.br\\\/#website\",\"url\":\"https:\\\/\\\/ubirataonline.com.br\\\/\",\"name\":\"Ubirat\u00e3 Online Not\u00edcias\",\"description\":\"Not\u00edcias de Ubirat\u00e3, regi\u00e3o, Brasil e mundo, com informa\u00e7\u00e3o atualizada e compromisso com o leitor.\",\"publisher\":{\"@id\":\"https:\\\/\\\/ubirataonline.com.br\\\/#organization\"},\"alternateName\":\"Ubirat\u00e3 Online\",\"potentialAction\":[{\"@type\":\"SearchAction\",\"target\":{\"@type\":\"EntryPoint\",\"urlTemplate\":\"https:\\\/\\\/ubirataonline.com.br\\\/?s={search_term_string}\"},\"query-input\":{\"@type\":\"PropertyValueSpecification\",\"valueRequired\":true,\"valueName\":\"search_term_string\"}}],\"inLanguage\":\"en-US\"},{\"@type\":[\"Organization\",\"Place\"],\"@id\":\"https:\\\/\\\/ubirataonline.com.br\\\/#organization\",\"name\":\"Ubirat\u00e3 Online Not\u00edcias\",\"alternateName\":\"Ubirat\u00e3 Online\",\"url\":\"https:\\\/\\\/ubirataonline.com.br\\\/\",\"logo\":{\"@id\":\"https:\\\/\\\/ubirataonline.com.br\\\/mcallen-prepares-for-major-cultural-weekend-with-symphony-celebration\\\/#local-main-organization-logo\"},\"image\":{\"@id\":\"https:\\\/\\\/ubirataonline.com.br\\\/mcallen-prepares-for-major-cultural-weekend-with-symphony-celebration\\\/#local-main-organization-logo\"},\"sameAs\":[\"https:\\\/\\\/www.facebook.com\\\/portalubirataonline\",\"https:\\\/\\\/x.com\\\/ubirataonline\",\"https:\\\/\\\/mastodon.social\\\/@ubirataonline\",\"https:\\\/\\\/www.facebook.com\\\/groups\\\/311144672285604\",\"https:\\\/\\\/www.facebook.com\\\/UBTAOnline\",\"https:\\\/\\\/www.instagram.com\\\/portalubirataonline\\\/\",\"https:\\\/\\\/twitter.com\\\/ubirataonline\"],\"description\":\"Somos um portal de not\u00edcias independente, criado em 5 de janeiro de 2009, com o objetivo de informar, conectar e valorizar a nossa comunidade de Ubirat\u00e3 e toda aregi\u00e3o. Com conte\u00fado atualizado, confi\u00e1vel e relevante, o Ubirat\u00e3 Online \u00e9 o seu espa\u00e7o para ficar por dentro dos principais acontecimentos locais, regionais, Brasil, Mundo e de interesse geral. Nosso compromisso \u00e9 com a verdade, a transpar\u00eancia e o respeito ao leitor.\",\"legalName\":\"UBIRATA ONLINE NOT\u00cdCIAS\",\"foundingDate\":\"2009-01-05\",\"numberOfEmployees\":{\"@type\":\"QuantitativeValue\",\"minValue\":\"1\",\"maxValue\":\"10\"},\"publishingPrinciples\":\"https:\\\/\\\/ubirataonline.com.br\\\/faq\\\/\",\"address\":{\"@id\":\"https:\\\/\\\/ubirataonline.com.br\\\/mcallen-prepares-for-major-cultural-weekend-with-symphony-celebration\\\/#local-main-place-address\"},\"geo\":{\"@type\":\"GeoCoordinates\",\"latitude\":\"-24.5361401\",\"longitude\":\"-52.9921776\"},\"telephone\":[\"+5544998308235\"],\"contactPoint\":{\"@type\":\"ContactPoint\",\"email\":\"contato@ubirataonline.com.br\"},\"openingHoursSpecification\":{\"@type\":\"OpeningHoursSpecification\",\"dayOfWeek\":[\"Monday\",\"Tuesday\",\"Wednesday\",\"Thursday\",\"Friday\",\"Saturday\",\"Sunday\"],\"opens\":\"00:00\",\"closes\":\"23:59\"},\"email\":\"contato@ubirataonline.com.br\",\"vatID\":\"47.621.418\\\/0001-80\"},{\"@type\":\"Person\",\"@id\":\"https:\\\/\\\/ubirataonline.com.br\\\/#\\\/schema\\\/person\\\/372f87bbd3fdd79b8556b84c98d0bc1c\",\"name\":\"REDA\u00c7\u00c3O: UBIRAT\u00c3 ONLINE - F\u00c1BIO AUGUSTO CELESTINO\",\"pronouns\":\"Ele\",\"description\":\"Desde 2003 trabalhando com not\u00edcias.\",\"sameAs\":[\"http:\\\/\\\/ubirataoline.com.br\",\"https:\\\/\\\/www.facebook.com\\\/portalubirataonline\",\"https:\\\/\\\/www.instagram.com\\\/ubirataonline_oficial\",\"https:\\\/\\\/x.com\\\/x.com\\\/ubirataonline\"],\"honorificPrefix\":\"Mr.\",\"honorificSuffix\":\"MD\",\"birthDate\":\"1980-06-16\",\"gender\":\"masculino\",\"award\":[\"V\u00e1rios pr\u00eamios de melhor portal da cidade\"],\"jobTitle\":\"Diretor\",\"url\":\"https:\\\/\\\/ubirataonline.com.br\\\/en\\\/author\\\/ubirataonline\\\/\"},{\"@type\":\"PostalAddress\",\"@id\":\"https:\\\/\\\/ubirataonline.com.br\\\/mcallen-prepares-for-major-cultural-weekend-with-symphony-celebration\\\/#local-main-place-address\",\"streetAddress\":\"Rua dos Coqueiros, 104 - Bairro Boa Vista, Rua dos Coqueiros, 104 Bairro Boa Vista\",\"addressLocality\":\"UBIRATA\",\"postalCode\":\"85440-000\",\"addressRegion\":\"PR\",\"addressCountry\":\"BR\"},{\"@type\":\"ImageObject\",\"inLanguage\":\"en-US\",\"@id\":\"https:\\\/\\\/ubirataonline.com.br\\\/mcallen-prepares-for-major-cultural-weekend-with-symphony-celebration\\\/#local-main-organization-logo\",\"url\":\"https:\\\/\\\/ubirataonline.com.br\\\/wp-content\\\/uploads\\\/2026\\\/06\\\/logoubirataonline-1.webp\",\"contentUrl\":\"https:\\\/\\\/ubirataonline.com.br\\\/wp-content\\\/uploads\\\/2026\\\/06\\\/logoubirataonline-1.webp\",\"width\":500,\"height\":500,\"caption\":\"Ubirat\u00e3 Online Not\u00edcias\"}]}<\/script>\n<meta name=\"geo.placename\" content=\"UBIRATA\" \/>\n<meta name=\"geo.position\" content=\"-24.5361401;-52.9921776\" \/>\n<meta name=\"geo.region\" content=\"Brazil\" \/>\n<!-- \/ Yoast SEO Premium plugin. -->","yoast_head_json":{"title":"McAllen Prepares for Major Cultural Weekend with Symphony Celebration - Ubirat\u00e3 Online Not\u00edcias - A realidade ao seu alcance!","description":"McAllen, Texas, is set to host a vibrant weekend of cultural events and entertainment, as reported by artthreat.net. The highlight is the Valley Symphony","robots":{"index":"index","follow":"follow","max-snippet":"max-snippet:-1","max-image-preview":"max-image-preview:large","max-video-preview":"max-video-preview:-1"},"canonical":"https:\/\/ubirataonline.com.br\/en\/mcallen-prepares-for-major-cultural-weekend-with-symphony-celebration\/","og_locale":"en_US","og_type":"article","og_title":"McAllen Prepares for Major Cultural Weekend with Symphony Celebration","og_description":"McAllen, Texas, is set to host a vibrant weekend of cultural events and entertainment, as reported by artthreat.net. The highlight is the Valley Symphony","og_url":"https:\/\/ubirataonline.com.br\/en\/mcallen-prepares-for-major-cultural-weekend-with-symphony-celebration\/","og_site_name":"Ubirat\u00e3 Online Not\u00edcias - A realidade ao seu alcance!","article_publisher":"https:\/\/www.facebook.com\/portalubirataonline","article_author":"https:\/\/www.facebook.com\/portalubirataonline","article_published_time":"2026-04-09T16:37:43+00:00","article_modified_time":"2026-04-09T16:37:47+00:00","og_image":[{"width":1200,"height":674,"url":"https:\/\/ubirataonline.com.br\/wp-content\/uploads\/2026\/04\/McAllen-Prepares-for-Major-Cultural-Weekend-with-Symphony-Celebration.jpeg","type":"image\/jpeg"}],"author":"REDA\u00c7\u00c3O: UBIRAT\u00c3 ONLINE - F\u00c1BIO AUGUSTO CELESTINO","twitter_card":"summary_large_image","twitter_creator":"@x.com\/ubirataonline","twitter_site":"@ubirataonline","twitter_misc":{"Written by":"REDA\u00c7\u00c3O: UBIRAT\u00c3 ONLINE - F\u00c1BIO AUGUSTO CELESTINO","Est. reading time":"2 minutes"},"schema":{"@context":"https:\/\/schema.org","@graph":[{"@type":"NewsArticle","@id":"https:\/\/ubirataonline.com.br\/mcallen-prepares-for-major-cultural-weekend-with-symphony-celebration\/#article","isPartOf":{"@id":"https:\/\/ubirataonline.com.br\/mcallen-prepares-for-major-cultural-weekend-with-symphony-celebration\/"},"author":{"name":"REDA\u00c7\u00c3O: UBIRAT\u00c3 ONLINE - F\u00c1BIO AUGUSTO CELESTINO","@id":"https:\/\/ubirataonline.com.br\/#\/schema\/person\/372f87bbd3fdd79b8556b84c98d0bc1c"},"headline":"McAllen Prepares for Major Cultural Weekend with Symphony Celebration","datePublished":"2026-04-09T16:37:43+00:00","dateModified":"2026-04-09T16:37:47+00:00","mainEntityOfPage":{"@id":"https:\/\/ubirataonline.com.br\/mcallen-prepares-for-major-cultural-weekend-with-symphony-celebration\/"},"wordCount":356,"publisher":{"@id":"https:\/\/ubirataonline.com.br\/#organization"},"image":{"@id":"https:\/\/ubirataonline.com.br\/mcallen-prepares-for-major-cultural-weekend-with-symphony-celebration\/#primaryimage"},"thumbnailUrl":"https:\/\/ubirataonline.com.br\/wp-content\/uploads\/2026\/04\/McAllen-Prepares-for-Major-Cultural-Weekend-with-Symphony-Celebration.jpeg","keywords":["Celebration","cultural","major","McAllen","prepares","Symphony","weekend"],"articleSection":["Europe"],"inLanguage":"en-US","copyrightYear":"2026","copyrightHolder":{"@id":"https:\/\/ubirataonline.com.br\/en\/#organization"}},{"@type":"WebPage","@id":"https:\/\/ubirataonline.com.br\/mcallen-prepares-for-major-cultural-weekend-with-symphony-celebration\/","url":"https:\/\/ubirataonline.com.br\/mcallen-prepares-for-major-cultural-weekend-with-symphony-celebration\/","name":"McAllen Prepares for Major Cultural Weekend with Symphony Celebration - Ubirat\u00e3 Online Not\u00edcias - A realidade ao seu alcance!","isPartOf":{"@id":"https:\/\/ubirataonline.com.br\/#website"},"primaryImageOfPage":{"@id":"https:\/\/ubirataonline.com.br\/mcallen-prepares-for-major-cultural-weekend-with-symphony-celebration\/#primaryimage"},"image":{"@id":"https:\/\/ubirataonline.com.br\/mcallen-prepares-for-major-cultural-weekend-with-symphony-celebration\/#primaryimage"},"thumbnailUrl":"https:\/\/ubirataonline.com.br\/wp-content\/uploads\/2026\/04\/McAllen-Prepares-for-Major-Cultural-Weekend-with-Symphony-Celebration.jpeg","datePublished":"2026-04-09T16:37:43+00:00","dateModified":"2026-04-09T16:37:47+00:00","description":"McAllen, Texas, is set to host a vibrant weekend of cultural events and entertainment, as reported by artthreat.net. The highlight is the Valley Symphony","breadcrumb":{"@id":"https:\/\/ubirataonline.com.br\/mcallen-prepares-for-major-cultural-weekend-with-symphony-celebration\/#breadcrumb"},"inLanguage":"en-US","potentialAction":[{"@type":"ReadAction","target":["https:\/\/ubirataonline.com.br\/mcallen-prepares-for-major-cultural-weekend-with-symphony-celebration\/"]}]},{"@type":"ImageObject","inLanguage":"en-US","@id":"https:\/\/ubirataonline.com.br\/mcallen-prepares-for-major-cultural-weekend-with-symphony-celebration\/#primaryimage","url":"https:\/\/ubirataonline.com.br\/wp-content\/uploads\/2026\/04\/McAllen-Prepares-for-Major-Cultural-Weekend-with-Symphony-Celebration.jpeg","contentUrl":"https:\/\/ubirataonline.com.br\/wp-content\/uploads\/2026\/04\/McAllen-Prepares-for-Major-Cultural-Weekend-with-Symphony-Celebration.jpeg","width":1200,"height":674,"caption":"\u00a9 McAllen TX welcomes Symphony Orchestra tomorrow, major events fill the weekend"},{"@type":"BreadcrumbList","@id":"https:\/\/ubirataonline.com.br\/mcallen-prepares-for-major-cultural-weekend-with-symphony-celebration\/#breadcrumb","itemListElement":[{"@type":"ListItem","position":1,"name":"In\u00edcio","item":"https:\/\/ubirataonline.com.br\/"},{"@type":"ListItem","position":2,"name":"McAllen Prepares for Major Cultural Weekend with Symphony Celebration"}]},{"@type":"WebSite","@id":"https:\/\/ubirataonline.com.br\/#website","url":"https:\/\/ubirataonline.com.br\/","name":"Ubirat\u00e3 Online Not\u00edcias","description":"Not\u00edcias de Ubirat\u00e3, regi\u00e3o, Brasil e mundo, com informa\u00e7\u00e3o atualizada e compromisso com o leitor.","publisher":{"@id":"https:\/\/ubirataonline.com.br\/#organization"},"alternateName":"Ubirat\u00e3 Online","potentialAction":[{"@type":"SearchAction","target":{"@type":"EntryPoint","urlTemplate":"https:\/\/ubirataonline.com.br\/?s={search_term_string}"},"query-input":{"@type":"PropertyValueSpecification","valueRequired":true,"valueName":"search_term_string"}}],"inLanguage":"en-US"},{"@type":["Organization","Place"],"@id":"https:\/\/ubirataonline.com.br\/#organization","name":"Ubirat\u00e3 Online Not\u00edcias","alternateName":"Ubirat\u00e3 Online","url":"https:\/\/ubirataonline.com.br\/","logo":{"@id":"https:\/\/ubirataonline.com.br\/mcallen-prepares-for-major-cultural-weekend-with-symphony-celebration\/#local-main-organization-logo"},"image":{"@id":"https:\/\/ubirataonline.com.br\/mcallen-prepares-for-major-cultural-weekend-with-symphony-celebration\/#local-main-organization-logo"},"sameAs":["https:\/\/www.facebook.com\/portalubirataonline","https:\/\/x.com\/ubirataonline","https:\/\/mastodon.social\/@ubirataonline","https:\/\/www.facebook.com\/groups\/311144672285604","https:\/\/www.facebook.com\/UBTAOnline","https:\/\/www.instagram.com\/portalubirataonline\/","https:\/\/twitter.com\/ubirataonline"],"description":"Somos um portal de not\u00edcias independente, criado em 5 de janeiro de 2009, com o objetivo de informar, conectar e valorizar a nossa comunidade de Ubirat\u00e3 e toda aregi\u00e3o. Com conte\u00fado atualizado, confi\u00e1vel e relevante, o Ubirat\u00e3 Online \u00e9 o seu espa\u00e7o para ficar por dentro dos principais acontecimentos locais, regionais, Brasil, Mundo e de interesse geral. Nosso compromisso \u00e9 com a verdade, a transpar\u00eancia e o respeito ao leitor.","legalName":"UBIRATA ONLINE NOT\u00cdCIAS","foundingDate":"2009-01-05","numberOfEmployees":{"@type":"QuantitativeValue","minValue":"1","maxValue":"10"},"publishingPrinciples":"https:\/\/ubirataonline.com.br\/faq\/","address":{"@id":"https:\/\/ubirataonline.com.br\/mcallen-prepares-for-major-cultural-weekend-with-symphony-celebration\/#local-main-place-address"},"geo":{"@type":"GeoCoordinates","latitude":"-24.5361401","longitude":"-52.9921776"},"telephone":["+5544998308235"],"contactPoint":{"@type":"ContactPoint","email":"contato@ubirataonline.com.br"},"openingHoursSpecification":{"@type":"OpeningHoursSpecification","dayOfWeek":["Monday","Tuesday","Wednesday","Thursday","Friday","Saturday","Sunday"],"opens":"00:00","closes":"23:59"},"email":"contato@ubirataonline.com.br","vatID":"47.621.418\/0001-80"},{"@type":"Person","@id":"https:\/\/ubirataonline.com.br\/#\/schema\/person\/372f87bbd3fdd79b8556b84c98d0bc1c","name":"REDA\u00c7\u00c3O: UBIRAT\u00c3 ONLINE - F\u00c1BIO AUGUSTO CELESTINO","pronouns":"Ele","description":"Desde 2003 trabalhando com not\u00edcias.","sameAs":["http:\/\/ubirataoline.com.br","https:\/\/www.facebook.com\/portalubirataonline","https:\/\/www.instagram.com\/ubirataonline_oficial","https:\/\/x.com\/x.com\/ubirataonline"],"honorificPrefix":"Mr.","honorificSuffix":"MD","birthDate":"1980-06-16","gender":"masculino","award":["V\u00e1rios pr\u00eamios de melhor portal da cidade"],"jobTitle":"Diretor","url":"https:\/\/ubirataonline.com.br\/en\/author\/ubirataonline\/"},{"@type":"PostalAddress","@id":"https:\/\/ubirataonline.com.br\/mcallen-prepares-for-major-cultural-weekend-with-symphony-celebration\/#local-main-place-address","streetAddress":"Rua dos Coqueiros, 104 - Bairro Boa Vista, Rua dos Coqueiros, 104 Bairro Boa Vista","addressLocality":"UBIRATA","postalCode":"85440-000","addressRegion":"PR","addressCountry":"BR"},{"@type":"ImageObject","inLanguage":"en-US","@id":"https:\/\/ubirataonline.com.br\/mcallen-prepares-for-major-cultural-weekend-with-symphony-celebration\/#local-main-organization-logo","url":"https:\/\/ubirataonline.com.br\/wp-content\/uploads\/2026\/06\/logoubirataonline-1.webp","contentUrl":"https:\/\/ubirataonline.com.br\/wp-content\/uploads\/2026\/06\/logoubirataonline-1.webp","width":500,"height":500,"caption":"Ubirat\u00e3 Online Not\u00edcias"}]},"geo.placename":"UBIRATA","geo.position":{"lat":"-24.5361401","long":"-52.9921776"},"geo.region":"Brazil"},"_links":{"self":[{"href":"https:\/\/ubirataonline.com.br\/en\/wp-json\/wp\/v2\/posts\/102283","targetHints":{"allow":["GET"]}}],"collection":[{"href":"https:\/\/ubirataonline.com.br\/en\/wp-json\/wp\/v2\/posts"}],"about":[{"href":"https:\/\/ubirataonline.com.br\/en\/wp-json\/wp\/v2\/types\/post"}],"author":[{"embeddable":true,"href":"https:\/\/ubirataonline.com.br\/en\/wp-json\/wp\/v2\/users\/1"}],"replies":[{"embeddable":true,"href":"https:\/\/ubirataonline.com.br\/en\/wp-json\/wp\/v2\/comments?post=102283"}],"version-history":[{"count":0,"href":"https:\/\/ubirataonline.com.br\/en\/wp-json\/wp\/v2\/posts\/102283\/revisions"}],"wp:featuredmedia":[{"embeddable":true,"href":"https:\/\/ubirataonline.com.br\/en\/wp-json\/wp\/v2\/media\/102284"}],"wp:attachment":[{"href":"https:\/\/ubirataonline.com.br\/en\/wp-json\/wp\/v2\/media?parent=102283"}],"wp:term":[{"taxonomy":"category","embeddable":true,"href":"https:\/\/ubirataonline.com.br\/en\/wp-json\/wp\/v2\/categories?post=102283"},{"taxonomy":"post_tag","embeddable":true,"href":"https:\/\/ubirataonline.com.br\/en\/wp-json\/wp\/v2\/tags?post=102283"}],"curies":[{"name":"wp","href":"https:\/\/api.w.org\/{rel}","templated":true}]}}