{"id":102307,"date":"2026-04-09T14:28:37","date_gmt":"2026-04-09T17:28:37","guid":{"rendered":"https:\/\/ubirataonline.com.br\/rayo-vallecano-x-aek-onde-assistir-horario-e-escalacoes\/"},"modified":"2026-04-09T14:28:39","modified_gmt":"2026-04-09T17:28:39","slug":"rayo-vallecano-x-aek-onde-assistir-horario-e-escalacoes","status":"publish","type":"post","link":"https:\/\/ubirataonline.com.br\/en\/rayo-vallecano-x-aek-onde-assistir-horario-e-escalacoes\/","title":{"rendered":"Rayo Vallecano x AEK: onde assistir, hor\u00e1rio e escala\u00e7\u00f5es"},"content":{"rendered":"<p><\/p>\n<div id=\"\">\n<div class=\"resumo-abril noreadme-audima modelo1\">\n<p>\n                <span class=\"ler-resumo\">Ler Resumo<\/span><br \/><button class=\"dropdown-button-resumo\" aria-label=\"Toggle resumo\"><br \/><span class=\"arrow\"\/><br \/><\/button>\n            <\/p>\n<ul class=\"resume-list\" id=\"resume-list\" aria-hidden=\"true\">\n<li class=\"section-item section-intro\">\n<p>Rayo Vallecano e AEK Atenas se enfrentam hoje pela ida das quartas da Conference League. O time espanhol aposta em intensidade e seus principais nomes, enquanto a equipe grega busca um bom resultado com sua experi\u00eancia. Saiba onde assistir, veja as prov\u00e1veis escala\u00e7\u00f5es e as odds para o confronto decisivo.<\/p>\n<\/li>\n<li class=\"section-item section-info\">\n<div class=\"resume-vote\">\n<p style=\"margin: 0;\">Este resumo foi \u00fatil?<\/p>\n<p>\n                            <button class=\"votar curti\" aria-label=\"Curtir\">&#x1f44d;<\/button><br \/><button class=\"votar nao-curti\" aria-label=\"N\u00e3o curtir\">&#x1f44e;<\/button>\n                        <\/p>\n<\/div>\n<p>                    <span class=\"resumo-info\">Resumo gerado por ferramenta de IA treinada pela reda\u00e7\u00e3o da Editora Abril.<\/span>\n                <\/p>\n<\/li>\n<\/ul>\n<\/div>\n<p>O <strong>Rayo Vallecano<\/strong> recebe o <strong>AEK Atenas<\/strong> nesta quinta, 9, \u00e0s 13h45 (de Bras\u00edlia), no est\u00e1dio de Vallecas, em Madri, pelo primeiro cap\u00edtulo das quartas de final da <strong>Conference League<\/strong>.<\/p>\n<p><a href=\"https:\/\/veja.abril.com.br\/esporte\/jogos-de-hoje-quinta-9-de-abril-onde-assistir-futebol-ao-vivo-e-horarios\/\"><strong>+ Saiba hor\u00e1rios e onde assistir aos jogos desta quinta, 9.<\/strong><\/a><\/p>\n<p>A equipe de \u00cd\u00f1igo P\u00e9rez chega embalada pela campanha europeia e aposta em nomes como Isi Palaz\u00f3n, \u00c1lvaro Garc\u00eda e Jorge de Frutos para impor intensidade desde o in\u00edcio. Do outro lado, o AEK de Marko Nikoli\u0107 re\u00fane pe\u00e7as experientes como Strakosha, Orbel\u00edn Pineda, Razvan Marin e Luka Jovi\u0107 para tentar sair da Espanha com um bom resultado para o duelo de volta.<\/p>\n<p><!-- TEMPLATE INSERIDO --><\/p>\n<p><!-- MOST READ MARFEEL --><\/p>\n<p>O jogo de volta est\u00e1 marcado para o dia 16 de abril, em Atenas.<\/p>\n<h3>Como assistir ao jogo entre <strong>Rayo Vallecano<\/strong> e <strong>AEK<\/strong> hoje?<\/h3>\n<p>Rayo Vallecano e AEK v\u00e3o se enfrentar nesta quinta-feira, 9, \u00e0s 13h45 (hor\u00e1rio de Bras\u00edlia), em duelo v\u00e1lido pela ida das quartas de final da Conference League, no no est\u00e1dio de Vallecas, em Madri. <strong>A partida ter\u00e1 transmiss\u00e3o exclusiva da Caz\u00e9TV.<\/strong><\/p>\n<div class=\"ads post-ads noreadme-audima\">\n    <span class=\"title\">Continua ap\u00f3s a publicidade<\/span><\/p>\n<\/div>\n<h3>Prov\u00e1veis escala\u00e7\u00f5es:<\/h3>\n<p><strong>Rayo Vallecano:<\/strong> Augusto Batalla; Andrei Ra\u021biu, Florian Lejeune, Luiz Felipe, Pep Chavarr\u00eda; Path\u00e9 Ciss, Unai L\u00f3pez; Jorge de Frutos, Isi Palaz\u00f3n, \u00c1lvaro Garc\u00eda; Alem\u00e3o. <strong>T\u00e9cnico:<\/strong> \u00cd\u00f1igo P\u00e9rez.<\/p>\n<p><strong>AEK Atenas:<\/strong> Thomas Strakosha; Lazaros Rota, Harold Moukoudi, Filipe Relvas, Stavros Pilios; Aboubakary Koita, Orbel\u00edn Pineda, Razvan Marin, Roberto Pereyra; Barnab\u00e1s Varga, Luka Jovi\u0107. <strong>T\u00e9cnico:<\/strong> Marko Nikoli\u0107.<\/p>\n<h3>Odds para Rayo Vallecano x AEK:<\/h3>\n<p><strong>Resultado final<\/strong><\/p>\n<p>Betano: Rayo Vallecano (1.95) \u2013 Empate (3.25) \u2013 AEK (4.35)<\/p>\n<div class=\"ads post-ads noreadme-audima\">\n    <span class=\"title\">Continua ap\u00f3s a publicidade<\/span><\/p>\n<\/div>\n<p>Bet365: Rayo Vallecano (1.90) \u2013 Empate (3.30) \u2013 AEK (4.10)<\/p>\n<h3>Arbitragem:<\/h3>\n<ul>\n<li data-section-id=\"fluk1t\" data-start=\"0\" data-end=\"50\"><strong data-start=\"2392\" data-end=\"2404\">\u00c1rbitro:<\/strong> Beno\u00eet Bastien (Fran\u00e7a);<br data-start=\"2428\" data-end=\"2431\"\/><strong data-start=\"2431\" data-end=\"2447\"\/><\/li>\n<li data-section-id=\"fluk1t\" data-start=\"0\" data-end=\"50\"><strong data-start=\"2431\" data-end=\"2447\">Assistentes:<\/strong> Hicham Zakrani (Fran\u00e7a) e Aur\u00e9lien Berthomieu (Fran\u00e7a);<br data-start=\"2502\" data-end=\"2505\"\/><strong data-start=\"2505\" data-end=\"2524\"\/><\/li>\n<li data-section-id=\"fluk1t\" data-start=\"0\" data-end=\"50\"><strong data-start=\"2505\" data-end=\"2524\">Quarto \u00e1rbitro:<\/strong> J\u00e9r\u00e9mie Pignard (Fran\u00e7a);<br data-start=\"2549\" data-end=\"2552\"\/><strong data-start=\"2552\" data-end=\"2560\"\/><\/li>\n<li data-section-id=\"fluk1t\" data-start=\"0\" data-end=\"50\"><strong data-start=\"2552\" data-end=\"2560\">VAR:<\/strong> Bram Van Driessche (B\u00e9lgica);<br data-start=\"2589\" data-end=\"2592\"\/><strong data-start=\"2592\" data-end=\"2601\"\/><\/li>\n<li data-section-id=\"fluk1t\" data-start=\"0\" data-end=\"50\"><strong data-start=\"2592\" data-end=\"2601\">AVAR:<\/strong> Bastien Dechepy (Fran\u00e7a).<\/li>\n<\/ul><\/div>\n<p><a href=\"https:\/\/veja.abril.com.br\/esporte\/rayo-vallecano-x-aek-onde-assistir-horario-e-escalacoes\/\">Fonte do Artigo <\/a><\/p>","protected":false},"excerpt":{"rendered":"<p>Ler Resumo Rayo Vallecano e AEK Atenas se enfrentam hoje pela ida das quartas da Conference League. O time espanhol aposta em intensidade e seus principais nomes, enquanto a equipe grega busca um bom resultado com sua experi\u00eancia. Saiba onde assistir, veja as prov\u00e1veis escala\u00e7\u00f5es e as odds para o confronto decisivo. Este resumo foi [&hellip;]<\/p>\n","protected":false},"author":1,"featured_media":102308,"comment_status":"closed","ping_status":"","sticky":false,"template":"","format":"standard","meta":{"googlesitekit_rrm_CAow2JLhCw:productID":"","_gspb_post_css":"","maa_idioma":"","maa_pais":"","footnotes":""},"categories":[4],"tags":[4712,2900,2922,2898,2899,11549,11550],"class_list":["post-102307","post","type-post","status-publish","format-standard","has-post-thumbnail","hentry","category-brasil","tag-aek","tag-assistir","tag-escalacoes","tag-horario","tag-onde","tag-rayo","tag-vallecano"],"blocksy_meta":[],"yoast_head":"<!-- This site is optimized with the Yoast SEO Premium plugin v27.6 (Yoast SEO v27.6) - https:\/\/yoast.com\/product\/yoast-seo-premium-wordpress\/ -->\n<title>Rayo Vallecano x AEK: onde assistir, hor\u00e1rio e escala\u00e7\u00f5es - Ubirat\u00e3 Online Not\u00edcias - A realidade ao seu alcance!<\/title>\n<meta name=\"description\" content=\"Ler Resumo Rayo Vallecano e AEK Atenas se enfrentam hoje pela ida das quartas da Conference League. O time espanhol aposta em intensidade e seus\" \/>\n<meta name=\"robots\" content=\"index, follow, max-snippet:-1, max-image-preview:large, max-video-preview:-1\" \/>\n<link rel=\"canonical\" href=\"https:\/\/ubirataonline.com.br\/en\/rayo-vallecano-x-aek-onde-assistir-horario-e-escalacoes\/\" \/>\n<meta property=\"og:locale\" content=\"en_US\" \/>\n<meta property=\"og:type\" content=\"article\" \/>\n<meta property=\"og:title\" content=\"Rayo Vallecano x AEK: onde assistir, hor\u00e1rio e escala\u00e7\u00f5es\" \/>\n<meta property=\"og:description\" content=\"Ler Resumo Rayo Vallecano e AEK Atenas se enfrentam hoje pela ida das quartas da Conference League. O time espanhol aposta em intensidade e seus\" \/>\n<meta property=\"og:url\" content=\"https:\/\/ubirataonline.com.br\/en\/rayo-vallecano-x-aek-onde-assistir-horario-e-escalacoes\/\" \/>\n<meta property=\"og:site_name\" content=\"Ubirat\u00e3 Online Not\u00edcias - A realidade ao seu alcance!\" \/>\n<meta property=\"article:publisher\" content=\"https:\/\/www.facebook.com\/portalubirataonline\" \/>\n<meta property=\"article:author\" content=\"https:\/\/www.facebook.com\/portalubirataonline\" \/>\n<meta property=\"article:published_time\" content=\"2026-04-09T17:28:37+00:00\" \/>\n<meta property=\"article:modified_time\" content=\"2026-04-09T17:28:39+00:00\" \/>\n<meta property=\"og:image\" content=\"https:\/\/ubirataonline.com.br\/wp-content\/uploads\/2026\/04\/Rayo-Vallecano-x-AEK-onde-assistir-horario-e-escalacoes.jpg\" \/>\n\t<meta property=\"og:image:width\" content=\"1080\" \/>\n\t<meta property=\"og:image:height\" content=\"565\" \/>\n\t<meta property=\"og:image:type\" content=\"image\/jpeg\" \/>\n<meta name=\"author\" content=\"REDA\u00c7\u00c3O: UBIRAT\u00c3 ONLINE - F\u00c1BIO AUGUSTO CELESTINO\" \/>\n<meta name=\"twitter:card\" content=\"summary_large_image\" \/>\n<meta name=\"twitter:creator\" content=\"@x.com\/ubirataonline\" \/>\n<meta name=\"twitter:site\" content=\"@ubirataonline\" \/>\n<meta name=\"twitter:label1\" content=\"Written by\" \/>\n\t<meta name=\"twitter:data1\" content=\"REDA\u00c7\u00c3O: UBIRAT\u00c3 ONLINE - F\u00c1BIO AUGUSTO CELESTINO\" \/>\n\t<meta name=\"twitter:label2\" content=\"Est. reading time\" \/>\n\t<meta name=\"twitter:data2\" content=\"2 minutes\" \/>\n<script type=\"application\/ld+json\" class=\"yoast-schema-graph\">{\"@context\":\"https:\\\/\\\/schema.org\",\"@graph\":[{\"@type\":\"NewsArticle\",\"@id\":\"https:\\\/\\\/ubirataonline.com.br\\\/rayo-vallecano-x-aek-onde-assistir-horario-e-escalacoes\\\/#article\",\"isPartOf\":{\"@id\":\"https:\\\/\\\/ubirataonline.com.br\\\/rayo-vallecano-x-aek-onde-assistir-horario-e-escalacoes\\\/\"},\"author\":{\"name\":\"REDA\u00c7\u00c3O: UBIRAT\u00c3 ONLINE - F\u00c1BIO AUGUSTO CELESTINO\",\"@id\":\"https:\\\/\\\/ubirataonline.com.br\\\/#\\\/schema\\\/person\\\/372f87bbd3fdd79b8556b84c98d0bc1c\"},\"headline\":\"Rayo Vallecano x AEK: onde assistir, hor\u00e1rio e escala\u00e7\u00f5es\",\"datePublished\":\"2026-04-09T17:28:37+00:00\",\"dateModified\":\"2026-04-09T17:28:39+00:00\",\"mainEntityOfPage\":{\"@id\":\"https:\\\/\\\/ubirataonline.com.br\\\/rayo-vallecano-x-aek-onde-assistir-horario-e-escalacoes\\\/\"},\"wordCount\":408,\"publisher\":{\"@id\":\"https:\\\/\\\/ubirataonline.com.br\\\/#organization\"},\"image\":{\"@id\":\"https:\\\/\\\/ubirataonline.com.br\\\/rayo-vallecano-x-aek-onde-assistir-horario-e-escalacoes\\\/#primaryimage\"},\"thumbnailUrl\":\"https:\\\/\\\/ubirataonline.com.br\\\/wp-content\\\/uploads\\\/2026\\\/04\\\/Rayo-Vallecano-x-AEK-onde-assistir-horario-e-escalacoes.jpg\",\"keywords\":[\"AEK\",\"assistir\",\"Escala\u00e7\u00f5es\",\"hor\u00e1rio\",\"onde\",\"Rayo\",\"Vallecano\"],\"articleSection\":[\"Brasil\"],\"inLanguage\":\"en-US\",\"copyrightYear\":\"2026\",\"copyrightHolder\":{\"@id\":\"https:\\\/\\\/ubirataonline.com.br\\\/en\\\/#organization\"}},{\"@type\":\"WebPage\",\"@id\":\"https:\\\/\\\/ubirataonline.com.br\\\/rayo-vallecano-x-aek-onde-assistir-horario-e-escalacoes\\\/\",\"url\":\"https:\\\/\\\/ubirataonline.com.br\\\/rayo-vallecano-x-aek-onde-assistir-horario-e-escalacoes\\\/\",\"name\":\"Rayo Vallecano x AEK: onde assistir, hor\u00e1rio e escala\u00e7\u00f5es - Ubirat\u00e3 Online Not\u00edcias - A realidade ao seu alcance!\",\"isPartOf\":{\"@id\":\"https:\\\/\\\/ubirataonline.com.br\\\/#website\"},\"primaryImageOfPage\":{\"@id\":\"https:\\\/\\\/ubirataonline.com.br\\\/rayo-vallecano-x-aek-onde-assistir-horario-e-escalacoes\\\/#primaryimage\"},\"image\":{\"@id\":\"https:\\\/\\\/ubirataonline.com.br\\\/rayo-vallecano-x-aek-onde-assistir-horario-e-escalacoes\\\/#primaryimage\"},\"thumbnailUrl\":\"https:\\\/\\\/ubirataonline.com.br\\\/wp-content\\\/uploads\\\/2026\\\/04\\\/Rayo-Vallecano-x-AEK-onde-assistir-horario-e-escalacoes.jpg\",\"datePublished\":\"2026-04-09T17:28:37+00:00\",\"dateModified\":\"2026-04-09T17:28:39+00:00\",\"description\":\"Ler Resumo Rayo Vallecano e AEK Atenas se enfrentam hoje pela ida das quartas da Conference League. O time espanhol aposta em intensidade e seus\",\"breadcrumb\":{\"@id\":\"https:\\\/\\\/ubirataonline.com.br\\\/rayo-vallecano-x-aek-onde-assistir-horario-e-escalacoes\\\/#breadcrumb\"},\"inLanguage\":\"en-US\",\"potentialAction\":[{\"@type\":\"ReadAction\",\"target\":[\"https:\\\/\\\/ubirataonline.com.br\\\/rayo-vallecano-x-aek-onde-assistir-horario-e-escalacoes\\\/\"]}]},{\"@type\":\"ImageObject\",\"inLanguage\":\"en-US\",\"@id\":\"https:\\\/\\\/ubirataonline.com.br\\\/rayo-vallecano-x-aek-onde-assistir-horario-e-escalacoes\\\/#primaryimage\",\"url\":\"https:\\\/\\\/ubirataonline.com.br\\\/wp-content\\\/uploads\\\/2026\\\/04\\\/Rayo-Vallecano-x-AEK-onde-assistir-horario-e-escalacoes.jpg\",\"contentUrl\":\"https:\\\/\\\/ubirataonline.com.br\\\/wp-content\\\/uploads\\\/2026\\\/04\\\/Rayo-Vallecano-x-AEK-onde-assistir-horario-e-escalacoes.jpg\",\"width\":1080,\"height\":565,\"caption\":\"Est\u00e1dio de Vallecas, em Madri, vai ser o palco da partida entre Rayo Vallecano e AEK nesta quinta, 9&nbsp;(Angel Martinez\\\/Getty Images)\"},{\"@type\":\"BreadcrumbList\",\"@id\":\"https:\\\/\\\/ubirataonline.com.br\\\/rayo-vallecano-x-aek-onde-assistir-horario-e-escalacoes\\\/#breadcrumb\",\"itemListElement\":[{\"@type\":\"ListItem\",\"position\":1,\"name\":\"In\u00edcio\",\"item\":\"https:\\\/\\\/ubirataonline.com.br\\\/\"},{\"@type\":\"ListItem\",\"position\":2,\"name\":\"Rayo Vallecano x AEK: onde assistir, hor\u00e1rio e escala\u00e7\u00f5es\"}]},{\"@type\":\"WebSite\",\"@id\":\"https:\\\/\\\/ubirataonline.com.br\\\/#website\",\"url\":\"https:\\\/\\\/ubirataonline.com.br\\\/\",\"name\":\"Ubirat\u00e3 Online Not\u00edcias\",\"description\":\"Not\u00edcias de Ubirat\u00e3, regi\u00e3o, Brasil e mundo, com informa\u00e7\u00e3o atualizada e compromisso com o leitor.\",\"publisher\":{\"@id\":\"https:\\\/\\\/ubirataonline.com.br\\\/#organization\"},\"alternateName\":\"Ubirat\u00e3 Online\",\"potentialAction\":[{\"@type\":\"SearchAction\",\"target\":{\"@type\":\"EntryPoint\",\"urlTemplate\":\"https:\\\/\\\/ubirataonline.com.br\\\/?s={search_term_string}\"},\"query-input\":{\"@type\":\"PropertyValueSpecification\",\"valueRequired\":true,\"valueName\":\"search_term_string\"}}],\"inLanguage\":\"en-US\"},{\"@type\":[\"Organization\",\"Place\"],\"@id\":\"https:\\\/\\\/ubirataonline.com.br\\\/#organization\",\"name\":\"Ubirat\u00e3 Online Not\u00edcias\",\"alternateName\":\"Ubirat\u00e3 Online\",\"url\":\"https:\\\/\\\/ubirataonline.com.br\\\/\",\"logo\":{\"@id\":\"https:\\\/\\\/ubirataonline.com.br\\\/rayo-vallecano-x-aek-onde-assistir-horario-e-escalacoes\\\/#local-main-organization-logo\"},\"image\":{\"@id\":\"https:\\\/\\\/ubirataonline.com.br\\\/rayo-vallecano-x-aek-onde-assistir-horario-e-escalacoes\\\/#local-main-organization-logo\"},\"sameAs\":[\"https:\\\/\\\/www.facebook.com\\\/portalubirataonline\",\"https:\\\/\\\/x.com\\\/ubirataonline\",\"https:\\\/\\\/mastodon.social\\\/@ubirataonline\",\"https:\\\/\\\/www.facebook.com\\\/groups\\\/311144672285604\",\"https:\\\/\\\/www.facebook.com\\\/UBTAOnline\",\"https:\\\/\\\/www.instagram.com\\\/portalubirataonline\\\/\",\"https:\\\/\\\/twitter.com\\\/ubirataonline\"],\"description\":\"Somos um portal de not\u00edcias independente, criado em 5 de janeiro de 2009, com o objetivo de informar, conectar e valorizar a nossa comunidade de Ubirat\u00e3 e toda aregi\u00e3o. Com conte\u00fado atualizado, confi\u00e1vel e relevante, o Ubirat\u00e3 Online \u00e9 o seu espa\u00e7o para ficar por dentro dos principais acontecimentos locais, regionais, Brasil, Mundo e de interesse geral. Nosso compromisso \u00e9 com a verdade, a transpar\u00eancia e o respeito ao leitor.\",\"legalName\":\"UBIRATA ONLINE NOT\u00cdCIAS\",\"foundingDate\":\"2009-01-05\",\"numberOfEmployees\":{\"@type\":\"QuantitativeValue\",\"minValue\":\"1\",\"maxValue\":\"10\"},\"publishingPrinciples\":\"https:\\\/\\\/ubirataonline.com.br\\\/faq\\\/\",\"address\":{\"@id\":\"https:\\\/\\\/ubirataonline.com.br\\\/rayo-vallecano-x-aek-onde-assistir-horario-e-escalacoes\\\/#local-main-place-address\"},\"geo\":{\"@type\":\"GeoCoordinates\",\"latitude\":\"-24.5361401\",\"longitude\":\"-52.9921776\"},\"telephone\":[\"+5544998308235\"],\"contactPoint\":{\"@type\":\"ContactPoint\",\"email\":\"contato@ubirataonline.com.br\"},\"openingHoursSpecification\":{\"@type\":\"OpeningHoursSpecification\",\"dayOfWeek\":[\"Monday\",\"Tuesday\",\"Wednesday\",\"Thursday\",\"Friday\",\"Saturday\",\"Sunday\"],\"opens\":\"00:00\",\"closes\":\"23:59\"},\"email\":\"contato@ubirataonline.com.br\",\"vatID\":\"47.621.418\\\/0001-80\"},{\"@type\":\"Person\",\"@id\":\"https:\\\/\\\/ubirataonline.com.br\\\/#\\\/schema\\\/person\\\/372f87bbd3fdd79b8556b84c98d0bc1c\",\"name\":\"REDA\u00c7\u00c3O: UBIRAT\u00c3 ONLINE - F\u00c1BIO AUGUSTO CELESTINO\",\"pronouns\":\"Ele\",\"description\":\"Desde 2003 trabalhando com not\u00edcias.\",\"sameAs\":[\"http:\\\/\\\/ubirataoline.com.br\",\"https:\\\/\\\/www.facebook.com\\\/portalubirataonline\",\"https:\\\/\\\/www.instagram.com\\\/ubirataonline_oficial\",\"https:\\\/\\\/x.com\\\/x.com\\\/ubirataonline\"],\"honorificPrefix\":\"Mr.\",\"honorificSuffix\":\"MD\",\"birthDate\":\"1980-06-16\",\"gender\":\"masculino\",\"award\":[\"V\u00e1rios pr\u00eamios de melhor portal da cidade\"],\"jobTitle\":\"Diretor\",\"url\":\"https:\\\/\\\/ubirataonline.com.br\\\/en\\\/author\\\/ubirataonline\\\/\"},{\"@type\":\"PostalAddress\",\"@id\":\"https:\\\/\\\/ubirataonline.com.br\\\/rayo-vallecano-x-aek-onde-assistir-horario-e-escalacoes\\\/#local-main-place-address\",\"streetAddress\":\"Rua dos Coqueiros, 104 - Bairro Boa Vista, Rua dos Coqueiros, 104 Bairro Boa Vista\",\"addressLocality\":\"UBIRATA\",\"postalCode\":\"85440-000\",\"addressRegion\":\"PR\",\"addressCountry\":\"BR\"},{\"@type\":\"ImageObject\",\"inLanguage\":\"en-US\",\"@id\":\"https:\\\/\\\/ubirataonline.com.br\\\/rayo-vallecano-x-aek-onde-assistir-horario-e-escalacoes\\\/#local-main-organization-logo\",\"url\":\"https:\\\/\\\/ubirataonline.com.br\\\/wp-content\\\/uploads\\\/2026\\\/06\\\/logoubirataonline-1.webp\",\"contentUrl\":\"https:\\\/\\\/ubirataonline.com.br\\\/wp-content\\\/uploads\\\/2026\\\/06\\\/logoubirataonline-1.webp\",\"width\":500,\"height\":500,\"caption\":\"Ubirat\u00e3 Online Not\u00edcias\"}]}<\/script>\n<meta name=\"geo.placename\" content=\"UBIRATA\" \/>\n<meta name=\"geo.position\" content=\"-24.5361401;-52.9921776\" \/>\n<meta name=\"geo.region\" content=\"Brazil\" \/>\n<!-- \/ Yoast SEO Premium plugin. -->","yoast_head_json":{"title":"Rayo Vallecano x AEK: onde assistir, hor\u00e1rio e escala\u00e7\u00f5es - Ubirat\u00e3 Online Not\u00edcias - A realidade ao seu alcance!","description":"Ler Resumo Rayo Vallecano e AEK Atenas se enfrentam hoje pela ida das quartas da Conference League. O time espanhol aposta em intensidade e seus","robots":{"index":"index","follow":"follow","max-snippet":"max-snippet:-1","max-image-preview":"max-image-preview:large","max-video-preview":"max-video-preview:-1"},"canonical":"https:\/\/ubirataonline.com.br\/en\/rayo-vallecano-x-aek-onde-assistir-horario-e-escalacoes\/","og_locale":"en_US","og_type":"article","og_title":"Rayo Vallecano x AEK: onde assistir, hor\u00e1rio e escala\u00e7\u00f5es","og_description":"Ler Resumo Rayo Vallecano e AEK Atenas se enfrentam hoje pela ida das quartas da Conference League. O time espanhol aposta em intensidade e seus","og_url":"https:\/\/ubirataonline.com.br\/en\/rayo-vallecano-x-aek-onde-assistir-horario-e-escalacoes\/","og_site_name":"Ubirat\u00e3 Online Not\u00edcias - A realidade ao seu alcance!","article_publisher":"https:\/\/www.facebook.com\/portalubirataonline","article_author":"https:\/\/www.facebook.com\/portalubirataonline","article_published_time":"2026-04-09T17:28:37+00:00","article_modified_time":"2026-04-09T17:28:39+00:00","og_image":[{"width":1080,"height":565,"url":"https:\/\/ubirataonline.com.br\/wp-content\/uploads\/2026\/04\/Rayo-Vallecano-x-AEK-onde-assistir-horario-e-escalacoes.jpg","type":"image\/jpeg"}],"author":"REDA\u00c7\u00c3O: UBIRAT\u00c3 ONLINE - F\u00c1BIO AUGUSTO CELESTINO","twitter_card":"summary_large_image","twitter_creator":"@x.com\/ubirataonline","twitter_site":"@ubirataonline","twitter_misc":{"Written by":"REDA\u00c7\u00c3O: UBIRAT\u00c3 ONLINE - F\u00c1BIO AUGUSTO CELESTINO","Est. reading time":"2 minutes"},"schema":{"@context":"https:\/\/schema.org","@graph":[{"@type":"NewsArticle","@id":"https:\/\/ubirataonline.com.br\/rayo-vallecano-x-aek-onde-assistir-horario-e-escalacoes\/#article","isPartOf":{"@id":"https:\/\/ubirataonline.com.br\/rayo-vallecano-x-aek-onde-assistir-horario-e-escalacoes\/"},"author":{"name":"REDA\u00c7\u00c3O: UBIRAT\u00c3 ONLINE - F\u00c1BIO AUGUSTO CELESTINO","@id":"https:\/\/ubirataonline.com.br\/#\/schema\/person\/372f87bbd3fdd79b8556b84c98d0bc1c"},"headline":"Rayo Vallecano x AEK: onde assistir, hor\u00e1rio e escala\u00e7\u00f5es","datePublished":"2026-04-09T17:28:37+00:00","dateModified":"2026-04-09T17:28:39+00:00","mainEntityOfPage":{"@id":"https:\/\/ubirataonline.com.br\/rayo-vallecano-x-aek-onde-assistir-horario-e-escalacoes\/"},"wordCount":408,"publisher":{"@id":"https:\/\/ubirataonline.com.br\/#organization"},"image":{"@id":"https:\/\/ubirataonline.com.br\/rayo-vallecano-x-aek-onde-assistir-horario-e-escalacoes\/#primaryimage"},"thumbnailUrl":"https:\/\/ubirataonline.com.br\/wp-content\/uploads\/2026\/04\/Rayo-Vallecano-x-AEK-onde-assistir-horario-e-escalacoes.jpg","keywords":["AEK","assistir","Escala\u00e7\u00f5es","hor\u00e1rio","onde","Rayo","Vallecano"],"articleSection":["Brasil"],"inLanguage":"en-US","copyrightYear":"2026","copyrightHolder":{"@id":"https:\/\/ubirataonline.com.br\/en\/#organization"}},{"@type":"WebPage","@id":"https:\/\/ubirataonline.com.br\/rayo-vallecano-x-aek-onde-assistir-horario-e-escalacoes\/","url":"https:\/\/ubirataonline.com.br\/rayo-vallecano-x-aek-onde-assistir-horario-e-escalacoes\/","name":"Rayo Vallecano x AEK: onde assistir, hor\u00e1rio e escala\u00e7\u00f5es - Ubirat\u00e3 Online Not\u00edcias - A realidade ao seu alcance!","isPartOf":{"@id":"https:\/\/ubirataonline.com.br\/#website"},"primaryImageOfPage":{"@id":"https:\/\/ubirataonline.com.br\/rayo-vallecano-x-aek-onde-assistir-horario-e-escalacoes\/#primaryimage"},"image":{"@id":"https:\/\/ubirataonline.com.br\/rayo-vallecano-x-aek-onde-assistir-horario-e-escalacoes\/#primaryimage"},"thumbnailUrl":"https:\/\/ubirataonline.com.br\/wp-content\/uploads\/2026\/04\/Rayo-Vallecano-x-AEK-onde-assistir-horario-e-escalacoes.jpg","datePublished":"2026-04-09T17:28:37+00:00","dateModified":"2026-04-09T17:28:39+00:00","description":"Ler Resumo Rayo Vallecano e AEK Atenas se enfrentam hoje pela ida das quartas da Conference League. O time espanhol aposta em intensidade e seus","breadcrumb":{"@id":"https:\/\/ubirataonline.com.br\/rayo-vallecano-x-aek-onde-assistir-horario-e-escalacoes\/#breadcrumb"},"inLanguage":"en-US","potentialAction":[{"@type":"ReadAction","target":["https:\/\/ubirataonline.com.br\/rayo-vallecano-x-aek-onde-assistir-horario-e-escalacoes\/"]}]},{"@type":"ImageObject","inLanguage":"en-US","@id":"https:\/\/ubirataonline.com.br\/rayo-vallecano-x-aek-onde-assistir-horario-e-escalacoes\/#primaryimage","url":"https:\/\/ubirataonline.com.br\/wp-content\/uploads\/2026\/04\/Rayo-Vallecano-x-AEK-onde-assistir-horario-e-escalacoes.jpg","contentUrl":"https:\/\/ubirataonline.com.br\/wp-content\/uploads\/2026\/04\/Rayo-Vallecano-x-AEK-onde-assistir-horario-e-escalacoes.jpg","width":1080,"height":565,"caption":"Est\u00e1dio de Vallecas, em Madri, vai ser o palco da partida entre Rayo Vallecano e AEK nesta quinta, 9&nbsp;(Angel Martinez\/Getty Images)"},{"@type":"BreadcrumbList","@id":"https:\/\/ubirataonline.com.br\/rayo-vallecano-x-aek-onde-assistir-horario-e-escalacoes\/#breadcrumb","itemListElement":[{"@type":"ListItem","position":1,"name":"In\u00edcio","item":"https:\/\/ubirataonline.com.br\/"},{"@type":"ListItem","position":2,"name":"Rayo Vallecano x AEK: onde assistir, hor\u00e1rio e escala\u00e7\u00f5es"}]},{"@type":"WebSite","@id":"https:\/\/ubirataonline.com.br\/#website","url":"https:\/\/ubirataonline.com.br\/","name":"Ubirat\u00e3 Online Not\u00edcias","description":"Not\u00edcias de Ubirat\u00e3, regi\u00e3o, Brasil e mundo, com informa\u00e7\u00e3o atualizada e compromisso com o leitor.","publisher":{"@id":"https:\/\/ubirataonline.com.br\/#organization"},"alternateName":"Ubirat\u00e3 Online","potentialAction":[{"@type":"SearchAction","target":{"@type":"EntryPoint","urlTemplate":"https:\/\/ubirataonline.com.br\/?s={search_term_string}"},"query-input":{"@type":"PropertyValueSpecification","valueRequired":true,"valueName":"search_term_string"}}],"inLanguage":"en-US"},{"@type":["Organization","Place"],"@id":"https:\/\/ubirataonline.com.br\/#organization","name":"Ubirat\u00e3 Online Not\u00edcias","alternateName":"Ubirat\u00e3 Online","url":"https:\/\/ubirataonline.com.br\/","logo":{"@id":"https:\/\/ubirataonline.com.br\/rayo-vallecano-x-aek-onde-assistir-horario-e-escalacoes\/#local-main-organization-logo"},"image":{"@id":"https:\/\/ubirataonline.com.br\/rayo-vallecano-x-aek-onde-assistir-horario-e-escalacoes\/#local-main-organization-logo"},"sameAs":["https:\/\/www.facebook.com\/portalubirataonline","https:\/\/x.com\/ubirataonline","https:\/\/mastodon.social\/@ubirataonline","https:\/\/www.facebook.com\/groups\/311144672285604","https:\/\/www.facebook.com\/UBTAOnline","https:\/\/www.instagram.com\/portalubirataonline\/","https:\/\/twitter.com\/ubirataonline"],"description":"Somos um portal de not\u00edcias independente, criado em 5 de janeiro de 2009, com o objetivo de informar, conectar e valorizar a nossa comunidade de Ubirat\u00e3 e toda aregi\u00e3o. Com conte\u00fado atualizado, confi\u00e1vel e relevante, o Ubirat\u00e3 Online \u00e9 o seu espa\u00e7o para ficar por dentro dos principais acontecimentos locais, regionais, Brasil, Mundo e de interesse geral. Nosso compromisso \u00e9 com a verdade, a transpar\u00eancia e o respeito ao leitor.","legalName":"UBIRATA ONLINE NOT\u00cdCIAS","foundingDate":"2009-01-05","numberOfEmployees":{"@type":"QuantitativeValue","minValue":"1","maxValue":"10"},"publishingPrinciples":"https:\/\/ubirataonline.com.br\/faq\/","address":{"@id":"https:\/\/ubirataonline.com.br\/rayo-vallecano-x-aek-onde-assistir-horario-e-escalacoes\/#local-main-place-address"},"geo":{"@type":"GeoCoordinates","latitude":"-24.5361401","longitude":"-52.9921776"},"telephone":["+5544998308235"],"contactPoint":{"@type":"ContactPoint","email":"contato@ubirataonline.com.br"},"openingHoursSpecification":{"@type":"OpeningHoursSpecification","dayOfWeek":["Monday","Tuesday","Wednesday","Thursday","Friday","Saturday","Sunday"],"opens":"00:00","closes":"23:59"},"email":"contato@ubirataonline.com.br","vatID":"47.621.418\/0001-80"},{"@type":"Person","@id":"https:\/\/ubirataonline.com.br\/#\/schema\/person\/372f87bbd3fdd79b8556b84c98d0bc1c","name":"REDA\u00c7\u00c3O: UBIRAT\u00c3 ONLINE - F\u00c1BIO AUGUSTO CELESTINO","pronouns":"Ele","description":"Desde 2003 trabalhando com not\u00edcias.","sameAs":["http:\/\/ubirataoline.com.br","https:\/\/www.facebook.com\/portalubirataonline","https:\/\/www.instagram.com\/ubirataonline_oficial","https:\/\/x.com\/x.com\/ubirataonline"],"honorificPrefix":"Mr.","honorificSuffix":"MD","birthDate":"1980-06-16","gender":"masculino","award":["V\u00e1rios pr\u00eamios de melhor portal da cidade"],"jobTitle":"Diretor","url":"https:\/\/ubirataonline.com.br\/en\/author\/ubirataonline\/"},{"@type":"PostalAddress","@id":"https:\/\/ubirataonline.com.br\/rayo-vallecano-x-aek-onde-assistir-horario-e-escalacoes\/#local-main-place-address","streetAddress":"Rua dos Coqueiros, 104 - Bairro Boa Vista, Rua dos Coqueiros, 104 Bairro Boa Vista","addressLocality":"UBIRATA","postalCode":"85440-000","addressRegion":"PR","addressCountry":"BR"},{"@type":"ImageObject","inLanguage":"en-US","@id":"https:\/\/ubirataonline.com.br\/rayo-vallecano-x-aek-onde-assistir-horario-e-escalacoes\/#local-main-organization-logo","url":"https:\/\/ubirataonline.com.br\/wp-content\/uploads\/2026\/06\/logoubirataonline-1.webp","contentUrl":"https:\/\/ubirataonline.com.br\/wp-content\/uploads\/2026\/06\/logoubirataonline-1.webp","width":500,"height":500,"caption":"Ubirat\u00e3 Online Not\u00edcias"}]},"geo.placename":"UBIRATA","geo.position":{"lat":"-24.5361401","long":"-52.9921776"},"geo.region":"Brazil"},"_links":{"self":[{"href":"https:\/\/ubirataonline.com.br\/en\/wp-json\/wp\/v2\/posts\/102307","targetHints":{"allow":["GET"]}}],"collection":[{"href":"https:\/\/ubirataonline.com.br\/en\/wp-json\/wp\/v2\/posts"}],"about":[{"href":"https:\/\/ubirataonline.com.br\/en\/wp-json\/wp\/v2\/types\/post"}],"author":[{"embeddable":true,"href":"https:\/\/ubirataonline.com.br\/en\/wp-json\/wp\/v2\/users\/1"}],"replies":[{"embeddable":true,"href":"https:\/\/ubirataonline.com.br\/en\/wp-json\/wp\/v2\/comments?post=102307"}],"version-history":[{"count":0,"href":"https:\/\/ubirataonline.com.br\/en\/wp-json\/wp\/v2\/posts\/102307\/revisions"}],"wp:featuredmedia":[{"embeddable":true,"href":"https:\/\/ubirataonline.com.br\/en\/wp-json\/wp\/v2\/media\/102308"}],"wp:attachment":[{"href":"https:\/\/ubirataonline.com.br\/en\/wp-json\/wp\/v2\/media?parent=102307"}],"wp:term":[{"taxonomy":"category","embeddable":true,"href":"https:\/\/ubirataonline.com.br\/en\/wp-json\/wp\/v2\/categories?post=102307"},{"taxonomy":"post_tag","embeddable":true,"href":"https:\/\/ubirataonline.com.br\/en\/wp-json\/wp\/v2\/tags?post=102307"}],"curies":[{"name":"wp","href":"https:\/\/api.w.org\/{rel}","templated":true}]}}