{"id":102325,"date":"2026-04-09T14:49:41","date_gmt":"2026-04-09T17:49:41","guid":{"rendered":"https:\/\/ubirataonline.com.br\/barba-e-o-novo-cabelo-conheca-3-estilos-que-estao-em-alta\/"},"modified":"2026-04-09T14:49:43","modified_gmt":"2026-04-09T17:49:43","slug":"barba-e-o-novo-cabelo-conheca-3-estilos-que-estao-em-alta","status":"publish","type":"post","link":"https:\/\/ubirataonline.com.br\/en\/barba-e-o-novo-cabelo-conheca-3-estilos-que-estao-em-alta\/","title":{"rendered":"Barba \u00e9 o novo cabelo? Conhe\u00e7a 3 estilos que est\u00e3o em alta"},"content":{"rendered":"<p><\/p>\n<div id=\"post-content\">\n<p>Nos \u00faltimos anos, a barba deixou de ser apenas um detalhe e passou a ocupar um papel central na constru\u00e7\u00e3o da identidade masculina. Nesta esta\u00e7\u00e3o, ela se consolida como um dos principais elementos de estilo do homem moderno, muitas vezes mais determinante do que o pr\u00f3prio corte de cabelo.<\/p>\n<p>Segundo o especialista em beleza masculina Paulo Silva, que comanda a Black Zone Barbearia, o comportamento do homem que quer um visual moderno mudou. \u201cAntes o foco estava no cabelo. Hoje, muitos clientes chegam com refer\u00eancias de <strong><a href=\"https:\/\/portaledicase.com\/5-segredos-para-manter-a-barba-sempre-impecavel\/\" target=\"_blank\" rel=\"noreferrer noopener\">barba<\/a><\/strong>, buscando alinhar formato, volume e acabamento com o estilo de vida e personalidade\u201d, explica.<\/p>\n<p>O homem atual est\u00e1 mais atento \u00e0 pr\u00f3pria imagem, mas de forma pr\u00e1tica e funcional, e a barba entra nesse contexto como um elemento vers\u00e1til, que pode transmitir desde um visual sofisticado at\u00e9 um estilo despojado, dependendo do formato escolhido e da manuten\u00e7\u00e3o exigida.<\/p>\n<h2 class=\"wp-block-heading\" id=\"h-tendencias-de-barba\">Tend\u00eancias de barba<\/h2>\n<p>Entre as principais tend\u00eancias outono-inverno, destacam-se as barbas mais naturais, com acabamento bem definido, respeitando o crescimento individual dos fios. O excesso de marca\u00e7\u00e3o perde espa\u00e7o para um visual mais equilibrado, harm\u00f4nico com o rosto e conectado com o corte de cabelo.<\/p>\n<p>Outro movimento apontado por Paulo Silva \u00e9 a busca por personaliza\u00e7\u00e3o. Cada vez mais, o desenho da barba \u00e9 pensado de acordo com o formato do rosto, densidade dos fios e <strong><a href=\"https:\/\/portaledicase.com\/dicas-para-cuidar-da-barba\/\" target=\"_blank\" rel=\"noreferrer noopener\">rotina<\/a><\/strong> do cliente. \u201cN\u00e3o existe mais padr\u00e3o \u00fanico. O que se percebe \u00e9 uma constru\u00e7\u00e3o individual de estilo\u201d, refor\u00e7a.<\/p>\n<p>Abaixo, o especialista lista tr\u00eas estilos de barba atuais, que se adequam a diversos formatos de rosto e trazem personalidade ao homem. Confira!<\/p>\n<h3 class=\"wp-block-heading\" id=\"h-1-barba-natural-com-pouco-volume\">1. Barba natural com pouco volume<\/h3>\n<div class=\"wp-block-image\">\n<figure class=\"aligncenter size-large\"><figcaption class=\"wp-element-caption\">A barba com pouco volume valoriza a leveza do visual e traz um ar mais jovem (Imagem: Reprodu\u00e7\u00e3o digital | Black Zone Barbearia)<\/figcaption><\/figure>\n<\/p><\/div>\n<p>Neste estilo de barba com pouco <strong><a href=\"https:\/\/portaledicase.com\/veja-como-o-transplante-de-barba-ajuda-a-corrigir-falhas-nos-pelos\/\" target=\"_blank\" rel=\"noreferrer noopener\">volume<\/a><\/strong>, valoriza-se o crescimento natural dos fios, que s\u00e3o aparados para trazer eleg\u00e2ncia e aspecto de cuidado, mas sem parecer muito formal. Transmite jovialidade e \u00e9 ideal tanto para quem tem pouco volume quanto para quem se preocupa com falhas, porque o barbeiro profissional consegue trabalhar respeitando o desenho do rosto. Adapta-se a qualquer formato de rosto.<\/p>\n<h3 class=\"wp-block-heading\" id=\"h-2-barba-natural-com-bastante-volume\">2. Barba natural com bastante volume<\/h3>\n<div class=\"wp-block-image\">\n<figure class=\"aligncenter size-large\"><img loading=\"lazy\" decoding=\"async\" width=\"1024\" height=\"683\" src=\"https:\/\/portaledicase.com\/wp-content\/uploads\/2026\/04\/barbanatural-volumosa-1024x683.png\" alt=\"Homem com cabelo curto, raspado nas laterais e barba volumosa usando camiseta preta com barbearia ao fundo\" class=\"wp-image-589406\" srcset=\"https:\/\/portaledicase.com\/wp-content\/uploads\/2026\/04\/barbanatural-volumosa-1024x683.png 1024w, https:\/\/portaledicase.com\/wp-content\/uploads\/2026\/04\/barbanatural-volumosa-300x200.png 300w, https:\/\/portaledicase.com\/wp-content\/uploads\/2026\/04\/barbanatural-volumosa-768x512.png 768w, https:\/\/portaledicase.com\/wp-content\/uploads\/2026\/04\/barbanatural-volumosa-640x427.png 640w, https:\/\/portaledicase.com\/wp-content\/uploads\/2026\/04\/barbanatural-volumosa-150x100.png 150w, https:\/\/portaledicase.com\/wp-content\/uploads\/2026\/04\/barbanatural-volumosa.png 1200w\" sizes=\"auto, (max-width: 1024px) 100vw, 1024px\"\/><figcaption class=\"wp-element-caption\">A barba com bastante volume aposta no equil\u00edbrio para valorizar os tra\u00e7os faciais (Imagem: Reprodu\u00e7\u00e3o digital | Black Zone Barbearia)<\/figcaption><\/figure>\n<\/p><\/div>\n<p>A barba com bastante volume tamb\u00e9m valoriza o crescimento natural dos fios, mas, neste caso, o barbeiro trabalha com t\u00e9cnicas diferentes para cada tipo de rosto: nos redondos, privilegia-se o volume no queixo em detrimento do lateral, para alongamento, enquanto o rosto quadrado ganha contornos mais arredondados, para ganhar suavidade. Novamente, a ideia \u00e9 n\u00e3o fazer um trabalho marcado, mas apoiar-se na tend\u00eancia da personaliza\u00e7\u00e3o, praticidade e estilo de vida do homem.<\/p>\n<h3 class=\"wp-block-heading\" id=\"h-3-barba-natural-degrade-com-pezinho\">3. Barba natural degrad\u00ea com pezinho<\/h3>\n<div class=\"wp-block-image\">\n<figure class=\"aligncenter size-large\"><img loading=\"lazy\" decoding=\"async\" width=\"1024\" height=\"683\" src=\"https:\/\/portaledicase.com\/wp-content\/uploads\/2026\/04\/barbanatura-degrade-1024x683.png\" alt=\"Homem com cabelo curto preto, e barba feita em degrad\u00ea usando camiseta preta com barbearia ao fundo\" class=\"wp-image-589405\" srcset=\"https:\/\/portaledicase.com\/wp-content\/uploads\/2026\/04\/barbanatura-degrade-1024x683.png 1024w, https:\/\/portaledicase.com\/wp-content\/uploads\/2026\/04\/barbanatura-degrade-300x200.png 300w, https:\/\/portaledicase.com\/wp-content\/uploads\/2026\/04\/barbanatura-degrade-768x512.png 768w, https:\/\/portaledicase.com\/wp-content\/uploads\/2026\/04\/barbanatura-degrade-640x427.png 640w, https:\/\/portaledicase.com\/wp-content\/uploads\/2026\/04\/barbanatura-degrade.png 1200w\" sizes=\"auto, (max-width: 1024px) 100vw, 1024px\"\/><figcaption class=\"wp-element-caption\">A barba degrad\u00ea com pezinho cria um acabamento moderno com transi\u00e7\u00f5es suaves (Imagem: Reprodu\u00e7\u00e3o digital | Black Zone Barbearia)<\/figcaption><\/figure>\n<\/p><\/div>\n<p>Nesta vers\u00e3o de barba, o barbeiro desenha um pouco mais o contorno da barba, fazendo um degrad\u00ea suave desde a linha do cabelo e da costeleta at\u00e9 o queixo, onde se concentra o maior volume de fios. Para completar, o pesco\u00e7o \u00e9 limpo, com pezinho acima do pomo-de-ad\u00e3o. Outro estilo <strong><a href=\"https:\/\/portaledicase.com\/cuidados-essenciais-com-barbas-grisalhas\/\" target=\"_blank\" rel=\"noreferrer noopener\">natural<\/a><\/strong>, que demonstra muita eleg\u00e2ncia e cuidado com a apar\u00eancia.<\/p>\n<p>Al\u00e9m da est\u00e9tica, o cuidado com a barba tamb\u00e9m ganha protagonismo. Procedimentos como hidrata\u00e7\u00e3o, alinhamento e tratamentos para a pele passam a fazer parte da rotina de quem busca um visual bem cuidado.<\/p>\n<p>Utilizar produtos espec\u00edficos para lavar e condicionar diariamente os fios, e n\u00e3o sabonetes comuns, ajuda a n\u00e3o ressecar a pele e a evitar fungos e bact\u00e9rias. A <strong><a href=\"https:\/\/portaledicase.com\/dicas-de-cuidados-com-a-pele-para-os-homens\/\" target=\"_blank\" rel=\"noreferrer noopener\">hidrata\u00e7\u00e3o<\/a><\/strong> com \u00f3leos ou hidratantes especiais tamb\u00e9m previne coceira e descama\u00e7\u00e3o.\u00a0<\/p>\n<p>Depois, escovar e pentear a barba diariamente promove o alinhamento dos fios e ajuda a distribuir a oleosidade natural ou os produtos aplicados. \u201cAparar a barba a cada duas semanas \u00e9 fundamental para que n\u00e3o se perca o corte. As barbearias podem aconselhar, inclusive, na mudan\u00e7a de estilo e cuidados adicionais\u201d, finaliza Paulo Silva.<\/p>\n<p><em>Por Simone Valente<\/em><\/p>\n<section class=\"virals\">\n<article class=\"cardnews cardnews--post cardnews--has-thumbnail cardnews--editorial-noticias\"> <a href=\"https:\/\/www.tribunapr.com.br\/noticias\/curitiba-regiao\/vereador-perdeu-pia-e-investigado-por-usar-gm-para-se-autopromove?utm_source=noticias-virais-rodape&amp;utm_medium=internal-tribuna&amp;utm_campaign=tribuna\" class=\"cardnews__postlink\"> <\/p>\n<div class=\"cardnews__image\" is-api-thumb=\"\"><img decoding=\"async\" src=\"https:\/\/www.tribunapr.com.br\/wp-content\/uploads\/2026\/03\/27182231\/perdeu-pia-GM-370x210.jpeg\" loading=\"lazy\" alt=\"Vereador Perdeu Pi\u00e1 \u00e9 investigado por usar GM para se autopromover\"\/><\/div>\n<div class=\"cardnews__content cardhome__content\">\n<div class=\"cardnews__content-wrapper\">\n<p> <span style=\"\"> De olho! <\/span> <\/p>\n<p>Vereador Perdeu Pi\u00e1 \u00e9 investigado por usar GM para se autopromover<\/p>\n<\/p><\/div>\n<\/p><\/div>\n<p> <\/a> <\/article>\n<article class=\"cardnews cardnews--post cardnews--has-thumbnail cardnews--editorial-noticias\"> <a href=\"https:\/\/www.tribunapr.com.br\/noticias\/parana\/parana-pode-sentir-efeitos-do-el-nino-a-partir-de-julho-o-que-esperar\/?utm_source=noticias-virais-rodape&amp;utm_medium=internal-tribuna&amp;utm_campaign=tribuna\" class=\"cardnews__postlink\"> <\/p>\n<div class=\"cardnews__image\" is-api-thumb=\"\"><img decoding=\"async\" src=\"https:\/\/www.tribunapr.com.br\/wp-content\/uploads\/2026\/02\/20182305\/chuvas-370x210.jpg\" loading=\"lazy\" alt=\"Paran\u00e1 pode sentir efeitos do El Ni\u00f1o a partir de julho; o que esperar\"\/><\/div>\n<div class=\"cardnews__content cardhome__content\">\n<div class=\"cardnews__content-wrapper\">\n<p> <span style=\"\"> Alerta <\/span> <\/p>\n<p>Paran\u00e1 pode sentir efeitos do El Ni\u00f1o a partir de julho; o que esperar<\/p>\n<\/p><\/div>\n<\/p><\/div>\n<p> <\/a> <\/article>\n<article class=\"cardnews cardnews--post cardnews--has-thumbnail cardnews--editorial-noticias\"> <a href=\"https:\/\/www.tribunapr.com.br\/noticias\/parana\/roteiro-inusitado-parana-coleciona-estatuas-peculiares-pelo-interior\/ C?utm_source=noticias-virais-rodape&amp;utm_medium=internal-tribuna&amp;utm_campaign=tribuna\" class=\"cardnews__postlink\"> <\/p>\n<div class=\"cardnews__image\" is-api-thumb=\"\"><img decoding=\"async\" src=\"https:\/\/www.tribunapr.com.br\/wp-content\/uploads\/2026\/01\/15072039\/falecimentos-em-curitiba-370x210.jpg\" loading=\"lazy\" alt=\"Roteiro inusitado: Paran\u00e1 coleciona est\u00e1tuas peculiares pelo interior \"\/><\/div>\n<div class=\"cardnews__content cardhome__content\">\n<div class=\"cardnews__content-wrapper\">\n<p> <span style=\"\"> Belezas do Paran\u00e1 <\/span> <\/p>\n<p>Roteiro inusitado: Paran\u00e1 coleciona est\u00e1tuas peculiares pelo interior <\/p>\n<\/p><\/div>\n<\/p><\/div>\n<p> <\/a> <\/article>\n<\/section>\n<div id=\"tribuna-follow-cta\">\n<p> <span class=\"cta-title\">Siga a <span class=\"tribuna-color\">Tribuna<\/span> no Google, e acompanhe as \u00faltimas not\u00edcias de Curitiba e regi\u00e3o!<\/span> <\/p>\n<p> <a href=\"https:\/\/profile.google.com\/cp\/CgwvZy8xMmxxajUzM3Mac2h0dHBzOi8vd3d3LnRyaWJ1bmFwci5jb20uYnIvdml2YS92aXRyaW5lL2dpZ2FudGUtZG8tdmVzdHVhcmlvLXJlaW5hdWd1cmEtbG9qYS1lbS1zaG9wcGluZy10cmFkaWNpb25hbC1kZS1jdXJpdGliYS8iElRyaWJ1bmEgZG8gUGFyYW7DoSqAAwrHAWh0dHBzOi8vZW5jcnlwdGVkLXRibjIuZ3N0YXRpYy5jb20vZmF2aWNvbi10Ym4_cT10Ym46QU5kOUdjUVJPbjVDRjR6TzJPbkUwTXZrRlRCRTY2U0g1bGlaVDRaZTV3bWNKeU5GRm1BSnluM01nNU9PR3BXY1pYMzZwYU5HUWtsZ09JVEFLTTNNZVNGbTc1aWp6M3k2ajUtQ3M2b25kX2JUcFFQQkVLd3RsUjBsTmJESnUtVHhrNXQtbFlCNlVpOWZSVVFjT2cSswFodHRwczovL2VuY3J5cHRlZC10Ym4zLmdzdGF0aWMuY29tL2Zhdmljb24tdGJuP3E9dGJuJTNBQU5kOUdjU0FMaWJ2eFF0YXdFMFRueVdWWmVKRS1MZEdRZjVTUi1OZ2RMazhyZzIwVy1nM0JuQ1F4VDNKZFBjRXR2THdBeVRxUDJEdHVycEdVR29CQkxpYzM5al9wSmFxRERaMHNCYW05WEVhSGVsMmZTQmdKdlF4WWVyMw\" target=\"_blank\" title=\"Seguir a Tribuna no Google\">  <\/a> <\/div>\n<\/p><\/div>\n<p><a href=\"https:\/\/www.tribunapr.com.br\/variedades\/barba-e-o-novo-cabelo-conheca-3-estilos-que-estao-em-alta\/\">Fonte do Artigo <\/a><\/p>","protected":false},"excerpt":{"rendered":"<p>Nos \u00faltimos anos, a barba deixou de ser apenas um detalhe e passou a ocupar um papel central na constru\u00e7\u00e3o da identidade masculina. Nesta esta\u00e7\u00e3o, ela se consolida como um dos principais elementos de estilo do homem moderno, muitas vezes mais determinante do que o pr\u00f3prio corte de cabelo. Segundo o especialista em beleza masculina [&hellip;]<\/p>\n","protected":false},"author":1,"featured_media":102326,"comment_status":"closed","ping_status":"","sticky":false,"template":"","format":"standard","meta":{"googlesitekit_rrm_CAow2JLhCw:productID":"","_gspb_post_css":"","maa_idioma":"","maa_pais":"","footnotes":""},"categories":[1],"tags":[3350,26192,1904,9605,7032,26193,4363],"class_list":["post-102325","post","type-post","status-publish","format-standard","has-post-thumbnail","hentry","category-ubirata","tag-alta","tag-barba","tag-cabelo","tag-conheca","tag-estao","tag-estilos","tag-novo"],"blocksy_meta":[],"yoast_head":"<!-- This site is optimized with the Yoast SEO Premium plugin v27.6 (Yoast SEO v27.6) - https:\/\/yoast.com\/product\/yoast-seo-premium-wordpress\/ -->\n<title>Barba \u00e9 o novo cabelo? Conhe\u00e7a 3 estilos que est\u00e3o em alta - Ubirat\u00e3 Online Not\u00edcias - A realidade ao seu alcance!<\/title>\n<meta name=\"description\" content=\"Nos \u00faltimos anos, a barba deixou de ser apenas um detalhe e passou a ocupar um papel central na constru\u00e7\u00e3o da identidade masculina. Nesta esta\u00e7\u00e3o, ela se\" \/>\n<meta name=\"robots\" content=\"index, follow, max-snippet:-1, max-image-preview:large, max-video-preview:-1\" \/>\n<link rel=\"canonical\" href=\"https:\/\/ubirataonline.com.br\/en\/barba-e-o-novo-cabelo-conheca-3-estilos-que-estao-em-alta\/\" \/>\n<meta property=\"og:locale\" content=\"en_US\" \/>\n<meta property=\"og:type\" content=\"article\" \/>\n<meta property=\"og:title\" content=\"Barba \u00e9 o novo cabelo? Conhe\u00e7a 3 estilos que est\u00e3o em alta\" \/>\n<meta property=\"og:description\" content=\"Nos \u00faltimos anos, a barba deixou de ser apenas um detalhe e passou a ocupar um papel central na constru\u00e7\u00e3o da identidade masculina. Nesta esta\u00e7\u00e3o, ela se\" \/>\n<meta property=\"og:url\" content=\"https:\/\/ubirataonline.com.br\/en\/barba-e-o-novo-cabelo-conheca-3-estilos-que-estao-em-alta\/\" \/>\n<meta property=\"og:site_name\" content=\"Ubirat\u00e3 Online Not\u00edcias - A realidade ao seu alcance!\" \/>\n<meta property=\"article:publisher\" content=\"https:\/\/www.facebook.com\/portalubirataonline\" \/>\n<meta property=\"article:author\" content=\"https:\/\/www.facebook.com\/portalubirataonline\" \/>\n<meta property=\"article:published_time\" content=\"2026-04-09T17:49:41+00:00\" \/>\n<meta property=\"article:modified_time\" content=\"2026-04-09T17:49:43+00:00\" \/>\n<meta property=\"og:image\" content=\"https:\/\/ubirataonline.com.br\/wp-content\/uploads\/2026\/04\/Barba-e-o-novo-cabelo-Conheca-3-estilos-que-estao.jpg\" \/>\n\t<meta property=\"og:image:width\" content=\"1200\" \/>\n\t<meta property=\"og:image:height\" content=\"800\" \/>\n\t<meta property=\"og:image:type\" content=\"image\/jpeg\" \/>\n<meta name=\"author\" content=\"REDA\u00c7\u00c3O: UBIRAT\u00c3 ONLINE - F\u00c1BIO AUGUSTO CELESTINO\" \/>\n<meta name=\"twitter:card\" content=\"summary_large_image\" \/>\n<meta name=\"twitter:creator\" content=\"@x.com\/ubirataonline\" \/>\n<meta name=\"twitter:site\" content=\"@ubirataonline\" \/>\n<meta name=\"twitter:label1\" content=\"Written by\" \/>\n\t<meta name=\"twitter:data1\" content=\"REDA\u00c7\u00c3O: UBIRAT\u00c3 ONLINE - F\u00c1BIO AUGUSTO CELESTINO\" \/>\n\t<meta name=\"twitter:label2\" content=\"Est. reading time\" \/>\n\t<meta name=\"twitter:data2\" content=\"4 minutes\" \/>\n<script type=\"application\/ld+json\" class=\"yoast-schema-graph\">{\"@context\":\"https:\\\/\\\/schema.org\",\"@graph\":[{\"@type\":\"NewsArticle\",\"@id\":\"https:\\\/\\\/ubirataonline.com.br\\\/barba-e-o-novo-cabelo-conheca-3-estilos-que-estao-em-alta\\\/#article\",\"isPartOf\":{\"@id\":\"https:\\\/\\\/ubirataonline.com.br\\\/barba-e-o-novo-cabelo-conheca-3-estilos-que-estao-em-alta\\\/\"},\"author\":{\"name\":\"REDA\u00c7\u00c3O: UBIRAT\u00c3 ONLINE - F\u00c1BIO AUGUSTO CELESTINO\",\"@id\":\"https:\\\/\\\/ubirataonline.com.br\\\/#\\\/schema\\\/person\\\/372f87bbd3fdd79b8556b84c98d0bc1c\"},\"headline\":\"Barba \u00e9 o novo cabelo? Conhe\u00e7a 3 estilos que est\u00e3o em alta\",\"datePublished\":\"2026-04-09T17:49:41+00:00\",\"dateModified\":\"2026-04-09T17:49:43+00:00\",\"mainEntityOfPage\":{\"@id\":\"https:\\\/\\\/ubirataonline.com.br\\\/barba-e-o-novo-cabelo-conheca-3-estilos-que-estao-em-alta\\\/\"},\"wordCount\":773,\"publisher\":{\"@id\":\"https:\\\/\\\/ubirataonline.com.br\\\/#organization\"},\"image\":{\"@id\":\"https:\\\/\\\/ubirataonline.com.br\\\/barba-e-o-novo-cabelo-conheca-3-estilos-que-estao-em-alta\\\/#primaryimage\"},\"thumbnailUrl\":\"https:\\\/\\\/ubirataonline.com.br\\\/wp-content\\\/uploads\\\/2026\\\/04\\\/Barba-e-o-novo-cabelo-Conheca-3-estilos-que-estao.jpg\",\"keywords\":[\"alta\",\"Barba\",\"CAbelo\",\"conhe\u00e7a\",\"est\u00e3o\",\"estilos\",\"Novo\"],\"articleSection\":[\"Ubirat\u00e3\"],\"inLanguage\":\"en-US\",\"copyrightYear\":\"2026\",\"copyrightHolder\":{\"@id\":\"https:\\\/\\\/ubirataonline.com.br\\\/en\\\/#organization\"}},{\"@type\":\"WebPage\",\"@id\":\"https:\\\/\\\/ubirataonline.com.br\\\/barba-e-o-novo-cabelo-conheca-3-estilos-que-estao-em-alta\\\/\",\"url\":\"https:\\\/\\\/ubirataonline.com.br\\\/barba-e-o-novo-cabelo-conheca-3-estilos-que-estao-em-alta\\\/\",\"name\":\"Barba \u00e9 o novo cabelo? Conhe\u00e7a 3 estilos que est\u00e3o em alta - Ubirat\u00e3 Online Not\u00edcias - A realidade ao seu alcance!\",\"isPartOf\":{\"@id\":\"https:\\\/\\\/ubirataonline.com.br\\\/#website\"},\"primaryImageOfPage\":{\"@id\":\"https:\\\/\\\/ubirataonline.com.br\\\/barba-e-o-novo-cabelo-conheca-3-estilos-que-estao-em-alta\\\/#primaryimage\"},\"image\":{\"@id\":\"https:\\\/\\\/ubirataonline.com.br\\\/barba-e-o-novo-cabelo-conheca-3-estilos-que-estao-em-alta\\\/#primaryimage\"},\"thumbnailUrl\":\"https:\\\/\\\/ubirataonline.com.br\\\/wp-content\\\/uploads\\\/2026\\\/04\\\/Barba-e-o-novo-cabelo-Conheca-3-estilos-que-estao.jpg\",\"datePublished\":\"2026-04-09T17:49:41+00:00\",\"dateModified\":\"2026-04-09T17:49:43+00:00\",\"description\":\"Nos \u00faltimos anos, a barba deixou de ser apenas um detalhe e passou a ocupar um papel central na constru\u00e7\u00e3o da identidade masculina. Nesta esta\u00e7\u00e3o, ela se\",\"breadcrumb\":{\"@id\":\"https:\\\/\\\/ubirataonline.com.br\\\/barba-e-o-novo-cabelo-conheca-3-estilos-que-estao-em-alta\\\/#breadcrumb\"},\"inLanguage\":\"en-US\",\"potentialAction\":[{\"@type\":\"ReadAction\",\"target\":[\"https:\\\/\\\/ubirataonline.com.br\\\/barba-e-o-novo-cabelo-conheca-3-estilos-que-estao-em-alta\\\/\"]}]},{\"@type\":\"ImageObject\",\"inLanguage\":\"en-US\",\"@id\":\"https:\\\/\\\/ubirataonline.com.br\\\/barba-e-o-novo-cabelo-conheca-3-estilos-que-estao-em-alta\\\/#primaryimage\",\"url\":\"https:\\\/\\\/ubirataonline.com.br\\\/wp-content\\\/uploads\\\/2026\\\/04\\\/Barba-e-o-novo-cabelo-Conheca-3-estilos-que-estao.jpg\",\"contentUrl\":\"https:\\\/\\\/ubirataonline.com.br\\\/wp-content\\\/uploads\\\/2026\\\/04\\\/Barba-e-o-novo-cabelo-Conheca-3-estilos-que-estao.jpg\",\"width\":1200,\"height\":800,\"caption\":\"A barba ganha destaque e redefine o visual masculino atual (Imagem: Just dance | Shutterstock)\"},{\"@type\":\"BreadcrumbList\",\"@id\":\"https:\\\/\\\/ubirataonline.com.br\\\/barba-e-o-novo-cabelo-conheca-3-estilos-que-estao-em-alta\\\/#breadcrumb\",\"itemListElement\":[{\"@type\":\"ListItem\",\"position\":1,\"name\":\"In\u00edcio\",\"item\":\"https:\\\/\\\/ubirataonline.com.br\\\/\"},{\"@type\":\"ListItem\",\"position\":2,\"name\":\"Barba \u00e9 o novo cabelo? Conhe\u00e7a 3 estilos que est\u00e3o em alta\"}]},{\"@type\":\"WebSite\",\"@id\":\"https:\\\/\\\/ubirataonline.com.br\\\/#website\",\"url\":\"https:\\\/\\\/ubirataonline.com.br\\\/\",\"name\":\"Ubirat\u00e3 Online Not\u00edcias\",\"description\":\"Not\u00edcias de Ubirat\u00e3, regi\u00e3o, Brasil e mundo, com informa\u00e7\u00e3o atualizada e compromisso com o leitor.\",\"publisher\":{\"@id\":\"https:\\\/\\\/ubirataonline.com.br\\\/#organization\"},\"alternateName\":\"Ubirat\u00e3 Online\",\"potentialAction\":[{\"@type\":\"SearchAction\",\"target\":{\"@type\":\"EntryPoint\",\"urlTemplate\":\"https:\\\/\\\/ubirataonline.com.br\\\/?s={search_term_string}\"},\"query-input\":{\"@type\":\"PropertyValueSpecification\",\"valueRequired\":true,\"valueName\":\"search_term_string\"}}],\"inLanguage\":\"en-US\"},{\"@type\":[\"Organization\",\"Place\"],\"@id\":\"https:\\\/\\\/ubirataonline.com.br\\\/#organization\",\"name\":\"Ubirat\u00e3 Online Not\u00edcias\",\"alternateName\":\"Ubirat\u00e3 Online\",\"url\":\"https:\\\/\\\/ubirataonline.com.br\\\/\",\"logo\":{\"@id\":\"https:\\\/\\\/ubirataonline.com.br\\\/barba-e-o-novo-cabelo-conheca-3-estilos-que-estao-em-alta\\\/#local-main-organization-logo\"},\"image\":{\"@id\":\"https:\\\/\\\/ubirataonline.com.br\\\/barba-e-o-novo-cabelo-conheca-3-estilos-que-estao-em-alta\\\/#local-main-organization-logo\"},\"sameAs\":[\"https:\\\/\\\/www.facebook.com\\\/portalubirataonline\",\"https:\\\/\\\/x.com\\\/ubirataonline\",\"https:\\\/\\\/mastodon.social\\\/@ubirataonline\",\"https:\\\/\\\/www.facebook.com\\\/groups\\\/311144672285604\",\"https:\\\/\\\/www.facebook.com\\\/UBTAOnline\",\"https:\\\/\\\/www.instagram.com\\\/portalubirataonline\\\/\",\"https:\\\/\\\/twitter.com\\\/ubirataonline\"],\"description\":\"Somos um portal de not\u00edcias independente, criado em 5 de janeiro de 2009, com o objetivo de informar, conectar e valorizar a nossa comunidade de Ubirat\u00e3 e toda aregi\u00e3o. Com conte\u00fado atualizado, confi\u00e1vel e relevante, o Ubirat\u00e3 Online \u00e9 o seu espa\u00e7o para ficar por dentro dos principais acontecimentos locais, regionais, Brasil, Mundo e de interesse geral. Nosso compromisso \u00e9 com a verdade, a transpar\u00eancia e o respeito ao leitor.\",\"legalName\":\"UBIRATA ONLINE NOT\u00cdCIAS\",\"foundingDate\":\"2009-01-05\",\"numberOfEmployees\":{\"@type\":\"QuantitativeValue\",\"minValue\":\"1\",\"maxValue\":\"10\"},\"publishingPrinciples\":\"https:\\\/\\\/ubirataonline.com.br\\\/faq\\\/\",\"address\":{\"@id\":\"https:\\\/\\\/ubirataonline.com.br\\\/barba-e-o-novo-cabelo-conheca-3-estilos-que-estao-em-alta\\\/#local-main-place-address\"},\"geo\":{\"@type\":\"GeoCoordinates\",\"latitude\":\"-24.5361401\",\"longitude\":\"-52.9921776\"},\"telephone\":[\"+5544998308235\"],\"contactPoint\":{\"@type\":\"ContactPoint\",\"email\":\"contato@ubirataonline.com.br\"},\"openingHoursSpecification\":{\"@type\":\"OpeningHoursSpecification\",\"dayOfWeek\":[\"Monday\",\"Tuesday\",\"Wednesday\",\"Thursday\",\"Friday\",\"Saturday\",\"Sunday\"],\"opens\":\"00:00\",\"closes\":\"23:59\"},\"email\":\"contato@ubirataonline.com.br\",\"vatID\":\"47.621.418\\\/0001-80\"},{\"@type\":\"Person\",\"@id\":\"https:\\\/\\\/ubirataonline.com.br\\\/#\\\/schema\\\/person\\\/372f87bbd3fdd79b8556b84c98d0bc1c\",\"name\":\"REDA\u00c7\u00c3O: UBIRAT\u00c3 ONLINE - F\u00c1BIO AUGUSTO CELESTINO\",\"pronouns\":\"Ele\",\"description\":\"Desde 2003 trabalhando com not\u00edcias.\",\"sameAs\":[\"http:\\\/\\\/ubirataoline.com.br\",\"https:\\\/\\\/www.facebook.com\\\/portalubirataonline\",\"https:\\\/\\\/www.instagram.com\\\/ubirataonline_oficial\",\"https:\\\/\\\/x.com\\\/x.com\\\/ubirataonline\"],\"honorificPrefix\":\"Mr.\",\"honorificSuffix\":\"MD\",\"birthDate\":\"1980-06-16\",\"gender\":\"masculino\",\"award\":[\"V\u00e1rios pr\u00eamios de melhor portal da cidade\"],\"jobTitle\":\"Diretor\",\"url\":\"https:\\\/\\\/ubirataonline.com.br\\\/en\\\/author\\\/ubirataonline\\\/\"},{\"@type\":\"PostalAddress\",\"@id\":\"https:\\\/\\\/ubirataonline.com.br\\\/barba-e-o-novo-cabelo-conheca-3-estilos-que-estao-em-alta\\\/#local-main-place-address\",\"streetAddress\":\"Rua dos Coqueiros, 104 - Bairro Boa Vista, Rua dos Coqueiros, 104 Bairro Boa Vista\",\"addressLocality\":\"UBIRATA\",\"postalCode\":\"85440-000\",\"addressRegion\":\"PR\",\"addressCountry\":\"BR\"},{\"@type\":\"ImageObject\",\"inLanguage\":\"en-US\",\"@id\":\"https:\\\/\\\/ubirataonline.com.br\\\/barba-e-o-novo-cabelo-conheca-3-estilos-que-estao-em-alta\\\/#local-main-organization-logo\",\"url\":\"https:\\\/\\\/ubirataonline.com.br\\\/wp-content\\\/uploads\\\/2026\\\/06\\\/logoubirataonline-1.webp\",\"contentUrl\":\"https:\\\/\\\/ubirataonline.com.br\\\/wp-content\\\/uploads\\\/2026\\\/06\\\/logoubirataonline-1.webp\",\"width\":500,\"height\":500,\"caption\":\"Ubirat\u00e3 Online Not\u00edcias\"}]}<\/script>\n<meta name=\"geo.placename\" content=\"UBIRATA\" \/>\n<meta name=\"geo.position\" content=\"-24.5361401;-52.9921776\" \/>\n<meta name=\"geo.region\" content=\"Brazil\" \/>\n<!-- \/ Yoast SEO Premium plugin. -->","yoast_head_json":{"title":"Barba \u00e9 o novo cabelo? Conhe\u00e7a 3 estilos que est\u00e3o em alta - Ubirat\u00e3 Online Not\u00edcias - A realidade ao seu alcance!","description":"Nos \u00faltimos anos, a barba deixou de ser apenas um detalhe e passou a ocupar um papel central na constru\u00e7\u00e3o da identidade masculina. Nesta esta\u00e7\u00e3o, ela se","robots":{"index":"index","follow":"follow","max-snippet":"max-snippet:-1","max-image-preview":"max-image-preview:large","max-video-preview":"max-video-preview:-1"},"canonical":"https:\/\/ubirataonline.com.br\/en\/barba-e-o-novo-cabelo-conheca-3-estilos-que-estao-em-alta\/","og_locale":"en_US","og_type":"article","og_title":"Barba \u00e9 o novo cabelo? Conhe\u00e7a 3 estilos que est\u00e3o em alta","og_description":"Nos \u00faltimos anos, a barba deixou de ser apenas um detalhe e passou a ocupar um papel central na constru\u00e7\u00e3o da identidade masculina. Nesta esta\u00e7\u00e3o, ela se","og_url":"https:\/\/ubirataonline.com.br\/en\/barba-e-o-novo-cabelo-conheca-3-estilos-que-estao-em-alta\/","og_site_name":"Ubirat\u00e3 Online Not\u00edcias - A realidade ao seu alcance!","article_publisher":"https:\/\/www.facebook.com\/portalubirataonline","article_author":"https:\/\/www.facebook.com\/portalubirataonline","article_published_time":"2026-04-09T17:49:41+00:00","article_modified_time":"2026-04-09T17:49:43+00:00","og_image":[{"width":1200,"height":800,"url":"https:\/\/ubirataonline.com.br\/wp-content\/uploads\/2026\/04\/Barba-e-o-novo-cabelo-Conheca-3-estilos-que-estao.jpg","type":"image\/jpeg"}],"author":"REDA\u00c7\u00c3O: UBIRAT\u00c3 ONLINE - F\u00c1BIO AUGUSTO CELESTINO","twitter_card":"summary_large_image","twitter_creator":"@x.com\/ubirataonline","twitter_site":"@ubirataonline","twitter_misc":{"Written by":"REDA\u00c7\u00c3O: UBIRAT\u00c3 ONLINE - F\u00c1BIO AUGUSTO CELESTINO","Est. reading time":"4 minutes"},"schema":{"@context":"https:\/\/schema.org","@graph":[{"@type":"NewsArticle","@id":"https:\/\/ubirataonline.com.br\/barba-e-o-novo-cabelo-conheca-3-estilos-que-estao-em-alta\/#article","isPartOf":{"@id":"https:\/\/ubirataonline.com.br\/barba-e-o-novo-cabelo-conheca-3-estilos-que-estao-em-alta\/"},"author":{"name":"REDA\u00c7\u00c3O: UBIRAT\u00c3 ONLINE - F\u00c1BIO AUGUSTO CELESTINO","@id":"https:\/\/ubirataonline.com.br\/#\/schema\/person\/372f87bbd3fdd79b8556b84c98d0bc1c"},"headline":"Barba \u00e9 o novo cabelo? Conhe\u00e7a 3 estilos que est\u00e3o em alta","datePublished":"2026-04-09T17:49:41+00:00","dateModified":"2026-04-09T17:49:43+00:00","mainEntityOfPage":{"@id":"https:\/\/ubirataonline.com.br\/barba-e-o-novo-cabelo-conheca-3-estilos-que-estao-em-alta\/"},"wordCount":773,"publisher":{"@id":"https:\/\/ubirataonline.com.br\/#organization"},"image":{"@id":"https:\/\/ubirataonline.com.br\/barba-e-o-novo-cabelo-conheca-3-estilos-que-estao-em-alta\/#primaryimage"},"thumbnailUrl":"https:\/\/ubirataonline.com.br\/wp-content\/uploads\/2026\/04\/Barba-e-o-novo-cabelo-Conheca-3-estilos-que-estao.jpg","keywords":["alta","Barba","CAbelo","conhe\u00e7a","est\u00e3o","estilos","Novo"],"articleSection":["Ubirat\u00e3"],"inLanguage":"en-US","copyrightYear":"2026","copyrightHolder":{"@id":"https:\/\/ubirataonline.com.br\/en\/#organization"}},{"@type":"WebPage","@id":"https:\/\/ubirataonline.com.br\/barba-e-o-novo-cabelo-conheca-3-estilos-que-estao-em-alta\/","url":"https:\/\/ubirataonline.com.br\/barba-e-o-novo-cabelo-conheca-3-estilos-que-estao-em-alta\/","name":"Barba \u00e9 o novo cabelo? Conhe\u00e7a 3 estilos que est\u00e3o em alta - Ubirat\u00e3 Online Not\u00edcias - A realidade ao seu alcance!","isPartOf":{"@id":"https:\/\/ubirataonline.com.br\/#website"},"primaryImageOfPage":{"@id":"https:\/\/ubirataonline.com.br\/barba-e-o-novo-cabelo-conheca-3-estilos-que-estao-em-alta\/#primaryimage"},"image":{"@id":"https:\/\/ubirataonline.com.br\/barba-e-o-novo-cabelo-conheca-3-estilos-que-estao-em-alta\/#primaryimage"},"thumbnailUrl":"https:\/\/ubirataonline.com.br\/wp-content\/uploads\/2026\/04\/Barba-e-o-novo-cabelo-Conheca-3-estilos-que-estao.jpg","datePublished":"2026-04-09T17:49:41+00:00","dateModified":"2026-04-09T17:49:43+00:00","description":"Nos \u00faltimos anos, a barba deixou de ser apenas um detalhe e passou a ocupar um papel central na constru\u00e7\u00e3o da identidade masculina. Nesta esta\u00e7\u00e3o, ela se","breadcrumb":{"@id":"https:\/\/ubirataonline.com.br\/barba-e-o-novo-cabelo-conheca-3-estilos-que-estao-em-alta\/#breadcrumb"},"inLanguage":"en-US","potentialAction":[{"@type":"ReadAction","target":["https:\/\/ubirataonline.com.br\/barba-e-o-novo-cabelo-conheca-3-estilos-que-estao-em-alta\/"]}]},{"@type":"ImageObject","inLanguage":"en-US","@id":"https:\/\/ubirataonline.com.br\/barba-e-o-novo-cabelo-conheca-3-estilos-que-estao-em-alta\/#primaryimage","url":"https:\/\/ubirataonline.com.br\/wp-content\/uploads\/2026\/04\/Barba-e-o-novo-cabelo-Conheca-3-estilos-que-estao.jpg","contentUrl":"https:\/\/ubirataonline.com.br\/wp-content\/uploads\/2026\/04\/Barba-e-o-novo-cabelo-Conheca-3-estilos-que-estao.jpg","width":1200,"height":800,"caption":"A barba ganha destaque e redefine o visual masculino atual (Imagem: Just dance | Shutterstock)"},{"@type":"BreadcrumbList","@id":"https:\/\/ubirataonline.com.br\/barba-e-o-novo-cabelo-conheca-3-estilos-que-estao-em-alta\/#breadcrumb","itemListElement":[{"@type":"ListItem","position":1,"name":"In\u00edcio","item":"https:\/\/ubirataonline.com.br\/"},{"@type":"ListItem","position":2,"name":"Barba \u00e9 o novo cabelo? Conhe\u00e7a 3 estilos que est\u00e3o em alta"}]},{"@type":"WebSite","@id":"https:\/\/ubirataonline.com.br\/#website","url":"https:\/\/ubirataonline.com.br\/","name":"Ubirat\u00e3 Online Not\u00edcias","description":"Not\u00edcias de Ubirat\u00e3, regi\u00e3o, Brasil e mundo, com informa\u00e7\u00e3o atualizada e compromisso com o leitor.","publisher":{"@id":"https:\/\/ubirataonline.com.br\/#organization"},"alternateName":"Ubirat\u00e3 Online","potentialAction":[{"@type":"SearchAction","target":{"@type":"EntryPoint","urlTemplate":"https:\/\/ubirataonline.com.br\/?s={search_term_string}"},"query-input":{"@type":"PropertyValueSpecification","valueRequired":true,"valueName":"search_term_string"}}],"inLanguage":"en-US"},{"@type":["Organization","Place"],"@id":"https:\/\/ubirataonline.com.br\/#organization","name":"Ubirat\u00e3 Online Not\u00edcias","alternateName":"Ubirat\u00e3 Online","url":"https:\/\/ubirataonline.com.br\/","logo":{"@id":"https:\/\/ubirataonline.com.br\/barba-e-o-novo-cabelo-conheca-3-estilos-que-estao-em-alta\/#local-main-organization-logo"},"image":{"@id":"https:\/\/ubirataonline.com.br\/barba-e-o-novo-cabelo-conheca-3-estilos-que-estao-em-alta\/#local-main-organization-logo"},"sameAs":["https:\/\/www.facebook.com\/portalubirataonline","https:\/\/x.com\/ubirataonline","https:\/\/mastodon.social\/@ubirataonline","https:\/\/www.facebook.com\/groups\/311144672285604","https:\/\/www.facebook.com\/UBTAOnline","https:\/\/www.instagram.com\/portalubirataonline\/","https:\/\/twitter.com\/ubirataonline"],"description":"Somos um portal de not\u00edcias independente, criado em 5 de janeiro de 2009, com o objetivo de informar, conectar e valorizar a nossa comunidade de Ubirat\u00e3 e toda aregi\u00e3o. Com conte\u00fado atualizado, confi\u00e1vel e relevante, o Ubirat\u00e3 Online \u00e9 o seu espa\u00e7o para ficar por dentro dos principais acontecimentos locais, regionais, Brasil, Mundo e de interesse geral. Nosso compromisso \u00e9 com a verdade, a transpar\u00eancia e o respeito ao leitor.","legalName":"UBIRATA ONLINE NOT\u00cdCIAS","foundingDate":"2009-01-05","numberOfEmployees":{"@type":"QuantitativeValue","minValue":"1","maxValue":"10"},"publishingPrinciples":"https:\/\/ubirataonline.com.br\/faq\/","address":{"@id":"https:\/\/ubirataonline.com.br\/barba-e-o-novo-cabelo-conheca-3-estilos-que-estao-em-alta\/#local-main-place-address"},"geo":{"@type":"GeoCoordinates","latitude":"-24.5361401","longitude":"-52.9921776"},"telephone":["+5544998308235"],"contactPoint":{"@type":"ContactPoint","email":"contato@ubirataonline.com.br"},"openingHoursSpecification":{"@type":"OpeningHoursSpecification","dayOfWeek":["Monday","Tuesday","Wednesday","Thursday","Friday","Saturday","Sunday"],"opens":"00:00","closes":"23:59"},"email":"contato@ubirataonline.com.br","vatID":"47.621.418\/0001-80"},{"@type":"Person","@id":"https:\/\/ubirataonline.com.br\/#\/schema\/person\/372f87bbd3fdd79b8556b84c98d0bc1c","name":"REDA\u00c7\u00c3O: UBIRAT\u00c3 ONLINE - F\u00c1BIO AUGUSTO CELESTINO","pronouns":"Ele","description":"Desde 2003 trabalhando com not\u00edcias.","sameAs":["http:\/\/ubirataoline.com.br","https:\/\/www.facebook.com\/portalubirataonline","https:\/\/www.instagram.com\/ubirataonline_oficial","https:\/\/x.com\/x.com\/ubirataonline"],"honorificPrefix":"Mr.","honorificSuffix":"MD","birthDate":"1980-06-16","gender":"masculino","award":["V\u00e1rios pr\u00eamios de melhor portal da cidade"],"jobTitle":"Diretor","url":"https:\/\/ubirataonline.com.br\/en\/author\/ubirataonline\/"},{"@type":"PostalAddress","@id":"https:\/\/ubirataonline.com.br\/barba-e-o-novo-cabelo-conheca-3-estilos-que-estao-em-alta\/#local-main-place-address","streetAddress":"Rua dos Coqueiros, 104 - Bairro Boa Vista, Rua dos Coqueiros, 104 Bairro Boa Vista","addressLocality":"UBIRATA","postalCode":"85440-000","addressRegion":"PR","addressCountry":"BR"},{"@type":"ImageObject","inLanguage":"en-US","@id":"https:\/\/ubirataonline.com.br\/barba-e-o-novo-cabelo-conheca-3-estilos-que-estao-em-alta\/#local-main-organization-logo","url":"https:\/\/ubirataonline.com.br\/wp-content\/uploads\/2026\/06\/logoubirataonline-1.webp","contentUrl":"https:\/\/ubirataonline.com.br\/wp-content\/uploads\/2026\/06\/logoubirataonline-1.webp","width":500,"height":500,"caption":"Ubirat\u00e3 Online Not\u00edcias"}]},"geo.placename":"UBIRATA","geo.position":{"lat":"-24.5361401","long":"-52.9921776"},"geo.region":"Brazil"},"_links":{"self":[{"href":"https:\/\/ubirataonline.com.br\/en\/wp-json\/wp\/v2\/posts\/102325","targetHints":{"allow":["GET"]}}],"collection":[{"href":"https:\/\/ubirataonline.com.br\/en\/wp-json\/wp\/v2\/posts"}],"about":[{"href":"https:\/\/ubirataonline.com.br\/en\/wp-json\/wp\/v2\/types\/post"}],"author":[{"embeddable":true,"href":"https:\/\/ubirataonline.com.br\/en\/wp-json\/wp\/v2\/users\/1"}],"replies":[{"embeddable":true,"href":"https:\/\/ubirataonline.com.br\/en\/wp-json\/wp\/v2\/comments?post=102325"}],"version-history":[{"count":0,"href":"https:\/\/ubirataonline.com.br\/en\/wp-json\/wp\/v2\/posts\/102325\/revisions"}],"wp:featuredmedia":[{"embeddable":true,"href":"https:\/\/ubirataonline.com.br\/en\/wp-json\/wp\/v2\/media\/102326"}],"wp:attachment":[{"href":"https:\/\/ubirataonline.com.br\/en\/wp-json\/wp\/v2\/media?parent=102325"}],"wp:term":[{"taxonomy":"category","embeddable":true,"href":"https:\/\/ubirataonline.com.br\/en\/wp-json\/wp\/v2\/categories?post=102325"},{"taxonomy":"post_tag","embeddable":true,"href":"https:\/\/ubirataonline.com.br\/en\/wp-json\/wp\/v2\/tags?post=102325"}],"curies":[{"name":"wp","href":"https:\/\/api.w.org\/{rel}","templated":true}]}}