{"id":102401,"date":"2026-04-09T16:35:40","date_gmt":"2026-04-09T19:35:40","guid":{"rendered":"https:\/\/ubirataonline.com.br\/pereira-ainda-tenta-conciliar-as-exigencias-do-forest-na-premier-league-e-nas-competicoes-europeias\/"},"modified":"2026-04-09T16:35:40","modified_gmt":"2026-04-09T19:35:40","slug":"pereira-ainda-tenta-conciliar-as-exigencias-do-forest-na-premier-league-e-nas-competicoes-europeias","status":"publish","type":"post","link":"https:\/\/ubirataonline.com.br\/en\/pereira-ainda-tenta-conciliar-as-exigencias-do-forest-na-premier-league-e-nas-competicoes-europeias\/","title":{"rendered":"Pereira ainda tenta conciliar as exig\u00eancias do Forest na Premier League e nas competi\u00e7\u00f5es europeias"},"content":{"rendered":"<p><\/p>\n<div>\n<p>V\u00edtor Pereira sabe que ainda precisa de encontrar o equil\u00edbrio entre a luta do Nottingham Forest pela perman\u00eancia na Premier League e a ambi\u00e7\u00e3o de chegar longe na Liga Europa.\u00a0<\/p>\n<p>O Forest viaja at\u00e9 ao Est\u00e1dio do Drag\u00e3o, na quinta-feira, para defrontar o FC Porto na primeira m\u00e3o dos quartos de final da Liga Europa, poucos dias antes de receber o Aston Villa no City Ground.<\/p>\n<p>O Forest tem sentido dificuldades na Premier League, estando tr\u00eas pontos acima da zona de despromo\u00e7\u00e3o, apesar de ter goleado o Tottenham por 3-0 antes da pausa para as sele\u00e7\u00f5es.\u00a0<\/p>\n<p>Nas competi\u00e7\u00f5es europeias, no entanto, a hist\u00f3ria tem sido diferente, j\u00e1 que chegou ao seu quinto quarto de final numa grande prova europeia e ao primeiro desde a Ta\u00e7a UEFA de 1995-96.\u00a0<\/p>\n<p>De acordo com o supercomputador da Opta, o Forest tem, neste momento, 8,9% de probabilidade de descer de divis\u00e3o na Premier League, um valor ligeiramente inferior \u00e0 sua probabilidade de conquistar a Liga Europa (10%) e, com isso, garantir presen\u00e7a na Liga dos Campe\u00f5es.<\/p>\n<p>&#8220;A prioridade \u00e9 ganhar o pr\u00f3ximo jogo e o pr\u00f3ximo jogo \u00e9 amanh\u00e3&#8221;, disse Pereira aos jornalistas.\u00a0<\/p>\n<p>&#8220;A Liga Europa \u00e9 muito importante, e \u00e9 muito importante manter o clube na Premier League.<\/p>\n<p>&#8220;Tenho de encontrar o equil\u00edbrio entre as duas competi\u00e7\u00f5es. \u00c9 a \u00fanica forma; a \u00fanica forma de competir amanh\u00e3 e, tr\u00eas dias depois, novamente, contra o Aston Villa.<\/p>\n<p>&#8220;Os jogadores t\u00eam de sentir que s\u00e3o importantes e que t\u00eam as qualidades e as condi\u00e7\u00f5es para competir e ajudar o clube neste momento.&#8221;<\/p>\n<p>O \u00fanico jogo fora do Forest em Portugal nas competi\u00e7\u00f5es europeias foi em Braga, em janeiro desta \u00e9poca, partida que perdeu por 1-0, e pode esperar mais um teste exigente.<\/p>\n<p>Isto porque o FC Porto \u00e9 uma de tr\u00eas equipas com 100% de aproveitamento em casa na Liga Europa esta temporada, a par de Aston Villa e Freiburg, tendo vencido os cinco jogos.<\/p>\n<p>S\u00f3 por uma vez venceu seis jogos em casa numa mesma \u00e9poca europeia, em 2010-11, no caminho para a conquista da Liga Europa.<\/p>\n<p>Mas as hip\u00f3teses do Forest de sair da primeira m\u00e3o em vantagem aumentaram com o regresso de Chris Wood, que n\u00e3o jogava pelo Forest desde o tempo em que Ange Postecoglou era o treinador.\u00a0<\/p>\n<p>Wood est\u00e1 afastado desde outubro e foi operado ao joelho em dezembro, mas viajou para Portugal, embora Pereira tenha desvalorizado a possibilidade de o avan\u00e7ado ser titular.\u00a0<\/p>\n<p>&#8220;Ele come\u00e7ou a treinar com a equipa. Est\u00e1 dispon\u00edvel para o jogo&#8221;, acrescentou Pereira.<\/p>\n<p>&#8220;Est\u00e1 a trabalhar connosco, temos de o gerir um pouco do ponto de vista f\u00edsico, mas viajou. Isso significa que est\u00e1 dispon\u00edvel para entrar no jogo amanh\u00e3.<\/p>\n<p>&#8220;\u00c9 um jogador experiente, marca golos, e \u00e9 importante estar pronto para a equipa neste momento, porque temos muitos desafios pela frente.&#8221;<\/p>\n<p><i>Esta \u00e9 uma tradu\u00e7\u00e3o autom\u00e1tica e pode conter pequenas imprecis\u00f5es.<\/i><\/p>\n<\/div>\n<p><a href=\"https:\/\/www.fotmob.com\/pt-BR\/news\/1hzvt1rsz1zy81fq7e0tfxwcj1_pt-BR-pereira-ainda-tenta-conciliar-obrigacoes-do-forest-na-premier-league-e-na-europa\">Source link <\/a><br \/>\nSee more https:\/\/theglobaltrack.com\/<\/p>","protected":false},"excerpt":{"rendered":"<p>V\u00edtor Pereira sabe que ainda precisa de encontrar o equil\u00edbrio entre a luta do Nottingham Forest pela perman\u00eancia na Premier League e a ambi\u00e7\u00e3o de chegar longe na Liga Europa.\u00a0 O Forest viaja at\u00e9 ao Est\u00e1dio do Drag\u00e3o, na quinta-feira, para defrontar o FC Porto na primeira m\u00e3o dos quartos de final da Liga Europa, [&hellip;]<\/p>\n","protected":false},"author":1,"featured_media":102402,"comment_status":"","ping_status":"","sticky":false,"template":"","format":"standard","meta":{"googlesitekit_rrm_CAow2JLhCw:productID":"","_gspb_post_css":"","maa_idioma":"","maa_pais":"","footnotes":""},"categories":[1],"tags":[2929,8141,26219,26220,8901,4125,3091,3840,9954,3090,11087],"class_list":["post-102401","post","type-post","status-publish","format-standard","has-post-thumbnail","hentry","category-ubirata","tag-ainda","tag-competicoes","tag-conciliar","tag-europeias","tag-exigencias","tag-forest","tag-league","tag-nas","tag-pereira","tag-premier","tag-tenta"],"blocksy_meta":[],"yoast_head":"<!-- This site is optimized with the Yoast SEO Premium plugin v27.6 (Yoast SEO v27.6) - https:\/\/yoast.com\/product\/yoast-seo-premium-wordpress\/ -->\n<title>Pereira ainda tenta conciliar as exig\u00eancias do Forest na Premier League e nas competi\u00e7\u00f5es europeias - Ubirat\u00e3 Online Not\u00edcias - A realidade ao seu alcance!<\/title>\n<meta name=\"description\" content=\"Forest nos quartos da Liga Europa, mas V\u00edtor Pereira tamb\u00e9m tem de gerir a luta pela perman\u00eancia na Premier League.\" \/>\n<meta name=\"robots\" content=\"index, follow, max-snippet:-1, max-image-preview:large, max-video-preview:-1\" \/>\n<link rel=\"canonical\" href=\"https:\/\/ubirataonline.com.br\/en\/pereira-ainda-tenta-conciliar-as-exigencias-do-forest-na-premier-league-e-nas-competicoes-europeias\/\" \/>\n<meta property=\"og:locale\" content=\"en_US\" \/>\n<meta property=\"og:type\" content=\"article\" \/>\n<meta property=\"og:title\" content=\"Pereira ainda tenta conciliar as exig\u00eancias do Forest na Premier League e nas competi\u00e7\u00f5es europeias\" \/>\n<meta property=\"og:description\" content=\"Forest nos quartos da Liga Europa, mas V\u00edtor Pereira tamb\u00e9m tem de gerir a luta pela perman\u00eancia na Premier League.\" \/>\n<meta property=\"og:url\" content=\"https:\/\/ubirataonline.com.br\/en\/pereira-ainda-tenta-conciliar-as-exigencias-do-forest-na-premier-league-e-nas-competicoes-europeias\/\" \/>\n<meta property=\"og:site_name\" content=\"Ubirat\u00e3 Online Not\u00edcias - A realidade ao seu alcance!\" \/>\n<meta property=\"article:publisher\" content=\"https:\/\/www.facebook.com\/portalubirataonline\" \/>\n<meta property=\"article:author\" content=\"https:\/\/www.facebook.com\/portalubirataonline\" \/>\n<meta property=\"article:published_time\" content=\"2026-04-09T19:35:40+00:00\" \/>\n<meta property=\"og:image\" content=\"https:\/\/ubirataonline.com.br\/wp-content\/uploads\/2026\/04\/Pereira-ainda-tenta-conciliar-as-exigencias-do-Forest-na-Premier.png\" \/>\n\t<meta property=\"og:image:width\" content=\"1200\" \/>\n\t<meta property=\"og:image:height\" content=\"630\" \/>\n\t<meta property=\"og:image:type\" content=\"image\/png\" \/>\n<meta name=\"author\" content=\"REDA\u00c7\u00c3O: UBIRAT\u00c3 ONLINE - F\u00c1BIO AUGUSTO CELESTINO\" \/>\n<meta name=\"twitter:card\" content=\"summary_large_image\" \/>\n<meta name=\"twitter:creator\" content=\"@x.com\/ubirataonline\" \/>\n<meta name=\"twitter:site\" content=\"@ubirataonline\" \/>\n<meta name=\"twitter:label1\" content=\"Written by\" \/>\n\t<meta name=\"twitter:data1\" content=\"REDA\u00c7\u00c3O: UBIRAT\u00c3 ONLINE - F\u00c1BIO AUGUSTO CELESTINO\" \/>\n\t<meta name=\"twitter:label2\" content=\"Est. reading time\" \/>\n\t<meta name=\"twitter:data2\" content=\"3 minutes\" \/>\n<script type=\"application\/ld+json\" class=\"yoast-schema-graph\">{\"@context\":\"https:\\\/\\\/schema.org\",\"@graph\":[{\"@type\":\"NewsArticle\",\"@id\":\"https:\\\/\\\/ubirataonline.com.br\\\/pereira-ainda-tenta-conciliar-as-exigencias-do-forest-na-premier-league-e-nas-competicoes-europeias\\\/#article\",\"isPartOf\":{\"@id\":\"https:\\\/\\\/ubirataonline.com.br\\\/pereira-ainda-tenta-conciliar-as-exigencias-do-forest-na-premier-league-e-nas-competicoes-europeias\\\/\"},\"author\":{\"name\":\"REDA\u00c7\u00c3O: UBIRAT\u00c3 ONLINE - F\u00c1BIO AUGUSTO CELESTINO\",\"@id\":\"https:\\\/\\\/ubirataonline.com.br\\\/#\\\/schema\\\/person\\\/372f87bbd3fdd79b8556b84c98d0bc1c\"},\"headline\":\"Pereira ainda tenta conciliar as exig\u00eancias do Forest na Premier League e nas competi\u00e7\u00f5es europeias\",\"datePublished\":\"2026-04-09T19:35:40+00:00\",\"mainEntityOfPage\":{\"@id\":\"https:\\\/\\\/ubirataonline.com.br\\\/pereira-ainda-tenta-conciliar-as-exigencias-do-forest-na-premier-league-e-nas-competicoes-europeias\\\/\"},\"wordCount\":526,\"publisher\":{\"@id\":\"https:\\\/\\\/ubirataonline.com.br\\\/#organization\"},\"image\":{\"@id\":\"https:\\\/\\\/ubirataonline.com.br\\\/pereira-ainda-tenta-conciliar-as-exigencias-do-forest-na-premier-league-e-nas-competicoes-europeias\\\/#primaryimage\"},\"thumbnailUrl\":\"https:\\\/\\\/ubirataonline.com.br\\\/wp-content\\\/uploads\\\/2026\\\/04\\\/Pereira-ainda-tenta-conciliar-as-exigencias-do-Forest-na-Premier.png\",\"keywords\":[\"ainda\",\"competi\u00e7\u00f5es\",\"conciliar\",\"europeias\",\"exig\u00eancias\",\"Forest\",\"League\",\"nas\",\"Pereira\",\"Premier\",\"tenta\"],\"articleSection\":[\"Ubirat\u00e3\"],\"inLanguage\":\"en-US\",\"copyrightYear\":\"2026\",\"copyrightHolder\":{\"@id\":\"https:\\\/\\\/ubirataonline.com.br\\\/en\\\/#organization\"}},{\"@type\":\"WebPage\",\"@id\":\"https:\\\/\\\/ubirataonline.com.br\\\/pereira-ainda-tenta-conciliar-as-exigencias-do-forest-na-premier-league-e-nas-competicoes-europeias\\\/\",\"url\":\"https:\\\/\\\/ubirataonline.com.br\\\/pereira-ainda-tenta-conciliar-as-exigencias-do-forest-na-premier-league-e-nas-competicoes-europeias\\\/\",\"name\":\"Pereira ainda tenta conciliar as exig\u00eancias do Forest na Premier League e nas competi\u00e7\u00f5es europeias - Ubirat\u00e3 Online Not\u00edcias - A realidade ao seu alcance!\",\"isPartOf\":{\"@id\":\"https:\\\/\\\/ubirataonline.com.br\\\/#website\"},\"primaryImageOfPage\":{\"@id\":\"https:\\\/\\\/ubirataonline.com.br\\\/pereira-ainda-tenta-conciliar-as-exigencias-do-forest-na-premier-league-e-nas-competicoes-europeias\\\/#primaryimage\"},\"image\":{\"@id\":\"https:\\\/\\\/ubirataonline.com.br\\\/pereira-ainda-tenta-conciliar-as-exigencias-do-forest-na-premier-league-e-nas-competicoes-europeias\\\/#primaryimage\"},\"thumbnailUrl\":\"https:\\\/\\\/ubirataonline.com.br\\\/wp-content\\\/uploads\\\/2026\\\/04\\\/Pereira-ainda-tenta-conciliar-as-exigencias-do-Forest-na-Premier.png\",\"datePublished\":\"2026-04-09T19:35:40+00:00\",\"description\":\"Forest nos quartos da Liga Europa, mas V\u00edtor Pereira tamb\u00e9m tem de gerir a luta pela perman\u00eancia na Premier League.\",\"breadcrumb\":{\"@id\":\"https:\\\/\\\/ubirataonline.com.br\\\/pereira-ainda-tenta-conciliar-as-exigencias-do-forest-na-premier-league-e-nas-competicoes-europeias\\\/#breadcrumb\"},\"inLanguage\":\"en-US\",\"potentialAction\":[{\"@type\":\"ReadAction\",\"target\":[\"https:\\\/\\\/ubirataonline.com.br\\\/pereira-ainda-tenta-conciliar-as-exigencias-do-forest-na-premier-league-e-nas-competicoes-europeias\\\/\"]}]},{\"@type\":\"ImageObject\",\"inLanguage\":\"en-US\",\"@id\":\"https:\\\/\\\/ubirataonline.com.br\\\/pereira-ainda-tenta-conciliar-as-exigencias-do-forest-na-premier-league-e-nas-competicoes-europeias\\\/#primaryimage\",\"url\":\"https:\\\/\\\/ubirataonline.com.br\\\/wp-content\\\/uploads\\\/2026\\\/04\\\/Pereira-ainda-tenta-conciliar-as-exigencias-do-Forest-na-Premier.png\",\"contentUrl\":\"https:\\\/\\\/ubirataonline.com.br\\\/wp-content\\\/uploads\\\/2026\\\/04\\\/Pereira-ainda-tenta-conciliar-as-exigencias-do-Forest-na-Premier.png\",\"width\":1200,\"height\":630,\"caption\":\"Pereira ainda tenta conciliar as exig\u00eancias do Forest na Premier League e nas competi\u00e7\u00f5es europeias\"},{\"@type\":\"BreadcrumbList\",\"@id\":\"https:\\\/\\\/ubirataonline.com.br\\\/pereira-ainda-tenta-conciliar-as-exigencias-do-forest-na-premier-league-e-nas-competicoes-europeias\\\/#breadcrumb\",\"itemListElement\":[{\"@type\":\"ListItem\",\"position\":1,\"name\":\"In\u00edcio\",\"item\":\"https:\\\/\\\/ubirataonline.com.br\\\/\"},{\"@type\":\"ListItem\",\"position\":2,\"name\":\"Pereira ainda tenta conciliar as exig\u00eancias do Forest na Premier League e nas competi\u00e7\u00f5es europeias\"}]},{\"@type\":\"WebSite\",\"@id\":\"https:\\\/\\\/ubirataonline.com.br\\\/#website\",\"url\":\"https:\\\/\\\/ubirataonline.com.br\\\/\",\"name\":\"Ubirat\u00e3 Online Not\u00edcias\",\"description\":\"Not\u00edcias de Ubirat\u00e3, regi\u00e3o, Brasil e mundo, com informa\u00e7\u00e3o atualizada e compromisso com o leitor.\",\"publisher\":{\"@id\":\"https:\\\/\\\/ubirataonline.com.br\\\/#organization\"},\"alternateName\":\"Ubirat\u00e3 Online\",\"potentialAction\":[{\"@type\":\"SearchAction\",\"target\":{\"@type\":\"EntryPoint\",\"urlTemplate\":\"https:\\\/\\\/ubirataonline.com.br\\\/?s={search_term_string}\"},\"query-input\":{\"@type\":\"PropertyValueSpecification\",\"valueRequired\":true,\"valueName\":\"search_term_string\"}}],\"inLanguage\":\"en-US\"},{\"@type\":[\"Organization\",\"Place\"],\"@id\":\"https:\\\/\\\/ubirataonline.com.br\\\/#organization\",\"name\":\"Ubirat\u00e3 Online Not\u00edcias\",\"alternateName\":\"Ubirat\u00e3 Online\",\"url\":\"https:\\\/\\\/ubirataonline.com.br\\\/\",\"logo\":{\"@id\":\"https:\\\/\\\/ubirataonline.com.br\\\/pereira-ainda-tenta-conciliar-as-exigencias-do-forest-na-premier-league-e-nas-competicoes-europeias\\\/#local-main-organization-logo\"},\"image\":{\"@id\":\"https:\\\/\\\/ubirataonline.com.br\\\/pereira-ainda-tenta-conciliar-as-exigencias-do-forest-na-premier-league-e-nas-competicoes-europeias\\\/#local-main-organization-logo\"},\"sameAs\":[\"https:\\\/\\\/www.facebook.com\\\/portalubirataonline\",\"https:\\\/\\\/x.com\\\/ubirataonline\",\"https:\\\/\\\/mastodon.social\\\/@ubirataonline\",\"https:\\\/\\\/www.facebook.com\\\/groups\\\/311144672285604\",\"https:\\\/\\\/www.facebook.com\\\/UBTAOnline\",\"https:\\\/\\\/www.instagram.com\\\/portalubirataonline\\\/\",\"https:\\\/\\\/twitter.com\\\/ubirataonline\"],\"description\":\"Somos um portal de not\u00edcias independente, criado em 5 de janeiro de 2009, com o objetivo de informar, conectar e valorizar a nossa comunidade de Ubirat\u00e3 e toda aregi\u00e3o. Com conte\u00fado atualizado, confi\u00e1vel e relevante, o Ubirat\u00e3 Online \u00e9 o seu espa\u00e7o para ficar por dentro dos principais acontecimentos locais, regionais, Brasil, Mundo e de interesse geral. Nosso compromisso \u00e9 com a verdade, a transpar\u00eancia e o respeito ao leitor.\",\"legalName\":\"UBIRATA ONLINE NOT\u00cdCIAS\",\"foundingDate\":\"2009-01-05\",\"numberOfEmployees\":{\"@type\":\"QuantitativeValue\",\"minValue\":\"1\",\"maxValue\":\"10\"},\"publishingPrinciples\":\"https:\\\/\\\/ubirataonline.com.br\\\/faq\\\/\",\"address\":{\"@id\":\"https:\\\/\\\/ubirataonline.com.br\\\/pereira-ainda-tenta-conciliar-as-exigencias-do-forest-na-premier-league-e-nas-competicoes-europeias\\\/#local-main-place-address\"},\"geo\":{\"@type\":\"GeoCoordinates\",\"latitude\":\"-24.5361401\",\"longitude\":\"-52.9921776\"},\"telephone\":[\"+5544998308235\"],\"contactPoint\":{\"@type\":\"ContactPoint\",\"email\":\"contato@ubirataonline.com.br\"},\"openingHoursSpecification\":{\"@type\":\"OpeningHoursSpecification\",\"dayOfWeek\":[\"Monday\",\"Tuesday\",\"Wednesday\",\"Thursday\",\"Friday\",\"Saturday\",\"Sunday\"],\"opens\":\"00:00\",\"closes\":\"23:59\"},\"email\":\"contato@ubirataonline.com.br\",\"vatID\":\"47.621.418\\\/0001-80\"},{\"@type\":\"Person\",\"@id\":\"https:\\\/\\\/ubirataonline.com.br\\\/#\\\/schema\\\/person\\\/372f87bbd3fdd79b8556b84c98d0bc1c\",\"name\":\"REDA\u00c7\u00c3O: UBIRAT\u00c3 ONLINE - F\u00c1BIO AUGUSTO CELESTINO\",\"pronouns\":\"Ele\",\"description\":\"Desde 2003 trabalhando com not\u00edcias.\",\"sameAs\":[\"http:\\\/\\\/ubirataoline.com.br\",\"https:\\\/\\\/www.facebook.com\\\/portalubirataonline\",\"https:\\\/\\\/www.instagram.com\\\/ubirataonline_oficial\",\"https:\\\/\\\/x.com\\\/x.com\\\/ubirataonline\"],\"honorificPrefix\":\"Mr.\",\"honorificSuffix\":\"MD\",\"birthDate\":\"1980-06-16\",\"gender\":\"masculino\",\"award\":[\"V\u00e1rios pr\u00eamios de melhor portal da cidade\"],\"jobTitle\":\"Diretor\",\"url\":\"https:\\\/\\\/ubirataonline.com.br\\\/en\\\/author\\\/ubirataonline\\\/\"},{\"@type\":\"PostalAddress\",\"@id\":\"https:\\\/\\\/ubirataonline.com.br\\\/pereira-ainda-tenta-conciliar-as-exigencias-do-forest-na-premier-league-e-nas-competicoes-europeias\\\/#local-main-place-address\",\"streetAddress\":\"Rua dos Coqueiros, 104 - Bairro Boa Vista, Rua dos Coqueiros, 104 Bairro Boa Vista\",\"addressLocality\":\"UBIRATA\",\"postalCode\":\"85440-000\",\"addressRegion\":\"PR\",\"addressCountry\":\"BR\"},{\"@type\":\"ImageObject\",\"inLanguage\":\"en-US\",\"@id\":\"https:\\\/\\\/ubirataonline.com.br\\\/pereira-ainda-tenta-conciliar-as-exigencias-do-forest-na-premier-league-e-nas-competicoes-europeias\\\/#local-main-organization-logo\",\"url\":\"https:\\\/\\\/ubirataonline.com.br\\\/wp-content\\\/uploads\\\/2026\\\/06\\\/logoubirataonline-1.webp\",\"contentUrl\":\"https:\\\/\\\/ubirataonline.com.br\\\/wp-content\\\/uploads\\\/2026\\\/06\\\/logoubirataonline-1.webp\",\"width\":500,\"height\":500,\"caption\":\"Ubirat\u00e3 Online Not\u00edcias\"}]}<\/script>\n<meta name=\"geo.placename\" content=\"UBIRATA\" \/>\n<meta name=\"geo.position\" content=\"-24.5361401;-52.9921776\" \/>\n<meta name=\"geo.region\" content=\"Brazil\" \/>\n<!-- \/ Yoast SEO Premium plugin. -->","yoast_head_json":{"title":"Pereira ainda tenta conciliar as exig\u00eancias do Forest na Premier League e nas competi\u00e7\u00f5es europeias - Ubirat\u00e3 Online Not\u00edcias - A realidade ao seu alcance!","description":"Forest nos quartos da Liga Europa, mas V\u00edtor Pereira tamb\u00e9m tem de gerir a luta pela perman\u00eancia na Premier League.","robots":{"index":"index","follow":"follow","max-snippet":"max-snippet:-1","max-image-preview":"max-image-preview:large","max-video-preview":"max-video-preview:-1"},"canonical":"https:\/\/ubirataonline.com.br\/en\/pereira-ainda-tenta-conciliar-as-exigencias-do-forest-na-premier-league-e-nas-competicoes-europeias\/","og_locale":"en_US","og_type":"article","og_title":"Pereira ainda tenta conciliar as exig\u00eancias do Forest na Premier League e nas competi\u00e7\u00f5es europeias","og_description":"Forest nos quartos da Liga Europa, mas V\u00edtor Pereira tamb\u00e9m tem de gerir a luta pela perman\u00eancia na Premier League.","og_url":"https:\/\/ubirataonline.com.br\/en\/pereira-ainda-tenta-conciliar-as-exigencias-do-forest-na-premier-league-e-nas-competicoes-europeias\/","og_site_name":"Ubirat\u00e3 Online Not\u00edcias - A realidade ao seu alcance!","article_publisher":"https:\/\/www.facebook.com\/portalubirataonline","article_author":"https:\/\/www.facebook.com\/portalubirataonline","article_published_time":"2026-04-09T19:35:40+00:00","og_image":[{"width":1200,"height":630,"url":"https:\/\/ubirataonline.com.br\/wp-content\/uploads\/2026\/04\/Pereira-ainda-tenta-conciliar-as-exigencias-do-Forest-na-Premier.png","type":"image\/png"}],"author":"REDA\u00c7\u00c3O: UBIRAT\u00c3 ONLINE - F\u00c1BIO AUGUSTO CELESTINO","twitter_card":"summary_large_image","twitter_creator":"@x.com\/ubirataonline","twitter_site":"@ubirataonline","twitter_misc":{"Written by":"REDA\u00c7\u00c3O: UBIRAT\u00c3 ONLINE - F\u00c1BIO AUGUSTO CELESTINO","Est. reading time":"3 minutes"},"schema":{"@context":"https:\/\/schema.org","@graph":[{"@type":"NewsArticle","@id":"https:\/\/ubirataonline.com.br\/pereira-ainda-tenta-conciliar-as-exigencias-do-forest-na-premier-league-e-nas-competicoes-europeias\/#article","isPartOf":{"@id":"https:\/\/ubirataonline.com.br\/pereira-ainda-tenta-conciliar-as-exigencias-do-forest-na-premier-league-e-nas-competicoes-europeias\/"},"author":{"name":"REDA\u00c7\u00c3O: UBIRAT\u00c3 ONLINE - F\u00c1BIO AUGUSTO CELESTINO","@id":"https:\/\/ubirataonline.com.br\/#\/schema\/person\/372f87bbd3fdd79b8556b84c98d0bc1c"},"headline":"Pereira ainda tenta conciliar as exig\u00eancias do Forest na Premier League e nas competi\u00e7\u00f5es europeias","datePublished":"2026-04-09T19:35:40+00:00","mainEntityOfPage":{"@id":"https:\/\/ubirataonline.com.br\/pereira-ainda-tenta-conciliar-as-exigencias-do-forest-na-premier-league-e-nas-competicoes-europeias\/"},"wordCount":526,"publisher":{"@id":"https:\/\/ubirataonline.com.br\/#organization"},"image":{"@id":"https:\/\/ubirataonline.com.br\/pereira-ainda-tenta-conciliar-as-exigencias-do-forest-na-premier-league-e-nas-competicoes-europeias\/#primaryimage"},"thumbnailUrl":"https:\/\/ubirataonline.com.br\/wp-content\/uploads\/2026\/04\/Pereira-ainda-tenta-conciliar-as-exigencias-do-Forest-na-Premier.png","keywords":["ainda","competi\u00e7\u00f5es","conciliar","europeias","exig\u00eancias","Forest","League","nas","Pereira","Premier","tenta"],"articleSection":["Ubirat\u00e3"],"inLanguage":"en-US","copyrightYear":"2026","copyrightHolder":{"@id":"https:\/\/ubirataonline.com.br\/en\/#organization"}},{"@type":"WebPage","@id":"https:\/\/ubirataonline.com.br\/pereira-ainda-tenta-conciliar-as-exigencias-do-forest-na-premier-league-e-nas-competicoes-europeias\/","url":"https:\/\/ubirataonline.com.br\/pereira-ainda-tenta-conciliar-as-exigencias-do-forest-na-premier-league-e-nas-competicoes-europeias\/","name":"Pereira ainda tenta conciliar as exig\u00eancias do Forest na Premier League e nas competi\u00e7\u00f5es europeias - Ubirat\u00e3 Online Not\u00edcias - A realidade ao seu alcance!","isPartOf":{"@id":"https:\/\/ubirataonline.com.br\/#website"},"primaryImageOfPage":{"@id":"https:\/\/ubirataonline.com.br\/pereira-ainda-tenta-conciliar-as-exigencias-do-forest-na-premier-league-e-nas-competicoes-europeias\/#primaryimage"},"image":{"@id":"https:\/\/ubirataonline.com.br\/pereira-ainda-tenta-conciliar-as-exigencias-do-forest-na-premier-league-e-nas-competicoes-europeias\/#primaryimage"},"thumbnailUrl":"https:\/\/ubirataonline.com.br\/wp-content\/uploads\/2026\/04\/Pereira-ainda-tenta-conciliar-as-exigencias-do-Forest-na-Premier.png","datePublished":"2026-04-09T19:35:40+00:00","description":"Forest nos quartos da Liga Europa, mas V\u00edtor Pereira tamb\u00e9m tem de gerir a luta pela perman\u00eancia na Premier League.","breadcrumb":{"@id":"https:\/\/ubirataonline.com.br\/pereira-ainda-tenta-conciliar-as-exigencias-do-forest-na-premier-league-e-nas-competicoes-europeias\/#breadcrumb"},"inLanguage":"en-US","potentialAction":[{"@type":"ReadAction","target":["https:\/\/ubirataonline.com.br\/pereira-ainda-tenta-conciliar-as-exigencias-do-forest-na-premier-league-e-nas-competicoes-europeias\/"]}]},{"@type":"ImageObject","inLanguage":"en-US","@id":"https:\/\/ubirataonline.com.br\/pereira-ainda-tenta-conciliar-as-exigencias-do-forest-na-premier-league-e-nas-competicoes-europeias\/#primaryimage","url":"https:\/\/ubirataonline.com.br\/wp-content\/uploads\/2026\/04\/Pereira-ainda-tenta-conciliar-as-exigencias-do-Forest-na-Premier.png","contentUrl":"https:\/\/ubirataonline.com.br\/wp-content\/uploads\/2026\/04\/Pereira-ainda-tenta-conciliar-as-exigencias-do-Forest-na-Premier.png","width":1200,"height":630,"caption":"Pereira ainda tenta conciliar as exig\u00eancias do Forest na Premier League e nas competi\u00e7\u00f5es europeias"},{"@type":"BreadcrumbList","@id":"https:\/\/ubirataonline.com.br\/pereira-ainda-tenta-conciliar-as-exigencias-do-forest-na-premier-league-e-nas-competicoes-europeias\/#breadcrumb","itemListElement":[{"@type":"ListItem","position":1,"name":"In\u00edcio","item":"https:\/\/ubirataonline.com.br\/"},{"@type":"ListItem","position":2,"name":"Pereira ainda tenta conciliar as exig\u00eancias do Forest na Premier League e nas competi\u00e7\u00f5es europeias"}]},{"@type":"WebSite","@id":"https:\/\/ubirataonline.com.br\/#website","url":"https:\/\/ubirataonline.com.br\/","name":"Ubirat\u00e3 Online Not\u00edcias","description":"Not\u00edcias de Ubirat\u00e3, regi\u00e3o, Brasil e mundo, com informa\u00e7\u00e3o atualizada e compromisso com o leitor.","publisher":{"@id":"https:\/\/ubirataonline.com.br\/#organization"},"alternateName":"Ubirat\u00e3 Online","potentialAction":[{"@type":"SearchAction","target":{"@type":"EntryPoint","urlTemplate":"https:\/\/ubirataonline.com.br\/?s={search_term_string}"},"query-input":{"@type":"PropertyValueSpecification","valueRequired":true,"valueName":"search_term_string"}}],"inLanguage":"en-US"},{"@type":["Organization","Place"],"@id":"https:\/\/ubirataonline.com.br\/#organization","name":"Ubirat\u00e3 Online Not\u00edcias","alternateName":"Ubirat\u00e3 Online","url":"https:\/\/ubirataonline.com.br\/","logo":{"@id":"https:\/\/ubirataonline.com.br\/pereira-ainda-tenta-conciliar-as-exigencias-do-forest-na-premier-league-e-nas-competicoes-europeias\/#local-main-organization-logo"},"image":{"@id":"https:\/\/ubirataonline.com.br\/pereira-ainda-tenta-conciliar-as-exigencias-do-forest-na-premier-league-e-nas-competicoes-europeias\/#local-main-organization-logo"},"sameAs":["https:\/\/www.facebook.com\/portalubirataonline","https:\/\/x.com\/ubirataonline","https:\/\/mastodon.social\/@ubirataonline","https:\/\/www.facebook.com\/groups\/311144672285604","https:\/\/www.facebook.com\/UBTAOnline","https:\/\/www.instagram.com\/portalubirataonline\/","https:\/\/twitter.com\/ubirataonline"],"description":"Somos um portal de not\u00edcias independente, criado em 5 de janeiro de 2009, com o objetivo de informar, conectar e valorizar a nossa comunidade de Ubirat\u00e3 e toda aregi\u00e3o. Com conte\u00fado atualizado, confi\u00e1vel e relevante, o Ubirat\u00e3 Online \u00e9 o seu espa\u00e7o para ficar por dentro dos principais acontecimentos locais, regionais, Brasil, Mundo e de interesse geral. Nosso compromisso \u00e9 com a verdade, a transpar\u00eancia e o respeito ao leitor.","legalName":"UBIRATA ONLINE NOT\u00cdCIAS","foundingDate":"2009-01-05","numberOfEmployees":{"@type":"QuantitativeValue","minValue":"1","maxValue":"10"},"publishingPrinciples":"https:\/\/ubirataonline.com.br\/faq\/","address":{"@id":"https:\/\/ubirataonline.com.br\/pereira-ainda-tenta-conciliar-as-exigencias-do-forest-na-premier-league-e-nas-competicoes-europeias\/#local-main-place-address"},"geo":{"@type":"GeoCoordinates","latitude":"-24.5361401","longitude":"-52.9921776"},"telephone":["+5544998308235"],"contactPoint":{"@type":"ContactPoint","email":"contato@ubirataonline.com.br"},"openingHoursSpecification":{"@type":"OpeningHoursSpecification","dayOfWeek":["Monday","Tuesday","Wednesday","Thursday","Friday","Saturday","Sunday"],"opens":"00:00","closes":"23:59"},"email":"contato@ubirataonline.com.br","vatID":"47.621.418\/0001-80"},{"@type":"Person","@id":"https:\/\/ubirataonline.com.br\/#\/schema\/person\/372f87bbd3fdd79b8556b84c98d0bc1c","name":"REDA\u00c7\u00c3O: UBIRAT\u00c3 ONLINE - F\u00c1BIO AUGUSTO CELESTINO","pronouns":"Ele","description":"Desde 2003 trabalhando com not\u00edcias.","sameAs":["http:\/\/ubirataoline.com.br","https:\/\/www.facebook.com\/portalubirataonline","https:\/\/www.instagram.com\/ubirataonline_oficial","https:\/\/x.com\/x.com\/ubirataonline"],"honorificPrefix":"Mr.","honorificSuffix":"MD","birthDate":"1980-06-16","gender":"masculino","award":["V\u00e1rios pr\u00eamios de melhor portal da cidade"],"jobTitle":"Diretor","url":"https:\/\/ubirataonline.com.br\/en\/author\/ubirataonline\/"},{"@type":"PostalAddress","@id":"https:\/\/ubirataonline.com.br\/pereira-ainda-tenta-conciliar-as-exigencias-do-forest-na-premier-league-e-nas-competicoes-europeias\/#local-main-place-address","streetAddress":"Rua dos Coqueiros, 104 - Bairro Boa Vista, Rua dos Coqueiros, 104 Bairro Boa Vista","addressLocality":"UBIRATA","postalCode":"85440-000","addressRegion":"PR","addressCountry":"BR"},{"@type":"ImageObject","inLanguage":"en-US","@id":"https:\/\/ubirataonline.com.br\/pereira-ainda-tenta-conciliar-as-exigencias-do-forest-na-premier-league-e-nas-competicoes-europeias\/#local-main-organization-logo","url":"https:\/\/ubirataonline.com.br\/wp-content\/uploads\/2026\/06\/logoubirataonline-1.webp","contentUrl":"https:\/\/ubirataonline.com.br\/wp-content\/uploads\/2026\/06\/logoubirataonline-1.webp","width":500,"height":500,"caption":"Ubirat\u00e3 Online Not\u00edcias"}]},"geo.placename":"UBIRATA","geo.position":{"lat":"-24.5361401","long":"-52.9921776"},"geo.region":"Brazil"},"_links":{"self":[{"href":"https:\/\/ubirataonline.com.br\/en\/wp-json\/wp\/v2\/posts\/102401","targetHints":{"allow":["GET"]}}],"collection":[{"href":"https:\/\/ubirataonline.com.br\/en\/wp-json\/wp\/v2\/posts"}],"about":[{"href":"https:\/\/ubirataonline.com.br\/en\/wp-json\/wp\/v2\/types\/post"}],"author":[{"embeddable":true,"href":"https:\/\/ubirataonline.com.br\/en\/wp-json\/wp\/v2\/users\/1"}],"replies":[{"embeddable":true,"href":"https:\/\/ubirataonline.com.br\/en\/wp-json\/wp\/v2\/comments?post=102401"}],"version-history":[{"count":0,"href":"https:\/\/ubirataonline.com.br\/en\/wp-json\/wp\/v2\/posts\/102401\/revisions"}],"wp:featuredmedia":[{"embeddable":true,"href":"https:\/\/ubirataonline.com.br\/en\/wp-json\/wp\/v2\/media\/102402"}],"wp:attachment":[{"href":"https:\/\/ubirataonline.com.br\/en\/wp-json\/wp\/v2\/media?parent=102401"}],"wp:term":[{"taxonomy":"category","embeddable":true,"href":"https:\/\/ubirataonline.com.br\/en\/wp-json\/wp\/v2\/categories?post=102401"},{"taxonomy":"post_tag","embeddable":true,"href":"https:\/\/ubirataonline.com.br\/en\/wp-json\/wp\/v2\/tags?post=102401"}],"curies":[{"name":"wp","href":"https:\/\/api.w.org\/{rel}","templated":true}]}}