{"id":102406,"date":"2026-04-09T16:49:18","date_gmt":"2026-04-09T19:49:18","guid":{"rendered":"https:\/\/ubirataonline.com.br\/acting-ag-todd-blanche-sends-series-of-memos-to-staff-marking-his-first-official-day\/"},"modified":"2026-04-09T16:49:20","modified_gmt":"2026-04-09T19:49:20","slug":"acting-ag-todd-blanche-sends-series-of-memos-to-staff-marking-his-first-official-day","status":"publish","type":"post","link":"https:\/\/ubirataonline.com.br\/en\/acting-ag-todd-blanche-sends-series-of-memos-to-staff-marking-his-first-official-day\/","title":{"rendered":"Acting AG Todd Blanche sends series of memos to staff marking his first official day"},"content":{"rendered":"<p><\/p>\n<div data-editable=\"content\" itemprop=\"articleBody\" data-reorderable=\"content\">\n<p class=\"paragraph-elevate inline-placeholder vossi-paragraph_elevate\" data-uri=\"cms.cnn.com\/_components\/paragraph\/instances\/cmnrr8h2q004b27p5fhych8pz@published\" data-editable=\"text\" data-component-name=\"paragraph\" data-article-gutter=\"true\">\n            Acting Attorney General Todd Blanche sent a series of memos to Justice Department staffers Thursday marking his first official day running the agency.\n    <\/p>\n<p class=\"paragraph-elevate inline-placeholder vossi-paragraph_elevate\" data-uri=\"cms.cnn.com\/_components\/paragraph\/instances\/cmnrra5l700013b6qtk0qp6vi@published\" data-editable=\"text\" data-component-name=\"paragraph\" data-article-gutter=\"true\">\n            In a memo to the staff obtained by CNN, he wrote, \u201cOur mission here at the Department remains the same today as it was yesterday. President Trump has promised a safe American and will continue to deliver on that promise.\u201d\n    <\/p>\n<p class=\"paragraph-elevate inline-placeholder vossi-paragraph_elevate\" data-uri=\"cms.cnn.com\/_components\/paragraph\/instances\/cmnrra5l700023b6q0x0bi45m@published\" data-editable=\"text\" data-component-name=\"paragraph\" data-article-gutter=\"true\">\n            He also thanked former Attorney General Pam Bondi \u201cfor her friendship, service, and selfless dedication to our department and country.\u201d\n    <\/p>\n<p class=\"paragraph-elevate inline-placeholder vossi-paragraph_elevate\" data-uri=\"cms.cnn.com\/_components\/paragraph\/instances\/cmnrra5l700033b6qoazdnmb2@published\" data-editable=\"text\" data-component-name=\"paragraph\" data-article-gutter=\"true\">\n            In a separate memo to his staff in the deputy attorney general\u2019s office he revealed he will officially move into the attorney general\u2019s fifth floor office on Monday.\n    <\/p>\n<p class=\"paragraph-elevate inline-placeholder vossi-paragraph_elevate\" data-uri=\"cms.cnn.com\/_components\/paragraph\/instances\/cmnrrg9wm000j3b6qylfvxsmu@published\" data-editable=\"text\" data-component-name=\"paragraph\" data-article-gutter=\"true\">\n            Blanche also on Thursday announced several staffing changes in his office \u2014 tapping two loyal staffers to key roles. The acting attorney general posted on X that Trent McCotter will now serve as principal associate deputy attorney general and that Colin McDonald, who currently serves as assistant attorney general of the Justice Department\u2019s new fraud division, will also continue to help in the deputy attorney general\u2019s office while continuing his work in his other role.\n    <\/p>\n<p class=\"paragraph-elevate inline-placeholder vossi-paragraph_elevate\" data-uri=\"cms.cnn.com\/_components\/paragraph\/instances\/cmnrrb26z00063b6qd662xmkh@published\" data-editable=\"text\" data-component-name=\"paragraph\" data-article-gutter=\"true\">\n            Bondi was informed by President Donald Trump last Wednesday, during the short drive from the White House to the Supreme Court, that she was being <a href=\"https:\/\/www.cnn.com\/2026\/04\/02\/politics\/pam-bondi-role-trump\">removed as attorney general<\/a>, CNN <a href=\"https:\/\/www.cnn.com\/2026\/04\/04\/politics\/how-pam-bondi-lost-her-job\">reported. <\/a>\n    <\/p>\n<p class=\"paragraph-elevate inline-placeholder vossi-paragraph_elevate\" data-uri=\"cms.cnn.com\/_components\/paragraph\/instances\/cmnrrcwdu00083b6q1kjd8qc7@published\" data-editable=\"text\" data-component-name=\"paragraph\" data-article-gutter=\"true\">\n            \u201cNobody has any idea why the attorney general is no longer the attorney general and I\u2019m the acting attorney general except for President Trump,\u201d Blanche said at his first public press conference Tuesday.\n    <\/p>\n<p class=\"paragraph-elevate inline-placeholder vossi-paragraph_elevate\" data-uri=\"cms.cnn.com\/_components\/paragraph\/instances\/cmnrrrzq200023b6qh3z8sgwc@published\" data-editable=\"text\" data-component-name=\"paragraph\" data-article-gutter=\"true\">\n            <em>This story is breaking and will be updated.<\/em>\n    <\/p>\n<\/p><\/div>\n<p><a href=\"https:\/\/www.cnn.com\/2026\/04\/09\/politics\/acting-ag-todd-blanche-sends-series-of-memos-of-staff-marking-his-first-official-day\">Source link <\/a><\/p>","protected":false},"excerpt":{"rendered":"<p>Acting Attorney General Todd Blanche sent a series of memos to Justice Department staffers Thursday marking his first official day running the agency. In a memo to the staff obtained by CNN, he wrote, \u201cOur mission here at the Department remains the same today as it was yesterday. President Trump has promised a safe American [&hellip;]<\/p>\n","protected":false},"author":1,"featured_media":102407,"comment_status":"closed","ping_status":"","sticky":false,"template":"","format":"standard","meta":{"googlesitekit_rrm_CAow2JLhCw:productID":"","_gspb_post_css":"","maa_idioma":"","maa_pais":"","footnotes":""},"categories":[1],"tags":[12752,26222,3064,26224,26223,7511,3808,2628,4839,11078],"class_list":["post-102406","post","type-post","status-publish","format-standard","has-post-thumbnail","hentry","category-ubirata","tag-acting","tag-blanche","tag-day","tag-marking","tag-memos","tag-official","tag-sends","tag-series","tag-staff","tag-todd"],"blocksy_meta":[],"yoast_head":"<!-- This site is optimized with the Yoast SEO Premium plugin v27.6 (Yoast SEO v27.6) - https:\/\/yoast.com\/product\/yoast-seo-premium-wordpress\/ -->\n<title>Acting AG Todd Blanche sends series of memos to staff marking his first official day - Ubirat\u00e3 Online Not\u00edcias - A realidade ao seu alcance!<\/title>\n<meta name=\"description\" content=\"Acting Attorney General Todd Blanche sent a series of memos to Justice Department staffers Thursday marking his first official day running the agency. In\" \/>\n<meta name=\"robots\" content=\"index, follow, max-snippet:-1, max-image-preview:large, max-video-preview:-1\" \/>\n<link rel=\"canonical\" href=\"https:\/\/ubirataonline.com.br\/en\/acting-ag-todd-blanche-sends-series-of-memos-to-staff-marking-his-first-official-day\/\" \/>\n<meta property=\"og:locale\" content=\"en_US\" \/>\n<meta property=\"og:type\" content=\"article\" \/>\n<meta property=\"og:title\" content=\"Acting AG Todd Blanche sends series of memos to staff marking his first official day\" \/>\n<meta property=\"og:description\" content=\"Acting Attorney General Todd Blanche sent a series of memos to Justice Department staffers Thursday marking his first official day running the agency. In\" \/>\n<meta property=\"og:url\" content=\"https:\/\/ubirataonline.com.br\/en\/acting-ag-todd-blanche-sends-series-of-memos-to-staff-marking-his-first-official-day\/\" \/>\n<meta property=\"og:site_name\" content=\"Ubirat\u00e3 Online Not\u00edcias - A realidade ao seu alcance!\" \/>\n<meta property=\"article:publisher\" content=\"https:\/\/www.facebook.com\/portalubirataonline\" \/>\n<meta property=\"article:author\" content=\"https:\/\/www.facebook.com\/portalubirataonline\" \/>\n<meta property=\"article:published_time\" content=\"2026-04-09T19:49:18+00:00\" \/>\n<meta property=\"article:modified_time\" content=\"2026-04-09T19:49:20+00:00\" \/>\n<meta property=\"og:image\" content=\"https:\/\/ubirataonline.com.br\/wp-content\/uploads\/2026\/04\/Acting-AG-Todd-Blanche-sends-series-of-memos-to-staff.JPG\" \/>\n\t<meta property=\"og:image:width\" content=\"800\" \/>\n\t<meta property=\"og:image:height\" content=\"450\" \/>\n\t<meta property=\"og:image:type\" content=\"image\/jpeg\" \/>\n<meta name=\"author\" content=\"REDA\u00c7\u00c3O: UBIRAT\u00c3 ONLINE - F\u00c1BIO AUGUSTO CELESTINO\" \/>\n<meta name=\"twitter:card\" content=\"summary_large_image\" \/>\n<meta name=\"twitter:creator\" content=\"@x.com\/ubirataonline\" \/>\n<meta name=\"twitter:site\" content=\"@ubirataonline\" \/>\n<meta name=\"twitter:label1\" content=\"Written by\" \/>\n\t<meta name=\"twitter:data1\" content=\"REDA\u00c7\u00c3O: UBIRAT\u00c3 ONLINE - F\u00c1BIO AUGUSTO CELESTINO\" \/>\n\t<meta name=\"twitter:label2\" content=\"Est. reading time\" \/>\n\t<meta name=\"twitter:data2\" content=\"1 minute\" \/>\n<script type=\"application\/ld+json\" class=\"yoast-schema-graph\">{\"@context\":\"https:\\\/\\\/schema.org\",\"@graph\":[{\"@type\":\"NewsArticle\",\"@id\":\"https:\\\/\\\/ubirataonline.com.br\\\/acting-ag-todd-blanche-sends-series-of-memos-to-staff-marking-his-first-official-day\\\/#article\",\"isPartOf\":{\"@id\":\"https:\\\/\\\/ubirataonline.com.br\\\/acting-ag-todd-blanche-sends-series-of-memos-to-staff-marking-his-first-official-day\\\/\"},\"author\":{\"name\":\"REDA\u00c7\u00c3O: UBIRAT\u00c3 ONLINE - F\u00c1BIO AUGUSTO CELESTINO\",\"@id\":\"https:\\\/\\\/ubirataonline.com.br\\\/#\\\/schema\\\/person\\\/372f87bbd3fdd79b8556b84c98d0bc1c\"},\"headline\":\"Acting AG Todd Blanche sends series of memos to staff marking his first official day\",\"datePublished\":\"2026-04-09T19:49:18+00:00\",\"dateModified\":\"2026-04-09T19:49:20+00:00\",\"mainEntityOfPage\":{\"@id\":\"https:\\\/\\\/ubirataonline.com.br\\\/acting-ag-todd-blanche-sends-series-of-memos-to-staff-marking-his-first-official-day\\\/\"},\"wordCount\":279,\"publisher\":{\"@id\":\"https:\\\/\\\/ubirataonline.com.br\\\/#organization\"},\"image\":{\"@id\":\"https:\\\/\\\/ubirataonline.com.br\\\/acting-ag-todd-blanche-sends-series-of-memos-to-staff-marking-his-first-official-day\\\/#primaryimage\"},\"thumbnailUrl\":\"https:\\\/\\\/ubirataonline.com.br\\\/wp-content\\\/uploads\\\/2026\\\/04\\\/Acting-AG-Todd-Blanche-sends-series-of-memos-to-staff.JPG\",\"keywords\":[\"Acting\",\"Blanche\",\"day\",\"marking\",\"memos\",\"official\",\"Sends\",\"S\u00e9ries\",\"staff\",\"Todd\"],\"articleSection\":[\"Ubirat\u00e3\"],\"inLanguage\":\"en-US\",\"copyrightYear\":\"2026\",\"copyrightHolder\":{\"@id\":\"https:\\\/\\\/ubirataonline.com.br\\\/en\\\/#organization\"}},{\"@type\":\"WebPage\",\"@id\":\"https:\\\/\\\/ubirataonline.com.br\\\/acting-ag-todd-blanche-sends-series-of-memos-to-staff-marking-his-first-official-day\\\/\",\"url\":\"https:\\\/\\\/ubirataonline.com.br\\\/acting-ag-todd-blanche-sends-series-of-memos-to-staff-marking-his-first-official-day\\\/\",\"name\":\"Acting AG Todd Blanche sends series of memos to staff marking his first official day - Ubirat\u00e3 Online Not\u00edcias - A realidade ao seu alcance!\",\"isPartOf\":{\"@id\":\"https:\\\/\\\/ubirataonline.com.br\\\/#website\"},\"primaryImageOfPage\":{\"@id\":\"https:\\\/\\\/ubirataonline.com.br\\\/acting-ag-todd-blanche-sends-series-of-memos-to-staff-marking-his-first-official-day\\\/#primaryimage\"},\"image\":{\"@id\":\"https:\\\/\\\/ubirataonline.com.br\\\/acting-ag-todd-blanche-sends-series-of-memos-to-staff-marking-his-first-official-day\\\/#primaryimage\"},\"thumbnailUrl\":\"https:\\\/\\\/ubirataonline.com.br\\\/wp-content\\\/uploads\\\/2026\\\/04\\\/Acting-AG-Todd-Blanche-sends-series-of-memos-to-staff.JPG\",\"datePublished\":\"2026-04-09T19:49:18+00:00\",\"dateModified\":\"2026-04-09T19:49:20+00:00\",\"description\":\"Acting Attorney General Todd Blanche sent a series of memos to Justice Department staffers Thursday marking his first official day running the agency. In\",\"breadcrumb\":{\"@id\":\"https:\\\/\\\/ubirataonline.com.br\\\/acting-ag-todd-blanche-sends-series-of-memos-to-staff-marking-his-first-official-day\\\/#breadcrumb\"},\"inLanguage\":\"en-US\",\"potentialAction\":[{\"@type\":\"ReadAction\",\"target\":[\"https:\\\/\\\/ubirataonline.com.br\\\/acting-ag-todd-blanche-sends-series-of-memos-to-staff-marking-his-first-official-day\\\/\"]}]},{\"@type\":\"ImageObject\",\"inLanguage\":\"en-US\",\"@id\":\"https:\\\/\\\/ubirataonline.com.br\\\/acting-ag-todd-blanche-sends-series-of-memos-to-staff-marking-his-first-official-day\\\/#primaryimage\",\"url\":\"https:\\\/\\\/ubirataonline.com.br\\\/wp-content\\\/uploads\\\/2026\\\/04\\\/Acting-AG-Todd-Blanche-sends-series-of-memos-to-staff.JPG\",\"contentUrl\":\"https:\\\/\\\/ubirataonline.com.br\\\/wp-content\\\/uploads\\\/2026\\\/04\\\/Acting-AG-Todd-Blanche-sends-series-of-memos-to-staff.JPG\",\"width\":800,\"height\":450,\"caption\":\"Kent Nishimura\\\/AFP\\\/Getty Images\"},{\"@type\":\"BreadcrumbList\",\"@id\":\"https:\\\/\\\/ubirataonline.com.br\\\/acting-ag-todd-blanche-sends-series-of-memos-to-staff-marking-his-first-official-day\\\/#breadcrumb\",\"itemListElement\":[{\"@type\":\"ListItem\",\"position\":1,\"name\":\"In\u00edcio\",\"item\":\"https:\\\/\\\/ubirataonline.com.br\\\/\"},{\"@type\":\"ListItem\",\"position\":2,\"name\":\"Acting AG Todd Blanche sends series of memos to staff marking his first official day\"}]},{\"@type\":\"WebSite\",\"@id\":\"https:\\\/\\\/ubirataonline.com.br\\\/#website\",\"url\":\"https:\\\/\\\/ubirataonline.com.br\\\/\",\"name\":\"Ubirat\u00e3 Online Not\u00edcias\",\"description\":\"Not\u00edcias de Ubirat\u00e3, regi\u00e3o, Brasil e mundo, com informa\u00e7\u00e3o atualizada e compromisso com o leitor.\",\"publisher\":{\"@id\":\"https:\\\/\\\/ubirataonline.com.br\\\/#organization\"},\"alternateName\":\"Ubirat\u00e3 Online\",\"potentialAction\":[{\"@type\":\"SearchAction\",\"target\":{\"@type\":\"EntryPoint\",\"urlTemplate\":\"https:\\\/\\\/ubirataonline.com.br\\\/?s={search_term_string}\"},\"query-input\":{\"@type\":\"PropertyValueSpecification\",\"valueRequired\":true,\"valueName\":\"search_term_string\"}}],\"inLanguage\":\"en-US\"},{\"@type\":[\"Organization\",\"Place\"],\"@id\":\"https:\\\/\\\/ubirataonline.com.br\\\/#organization\",\"name\":\"Ubirat\u00e3 Online Not\u00edcias\",\"alternateName\":\"Ubirat\u00e3 Online\",\"url\":\"https:\\\/\\\/ubirataonline.com.br\\\/\",\"logo\":{\"@id\":\"https:\\\/\\\/ubirataonline.com.br\\\/acting-ag-todd-blanche-sends-series-of-memos-to-staff-marking-his-first-official-day\\\/#local-main-organization-logo\"},\"image\":{\"@id\":\"https:\\\/\\\/ubirataonline.com.br\\\/acting-ag-todd-blanche-sends-series-of-memos-to-staff-marking-his-first-official-day\\\/#local-main-organization-logo\"},\"sameAs\":[\"https:\\\/\\\/www.facebook.com\\\/portalubirataonline\",\"https:\\\/\\\/x.com\\\/ubirataonline\",\"https:\\\/\\\/mastodon.social\\\/@ubirataonline\",\"https:\\\/\\\/www.facebook.com\\\/groups\\\/311144672285604\",\"https:\\\/\\\/www.facebook.com\\\/UBTAOnline\",\"https:\\\/\\\/www.instagram.com\\\/portalubirataonline\\\/\",\"https:\\\/\\\/twitter.com\\\/ubirataonline\"],\"description\":\"Somos um portal de not\u00edcias independente, criado em 5 de janeiro de 2009, com o objetivo de informar, conectar e valorizar a nossa comunidade de Ubirat\u00e3 e toda aregi\u00e3o. Com conte\u00fado atualizado, confi\u00e1vel e relevante, o Ubirat\u00e3 Online \u00e9 o seu espa\u00e7o para ficar por dentro dos principais acontecimentos locais, regionais, Brasil, Mundo e de interesse geral. Nosso compromisso \u00e9 com a verdade, a transpar\u00eancia e o respeito ao leitor.\",\"legalName\":\"UBIRATA ONLINE NOT\u00cdCIAS\",\"foundingDate\":\"2009-01-05\",\"numberOfEmployees\":{\"@type\":\"QuantitativeValue\",\"minValue\":\"1\",\"maxValue\":\"10\"},\"publishingPrinciples\":\"https:\\\/\\\/ubirataonline.com.br\\\/faq\\\/\",\"address\":{\"@id\":\"https:\\\/\\\/ubirataonline.com.br\\\/acting-ag-todd-blanche-sends-series-of-memos-to-staff-marking-his-first-official-day\\\/#local-main-place-address\"},\"geo\":{\"@type\":\"GeoCoordinates\",\"latitude\":\"-24.5361401\",\"longitude\":\"-52.9921776\"},\"telephone\":[\"+5544998308235\"],\"contactPoint\":{\"@type\":\"ContactPoint\",\"email\":\"contato@ubirataonline.com.br\"},\"openingHoursSpecification\":{\"@type\":\"OpeningHoursSpecification\",\"dayOfWeek\":[\"Monday\",\"Tuesday\",\"Wednesday\",\"Thursday\",\"Friday\",\"Saturday\",\"Sunday\"],\"opens\":\"00:00\",\"closes\":\"23:59\"},\"email\":\"contato@ubirataonline.com.br\",\"vatID\":\"47.621.418\\\/0001-80\"},{\"@type\":\"Person\",\"@id\":\"https:\\\/\\\/ubirataonline.com.br\\\/#\\\/schema\\\/person\\\/372f87bbd3fdd79b8556b84c98d0bc1c\",\"name\":\"REDA\u00c7\u00c3O: UBIRAT\u00c3 ONLINE - F\u00c1BIO AUGUSTO CELESTINO\",\"pronouns\":\"Ele\",\"description\":\"Desde 2003 trabalhando com not\u00edcias.\",\"sameAs\":[\"http:\\\/\\\/ubirataoline.com.br\",\"https:\\\/\\\/www.facebook.com\\\/portalubirataonline\",\"https:\\\/\\\/www.instagram.com\\\/ubirataonline_oficial\",\"https:\\\/\\\/x.com\\\/x.com\\\/ubirataonline\"],\"honorificPrefix\":\"Mr.\",\"honorificSuffix\":\"MD\",\"birthDate\":\"1980-06-16\",\"gender\":\"masculino\",\"award\":[\"V\u00e1rios pr\u00eamios de melhor portal da cidade\"],\"jobTitle\":\"Diretor\",\"url\":\"https:\\\/\\\/ubirataonline.com.br\\\/en\\\/author\\\/ubirataonline\\\/\"},{\"@type\":\"PostalAddress\",\"@id\":\"https:\\\/\\\/ubirataonline.com.br\\\/acting-ag-todd-blanche-sends-series-of-memos-to-staff-marking-his-first-official-day\\\/#local-main-place-address\",\"streetAddress\":\"Rua dos Coqueiros, 104 - Bairro Boa Vista, Rua dos Coqueiros, 104 Bairro Boa Vista\",\"addressLocality\":\"UBIRATA\",\"postalCode\":\"85440-000\",\"addressRegion\":\"PR\",\"addressCountry\":\"BR\"},{\"@type\":\"ImageObject\",\"inLanguage\":\"en-US\",\"@id\":\"https:\\\/\\\/ubirataonline.com.br\\\/acting-ag-todd-blanche-sends-series-of-memos-to-staff-marking-his-first-official-day\\\/#local-main-organization-logo\",\"url\":\"https:\\\/\\\/ubirataonline.com.br\\\/wp-content\\\/uploads\\\/2026\\\/06\\\/logoubirataonline-1.webp\",\"contentUrl\":\"https:\\\/\\\/ubirataonline.com.br\\\/wp-content\\\/uploads\\\/2026\\\/06\\\/logoubirataonline-1.webp\",\"width\":500,\"height\":500,\"caption\":\"Ubirat\u00e3 Online Not\u00edcias\"}]}<\/script>\n<meta name=\"geo.placename\" content=\"UBIRATA\" \/>\n<meta name=\"geo.position\" content=\"-24.5361401;-52.9921776\" \/>\n<meta name=\"geo.region\" content=\"Brazil\" \/>\n<!-- \/ Yoast SEO Premium plugin. -->","yoast_head_json":{"title":"Acting AG Todd Blanche sends series of memos to staff marking his first official day - Ubirat\u00e3 Online Not\u00edcias - A realidade ao seu alcance!","description":"Acting Attorney General Todd Blanche sent a series of memos to Justice Department staffers Thursday marking his first official day running the agency. In","robots":{"index":"index","follow":"follow","max-snippet":"max-snippet:-1","max-image-preview":"max-image-preview:large","max-video-preview":"max-video-preview:-1"},"canonical":"https:\/\/ubirataonline.com.br\/en\/acting-ag-todd-blanche-sends-series-of-memos-to-staff-marking-his-first-official-day\/","og_locale":"en_US","og_type":"article","og_title":"Acting AG Todd Blanche sends series of memos to staff marking his first official day","og_description":"Acting Attorney General Todd Blanche sent a series of memos to Justice Department staffers Thursday marking his first official day running the agency. In","og_url":"https:\/\/ubirataonline.com.br\/en\/acting-ag-todd-blanche-sends-series-of-memos-to-staff-marking-his-first-official-day\/","og_site_name":"Ubirat\u00e3 Online Not\u00edcias - A realidade ao seu alcance!","article_publisher":"https:\/\/www.facebook.com\/portalubirataonline","article_author":"https:\/\/www.facebook.com\/portalubirataonline","article_published_time":"2026-04-09T19:49:18+00:00","article_modified_time":"2026-04-09T19:49:20+00:00","og_image":[{"width":800,"height":450,"url":"https:\/\/ubirataonline.com.br\/wp-content\/uploads\/2026\/04\/Acting-AG-Todd-Blanche-sends-series-of-memos-to-staff.JPG","type":"image\/jpeg"}],"author":"REDA\u00c7\u00c3O: UBIRAT\u00c3 ONLINE - F\u00c1BIO AUGUSTO CELESTINO","twitter_card":"summary_large_image","twitter_creator":"@x.com\/ubirataonline","twitter_site":"@ubirataonline","twitter_misc":{"Written by":"REDA\u00c7\u00c3O: UBIRAT\u00c3 ONLINE - F\u00c1BIO AUGUSTO CELESTINO","Est. reading time":"1 minute"},"schema":{"@context":"https:\/\/schema.org","@graph":[{"@type":"NewsArticle","@id":"https:\/\/ubirataonline.com.br\/acting-ag-todd-blanche-sends-series-of-memos-to-staff-marking-his-first-official-day\/#article","isPartOf":{"@id":"https:\/\/ubirataonline.com.br\/acting-ag-todd-blanche-sends-series-of-memos-to-staff-marking-his-first-official-day\/"},"author":{"name":"REDA\u00c7\u00c3O: UBIRAT\u00c3 ONLINE - F\u00c1BIO AUGUSTO CELESTINO","@id":"https:\/\/ubirataonline.com.br\/#\/schema\/person\/372f87bbd3fdd79b8556b84c98d0bc1c"},"headline":"Acting AG Todd Blanche sends series of memos to staff marking his first official day","datePublished":"2026-04-09T19:49:18+00:00","dateModified":"2026-04-09T19:49:20+00:00","mainEntityOfPage":{"@id":"https:\/\/ubirataonline.com.br\/acting-ag-todd-blanche-sends-series-of-memos-to-staff-marking-his-first-official-day\/"},"wordCount":279,"publisher":{"@id":"https:\/\/ubirataonline.com.br\/#organization"},"image":{"@id":"https:\/\/ubirataonline.com.br\/acting-ag-todd-blanche-sends-series-of-memos-to-staff-marking-his-first-official-day\/#primaryimage"},"thumbnailUrl":"https:\/\/ubirataonline.com.br\/wp-content\/uploads\/2026\/04\/Acting-AG-Todd-Blanche-sends-series-of-memos-to-staff.JPG","keywords":["Acting","Blanche","day","marking","memos","official","Sends","S\u00e9ries","staff","Todd"],"articleSection":["Ubirat\u00e3"],"inLanguage":"en-US","copyrightYear":"2026","copyrightHolder":{"@id":"https:\/\/ubirataonline.com.br\/en\/#organization"}},{"@type":"WebPage","@id":"https:\/\/ubirataonline.com.br\/acting-ag-todd-blanche-sends-series-of-memos-to-staff-marking-his-first-official-day\/","url":"https:\/\/ubirataonline.com.br\/acting-ag-todd-blanche-sends-series-of-memos-to-staff-marking-his-first-official-day\/","name":"Acting AG Todd Blanche sends series of memos to staff marking his first official day - Ubirat\u00e3 Online Not\u00edcias - A realidade ao seu alcance!","isPartOf":{"@id":"https:\/\/ubirataonline.com.br\/#website"},"primaryImageOfPage":{"@id":"https:\/\/ubirataonline.com.br\/acting-ag-todd-blanche-sends-series-of-memos-to-staff-marking-his-first-official-day\/#primaryimage"},"image":{"@id":"https:\/\/ubirataonline.com.br\/acting-ag-todd-blanche-sends-series-of-memos-to-staff-marking-his-first-official-day\/#primaryimage"},"thumbnailUrl":"https:\/\/ubirataonline.com.br\/wp-content\/uploads\/2026\/04\/Acting-AG-Todd-Blanche-sends-series-of-memos-to-staff.JPG","datePublished":"2026-04-09T19:49:18+00:00","dateModified":"2026-04-09T19:49:20+00:00","description":"Acting Attorney General Todd Blanche sent a series of memos to Justice Department staffers Thursday marking his first official day running the agency. In","breadcrumb":{"@id":"https:\/\/ubirataonline.com.br\/acting-ag-todd-blanche-sends-series-of-memos-to-staff-marking-his-first-official-day\/#breadcrumb"},"inLanguage":"en-US","potentialAction":[{"@type":"ReadAction","target":["https:\/\/ubirataonline.com.br\/acting-ag-todd-blanche-sends-series-of-memos-to-staff-marking-his-first-official-day\/"]}]},{"@type":"ImageObject","inLanguage":"en-US","@id":"https:\/\/ubirataonline.com.br\/acting-ag-todd-blanche-sends-series-of-memos-to-staff-marking-his-first-official-day\/#primaryimage","url":"https:\/\/ubirataonline.com.br\/wp-content\/uploads\/2026\/04\/Acting-AG-Todd-Blanche-sends-series-of-memos-to-staff.JPG","contentUrl":"https:\/\/ubirataonline.com.br\/wp-content\/uploads\/2026\/04\/Acting-AG-Todd-Blanche-sends-series-of-memos-to-staff.JPG","width":800,"height":450,"caption":"Kent Nishimura\/AFP\/Getty Images"},{"@type":"BreadcrumbList","@id":"https:\/\/ubirataonline.com.br\/acting-ag-todd-blanche-sends-series-of-memos-to-staff-marking-his-first-official-day\/#breadcrumb","itemListElement":[{"@type":"ListItem","position":1,"name":"In\u00edcio","item":"https:\/\/ubirataonline.com.br\/"},{"@type":"ListItem","position":2,"name":"Acting AG Todd Blanche sends series of memos to staff marking his first official day"}]},{"@type":"WebSite","@id":"https:\/\/ubirataonline.com.br\/#website","url":"https:\/\/ubirataonline.com.br\/","name":"Ubirat\u00e3 Online Not\u00edcias","description":"Not\u00edcias de Ubirat\u00e3, regi\u00e3o, Brasil e mundo, com informa\u00e7\u00e3o atualizada e compromisso com o leitor.","publisher":{"@id":"https:\/\/ubirataonline.com.br\/#organization"},"alternateName":"Ubirat\u00e3 Online","potentialAction":[{"@type":"SearchAction","target":{"@type":"EntryPoint","urlTemplate":"https:\/\/ubirataonline.com.br\/?s={search_term_string}"},"query-input":{"@type":"PropertyValueSpecification","valueRequired":true,"valueName":"search_term_string"}}],"inLanguage":"en-US"},{"@type":["Organization","Place"],"@id":"https:\/\/ubirataonline.com.br\/#organization","name":"Ubirat\u00e3 Online Not\u00edcias","alternateName":"Ubirat\u00e3 Online","url":"https:\/\/ubirataonline.com.br\/","logo":{"@id":"https:\/\/ubirataonline.com.br\/acting-ag-todd-blanche-sends-series-of-memos-to-staff-marking-his-first-official-day\/#local-main-organization-logo"},"image":{"@id":"https:\/\/ubirataonline.com.br\/acting-ag-todd-blanche-sends-series-of-memos-to-staff-marking-his-first-official-day\/#local-main-organization-logo"},"sameAs":["https:\/\/www.facebook.com\/portalubirataonline","https:\/\/x.com\/ubirataonline","https:\/\/mastodon.social\/@ubirataonline","https:\/\/www.facebook.com\/groups\/311144672285604","https:\/\/www.facebook.com\/UBTAOnline","https:\/\/www.instagram.com\/portalubirataonline\/","https:\/\/twitter.com\/ubirataonline"],"description":"Somos um portal de not\u00edcias independente, criado em 5 de janeiro de 2009, com o objetivo de informar, conectar e valorizar a nossa comunidade de Ubirat\u00e3 e toda aregi\u00e3o. Com conte\u00fado atualizado, confi\u00e1vel e relevante, o Ubirat\u00e3 Online \u00e9 o seu espa\u00e7o para ficar por dentro dos principais acontecimentos locais, regionais, Brasil, Mundo e de interesse geral. Nosso compromisso \u00e9 com a verdade, a transpar\u00eancia e o respeito ao leitor.","legalName":"UBIRATA ONLINE NOT\u00cdCIAS","foundingDate":"2009-01-05","numberOfEmployees":{"@type":"QuantitativeValue","minValue":"1","maxValue":"10"},"publishingPrinciples":"https:\/\/ubirataonline.com.br\/faq\/","address":{"@id":"https:\/\/ubirataonline.com.br\/acting-ag-todd-blanche-sends-series-of-memos-to-staff-marking-his-first-official-day\/#local-main-place-address"},"geo":{"@type":"GeoCoordinates","latitude":"-24.5361401","longitude":"-52.9921776"},"telephone":["+5544998308235"],"contactPoint":{"@type":"ContactPoint","email":"contato@ubirataonline.com.br"},"openingHoursSpecification":{"@type":"OpeningHoursSpecification","dayOfWeek":["Monday","Tuesday","Wednesday","Thursday","Friday","Saturday","Sunday"],"opens":"00:00","closes":"23:59"},"email":"contato@ubirataonline.com.br","vatID":"47.621.418\/0001-80"},{"@type":"Person","@id":"https:\/\/ubirataonline.com.br\/#\/schema\/person\/372f87bbd3fdd79b8556b84c98d0bc1c","name":"REDA\u00c7\u00c3O: UBIRAT\u00c3 ONLINE - F\u00c1BIO AUGUSTO CELESTINO","pronouns":"Ele","description":"Desde 2003 trabalhando com not\u00edcias.","sameAs":["http:\/\/ubirataoline.com.br","https:\/\/www.facebook.com\/portalubirataonline","https:\/\/www.instagram.com\/ubirataonline_oficial","https:\/\/x.com\/x.com\/ubirataonline"],"honorificPrefix":"Mr.","honorificSuffix":"MD","birthDate":"1980-06-16","gender":"masculino","award":["V\u00e1rios pr\u00eamios de melhor portal da cidade"],"jobTitle":"Diretor","url":"https:\/\/ubirataonline.com.br\/en\/author\/ubirataonline\/"},{"@type":"PostalAddress","@id":"https:\/\/ubirataonline.com.br\/acting-ag-todd-blanche-sends-series-of-memos-to-staff-marking-his-first-official-day\/#local-main-place-address","streetAddress":"Rua dos Coqueiros, 104 - Bairro Boa Vista, Rua dos Coqueiros, 104 Bairro Boa Vista","addressLocality":"UBIRATA","postalCode":"85440-000","addressRegion":"PR","addressCountry":"BR"},{"@type":"ImageObject","inLanguage":"en-US","@id":"https:\/\/ubirataonline.com.br\/acting-ag-todd-blanche-sends-series-of-memos-to-staff-marking-his-first-official-day\/#local-main-organization-logo","url":"https:\/\/ubirataonline.com.br\/wp-content\/uploads\/2026\/06\/logoubirataonline-1.webp","contentUrl":"https:\/\/ubirataonline.com.br\/wp-content\/uploads\/2026\/06\/logoubirataonline-1.webp","width":500,"height":500,"caption":"Ubirat\u00e3 Online Not\u00edcias"}]},"geo.placename":"UBIRATA","geo.position":{"lat":"-24.5361401","long":"-52.9921776"},"geo.region":"Brazil"},"_links":{"self":[{"href":"https:\/\/ubirataonline.com.br\/en\/wp-json\/wp\/v2\/posts\/102406","targetHints":{"allow":["GET"]}}],"collection":[{"href":"https:\/\/ubirataonline.com.br\/en\/wp-json\/wp\/v2\/posts"}],"about":[{"href":"https:\/\/ubirataonline.com.br\/en\/wp-json\/wp\/v2\/types\/post"}],"author":[{"embeddable":true,"href":"https:\/\/ubirataonline.com.br\/en\/wp-json\/wp\/v2\/users\/1"}],"replies":[{"embeddable":true,"href":"https:\/\/ubirataonline.com.br\/en\/wp-json\/wp\/v2\/comments?post=102406"}],"version-history":[{"count":0,"href":"https:\/\/ubirataonline.com.br\/en\/wp-json\/wp\/v2\/posts\/102406\/revisions"}],"wp:featuredmedia":[{"embeddable":true,"href":"https:\/\/ubirataonline.com.br\/en\/wp-json\/wp\/v2\/media\/102407"}],"wp:attachment":[{"href":"https:\/\/ubirataonline.com.br\/en\/wp-json\/wp\/v2\/media?parent=102406"}],"wp:term":[{"taxonomy":"category","embeddable":true,"href":"https:\/\/ubirataonline.com.br\/en\/wp-json\/wp\/v2\/categories?post=102406"},{"taxonomy":"post_tag","embeddable":true,"href":"https:\/\/ubirataonline.com.br\/en\/wp-json\/wp\/v2\/tags?post=102406"}],"curies":[{"name":"wp","href":"https:\/\/api.w.org\/{rel}","templated":true}]}}