{"id":102427,"date":"2026-04-09T17:21:34","date_gmt":"2026-04-09T20:21:34","guid":{"rendered":"https:\/\/ubirataonline.com.br\/5-sobremesas-para-o-outono-que-trazem-mais-conforto-e-sabor-para-os-dias-amenos\/"},"modified":"2026-04-09T17:21:37","modified_gmt":"2026-04-09T20:21:37","slug":"5-sobremesas-para-o-outono-que-trazem-mais-conforto-e-sabor-para-os-dias-amenos","status":"publish","type":"post","link":"https:\/\/ubirataonline.com.br\/en\/5-sobremesas-para-o-outono-que-trazem-mais-conforto-e-sabor-para-os-dias-amenos\/","title":{"rendered":"5 sobremesas para o outono que trazem mais conforto e sabor para os dias amenos"},"content":{"rendered":"<p><\/p>\n<div id=\"post-content\">\n<p>No outono, as temperaturas come\u00e7am a cair e cresce a vontade de consumir sobremesas mais reconfortantes, com sabores marcantes e texturas mais densas. Al\u00e9m disso, o uso de certos ingredientes ajuda a trazer a sensa\u00e7\u00e3o de aconchego t\u00edpica desse per\u00edodo.<\/p>\n<p>Para a confeiteira Rafa Guedes, essa \u00e9 uma das melhores \u00e9pocas do ano para explorar novas combina\u00e7\u00f5es. \u201cO outono pede sobremesas mais intensas e acolhedoras. \u00c9 o momento de apostar em receitas que trazem conforto, como preparos com chocolate, canela, nozes e frutas mais maduras\u201d, explica.<\/p>\n<p>A seguir, a especialista lista cinco sobremesas que s\u00e3o a cara do outono. Confira!<\/p>\n<p>Cl\u00e1ssico e sempre querido, o <em><strong><a href=\"https:\/\/portaledicase.com\/receitas-fitness-e-praticas-de-brownie\/\" target=\"_blank\" rel=\"noreferrer noopener\">brownie<\/a><\/strong><\/em> ganha ainda mais destaque no outono. A combina\u00e7\u00e3o do chocolate com as nozes traz textura e um sabor mais encorpado. \u201c\u00c9 uma sobremesa que combina perfeitamente com dias mais frios, principalmente quando servida levemente aquecida\u201d, sugere Rafa Guedes.<\/p>\n<h3 class=\"wp-block-heading\">Ingredientes<\/h3>\n<ul class=\"wp-block-list\">\n<li>200 g de chocolate meio-amargo<\/li>\n<li>150 g de manteiga<\/li>\n<li>3 ovos<\/li>\n<li>1 x\u00edcara de ch\u00e1 de a\u00e7\u00facar<\/li>\n<li>1 colher de ch\u00e1 de ess\u00eancia de baunilha<\/li>\n<li>1 x\u00edcara de ch\u00e1 de farinha de trigo<\/li>\n<li>1\/2 x\u00edcara de ch\u00e1 de nozes picadas<\/li>\n<\/ul>\n<h3 class=\"wp-block-heading\">Modo de preparo<\/h3>\n<p>Em uma panela ou micro-ondas, derreta o chocolate meio-amargo com a manteiga. Em um recipiente, misture os ovos, o a\u00e7\u00facar e a ess\u00eancia de baunilha. Incorpore o chocolate derretido, adicione a farinha de trigo e as nozes picadas. Coloque a massa em uma assadeira forrada com papel-manteiga. Leve ao forno preaquecido a 180 \u00baC por cerca de 25 minutos.<\/p>\n<div class=\"wp-block-image\">\n<figure class=\"aligncenter size-large\"><figcaption class=\"wp-element-caption\">Torta de ma\u00e7\u00e3 com canela (Imagem: AS Foodstudio | Shutterstock)<\/figcaption><\/figure>\n<\/p><\/div>\n<p>A mistura da ma\u00e7\u00e3 com a canela \u00e9 praticamente um s\u00edmbolo do outono. A torta pode ser servida quente, acompanhada de uma bola de sorvete ou creme. \u201cEssa combina\u00e7\u00e3o traz mem\u00f3ria afetiva e aquele aroma delicioso que preenche a casa\u201d, comenta.<\/p>\n<h3 class=\"wp-block-heading\">Ingredientes<\/h3>\n<p><strong>Massa<\/strong><\/p>\n<ul class=\"wp-block-list\">\n<li>2 x\u00edcaras de ch\u00e1 de farinha de trigo<\/li>\n<li>100 g de manteiga gelada<\/li>\n<li>1\/2 x\u00edcara de ch\u00e1 de a\u00e7\u00facar<\/li>\n<li>1 ovo<\/li>\n<\/ul>\n<p><strong>Recheio<\/strong><\/p>\n<ul class=\"wp-block-list\">\n<li>4 <strong><a href=\"https:\/\/portaledicase.com\/5-receitas-de-bolo-sem-gluten-faceis-de-fazer\/\" target=\"_blank\" rel=\"noreferrer noopener\">ma\u00e7\u00e3s<\/a><\/strong> fatiadas<\/li>\n<li>1\/2 x\u00edcara de ch\u00e1 de a\u00e7\u00facar<\/li>\n<li>1 colher de ch\u00e1 de canela em p\u00f3<\/li>\n<\/ul>\n<h3 class=\"wp-block-heading\">Modo de preparo<\/h3>\n<p><strong>Massa<\/strong><\/p>\n<p>Em um recipiente, misture a farinha de trigo, a manteiga gelada, o a\u00e7\u00facar e o ovo at\u00e9 formar uma massa homog\u00eanea.<\/p>\n<p><strong>Recheio e montagem<\/strong><\/p>\n<p>Em uma panela, cozinhe as ma\u00e7\u00e3s fatiadas com o a\u00e7\u00facar e a canela em p\u00f3. Depois, forre uma forma com a massa, adicione o recheio e leve ao forno a 180 \u00b0C por cerca de 35 minutos.<\/p>\n<p>Cremoso e cheio de sabor, o <strong><a href=\"https:\/\/portaledicase.com\/receitas-de-pave-faceis-e-rapidas\/\" target=\"_blank\" rel=\"noreferrer noopener\">pav\u00ea<\/a><\/strong> com banana \u00e9 uma op\u00e7\u00e3o que une o doce da fruta com a intensidade do chocolate. \u201cA banana fica ainda mais interessante nessa \u00e9poca, porque est\u00e1 mais doce e combina muito com prepara\u00e7\u00f5es quentes ou cremosas\u201d, afirma Rafa Guedes.<\/p>\n<h3 class=\"wp-block-heading\" id=\"h-ingredientes\">Ingredientes<\/h3>\n<p><strong>Creme<\/strong><\/p>\n<ul class=\"wp-block-list\">\n<li>395 g de leite condensado<\/li>\n<li>2 x\u00edcaras de ch\u00e1 de leite<\/li>\n<li>2 colheres de sopa de amido de milho<\/li>\n<\/ul>\n<p><strong>Montagem<\/strong><\/p>\n<ul class=\"wp-block-list\">\n<li>200 g de <strong><a href=\"https:\/\/portaledicase.com\/dia-nacional-do-biscoito-3-receitas-simples-que-derretem-na-boca\/\" target=\"_blank\" rel=\"noreferrer noopener\">biscoito<\/a><\/strong> maisena<\/li>\n<li>Leite a gosto para umedecer os biscoitos<\/li>\n<li>Bananas em rodelas a gosto<\/li>\n<\/ul>\n<p><strong>Ganache<\/strong><\/p>\n<ul class=\"wp-block-list\">\n<li>200 g de chocolate derretido<\/li>\n<li>200 g de creme de leite<\/li>\n<\/ul>\n<h3 class=\"wp-block-heading\">Modo de preparo<\/h3>\n<p><strong>Creme<\/strong><\/p>\n<p>Em uma panela, coloque o leite condensado, o leite e o amido de milho. Misture e leve ao fogo, mexendo sempre, at\u00e9 engrossar.<\/p>\n<p><strong>Ganache<\/strong><\/p>\n<p>Em um recipiente, misture o chocolate derretido com o creme de leite.<\/p>\n<p><strong>Montagem<\/strong><\/p>\n<p>Em um refrat\u00e1rio, intercale camadas de biscoito maisena umedecido no leite, creme, rodelas de banana e ganache. Finalize com chocolate e leve \u00e0 geladeira por 3 horas.<\/p>\n<div class=\"wp-block-image\">\n<figure class=\"aligncenter size-large\"><img loading=\"lazy\" decoding=\"async\" width=\"1024\" height=\"683\" src=\"https:\/\/portaledicase.com\/wp-content\/uploads\/2023\/07\/Bolo-de-cenoura-1-1024x683.jpg\" alt=\"Peda\u00e7o de bolo de cenoura com chocolate em um prato preto\" class=\"wp-image-142245\" srcset=\"https:\/\/portaledicase.com\/wp-content\/uploads\/2023\/07\/Bolo-de-cenoura-1-1024x683.jpg 1024w, https:\/\/portaledicase.com\/wp-content\/uploads\/2023\/07\/Bolo-de-cenoura-1-300x200.jpg 300w, https:\/\/portaledicase.com\/wp-content\/uploads\/2023\/07\/Bolo-de-cenoura-1-768x512.jpg 768w, https:\/\/portaledicase.com\/wp-content\/uploads\/2023\/07\/Bolo-de-cenoura-1-640x427.jpg 640w, https:\/\/portaledicase.com\/wp-content\/uploads\/2023\/07\/Bolo-de-cenoura-1-150x100.jpg 150w, https:\/\/portaledicase.com\/wp-content\/uploads\/2023\/07\/Bolo-de-cenoura-1.jpg 1200w\" sizes=\"auto, (max-width: 1024px) 100vw, 1024px\"\/><figcaption class=\"wp-element-caption\">Bolo de cenoura com cobertura de chocolate (Imagem: WS-Studio | Shutterstock)<\/figcaption><\/figure>\n<\/p><\/div>\n<p>Apesar de ser um cl\u00e1ssico o ano inteiro, o bolo de cenoura com chocolate ganha ainda mais espa\u00e7o no outono por ser simples, fofinho e reconfortante. \u201c\u00c9 aquele tipo de receita que abra\u00e7a, perfeita para um caf\u00e9 da tarde\u201d, diz Rafa Guedes.<\/p>\n<h3 class=\"wp-block-heading\" id=\"h-ingredientes-0\">Ingredientes<\/h3>\n<p><strong>Bolo<\/strong><\/p>\n<ul class=\"wp-block-list\">\n<li>3 cenouras<\/li>\n<li>3 <strong><a href=\"https:\/\/portaledicase.com\/receitas-com-ovos-ricas-em-proteinas-para-o-almoco\/\" target=\"_blank\" rel=\"noreferrer noopener\">ovos<\/a><\/strong><\/li>\n<li>1 x\u00edcara de ch\u00e1 de \u00f3leo<\/li>\n<li>2 x\u00edcaras de ch\u00e1 de a\u00e7\u00facar<\/li>\n<li>2 x\u00edcaras de ch\u00e1 de farinha de trigo<\/li>\n<li>1 colher de sopa de fermento qu\u00edmico<\/li>\n<\/ul>\n<p><strong>Cobertura<\/strong><\/p>\n<ul class=\"wp-block-list\">\n<li>1 colher de sopa de manteiga<\/li>\n<li>4 colheres de sopa de chocolate em p\u00f3<\/li>\n<li>1 x\u00edcara de ch\u00e1 de a\u00e7\u00facar<\/li>\n<li>1\/2 x\u00edcara de ch\u00e1 de leite<\/li>\n<\/ul>\n<h3 class=\"wp-block-heading\">Modo de preparo<\/h3>\n<p><strong>Bolo<\/strong><\/p>\n<p>Bata no liquidificador as cenouras, os ovos e o \u00f3leo. Em um recipiente, misture com o a\u00e7\u00facar e a farinha de trigo. Adicione o fermento e misture delicadamente. Despeje em uma forma forrada com papel-manteiga e leve ao forno a 180 \u00baC por 40 minutos.<\/p>\n<p><strong>Cobertura<\/strong><\/p>\n<p>Em uma panela, coloque a manteiga, o chocolate em p\u00f3, o a\u00e7\u00facar e o leite. Leve ao fogo at\u00e9 formar uma calda. Depois, despeje em cima do bolo.<\/p>\n<p>Irresist\u00edvel e indulgente, a torta <em>cookie<\/em> com creme de avel\u00e3 \u00e9 perfeita para quem busca uma sobremesa mais intensa e reconfortante. \u201cEla une a textura macia do <em>cookie<\/em> com o recheio cremoso de chocolate, criando uma combina\u00e7\u00e3o perfeita para os dias mais frescos\u201d, comenta Rafa Guedes.<\/p>\n<h3 class=\"wp-block-heading\" id=\"h-ingredientes-1\">Ingredientes<\/h3>\n<ul class=\"wp-block-list\">\n<li>150 g de manteiga<\/li>\n<li>1 x\u00edcara de ch\u00e1 de a\u00e7\u00facar mascavo<\/li>\n<li>1\/2 x\u00edcara de ch\u00e1 de a\u00e7\u00facar<\/li>\n<li>1 ovo<\/li>\n<li><strong><a href=\"https:\/\/portaledicase.com\/sobremesas-de-liquidificador-3-receitas-rapidas-leves-e-irresistiveis\/\" target=\"_blank\" rel=\"noreferrer noopener\">Baunilha<\/a><\/strong>, gotas de chocolate e creme de avel\u00e3 a gosto<\/li>\n<li>2 x\u00edcaras de ch\u00e1 de farinha de trigo<\/li>\n<li>1 colher de ch\u00e1 de bicarbonato de s\u00f3dio<\/li>\n<\/ul>\n<h3 class=\"wp-block-heading\">Modo de preparo<\/h3>\n<p>Em um recipiente, misture a manteiga, o a\u00e7\u00facar mascavo, o a\u00e7\u00facar, o ovo e a baunilha. Depois, acrescente a farinha de trigo, o bicarbonato de s\u00f3dio e as gotas de chocolate. Misture bem. Em seguida, forre uma forma com metade da massa, adicione uma camada generosa de creme de avel\u00e3 e cubra com o restante da massa. Leve ao forno a 180 \u00baC por cerca de 30 minutos.<\/p>\n<p>Segundo a confeiteira, o segredo para acertar nas <strong><a href=\"https:\/\/portaledicase.com\/sobremesas-praticas-e-deliciosas-com-pistache\/\" target=\"_blank\" rel=\"noreferrer noopener\">sobremesas<\/a><\/strong> da esta\u00e7\u00e3o est\u00e1 em valorizar ingredientes frescos e apostar em combina\u00e7\u00f5es que tragam conforto. \u201cMais do que nunca, o outono convida a desacelerar e aproveitar pequenos prazeres, e a sobremesa faz parte disso\u201d, conclui.<\/p>\n<p><em>Por Beatriz Bernardo<\/em><\/p>\n<section class=\"virals\">\n<article class=\"cardnews cardnews--post cardnews--has-thumbnail cardnews--editorial-noticias\"> <a href=\"https:\/\/www.tribunapr.com.br\/noticias\/curitiba-regiao\/vereador-perdeu-pia-e-investigado-por-usar-gm-para-se-autopromove?utm_source=noticias-virais-rodape&amp;utm_medium=internal-tribuna&amp;utm_campaign=tribuna\" class=\"cardnews__postlink\"> <\/p>\n<div class=\"cardnews__image\" is-api-thumb=\"\"><img decoding=\"async\" src=\"https:\/\/www.tribunapr.com.br\/wp-content\/uploads\/2026\/03\/27182231\/perdeu-pia-GM-370x210.jpeg\" loading=\"lazy\" alt=\"Vereador Perdeu Pi\u00e1 \u00e9 investigado por usar GM para se autopromover\"\/><\/div>\n<div class=\"cardnews__content cardhome__content\">\n<div class=\"cardnews__content-wrapper\">\n<p> <span style=\"\"> De olho! <\/span> <\/p>\n<p>Vereador Perdeu Pi\u00e1 \u00e9 investigado por usar GM para se autopromover<\/p>\n<\/p><\/div>\n<\/p><\/div>\n<p> <\/a> <\/article>\n<article class=\"cardnews cardnews--post cardnews--has-thumbnail cardnews--editorial-noticias\"> <a href=\"https:\/\/www.tribunapr.com.br\/noticias\/parana\/parana-pode-sentir-efeitos-do-el-nino-a-partir-de-julho-o-que-esperar\/?utm_source=noticias-virais-rodape&amp;utm_medium=internal-tribuna&amp;utm_campaign=tribuna\" class=\"cardnews__postlink\"> <\/p>\n<div class=\"cardnews__image\" is-api-thumb=\"\"><img decoding=\"async\" src=\"https:\/\/www.tribunapr.com.br\/wp-content\/uploads\/2026\/02\/20182305\/chuvas-370x210.jpg\" loading=\"lazy\" alt=\"Paran\u00e1 pode sentir efeitos do El Ni\u00f1o a partir de julho; o que esperar\"\/><\/div>\n<div class=\"cardnews__content cardhome__content\">\n<div class=\"cardnews__content-wrapper\">\n<p> <span style=\"\"> Alerta <\/span> <\/p>\n<p>Paran\u00e1 pode sentir efeitos do El Ni\u00f1o a partir de julho; o que esperar<\/p>\n<\/p><\/div>\n<\/p><\/div>\n<p> <\/a> <\/article>\n<article class=\"cardnews cardnews--post cardnews--has-thumbnail cardnews--editorial-noticias\"> <a href=\"https:\/\/www.tribunapr.com.br\/noticias\/parana\/roteiro-inusitado-parana-coleciona-estatuas-peculiares-pelo-interior\/ C?utm_source=noticias-virais-rodape&amp;utm_medium=internal-tribuna&amp;utm_campaign=tribuna\" class=\"cardnews__postlink\"> <\/p>\n<div class=\"cardnews__image\" is-api-thumb=\"\"><img decoding=\"async\" src=\"https:\/\/www.tribunapr.com.br\/wp-content\/uploads\/2026\/01\/15072039\/falecimentos-em-curitiba-370x210.jpg\" loading=\"lazy\" alt=\"Roteiro inusitado: Paran\u00e1 coleciona est\u00e1tuas peculiares pelo interior \"\/><\/div>\n<div class=\"cardnews__content cardhome__content\">\n<div class=\"cardnews__content-wrapper\">\n<p> <span style=\"\"> Belezas do Paran\u00e1 <\/span> <\/p>\n<p>Roteiro inusitado: Paran\u00e1 coleciona est\u00e1tuas peculiares pelo interior <\/p>\n<\/p><\/div>\n<\/p><\/div>\n<p> <\/a> <\/article>\n<\/section>\n<div id=\"tribuna-follow-cta\">\n<p> <span class=\"cta-title\">Siga a <span class=\"tribuna-color\">Tribuna<\/span> no Google, e acompanhe as \u00faltimas not\u00edcias de Curitiba e regi\u00e3o!<\/span> <\/p>\n<p> <a href=\"https:\/\/profile.google.com\/cp\/CgwvZy8xMmxxajUzM3Mac2h0dHBzOi8vd3d3LnRyaWJ1bmFwci5jb20uYnIvdml2YS92aXRyaW5lL2dpZ2FudGUtZG8tdmVzdHVhcmlvLXJlaW5hdWd1cmEtbG9qYS1lbS1zaG9wcGluZy10cmFkaWNpb25hbC1kZS1jdXJpdGliYS8iElRyaWJ1bmEgZG8gUGFyYW7DoSqAAwrHAWh0dHBzOi8vZW5jcnlwdGVkLXRibjIuZ3N0YXRpYy5jb20vZmF2aWNvbi10Ym4_cT10Ym46QU5kOUdjUVJPbjVDRjR6TzJPbkUwTXZrRlRCRTY2U0g1bGlaVDRaZTV3bWNKeU5GRm1BSnluM01nNU9PR3BXY1pYMzZwYU5HUWtsZ09JVEFLTTNNZVNGbTc1aWp6M3k2ajUtQ3M2b25kX2JUcFFQQkVLd3RsUjBsTmJESnUtVHhrNXQtbFlCNlVpOWZSVVFjT2cSswFodHRwczovL2VuY3J5cHRlZC10Ym4zLmdzdGF0aWMuY29tL2Zhdmljb24tdGJuP3E9dGJuJTNBQU5kOUdjU0FMaWJ2eFF0YXdFMFRueVdWWmVKRS1MZEdRZjVTUi1OZ2RMazhyZzIwVy1nM0JuQ1F4VDNKZFBjRXR2THdBeVRxUDJEdHVycEdVR29CQkxpYzM5al9wSmFxRERaMHNCYW05WEVhSGVsMmZTQmdKdlF4WWVyMw\" target=\"_blank\" title=\"Seguir a Tribuna no Google\">  <\/a> <\/div>\n<\/p><\/div>\n<p><a href=\"https:\/\/www.tribunapr.com.br\/variedades\/5-sobremesas-para-o-outono-que-trazem-mais-conforto-e-sabor-para-os-dias-amenos\/\">Fonte do Artigo <\/a><\/p>","protected":false},"excerpt":{"rendered":"<p>No outono, as temperaturas come\u00e7am a cair e cresce a vontade de consumir sobremesas mais reconfortantes, com sabores marcantes e texturas mais densas. Al\u00e9m disso, o uso de certos ingredientes ajuda a trazer a sensa\u00e7\u00e3o de aconchego t\u00edpica desse per\u00edodo. Para a confeiteira Rafa Guedes, essa \u00e9 uma das melhores \u00e9pocas do ano para explorar [&hellip;]<\/p>\n","protected":false},"author":1,"featured_media":102428,"comment_status":"closed","ping_status":"","sticky":false,"template":"","format":"standard","meta":{"googlesitekit_rrm_CAow2JLhCw:productID":"","_gspb_post_css":"","maa_idioma":"","maa_pais":"","footnotes":""},"categories":[1],"tags":[26232,26230,3381,2926,23066,2904,26231,10125,17710],"class_list":["post-102427","post","type-post","status-publish","format-standard","has-post-thumbnail","hentry","category-ubirata","tag-amenos","tag-conforto","tag-dias","tag-mais","tag-outono","tag-para","tag-sabor","tag-sobremesas","tag-trazem"],"blocksy_meta":[],"yoast_head":"<!-- This site is optimized with the Yoast SEO Premium plugin v27.6 (Yoast SEO v27.6) - https:\/\/yoast.com\/product\/yoast-seo-premium-wordpress\/ -->\n<title>5 sobremesas para o outono que trazem mais conforto e sabor para os dias amenos - Ubirat\u00e3 Online Not\u00edcias - A realidade ao seu alcance!<\/title>\n<meta name=\"description\" content=\"No outono, as temperaturas come\u00e7am a cair e cresce a vontade de consumir sobremesas mais reconfortantes, com sabores marcantes e texturas mais densas.\" \/>\n<meta name=\"robots\" content=\"index, follow, max-snippet:-1, max-image-preview:large, max-video-preview:-1\" \/>\n<link rel=\"canonical\" href=\"https:\/\/ubirataonline.com.br\/en\/5-sobremesas-para-o-outono-que-trazem-mais-conforto-e-sabor-para-os-dias-amenos\/\" \/>\n<meta property=\"og:locale\" content=\"en_US\" \/>\n<meta property=\"og:type\" content=\"article\" \/>\n<meta property=\"og:title\" content=\"5 sobremesas para o outono que trazem mais conforto e sabor para os dias amenos\" \/>\n<meta property=\"og:description\" content=\"No outono, as temperaturas come\u00e7am a cair e cresce a vontade de consumir sobremesas mais reconfortantes, com sabores marcantes e texturas mais densas.\" \/>\n<meta property=\"og:url\" content=\"https:\/\/ubirataonline.com.br\/en\/5-sobremesas-para-o-outono-que-trazem-mais-conforto-e-sabor-para-os-dias-amenos\/\" \/>\n<meta property=\"og:site_name\" content=\"Ubirat\u00e3 Online Not\u00edcias - A realidade ao seu alcance!\" \/>\n<meta property=\"article:publisher\" content=\"https:\/\/www.facebook.com\/portalubirataonline\" \/>\n<meta property=\"article:author\" content=\"https:\/\/www.facebook.com\/portalubirataonline\" \/>\n<meta property=\"article:published_time\" content=\"2026-04-09T20:21:34+00:00\" \/>\n<meta property=\"article:modified_time\" content=\"2026-04-09T20:21:37+00:00\" \/>\n<meta property=\"og:image\" content=\"https:\/\/ubirataonline.com.br\/wp-content\/uploads\/2026\/04\/5-sobremesas-para-o-outono-que-trazem-mais-conforto-e.jpg\" \/>\n\t<meta property=\"og:image:width\" content=\"1200\" \/>\n\t<meta property=\"og:image:height\" content=\"800\" \/>\n\t<meta property=\"og:image:type\" content=\"image\/jpeg\" \/>\n<meta name=\"author\" content=\"REDA\u00c7\u00c3O: UBIRAT\u00c3 ONLINE - F\u00c1BIO AUGUSTO CELESTINO\" \/>\n<meta name=\"twitter:card\" content=\"summary_large_image\" \/>\n<meta name=\"twitter:creator\" content=\"@x.com\/ubirataonline\" \/>\n<meta name=\"twitter:site\" content=\"@ubirataonline\" \/>\n<meta name=\"twitter:label1\" content=\"Written by\" \/>\n\t<meta name=\"twitter:data1\" content=\"REDA\u00c7\u00c3O: UBIRAT\u00c3 ONLINE - F\u00c1BIO AUGUSTO CELESTINO\" \/>\n\t<meta name=\"twitter:label2\" content=\"Est. reading time\" \/>\n\t<meta name=\"twitter:data2\" content=\"5 minutes\" \/>\n<script type=\"application\/ld+json\" class=\"yoast-schema-graph\">{\"@context\":\"https:\\\/\\\/schema.org\",\"@graph\":[{\"@type\":\"NewsArticle\",\"@id\":\"https:\\\/\\\/ubirataonline.com.br\\\/5-sobremesas-para-o-outono-que-trazem-mais-conforto-e-sabor-para-os-dias-amenos\\\/#article\",\"isPartOf\":{\"@id\":\"https:\\\/\\\/ubirataonline.com.br\\\/5-sobremesas-para-o-outono-que-trazem-mais-conforto-e-sabor-para-os-dias-amenos\\\/\"},\"author\":{\"name\":\"REDA\u00c7\u00c3O: UBIRAT\u00c3 ONLINE - F\u00c1BIO AUGUSTO CELESTINO\",\"@id\":\"https:\\\/\\\/ubirataonline.com.br\\\/#\\\/schema\\\/person\\\/372f87bbd3fdd79b8556b84c98d0bc1c\"},\"headline\":\"5 sobremesas para o outono que trazem mais conforto e sabor para os dias amenos\",\"datePublished\":\"2026-04-09T20:21:34+00:00\",\"dateModified\":\"2026-04-09T20:21:37+00:00\",\"mainEntityOfPage\":{\"@id\":\"https:\\\/\\\/ubirataonline.com.br\\\/5-sobremesas-para-o-outono-que-trazem-mais-conforto-e-sabor-para-os-dias-amenos\\\/\"},\"wordCount\":1046,\"publisher\":{\"@id\":\"https:\\\/\\\/ubirataonline.com.br\\\/#organization\"},\"image\":{\"@id\":\"https:\\\/\\\/ubirataonline.com.br\\\/5-sobremesas-para-o-outono-que-trazem-mais-conforto-e-sabor-para-os-dias-amenos\\\/#primaryimage\"},\"thumbnailUrl\":\"https:\\\/\\\/ubirataonline.com.br\\\/wp-content\\\/uploads\\\/2026\\\/04\\\/5-sobremesas-para-o-outono-que-trazem-mais-conforto-e.jpg\",\"keywords\":[\"amenos\",\"conforto\",\"dias\",\"mais\",\"outono\",\"para\",\"sabor\",\"sobremesas\",\"trazem\"],\"articleSection\":[\"Ubirat\u00e3\"],\"inLanguage\":\"en-US\",\"copyrightYear\":\"2026\",\"copyrightHolder\":{\"@id\":\"https:\\\/\\\/ubirataonline.com.br\\\/en\\\/#organization\"}},{\"@type\":\"WebPage\",\"@id\":\"https:\\\/\\\/ubirataonline.com.br\\\/5-sobremesas-para-o-outono-que-trazem-mais-conforto-e-sabor-para-os-dias-amenos\\\/\",\"url\":\"https:\\\/\\\/ubirataonline.com.br\\\/5-sobremesas-para-o-outono-que-trazem-mais-conforto-e-sabor-para-os-dias-amenos\\\/\",\"name\":\"5 sobremesas para o outono que trazem mais conforto e sabor para os dias amenos - Ubirat\u00e3 Online Not\u00edcias - A realidade ao seu alcance!\",\"isPartOf\":{\"@id\":\"https:\\\/\\\/ubirataonline.com.br\\\/#website\"},\"primaryImageOfPage\":{\"@id\":\"https:\\\/\\\/ubirataonline.com.br\\\/5-sobremesas-para-o-outono-que-trazem-mais-conforto-e-sabor-para-os-dias-amenos\\\/#primaryimage\"},\"image\":{\"@id\":\"https:\\\/\\\/ubirataonline.com.br\\\/5-sobremesas-para-o-outono-que-trazem-mais-conforto-e-sabor-para-os-dias-amenos\\\/#primaryimage\"},\"thumbnailUrl\":\"https:\\\/\\\/ubirataonline.com.br\\\/wp-content\\\/uploads\\\/2026\\\/04\\\/5-sobremesas-para-o-outono-que-trazem-mais-conforto-e.jpg\",\"datePublished\":\"2026-04-09T20:21:34+00:00\",\"dateModified\":\"2026-04-09T20:21:37+00:00\",\"description\":\"No outono, as temperaturas come\u00e7am a cair e cresce a vontade de consumir sobremesas mais reconfortantes, com sabores marcantes e texturas mais densas.\",\"breadcrumb\":{\"@id\":\"https:\\\/\\\/ubirataonline.com.br\\\/5-sobremesas-para-o-outono-que-trazem-mais-conforto-e-sabor-para-os-dias-amenos\\\/#breadcrumb\"},\"inLanguage\":\"en-US\",\"potentialAction\":[{\"@type\":\"ReadAction\",\"target\":[\"https:\\\/\\\/ubirataonline.com.br\\\/5-sobremesas-para-o-outono-que-trazem-mais-conforto-e-sabor-para-os-dias-amenos\\\/\"]}]},{\"@type\":\"ImageObject\",\"inLanguage\":\"en-US\",\"@id\":\"https:\\\/\\\/ubirataonline.com.br\\\/5-sobremesas-para-o-outono-que-trazem-mais-conforto-e-sabor-para-os-dias-amenos\\\/#primaryimage\",\"url\":\"https:\\\/\\\/ubirataonline.com.br\\\/wp-content\\\/uploads\\\/2026\\\/04\\\/5-sobremesas-para-o-outono-que-trazem-mais-conforto-e.jpg\",\"contentUrl\":\"https:\\\/\\\/ubirataonline.com.br\\\/wp-content\\\/uploads\\\/2026\\\/04\\\/5-sobremesas-para-o-outono-que-trazem-mais-conforto-e.jpg\",\"width\":1200,\"height\":800,\"caption\":\"Brownie de chocolate com nozes (Imagem: New Africa | Shutterstock)\"},{\"@type\":\"BreadcrumbList\",\"@id\":\"https:\\\/\\\/ubirataonline.com.br\\\/5-sobremesas-para-o-outono-que-trazem-mais-conforto-e-sabor-para-os-dias-amenos\\\/#breadcrumb\",\"itemListElement\":[{\"@type\":\"ListItem\",\"position\":1,\"name\":\"In\u00edcio\",\"item\":\"https:\\\/\\\/ubirataonline.com.br\\\/\"},{\"@type\":\"ListItem\",\"position\":2,\"name\":\"5 sobremesas para o outono que trazem mais conforto e sabor para os dias amenos\"}]},{\"@type\":\"WebSite\",\"@id\":\"https:\\\/\\\/ubirataonline.com.br\\\/#website\",\"url\":\"https:\\\/\\\/ubirataonline.com.br\\\/\",\"name\":\"Ubirat\u00e3 Online Not\u00edcias\",\"description\":\"Not\u00edcias de Ubirat\u00e3, regi\u00e3o, Brasil e mundo, com informa\u00e7\u00e3o atualizada e compromisso com o leitor.\",\"publisher\":{\"@id\":\"https:\\\/\\\/ubirataonline.com.br\\\/#organization\"},\"alternateName\":\"Ubirat\u00e3 Online\",\"potentialAction\":[{\"@type\":\"SearchAction\",\"target\":{\"@type\":\"EntryPoint\",\"urlTemplate\":\"https:\\\/\\\/ubirataonline.com.br\\\/?s={search_term_string}\"},\"query-input\":{\"@type\":\"PropertyValueSpecification\",\"valueRequired\":true,\"valueName\":\"search_term_string\"}}],\"inLanguage\":\"en-US\"},{\"@type\":[\"Organization\",\"Place\"],\"@id\":\"https:\\\/\\\/ubirataonline.com.br\\\/#organization\",\"name\":\"Ubirat\u00e3 Online Not\u00edcias\",\"alternateName\":\"Ubirat\u00e3 Online\",\"url\":\"https:\\\/\\\/ubirataonline.com.br\\\/\",\"logo\":{\"@id\":\"https:\\\/\\\/ubirataonline.com.br\\\/5-sobremesas-para-o-outono-que-trazem-mais-conforto-e-sabor-para-os-dias-amenos\\\/#local-main-organization-logo\"},\"image\":{\"@id\":\"https:\\\/\\\/ubirataonline.com.br\\\/5-sobremesas-para-o-outono-que-trazem-mais-conforto-e-sabor-para-os-dias-amenos\\\/#local-main-organization-logo\"},\"sameAs\":[\"https:\\\/\\\/www.facebook.com\\\/portalubirataonline\",\"https:\\\/\\\/x.com\\\/ubirataonline\",\"https:\\\/\\\/mastodon.social\\\/@ubirataonline\",\"https:\\\/\\\/www.facebook.com\\\/groups\\\/311144672285604\",\"https:\\\/\\\/www.facebook.com\\\/UBTAOnline\",\"https:\\\/\\\/www.instagram.com\\\/portalubirataonline\\\/\",\"https:\\\/\\\/twitter.com\\\/ubirataonline\"],\"description\":\"Somos um portal de not\u00edcias independente, criado em 5 de janeiro de 2009, com o objetivo de informar, conectar e valorizar a nossa comunidade de Ubirat\u00e3 e toda aregi\u00e3o. Com conte\u00fado atualizado, confi\u00e1vel e relevante, o Ubirat\u00e3 Online \u00e9 o seu espa\u00e7o para ficar por dentro dos principais acontecimentos locais, regionais, Brasil, Mundo e de interesse geral. Nosso compromisso \u00e9 com a verdade, a transpar\u00eancia e o respeito ao leitor.\",\"legalName\":\"UBIRATA ONLINE NOT\u00cdCIAS\",\"foundingDate\":\"2009-01-05\",\"numberOfEmployees\":{\"@type\":\"QuantitativeValue\",\"minValue\":\"1\",\"maxValue\":\"10\"},\"publishingPrinciples\":\"https:\\\/\\\/ubirataonline.com.br\\\/faq\\\/\",\"address\":{\"@id\":\"https:\\\/\\\/ubirataonline.com.br\\\/5-sobremesas-para-o-outono-que-trazem-mais-conforto-e-sabor-para-os-dias-amenos\\\/#local-main-place-address\"},\"geo\":{\"@type\":\"GeoCoordinates\",\"latitude\":\"-24.5361401\",\"longitude\":\"-52.9921776\"},\"telephone\":[\"+5544998308235\"],\"contactPoint\":{\"@type\":\"ContactPoint\",\"email\":\"contato@ubirataonline.com.br\"},\"openingHoursSpecification\":{\"@type\":\"OpeningHoursSpecification\",\"dayOfWeek\":[\"Monday\",\"Tuesday\",\"Wednesday\",\"Thursday\",\"Friday\",\"Saturday\",\"Sunday\"],\"opens\":\"00:00\",\"closes\":\"23:59\"},\"email\":\"contato@ubirataonline.com.br\",\"vatID\":\"47.621.418\\\/0001-80\"},{\"@type\":\"Person\",\"@id\":\"https:\\\/\\\/ubirataonline.com.br\\\/#\\\/schema\\\/person\\\/372f87bbd3fdd79b8556b84c98d0bc1c\",\"name\":\"REDA\u00c7\u00c3O: UBIRAT\u00c3 ONLINE - F\u00c1BIO AUGUSTO CELESTINO\",\"pronouns\":\"Ele\",\"description\":\"Desde 2003 trabalhando com not\u00edcias.\",\"sameAs\":[\"http:\\\/\\\/ubirataoline.com.br\",\"https:\\\/\\\/www.facebook.com\\\/portalubirataonline\",\"https:\\\/\\\/www.instagram.com\\\/ubirataonline_oficial\",\"https:\\\/\\\/x.com\\\/x.com\\\/ubirataonline\"],\"honorificPrefix\":\"Mr.\",\"honorificSuffix\":\"MD\",\"birthDate\":\"1980-06-16\",\"gender\":\"masculino\",\"award\":[\"V\u00e1rios pr\u00eamios de melhor portal da cidade\"],\"jobTitle\":\"Diretor\",\"url\":\"https:\\\/\\\/ubirataonline.com.br\\\/en\\\/author\\\/ubirataonline\\\/\"},{\"@type\":\"PostalAddress\",\"@id\":\"https:\\\/\\\/ubirataonline.com.br\\\/5-sobremesas-para-o-outono-que-trazem-mais-conforto-e-sabor-para-os-dias-amenos\\\/#local-main-place-address\",\"streetAddress\":\"Rua dos Coqueiros, 104 - Bairro Boa Vista, Rua dos Coqueiros, 104 Bairro Boa Vista\",\"addressLocality\":\"UBIRATA\",\"postalCode\":\"85440-000\",\"addressRegion\":\"PR\",\"addressCountry\":\"BR\"},{\"@type\":\"ImageObject\",\"inLanguage\":\"en-US\",\"@id\":\"https:\\\/\\\/ubirataonline.com.br\\\/5-sobremesas-para-o-outono-que-trazem-mais-conforto-e-sabor-para-os-dias-amenos\\\/#local-main-organization-logo\",\"url\":\"https:\\\/\\\/ubirataonline.com.br\\\/wp-content\\\/uploads\\\/2026\\\/06\\\/logoubirataonline-1.webp\",\"contentUrl\":\"https:\\\/\\\/ubirataonline.com.br\\\/wp-content\\\/uploads\\\/2026\\\/06\\\/logoubirataonline-1.webp\",\"width\":500,\"height\":500,\"caption\":\"Ubirat\u00e3 Online Not\u00edcias\"}]}<\/script>\n<meta name=\"geo.placename\" content=\"UBIRATA\" \/>\n<meta name=\"geo.position\" content=\"-24.5361401;-52.9921776\" \/>\n<meta name=\"geo.region\" content=\"Brazil\" \/>\n<!-- \/ Yoast SEO Premium plugin. -->","yoast_head_json":{"title":"5 sobremesas para o outono que trazem mais conforto e sabor para os dias amenos - Ubirat\u00e3 Online Not\u00edcias - A realidade ao seu alcance!","description":"No outono, as temperaturas come\u00e7am a cair e cresce a vontade de consumir sobremesas mais reconfortantes, com sabores marcantes e texturas mais densas.","robots":{"index":"index","follow":"follow","max-snippet":"max-snippet:-1","max-image-preview":"max-image-preview:large","max-video-preview":"max-video-preview:-1"},"canonical":"https:\/\/ubirataonline.com.br\/en\/5-sobremesas-para-o-outono-que-trazem-mais-conforto-e-sabor-para-os-dias-amenos\/","og_locale":"en_US","og_type":"article","og_title":"5 sobremesas para o outono que trazem mais conforto e sabor para os dias amenos","og_description":"No outono, as temperaturas come\u00e7am a cair e cresce a vontade de consumir sobremesas mais reconfortantes, com sabores marcantes e texturas mais densas.","og_url":"https:\/\/ubirataonline.com.br\/en\/5-sobremesas-para-o-outono-que-trazem-mais-conforto-e-sabor-para-os-dias-amenos\/","og_site_name":"Ubirat\u00e3 Online Not\u00edcias - A realidade ao seu alcance!","article_publisher":"https:\/\/www.facebook.com\/portalubirataonline","article_author":"https:\/\/www.facebook.com\/portalubirataonline","article_published_time":"2026-04-09T20:21:34+00:00","article_modified_time":"2026-04-09T20:21:37+00:00","og_image":[{"width":1200,"height":800,"url":"https:\/\/ubirataonline.com.br\/wp-content\/uploads\/2026\/04\/5-sobremesas-para-o-outono-que-trazem-mais-conforto-e.jpg","type":"image\/jpeg"}],"author":"REDA\u00c7\u00c3O: UBIRAT\u00c3 ONLINE - F\u00c1BIO AUGUSTO CELESTINO","twitter_card":"summary_large_image","twitter_creator":"@x.com\/ubirataonline","twitter_site":"@ubirataonline","twitter_misc":{"Written by":"REDA\u00c7\u00c3O: UBIRAT\u00c3 ONLINE - F\u00c1BIO AUGUSTO CELESTINO","Est. reading time":"5 minutes"},"schema":{"@context":"https:\/\/schema.org","@graph":[{"@type":"NewsArticle","@id":"https:\/\/ubirataonline.com.br\/5-sobremesas-para-o-outono-que-trazem-mais-conforto-e-sabor-para-os-dias-amenos\/#article","isPartOf":{"@id":"https:\/\/ubirataonline.com.br\/5-sobremesas-para-o-outono-que-trazem-mais-conforto-e-sabor-para-os-dias-amenos\/"},"author":{"name":"REDA\u00c7\u00c3O: UBIRAT\u00c3 ONLINE - F\u00c1BIO AUGUSTO CELESTINO","@id":"https:\/\/ubirataonline.com.br\/#\/schema\/person\/372f87bbd3fdd79b8556b84c98d0bc1c"},"headline":"5 sobremesas para o outono que trazem mais conforto e sabor para os dias amenos","datePublished":"2026-04-09T20:21:34+00:00","dateModified":"2026-04-09T20:21:37+00:00","mainEntityOfPage":{"@id":"https:\/\/ubirataonline.com.br\/5-sobremesas-para-o-outono-que-trazem-mais-conforto-e-sabor-para-os-dias-amenos\/"},"wordCount":1046,"publisher":{"@id":"https:\/\/ubirataonline.com.br\/#organization"},"image":{"@id":"https:\/\/ubirataonline.com.br\/5-sobremesas-para-o-outono-que-trazem-mais-conforto-e-sabor-para-os-dias-amenos\/#primaryimage"},"thumbnailUrl":"https:\/\/ubirataonline.com.br\/wp-content\/uploads\/2026\/04\/5-sobremesas-para-o-outono-que-trazem-mais-conforto-e.jpg","keywords":["amenos","conforto","dias","mais","outono","para","sabor","sobremesas","trazem"],"articleSection":["Ubirat\u00e3"],"inLanguage":"en-US","copyrightYear":"2026","copyrightHolder":{"@id":"https:\/\/ubirataonline.com.br\/en\/#organization"}},{"@type":"WebPage","@id":"https:\/\/ubirataonline.com.br\/5-sobremesas-para-o-outono-que-trazem-mais-conforto-e-sabor-para-os-dias-amenos\/","url":"https:\/\/ubirataonline.com.br\/5-sobremesas-para-o-outono-que-trazem-mais-conforto-e-sabor-para-os-dias-amenos\/","name":"5 sobremesas para o outono que trazem mais conforto e sabor para os dias amenos - Ubirat\u00e3 Online Not\u00edcias - A realidade ao seu alcance!","isPartOf":{"@id":"https:\/\/ubirataonline.com.br\/#website"},"primaryImageOfPage":{"@id":"https:\/\/ubirataonline.com.br\/5-sobremesas-para-o-outono-que-trazem-mais-conforto-e-sabor-para-os-dias-amenos\/#primaryimage"},"image":{"@id":"https:\/\/ubirataonline.com.br\/5-sobremesas-para-o-outono-que-trazem-mais-conforto-e-sabor-para-os-dias-amenos\/#primaryimage"},"thumbnailUrl":"https:\/\/ubirataonline.com.br\/wp-content\/uploads\/2026\/04\/5-sobremesas-para-o-outono-que-trazem-mais-conforto-e.jpg","datePublished":"2026-04-09T20:21:34+00:00","dateModified":"2026-04-09T20:21:37+00:00","description":"No outono, as temperaturas come\u00e7am a cair e cresce a vontade de consumir sobremesas mais reconfortantes, com sabores marcantes e texturas mais densas.","breadcrumb":{"@id":"https:\/\/ubirataonline.com.br\/5-sobremesas-para-o-outono-que-trazem-mais-conforto-e-sabor-para-os-dias-amenos\/#breadcrumb"},"inLanguage":"en-US","potentialAction":[{"@type":"ReadAction","target":["https:\/\/ubirataonline.com.br\/5-sobremesas-para-o-outono-que-trazem-mais-conforto-e-sabor-para-os-dias-amenos\/"]}]},{"@type":"ImageObject","inLanguage":"en-US","@id":"https:\/\/ubirataonline.com.br\/5-sobremesas-para-o-outono-que-trazem-mais-conforto-e-sabor-para-os-dias-amenos\/#primaryimage","url":"https:\/\/ubirataonline.com.br\/wp-content\/uploads\/2026\/04\/5-sobremesas-para-o-outono-que-trazem-mais-conforto-e.jpg","contentUrl":"https:\/\/ubirataonline.com.br\/wp-content\/uploads\/2026\/04\/5-sobremesas-para-o-outono-que-trazem-mais-conforto-e.jpg","width":1200,"height":800,"caption":"Brownie de chocolate com nozes (Imagem: New Africa | Shutterstock)"},{"@type":"BreadcrumbList","@id":"https:\/\/ubirataonline.com.br\/5-sobremesas-para-o-outono-que-trazem-mais-conforto-e-sabor-para-os-dias-amenos\/#breadcrumb","itemListElement":[{"@type":"ListItem","position":1,"name":"In\u00edcio","item":"https:\/\/ubirataonline.com.br\/"},{"@type":"ListItem","position":2,"name":"5 sobremesas para o outono que trazem mais conforto e sabor para os dias amenos"}]},{"@type":"WebSite","@id":"https:\/\/ubirataonline.com.br\/#website","url":"https:\/\/ubirataonline.com.br\/","name":"Ubirat\u00e3 Online Not\u00edcias","description":"Not\u00edcias de Ubirat\u00e3, regi\u00e3o, Brasil e mundo, com informa\u00e7\u00e3o atualizada e compromisso com o leitor.","publisher":{"@id":"https:\/\/ubirataonline.com.br\/#organization"},"alternateName":"Ubirat\u00e3 Online","potentialAction":[{"@type":"SearchAction","target":{"@type":"EntryPoint","urlTemplate":"https:\/\/ubirataonline.com.br\/?s={search_term_string}"},"query-input":{"@type":"PropertyValueSpecification","valueRequired":true,"valueName":"search_term_string"}}],"inLanguage":"en-US"},{"@type":["Organization","Place"],"@id":"https:\/\/ubirataonline.com.br\/#organization","name":"Ubirat\u00e3 Online Not\u00edcias","alternateName":"Ubirat\u00e3 Online","url":"https:\/\/ubirataonline.com.br\/","logo":{"@id":"https:\/\/ubirataonline.com.br\/5-sobremesas-para-o-outono-que-trazem-mais-conforto-e-sabor-para-os-dias-amenos\/#local-main-organization-logo"},"image":{"@id":"https:\/\/ubirataonline.com.br\/5-sobremesas-para-o-outono-que-trazem-mais-conforto-e-sabor-para-os-dias-amenos\/#local-main-organization-logo"},"sameAs":["https:\/\/www.facebook.com\/portalubirataonline","https:\/\/x.com\/ubirataonline","https:\/\/mastodon.social\/@ubirataonline","https:\/\/www.facebook.com\/groups\/311144672285604","https:\/\/www.facebook.com\/UBTAOnline","https:\/\/www.instagram.com\/portalubirataonline\/","https:\/\/twitter.com\/ubirataonline"],"description":"Somos um portal de not\u00edcias independente, criado em 5 de janeiro de 2009, com o objetivo de informar, conectar e valorizar a nossa comunidade de Ubirat\u00e3 e toda aregi\u00e3o. Com conte\u00fado atualizado, confi\u00e1vel e relevante, o Ubirat\u00e3 Online \u00e9 o seu espa\u00e7o para ficar por dentro dos principais acontecimentos locais, regionais, Brasil, Mundo e de interesse geral. Nosso compromisso \u00e9 com a verdade, a transpar\u00eancia e o respeito ao leitor.","legalName":"UBIRATA ONLINE NOT\u00cdCIAS","foundingDate":"2009-01-05","numberOfEmployees":{"@type":"QuantitativeValue","minValue":"1","maxValue":"10"},"publishingPrinciples":"https:\/\/ubirataonline.com.br\/faq\/","address":{"@id":"https:\/\/ubirataonline.com.br\/5-sobremesas-para-o-outono-que-trazem-mais-conforto-e-sabor-para-os-dias-amenos\/#local-main-place-address"},"geo":{"@type":"GeoCoordinates","latitude":"-24.5361401","longitude":"-52.9921776"},"telephone":["+5544998308235"],"contactPoint":{"@type":"ContactPoint","email":"contato@ubirataonline.com.br"},"openingHoursSpecification":{"@type":"OpeningHoursSpecification","dayOfWeek":["Monday","Tuesday","Wednesday","Thursday","Friday","Saturday","Sunday"],"opens":"00:00","closes":"23:59"},"email":"contato@ubirataonline.com.br","vatID":"47.621.418\/0001-80"},{"@type":"Person","@id":"https:\/\/ubirataonline.com.br\/#\/schema\/person\/372f87bbd3fdd79b8556b84c98d0bc1c","name":"REDA\u00c7\u00c3O: UBIRAT\u00c3 ONLINE - F\u00c1BIO AUGUSTO CELESTINO","pronouns":"Ele","description":"Desde 2003 trabalhando com not\u00edcias.","sameAs":["http:\/\/ubirataoline.com.br","https:\/\/www.facebook.com\/portalubirataonline","https:\/\/www.instagram.com\/ubirataonline_oficial","https:\/\/x.com\/x.com\/ubirataonline"],"honorificPrefix":"Mr.","honorificSuffix":"MD","birthDate":"1980-06-16","gender":"masculino","award":["V\u00e1rios pr\u00eamios de melhor portal da cidade"],"jobTitle":"Diretor","url":"https:\/\/ubirataonline.com.br\/en\/author\/ubirataonline\/"},{"@type":"PostalAddress","@id":"https:\/\/ubirataonline.com.br\/5-sobremesas-para-o-outono-que-trazem-mais-conforto-e-sabor-para-os-dias-amenos\/#local-main-place-address","streetAddress":"Rua dos Coqueiros, 104 - Bairro Boa Vista, Rua dos Coqueiros, 104 Bairro Boa Vista","addressLocality":"UBIRATA","postalCode":"85440-000","addressRegion":"PR","addressCountry":"BR"},{"@type":"ImageObject","inLanguage":"en-US","@id":"https:\/\/ubirataonline.com.br\/5-sobremesas-para-o-outono-que-trazem-mais-conforto-e-sabor-para-os-dias-amenos\/#local-main-organization-logo","url":"https:\/\/ubirataonline.com.br\/wp-content\/uploads\/2026\/06\/logoubirataonline-1.webp","contentUrl":"https:\/\/ubirataonline.com.br\/wp-content\/uploads\/2026\/06\/logoubirataonline-1.webp","width":500,"height":500,"caption":"Ubirat\u00e3 Online Not\u00edcias"}]},"geo.placename":"UBIRATA","geo.position":{"lat":"-24.5361401","long":"-52.9921776"},"geo.region":"Brazil"},"_links":{"self":[{"href":"https:\/\/ubirataonline.com.br\/en\/wp-json\/wp\/v2\/posts\/102427","targetHints":{"allow":["GET"]}}],"collection":[{"href":"https:\/\/ubirataonline.com.br\/en\/wp-json\/wp\/v2\/posts"}],"about":[{"href":"https:\/\/ubirataonline.com.br\/en\/wp-json\/wp\/v2\/types\/post"}],"author":[{"embeddable":true,"href":"https:\/\/ubirataonline.com.br\/en\/wp-json\/wp\/v2\/users\/1"}],"replies":[{"embeddable":true,"href":"https:\/\/ubirataonline.com.br\/en\/wp-json\/wp\/v2\/comments?post=102427"}],"version-history":[{"count":0,"href":"https:\/\/ubirataonline.com.br\/en\/wp-json\/wp\/v2\/posts\/102427\/revisions"}],"wp:featuredmedia":[{"embeddable":true,"href":"https:\/\/ubirataonline.com.br\/en\/wp-json\/wp\/v2\/media\/102428"}],"wp:attachment":[{"href":"https:\/\/ubirataonline.com.br\/en\/wp-json\/wp\/v2\/media?parent=102427"}],"wp:term":[{"taxonomy":"category","embeddable":true,"href":"https:\/\/ubirataonline.com.br\/en\/wp-json\/wp\/v2\/categories?post=102427"},{"taxonomy":"post_tag","embeddable":true,"href":"https:\/\/ubirataonline.com.br\/en\/wp-json\/wp\/v2\/tags?post=102427"}],"curies":[{"name":"wp","href":"https:\/\/api.w.org\/{rel}","templated":true}]}}