{"id":102658,"date":"2026-04-09T22:12:35","date_gmt":"2026-04-10T01:12:35","guid":{"rendered":"https:\/\/ubirataonline.com.br\/clash-with-calgary-colorado-avalanche\/"},"modified":"2026-04-09T22:12:39","modified_gmt":"2026-04-10T01:12:39","slug":"clash-with-calgary-colorado-avalanche","status":"publish","type":"post","link":"https:\/\/ubirataonline.com.br\/en\/clash-with-calgary-colorado-avalanche\/","title":{"rendered":"Clash with Calgary | Colorado Avalanche"},"content":{"rendered":"<p><br \/>\n<\/p>\n<div>\n<h2>Calgary Flames (32-36-9) @ Colorado Avalanche (51-16-10)\u00a0<\/h2>\n<p>7 p.m. MT | Ball Arena | Watch: KUSA-9, KTVD-20, Altitude, Altitude+ | Listen: Altitude Sports Radio (92.5 FM)\u00a0<\/p>\n<p>After clinching the Central Division and the Western Conference\u2019s top seed on Tuesday,\u00a0the Avalanche begins a two-game homestand against the Calgary Flames on Thursday. This is the second of three regular-season meetings between the teams, as the Avs defeated the Flames 9-2 on March 30th\u00a0in Denver, and\u00a0they\u2019ll\u00a0play in Calgary\u00a0on\u00a0April 14th.\u00a0\u00a0<\/p>\n<p>Latest Result (COL):\u00a0COL 3, STL 1\u00a0<\/p>\n<p>Latest Result (CGY):\u00a0CGY 3, DAL 4 (OT)\u00a0<\/p>\n<h2>Success in St. Louis\u00a0<\/h2>\n<p>Valeri Nichushkin scored twice and Martin Necas added a tally to help the Avs clinch the Central Division and the Western Conference\u2019s top seed as it defeated the St. Louis Blues 3-1 at Enterprise Center on Tuesday. In net for the Avs, Scott Wedgewood stopped 18 of the 19 shots he faced. Nichushkin opened the scoring at\u00a016:11\u00a0of the first period\u00a0with his 16th\u00a0goal of the season via a net-front deflection\u00a0on Devon Toews\u2019 shot from the point.\u00a0Necas doubled Colorado\u2019s lead at 19:32 of the first period with his 37th\u00a0goal of the season via a shot from the right doorstep set up by Nathan MacKinnon\u2019s feed. The Avs took a 3-0 lead\u00a0at 1:40 of the second period when Nichushkin scored a shorthanded goal with his 17th\u00a0tally of the season via a between-the-legs\u00a0shot from the right doorstep on a partial breakaway set up by Brock Nelson\u2019s feed. Robert Thomas put the Blues on the board at\u00a015:38 of the second period via a shot from the right doorstep off the rush.\u00a0<\/p>\n<h2>Leading the Way\u00a0<\/h2>\n<h3>Nate the Great\u00a0<\/h3>\n<p>MacKinnon leads the NHL in goals (51) while ranking third in points (123) and assists (72).\u00a0<\/p>\n<h3>Wedgewall\u00a0<\/h3>\n<p>Among goaltenders with at least 24 games played, Wedgewood leads the NHL in save percentage (.918) and goals-against average (2.10).\u00a0\u00a0<\/p>\n<h3>Marty Party\u00a0<\/h3>\n<p>Necas is ninth in the NHL in points (95).\u00a0<\/p>\n<h2>Series History\u00a0<\/h2>\n<p>In 135 previous regular-season games against the Flames, the Avalanche has a record of 67-54-8-6. The teams have met once in the playoffs, with the Avalanche defeating the Flames in five games in the 2019 Western Conference First Round.\u00a0<\/p>\n<h2>Defeat in Dallas\u00a0<\/h2>\n<p>The Flames lost 4-3 in overtime to the Dallas Stars at American Airlines Center\u00a0on Tuesday. In the second period, Justin\u00a0Hryckowian\u00a0gave the Stars a 1-0 lead at 4:30 before Calgary made it\u00a02-1 after goals from\u00a0Joel Farabee at 12:38 and Yegor\u00a0Sharangovich\u00a0at 18:52.\u00a0The Flames took a 3-1 lead when Zayne Parekh scored a power-play goal\u00a0at\u00a026\u00a0second\u00a0of the third period. Dallas tied the game after third-period goals from Wyatt Johnston at 1:16 and Jason Robertson at 4:51. Johnston scored the\u00a0game-winning goal with a power-play tally at 3:39 of\u00a0overtime.\u00a0<\/p>\n<h2>Contributing Offense Against Calgary\u00a0<\/h2>\n<p>MacKinnon has posted 43 points (18g\/25a) in 31 regular-season games against the Flames, in addition to eight points (3g\/5a) in five playoff contests.\u00a0\u00a0<\/p>\n<p>Gabriel Landeskog has recorded 23 points (8g\/15a) in 30 regular-season contests against Calgary, along with four points (1g\/3a) in five playoff games.\u00a0<\/p>\n<p>Necas has registered 10 points (5g\/5a) in 13 games against the Flames.\u00a0<\/p>\n<h2>Flames\u2019 Scorers\u00a0<\/h2>\n<p>Matt Coronato is tied for first on the Flames in points (41) while ranking second in assists (24) and fourth in goals (17).\u00a0<\/p>\n<p>Morgan Frost leads the Flames in goals (21) while ranking tied for first in points (41) and third in assists (20).\u00a0<\/p>\n<p>Mikael Backlund leads the Flames in assists (25) while ranking tied for first in points (41) and fifth in goals (16).\u00a0<\/p>\n<h2>A Numbers Game\u00a0<\/h2>\n<h3>92.3%\u00a0<\/h3>\n<p>Colorado\u2019s\u00a092.3% mark on the penalty kill since March 11th\u00a0is the best in the NHL.\u00a0<\/p>\n<h3>4\u00a0<\/h3>\n<p>Toews\u2019\u00a0four assists in April lead the Avalanche.\u00a0<\/p>\n<h3>73\u00a0<\/h3>\n<p>Necas\u2019 73 even-strength points are the sixth most in the NHL this season.\u00a0<\/p>\n<h2>Quote That Left a Mark\u00a0<\/h2>\n<p>&#8220;[Our] goals for us started with winning the division, the conference\u00a0[and we]\u00a0still need another win to get first overall [in the NHL],\u00a0and\u00a0we&#8217;d\u00a0be crazy not to chase that at this point.\u00a0It&#8217;s\u00a0important. If you get to where you want to\u00a0go\u00a0you,\u00a0might as well try and get your home ice, especially after a season like this. So, it feels great.\u00a0We&#8217;re\u00a0not throwing parades or that kind of stuff yet, but\u00a0we&#8217;re\u00a0happy with where\u00a0we&#8217;re\u00a0at. We should celebrate it a little bit, because\u00a0it&#8217;s\u00a0a big goal\u00a0of\u00a0ours\u00a0to start the year. And now\u00a0we&#8217;ve\u00a0accomplished\u00a0part of\u00a0it\u00a0and\u00a0we&#8217;ll\u00a0stay focused here. We have five games to go, and [we&#8217;ll] keep working on our and dialing in some\u00a0things\u00a0so we feel really good about our game going into the playoffs.&#8221;\u00a0<\/p>\n<p>&#8212; Avalanche Head Coach Jared Bednar on the Avalanche clinching the Central Division and the Western Conference\u2019s top seed<\/p>\n<\/p><\/div>\n<p><br \/>\n<br \/><a href=\"https:\/\/www.nhl.com\/avalanche\/news\/game-preview-04-09-26\">Source link <\/a><\/p>\n","protected":false},"excerpt":{"rendered":"<p>Calgary Flames (32-36-9) @ Colorado Avalanche (51-16-10)\u00a0 7 p.m. MT | Ball Arena | Watch: KUSA-9, KTVD-20, Altitude, Altitude+ | Listen: Altitude Sports Radio (92.5 FM)\u00a0 After clinching the Central Division and the Western Conference\u2019s top seed on Tuesday,\u00a0the Avalanche begins a two-game homestand against the Calgary Flames on Thursday. This is the second of [&hellip;]<\/p>\n","protected":false},"author":1,"featured_media":102659,"comment_status":"closed","ping_status":"","sticky":false,"template":"","format":"standard","meta":{"googlesitekit_rrm_CAow2JLhCw:productID":"","_gspb_post_css":"","maa_idioma":"","maa_pais":"","footnotes":""},"categories":[2725],"tags":[10307,21577,3394,2977],"class_list":["post-102658","post","type-post","status-publish","format-standard","has-post-thumbnail","hentry","category-europe","tag-avalanche","tag-calgary","tag-clash","tag-colorado"],"blocksy_meta":[],"yoast_head":"<!-- This site is optimized with the Yoast SEO Premium plugin v27.6 (Yoast SEO v27.6) - https:\/\/yoast.com\/product\/yoast-seo-premium-wordpress\/ -->\n<title>Clash with Calgary | Colorado Avalanche - Ubirat\u00e3 Online Not\u00edcias - A realidade ao seu alcance!<\/title>\n<meta name=\"description\" content=\"Calgary Flames (32-36-9) @ Colorado Avalanche (51-16-10)\u00a0 7 p.m. MT | Ball Arena | Watch: KUSA-9, KTVD-20, Altitude, Altitude+ | Listen: Altitude Sports\" \/>\n<meta name=\"robots\" content=\"index, follow, max-snippet:-1, max-image-preview:large, max-video-preview:-1\" \/>\n<link rel=\"canonical\" href=\"https:\/\/ubirataonline.com.br\/en\/clash-with-calgary-colorado-avalanche\/\" \/>\n<meta property=\"og:locale\" content=\"en_US\" \/>\n<meta property=\"og:type\" content=\"article\" \/>\n<meta property=\"og:title\" content=\"Clash with Calgary | Colorado Avalanche\" \/>\n<meta property=\"og:description\" content=\"Calgary Flames (32-36-9) @ Colorado Avalanche (51-16-10)\u00a0 7 p.m. MT | Ball Arena | Watch: KUSA-9, KTVD-20, Altitude, Altitude+ | Listen: Altitude Sports\" \/>\n<meta property=\"og:url\" content=\"https:\/\/ubirataonline.com.br\/en\/clash-with-calgary-colorado-avalanche\/\" \/>\n<meta property=\"og:site_name\" content=\"Ubirat\u00e3 Online Not\u00edcias - A realidade ao seu alcance!\" \/>\n<meta property=\"article:publisher\" content=\"https:\/\/www.facebook.com\/portalubirataonline\" \/>\n<meta property=\"article:author\" content=\"https:\/\/www.facebook.com\/portalubirataonline\" \/>\n<meta property=\"article:published_time\" content=\"2026-04-10T01:12:35+00:00\" \/>\n<meta property=\"article:modified_time\" content=\"2026-04-10T01:12:39+00:00\" \/>\n<meta property=\"og:image\" content=\"https:\/\/ubirataonline.com.br\/wp-content\/uploads\/2026\/04\/Clash-with-Calgary-Colorado-Avalanche.png\" \/>\n\t<meta property=\"og:image:width\" content=\"1280\" \/>\n\t<meta property=\"og:image:height\" content=\"720\" \/>\n\t<meta property=\"og:image:type\" content=\"image\/png\" \/>\n<meta name=\"author\" content=\"REDA\u00c7\u00c3O: UBIRAT\u00c3 ONLINE - F\u00c1BIO AUGUSTO CELESTINO\" \/>\n<meta name=\"twitter:card\" content=\"summary_large_image\" \/>\n<meta name=\"twitter:creator\" content=\"@x.com\/ubirataonline\" \/>\n<meta name=\"twitter:site\" content=\"@ubirataonline\" \/>\n<meta name=\"twitter:label1\" content=\"Written by\" \/>\n\t<meta name=\"twitter:data1\" content=\"REDA\u00c7\u00c3O: UBIRAT\u00c3 ONLINE - F\u00c1BIO AUGUSTO CELESTINO\" \/>\n\t<meta name=\"twitter:label2\" content=\"Est. reading time\" \/>\n\t<meta name=\"twitter:data2\" content=\"4 minutes\" \/>\n<script type=\"application\/ld+json\" class=\"yoast-schema-graph\">{\"@context\":\"https:\\\/\\\/schema.org\",\"@graph\":[{\"@type\":\"NewsArticle\",\"@id\":\"https:\\\/\\\/ubirataonline.com.br\\\/clash-with-calgary-colorado-avalanche\\\/#article\",\"isPartOf\":{\"@id\":\"https:\\\/\\\/ubirataonline.com.br\\\/clash-with-calgary-colorado-avalanche\\\/\"},\"author\":{\"name\":\"REDA\u00c7\u00c3O: UBIRAT\u00c3 ONLINE - F\u00c1BIO AUGUSTO CELESTINO\",\"@id\":\"https:\\\/\\\/ubirataonline.com.br\\\/#\\\/schema\\\/person\\\/372f87bbd3fdd79b8556b84c98d0bc1c\"},\"headline\":\"Clash with Calgary | Colorado Avalanche\",\"datePublished\":\"2026-04-10T01:12:35+00:00\",\"dateModified\":\"2026-04-10T01:12:39+00:00\",\"mainEntityOfPage\":{\"@id\":\"https:\\\/\\\/ubirataonline.com.br\\\/clash-with-calgary-colorado-avalanche\\\/\"},\"wordCount\":794,\"publisher\":{\"@id\":\"https:\\\/\\\/ubirataonline.com.br\\\/#organization\"},\"image\":{\"@id\":\"https:\\\/\\\/ubirataonline.com.br\\\/clash-with-calgary-colorado-avalanche\\\/#primaryimage\"},\"thumbnailUrl\":\"https:\\\/\\\/ubirataonline.com.br\\\/wp-content\\\/uploads\\\/2026\\\/04\\\/Clash-with-Calgary-Colorado-Avalanche.png\",\"keywords\":[\"Avalanche\",\"Calgary\",\"clash\",\"Colorado\"],\"articleSection\":[\"Europe\"],\"inLanguage\":\"en-US\",\"copyrightYear\":\"2026\",\"copyrightHolder\":{\"@id\":\"https:\\\/\\\/ubirataonline.com.br\\\/en\\\/#organization\"}},{\"@type\":\"WebPage\",\"@id\":\"https:\\\/\\\/ubirataonline.com.br\\\/clash-with-calgary-colorado-avalanche\\\/\",\"url\":\"https:\\\/\\\/ubirataonline.com.br\\\/clash-with-calgary-colorado-avalanche\\\/\",\"name\":\"Clash with Calgary | Colorado Avalanche - Ubirat\u00e3 Online Not\u00edcias - A realidade ao seu alcance!\",\"isPartOf\":{\"@id\":\"https:\\\/\\\/ubirataonline.com.br\\\/#website\"},\"primaryImageOfPage\":{\"@id\":\"https:\\\/\\\/ubirataonline.com.br\\\/clash-with-calgary-colorado-avalanche\\\/#primaryimage\"},\"image\":{\"@id\":\"https:\\\/\\\/ubirataonline.com.br\\\/clash-with-calgary-colorado-avalanche\\\/#primaryimage\"},\"thumbnailUrl\":\"https:\\\/\\\/ubirataonline.com.br\\\/wp-content\\\/uploads\\\/2026\\\/04\\\/Clash-with-Calgary-Colorado-Avalanche.png\",\"datePublished\":\"2026-04-10T01:12:35+00:00\",\"dateModified\":\"2026-04-10T01:12:39+00:00\",\"description\":\"Calgary Flames (32-36-9) @ Colorado Avalanche (51-16-10)\u00a0 7 p.m. MT | Ball Arena | Watch: KUSA-9, KTVD-20, Altitude, Altitude+ | Listen: Altitude Sports\",\"breadcrumb\":{\"@id\":\"https:\\\/\\\/ubirataonline.com.br\\\/clash-with-calgary-colorado-avalanche\\\/#breadcrumb\"},\"inLanguage\":\"en-US\",\"potentialAction\":[{\"@type\":\"ReadAction\",\"target\":[\"https:\\\/\\\/ubirataonline.com.br\\\/clash-with-calgary-colorado-avalanche\\\/\"]}]},{\"@type\":\"ImageObject\",\"inLanguage\":\"en-US\",\"@id\":\"https:\\\/\\\/ubirataonline.com.br\\\/clash-with-calgary-colorado-avalanche\\\/#primaryimage\",\"url\":\"https:\\\/\\\/ubirataonline.com.br\\\/wp-content\\\/uploads\\\/2026\\\/04\\\/Clash-with-Calgary-Colorado-Avalanche.png\",\"contentUrl\":\"https:\\\/\\\/ubirataonline.com.br\\\/wp-content\\\/uploads\\\/2026\\\/04\\\/Clash-with-Calgary-Colorado-Avalanche.png\",\"width\":1280,\"height\":720,\"caption\":\"Clash with Calgary | Colorado Avalanche\"},{\"@type\":\"BreadcrumbList\",\"@id\":\"https:\\\/\\\/ubirataonline.com.br\\\/clash-with-calgary-colorado-avalanche\\\/#breadcrumb\",\"itemListElement\":[{\"@type\":\"ListItem\",\"position\":1,\"name\":\"In\u00edcio\",\"item\":\"https:\\\/\\\/ubirataonline.com.br\\\/\"},{\"@type\":\"ListItem\",\"position\":2,\"name\":\"Clash with Calgary | Colorado Avalanche\"}]},{\"@type\":\"WebSite\",\"@id\":\"https:\\\/\\\/ubirataonline.com.br\\\/#website\",\"url\":\"https:\\\/\\\/ubirataonline.com.br\\\/\",\"name\":\"Ubirat\u00e3 Online Not\u00edcias\",\"description\":\"Not\u00edcias de Ubirat\u00e3, regi\u00e3o, Brasil e mundo, com informa\u00e7\u00e3o atualizada e compromisso com o leitor.\",\"publisher\":{\"@id\":\"https:\\\/\\\/ubirataonline.com.br\\\/#organization\"},\"alternateName\":\"Ubirat\u00e3 Online\",\"potentialAction\":[{\"@type\":\"SearchAction\",\"target\":{\"@type\":\"EntryPoint\",\"urlTemplate\":\"https:\\\/\\\/ubirataonline.com.br\\\/?s={search_term_string}\"},\"query-input\":{\"@type\":\"PropertyValueSpecification\",\"valueRequired\":true,\"valueName\":\"search_term_string\"}}],\"inLanguage\":\"en-US\"},{\"@type\":[\"Organization\",\"Place\"],\"@id\":\"https:\\\/\\\/ubirataonline.com.br\\\/#organization\",\"name\":\"Ubirat\u00e3 Online Not\u00edcias\",\"alternateName\":\"Ubirat\u00e3 Online\",\"url\":\"https:\\\/\\\/ubirataonline.com.br\\\/\",\"logo\":{\"@id\":\"https:\\\/\\\/ubirataonline.com.br\\\/clash-with-calgary-colorado-avalanche\\\/#local-main-organization-logo\"},\"image\":{\"@id\":\"https:\\\/\\\/ubirataonline.com.br\\\/clash-with-calgary-colorado-avalanche\\\/#local-main-organization-logo\"},\"sameAs\":[\"https:\\\/\\\/www.facebook.com\\\/portalubirataonline\",\"https:\\\/\\\/x.com\\\/ubirataonline\",\"https:\\\/\\\/mastodon.social\\\/@ubirataonline\",\"https:\\\/\\\/www.facebook.com\\\/groups\\\/311144672285604\",\"https:\\\/\\\/www.facebook.com\\\/UBTAOnline\",\"https:\\\/\\\/www.instagram.com\\\/portalubirataonline\\\/\",\"https:\\\/\\\/twitter.com\\\/ubirataonline\"],\"description\":\"Somos um portal de not\u00edcias independente, criado em 5 de janeiro de 2009, com o objetivo de informar, conectar e valorizar a nossa comunidade de Ubirat\u00e3 e toda aregi\u00e3o. Com conte\u00fado atualizado, confi\u00e1vel e relevante, o Ubirat\u00e3 Online \u00e9 o seu espa\u00e7o para ficar por dentro dos principais acontecimentos locais, regionais, Brasil, Mundo e de interesse geral. Nosso compromisso \u00e9 com a verdade, a transpar\u00eancia e o respeito ao leitor.\",\"legalName\":\"UBIRATA ONLINE NOT\u00cdCIAS\",\"foundingDate\":\"2009-01-05\",\"numberOfEmployees\":{\"@type\":\"QuantitativeValue\",\"minValue\":\"1\",\"maxValue\":\"10\"},\"publishingPrinciples\":\"https:\\\/\\\/ubirataonline.com.br\\\/faq\\\/\",\"address\":{\"@id\":\"https:\\\/\\\/ubirataonline.com.br\\\/clash-with-calgary-colorado-avalanche\\\/#local-main-place-address\"},\"geo\":{\"@type\":\"GeoCoordinates\",\"latitude\":\"-24.5361401\",\"longitude\":\"-52.9921776\"},\"telephone\":[\"+5544998308235\"],\"contactPoint\":{\"@type\":\"ContactPoint\",\"email\":\"contato@ubirataonline.com.br\"},\"openingHoursSpecification\":{\"@type\":\"OpeningHoursSpecification\",\"dayOfWeek\":[\"Monday\",\"Tuesday\",\"Wednesday\",\"Thursday\",\"Friday\",\"Saturday\",\"Sunday\"],\"opens\":\"00:00\",\"closes\":\"23:59\"},\"email\":\"contato@ubirataonline.com.br\",\"vatID\":\"47.621.418\\\/0001-80\"},{\"@type\":\"Person\",\"@id\":\"https:\\\/\\\/ubirataonline.com.br\\\/#\\\/schema\\\/person\\\/372f87bbd3fdd79b8556b84c98d0bc1c\",\"name\":\"REDA\u00c7\u00c3O: UBIRAT\u00c3 ONLINE - F\u00c1BIO AUGUSTO CELESTINO\",\"pronouns\":\"Ele\",\"description\":\"Desde 2003 trabalhando com not\u00edcias.\",\"sameAs\":[\"http:\\\/\\\/ubirataoline.com.br\",\"https:\\\/\\\/www.facebook.com\\\/portalubirataonline\",\"https:\\\/\\\/www.instagram.com\\\/ubirataonline_oficial\",\"https:\\\/\\\/x.com\\\/x.com\\\/ubirataonline\"],\"honorificPrefix\":\"Mr.\",\"honorificSuffix\":\"MD\",\"birthDate\":\"1980-06-16\",\"gender\":\"masculino\",\"award\":[\"V\u00e1rios pr\u00eamios de melhor portal da cidade\"],\"jobTitle\":\"Diretor\",\"url\":\"https:\\\/\\\/ubirataonline.com.br\\\/en\\\/author\\\/ubirataonline\\\/\"},{\"@type\":\"PostalAddress\",\"@id\":\"https:\\\/\\\/ubirataonline.com.br\\\/clash-with-calgary-colorado-avalanche\\\/#local-main-place-address\",\"streetAddress\":\"Rua dos Coqueiros, 104 - Bairro Boa Vista, Rua dos Coqueiros, 104 Bairro Boa Vista\",\"addressLocality\":\"UBIRATA\",\"postalCode\":\"85440-000\",\"addressRegion\":\"PR\",\"addressCountry\":\"BR\"},{\"@type\":\"ImageObject\",\"inLanguage\":\"en-US\",\"@id\":\"https:\\\/\\\/ubirataonline.com.br\\\/clash-with-calgary-colorado-avalanche\\\/#local-main-organization-logo\",\"url\":\"https:\\\/\\\/ubirataonline.com.br\\\/wp-content\\\/uploads\\\/2026\\\/06\\\/logoubirataonline-1.webp\",\"contentUrl\":\"https:\\\/\\\/ubirataonline.com.br\\\/wp-content\\\/uploads\\\/2026\\\/06\\\/logoubirataonline-1.webp\",\"width\":500,\"height\":500,\"caption\":\"Ubirat\u00e3 Online Not\u00edcias\"}]}<\/script>\n<meta name=\"geo.placename\" content=\"UBIRATA\" \/>\n<meta name=\"geo.position\" content=\"-24.5361401;-52.9921776\" \/>\n<meta name=\"geo.region\" content=\"Brazil\" \/>\n<!-- \/ Yoast SEO Premium plugin. -->","yoast_head_json":{"title":"Clash with Calgary | Colorado Avalanche - Ubirat\u00e3 Online Not\u00edcias - A realidade ao seu alcance!","description":"Calgary Flames (32-36-9) @ Colorado Avalanche (51-16-10)\u00a0 7 p.m. MT | Ball Arena | Watch: KUSA-9, KTVD-20, Altitude, Altitude+ | Listen: Altitude Sports","robots":{"index":"index","follow":"follow","max-snippet":"max-snippet:-1","max-image-preview":"max-image-preview:large","max-video-preview":"max-video-preview:-1"},"canonical":"https:\/\/ubirataonline.com.br\/en\/clash-with-calgary-colorado-avalanche\/","og_locale":"en_US","og_type":"article","og_title":"Clash with Calgary | Colorado Avalanche","og_description":"Calgary Flames (32-36-9) @ Colorado Avalanche (51-16-10)\u00a0 7 p.m. MT | Ball Arena | Watch: KUSA-9, KTVD-20, Altitude, Altitude+ | Listen: Altitude Sports","og_url":"https:\/\/ubirataonline.com.br\/en\/clash-with-calgary-colorado-avalanche\/","og_site_name":"Ubirat\u00e3 Online Not\u00edcias - A realidade ao seu alcance!","article_publisher":"https:\/\/www.facebook.com\/portalubirataonline","article_author":"https:\/\/www.facebook.com\/portalubirataonline","article_published_time":"2026-04-10T01:12:35+00:00","article_modified_time":"2026-04-10T01:12:39+00:00","og_image":[{"width":1280,"height":720,"url":"https:\/\/ubirataonline.com.br\/wp-content\/uploads\/2026\/04\/Clash-with-Calgary-Colorado-Avalanche.png","type":"image\/png"}],"author":"REDA\u00c7\u00c3O: UBIRAT\u00c3 ONLINE - F\u00c1BIO AUGUSTO CELESTINO","twitter_card":"summary_large_image","twitter_creator":"@x.com\/ubirataonline","twitter_site":"@ubirataonline","twitter_misc":{"Written by":"REDA\u00c7\u00c3O: UBIRAT\u00c3 ONLINE - F\u00c1BIO AUGUSTO CELESTINO","Est. reading time":"4 minutes"},"schema":{"@context":"https:\/\/schema.org","@graph":[{"@type":"NewsArticle","@id":"https:\/\/ubirataonline.com.br\/clash-with-calgary-colorado-avalanche\/#article","isPartOf":{"@id":"https:\/\/ubirataonline.com.br\/clash-with-calgary-colorado-avalanche\/"},"author":{"name":"REDA\u00c7\u00c3O: UBIRAT\u00c3 ONLINE - F\u00c1BIO AUGUSTO CELESTINO","@id":"https:\/\/ubirataonline.com.br\/#\/schema\/person\/372f87bbd3fdd79b8556b84c98d0bc1c"},"headline":"Clash with Calgary | Colorado Avalanche","datePublished":"2026-04-10T01:12:35+00:00","dateModified":"2026-04-10T01:12:39+00:00","mainEntityOfPage":{"@id":"https:\/\/ubirataonline.com.br\/clash-with-calgary-colorado-avalanche\/"},"wordCount":794,"publisher":{"@id":"https:\/\/ubirataonline.com.br\/#organization"},"image":{"@id":"https:\/\/ubirataonline.com.br\/clash-with-calgary-colorado-avalanche\/#primaryimage"},"thumbnailUrl":"https:\/\/ubirataonline.com.br\/wp-content\/uploads\/2026\/04\/Clash-with-Calgary-Colorado-Avalanche.png","keywords":["Avalanche","Calgary","clash","Colorado"],"articleSection":["Europe"],"inLanguage":"en-US","copyrightYear":"2026","copyrightHolder":{"@id":"https:\/\/ubirataonline.com.br\/en\/#organization"}},{"@type":"WebPage","@id":"https:\/\/ubirataonline.com.br\/clash-with-calgary-colorado-avalanche\/","url":"https:\/\/ubirataonline.com.br\/clash-with-calgary-colorado-avalanche\/","name":"Clash with Calgary | Colorado Avalanche - Ubirat\u00e3 Online Not\u00edcias - A realidade ao seu alcance!","isPartOf":{"@id":"https:\/\/ubirataonline.com.br\/#website"},"primaryImageOfPage":{"@id":"https:\/\/ubirataonline.com.br\/clash-with-calgary-colorado-avalanche\/#primaryimage"},"image":{"@id":"https:\/\/ubirataonline.com.br\/clash-with-calgary-colorado-avalanche\/#primaryimage"},"thumbnailUrl":"https:\/\/ubirataonline.com.br\/wp-content\/uploads\/2026\/04\/Clash-with-Calgary-Colorado-Avalanche.png","datePublished":"2026-04-10T01:12:35+00:00","dateModified":"2026-04-10T01:12:39+00:00","description":"Calgary Flames (32-36-9) @ Colorado Avalanche (51-16-10)\u00a0 7 p.m. MT | Ball Arena | Watch: KUSA-9, KTVD-20, Altitude, Altitude+ | Listen: Altitude Sports","breadcrumb":{"@id":"https:\/\/ubirataonline.com.br\/clash-with-calgary-colorado-avalanche\/#breadcrumb"},"inLanguage":"en-US","potentialAction":[{"@type":"ReadAction","target":["https:\/\/ubirataonline.com.br\/clash-with-calgary-colorado-avalanche\/"]}]},{"@type":"ImageObject","inLanguage":"en-US","@id":"https:\/\/ubirataonline.com.br\/clash-with-calgary-colorado-avalanche\/#primaryimage","url":"https:\/\/ubirataonline.com.br\/wp-content\/uploads\/2026\/04\/Clash-with-Calgary-Colorado-Avalanche.png","contentUrl":"https:\/\/ubirataonline.com.br\/wp-content\/uploads\/2026\/04\/Clash-with-Calgary-Colorado-Avalanche.png","width":1280,"height":720,"caption":"Clash with Calgary | Colorado Avalanche"},{"@type":"BreadcrumbList","@id":"https:\/\/ubirataonline.com.br\/clash-with-calgary-colorado-avalanche\/#breadcrumb","itemListElement":[{"@type":"ListItem","position":1,"name":"In\u00edcio","item":"https:\/\/ubirataonline.com.br\/"},{"@type":"ListItem","position":2,"name":"Clash with Calgary | Colorado Avalanche"}]},{"@type":"WebSite","@id":"https:\/\/ubirataonline.com.br\/#website","url":"https:\/\/ubirataonline.com.br\/","name":"Ubirat\u00e3 Online Not\u00edcias","description":"Not\u00edcias de Ubirat\u00e3, regi\u00e3o, Brasil e mundo, com informa\u00e7\u00e3o atualizada e compromisso com o leitor.","publisher":{"@id":"https:\/\/ubirataonline.com.br\/#organization"},"alternateName":"Ubirat\u00e3 Online","potentialAction":[{"@type":"SearchAction","target":{"@type":"EntryPoint","urlTemplate":"https:\/\/ubirataonline.com.br\/?s={search_term_string}"},"query-input":{"@type":"PropertyValueSpecification","valueRequired":true,"valueName":"search_term_string"}}],"inLanguage":"en-US"},{"@type":["Organization","Place"],"@id":"https:\/\/ubirataonline.com.br\/#organization","name":"Ubirat\u00e3 Online Not\u00edcias","alternateName":"Ubirat\u00e3 Online","url":"https:\/\/ubirataonline.com.br\/","logo":{"@id":"https:\/\/ubirataonline.com.br\/clash-with-calgary-colorado-avalanche\/#local-main-organization-logo"},"image":{"@id":"https:\/\/ubirataonline.com.br\/clash-with-calgary-colorado-avalanche\/#local-main-organization-logo"},"sameAs":["https:\/\/www.facebook.com\/portalubirataonline","https:\/\/x.com\/ubirataonline","https:\/\/mastodon.social\/@ubirataonline","https:\/\/www.facebook.com\/groups\/311144672285604","https:\/\/www.facebook.com\/UBTAOnline","https:\/\/www.instagram.com\/portalubirataonline\/","https:\/\/twitter.com\/ubirataonline"],"description":"Somos um portal de not\u00edcias independente, criado em 5 de janeiro de 2009, com o objetivo de informar, conectar e valorizar a nossa comunidade de Ubirat\u00e3 e toda aregi\u00e3o. Com conte\u00fado atualizado, confi\u00e1vel e relevante, o Ubirat\u00e3 Online \u00e9 o seu espa\u00e7o para ficar por dentro dos principais acontecimentos locais, regionais, Brasil, Mundo e de interesse geral. Nosso compromisso \u00e9 com a verdade, a transpar\u00eancia e o respeito ao leitor.","legalName":"UBIRATA ONLINE NOT\u00cdCIAS","foundingDate":"2009-01-05","numberOfEmployees":{"@type":"QuantitativeValue","minValue":"1","maxValue":"10"},"publishingPrinciples":"https:\/\/ubirataonline.com.br\/faq\/","address":{"@id":"https:\/\/ubirataonline.com.br\/clash-with-calgary-colorado-avalanche\/#local-main-place-address"},"geo":{"@type":"GeoCoordinates","latitude":"-24.5361401","longitude":"-52.9921776"},"telephone":["+5544998308235"],"contactPoint":{"@type":"ContactPoint","email":"contato@ubirataonline.com.br"},"openingHoursSpecification":{"@type":"OpeningHoursSpecification","dayOfWeek":["Monday","Tuesday","Wednesday","Thursday","Friday","Saturday","Sunday"],"opens":"00:00","closes":"23:59"},"email":"contato@ubirataonline.com.br","vatID":"47.621.418\/0001-80"},{"@type":"Person","@id":"https:\/\/ubirataonline.com.br\/#\/schema\/person\/372f87bbd3fdd79b8556b84c98d0bc1c","name":"REDA\u00c7\u00c3O: UBIRAT\u00c3 ONLINE - F\u00c1BIO AUGUSTO CELESTINO","pronouns":"Ele","description":"Desde 2003 trabalhando com not\u00edcias.","sameAs":["http:\/\/ubirataoline.com.br","https:\/\/www.facebook.com\/portalubirataonline","https:\/\/www.instagram.com\/ubirataonline_oficial","https:\/\/x.com\/x.com\/ubirataonline"],"honorificPrefix":"Mr.","honorificSuffix":"MD","birthDate":"1980-06-16","gender":"masculino","award":["V\u00e1rios pr\u00eamios de melhor portal da cidade"],"jobTitle":"Diretor","url":"https:\/\/ubirataonline.com.br\/en\/author\/ubirataonline\/"},{"@type":"PostalAddress","@id":"https:\/\/ubirataonline.com.br\/clash-with-calgary-colorado-avalanche\/#local-main-place-address","streetAddress":"Rua dos Coqueiros, 104 - Bairro Boa Vista, Rua dos Coqueiros, 104 Bairro Boa Vista","addressLocality":"UBIRATA","postalCode":"85440-000","addressRegion":"PR","addressCountry":"BR"},{"@type":"ImageObject","inLanguage":"en-US","@id":"https:\/\/ubirataonline.com.br\/clash-with-calgary-colorado-avalanche\/#local-main-organization-logo","url":"https:\/\/ubirataonline.com.br\/wp-content\/uploads\/2026\/06\/logoubirataonline-1.webp","contentUrl":"https:\/\/ubirataonline.com.br\/wp-content\/uploads\/2026\/06\/logoubirataonline-1.webp","width":500,"height":500,"caption":"Ubirat\u00e3 Online Not\u00edcias"}]},"geo.placename":"UBIRATA","geo.position":{"lat":"-24.5361401","long":"-52.9921776"},"geo.region":"Brazil"},"_links":{"self":[{"href":"https:\/\/ubirataonline.com.br\/en\/wp-json\/wp\/v2\/posts\/102658","targetHints":{"allow":["GET"]}}],"collection":[{"href":"https:\/\/ubirataonline.com.br\/en\/wp-json\/wp\/v2\/posts"}],"about":[{"href":"https:\/\/ubirataonline.com.br\/en\/wp-json\/wp\/v2\/types\/post"}],"author":[{"embeddable":true,"href":"https:\/\/ubirataonline.com.br\/en\/wp-json\/wp\/v2\/users\/1"}],"replies":[{"embeddable":true,"href":"https:\/\/ubirataonline.com.br\/en\/wp-json\/wp\/v2\/comments?post=102658"}],"version-history":[{"count":0,"href":"https:\/\/ubirataonline.com.br\/en\/wp-json\/wp\/v2\/posts\/102658\/revisions"}],"wp:featuredmedia":[{"embeddable":true,"href":"https:\/\/ubirataonline.com.br\/en\/wp-json\/wp\/v2\/media\/102659"}],"wp:attachment":[{"href":"https:\/\/ubirataonline.com.br\/en\/wp-json\/wp\/v2\/media?parent=102658"}],"wp:term":[{"taxonomy":"category","embeddable":true,"href":"https:\/\/ubirataonline.com.br\/en\/wp-json\/wp\/v2\/categories?post=102658"},{"taxonomy":"post_tag","embeddable":true,"href":"https:\/\/ubirataonline.com.br\/en\/wp-json\/wp\/v2\/tags?post=102658"}],"curies":[{"name":"wp","href":"https:\/\/api.w.org\/{rel}","templated":true}]}}