{"id":102669,"date":"2026-04-09T22:26:45","date_gmt":"2026-04-10T01:26:45","guid":{"rendered":"https:\/\/ubirataonline.com.br\/andrea-simao-e-eleita-reitora-da-uel-e-toma-posse-em-junho\/"},"modified":"2026-04-09T22:26:47","modified_gmt":"2026-04-10T01:26:47","slug":"andrea-simao-e-eleita-reitora-da-uel-e-toma-posse-em-junho","status":"publish","type":"post","link":"https:\/\/ubirataonline.com.br\/en\/andrea-simao-e-eleita-reitora-da-uel-e-toma-posse-em-junho\/","title":{"rendered":"Andr\u00e9a Sim\u00e3o \u00e9 eleita reitora da UEL e toma posse em junho"},"content":{"rendered":"<p><\/p>\n<div id=\"post-content\">\n<p>A Universidade Estadual de Londrina (UEL) elegeu os novos gestores para o quadri\u00eanio 2026\/2030. Os professores <strong>Andr\u00e9a Name Colado Sim\u00e3o<\/strong> e <strong>Miguel Belinati Piccirillo<\/strong>, da Chapa 1 (Nossa Casa UEL), foram eleitos reitora e vice-reitor, respectivamente, e assumem oficialmente os cargos no dia 10 de junho. <\/p>\n<p>A vit\u00f3ria foi consolidada com um \u00edndice de 41,08 pontos, superando a Chapa 2 (UEL Mais Forte), composta pelos professores S\u00e9rgio Carlos de Carvalho e Marta Regina Gimenez Favaro, que alcan\u00e7ou 30,56 pontos no \u00edndice de votos.<\/p>\n<p>A vota\u00e7\u00e3o aconteceu na quarta-feira (08\/04) de forma exclusivamente eletr\u00f4nica, entre 8h e 22h, por meio do Sistema Aberto de Elei\u00e7\u00f5es Eletr\u00f4nicas (SAELE). A plataforma digital garantiu um processo remoto, permitindo a divulga\u00e7\u00e3o do resultado oficial pela Comiss\u00e3o Eleitoral logo ap\u00f3s o encerramento da vota\u00e7\u00e3o, sem a necessidade de segundo turno.<\/p>\n<p>A disputa foi marcada por uma campanha movimentada, na qual as duas chapas participaram de tr\u00eas debates promovidos pela Comiss\u00e3o Eleitoral. Os encontros foram transmitidos pela UEL FM e pela TV UEL. Os registros seguem dispon\u00edveis para a comunidade nos canais das emissoras no YouTube.<\/p>\n<h2 class=\"wp-block-heading\" id=\"h-quem-e-a-nova-reitora-da-uel\">Quem \u00e9 a nova reitora da UEL<\/h2>\n<p>Andr\u00e9a Name Colado Sim\u00e3o \u00e9 graduada em Farm\u00e1cia-Bioqu\u00edmica pela UEL, onde tamb\u00e9m concluiu mestrado e doutorado. Docente associada em Imunologia Cl\u00ednica, possui s\u00f3lida experi\u00eancia administrativa na universidade, tendo chefiado o Departamento de Patologia e coordenado programas de p\u00f3s-gradua\u00e7\u00e3o e resid\u00eancia.<\/p>\n<p>No Hospital Universit\u00e1rio (HU), atua na \u00e1rea de Diagn\u00f3stico Molecular e Imunologia. Como pesquisadora e bolsista de produtividade da Funda\u00e7\u00e3o Arauc\u00e1ria, coordena projetos de ensaios cl\u00ednicos voltados ao diagn\u00f3stico de c\u00e2ncer e doen\u00e7as autoimunes, sendo orientadora em programas de p\u00f3s-gradua\u00e7\u00e3o de alto n\u00edvel.<\/p>\n<section class=\"virals\">\n<article class=\"cardnews cardnews--post cardnews--has-thumbnail cardnews--editorial-noticias\"> <a href=\"https:\/\/www.tribunapr.com.br\/noticias\/curitiba-regiao\/vereador-perdeu-pia-e-investigado-por-usar-gm-para-se-autopromove?utm_source=noticias-virais-rodape&amp;utm_medium=internal-tribuna&amp;utm_campaign=tribuna\" class=\"cardnews__postlink\"> <\/p>\n<div class=\"cardnews__image\" is-api-thumb=\"\"><\/div>\n<div class=\"cardnews__content cardhome__content\">\n<div class=\"cardnews__content-wrapper\">\n<p> <span style=\"\"> De olho! <\/span> <\/p>\n<p>Vereador Perdeu Pi\u00e1 \u00e9 investigado por usar GM para se autopromover<\/p>\n<\/p><\/div>\n<\/p><\/div>\n<p> <\/a> <\/article>\n<article class=\"cardnews cardnews--post cardnews--has-thumbnail cardnews--editorial-noticias\"> <a href=\"https:\/\/www.tribunapr.com.br\/noticias\/parana\/parana-pode-sentir-efeitos-do-el-nino-a-partir-de-julho-o-que-esperar\/?utm_source=noticias-virais-rodape&amp;utm_medium=internal-tribuna&amp;utm_campaign=tribuna\" class=\"cardnews__postlink\"> <\/p>\n<div class=\"cardnews__image\" is-api-thumb=\"\"><img decoding=\"async\" src=\"https:\/\/www.tribunapr.com.br\/wp-content\/uploads\/2026\/02\/20182305\/chuvas-370x210.jpg\" loading=\"lazy\" alt=\"Paran\u00e1 pode sentir efeitos do El Ni\u00f1o a partir de julho; o que esperar\"\/><\/div>\n<div class=\"cardnews__content cardhome__content\">\n<div class=\"cardnews__content-wrapper\">\n<p> <span style=\"\"> Alerta <\/span> <\/p>\n<p>Paran\u00e1 pode sentir efeitos do El Ni\u00f1o a partir de julho; o que esperar<\/p>\n<\/p><\/div>\n<\/p><\/div>\n<p> <\/a> <\/article>\n<article class=\"cardnews cardnews--post cardnews--has-thumbnail cardnews--editorial-noticias\"> <a href=\"https:\/\/www.tribunapr.com.br\/noticias\/parana\/roteiro-inusitado-parana-coleciona-estatuas-peculiares-pelo-interior\/ C?utm_source=noticias-virais-rodape&amp;utm_medium=internal-tribuna&amp;utm_campaign=tribuna\" class=\"cardnews__postlink\"> <\/p>\n<div class=\"cardnews__image\" is-api-thumb=\"\"><img decoding=\"async\" src=\"https:\/\/www.tribunapr.com.br\/wp-content\/uploads\/2026\/01\/15072039\/falecimentos-em-curitiba-370x210.jpg\" loading=\"lazy\" alt=\"Roteiro inusitado: Paran\u00e1 coleciona est\u00e1tuas peculiares pelo interior \"\/><\/div>\n<div class=\"cardnews__content cardhome__content\">\n<div class=\"cardnews__content-wrapper\">\n<p> <span style=\"\"> Belezas do Paran\u00e1 <\/span> <\/p>\n<p>Roteiro inusitado: Paran\u00e1 coleciona est\u00e1tuas peculiares pelo interior <\/p>\n<\/p><\/div>\n<\/p><\/div>\n<p> <\/a> <\/article>\n<\/section>\n<div id=\"tribuna-follow-cta\">\n<p> <span class=\"cta-title\">Siga a <span class=\"tribuna-color\">Tribuna<\/span> no Google, e acompanhe as \u00faltimas not\u00edcias de Curitiba e regi\u00e3o!<\/span> <\/p>\n<p> <a href=\"https:\/\/profile.google.com\/cp\/CgwvZy8xMmxxajUzM3Mac2h0dHBzOi8vd3d3LnRyaWJ1bmFwci5jb20uYnIvdml2YS92aXRyaW5lL2dpZ2FudGUtZG8tdmVzdHVhcmlvLXJlaW5hdWd1cmEtbG9qYS1lbS1zaG9wcGluZy10cmFkaWNpb25hbC1kZS1jdXJpdGliYS8iElRyaWJ1bmEgZG8gUGFyYW7DoSqAAwrHAWh0dHBzOi8vZW5jcnlwdGVkLXRibjIuZ3N0YXRpYy5jb20vZmF2aWNvbi10Ym4_cT10Ym46QU5kOUdjUVJPbjVDRjR6TzJPbkUwTXZrRlRCRTY2U0g1bGlaVDRaZTV3bWNKeU5GRm1BSnluM01nNU9PR3BXY1pYMzZwYU5HUWtsZ09JVEFLTTNNZVNGbTc1aWp6M3k2ajUtQ3M2b25kX2JUcFFQQkVLd3RsUjBsTmJESnUtVHhrNXQtbFlCNlVpOWZSVVFjT2cSswFodHRwczovL2VuY3J5cHRlZC10Ym4zLmdzdGF0aWMuY29tL2Zhdmljb24tdGJuP3E9dGJuJTNBQU5kOUdjU0FMaWJ2eFF0YXdFMFRueVdWWmVKRS1MZEdRZjVTUi1OZ2RMazhyZzIwVy1nM0JuQ1F4VDNKZFBjRXR2THdBeVRxUDJEdHVycEdVR29CQkxpYzM5al9wSmFxRERaMHNCYW05WEVhSGVsMmZTQmdKdlF4WWVyMw\" target=\"_blank\" title=\"Seguir a Tribuna no Google\">  <\/a> <\/div>\n<\/p><\/div>\n<p><a href=\"https:\/\/www.tribunapr.com.br\/noticias\/parana\/andrea-simao-e-eleita-reitora-da-uel-e-toma-posse-em-junho\/\">Fonte do Artigo <\/a><\/p>","protected":false},"excerpt":{"rendered":"<p>A Universidade Estadual de Londrina (UEL) elegeu os novos gestores para o quadri\u00eanio 2026\/2030. Os professores Andr\u00e9a Name Colado Sim\u00e3o e Miguel Belinati Piccirillo, da Chapa 1 (Nossa Casa UEL), foram eleitos reitora e vice-reitor, respectivamente, e assumem oficialmente os cargos no dia 10 de junho. A vit\u00f3ria foi consolidada com um \u00edndice de 41,08 [&hellip;]<\/p>\n","protected":false},"author":1,"featured_media":102670,"comment_status":"closed","ping_status":"","sticky":false,"template":"","format":"standard","meta":{"googlesitekit_rrm_CAow2JLhCw:productID":"","_gspb_post_css":"","maa_idioma":"","maa_pais":"","footnotes":""},"categories":[1],"tags":[9001,4424,15662,6082,26323,26322,8120,6285],"class_list":["post-102669","post","type-post","status-publish","format-standard","has-post-thumbnail","hentry","category-ubirata","tag-andrea","tag-eleita","tag-junho","tag-posse","tag-reitora","tag-simao","tag-toma","tag-uel"],"blocksy_meta":[],"yoast_head":"<!-- This site is optimized with the Yoast SEO Premium plugin v27.6 (Yoast SEO v27.6) - https:\/\/yoast.com\/product\/yoast-seo-premium-wordpress\/ -->\n<title>Andr\u00e9a Sim\u00e3o \u00e9 eleita reitora da UEL e toma posse em junho - Ubirat\u00e3 Online Not\u00edcias - A realidade ao seu alcance!<\/title>\n<meta name=\"description\" content=\"A Universidade Estadual de Londrina (UEL) elegeu os novos gestores para o quadri\u00eanio 2026\/2030. Os professores Andr\u00e9a Name Colado Sim\u00e3o e Miguel Belinati\" \/>\n<meta name=\"robots\" content=\"index, follow, max-snippet:-1, max-image-preview:large, max-video-preview:-1\" \/>\n<link rel=\"canonical\" href=\"https:\/\/ubirataonline.com.br\/en\/andrea-simao-e-eleita-reitora-da-uel-e-toma-posse-em-junho\/\" \/>\n<meta property=\"og:locale\" content=\"en_US\" \/>\n<meta property=\"og:type\" content=\"article\" \/>\n<meta property=\"og:title\" content=\"Andr\u00e9a Sim\u00e3o \u00e9 eleita reitora da UEL e toma posse em junho\" \/>\n<meta property=\"og:description\" content=\"A Universidade Estadual de Londrina (UEL) elegeu os novos gestores para o quadri\u00eanio 2026\/2030. Os professores Andr\u00e9a Name Colado Sim\u00e3o e Miguel Belinati\" \/>\n<meta property=\"og:url\" content=\"https:\/\/ubirataonline.com.br\/en\/andrea-simao-e-eleita-reitora-da-uel-e-toma-posse-em-junho\/\" \/>\n<meta property=\"og:site_name\" content=\"Ubirat\u00e3 Online Not\u00edcias - A realidade ao seu alcance!\" \/>\n<meta property=\"article:publisher\" content=\"https:\/\/www.facebook.com\/portalubirataonline\" \/>\n<meta property=\"article:author\" content=\"https:\/\/www.facebook.com\/portalubirataonline\" \/>\n<meta property=\"article:published_time\" content=\"2026-04-10T01:26:45+00:00\" \/>\n<meta property=\"article:modified_time\" content=\"2026-04-10T01:26:47+00:00\" \/>\n<meta property=\"og:image\" content=\"https:\/\/ubirataonline.com.br\/wp-content\/uploads\/2026\/04\/Andrea-Simao-e-eleita-reitora-da-UEL-e-toma-posse.jpg\" \/>\n\t<meta property=\"og:image:width\" content=\"1200\" \/>\n\t<meta property=\"og:image:height\" content=\"804\" \/>\n\t<meta property=\"og:image:type\" content=\"image\/jpeg\" \/>\n<meta name=\"author\" content=\"REDA\u00c7\u00c3O: UBIRAT\u00c3 ONLINE - F\u00c1BIO AUGUSTO CELESTINO\" \/>\n<meta name=\"twitter:card\" content=\"summary_large_image\" \/>\n<meta name=\"twitter:creator\" content=\"@x.com\/ubirataonline\" \/>\n<meta name=\"twitter:site\" content=\"@ubirataonline\" \/>\n<meta name=\"twitter:label1\" content=\"Written by\" \/>\n\t<meta name=\"twitter:data1\" content=\"REDA\u00c7\u00c3O: UBIRAT\u00c3 ONLINE - F\u00c1BIO AUGUSTO CELESTINO\" \/>\n\t<meta name=\"twitter:label2\" content=\"Est. reading time\" \/>\n\t<meta name=\"twitter:data2\" content=\"2 minutes\" \/>\n<script type=\"application\/ld+json\" class=\"yoast-schema-graph\">{\"@context\":\"https:\\\/\\\/schema.org\",\"@graph\":[{\"@type\":\"NewsArticle\",\"@id\":\"https:\\\/\\\/ubirataonline.com.br\\\/andrea-simao-e-eleita-reitora-da-uel-e-toma-posse-em-junho\\\/#article\",\"isPartOf\":{\"@id\":\"https:\\\/\\\/ubirataonline.com.br\\\/andrea-simao-e-eleita-reitora-da-uel-e-toma-posse-em-junho\\\/\"},\"author\":{\"name\":\"REDA\u00c7\u00c3O: UBIRAT\u00c3 ONLINE - F\u00c1BIO AUGUSTO CELESTINO\",\"@id\":\"https:\\\/\\\/ubirataonline.com.br\\\/#\\\/schema\\\/person\\\/372f87bbd3fdd79b8556b84c98d0bc1c\"},\"headline\":\"Andr\u00e9a Sim\u00e3o \u00e9 eleita reitora da UEL e toma posse em junho\",\"datePublished\":\"2026-04-10T01:26:45+00:00\",\"dateModified\":\"2026-04-10T01:26:47+00:00\",\"mainEntityOfPage\":{\"@id\":\"https:\\\/\\\/ubirataonline.com.br\\\/andrea-simao-e-eleita-reitora-da-uel-e-toma-posse-em-junho\\\/\"},\"wordCount\":371,\"publisher\":{\"@id\":\"https:\\\/\\\/ubirataonline.com.br\\\/#organization\"},\"image\":{\"@id\":\"https:\\\/\\\/ubirataonline.com.br\\\/andrea-simao-e-eleita-reitora-da-uel-e-toma-posse-em-junho\\\/#primaryimage\"},\"thumbnailUrl\":\"https:\\\/\\\/ubirataonline.com.br\\\/wp-content\\\/uploads\\\/2026\\\/04\\\/Andrea-Simao-e-eleita-reitora-da-UEL-e-toma-posse.jpg\",\"keywords\":[\"Andrea\",\"eleita\",\"junho\",\"posse\",\"reitora\",\"Sim\u00e3o\",\"toma\",\"UEL\"],\"articleSection\":[\"Ubirat\u00e3\"],\"inLanguage\":\"en-US\",\"copyrightYear\":\"2026\",\"copyrightHolder\":{\"@id\":\"https:\\\/\\\/ubirataonline.com.br\\\/en\\\/#organization\"}},{\"@type\":\"WebPage\",\"@id\":\"https:\\\/\\\/ubirataonline.com.br\\\/andrea-simao-e-eleita-reitora-da-uel-e-toma-posse-em-junho\\\/\",\"url\":\"https:\\\/\\\/ubirataonline.com.br\\\/andrea-simao-e-eleita-reitora-da-uel-e-toma-posse-em-junho\\\/\",\"name\":\"Andr\u00e9a Sim\u00e3o \u00e9 eleita reitora da UEL e toma posse em junho - Ubirat\u00e3 Online Not\u00edcias - A realidade ao seu alcance!\",\"isPartOf\":{\"@id\":\"https:\\\/\\\/ubirataonline.com.br\\\/#website\"},\"primaryImageOfPage\":{\"@id\":\"https:\\\/\\\/ubirataonline.com.br\\\/andrea-simao-e-eleita-reitora-da-uel-e-toma-posse-em-junho\\\/#primaryimage\"},\"image\":{\"@id\":\"https:\\\/\\\/ubirataonline.com.br\\\/andrea-simao-e-eleita-reitora-da-uel-e-toma-posse-em-junho\\\/#primaryimage\"},\"thumbnailUrl\":\"https:\\\/\\\/ubirataonline.com.br\\\/wp-content\\\/uploads\\\/2026\\\/04\\\/Andrea-Simao-e-eleita-reitora-da-UEL-e-toma-posse.jpg\",\"datePublished\":\"2026-04-10T01:26:45+00:00\",\"dateModified\":\"2026-04-10T01:26:47+00:00\",\"description\":\"A Universidade Estadual de Londrina (UEL) elegeu os novos gestores para o quadri\u00eanio 2026\\\/2030. Os professores Andr\u00e9a Name Colado Sim\u00e3o e Miguel Belinati\",\"breadcrumb\":{\"@id\":\"https:\\\/\\\/ubirataonline.com.br\\\/andrea-simao-e-eleita-reitora-da-uel-e-toma-posse-em-junho\\\/#breadcrumb\"},\"inLanguage\":\"en-US\",\"potentialAction\":[{\"@type\":\"ReadAction\",\"target\":[\"https:\\\/\\\/ubirataonline.com.br\\\/andrea-simao-e-eleita-reitora-da-uel-e-toma-posse-em-junho\\\/\"]}]},{\"@type\":\"ImageObject\",\"inLanguage\":\"en-US\",\"@id\":\"https:\\\/\\\/ubirataonline.com.br\\\/andrea-simao-e-eleita-reitora-da-uel-e-toma-posse-em-junho\\\/#primaryimage\",\"url\":\"https:\\\/\\\/ubirataonline.com.br\\\/wp-content\\\/uploads\\\/2026\\\/04\\\/Andrea-Simao-e-eleita-reitora-da-UEL-e-toma-posse.jpg\",\"contentUrl\":\"https:\\\/\\\/ubirataonline.com.br\\\/wp-content\\\/uploads\\\/2026\\\/04\\\/Andrea-Simao-e-eleita-reitora-da-UEL-e-toma-posse.jpg\",\"width\":1200,\"height\":804,\"caption\":\"Prof\u00aa. Dr\u00aa. Andr\u00e9a Name Colado Sim\u00e3o. Foto: Divulga\u00e7\u00e3o UEL\"},{\"@type\":\"BreadcrumbList\",\"@id\":\"https:\\\/\\\/ubirataonline.com.br\\\/andrea-simao-e-eleita-reitora-da-uel-e-toma-posse-em-junho\\\/#breadcrumb\",\"itemListElement\":[{\"@type\":\"ListItem\",\"position\":1,\"name\":\"In\u00edcio\",\"item\":\"https:\\\/\\\/ubirataonline.com.br\\\/\"},{\"@type\":\"ListItem\",\"position\":2,\"name\":\"Andr\u00e9a Sim\u00e3o \u00e9 eleita reitora da UEL e toma posse em junho\"}]},{\"@type\":\"WebSite\",\"@id\":\"https:\\\/\\\/ubirataonline.com.br\\\/#website\",\"url\":\"https:\\\/\\\/ubirataonline.com.br\\\/\",\"name\":\"Ubirat\u00e3 Online Not\u00edcias\",\"description\":\"Not\u00edcias de Ubirat\u00e3, regi\u00e3o, Brasil e mundo, com informa\u00e7\u00e3o atualizada e compromisso com o leitor.\",\"publisher\":{\"@id\":\"https:\\\/\\\/ubirataonline.com.br\\\/#organization\"},\"alternateName\":\"Ubirat\u00e3 Online\",\"potentialAction\":[{\"@type\":\"SearchAction\",\"target\":{\"@type\":\"EntryPoint\",\"urlTemplate\":\"https:\\\/\\\/ubirataonline.com.br\\\/?s={search_term_string}\"},\"query-input\":{\"@type\":\"PropertyValueSpecification\",\"valueRequired\":true,\"valueName\":\"search_term_string\"}}],\"inLanguage\":\"en-US\"},{\"@type\":[\"Organization\",\"Place\"],\"@id\":\"https:\\\/\\\/ubirataonline.com.br\\\/#organization\",\"name\":\"Ubirat\u00e3 Online Not\u00edcias\",\"alternateName\":\"Ubirat\u00e3 Online\",\"url\":\"https:\\\/\\\/ubirataonline.com.br\\\/\",\"logo\":{\"@id\":\"https:\\\/\\\/ubirataonline.com.br\\\/andrea-simao-e-eleita-reitora-da-uel-e-toma-posse-em-junho\\\/#local-main-organization-logo\"},\"image\":{\"@id\":\"https:\\\/\\\/ubirataonline.com.br\\\/andrea-simao-e-eleita-reitora-da-uel-e-toma-posse-em-junho\\\/#local-main-organization-logo\"},\"sameAs\":[\"https:\\\/\\\/www.facebook.com\\\/portalubirataonline\",\"https:\\\/\\\/x.com\\\/ubirataonline\",\"https:\\\/\\\/mastodon.social\\\/@ubirataonline\",\"https:\\\/\\\/www.facebook.com\\\/groups\\\/311144672285604\",\"https:\\\/\\\/www.facebook.com\\\/UBTAOnline\",\"https:\\\/\\\/www.instagram.com\\\/portalubirataonline\\\/\",\"https:\\\/\\\/twitter.com\\\/ubirataonline\"],\"description\":\"Somos um portal de not\u00edcias independente, criado em 5 de janeiro de 2009, com o objetivo de informar, conectar e valorizar a nossa comunidade de Ubirat\u00e3 e toda aregi\u00e3o. Com conte\u00fado atualizado, confi\u00e1vel e relevante, o Ubirat\u00e3 Online \u00e9 o seu espa\u00e7o para ficar por dentro dos principais acontecimentos locais, regionais, Brasil, Mundo e de interesse geral. Nosso compromisso \u00e9 com a verdade, a transpar\u00eancia e o respeito ao leitor.\",\"legalName\":\"UBIRATA ONLINE NOT\u00cdCIAS\",\"foundingDate\":\"2009-01-05\",\"numberOfEmployees\":{\"@type\":\"QuantitativeValue\",\"minValue\":\"1\",\"maxValue\":\"10\"},\"publishingPrinciples\":\"https:\\\/\\\/ubirataonline.com.br\\\/faq\\\/\",\"address\":{\"@id\":\"https:\\\/\\\/ubirataonline.com.br\\\/andrea-simao-e-eleita-reitora-da-uel-e-toma-posse-em-junho\\\/#local-main-place-address\"},\"geo\":{\"@type\":\"GeoCoordinates\",\"latitude\":\"-24.5361401\",\"longitude\":\"-52.9921776\"},\"telephone\":[\"+5544998308235\"],\"contactPoint\":{\"@type\":\"ContactPoint\",\"email\":\"contato@ubirataonline.com.br\"},\"openingHoursSpecification\":{\"@type\":\"OpeningHoursSpecification\",\"dayOfWeek\":[\"Monday\",\"Tuesday\",\"Wednesday\",\"Thursday\",\"Friday\",\"Saturday\",\"Sunday\"],\"opens\":\"00:00\",\"closes\":\"23:59\"},\"email\":\"contato@ubirataonline.com.br\",\"vatID\":\"47.621.418\\\/0001-80\"},{\"@type\":\"Person\",\"@id\":\"https:\\\/\\\/ubirataonline.com.br\\\/#\\\/schema\\\/person\\\/372f87bbd3fdd79b8556b84c98d0bc1c\",\"name\":\"REDA\u00c7\u00c3O: UBIRAT\u00c3 ONLINE - F\u00c1BIO AUGUSTO CELESTINO\",\"pronouns\":\"Ele\",\"description\":\"Desde 2003 trabalhando com not\u00edcias.\",\"sameAs\":[\"http:\\\/\\\/ubirataoline.com.br\",\"https:\\\/\\\/www.facebook.com\\\/portalubirataonline\",\"https:\\\/\\\/www.instagram.com\\\/ubirataonline_oficial\",\"https:\\\/\\\/x.com\\\/x.com\\\/ubirataonline\"],\"honorificPrefix\":\"Mr.\",\"honorificSuffix\":\"MD\",\"birthDate\":\"1980-06-16\",\"gender\":\"masculino\",\"award\":[\"V\u00e1rios pr\u00eamios de melhor portal da cidade\"],\"jobTitle\":\"Diretor\",\"url\":\"https:\\\/\\\/ubirataonline.com.br\\\/en\\\/author\\\/ubirataonline\\\/\"},{\"@type\":\"PostalAddress\",\"@id\":\"https:\\\/\\\/ubirataonline.com.br\\\/andrea-simao-e-eleita-reitora-da-uel-e-toma-posse-em-junho\\\/#local-main-place-address\",\"streetAddress\":\"Rua dos Coqueiros, 104 - Bairro Boa Vista, Rua dos Coqueiros, 104 Bairro Boa Vista\",\"addressLocality\":\"UBIRATA\",\"postalCode\":\"85440-000\",\"addressRegion\":\"PR\",\"addressCountry\":\"BR\"},{\"@type\":\"ImageObject\",\"inLanguage\":\"en-US\",\"@id\":\"https:\\\/\\\/ubirataonline.com.br\\\/andrea-simao-e-eleita-reitora-da-uel-e-toma-posse-em-junho\\\/#local-main-organization-logo\",\"url\":\"https:\\\/\\\/ubirataonline.com.br\\\/wp-content\\\/uploads\\\/2026\\\/06\\\/logoubirataonline-1.webp\",\"contentUrl\":\"https:\\\/\\\/ubirataonline.com.br\\\/wp-content\\\/uploads\\\/2026\\\/06\\\/logoubirataonline-1.webp\",\"width\":500,\"height\":500,\"caption\":\"Ubirat\u00e3 Online Not\u00edcias\"}]}<\/script>\n<meta name=\"geo.placename\" content=\"UBIRATA\" \/>\n<meta name=\"geo.position\" content=\"-24.5361401;-52.9921776\" \/>\n<meta name=\"geo.region\" content=\"Brazil\" \/>\n<!-- \/ Yoast SEO Premium plugin. -->","yoast_head_json":{"title":"Andr\u00e9a Sim\u00e3o \u00e9 eleita reitora da UEL e toma posse em junho - Ubirat\u00e3 Online Not\u00edcias - A realidade ao seu alcance!","description":"A Universidade Estadual de Londrina (UEL) elegeu os novos gestores para o quadri\u00eanio 2026\/2030. Os professores Andr\u00e9a Name Colado Sim\u00e3o e Miguel Belinati","robots":{"index":"index","follow":"follow","max-snippet":"max-snippet:-1","max-image-preview":"max-image-preview:large","max-video-preview":"max-video-preview:-1"},"canonical":"https:\/\/ubirataonline.com.br\/en\/andrea-simao-e-eleita-reitora-da-uel-e-toma-posse-em-junho\/","og_locale":"en_US","og_type":"article","og_title":"Andr\u00e9a Sim\u00e3o \u00e9 eleita reitora da UEL e toma posse em junho","og_description":"A Universidade Estadual de Londrina (UEL) elegeu os novos gestores para o quadri\u00eanio 2026\/2030. Os professores Andr\u00e9a Name Colado Sim\u00e3o e Miguel Belinati","og_url":"https:\/\/ubirataonline.com.br\/en\/andrea-simao-e-eleita-reitora-da-uel-e-toma-posse-em-junho\/","og_site_name":"Ubirat\u00e3 Online Not\u00edcias - A realidade ao seu alcance!","article_publisher":"https:\/\/www.facebook.com\/portalubirataonline","article_author":"https:\/\/www.facebook.com\/portalubirataonline","article_published_time":"2026-04-10T01:26:45+00:00","article_modified_time":"2026-04-10T01:26:47+00:00","og_image":[{"width":1200,"height":804,"url":"https:\/\/ubirataonline.com.br\/wp-content\/uploads\/2026\/04\/Andrea-Simao-e-eleita-reitora-da-UEL-e-toma-posse.jpg","type":"image\/jpeg"}],"author":"REDA\u00c7\u00c3O: UBIRAT\u00c3 ONLINE - F\u00c1BIO AUGUSTO CELESTINO","twitter_card":"summary_large_image","twitter_creator":"@x.com\/ubirataonline","twitter_site":"@ubirataonline","twitter_misc":{"Written by":"REDA\u00c7\u00c3O: UBIRAT\u00c3 ONLINE - F\u00c1BIO AUGUSTO CELESTINO","Est. reading time":"2 minutes"},"schema":{"@context":"https:\/\/schema.org","@graph":[{"@type":"NewsArticle","@id":"https:\/\/ubirataonline.com.br\/andrea-simao-e-eleita-reitora-da-uel-e-toma-posse-em-junho\/#article","isPartOf":{"@id":"https:\/\/ubirataonline.com.br\/andrea-simao-e-eleita-reitora-da-uel-e-toma-posse-em-junho\/"},"author":{"name":"REDA\u00c7\u00c3O: UBIRAT\u00c3 ONLINE - F\u00c1BIO AUGUSTO CELESTINO","@id":"https:\/\/ubirataonline.com.br\/#\/schema\/person\/372f87bbd3fdd79b8556b84c98d0bc1c"},"headline":"Andr\u00e9a Sim\u00e3o \u00e9 eleita reitora da UEL e toma posse em junho","datePublished":"2026-04-10T01:26:45+00:00","dateModified":"2026-04-10T01:26:47+00:00","mainEntityOfPage":{"@id":"https:\/\/ubirataonline.com.br\/andrea-simao-e-eleita-reitora-da-uel-e-toma-posse-em-junho\/"},"wordCount":371,"publisher":{"@id":"https:\/\/ubirataonline.com.br\/#organization"},"image":{"@id":"https:\/\/ubirataonline.com.br\/andrea-simao-e-eleita-reitora-da-uel-e-toma-posse-em-junho\/#primaryimage"},"thumbnailUrl":"https:\/\/ubirataonline.com.br\/wp-content\/uploads\/2026\/04\/Andrea-Simao-e-eleita-reitora-da-UEL-e-toma-posse.jpg","keywords":["Andrea","eleita","junho","posse","reitora","Sim\u00e3o","toma","UEL"],"articleSection":["Ubirat\u00e3"],"inLanguage":"en-US","copyrightYear":"2026","copyrightHolder":{"@id":"https:\/\/ubirataonline.com.br\/en\/#organization"}},{"@type":"WebPage","@id":"https:\/\/ubirataonline.com.br\/andrea-simao-e-eleita-reitora-da-uel-e-toma-posse-em-junho\/","url":"https:\/\/ubirataonline.com.br\/andrea-simao-e-eleita-reitora-da-uel-e-toma-posse-em-junho\/","name":"Andr\u00e9a Sim\u00e3o \u00e9 eleita reitora da UEL e toma posse em junho - Ubirat\u00e3 Online Not\u00edcias - A realidade ao seu alcance!","isPartOf":{"@id":"https:\/\/ubirataonline.com.br\/#website"},"primaryImageOfPage":{"@id":"https:\/\/ubirataonline.com.br\/andrea-simao-e-eleita-reitora-da-uel-e-toma-posse-em-junho\/#primaryimage"},"image":{"@id":"https:\/\/ubirataonline.com.br\/andrea-simao-e-eleita-reitora-da-uel-e-toma-posse-em-junho\/#primaryimage"},"thumbnailUrl":"https:\/\/ubirataonline.com.br\/wp-content\/uploads\/2026\/04\/Andrea-Simao-e-eleita-reitora-da-UEL-e-toma-posse.jpg","datePublished":"2026-04-10T01:26:45+00:00","dateModified":"2026-04-10T01:26:47+00:00","description":"A Universidade Estadual de Londrina (UEL) elegeu os novos gestores para o quadri\u00eanio 2026\/2030. Os professores Andr\u00e9a Name Colado Sim\u00e3o e Miguel Belinati","breadcrumb":{"@id":"https:\/\/ubirataonline.com.br\/andrea-simao-e-eleita-reitora-da-uel-e-toma-posse-em-junho\/#breadcrumb"},"inLanguage":"en-US","potentialAction":[{"@type":"ReadAction","target":["https:\/\/ubirataonline.com.br\/andrea-simao-e-eleita-reitora-da-uel-e-toma-posse-em-junho\/"]}]},{"@type":"ImageObject","inLanguage":"en-US","@id":"https:\/\/ubirataonline.com.br\/andrea-simao-e-eleita-reitora-da-uel-e-toma-posse-em-junho\/#primaryimage","url":"https:\/\/ubirataonline.com.br\/wp-content\/uploads\/2026\/04\/Andrea-Simao-e-eleita-reitora-da-UEL-e-toma-posse.jpg","contentUrl":"https:\/\/ubirataonline.com.br\/wp-content\/uploads\/2026\/04\/Andrea-Simao-e-eleita-reitora-da-UEL-e-toma-posse.jpg","width":1200,"height":804,"caption":"Prof\u00aa. Dr\u00aa. Andr\u00e9a Name Colado Sim\u00e3o. Foto: Divulga\u00e7\u00e3o UEL"},{"@type":"BreadcrumbList","@id":"https:\/\/ubirataonline.com.br\/andrea-simao-e-eleita-reitora-da-uel-e-toma-posse-em-junho\/#breadcrumb","itemListElement":[{"@type":"ListItem","position":1,"name":"In\u00edcio","item":"https:\/\/ubirataonline.com.br\/"},{"@type":"ListItem","position":2,"name":"Andr\u00e9a Sim\u00e3o \u00e9 eleita reitora da UEL e toma posse em junho"}]},{"@type":"WebSite","@id":"https:\/\/ubirataonline.com.br\/#website","url":"https:\/\/ubirataonline.com.br\/","name":"Ubirat\u00e3 Online Not\u00edcias","description":"Not\u00edcias de Ubirat\u00e3, regi\u00e3o, Brasil e mundo, com informa\u00e7\u00e3o atualizada e compromisso com o leitor.","publisher":{"@id":"https:\/\/ubirataonline.com.br\/#organization"},"alternateName":"Ubirat\u00e3 Online","potentialAction":[{"@type":"SearchAction","target":{"@type":"EntryPoint","urlTemplate":"https:\/\/ubirataonline.com.br\/?s={search_term_string}"},"query-input":{"@type":"PropertyValueSpecification","valueRequired":true,"valueName":"search_term_string"}}],"inLanguage":"en-US"},{"@type":["Organization","Place"],"@id":"https:\/\/ubirataonline.com.br\/#organization","name":"Ubirat\u00e3 Online Not\u00edcias","alternateName":"Ubirat\u00e3 Online","url":"https:\/\/ubirataonline.com.br\/","logo":{"@id":"https:\/\/ubirataonline.com.br\/andrea-simao-e-eleita-reitora-da-uel-e-toma-posse-em-junho\/#local-main-organization-logo"},"image":{"@id":"https:\/\/ubirataonline.com.br\/andrea-simao-e-eleita-reitora-da-uel-e-toma-posse-em-junho\/#local-main-organization-logo"},"sameAs":["https:\/\/www.facebook.com\/portalubirataonline","https:\/\/x.com\/ubirataonline","https:\/\/mastodon.social\/@ubirataonline","https:\/\/www.facebook.com\/groups\/311144672285604","https:\/\/www.facebook.com\/UBTAOnline","https:\/\/www.instagram.com\/portalubirataonline\/","https:\/\/twitter.com\/ubirataonline"],"description":"Somos um portal de not\u00edcias independente, criado em 5 de janeiro de 2009, com o objetivo de informar, conectar e valorizar a nossa comunidade de Ubirat\u00e3 e toda aregi\u00e3o. Com conte\u00fado atualizado, confi\u00e1vel e relevante, o Ubirat\u00e3 Online \u00e9 o seu espa\u00e7o para ficar por dentro dos principais acontecimentos locais, regionais, Brasil, Mundo e de interesse geral. Nosso compromisso \u00e9 com a verdade, a transpar\u00eancia e o respeito ao leitor.","legalName":"UBIRATA ONLINE NOT\u00cdCIAS","foundingDate":"2009-01-05","numberOfEmployees":{"@type":"QuantitativeValue","minValue":"1","maxValue":"10"},"publishingPrinciples":"https:\/\/ubirataonline.com.br\/faq\/","address":{"@id":"https:\/\/ubirataonline.com.br\/andrea-simao-e-eleita-reitora-da-uel-e-toma-posse-em-junho\/#local-main-place-address"},"geo":{"@type":"GeoCoordinates","latitude":"-24.5361401","longitude":"-52.9921776"},"telephone":["+5544998308235"],"contactPoint":{"@type":"ContactPoint","email":"contato@ubirataonline.com.br"},"openingHoursSpecification":{"@type":"OpeningHoursSpecification","dayOfWeek":["Monday","Tuesday","Wednesday","Thursday","Friday","Saturday","Sunday"],"opens":"00:00","closes":"23:59"},"email":"contato@ubirataonline.com.br","vatID":"47.621.418\/0001-80"},{"@type":"Person","@id":"https:\/\/ubirataonline.com.br\/#\/schema\/person\/372f87bbd3fdd79b8556b84c98d0bc1c","name":"REDA\u00c7\u00c3O: UBIRAT\u00c3 ONLINE - F\u00c1BIO AUGUSTO CELESTINO","pronouns":"Ele","description":"Desde 2003 trabalhando com not\u00edcias.","sameAs":["http:\/\/ubirataoline.com.br","https:\/\/www.facebook.com\/portalubirataonline","https:\/\/www.instagram.com\/ubirataonline_oficial","https:\/\/x.com\/x.com\/ubirataonline"],"honorificPrefix":"Mr.","honorificSuffix":"MD","birthDate":"1980-06-16","gender":"masculino","award":["V\u00e1rios pr\u00eamios de melhor portal da cidade"],"jobTitle":"Diretor","url":"https:\/\/ubirataonline.com.br\/en\/author\/ubirataonline\/"},{"@type":"PostalAddress","@id":"https:\/\/ubirataonline.com.br\/andrea-simao-e-eleita-reitora-da-uel-e-toma-posse-em-junho\/#local-main-place-address","streetAddress":"Rua dos Coqueiros, 104 - Bairro Boa Vista, Rua dos Coqueiros, 104 Bairro Boa Vista","addressLocality":"UBIRATA","postalCode":"85440-000","addressRegion":"PR","addressCountry":"BR"},{"@type":"ImageObject","inLanguage":"en-US","@id":"https:\/\/ubirataonline.com.br\/andrea-simao-e-eleita-reitora-da-uel-e-toma-posse-em-junho\/#local-main-organization-logo","url":"https:\/\/ubirataonline.com.br\/wp-content\/uploads\/2026\/06\/logoubirataonline-1.webp","contentUrl":"https:\/\/ubirataonline.com.br\/wp-content\/uploads\/2026\/06\/logoubirataonline-1.webp","width":500,"height":500,"caption":"Ubirat\u00e3 Online Not\u00edcias"}]},"geo.placename":"UBIRATA","geo.position":{"lat":"-24.5361401","long":"-52.9921776"},"geo.region":"Brazil"},"_links":{"self":[{"href":"https:\/\/ubirataonline.com.br\/en\/wp-json\/wp\/v2\/posts\/102669","targetHints":{"allow":["GET"]}}],"collection":[{"href":"https:\/\/ubirataonline.com.br\/en\/wp-json\/wp\/v2\/posts"}],"about":[{"href":"https:\/\/ubirataonline.com.br\/en\/wp-json\/wp\/v2\/types\/post"}],"author":[{"embeddable":true,"href":"https:\/\/ubirataonline.com.br\/en\/wp-json\/wp\/v2\/users\/1"}],"replies":[{"embeddable":true,"href":"https:\/\/ubirataonline.com.br\/en\/wp-json\/wp\/v2\/comments?post=102669"}],"version-history":[{"count":0,"href":"https:\/\/ubirataonline.com.br\/en\/wp-json\/wp\/v2\/posts\/102669\/revisions"}],"wp:featuredmedia":[{"embeddable":true,"href":"https:\/\/ubirataonline.com.br\/en\/wp-json\/wp\/v2\/media\/102670"}],"wp:attachment":[{"href":"https:\/\/ubirataonline.com.br\/en\/wp-json\/wp\/v2\/media?parent=102669"}],"wp:term":[{"taxonomy":"category","embeddable":true,"href":"https:\/\/ubirataonline.com.br\/en\/wp-json\/wp\/v2\/categories?post=102669"},{"taxonomy":"post_tag","embeddable":true,"href":"https:\/\/ubirataonline.com.br\/en\/wp-json\/wp\/v2\/tags?post=102669"}],"curies":[{"name":"wp","href":"https:\/\/api.w.org\/{rel}","templated":true}]}}