{"id":102680,"date":"2026-04-09T22:35:35","date_gmt":"2026-04-10T01:35:35","guid":{"rendered":"https:\/\/ubirataonline.com.br\/francisco-zanicotti-e-reconduzido-ao-cargo-de-procurador-geral-de-justica-do-ministerio-publico-do-parana\/"},"modified":"2026-04-09T22:35:37","modified_gmt":"2026-04-10T01:35:37","slug":"francisco-zanicotti-e-reconduzido-ao-cargo-de-procurador-geral-de-justica-do-ministerio-publico-do-parana","status":"publish","type":"post","link":"https:\/\/ubirataonline.com.br\/en\/francisco-zanicotti-e-reconduzido-ao-cargo-de-procurador-geral-de-justica-do-ministerio-publico-do-parana\/","title":{"rendered":"Francisco Zanicotti \u00e9 reconduzido ao cargo de Procurador-Geral de Justi\u00e7a do Minist\u00e9rio P\u00fablico do Paran\u00e1"},"content":{"rendered":"<p><\/p>\n<div>\n<p>Pelo MPPR, o Subprocurador-Geral de Justi\u00e7a para Assuntos Jur\u00eddicos, Armando Antonio Sobreiro Neto, o Subprocurador-Geral de Justi\u00e7a Para Assuntos Administrativos, Maximiliano Ribeiro Deliberador, a Subprocuradora-Geral de Justi\u00e7a Para Assuntos de Planejamento Institucional, Terezinha de Jesus Souza Signorini, a Subcorregedora-Geral, Jacqueline Batisti, o Coordenador Estadual do Grupo de Atua\u00e7\u00e3o Especial de Combate ao Crime Organizado (Gaeco), Cl\u00e1udio Rubino Zuan Esteves, a Diretora-Secret\u00e1ria da Procuradoria-Geral de Justi\u00e7a, Nayani Kelly Garcia, a Coordenadora-Geral da Escola Superior, Fernanda da Silva Soares, e o Coordenador de Assuntos Institucionais, Ronaldo de Paula Mion.<\/p>\n<p>Estavam presentes ainda o 1\u00ba e o 2\u00ba Vice-Presidente do TJPR, Hayton Lee Swiain Filho e F\u00e1bio Haick Dalla Vecchia; a Deputada Federal Rosang\u00eala Moro; o Procurador-Geral do Estado, Luciano Borges dos Santos; a Controladora-Geral do Estado, Louise da Costa e Silva; a Diretora-Geral da Procuradoria-Geral do Estado, L\u00facia Helena Cachoeira; a Diretora da Receita Estadual do Paran\u00e1, Suzane Gambetta Dobjenski; o Diretor-Geral da Pol\u00edcia Cient\u00edfica, Ciro Jos\u00e9 Cardoso Pimenta; o Secret\u00e1rio de Estado da Fazenda, Norberto Anacleto Ortigara, o Secret\u00e1rio de Estado da Seguran\u00e7a P\u00fablica, Saulo de Tarso Silva; o Secret\u00e1rio de Justi\u00e7a e Cidadania, Valdemar Bernardo Jorge; o Superintendente Regional da Pol\u00edcia Federal o Paran\u00e1, Rivaldo Ven\u00e2ncio; o Comandante-Geral da Pol\u00edcia Militar do Estado, Jefferson Silva; o Comandante Geral do Corpo de Bombeiros Militar, Ant\u00f4nio Geraldo Lino; o Delegado-Geral da Pol\u00edcia Civil do Estado, Silvio Jacob Rockembach; o Ex-Secret\u00e1rio das Cidades Guto Silva; representando a Assessoria Militar, Major D\u00e9bora Cristina Scremin de Oliveira; os Prefeitos de Campo Magro, Rilton Boza, de Guaratuba, Maur\u00edcio Lense, de Colombo, Helder Luiz Lazarotto, de Miraselva, Jo\u00e3o Marcos Ferrer, e de Apucarana, Rodolfo Mota; o Vice-Prefeito de Pira\u00ed do Sul, Wagner Zadra; o Presidente da C\u00e2mara de Vereadores de Apucarana, Danilo Acyoli; o Presidente da Funda\u00e7\u00e3o Escola do Minist\u00e9rio P\u00fablico (Fempar), Alexandre Ramalho de Farias; o Gerente-Geral da Fempar, Acir Bueno de Camargo; o Vice-Presidente da APMP, Rodrigo Leite Cabral; a 2\u00aa Vice-Presidente da APMP, Elhanei Librelotto; o Presidente do Ipardes, Jorge Augusto Calado Afonso; o Presidente da Fundaseg, Renan Barbosa Ferreira; a Diretora-Geral da Secretaria de Estado da Justi\u00e7a e Cidadania, Fabiana Cristina Romanelli; o Diretor-Geral da Secretaria de Estado da Ci\u00eancia, Tecnologia e Ensino Superior, Jamil Abdanur J\u00fanior; o Diretor-Geral da Secretaria de Estado da Mulher e Igualdade Racial, Diego Buligon; o Presidente da Associa\u00e7\u00e3o dos Servidores do MPPR, Vitor Alberto Fontoura Rodrigues; a Presidente do Sindicato dos Servidores do MPPR, Priscilla Maia, e o Diretor Jur\u00eddico da Itaipu Binacional Luiz Fernando Delazari.<\/p>\n<\/div>\n<p><a href=\"https:\/\/mppr.mp.br\/Noticia\/Francisco-Zanicotti-e-reconduzido-ao-cargo-de-Procurador-Geral-de-Justica-do-Ministerio\">Source link <\/a><\/p>","protected":false},"excerpt":{"rendered":"<p>Pelo MPPR, o Subprocurador-Geral de Justi\u00e7a para Assuntos Jur\u00eddicos, Armando Antonio Sobreiro Neto, o Subprocurador-Geral de Justi\u00e7a Para Assuntos Administrativos, Maximiliano Ribeiro Deliberador, a Subprocuradora-Geral de Justi\u00e7a Para Assuntos de Planejamento Institucional, Terezinha de Jesus Souza Signorini, a Subcorregedora-Geral, Jacqueline Batisti, o Coordenador Estadual do Grupo de Atua\u00e7\u00e3o Especial de Combate ao Crime Organizado (Gaeco), [&hellip;]<\/p>\n","protected":false},"author":1,"featured_media":102681,"comment_status":"closed","ping_status":"","sticky":false,"template":"","format":"standard","meta":{"googlesitekit_rrm_CAow2JLhCw:productID":"","_gspb_post_css":"","maa_idioma":"","maa_pais":"","footnotes":""},"categories":[1],"tags":[4373,6550,3684,3438,90,4443,3439,26328,6551],"class_list":["post-102680","post","type-post","status-publish","format-standard","has-post-thumbnail","hentry","category-ubirata","tag-cargo","tag-francisco","tag-justica","tag-ministerio","tag-parana","tag-procuradorgeral","tag-publico","tag-reconduzido","tag-zanicotti"],"blocksy_meta":[],"yoast_head":"<!-- This site is optimized with the Yoast SEO Premium plugin v27.6 (Yoast SEO v27.6) - https:\/\/yoast.com\/product\/yoast-seo-premium-wordpress\/ -->\n<title>Francisco Zanicotti \u00e9 reconduzido ao cargo de Procurador-Geral de Justi\u00e7a do Minist\u00e9rio P\u00fablico do Paran\u00e1 - Ubirat\u00e3 Online Not\u00edcias - A realidade ao seu alcance!<\/title>\n<meta name=\"description\" content=\"Pelo MPPR, o Subprocurador-Geral de Justi\u00e7a para Assuntos Jur\u00eddicos, Armando Antonio Sobreiro Neto, o Subprocurador-Geral de Justi\u00e7a Para Assuntos\" \/>\n<meta name=\"robots\" content=\"index, follow, max-snippet:-1, max-image-preview:large, max-video-preview:-1\" \/>\n<link rel=\"canonical\" href=\"https:\/\/ubirataonline.com.br\/en\/francisco-zanicotti-e-reconduzido-ao-cargo-de-procurador-geral-de-justica-do-ministerio-publico-do-parana\/\" \/>\n<meta property=\"og:locale\" content=\"en_US\" \/>\n<meta property=\"og:type\" content=\"article\" \/>\n<meta property=\"og:title\" content=\"Francisco Zanicotti \u00e9 reconduzido ao cargo de Procurador-Geral de Justi\u00e7a do Minist\u00e9rio P\u00fablico do Paran\u00e1\" \/>\n<meta property=\"og:description\" content=\"Pelo MPPR, o Subprocurador-Geral de Justi\u00e7a para Assuntos Jur\u00eddicos, Armando Antonio Sobreiro Neto, o Subprocurador-Geral de Justi\u00e7a Para Assuntos\" \/>\n<meta property=\"og:url\" content=\"https:\/\/ubirataonline.com.br\/en\/francisco-zanicotti-e-reconduzido-ao-cargo-de-procurador-geral-de-justica-do-ministerio-publico-do-parana\/\" \/>\n<meta property=\"og:site_name\" content=\"Ubirat\u00e3 Online Not\u00edcias - A realidade ao seu alcance!\" \/>\n<meta property=\"article:publisher\" content=\"https:\/\/www.facebook.com\/portalubirataonline\" \/>\n<meta property=\"article:author\" content=\"https:\/\/www.facebook.com\/portalubirataonline\" \/>\n<meta property=\"article:published_time\" content=\"2026-04-10T01:35:35+00:00\" \/>\n<meta property=\"article:modified_time\" content=\"2026-04-10T01:35:37+00:00\" \/>\n<meta property=\"og:image\" content=\"https:\/\/ubirataonline.com.br\/wp-content\/uploads\/2026\/04\/Francisco-Zanicotti-e-reconduzido-ao-cargo-de-Procurador-Geral-de-Justica.jpg\" \/>\n\t<meta property=\"og:image:width\" content=\"675\" \/>\n\t<meta property=\"og:image:height\" content=\"450\" \/>\n\t<meta property=\"og:image:type\" content=\"image\/jpeg\" \/>\n<meta name=\"author\" content=\"REDA\u00c7\u00c3O: UBIRAT\u00c3 ONLINE - F\u00c1BIO AUGUSTO CELESTINO\" \/>\n<meta name=\"twitter:card\" content=\"summary_large_image\" \/>\n<meta name=\"twitter:creator\" content=\"@x.com\/ubirataonline\" \/>\n<meta name=\"twitter:site\" content=\"@ubirataonline\" \/>\n<meta name=\"twitter:label1\" content=\"Written by\" \/>\n\t<meta name=\"twitter:data1\" content=\"REDA\u00c7\u00c3O: UBIRAT\u00c3 ONLINE - F\u00c1BIO AUGUSTO CELESTINO\" \/>\n\t<meta name=\"twitter:label2\" content=\"Est. reading time\" \/>\n\t<meta name=\"twitter:data2\" content=\"2 minutes\" \/>\n<script type=\"application\/ld+json\" class=\"yoast-schema-graph\">{\"@context\":\"https:\\\/\\\/schema.org\",\"@graph\":[{\"@type\":\"NewsArticle\",\"@id\":\"https:\\\/\\\/ubirataonline.com.br\\\/francisco-zanicotti-e-reconduzido-ao-cargo-de-procurador-geral-de-justica-do-ministerio-publico-do-parana\\\/#article\",\"isPartOf\":{\"@id\":\"https:\\\/\\\/ubirataonline.com.br\\\/francisco-zanicotti-e-reconduzido-ao-cargo-de-procurador-geral-de-justica-do-ministerio-publico-do-parana\\\/\"},\"author\":{\"name\":\"REDA\u00c7\u00c3O: UBIRAT\u00c3 ONLINE - F\u00c1BIO AUGUSTO CELESTINO\",\"@id\":\"https:\\\/\\\/ubirataonline.com.br\\\/#\\\/schema\\\/person\\\/372f87bbd3fdd79b8556b84c98d0bc1c\"},\"headline\":\"Francisco Zanicotti \u00e9 reconduzido ao cargo de Procurador-Geral de Justi\u00e7a do Minist\u00e9rio P\u00fablico do Paran\u00e1\",\"datePublished\":\"2026-04-10T01:35:35+00:00\",\"dateModified\":\"2026-04-10T01:35:37+00:00\",\"mainEntityOfPage\":{\"@id\":\"https:\\\/\\\/ubirataonline.com.br\\\/francisco-zanicotti-e-reconduzido-ao-cargo-de-procurador-geral-de-justica-do-ministerio-publico-do-parana\\\/\"},\"wordCount\":462,\"publisher\":{\"@id\":\"https:\\\/\\\/ubirataonline.com.br\\\/#organization\"},\"image\":{\"@id\":\"https:\\\/\\\/ubirataonline.com.br\\\/francisco-zanicotti-e-reconduzido-ao-cargo-de-procurador-geral-de-justica-do-ministerio-publico-do-parana\\\/#primaryimage\"},\"thumbnailUrl\":\"https:\\\/\\\/ubirataonline.com.br\\\/wp-content\\\/uploads\\\/2026\\\/04\\\/Francisco-Zanicotti-e-reconduzido-ao-cargo-de-Procurador-Geral-de-Justica.jpg\",\"keywords\":[\"cargo\",\"Francisco\",\"Justi\u00e7a\",\"Minist\u00e9rio\",\"paran\u00e1\",\"ProcuradorGeral\",\"P\u00fablico\",\"reconduzido\",\"Zanicotti\"],\"articleSection\":[\"Ubirat\u00e3\"],\"inLanguage\":\"en-US\",\"copyrightYear\":\"2026\",\"copyrightHolder\":{\"@id\":\"https:\\\/\\\/ubirataonline.com.br\\\/en\\\/#organization\"}},{\"@type\":\"WebPage\",\"@id\":\"https:\\\/\\\/ubirataonline.com.br\\\/francisco-zanicotti-e-reconduzido-ao-cargo-de-procurador-geral-de-justica-do-ministerio-publico-do-parana\\\/\",\"url\":\"https:\\\/\\\/ubirataonline.com.br\\\/francisco-zanicotti-e-reconduzido-ao-cargo-de-procurador-geral-de-justica-do-ministerio-publico-do-parana\\\/\",\"name\":\"Francisco Zanicotti \u00e9 reconduzido ao cargo de Procurador-Geral de Justi\u00e7a do Minist\u00e9rio P\u00fablico do Paran\u00e1 - Ubirat\u00e3 Online Not\u00edcias - A realidade ao seu alcance!\",\"isPartOf\":{\"@id\":\"https:\\\/\\\/ubirataonline.com.br\\\/#website\"},\"primaryImageOfPage\":{\"@id\":\"https:\\\/\\\/ubirataonline.com.br\\\/francisco-zanicotti-e-reconduzido-ao-cargo-de-procurador-geral-de-justica-do-ministerio-publico-do-parana\\\/#primaryimage\"},\"image\":{\"@id\":\"https:\\\/\\\/ubirataonline.com.br\\\/francisco-zanicotti-e-reconduzido-ao-cargo-de-procurador-geral-de-justica-do-ministerio-publico-do-parana\\\/#primaryimage\"},\"thumbnailUrl\":\"https:\\\/\\\/ubirataonline.com.br\\\/wp-content\\\/uploads\\\/2026\\\/04\\\/Francisco-Zanicotti-e-reconduzido-ao-cargo-de-Procurador-Geral-de-Justica.jpg\",\"datePublished\":\"2026-04-10T01:35:35+00:00\",\"dateModified\":\"2026-04-10T01:35:37+00:00\",\"description\":\"Pelo MPPR, o Subprocurador-Geral de Justi\u00e7a para Assuntos Jur\u00eddicos, Armando Antonio Sobreiro Neto, o Subprocurador-Geral de Justi\u00e7a Para Assuntos\",\"breadcrumb\":{\"@id\":\"https:\\\/\\\/ubirataonline.com.br\\\/francisco-zanicotti-e-reconduzido-ao-cargo-de-procurador-geral-de-justica-do-ministerio-publico-do-parana\\\/#breadcrumb\"},\"inLanguage\":\"en-US\",\"potentialAction\":[{\"@type\":\"ReadAction\",\"target\":[\"https:\\\/\\\/ubirataonline.com.br\\\/francisco-zanicotti-e-reconduzido-ao-cargo-de-procurador-geral-de-justica-do-ministerio-publico-do-parana\\\/\"]}]},{\"@type\":\"ImageObject\",\"inLanguage\":\"en-US\",\"@id\":\"https:\\\/\\\/ubirataonline.com.br\\\/francisco-zanicotti-e-reconduzido-ao-cargo-de-procurador-geral-de-justica-do-ministerio-publico-do-parana\\\/#primaryimage\",\"url\":\"https:\\\/\\\/ubirataonline.com.br\\\/wp-content\\\/uploads\\\/2026\\\/04\\\/Francisco-Zanicotti-e-reconduzido-ao-cargo-de-Procurador-Geral-de-Justica.jpg\",\"contentUrl\":\"https:\\\/\\\/ubirataonline.com.br\\\/wp-content\\\/uploads\\\/2026\\\/04\\\/Francisco-Zanicotti-e-reconduzido-ao-cargo-de-Procurador-Geral-de-Justica.jpg\",\"width\":675,\"height\":450,\"caption\":\"Francisco Zanicotti \u00e9 reconduzido ao cargo de Procurador-Geral de Justi\u00e7a do Minist\u00e9rio P\u00fablico do Paran\u00e1\"},{\"@type\":\"BreadcrumbList\",\"@id\":\"https:\\\/\\\/ubirataonline.com.br\\\/francisco-zanicotti-e-reconduzido-ao-cargo-de-procurador-geral-de-justica-do-ministerio-publico-do-parana\\\/#breadcrumb\",\"itemListElement\":[{\"@type\":\"ListItem\",\"position\":1,\"name\":\"In\u00edcio\",\"item\":\"https:\\\/\\\/ubirataonline.com.br\\\/\"},{\"@type\":\"ListItem\",\"position\":2,\"name\":\"Francisco Zanicotti \u00e9 reconduzido ao cargo de Procurador-Geral de Justi\u00e7a do Minist\u00e9rio P\u00fablico do Paran\u00e1\"}]},{\"@type\":\"WebSite\",\"@id\":\"https:\\\/\\\/ubirataonline.com.br\\\/#website\",\"url\":\"https:\\\/\\\/ubirataonline.com.br\\\/\",\"name\":\"Ubirat\u00e3 Online Not\u00edcias\",\"description\":\"Not\u00edcias de Ubirat\u00e3, regi\u00e3o, Brasil e mundo, com informa\u00e7\u00e3o atualizada e compromisso com o leitor.\",\"publisher\":{\"@id\":\"https:\\\/\\\/ubirataonline.com.br\\\/#organization\"},\"alternateName\":\"Ubirat\u00e3 Online\",\"potentialAction\":[{\"@type\":\"SearchAction\",\"target\":{\"@type\":\"EntryPoint\",\"urlTemplate\":\"https:\\\/\\\/ubirataonline.com.br\\\/?s={search_term_string}\"},\"query-input\":{\"@type\":\"PropertyValueSpecification\",\"valueRequired\":true,\"valueName\":\"search_term_string\"}}],\"inLanguage\":\"en-US\"},{\"@type\":[\"Organization\",\"Place\"],\"@id\":\"https:\\\/\\\/ubirataonline.com.br\\\/#organization\",\"name\":\"Ubirat\u00e3 Online Not\u00edcias\",\"alternateName\":\"Ubirat\u00e3 Online\",\"url\":\"https:\\\/\\\/ubirataonline.com.br\\\/\",\"logo\":{\"@id\":\"https:\\\/\\\/ubirataonline.com.br\\\/francisco-zanicotti-e-reconduzido-ao-cargo-de-procurador-geral-de-justica-do-ministerio-publico-do-parana\\\/#local-main-organization-logo\"},\"image\":{\"@id\":\"https:\\\/\\\/ubirataonline.com.br\\\/francisco-zanicotti-e-reconduzido-ao-cargo-de-procurador-geral-de-justica-do-ministerio-publico-do-parana\\\/#local-main-organization-logo\"},\"sameAs\":[\"https:\\\/\\\/www.facebook.com\\\/portalubirataonline\",\"https:\\\/\\\/x.com\\\/ubirataonline\",\"https:\\\/\\\/mastodon.social\\\/@ubirataonline\",\"https:\\\/\\\/www.facebook.com\\\/groups\\\/311144672285604\",\"https:\\\/\\\/www.facebook.com\\\/UBTAOnline\",\"https:\\\/\\\/www.instagram.com\\\/portalubirataonline\\\/\",\"https:\\\/\\\/twitter.com\\\/ubirataonline\"],\"description\":\"Somos um portal de not\u00edcias independente, criado em 5 de janeiro de 2009, com o objetivo de informar, conectar e valorizar a nossa comunidade de Ubirat\u00e3 e toda aregi\u00e3o. Com conte\u00fado atualizado, confi\u00e1vel e relevante, o Ubirat\u00e3 Online \u00e9 o seu espa\u00e7o para ficar por dentro dos principais acontecimentos locais, regionais, Brasil, Mundo e de interesse geral. Nosso compromisso \u00e9 com a verdade, a transpar\u00eancia e o respeito ao leitor.\",\"legalName\":\"UBIRATA ONLINE NOT\u00cdCIAS\",\"foundingDate\":\"2009-01-05\",\"numberOfEmployees\":{\"@type\":\"QuantitativeValue\",\"minValue\":\"1\",\"maxValue\":\"10\"},\"publishingPrinciples\":\"https:\\\/\\\/ubirataonline.com.br\\\/faq\\\/\",\"address\":{\"@id\":\"https:\\\/\\\/ubirataonline.com.br\\\/francisco-zanicotti-e-reconduzido-ao-cargo-de-procurador-geral-de-justica-do-ministerio-publico-do-parana\\\/#local-main-place-address\"},\"geo\":{\"@type\":\"GeoCoordinates\",\"latitude\":\"-24.5361401\",\"longitude\":\"-52.9921776\"},\"telephone\":[\"+5544998308235\"],\"contactPoint\":{\"@type\":\"ContactPoint\",\"email\":\"contato@ubirataonline.com.br\"},\"openingHoursSpecification\":{\"@type\":\"OpeningHoursSpecification\",\"dayOfWeek\":[\"Monday\",\"Tuesday\",\"Wednesday\",\"Thursday\",\"Friday\",\"Saturday\",\"Sunday\"],\"opens\":\"00:00\",\"closes\":\"23:59\"},\"email\":\"contato@ubirataonline.com.br\",\"vatID\":\"47.621.418\\\/0001-80\"},{\"@type\":\"Person\",\"@id\":\"https:\\\/\\\/ubirataonline.com.br\\\/#\\\/schema\\\/person\\\/372f87bbd3fdd79b8556b84c98d0bc1c\",\"name\":\"REDA\u00c7\u00c3O: UBIRAT\u00c3 ONLINE - F\u00c1BIO AUGUSTO CELESTINO\",\"pronouns\":\"Ele\",\"description\":\"Desde 2003 trabalhando com not\u00edcias.\",\"sameAs\":[\"http:\\\/\\\/ubirataoline.com.br\",\"https:\\\/\\\/www.facebook.com\\\/portalubirataonline\",\"https:\\\/\\\/www.instagram.com\\\/ubirataonline_oficial\",\"https:\\\/\\\/x.com\\\/x.com\\\/ubirataonline\"],\"honorificPrefix\":\"Mr.\",\"honorificSuffix\":\"MD\",\"birthDate\":\"1980-06-16\",\"gender\":\"masculino\",\"award\":[\"V\u00e1rios pr\u00eamios de melhor portal da cidade\"],\"jobTitle\":\"Diretor\",\"url\":\"https:\\\/\\\/ubirataonline.com.br\\\/en\\\/author\\\/ubirataonline\\\/\"},{\"@type\":\"PostalAddress\",\"@id\":\"https:\\\/\\\/ubirataonline.com.br\\\/francisco-zanicotti-e-reconduzido-ao-cargo-de-procurador-geral-de-justica-do-ministerio-publico-do-parana\\\/#local-main-place-address\",\"streetAddress\":\"Rua dos Coqueiros, 104 - Bairro Boa Vista, Rua dos Coqueiros, 104 Bairro Boa Vista\",\"addressLocality\":\"UBIRATA\",\"postalCode\":\"85440-000\",\"addressRegion\":\"PR\",\"addressCountry\":\"BR\"},{\"@type\":\"ImageObject\",\"inLanguage\":\"en-US\",\"@id\":\"https:\\\/\\\/ubirataonline.com.br\\\/francisco-zanicotti-e-reconduzido-ao-cargo-de-procurador-geral-de-justica-do-ministerio-publico-do-parana\\\/#local-main-organization-logo\",\"url\":\"https:\\\/\\\/ubirataonline.com.br\\\/wp-content\\\/uploads\\\/2026\\\/06\\\/logoubirataonline-1.webp\",\"contentUrl\":\"https:\\\/\\\/ubirataonline.com.br\\\/wp-content\\\/uploads\\\/2026\\\/06\\\/logoubirataonline-1.webp\",\"width\":500,\"height\":500,\"caption\":\"Ubirat\u00e3 Online Not\u00edcias\"}]}<\/script>\n<meta name=\"geo.placename\" content=\"UBIRATA\" \/>\n<meta name=\"geo.position\" content=\"-24.5361401;-52.9921776\" \/>\n<meta name=\"geo.region\" content=\"Brazil\" \/>\n<!-- \/ Yoast SEO Premium plugin. -->","yoast_head_json":{"title":"Francisco Zanicotti \u00e9 reconduzido ao cargo de Procurador-Geral de Justi\u00e7a do Minist\u00e9rio P\u00fablico do Paran\u00e1 - Ubirat\u00e3 Online Not\u00edcias - A realidade ao seu alcance!","description":"Pelo MPPR, o Subprocurador-Geral de Justi\u00e7a para Assuntos Jur\u00eddicos, Armando Antonio Sobreiro Neto, o Subprocurador-Geral de Justi\u00e7a Para Assuntos","robots":{"index":"index","follow":"follow","max-snippet":"max-snippet:-1","max-image-preview":"max-image-preview:large","max-video-preview":"max-video-preview:-1"},"canonical":"https:\/\/ubirataonline.com.br\/en\/francisco-zanicotti-e-reconduzido-ao-cargo-de-procurador-geral-de-justica-do-ministerio-publico-do-parana\/","og_locale":"en_US","og_type":"article","og_title":"Francisco Zanicotti \u00e9 reconduzido ao cargo de Procurador-Geral de Justi\u00e7a do Minist\u00e9rio P\u00fablico do Paran\u00e1","og_description":"Pelo MPPR, o Subprocurador-Geral de Justi\u00e7a para Assuntos Jur\u00eddicos, Armando Antonio Sobreiro Neto, o Subprocurador-Geral de Justi\u00e7a Para Assuntos","og_url":"https:\/\/ubirataonline.com.br\/en\/francisco-zanicotti-e-reconduzido-ao-cargo-de-procurador-geral-de-justica-do-ministerio-publico-do-parana\/","og_site_name":"Ubirat\u00e3 Online Not\u00edcias - A realidade ao seu alcance!","article_publisher":"https:\/\/www.facebook.com\/portalubirataonline","article_author":"https:\/\/www.facebook.com\/portalubirataonline","article_published_time":"2026-04-10T01:35:35+00:00","article_modified_time":"2026-04-10T01:35:37+00:00","og_image":[{"width":675,"height":450,"url":"https:\/\/ubirataonline.com.br\/wp-content\/uploads\/2026\/04\/Francisco-Zanicotti-e-reconduzido-ao-cargo-de-Procurador-Geral-de-Justica.jpg","type":"image\/jpeg"}],"author":"REDA\u00c7\u00c3O: UBIRAT\u00c3 ONLINE - F\u00c1BIO AUGUSTO CELESTINO","twitter_card":"summary_large_image","twitter_creator":"@x.com\/ubirataonline","twitter_site":"@ubirataonline","twitter_misc":{"Written by":"REDA\u00c7\u00c3O: UBIRAT\u00c3 ONLINE - F\u00c1BIO AUGUSTO CELESTINO","Est. reading time":"2 minutes"},"schema":{"@context":"https:\/\/schema.org","@graph":[{"@type":"NewsArticle","@id":"https:\/\/ubirataonline.com.br\/francisco-zanicotti-e-reconduzido-ao-cargo-de-procurador-geral-de-justica-do-ministerio-publico-do-parana\/#article","isPartOf":{"@id":"https:\/\/ubirataonline.com.br\/francisco-zanicotti-e-reconduzido-ao-cargo-de-procurador-geral-de-justica-do-ministerio-publico-do-parana\/"},"author":{"name":"REDA\u00c7\u00c3O: UBIRAT\u00c3 ONLINE - F\u00c1BIO AUGUSTO CELESTINO","@id":"https:\/\/ubirataonline.com.br\/#\/schema\/person\/372f87bbd3fdd79b8556b84c98d0bc1c"},"headline":"Francisco Zanicotti \u00e9 reconduzido ao cargo de Procurador-Geral de Justi\u00e7a do Minist\u00e9rio P\u00fablico do Paran\u00e1","datePublished":"2026-04-10T01:35:35+00:00","dateModified":"2026-04-10T01:35:37+00:00","mainEntityOfPage":{"@id":"https:\/\/ubirataonline.com.br\/francisco-zanicotti-e-reconduzido-ao-cargo-de-procurador-geral-de-justica-do-ministerio-publico-do-parana\/"},"wordCount":462,"publisher":{"@id":"https:\/\/ubirataonline.com.br\/#organization"},"image":{"@id":"https:\/\/ubirataonline.com.br\/francisco-zanicotti-e-reconduzido-ao-cargo-de-procurador-geral-de-justica-do-ministerio-publico-do-parana\/#primaryimage"},"thumbnailUrl":"https:\/\/ubirataonline.com.br\/wp-content\/uploads\/2026\/04\/Francisco-Zanicotti-e-reconduzido-ao-cargo-de-Procurador-Geral-de-Justica.jpg","keywords":["cargo","Francisco","Justi\u00e7a","Minist\u00e9rio","paran\u00e1","ProcuradorGeral","P\u00fablico","reconduzido","Zanicotti"],"articleSection":["Ubirat\u00e3"],"inLanguage":"en-US","copyrightYear":"2026","copyrightHolder":{"@id":"https:\/\/ubirataonline.com.br\/en\/#organization"}},{"@type":"WebPage","@id":"https:\/\/ubirataonline.com.br\/francisco-zanicotti-e-reconduzido-ao-cargo-de-procurador-geral-de-justica-do-ministerio-publico-do-parana\/","url":"https:\/\/ubirataonline.com.br\/francisco-zanicotti-e-reconduzido-ao-cargo-de-procurador-geral-de-justica-do-ministerio-publico-do-parana\/","name":"Francisco Zanicotti \u00e9 reconduzido ao cargo de Procurador-Geral de Justi\u00e7a do Minist\u00e9rio P\u00fablico do Paran\u00e1 - Ubirat\u00e3 Online Not\u00edcias - A realidade ao seu alcance!","isPartOf":{"@id":"https:\/\/ubirataonline.com.br\/#website"},"primaryImageOfPage":{"@id":"https:\/\/ubirataonline.com.br\/francisco-zanicotti-e-reconduzido-ao-cargo-de-procurador-geral-de-justica-do-ministerio-publico-do-parana\/#primaryimage"},"image":{"@id":"https:\/\/ubirataonline.com.br\/francisco-zanicotti-e-reconduzido-ao-cargo-de-procurador-geral-de-justica-do-ministerio-publico-do-parana\/#primaryimage"},"thumbnailUrl":"https:\/\/ubirataonline.com.br\/wp-content\/uploads\/2026\/04\/Francisco-Zanicotti-e-reconduzido-ao-cargo-de-Procurador-Geral-de-Justica.jpg","datePublished":"2026-04-10T01:35:35+00:00","dateModified":"2026-04-10T01:35:37+00:00","description":"Pelo MPPR, o Subprocurador-Geral de Justi\u00e7a para Assuntos Jur\u00eddicos, Armando Antonio Sobreiro Neto, o Subprocurador-Geral de Justi\u00e7a Para Assuntos","breadcrumb":{"@id":"https:\/\/ubirataonline.com.br\/francisco-zanicotti-e-reconduzido-ao-cargo-de-procurador-geral-de-justica-do-ministerio-publico-do-parana\/#breadcrumb"},"inLanguage":"en-US","potentialAction":[{"@type":"ReadAction","target":["https:\/\/ubirataonline.com.br\/francisco-zanicotti-e-reconduzido-ao-cargo-de-procurador-geral-de-justica-do-ministerio-publico-do-parana\/"]}]},{"@type":"ImageObject","inLanguage":"en-US","@id":"https:\/\/ubirataonline.com.br\/francisco-zanicotti-e-reconduzido-ao-cargo-de-procurador-geral-de-justica-do-ministerio-publico-do-parana\/#primaryimage","url":"https:\/\/ubirataonline.com.br\/wp-content\/uploads\/2026\/04\/Francisco-Zanicotti-e-reconduzido-ao-cargo-de-Procurador-Geral-de-Justica.jpg","contentUrl":"https:\/\/ubirataonline.com.br\/wp-content\/uploads\/2026\/04\/Francisco-Zanicotti-e-reconduzido-ao-cargo-de-Procurador-Geral-de-Justica.jpg","width":675,"height":450,"caption":"Francisco Zanicotti \u00e9 reconduzido ao cargo de Procurador-Geral de Justi\u00e7a do Minist\u00e9rio P\u00fablico do Paran\u00e1"},{"@type":"BreadcrumbList","@id":"https:\/\/ubirataonline.com.br\/francisco-zanicotti-e-reconduzido-ao-cargo-de-procurador-geral-de-justica-do-ministerio-publico-do-parana\/#breadcrumb","itemListElement":[{"@type":"ListItem","position":1,"name":"In\u00edcio","item":"https:\/\/ubirataonline.com.br\/"},{"@type":"ListItem","position":2,"name":"Francisco Zanicotti \u00e9 reconduzido ao cargo de Procurador-Geral de Justi\u00e7a do Minist\u00e9rio P\u00fablico do Paran\u00e1"}]},{"@type":"WebSite","@id":"https:\/\/ubirataonline.com.br\/#website","url":"https:\/\/ubirataonline.com.br\/","name":"Ubirat\u00e3 Online Not\u00edcias","description":"Not\u00edcias de Ubirat\u00e3, regi\u00e3o, Brasil e mundo, com informa\u00e7\u00e3o atualizada e compromisso com o leitor.","publisher":{"@id":"https:\/\/ubirataonline.com.br\/#organization"},"alternateName":"Ubirat\u00e3 Online","potentialAction":[{"@type":"SearchAction","target":{"@type":"EntryPoint","urlTemplate":"https:\/\/ubirataonline.com.br\/?s={search_term_string}"},"query-input":{"@type":"PropertyValueSpecification","valueRequired":true,"valueName":"search_term_string"}}],"inLanguage":"en-US"},{"@type":["Organization","Place"],"@id":"https:\/\/ubirataonline.com.br\/#organization","name":"Ubirat\u00e3 Online Not\u00edcias","alternateName":"Ubirat\u00e3 Online","url":"https:\/\/ubirataonline.com.br\/","logo":{"@id":"https:\/\/ubirataonline.com.br\/francisco-zanicotti-e-reconduzido-ao-cargo-de-procurador-geral-de-justica-do-ministerio-publico-do-parana\/#local-main-organization-logo"},"image":{"@id":"https:\/\/ubirataonline.com.br\/francisco-zanicotti-e-reconduzido-ao-cargo-de-procurador-geral-de-justica-do-ministerio-publico-do-parana\/#local-main-organization-logo"},"sameAs":["https:\/\/www.facebook.com\/portalubirataonline","https:\/\/x.com\/ubirataonline","https:\/\/mastodon.social\/@ubirataonline","https:\/\/www.facebook.com\/groups\/311144672285604","https:\/\/www.facebook.com\/UBTAOnline","https:\/\/www.instagram.com\/portalubirataonline\/","https:\/\/twitter.com\/ubirataonline"],"description":"Somos um portal de not\u00edcias independente, criado em 5 de janeiro de 2009, com o objetivo de informar, conectar e valorizar a nossa comunidade de Ubirat\u00e3 e toda aregi\u00e3o. Com conte\u00fado atualizado, confi\u00e1vel e relevante, o Ubirat\u00e3 Online \u00e9 o seu espa\u00e7o para ficar por dentro dos principais acontecimentos locais, regionais, Brasil, Mundo e de interesse geral. Nosso compromisso \u00e9 com a verdade, a transpar\u00eancia e o respeito ao leitor.","legalName":"UBIRATA ONLINE NOT\u00cdCIAS","foundingDate":"2009-01-05","numberOfEmployees":{"@type":"QuantitativeValue","minValue":"1","maxValue":"10"},"publishingPrinciples":"https:\/\/ubirataonline.com.br\/faq\/","address":{"@id":"https:\/\/ubirataonline.com.br\/francisco-zanicotti-e-reconduzido-ao-cargo-de-procurador-geral-de-justica-do-ministerio-publico-do-parana\/#local-main-place-address"},"geo":{"@type":"GeoCoordinates","latitude":"-24.5361401","longitude":"-52.9921776"},"telephone":["+5544998308235"],"contactPoint":{"@type":"ContactPoint","email":"contato@ubirataonline.com.br"},"openingHoursSpecification":{"@type":"OpeningHoursSpecification","dayOfWeek":["Monday","Tuesday","Wednesday","Thursday","Friday","Saturday","Sunday"],"opens":"00:00","closes":"23:59"},"email":"contato@ubirataonline.com.br","vatID":"47.621.418\/0001-80"},{"@type":"Person","@id":"https:\/\/ubirataonline.com.br\/#\/schema\/person\/372f87bbd3fdd79b8556b84c98d0bc1c","name":"REDA\u00c7\u00c3O: UBIRAT\u00c3 ONLINE - F\u00c1BIO AUGUSTO CELESTINO","pronouns":"Ele","description":"Desde 2003 trabalhando com not\u00edcias.","sameAs":["http:\/\/ubirataoline.com.br","https:\/\/www.facebook.com\/portalubirataonline","https:\/\/www.instagram.com\/ubirataonline_oficial","https:\/\/x.com\/x.com\/ubirataonline"],"honorificPrefix":"Mr.","honorificSuffix":"MD","birthDate":"1980-06-16","gender":"masculino","award":["V\u00e1rios pr\u00eamios de melhor portal da cidade"],"jobTitle":"Diretor","url":"https:\/\/ubirataonline.com.br\/en\/author\/ubirataonline\/"},{"@type":"PostalAddress","@id":"https:\/\/ubirataonline.com.br\/francisco-zanicotti-e-reconduzido-ao-cargo-de-procurador-geral-de-justica-do-ministerio-publico-do-parana\/#local-main-place-address","streetAddress":"Rua dos Coqueiros, 104 - Bairro Boa Vista, Rua dos Coqueiros, 104 Bairro Boa Vista","addressLocality":"UBIRATA","postalCode":"85440-000","addressRegion":"PR","addressCountry":"BR"},{"@type":"ImageObject","inLanguage":"en-US","@id":"https:\/\/ubirataonline.com.br\/francisco-zanicotti-e-reconduzido-ao-cargo-de-procurador-geral-de-justica-do-ministerio-publico-do-parana\/#local-main-organization-logo","url":"https:\/\/ubirataonline.com.br\/wp-content\/uploads\/2026\/06\/logoubirataonline-1.webp","contentUrl":"https:\/\/ubirataonline.com.br\/wp-content\/uploads\/2026\/06\/logoubirataonline-1.webp","width":500,"height":500,"caption":"Ubirat\u00e3 Online Not\u00edcias"}]},"geo.placename":"UBIRATA","geo.position":{"lat":"-24.5361401","long":"-52.9921776"},"geo.region":"Brazil"},"_links":{"self":[{"href":"https:\/\/ubirataonline.com.br\/en\/wp-json\/wp\/v2\/posts\/102680","targetHints":{"allow":["GET"]}}],"collection":[{"href":"https:\/\/ubirataonline.com.br\/en\/wp-json\/wp\/v2\/posts"}],"about":[{"href":"https:\/\/ubirataonline.com.br\/en\/wp-json\/wp\/v2\/types\/post"}],"author":[{"embeddable":true,"href":"https:\/\/ubirataonline.com.br\/en\/wp-json\/wp\/v2\/users\/1"}],"replies":[{"embeddable":true,"href":"https:\/\/ubirataonline.com.br\/en\/wp-json\/wp\/v2\/comments?post=102680"}],"version-history":[{"count":0,"href":"https:\/\/ubirataonline.com.br\/en\/wp-json\/wp\/v2\/posts\/102680\/revisions"}],"wp:featuredmedia":[{"embeddable":true,"href":"https:\/\/ubirataonline.com.br\/en\/wp-json\/wp\/v2\/media\/102681"}],"wp:attachment":[{"href":"https:\/\/ubirataonline.com.br\/en\/wp-json\/wp\/v2\/media?parent=102680"}],"wp:term":[{"taxonomy":"category","embeddable":true,"href":"https:\/\/ubirataonline.com.br\/en\/wp-json\/wp\/v2\/categories?post=102680"},{"taxonomy":"post_tag","embeddable":true,"href":"https:\/\/ubirataonline.com.br\/en\/wp-json\/wp\/v2\/tags?post=102680"}],"curies":[{"name":"wp","href":"https:\/\/api.w.org\/{rel}","templated":true}]}}