{"id":102730,"date":"2026-04-09T23:39:39","date_gmt":"2026-04-10T02:39:39","guid":{"rendered":"https:\/\/ubirataonline.com.br\/ultima-temporada-de-the-good-doctor-teve-protagonista-como-diretor-e-fim-forcado\/"},"modified":"2026-04-09T23:39:41","modified_gmt":"2026-04-10T02:39:41","slug":"ultima-temporada-de-the-good-doctor-teve-protagonista-como-diretor-e-fim-forcado","status":"publish","type":"post","link":"https:\/\/ubirataonline.com.br\/en\/ultima-temporada-de-the-good-doctor-teve-protagonista-como-diretor-e-fim-forcado\/","title":{"rendered":"\u00daltima temporada de The Good Doctor teve protagonista como diretor e fim for\u00e7ado"},"content":{"rendered":"<p><\/p>\n<div>\n<p><span class=\"highlight\">A <a href=\"https:\/\/natelinha.uol.com.br\/televisao\/emissoras\/globo\">Globo<\/a> estreia nesta quinta-feira (9), a s\u00e9tima e \u00faltima temporada da s\u00e9rie The Good Doctor &#8211; O Bom Doutor<\/span>. O seriado protagonizado por Freddie Highmore vai ao ar semanalmente e teve o pr\u00f3prio astro \u00e0 frente de um dos epis\u00f3dios. O motivo? O diretor estava doente.<\/p>\n<div id=\"first_mobile\" style=\"text-align:center; margin: 20px 0;\" class=\"banner_conteudo first_mobile\">\n<p>continua depois da publicidade<\/p>\n<\/p><\/div>\n<p>The Good Doctor contou com algumas particularidades em sua temporada derradeira. Ela \u00e9 a que tem o menor n\u00famero de epis\u00f3dios. No total, foram 10. Na pen\u00faltima, contou com 22. &#8220;Por que terminar agora? Bem, a ABC [emissora que transmitiu] nos disse que era a hora de terminar&#8221;, lamentou a co-showrunner e produtora executiva Liz Friedman, numa entrevista concedida \u00e0 TV Insider, em 2024.<\/p>\n<p>&#8220;Inicialmente, planej\u00e1vamos 13 epis\u00f3dios, mas acabamos fazendo 10. \u00c9 uma pena. Mas acho que conseguimos entregar um final realmente bom&#8221;, ponderou. O fim da s\u00e9rie pegou o espectador de surpresa. Ela liderava entre os programas de entretenimento exibidos \u00e0s 22h entre o p\u00fablico de 18 a 49 anos &#8211; mais importante para o mercado publicit\u00e1rio &#8211; e se esperava que ela tivesse vida mais longa.<\/p>\n<div style=\"text-align:center; margin: 20px 0;\" class=\"banner_conteudo\">\n<p>continua depois da publicidade<\/p>\n<\/p><\/div>\n<h2>The Good Doctor \u00e9 adapta\u00e7\u00e3o sul-coreana<\/h2>\n<\/p>\n<p>Um dos grandes hits da TV americana, o seriado, na realidade, \u00e9 uma adapta\u00e7\u00e3o da Coreia do Sul. Trata-se de uma adapta\u00e7\u00e3o de Good Doctor, drama asi\u00e1tico exibido pela ela KBS2 em 2013. O original teve 20 epis\u00f3dios, foi protagonizado por Joo Won no papel de Park Shi-on e acompanhava um jovem m\u00e9dico autista com s\u00edndrome de savant tentando se firmar na cirurgia pedi\u00e1trica em meio a preconceito e desconfian\u00e7a dentro do hospital.<\/p>\n<p>The Good Doctor conseguiu um feito in\u00e9dito: foi a primeira adapta\u00e7\u00e3o sul-coreana a entrar no hor\u00e1rio nobre de uma grande rede americana na fall season, temporada de estreias que v\u00e3o ao ar no outono, entre setembro e novembro, nos Estados Unidos. \u00c9 a mais importante.<\/p>\n<div style=\"text-align:center; margin: 20px 0;\" class=\"banner_conteudo\">\n<p>continua depois da publicidade<\/p>\n<\/p><\/div>\n<p>Nos Estados Unidos, contudo ganhou o conceito de &#8220;obra aberta&#8221; como as novelas brasileiras, diferente do formato exibido na Coreia do Sul.<\/p>\n<h3>O desempenho de The Good Doctor na Globo<\/h3>\n<p>Sucesso na Terra do Tio Sam, Canad\u00e1 e Europa, a s\u00e9rie venceu, em 2019, o International TV Audience Award na categoria drama, pr\u00eamio ligado ao Festival de TV de Monte-Carlo. Na soma de audi\u00eancia em 63 territ\u00f3rios, conseguiu alcan\u00e7ar 47,4 milh\u00f5es de espectadores e ficou \u00e0 frente de Grey&#8217;s Anatomy.<\/p>\n<p>Veja a m\u00e9dia geral da s\u00e9rie na Globo desde a estreia, em 2019:<\/p>\n<div style=\"text-align:center; margin: 20px 0;\" class=\"banner_conteudo\">\n<p>continua depois da publicidade<\/p>\n<\/p><\/div>\n<blockquote>\n<div class=\"content\">\n<p class=\"cit\">2019 &#8211; 13,3 pontos <br alt=\"\u00daltima temporada de The Good Doctor teve protagonista como diretor e fim for\u00e7ado\"\/>2020 &#8211; 12,7 <br alt=\"\u00daltima temporada de The Good Doctor teve protagonista como diretor e fim for\u00e7ado\"\/>2021 &#8211; 10,8 <br alt=\"\u00daltima temporada de The Good Doctor teve protagonista como diretor e fim for\u00e7ado\"\/>2022 &#8211; 9,7 <br alt=\"\u00daltima temporada de The Good Doctor teve protagonista como diretor e fim for\u00e7ado\"\/>2023 &#8211; 8,8 <br alt=\"\u00daltima temporada de The Good Doctor teve protagonista como diretor e fim for\u00e7ado\"\/>2024 &#8211; 8,4<\/p>\n<\/div>\n<\/blockquote><\/div>\n<p><a href=\"https:\/\/natelinha.uol.com.br\/series\/2026\/04\/09\/ultima-temporada-de-the-good-doctor-teve-protagonista-como-diretor-e-fim-forcado-240415.php\">Fonte do Artigo <\/a><\/p>\n","protected":false},"excerpt":{"rendered":"<p>A Globo estreia nesta quinta-feira (9), a s\u00e9tima e \u00faltima temporada da s\u00e9rie The Good Doctor &#8211; O Bom Doutor. O seriado protagonizado por Freddie Highmore vai ao ar semanalmente e teve o pr\u00f3prio astro \u00e0 frente de um dos epis\u00f3dios. O motivo? O diretor estava doente. continua depois da publicidade The Good Doctor contou [&hellip;]<\/p>\n","protected":false},"author":1,"featured_media":102731,"comment_status":"closed","ping_status":"","sticky":false,"template":"","format":"standard","meta":{"googlesitekit_rrm_CAow2JLhCw:productID":"","_gspb_post_css":"","maa_idioma":"","maa_pais":"","footnotes":""},"categories":[4],"tags":[3564,9258,10127,3531,26346,3408,16869,4435,22741,3520],"class_list":["post-102730","post","type-post","status-publish","format-standard","has-post-thumbnail","hentry","category-brasil","tag-como","tag-diretor","tag-doctor","tag-fim","tag-forcado","tag-good","tag-protagonista","tag-temporada","tag-teve","tag-ultima"],"blocksy_meta":[],"yoast_head":"<!-- This site is optimized with the Yoast SEO Premium plugin v27.6 (Yoast SEO v27.6) - https:\/\/yoast.com\/product\/yoast-seo-premium-wordpress\/ -->\n<title>\u00daltima temporada de The Good Doctor teve protagonista como diretor e fim for\u00e7ado - Ubirat\u00e3 Online Not\u00edcias - A realidade ao seu alcance!<\/title>\n<meta name=\"description\" content=\"A Globo estreia nesta quinta-feira (9), a s\u00e9tima e \u00faltima temporada da s\u00e9rie The Good Doctor - O Bom Doutor. O seriado protagonizado por Freddie Highmore\" \/>\n<meta name=\"robots\" content=\"index, follow, max-snippet:-1, max-image-preview:large, max-video-preview:-1\" \/>\n<link rel=\"canonical\" href=\"https:\/\/ubirataonline.com.br\/en\/ultima-temporada-de-the-good-doctor-teve-protagonista-como-diretor-e-fim-forcado\/\" \/>\n<meta property=\"og:locale\" content=\"en_US\" \/>\n<meta property=\"og:type\" content=\"article\" \/>\n<meta property=\"og:title\" content=\"\u00daltima temporada de The Good Doctor teve protagonista como diretor e fim for\u00e7ado\" \/>\n<meta property=\"og:description\" content=\"A Globo estreia nesta quinta-feira (9), a s\u00e9tima e \u00faltima temporada da s\u00e9rie The Good Doctor - O Bom Doutor. O seriado protagonizado por Freddie Highmore\" \/>\n<meta property=\"og:url\" content=\"https:\/\/ubirataonline.com.br\/en\/ultima-temporada-de-the-good-doctor-teve-protagonista-como-diretor-e-fim-forcado\/\" \/>\n<meta property=\"og:site_name\" content=\"Ubirat\u00e3 Online Not\u00edcias - A realidade ao seu alcance!\" \/>\n<meta property=\"article:publisher\" content=\"https:\/\/www.facebook.com\/portalubirataonline\" \/>\n<meta property=\"article:author\" content=\"https:\/\/www.facebook.com\/portalubirataonline\" \/>\n<meta property=\"article:published_time\" content=\"2026-04-10T02:39:39+00:00\" \/>\n<meta property=\"article:modified_time\" content=\"2026-04-10T02:39:41+00:00\" \/>\n<meta property=\"og:image\" content=\"https:\/\/ubirataonline.com.br\/wp-content\/uploads\/2026\/04\/Ultima-temporada-de-The-Good-Doctor-teve-protagonista-como-diretor.jpeg\" \/>\n\t<meta property=\"og:image:width\" content=\"1280\" \/>\n\t<meta property=\"og:image:height\" content=\"720\" \/>\n\t<meta property=\"og:image:type\" content=\"image\/jpeg\" \/>\n<meta name=\"author\" content=\"REDA\u00c7\u00c3O: UBIRAT\u00c3 ONLINE - F\u00c1BIO AUGUSTO CELESTINO\" \/>\n<meta name=\"twitter:card\" content=\"summary_large_image\" \/>\n<meta name=\"twitter:creator\" content=\"@x.com\/ubirataonline\" \/>\n<meta name=\"twitter:site\" content=\"@ubirataonline\" \/>\n<meta name=\"twitter:label1\" content=\"Written by\" \/>\n\t<meta name=\"twitter:data1\" content=\"REDA\u00c7\u00c3O: UBIRAT\u00c3 ONLINE - F\u00c1BIO AUGUSTO CELESTINO\" \/>\n\t<meta name=\"twitter:label2\" content=\"Est. reading time\" \/>\n\t<meta name=\"twitter:data2\" content=\"2 minutes\" \/>\n<script type=\"application\/ld+json\" class=\"yoast-schema-graph\">{\"@context\":\"https:\\\/\\\/schema.org\",\"@graph\":[{\"@type\":\"NewsArticle\",\"@id\":\"https:\\\/\\\/ubirataonline.com.br\\\/ultima-temporada-de-the-good-doctor-teve-protagonista-como-diretor-e-fim-forcado\\\/#article\",\"isPartOf\":{\"@id\":\"https:\\\/\\\/ubirataonline.com.br\\\/ultima-temporada-de-the-good-doctor-teve-protagonista-como-diretor-e-fim-forcado\\\/\"},\"author\":{\"name\":\"REDA\u00c7\u00c3O: UBIRAT\u00c3 ONLINE - F\u00c1BIO AUGUSTO CELESTINO\",\"@id\":\"https:\\\/\\\/ubirataonline.com.br\\\/#\\\/schema\\\/person\\\/372f87bbd3fdd79b8556b84c98d0bc1c\"},\"headline\":\"\u00daltima temporada de The Good Doctor teve protagonista como diretor e fim for\u00e7ado\",\"datePublished\":\"2026-04-10T02:39:39+00:00\",\"dateModified\":\"2026-04-10T02:39:41+00:00\",\"mainEntityOfPage\":{\"@id\":\"https:\\\/\\\/ubirataonline.com.br\\\/ultima-temporada-de-the-good-doctor-teve-protagonista-como-diretor-e-fim-forcado\\\/\"},\"wordCount\":445,\"publisher\":{\"@id\":\"https:\\\/\\\/ubirataonline.com.br\\\/#organization\"},\"image\":{\"@id\":\"https:\\\/\\\/ubirataonline.com.br\\\/ultima-temporada-de-the-good-doctor-teve-protagonista-como-diretor-e-fim-forcado\\\/#primaryimage\"},\"thumbnailUrl\":\"https:\\\/\\\/ubirataonline.com.br\\\/wp-content\\\/uploads\\\/2026\\\/04\\\/Ultima-temporada-de-The-Good-Doctor-teve-protagonista-como-diretor.jpeg\",\"keywords\":[\"como\",\"Diretor\",\"Doctor\",\"fim\",\"for\u00e7ado\",\"Good\",\"protagonista\",\"temporada\",\"teve\",\"\u00faltima\"],\"articleSection\":[\"Brasil\"],\"inLanguage\":\"en-US\",\"copyrightYear\":\"2026\",\"copyrightHolder\":{\"@id\":\"https:\\\/\\\/ubirataonline.com.br\\\/en\\\/#organization\"}},{\"@type\":\"WebPage\",\"@id\":\"https:\\\/\\\/ubirataonline.com.br\\\/ultima-temporada-de-the-good-doctor-teve-protagonista-como-diretor-e-fim-forcado\\\/\",\"url\":\"https:\\\/\\\/ubirataonline.com.br\\\/ultima-temporada-de-the-good-doctor-teve-protagonista-como-diretor-e-fim-forcado\\\/\",\"name\":\"\u00daltima temporada de The Good Doctor teve protagonista como diretor e fim for\u00e7ado - Ubirat\u00e3 Online Not\u00edcias - A realidade ao seu alcance!\",\"isPartOf\":{\"@id\":\"https:\\\/\\\/ubirataonline.com.br\\\/#website\"},\"primaryImageOfPage\":{\"@id\":\"https:\\\/\\\/ubirataonline.com.br\\\/ultima-temporada-de-the-good-doctor-teve-protagonista-como-diretor-e-fim-forcado\\\/#primaryimage\"},\"image\":{\"@id\":\"https:\\\/\\\/ubirataonline.com.br\\\/ultima-temporada-de-the-good-doctor-teve-protagonista-como-diretor-e-fim-forcado\\\/#primaryimage\"},\"thumbnailUrl\":\"https:\\\/\\\/ubirataonline.com.br\\\/wp-content\\\/uploads\\\/2026\\\/04\\\/Ultima-temporada-de-The-Good-Doctor-teve-protagonista-como-diretor.jpeg\",\"datePublished\":\"2026-04-10T02:39:39+00:00\",\"dateModified\":\"2026-04-10T02:39:41+00:00\",\"description\":\"A Globo estreia nesta quinta-feira (9), a s\u00e9tima e \u00faltima temporada da s\u00e9rie The Good Doctor - O Bom Doutor. O seriado protagonizado por Freddie Highmore\",\"breadcrumb\":{\"@id\":\"https:\\\/\\\/ubirataonline.com.br\\\/ultima-temporada-de-the-good-doctor-teve-protagonista-como-diretor-e-fim-forcado\\\/#breadcrumb\"},\"inLanguage\":\"en-US\",\"potentialAction\":[{\"@type\":\"ReadAction\",\"target\":[\"https:\\\/\\\/ubirataonline.com.br\\\/ultima-temporada-de-the-good-doctor-teve-protagonista-como-diretor-e-fim-forcado\\\/\"]}]},{\"@type\":\"ImageObject\",\"inLanguage\":\"en-US\",\"@id\":\"https:\\\/\\\/ubirataonline.com.br\\\/ultima-temporada-de-the-good-doctor-teve-protagonista-como-diretor-e-fim-forcado\\\/#primaryimage\",\"url\":\"https:\\\/\\\/ubirataonline.com.br\\\/wp-content\\\/uploads\\\/2026\\\/04\\\/Ultima-temporada-de-The-Good-Doctor-teve-protagonista-como-diretor.jpeg\",\"contentUrl\":\"https:\\\/\\\/ubirataonline.com.br\\\/wp-content\\\/uploads\\\/2026\\\/04\\\/Ultima-temporada-de-The-Good-Doctor-teve-protagonista-como-diretor.jpeg\",\"width\":1280,\"height\":720,\"caption\":\"Globo exibe a \u00faltima temporada da s\u00e9rie nas noites de quinta - Foto: Divulga\u00e7\u00e3o\\\/ABC\"},{\"@type\":\"BreadcrumbList\",\"@id\":\"https:\\\/\\\/ubirataonline.com.br\\\/ultima-temporada-de-the-good-doctor-teve-protagonista-como-diretor-e-fim-forcado\\\/#breadcrumb\",\"itemListElement\":[{\"@type\":\"ListItem\",\"position\":1,\"name\":\"In\u00edcio\",\"item\":\"https:\\\/\\\/ubirataonline.com.br\\\/\"},{\"@type\":\"ListItem\",\"position\":2,\"name\":\"\u00daltima temporada de The Good Doctor teve protagonista como diretor e fim for\u00e7ado\"}]},{\"@type\":\"WebSite\",\"@id\":\"https:\\\/\\\/ubirataonline.com.br\\\/#website\",\"url\":\"https:\\\/\\\/ubirataonline.com.br\\\/\",\"name\":\"Ubirat\u00e3 Online Not\u00edcias\",\"description\":\"Not\u00edcias de Ubirat\u00e3, regi\u00e3o, Brasil e mundo, com informa\u00e7\u00e3o atualizada e compromisso com o leitor.\",\"publisher\":{\"@id\":\"https:\\\/\\\/ubirataonline.com.br\\\/#organization\"},\"alternateName\":\"Ubirat\u00e3 Online\",\"potentialAction\":[{\"@type\":\"SearchAction\",\"target\":{\"@type\":\"EntryPoint\",\"urlTemplate\":\"https:\\\/\\\/ubirataonline.com.br\\\/?s={search_term_string}\"},\"query-input\":{\"@type\":\"PropertyValueSpecification\",\"valueRequired\":true,\"valueName\":\"search_term_string\"}}],\"inLanguage\":\"en-US\"},{\"@type\":[\"Organization\",\"Place\"],\"@id\":\"https:\\\/\\\/ubirataonline.com.br\\\/#organization\",\"name\":\"Ubirat\u00e3 Online Not\u00edcias\",\"alternateName\":\"Ubirat\u00e3 Online\",\"url\":\"https:\\\/\\\/ubirataonline.com.br\\\/\",\"logo\":{\"@id\":\"https:\\\/\\\/ubirataonline.com.br\\\/ultima-temporada-de-the-good-doctor-teve-protagonista-como-diretor-e-fim-forcado\\\/#local-main-organization-logo\"},\"image\":{\"@id\":\"https:\\\/\\\/ubirataonline.com.br\\\/ultima-temporada-de-the-good-doctor-teve-protagonista-como-diretor-e-fim-forcado\\\/#local-main-organization-logo\"},\"sameAs\":[\"https:\\\/\\\/www.facebook.com\\\/portalubirataonline\",\"https:\\\/\\\/x.com\\\/ubirataonline\",\"https:\\\/\\\/mastodon.social\\\/@ubirataonline\",\"https:\\\/\\\/www.facebook.com\\\/groups\\\/311144672285604\",\"https:\\\/\\\/www.facebook.com\\\/UBTAOnline\",\"https:\\\/\\\/www.instagram.com\\\/portalubirataonline\\\/\",\"https:\\\/\\\/twitter.com\\\/ubirataonline\"],\"description\":\"Somos um portal de not\u00edcias independente, criado em 5 de janeiro de 2009, com o objetivo de informar, conectar e valorizar a nossa comunidade de Ubirat\u00e3 e toda aregi\u00e3o. Com conte\u00fado atualizado, confi\u00e1vel e relevante, o Ubirat\u00e3 Online \u00e9 o seu espa\u00e7o para ficar por dentro dos principais acontecimentos locais, regionais, Brasil, Mundo e de interesse geral. Nosso compromisso \u00e9 com a verdade, a transpar\u00eancia e o respeito ao leitor.\",\"legalName\":\"UBIRATA ONLINE NOT\u00cdCIAS\",\"foundingDate\":\"2009-01-05\",\"numberOfEmployees\":{\"@type\":\"QuantitativeValue\",\"minValue\":\"1\",\"maxValue\":\"10\"},\"publishingPrinciples\":\"https:\\\/\\\/ubirataonline.com.br\\\/faq\\\/\",\"address\":{\"@id\":\"https:\\\/\\\/ubirataonline.com.br\\\/ultima-temporada-de-the-good-doctor-teve-protagonista-como-diretor-e-fim-forcado\\\/#local-main-place-address\"},\"geo\":{\"@type\":\"GeoCoordinates\",\"latitude\":\"-24.5361401\",\"longitude\":\"-52.9921776\"},\"telephone\":[\"+5544998308235\"],\"contactPoint\":{\"@type\":\"ContactPoint\",\"email\":\"contato@ubirataonline.com.br\"},\"openingHoursSpecification\":{\"@type\":\"OpeningHoursSpecification\",\"dayOfWeek\":[\"Monday\",\"Tuesday\",\"Wednesday\",\"Thursday\",\"Friday\",\"Saturday\",\"Sunday\"],\"opens\":\"00:00\",\"closes\":\"23:59\"},\"email\":\"contato@ubirataonline.com.br\",\"vatID\":\"47.621.418\\\/0001-80\"},{\"@type\":\"Person\",\"@id\":\"https:\\\/\\\/ubirataonline.com.br\\\/#\\\/schema\\\/person\\\/372f87bbd3fdd79b8556b84c98d0bc1c\",\"name\":\"REDA\u00c7\u00c3O: UBIRAT\u00c3 ONLINE - F\u00c1BIO AUGUSTO CELESTINO\",\"pronouns\":\"Ele\",\"description\":\"Desde 2003 trabalhando com not\u00edcias.\",\"sameAs\":[\"http:\\\/\\\/ubirataoline.com.br\",\"https:\\\/\\\/www.facebook.com\\\/portalubirataonline\",\"https:\\\/\\\/www.instagram.com\\\/ubirataonline_oficial\",\"https:\\\/\\\/x.com\\\/x.com\\\/ubirataonline\"],\"honorificPrefix\":\"Mr.\",\"honorificSuffix\":\"MD\",\"birthDate\":\"1980-06-16\",\"gender\":\"masculino\",\"award\":[\"V\u00e1rios pr\u00eamios de melhor portal da cidade\"],\"jobTitle\":\"Diretor\",\"url\":\"https:\\\/\\\/ubirataonline.com.br\\\/en\\\/author\\\/ubirataonline\\\/\"},{\"@type\":\"PostalAddress\",\"@id\":\"https:\\\/\\\/ubirataonline.com.br\\\/ultima-temporada-de-the-good-doctor-teve-protagonista-como-diretor-e-fim-forcado\\\/#local-main-place-address\",\"streetAddress\":\"Rua dos Coqueiros, 104 - Bairro Boa Vista, Rua dos Coqueiros, 104 Bairro Boa Vista\",\"addressLocality\":\"UBIRATA\",\"postalCode\":\"85440-000\",\"addressRegion\":\"PR\",\"addressCountry\":\"BR\"},{\"@type\":\"ImageObject\",\"inLanguage\":\"en-US\",\"@id\":\"https:\\\/\\\/ubirataonline.com.br\\\/ultima-temporada-de-the-good-doctor-teve-protagonista-como-diretor-e-fim-forcado\\\/#local-main-organization-logo\",\"url\":\"https:\\\/\\\/ubirataonline.com.br\\\/wp-content\\\/uploads\\\/2026\\\/06\\\/logoubirataonline-1.webp\",\"contentUrl\":\"https:\\\/\\\/ubirataonline.com.br\\\/wp-content\\\/uploads\\\/2026\\\/06\\\/logoubirataonline-1.webp\",\"width\":500,\"height\":500,\"caption\":\"Ubirat\u00e3 Online Not\u00edcias\"}]}<\/script>\n<meta name=\"geo.placename\" content=\"UBIRATA\" \/>\n<meta name=\"geo.position\" content=\"-24.5361401;-52.9921776\" \/>\n<meta name=\"geo.region\" content=\"Brazil\" \/>\n<!-- \/ Yoast SEO Premium plugin. -->","yoast_head_json":{"title":"\u00daltima temporada de The Good Doctor teve protagonista como diretor e fim for\u00e7ado - Ubirat\u00e3 Online Not\u00edcias - A realidade ao seu alcance!","description":"A Globo estreia nesta quinta-feira (9), a s\u00e9tima e \u00faltima temporada da s\u00e9rie The Good Doctor - O Bom Doutor. O seriado protagonizado por Freddie Highmore","robots":{"index":"index","follow":"follow","max-snippet":"max-snippet:-1","max-image-preview":"max-image-preview:large","max-video-preview":"max-video-preview:-1"},"canonical":"https:\/\/ubirataonline.com.br\/en\/ultima-temporada-de-the-good-doctor-teve-protagonista-como-diretor-e-fim-forcado\/","og_locale":"en_US","og_type":"article","og_title":"\u00daltima temporada de The Good Doctor teve protagonista como diretor e fim for\u00e7ado","og_description":"A Globo estreia nesta quinta-feira (9), a s\u00e9tima e \u00faltima temporada da s\u00e9rie The Good Doctor - O Bom Doutor. O seriado protagonizado por Freddie Highmore","og_url":"https:\/\/ubirataonline.com.br\/en\/ultima-temporada-de-the-good-doctor-teve-protagonista-como-diretor-e-fim-forcado\/","og_site_name":"Ubirat\u00e3 Online Not\u00edcias - A realidade ao seu alcance!","article_publisher":"https:\/\/www.facebook.com\/portalubirataonline","article_author":"https:\/\/www.facebook.com\/portalubirataonline","article_published_time":"2026-04-10T02:39:39+00:00","article_modified_time":"2026-04-10T02:39:41+00:00","og_image":[{"width":1280,"height":720,"url":"https:\/\/ubirataonline.com.br\/wp-content\/uploads\/2026\/04\/Ultima-temporada-de-The-Good-Doctor-teve-protagonista-como-diretor.jpeg","type":"image\/jpeg"}],"author":"REDA\u00c7\u00c3O: UBIRAT\u00c3 ONLINE - F\u00c1BIO AUGUSTO CELESTINO","twitter_card":"summary_large_image","twitter_creator":"@x.com\/ubirataonline","twitter_site":"@ubirataonline","twitter_misc":{"Written by":"REDA\u00c7\u00c3O: UBIRAT\u00c3 ONLINE - F\u00c1BIO AUGUSTO CELESTINO","Est. reading time":"2 minutes"},"schema":{"@context":"https:\/\/schema.org","@graph":[{"@type":"NewsArticle","@id":"https:\/\/ubirataonline.com.br\/ultima-temporada-de-the-good-doctor-teve-protagonista-como-diretor-e-fim-forcado\/#article","isPartOf":{"@id":"https:\/\/ubirataonline.com.br\/ultima-temporada-de-the-good-doctor-teve-protagonista-como-diretor-e-fim-forcado\/"},"author":{"name":"REDA\u00c7\u00c3O: UBIRAT\u00c3 ONLINE - F\u00c1BIO AUGUSTO CELESTINO","@id":"https:\/\/ubirataonline.com.br\/#\/schema\/person\/372f87bbd3fdd79b8556b84c98d0bc1c"},"headline":"\u00daltima temporada de The Good Doctor teve protagonista como diretor e fim for\u00e7ado","datePublished":"2026-04-10T02:39:39+00:00","dateModified":"2026-04-10T02:39:41+00:00","mainEntityOfPage":{"@id":"https:\/\/ubirataonline.com.br\/ultima-temporada-de-the-good-doctor-teve-protagonista-como-diretor-e-fim-forcado\/"},"wordCount":445,"publisher":{"@id":"https:\/\/ubirataonline.com.br\/#organization"},"image":{"@id":"https:\/\/ubirataonline.com.br\/ultima-temporada-de-the-good-doctor-teve-protagonista-como-diretor-e-fim-forcado\/#primaryimage"},"thumbnailUrl":"https:\/\/ubirataonline.com.br\/wp-content\/uploads\/2026\/04\/Ultima-temporada-de-The-Good-Doctor-teve-protagonista-como-diretor.jpeg","keywords":["como","Diretor","Doctor","fim","for\u00e7ado","Good","protagonista","temporada","teve","\u00faltima"],"articleSection":["Brasil"],"inLanguage":"en-US","copyrightYear":"2026","copyrightHolder":{"@id":"https:\/\/ubirataonline.com.br\/en\/#organization"}},{"@type":"WebPage","@id":"https:\/\/ubirataonline.com.br\/ultima-temporada-de-the-good-doctor-teve-protagonista-como-diretor-e-fim-forcado\/","url":"https:\/\/ubirataonline.com.br\/ultima-temporada-de-the-good-doctor-teve-protagonista-como-diretor-e-fim-forcado\/","name":"\u00daltima temporada de The Good Doctor teve protagonista como diretor e fim for\u00e7ado - Ubirat\u00e3 Online Not\u00edcias - A realidade ao seu alcance!","isPartOf":{"@id":"https:\/\/ubirataonline.com.br\/#website"},"primaryImageOfPage":{"@id":"https:\/\/ubirataonline.com.br\/ultima-temporada-de-the-good-doctor-teve-protagonista-como-diretor-e-fim-forcado\/#primaryimage"},"image":{"@id":"https:\/\/ubirataonline.com.br\/ultima-temporada-de-the-good-doctor-teve-protagonista-como-diretor-e-fim-forcado\/#primaryimage"},"thumbnailUrl":"https:\/\/ubirataonline.com.br\/wp-content\/uploads\/2026\/04\/Ultima-temporada-de-The-Good-Doctor-teve-protagonista-como-diretor.jpeg","datePublished":"2026-04-10T02:39:39+00:00","dateModified":"2026-04-10T02:39:41+00:00","description":"A Globo estreia nesta quinta-feira (9), a s\u00e9tima e \u00faltima temporada da s\u00e9rie The Good Doctor - O Bom Doutor. O seriado protagonizado por Freddie Highmore","breadcrumb":{"@id":"https:\/\/ubirataonline.com.br\/ultima-temporada-de-the-good-doctor-teve-protagonista-como-diretor-e-fim-forcado\/#breadcrumb"},"inLanguage":"en-US","potentialAction":[{"@type":"ReadAction","target":["https:\/\/ubirataonline.com.br\/ultima-temporada-de-the-good-doctor-teve-protagonista-como-diretor-e-fim-forcado\/"]}]},{"@type":"ImageObject","inLanguage":"en-US","@id":"https:\/\/ubirataonline.com.br\/ultima-temporada-de-the-good-doctor-teve-protagonista-como-diretor-e-fim-forcado\/#primaryimage","url":"https:\/\/ubirataonline.com.br\/wp-content\/uploads\/2026\/04\/Ultima-temporada-de-The-Good-Doctor-teve-protagonista-como-diretor.jpeg","contentUrl":"https:\/\/ubirataonline.com.br\/wp-content\/uploads\/2026\/04\/Ultima-temporada-de-The-Good-Doctor-teve-protagonista-como-diretor.jpeg","width":1280,"height":720,"caption":"Globo exibe a \u00faltima temporada da s\u00e9rie nas noites de quinta - Foto: Divulga\u00e7\u00e3o\/ABC"},{"@type":"BreadcrumbList","@id":"https:\/\/ubirataonline.com.br\/ultima-temporada-de-the-good-doctor-teve-protagonista-como-diretor-e-fim-forcado\/#breadcrumb","itemListElement":[{"@type":"ListItem","position":1,"name":"In\u00edcio","item":"https:\/\/ubirataonline.com.br\/"},{"@type":"ListItem","position":2,"name":"\u00daltima temporada de The Good Doctor teve protagonista como diretor e fim for\u00e7ado"}]},{"@type":"WebSite","@id":"https:\/\/ubirataonline.com.br\/#website","url":"https:\/\/ubirataonline.com.br\/","name":"Ubirat\u00e3 Online Not\u00edcias","description":"Not\u00edcias de Ubirat\u00e3, regi\u00e3o, Brasil e mundo, com informa\u00e7\u00e3o atualizada e compromisso com o leitor.","publisher":{"@id":"https:\/\/ubirataonline.com.br\/#organization"},"alternateName":"Ubirat\u00e3 Online","potentialAction":[{"@type":"SearchAction","target":{"@type":"EntryPoint","urlTemplate":"https:\/\/ubirataonline.com.br\/?s={search_term_string}"},"query-input":{"@type":"PropertyValueSpecification","valueRequired":true,"valueName":"search_term_string"}}],"inLanguage":"en-US"},{"@type":["Organization","Place"],"@id":"https:\/\/ubirataonline.com.br\/#organization","name":"Ubirat\u00e3 Online Not\u00edcias","alternateName":"Ubirat\u00e3 Online","url":"https:\/\/ubirataonline.com.br\/","logo":{"@id":"https:\/\/ubirataonline.com.br\/ultima-temporada-de-the-good-doctor-teve-protagonista-como-diretor-e-fim-forcado\/#local-main-organization-logo"},"image":{"@id":"https:\/\/ubirataonline.com.br\/ultima-temporada-de-the-good-doctor-teve-protagonista-como-diretor-e-fim-forcado\/#local-main-organization-logo"},"sameAs":["https:\/\/www.facebook.com\/portalubirataonline","https:\/\/x.com\/ubirataonline","https:\/\/mastodon.social\/@ubirataonline","https:\/\/www.facebook.com\/groups\/311144672285604","https:\/\/www.facebook.com\/UBTAOnline","https:\/\/www.instagram.com\/portalubirataonline\/","https:\/\/twitter.com\/ubirataonline"],"description":"Somos um portal de not\u00edcias independente, criado em 5 de janeiro de 2009, com o objetivo de informar, conectar e valorizar a nossa comunidade de Ubirat\u00e3 e toda aregi\u00e3o. Com conte\u00fado atualizado, confi\u00e1vel e relevante, o Ubirat\u00e3 Online \u00e9 o seu espa\u00e7o para ficar por dentro dos principais acontecimentos locais, regionais, Brasil, Mundo e de interesse geral. Nosso compromisso \u00e9 com a verdade, a transpar\u00eancia e o respeito ao leitor.","legalName":"UBIRATA ONLINE NOT\u00cdCIAS","foundingDate":"2009-01-05","numberOfEmployees":{"@type":"QuantitativeValue","minValue":"1","maxValue":"10"},"publishingPrinciples":"https:\/\/ubirataonline.com.br\/faq\/","address":{"@id":"https:\/\/ubirataonline.com.br\/ultima-temporada-de-the-good-doctor-teve-protagonista-como-diretor-e-fim-forcado\/#local-main-place-address"},"geo":{"@type":"GeoCoordinates","latitude":"-24.5361401","longitude":"-52.9921776"},"telephone":["+5544998308235"],"contactPoint":{"@type":"ContactPoint","email":"contato@ubirataonline.com.br"},"openingHoursSpecification":{"@type":"OpeningHoursSpecification","dayOfWeek":["Monday","Tuesday","Wednesday","Thursday","Friday","Saturday","Sunday"],"opens":"00:00","closes":"23:59"},"email":"contato@ubirataonline.com.br","vatID":"47.621.418\/0001-80"},{"@type":"Person","@id":"https:\/\/ubirataonline.com.br\/#\/schema\/person\/372f87bbd3fdd79b8556b84c98d0bc1c","name":"REDA\u00c7\u00c3O: UBIRAT\u00c3 ONLINE - F\u00c1BIO AUGUSTO CELESTINO","pronouns":"Ele","description":"Desde 2003 trabalhando com not\u00edcias.","sameAs":["http:\/\/ubirataoline.com.br","https:\/\/www.facebook.com\/portalubirataonline","https:\/\/www.instagram.com\/ubirataonline_oficial","https:\/\/x.com\/x.com\/ubirataonline"],"honorificPrefix":"Mr.","honorificSuffix":"MD","birthDate":"1980-06-16","gender":"masculino","award":["V\u00e1rios pr\u00eamios de melhor portal da cidade"],"jobTitle":"Diretor","url":"https:\/\/ubirataonline.com.br\/en\/author\/ubirataonline\/"},{"@type":"PostalAddress","@id":"https:\/\/ubirataonline.com.br\/ultima-temporada-de-the-good-doctor-teve-protagonista-como-diretor-e-fim-forcado\/#local-main-place-address","streetAddress":"Rua dos Coqueiros, 104 - Bairro Boa Vista, Rua dos Coqueiros, 104 Bairro Boa Vista","addressLocality":"UBIRATA","postalCode":"85440-000","addressRegion":"PR","addressCountry":"BR"},{"@type":"ImageObject","inLanguage":"en-US","@id":"https:\/\/ubirataonline.com.br\/ultima-temporada-de-the-good-doctor-teve-protagonista-como-diretor-e-fim-forcado\/#local-main-organization-logo","url":"https:\/\/ubirataonline.com.br\/wp-content\/uploads\/2026\/06\/logoubirataonline-1.webp","contentUrl":"https:\/\/ubirataonline.com.br\/wp-content\/uploads\/2026\/06\/logoubirataonline-1.webp","width":500,"height":500,"caption":"Ubirat\u00e3 Online Not\u00edcias"}]},"geo.placename":"UBIRATA","geo.position":{"lat":"-24.5361401","long":"-52.9921776"},"geo.region":"Brazil"},"_links":{"self":[{"href":"https:\/\/ubirataonline.com.br\/en\/wp-json\/wp\/v2\/posts\/102730","targetHints":{"allow":["GET"]}}],"collection":[{"href":"https:\/\/ubirataonline.com.br\/en\/wp-json\/wp\/v2\/posts"}],"about":[{"href":"https:\/\/ubirataonline.com.br\/en\/wp-json\/wp\/v2\/types\/post"}],"author":[{"embeddable":true,"href":"https:\/\/ubirataonline.com.br\/en\/wp-json\/wp\/v2\/users\/1"}],"replies":[{"embeddable":true,"href":"https:\/\/ubirataonline.com.br\/en\/wp-json\/wp\/v2\/comments?post=102730"}],"version-history":[{"count":0,"href":"https:\/\/ubirataonline.com.br\/en\/wp-json\/wp\/v2\/posts\/102730\/revisions"}],"wp:featuredmedia":[{"embeddable":true,"href":"https:\/\/ubirataonline.com.br\/en\/wp-json\/wp\/v2\/media\/102731"}],"wp:attachment":[{"href":"https:\/\/ubirataonline.com.br\/en\/wp-json\/wp\/v2\/media?parent=102730"}],"wp:term":[{"taxonomy":"category","embeddable":true,"href":"https:\/\/ubirataonline.com.br\/en\/wp-json\/wp\/v2\/categories?post=102730"},{"taxonomy":"post_tag","embeddable":true,"href":"https:\/\/ubirataonline.com.br\/en\/wp-json\/wp\/v2\/tags?post=102730"}],"curies":[{"name":"wp","href":"https:\/\/api.w.org\/{rel}","templated":true}]}}