{"id":102751,"date":"2026-04-10T00:12:43","date_gmt":"2026-04-10T03:12:43","guid":{"rendered":"https:\/\/ubirataonline.com.br\/nancy-guthrie-memorial-partially-taken-down-due-to-hoa-concerns\/"},"modified":"2026-04-10T00:12:47","modified_gmt":"2026-04-10T03:12:47","slug":"nancy-guthrie-memorial-partially-taken-down-due-to-hoa-concerns","status":"publish","type":"post","link":"https:\/\/ubirataonline.com.br\/en\/nancy-guthrie-memorial-partially-taken-down-due-to-hoa-concerns\/","title":{"rendered":"Nancy Guthrie memorial partially taken down due to HOA concerns"},"content":{"rendered":"<p><\/p>\n<div id=\"article-body\">\n<h2 class=\"LeadText_lead-text__wd_PA __className_09e96c\" data-testid=\"leadtext\">Nancy Guthrie went missing on February 1, and the community immediately rallied around the family. However, now, a memorial in her honor is a point of contention<\/h2>\n<p><button type=\"button\" class=\"SlideViewerButton_slide-viewer-button__BDJoG\" aria-label=\"Open image viewer\" aria-haspopup=\"dialog\" aria-controls=\"image-lightbox\"><\/p>\n<div class=\"ImageEmbed_image-embed__0T8WX ImageEmbed_image-lead__Ti3qQ\" data-testid=\"leadimage\" data-tmdatatrack=\"content-unit\" data-tmdatatrack-articleid=\"1782413\">\n<div class=\"ImageEmbed_image-container__2AIQm\">\n<figure class=\"Figure_figure__Uce4f\" style=\"--figure-aspect-ratio:1.5\"><\/figure>\n<\/div><figcaption class=\"ImageCaption_caption__j7HRu\" data-testid=\"image-caption\">\n<p aria-label=\"Nancy Guthrie's memorial was partially removed\" class=\"ImageCaption_caption-title__ccyQU\" data-testid=\"caption-title\">Nancy Guthrie&#8217;s memorial was partially removed<\/p>\n<\/figcaption><\/div>\n<p><\/button><\/p>\n<p class=\"Paragraph_paragraph-text__PVKlh\" data-tmdatatrack=\"content-unit\" data-tmdatatrack-type=\"paragraph\">Nancy Guthrie&#8217;s disappearance caused an upset for a quiet Arizona neighborhood.<\/p>\n<p class=\"Paragraph_paragraph-text__PVKlh\" data-tmdatatrack=\"content-unit\" data-tmdatatrack-type=\"paragraph\">When the mother of Today&#8217;s Savannah Guthrie was reported missing on February 1, police immediate responded with a search and rescue team. Her home, situated in the Catalina Foothills in <a aria-label=\"\" class=\"TextLink_text-link__dBSS0 TextLink_enabled__dJF3l\" href=\"https:\/\/www.themirror.com\/all-about\/arizona\" rel=\"follow\" tabindex=\"0\" target=\"_self\">Tucson<\/a>, was deemed a crime scene, resulting in heavy police presence. In addition to the investigators, the case&#8217;s high-profile nature caused media interest. Thus, a swarm of reporters fell upon the area.<\/p>\n<p class=\"Paragraph_paragraph-text__PVKlh\" data-tmdatatrack=\"content-unit\" data-tmdatatrack-type=\"paragraph\">Eventually, even the public got curious. People came down to the property to leave their marks of support for <a aria-label=\"\" class=\"TextLink_text-link__dBSS0 TextLink_enabled__dJF3l\" href=\"https:\/\/www.themirror.com\/all-about\/nancy-guthrie\" rel=\"follow\" tabindex=\"0\" target=\"_self\">Nancy<\/a>, who remains missing as of writing. They left signs, posters, trinkets, and flowers to form a memorial on the edge of her property line. That memorial, however, was partially removed on April 9 in an effort to discourage visitors.<!-- --> It comes after a <a aria-label=\"\" class=\"TextLink_text-link__dBSS0 TextLink_enabled__dJF3l\" href=\"https:\/\/www.themirror.com\/entertainment\/nancy-gurthrie-update-rental-neighbor-1742942\" rel=\"follow\" tabindex=\"0\" target=\"\">bombshell Nancy Guthrie update as a person fled the neighborhood within days of the kidnapping<\/a>.<\/p>\n<p><span data-testid=\"readmore\" class=\"ReadMore_readmore-prefix__xS44r __className_4f362a\">READ MORE<!-- -->: <span class=\"ReadMore_readmore-link__eF9pN\"><a class=\"TextLink_text-link__dBSS0 TextLink_enabled__dJF3l\" data-tmdatatrack=\"read-more\" data-tmdatatrack-articleid=\"1778872\" data-tmdatatrack-source=\"editorial\" href=\"https:\/\/www.themirror.com\/entertainment\/donald-trump-iran-sky-news-1778872\" tabindex=\"0\">&#8216;Unhinged&#8217; Donald Trump sparks health fears as major TV show halted for breaking update<\/a><\/span><\/span><span data-testid=\"readmore\" class=\"ReadMore_readmore-prefix__xS44r __className_4f362a\">READ MORE<!-- -->: <span class=\"ReadMore_readmore-link__eF9pN\"><a class=\"TextLink_text-link__dBSS0 TextLink_enabled__dJF3l\" data-tmdatatrack=\"read-more\" data-tmdatatrack-articleid=\"1780001\" data-tmdatatrack-source=\"editorial\" href=\"https:\/\/www.themirror.com\/entertainment\/tv\/cnn-iran-breaking-donald-trump-1780001\" tabindex=\"0\">CNN breaks news on Trump Iran ceasefire &#8211; and it&#8217;s bad news for the president<\/a><\/span><\/span><\/p>\n<p class=\"Paragraph_paragraph-text__PVKlh\" data-tmdatatrack=\"content-unit\" data-tmdatatrack-type=\"paragraph\">A source indicated to the Mirror US that a home owners&#8217; association meeting was called to discuss the imposition of visitors. In the meeting, property owners expressed concern over the uptick in traffic. After all, one couple even traveled from Wisconsin just to offer a prayer for Nancy.<\/p>\n<p class=\"Paragraph_paragraph-text__PVKlh\" data-tmdatatrack=\"content-unit\" data-tmdatatrack-type=\"paragraph\">The neighbors believed that the memorial itself is a draw to the location and removing it might lead to a decrease in tourists.<\/p>\n<div data-testid=\"image-grouped\">\n<div class=\"ImageGroupEmbed_container__i0sRj\" data-testid=\"portrait-image-group\">\n<div class=\"ImageGroupEmbed_image-group-item__XHC82\"><button type=\"button\" class=\"SlideViewerButton_slide-viewer-button__BDJoG\" aria-label=\"Open image viewer\" aria-haspopup=\"dialog\" aria-controls=\"image-lightbox\"><\/p>\n<div class=\"ImageEmbed_image-embed__0T8WX false\" data-testid=\"imageembed-1782415\" data-tmdatatrack=\"content-unit\" data-tmdatatrack-articleid=\"1782415\" data-tmdatatrack-type=\"image\">\n<div class=\"ImageEmbed_image-container__2AIQm\">\n<figure class=\"Figure_figure__Uce4f\" style=\"--figure-aspect-ratio:2\/3\"><img decoding=\"async\" alt=\"Nancy memorial\" loading=\"lazy\" sizes=\"(max-width: 458px) 458px, (max-width: 615px) 615px, 1200px\" src=\"https:\/\/i2-prod.themirror.com\/article1782415.ece\/ALTERNATES\/s1200e\/0_SDC_MDG_-_23899JPEG.jpg\" srcset=\"https:\/\/i2-prod.themirror.com\/article1782415.ece\/ALTERNATES\/s458b\/0_SDC_MDG_-_23899JPEG.jpg 458w, https:\/\/i2-prod.themirror.com\/article1782415.ece\/ALTERNATES\/s615b\/0_SDC_MDG_-_23899JPEG.jpg 615w, https:\/\/i2-prod.themirror.com\/article1782415.ece\/ALTERNATES\/s1200e\/0_SDC_MDG_-_23899JPEG.jpg 1200w\"\/><\/figure>\n<\/div><figcaption class=\"ImageCaption_caption__j7HRu\" data-testid=\"image-caption\">\n<p aria-label=\"Nancy's memorial on April 7\" class=\"ImageCaption_caption-title__ccyQU\" data-testid=\"caption-title\">Nancy&#8217;s memorial on April 7<\/p>\n<\/figcaption><\/div>\n<p><\/button><\/div>\n<div class=\"ImageGroupEmbed_image-group-item__XHC82\"><button type=\"button\" class=\"SlideViewerButton_slide-viewer-button__BDJoG\" aria-label=\"Open image viewer\" aria-haspopup=\"dialog\" aria-controls=\"image-lightbox\"><\/p>\n<div class=\"ImageEmbed_image-embed__0T8WX false\" data-testid=\"imageembed-1782414\" data-tmdatatrack=\"content-unit\" data-tmdatatrack-articleid=\"1782414\" data-tmdatatrack-type=\"image\">\n<div class=\"ImageEmbed_image-container__2AIQm\">\n<figure class=\"Figure_figure__Uce4f\" style=\"--figure-aspect-ratio:2\/3\"><img decoding=\"async\" alt=\"Nancy's memorial\" loading=\"lazy\" sizes=\"(max-width: 458px) 458px, (max-width: 615px) 615px, 1200px\" src=\"https:\/\/i2-prod.themirror.com\/article1782414.ece\/ALTERNATES\/s1200e\/0_SDC_MDG_-_23897JPEG.jpg\" srcset=\"https:\/\/i2-prod.themirror.com\/article1782414.ece\/ALTERNATES\/s458b\/0_SDC_MDG_-_23897JPEG.jpg 458w, https:\/\/i2-prod.themirror.com\/article1782414.ece\/ALTERNATES\/s615b\/0_SDC_MDG_-_23897JPEG.jpg 615w, https:\/\/i2-prod.themirror.com\/article1782414.ece\/ALTERNATES\/s1200e\/0_SDC_MDG_-_23897JPEG.jpg 1200w\"\/><\/figure>\n<\/div><figcaption class=\"ImageCaption_caption__j7HRu\" data-testid=\"image-caption\">\n<p aria-label=\"Nancy's memorial on April 9\" class=\"ImageCaption_caption-title__ccyQU\" data-testid=\"caption-title\">Nancy&#8217;s memorial on April 9<\/p>\n<\/figcaption><\/div>\n<p><\/button><\/div>\n<\/div>\n<\/div>\n<p class=\"Paragraph_paragraph-text__PVKlh\" data-tmdatatrack=\"content-unit\" data-tmdatatrack-type=\"paragraph\">Additionally, the community members were concerned about people passing on Nancy&#8217;s property. The memorial itself is positioned on private property, so even individuals just stopping by to offer their condolences are mistakingly infringing.<\/p>\n<p class=\"Paragraph_paragraph-text__PVKlh\" data-tmdatatrack=\"content-unit\" data-tmdatatrack-type=\"paragraph\">As a result, the neighborhood came together. As of writing, the formal decision on the removal of the memorial was not made. Nonetheless, some parts of the memorial were visibly removed as the size reduced in just a matter of days.<\/p>\n<p class=\"Paragraph_paragraph-text__PVKlh\" data-tmdatatrack=\"content-unit\" data-tmdatatrack-type=\"paragraph\">The neighborhood also received an increase in police presence on April 9. A police officer in an unmarked vehicle was stationed outside of the property with vehicles patrolling in the area.<\/p>\n<div data-testid=\"image-group\"><button type=\"button\" class=\"SlideViewerButton_slide-viewer-button__BDJoG\" aria-label=\"Open image viewer\" aria-haspopup=\"dialog\" aria-controls=\"image-lightbox\"><\/p>\n<div class=\"ImageEmbed_image-embed__0T8WX false\" data-testid=\"imageembed-1782416\" data-tmdatatrack=\"content-unit\" data-tmdatatrack-articleid=\"1782416\" data-tmdatatrack-type=\"image\">\n<div class=\"ImageEmbed_image-container__2AIQm\">\n<figure class=\"Figure_figure__Uce4f\" style=\"--figure-aspect-ratio:1.5\"><img decoding=\"async\" alt=\"TUCSON, ARIZONA - FEBRUARY 10: Nancy Guthrie's residence is seen on February 10, 2026 in Tucson, Arizona. Searches continues for Nancy Guthrie, the 84-year-old mother of U.S. journalist and television host Savannah Guthrie, after she went missing from her home on the morning of February 1st. Guthrie's possible abductors had set a deadline of 5pm on February 9 for a $6 million payment.  (Photo by Brandon Bell\/Getty Images)\" loading=\"lazy\" sizes=\"(max-width: 458px) 458px, (max-width: 615px) 615px, 1200px\" src=\"https:\/\/i2-prod.themirror.com\/article1782416.ece\/ALTERNATES\/s1200e\/0_Nancy-Guthrie-Still-Missing-As-Ransom-Deadline-From-Purported-Abductors-Nears.jpg\" srcset=\"https:\/\/i2-prod.themirror.com\/article1782416.ece\/ALTERNATES\/s458b\/0_Nancy-Guthrie-Still-Missing-As-Ransom-Deadline-From-Purported-Abductors-Nears.jpg 458w, https:\/\/i2-prod.themirror.com\/article1782416.ece\/ALTERNATES\/s615b\/0_Nancy-Guthrie-Still-Missing-As-Ransom-Deadline-From-Purported-Abductors-Nears.jpg 615w, https:\/\/i2-prod.themirror.com\/article1782416.ece\/ALTERNATES\/s1200e\/0_Nancy-Guthrie-Still-Missing-As-Ransom-Deadline-From-Purported-Abductors-Nears.jpg 1200w\"\/><\/figure>\n<\/div><figcaption class=\"ImageCaption_caption__j7HRu\" data-testid=\"image-caption\">\n<p aria-label=\"The neighbors were concerned with the increase of individuals visiting the area\" class=\"ImageCaption_caption-title__ccyQU\" data-testid=\"caption-title\">The neighbors were concerned with the increase of individuals visiting the area<cite aria-label=\"Image: Getty Images\" class=\"ImageCaption_caption-credit__wlx1W\" data-testid=\"caption-credit\">(Image: Getty Images)<\/cite><\/p>\n<\/figcaption><\/div>\n<p><\/button><\/div>\n<p class=\"Paragraph_paragraph-text__PVKlh\" data-tmdatatrack=\"content-unit\" data-tmdatatrack-type=\"paragraph\"><a aria-label=\"\" class=\"TextLink_text-link__dBSS0 TextLink_enabled__dJF3l\" href=\"https:\/\/www.themirror.com\/entertainment\/celebrity-news\/breaking-nancy-guthrie-police-home-1782196\" rel=\"follow\" tabindex=\"0\" target=\"_self\">One detective approached Mirror US reporter Connor McCrory on the scene<\/a>, telling him, &#8220;You need to leave this neighborhood and not come back. This is an active investigation.&#8221; Subsequently, police followed him by car out of the Catalina Foothills neighborhood.<\/p>\n<p class=\"Paragraph_paragraph-text__PVKlh\" data-tmdatatrack=\"content-unit\" data-tmdatatrack-type=\"paragraph\">Nancy was reported missing in February, and the FBI were called to aid in the investigation. However, as the months droned on without any public leads, the headquarters of the case shifted away from Tucson. After all, the local law enforcement agency, Pima County Sheriff&#8217;s Department, came under severe scrutiny for the top cop Sheriff Chris Nanos&#8217; handling of the case.<\/p>\n<p class=\"Paragraph_paragraph-text__PVKlh\" data-tmdatatrack=\"content-unit\" data-tmdatatrack-type=\"paragraph\">Nanos said he personally &#8220;opened&#8221; the crime scene, later claiming it was &#8220;reconstituted.&#8221;<\/p>\n<p class=\"Paragraph_paragraph-text__PVKlh\" data-tmdatatrack=\"content-unit\" data-tmdatatrack-type=\"paragraph\">&#8220;You&#8217;re going, &#8216;What is he thinking?'&#8221; United States Surgeon General and 34-year veteran of the Pima County Sheriff&#8217;s Department Dr. Richard Carmona previously told NewsNation&#8217;s Brian Entin. &#8220;All of us were just perplexed with some of the things that he said.&#8221;<\/p>\n<p class=\"Paragraph_paragraph-text__PVKlh\" data-tmdatatrack=\"content-unit\" data-tmdatatrack-type=\"paragraph\">It comes as <a aria-label=\"\" class=\"TextLink_text-link__dBSS0 TextLink_enabled__dJF3l\" href=\"https:\/\/www.themirror.com\/entertainment\/celebrity-news\/nancy-guthrie-kidnapping-eerie-similarities-1738105\" rel=\"follow\" tabindex=\"0\" target=\"\">the mysterious disappearance of an Air Force general has several chilling similarities to the Nancy case<\/a><a aria-label=\"\" class=\"TextLink_text-link__dBSS0 TextLink_enabled__dJF3l\" href=\"https:\/\/www.themirror.com\/entertainment\/nancy-guthrie-update-kidnapper-identity-1728318\" rel=\"follow\" tabindex=\"0\" target=\"\">.<\/a><\/p>\n<aside class=\"Factbox_factbox-container__hSMOa\" id=\"factbox\" tabindex=\"0\" aria-label=\"Entering Factbox content\" data-tmdatatrack=\"content-unit\" data-tmdatatrack-articleid=\"1223542\" data-tmdatatrack-type=\"factbox\" data-testid=\"factbox\">\n<h3 class=\"HeadingThree_heading-three__PBHLs Factbox_heading-three__NXU52 __className_f9ba33\">Sign up to our FREE Entertainment newsletter and get the top showbiz stories to your inbox<\/h3>\n<div class=\"Factbox_content__xdMV8\">\n<p class=\"Paragraph_paragraph-text__PVKlh\" data-tmdatatrack=\"content-unit\" data-tmdatatrack-type=\"paragraph\"><strong class=\"Strong_strong__e2x35\">ENTERTAINMENT NEWSLETTER: <\/strong><a aria-label=\"\" class=\"TextLink_text-link__dBSS0 TextLink_enabled__dJF3l\" href=\"https:\/\/www.themirror.com\/newsletter-preference-centre\/?view=Solus&amp;mailingListId=04221e2e-688a-4d6a-af5a-861cf64333ad&amp;utm_source=solusarticle\" rel=\"follow\" tabindex=\"0\" target=\"_self\">Sign up here<\/a> to get the latest celeb gossip, plus all the biggest film and TV news from the Mirror US straight to your inbox with our FREE newsletter.<\/p>\n<\/div>\n<\/aside>\n<\/div>\n<p><a href=\"https:\/\/www.themirror.com\/entertainment\/celebrity-news\/nancy-guthrie-memorial-removed-arizona-1782385\">Source link <\/a><\/p>","protected":false},"excerpt":{"rendered":"<p>Nancy Guthrie went missing on February 1, and the community immediately rallied around the family. However, now, a memorial in her honor is a point of contention Nancy Guthrie&#8217;s memorial was partially removed Nancy Guthrie&#8217;s disappearance caused an upset for a quiet Arizona neighborhood. When the mother of Today&#8217;s Savannah Guthrie was reported missing on [&hellip;]<\/p>\n","protected":false},"author":1,"featured_media":102752,"comment_status":"closed","ping_status":"","sticky":false,"template":"","format":"standard","meta":{"googlesitekit_rrm_CAow2JLhCw:productID":"","_gspb_post_css":"","maa_idioma":"","maa_pais":"","footnotes":""},"categories":[1],"tags":[13601,6193,10626,26353,8958,17130,9810],"class_list":["post-102751","post","type-post","status-publish","format-standard","has-post-thumbnail","hentry","category-ubirata","tag-concerns","tag-due","tag-guthrie","tag-hoa","tag-memorial","tag-nancy","tag-partially"],"blocksy_meta":[],"yoast_head":"<!-- This site is optimized with the Yoast SEO Premium plugin v27.6 (Yoast SEO v27.6) - https:\/\/yoast.com\/product\/yoast-seo-premium-wordpress\/ -->\n<title>Nancy Guthrie memorial partially taken down due to HOA concerns - Ubirat\u00e3 Online Not\u00edcias - A realidade ao seu alcance!<\/title>\n<meta name=\"description\" content=\"Nancy Guthrie went missing on February 1, and the community immediately rallied around the family. However, now, a memorial in her honor is a point of\" \/>\n<meta name=\"robots\" content=\"index, follow, max-snippet:-1, max-image-preview:large, max-video-preview:-1\" \/>\n<link rel=\"canonical\" href=\"https:\/\/ubirataonline.com.br\/en\/nancy-guthrie-memorial-partially-taken-down-due-to-hoa-concerns\/\" \/>\n<meta property=\"og:locale\" content=\"en_US\" \/>\n<meta property=\"og:type\" content=\"article\" \/>\n<meta property=\"og:title\" content=\"Nancy Guthrie memorial partially taken down due to HOA concerns\" \/>\n<meta property=\"og:description\" content=\"Nancy Guthrie went missing on February 1, and the community immediately rallied around the family. However, now, a memorial in her honor is a point of\" \/>\n<meta property=\"og:url\" content=\"https:\/\/ubirataonline.com.br\/en\/nancy-guthrie-memorial-partially-taken-down-due-to-hoa-concerns\/\" \/>\n<meta property=\"og:site_name\" content=\"Ubirat\u00e3 Online Not\u00edcias - A realidade ao seu alcance!\" \/>\n<meta property=\"article:publisher\" content=\"https:\/\/www.facebook.com\/portalubirataonline\" \/>\n<meta property=\"article:author\" content=\"https:\/\/www.facebook.com\/portalubirataonline\" \/>\n<meta property=\"article:published_time\" content=\"2026-04-10T03:12:43+00:00\" \/>\n<meta property=\"article:modified_time\" content=\"2026-04-10T03:12:47+00:00\" \/>\n<meta property=\"og:image\" content=\"https:\/\/ubirataonline.com.br\/wp-content\/uploads\/2026\/04\/Nancy-Guthrie-memorial-partially-taken-down-due-to-HOA-concerns.jpg\" \/>\n\t<meta property=\"og:image:width\" content=\"1200\" \/>\n\t<meta property=\"og:image:height\" content=\"674\" \/>\n\t<meta property=\"og:image:type\" content=\"image\/jpeg\" \/>\n<meta name=\"author\" content=\"REDA\u00c7\u00c3O: UBIRAT\u00c3 ONLINE - F\u00c1BIO AUGUSTO CELESTINO\" \/>\n<meta name=\"twitter:card\" content=\"summary_large_image\" \/>\n<meta name=\"twitter:creator\" content=\"@x.com\/ubirataonline\" \/>\n<meta name=\"twitter:site\" content=\"@ubirataonline\" \/>\n<meta name=\"twitter:label1\" content=\"Written by\" \/>\n\t<meta name=\"twitter:data1\" content=\"REDA\u00c7\u00c3O: UBIRAT\u00c3 ONLINE - F\u00c1BIO AUGUSTO CELESTINO\" \/>\n\t<meta name=\"twitter:label2\" content=\"Est. reading time\" \/>\n\t<meta name=\"twitter:data2\" content=\"3 minutes\" \/>\n<script type=\"application\/ld+json\" class=\"yoast-schema-graph\">{\"@context\":\"https:\\\/\\\/schema.org\",\"@graph\":[{\"@type\":\"NewsArticle\",\"@id\":\"https:\\\/\\\/ubirataonline.com.br\\\/nancy-guthrie-memorial-partially-taken-down-due-to-hoa-concerns\\\/#article\",\"isPartOf\":{\"@id\":\"https:\\\/\\\/ubirataonline.com.br\\\/nancy-guthrie-memorial-partially-taken-down-due-to-hoa-concerns\\\/\"},\"author\":{\"name\":\"REDA\u00c7\u00c3O: UBIRAT\u00c3 ONLINE - F\u00c1BIO AUGUSTO CELESTINO\",\"@id\":\"https:\\\/\\\/ubirataonline.com.br\\\/#\\\/schema\\\/person\\\/372f87bbd3fdd79b8556b84c98d0bc1c\"},\"headline\":\"Nancy Guthrie memorial partially taken down due to HOA concerns\",\"datePublished\":\"2026-04-10T03:12:43+00:00\",\"dateModified\":\"2026-04-10T03:12:47+00:00\",\"mainEntityOfPage\":{\"@id\":\"https:\\\/\\\/ubirataonline.com.br\\\/nancy-guthrie-memorial-partially-taken-down-due-to-hoa-concerns\\\/\"},\"wordCount\":657,\"publisher\":{\"@id\":\"https:\\\/\\\/ubirataonline.com.br\\\/#organization\"},\"image\":{\"@id\":\"https:\\\/\\\/ubirataonline.com.br\\\/nancy-guthrie-memorial-partially-taken-down-due-to-hoa-concerns\\\/#primaryimage\"},\"thumbnailUrl\":\"https:\\\/\\\/ubirataonline.com.br\\\/wp-content\\\/uploads\\\/2026\\\/04\\\/Nancy-Guthrie-memorial-partially-taken-down-due-to-HOA-concerns.jpg\",\"keywords\":[\"concerns\",\"due\",\"Guthrie\",\"HOA\",\"Memorial\",\"Nancy\",\"partially\"],\"articleSection\":[\"Ubirat\u00e3\"],\"inLanguage\":\"en-US\",\"copyrightYear\":\"2026\",\"copyrightHolder\":{\"@id\":\"https:\\\/\\\/ubirataonline.com.br\\\/en\\\/#organization\"}},{\"@type\":\"WebPage\",\"@id\":\"https:\\\/\\\/ubirataonline.com.br\\\/nancy-guthrie-memorial-partially-taken-down-due-to-hoa-concerns\\\/\",\"url\":\"https:\\\/\\\/ubirataonline.com.br\\\/nancy-guthrie-memorial-partially-taken-down-due-to-hoa-concerns\\\/\",\"name\":\"Nancy Guthrie memorial partially taken down due to HOA concerns - Ubirat\u00e3 Online Not\u00edcias - A realidade ao seu alcance!\",\"isPartOf\":{\"@id\":\"https:\\\/\\\/ubirataonline.com.br\\\/#website\"},\"primaryImageOfPage\":{\"@id\":\"https:\\\/\\\/ubirataonline.com.br\\\/nancy-guthrie-memorial-partially-taken-down-due-to-hoa-concerns\\\/#primaryimage\"},\"image\":{\"@id\":\"https:\\\/\\\/ubirataonline.com.br\\\/nancy-guthrie-memorial-partially-taken-down-due-to-hoa-concerns\\\/#primaryimage\"},\"thumbnailUrl\":\"https:\\\/\\\/ubirataonline.com.br\\\/wp-content\\\/uploads\\\/2026\\\/04\\\/Nancy-Guthrie-memorial-partially-taken-down-due-to-HOA-concerns.jpg\",\"datePublished\":\"2026-04-10T03:12:43+00:00\",\"dateModified\":\"2026-04-10T03:12:47+00:00\",\"description\":\"Nancy Guthrie went missing on February 1, and the community immediately rallied around the family. However, now, a memorial in her honor is a point of\",\"breadcrumb\":{\"@id\":\"https:\\\/\\\/ubirataonline.com.br\\\/nancy-guthrie-memorial-partially-taken-down-due-to-hoa-concerns\\\/#breadcrumb\"},\"inLanguage\":\"en-US\",\"potentialAction\":[{\"@type\":\"ReadAction\",\"target\":[\"https:\\\/\\\/ubirataonline.com.br\\\/nancy-guthrie-memorial-partially-taken-down-due-to-hoa-concerns\\\/\"]}]},{\"@type\":\"ImageObject\",\"inLanguage\":\"en-US\",\"@id\":\"https:\\\/\\\/ubirataonline.com.br\\\/nancy-guthrie-memorial-partially-taken-down-due-to-hoa-concerns\\\/#primaryimage\",\"url\":\"https:\\\/\\\/ubirataonline.com.br\\\/wp-content\\\/uploads\\\/2026\\\/04\\\/Nancy-Guthrie-memorial-partially-taken-down-due-to-HOA-concerns.jpg\",\"contentUrl\":\"https:\\\/\\\/ubirataonline.com.br\\\/wp-content\\\/uploads\\\/2026\\\/04\\\/Nancy-Guthrie-memorial-partially-taken-down-due-to-HOA-concerns.jpg\",\"width\":1200,\"height\":674,\"caption\":\"Nancy Guthrie&#x27;s memorial was partially removed\"},{\"@type\":\"BreadcrumbList\",\"@id\":\"https:\\\/\\\/ubirataonline.com.br\\\/nancy-guthrie-memorial-partially-taken-down-due-to-hoa-concerns\\\/#breadcrumb\",\"itemListElement\":[{\"@type\":\"ListItem\",\"position\":1,\"name\":\"In\u00edcio\",\"item\":\"https:\\\/\\\/ubirataonline.com.br\\\/\"},{\"@type\":\"ListItem\",\"position\":2,\"name\":\"Nancy Guthrie memorial partially taken down due to HOA concerns\"}]},{\"@type\":\"WebSite\",\"@id\":\"https:\\\/\\\/ubirataonline.com.br\\\/#website\",\"url\":\"https:\\\/\\\/ubirataonline.com.br\\\/\",\"name\":\"Ubirat\u00e3 Online Not\u00edcias\",\"description\":\"Not\u00edcias de Ubirat\u00e3, regi\u00e3o, Brasil e mundo, com informa\u00e7\u00e3o atualizada e compromisso com o leitor.\",\"publisher\":{\"@id\":\"https:\\\/\\\/ubirataonline.com.br\\\/#organization\"},\"alternateName\":\"Ubirat\u00e3 Online\",\"potentialAction\":[{\"@type\":\"SearchAction\",\"target\":{\"@type\":\"EntryPoint\",\"urlTemplate\":\"https:\\\/\\\/ubirataonline.com.br\\\/?s={search_term_string}\"},\"query-input\":{\"@type\":\"PropertyValueSpecification\",\"valueRequired\":true,\"valueName\":\"search_term_string\"}}],\"inLanguage\":\"en-US\"},{\"@type\":[\"Organization\",\"Place\"],\"@id\":\"https:\\\/\\\/ubirataonline.com.br\\\/#organization\",\"name\":\"Ubirat\u00e3 Online Not\u00edcias\",\"alternateName\":\"Ubirat\u00e3 Online\",\"url\":\"https:\\\/\\\/ubirataonline.com.br\\\/\",\"logo\":{\"@id\":\"https:\\\/\\\/ubirataonline.com.br\\\/nancy-guthrie-memorial-partially-taken-down-due-to-hoa-concerns\\\/#local-main-organization-logo\"},\"image\":{\"@id\":\"https:\\\/\\\/ubirataonline.com.br\\\/nancy-guthrie-memorial-partially-taken-down-due-to-hoa-concerns\\\/#local-main-organization-logo\"},\"sameAs\":[\"https:\\\/\\\/www.facebook.com\\\/portalubirataonline\",\"https:\\\/\\\/x.com\\\/ubirataonline\",\"https:\\\/\\\/mastodon.social\\\/@ubirataonline\",\"https:\\\/\\\/www.facebook.com\\\/groups\\\/311144672285604\",\"https:\\\/\\\/www.facebook.com\\\/UBTAOnline\",\"https:\\\/\\\/www.instagram.com\\\/portalubirataonline\\\/\",\"https:\\\/\\\/twitter.com\\\/ubirataonline\"],\"description\":\"Somos um portal de not\u00edcias independente, criado em 5 de janeiro de 2009, com o objetivo de informar, conectar e valorizar a nossa comunidade de Ubirat\u00e3 e toda aregi\u00e3o. Com conte\u00fado atualizado, confi\u00e1vel e relevante, o Ubirat\u00e3 Online \u00e9 o seu espa\u00e7o para ficar por dentro dos principais acontecimentos locais, regionais, Brasil, Mundo e de interesse geral. Nosso compromisso \u00e9 com a verdade, a transpar\u00eancia e o respeito ao leitor.\",\"legalName\":\"UBIRATA ONLINE NOT\u00cdCIAS\",\"foundingDate\":\"2009-01-05\",\"numberOfEmployees\":{\"@type\":\"QuantitativeValue\",\"minValue\":\"1\",\"maxValue\":\"10\"},\"publishingPrinciples\":\"https:\\\/\\\/ubirataonline.com.br\\\/faq\\\/\",\"address\":{\"@id\":\"https:\\\/\\\/ubirataonline.com.br\\\/nancy-guthrie-memorial-partially-taken-down-due-to-hoa-concerns\\\/#local-main-place-address\"},\"geo\":{\"@type\":\"GeoCoordinates\",\"latitude\":\"-24.5361401\",\"longitude\":\"-52.9921776\"},\"telephone\":[\"+5544998308235\"],\"contactPoint\":{\"@type\":\"ContactPoint\",\"email\":\"contato@ubirataonline.com.br\"},\"openingHoursSpecification\":{\"@type\":\"OpeningHoursSpecification\",\"dayOfWeek\":[\"Monday\",\"Tuesday\",\"Wednesday\",\"Thursday\",\"Friday\",\"Saturday\",\"Sunday\"],\"opens\":\"00:00\",\"closes\":\"23:59\"},\"email\":\"contato@ubirataonline.com.br\",\"vatID\":\"47.621.418\\\/0001-80\"},{\"@type\":\"Person\",\"@id\":\"https:\\\/\\\/ubirataonline.com.br\\\/#\\\/schema\\\/person\\\/372f87bbd3fdd79b8556b84c98d0bc1c\",\"name\":\"REDA\u00c7\u00c3O: UBIRAT\u00c3 ONLINE - F\u00c1BIO AUGUSTO CELESTINO\",\"pronouns\":\"Ele\",\"description\":\"Desde 2003 trabalhando com not\u00edcias.\",\"sameAs\":[\"http:\\\/\\\/ubirataoline.com.br\",\"https:\\\/\\\/www.facebook.com\\\/portalubirataonline\",\"https:\\\/\\\/www.instagram.com\\\/ubirataonline_oficial\",\"https:\\\/\\\/x.com\\\/x.com\\\/ubirataonline\"],\"honorificPrefix\":\"Mr.\",\"honorificSuffix\":\"MD\",\"birthDate\":\"1980-06-16\",\"gender\":\"masculino\",\"award\":[\"V\u00e1rios pr\u00eamios de melhor portal da cidade\"],\"jobTitle\":\"Diretor\",\"url\":\"https:\\\/\\\/ubirataonline.com.br\\\/en\\\/author\\\/ubirataonline\\\/\"},{\"@type\":\"PostalAddress\",\"@id\":\"https:\\\/\\\/ubirataonline.com.br\\\/nancy-guthrie-memorial-partially-taken-down-due-to-hoa-concerns\\\/#local-main-place-address\",\"streetAddress\":\"Rua dos Coqueiros, 104 - Bairro Boa Vista, Rua dos Coqueiros, 104 Bairro Boa Vista\",\"addressLocality\":\"UBIRATA\",\"postalCode\":\"85440-000\",\"addressRegion\":\"PR\",\"addressCountry\":\"BR\"},{\"@type\":\"ImageObject\",\"inLanguage\":\"en-US\",\"@id\":\"https:\\\/\\\/ubirataonline.com.br\\\/nancy-guthrie-memorial-partially-taken-down-due-to-hoa-concerns\\\/#local-main-organization-logo\",\"url\":\"https:\\\/\\\/ubirataonline.com.br\\\/wp-content\\\/uploads\\\/2026\\\/06\\\/logoubirataonline-1.webp\",\"contentUrl\":\"https:\\\/\\\/ubirataonline.com.br\\\/wp-content\\\/uploads\\\/2026\\\/06\\\/logoubirataonline-1.webp\",\"width\":500,\"height\":500,\"caption\":\"Ubirat\u00e3 Online Not\u00edcias\"}]}<\/script>\n<meta name=\"geo.placename\" content=\"UBIRATA\" \/>\n<meta name=\"geo.position\" content=\"-24.5361401;-52.9921776\" \/>\n<meta name=\"geo.region\" content=\"Brazil\" \/>\n<!-- \/ Yoast SEO Premium plugin. -->","yoast_head_json":{"title":"Nancy Guthrie memorial partially taken down due to HOA concerns - Ubirat\u00e3 Online Not\u00edcias - A realidade ao seu alcance!","description":"Nancy Guthrie went missing on February 1, and the community immediately rallied around the family. However, now, a memorial in her honor is a point of","robots":{"index":"index","follow":"follow","max-snippet":"max-snippet:-1","max-image-preview":"max-image-preview:large","max-video-preview":"max-video-preview:-1"},"canonical":"https:\/\/ubirataonline.com.br\/en\/nancy-guthrie-memorial-partially-taken-down-due-to-hoa-concerns\/","og_locale":"en_US","og_type":"article","og_title":"Nancy Guthrie memorial partially taken down due to HOA concerns","og_description":"Nancy Guthrie went missing on February 1, and the community immediately rallied around the family. However, now, a memorial in her honor is a point of","og_url":"https:\/\/ubirataonline.com.br\/en\/nancy-guthrie-memorial-partially-taken-down-due-to-hoa-concerns\/","og_site_name":"Ubirat\u00e3 Online Not\u00edcias - A realidade ao seu alcance!","article_publisher":"https:\/\/www.facebook.com\/portalubirataonline","article_author":"https:\/\/www.facebook.com\/portalubirataonline","article_published_time":"2026-04-10T03:12:43+00:00","article_modified_time":"2026-04-10T03:12:47+00:00","og_image":[{"width":1200,"height":674,"url":"https:\/\/ubirataonline.com.br\/wp-content\/uploads\/2026\/04\/Nancy-Guthrie-memorial-partially-taken-down-due-to-HOA-concerns.jpg","type":"image\/jpeg"}],"author":"REDA\u00c7\u00c3O: UBIRAT\u00c3 ONLINE - F\u00c1BIO AUGUSTO CELESTINO","twitter_card":"summary_large_image","twitter_creator":"@x.com\/ubirataonline","twitter_site":"@ubirataonline","twitter_misc":{"Written by":"REDA\u00c7\u00c3O: UBIRAT\u00c3 ONLINE - F\u00c1BIO AUGUSTO CELESTINO","Est. reading time":"3 minutes"},"schema":{"@context":"https:\/\/schema.org","@graph":[{"@type":"NewsArticle","@id":"https:\/\/ubirataonline.com.br\/nancy-guthrie-memorial-partially-taken-down-due-to-hoa-concerns\/#article","isPartOf":{"@id":"https:\/\/ubirataonline.com.br\/nancy-guthrie-memorial-partially-taken-down-due-to-hoa-concerns\/"},"author":{"name":"REDA\u00c7\u00c3O: UBIRAT\u00c3 ONLINE - F\u00c1BIO AUGUSTO CELESTINO","@id":"https:\/\/ubirataonline.com.br\/#\/schema\/person\/372f87bbd3fdd79b8556b84c98d0bc1c"},"headline":"Nancy Guthrie memorial partially taken down due to HOA concerns","datePublished":"2026-04-10T03:12:43+00:00","dateModified":"2026-04-10T03:12:47+00:00","mainEntityOfPage":{"@id":"https:\/\/ubirataonline.com.br\/nancy-guthrie-memorial-partially-taken-down-due-to-hoa-concerns\/"},"wordCount":657,"publisher":{"@id":"https:\/\/ubirataonline.com.br\/#organization"},"image":{"@id":"https:\/\/ubirataonline.com.br\/nancy-guthrie-memorial-partially-taken-down-due-to-hoa-concerns\/#primaryimage"},"thumbnailUrl":"https:\/\/ubirataonline.com.br\/wp-content\/uploads\/2026\/04\/Nancy-Guthrie-memorial-partially-taken-down-due-to-HOA-concerns.jpg","keywords":["concerns","due","Guthrie","HOA","Memorial","Nancy","partially"],"articleSection":["Ubirat\u00e3"],"inLanguage":"en-US","copyrightYear":"2026","copyrightHolder":{"@id":"https:\/\/ubirataonline.com.br\/en\/#organization"}},{"@type":"WebPage","@id":"https:\/\/ubirataonline.com.br\/nancy-guthrie-memorial-partially-taken-down-due-to-hoa-concerns\/","url":"https:\/\/ubirataonline.com.br\/nancy-guthrie-memorial-partially-taken-down-due-to-hoa-concerns\/","name":"Nancy Guthrie memorial partially taken down due to HOA concerns - Ubirat\u00e3 Online Not\u00edcias - A realidade ao seu alcance!","isPartOf":{"@id":"https:\/\/ubirataonline.com.br\/#website"},"primaryImageOfPage":{"@id":"https:\/\/ubirataonline.com.br\/nancy-guthrie-memorial-partially-taken-down-due-to-hoa-concerns\/#primaryimage"},"image":{"@id":"https:\/\/ubirataonline.com.br\/nancy-guthrie-memorial-partially-taken-down-due-to-hoa-concerns\/#primaryimage"},"thumbnailUrl":"https:\/\/ubirataonline.com.br\/wp-content\/uploads\/2026\/04\/Nancy-Guthrie-memorial-partially-taken-down-due-to-HOA-concerns.jpg","datePublished":"2026-04-10T03:12:43+00:00","dateModified":"2026-04-10T03:12:47+00:00","description":"Nancy Guthrie went missing on February 1, and the community immediately rallied around the family. However, now, a memorial in her honor is a point of","breadcrumb":{"@id":"https:\/\/ubirataonline.com.br\/nancy-guthrie-memorial-partially-taken-down-due-to-hoa-concerns\/#breadcrumb"},"inLanguage":"en-US","potentialAction":[{"@type":"ReadAction","target":["https:\/\/ubirataonline.com.br\/nancy-guthrie-memorial-partially-taken-down-due-to-hoa-concerns\/"]}]},{"@type":"ImageObject","inLanguage":"en-US","@id":"https:\/\/ubirataonline.com.br\/nancy-guthrie-memorial-partially-taken-down-due-to-hoa-concerns\/#primaryimage","url":"https:\/\/ubirataonline.com.br\/wp-content\/uploads\/2026\/04\/Nancy-Guthrie-memorial-partially-taken-down-due-to-HOA-concerns.jpg","contentUrl":"https:\/\/ubirataonline.com.br\/wp-content\/uploads\/2026\/04\/Nancy-Guthrie-memorial-partially-taken-down-due-to-HOA-concerns.jpg","width":1200,"height":674,"caption":"Nancy Guthrie&#x27;s memorial was partially removed"},{"@type":"BreadcrumbList","@id":"https:\/\/ubirataonline.com.br\/nancy-guthrie-memorial-partially-taken-down-due-to-hoa-concerns\/#breadcrumb","itemListElement":[{"@type":"ListItem","position":1,"name":"In\u00edcio","item":"https:\/\/ubirataonline.com.br\/"},{"@type":"ListItem","position":2,"name":"Nancy Guthrie memorial partially taken down due to HOA concerns"}]},{"@type":"WebSite","@id":"https:\/\/ubirataonline.com.br\/#website","url":"https:\/\/ubirataonline.com.br\/","name":"Ubirat\u00e3 Online Not\u00edcias","description":"Not\u00edcias de Ubirat\u00e3, regi\u00e3o, Brasil e mundo, com informa\u00e7\u00e3o atualizada e compromisso com o leitor.","publisher":{"@id":"https:\/\/ubirataonline.com.br\/#organization"},"alternateName":"Ubirat\u00e3 Online","potentialAction":[{"@type":"SearchAction","target":{"@type":"EntryPoint","urlTemplate":"https:\/\/ubirataonline.com.br\/?s={search_term_string}"},"query-input":{"@type":"PropertyValueSpecification","valueRequired":true,"valueName":"search_term_string"}}],"inLanguage":"en-US"},{"@type":["Organization","Place"],"@id":"https:\/\/ubirataonline.com.br\/#organization","name":"Ubirat\u00e3 Online Not\u00edcias","alternateName":"Ubirat\u00e3 Online","url":"https:\/\/ubirataonline.com.br\/","logo":{"@id":"https:\/\/ubirataonline.com.br\/nancy-guthrie-memorial-partially-taken-down-due-to-hoa-concerns\/#local-main-organization-logo"},"image":{"@id":"https:\/\/ubirataonline.com.br\/nancy-guthrie-memorial-partially-taken-down-due-to-hoa-concerns\/#local-main-organization-logo"},"sameAs":["https:\/\/www.facebook.com\/portalubirataonline","https:\/\/x.com\/ubirataonline","https:\/\/mastodon.social\/@ubirataonline","https:\/\/www.facebook.com\/groups\/311144672285604","https:\/\/www.facebook.com\/UBTAOnline","https:\/\/www.instagram.com\/portalubirataonline\/","https:\/\/twitter.com\/ubirataonline"],"description":"Somos um portal de not\u00edcias independente, criado em 5 de janeiro de 2009, com o objetivo de informar, conectar e valorizar a nossa comunidade de Ubirat\u00e3 e toda aregi\u00e3o. Com conte\u00fado atualizado, confi\u00e1vel e relevante, o Ubirat\u00e3 Online \u00e9 o seu espa\u00e7o para ficar por dentro dos principais acontecimentos locais, regionais, Brasil, Mundo e de interesse geral. Nosso compromisso \u00e9 com a verdade, a transpar\u00eancia e o respeito ao leitor.","legalName":"UBIRATA ONLINE NOT\u00cdCIAS","foundingDate":"2009-01-05","numberOfEmployees":{"@type":"QuantitativeValue","minValue":"1","maxValue":"10"},"publishingPrinciples":"https:\/\/ubirataonline.com.br\/faq\/","address":{"@id":"https:\/\/ubirataonline.com.br\/nancy-guthrie-memorial-partially-taken-down-due-to-hoa-concerns\/#local-main-place-address"},"geo":{"@type":"GeoCoordinates","latitude":"-24.5361401","longitude":"-52.9921776"},"telephone":["+5544998308235"],"contactPoint":{"@type":"ContactPoint","email":"contato@ubirataonline.com.br"},"openingHoursSpecification":{"@type":"OpeningHoursSpecification","dayOfWeek":["Monday","Tuesday","Wednesday","Thursday","Friday","Saturday","Sunday"],"opens":"00:00","closes":"23:59"},"email":"contato@ubirataonline.com.br","vatID":"47.621.418\/0001-80"},{"@type":"Person","@id":"https:\/\/ubirataonline.com.br\/#\/schema\/person\/372f87bbd3fdd79b8556b84c98d0bc1c","name":"REDA\u00c7\u00c3O: UBIRAT\u00c3 ONLINE - F\u00c1BIO AUGUSTO CELESTINO","pronouns":"Ele","description":"Desde 2003 trabalhando com not\u00edcias.","sameAs":["http:\/\/ubirataoline.com.br","https:\/\/www.facebook.com\/portalubirataonline","https:\/\/www.instagram.com\/ubirataonline_oficial","https:\/\/x.com\/x.com\/ubirataonline"],"honorificPrefix":"Mr.","honorificSuffix":"MD","birthDate":"1980-06-16","gender":"masculino","award":["V\u00e1rios pr\u00eamios de melhor portal da cidade"],"jobTitle":"Diretor","url":"https:\/\/ubirataonline.com.br\/en\/author\/ubirataonline\/"},{"@type":"PostalAddress","@id":"https:\/\/ubirataonline.com.br\/nancy-guthrie-memorial-partially-taken-down-due-to-hoa-concerns\/#local-main-place-address","streetAddress":"Rua dos Coqueiros, 104 - Bairro Boa Vista, Rua dos Coqueiros, 104 Bairro Boa Vista","addressLocality":"UBIRATA","postalCode":"85440-000","addressRegion":"PR","addressCountry":"BR"},{"@type":"ImageObject","inLanguage":"en-US","@id":"https:\/\/ubirataonline.com.br\/nancy-guthrie-memorial-partially-taken-down-due-to-hoa-concerns\/#local-main-organization-logo","url":"https:\/\/ubirataonline.com.br\/wp-content\/uploads\/2026\/06\/logoubirataonline-1.webp","contentUrl":"https:\/\/ubirataonline.com.br\/wp-content\/uploads\/2026\/06\/logoubirataonline-1.webp","width":500,"height":500,"caption":"Ubirat\u00e3 Online Not\u00edcias"}]},"geo.placename":"UBIRATA","geo.position":{"lat":"-24.5361401","long":"-52.9921776"},"geo.region":"Brazil"},"_links":{"self":[{"href":"https:\/\/ubirataonline.com.br\/en\/wp-json\/wp\/v2\/posts\/102751","targetHints":{"allow":["GET"]}}],"collection":[{"href":"https:\/\/ubirataonline.com.br\/en\/wp-json\/wp\/v2\/posts"}],"about":[{"href":"https:\/\/ubirataonline.com.br\/en\/wp-json\/wp\/v2\/types\/post"}],"author":[{"embeddable":true,"href":"https:\/\/ubirataonline.com.br\/en\/wp-json\/wp\/v2\/users\/1"}],"replies":[{"embeddable":true,"href":"https:\/\/ubirataonline.com.br\/en\/wp-json\/wp\/v2\/comments?post=102751"}],"version-history":[{"count":0,"href":"https:\/\/ubirataonline.com.br\/en\/wp-json\/wp\/v2\/posts\/102751\/revisions"}],"wp:featuredmedia":[{"embeddable":true,"href":"https:\/\/ubirataonline.com.br\/en\/wp-json\/wp\/v2\/media\/102752"}],"wp:attachment":[{"href":"https:\/\/ubirataonline.com.br\/en\/wp-json\/wp\/v2\/media?parent=102751"}],"wp:term":[{"taxonomy":"category","embeddable":true,"href":"https:\/\/ubirataonline.com.br\/en\/wp-json\/wp\/v2\/categories?post=102751"},{"taxonomy":"post_tag","embeddable":true,"href":"https:\/\/ubirataonline.com.br\/en\/wp-json\/wp\/v2\/tags?post=102751"}],"curies":[{"name":"wp","href":"https:\/\/api.w.org\/{rel}","templated":true}]}}