{"id":102754,"date":"2026-04-10T00:17:37","date_gmt":"2026-04-10T03:17:37","guid":{"rendered":"https:\/\/ubirataonline.com.br\/nba-legend-jimmy-butler-joins-the-voice-battle-of-champions\/"},"modified":"2026-04-10T00:17:37","modified_gmt":"2026-04-10T03:17:37","slug":"nba-legend-jimmy-butler-joins-the-voice-battle-of-champions","status":"publish","type":"post","link":"https:\/\/ubirataonline.com.br\/en\/nba-legend-jimmy-butler-joins-the-voice-battle-of-champions\/","title":{"rendered":"NBA Legend Jimmy Butler Joins The Voice: Battle of Champions"},"content":{"rendered":"<p><\/p>\n<div>\n<p>Yet another all-star has joined <a href=\"https:\/\/www.peacocktv.com\/stream-tv\/the-voice?cid=2411evginsdredinbcrownedi27589&amp;utm_campaign=2411evginsdredi&amp;utm_source=insdredi_nbcupt_st-sv&amp;utm_medium=own_edi_awa_artl&amp;utm_term=insidereditorialreaders&amp;utm_content=thevoice\"><em>The Voice: Battle of Champions<\/em><\/a>! NBA champion and Golden State Warriors star Jimmy Butler is crossing paths with <a href=\"https:\/\/www.nbc.com\/nbc-insider\/the-voice-season-29-coaches-lineup\">Season 29&#8217;s Coaches<\/a>\u00a0<a href=\"https:\/\/www.nbc.com\/nbc-insider\/people\/kelly-clarkson\">Kelly Clarkson<\/a>,\u00a0<a href=\"https:\/\/www.nbc.com\/nbc-insider\/people\/john-legend\">John Legend<\/a>, and\u00a0<a href=\"https:\/\/www.nbc.com\/nbc-insider\/people\/adam-levine\">Adam Levine<\/a>, as well as <a href=\"https:\/\/www.nbc.com\/nbc-insider\/people\/carson-daly\"><em>The Voice&#8217;s <\/em>longtime Host Carson Daly<\/a>, to finish off this action-packed competition with a bang.\u00a0<\/p>\n<div>\n<div class=\"embedded-entity how-to-watch\" id=\"blog-post-how-to-watch\">\n<h3>How to Watch<\/h3>\n<div class=\"copy__container\">\n<div class=\"copy__text-wrapper\">\n<p>Watch <em>The Voice<\/em>\u00a0Mondays at 9\/8c on <a href=\"https:\/\/www.nbc.com\/the-voice\/episodes\" target=\"_blank\" class=\"notl\" rel=\"noreferrer noopener\">NBC<\/a> and next day on\u00a0<a data-entity-href=\"https:\/\/www.peacocktv.com\/stream-tv\/the-voice?cid=2411evginsdredinbcrownedi27589&amp;utm_campaign=2411evginsdredi&amp;utm_source=insdredi_nbcupt_st-sv&amp;utm_medium=own_edi_awa_artl&amp;utm_term=insidereditorialreaders&amp;utm_content=thevoice\" data-entity-title=\"https:\/\/www.peacocktv.com\/stream-tv\/the-voice?cid=2411evginsdredinbcrownedi27589&amp;utm_campaign=2411evginsdredi&amp;utm_source=insdredi_nbcupt_st-sv&amp;utm_medium=own_edi_awa_artl&amp;utm_term=insidereditorialreaders&amp;utm_content=thevoice\" href=\"https:\/\/www.peacocktv.com\/stream-tv\/the-voice?cid=2411evginsdredinbcrownedi27589&amp;utm_campaign=2411evginsdredi&amp;utm_source=insdredi_nbcupt_st-sv&amp;utm_medium=own_edi_awa_artl&amp;utm_term=insidereditorialreaders&amp;utm_content=thevoice\" class=\"notl\">Peacock<\/a>.<\/p>\n<\/div>\n<\/div>\n<\/div>\n<\/div>\n<p>Not long after <a href=\"https:\/\/www.nbcsports.com\/pressbox\/bios\/derek-fisher\">NBA legend Derek Fisher<\/a> provided\u00a0<a href=\"https:\/\/www.instagram.com\/reels\/DVHqkQYDV9p\/\" target=\"_blank\" rel=\"noreferrer noopener\">commentary<\/a>\u00a0earlier on this season, Butler is set to appear during <a href=\"https:\/\/www.nbc.com\/nbc-insider\/the-voice-season-29-finale-details?cid=soc_facebook_x_x_nbc_org_x_thevoice_x_editorial_x_x&amp;utm_source=soc&amp;utm_medium=facebook&amp;utm_campaign=x_x_nbc_org_x_thevoice_x_editorial_x&amp;utm_term=x\"><em>The<\/em>\u00a0<em>Voice: Battle of Champions&#8217; <\/em>two-night Finale event<\/a>: the Semi-Finals on Monday, April 13, followed by the Finale on Tuesday, April 14. The\u00a0six-time NBA All-Star, aka\u00a0Jimmy Buckets, will surely amp up the Coaches and <a href=\"https:\/\/www.nbc.com\/nbc-insider\/the-voice-top-9-artists-revealed-season-29-2026\">Season 29&#8217;s remaining Artists<\/a> as the audience prepares to <a href=\"https:\/\/www.nbc.com\/nbc-insider\/how-to-vote-on-the-voice\">choose <em>The Voice&#8217;s<\/em> newest winner<\/a>.\u00a0<\/p>\n<p><strong>RELATED:\u00a0<a href=\"https:\/\/www.peacocktv.com\/stream-tv\/the-voice?cid=2411evginsdredinbcrownedi26099&amp;utm_campaign=2411evginsdredi&amp;utm_source=insdredi_nbcupt_st-sv&amp;utm_medium=own_edi_awa_artl&amp;utm_term=insidereditorialreaders&amp;utm_content=thevoice\">Stream New Episodes of\u00a0<em>The Voice: Battle of Champions<\/em>\u00a0the Next Day on Peacock<\/a><\/strong><\/p>\n<p>&#8220;Hey <em>Voice<\/em> fans! Jimmy Butler here in the flesh, super excited to be here,&#8221; Butler said in a <a href=\"https:\/\/www.facebook.com\/reel\/4345033722440299\" target=\"_blank\" rel=\"noreferrer noopener\">video<\/a> teasing his meet-up with <em>The Voice<\/em> Coaches, calling himself a &#8220;super fan.&#8221; The video also reveals that Butler will give Clarkson, Levine, and Legend an NBA-worthy introduction to kick off the two-night Finale event. &#8220;Go Coaches!&#8221;<\/p>\n<h2>Jimmy Butler joins\u00a0<em>The Voice: Battle of Champions<\/em>\u00a0for Season 29&#8217;s two-night Finale event<\/h2>\n<p>With his NBA career dating back 2011, Butler has played for the Chicago Bulls, the Minnesota Timberwolves, the Philadelphia 76ers, the Miami Heat, and currently, the Golden State Warriors. What&#8217;s more, he&#8217;s also been known to take the mic and show off his own singing chops.<\/p>\n<p>In 2024, Butler was <a href=\"https:\/\/www.facebook.com\/watch\/?v=2780276222138848\" target=\"_blank\" rel=\"noreferrer noopener\">seen<\/a> belting out to\u00a0Vanessa Carlton&#8217;s &#8220;A Thousand Miles&#8221; while signing autographs for fans. Just recently, Butler amped up the crowd at a Warriors&#8217; Open Practice when he <a href=\"https:\/\/www.youtube.com\/watch?v=c6lqR8Jjbq8&amp;t=1s\" target=\"_blank\" rel=\"noreferrer noopener\">sang<\/a>\u00a0<a href=\"https:\/\/www.nbc.com\/nbc-insider\/shaboozey-a-bar-song-tipsy-lyrics-meaning\">Shaboozey&#8217;s &#8220;A Bar Song (Tispy).&#8221;<\/a>\u00a0Back in 2015, in a <a href=\"https:\/\/www.facebook.com\/watch\/?v=10153389801631614\" target=\"_blank\" rel=\"noreferrer noopener\">video<\/a> for the Chicago Bulls, Butler revealed he&#8217;s not only Swiftie and is a big fan of her 2012 bop &#8220;I Knew You Were Trouble,&#8221; he joked about\u00a0exploring a future singing career after he ages out of basketball. &#8220;This is my calling, this is what I do, I sing,&#8221; he said in the interview. &#8220;I only got like a couple more years at this basketball thing &#8217;cause singing is really starting to take over.&#8221;<\/p>\n<p>Butler may love to sing, but he was off by a long shot in the sports department. But now, the NBA forward will immerse himself in the most musical environment possible of <a href=\"https:\/\/www.nbc.com\/nbc-insider\/where-is-the-voice-filmed\">the set of <em>The Voice<\/em>!<\/a><\/p>\n<p>In <em>The Voice&#8217;s<\/em> video revealing Butler&#8217;s upcoming debut, the NBA star can been seen mingling with Clarkson, Legend, and Levine behind the scenes. &#8220;I get to hang out with Kelly, with John, with Adam,&#8221; Butler says in the video, asking for music advice from Levine, who would rather play a game of HORSE.\u00a0<\/p>\n<p><strong>RELATED:\u00a0<a href=\"https:\/\/www.nbc.com\/nbc-insider\/why-john-legend-had-kelly-clarkson-giggling-on-the-voice\">John Legend&#8217;s Risqu\u00e9 Comment Sent Kelly Clarkson Into a Fit of Giggles on The Voice<\/a><\/strong><\/p>\n<p><strong>RELATED:\u00a0<a href=\"https:\/\/www.nbc.com\/nbc-insider\/the-voice-season-29-episode-guide-recap-2026\">The Voice Season 29: The Ultimate Episode-by-Episode Guide for Super Fans<\/a><\/strong><\/p>\n<h2>The NBA Playoffs begin on April 19 on NBC and Peacock\u00a0<\/h2>\n<p>Just days after <em>The Voice<\/em> crowns this season&#8217;s winners, <a href=\"https:\/\/www.nbc.com\/nbc-insider\/when-is-the-nba-playoff-bracket-announced-what-to-know\">the NBA Playoffs<\/a> begin! You can catch all the action as it unfolds starting\u00a0 April 19, exclusively on <a href=\"https:\/\/www.nbc.com\/sports\/league\/nba\"><strong>NBC<\/strong><\/a> and <strong><a href=\"https:\/\/www.peacocktv.com\/sports\/nba?cid=2411evginsdredinbcrownedi26195&amp;utm_campaign=2411evginsdredi&amp;utm_source=insdredi_nbcupt_st-sv&amp;utm_medium=own_edi_awa_artl&amp;utm_term=insidereditorialreaders&amp;utm_content=nba\">Peacock<\/a>.\u00a0<\/strong><\/p>\n<p><strong>RELATED:\u00a0<a href=\"https:\/\/www.nbc.com\/nbc-insider\/adam-levine-the-voice-season-1-moment-brought-him-to-tears\">Adam Levine Reveals This Moment on The Voice Is the &#8220;Only Time&#8221; He&#8217;s Teared Up on TV<\/a><\/strong><\/p>\n<p>But before that happens, you won&#8217;t want to miss Butler&#8217;s debut on <em>The Voice<\/em>! Watch the two-night finale event for <em>The Voice: Battle of Champions<\/em> at 9\/8c on April 13 and April 14 on<strong>\u00a0<a href=\"https:\/\/www.nbc.com\/the-voice\/episodes\" target=\"_blank\" rel=\"noreferrer noopener\">NBC<\/a>\u00a0<\/strong>and streaming the next day on\u00a0<strong><a data-entity-href=\"https:\/\/www.peacocktv.com\/stream-tv\/the-voice?cid=2411evginsdredinbcrownedi27589&amp;utm_campaign=2411evginsdredi&amp;utm_source=insdredi_nbcupt_st-sv&amp;utm_medium=own_edi_awa_artl&amp;utm_term=insidereditorialreaders&amp;utm_content=thevoice\" data-entity-title=\"https:\/\/www.peacocktv.com\/stream-tv\/the-voice?cid=2411evginsdredinbcrownedi27589&amp;utm_campaign=2411evginsdredi&amp;utm_source=insdredi_nbcupt_st-sv&amp;utm_medium=own_edi_awa_artl&amp;utm_term=insidereditorialreaders&amp;utm_content=thevoice\" href=\"https:\/\/www.peacocktv.com\/stream-tv\/the-voice?cid=2411evginsdredinbcrownedi27589&amp;utm_campaign=2411evginsdredi&amp;utm_source=insdredi_nbcupt_st-sv&amp;utm_medium=own_edi_awa_artl&amp;utm_term=insidereditorialreaders&amp;utm_content=thevoice\">Peacock<\/a>.<\/strong><\/p>\n<\/div>\n<p><script async src=\"\/\/www.instagram.com\/embed.js\"><\/script><\/p>\n<p><a href=\"https:\/\/www.nbc.com\/nbc-insider\/jimmy-butler-joins-the-voice-season-29-battle-of-champions\">Source link <\/a><br \/>\nSee more https:\/\/theglobaltrack.com\/<\/p>","protected":false},"excerpt":{"rendered":"<p>Yet another all-star has joined The Voice: Battle of Champions! NBA champion and Golden State Warriors star Jimmy Butler is crossing paths with Season 29&#8217;s Coaches\u00a0Kelly Clarkson,\u00a0John Legend, and\u00a0Adam Levine, as well as The Voice&#8217;s longtime Host Carson Daly, to finish off this action-packed competition with a bang.\u00a0 How to Watch Watch The Voice\u00a0Mondays at [&hellip;]<\/p>\n","protected":false},"author":1,"featured_media":102755,"comment_status":"","ping_status":"","sticky":false,"template":"","format":"standard","meta":{"googlesitekit_rrm_CAow2JLhCw:productID":"","_gspb_post_css":"","maa_idioma":"","maa_pais":"","footnotes":""},"categories":[1],"tags":[6732,11832,3695,13750,7474,8018,4039,10850],"class_list":["post-102754","post","type-post","status-publish","format-standard","has-post-thumbnail","hentry","category-ubirata","tag-battle","tag-butler","tag-champions","tag-jimmy","tag-joins","tag-legend","tag-nba","tag-voice"],"blocksy_meta":[],"yoast_head":"<!-- This site is optimized with the Yoast SEO Premium plugin v27.6 (Yoast SEO v27.6) - https:\/\/yoast.com\/product\/yoast-seo-premium-wordpress\/ -->\n<title>NBA Legend Jimmy Butler Joins The Voice: Battle of Champions - Ubirat\u00e3 Online Not\u00edcias - A realidade ao seu alcance!<\/title>\n<meta name=\"description\" content=\"NBA legend Jimmy Butler is set to join&nbsp;&quot;The Voice: Battle of Champions&quot;&nbsp;for Season 29&#039;s two-night Finale event. Get all the exciting details, here!\" \/>\n<meta name=\"robots\" content=\"index, follow, max-snippet:-1, max-image-preview:large, max-video-preview:-1\" \/>\n<link rel=\"canonical\" href=\"https:\/\/ubirataonline.com.br\/en\/nba-legend-jimmy-butler-joins-the-voice-battle-of-champions\/\" \/>\n<meta property=\"og:locale\" content=\"en_US\" \/>\n<meta property=\"og:type\" content=\"article\" \/>\n<meta property=\"og:title\" content=\"NBA Legend Jimmy Butler Joins The Voice: Battle of Champions\" \/>\n<meta property=\"og:description\" content=\"NBA legend Jimmy Butler is set to join&nbsp;&quot;The Voice: Battle of Champions&quot;&nbsp;for Season 29&#039;s two-night Finale event. Get all the exciting details, here!\" \/>\n<meta property=\"og:url\" content=\"https:\/\/ubirataonline.com.br\/en\/nba-legend-jimmy-butler-joins-the-voice-battle-of-champions\/\" \/>\n<meta property=\"og:site_name\" content=\"Ubirat\u00e3 Online Not\u00edcias - A realidade ao seu alcance!\" \/>\n<meta property=\"article:publisher\" content=\"https:\/\/www.facebook.com\/portalubirataonline\" \/>\n<meta property=\"article:author\" content=\"https:\/\/www.facebook.com\/portalubirataonline\" \/>\n<meta property=\"article:published_time\" content=\"2026-04-10T03:17:37+00:00\" \/>\n<meta property=\"og:image\" content=\"https:\/\/ubirataonline.com.br\/wp-content\/uploads\/2026\/04\/NBA-Legend-Jimmy-Butler-Joins-The-Voice-Battle-of-Champions.jpg\" \/>\n\t<meta property=\"og:image:width\" content=\"1825\" \/>\n\t<meta property=\"og:image:height\" content=\"1217\" \/>\n\t<meta property=\"og:image:type\" content=\"image\/jpeg\" \/>\n<meta name=\"author\" content=\"REDA\u00c7\u00c3O: UBIRAT\u00c3 ONLINE - F\u00c1BIO AUGUSTO CELESTINO\" \/>\n<meta name=\"twitter:card\" content=\"summary_large_image\" \/>\n<meta name=\"twitter:creator\" content=\"@x.com\/ubirataonline\" \/>\n<meta name=\"twitter:site\" content=\"@ubirataonline\" \/>\n<meta name=\"twitter:label1\" content=\"Written by\" \/>\n\t<meta name=\"twitter:data1\" content=\"REDA\u00c7\u00c3O: UBIRAT\u00c3 ONLINE - F\u00c1BIO AUGUSTO CELESTINO\" \/>\n\t<meta name=\"twitter:label2\" content=\"Est. reading time\" \/>\n\t<meta name=\"twitter:data2\" content=\"3 minutes\" \/>\n<script type=\"application\/ld+json\" class=\"yoast-schema-graph\">{\"@context\":\"https:\\\/\\\/schema.org\",\"@graph\":[{\"@type\":\"NewsArticle\",\"@id\":\"https:\\\/\\\/ubirataonline.com.br\\\/nba-legend-jimmy-butler-joins-the-voice-battle-of-champions\\\/#article\",\"isPartOf\":{\"@id\":\"https:\\\/\\\/ubirataonline.com.br\\\/nba-legend-jimmy-butler-joins-the-voice-battle-of-champions\\\/\"},\"author\":{\"name\":\"REDA\u00c7\u00c3O: UBIRAT\u00c3 ONLINE - F\u00c1BIO AUGUSTO CELESTINO\",\"@id\":\"https:\\\/\\\/ubirataonline.com.br\\\/#\\\/schema\\\/person\\\/372f87bbd3fdd79b8556b84c98d0bc1c\"},\"headline\":\"NBA Legend Jimmy Butler Joins The Voice: Battle of Champions\",\"datePublished\":\"2026-04-10T03:17:37+00:00\",\"mainEntityOfPage\":{\"@id\":\"https:\\\/\\\/ubirataonline.com.br\\\/nba-legend-jimmy-butler-joins-the-voice-battle-of-champions\\\/\"},\"wordCount\":623,\"publisher\":{\"@id\":\"https:\\\/\\\/ubirataonline.com.br\\\/#organization\"},\"image\":{\"@id\":\"https:\\\/\\\/ubirataonline.com.br\\\/nba-legend-jimmy-butler-joins-the-voice-battle-of-champions\\\/#primaryimage\"},\"thumbnailUrl\":\"https:\\\/\\\/ubirataonline.com.br\\\/wp-content\\\/uploads\\\/2026\\\/04\\\/NBA-Legend-Jimmy-Butler-Joins-The-Voice-Battle-of-Champions.jpg\",\"keywords\":[\"battle\",\"Butler\",\"Champions\",\"Jimmy\",\"joins\",\"legend\",\"NBA\",\"Voice\"],\"articleSection\":[\"Ubirat\u00e3\"],\"inLanguage\":\"en-US\",\"copyrightYear\":\"2026\",\"copyrightHolder\":{\"@id\":\"https:\\\/\\\/ubirataonline.com.br\\\/en\\\/#organization\"}},{\"@type\":\"WebPage\",\"@id\":\"https:\\\/\\\/ubirataonline.com.br\\\/nba-legend-jimmy-butler-joins-the-voice-battle-of-champions\\\/\",\"url\":\"https:\\\/\\\/ubirataonline.com.br\\\/nba-legend-jimmy-butler-joins-the-voice-battle-of-champions\\\/\",\"name\":\"NBA Legend Jimmy Butler Joins The Voice: Battle of Champions - Ubirat\u00e3 Online Not\u00edcias - A realidade ao seu alcance!\",\"isPartOf\":{\"@id\":\"https:\\\/\\\/ubirataonline.com.br\\\/#website\"},\"primaryImageOfPage\":{\"@id\":\"https:\\\/\\\/ubirataonline.com.br\\\/nba-legend-jimmy-butler-joins-the-voice-battle-of-champions\\\/#primaryimage\"},\"image\":{\"@id\":\"https:\\\/\\\/ubirataonline.com.br\\\/nba-legend-jimmy-butler-joins-the-voice-battle-of-champions\\\/#primaryimage\"},\"thumbnailUrl\":\"https:\\\/\\\/ubirataonline.com.br\\\/wp-content\\\/uploads\\\/2026\\\/04\\\/NBA-Legend-Jimmy-Butler-Joins-The-Voice-Battle-of-Champions.jpg\",\"datePublished\":\"2026-04-10T03:17:37+00:00\",\"description\":\"NBA legend Jimmy Butler is set to join&nbsp;&quot;The Voice: Battle of Champions&quot;&nbsp;for Season 29's two-night Finale event. Get all the exciting details, here!\",\"breadcrumb\":{\"@id\":\"https:\\\/\\\/ubirataonline.com.br\\\/nba-legend-jimmy-butler-joins-the-voice-battle-of-champions\\\/#breadcrumb\"},\"inLanguage\":\"en-US\",\"potentialAction\":[{\"@type\":\"ReadAction\",\"target\":[\"https:\\\/\\\/ubirataonline.com.br\\\/nba-legend-jimmy-butler-joins-the-voice-battle-of-champions\\\/\"]}]},{\"@type\":\"ImageObject\",\"inLanguage\":\"en-US\",\"@id\":\"https:\\\/\\\/ubirataonline.com.br\\\/nba-legend-jimmy-butler-joins-the-voice-battle-of-champions\\\/#primaryimage\",\"url\":\"https:\\\/\\\/ubirataonline.com.br\\\/wp-content\\\/uploads\\\/2026\\\/04\\\/NBA-Legend-Jimmy-Butler-Joins-The-Voice-Battle-of-Champions.jpg\",\"contentUrl\":\"https:\\\/\\\/ubirataonline.com.br\\\/wp-content\\\/uploads\\\/2026\\\/04\\\/NBA-Legend-Jimmy-Butler-Joins-The-Voice-Battle-of-Champions.jpg\",\"width\":1825,\"height\":1217,\"caption\":\"NBA Legend Jimmy Butler Joins The Voice: Battle of Champions\"},{\"@type\":\"BreadcrumbList\",\"@id\":\"https:\\\/\\\/ubirataonline.com.br\\\/nba-legend-jimmy-butler-joins-the-voice-battle-of-champions\\\/#breadcrumb\",\"itemListElement\":[{\"@type\":\"ListItem\",\"position\":1,\"name\":\"In\u00edcio\",\"item\":\"https:\\\/\\\/ubirataonline.com.br\\\/\"},{\"@type\":\"ListItem\",\"position\":2,\"name\":\"NBA Legend Jimmy Butler Joins The Voice: Battle of Champions\"}]},{\"@type\":\"WebSite\",\"@id\":\"https:\\\/\\\/ubirataonline.com.br\\\/#website\",\"url\":\"https:\\\/\\\/ubirataonline.com.br\\\/\",\"name\":\"Ubirat\u00e3 Online Not\u00edcias\",\"description\":\"Not\u00edcias de Ubirat\u00e3, regi\u00e3o, Brasil e mundo, com informa\u00e7\u00e3o atualizada e compromisso com o leitor.\",\"publisher\":{\"@id\":\"https:\\\/\\\/ubirataonline.com.br\\\/#organization\"},\"alternateName\":\"Ubirat\u00e3 Online\",\"potentialAction\":[{\"@type\":\"SearchAction\",\"target\":{\"@type\":\"EntryPoint\",\"urlTemplate\":\"https:\\\/\\\/ubirataonline.com.br\\\/?s={search_term_string}\"},\"query-input\":{\"@type\":\"PropertyValueSpecification\",\"valueRequired\":true,\"valueName\":\"search_term_string\"}}],\"inLanguage\":\"en-US\"},{\"@type\":[\"Organization\",\"Place\"],\"@id\":\"https:\\\/\\\/ubirataonline.com.br\\\/#organization\",\"name\":\"Ubirat\u00e3 Online Not\u00edcias\",\"alternateName\":\"Ubirat\u00e3 Online\",\"url\":\"https:\\\/\\\/ubirataonline.com.br\\\/\",\"logo\":{\"@id\":\"https:\\\/\\\/ubirataonline.com.br\\\/nba-legend-jimmy-butler-joins-the-voice-battle-of-champions\\\/#local-main-organization-logo\"},\"image\":{\"@id\":\"https:\\\/\\\/ubirataonline.com.br\\\/nba-legend-jimmy-butler-joins-the-voice-battle-of-champions\\\/#local-main-organization-logo\"},\"sameAs\":[\"https:\\\/\\\/www.facebook.com\\\/portalubirataonline\",\"https:\\\/\\\/x.com\\\/ubirataonline\",\"https:\\\/\\\/mastodon.social\\\/@ubirataonline\",\"https:\\\/\\\/www.facebook.com\\\/groups\\\/311144672285604\",\"https:\\\/\\\/www.facebook.com\\\/UBTAOnline\",\"https:\\\/\\\/www.instagram.com\\\/portalubirataonline\\\/\",\"https:\\\/\\\/twitter.com\\\/ubirataonline\"],\"description\":\"Somos um portal de not\u00edcias independente, criado em 5 de janeiro de 2009, com o objetivo de informar, conectar e valorizar a nossa comunidade de Ubirat\u00e3 e toda aregi\u00e3o. Com conte\u00fado atualizado, confi\u00e1vel e relevante, o Ubirat\u00e3 Online \u00e9 o seu espa\u00e7o para ficar por dentro dos principais acontecimentos locais, regionais, Brasil, Mundo e de interesse geral. Nosso compromisso \u00e9 com a verdade, a transpar\u00eancia e o respeito ao leitor.\",\"legalName\":\"UBIRATA ONLINE NOT\u00cdCIAS\",\"foundingDate\":\"2009-01-05\",\"numberOfEmployees\":{\"@type\":\"QuantitativeValue\",\"minValue\":\"1\",\"maxValue\":\"10\"},\"publishingPrinciples\":\"https:\\\/\\\/ubirataonline.com.br\\\/faq\\\/\",\"address\":{\"@id\":\"https:\\\/\\\/ubirataonline.com.br\\\/nba-legend-jimmy-butler-joins-the-voice-battle-of-champions\\\/#local-main-place-address\"},\"geo\":{\"@type\":\"GeoCoordinates\",\"latitude\":\"-24.5361401\",\"longitude\":\"-52.9921776\"},\"telephone\":[\"+5544998308235\"],\"contactPoint\":{\"@type\":\"ContactPoint\",\"email\":\"contato@ubirataonline.com.br\"},\"openingHoursSpecification\":{\"@type\":\"OpeningHoursSpecification\",\"dayOfWeek\":[\"Monday\",\"Tuesday\",\"Wednesday\",\"Thursday\",\"Friday\",\"Saturday\",\"Sunday\"],\"opens\":\"00:00\",\"closes\":\"23:59\"},\"email\":\"contato@ubirataonline.com.br\",\"vatID\":\"47.621.418\\\/0001-80\"},{\"@type\":\"Person\",\"@id\":\"https:\\\/\\\/ubirataonline.com.br\\\/#\\\/schema\\\/person\\\/372f87bbd3fdd79b8556b84c98d0bc1c\",\"name\":\"REDA\u00c7\u00c3O: UBIRAT\u00c3 ONLINE - F\u00c1BIO AUGUSTO CELESTINO\",\"pronouns\":\"Ele\",\"description\":\"Desde 2003 trabalhando com not\u00edcias.\",\"sameAs\":[\"http:\\\/\\\/ubirataoline.com.br\",\"https:\\\/\\\/www.facebook.com\\\/portalubirataonline\",\"https:\\\/\\\/www.instagram.com\\\/ubirataonline_oficial\",\"https:\\\/\\\/x.com\\\/x.com\\\/ubirataonline\"],\"honorificPrefix\":\"Mr.\",\"honorificSuffix\":\"MD\",\"birthDate\":\"1980-06-16\",\"gender\":\"masculino\",\"award\":[\"V\u00e1rios pr\u00eamios de melhor portal da cidade\"],\"jobTitle\":\"Diretor\",\"url\":\"https:\\\/\\\/ubirataonline.com.br\\\/en\\\/author\\\/ubirataonline\\\/\"},{\"@type\":\"PostalAddress\",\"@id\":\"https:\\\/\\\/ubirataonline.com.br\\\/nba-legend-jimmy-butler-joins-the-voice-battle-of-champions\\\/#local-main-place-address\",\"streetAddress\":\"Rua dos Coqueiros, 104 - Bairro Boa Vista, Rua dos Coqueiros, 104 Bairro Boa Vista\",\"addressLocality\":\"UBIRATA\",\"postalCode\":\"85440-000\",\"addressRegion\":\"PR\",\"addressCountry\":\"BR\"},{\"@type\":\"ImageObject\",\"inLanguage\":\"en-US\",\"@id\":\"https:\\\/\\\/ubirataonline.com.br\\\/nba-legend-jimmy-butler-joins-the-voice-battle-of-champions\\\/#local-main-organization-logo\",\"url\":\"https:\\\/\\\/ubirataonline.com.br\\\/wp-content\\\/uploads\\\/2026\\\/06\\\/logoubirataonline-1.webp\",\"contentUrl\":\"https:\\\/\\\/ubirataonline.com.br\\\/wp-content\\\/uploads\\\/2026\\\/06\\\/logoubirataonline-1.webp\",\"width\":500,\"height\":500,\"caption\":\"Ubirat\u00e3 Online Not\u00edcias\"}]}<\/script>\n<meta name=\"geo.placename\" content=\"UBIRATA\" \/>\n<meta name=\"geo.position\" content=\"-24.5361401;-52.9921776\" \/>\n<meta name=\"geo.region\" content=\"Brazil\" \/>\n<!-- \/ Yoast SEO Premium plugin. -->","yoast_head_json":{"title":"NBA Legend Jimmy Butler Joins The Voice: Battle of Champions - Ubirat\u00e3 Online Not\u00edcias - A realidade ao seu alcance!","description":"NBA legend Jimmy Butler is set to join&nbsp;&quot;The Voice: Battle of Champions&quot;&nbsp;for Season 29's two-night Finale event. Get all the exciting details, here!","robots":{"index":"index","follow":"follow","max-snippet":"max-snippet:-1","max-image-preview":"max-image-preview:large","max-video-preview":"max-video-preview:-1"},"canonical":"https:\/\/ubirataonline.com.br\/en\/nba-legend-jimmy-butler-joins-the-voice-battle-of-champions\/","og_locale":"en_US","og_type":"article","og_title":"NBA Legend Jimmy Butler Joins The Voice: Battle of Champions","og_description":"NBA legend Jimmy Butler is set to join&nbsp;&quot;The Voice: Battle of Champions&quot;&nbsp;for Season 29's two-night Finale event. Get all the exciting details, here!","og_url":"https:\/\/ubirataonline.com.br\/en\/nba-legend-jimmy-butler-joins-the-voice-battle-of-champions\/","og_site_name":"Ubirat\u00e3 Online Not\u00edcias - A realidade ao seu alcance!","article_publisher":"https:\/\/www.facebook.com\/portalubirataonline","article_author":"https:\/\/www.facebook.com\/portalubirataonline","article_published_time":"2026-04-10T03:17:37+00:00","og_image":[{"width":1825,"height":1217,"url":"https:\/\/ubirataonline.com.br\/wp-content\/uploads\/2026\/04\/NBA-Legend-Jimmy-Butler-Joins-The-Voice-Battle-of-Champions.jpg","type":"image\/jpeg"}],"author":"REDA\u00c7\u00c3O: UBIRAT\u00c3 ONLINE - F\u00c1BIO AUGUSTO CELESTINO","twitter_card":"summary_large_image","twitter_creator":"@x.com\/ubirataonline","twitter_site":"@ubirataonline","twitter_misc":{"Written by":"REDA\u00c7\u00c3O: UBIRAT\u00c3 ONLINE - F\u00c1BIO AUGUSTO CELESTINO","Est. reading time":"3 minutes"},"schema":{"@context":"https:\/\/schema.org","@graph":[{"@type":"NewsArticle","@id":"https:\/\/ubirataonline.com.br\/nba-legend-jimmy-butler-joins-the-voice-battle-of-champions\/#article","isPartOf":{"@id":"https:\/\/ubirataonline.com.br\/nba-legend-jimmy-butler-joins-the-voice-battle-of-champions\/"},"author":{"name":"REDA\u00c7\u00c3O: UBIRAT\u00c3 ONLINE - F\u00c1BIO AUGUSTO CELESTINO","@id":"https:\/\/ubirataonline.com.br\/#\/schema\/person\/372f87bbd3fdd79b8556b84c98d0bc1c"},"headline":"NBA Legend Jimmy Butler Joins The Voice: Battle of Champions","datePublished":"2026-04-10T03:17:37+00:00","mainEntityOfPage":{"@id":"https:\/\/ubirataonline.com.br\/nba-legend-jimmy-butler-joins-the-voice-battle-of-champions\/"},"wordCount":623,"publisher":{"@id":"https:\/\/ubirataonline.com.br\/#organization"},"image":{"@id":"https:\/\/ubirataonline.com.br\/nba-legend-jimmy-butler-joins-the-voice-battle-of-champions\/#primaryimage"},"thumbnailUrl":"https:\/\/ubirataonline.com.br\/wp-content\/uploads\/2026\/04\/NBA-Legend-Jimmy-Butler-Joins-The-Voice-Battle-of-Champions.jpg","keywords":["battle","Butler","Champions","Jimmy","joins","legend","NBA","Voice"],"articleSection":["Ubirat\u00e3"],"inLanguage":"en-US","copyrightYear":"2026","copyrightHolder":{"@id":"https:\/\/ubirataonline.com.br\/en\/#organization"}},{"@type":"WebPage","@id":"https:\/\/ubirataonline.com.br\/nba-legend-jimmy-butler-joins-the-voice-battle-of-champions\/","url":"https:\/\/ubirataonline.com.br\/nba-legend-jimmy-butler-joins-the-voice-battle-of-champions\/","name":"NBA Legend Jimmy Butler Joins The Voice: Battle of Champions - Ubirat\u00e3 Online Not\u00edcias - A realidade ao seu alcance!","isPartOf":{"@id":"https:\/\/ubirataonline.com.br\/#website"},"primaryImageOfPage":{"@id":"https:\/\/ubirataonline.com.br\/nba-legend-jimmy-butler-joins-the-voice-battle-of-champions\/#primaryimage"},"image":{"@id":"https:\/\/ubirataonline.com.br\/nba-legend-jimmy-butler-joins-the-voice-battle-of-champions\/#primaryimage"},"thumbnailUrl":"https:\/\/ubirataonline.com.br\/wp-content\/uploads\/2026\/04\/NBA-Legend-Jimmy-Butler-Joins-The-Voice-Battle-of-Champions.jpg","datePublished":"2026-04-10T03:17:37+00:00","description":"NBA legend Jimmy Butler is set to join&nbsp;&quot;The Voice: Battle of Champions&quot;&nbsp;for Season 29's two-night Finale event. Get all the exciting details, here!","breadcrumb":{"@id":"https:\/\/ubirataonline.com.br\/nba-legend-jimmy-butler-joins-the-voice-battle-of-champions\/#breadcrumb"},"inLanguage":"en-US","potentialAction":[{"@type":"ReadAction","target":["https:\/\/ubirataonline.com.br\/nba-legend-jimmy-butler-joins-the-voice-battle-of-champions\/"]}]},{"@type":"ImageObject","inLanguage":"en-US","@id":"https:\/\/ubirataonline.com.br\/nba-legend-jimmy-butler-joins-the-voice-battle-of-champions\/#primaryimage","url":"https:\/\/ubirataonline.com.br\/wp-content\/uploads\/2026\/04\/NBA-Legend-Jimmy-Butler-Joins-The-Voice-Battle-of-Champions.jpg","contentUrl":"https:\/\/ubirataonline.com.br\/wp-content\/uploads\/2026\/04\/NBA-Legend-Jimmy-Butler-Joins-The-Voice-Battle-of-Champions.jpg","width":1825,"height":1217,"caption":"NBA Legend Jimmy Butler Joins The Voice: Battle of Champions"},{"@type":"BreadcrumbList","@id":"https:\/\/ubirataonline.com.br\/nba-legend-jimmy-butler-joins-the-voice-battle-of-champions\/#breadcrumb","itemListElement":[{"@type":"ListItem","position":1,"name":"In\u00edcio","item":"https:\/\/ubirataonline.com.br\/"},{"@type":"ListItem","position":2,"name":"NBA Legend Jimmy Butler Joins The Voice: Battle of Champions"}]},{"@type":"WebSite","@id":"https:\/\/ubirataonline.com.br\/#website","url":"https:\/\/ubirataonline.com.br\/","name":"Ubirat\u00e3 Online Not\u00edcias","description":"Not\u00edcias de Ubirat\u00e3, regi\u00e3o, Brasil e mundo, com informa\u00e7\u00e3o atualizada e compromisso com o leitor.","publisher":{"@id":"https:\/\/ubirataonline.com.br\/#organization"},"alternateName":"Ubirat\u00e3 Online","potentialAction":[{"@type":"SearchAction","target":{"@type":"EntryPoint","urlTemplate":"https:\/\/ubirataonline.com.br\/?s={search_term_string}"},"query-input":{"@type":"PropertyValueSpecification","valueRequired":true,"valueName":"search_term_string"}}],"inLanguage":"en-US"},{"@type":["Organization","Place"],"@id":"https:\/\/ubirataonline.com.br\/#organization","name":"Ubirat\u00e3 Online Not\u00edcias","alternateName":"Ubirat\u00e3 Online","url":"https:\/\/ubirataonline.com.br\/","logo":{"@id":"https:\/\/ubirataonline.com.br\/nba-legend-jimmy-butler-joins-the-voice-battle-of-champions\/#local-main-organization-logo"},"image":{"@id":"https:\/\/ubirataonline.com.br\/nba-legend-jimmy-butler-joins-the-voice-battle-of-champions\/#local-main-organization-logo"},"sameAs":["https:\/\/www.facebook.com\/portalubirataonline","https:\/\/x.com\/ubirataonline","https:\/\/mastodon.social\/@ubirataonline","https:\/\/www.facebook.com\/groups\/311144672285604","https:\/\/www.facebook.com\/UBTAOnline","https:\/\/www.instagram.com\/portalubirataonline\/","https:\/\/twitter.com\/ubirataonline"],"description":"Somos um portal de not\u00edcias independente, criado em 5 de janeiro de 2009, com o objetivo de informar, conectar e valorizar a nossa comunidade de Ubirat\u00e3 e toda aregi\u00e3o. Com conte\u00fado atualizado, confi\u00e1vel e relevante, o Ubirat\u00e3 Online \u00e9 o seu espa\u00e7o para ficar por dentro dos principais acontecimentos locais, regionais, Brasil, Mundo e de interesse geral. Nosso compromisso \u00e9 com a verdade, a transpar\u00eancia e o respeito ao leitor.","legalName":"UBIRATA ONLINE NOT\u00cdCIAS","foundingDate":"2009-01-05","numberOfEmployees":{"@type":"QuantitativeValue","minValue":"1","maxValue":"10"},"publishingPrinciples":"https:\/\/ubirataonline.com.br\/faq\/","address":{"@id":"https:\/\/ubirataonline.com.br\/nba-legend-jimmy-butler-joins-the-voice-battle-of-champions\/#local-main-place-address"},"geo":{"@type":"GeoCoordinates","latitude":"-24.5361401","longitude":"-52.9921776"},"telephone":["+5544998308235"],"contactPoint":{"@type":"ContactPoint","email":"contato@ubirataonline.com.br"},"openingHoursSpecification":{"@type":"OpeningHoursSpecification","dayOfWeek":["Monday","Tuesday","Wednesday","Thursday","Friday","Saturday","Sunday"],"opens":"00:00","closes":"23:59"},"email":"contato@ubirataonline.com.br","vatID":"47.621.418\/0001-80"},{"@type":"Person","@id":"https:\/\/ubirataonline.com.br\/#\/schema\/person\/372f87bbd3fdd79b8556b84c98d0bc1c","name":"REDA\u00c7\u00c3O: UBIRAT\u00c3 ONLINE - F\u00c1BIO AUGUSTO CELESTINO","pronouns":"Ele","description":"Desde 2003 trabalhando com not\u00edcias.","sameAs":["http:\/\/ubirataoline.com.br","https:\/\/www.facebook.com\/portalubirataonline","https:\/\/www.instagram.com\/ubirataonline_oficial","https:\/\/x.com\/x.com\/ubirataonline"],"honorificPrefix":"Mr.","honorificSuffix":"MD","birthDate":"1980-06-16","gender":"masculino","award":["V\u00e1rios pr\u00eamios de melhor portal da cidade"],"jobTitle":"Diretor","url":"https:\/\/ubirataonline.com.br\/en\/author\/ubirataonline\/"},{"@type":"PostalAddress","@id":"https:\/\/ubirataonline.com.br\/nba-legend-jimmy-butler-joins-the-voice-battle-of-champions\/#local-main-place-address","streetAddress":"Rua dos Coqueiros, 104 - Bairro Boa Vista, Rua dos Coqueiros, 104 Bairro Boa Vista","addressLocality":"UBIRATA","postalCode":"85440-000","addressRegion":"PR","addressCountry":"BR"},{"@type":"ImageObject","inLanguage":"en-US","@id":"https:\/\/ubirataonline.com.br\/nba-legend-jimmy-butler-joins-the-voice-battle-of-champions\/#local-main-organization-logo","url":"https:\/\/ubirataonline.com.br\/wp-content\/uploads\/2026\/06\/logoubirataonline-1.webp","contentUrl":"https:\/\/ubirataonline.com.br\/wp-content\/uploads\/2026\/06\/logoubirataonline-1.webp","width":500,"height":500,"caption":"Ubirat\u00e3 Online Not\u00edcias"}]},"geo.placename":"UBIRATA","geo.position":{"lat":"-24.5361401","long":"-52.9921776"},"geo.region":"Brazil"},"_links":{"self":[{"href":"https:\/\/ubirataonline.com.br\/en\/wp-json\/wp\/v2\/posts\/102754","targetHints":{"allow":["GET"]}}],"collection":[{"href":"https:\/\/ubirataonline.com.br\/en\/wp-json\/wp\/v2\/posts"}],"about":[{"href":"https:\/\/ubirataonline.com.br\/en\/wp-json\/wp\/v2\/types\/post"}],"author":[{"embeddable":true,"href":"https:\/\/ubirataonline.com.br\/en\/wp-json\/wp\/v2\/users\/1"}],"replies":[{"embeddable":true,"href":"https:\/\/ubirataonline.com.br\/en\/wp-json\/wp\/v2\/comments?post=102754"}],"version-history":[{"count":0,"href":"https:\/\/ubirataonline.com.br\/en\/wp-json\/wp\/v2\/posts\/102754\/revisions"}],"wp:featuredmedia":[{"embeddable":true,"href":"https:\/\/ubirataonline.com.br\/en\/wp-json\/wp\/v2\/media\/102755"}],"wp:attachment":[{"href":"https:\/\/ubirataonline.com.br\/en\/wp-json\/wp\/v2\/media?parent=102754"}],"wp:term":[{"taxonomy":"category","embeddable":true,"href":"https:\/\/ubirataonline.com.br\/en\/wp-json\/wp\/v2\/categories?post=102754"},{"taxonomy":"post_tag","embeddable":true,"href":"https:\/\/ubirataonline.com.br\/en\/wp-json\/wp\/v2\/tags?post=102754"}],"curies":[{"name":"wp","href":"https:\/\/api.w.org\/{rel}","templated":true}]}}