{"id":102780,"date":"2026-04-10T00:56:36","date_gmt":"2026-04-10T03:56:36","guid":{"rendered":"https:\/\/ubirataonline.com.br\/expolondrina-comeca-nesta-sexta-com-shows-e-expectativa-de-milhoes-em-negocios\/"},"modified":"2026-04-10T00:56:38","modified_gmt":"2026-04-10T03:56:38","slug":"expolondrina-comeca-nesta-sexta-com-shows-e-expectativa-de-milhoes-em-negocios","status":"publish","type":"post","link":"https:\/\/ubirataonline.com.br\/en\/expolondrina-comeca-nesta-sexta-com-shows-e-expectativa-de-milhoes-em-negocios\/","title":{"rendered":"ExpoLondrina come\u00e7a nesta sexta com shows e expectativa de milh\u00f5es em neg\u00f3cios"},"content":{"rendered":"<p><\/p>\n<div id=\"post-content\">\n<p><strong>Londrina<\/strong> volta a ser a capital nacional do agroneg\u00f3cio a partir desta sexta-feira (10\/04), quando a 64\u00aa edi\u00e7\u00e3o da <strong>ExpoLondrina<\/strong> abre seus port\u00f5es no <strong>Parque Ney Braga<\/strong>. A promessa dos organizadores e a expectativa dos participantes \u00e9 consolidar o Paran\u00e1 como refer\u00eancia em inova\u00e7\u00e3o e produtividade no campo. A abertura oficial da feira acontece \u00e0s 17h30, com a presen\u00e7a do governador Carlos Massa Ratinho J\u00fanior (PSD).<\/p>\n<p>Sob o tema \u201cAgro: inteligente, humano e feito de encontros\u201d, o evento, que \u00e9 organizado anualmente pela Sociedade Rural do Paran\u00e1 (SRP), segue at\u00e9 o dia 19 de abril, com uma programa\u00e7\u00e3o que mostra a for\u00e7a econ\u00f4mica do setor, com o fechamento de neg\u00f3cios milion\u00e1rios, e tamb\u00e9m oferece aos visitantes atra\u00e7\u00f5es musicais e entretenimento para as fam\u00edlias.<\/p>\n<p>O cen\u00e1rio para 2026 \u00e9 de otimismo. O alvo dos participantes \u00e9 superar a expressiva marca do ano passado, que girou em torno de R$ 1,7 bilh\u00e3o em neg\u00f3cios. Todos os espa\u00e7os comerciais est\u00e3o negociados h\u00e1 cerca de dois meses e, ao todo, 300 expositores confirmaram presen\u00e7a na ExpoLondrina deste ano. O impacto na economia local \u00e9 consider\u00e1vel, com a previs\u00e3o de pouco mais de meio milh\u00e3o de pessoas circulando no Parque Ney Braga durante o evento.<\/p>\n<p>\u201cFizemos tudo para receber o p\u00fablico e os expositores da melhor forma poss\u00edvel. N\u00e3o conseguimos mensurar expectativas de p\u00fablico e neg\u00f3cios, pois ningu\u00e9m esperava o que aconteceu ano passado. Mas a expectativa \u00e9 muito boa\u201d, disse Marcelo Janene El-Kadre, presidente da Sociedade Rural do Paran\u00e1, \u00e0<strong> Tribuna<\/strong>.<\/p>\n<p>O organizador da feira lembra que os visitantes ter\u00e3o v\u00e1rias novidades, como a reforma do museu, um novo aqu\u00e1rio, a volta do gado leiteiro para as exposi\u00e7\u00f5es, muitas atra\u00e7\u00f5es para a fam\u00edlia, shows e gastronomia. \u201cAl\u00e9m disso, teremos cursos e palestras e a\u00e7\u00f5es in\u00e9ditas, como o \u00f4nibus gratuito para ir e vir ao parque. Esperamos uma presen\u00e7a enorme das fam\u00edlias\u201d, acrescentou.<\/p>\n<p>Para o vice-presidente da Federa\u00e7\u00e3o das Ind\u00fastrias do Paran\u00e1 (FIEP), Marcus Vin\u00edcius Gimenes, a ExpoLondrina promove a conex\u00e3o de toda uma cadeia interessada no desenvolvimento do Paran\u00e1. \u201cCada vez mais, nosso agroneg\u00f3cio ganha destaque no cen\u00e1rio internacional pelo investimento em tecnologias e inova\u00e7\u00f5es que s\u00e3o desenvolvidas em parceria com o setor industrial\u201d.<\/p>\n<p>Gimenes, que \u00e9 de Londrina, menciona a liga\u00e7\u00e3o \u00edntima do agroneg\u00f3cio com o setor industrial. \u201cO setor de fabrica\u00e7\u00e3o de produtos aliment\u00edcios \u00e9 o mais relevante do nosso segmento, tanto no valor de produ\u00e7\u00e3o quanto na gera\u00e7\u00e3o de empregos. Ao dar visibilidade a toda essa conex\u00e3o, a ExpoLondrina ajuda a fortalecer ainda mais o setor produtivo paranaense\u201d.<\/p>\n<p>Segundo a Ag\u00eancia Estadual de Not\u00edcias, o BRDE formalizar\u00e1 novos contratos e protocolos de inten\u00e7\u00f5es para estimular o desenvolvimento regional j\u00e1 na primeira segunda-feira do evento. Estandes com grandes maquin\u00e1rios, novidades em insumos, produtores e criadores e dezenas de cooperativas marcam presen\u00e7a diariamente na feira.<\/p>\n<h2 class=\"wp-block-heading\" id=\"h-pavilhao-trata-do-futuro-do-agro\"><strong>Pavilh\u00e3o trata do futuro do agro<\/strong> <\/h2>\n<p>O Pavilh\u00e3o Smart Agro vai reunir tudo que diz respeito ao futuro do agro, n\u00e3o s\u00f3 paranaense, como brasileiro. Neste ano, a rob\u00f3tica assume o protagonismo com uma verdadeira \u201ctropa\u201d de assistentes inteligentes, como um c\u00e3o-rob\u00f4, um gar\u00e7om aut\u00f4nomo, um patrulheiro de seguran\u00e7a eletr\u00f4nico e m\u00e1quinas capazes de executar tarefas como cortar mato\/grama em terrenos acidentados e \u00edngremes.<\/p>\n<p>A Funda\u00e7\u00e3o Arauc\u00e1ria apresenta projetos de 12 Novos Arranjos de Pesquisa e Inova\u00e7\u00e3o (NAPIs), focando em temas cruciais como seguran\u00e7a alimentar, solos e abelhas. J\u00e1 o IDR-Paran\u00e1 mant\u00e9m a tradi\u00e7\u00e3o da Via Rural \u201cFazendinha\u201d, que, em seus 11 mil m\u00b2, demonstra tecnologias sustent\u00e1veis para o pequeno e m\u00e9dio produtor.<\/p>\n<p>Uma das grandes estrelas da pecu\u00e1ria nesta edi\u00e7\u00e3o \u00e9 a estreia da ra\u00e7a Texas Longhorn. Com chifres que podem atingir 3 metros de envergadura, os animais prometem encantar os visitantes pela rusticidade e docilidade. O evento sediar\u00e1 o primeiro leil\u00e3o da ra\u00e7a no Brasil, no dia 18 de abril. No total, cerca de 5 mil animais, entre bovinos, equinos e ovinos, passar\u00e3o pelo parque.<\/p>\n<h2 class=\"wp-block-heading\" id=\"h-espaco-exclusivo-para-mundo-pet\"><strong>Espa\u00e7o exclusivo para \u201cmundo pet\u201d<\/strong> <\/h2>\n<p>No Pavilh\u00e3o Expo Pet, c\u00e3es, gatos, coelhos e peixes ser\u00e3o reunidos para oferecer n\u00e3o s\u00f3 uma oportunidade de neg\u00f3cios, mas tamb\u00e9m para encantar os visitantes. Hoje estima-se que existam cerca de 160 milh\u00f5es de animais de estima\u00e7\u00e3o nas casas brasileiras, a terceira maior popula\u00e7\u00e3o pet do mundo, de acordo com a Sociedade Rural do Paran\u00e1.<\/p>\n<p>O conceito do espa\u00e7o foi desenvolvido em parceria com o Sebrae. Criadores de c\u00e3es e gatos de diversas ra\u00e7as estar\u00e3o entre os expositores do pavilh\u00e3o e estar\u00e3o \u00e0 disposi\u00e7\u00e3o para neg\u00f3cios. Assim como criadores de coelhos e especialistas em aquarismo.<\/p>\n<p>Haver\u00e1 uma Pista Agility, espa\u00e7o recreativo com obst\u00e1culos para c\u00e3es, para que os visitantes se divirtam com os animais de uma empresa especializada em adestramento. Tamb\u00e9m haver\u00e1 encontros e exposi\u00e7\u00e3o de c\u00e3es de ra\u00e7a ao longo da feira.<\/p>\n<p>\u201cA Expo Pet \u00e9 um ambiente que fortalece o segmento com networking e proximidade com o p\u00fablico durante a ExpoLondrina. E ela tamb\u00e9m \u00e9 pensada para ser um atrativo aos visitantes que gostam de ver de perto os animais e interagir com eles. \u00c9 um pavilh\u00e3o especial dentro da ExpoLondrina que consolidou a presen\u00e7a dos pequenos animais aqui\u201d, detalha Marcelo Janene El-Kadre, presidente da Sociedade Rural do Paran\u00e1.<\/p>\n<p>Um dos restaurantes dispon\u00edveis para os visitantes ser\u00e1 <em>pet friendly<\/em>.<\/p>\n<h2 class=\"wp-block-heading\" id=\"h-entretenimento-para-toda-a-familia\"><strong>Entretenimento para toda a fam\u00edlia<\/strong> <\/h2>\n<p>Para o p\u00fablico que busca lazer, a agenda de shows traz os maiores nomes do sertanejo e da m\u00fasica nacional, como:<\/p>\n<ul class=\"wp-block-list\">\n<li>Leonardo;<\/li>\n<li>Gusttavo Lima;<\/li>\n<li>Ana Castela;<\/li>\n<li>Bruno &amp; Marrone;<\/li>\n<li>Z\u00e9 Neto &amp; Cristiano;<\/li>\n<li>Edson &amp; Hudson;<\/li>\n<li>Sorriso Maroto;<\/li>\n<li>Lauana Prado, entre outros.<\/li>\n<\/ul>\n<figure class=\"wp-block-image size-post_image\"><\/figure>\n<p>O parque de divers\u00f5es conta com a maior roda-gigante itinerante da Am\u00e9rica Latina e novas atra\u00e7\u00f5es como o <em>Spinning Out<\/em>. Pensando na acessibilidade, a organiza\u00e7\u00e3o manteve a Expo Promo (dias 13, 14 e 15 de abril), com ingressos a pre\u00e7os reduzidos (R$ 9 a meia-entrada) e transporte coletivo gratuito na linha exclusiva do evento.<\/p>\n<p>Dependendo do dia, os ingressos para shows custam a partir de R$ 49 (<a href=\"https:\/\/www.totalacesso.com\/events\/expolondrina2026arena\">clique aqui para ver todos os pre\u00e7os<\/a>).<\/p>\n<section class=\"virals\">\n<article class=\"cardnews cardnews--post cardnews--has-thumbnail cardnews--editorial-noticias\"> <a href=\"https:\/\/www.tribunapr.com.br\/noticias\/curitiba-regiao\/vereador-perdeu-pia-e-investigado-por-usar-gm-para-se-autopromove?utm_source=noticias-virais-rodape&amp;utm_medium=internal-tribuna&amp;utm_campaign=tribuna\" class=\"cardnews__postlink\"> <\/p>\n<div class=\"cardnews__image\" is-api-thumb=\"\"><img decoding=\"async\" src=\"https:\/\/www.tribunapr.com.br\/wp-content\/uploads\/2026\/03\/27182231\/perdeu-pia-GM-370x210.jpeg\" loading=\"lazy\" alt=\"Vereador Perdeu Pi\u00e1 \u00e9 investigado por usar GM para se autopromover\"\/><\/div>\n<div class=\"cardnews__content cardhome__content\">\n<div class=\"cardnews__content-wrapper\">\n<p> <span style=\"\"> De olho! <\/span> <\/p>\n<p>Vereador Perdeu Pi\u00e1 \u00e9 investigado por usar GM para se autopromover<\/p>\n<\/p><\/div>\n<\/p><\/div>\n<p> <\/a> <\/article>\n<article class=\"cardnews cardnews--post cardnews--has-thumbnail cardnews--editorial-noticias\"> <a href=\"https:\/\/www.tribunapr.com.br\/noticias\/parana\/parana-pode-sentir-efeitos-do-el-nino-a-partir-de-julho-o-que-esperar\/?utm_source=noticias-virais-rodape&amp;utm_medium=internal-tribuna&amp;utm_campaign=tribuna\" class=\"cardnews__postlink\"> <\/p>\n<div class=\"cardnews__image\" is-api-thumb=\"\"><img decoding=\"async\" src=\"https:\/\/www.tribunapr.com.br\/wp-content\/uploads\/2026\/02\/20182305\/chuvas-370x210.jpg\" loading=\"lazy\" alt=\"Paran\u00e1 pode sentir efeitos do El Ni\u00f1o a partir de julho; o que esperar\"\/><\/div>\n<div class=\"cardnews__content cardhome__content\">\n<div class=\"cardnews__content-wrapper\">\n<p> <span style=\"\"> Alerta <\/span> <\/p>\n<p>Paran\u00e1 pode sentir efeitos do El Ni\u00f1o a partir de julho; o que esperar<\/p>\n<\/p><\/div>\n<\/p><\/div>\n<p> <\/a> <\/article>\n<article class=\"cardnews cardnews--post cardnews--has-thumbnail cardnews--editorial-noticias\"> <a href=\"https:\/\/www.tribunapr.com.br\/noticias\/parana\/roteiro-inusitado-parana-coleciona-estatuas-peculiares-pelo-interior\/ C?utm_source=noticias-virais-rodape&amp;utm_medium=internal-tribuna&amp;utm_campaign=tribuna\" class=\"cardnews__postlink\"> <\/p>\n<div class=\"cardnews__image\" is-api-thumb=\"\"><img decoding=\"async\" src=\"https:\/\/www.tribunapr.com.br\/wp-content\/uploads\/2026\/01\/15072039\/falecimentos-em-curitiba-370x210.jpg\" loading=\"lazy\" alt=\"Roteiro inusitado: Paran\u00e1 coleciona est\u00e1tuas peculiares pelo interior \"\/><\/div>\n<div class=\"cardnews__content cardhome__content\">\n<div class=\"cardnews__content-wrapper\">\n<p> <span style=\"\"> Belezas do Paran\u00e1 <\/span> <\/p>\n<p>Roteiro inusitado: Paran\u00e1 coleciona est\u00e1tuas peculiares pelo interior <\/p>\n<\/p><\/div>\n<\/p><\/div>\n<p> <\/a> <\/article>\n<\/section>\n<div id=\"tribuna-follow-cta\">\n<p> <span class=\"cta-title\">Siga a <span class=\"tribuna-color\">Tribuna<\/span> no Google, e acompanhe as \u00faltimas not\u00edcias de Curitiba e regi\u00e3o!<\/span> <\/p>\n<p> <a href=\"https:\/\/profile.google.com\/cp\/CgwvZy8xMmxxajUzM3Mac2h0dHBzOi8vd3d3LnRyaWJ1bmFwci5jb20uYnIvdml2YS92aXRyaW5lL2dpZ2FudGUtZG8tdmVzdHVhcmlvLXJlaW5hdWd1cmEtbG9qYS1lbS1zaG9wcGluZy10cmFkaWNpb25hbC1kZS1jdXJpdGliYS8iElRyaWJ1bmEgZG8gUGFyYW7DoSqAAwrHAWh0dHBzOi8vZW5jcnlwdGVkLXRibjIuZ3N0YXRpYy5jb20vZmF2aWNvbi10Ym4_cT10Ym46QU5kOUdjUVJPbjVDRjR6TzJPbkUwTXZrRlRCRTY2U0g1bGlaVDRaZTV3bWNKeU5GRm1BSnluM01nNU9PR3BXY1pYMzZwYU5HUWtsZ09JVEFLTTNNZVNGbTc1aWp6M3k2ajUtQ3M2b25kX2JUcFFQQkVLd3RsUjBsTmJESnUtVHhrNXQtbFlCNlVpOWZSVVFjT2cSswFodHRwczovL2VuY3J5cHRlZC10Ym4zLmdzdGF0aWMuY29tL2Zhdmljb24tdGJuP3E9dGJuJTNBQU5kOUdjU0FMaWJ2eFF0YXdFMFRueVdWWmVKRS1MZEdRZjVTUi1OZ2RMazhyZzIwVy1nM0JuQ1F4VDNKZFBjRXR2THdBeVRxUDJEdHVycEdVR29CQkxpYzM5al9wSmFxRERaMHNCYW05WEVhSGVsMmZTQmdKdlF4WWVyMw\" target=\"_blank\" title=\"Seguir a Tribuna no Google\">  <\/a> <\/div>\n<\/p><\/div>\n<p><a href=\"https:\/\/www.tribunapr.com.br\/noticias\/parana\/expolondrina-comeca-nesta-sexta-com-shows-e-expectativa-de-milhoes-em-negocios\/\">Fonte do Artigo <\/a><\/p>","protected":false},"excerpt":{"rendered":"<p>Londrina volta a ser a capital nacional do agroneg\u00f3cio a partir desta sexta-feira (10\/04), quando a 64\u00aa edi\u00e7\u00e3o da ExpoLondrina abre seus port\u00f5es no Parque Ney Braga. A promessa dos organizadores e a expectativa dos participantes \u00e9 consolidar o Paran\u00e1 como refer\u00eancia em inova\u00e7\u00e3o e produtividade no campo. A abertura oficial da feira acontece \u00e0s [&hellip;]<\/p>\n","protected":false},"author":1,"featured_media":102781,"comment_status":"closed","ping_status":"","sticky":false,"template":"","format":"standard","meta":{"googlesitekit_rrm_CAow2JLhCw:productID":"","_gspb_post_css":"","maa_idioma":"","maa_pais":"","footnotes":""},"categories":[1],"tags":[3741,26372,26371,3347,5914,3599,4749,3790],"class_list":["post-102780","post","type-post","status-publish","format-standard","has-post-thumbnail","hentry","category-ubirata","tag-comeca","tag-expectativa","tag-expolondrina","tag-milhoes","tag-negocios","tag-nesta","tag-sexta","tag-shows"],"blocksy_meta":[],"yoast_head":"<!-- This site is optimized with the Yoast SEO Premium plugin v27.6 (Yoast SEO v27.6) - https:\/\/yoast.com\/product\/yoast-seo-premium-wordpress\/ -->\n<title>ExpoLondrina come\u00e7a nesta sexta com shows e expectativa de milh\u00f5es em neg\u00f3cios - Ubirat\u00e3 Online Not\u00edcias - A realidade ao seu alcance!<\/title>\n<meta name=\"description\" content=\"Londrina volta a ser a capital nacional do agroneg\u00f3cio a partir desta sexta-feira (10\/04), quando a 64\u00aa edi\u00e7\u00e3o da ExpoLondrina abre seus port\u00f5es no Parque\" \/>\n<meta name=\"robots\" content=\"index, follow, max-snippet:-1, max-image-preview:large, max-video-preview:-1\" \/>\n<link rel=\"canonical\" href=\"https:\/\/ubirataonline.com.br\/en\/expolondrina-comeca-nesta-sexta-com-shows-e-expectativa-de-milhoes-em-negocios\/\" \/>\n<meta property=\"og:locale\" content=\"en_US\" \/>\n<meta property=\"og:type\" content=\"article\" \/>\n<meta property=\"og:title\" content=\"ExpoLondrina come\u00e7a nesta sexta com shows e expectativa de milh\u00f5es em neg\u00f3cios\" \/>\n<meta property=\"og:description\" content=\"Londrina volta a ser a capital nacional do agroneg\u00f3cio a partir desta sexta-feira (10\/04), quando a 64\u00aa edi\u00e7\u00e3o da ExpoLondrina abre seus port\u00f5es no Parque\" \/>\n<meta property=\"og:url\" content=\"https:\/\/ubirataonline.com.br\/en\/expolondrina-comeca-nesta-sexta-com-shows-e-expectativa-de-milhoes-em-negocios\/\" \/>\n<meta property=\"og:site_name\" content=\"Ubirat\u00e3 Online Not\u00edcias - A realidade ao seu alcance!\" \/>\n<meta property=\"article:publisher\" content=\"https:\/\/www.facebook.com\/portalubirataonline\" \/>\n<meta property=\"article:author\" content=\"https:\/\/www.facebook.com\/portalubirataonline\" \/>\n<meta property=\"article:published_time\" content=\"2026-04-10T03:56:36+00:00\" \/>\n<meta property=\"article:modified_time\" content=\"2026-04-10T03:56:38+00:00\" \/>\n<meta property=\"og:image\" content=\"https:\/\/ubirataonline.com.br\/wp-content\/uploads\/2026\/04\/ExpoLondrina-comeca-nesta-sexta-com-shows-e-expectativa-de-milhoes.jpg\" \/>\n\t<meta property=\"og:image:width\" content=\"1200\" \/>\n\t<meta property=\"og:image:height\" content=\"793\" \/>\n\t<meta property=\"og:image:type\" content=\"image\/jpeg\" \/>\n<meta name=\"author\" content=\"REDA\u00c7\u00c3O: UBIRAT\u00c3 ONLINE - F\u00c1BIO AUGUSTO CELESTINO\" \/>\n<meta name=\"twitter:card\" content=\"summary_large_image\" \/>\n<meta name=\"twitter:creator\" content=\"@x.com\/ubirataonline\" \/>\n<meta name=\"twitter:site\" content=\"@ubirataonline\" \/>\n<meta name=\"twitter:label1\" content=\"Written by\" \/>\n\t<meta name=\"twitter:data1\" content=\"REDA\u00c7\u00c3O: UBIRAT\u00c3 ONLINE - F\u00c1BIO AUGUSTO CELESTINO\" \/>\n\t<meta name=\"twitter:label2\" content=\"Est. reading time\" \/>\n\t<meta name=\"twitter:data2\" content=\"6 minutes\" \/>\n<script type=\"application\/ld+json\" class=\"yoast-schema-graph\">{\"@context\":\"https:\\\/\\\/schema.org\",\"@graph\":[{\"@type\":\"NewsArticle\",\"@id\":\"https:\\\/\\\/ubirataonline.com.br\\\/expolondrina-comeca-nesta-sexta-com-shows-e-expectativa-de-milhoes-em-negocios\\\/#article\",\"isPartOf\":{\"@id\":\"https:\\\/\\\/ubirataonline.com.br\\\/expolondrina-comeca-nesta-sexta-com-shows-e-expectativa-de-milhoes-em-negocios\\\/\"},\"author\":{\"name\":\"REDA\u00c7\u00c3O: UBIRAT\u00c3 ONLINE - F\u00c1BIO AUGUSTO CELESTINO\",\"@id\":\"https:\\\/\\\/ubirataonline.com.br\\\/#\\\/schema\\\/person\\\/372f87bbd3fdd79b8556b84c98d0bc1c\"},\"headline\":\"ExpoLondrina come\u00e7a nesta sexta com shows e expectativa de milh\u00f5es em neg\u00f3cios\",\"datePublished\":\"2026-04-10T03:56:36+00:00\",\"dateModified\":\"2026-04-10T03:56:38+00:00\",\"mainEntityOfPage\":{\"@id\":\"https:\\\/\\\/ubirataonline.com.br\\\/expolondrina-comeca-nesta-sexta-com-shows-e-expectativa-de-milhoes-em-negocios\\\/\"},\"wordCount\":1144,\"publisher\":{\"@id\":\"https:\\\/\\\/ubirataonline.com.br\\\/#organization\"},\"image\":{\"@id\":\"https:\\\/\\\/ubirataonline.com.br\\\/expolondrina-comeca-nesta-sexta-com-shows-e-expectativa-de-milhoes-em-negocios\\\/#primaryimage\"},\"thumbnailUrl\":\"https:\\\/\\\/ubirataonline.com.br\\\/wp-content\\\/uploads\\\/2026\\\/04\\\/ExpoLondrina-comeca-nesta-sexta-com-shows-e-expectativa-de-milhoes.jpg\",\"keywords\":[\"Come\u00e7a\",\"expectativa\",\"ExpoLondrina\",\"milh\u00f5es\",\"neg\u00f3cios\",\"nesta\",\"sexta\",\"shows\"],\"articleSection\":[\"Ubirat\u00e3\"],\"inLanguage\":\"en-US\",\"copyrightYear\":\"2026\",\"copyrightHolder\":{\"@id\":\"https:\\\/\\\/ubirataonline.com.br\\\/en\\\/#organization\"}},{\"@type\":\"WebPage\",\"@id\":\"https:\\\/\\\/ubirataonline.com.br\\\/expolondrina-comeca-nesta-sexta-com-shows-e-expectativa-de-milhoes-em-negocios\\\/\",\"url\":\"https:\\\/\\\/ubirataonline.com.br\\\/expolondrina-comeca-nesta-sexta-com-shows-e-expectativa-de-milhoes-em-negocios\\\/\",\"name\":\"ExpoLondrina come\u00e7a nesta sexta com shows e expectativa de milh\u00f5es em neg\u00f3cios - Ubirat\u00e3 Online Not\u00edcias - A realidade ao seu alcance!\",\"isPartOf\":{\"@id\":\"https:\\\/\\\/ubirataonline.com.br\\\/#website\"},\"primaryImageOfPage\":{\"@id\":\"https:\\\/\\\/ubirataonline.com.br\\\/expolondrina-comeca-nesta-sexta-com-shows-e-expectativa-de-milhoes-em-negocios\\\/#primaryimage\"},\"image\":{\"@id\":\"https:\\\/\\\/ubirataonline.com.br\\\/expolondrina-comeca-nesta-sexta-com-shows-e-expectativa-de-milhoes-em-negocios\\\/#primaryimage\"},\"thumbnailUrl\":\"https:\\\/\\\/ubirataonline.com.br\\\/wp-content\\\/uploads\\\/2026\\\/04\\\/ExpoLondrina-comeca-nesta-sexta-com-shows-e-expectativa-de-milhoes.jpg\",\"datePublished\":\"2026-04-10T03:56:36+00:00\",\"dateModified\":\"2026-04-10T03:56:38+00:00\",\"description\":\"Londrina volta a ser a capital nacional do agroneg\u00f3cio a partir desta sexta-feira (10\\\/04), quando a 64\u00aa edi\u00e7\u00e3o da ExpoLondrina abre seus port\u00f5es no Parque\",\"breadcrumb\":{\"@id\":\"https:\\\/\\\/ubirataonline.com.br\\\/expolondrina-comeca-nesta-sexta-com-shows-e-expectativa-de-milhoes-em-negocios\\\/#breadcrumb\"},\"inLanguage\":\"en-US\",\"potentialAction\":[{\"@type\":\"ReadAction\",\"target\":[\"https:\\\/\\\/ubirataonline.com.br\\\/expolondrina-comeca-nesta-sexta-com-shows-e-expectativa-de-milhoes-em-negocios\\\/\"]}]},{\"@type\":\"ImageObject\",\"inLanguage\":\"en-US\",\"@id\":\"https:\\\/\\\/ubirataonline.com.br\\\/expolondrina-comeca-nesta-sexta-com-shows-e-expectativa-de-milhoes-em-negocios\\\/#primaryimage\",\"url\":\"https:\\\/\\\/ubirataonline.com.br\\\/wp-content\\\/uploads\\\/2026\\\/04\\\/ExpoLondrina-comeca-nesta-sexta-com-shows-e-expectativa-de-milhoes.jpg\",\"contentUrl\":\"https:\\\/\\\/ubirataonline.com.br\\\/wp-content\\\/uploads\\\/2026\\\/04\\\/ExpoLondrina-comeca-nesta-sexta-com-shows-e-expectativa-de-milhoes.jpg\",\"width\":1200,\"height\":793,\"caption\":\"ExpoLondrina come\u00e7a nessa sexta-feira com shows nacionais e expectativa de muitos neg\u00f3cios. Foto: Divulga\u00e7\u00e3o\"},{\"@type\":\"BreadcrumbList\",\"@id\":\"https:\\\/\\\/ubirataonline.com.br\\\/expolondrina-comeca-nesta-sexta-com-shows-e-expectativa-de-milhoes-em-negocios\\\/#breadcrumb\",\"itemListElement\":[{\"@type\":\"ListItem\",\"position\":1,\"name\":\"In\u00edcio\",\"item\":\"https:\\\/\\\/ubirataonline.com.br\\\/\"},{\"@type\":\"ListItem\",\"position\":2,\"name\":\"ExpoLondrina come\u00e7a nesta sexta com shows e expectativa de milh\u00f5es em neg\u00f3cios\"}]},{\"@type\":\"WebSite\",\"@id\":\"https:\\\/\\\/ubirataonline.com.br\\\/#website\",\"url\":\"https:\\\/\\\/ubirataonline.com.br\\\/\",\"name\":\"Ubirat\u00e3 Online Not\u00edcias\",\"description\":\"Not\u00edcias de Ubirat\u00e3, regi\u00e3o, Brasil e mundo, com informa\u00e7\u00e3o atualizada e compromisso com o leitor.\",\"publisher\":{\"@id\":\"https:\\\/\\\/ubirataonline.com.br\\\/#organization\"},\"alternateName\":\"Ubirat\u00e3 Online\",\"potentialAction\":[{\"@type\":\"SearchAction\",\"target\":{\"@type\":\"EntryPoint\",\"urlTemplate\":\"https:\\\/\\\/ubirataonline.com.br\\\/?s={search_term_string}\"},\"query-input\":{\"@type\":\"PropertyValueSpecification\",\"valueRequired\":true,\"valueName\":\"search_term_string\"}}],\"inLanguage\":\"en-US\"},{\"@type\":[\"Organization\",\"Place\"],\"@id\":\"https:\\\/\\\/ubirataonline.com.br\\\/#organization\",\"name\":\"Ubirat\u00e3 Online Not\u00edcias\",\"alternateName\":\"Ubirat\u00e3 Online\",\"url\":\"https:\\\/\\\/ubirataonline.com.br\\\/\",\"logo\":{\"@id\":\"https:\\\/\\\/ubirataonline.com.br\\\/expolondrina-comeca-nesta-sexta-com-shows-e-expectativa-de-milhoes-em-negocios\\\/#local-main-organization-logo\"},\"image\":{\"@id\":\"https:\\\/\\\/ubirataonline.com.br\\\/expolondrina-comeca-nesta-sexta-com-shows-e-expectativa-de-milhoes-em-negocios\\\/#local-main-organization-logo\"},\"sameAs\":[\"https:\\\/\\\/www.facebook.com\\\/portalubirataonline\",\"https:\\\/\\\/x.com\\\/ubirataonline\",\"https:\\\/\\\/mastodon.social\\\/@ubirataonline\",\"https:\\\/\\\/www.facebook.com\\\/groups\\\/311144672285604\",\"https:\\\/\\\/www.facebook.com\\\/UBTAOnline\",\"https:\\\/\\\/www.instagram.com\\\/portalubirataonline\\\/\",\"https:\\\/\\\/twitter.com\\\/ubirataonline\"],\"description\":\"Somos um portal de not\u00edcias independente, criado em 5 de janeiro de 2009, com o objetivo de informar, conectar e valorizar a nossa comunidade de Ubirat\u00e3 e toda aregi\u00e3o. Com conte\u00fado atualizado, confi\u00e1vel e relevante, o Ubirat\u00e3 Online \u00e9 o seu espa\u00e7o para ficar por dentro dos principais acontecimentos locais, regionais, Brasil, Mundo e de interesse geral. Nosso compromisso \u00e9 com a verdade, a transpar\u00eancia e o respeito ao leitor.\",\"legalName\":\"UBIRATA ONLINE NOT\u00cdCIAS\",\"foundingDate\":\"2009-01-05\",\"numberOfEmployees\":{\"@type\":\"QuantitativeValue\",\"minValue\":\"1\",\"maxValue\":\"10\"},\"publishingPrinciples\":\"https:\\\/\\\/ubirataonline.com.br\\\/faq\\\/\",\"address\":{\"@id\":\"https:\\\/\\\/ubirataonline.com.br\\\/expolondrina-comeca-nesta-sexta-com-shows-e-expectativa-de-milhoes-em-negocios\\\/#local-main-place-address\"},\"geo\":{\"@type\":\"GeoCoordinates\",\"latitude\":\"-24.5361401\",\"longitude\":\"-52.9921776\"},\"telephone\":[\"+5544998308235\"],\"contactPoint\":{\"@type\":\"ContactPoint\",\"email\":\"contato@ubirataonline.com.br\"},\"openingHoursSpecification\":{\"@type\":\"OpeningHoursSpecification\",\"dayOfWeek\":[\"Monday\",\"Tuesday\",\"Wednesday\",\"Thursday\",\"Friday\",\"Saturday\",\"Sunday\"],\"opens\":\"00:00\",\"closes\":\"23:59\"},\"email\":\"contato@ubirataonline.com.br\",\"vatID\":\"47.621.418\\\/0001-80\"},{\"@type\":\"Person\",\"@id\":\"https:\\\/\\\/ubirataonline.com.br\\\/#\\\/schema\\\/person\\\/372f87bbd3fdd79b8556b84c98d0bc1c\",\"name\":\"REDA\u00c7\u00c3O: UBIRAT\u00c3 ONLINE - F\u00c1BIO AUGUSTO CELESTINO\",\"pronouns\":\"Ele\",\"description\":\"Desde 2003 trabalhando com not\u00edcias.\",\"sameAs\":[\"http:\\\/\\\/ubirataoline.com.br\",\"https:\\\/\\\/www.facebook.com\\\/portalubirataonline\",\"https:\\\/\\\/www.instagram.com\\\/ubirataonline_oficial\",\"https:\\\/\\\/x.com\\\/x.com\\\/ubirataonline\"],\"honorificPrefix\":\"Mr.\",\"honorificSuffix\":\"MD\",\"birthDate\":\"1980-06-16\",\"gender\":\"masculino\",\"award\":[\"V\u00e1rios pr\u00eamios de melhor portal da cidade\"],\"jobTitle\":\"Diretor\",\"url\":\"https:\\\/\\\/ubirataonline.com.br\\\/en\\\/author\\\/ubirataonline\\\/\"},{\"@type\":\"PostalAddress\",\"@id\":\"https:\\\/\\\/ubirataonline.com.br\\\/expolondrina-comeca-nesta-sexta-com-shows-e-expectativa-de-milhoes-em-negocios\\\/#local-main-place-address\",\"streetAddress\":\"Rua dos Coqueiros, 104 - Bairro Boa Vista, Rua dos Coqueiros, 104 Bairro Boa Vista\",\"addressLocality\":\"UBIRATA\",\"postalCode\":\"85440-000\",\"addressRegion\":\"PR\",\"addressCountry\":\"BR\"},{\"@type\":\"ImageObject\",\"inLanguage\":\"en-US\",\"@id\":\"https:\\\/\\\/ubirataonline.com.br\\\/expolondrina-comeca-nesta-sexta-com-shows-e-expectativa-de-milhoes-em-negocios\\\/#local-main-organization-logo\",\"url\":\"https:\\\/\\\/ubirataonline.com.br\\\/wp-content\\\/uploads\\\/2026\\\/06\\\/logoubirataonline-1.webp\",\"contentUrl\":\"https:\\\/\\\/ubirataonline.com.br\\\/wp-content\\\/uploads\\\/2026\\\/06\\\/logoubirataonline-1.webp\",\"width\":500,\"height\":500,\"caption\":\"Ubirat\u00e3 Online Not\u00edcias\"}]}<\/script>\n<meta name=\"geo.placename\" content=\"UBIRATA\" \/>\n<meta name=\"geo.position\" content=\"-24.5361401;-52.9921776\" \/>\n<meta name=\"geo.region\" content=\"Brazil\" \/>\n<!-- \/ Yoast SEO Premium plugin. -->","yoast_head_json":{"title":"ExpoLondrina come\u00e7a nesta sexta com shows e expectativa de milh\u00f5es em neg\u00f3cios - Ubirat\u00e3 Online Not\u00edcias - A realidade ao seu alcance!","description":"Londrina volta a ser a capital nacional do agroneg\u00f3cio a partir desta sexta-feira (10\/04), quando a 64\u00aa edi\u00e7\u00e3o da ExpoLondrina abre seus port\u00f5es no Parque","robots":{"index":"index","follow":"follow","max-snippet":"max-snippet:-1","max-image-preview":"max-image-preview:large","max-video-preview":"max-video-preview:-1"},"canonical":"https:\/\/ubirataonline.com.br\/en\/expolondrina-comeca-nesta-sexta-com-shows-e-expectativa-de-milhoes-em-negocios\/","og_locale":"en_US","og_type":"article","og_title":"ExpoLondrina come\u00e7a nesta sexta com shows e expectativa de milh\u00f5es em neg\u00f3cios","og_description":"Londrina volta a ser a capital nacional do agroneg\u00f3cio a partir desta sexta-feira (10\/04), quando a 64\u00aa edi\u00e7\u00e3o da ExpoLondrina abre seus port\u00f5es no Parque","og_url":"https:\/\/ubirataonline.com.br\/en\/expolondrina-comeca-nesta-sexta-com-shows-e-expectativa-de-milhoes-em-negocios\/","og_site_name":"Ubirat\u00e3 Online Not\u00edcias - A realidade ao seu alcance!","article_publisher":"https:\/\/www.facebook.com\/portalubirataonline","article_author":"https:\/\/www.facebook.com\/portalubirataonline","article_published_time":"2026-04-10T03:56:36+00:00","article_modified_time":"2026-04-10T03:56:38+00:00","og_image":[{"width":1200,"height":793,"url":"https:\/\/ubirataonline.com.br\/wp-content\/uploads\/2026\/04\/ExpoLondrina-comeca-nesta-sexta-com-shows-e-expectativa-de-milhoes.jpg","type":"image\/jpeg"}],"author":"REDA\u00c7\u00c3O: UBIRAT\u00c3 ONLINE - F\u00c1BIO AUGUSTO CELESTINO","twitter_card":"summary_large_image","twitter_creator":"@x.com\/ubirataonline","twitter_site":"@ubirataonline","twitter_misc":{"Written by":"REDA\u00c7\u00c3O: UBIRAT\u00c3 ONLINE - F\u00c1BIO AUGUSTO CELESTINO","Est. reading time":"6 minutes"},"schema":{"@context":"https:\/\/schema.org","@graph":[{"@type":"NewsArticle","@id":"https:\/\/ubirataonline.com.br\/expolondrina-comeca-nesta-sexta-com-shows-e-expectativa-de-milhoes-em-negocios\/#article","isPartOf":{"@id":"https:\/\/ubirataonline.com.br\/expolondrina-comeca-nesta-sexta-com-shows-e-expectativa-de-milhoes-em-negocios\/"},"author":{"name":"REDA\u00c7\u00c3O: UBIRAT\u00c3 ONLINE - F\u00c1BIO AUGUSTO CELESTINO","@id":"https:\/\/ubirataonline.com.br\/#\/schema\/person\/372f87bbd3fdd79b8556b84c98d0bc1c"},"headline":"ExpoLondrina come\u00e7a nesta sexta com shows e expectativa de milh\u00f5es em neg\u00f3cios","datePublished":"2026-04-10T03:56:36+00:00","dateModified":"2026-04-10T03:56:38+00:00","mainEntityOfPage":{"@id":"https:\/\/ubirataonline.com.br\/expolondrina-comeca-nesta-sexta-com-shows-e-expectativa-de-milhoes-em-negocios\/"},"wordCount":1144,"publisher":{"@id":"https:\/\/ubirataonline.com.br\/#organization"},"image":{"@id":"https:\/\/ubirataonline.com.br\/expolondrina-comeca-nesta-sexta-com-shows-e-expectativa-de-milhoes-em-negocios\/#primaryimage"},"thumbnailUrl":"https:\/\/ubirataonline.com.br\/wp-content\/uploads\/2026\/04\/ExpoLondrina-comeca-nesta-sexta-com-shows-e-expectativa-de-milhoes.jpg","keywords":["Come\u00e7a","expectativa","ExpoLondrina","milh\u00f5es","neg\u00f3cios","nesta","sexta","shows"],"articleSection":["Ubirat\u00e3"],"inLanguage":"en-US","copyrightYear":"2026","copyrightHolder":{"@id":"https:\/\/ubirataonline.com.br\/en\/#organization"}},{"@type":"WebPage","@id":"https:\/\/ubirataonline.com.br\/expolondrina-comeca-nesta-sexta-com-shows-e-expectativa-de-milhoes-em-negocios\/","url":"https:\/\/ubirataonline.com.br\/expolondrina-comeca-nesta-sexta-com-shows-e-expectativa-de-milhoes-em-negocios\/","name":"ExpoLondrina come\u00e7a nesta sexta com shows e expectativa de milh\u00f5es em neg\u00f3cios - Ubirat\u00e3 Online Not\u00edcias - A realidade ao seu alcance!","isPartOf":{"@id":"https:\/\/ubirataonline.com.br\/#website"},"primaryImageOfPage":{"@id":"https:\/\/ubirataonline.com.br\/expolondrina-comeca-nesta-sexta-com-shows-e-expectativa-de-milhoes-em-negocios\/#primaryimage"},"image":{"@id":"https:\/\/ubirataonline.com.br\/expolondrina-comeca-nesta-sexta-com-shows-e-expectativa-de-milhoes-em-negocios\/#primaryimage"},"thumbnailUrl":"https:\/\/ubirataonline.com.br\/wp-content\/uploads\/2026\/04\/ExpoLondrina-comeca-nesta-sexta-com-shows-e-expectativa-de-milhoes.jpg","datePublished":"2026-04-10T03:56:36+00:00","dateModified":"2026-04-10T03:56:38+00:00","description":"Londrina volta a ser a capital nacional do agroneg\u00f3cio a partir desta sexta-feira (10\/04), quando a 64\u00aa edi\u00e7\u00e3o da ExpoLondrina abre seus port\u00f5es no Parque","breadcrumb":{"@id":"https:\/\/ubirataonline.com.br\/expolondrina-comeca-nesta-sexta-com-shows-e-expectativa-de-milhoes-em-negocios\/#breadcrumb"},"inLanguage":"en-US","potentialAction":[{"@type":"ReadAction","target":["https:\/\/ubirataonline.com.br\/expolondrina-comeca-nesta-sexta-com-shows-e-expectativa-de-milhoes-em-negocios\/"]}]},{"@type":"ImageObject","inLanguage":"en-US","@id":"https:\/\/ubirataonline.com.br\/expolondrina-comeca-nesta-sexta-com-shows-e-expectativa-de-milhoes-em-negocios\/#primaryimage","url":"https:\/\/ubirataonline.com.br\/wp-content\/uploads\/2026\/04\/ExpoLondrina-comeca-nesta-sexta-com-shows-e-expectativa-de-milhoes.jpg","contentUrl":"https:\/\/ubirataonline.com.br\/wp-content\/uploads\/2026\/04\/ExpoLondrina-comeca-nesta-sexta-com-shows-e-expectativa-de-milhoes.jpg","width":1200,"height":793,"caption":"ExpoLondrina come\u00e7a nessa sexta-feira com shows nacionais e expectativa de muitos neg\u00f3cios. Foto: Divulga\u00e7\u00e3o"},{"@type":"BreadcrumbList","@id":"https:\/\/ubirataonline.com.br\/expolondrina-comeca-nesta-sexta-com-shows-e-expectativa-de-milhoes-em-negocios\/#breadcrumb","itemListElement":[{"@type":"ListItem","position":1,"name":"In\u00edcio","item":"https:\/\/ubirataonline.com.br\/"},{"@type":"ListItem","position":2,"name":"ExpoLondrina come\u00e7a nesta sexta com shows e expectativa de milh\u00f5es em neg\u00f3cios"}]},{"@type":"WebSite","@id":"https:\/\/ubirataonline.com.br\/#website","url":"https:\/\/ubirataonline.com.br\/","name":"Ubirat\u00e3 Online Not\u00edcias","description":"Not\u00edcias de Ubirat\u00e3, regi\u00e3o, Brasil e mundo, com informa\u00e7\u00e3o atualizada e compromisso com o leitor.","publisher":{"@id":"https:\/\/ubirataonline.com.br\/#organization"},"alternateName":"Ubirat\u00e3 Online","potentialAction":[{"@type":"SearchAction","target":{"@type":"EntryPoint","urlTemplate":"https:\/\/ubirataonline.com.br\/?s={search_term_string}"},"query-input":{"@type":"PropertyValueSpecification","valueRequired":true,"valueName":"search_term_string"}}],"inLanguage":"en-US"},{"@type":["Organization","Place"],"@id":"https:\/\/ubirataonline.com.br\/#organization","name":"Ubirat\u00e3 Online Not\u00edcias","alternateName":"Ubirat\u00e3 Online","url":"https:\/\/ubirataonline.com.br\/","logo":{"@id":"https:\/\/ubirataonline.com.br\/expolondrina-comeca-nesta-sexta-com-shows-e-expectativa-de-milhoes-em-negocios\/#local-main-organization-logo"},"image":{"@id":"https:\/\/ubirataonline.com.br\/expolondrina-comeca-nesta-sexta-com-shows-e-expectativa-de-milhoes-em-negocios\/#local-main-organization-logo"},"sameAs":["https:\/\/www.facebook.com\/portalubirataonline","https:\/\/x.com\/ubirataonline","https:\/\/mastodon.social\/@ubirataonline","https:\/\/www.facebook.com\/groups\/311144672285604","https:\/\/www.facebook.com\/UBTAOnline","https:\/\/www.instagram.com\/portalubirataonline\/","https:\/\/twitter.com\/ubirataonline"],"description":"Somos um portal de not\u00edcias independente, criado em 5 de janeiro de 2009, com o objetivo de informar, conectar e valorizar a nossa comunidade de Ubirat\u00e3 e toda aregi\u00e3o. Com conte\u00fado atualizado, confi\u00e1vel e relevante, o Ubirat\u00e3 Online \u00e9 o seu espa\u00e7o para ficar por dentro dos principais acontecimentos locais, regionais, Brasil, Mundo e de interesse geral. Nosso compromisso \u00e9 com a verdade, a transpar\u00eancia e o respeito ao leitor.","legalName":"UBIRATA ONLINE NOT\u00cdCIAS","foundingDate":"2009-01-05","numberOfEmployees":{"@type":"QuantitativeValue","minValue":"1","maxValue":"10"},"publishingPrinciples":"https:\/\/ubirataonline.com.br\/faq\/","address":{"@id":"https:\/\/ubirataonline.com.br\/expolondrina-comeca-nesta-sexta-com-shows-e-expectativa-de-milhoes-em-negocios\/#local-main-place-address"},"geo":{"@type":"GeoCoordinates","latitude":"-24.5361401","longitude":"-52.9921776"},"telephone":["+5544998308235"],"contactPoint":{"@type":"ContactPoint","email":"contato@ubirataonline.com.br"},"openingHoursSpecification":{"@type":"OpeningHoursSpecification","dayOfWeek":["Monday","Tuesday","Wednesday","Thursday","Friday","Saturday","Sunday"],"opens":"00:00","closes":"23:59"},"email":"contato@ubirataonline.com.br","vatID":"47.621.418\/0001-80"},{"@type":"Person","@id":"https:\/\/ubirataonline.com.br\/#\/schema\/person\/372f87bbd3fdd79b8556b84c98d0bc1c","name":"REDA\u00c7\u00c3O: UBIRAT\u00c3 ONLINE - F\u00c1BIO AUGUSTO CELESTINO","pronouns":"Ele","description":"Desde 2003 trabalhando com not\u00edcias.","sameAs":["http:\/\/ubirataoline.com.br","https:\/\/www.facebook.com\/portalubirataonline","https:\/\/www.instagram.com\/ubirataonline_oficial","https:\/\/x.com\/x.com\/ubirataonline"],"honorificPrefix":"Mr.","honorificSuffix":"MD","birthDate":"1980-06-16","gender":"masculino","award":["V\u00e1rios pr\u00eamios de melhor portal da cidade"],"jobTitle":"Diretor","url":"https:\/\/ubirataonline.com.br\/en\/author\/ubirataonline\/"},{"@type":"PostalAddress","@id":"https:\/\/ubirataonline.com.br\/expolondrina-comeca-nesta-sexta-com-shows-e-expectativa-de-milhoes-em-negocios\/#local-main-place-address","streetAddress":"Rua dos Coqueiros, 104 - Bairro Boa Vista, Rua dos Coqueiros, 104 Bairro Boa Vista","addressLocality":"UBIRATA","postalCode":"85440-000","addressRegion":"PR","addressCountry":"BR"},{"@type":"ImageObject","inLanguage":"en-US","@id":"https:\/\/ubirataonline.com.br\/expolondrina-comeca-nesta-sexta-com-shows-e-expectativa-de-milhoes-em-negocios\/#local-main-organization-logo","url":"https:\/\/ubirataonline.com.br\/wp-content\/uploads\/2026\/06\/logoubirataonline-1.webp","contentUrl":"https:\/\/ubirataonline.com.br\/wp-content\/uploads\/2026\/06\/logoubirataonline-1.webp","width":500,"height":500,"caption":"Ubirat\u00e3 Online Not\u00edcias"}]},"geo.placename":"UBIRATA","geo.position":{"lat":"-24.5361401","long":"-52.9921776"},"geo.region":"Brazil"},"_links":{"self":[{"href":"https:\/\/ubirataonline.com.br\/en\/wp-json\/wp\/v2\/posts\/102780","targetHints":{"allow":["GET"]}}],"collection":[{"href":"https:\/\/ubirataonline.com.br\/en\/wp-json\/wp\/v2\/posts"}],"about":[{"href":"https:\/\/ubirataonline.com.br\/en\/wp-json\/wp\/v2\/types\/post"}],"author":[{"embeddable":true,"href":"https:\/\/ubirataonline.com.br\/en\/wp-json\/wp\/v2\/users\/1"}],"replies":[{"embeddable":true,"href":"https:\/\/ubirataonline.com.br\/en\/wp-json\/wp\/v2\/comments?post=102780"}],"version-history":[{"count":0,"href":"https:\/\/ubirataonline.com.br\/en\/wp-json\/wp\/v2\/posts\/102780\/revisions"}],"wp:featuredmedia":[{"embeddable":true,"href":"https:\/\/ubirataonline.com.br\/en\/wp-json\/wp\/v2\/media\/102781"}],"wp:attachment":[{"href":"https:\/\/ubirataonline.com.br\/en\/wp-json\/wp\/v2\/media?parent=102780"}],"wp:term":[{"taxonomy":"category","embeddable":true,"href":"https:\/\/ubirataonline.com.br\/en\/wp-json\/wp\/v2\/categories?post=102780"},{"taxonomy":"post_tag","embeddable":true,"href":"https:\/\/ubirataonline.com.br\/en\/wp-json\/wp\/v2\/tags?post=102780"}],"curies":[{"name":"wp","href":"https:\/\/api.w.org\/{rel}","templated":true}]}}