{"id":102799,"date":"2026-04-10T01:25:36","date_gmt":"2026-04-10T04:25:36","guid":{"rendered":"https:\/\/ubirataonline.com.br\/lakers-jj-redick-explains-bold-point-guard-change-after-loss-to-mavericks\/"},"modified":"2026-04-10T01:25:41","modified_gmt":"2026-04-10T04:25:41","slug":"lakers-jj-redick-explains-bold-point-guard-change-after-loss-to-mavericks","status":"publish","type":"post","link":"https:\/\/ubirataonline.com.br\/en\/lakers-jj-redick-explains-bold-point-guard-change-after-loss-to-mavericks\/","title":{"rendered":"Lakers&#8217; JJ Redick Explains Bold Point Guard Change After Loss to Mavericks"},"content":{"rendered":"<p><br \/>\n<\/p>\n<div>\n<p><a href=\"https:\/\/athlonsports.com\/nba\/los-angeles-lakers\" rel=\"nofollow noopener\" target=\"_blank\" data-ylk=\"slk:Los Angeles Lakers;elm:context_link;itc:0;sec:content-canvas\" data-yga=\"{&quot;yLinkElement&quot;:&quot;context_link&quot;,&quot;yModuleName&quot;:&quot;content-canvas&quot;,&quot;yLinkText&quot;:&quot;Los Angeles Lakers&quot;}\" class=\"link \">Los Angeles Lakers<\/a> head coach JJ Redick officially began the team\u2019s late-season stretch without <a href=\"https:\/\/athlonsports.com\/tag\/luka-doncic\" rel=\"nofollow noopener\" target=\"_blank\" data-ylk=\"slk:Luka Doncic;elm:context_link;itc:0;sec:content-canvas\" data-yga=\"{&quot;yLinkElement&quot;:&quot;context_link&quot;,&quot;yModuleName&quot;:&quot;content-canvas&quot;,&quot;yLinkText&quot;:&quot;Luka Doncic&quot;}\" class=\"link \">Luka Doncic<\/a> and Austin Reaves on Sunday.<\/p>\n<p>Both stars are out for the rest of the regular season after suffering major injuries during Thursday\u2019s loss to the <a href=\"https:\/\/athlonsports.com\/nba\/oklahoma-city-thunder\" rel=\"nofollow noopener\" target=\"_blank\" data-ylk=\"slk:Oklahoma City Thunder;elm:context_link;itc:0;sec:content-canvas\" data-yga=\"{&quot;yLinkElement&quot;:&quot;context_link&quot;,&quot;yModuleName&quot;:&quot;content-canvas&quot;,&quot;yLinkText&quot;:&quot;Oklahoma City Thunder&quot;}\" class=\"link \">Oklahoma City Thunder<\/a>.\u00a0Doncic sustained a Grade 2 left hamstring strain, while Reaves was diagnosed with a Grade 2 left oblique strain.<\/p>\n<p>Advertisement<\/p>\n<p>With four games left on the schedule, their absences loom large for Los Angeles.\u00a0The shorthanded Lakers dropped their second straight game, <a href=\"https:\/\/www.espn.com\/nba\/recap?gameId=401810995\" rel=\"nofollow noopener\" target=\"_blank\" data-ylk=\"slk:falling to the Dallas Mavericks;elm:context_link;itc:0;sec:content-canvas\" data-yga=\"{&quot;yLinkElement&quot;:&quot;context_link&quot;,&quot;yModuleName&quot;:&quot;content-canvas&quot;,&quot;yLinkText&quot;:&quot;falling to the Dallas Mavericks&quot;}\" class=\"link \">falling to the Dallas Mavericks<\/a> 134-128.<\/p>\n<p>After the game, Redick addressed an intriguing change he made in his backcourt rotation.<\/p>\n<figure class=\"content-figure\">\n<div class=\"content-image\"><button aria-label=\"View larger image\" class=\"lightbox-btn\" data-ylk=\"elm:expand;itc:1;sec:image-lightbox;slk:lightbox-open;\"><span class=\"lightbox-expand\"><svg viewbox=\"0 0 22 22\" aria-hidden=\"true\" class=\"size-4 lg:size-6\" width=\"22\" height=\"22\"><path d=\"M12.372.92c0-.506.41-.916.915-.916L21 0l-.004 7.712a.917.917 0 0 1-1.832 0V3.183l-6.827 6.828-1.349-1.348 6.828-6.828h-4.529a.915.915 0 0 1-.915-.915M1.835 17.816l6.828-6.828 1.349 1.349-6.829 6.827h4.529a.915.915 0 0 1 0 1.831L0 21l.004-7.713a.916.916 0 0 1 1.831 0z\"\/><\/svg><\/span><\/button><dialog aria-label=\"Image Lightbox\" class=\"lightbox-overlay\" aria-modal=\"true\"\/><\/div><figcaption class=\"fig-caption\">\n<div style=\"max-height:none;overflow:visible\">\n<p>Los Angeles Lakers head coach JJ Redick at a press conference at Crypto.com Arena.Kirby Lee-Imagn Images<\/p>\n<p><span class=\"caption-credit\"> (Kirby Lee-Imagn Images)<\/span><\/div>\n<\/figcaption><\/figure>\n<p>In the wake of Doncic and <a href=\"https:\/\/sports.yahoo.com\/articles\/austin-reaves-provides-injury-scare-103300502.html\" data-ylk=\"slk:Reaves\u2019 injuries;elm:context_link;itc:0;sec:content-canvas;outcm:mb_qualified_link;_E:mb_qualified_link;ct:story;\" data-yga=\"{&quot;yLinkElement&quot;:&quot;context_link&quot;,&quot;yModuleName&quot;:&quot;content-canvas&quot;,&quot;yLinkText&quot;:&quot;Reaves\u2019 injuries&quot;}\" class=\"link  yahoo-link\">Reaves\u2019 injuries<\/a>, <a href=\"https:\/\/athlonsports.com\/tag\/lebron-james\" rel=\"nofollow noopener\" target=\"_blank\" data-ylk=\"slk:LeBron James;elm:context_link;itc:0;sec:content-canvas\" data-yga=\"{&quot;yLinkElement&quot;:&quot;context_link&quot;,&quot;yModuleName&quot;:&quot;content-canvas&quot;,&quot;yLinkText&quot;:&quot;LeBron James&quot;}\" class=\"link \">LeBron James<\/a> was expected to assume primary ball-handling duties for the playoff-bound Lakers. Redick instead made a bold choice, starting sharpshooter Luke Kennard at point guard.<\/p>\n<p>Advertisement<\/p>\n<p>The unconventional shift worked in stretches. The 29-year-old recorded his first career triple-double with 15 points, a career-high 16 rebounds and 11 assists.<\/p>\n<p>After the game, Redick explained the approach and credited Kennard for his adaptability.<\/p>\n<p>\u201cWe talked a lot about simplifying the initial play call and getting into second actions,\u201d Redick said via <a href=\"https:\/\/x.com\/LakersNation\/status\/2040981025489330674\" rel=\"nofollow noopener\" target=\"_blank\" data-ylk=\"slk:Lakers Nation on X;elm:context_link;itc:0;sec:content-canvas\" data-yga=\"{&quot;yLinkElement&quot;:&quot;context_link&quot;,&quot;yModuleName&quot;:&quot;content-canvas&quot;,&quot;yLinkText&quot;:&quot;Lakers Nation on X&quot;}\" class=\"link \">Lakers Nation on X<\/a>. \u201cI think overall the guys did a really good job of that.<\/p>\n<p>&#8220;We got to figure out what can be the second ball-handler. Obviously, 41 minutes is too much for [Kennard], but I thought he did some amazing things. I think it was the first triple-double of his career.\u201d<\/p>\n<p>Advertisement<\/p>\n<p>James still excelled in a hybrid role, finishing with a team-high 30 points and 15 assists. The short-handed Lakers competed well but could not contain <a href=\"https:\/\/athlonsports.com\/tag\/cooper-flagg\" rel=\"nofollow noopener\" target=\"_blank\" data-ylk=\"slk:Cooper Flagg;elm:context_link;itc:0;sec:content-canvas\" data-yga=\"{&quot;yLinkElement&quot;:&quot;context_link&quot;,&quot;yModuleName&quot;:&quot;content-canvas&quot;,&quot;yLinkText&quot;:&quot;Cooper Flagg&quot;}\" class=\"link \">Cooper Flagg<\/a>. The Rookie of the Year frontrunner erupted for 45 points and nine rebounds.<\/p>\n<p>Los Angeles faces the Thunder again on Tuesday, as Redick\u2019s point guard decision remains a key storyline to watch.<\/p>\n<p><strong><a href=\"https:\/\/sports.yahoo.com\/articles\/cooper-flagg-sets-nba-milestone-012939375.html\" data-ylk=\"slk:Related: Mavericks Announce Cooper Flagg Feat During Lakers Game;elm:context_link;itc:0;sec:content-canvas;outcm:mb_qualified_link;_E:mb_qualified_link;ct:story;\" data-yga=\"{&quot;yLinkElement&quot;:&quot;context_link&quot;,&quot;yModuleName&quot;:&quot;content-canvas&quot;,&quot;yLinkText&quot;:&quot;Related&quot;}\" class=\"link  yahoo-link\">Related: Mavericks Announce Cooper Flagg Feat During Lakers Game<\/a><\/strong><\/p>\n<p><i>This story was originally published by <a href=\"https:\/\/athlonsports.com\/nba\/los-angeles-lakers\/lakers-jj-redick-addresses-unexpected-decision-loss-mavericks\" rel=\"nofollow noopener\" target=\"_blank\" data-ylk=\"slk:Athlon Sports;elm:context_link;itc:0;sec:content-canvas\" data-yga=\"{&quot;yLinkElement&quot;:&quot;context_link&quot;,&quot;yModuleName&quot;:&quot;content-canvas&quot;,&quot;yLinkText&quot;:&quot;Athlon Sports&quot;}\" class=\"link \">Athlon Sports<\/a> on Apr 6, 2026, where it first appeared in the <a href=\"https:\/\/athlonsports.com\/nba\" rel=\"nofollow noopener\" target=\"_blank\" data-ylk=\"slk:NBA;elm:context_link;itc:0;sec:content-canvas\" data-yga=\"{&quot;yLinkElement&quot;:&quot;context_link&quot;,&quot;yModuleName&quot;:&quot;content-canvas&quot;,&quot;yLinkText&quot;:&quot;NBA&quot;}\" class=\"link \">NBA<\/a> section. Add Athlon Sports as a <a href=\"https:\/\/google.com\/preferences\/source?q=athlonsports.com\" rel=\"nofollow noopener\" target=\"_blank\" data-ylk=\"slk:Preferred Source by clicking here.;elm:context_link;itc:0;sec:content-canvas\" data-yga=\"{&quot;yLinkElement&quot;:&quot;context_link&quot;,&quot;yModuleName&quot;:&quot;content-canvas&quot;,&quot;yLinkText&quot;:&quot;Preferred Source by clicking here.&quot;}\" class=\"link \">Preferred Source by clicking here.<\/a><\/i><\/p>\n<\/div>\n<p><br \/>\n<br \/><a href=\"https:\/\/sports.yahoo.com\/articles\/lakers-jj-redick-explains-bold-123600771.html\">Source link <\/a><\/p>\n","protected":false},"excerpt":{"rendered":"<p>Los Angeles Lakers head coach JJ Redick officially began the team\u2019s late-season stretch without Luka Doncic and Austin Reaves on Sunday. Both stars are out for the rest of the regular season after suffering major injuries during Thursday\u2019s loss to the Oklahoma City Thunder.\u00a0Doncic sustained a Grade 2 left hamstring strain, while Reaves was diagnosed [&hellip;]<\/p>\n","protected":false},"author":1,"featured_media":102800,"comment_status":"closed","ping_status":"","sticky":false,"template":"","format":"standard","meta":{"googlesitekit_rrm_CAow2JLhCw:productID":"","_gspb_post_css":"","maa_idioma":"","maa_pais":"","footnotes":""},"categories":[2725],"tags":[8878,5413,7452,5986,5282,7902,6319,8572,11646],"class_list":["post-102799","post","type-post","status-publish","format-standard","has-post-thumbnail","hentry","category-europe","tag-bold","tag-change","tag-explains","tag-guard","tag-lakers","tag-loss","tag-mavericks","tag-point","tag-redick"],"blocksy_meta":[],"yoast_head":"<!-- This site is optimized with the Yoast SEO Premium plugin v27.6 (Yoast SEO v27.6) - https:\/\/yoast.com\/product\/yoast-seo-premium-wordpress\/ -->\n<title>Lakers&#039; JJ Redick Explains Bold Point Guard Change After Loss to Mavericks - Ubirat\u00e3 Online Not\u00edcias - A realidade ao seu alcance!<\/title>\n<meta name=\"description\" content=\"Los Angeles Lakers head coach JJ Redick officially began the team\u2019s late-season stretch without Luka Doncic and Austin Reaves on Sunday.Both stars are out\" \/>\n<meta name=\"robots\" content=\"index, follow, max-snippet:-1, max-image-preview:large, max-video-preview:-1\" \/>\n<link rel=\"canonical\" href=\"https:\/\/ubirataonline.com.br\/en\/lakers-jj-redick-explains-bold-point-guard-change-after-loss-to-mavericks\/\" \/>\n<meta property=\"og:locale\" content=\"en_US\" \/>\n<meta property=\"og:type\" content=\"article\" \/>\n<meta property=\"og:title\" content=\"Lakers&#039; JJ Redick Explains Bold Point Guard Change After Loss to Mavericks\" \/>\n<meta property=\"og:description\" content=\"Los Angeles Lakers head coach JJ Redick officially began the team\u2019s late-season stretch without Luka Doncic and Austin Reaves on Sunday.Both stars are out\" \/>\n<meta property=\"og:url\" content=\"https:\/\/ubirataonline.com.br\/en\/lakers-jj-redick-explains-bold-point-guard-change-after-loss-to-mavericks\/\" \/>\n<meta property=\"og:site_name\" content=\"Ubirat\u00e3 Online Not\u00edcias - A realidade ao seu alcance!\" \/>\n<meta property=\"article:publisher\" content=\"https:\/\/www.facebook.com\/portalubirataonline\" \/>\n<meta property=\"article:author\" content=\"https:\/\/www.facebook.com\/portalubirataonline\" \/>\n<meta property=\"article:published_time\" content=\"2026-04-10T04:25:36+00:00\" \/>\n<meta property=\"article:modified_time\" content=\"2026-04-10T04:25:41+00:00\" \/>\n<meta property=\"og:image\" content=\"https:\/\/ubirataonline.com.br\/wp-content\/uploads\/2026\/04\/Lakers-JJ-Redick-Explains-Bold-Point-Guard-Change-After-Loss.jpeg\" \/>\n\t<meta property=\"og:image:width\" content=\"1200\" \/>\n\t<meta property=\"og:image:height\" content=\"800\" \/>\n\t<meta property=\"og:image:type\" content=\"image\/jpeg\" \/>\n<meta name=\"author\" content=\"REDA\u00c7\u00c3O: UBIRAT\u00c3 ONLINE - F\u00c1BIO AUGUSTO CELESTINO\" \/>\n<meta name=\"twitter:card\" content=\"summary_large_image\" \/>\n<meta name=\"twitter:creator\" content=\"@x.com\/ubirataonline\" \/>\n<meta name=\"twitter:site\" content=\"@ubirataonline\" \/>\n<meta name=\"twitter:label1\" content=\"Written by\" \/>\n\t<meta name=\"twitter:data1\" content=\"REDA\u00c7\u00c3O: UBIRAT\u00c3 ONLINE - F\u00c1BIO AUGUSTO CELESTINO\" \/>\n\t<meta name=\"twitter:label2\" content=\"Est. reading time\" \/>\n\t<meta name=\"twitter:data2\" content=\"2 minutes\" \/>\n<script type=\"application\/ld+json\" class=\"yoast-schema-graph\">{\"@context\":\"https:\\\/\\\/schema.org\",\"@graph\":[{\"@type\":\"NewsArticle\",\"@id\":\"https:\\\/\\\/ubirataonline.com.br\\\/lakers-jj-redick-explains-bold-point-guard-change-after-loss-to-mavericks\\\/#article\",\"isPartOf\":{\"@id\":\"https:\\\/\\\/ubirataonline.com.br\\\/lakers-jj-redick-explains-bold-point-guard-change-after-loss-to-mavericks\\\/\"},\"author\":{\"name\":\"REDA\u00c7\u00c3O: UBIRAT\u00c3 ONLINE - F\u00c1BIO AUGUSTO CELESTINO\",\"@id\":\"https:\\\/\\\/ubirataonline.com.br\\\/#\\\/schema\\\/person\\\/372f87bbd3fdd79b8556b84c98d0bc1c\"},\"headline\":\"Lakers&#8217; JJ Redick Explains Bold Point Guard Change After Loss to Mavericks\",\"datePublished\":\"2026-04-10T04:25:36+00:00\",\"dateModified\":\"2026-04-10T04:25:41+00:00\",\"mainEntityOfPage\":{\"@id\":\"https:\\\/\\\/ubirataonline.com.br\\\/lakers-jj-redick-explains-bold-point-guard-change-after-loss-to-mavericks\\\/\"},\"wordCount\":376,\"publisher\":{\"@id\":\"https:\\\/\\\/ubirataonline.com.br\\\/#organization\"},\"image\":{\"@id\":\"https:\\\/\\\/ubirataonline.com.br\\\/lakers-jj-redick-explains-bold-point-guard-change-after-loss-to-mavericks\\\/#primaryimage\"},\"thumbnailUrl\":\"https:\\\/\\\/ubirataonline.com.br\\\/wp-content\\\/uploads\\\/2026\\\/04\\\/Lakers-JJ-Redick-Explains-Bold-Point-Guard-Change-After-Loss.jpeg\",\"keywords\":[\"bold\",\"change\",\"Explains\",\"guard\",\"Lakers\",\"loss\",\"Mavericks\",\"Point\",\"Redick\"],\"articleSection\":[\"Europe\"],\"inLanguage\":\"en-US\",\"copyrightYear\":\"2026\",\"copyrightHolder\":{\"@id\":\"https:\\\/\\\/ubirataonline.com.br\\\/en\\\/#organization\"}},{\"@type\":\"WebPage\",\"@id\":\"https:\\\/\\\/ubirataonline.com.br\\\/lakers-jj-redick-explains-bold-point-guard-change-after-loss-to-mavericks\\\/\",\"url\":\"https:\\\/\\\/ubirataonline.com.br\\\/lakers-jj-redick-explains-bold-point-guard-change-after-loss-to-mavericks\\\/\",\"name\":\"Lakers' JJ Redick Explains Bold Point Guard Change After Loss to Mavericks - Ubirat\u00e3 Online Not\u00edcias - A realidade ao seu alcance!\",\"isPartOf\":{\"@id\":\"https:\\\/\\\/ubirataonline.com.br\\\/#website\"},\"primaryImageOfPage\":{\"@id\":\"https:\\\/\\\/ubirataonline.com.br\\\/lakers-jj-redick-explains-bold-point-guard-change-after-loss-to-mavericks\\\/#primaryimage\"},\"image\":{\"@id\":\"https:\\\/\\\/ubirataonline.com.br\\\/lakers-jj-redick-explains-bold-point-guard-change-after-loss-to-mavericks\\\/#primaryimage\"},\"thumbnailUrl\":\"https:\\\/\\\/ubirataonline.com.br\\\/wp-content\\\/uploads\\\/2026\\\/04\\\/Lakers-JJ-Redick-Explains-Bold-Point-Guard-Change-After-Loss.jpeg\",\"datePublished\":\"2026-04-10T04:25:36+00:00\",\"dateModified\":\"2026-04-10T04:25:41+00:00\",\"description\":\"Los Angeles Lakers head coach JJ Redick officially began the team\u2019s late-season stretch without Luka Doncic and Austin Reaves on Sunday.Both stars are out\",\"breadcrumb\":{\"@id\":\"https:\\\/\\\/ubirataonline.com.br\\\/lakers-jj-redick-explains-bold-point-guard-change-after-loss-to-mavericks\\\/#breadcrumb\"},\"inLanguage\":\"en-US\",\"potentialAction\":[{\"@type\":\"ReadAction\",\"target\":[\"https:\\\/\\\/ubirataonline.com.br\\\/lakers-jj-redick-explains-bold-point-guard-change-after-loss-to-mavericks\\\/\"]}]},{\"@type\":\"ImageObject\",\"inLanguage\":\"en-US\",\"@id\":\"https:\\\/\\\/ubirataonline.com.br\\\/lakers-jj-redick-explains-bold-point-guard-change-after-loss-to-mavericks\\\/#primaryimage\",\"url\":\"https:\\\/\\\/ubirataonline.com.br\\\/wp-content\\\/uploads\\\/2026\\\/04\\\/Lakers-JJ-Redick-Explains-Bold-Point-Guard-Change-After-Loss.jpeg\",\"contentUrl\":\"https:\\\/\\\/ubirataonline.com.br\\\/wp-content\\\/uploads\\\/2026\\\/04\\\/Lakers-JJ-Redick-Explains-Bold-Point-Guard-Change-After-Loss.jpeg\",\"width\":1200,\"height\":800,\"caption\":\"Los Angeles Lakers head coach JJ Redick at a press conference at Crypto.com Arena.Kirby Lee-Imagn Images (Kirby Lee-Imagn Images)\"},{\"@type\":\"BreadcrumbList\",\"@id\":\"https:\\\/\\\/ubirataonline.com.br\\\/lakers-jj-redick-explains-bold-point-guard-change-after-loss-to-mavericks\\\/#breadcrumb\",\"itemListElement\":[{\"@type\":\"ListItem\",\"position\":1,\"name\":\"In\u00edcio\",\"item\":\"https:\\\/\\\/ubirataonline.com.br\\\/\"},{\"@type\":\"ListItem\",\"position\":2,\"name\":\"Lakers&#8217; JJ Redick Explains Bold Point Guard Change After Loss to Mavericks\"}]},{\"@type\":\"WebSite\",\"@id\":\"https:\\\/\\\/ubirataonline.com.br\\\/#website\",\"url\":\"https:\\\/\\\/ubirataonline.com.br\\\/\",\"name\":\"Ubirat\u00e3 Online Not\u00edcias\",\"description\":\"Not\u00edcias de Ubirat\u00e3, regi\u00e3o, Brasil e mundo, com informa\u00e7\u00e3o atualizada e compromisso com o leitor.\",\"publisher\":{\"@id\":\"https:\\\/\\\/ubirataonline.com.br\\\/#organization\"},\"alternateName\":\"Ubirat\u00e3 Online\",\"potentialAction\":[{\"@type\":\"SearchAction\",\"target\":{\"@type\":\"EntryPoint\",\"urlTemplate\":\"https:\\\/\\\/ubirataonline.com.br\\\/?s={search_term_string}\"},\"query-input\":{\"@type\":\"PropertyValueSpecification\",\"valueRequired\":true,\"valueName\":\"search_term_string\"}}],\"inLanguage\":\"en-US\"},{\"@type\":[\"Organization\",\"Place\"],\"@id\":\"https:\\\/\\\/ubirataonline.com.br\\\/#organization\",\"name\":\"Ubirat\u00e3 Online Not\u00edcias\",\"alternateName\":\"Ubirat\u00e3 Online\",\"url\":\"https:\\\/\\\/ubirataonline.com.br\\\/\",\"logo\":{\"@id\":\"https:\\\/\\\/ubirataonline.com.br\\\/lakers-jj-redick-explains-bold-point-guard-change-after-loss-to-mavericks\\\/#local-main-organization-logo\"},\"image\":{\"@id\":\"https:\\\/\\\/ubirataonline.com.br\\\/lakers-jj-redick-explains-bold-point-guard-change-after-loss-to-mavericks\\\/#local-main-organization-logo\"},\"sameAs\":[\"https:\\\/\\\/www.facebook.com\\\/portalubirataonline\",\"https:\\\/\\\/x.com\\\/ubirataonline\",\"https:\\\/\\\/mastodon.social\\\/@ubirataonline\",\"https:\\\/\\\/www.facebook.com\\\/groups\\\/311144672285604\",\"https:\\\/\\\/www.facebook.com\\\/UBTAOnline\",\"https:\\\/\\\/www.instagram.com\\\/portalubirataonline\\\/\",\"https:\\\/\\\/twitter.com\\\/ubirataonline\"],\"description\":\"Somos um portal de not\u00edcias independente, criado em 5 de janeiro de 2009, com o objetivo de informar, conectar e valorizar a nossa comunidade de Ubirat\u00e3 e toda aregi\u00e3o. Com conte\u00fado atualizado, confi\u00e1vel e relevante, o Ubirat\u00e3 Online \u00e9 o seu espa\u00e7o para ficar por dentro dos principais acontecimentos locais, regionais, Brasil, Mundo e de interesse geral. Nosso compromisso \u00e9 com a verdade, a transpar\u00eancia e o respeito ao leitor.\",\"legalName\":\"UBIRATA ONLINE NOT\u00cdCIAS\",\"foundingDate\":\"2009-01-05\",\"numberOfEmployees\":{\"@type\":\"QuantitativeValue\",\"minValue\":\"1\",\"maxValue\":\"10\"},\"publishingPrinciples\":\"https:\\\/\\\/ubirataonline.com.br\\\/faq\\\/\",\"address\":{\"@id\":\"https:\\\/\\\/ubirataonline.com.br\\\/lakers-jj-redick-explains-bold-point-guard-change-after-loss-to-mavericks\\\/#local-main-place-address\"},\"geo\":{\"@type\":\"GeoCoordinates\",\"latitude\":\"-24.5361401\",\"longitude\":\"-52.9921776\"},\"telephone\":[\"+5544998308235\"],\"contactPoint\":{\"@type\":\"ContactPoint\",\"email\":\"contato@ubirataonline.com.br\"},\"openingHoursSpecification\":{\"@type\":\"OpeningHoursSpecification\",\"dayOfWeek\":[\"Monday\",\"Tuesday\",\"Wednesday\",\"Thursday\",\"Friday\",\"Saturday\",\"Sunday\"],\"opens\":\"00:00\",\"closes\":\"23:59\"},\"email\":\"contato@ubirataonline.com.br\",\"vatID\":\"47.621.418\\\/0001-80\"},{\"@type\":\"Person\",\"@id\":\"https:\\\/\\\/ubirataonline.com.br\\\/#\\\/schema\\\/person\\\/372f87bbd3fdd79b8556b84c98d0bc1c\",\"name\":\"REDA\u00c7\u00c3O: UBIRAT\u00c3 ONLINE - F\u00c1BIO AUGUSTO CELESTINO\",\"pronouns\":\"Ele\",\"description\":\"Desde 2003 trabalhando com not\u00edcias.\",\"sameAs\":[\"http:\\\/\\\/ubirataoline.com.br\",\"https:\\\/\\\/www.facebook.com\\\/portalubirataonline\",\"https:\\\/\\\/www.instagram.com\\\/ubirataonline_oficial\",\"https:\\\/\\\/x.com\\\/x.com\\\/ubirataonline\"],\"honorificPrefix\":\"Mr.\",\"honorificSuffix\":\"MD\",\"birthDate\":\"1980-06-16\",\"gender\":\"masculino\",\"award\":[\"V\u00e1rios pr\u00eamios de melhor portal da cidade\"],\"jobTitle\":\"Diretor\",\"url\":\"https:\\\/\\\/ubirataonline.com.br\\\/en\\\/author\\\/ubirataonline\\\/\"},{\"@type\":\"PostalAddress\",\"@id\":\"https:\\\/\\\/ubirataonline.com.br\\\/lakers-jj-redick-explains-bold-point-guard-change-after-loss-to-mavericks\\\/#local-main-place-address\",\"streetAddress\":\"Rua dos Coqueiros, 104 - Bairro Boa Vista, Rua dos Coqueiros, 104 Bairro Boa Vista\",\"addressLocality\":\"UBIRATA\",\"postalCode\":\"85440-000\",\"addressRegion\":\"PR\",\"addressCountry\":\"BR\"},{\"@type\":\"ImageObject\",\"inLanguage\":\"en-US\",\"@id\":\"https:\\\/\\\/ubirataonline.com.br\\\/lakers-jj-redick-explains-bold-point-guard-change-after-loss-to-mavericks\\\/#local-main-organization-logo\",\"url\":\"https:\\\/\\\/ubirataonline.com.br\\\/wp-content\\\/uploads\\\/2026\\\/06\\\/logoubirataonline-1.webp\",\"contentUrl\":\"https:\\\/\\\/ubirataonline.com.br\\\/wp-content\\\/uploads\\\/2026\\\/06\\\/logoubirataonline-1.webp\",\"width\":500,\"height\":500,\"caption\":\"Ubirat\u00e3 Online Not\u00edcias\"}]}<\/script>\n<meta name=\"geo.placename\" content=\"UBIRATA\" \/>\n<meta name=\"geo.position\" content=\"-24.5361401;-52.9921776\" \/>\n<meta name=\"geo.region\" content=\"Brazil\" \/>\n<!-- \/ Yoast SEO Premium plugin. -->","yoast_head_json":{"title":"Lakers' JJ Redick Explains Bold Point Guard Change After Loss to Mavericks - Ubirat\u00e3 Online Not\u00edcias - A realidade ao seu alcance!","description":"Los Angeles Lakers head coach JJ Redick officially began the team\u2019s late-season stretch without Luka Doncic and Austin Reaves on Sunday.Both stars are out","robots":{"index":"index","follow":"follow","max-snippet":"max-snippet:-1","max-image-preview":"max-image-preview:large","max-video-preview":"max-video-preview:-1"},"canonical":"https:\/\/ubirataonline.com.br\/en\/lakers-jj-redick-explains-bold-point-guard-change-after-loss-to-mavericks\/","og_locale":"en_US","og_type":"article","og_title":"Lakers' JJ Redick Explains Bold Point Guard Change After Loss to Mavericks","og_description":"Los Angeles Lakers head coach JJ Redick officially began the team\u2019s late-season stretch without Luka Doncic and Austin Reaves on Sunday.Both stars are out","og_url":"https:\/\/ubirataonline.com.br\/en\/lakers-jj-redick-explains-bold-point-guard-change-after-loss-to-mavericks\/","og_site_name":"Ubirat\u00e3 Online Not\u00edcias - A realidade ao seu alcance!","article_publisher":"https:\/\/www.facebook.com\/portalubirataonline","article_author":"https:\/\/www.facebook.com\/portalubirataonline","article_published_time":"2026-04-10T04:25:36+00:00","article_modified_time":"2026-04-10T04:25:41+00:00","og_image":[{"width":1200,"height":800,"url":"https:\/\/ubirataonline.com.br\/wp-content\/uploads\/2026\/04\/Lakers-JJ-Redick-Explains-Bold-Point-Guard-Change-After-Loss.jpeg","type":"image\/jpeg"}],"author":"REDA\u00c7\u00c3O: UBIRAT\u00c3 ONLINE - F\u00c1BIO AUGUSTO CELESTINO","twitter_card":"summary_large_image","twitter_creator":"@x.com\/ubirataonline","twitter_site":"@ubirataonline","twitter_misc":{"Written by":"REDA\u00c7\u00c3O: UBIRAT\u00c3 ONLINE - F\u00c1BIO AUGUSTO CELESTINO","Est. reading time":"2 minutes"},"schema":{"@context":"https:\/\/schema.org","@graph":[{"@type":"NewsArticle","@id":"https:\/\/ubirataonline.com.br\/lakers-jj-redick-explains-bold-point-guard-change-after-loss-to-mavericks\/#article","isPartOf":{"@id":"https:\/\/ubirataonline.com.br\/lakers-jj-redick-explains-bold-point-guard-change-after-loss-to-mavericks\/"},"author":{"name":"REDA\u00c7\u00c3O: UBIRAT\u00c3 ONLINE - F\u00c1BIO AUGUSTO CELESTINO","@id":"https:\/\/ubirataonline.com.br\/#\/schema\/person\/372f87bbd3fdd79b8556b84c98d0bc1c"},"headline":"Lakers&#8217; JJ Redick Explains Bold Point Guard Change After Loss to Mavericks","datePublished":"2026-04-10T04:25:36+00:00","dateModified":"2026-04-10T04:25:41+00:00","mainEntityOfPage":{"@id":"https:\/\/ubirataonline.com.br\/lakers-jj-redick-explains-bold-point-guard-change-after-loss-to-mavericks\/"},"wordCount":376,"publisher":{"@id":"https:\/\/ubirataonline.com.br\/#organization"},"image":{"@id":"https:\/\/ubirataonline.com.br\/lakers-jj-redick-explains-bold-point-guard-change-after-loss-to-mavericks\/#primaryimage"},"thumbnailUrl":"https:\/\/ubirataonline.com.br\/wp-content\/uploads\/2026\/04\/Lakers-JJ-Redick-Explains-Bold-Point-Guard-Change-After-Loss.jpeg","keywords":["bold","change","Explains","guard","Lakers","loss","Mavericks","Point","Redick"],"articleSection":["Europe"],"inLanguage":"en-US","copyrightYear":"2026","copyrightHolder":{"@id":"https:\/\/ubirataonline.com.br\/en\/#organization"}},{"@type":"WebPage","@id":"https:\/\/ubirataonline.com.br\/lakers-jj-redick-explains-bold-point-guard-change-after-loss-to-mavericks\/","url":"https:\/\/ubirataonline.com.br\/lakers-jj-redick-explains-bold-point-guard-change-after-loss-to-mavericks\/","name":"Lakers' JJ Redick Explains Bold Point Guard Change After Loss to Mavericks - Ubirat\u00e3 Online Not\u00edcias - A realidade ao seu alcance!","isPartOf":{"@id":"https:\/\/ubirataonline.com.br\/#website"},"primaryImageOfPage":{"@id":"https:\/\/ubirataonline.com.br\/lakers-jj-redick-explains-bold-point-guard-change-after-loss-to-mavericks\/#primaryimage"},"image":{"@id":"https:\/\/ubirataonline.com.br\/lakers-jj-redick-explains-bold-point-guard-change-after-loss-to-mavericks\/#primaryimage"},"thumbnailUrl":"https:\/\/ubirataonline.com.br\/wp-content\/uploads\/2026\/04\/Lakers-JJ-Redick-Explains-Bold-Point-Guard-Change-After-Loss.jpeg","datePublished":"2026-04-10T04:25:36+00:00","dateModified":"2026-04-10T04:25:41+00:00","description":"Los Angeles Lakers head coach JJ Redick officially began the team\u2019s late-season stretch without Luka Doncic and Austin Reaves on Sunday.Both stars are out","breadcrumb":{"@id":"https:\/\/ubirataonline.com.br\/lakers-jj-redick-explains-bold-point-guard-change-after-loss-to-mavericks\/#breadcrumb"},"inLanguage":"en-US","potentialAction":[{"@type":"ReadAction","target":["https:\/\/ubirataonline.com.br\/lakers-jj-redick-explains-bold-point-guard-change-after-loss-to-mavericks\/"]}]},{"@type":"ImageObject","inLanguage":"en-US","@id":"https:\/\/ubirataonline.com.br\/lakers-jj-redick-explains-bold-point-guard-change-after-loss-to-mavericks\/#primaryimage","url":"https:\/\/ubirataonline.com.br\/wp-content\/uploads\/2026\/04\/Lakers-JJ-Redick-Explains-Bold-Point-Guard-Change-After-Loss.jpeg","contentUrl":"https:\/\/ubirataonline.com.br\/wp-content\/uploads\/2026\/04\/Lakers-JJ-Redick-Explains-Bold-Point-Guard-Change-After-Loss.jpeg","width":1200,"height":800,"caption":"Los Angeles Lakers head coach JJ Redick at a press conference at Crypto.com Arena.Kirby Lee-Imagn Images (Kirby Lee-Imagn Images)"},{"@type":"BreadcrumbList","@id":"https:\/\/ubirataonline.com.br\/lakers-jj-redick-explains-bold-point-guard-change-after-loss-to-mavericks\/#breadcrumb","itemListElement":[{"@type":"ListItem","position":1,"name":"In\u00edcio","item":"https:\/\/ubirataonline.com.br\/"},{"@type":"ListItem","position":2,"name":"Lakers&#8217; JJ Redick Explains Bold Point Guard Change After Loss to Mavericks"}]},{"@type":"WebSite","@id":"https:\/\/ubirataonline.com.br\/#website","url":"https:\/\/ubirataonline.com.br\/","name":"Ubirat\u00e3 Online Not\u00edcias","description":"Not\u00edcias de Ubirat\u00e3, regi\u00e3o, Brasil e mundo, com informa\u00e7\u00e3o atualizada e compromisso com o leitor.","publisher":{"@id":"https:\/\/ubirataonline.com.br\/#organization"},"alternateName":"Ubirat\u00e3 Online","potentialAction":[{"@type":"SearchAction","target":{"@type":"EntryPoint","urlTemplate":"https:\/\/ubirataonline.com.br\/?s={search_term_string}"},"query-input":{"@type":"PropertyValueSpecification","valueRequired":true,"valueName":"search_term_string"}}],"inLanguage":"en-US"},{"@type":["Organization","Place"],"@id":"https:\/\/ubirataonline.com.br\/#organization","name":"Ubirat\u00e3 Online Not\u00edcias","alternateName":"Ubirat\u00e3 Online","url":"https:\/\/ubirataonline.com.br\/","logo":{"@id":"https:\/\/ubirataonline.com.br\/lakers-jj-redick-explains-bold-point-guard-change-after-loss-to-mavericks\/#local-main-organization-logo"},"image":{"@id":"https:\/\/ubirataonline.com.br\/lakers-jj-redick-explains-bold-point-guard-change-after-loss-to-mavericks\/#local-main-organization-logo"},"sameAs":["https:\/\/www.facebook.com\/portalubirataonline","https:\/\/x.com\/ubirataonline","https:\/\/mastodon.social\/@ubirataonline","https:\/\/www.facebook.com\/groups\/311144672285604","https:\/\/www.facebook.com\/UBTAOnline","https:\/\/www.instagram.com\/portalubirataonline\/","https:\/\/twitter.com\/ubirataonline"],"description":"Somos um portal de not\u00edcias independente, criado em 5 de janeiro de 2009, com o objetivo de informar, conectar e valorizar a nossa comunidade de Ubirat\u00e3 e toda aregi\u00e3o. Com conte\u00fado atualizado, confi\u00e1vel e relevante, o Ubirat\u00e3 Online \u00e9 o seu espa\u00e7o para ficar por dentro dos principais acontecimentos locais, regionais, Brasil, Mundo e de interesse geral. Nosso compromisso \u00e9 com a verdade, a transpar\u00eancia e o respeito ao leitor.","legalName":"UBIRATA ONLINE NOT\u00cdCIAS","foundingDate":"2009-01-05","numberOfEmployees":{"@type":"QuantitativeValue","minValue":"1","maxValue":"10"},"publishingPrinciples":"https:\/\/ubirataonline.com.br\/faq\/","address":{"@id":"https:\/\/ubirataonline.com.br\/lakers-jj-redick-explains-bold-point-guard-change-after-loss-to-mavericks\/#local-main-place-address"},"geo":{"@type":"GeoCoordinates","latitude":"-24.5361401","longitude":"-52.9921776"},"telephone":["+5544998308235"],"contactPoint":{"@type":"ContactPoint","email":"contato@ubirataonline.com.br"},"openingHoursSpecification":{"@type":"OpeningHoursSpecification","dayOfWeek":["Monday","Tuesday","Wednesday","Thursday","Friday","Saturday","Sunday"],"opens":"00:00","closes":"23:59"},"email":"contato@ubirataonline.com.br","vatID":"47.621.418\/0001-80"},{"@type":"Person","@id":"https:\/\/ubirataonline.com.br\/#\/schema\/person\/372f87bbd3fdd79b8556b84c98d0bc1c","name":"REDA\u00c7\u00c3O: UBIRAT\u00c3 ONLINE - F\u00c1BIO AUGUSTO CELESTINO","pronouns":"Ele","description":"Desde 2003 trabalhando com not\u00edcias.","sameAs":["http:\/\/ubirataoline.com.br","https:\/\/www.facebook.com\/portalubirataonline","https:\/\/www.instagram.com\/ubirataonline_oficial","https:\/\/x.com\/x.com\/ubirataonline"],"honorificPrefix":"Mr.","honorificSuffix":"MD","birthDate":"1980-06-16","gender":"masculino","award":["V\u00e1rios pr\u00eamios de melhor portal da cidade"],"jobTitle":"Diretor","url":"https:\/\/ubirataonline.com.br\/en\/author\/ubirataonline\/"},{"@type":"PostalAddress","@id":"https:\/\/ubirataonline.com.br\/lakers-jj-redick-explains-bold-point-guard-change-after-loss-to-mavericks\/#local-main-place-address","streetAddress":"Rua dos Coqueiros, 104 - Bairro Boa Vista, Rua dos Coqueiros, 104 Bairro Boa Vista","addressLocality":"UBIRATA","postalCode":"85440-000","addressRegion":"PR","addressCountry":"BR"},{"@type":"ImageObject","inLanguage":"en-US","@id":"https:\/\/ubirataonline.com.br\/lakers-jj-redick-explains-bold-point-guard-change-after-loss-to-mavericks\/#local-main-organization-logo","url":"https:\/\/ubirataonline.com.br\/wp-content\/uploads\/2026\/06\/logoubirataonline-1.webp","contentUrl":"https:\/\/ubirataonline.com.br\/wp-content\/uploads\/2026\/06\/logoubirataonline-1.webp","width":500,"height":500,"caption":"Ubirat\u00e3 Online Not\u00edcias"}]},"geo.placename":"UBIRATA","geo.position":{"lat":"-24.5361401","long":"-52.9921776"},"geo.region":"Brazil"},"_links":{"self":[{"href":"https:\/\/ubirataonline.com.br\/en\/wp-json\/wp\/v2\/posts\/102799","targetHints":{"allow":["GET"]}}],"collection":[{"href":"https:\/\/ubirataonline.com.br\/en\/wp-json\/wp\/v2\/posts"}],"about":[{"href":"https:\/\/ubirataonline.com.br\/en\/wp-json\/wp\/v2\/types\/post"}],"author":[{"embeddable":true,"href":"https:\/\/ubirataonline.com.br\/en\/wp-json\/wp\/v2\/users\/1"}],"replies":[{"embeddable":true,"href":"https:\/\/ubirataonline.com.br\/en\/wp-json\/wp\/v2\/comments?post=102799"}],"version-history":[{"count":0,"href":"https:\/\/ubirataonline.com.br\/en\/wp-json\/wp\/v2\/posts\/102799\/revisions"}],"wp:featuredmedia":[{"embeddable":true,"href":"https:\/\/ubirataonline.com.br\/en\/wp-json\/wp\/v2\/media\/102800"}],"wp:attachment":[{"href":"https:\/\/ubirataonline.com.br\/en\/wp-json\/wp\/v2\/media?parent=102799"}],"wp:term":[{"taxonomy":"category","embeddable":true,"href":"https:\/\/ubirataonline.com.br\/en\/wp-json\/wp\/v2\/categories?post=102799"},{"taxonomy":"post_tag","embeddable":true,"href":"https:\/\/ubirataonline.com.br\/en\/wp-json\/wp\/v2\/tags?post=102799"}],"curies":[{"name":"wp","href":"https:\/\/api.w.org\/{rel}","templated":true}]}}