{"id":103573,"date":"2026-04-10T21:43:37","date_gmt":"2026-04-11T00:43:37","guid":{"rendered":"https:\/\/ubirataonline.com.br\/i-will-cherish-the-memory-of-this-moment-forever\/"},"modified":"2026-04-10T21:43:39","modified_gmt":"2026-04-11T00:43:39","slug":"i-will-cherish-the-memory-of-this-moment-forever","status":"publish","type":"post","link":"https:\/\/ubirataonline.com.br\/en\/i-will-cherish-the-memory-of-this-moment-forever\/","title":{"rendered":"&#8216;I will cherish the memory of this moment forever&#8217;"},"content":{"rendered":"<p><br \/>\n<\/p>\n<div data-article-body=\"true\">\n<p class=\"mb-4 text-lg md:leading-8 break-words\">Congratulations are in order for Noah Wyle! The acclaimed television actor was honored with a star on the Hollywood Walk of Fame on Thursday, becoming the 2,840th celebrity to receive the honor.<\/p>\n<p class=\"mb-4 text-lg md:leading-8 break-words\">Wyle took to the podium to reflect on his career and on how meaningful it is to receive a star on the Walk of Fame as a lifelong Angeleno. Born and raised in the heart of Los Angeles, Hollywood Boulevard has always held special meaning for him.<\/p>\n<p class=\"mb-4 text-lg md:leading-8 break-words\">\u201cI have walked up and down this street, hopscotching over these names for 50 years, daydreaming,\u201d <a class=\"link \" href=\"https:\/\/youtu.be\/Vq57cUufjYY?si=lJJCDvYkdB6K9Rb9\" data-i13n=\"cpos:1;pos:1\" rel=\"nofollow noopener\" target=\"_blank\" data-ylk=\"slk:Wyle said;cpos:1;pos:1;elm:context_link;itc:0;sec:content-canvas\" data-yga=\"{&quot;yLinkPosition&quot;:&quot;1&quot;,&quot;yLinkElement&quot;:&quot;context_link&quot;,&quot;yPosition&quot;:&quot;1&quot;,&quot;yModuleName&quot;:&quot;content-canvas&quot;,&quot;yLinkText&quot;:&quot;Wyle said&quot;,&quot;yHasCommerce&quot;:false}\">Wyle said<\/a>. \u201cI have history up and down this street like nowhere else on Earth, and today, becoming part of that history is a true childhood dream come true. As far back as I can remember, I have wanted to be part of it. To be initiated into the club and company of showfolk. Those crazy, diverse individuals, that tribe of oddballs and eccentrics, dreamers and gamblers who make up this business.\u201d<\/p>\n<p class=\"mb-4 text-lg md:leading-8 break-words\">Wyle continued, \u201cI love it more than I can say. It is all I\u2019ve ever wanted to do and the only place I have ever wanted to be. It has been the joy of my life playing for you, being welcomed into your homes, becoming part of your history and your evolution. And I am truly humbled by this honor, gratified and inspired beyond words by this ceremony, and I will cherish the memory of this moment forever.\u201d<\/p>\n<figure class=\"relative mb-4\">\n<div class=\"relative\"><button aria-label=\"View larger image\" class=\"group absolute bottom-0 size-full\" data-ylk=\"elm:expand;itc:1;sec:image-lightbox;slk:lightbox-open;\"><span class=\"absolute bottom-3 right-3 rounded-full bg-white p-3 opacity-100 shadow-elevation-3 transition-opacity duration-300 group-hover:block group-hover:opacity-100 md:p-[17px] lg:bottom-6 lg:right-6 lg:bg-white\/90 lg:p-5 lg:opacity-0 lg:shadow-none\"><svg viewbox=\"0 0 22 22\" aria-hidden=\"true\" class=\"size-4 lg:size-6\" width=\"22\" height=\"22\"><path d=\"M12.372.92c0-.506.41-.916.915-.916L21 0l-.004 7.712a.917.917 0 0 1-1.832 0V3.183l-6.827 6.828-1.349-1.348 6.828-6.828h-4.529a.915.915 0 0 1-.915-.915M1.835 17.816l6.828-6.828 1.349 1.349-6.829 6.827h4.529a.915.915 0 0 1 0 1.831L0 21l.004-7.713a.916.916 0 0 1 1.831 0z\"\/><\/svg><\/span><\/button><dialog aria-label=\"Modal Dialog\" aria-modal=\"true\" class=\"fixed bottom-0 left-0 right-0 top-0 z-4 size-full max-h-none max-w-none bg-white hidden\"\/><\/div><figcaption class=\"relative text-sm mt-1 pr-2.5\">\n<div style=\"max-height:none;overflow:visible\">\n<p>Steven Weber, Noah Wyle and Jonathan Frakes.<\/p>\n<p><span>(JC Olivera\/Variety via Getty Images)<\/span><\/div>\n<\/figcaption><\/figure>\n<p class=\"mb-4 text-lg md:leading-8 break-words\">In attendance for Wyle\u2019s Walk of Fame ceremony were <em>Chicago Med <\/em>actor Steven Weber and <em>Star Trek: The Next Generation <\/em>star Jonathan Frakes, who individually shared heartfelt speeches about their decades-spanning friendships with <em>The Pitt <\/em>star.<\/p>\n<p class=\"mb-4 text-lg md:leading-8 break-words\">\u201cNot only has <em>The Pitt <\/em>become a commercial and critical success, the show has struck a chord for the deep yearning for something, which has been in short supply lately: decency and empathy,\u201d Weber said of Wyle. \u201cThat is who he is, and what he wants to get across. Decency without strings, ethics without a catch and an appreciation for the necessity of art in our daily lives, and on top of that, he has prioritized love in his life. He is a great husband and a great father and a pretty decent friend.\u201d<\/p>\n<p class=\"mb-4 text-lg md:leading-8 break-words\">\u201cHe\u2019s a fearless and confident actor, and a true team player. He is also an insatiable collector of memorabilia, a voracious reader and a pool shark,\u201d Frakes also said of the <em>ER <\/em>star. \u201c<em>The Pitt <\/em>has catapulted into TV royalty with <em>The Wire <\/em>and <em>Breaking Bad <\/em>and <em>The Sopranos<\/em>, and all the awards and all the accolades that Noah received, including this iconic star on Hollywood Boulevard, are well earned and couldn\u2019t happen to a better man.\u201d<\/p>\n<figure class=\"relative mb-4\">\n<div class=\"relative\"><img alt=\"Noah Wyle as John Carter on ER.\" loading=\"lazy\" width=\"960\" height=\"901\" decoding=\"async\" data-nimg=\"1\" class=\"rounded-lg\" style=\"color:transparent\" src=\"https:\/\/s.yimg.com\/ny\/api\/res\/1.2\/D7oW0HgZDYTO987aiGsRHg--\/YXBwaWQ9aGlnaGxhbmRlcjt3PTk2MDtoPTkwMTtjZj13ZWJw\/https:\/\/d29szjachogqwa.cloudfront.net\/images\/2026-04\/19059b64-b0a8-40c6-90ca-fb40a7db1d53\"\/><button aria-label=\"View larger image\" class=\"group absolute bottom-0 size-full\" data-ylk=\"elm:expand;itc:1;sec:image-lightbox;slk:lightbox-open;\"><span class=\"absolute bottom-3 right-3 rounded-full bg-white p-3 opacity-100 shadow-elevation-3 transition-opacity duration-300 group-hover:block group-hover:opacity-100 md:p-[17px] lg:bottom-6 lg:right-6 lg:bg-white\/90 lg:p-5 lg:opacity-0 lg:shadow-none\"><svg viewbox=\"0 0 22 22\" aria-hidden=\"true\" class=\"size-4 lg:size-6\" width=\"22\" height=\"22\"><path d=\"M12.372.92c0-.506.41-.916.915-.916L21 0l-.004 7.712a.917.917 0 0 1-1.832 0V3.183l-6.827 6.828-1.349-1.348 6.828-6.828h-4.529a.915.915 0 0 1-.915-.915M1.835 17.816l6.828-6.828 1.349 1.349-6.829 6.827h4.529a.915.915 0 0 1 0 1.831L0 21l.004-7.713a.916.916 0 0 1 1.831 0z\"\/><\/svg><\/span><\/button><dialog aria-label=\"Modal Dialog\" aria-modal=\"true\" class=\"fixed bottom-0 left-0 right-0 top-0 z-4 size-full max-h-none max-w-none bg-white hidden\"\/><\/div><figcaption class=\"relative text-sm mt-1 pr-2.5\">\n<div style=\"max-height:none;overflow:visible\">\n<p>Noah Wyle as John Carter on ER.<\/p>\n<p><span>(NBC via Getty Images)<\/span><\/div>\n<\/figcaption><\/figure>\n<p class=\"mb-4 text-lg md:leading-8 break-words\">Wyle\u2019s illustrious TV career spans three decades. He was 23 when he landed his breakout role as Dr. John Carter on NBC\u2019s long-running medical drama <em>ER <\/em>in 1994. Serving as the show\u2019s longest-tenured cast member, Wyle appeared on the show for 11 seasons until 2005. He earned five consecutive Emmy Award nominations, three consecutive Golden Globe Award nominations and four Actor Awards for his work on the medical drama. But Wyle didn\u2019t hang up his stethoscope for good.<\/p>\n<p class=\"mb-4 text-lg md:leading-8 break-words\">Twenty years after his time on <em>ER <\/em>came to an end, Wyle began starring as Dr. Michael \u201cRobby\u201d Robinavitch on HBO\u2019s acclaimed medical drama <em>The Pitt<\/em>, on which he\u2019s also an executive producer. <em>The Pitt <\/em>premiered in 2025 and marked the reunion between Wyle and his <em>ER <\/em>collaborators, producer R. Scott Gemmill and showrunner and executive producer John Wells. For his portrayal of Dr. Robby, Wyle has received widespread critical acclaim, including Best Actor in a Television Series \u2014 Drama at this year\u2019s Golden Globe Awards and Outstanding Performance by a Male Actor in a Drama Series at this year\u2019s Actor Awards.<\/p>\n<p class=\"mb-4 text-lg md:leading-8 break-words\"><em>Cover thumbnail photo: Frederic J. Brown\/AFP via Getty Images<\/em><\/p>\n<\/div>\n<p><br \/>\n<br \/><a href=\"https:\/\/www.yahoo.com\/entertainment\/tv\/article\/the-pitt-star-noah-wyle-receives-star-on-hollywood-walk-of-fame-i-will-cherish-the-memory-of-this-moment-forever-194617688.html\">Source link <\/a><\/p>\n","protected":false},"excerpt":{"rendered":"<p>Congratulations are in order for Noah Wyle! The acclaimed television actor was honored with a star on the Hollywood Walk of Fame on Thursday, becoming the 2,840th celebrity to receive the honor. Wyle took to the podium to reflect on his career and on how meaningful it is to receive a star on the Walk [&hellip;]<\/p>\n","protected":false},"author":1,"featured_media":103574,"comment_status":"closed","ping_status":"","sticky":false,"template":"","format":"standard","meta":{"googlesitekit_rrm_CAow2JLhCw:productID":"","_gspb_post_css":"","maa_idioma":"","maa_pais":"","footnotes":""},"categories":[1],"tags":[5631,26688,6672],"class_list":["post-103573","post","type-post","status-publish","format-standard","has-post-thumbnail","hentry","category-ubirata","tag-cherish","tag-memory","tag-moment"],"blocksy_meta":[],"yoast_head":"<!-- This site is optimized with the Yoast SEO Premium plugin v27.6 (Yoast SEO v27.6) - https:\/\/yoast.com\/product\/yoast-seo-premium-wordpress\/ -->\n<title>&#039;I will cherish the memory of this moment forever&#039; - Ubirat\u00e3 Online Not\u00edcias - A realidade ao seu alcance!<\/title>\n<meta name=\"description\" content=\"Congratulations are in order for Noah Wyle! The acclaimed television actor was honored with a star on the Hollywood Walk of Fame on Thursday, becoming the\" \/>\n<meta name=\"robots\" content=\"index, follow, max-snippet:-1, max-image-preview:large, max-video-preview:-1\" \/>\n<link rel=\"canonical\" href=\"https:\/\/ubirataonline.com.br\/en\/i-will-cherish-the-memory-of-this-moment-forever\/\" \/>\n<meta property=\"og:locale\" content=\"en_US\" \/>\n<meta property=\"og:type\" content=\"article\" \/>\n<meta property=\"og:title\" content=\"&#039;I will cherish the memory of this moment forever&#039;\" \/>\n<meta property=\"og:description\" content=\"Congratulations are in order for Noah Wyle! The acclaimed television actor was honored with a star on the Hollywood Walk of Fame on Thursday, becoming the\" \/>\n<meta property=\"og:url\" content=\"https:\/\/ubirataonline.com.br\/en\/i-will-cherish-the-memory-of-this-moment-forever\/\" \/>\n<meta property=\"og:site_name\" content=\"Ubirat\u00e3 Online Not\u00edcias - A realidade ao seu alcance!\" \/>\n<meta property=\"article:publisher\" content=\"https:\/\/www.facebook.com\/portalubirataonline\" \/>\n<meta property=\"article:author\" content=\"https:\/\/www.facebook.com\/portalubirataonline\" \/>\n<meta property=\"article:published_time\" content=\"2026-04-11T00:43:37+00:00\" \/>\n<meta property=\"article:modified_time\" content=\"2026-04-11T00:43:39+00:00\" \/>\n<meta property=\"og:image\" content=\"https:\/\/ubirataonline.com.br\/wp-content\/uploads\/2026\/04\/I-will-cherish-the-memory-of-this-moment-forever.jpg\" \/>\n\t<meta property=\"og:image:width\" content=\"1200\" \/>\n\t<meta property=\"og:image:height\" content=\"675\" \/>\n\t<meta property=\"og:image:type\" content=\"image\/jpeg\" \/>\n<meta name=\"author\" content=\"REDA\u00c7\u00c3O: UBIRAT\u00c3 ONLINE - F\u00c1BIO AUGUSTO CELESTINO\" \/>\n<meta name=\"twitter:card\" content=\"summary_large_image\" \/>\n<meta name=\"twitter:creator\" content=\"@x.com\/ubirataonline\" \/>\n<meta name=\"twitter:site\" content=\"@ubirataonline\" \/>\n<meta name=\"twitter:label1\" content=\"Written by\" \/>\n\t<meta name=\"twitter:data1\" content=\"REDA\u00c7\u00c3O: UBIRAT\u00c3 ONLINE - F\u00c1BIO AUGUSTO CELESTINO\" \/>\n\t<meta name=\"twitter:label2\" content=\"Est. reading time\" \/>\n\t<meta name=\"twitter:data2\" content=\"3 minutes\" \/>\n<script type=\"application\/ld+json\" class=\"yoast-schema-graph\">{\"@context\":\"https:\\\/\\\/schema.org\",\"@graph\":[{\"@type\":\"NewsArticle\",\"@id\":\"https:\\\/\\\/ubirataonline.com.br\\\/i-will-cherish-the-memory-of-this-moment-forever\\\/#article\",\"isPartOf\":{\"@id\":\"https:\\\/\\\/ubirataonline.com.br\\\/i-will-cherish-the-memory-of-this-moment-forever\\\/\"},\"author\":{\"name\":\"REDA\u00c7\u00c3O: UBIRAT\u00c3 ONLINE - F\u00c1BIO AUGUSTO CELESTINO\",\"@id\":\"https:\\\/\\\/ubirataonline.com.br\\\/#\\\/schema\\\/person\\\/372f87bbd3fdd79b8556b84c98d0bc1c\"},\"headline\":\"&#8216;I will cherish the memory of this moment forever&#8217;\",\"datePublished\":\"2026-04-11T00:43:37+00:00\",\"dateModified\":\"2026-04-11T00:43:39+00:00\",\"mainEntityOfPage\":{\"@id\":\"https:\\\/\\\/ubirataonline.com.br\\\/i-will-cherish-the-memory-of-this-moment-forever\\\/\"},\"wordCount\":684,\"publisher\":{\"@id\":\"https:\\\/\\\/ubirataonline.com.br\\\/#organization\"},\"image\":{\"@id\":\"https:\\\/\\\/ubirataonline.com.br\\\/i-will-cherish-the-memory-of-this-moment-forever\\\/#primaryimage\"},\"thumbnailUrl\":\"https:\\\/\\\/ubirataonline.com.br\\\/wp-content\\\/uploads\\\/2026\\\/04\\\/I-will-cherish-the-memory-of-this-moment-forever.jpg\",\"keywords\":[\"cherish\",\"memory\",\"moment\"],\"articleSection\":[\"Ubirat\u00e3\"],\"inLanguage\":\"en-US\",\"copyrightYear\":\"2026\",\"copyrightHolder\":{\"@id\":\"https:\\\/\\\/ubirataonline.com.br\\\/en\\\/#organization\"}},{\"@type\":\"WebPage\",\"@id\":\"https:\\\/\\\/ubirataonline.com.br\\\/i-will-cherish-the-memory-of-this-moment-forever\\\/\",\"url\":\"https:\\\/\\\/ubirataonline.com.br\\\/i-will-cherish-the-memory-of-this-moment-forever\\\/\",\"name\":\"'I will cherish the memory of this moment forever' - Ubirat\u00e3 Online Not\u00edcias - A realidade ao seu alcance!\",\"isPartOf\":{\"@id\":\"https:\\\/\\\/ubirataonline.com.br\\\/#website\"},\"primaryImageOfPage\":{\"@id\":\"https:\\\/\\\/ubirataonline.com.br\\\/i-will-cherish-the-memory-of-this-moment-forever\\\/#primaryimage\"},\"image\":{\"@id\":\"https:\\\/\\\/ubirataonline.com.br\\\/i-will-cherish-the-memory-of-this-moment-forever\\\/#primaryimage\"},\"thumbnailUrl\":\"https:\\\/\\\/ubirataonline.com.br\\\/wp-content\\\/uploads\\\/2026\\\/04\\\/I-will-cherish-the-memory-of-this-moment-forever.jpg\",\"datePublished\":\"2026-04-11T00:43:37+00:00\",\"dateModified\":\"2026-04-11T00:43:39+00:00\",\"description\":\"Congratulations are in order for Noah Wyle! The acclaimed television actor was honored with a star on the Hollywood Walk of Fame on Thursday, becoming the\",\"breadcrumb\":{\"@id\":\"https:\\\/\\\/ubirataonline.com.br\\\/i-will-cherish-the-memory-of-this-moment-forever\\\/#breadcrumb\"},\"inLanguage\":\"en-US\",\"potentialAction\":[{\"@type\":\"ReadAction\",\"target\":[\"https:\\\/\\\/ubirataonline.com.br\\\/i-will-cherish-the-memory-of-this-moment-forever\\\/\"]}]},{\"@type\":\"ImageObject\",\"inLanguage\":\"en-US\",\"@id\":\"https:\\\/\\\/ubirataonline.com.br\\\/i-will-cherish-the-memory-of-this-moment-forever\\\/#primaryimage\",\"url\":\"https:\\\/\\\/ubirataonline.com.br\\\/wp-content\\\/uploads\\\/2026\\\/04\\\/I-will-cherish-the-memory-of-this-moment-forever.jpg\",\"contentUrl\":\"https:\\\/\\\/ubirataonline.com.br\\\/wp-content\\\/uploads\\\/2026\\\/04\\\/I-will-cherish-the-memory-of-this-moment-forever.jpg\",\"width\":1200,\"height\":675,\"caption\":\"Noah Wyle. (JC Olivera\\\/Variety via Getty Images)\"},{\"@type\":\"BreadcrumbList\",\"@id\":\"https:\\\/\\\/ubirataonline.com.br\\\/i-will-cherish-the-memory-of-this-moment-forever\\\/#breadcrumb\",\"itemListElement\":[{\"@type\":\"ListItem\",\"position\":1,\"name\":\"In\u00edcio\",\"item\":\"https:\\\/\\\/ubirataonline.com.br\\\/\"},{\"@type\":\"ListItem\",\"position\":2,\"name\":\"&#8216;I will cherish the memory of this moment forever&#8217;\"}]},{\"@type\":\"WebSite\",\"@id\":\"https:\\\/\\\/ubirataonline.com.br\\\/#website\",\"url\":\"https:\\\/\\\/ubirataonline.com.br\\\/\",\"name\":\"Ubirat\u00e3 Online Not\u00edcias\",\"description\":\"Not\u00edcias de Ubirat\u00e3, regi\u00e3o, Brasil e mundo, com informa\u00e7\u00e3o atualizada e compromisso com o leitor.\",\"publisher\":{\"@id\":\"https:\\\/\\\/ubirataonline.com.br\\\/#organization\"},\"alternateName\":\"Ubirat\u00e3 Online\",\"potentialAction\":[{\"@type\":\"SearchAction\",\"target\":{\"@type\":\"EntryPoint\",\"urlTemplate\":\"https:\\\/\\\/ubirataonline.com.br\\\/?s={search_term_string}\"},\"query-input\":{\"@type\":\"PropertyValueSpecification\",\"valueRequired\":true,\"valueName\":\"search_term_string\"}}],\"inLanguage\":\"en-US\"},{\"@type\":[\"Organization\",\"Place\"],\"@id\":\"https:\\\/\\\/ubirataonline.com.br\\\/#organization\",\"name\":\"Ubirat\u00e3 Online Not\u00edcias\",\"alternateName\":\"Ubirat\u00e3 Online\",\"url\":\"https:\\\/\\\/ubirataonline.com.br\\\/\",\"logo\":{\"@id\":\"https:\\\/\\\/ubirataonline.com.br\\\/i-will-cherish-the-memory-of-this-moment-forever\\\/#local-main-organization-logo\"},\"image\":{\"@id\":\"https:\\\/\\\/ubirataonline.com.br\\\/i-will-cherish-the-memory-of-this-moment-forever\\\/#local-main-organization-logo\"},\"sameAs\":[\"https:\\\/\\\/www.facebook.com\\\/portalubirataonline\",\"https:\\\/\\\/x.com\\\/ubirataonline\",\"https:\\\/\\\/mastodon.social\\\/@ubirataonline\",\"https:\\\/\\\/www.facebook.com\\\/groups\\\/311144672285604\",\"https:\\\/\\\/www.facebook.com\\\/UBTAOnline\",\"https:\\\/\\\/www.instagram.com\\\/portalubirataonline\\\/\",\"https:\\\/\\\/twitter.com\\\/ubirataonline\"],\"description\":\"Somos um portal de not\u00edcias independente, criado em 5 de janeiro de 2009, com o objetivo de informar, conectar e valorizar a nossa comunidade de Ubirat\u00e3 e toda aregi\u00e3o. Com conte\u00fado atualizado, confi\u00e1vel e relevante, o Ubirat\u00e3 Online \u00e9 o seu espa\u00e7o para ficar por dentro dos principais acontecimentos locais, regionais, Brasil, Mundo e de interesse geral. Nosso compromisso \u00e9 com a verdade, a transpar\u00eancia e o respeito ao leitor.\",\"legalName\":\"UBIRATA ONLINE NOT\u00cdCIAS\",\"foundingDate\":\"2009-01-05\",\"numberOfEmployees\":{\"@type\":\"QuantitativeValue\",\"minValue\":\"1\",\"maxValue\":\"10\"},\"publishingPrinciples\":\"https:\\\/\\\/ubirataonline.com.br\\\/faq\\\/\",\"address\":{\"@id\":\"https:\\\/\\\/ubirataonline.com.br\\\/i-will-cherish-the-memory-of-this-moment-forever\\\/#local-main-place-address\"},\"geo\":{\"@type\":\"GeoCoordinates\",\"latitude\":\"-24.5361401\",\"longitude\":\"-52.9921776\"},\"telephone\":[\"+5544998308235\"],\"contactPoint\":{\"@type\":\"ContactPoint\",\"email\":\"contato@ubirataonline.com.br\"},\"openingHoursSpecification\":{\"@type\":\"OpeningHoursSpecification\",\"dayOfWeek\":[\"Monday\",\"Tuesday\",\"Wednesday\",\"Thursday\",\"Friday\",\"Saturday\",\"Sunday\"],\"opens\":\"00:00\",\"closes\":\"23:59\"},\"email\":\"contato@ubirataonline.com.br\",\"vatID\":\"47.621.418\\\/0001-80\"},{\"@type\":\"Person\",\"@id\":\"https:\\\/\\\/ubirataonline.com.br\\\/#\\\/schema\\\/person\\\/372f87bbd3fdd79b8556b84c98d0bc1c\",\"name\":\"REDA\u00c7\u00c3O: UBIRAT\u00c3 ONLINE - F\u00c1BIO AUGUSTO CELESTINO\",\"pronouns\":\"Ele\",\"description\":\"Desde 2003 trabalhando com not\u00edcias.\",\"sameAs\":[\"http:\\\/\\\/ubirataoline.com.br\",\"https:\\\/\\\/www.facebook.com\\\/portalubirataonline\",\"https:\\\/\\\/www.instagram.com\\\/ubirataonline_oficial\",\"https:\\\/\\\/x.com\\\/x.com\\\/ubirataonline\"],\"honorificPrefix\":\"Mr.\",\"honorificSuffix\":\"MD\",\"birthDate\":\"1980-06-16\",\"gender\":\"masculino\",\"award\":[\"V\u00e1rios pr\u00eamios de melhor portal da cidade\"],\"jobTitle\":\"Diretor\",\"url\":\"https:\\\/\\\/ubirataonline.com.br\\\/en\\\/author\\\/ubirataonline\\\/\"},{\"@type\":\"PostalAddress\",\"@id\":\"https:\\\/\\\/ubirataonline.com.br\\\/i-will-cherish-the-memory-of-this-moment-forever\\\/#local-main-place-address\",\"streetAddress\":\"Rua dos Coqueiros, 104 - Bairro Boa Vista, Rua dos Coqueiros, 104 Bairro Boa Vista\",\"addressLocality\":\"UBIRATA\",\"postalCode\":\"85440-000\",\"addressRegion\":\"PR\",\"addressCountry\":\"BR\"},{\"@type\":\"ImageObject\",\"inLanguage\":\"en-US\",\"@id\":\"https:\\\/\\\/ubirataonline.com.br\\\/i-will-cherish-the-memory-of-this-moment-forever\\\/#local-main-organization-logo\",\"url\":\"https:\\\/\\\/ubirataonline.com.br\\\/wp-content\\\/uploads\\\/2026\\\/06\\\/logoubirataonline-1.webp\",\"contentUrl\":\"https:\\\/\\\/ubirataonline.com.br\\\/wp-content\\\/uploads\\\/2026\\\/06\\\/logoubirataonline-1.webp\",\"width\":500,\"height\":500,\"caption\":\"Ubirat\u00e3 Online Not\u00edcias\"}]}<\/script>\n<meta name=\"geo.placename\" content=\"UBIRATA\" \/>\n<meta name=\"geo.position\" content=\"-24.5361401;-52.9921776\" \/>\n<meta name=\"geo.region\" content=\"Brazil\" \/>\n<!-- \/ Yoast SEO Premium plugin. -->","yoast_head_json":{"title":"'I will cherish the memory of this moment forever' - Ubirat\u00e3 Online Not\u00edcias - A realidade ao seu alcance!","description":"Congratulations are in order for Noah Wyle! The acclaimed television actor was honored with a star on the Hollywood Walk of Fame on Thursday, becoming the","robots":{"index":"index","follow":"follow","max-snippet":"max-snippet:-1","max-image-preview":"max-image-preview:large","max-video-preview":"max-video-preview:-1"},"canonical":"https:\/\/ubirataonline.com.br\/en\/i-will-cherish-the-memory-of-this-moment-forever\/","og_locale":"en_US","og_type":"article","og_title":"'I will cherish the memory of this moment forever'","og_description":"Congratulations are in order for Noah Wyle! The acclaimed television actor was honored with a star on the Hollywood Walk of Fame on Thursday, becoming the","og_url":"https:\/\/ubirataonline.com.br\/en\/i-will-cherish-the-memory-of-this-moment-forever\/","og_site_name":"Ubirat\u00e3 Online Not\u00edcias - A realidade ao seu alcance!","article_publisher":"https:\/\/www.facebook.com\/portalubirataonline","article_author":"https:\/\/www.facebook.com\/portalubirataonline","article_published_time":"2026-04-11T00:43:37+00:00","article_modified_time":"2026-04-11T00:43:39+00:00","og_image":[{"width":1200,"height":675,"url":"https:\/\/ubirataonline.com.br\/wp-content\/uploads\/2026\/04\/I-will-cherish-the-memory-of-this-moment-forever.jpg","type":"image\/jpeg"}],"author":"REDA\u00c7\u00c3O: UBIRAT\u00c3 ONLINE - F\u00c1BIO AUGUSTO CELESTINO","twitter_card":"summary_large_image","twitter_creator":"@x.com\/ubirataonline","twitter_site":"@ubirataonline","twitter_misc":{"Written by":"REDA\u00c7\u00c3O: UBIRAT\u00c3 ONLINE - F\u00c1BIO AUGUSTO CELESTINO","Est. reading time":"3 minutes"},"schema":{"@context":"https:\/\/schema.org","@graph":[{"@type":"NewsArticle","@id":"https:\/\/ubirataonline.com.br\/i-will-cherish-the-memory-of-this-moment-forever\/#article","isPartOf":{"@id":"https:\/\/ubirataonline.com.br\/i-will-cherish-the-memory-of-this-moment-forever\/"},"author":{"name":"REDA\u00c7\u00c3O: UBIRAT\u00c3 ONLINE - F\u00c1BIO AUGUSTO CELESTINO","@id":"https:\/\/ubirataonline.com.br\/#\/schema\/person\/372f87bbd3fdd79b8556b84c98d0bc1c"},"headline":"&#8216;I will cherish the memory of this moment forever&#8217;","datePublished":"2026-04-11T00:43:37+00:00","dateModified":"2026-04-11T00:43:39+00:00","mainEntityOfPage":{"@id":"https:\/\/ubirataonline.com.br\/i-will-cherish-the-memory-of-this-moment-forever\/"},"wordCount":684,"publisher":{"@id":"https:\/\/ubirataonline.com.br\/#organization"},"image":{"@id":"https:\/\/ubirataonline.com.br\/i-will-cherish-the-memory-of-this-moment-forever\/#primaryimage"},"thumbnailUrl":"https:\/\/ubirataonline.com.br\/wp-content\/uploads\/2026\/04\/I-will-cherish-the-memory-of-this-moment-forever.jpg","keywords":["cherish","memory","moment"],"articleSection":["Ubirat\u00e3"],"inLanguage":"en-US","copyrightYear":"2026","copyrightHolder":{"@id":"https:\/\/ubirataonline.com.br\/en\/#organization"}},{"@type":"WebPage","@id":"https:\/\/ubirataonline.com.br\/i-will-cherish-the-memory-of-this-moment-forever\/","url":"https:\/\/ubirataonline.com.br\/i-will-cherish-the-memory-of-this-moment-forever\/","name":"'I will cherish the memory of this moment forever' - Ubirat\u00e3 Online Not\u00edcias - A realidade ao seu alcance!","isPartOf":{"@id":"https:\/\/ubirataonline.com.br\/#website"},"primaryImageOfPage":{"@id":"https:\/\/ubirataonline.com.br\/i-will-cherish-the-memory-of-this-moment-forever\/#primaryimage"},"image":{"@id":"https:\/\/ubirataonline.com.br\/i-will-cherish-the-memory-of-this-moment-forever\/#primaryimage"},"thumbnailUrl":"https:\/\/ubirataonline.com.br\/wp-content\/uploads\/2026\/04\/I-will-cherish-the-memory-of-this-moment-forever.jpg","datePublished":"2026-04-11T00:43:37+00:00","dateModified":"2026-04-11T00:43:39+00:00","description":"Congratulations are in order for Noah Wyle! The acclaimed television actor was honored with a star on the Hollywood Walk of Fame on Thursday, becoming the","breadcrumb":{"@id":"https:\/\/ubirataonline.com.br\/i-will-cherish-the-memory-of-this-moment-forever\/#breadcrumb"},"inLanguage":"en-US","potentialAction":[{"@type":"ReadAction","target":["https:\/\/ubirataonline.com.br\/i-will-cherish-the-memory-of-this-moment-forever\/"]}]},{"@type":"ImageObject","inLanguage":"en-US","@id":"https:\/\/ubirataonline.com.br\/i-will-cherish-the-memory-of-this-moment-forever\/#primaryimage","url":"https:\/\/ubirataonline.com.br\/wp-content\/uploads\/2026\/04\/I-will-cherish-the-memory-of-this-moment-forever.jpg","contentUrl":"https:\/\/ubirataonline.com.br\/wp-content\/uploads\/2026\/04\/I-will-cherish-the-memory-of-this-moment-forever.jpg","width":1200,"height":675,"caption":"Noah Wyle. (JC Olivera\/Variety via Getty Images)"},{"@type":"BreadcrumbList","@id":"https:\/\/ubirataonline.com.br\/i-will-cherish-the-memory-of-this-moment-forever\/#breadcrumb","itemListElement":[{"@type":"ListItem","position":1,"name":"In\u00edcio","item":"https:\/\/ubirataonline.com.br\/"},{"@type":"ListItem","position":2,"name":"&#8216;I will cherish the memory of this moment forever&#8217;"}]},{"@type":"WebSite","@id":"https:\/\/ubirataonline.com.br\/#website","url":"https:\/\/ubirataonline.com.br\/","name":"Ubirat\u00e3 Online Not\u00edcias","description":"Not\u00edcias de Ubirat\u00e3, regi\u00e3o, Brasil e mundo, com informa\u00e7\u00e3o atualizada e compromisso com o leitor.","publisher":{"@id":"https:\/\/ubirataonline.com.br\/#organization"},"alternateName":"Ubirat\u00e3 Online","potentialAction":[{"@type":"SearchAction","target":{"@type":"EntryPoint","urlTemplate":"https:\/\/ubirataonline.com.br\/?s={search_term_string}"},"query-input":{"@type":"PropertyValueSpecification","valueRequired":true,"valueName":"search_term_string"}}],"inLanguage":"en-US"},{"@type":["Organization","Place"],"@id":"https:\/\/ubirataonline.com.br\/#organization","name":"Ubirat\u00e3 Online Not\u00edcias","alternateName":"Ubirat\u00e3 Online","url":"https:\/\/ubirataonline.com.br\/","logo":{"@id":"https:\/\/ubirataonline.com.br\/i-will-cherish-the-memory-of-this-moment-forever\/#local-main-organization-logo"},"image":{"@id":"https:\/\/ubirataonline.com.br\/i-will-cherish-the-memory-of-this-moment-forever\/#local-main-organization-logo"},"sameAs":["https:\/\/www.facebook.com\/portalubirataonline","https:\/\/x.com\/ubirataonline","https:\/\/mastodon.social\/@ubirataonline","https:\/\/www.facebook.com\/groups\/311144672285604","https:\/\/www.facebook.com\/UBTAOnline","https:\/\/www.instagram.com\/portalubirataonline\/","https:\/\/twitter.com\/ubirataonline"],"description":"Somos um portal de not\u00edcias independente, criado em 5 de janeiro de 2009, com o objetivo de informar, conectar e valorizar a nossa comunidade de Ubirat\u00e3 e toda aregi\u00e3o. Com conte\u00fado atualizado, confi\u00e1vel e relevante, o Ubirat\u00e3 Online \u00e9 o seu espa\u00e7o para ficar por dentro dos principais acontecimentos locais, regionais, Brasil, Mundo e de interesse geral. Nosso compromisso \u00e9 com a verdade, a transpar\u00eancia e o respeito ao leitor.","legalName":"UBIRATA ONLINE NOT\u00cdCIAS","foundingDate":"2009-01-05","numberOfEmployees":{"@type":"QuantitativeValue","minValue":"1","maxValue":"10"},"publishingPrinciples":"https:\/\/ubirataonline.com.br\/faq\/","address":{"@id":"https:\/\/ubirataonline.com.br\/i-will-cherish-the-memory-of-this-moment-forever\/#local-main-place-address"},"geo":{"@type":"GeoCoordinates","latitude":"-24.5361401","longitude":"-52.9921776"},"telephone":["+5544998308235"],"contactPoint":{"@type":"ContactPoint","email":"contato@ubirataonline.com.br"},"openingHoursSpecification":{"@type":"OpeningHoursSpecification","dayOfWeek":["Monday","Tuesday","Wednesday","Thursday","Friday","Saturday","Sunday"],"opens":"00:00","closes":"23:59"},"email":"contato@ubirataonline.com.br","vatID":"47.621.418\/0001-80"},{"@type":"Person","@id":"https:\/\/ubirataonline.com.br\/#\/schema\/person\/372f87bbd3fdd79b8556b84c98d0bc1c","name":"REDA\u00c7\u00c3O: UBIRAT\u00c3 ONLINE - F\u00c1BIO AUGUSTO CELESTINO","pronouns":"Ele","description":"Desde 2003 trabalhando com not\u00edcias.","sameAs":["http:\/\/ubirataoline.com.br","https:\/\/www.facebook.com\/portalubirataonline","https:\/\/www.instagram.com\/ubirataonline_oficial","https:\/\/x.com\/x.com\/ubirataonline"],"honorificPrefix":"Mr.","honorificSuffix":"MD","birthDate":"1980-06-16","gender":"masculino","award":["V\u00e1rios pr\u00eamios de melhor portal da cidade"],"jobTitle":"Diretor","url":"https:\/\/ubirataonline.com.br\/en\/author\/ubirataonline\/"},{"@type":"PostalAddress","@id":"https:\/\/ubirataonline.com.br\/i-will-cherish-the-memory-of-this-moment-forever\/#local-main-place-address","streetAddress":"Rua dos Coqueiros, 104 - Bairro Boa Vista, Rua dos Coqueiros, 104 Bairro Boa Vista","addressLocality":"UBIRATA","postalCode":"85440-000","addressRegion":"PR","addressCountry":"BR"},{"@type":"ImageObject","inLanguage":"en-US","@id":"https:\/\/ubirataonline.com.br\/i-will-cherish-the-memory-of-this-moment-forever\/#local-main-organization-logo","url":"https:\/\/ubirataonline.com.br\/wp-content\/uploads\/2026\/06\/logoubirataonline-1.webp","contentUrl":"https:\/\/ubirataonline.com.br\/wp-content\/uploads\/2026\/06\/logoubirataonline-1.webp","width":500,"height":500,"caption":"Ubirat\u00e3 Online Not\u00edcias"}]},"geo.placename":"UBIRATA","geo.position":{"lat":"-24.5361401","long":"-52.9921776"},"geo.region":"Brazil"},"_links":{"self":[{"href":"https:\/\/ubirataonline.com.br\/en\/wp-json\/wp\/v2\/posts\/103573","targetHints":{"allow":["GET"]}}],"collection":[{"href":"https:\/\/ubirataonline.com.br\/en\/wp-json\/wp\/v2\/posts"}],"about":[{"href":"https:\/\/ubirataonline.com.br\/en\/wp-json\/wp\/v2\/types\/post"}],"author":[{"embeddable":true,"href":"https:\/\/ubirataonline.com.br\/en\/wp-json\/wp\/v2\/users\/1"}],"replies":[{"embeddable":true,"href":"https:\/\/ubirataonline.com.br\/en\/wp-json\/wp\/v2\/comments?post=103573"}],"version-history":[{"count":0,"href":"https:\/\/ubirataonline.com.br\/en\/wp-json\/wp\/v2\/posts\/103573\/revisions"}],"wp:featuredmedia":[{"embeddable":true,"href":"https:\/\/ubirataonline.com.br\/en\/wp-json\/wp\/v2\/media\/103574"}],"wp:attachment":[{"href":"https:\/\/ubirataonline.com.br\/en\/wp-json\/wp\/v2\/media?parent=103573"}],"wp:term":[{"taxonomy":"category","embeddable":true,"href":"https:\/\/ubirataonline.com.br\/en\/wp-json\/wp\/v2\/categories?post=103573"},{"taxonomy":"post_tag","embeddable":true,"href":"https:\/\/ubirataonline.com.br\/en\/wp-json\/wp\/v2\/tags?post=103573"}],"curies":[{"name":"wp","href":"https:\/\/api.w.org\/{rel}","templated":true}]}}