{"id":103696,"date":"2026-04-11T00:20:00","date_gmt":"2026-04-11T03:20:00","guid":{"rendered":"https:\/\/ubirataonline.com.br\/brady-ebert-former-turnstile-guitarist-charged-with-attempted-murder-of-bandmates-father\/"},"modified":"2026-04-11T00:20:05","modified_gmt":"2026-04-11T03:20:05","slug":"brady-ebert-former-turnstile-guitarist-charged-with-attempted-murder-of-bandmates-father","status":"publish","type":"post","link":"https:\/\/ubirataonline.com.br\/en\/brady-ebert-former-turnstile-guitarist-charged-with-attempted-murder-of-bandmates-father\/","title":{"rendered":"Brady Ebert: Former Turnstile guitarist charged with attempted murder of bandmate\u2019s father"},"content":{"rendered":"<p><\/p>\n<div data-editable=\"content\" itemprop=\"articleBody\" data-reorderable=\"content\">\n<p class=\"paragraph-elevate inline-placeholder vossi-paragraph_elevate\" data-uri=\"cms.cnn.com\/_components\/paragraph\/instances\/cmniof3pz000c3b6qwv899ot7@published\" data-editable=\"text\" data-component-name=\"paragraph\" data-article-gutter=\"true\">\n            A former guitarist of the Grammy-winning rock band Turnstile has been charged with attempted second-degree murder and assault after he allegedly struck the father of the group\u2019s lead vocalist with his car in suburban Maryland, authorities said.\n    <\/p>\n<p class=\"paragraph-elevate inline-placeholder vossi-paragraph_elevate\" data-uri=\"cms.cnn.com\/_components\/paragraph\/instances\/cmniof3q0000d3b6q9hyay0gc@published\" data-editable=\"text\" data-component-name=\"paragraph\" data-article-gutter=\"true\">\n            Brady Ebert, 33, a founding member of the Baltimore band, was arrested on Tuesday and is being held without bond, the <a href=\"https:\/\/www2.montgomerycountymd.gov\/mcgportalapps\/Press_Detail_Pol.aspx?Item_ID=48492&amp;fbclid=IwY2xjawQ8Hj1leHRuA2FlbQIxMABicmlkETFBMTVjV1A0bmVLMFJsZWNoc3J0YwZhcHBfaWQQMjIyMDM5MTc4ODIwMDg5MgABHlCrKYbmBNxk7VvTqu8OgGk8dOEqUPqTc9C4WiJIdbUj5hxYsurmn45MPz0N_aem_PKqvY5DECgUz4i24pS2IWw\" target=\"_blank\">Montgomery County Police Department<\/a> said. CNN has reached out to his attorney for comment.\n    <\/p>\n<p class=\"paragraph-elevate inline-placeholder vossi-paragraph_elevate\" data-uri=\"cms.cnn.com\/_components\/paragraph\/instances\/cmniof3q0000e3b6qzqky8nng@published\" data-editable=\"text\" data-component-name=\"paragraph\" data-article-gutter=\"true\">\n            Investigators described the victim as a \u201c78-year-old neighbor,\u201d whom the band identified as William Yates, the father of Brendan Yates, Turnstile\u2019s lead singer and co-founder, according to <a href=\"https:\/\/www.wbaltv.com\/article\/police-former-turnstile-guitarist-facing-attempted-murder-charges\/70920382\" target=\"_blank\">CNN affiliate WBAL<\/a>.\n    <\/p>\n<p class=\"paragraph-elevate inline-placeholder vossi-paragraph_elevate\" data-uri=\"cms.cnn.com\/_components\/paragraph\/instances\/cmniof3q0000f3b6qtpv5z95a@published\" data-editable=\"text\" data-component-name=\"paragraph\" data-article-gutter=\"true\">\n            \u201cBrady went to the house of Brendan\u2019s parents and used his vehicle to run over Brendan\u2019s father, causing severe physical trauma,\u201d the band said in a statement to WBAL. William Yates survived and underwent surgery, the statement continued.\n    <\/p>\n<p class=\"paragraph-elevate inline-placeholder vossi-paragraph_elevate\" data-uri=\"cms.cnn.com\/_components\/paragraph\/instances\/cmniof3q0000g3b6qgt1rquvl@published\" data-editable=\"text\" data-component-name=\"paragraph\" data-article-gutter=\"true\">\n            \u201cWe\u2019re hoping for the best possible outcome in his recovery. We have no language left for Brady,\u201d the band said.\n    <\/p>\n<p class=\"paragraph-elevate inline-placeholder vossi-paragraph_elevate\" data-uri=\"cms.cnn.com\/_components\/paragraph\/instances\/cmniof3q0000h3b6qtg4o3zt6@published\" data-editable=\"text\" data-component-name=\"paragraph\" data-article-gutter=\"true\">\n            CNN reached out to prosecutors and police for more information.\n    <\/p>\n<p class=\"paragraph-elevate inline-placeholder vossi-paragraph_elevate\" data-uri=\"cms.cnn.com\/_components\/paragraph\/instances\/cmniof3q0000i3b6qntq2234x@published\" data-editable=\"text\" data-component-name=\"paragraph\" data-article-gutter=\"true\">\n            Turnstile cut ties with Ebert in 2022 \u201cin response to a consistent pattern of harmful behavior affecting himself, the band, and the community,\u201d the band\u2019s statement said. \u201cAfter exhausting every available resource to support his access to help and recovery, a boundary ultimately had to be set when healthy communication was no longer possible and he began threatening violence.\u201d\n    <\/p>\n<p class=\"paragraph-elevate inline-placeholder vossi-paragraph_elevate\" data-uri=\"cms.cnn.com\/_components\/paragraph\/instances\/cmniof3q0000j3b6q5fvwta1b@published\" data-editable=\"text\" data-component-name=\"paragraph\" data-article-gutter=\"true\">\n            The incident Sunday began shortly before 4:45 p.m., when officers responded to a report of a hit-and-run at a home in Silver Spring, Maryland, roughly 10 miles north of downtown Washington, authorities said.\n    <\/p>\n<p class=\"paragraph-elevate inline-placeholder vossi-paragraph_elevate\" data-uri=\"cms.cnn.com\/_components\/paragraph\/instances\/cmniof3q0000k3b6qcdvkkpa9@published\" data-editable=\"text\" data-component-name=\"paragraph\" data-article-gutter=\"true\">\n            Police said Ebert struck a neighbor with his sedan, \u201cfor reasons still under investigation,\u201d during an argument in a driveway and drove away without calling police or rendering aid. The neighbor was taken to a hospital with serious injuries, including a broken leg, police said.\n    <\/p>\n<p class=\"paragraph-elevate inline-placeholder vossi-paragraph_elevate\" data-uri=\"cms.cnn.com\/_components\/paragraph\/instances\/cmniof3q0000l3b6qp8cub86i@published\" data-editable=\"text\" data-component-name=\"paragraph\" data-article-gutter=\"true\">\n            The car was later found unoccupied nearby with front-end damage.\n    <\/p>\n<p class=\"paragraph-elevate inline-placeholder vossi-paragraph_elevate\" data-uri=\"cms.cnn.com\/_components\/paragraph\/instances\/cmniof3q0000m3b6qwbt8tly2@published\" data-editable=\"text\" data-component-name=\"paragraph\" data-article-gutter=\"true\">\n            After reviewing surveillance footage of the incident, investigators obtained an arrest warrant for Ebert and took him into custody.\n    <\/p>\n<p class=\"paragraph-elevate inline-placeholder vossi-paragraph_elevate\" data-uri=\"cms.cnn.com\/_components\/paragraph\/instances\/cmniof3q0000n3b6qrdlqgeko@published\" data-editable=\"text\" data-component-name=\"paragraph\" data-article-gutter=\"true\">\n            A preliminary hearing is scheduled for May 1 in Montgomery County District Court, records show.\n    <\/p>\n<p class=\"paragraph-elevate inline-placeholder vossi-paragraph_elevate\" data-uri=\"cms.cnn.com\/_components\/paragraph\/instances\/cmniof3q0000o3b6q5jd674zq@published\" data-editable=\"text\" data-component-name=\"paragraph\" data-article-gutter=\"true\">\n            Turnstile spent years building a fan base before releasing its breakthrough album, \u201cGlow On,\u201d in 2021, according to <a href=\"https:\/\/www.billboard.com\/music\/rock\/turnstile-new-album-never-enough-release-date-1235941383\/\" target=\"_blank\">Billboard<\/a>. The group\u2019s follow up album, \u201cNever Enough,\u201d was released in 2025 and nabbed <a href=\"https:\/\/www.grammy.com\/artists\/turnstile\/52304\" target=\"_blank\">Grammy Awards<\/a> in February for Best Rock Album and Best Metal Performance.\n    <\/p>\n<\/p><\/div>\n<p><a href=\"https:\/\/www.cnn.com\/2026\/04\/03\/entertainment\/turnstile-brady-ebert-attempted-murder-charge-hnk\">Source link <\/a><\/p>","protected":false},"excerpt":{"rendered":"<p>A former guitarist of the Grammy-winning rock band Turnstile has been charged with attempted second-degree murder and assault after he allegedly struck the father of the group\u2019s lead vocalist with his car in suburban Maryland, authorities said. Brady Ebert, 33, a founding member of the Baltimore band, was arrested on Tuesday and is being held [&hellip;]<\/p>\n","protected":false},"author":1,"featured_media":103697,"comment_status":"closed","ping_status":"","sticky":false,"template":"","format":"standard","meta":{"googlesitekit_rrm_CAow2JLhCw:productID":"","_gspb_post_css":"","maa_idioma":"","maa_pais":"","footnotes":""},"categories":[1],"tags":[10958,26734,11981,9008,26732,13964,22653,9389,26733],"class_list":["post-103696","post","type-post","status-publish","format-standard","has-post-thumbnail","hentry","category-ubirata","tag-attempted","tag-bandmates","tag-brady","tag-charged","tag-ebert","tag-father","tag-guitarist","tag-murder","tag-turnstile"],"blocksy_meta":[],"yoast_head":"<!-- This site is optimized with the Yoast SEO Premium plugin v27.6 (Yoast SEO v27.6) - https:\/\/yoast.com\/product\/yoast-seo-premium-wordpress\/ -->\n<title>Brady Ebert: Former Turnstile guitarist charged with attempted murder of bandmate\u2019s father - Ubirat\u00e3 Online Not\u00edcias - A realidade ao seu alcance!<\/title>\n<meta name=\"description\" content=\"A former guitarist of the Grammy-winning rock band Turnstile has been charged with attempted second-degree murder and assault after he allegedly struck\" \/>\n<meta name=\"robots\" content=\"index, follow, max-snippet:-1, max-image-preview:large, max-video-preview:-1\" \/>\n<link rel=\"canonical\" href=\"https:\/\/ubirataonline.com.br\/en\/brady-ebert-former-turnstile-guitarist-charged-with-attempted-murder-of-bandmates-father\/\" \/>\n<meta property=\"og:locale\" content=\"en_US\" \/>\n<meta property=\"og:type\" content=\"article\" \/>\n<meta property=\"og:title\" content=\"Brady Ebert: Former Turnstile guitarist charged with attempted murder of bandmate\u2019s father\" \/>\n<meta property=\"og:description\" content=\"A former guitarist of the Grammy-winning rock band Turnstile has been charged with attempted second-degree murder and assault after he allegedly struck\" \/>\n<meta property=\"og:url\" content=\"https:\/\/ubirataonline.com.br\/en\/brady-ebert-former-turnstile-guitarist-charged-with-attempted-murder-of-bandmates-father\/\" \/>\n<meta property=\"og:site_name\" content=\"Ubirat\u00e3 Online Not\u00edcias - A realidade ao seu alcance!\" \/>\n<meta property=\"article:publisher\" content=\"https:\/\/www.facebook.com\/portalubirataonline\" \/>\n<meta property=\"article:author\" content=\"https:\/\/www.facebook.com\/portalubirataonline\" \/>\n<meta property=\"article:published_time\" content=\"2026-04-11T03:20:00+00:00\" \/>\n<meta property=\"article:modified_time\" content=\"2026-04-11T03:20:05+00:00\" \/>\n<meta property=\"og:image\" content=\"https:\/\/ubirataonline.com.br\/wp-content\/uploads\/2026\/04\/Brady-Ebert-Former-Turnstile-guitarist-charged-with-attempted-murder-of.jpg\" \/>\n\t<meta property=\"og:image:width\" content=\"800\" \/>\n\t<meta property=\"og:image:height\" content=\"450\" \/>\n\t<meta property=\"og:image:type\" content=\"image\/jpeg\" \/>\n<meta name=\"author\" content=\"REDA\u00c7\u00c3O: UBIRAT\u00c3 ONLINE - F\u00c1BIO AUGUSTO CELESTINO\" \/>\n<meta name=\"twitter:card\" content=\"summary_large_image\" \/>\n<meta name=\"twitter:creator\" content=\"@x.com\/ubirataonline\" \/>\n<meta name=\"twitter:site\" content=\"@ubirataonline\" \/>\n<meta name=\"twitter:label1\" content=\"Written by\" \/>\n\t<meta name=\"twitter:data1\" content=\"REDA\u00c7\u00c3O: UBIRAT\u00c3 ONLINE - F\u00c1BIO AUGUSTO CELESTINO\" \/>\n\t<meta name=\"twitter:label2\" content=\"Est. reading time\" \/>\n\t<meta name=\"twitter:data2\" content=\"2 minutes\" \/>\n<script type=\"application\/ld+json\" class=\"yoast-schema-graph\">{\"@context\":\"https:\\\/\\\/schema.org\",\"@graph\":[{\"@type\":\"NewsArticle\",\"@id\":\"https:\\\/\\\/ubirataonline.com.br\\\/brady-ebert-former-turnstile-guitarist-charged-with-attempted-murder-of-bandmates-father\\\/#article\",\"isPartOf\":{\"@id\":\"https:\\\/\\\/ubirataonline.com.br\\\/brady-ebert-former-turnstile-guitarist-charged-with-attempted-murder-of-bandmates-father\\\/\"},\"author\":{\"name\":\"REDA\u00c7\u00c3O: UBIRAT\u00c3 ONLINE - F\u00c1BIO AUGUSTO CELESTINO\",\"@id\":\"https:\\\/\\\/ubirataonline.com.br\\\/#\\\/schema\\\/person\\\/372f87bbd3fdd79b8556b84c98d0bc1c\"},\"headline\":\"Brady Ebert: Former Turnstile guitarist charged with attempted murder of bandmate\u2019s father\",\"datePublished\":\"2026-04-11T03:20:00+00:00\",\"dateModified\":\"2026-04-11T03:20:05+00:00\",\"mainEntityOfPage\":{\"@id\":\"https:\\\/\\\/ubirataonline.com.br\\\/brady-ebert-former-turnstile-guitarist-charged-with-attempted-murder-of-bandmates-father\\\/\"},\"wordCount\":411,\"publisher\":{\"@id\":\"https:\\\/\\\/ubirataonline.com.br\\\/#organization\"},\"image\":{\"@id\":\"https:\\\/\\\/ubirataonline.com.br\\\/brady-ebert-former-turnstile-guitarist-charged-with-attempted-murder-of-bandmates-father\\\/#primaryimage\"},\"thumbnailUrl\":\"https:\\\/\\\/ubirataonline.com.br\\\/wp-content\\\/uploads\\\/2026\\\/04\\\/Brady-Ebert-Former-Turnstile-guitarist-charged-with-attempted-murder-of.jpg\",\"keywords\":[\"attempted\",\"bandmates\",\"Brady\",\"charged\",\"Ebert\",\"father\",\"guitarist\",\"Murder\",\"Turnstile\"],\"articleSection\":[\"Ubirat\u00e3\"],\"inLanguage\":\"en-US\",\"copyrightYear\":\"2026\",\"copyrightHolder\":{\"@id\":\"https:\\\/\\\/ubirataonline.com.br\\\/en\\\/#organization\"}},{\"@type\":\"WebPage\",\"@id\":\"https:\\\/\\\/ubirataonline.com.br\\\/brady-ebert-former-turnstile-guitarist-charged-with-attempted-murder-of-bandmates-father\\\/\",\"url\":\"https:\\\/\\\/ubirataonline.com.br\\\/brady-ebert-former-turnstile-guitarist-charged-with-attempted-murder-of-bandmates-father\\\/\",\"name\":\"Brady Ebert: Former Turnstile guitarist charged with attempted murder of bandmate\u2019s father - Ubirat\u00e3 Online Not\u00edcias - A realidade ao seu alcance!\",\"isPartOf\":{\"@id\":\"https:\\\/\\\/ubirataonline.com.br\\\/#website\"},\"primaryImageOfPage\":{\"@id\":\"https:\\\/\\\/ubirataonline.com.br\\\/brady-ebert-former-turnstile-guitarist-charged-with-attempted-murder-of-bandmates-father\\\/#primaryimage\"},\"image\":{\"@id\":\"https:\\\/\\\/ubirataonline.com.br\\\/brady-ebert-former-turnstile-guitarist-charged-with-attempted-murder-of-bandmates-father\\\/#primaryimage\"},\"thumbnailUrl\":\"https:\\\/\\\/ubirataonline.com.br\\\/wp-content\\\/uploads\\\/2026\\\/04\\\/Brady-Ebert-Former-Turnstile-guitarist-charged-with-attempted-murder-of.jpg\",\"datePublished\":\"2026-04-11T03:20:00+00:00\",\"dateModified\":\"2026-04-11T03:20:05+00:00\",\"description\":\"A former guitarist of the Grammy-winning rock band Turnstile has been charged with attempted second-degree murder and assault after he allegedly struck\",\"breadcrumb\":{\"@id\":\"https:\\\/\\\/ubirataonline.com.br\\\/brady-ebert-former-turnstile-guitarist-charged-with-attempted-murder-of-bandmates-father\\\/#breadcrumb\"},\"inLanguage\":\"en-US\",\"potentialAction\":[{\"@type\":\"ReadAction\",\"target\":[\"https:\\\/\\\/ubirataonline.com.br\\\/brady-ebert-former-turnstile-guitarist-charged-with-attempted-murder-of-bandmates-father\\\/\"]}]},{\"@type\":\"ImageObject\",\"inLanguage\":\"en-US\",\"@id\":\"https:\\\/\\\/ubirataonline.com.br\\\/brady-ebert-former-turnstile-guitarist-charged-with-attempted-murder-of-bandmates-father\\\/#primaryimage\",\"url\":\"https:\\\/\\\/ubirataonline.com.br\\\/wp-content\\\/uploads\\\/2026\\\/04\\\/Brady-Ebert-Former-Turnstile-guitarist-charged-with-attempted-murder-of.jpg\",\"contentUrl\":\"https:\\\/\\\/ubirataonline.com.br\\\/wp-content\\\/uploads\\\/2026\\\/04\\\/Brady-Ebert-Former-Turnstile-guitarist-charged-with-attempted-murder-of.jpg\",\"width\":800,\"height\":450,\"caption\":\"Amy Harris\\\/Invision\\\/AP\"},{\"@type\":\"BreadcrumbList\",\"@id\":\"https:\\\/\\\/ubirataonline.com.br\\\/brady-ebert-former-turnstile-guitarist-charged-with-attempted-murder-of-bandmates-father\\\/#breadcrumb\",\"itemListElement\":[{\"@type\":\"ListItem\",\"position\":1,\"name\":\"In\u00edcio\",\"item\":\"https:\\\/\\\/ubirataonline.com.br\\\/\"},{\"@type\":\"ListItem\",\"position\":2,\"name\":\"Brady Ebert: Former Turnstile guitarist charged with attempted murder of bandmate\u2019s father\"}]},{\"@type\":\"WebSite\",\"@id\":\"https:\\\/\\\/ubirataonline.com.br\\\/#website\",\"url\":\"https:\\\/\\\/ubirataonline.com.br\\\/\",\"name\":\"Ubirat\u00e3 Online Not\u00edcias\",\"description\":\"Not\u00edcias de Ubirat\u00e3, regi\u00e3o, Brasil e mundo, com informa\u00e7\u00e3o atualizada e compromisso com o leitor.\",\"publisher\":{\"@id\":\"https:\\\/\\\/ubirataonline.com.br\\\/#organization\"},\"alternateName\":\"Ubirat\u00e3 Online\",\"potentialAction\":[{\"@type\":\"SearchAction\",\"target\":{\"@type\":\"EntryPoint\",\"urlTemplate\":\"https:\\\/\\\/ubirataonline.com.br\\\/?s={search_term_string}\"},\"query-input\":{\"@type\":\"PropertyValueSpecification\",\"valueRequired\":true,\"valueName\":\"search_term_string\"}}],\"inLanguage\":\"en-US\"},{\"@type\":[\"Organization\",\"Place\"],\"@id\":\"https:\\\/\\\/ubirataonline.com.br\\\/#organization\",\"name\":\"Ubirat\u00e3 Online Not\u00edcias\",\"alternateName\":\"Ubirat\u00e3 Online\",\"url\":\"https:\\\/\\\/ubirataonline.com.br\\\/\",\"logo\":{\"@id\":\"https:\\\/\\\/ubirataonline.com.br\\\/brady-ebert-former-turnstile-guitarist-charged-with-attempted-murder-of-bandmates-father\\\/#local-main-organization-logo\"},\"image\":{\"@id\":\"https:\\\/\\\/ubirataonline.com.br\\\/brady-ebert-former-turnstile-guitarist-charged-with-attempted-murder-of-bandmates-father\\\/#local-main-organization-logo\"},\"sameAs\":[\"https:\\\/\\\/www.facebook.com\\\/portalubirataonline\",\"https:\\\/\\\/x.com\\\/ubirataonline\",\"https:\\\/\\\/mastodon.social\\\/@ubirataonline\",\"https:\\\/\\\/www.facebook.com\\\/groups\\\/311144672285604\",\"https:\\\/\\\/www.facebook.com\\\/UBTAOnline\",\"https:\\\/\\\/www.instagram.com\\\/portalubirataonline\\\/\",\"https:\\\/\\\/twitter.com\\\/ubirataonline\"],\"description\":\"Somos um portal de not\u00edcias independente, criado em 5 de janeiro de 2009, com o objetivo de informar, conectar e valorizar a nossa comunidade de Ubirat\u00e3 e toda aregi\u00e3o. Com conte\u00fado atualizado, confi\u00e1vel e relevante, o Ubirat\u00e3 Online \u00e9 o seu espa\u00e7o para ficar por dentro dos principais acontecimentos locais, regionais, Brasil, Mundo e de interesse geral. Nosso compromisso \u00e9 com a verdade, a transpar\u00eancia e o respeito ao leitor.\",\"legalName\":\"UBIRATA ONLINE NOT\u00cdCIAS\",\"foundingDate\":\"2009-01-05\",\"numberOfEmployees\":{\"@type\":\"QuantitativeValue\",\"minValue\":\"1\",\"maxValue\":\"10\"},\"publishingPrinciples\":\"https:\\\/\\\/ubirataonline.com.br\\\/faq\\\/\",\"address\":{\"@id\":\"https:\\\/\\\/ubirataonline.com.br\\\/brady-ebert-former-turnstile-guitarist-charged-with-attempted-murder-of-bandmates-father\\\/#local-main-place-address\"},\"geo\":{\"@type\":\"GeoCoordinates\",\"latitude\":\"-24.5361401\",\"longitude\":\"-52.9921776\"},\"telephone\":[\"+5544998308235\"],\"contactPoint\":{\"@type\":\"ContactPoint\",\"email\":\"contato@ubirataonline.com.br\"},\"openingHoursSpecification\":{\"@type\":\"OpeningHoursSpecification\",\"dayOfWeek\":[\"Monday\",\"Tuesday\",\"Wednesday\",\"Thursday\",\"Friday\",\"Saturday\",\"Sunday\"],\"opens\":\"00:00\",\"closes\":\"23:59\"},\"email\":\"contato@ubirataonline.com.br\",\"vatID\":\"47.621.418\\\/0001-80\"},{\"@type\":\"Person\",\"@id\":\"https:\\\/\\\/ubirataonline.com.br\\\/#\\\/schema\\\/person\\\/372f87bbd3fdd79b8556b84c98d0bc1c\",\"name\":\"REDA\u00c7\u00c3O: UBIRAT\u00c3 ONLINE - F\u00c1BIO AUGUSTO CELESTINO\",\"pronouns\":\"Ele\",\"description\":\"Desde 2003 trabalhando com not\u00edcias.\",\"sameAs\":[\"http:\\\/\\\/ubirataoline.com.br\",\"https:\\\/\\\/www.facebook.com\\\/portalubirataonline\",\"https:\\\/\\\/www.instagram.com\\\/ubirataonline_oficial\",\"https:\\\/\\\/x.com\\\/x.com\\\/ubirataonline\"],\"honorificPrefix\":\"Mr.\",\"honorificSuffix\":\"MD\",\"birthDate\":\"1980-06-16\",\"gender\":\"masculino\",\"award\":[\"V\u00e1rios pr\u00eamios de melhor portal da cidade\"],\"jobTitle\":\"Diretor\",\"url\":\"https:\\\/\\\/ubirataonline.com.br\\\/en\\\/author\\\/ubirataonline\\\/\"},{\"@type\":\"PostalAddress\",\"@id\":\"https:\\\/\\\/ubirataonline.com.br\\\/brady-ebert-former-turnstile-guitarist-charged-with-attempted-murder-of-bandmates-father\\\/#local-main-place-address\",\"streetAddress\":\"Rua dos Coqueiros, 104 - Bairro Boa Vista, Rua dos Coqueiros, 104 Bairro Boa Vista\",\"addressLocality\":\"UBIRATA\",\"postalCode\":\"85440-000\",\"addressRegion\":\"PR\",\"addressCountry\":\"BR\"},{\"@type\":\"ImageObject\",\"inLanguage\":\"en-US\",\"@id\":\"https:\\\/\\\/ubirataonline.com.br\\\/brady-ebert-former-turnstile-guitarist-charged-with-attempted-murder-of-bandmates-father\\\/#local-main-organization-logo\",\"url\":\"https:\\\/\\\/ubirataonline.com.br\\\/wp-content\\\/uploads\\\/2026\\\/06\\\/logoubirataonline-1.webp\",\"contentUrl\":\"https:\\\/\\\/ubirataonline.com.br\\\/wp-content\\\/uploads\\\/2026\\\/06\\\/logoubirataonline-1.webp\",\"width\":500,\"height\":500,\"caption\":\"Ubirat\u00e3 Online Not\u00edcias\"}]}<\/script>\n<meta name=\"geo.placename\" content=\"UBIRATA\" \/>\n<meta name=\"geo.position\" content=\"-24.5361401;-52.9921776\" \/>\n<meta name=\"geo.region\" content=\"Brazil\" \/>\n<!-- \/ Yoast SEO Premium plugin. -->","yoast_head_json":{"title":"Brady Ebert: Former Turnstile guitarist charged with attempted murder of bandmate\u2019s father - Ubirat\u00e3 Online Not\u00edcias - A realidade ao seu alcance!","description":"A former guitarist of the Grammy-winning rock band Turnstile has been charged with attempted second-degree murder and assault after he allegedly struck","robots":{"index":"index","follow":"follow","max-snippet":"max-snippet:-1","max-image-preview":"max-image-preview:large","max-video-preview":"max-video-preview:-1"},"canonical":"https:\/\/ubirataonline.com.br\/en\/brady-ebert-former-turnstile-guitarist-charged-with-attempted-murder-of-bandmates-father\/","og_locale":"en_US","og_type":"article","og_title":"Brady Ebert: Former Turnstile guitarist charged with attempted murder of bandmate\u2019s father","og_description":"A former guitarist of the Grammy-winning rock band Turnstile has been charged with attempted second-degree murder and assault after he allegedly struck","og_url":"https:\/\/ubirataonline.com.br\/en\/brady-ebert-former-turnstile-guitarist-charged-with-attempted-murder-of-bandmates-father\/","og_site_name":"Ubirat\u00e3 Online Not\u00edcias - A realidade ao seu alcance!","article_publisher":"https:\/\/www.facebook.com\/portalubirataonline","article_author":"https:\/\/www.facebook.com\/portalubirataonline","article_published_time":"2026-04-11T03:20:00+00:00","article_modified_time":"2026-04-11T03:20:05+00:00","og_image":[{"width":800,"height":450,"url":"https:\/\/ubirataonline.com.br\/wp-content\/uploads\/2026\/04\/Brady-Ebert-Former-Turnstile-guitarist-charged-with-attempted-murder-of.jpg","type":"image\/jpeg"}],"author":"REDA\u00c7\u00c3O: UBIRAT\u00c3 ONLINE - F\u00c1BIO AUGUSTO CELESTINO","twitter_card":"summary_large_image","twitter_creator":"@x.com\/ubirataonline","twitter_site":"@ubirataonline","twitter_misc":{"Written by":"REDA\u00c7\u00c3O: UBIRAT\u00c3 ONLINE - F\u00c1BIO AUGUSTO CELESTINO","Est. reading time":"2 minutes"},"schema":{"@context":"https:\/\/schema.org","@graph":[{"@type":"NewsArticle","@id":"https:\/\/ubirataonline.com.br\/brady-ebert-former-turnstile-guitarist-charged-with-attempted-murder-of-bandmates-father\/#article","isPartOf":{"@id":"https:\/\/ubirataonline.com.br\/brady-ebert-former-turnstile-guitarist-charged-with-attempted-murder-of-bandmates-father\/"},"author":{"name":"REDA\u00c7\u00c3O: UBIRAT\u00c3 ONLINE - F\u00c1BIO AUGUSTO CELESTINO","@id":"https:\/\/ubirataonline.com.br\/#\/schema\/person\/372f87bbd3fdd79b8556b84c98d0bc1c"},"headline":"Brady Ebert: Former Turnstile guitarist charged with attempted murder of bandmate\u2019s father","datePublished":"2026-04-11T03:20:00+00:00","dateModified":"2026-04-11T03:20:05+00:00","mainEntityOfPage":{"@id":"https:\/\/ubirataonline.com.br\/brady-ebert-former-turnstile-guitarist-charged-with-attempted-murder-of-bandmates-father\/"},"wordCount":411,"publisher":{"@id":"https:\/\/ubirataonline.com.br\/#organization"},"image":{"@id":"https:\/\/ubirataonline.com.br\/brady-ebert-former-turnstile-guitarist-charged-with-attempted-murder-of-bandmates-father\/#primaryimage"},"thumbnailUrl":"https:\/\/ubirataonline.com.br\/wp-content\/uploads\/2026\/04\/Brady-Ebert-Former-Turnstile-guitarist-charged-with-attempted-murder-of.jpg","keywords":["attempted","bandmates","Brady","charged","Ebert","father","guitarist","Murder","Turnstile"],"articleSection":["Ubirat\u00e3"],"inLanguage":"en-US","copyrightYear":"2026","copyrightHolder":{"@id":"https:\/\/ubirataonline.com.br\/en\/#organization"}},{"@type":"WebPage","@id":"https:\/\/ubirataonline.com.br\/brady-ebert-former-turnstile-guitarist-charged-with-attempted-murder-of-bandmates-father\/","url":"https:\/\/ubirataonline.com.br\/brady-ebert-former-turnstile-guitarist-charged-with-attempted-murder-of-bandmates-father\/","name":"Brady Ebert: Former Turnstile guitarist charged with attempted murder of bandmate\u2019s father - Ubirat\u00e3 Online Not\u00edcias - A realidade ao seu alcance!","isPartOf":{"@id":"https:\/\/ubirataonline.com.br\/#website"},"primaryImageOfPage":{"@id":"https:\/\/ubirataonline.com.br\/brady-ebert-former-turnstile-guitarist-charged-with-attempted-murder-of-bandmates-father\/#primaryimage"},"image":{"@id":"https:\/\/ubirataonline.com.br\/brady-ebert-former-turnstile-guitarist-charged-with-attempted-murder-of-bandmates-father\/#primaryimage"},"thumbnailUrl":"https:\/\/ubirataonline.com.br\/wp-content\/uploads\/2026\/04\/Brady-Ebert-Former-Turnstile-guitarist-charged-with-attempted-murder-of.jpg","datePublished":"2026-04-11T03:20:00+00:00","dateModified":"2026-04-11T03:20:05+00:00","description":"A former guitarist of the Grammy-winning rock band Turnstile has been charged with attempted second-degree murder and assault after he allegedly struck","breadcrumb":{"@id":"https:\/\/ubirataonline.com.br\/brady-ebert-former-turnstile-guitarist-charged-with-attempted-murder-of-bandmates-father\/#breadcrumb"},"inLanguage":"en-US","potentialAction":[{"@type":"ReadAction","target":["https:\/\/ubirataonline.com.br\/brady-ebert-former-turnstile-guitarist-charged-with-attempted-murder-of-bandmates-father\/"]}]},{"@type":"ImageObject","inLanguage":"en-US","@id":"https:\/\/ubirataonline.com.br\/brady-ebert-former-turnstile-guitarist-charged-with-attempted-murder-of-bandmates-father\/#primaryimage","url":"https:\/\/ubirataonline.com.br\/wp-content\/uploads\/2026\/04\/Brady-Ebert-Former-Turnstile-guitarist-charged-with-attempted-murder-of.jpg","contentUrl":"https:\/\/ubirataonline.com.br\/wp-content\/uploads\/2026\/04\/Brady-Ebert-Former-Turnstile-guitarist-charged-with-attempted-murder-of.jpg","width":800,"height":450,"caption":"Amy Harris\/Invision\/AP"},{"@type":"BreadcrumbList","@id":"https:\/\/ubirataonline.com.br\/brady-ebert-former-turnstile-guitarist-charged-with-attempted-murder-of-bandmates-father\/#breadcrumb","itemListElement":[{"@type":"ListItem","position":1,"name":"In\u00edcio","item":"https:\/\/ubirataonline.com.br\/"},{"@type":"ListItem","position":2,"name":"Brady Ebert: Former Turnstile guitarist charged with attempted murder of bandmate\u2019s father"}]},{"@type":"WebSite","@id":"https:\/\/ubirataonline.com.br\/#website","url":"https:\/\/ubirataonline.com.br\/","name":"Ubirat\u00e3 Online Not\u00edcias","description":"Not\u00edcias de Ubirat\u00e3, regi\u00e3o, Brasil e mundo, com informa\u00e7\u00e3o atualizada e compromisso com o leitor.","publisher":{"@id":"https:\/\/ubirataonline.com.br\/#organization"},"alternateName":"Ubirat\u00e3 Online","potentialAction":[{"@type":"SearchAction","target":{"@type":"EntryPoint","urlTemplate":"https:\/\/ubirataonline.com.br\/?s={search_term_string}"},"query-input":{"@type":"PropertyValueSpecification","valueRequired":true,"valueName":"search_term_string"}}],"inLanguage":"en-US"},{"@type":["Organization","Place"],"@id":"https:\/\/ubirataonline.com.br\/#organization","name":"Ubirat\u00e3 Online Not\u00edcias","alternateName":"Ubirat\u00e3 Online","url":"https:\/\/ubirataonline.com.br\/","logo":{"@id":"https:\/\/ubirataonline.com.br\/brady-ebert-former-turnstile-guitarist-charged-with-attempted-murder-of-bandmates-father\/#local-main-organization-logo"},"image":{"@id":"https:\/\/ubirataonline.com.br\/brady-ebert-former-turnstile-guitarist-charged-with-attempted-murder-of-bandmates-father\/#local-main-organization-logo"},"sameAs":["https:\/\/www.facebook.com\/portalubirataonline","https:\/\/x.com\/ubirataonline","https:\/\/mastodon.social\/@ubirataonline","https:\/\/www.facebook.com\/groups\/311144672285604","https:\/\/www.facebook.com\/UBTAOnline","https:\/\/www.instagram.com\/portalubirataonline\/","https:\/\/twitter.com\/ubirataonline"],"description":"Somos um portal de not\u00edcias independente, criado em 5 de janeiro de 2009, com o objetivo de informar, conectar e valorizar a nossa comunidade de Ubirat\u00e3 e toda aregi\u00e3o. Com conte\u00fado atualizado, confi\u00e1vel e relevante, o Ubirat\u00e3 Online \u00e9 o seu espa\u00e7o para ficar por dentro dos principais acontecimentos locais, regionais, Brasil, Mundo e de interesse geral. Nosso compromisso \u00e9 com a verdade, a transpar\u00eancia e o respeito ao leitor.","legalName":"UBIRATA ONLINE NOT\u00cdCIAS","foundingDate":"2009-01-05","numberOfEmployees":{"@type":"QuantitativeValue","minValue":"1","maxValue":"10"},"publishingPrinciples":"https:\/\/ubirataonline.com.br\/faq\/","address":{"@id":"https:\/\/ubirataonline.com.br\/brady-ebert-former-turnstile-guitarist-charged-with-attempted-murder-of-bandmates-father\/#local-main-place-address"},"geo":{"@type":"GeoCoordinates","latitude":"-24.5361401","longitude":"-52.9921776"},"telephone":["+5544998308235"],"contactPoint":{"@type":"ContactPoint","email":"contato@ubirataonline.com.br"},"openingHoursSpecification":{"@type":"OpeningHoursSpecification","dayOfWeek":["Monday","Tuesday","Wednesday","Thursday","Friday","Saturday","Sunday"],"opens":"00:00","closes":"23:59"},"email":"contato@ubirataonline.com.br","vatID":"47.621.418\/0001-80"},{"@type":"Person","@id":"https:\/\/ubirataonline.com.br\/#\/schema\/person\/372f87bbd3fdd79b8556b84c98d0bc1c","name":"REDA\u00c7\u00c3O: UBIRAT\u00c3 ONLINE - F\u00c1BIO AUGUSTO CELESTINO","pronouns":"Ele","description":"Desde 2003 trabalhando com not\u00edcias.","sameAs":["http:\/\/ubirataoline.com.br","https:\/\/www.facebook.com\/portalubirataonline","https:\/\/www.instagram.com\/ubirataonline_oficial","https:\/\/x.com\/x.com\/ubirataonline"],"honorificPrefix":"Mr.","honorificSuffix":"MD","birthDate":"1980-06-16","gender":"masculino","award":["V\u00e1rios pr\u00eamios de melhor portal da cidade"],"jobTitle":"Diretor","url":"https:\/\/ubirataonline.com.br\/en\/author\/ubirataonline\/"},{"@type":"PostalAddress","@id":"https:\/\/ubirataonline.com.br\/brady-ebert-former-turnstile-guitarist-charged-with-attempted-murder-of-bandmates-father\/#local-main-place-address","streetAddress":"Rua dos Coqueiros, 104 - Bairro Boa Vista, Rua dos Coqueiros, 104 Bairro Boa Vista","addressLocality":"UBIRATA","postalCode":"85440-000","addressRegion":"PR","addressCountry":"BR"},{"@type":"ImageObject","inLanguage":"en-US","@id":"https:\/\/ubirataonline.com.br\/brady-ebert-former-turnstile-guitarist-charged-with-attempted-murder-of-bandmates-father\/#local-main-organization-logo","url":"https:\/\/ubirataonline.com.br\/wp-content\/uploads\/2026\/06\/logoubirataonline-1.webp","contentUrl":"https:\/\/ubirataonline.com.br\/wp-content\/uploads\/2026\/06\/logoubirataonline-1.webp","width":500,"height":500,"caption":"Ubirat\u00e3 Online Not\u00edcias"}]},"geo.placename":"UBIRATA","geo.position":{"lat":"-24.5361401","long":"-52.9921776"},"geo.region":"Brazil"},"_links":{"self":[{"href":"https:\/\/ubirataonline.com.br\/en\/wp-json\/wp\/v2\/posts\/103696","targetHints":{"allow":["GET"]}}],"collection":[{"href":"https:\/\/ubirataonline.com.br\/en\/wp-json\/wp\/v2\/posts"}],"about":[{"href":"https:\/\/ubirataonline.com.br\/en\/wp-json\/wp\/v2\/types\/post"}],"author":[{"embeddable":true,"href":"https:\/\/ubirataonline.com.br\/en\/wp-json\/wp\/v2\/users\/1"}],"replies":[{"embeddable":true,"href":"https:\/\/ubirataonline.com.br\/en\/wp-json\/wp\/v2\/comments?post=103696"}],"version-history":[{"count":0,"href":"https:\/\/ubirataonline.com.br\/en\/wp-json\/wp\/v2\/posts\/103696\/revisions"}],"wp:featuredmedia":[{"embeddable":true,"href":"https:\/\/ubirataonline.com.br\/en\/wp-json\/wp\/v2\/media\/103697"}],"wp:attachment":[{"href":"https:\/\/ubirataonline.com.br\/en\/wp-json\/wp\/v2\/media?parent=103696"}],"wp:term":[{"taxonomy":"category","embeddable":true,"href":"https:\/\/ubirataonline.com.br\/en\/wp-json\/wp\/v2\/categories?post=103696"},{"taxonomy":"post_tag","embeddable":true,"href":"https:\/\/ubirataonline.com.br\/en\/wp-json\/wp\/v2\/tags?post=103696"}],"curies":[{"name":"wp","href":"https:\/\/api.w.org\/{rel}","templated":true}]}}