{"id":103828,"date":"2026-04-11T03:42:00","date_gmt":"2026-04-11T06:42:00","guid":{"rendered":"https:\/\/ubirataonline.com.br\/coachella-2026-fechas-y-horario-de-los-conciertos-y-lista-completa-de-artistas\/"},"modified":"2026-04-11T03:42:00","modified_gmt":"2026-04-11T06:42:00","slug":"coachella-2026-fechas-y-horario-de-los-conciertos-y-lista-completa-de-artistas","status":"publish","type":"post","link":"https:\/\/ubirataonline.com.br\/en\/coachella-2026-fechas-y-horario-de-los-conciertos-y-lista-completa-de-artistas\/","title":{"rendered":"Coachella 2026: fechas y horario de los conciertos y lista completa de artistas"},"content":{"rendered":"<p><\/p>\n<div data-editable=\"content\" itemprop=\"articleBody\" data-reorderable=\"content\">\n<p>\n<cite class=\"source__cite vossi-source__cite\"><br \/>\n      <span class=\"source__location vossi-source__location\" data-editable=\"location\"><wbr\/><\/span><span class=\"source__text\" data-editable=\"source\">CNN Espa\u00f1ol<\/span><wbr\/><span class=\"source__separator\">\u00a0\u2014\u00a0<\/span><br \/>\n    <\/cite><\/p>\n<p class=\"paragraph inline-placeholder vossi-paragraph\" data-uri=\"es.cms.cnn.com\/_components\/paragraph\/instances\/cmnrmsp73004226p44voj7agj@published\" data-editable=\"text\" data-component-name=\"paragraph\" data-article-gutter=\"true\">\n            La edici\u00f3n 2026 del festival de m\u00fasica de Coachella, en California, marca un hito para los artistas latinoamericanos pues la colombiana Karol G se convirti\u00f3 en la primera mujer latina en encabezar el cartel de este festival.\n    <\/p>\n<p class=\"paragraph inline-placeholder vossi-paragraph\" data-uri=\"es.cms.cnn.com\/_components\/paragraph\/instances\/cmnrn1a15000n356qhmueap2i@published\" data-editable=\"text\" data-component-name=\"paragraph\" data-article-gutter=\"true\">\n            El Festival de M\u00fasica y Artes de Coachella se llevar\u00e1 a cabo en dos fines de semana consecutivos: del 10 al 12 de abril y del 17 al 19 de abril de 2026. Sabrina Carpenter lidera el cartel este viernes 10, Justin Bieber es el artista principal este s\u00e1bado 11 y Karol G es la estrella destacada de los conciertos de este domingo 12.\n    <\/p>\n<p class=\"paragraph inline-placeholder vossi-paragraph\" data-uri=\"es.cms.cnn.com\/_components\/paragraph\/instances\/cmnrqx5n9003s356q2e9dedgy@published\" data-editable=\"text\" data-component-name=\"paragraph\" data-article-gutter=\"true\">\n            Adem\u00e1s de las estrellas que encabezan el cartel, artistas de la talla de The XX, The Strokes, Addison Rae, Young Thug, David Byrne, Jack White, Katseye y Bigbang se presentar\u00e1n.\n    <\/p>\n<p class=\"paragraph inline-placeholder vossi-paragraph\" data-uri=\"es.cms.cnn.com\/_components\/paragraph\/instances\/cmnrn1jrs000p356qcq2p98cx@published\" data-editable=\"text\" data-component-name=\"paragraph\" data-article-gutter=\"true\">\n            Coachella tiene lugar en el Empire Polo Club, en Indio, California, en lo que se conoce como el valle de Coachella. Los conciertos se realizan en un amplio campo con siete escenarios diferentes para acomodar tanto a artistas de fama mundial como a m\u00fasicos independientes o vanguardistas.\n    <\/p>\n<p class=\"paragraph inline-placeholder vossi-paragraph\" data-uri=\"es.cms.cnn.com\/_components\/paragraph\/instances\/cmnrrv0r8003w356q2jva4emx@published\" data-editable=\"text\" data-component-name=\"paragraph\" data-article-gutter=\"true\">\n            En 2026, Coachella transmitir\u00e1 actuaciones desde siete escenarios simult\u00e1neamente (en comparaci\u00f3n seis el a\u00f1o pasado) a trav\u00e9s de su <a href=\"https:\/\/www.youtube.com\/Coachella\" target=\"_blank\">canal de YouTube<\/a>, incluidos el Coachella Stage, Outdoor Theatre, Sahara, Quasar (vertical y horizontal), Mojave, Gobi y Yuma.\n    <\/p>\n<p class=\"paragraph inline-placeholder vossi-paragraph\" data-uri=\"es.cms.cnn.com\/_components\/paragraph\/instances\/cmnrrx3ws0040356qur6zsqf5@published\" data-editable=\"text\" data-component-name=\"paragraph\" data-article-gutter=\"true\">\n            Tres escenarios \u2014Coachella, Outdoor Theatre y Sahara\u2014 se transmitir\u00e1n en 4K por primera vez. La transmisi\u00f3n en vivo comienza a las 4 p.m. (hora de Miami) el 10 de abril.\n    <\/p>\n<p class=\"paragraph inline-placeholder vossi-paragraph\" data-uri=\"es.cms.cnn.com\/_components\/paragraph\/instances\/cmnrrybfl0042356qenbgyr05@published\" data-editable=\"text\" data-component-name=\"paragraph\" data-article-gutter=\"true\">\n            Adem\u00e1s de las actuaciones en vivo, los espectadores de Coachella pueden sintonizar <a href=\"https:\/\/www.youtube.com\/watch?v=EkIfxAHlgJA\" target=\"_blank\">Coachella TV<\/a>, una transmisi\u00f3n continua que emite \u201cactuaciones cl\u00e1sicas, documentales, entrevistas y material detr\u00e1s de c\u00e1maras de los 25 a\u00f1os de historia del festival\u201d, y despu\u00e9s se presentar\u00e1n los momentos destacados de 2026.\n    <\/p>\n<p class=\"paragraph inline-placeholder vossi-paragraph\" data-uri=\"es.cms.cnn.com\/_components\/paragraph\/instances\/cmnrn3iak000y356qtjw98oos@published\" data-editable=\"text\" data-component-name=\"paragraph\" data-article-gutter=\"true\">\n            A continuaci\u00f3n se indican los nombres de los artistas y los horarios en los que se presentar\u00e1n en Coachella 2026. Todas las horas est\u00e1n indicadas en el tiempo horario del este de Estados Unidos. De \u00faltimo, se identifica el escenario en el que el artista brindar\u00e1 su concierto.\n    <\/p>\n<div data-uri=\"es.cms.cnn.com\/_components\/list\/instances\/cmnrnm8lh0012356qxh8zssbu@published\" class=\"list vossi-list\" data-article-gutter=\"true\">\n<ul data-editable=\"items\" class=\"list__items list__items--ul vossi-list__items vossi-list__items--ul\">\n<li data-editable=\"items.0.text\" class=\"list__item vossi-list__item inline-placeholder\">\n<p>            <strong>Anyma:<\/strong> 3:00 p.m., Coachella Stage<\/p>\n<\/li>\n<li data-editable=\"items.1.text\" class=\"list__item vossi-list__item inline-placeholder\">\n<p>            <strong>Sabrina Carpenter:<\/strong> 12:05 a.m. (del s\u00e1bado), Coachella Stage<\/p>\n<\/li>\n<li data-editable=\"items.2.text\" class=\"list__item vossi-list__item inline-placeholder\">\n<p>            <strong>The xx: <\/strong>10:00 p.m., Coachella Stage<\/p>\n<\/li>\n<li data-editable=\"items.3.text\" class=\"list__item vossi-list__item inline-placeholder\">\n<p>            <strong>Teddy Swims:<\/strong> 8:30 p.m., Coachella Stage<\/p>\n<\/li>\n<li data-editable=\"items.4.text\" class=\"list__item vossi-list__item inline-placeholder\">\n<p>            <strong>Record Safari:<\/strong> 7:15 p.m., Coachella Stage<\/p>\n<\/li>\n<li data-editable=\"items.5.text\" class=\"list__item vossi-list__item inline-placeholder\">\n<p>            <strong>Disclosure:<\/strong> 1:35 a.m. (del s\u00e1bado 11), Outdoor Theatre<\/p>\n<\/li>\n<li data-editable=\"items.6.text\" class=\"list__item vossi-list__item inline-placeholder\">\n<p>            <strong>Turnstile:<\/strong> 11:05 p.m., Outdoor Theatre<\/p>\n<\/li>\n<li data-editable=\"items.7.text\" class=\"list__item vossi-list__item inline-placeholder\">\n<p>            <strong>Dijon:<\/strong> 9:40 p.m., Outdoor Theatre<\/p>\n<\/li>\n<li data-editable=\"items.8.text\" class=\"list__item vossi-list__item inline-placeholder\">\n<p>            <strong>Lykke Li:<\/strong> 8:20 p.m., Outdoor Theatre<\/p>\n<\/li>\n<li data-editable=\"items.9.text\" class=\"list__item vossi-list__item inline-placeholder\">\n<p>            <strong>Dabeull:<\/strong> 7:00 p.m., Outdoor Theatre<\/p>\n<\/li>\n<li data-editable=\"items.10.text\" class=\"list__item vossi-list__item inline-placeholder\">\n<p>            <strong>Tiffany Tyson:<\/strong> 5:20 p.m., Outdoor Theatre<\/p>\n<\/li>\n<li data-editable=\"items.11.text\" class=\"list__item vossi-list__item inline-placeholder\">\n<p>            <strong>Not for Radio:<\/strong> 2:50 p.m., Sonora<\/p>\n<\/li>\n<li data-editable=\"items.12.text\" class=\"list__item vossi-list__item inline-placeholder\">\n<p>            <strong>Hot Mulligan:<\/strong> 1:00 p.m., Sonora<\/p>\n<\/li>\n<li data-editable=\"items.13.text\" class=\"list__item vossi-list__item inline-placeholder\">\n<p>            <strong>Cachirula &amp; Loojan:<\/strong> 11:25 p.m., Sonora<\/p>\n<\/li>\n<li data-editable=\"items.14.text\" class=\"list__item vossi-list__item inline-placeholder\">\n<p>            <strong>Ninajirachi:<\/strong> 10:10 p.m., Sonora<\/p>\n<\/li>\n<li data-editable=\"items.15.text\" class=\"list__item vossi-list__item inline-placeholder\">\n<p>            <strong>The Two Lips:<\/strong> 9:00 p.m., Sonora<\/p>\n<\/li>\n<li data-editable=\"items.16.text\" class=\"list__item vossi-list__item inline-placeholder\">\n<p>            <strong>Fleshwater:<\/strong> 7:50 p.m., Sonora<\/p>\n<\/li>\n<li data-editable=\"items.17.text\" class=\"list__item vossi-list__item inline-placeholder\">\n<p>            <strong>Wednesday:<\/strong> 6:40 p.m., Sonora<\/p>\n<\/li>\n<li data-editable=\"items.18.text\" class=\"list__item vossi-list__item inline-placeholder\">\n<p>            <strong>Carolina Durante:<\/strong> 5:35 p.m., Sonora<\/p>\n<\/li>\n<li data-editable=\"items.19.text\" class=\"list__item vossi-list__item inline-placeholder\">\n<p>            <strong>Febuary:<\/strong> 4:40 p.m., Sonora<\/p>\n<\/li>\n<li data-editable=\"items.20.text\" class=\"list__item vossi-list__item inline-placeholder\">\n<p>            <strong>Doom Dave:<\/strong> 4:00 p.m., Sonora<\/p>\n<\/li>\n<li data-editable=\"items.21.text\" class=\"list__item vossi-list__item inline-placeholder\">\n<p>            <strong>Creepy Nuts:<\/strong> 2:05 p.m., Gobi<\/p>\n<\/li>\n<li data-editable=\"items.22.text\" class=\"list__item vossi-list__item inline-placeholder\">\n<p>            <strong>Joost:<\/strong> 12:50 a.m. (del s\u00e1bado), Gobi<\/p>\n<\/li>\n<li data-editable=\"items.23.text\" class=\"list__item vossi-list__item inline-placeholder\">\n<p>            <strong>Holly Humberstone:<\/strong> 11:25 p.m., Gobi<\/p>\n<\/li>\n<li data-editable=\"items.24.text\" class=\"list__item vossi-list__item inline-placeholder\">\n<p>            <strong>Fakemink:<\/strong> 10:20 p.m., Gobi<\/p>\n<\/li>\n<li data-editable=\"items.25.text\" class=\"list__item vossi-list__item inline-placeholder\">\n<p>            <strong>Cmat:<\/strong> 9:15 p.m., Gobi<\/p>\n<\/li>\n<li data-editable=\"items.26.text\" class=\"list__item vossi-list__item inline-placeholder\">\n<p>            <strong>Joyce Manor:<\/strong> 8:10 p.m., Gobi<\/p>\n<\/li>\n<li data-editable=\"items.27.text\" class=\"list__item vossi-list__item inline-placeholder\">\n<p>            <strong>Newdad:<\/strong> 7:00 p.m., Gobi<\/p>\n<\/li>\n<li data-editable=\"items.28.text\" class=\"list__item vossi-list__item inline-placeholder\">\n<p>            <strong>Bob Baker Marionettes:<\/strong> 5:55 p.m., Gobi<\/p>\n<\/li>\n<li data-editable=\"items.29.text\" class=\"list__item vossi-list__item inline-placeholder\">\n<p>            <strong>Cahuilla Bird Singers and Dancers:<\/strong> 3:15, Gobi<\/p>\n<\/li>\n<li data-editable=\"items.30.text\" class=\"list__item vossi-list__item inline-placeholder\">\n<p>            <strong>Blood Orange:<\/strong> 2:55 p.m., Mojave<\/p>\n<\/li>\n<li data-editable=\"items.31.text\" class=\"list__item vossi-list__item inline-placeholder\">\n<p>            <strong>Ethel Cain:<\/strong> 1:35 p.m., Mojave<\/p>\n<\/li>\n<li data-editable=\"items.32.text\" class=\"list__item vossi-list__item inline-placeholder\">\n<p>            <strong>Moby:<\/strong> 11:10 p.m., Mojave<\/p>\n<\/li>\n<li data-editable=\"items.33.text\" class=\"list__item vossi-list__item inline-placeholder\">\n<p>            <strong>Devo:<\/strong> 9:45 p.m., Mojave<\/p>\n<\/li>\n<li data-editable=\"items.34.text\" class=\"list__item vossi-list__item inline-placeholder\">\n<p>            <strong>Central Cee:<\/strong> 8:30 p.m., Mojave<\/p>\n<\/li>\n<li data-editable=\"items.35.text\" class=\"list__item vossi-list__item inline-placeholder\">\n<p>            <strong>Bini<\/strong>: 7:15 p.m., Mojave<\/p>\n<\/li>\n<li data-editable=\"items.36.text\" class=\"list__item vossi-list__item inline-placeholder\">\n<p>            <strong>Slayyyter:<\/strong> 6:00 p.m., Mojave<\/p>\n<\/li>\n<li data-editable=\"items.37.text\" class=\"list__item vossi-list__item inline-placeholder\">\n<p>            <strong>Novasoul:<\/strong> 5:00 p.m., Mojave<\/p>\n<\/li>\n<li data-editable=\"items.38.text\" class=\"list__item vossi-list__item inline-placeholder\">\n<p>            <strong>Sexyy Red:<\/strong> 3:05 p.m., Sahara<\/p>\n<\/li>\n<li data-editable=\"items.39.text\" class=\"list__item vossi-list__item inline-placeholder\">\n<p>            <strong>Swae Lee:<\/strong> 1:50 p.m., Sahara<\/p>\n<\/li>\n<li data-editable=\"items.40.text\" class=\"list__item vossi-list__item inline-placeholder\">\n<p>            <strong>Levity:<\/strong> 12:15 p.m., Sahara<\/p>\n<\/li>\n<li data-editable=\"items.41.text\" class=\"list__item vossi-list__item inline-placeholder\">\n<p>            <strong>Katseye:<\/strong> 11:00 p.m., Sahara<\/p>\n<\/li>\n<li data-editable=\"items.42.text\" class=\"list__item vossi-list__item inline-placeholder\">\n<p>            <strong>Marlon Hoffstadt:<\/strong> 9:15 p.m., Sahara<\/p>\n<\/li>\n<li data-editable=\"items.43.text\" class=\"list__item vossi-list__item inline-placeholder\">\n<p>            <strong>Hugel:<\/strong> 7:50 p.m., Sahara<\/p>\n<\/li>\n<li data-editable=\"items.44.text\" class=\"list__item vossi-list__item inline-placeholder\">\n<p>            <strong>Youna:<\/strong> 6:45 p.m., Sahara<\/p>\n<\/li>\n<li data-editable=\"items.45.text\" class=\"list__item vossi-list__item inline-placeholder\">\n<p>            <strong>Massio:<\/strong> 5:30 p.m., Sahara<\/p>\n<\/li>\n<li data-editable=\"items.46.text\" class=\"list__item vossi-list__item inline-placeholder\">\n<p>            <strong>Gordo:<\/strong> 2:15 p.m., Yuma<\/p>\n<\/li>\n<li data-editable=\"items.47.text\" class=\"list__item vossi-list__item inline-placeholder\">\n<p>            <strong>Max Styler:<\/strong> 12:45 p.m., Yuma<\/p>\n<\/li>\n<li data-editable=\"items.48.text\" class=\"list__item vossi-list__item inline-placeholder\">\n<p>            <strong>Max Dean x Luke Dean:<\/strong> 11:30 p.m., Yuma<\/p>\n<\/li>\n<li data-editable=\"items.49.text\" class=\"list__item vossi-list__item inline-placeholder\">\n<p>            <strong>Prospa:<\/strong> 10:15 p.m., Yuma<\/p>\n<\/li>\n<li data-editable=\"items.50.text\" class=\"list__item vossi-list__item inline-placeholder\">\n<p>            <strong>Kettama:<\/strong> 9:00 p.m., Yuma<\/p>\n<\/li>\n<li data-editable=\"items.51.text\" class=\"list__item vossi-list__item inline-placeholder\">\n<p>            <strong>Rossi. x Chlo\u00e9 Caillet:<\/strong> 7:45 p.m., Yuma<\/p>\n<\/li>\n<li data-editable=\"items.52.text\" class=\"list__item vossi-list__item inline-placeholder\">\n<p>            <strong>Groove Armada:<\/strong> 6:45 p.m., Yuma<\/p>\n<\/li>\n<li data-editable=\"items.53.text\" class=\"list__item vossi-list__item inline-placeholder\">\n<p>            <strong>Arodes:<\/strong> 5:45 p.m., Yuma<\/p>\n<\/li>\n<li data-editable=\"items.54.text\" class=\"list__item vossi-list__item inline-placeholder\">\n<p>            <strong>Jessica Brankka:<\/strong> 4:45 p.m., Yuma<\/p>\n<\/li>\n<li data-editable=\"items.55.text\" class=\"list__item vossi-list__item inline-placeholder\">\n<p>            <strong>Sahar Z:<\/strong> 4:00 p.m., Yuma<\/p>\n<\/li>\n<li data-editable=\"items.56.text\" class=\"list__item vossi-list__item inline-placeholder\">\n<p>            <strong>Pawsa:<\/strong> 12:00 a.m. (del s\u00e1bado), Quasar<\/p>\n<\/li>\n<li data-editable=\"items.57.text\" class=\"list__item vossi-list__item inline-placeholder\">\n<p>            <strong>Deep Dish:<\/strong> 10:00 p.m., Quasar<\/p>\n<\/li>\n<li data-editable=\"items.58.text\" class=\"list__item vossi-list__item inline-placeholder\">\n<p>            <strong>Tiga:<\/strong> 8:00 p.m., Quasar<\/p>\n<\/li>\n<\/ul>\n<\/div>\n<div data-uri=\"es.cms.cnn.com\/_components\/video-resource\/instances\/cmnrvonny004e356q7wc1zv8z@published\" data-component-name=\"video-resource\" data-editable=\"settings\" class=\"video-resource\" data-fixed-ratio=\"16x9\" data-canonical-url-path=\"\/video\/talento-latino-en-coachella-showbiz\" data-auth-type=\"\" data-card-url=\"\" data-parent-uri=\"es.cms.cnn.com\/_components\/video-resource\/instances\/cnne_video_1553397@published\" data-video-id=\"spanish\/2024\/01\/19\/talento-latino-en-coachella-showbiz.cnn\" data-media-id=\"me443c525d8cb4ec71ad903b96796832f3ab0cd685\" data-bolt-id=\"5e76d95e-e1e1-5be1-9048-c68a0cad3b5e\" data-live=\"\" data-analytics-aggregate-events=\"true\" data-custom-experience=\"\" data-asset-type=\"hlsTs\" data-content-type=\"mediasource-clip\" data-medium-env=\"prod\" data-autostart=\"scroll\" data-show-ads=\"true\" data-source=\"CNN\" data-featured-video=\"true\" data-headline=\"\u00bfQui\u00e9nes son los latinos que han triunfado en el festival Coachella?\" data-has-video-player=\"true\" data-description=\"Recientemente se dio a conocer a los artistas latinos, como Peso Pluma y J Balvin, que se presentar\u00e1n en la edici\u00f3n 2024 de&lt;a href=&quot;https:\/\/cnnespanol.cnn.com\/2024\/01\/17\/cartel-coachella-2024-no-doubt-trax\/&quot;&gt; Coachella&lt;\/a&gt;. Hacemos un repaso de algunos latinos que tambi\u00e9n han tenido participaci\u00f3n en otras ediciones del evento.\" data-duration=\"01:38\" data-source-html=\"&lt;span class=&quot;video-resource__source&quot;&gt; \u2022 Fuente:&#10;                &#10;                    &lt;a target=&quot;_self&quot; href=&quot;https:\/\/www.cnn.com\/&quot; class=&quot;video-resource__source-url&quot;&gt;CNN&lt;\/a&gt;&#10;        &lt;\/span&gt;\" data-fave-thumbnails=\"{&quot;big&quot;: { &quot;uri&quot;: &quot;https:\/\/media.cnn.com\/api\/v1\/images\/stellar\/prod\/cnne-1553398-los-artistas-latinos-que-han-triunfado-en-el-festival-coachella.jpg?c=16x9&amp;q=h_540,w_960,c_fill&quot; }, &quot;small&quot;: { &quot;uri&quot;: &quot;https:\/\/media.cnn.com\/api\/v1\/images\/stellar\/prod\/cnne-1553398-los-artistas-latinos-que-han-triunfado-en-el-festival-coachella.jpg?c=16x9&amp;q=h_540,w_960,c_fill&quot; }  }\" data-vr-video=\"false\" data-show-html=\"&lt;a data-uri=&quot;es.cms.cnn.com\/_components\/show\/instances\/showbiz@published&quot; href=&quot;https:\/\/cnnespanol.cnn.com\/tv_show\/showbiz\/&quot; class=&quot;show show__showlink-url&quot;&gt;Showbiz&lt;\/a&gt;\" data-byline-html=\"&lt;div&#10;  data-uri=&quot;es.cms.cnn.com\/_components\/byline\/instances\/byline_cnne_video_1553397-video-resource@published&quot;&#10;  data-component-name=&quot;byline&quot;&#10;  class=&quot;vossi-byline byline&quot;&#10;  data-editable=&quot;settings&quot;&#10;&gt;&#10;        &lt;div class=&quot;vossi-byline__images byline__images&quot;&gt;&#10;        &lt;\/div&gt;&#10;        &lt;div class=&quot;vossi-byline__names byline__names&quot;&gt;&#10;          Por &lt;span class=&quot;byline__name vossi-byline__name&quot;&gt;Erick Beltr\u00e1n&lt;\/span&gt;&#10;        &lt;\/div&gt;&#10;&lt;\/div&gt;\" data-timestamp-html=\"&lt;div&#10;  class=&quot;timestamp vossi-timestamp&quot;&#10;  data-uri=&quot;es.cms.cnn.com\/_components\/timestamp\/instances\/timestamp-cnne_video_1553397@published&quot;&#10;  data-editable=&quot;settings&quot;&#10;&gt;&#10;     &#10;          16:19 ET (20:19 GMT) 9 de abril de 2026&#10;&lt;\/div&gt;\" data-check-event-based-preview=\"\" data-is-vertical-video-embed=\"false\" data-network-id=\"\" data-publish-date=\"2024-01-19T22:03:53Z\" data-video-section=\"entretenimiento\" data-canonical-url=\"https:\/\/cnnespanol.cnn.com\/video\/talento-latino-en-coachella-showbiz\" data-branding-key=\"\" data-video-slug=\"talento-latino-en-coachella-showbiz\" data-first-publish-slug=\"talento-latino-en-coachella-showbiz\" data-video-tags=\"m\u00fasica,coachella,festival,latinos\" data-breakpoints=\"{\" video-resource--media-extra-large=\"\" data-display-video-cover=\"true\" data-details=\"\">\n<div data-uri=\"es.cms.cnn.com\/_components\/video-player\/instances\/92c858ecfa27a8bae33093e11c8214bc@published\" data-unselectable=\"true\" data-title=\"\" data-card-url=\"\" data-show-ads=\"true\" data-is-vertical-video-embed=\"false\" data-custom-experience=\"\" data-component-name=\"video-player\" data-autostart=\"scroll\" data-is-vertical-video=\"\" data-fixed-ratio=\"16x9\" data-headline=\"\u00bfQui\u00e9nes son los latinos que han triunfado en el festival Coachella?\" data-auth-type=\"\" data-video-resource-parent-uri=\"es.cms.cnn.com\/_components\/video-resource\/instances\/cnne_video_1553397@published\" data-live=\"\" data-content-type=\"mediasource-clip\" data-video-resource-uri=\"es.cms.cnn.com\/_components\/video-resource\/instances\/cmnrvonny004e356q7wc1zv8z@published\" data-poster-image-override=\"{&quot;big&quot;: { &quot;uri&quot;: &quot;https:\/\/media.cnn.com\/api\/v1\/images\/stellar\/prod\/cnne-1553398-los-artistas-latinos-que-han-triunfado-en-el-festival-coachella.jpg?c=16x9&amp;q=h_540,w_960,c_fill&quot; }, &quot;small&quot;: { &quot;uri&quot;: &quot;https:\/\/media.cnn.com\/api\/v1\/images\/stellar\/prod\/cnne-1553398-los-artistas-latinos-que-han-triunfado-en-el-festival-coachella.jpg?c=16x9&amp;q=h_540,w_960,c_fill&quot; }  }\" data-video-id=\"spanish\/2024\/01\/19\/talento-latino-en-coachella-showbiz.cnn\" data-media-id=\"me443c525d8cb4ec71ad903b96796832f3ab0cd685\" data-bolt-id=\"5e76d95e-e1e1-5be1-9048-c68a0cad3b5e\" data-duration=\"01:38\" data-description=\"Recientemente se dio a conocer a los artistas latinos, como Peso Pluma y J Balvin, que se presentar\u00e1n en la edici\u00f3n 2024 de&lt;a href=&quot;https:\/\/cnnespanol.cnn.com\/2024\/01\/17\/cartel-coachella-2024-no-doubt-trax\/&quot;&gt; Coachella&lt;\/a&gt;. Hacemos un repaso de algunos latinos que tambi\u00e9n han tenido participaci\u00f3n en otras ediciones del evento.\" data-check-event-based-preview=\"\" data-network-id=\"\" data-publish-date=\"2024-01-19T22:03:53Z\" data-video-section=\"entretenimiento\" data-canonical-url=\"https:\/\/cnnespanol.cnn.com\/video\/talento-latino-en-coachella-showbiz\" data-branding-key=\"\" data-video-slug=\"talento-latino-en-coachella-showbiz\" data-first-publish-slug=\"talento-latino-en-coachella-showbiz\" data-video-tags=\"m\u00fasica,coachella,festival,latinos\" class=\"video-resource\">\n<div id=\"player-es.cms.cnn.com\/_components\/video-player\/instances\/92c858ecfa27a8bae33093e11c8214bc@published\" class=\"video-resource__wrapper\">\n<div class=\"video-resource__image\">\n<div data-uri=\"es.cms.cnn.com\/_components\/image\/instances\/cmnrvpoc6004q356qweta14jv@published\" class=\"image vossi-image  image__hide-placeholder\" data-image-variation=\"image\" data-name=\"CNNE 1553398 - los artistas latinos que han triunfado en el festival coachella\" data-component-name=\"image\" data-observe-resizes=\"\" data-breakpoints=\"{\" image--eq-extra-small=\"\" data-original-ratio=\"0.5625\" data-original-height=\"900\" data-original-width=\"1600\" data-url=\"https:\/\/media.cnn.com\/api\/v1\/images\/stellar\/prod\/cnne-1553398-los-artistas-latinos-que-han-triunfado-en-el-festival-coachella.jpg?c=original\" data-unselectable=\"true\">\n<div class=\"image__container\" data-image-variation=\"image\" data-breakpoints=\"{\" image--eq-extra-small=\"\">\n       <picture class=\"image__picture\"><\/picture>\n    <\/div>\n<\/div><\/div>\n<\/p><\/div>\n<\/div>\n<div class=\"video-resource__details\">\n<p>\u00bfQui\u00e9nes son los latinos que han triunfado en el festival Coachella?\n                <\/p>\n<\/p><\/div>\n<div class=\"video-resource__cover\" style=\"background-image:url(https:\/\/media.cnn.com\/api\/v1\/images\/stellar\/prod\/cnne-1553398-los-artistas-latinos-que-han-triunfado-en-el-festival-coachella.jpg?c=16x9&amp;q=h_540,w_960,c_fill)\">\n<div class=\"video-resource__overlay\">\n<div class=\"video-resource__controls\">\n<div class=\"video-resource__info\">\n<div class=\"video-resource__chyron-wrapper invisible\">\n<p>\u00bfQui\u00e9nes son los latinos que han triunfado en el festival Coachella?<\/p>\n<\/p><\/div>\n<p>01:38         <span class=\"video-resource__source\"><br \/>\n        <\/span>\n <\/p>\n<\/p><\/div>\n<\/p><\/div>\n<\/p><\/div>\n<\/p><\/div>\n<\/div>\n<p class=\"paragraph inline-placeholder vossi-paragraph\" data-uri=\"es.cms.cnn.com\/_components\/paragraph\/instances\/cmnrv1brd0044356qauwgljp1@published\" data-editable=\"text\" data-component-name=\"paragraph\" data-article-gutter=\"true\">\n            Todos los horarios indicados en la hora de Miami (hora del Este de EE.UU.).\n    <\/p>\n<div data-uri=\"es.cms.cnn.com\/_components\/list\/instances\/cmnrnoaxb0016356qqr2tbm9b@published\" class=\"list vossi-list\" data-article-gutter=\"true\">\n<ul data-editable=\"items\" class=\"list__items list__items--ul vossi-list__items vossi-list__items--ul\">\n<li data-editable=\"items.0.text\" class=\"list__item vossi-list__item inline-placeholder\">\n<p>            <strong>Justin Bieber:<\/strong> 2:25 a.m. (del domingo), Coachella Stage<\/p>\n<\/li>\n<li data-editable=\"items.1.text\" class=\"list__item vossi-list__item inline-placeholder\">\n<p>            <strong>The Strokes:<\/strong> 12:00 a.m. (del domingo), Coachella Stage<\/p>\n<\/li>\n<li data-editable=\"items.2.text\" class=\"list__item vossi-list__item inline-placeholder\">\n<p>            <strong>Giveon:<\/strong> 10:00 p.m., Coachella Stage<\/p>\n<\/li>\n<li data-editable=\"items.3.text\" class=\"list__item vossi-list__item inline-placeholder\">\n<p>            <strong>Addison Rae:<\/strong> 8:30 p.m., Coachella Stage<\/p>\n<\/li>\n<li data-editable=\"items.4.text\" class=\"list__item vossi-list__item inline-placeholder\">\n<p>            <strong>Jaqck Glam:<\/strong> 7:15 p.m., Coachella Stage<\/p>\n<\/li>\n<li data-editable=\"items.5.text\" class=\"list__item vossi-list__item inline-placeholder\">\n<p>            <strong>David Byrne:<\/strong> 1:20 a.m. (del domingo), Outdoor Theatre<\/p>\n<\/li>\n<li data-editable=\"items.6.text\" class=\"list__item vossi-list__item inline-placeholder\">\n<p>            <strong>Labrinth:<\/strong> 11:30 p.m., Outdoor Theatre<\/p>\n<\/li>\n<li data-editable=\"items.7.text\" class=\"list__item vossi-list__item inline-placeholder\">\n<p>            <strong>Sombr:<\/strong> 10:05 p.m., Outdoor Theatre<\/p>\n<\/li>\n<li data-editable=\"items.8.text\" class=\"list__item vossi-list__item inline-placeholder\">\n<p>            <strong>Alex G:<\/strong> 8:10 p.m., Outdoor Theatre<\/p>\n<\/li>\n<li data-editable=\"items.9.text\" class=\"list__item vossi-list__item inline-placeholder\">\n<p>            <strong>Los Hermanos Flores:<\/strong> 6:55 p.m., Outdoor Theatre<\/p>\n<\/li>\n<li data-editable=\"items.10.text\" class=\"list__item vossi-list__item inline-placeholder\">\n<p>            <strong>Blondshell:<\/strong> 5:40 p.m., Outdoor Theatre<\/p>\n<\/li>\n<li data-editable=\"items.11.text\" class=\"list__item vossi-list__item inline-placeholder\">\n<p>            <strong>Mind Enterprises:<\/strong> 12:45 a.m. (del domingo), Sonora<\/p>\n<\/li>\n<li data-editable=\"items.12.text\" class=\"list__item vossi-list__item inline-placeholder\">\n<p>            <strong>54 Ultra:<\/strong> 10:50 p.m., Sonora<\/p>\n<\/li>\n<li data-editable=\"items.13.text\" class=\"list__item vossi-list__item inline-placeholder\">\n<p>            <strong>Rusowsky:<\/strong> 9:40 p.m., Sonora<\/p>\n<\/li>\n<li data-editable=\"items.14.text\" class=\"list__item vossi-list__item inline-placeholder\">\n<p>            <strong>Ceremony:<\/strong> 8:30 p.m., Sonora<\/p>\n<\/li>\n<li data-editable=\"items.15.text\" class=\"list__item vossi-list__item inline-placeholder\">\n<p>            <strong>Ecca Vandal:<\/strong> 7:20 p.m., Sonora<\/p>\n<\/li>\n<li data-editable=\"items.16.text\" class=\"list__item vossi-list__item inline-placeholder\">\n<p>            <strong>Freak Slug:<\/strong> 6:10 p.m., Sonora<\/p>\n<\/li>\n<li data-editable=\"items.17.text\" class=\"list__item vossi-list__item inline-placeholder\">\n<p>            <strong>Die Spitz:<\/strong> 5:00 p.m., Sonora<\/p>\n<\/li>\n<li data-editable=\"items.18.text\" class=\"list__item vossi-list__item inline-placeholder\">\n<p>            <strong>Triste Juventud:<\/strong> 4:00 p.m., Sonora<\/p>\n<\/li>\n<li data-editable=\"items.19.text\" class=\"list__item vossi-list__item inline-placeholder\">\n<p>            <strong>Morat:<\/strong> 1:10 p.m., Gobi<\/p>\n<\/li>\n<li data-editable=\"items.20.text\" class=\"list__item vossi-list__item inline-placeholder\">\n<p>            <strong>Bia:<\/strong> 12:00 a.m. (del domingo), Gobi<\/p>\n<\/li>\n<li data-editable=\"items.21.text\" class=\"list__item vossi-list__item inline-placeholder\">\n<p>            <strong>Davido:<\/strong> 10:50 p.m., Gobi<\/p>\n<\/li>\n<li data-editable=\"items.22.text\" class=\"list__item vossi-list__item inline-placeholder\">\n<p>            <strong>Geese:<\/strong> 9:15 p.m., Gobi<\/p>\n<\/li>\n<li data-editable=\"items.23.text\" class=\"list__item vossi-list__item inline-placeholder\">\n<p>            <strong>Lu\u00edsa Sonza:<\/strong> 8:10 p.m., Gobi<\/p>\n<\/li>\n<li data-editable=\"items.24.text\" class=\"list__item vossi-list__item inline-placeholder\">\n<p>            <strong>Whatmore:<\/strong> 7:05 p.m., Gobi<\/p>\n<\/li>\n<li data-editable=\"items.25.text\" class=\"list__item vossi-list__item inline-placeholder\">\n<p>            <strong>Noga Erez:<\/strong> 3:05 p.m., Gobi<\/p>\n<\/li>\n<li data-editable=\"items.26.text\" class=\"list__item vossi-list__item inline-placeholder\">\n<p>            <strong>Interpol:<\/strong> 1:15 p.m., Mojave<\/p>\n<\/li>\n<li data-editable=\"items.27.text\" class=\"list__item vossi-list__item inline-placeholder\">\n<p>            <strong>PinkPantheress:<\/strong> 11:55 p.m., Mojave<\/p>\n<\/li>\n<li data-editable=\"items.28.text\" class=\"list__item vossi-list__item inline-placeholder\">\n<p>            <strong>Taemin:<\/strong> 10:30 p.m., Mojave<\/p>\n<\/li>\n<li data-editable=\"items.29.text\" class=\"list__item vossi-list__item inline-placeholder\">\n<p>            <strong>Royel Otis:<\/strong> 8:50 p.m., Mojave<\/p>\n<\/li>\n<li data-editable=\"items.30.text\" class=\"list__item vossi-list__item inline-placeholder\">\n<p>            <strong>Fujii Kaze:<\/strong> 7:30 p.m., Mojave<\/p>\n<\/li>\n<li data-editable=\"items.31.text\" class=\"list__item vossi-list__item inline-placeholder\">\n<p>            <strong>Jack White:<\/strong> 6:00 p.m., Mojave<\/p>\n<\/li>\n<li data-editable=\"items.32.text\" class=\"list__item vossi-list__item inline-placeholder\">\n<p>            <strong>Worship:<\/strong> 1:55 a.m. (del domingo), Sahara<\/p>\n<\/li>\n<li data-editable=\"items.33.text\" class=\"list__item vossi-list__item inline-placeholder\">\n<p>            <strong>Adriatique:<\/strong> 1:30 a.m. (del domingo), Sahara<\/p>\n<\/li>\n<li data-editable=\"items.34.text\" class=\"list__item vossi-list__item inline-placeholder\">\n<p>            <strong>Rezz:<\/strong> 12:10 a.m. (del domingo), Sahara<\/p>\n<\/li>\n<li data-editable=\"items.35.text\" class=\"list__item vossi-list__item inline-placeholder\">\n<p>            <strong>Nine Inch Noize:<\/strong> 11:00 p.m., Sahara<\/p>\n<\/li>\n<li data-editable=\"items.36.text\" class=\"list__item vossi-list__item inline-placeholder\">\n<p>            <strong>\u00a5\u00d8U$UK\u20ac \u00a5UK1MAT$U:<\/strong> 9:15 p.m., Sahara<\/p>\n<\/li>\n<li data-editable=\"items.37.text\" class=\"list__item vossi-list__item inline-placeholder\">\n<p>            <strong>Hamdi:<\/strong> 8:00 p.m., Sahara<\/p>\n<\/li>\n<li data-editable=\"items.38.text\" class=\"list__item vossi-list__item inline-placeholder\">\n<p>            <strong>Zulan:<\/strong> 7:00 p.m., Sahara<\/p>\n<\/li>\n<li data-editable=\"items.39.text\" class=\"list__item vossi-list__item inline-placeholder\">\n<p>            <strong>TEED:<\/strong> 5:50 p.m., Sahara<\/p>\n<\/li>\n<li data-editable=\"items.40.text\" class=\"list__item vossi-list__item inline-placeholder\">\n<p>            <strong>Seek-One:<\/strong> 5:00 p.m., Sahara<\/p>\n<\/li>\n<li data-editable=\"items.41.text\" class=\"list__item vossi-list__item inline-placeholder\">\n<p>            <strong>Armin Van Buuren x Adam Beyer:<\/strong> 2:00 a.m. (del domingo), Yuma<\/p>\n<\/li>\n<li data-editable=\"items.42.text\" class=\"list__item vossi-list__item inline-placeholder\">\n<p>            <strong>Boys Noize:<\/strong> 12:45 a.m. (del domingo), Yuma<\/p>\n<\/li>\n<li data-editable=\"items.43.text\" class=\"list__item vossi-list__item inline-placeholder\">\n<p>            <strong>Bedouin:<\/strong> 11:15 p.m., Yuma<\/p>\n<\/li>\n<li data-editable=\"items.44.text\" class=\"list__item vossi-list__item inline-placeholder\">\n<p>            <strong>Sosa:<\/strong> 9:45 p.m., Yuma<\/p>\n<\/li>\n<li data-editable=\"items.45.text\" class=\"list__item vossi-list__item inline-placeholder\">\n<p>            <strong>Ben Sterling:<\/strong> 8:30 p.m., Yuma<\/p>\n<\/li>\n<li data-editable=\"items.46.text\" class=\"list__item vossi-list__item inline-placeholder\">\n<p>            <strong>Mahmut Orhan:<\/strong> 7:15 p.m., Yuma<\/p>\n<\/li>\n<li data-editable=\"items.47.text\" class=\"list__item vossi-list__item inline-placeholder\">\n<p>            <strong>Riordan:<\/strong> 6:00 p.m., Yuma<\/p>\n<\/li>\n<li data-editable=\"items.48.text\" class=\"list__item vossi-list__item inline-placeholder\">\n<p>            <strong>Genesi:<\/strong> 5:00 p.m., Yuma<\/p>\n<\/li>\n<li data-editable=\"items.49.text\" class=\"list__item vossi-list__item inline-placeholder\">\n<p>            <strong>Yamagucci:<\/strong> 4:00 p.m., Yuma<\/p>\n<\/li>\n<li data-editable=\"items.50.text\" class=\"list__item vossi-list__item inline-placeholder\">\n<p>            <strong>David Guetta:<\/strong> 12:00 a.m. (del domingo), Quasar<\/p>\n<\/li>\n<li data-editable=\"items.51.text\" class=\"list__item vossi-list__item inline-placeholder\">\n<p>            <strong>Afrojack x Shimza:<\/strong> 10:00 p.m., Quasar<\/p>\n<\/li>\n<li data-editable=\"items.52.text\" class=\"list__item vossi-list__item inline-placeholder\">\n<p>            <strong>Joezi:<\/strong> 8:00 p.m., Quasar<\/p>\n<\/li>\n<\/ul>\n<\/div>\n<p class=\"paragraph inline-placeholder vossi-paragraph\" data-uri=\"es.cms.cnn.com\/_components\/paragraph\/instances\/cmnrv28v20046356q4w0clznk@published\" data-editable=\"text\" data-component-name=\"paragraph\" data-article-gutter=\"true\">\n            Todos los horarios indicados en la hora de Miami (hora del Este de EE.UU.).\n    <\/p>\n<div data-uri=\"es.cms.cnn.com\/_components\/list\/instances\/cmnrnoytk001a356qqd53xzmy@published\" class=\"list vossi-list\" data-article-gutter=\"true\">\n<ul data-editable=\"items\" class=\"list__items list__items--ul vossi-list__items vossi-list__items--ul\">\n<li data-editable=\"items.0.text\" class=\"list__item vossi-list__item inline-placeholder\">\n<p>            <strong>Karol G:<\/strong> 12:55 a.m. (del lunes), Coachella Stage<\/p>\n<\/li>\n<li data-editable=\"items.1.text\" class=\"list__item vossi-list__item inline-placeholder\">\n<p>            <strong>Young Thug:<\/strong> 10:50 p.m., Coachella Stage<\/p>\n<\/li>\n<li data-editable=\"items.2.text\" class=\"list__item vossi-list__item inline-placeholder\">\n<p>            <strong>Major Lazer:<\/strong> 9:10 p.m., Coachella Stage<\/p>\n<\/li>\n<li data-editable=\"items.3.text\" class=\"list__item vossi-list__item inline-placeholder\">\n<p>            <strong>Wet Leg:<\/strong> 7:45 p.m., Coachella Stage<\/p>\n<\/li>\n<li data-editable=\"items.4.text\" class=\"list__item vossi-list__item inline-placeholder\">\n<p>            <strong>Tijuana Panthers:<\/strong> 6:40 p.m., Coachella Stage<\/p>\n<\/li>\n<li data-editable=\"items.5.text\" class=\"list__item vossi-list__item inline-placeholder\">\n<p>            <strong>Gabe Real:<\/strong> 5:45 p.m., Coachella Stage<\/p>\n<\/li>\n<li data-editable=\"items.6.text\" class=\"list__item vossi-list__item inline-placeholder\">\n<p>            <strong>Bigbang:<\/strong> 1:30 a.m. (del lunes), Outdoor Theatre<\/p>\n<\/li>\n<li data-editable=\"items.7.text\" class=\"list__item vossi-list__item inline-placeholder\">\n<p>            <strong>Laufey:<\/strong> 11:40 p.m., Outdoor Theatre<\/p>\n<\/li>\n<li data-editable=\"items.8.text\" class=\"list__item vossi-list__item inline-placeholder\">\n<p>            <strong>Foster the People:<\/strong> 9:45 p.m., Outdoor Theatre<\/p>\n<\/li>\n<li data-editable=\"items.9.text\" class=\"list__item vossi-list__item inline-placeholder\">\n<p>            <strong>Clipse:<\/strong> 8:15 p.m., Outdoor Theatre<\/p>\n<\/li>\n<li data-editable=\"items.10.text\" class=\"list__item vossi-list__item inline-placeholder\">\n<p>            <strong>Gigi Perez:<\/strong> 7:00 p.m., Outdoor Theatre<\/p>\n<\/li>\n<li data-editable=\"items.11.text\" class=\"list__item vossi-list__item inline-placeholder\">\n<p>            <strong>Juicewon:<\/strong> 6:00 p.m., Outdoor Theatre<\/p>\n<\/li>\n<li data-editable=\"items.12.text\" class=\"list__item vossi-list__item inline-placeholder\">\n<p>            <strong>French Police:<\/strong> 12:10 a.m. (del lunes), Sonora<\/p>\n<\/li>\n<li data-editable=\"items.13.text\" class=\"list__item vossi-list__item inline-placeholder\">\n<p>            <strong>Drain:<\/strong> 11:00 p.m., Sonora<\/p>\n<\/li>\n<li data-editable=\"items.14.text\" class=\"list__item vossi-list__item inline-placeholder\">\n<p>            <strong>R\u00f8z:<\/strong> 9:40 p.m., Sonora<\/p>\n<\/li>\n<li data-editable=\"items.15.text\" class=\"list__item vossi-list__item inline-placeholder\">\n<p>            <strong>Los Retros:<\/strong> 8:30 p.m., Sonora<\/p>\n<\/li>\n<li data-editable=\"items.16.text\" class=\"list__item vossi-list__item inline-placeholder\">\n<p>            <strong>Jane Remover:<\/strong> 7:20 p.m., Sonora<\/p>\n<\/li>\n<li data-editable=\"items.17.text\" class=\"list__item vossi-list__item inline-placeholder\">\n<p>            <strong>Model\/Actriz:<\/strong> 6:10 p.m., Sonora<\/p>\n<\/li>\n<li data-editable=\"items.18.text\" class=\"list__item vossi-list__item inline-placeholder\">\n<p>            <strong>Glitterer:<\/strong> 5:00 p.m., Sonora<\/p>\n<\/li>\n<li data-editable=\"items.19.text\" class=\"list__item vossi-list__item inline-placeholder\">\n<p>            <strong>Panda &amp; Chok:<\/strong> 4:00 p.m., Sonora<\/p>\n<\/li>\n<li data-editable=\"items.20.text\" class=\"list__item vossi-list__item inline-placeholder\">\n<p>            <strong>The Rapture:<\/strong> 12:05 a.m. (del lunes), Gobi<\/p>\n<\/li>\n<li data-editable=\"items.21.text\" class=\"list__item vossi-list__item inline-placeholder\">\n<p>            <strong>Tomora:<\/strong> 10:45 p.m., Gobi<\/p>\n<\/li>\n<li data-editable=\"items.22.text\" class=\"list__item vossi-list__item inline-placeholder\">\n<p>            <strong>Black Flag:<\/strong> 9:30 p.m., Gobi<\/p>\n<\/li>\n<li data-editable=\"items.23.text\" class=\"list__item vossi-list__item inline-placeholder\">\n<p>            <strong>Oklou:<\/strong> 8:15 p.m., Gobi<\/p>\n<\/li>\n<li data-editable=\"items.24.text\" class=\"list__item vossi-list__item inline-placeholder\">\n<p>            <strong>Cobrah:<\/strong> 7:05 p.m., Gobi<\/p>\n<\/li>\n<li data-editable=\"items.25.text\" class=\"list__item vossi-list__item inline-placeholder\">\n<p>            <strong>The Chats:<\/strong> 6:00 p.m., Gobi<\/p>\n<\/li>\n<li data-editable=\"items.26.text\" class=\"list__item vossi-list__item inline-placeholder\">\n<p>            <strong>Flowerovlove:<\/strong> 5:05 p.m., Gobi<\/p>\n<\/li>\n<li data-editable=\"items.27.text\" class=\"list__item vossi-list__item inline-placeholder\">\n<p>            <strong>FKA twigs:<\/strong> 11:45 p.m., Mojave<\/p>\n<\/li>\n<li data-editable=\"items.28.text\" class=\"list__item vossi-list__item inline-placeholder\">\n<p>            <strong>Iggy Pop:<\/strong> 10:10 p.m., Mojave<\/p>\n<\/li>\n<li data-editable=\"items.29.text\" class=\"list__item vossi-list__item inline-placeholder\">\n<p>            <strong>Suicidal Tendencies:<\/strong> 8:35 p.m., Mojave<\/p>\n<\/li>\n<li data-editable=\"items.30.text\" class=\"list__item vossi-list__item inline-placeholder\">\n<p>            <strong>Little Simz:<\/strong> 7:25 p.m., Mojave<\/p>\n<\/li>\n<li data-editable=\"items.31.text\" class=\"list__item vossi-list__item inline-placeholder\">\n<p>            <strong>Samia:<\/strong> 6:15 p.m., Mojave<\/p>\n<\/li>\n<li data-editable=\"items.32.text\" class=\"list__item vossi-list__item inline-placeholder\">\n<p>            <strong>Wyldeflower:<\/strong> 5:30 p.m., Mojave<\/p>\n<\/li>\n<li data-editable=\"items.33.text\" class=\"list__item vossi-list__item inline-placeholder\">\n<p>            <strong>Kaskade:<\/strong> 1:45 a.m. (del lunes), Sahara<\/p>\n<\/li>\n<li data-editable=\"items.34.text\" class=\"list__item vossi-list__item inline-placeholder\">\n<p>            <strong>Subtronics:<\/strong> 12:05 a.m. (del lunes), Sahara<\/p>\n<\/li>\n<li data-editable=\"items.35.text\" class=\"list__item vossi-list__item inline-placeholder\">\n<p>            <strong>Mochakk:<\/strong> 10:25 p.m., Sahara<\/p>\n<\/li>\n<li data-editable=\"items.36.text\" class=\"list__item vossi-list__item inline-placeholder\">\n<p>            <strong>Duke Dumont:<\/strong> 9:10 p.m., Sahara<\/p>\n<\/li>\n<li data-editable=\"items.37.text\" class=\"list__item vossi-list__item inline-placeholder\">\n<p>            <strong>Bunt:<\/strong> 7:45 p.m., Sahara<\/p>\n<\/li>\n<li data-editable=\"items.38.text\" class=\"list__item vossi-list__item inline-placeholder\">\n<p>            <strong>Girl Math (Vnssa X Nala):<\/strong> 6:35 p.m., Sahara<\/p>\n<\/li>\n<li data-editable=\"items.39.text\" class=\"list__item vossi-list__item inline-placeholder\">\n<p>            <strong>Loboman:<\/strong> 5:30 p.m., Sahara<\/p>\n<\/li>\n<li data-editable=\"items.40.text\" class=\"list__item vossi-list__item inline-placeholder\">\n<p>            <strong>Green Velvet x Aybbo:<\/strong> 1:00 a.m. (del lunes), Yuma<\/p>\n<\/li>\n<li data-editable=\"items.41.text\" class=\"list__item vossi-list__item inline-placeholder\">\n<p>            <strong>WhoMadeWho:<\/strong> 11:30 p.m., Yuma<\/p>\n<\/li>\n<li data-editable=\"items.42.text\" class=\"list__item vossi-list__item inline-placeholder\">\n<p>            <strong>R\u00f6yksopp:<\/strong> 10:00 p.m., Yuma<\/p>\n<\/li>\n<li data-editable=\"items.43.text\" class=\"list__item vossi-list__item inline-placeholder\">\n<p>            <strong>Carlita x Josh Baker:<\/strong> 8:30 p.m., Yuma<\/p>\n<\/li>\n<li data-editable=\"items.44.text\" class=\"list__item vossi-list__item inline-placeholder\">\n<p>            <strong>M\u00ebstiza:<\/strong> 7:15 p.m., Yuma<\/p>\n<\/li>\n<li data-editable=\"items.45.text\" class=\"list__item vossi-list__item inline-placeholder\">\n<p>            <strong>&amp;Friends:<\/strong> 6:00 p.m., Yuma<\/p>\n<\/li>\n<li data-editable=\"items.46.text\" class=\"list__item vossi-list__item inline-placeholder\">\n<p>            <strong>Azzecca:<\/strong> 5:00 p.m., Yuma<\/p>\n<\/li>\n<li data-editable=\"items.47.text\" class=\"list__item vossi-list__item inline-placeholder\">\n<p>            <strong>Le Yora:<\/strong> 4:00 p.m., Yuma<\/p>\n<\/li>\n<li data-editable=\"items.48.text\" class=\"list__item vossi-list__item inline-placeholder\">\n<p>            <strong>Fatboy Slim:<\/strong> 11:00 p.m., Quasar<\/p>\n<\/li>\n<li data-editable=\"items.49.text\" class=\"list__item vossi-list__item inline-placeholder\">\n<p>            <strong>Joy (Anonymous):<\/strong> 9:00 p.m., Quasar<\/p>\n<\/li>\n<li data-editable=\"items.50.text\" class=\"list__item vossi-list__item inline-placeholder\">\n<p>            <strong>Jazzy:<\/strong> 7:00 p.m., Quasar<\/p>\n<\/li>\n<\/ul>\n<\/div><\/div>\n<p><a href=\"https:\/\/cnnespanol.cnn.com\/2026\/04\/09\/entretenimiento\/coachella-2026-fechas-lista-completa-artistas-orix\">Source link <\/a><br \/>\nSee more https:\/\/theglobaltrack.com\/<\/p>","protected":false},"excerpt":{"rendered":"<p>CNN Espa\u00f1ol\u00a0\u2014\u00a0 La edici\u00f3n 2026 del festival de m\u00fasica de Coachella, en California, marca un hito para los artistas latinoamericanos pues la colombiana Karol G se convirti\u00f3 en la primera mujer latina en encabezar el cartel de este festival. El Festival de M\u00fasica y Artes de Coachella se llevar\u00e1 a cabo en dos fines de [&hellip;]<\/p>\n","protected":false},"author":1,"featured_media":103829,"comment_status":"","ping_status":"","sticky":false,"template":"","format":"standard","meta":{"googlesitekit_rrm_CAow2JLhCw:productID":"","_gspb_post_css":"","maa_idioma":"","maa_pais":"","footnotes":""},"categories":[1],"tags":[5927,25310,16296,26789,8479,2898,2984,2979],"class_list":["post-103828","post","type-post","status-publish","format-standard","has-post-thumbnail","hentry","category-ubirata","tag-artistas","tag-coachella","tag-completa","tag-conciertos","tag-fechas","tag-horario","tag-lista","tag-los"],"blocksy_meta":[],"yoast_head":"<!-- This site is optimized with the Yoast SEO Premium plugin v27.6 (Yoast SEO v27.6) - https:\/\/yoast.com\/product\/yoast-seo-premium-wordpress\/ -->\n<title>Coachella 2026: fechas y horario de los conciertos y lista completa de artistas - Ubirat\u00e3 Online Not\u00edcias - A realidade ao seu alcance!<\/title>\n<meta name=\"description\" content=\"El festival de m\u00fasica Coachella 2026 se inicia este viernes. Karol G es la primera cantante latina que encabeza el prestigioso cartel. Esta es la lista completa de artistas que participan y los horarios de sus presentaciones.\" \/>\n<meta name=\"robots\" content=\"index, follow, max-snippet:-1, max-image-preview:large, max-video-preview:-1\" \/>\n<link rel=\"canonical\" href=\"https:\/\/ubirataonline.com.br\/en\/coachella-2026-fechas-y-horario-de-los-conciertos-y-lista-completa-de-artistas\/\" \/>\n<meta property=\"og:locale\" content=\"en_US\" \/>\n<meta property=\"og:type\" content=\"article\" \/>\n<meta property=\"og:title\" content=\"Coachella 2026: fechas y horario de los conciertos y lista completa de artistas\" \/>\n<meta property=\"og:description\" content=\"El festival de m\u00fasica Coachella 2026 se inicia este viernes. Karol G es la primera cantante latina que encabeza el prestigioso cartel. Esta es la lista completa de artistas que participan y los horarios de sus presentaciones.\" \/>\n<meta property=\"og:url\" content=\"https:\/\/ubirataonline.com.br\/en\/coachella-2026-fechas-y-horario-de-los-conciertos-y-lista-completa-de-artistas\/\" \/>\n<meta property=\"og:site_name\" content=\"Ubirat\u00e3 Online Not\u00edcias - A realidade ao seu alcance!\" \/>\n<meta property=\"article:publisher\" content=\"https:\/\/www.facebook.com\/portalubirataonline\" \/>\n<meta property=\"article:author\" content=\"https:\/\/www.facebook.com\/portalubirataonline\" \/>\n<meta property=\"article:published_time\" content=\"2026-04-11T06:42:00+00:00\" \/>\n<meta property=\"og:image\" content=\"https:\/\/ubirataonline.com.br\/wp-content\/uploads\/2026\/04\/Coachella-2026-fechas-y-horario-de-los-conciertos-y-lista.jpg\" \/>\n\t<meta property=\"og:image:width\" content=\"800\" \/>\n\t<meta property=\"og:image:height\" content=\"450\" \/>\n\t<meta property=\"og:image:type\" content=\"image\/jpeg\" \/>\n<meta name=\"author\" content=\"REDA\u00c7\u00c3O: UBIRAT\u00c3 ONLINE - F\u00c1BIO AUGUSTO CELESTINO\" \/>\n<meta name=\"twitter:card\" content=\"summary_large_image\" \/>\n<meta name=\"twitter:creator\" content=\"@x.com\/ubirataonline\" \/>\n<meta name=\"twitter:site\" content=\"@ubirataonline\" \/>\n<meta name=\"twitter:label1\" content=\"Written by\" \/>\n\t<meta name=\"twitter:data1\" content=\"REDA\u00c7\u00c3O: UBIRAT\u00c3 ONLINE - F\u00c1BIO AUGUSTO CELESTINO\" \/>\n\t<meta name=\"twitter:label2\" content=\"Est. reading time\" \/>\n\t<meta name=\"twitter:data2\" content=\"6 minutes\" \/>\n<script type=\"application\/ld+json\" class=\"yoast-schema-graph\">{\"@context\":\"https:\\\/\\\/schema.org\",\"@graph\":[{\"@type\":\"NewsArticle\",\"@id\":\"https:\\\/\\\/ubirataonline.com.br\\\/coachella-2026-fechas-y-horario-de-los-conciertos-y-lista-completa-de-artistas\\\/#article\",\"isPartOf\":{\"@id\":\"https:\\\/\\\/ubirataonline.com.br\\\/coachella-2026-fechas-y-horario-de-los-conciertos-y-lista-completa-de-artistas\\\/\"},\"author\":{\"name\":\"REDA\u00c7\u00c3O: UBIRAT\u00c3 ONLINE - F\u00c1BIO AUGUSTO CELESTINO\",\"@id\":\"https:\\\/\\\/ubirataonline.com.br\\\/#\\\/schema\\\/person\\\/372f87bbd3fdd79b8556b84c98d0bc1c\"},\"headline\":\"Coachella 2026: fechas y horario de los conciertos y lista completa de artistas\",\"datePublished\":\"2026-04-11T06:42:00+00:00\",\"mainEntityOfPage\":{\"@id\":\"https:\\\/\\\/ubirataonline.com.br\\\/coachella-2026-fechas-y-horario-de-los-conciertos-y-lista-completa-de-artistas\\\/\"},\"wordCount\":1274,\"publisher\":{\"@id\":\"https:\\\/\\\/ubirataonline.com.br\\\/#organization\"},\"image\":{\"@id\":\"https:\\\/\\\/ubirataonline.com.br\\\/coachella-2026-fechas-y-horario-de-los-conciertos-y-lista-completa-de-artistas\\\/#primaryimage\"},\"thumbnailUrl\":\"https:\\\/\\\/ubirataonline.com.br\\\/wp-content\\\/uploads\\\/2026\\\/04\\\/Coachella-2026-fechas-y-horario-de-los-conciertos-y-lista.jpg\",\"keywords\":[\"artistas\",\"Coachella\",\"completa\",\"conciertos\",\"fechas\",\"hor\u00e1rio\",\"Lista\",\"Los\"],\"articleSection\":[\"Ubirat\u00e3\"],\"inLanguage\":\"en-US\",\"copyrightYear\":\"2026\",\"copyrightHolder\":{\"@id\":\"https:\\\/\\\/ubirataonline.com.br\\\/en\\\/#organization\"}},{\"@type\":\"WebPage\",\"@id\":\"https:\\\/\\\/ubirataonline.com.br\\\/coachella-2026-fechas-y-horario-de-los-conciertos-y-lista-completa-de-artistas\\\/\",\"url\":\"https:\\\/\\\/ubirataonline.com.br\\\/coachella-2026-fechas-y-horario-de-los-conciertos-y-lista-completa-de-artistas\\\/\",\"name\":\"Coachella 2026: fechas y horario de los conciertos y lista completa de artistas - Ubirat\u00e3 Online Not\u00edcias - A realidade ao seu alcance!\",\"isPartOf\":{\"@id\":\"https:\\\/\\\/ubirataonline.com.br\\\/#website\"},\"primaryImageOfPage\":{\"@id\":\"https:\\\/\\\/ubirataonline.com.br\\\/coachella-2026-fechas-y-horario-de-los-conciertos-y-lista-completa-de-artistas\\\/#primaryimage\"},\"image\":{\"@id\":\"https:\\\/\\\/ubirataonline.com.br\\\/coachella-2026-fechas-y-horario-de-los-conciertos-y-lista-completa-de-artistas\\\/#primaryimage\"},\"thumbnailUrl\":\"https:\\\/\\\/ubirataonline.com.br\\\/wp-content\\\/uploads\\\/2026\\\/04\\\/Coachella-2026-fechas-y-horario-de-los-conciertos-y-lista.jpg\",\"datePublished\":\"2026-04-11T06:42:00+00:00\",\"description\":\"El festival de m\u00fasica Coachella 2026 se inicia este viernes. Karol G es la primera cantante latina que encabeza el prestigioso cartel. Esta es la lista completa de artistas que participan y los horarios de sus presentaciones.\",\"breadcrumb\":{\"@id\":\"https:\\\/\\\/ubirataonline.com.br\\\/coachella-2026-fechas-y-horario-de-los-conciertos-y-lista-completa-de-artistas\\\/#breadcrumb\"},\"inLanguage\":\"en-US\",\"potentialAction\":[{\"@type\":\"ReadAction\",\"target\":[\"https:\\\/\\\/ubirataonline.com.br\\\/coachella-2026-fechas-y-horario-de-los-conciertos-y-lista-completa-de-artistas\\\/\"]}]},{\"@type\":\"ImageObject\",\"inLanguage\":\"en-US\",\"@id\":\"https:\\\/\\\/ubirataonline.com.br\\\/coachella-2026-fechas-y-horario-de-los-conciertos-y-lista-completa-de-artistas\\\/#primaryimage\",\"url\":\"https:\\\/\\\/ubirataonline.com.br\\\/wp-content\\\/uploads\\\/2026\\\/04\\\/Coachella-2026-fechas-y-horario-de-los-conciertos-y-lista.jpg\",\"contentUrl\":\"https:\\\/\\\/ubirataonline.com.br\\\/wp-content\\\/uploads\\\/2026\\\/04\\\/Coachella-2026-fechas-y-horario-de-los-conciertos-y-lista.jpg\",\"width\":800,\"height\":450,\"caption\":\"JEAN BAPTISTE LACROIX\\\/AFP\\\/AFP via Getty Images\"},{\"@type\":\"BreadcrumbList\",\"@id\":\"https:\\\/\\\/ubirataonline.com.br\\\/coachella-2026-fechas-y-horario-de-los-conciertos-y-lista-completa-de-artistas\\\/#breadcrumb\",\"itemListElement\":[{\"@type\":\"ListItem\",\"position\":1,\"name\":\"In\u00edcio\",\"item\":\"https:\\\/\\\/ubirataonline.com.br\\\/\"},{\"@type\":\"ListItem\",\"position\":2,\"name\":\"Coachella 2026: fechas y horario de los conciertos y lista completa de artistas\"}]},{\"@type\":\"WebSite\",\"@id\":\"https:\\\/\\\/ubirataonline.com.br\\\/#website\",\"url\":\"https:\\\/\\\/ubirataonline.com.br\\\/\",\"name\":\"Ubirat\u00e3 Online Not\u00edcias\",\"description\":\"Not\u00edcias de Ubirat\u00e3, regi\u00e3o, Brasil e mundo, com informa\u00e7\u00e3o atualizada e compromisso com o leitor.\",\"publisher\":{\"@id\":\"https:\\\/\\\/ubirataonline.com.br\\\/#organization\"},\"alternateName\":\"Ubirat\u00e3 Online\",\"potentialAction\":[{\"@type\":\"SearchAction\",\"target\":{\"@type\":\"EntryPoint\",\"urlTemplate\":\"https:\\\/\\\/ubirataonline.com.br\\\/?s={search_term_string}\"},\"query-input\":{\"@type\":\"PropertyValueSpecification\",\"valueRequired\":true,\"valueName\":\"search_term_string\"}}],\"inLanguage\":\"en-US\"},{\"@type\":[\"Organization\",\"Place\"],\"@id\":\"https:\\\/\\\/ubirataonline.com.br\\\/#organization\",\"name\":\"Ubirat\u00e3 Online Not\u00edcias\",\"alternateName\":\"Ubirat\u00e3 Online\",\"url\":\"https:\\\/\\\/ubirataonline.com.br\\\/\",\"logo\":{\"@id\":\"https:\\\/\\\/ubirataonline.com.br\\\/coachella-2026-fechas-y-horario-de-los-conciertos-y-lista-completa-de-artistas\\\/#local-main-organization-logo\"},\"image\":{\"@id\":\"https:\\\/\\\/ubirataonline.com.br\\\/coachella-2026-fechas-y-horario-de-los-conciertos-y-lista-completa-de-artistas\\\/#local-main-organization-logo\"},\"sameAs\":[\"https:\\\/\\\/www.facebook.com\\\/portalubirataonline\",\"https:\\\/\\\/x.com\\\/ubirataonline\",\"https:\\\/\\\/mastodon.social\\\/@ubirataonline\",\"https:\\\/\\\/www.facebook.com\\\/groups\\\/311144672285604\",\"https:\\\/\\\/www.facebook.com\\\/UBTAOnline\",\"https:\\\/\\\/www.instagram.com\\\/portalubirataonline\\\/\",\"https:\\\/\\\/twitter.com\\\/ubirataonline\"],\"description\":\"Somos um portal de not\u00edcias independente, criado em 5 de janeiro de 2009, com o objetivo de informar, conectar e valorizar a nossa comunidade de Ubirat\u00e3 e toda aregi\u00e3o. Com conte\u00fado atualizado, confi\u00e1vel e relevante, o Ubirat\u00e3 Online \u00e9 o seu espa\u00e7o para ficar por dentro dos principais acontecimentos locais, regionais, Brasil, Mundo e de interesse geral. Nosso compromisso \u00e9 com a verdade, a transpar\u00eancia e o respeito ao leitor.\",\"legalName\":\"UBIRATA ONLINE NOT\u00cdCIAS\",\"foundingDate\":\"2009-01-05\",\"numberOfEmployees\":{\"@type\":\"QuantitativeValue\",\"minValue\":\"1\",\"maxValue\":\"10\"},\"publishingPrinciples\":\"https:\\\/\\\/ubirataonline.com.br\\\/faq\\\/\",\"address\":{\"@id\":\"https:\\\/\\\/ubirataonline.com.br\\\/coachella-2026-fechas-y-horario-de-los-conciertos-y-lista-completa-de-artistas\\\/#local-main-place-address\"},\"geo\":{\"@type\":\"GeoCoordinates\",\"latitude\":\"-24.5361401\",\"longitude\":\"-52.9921776\"},\"telephone\":[\"+5544998308235\"],\"contactPoint\":{\"@type\":\"ContactPoint\",\"email\":\"contato@ubirataonline.com.br\"},\"openingHoursSpecification\":{\"@type\":\"OpeningHoursSpecification\",\"dayOfWeek\":[\"Monday\",\"Tuesday\",\"Wednesday\",\"Thursday\",\"Friday\",\"Saturday\",\"Sunday\"],\"opens\":\"00:00\",\"closes\":\"23:59\"},\"email\":\"contato@ubirataonline.com.br\",\"vatID\":\"47.621.418\\\/0001-80\"},{\"@type\":\"Person\",\"@id\":\"https:\\\/\\\/ubirataonline.com.br\\\/#\\\/schema\\\/person\\\/372f87bbd3fdd79b8556b84c98d0bc1c\",\"name\":\"REDA\u00c7\u00c3O: UBIRAT\u00c3 ONLINE - F\u00c1BIO AUGUSTO CELESTINO\",\"pronouns\":\"Ele\",\"description\":\"Desde 2003 trabalhando com not\u00edcias.\",\"sameAs\":[\"http:\\\/\\\/ubirataoline.com.br\",\"https:\\\/\\\/www.facebook.com\\\/portalubirataonline\",\"https:\\\/\\\/www.instagram.com\\\/ubirataonline_oficial\",\"https:\\\/\\\/x.com\\\/x.com\\\/ubirataonline\"],\"honorificPrefix\":\"Mr.\",\"honorificSuffix\":\"MD\",\"birthDate\":\"1980-06-16\",\"gender\":\"masculino\",\"award\":[\"V\u00e1rios pr\u00eamios de melhor portal da cidade\"],\"jobTitle\":\"Diretor\",\"url\":\"https:\\\/\\\/ubirataonline.com.br\\\/en\\\/author\\\/ubirataonline\\\/\"},{\"@type\":\"PostalAddress\",\"@id\":\"https:\\\/\\\/ubirataonline.com.br\\\/coachella-2026-fechas-y-horario-de-los-conciertos-y-lista-completa-de-artistas\\\/#local-main-place-address\",\"streetAddress\":\"Rua dos Coqueiros, 104 - Bairro Boa Vista, Rua dos Coqueiros, 104 Bairro Boa Vista\",\"addressLocality\":\"UBIRATA\",\"postalCode\":\"85440-000\",\"addressRegion\":\"PR\",\"addressCountry\":\"BR\"},{\"@type\":\"ImageObject\",\"inLanguage\":\"en-US\",\"@id\":\"https:\\\/\\\/ubirataonline.com.br\\\/coachella-2026-fechas-y-horario-de-los-conciertos-y-lista-completa-de-artistas\\\/#local-main-organization-logo\",\"url\":\"https:\\\/\\\/ubirataonline.com.br\\\/wp-content\\\/uploads\\\/2026\\\/06\\\/logoubirataonline-1.webp\",\"contentUrl\":\"https:\\\/\\\/ubirataonline.com.br\\\/wp-content\\\/uploads\\\/2026\\\/06\\\/logoubirataonline-1.webp\",\"width\":500,\"height\":500,\"caption\":\"Ubirat\u00e3 Online Not\u00edcias\"}]}<\/script>\n<meta name=\"geo.placename\" content=\"UBIRATA\" \/>\n<meta name=\"geo.position\" content=\"-24.5361401;-52.9921776\" \/>\n<meta name=\"geo.region\" content=\"Brazil\" \/>\n<!-- \/ Yoast SEO Premium plugin. -->","yoast_head_json":{"title":"Coachella 2026: fechas y horario de los conciertos y lista completa de artistas - Ubirat\u00e3 Online Not\u00edcias - A realidade ao seu alcance!","description":"El festival de m\u00fasica Coachella 2026 se inicia este viernes. Karol G es la primera cantante latina que encabeza el prestigioso cartel. Esta es la lista completa de artistas que participan y los horarios de sus presentaciones.","robots":{"index":"index","follow":"follow","max-snippet":"max-snippet:-1","max-image-preview":"max-image-preview:large","max-video-preview":"max-video-preview:-1"},"canonical":"https:\/\/ubirataonline.com.br\/en\/coachella-2026-fechas-y-horario-de-los-conciertos-y-lista-completa-de-artistas\/","og_locale":"en_US","og_type":"article","og_title":"Coachella 2026: fechas y horario de los conciertos y lista completa de artistas","og_description":"El festival de m\u00fasica Coachella 2026 se inicia este viernes. Karol G es la primera cantante latina que encabeza el prestigioso cartel. Esta es la lista completa de artistas que participan y los horarios de sus presentaciones.","og_url":"https:\/\/ubirataonline.com.br\/en\/coachella-2026-fechas-y-horario-de-los-conciertos-y-lista-completa-de-artistas\/","og_site_name":"Ubirat\u00e3 Online Not\u00edcias - A realidade ao seu alcance!","article_publisher":"https:\/\/www.facebook.com\/portalubirataonline","article_author":"https:\/\/www.facebook.com\/portalubirataonline","article_published_time":"2026-04-11T06:42:00+00:00","og_image":[{"width":800,"height":450,"url":"https:\/\/ubirataonline.com.br\/wp-content\/uploads\/2026\/04\/Coachella-2026-fechas-y-horario-de-los-conciertos-y-lista.jpg","type":"image\/jpeg"}],"author":"REDA\u00c7\u00c3O: UBIRAT\u00c3 ONLINE - F\u00c1BIO AUGUSTO CELESTINO","twitter_card":"summary_large_image","twitter_creator":"@x.com\/ubirataonline","twitter_site":"@ubirataonline","twitter_misc":{"Written by":"REDA\u00c7\u00c3O: UBIRAT\u00c3 ONLINE - F\u00c1BIO AUGUSTO CELESTINO","Est. reading time":"6 minutes"},"schema":{"@context":"https:\/\/schema.org","@graph":[{"@type":"NewsArticle","@id":"https:\/\/ubirataonline.com.br\/coachella-2026-fechas-y-horario-de-los-conciertos-y-lista-completa-de-artistas\/#article","isPartOf":{"@id":"https:\/\/ubirataonline.com.br\/coachella-2026-fechas-y-horario-de-los-conciertos-y-lista-completa-de-artistas\/"},"author":{"name":"REDA\u00c7\u00c3O: UBIRAT\u00c3 ONLINE - F\u00c1BIO AUGUSTO CELESTINO","@id":"https:\/\/ubirataonline.com.br\/#\/schema\/person\/372f87bbd3fdd79b8556b84c98d0bc1c"},"headline":"Coachella 2026: fechas y horario de los conciertos y lista completa de artistas","datePublished":"2026-04-11T06:42:00+00:00","mainEntityOfPage":{"@id":"https:\/\/ubirataonline.com.br\/coachella-2026-fechas-y-horario-de-los-conciertos-y-lista-completa-de-artistas\/"},"wordCount":1274,"publisher":{"@id":"https:\/\/ubirataonline.com.br\/#organization"},"image":{"@id":"https:\/\/ubirataonline.com.br\/coachella-2026-fechas-y-horario-de-los-conciertos-y-lista-completa-de-artistas\/#primaryimage"},"thumbnailUrl":"https:\/\/ubirataonline.com.br\/wp-content\/uploads\/2026\/04\/Coachella-2026-fechas-y-horario-de-los-conciertos-y-lista.jpg","keywords":["artistas","Coachella","completa","conciertos","fechas","hor\u00e1rio","Lista","Los"],"articleSection":["Ubirat\u00e3"],"inLanguage":"en-US","copyrightYear":"2026","copyrightHolder":{"@id":"https:\/\/ubirataonline.com.br\/en\/#organization"}},{"@type":"WebPage","@id":"https:\/\/ubirataonline.com.br\/coachella-2026-fechas-y-horario-de-los-conciertos-y-lista-completa-de-artistas\/","url":"https:\/\/ubirataonline.com.br\/coachella-2026-fechas-y-horario-de-los-conciertos-y-lista-completa-de-artistas\/","name":"Coachella 2026: fechas y horario de los conciertos y lista completa de artistas - Ubirat\u00e3 Online Not\u00edcias - A realidade ao seu alcance!","isPartOf":{"@id":"https:\/\/ubirataonline.com.br\/#website"},"primaryImageOfPage":{"@id":"https:\/\/ubirataonline.com.br\/coachella-2026-fechas-y-horario-de-los-conciertos-y-lista-completa-de-artistas\/#primaryimage"},"image":{"@id":"https:\/\/ubirataonline.com.br\/coachella-2026-fechas-y-horario-de-los-conciertos-y-lista-completa-de-artistas\/#primaryimage"},"thumbnailUrl":"https:\/\/ubirataonline.com.br\/wp-content\/uploads\/2026\/04\/Coachella-2026-fechas-y-horario-de-los-conciertos-y-lista.jpg","datePublished":"2026-04-11T06:42:00+00:00","description":"El festival de m\u00fasica Coachella 2026 se inicia este viernes. Karol G es la primera cantante latina que encabeza el prestigioso cartel. Esta es la lista completa de artistas que participan y los horarios de sus presentaciones.","breadcrumb":{"@id":"https:\/\/ubirataonline.com.br\/coachella-2026-fechas-y-horario-de-los-conciertos-y-lista-completa-de-artistas\/#breadcrumb"},"inLanguage":"en-US","potentialAction":[{"@type":"ReadAction","target":["https:\/\/ubirataonline.com.br\/coachella-2026-fechas-y-horario-de-los-conciertos-y-lista-completa-de-artistas\/"]}]},{"@type":"ImageObject","inLanguage":"en-US","@id":"https:\/\/ubirataonline.com.br\/coachella-2026-fechas-y-horario-de-los-conciertos-y-lista-completa-de-artistas\/#primaryimage","url":"https:\/\/ubirataonline.com.br\/wp-content\/uploads\/2026\/04\/Coachella-2026-fechas-y-horario-de-los-conciertos-y-lista.jpg","contentUrl":"https:\/\/ubirataonline.com.br\/wp-content\/uploads\/2026\/04\/Coachella-2026-fechas-y-horario-de-los-conciertos-y-lista.jpg","width":800,"height":450,"caption":"JEAN BAPTISTE LACROIX\/AFP\/AFP via Getty Images"},{"@type":"BreadcrumbList","@id":"https:\/\/ubirataonline.com.br\/coachella-2026-fechas-y-horario-de-los-conciertos-y-lista-completa-de-artistas\/#breadcrumb","itemListElement":[{"@type":"ListItem","position":1,"name":"In\u00edcio","item":"https:\/\/ubirataonline.com.br\/"},{"@type":"ListItem","position":2,"name":"Coachella 2026: fechas y horario de los conciertos y lista completa de artistas"}]},{"@type":"WebSite","@id":"https:\/\/ubirataonline.com.br\/#website","url":"https:\/\/ubirataonline.com.br\/","name":"Ubirat\u00e3 Online Not\u00edcias","description":"Not\u00edcias de Ubirat\u00e3, regi\u00e3o, Brasil e mundo, com informa\u00e7\u00e3o atualizada e compromisso com o leitor.","publisher":{"@id":"https:\/\/ubirataonline.com.br\/#organization"},"alternateName":"Ubirat\u00e3 Online","potentialAction":[{"@type":"SearchAction","target":{"@type":"EntryPoint","urlTemplate":"https:\/\/ubirataonline.com.br\/?s={search_term_string}"},"query-input":{"@type":"PropertyValueSpecification","valueRequired":true,"valueName":"search_term_string"}}],"inLanguage":"en-US"},{"@type":["Organization","Place"],"@id":"https:\/\/ubirataonline.com.br\/#organization","name":"Ubirat\u00e3 Online Not\u00edcias","alternateName":"Ubirat\u00e3 Online","url":"https:\/\/ubirataonline.com.br\/","logo":{"@id":"https:\/\/ubirataonline.com.br\/coachella-2026-fechas-y-horario-de-los-conciertos-y-lista-completa-de-artistas\/#local-main-organization-logo"},"image":{"@id":"https:\/\/ubirataonline.com.br\/coachella-2026-fechas-y-horario-de-los-conciertos-y-lista-completa-de-artistas\/#local-main-organization-logo"},"sameAs":["https:\/\/www.facebook.com\/portalubirataonline","https:\/\/x.com\/ubirataonline","https:\/\/mastodon.social\/@ubirataonline","https:\/\/www.facebook.com\/groups\/311144672285604","https:\/\/www.facebook.com\/UBTAOnline","https:\/\/www.instagram.com\/portalubirataonline\/","https:\/\/twitter.com\/ubirataonline"],"description":"Somos um portal de not\u00edcias independente, criado em 5 de janeiro de 2009, com o objetivo de informar, conectar e valorizar a nossa comunidade de Ubirat\u00e3 e toda aregi\u00e3o. Com conte\u00fado atualizado, confi\u00e1vel e relevante, o Ubirat\u00e3 Online \u00e9 o seu espa\u00e7o para ficar por dentro dos principais acontecimentos locais, regionais, Brasil, Mundo e de interesse geral. Nosso compromisso \u00e9 com a verdade, a transpar\u00eancia e o respeito ao leitor.","legalName":"UBIRATA ONLINE NOT\u00cdCIAS","foundingDate":"2009-01-05","numberOfEmployees":{"@type":"QuantitativeValue","minValue":"1","maxValue":"10"},"publishingPrinciples":"https:\/\/ubirataonline.com.br\/faq\/","address":{"@id":"https:\/\/ubirataonline.com.br\/coachella-2026-fechas-y-horario-de-los-conciertos-y-lista-completa-de-artistas\/#local-main-place-address"},"geo":{"@type":"GeoCoordinates","latitude":"-24.5361401","longitude":"-52.9921776"},"telephone":["+5544998308235"],"contactPoint":{"@type":"ContactPoint","email":"contato@ubirataonline.com.br"},"openingHoursSpecification":{"@type":"OpeningHoursSpecification","dayOfWeek":["Monday","Tuesday","Wednesday","Thursday","Friday","Saturday","Sunday"],"opens":"00:00","closes":"23:59"},"email":"contato@ubirataonline.com.br","vatID":"47.621.418\/0001-80"},{"@type":"Person","@id":"https:\/\/ubirataonline.com.br\/#\/schema\/person\/372f87bbd3fdd79b8556b84c98d0bc1c","name":"REDA\u00c7\u00c3O: UBIRAT\u00c3 ONLINE - F\u00c1BIO AUGUSTO CELESTINO","pronouns":"Ele","description":"Desde 2003 trabalhando com not\u00edcias.","sameAs":["http:\/\/ubirataoline.com.br","https:\/\/www.facebook.com\/portalubirataonline","https:\/\/www.instagram.com\/ubirataonline_oficial","https:\/\/x.com\/x.com\/ubirataonline"],"honorificPrefix":"Mr.","honorificSuffix":"MD","birthDate":"1980-06-16","gender":"masculino","award":["V\u00e1rios pr\u00eamios de melhor portal da cidade"],"jobTitle":"Diretor","url":"https:\/\/ubirataonline.com.br\/en\/author\/ubirataonline\/"},{"@type":"PostalAddress","@id":"https:\/\/ubirataonline.com.br\/coachella-2026-fechas-y-horario-de-los-conciertos-y-lista-completa-de-artistas\/#local-main-place-address","streetAddress":"Rua dos Coqueiros, 104 - Bairro Boa Vista, Rua dos Coqueiros, 104 Bairro Boa Vista","addressLocality":"UBIRATA","postalCode":"85440-000","addressRegion":"PR","addressCountry":"BR"},{"@type":"ImageObject","inLanguage":"en-US","@id":"https:\/\/ubirataonline.com.br\/coachella-2026-fechas-y-horario-de-los-conciertos-y-lista-completa-de-artistas\/#local-main-organization-logo","url":"https:\/\/ubirataonline.com.br\/wp-content\/uploads\/2026\/06\/logoubirataonline-1.webp","contentUrl":"https:\/\/ubirataonline.com.br\/wp-content\/uploads\/2026\/06\/logoubirataonline-1.webp","width":500,"height":500,"caption":"Ubirat\u00e3 Online Not\u00edcias"}]},"geo.placename":"UBIRATA","geo.position":{"lat":"-24.5361401","long":"-52.9921776"},"geo.region":"Brazil"},"_links":{"self":[{"href":"https:\/\/ubirataonline.com.br\/en\/wp-json\/wp\/v2\/posts\/103828","targetHints":{"allow":["GET"]}}],"collection":[{"href":"https:\/\/ubirataonline.com.br\/en\/wp-json\/wp\/v2\/posts"}],"about":[{"href":"https:\/\/ubirataonline.com.br\/en\/wp-json\/wp\/v2\/types\/post"}],"author":[{"embeddable":true,"href":"https:\/\/ubirataonline.com.br\/en\/wp-json\/wp\/v2\/users\/1"}],"replies":[{"embeddable":true,"href":"https:\/\/ubirataonline.com.br\/en\/wp-json\/wp\/v2\/comments?post=103828"}],"version-history":[{"count":0,"href":"https:\/\/ubirataonline.com.br\/en\/wp-json\/wp\/v2\/posts\/103828\/revisions"}],"wp:featuredmedia":[{"embeddable":true,"href":"https:\/\/ubirataonline.com.br\/en\/wp-json\/wp\/v2\/media\/103829"}],"wp:attachment":[{"href":"https:\/\/ubirataonline.com.br\/en\/wp-json\/wp\/v2\/media?parent=103828"}],"wp:term":[{"taxonomy":"category","embeddable":true,"href":"https:\/\/ubirataonline.com.br\/en\/wp-json\/wp\/v2\/categories?post=103828"},{"taxonomy":"post_tag","embeddable":true,"href":"https:\/\/ubirataonline.com.br\/en\/wp-json\/wp\/v2\/tags?post=103828"}],"curies":[{"name":"wp","href":"https:\/\/api.w.org\/{rel}","templated":true}]}}