{"id":104022,"date":"2026-04-11T09:57:51","date_gmt":"2026-04-11T12:57:51","guid":{"rendered":"https:\/\/ubirataonline.com.br\/ubergangsjahr-mit-tucken-droht-bayer-der-nachste-umbruch\/"},"modified":"2026-04-11T09:57:55","modified_gmt":"2026-04-11T12:57:55","slug":"ubergangsjahr-mit-tucken-droht-bayer-der-nachste-umbruch","status":"publish","type":"post","link":"https:\/\/ubirataonline.com.br\/en\/ubergangsjahr-mit-tucken-droht-bayer-der-nachste-umbruch\/","title":{"rendered":"\u00dcbergangsjahr mit T\u00fccken: Droht Bayer der n\u00e4chste Umbruch?"},"content":{"rendered":"<p><br \/>\n<\/p>\n<div data-article-body=\"true\">\n<p class=\"mb-4 text-lg md:leading-8 break-words\">Leverkusen (dpa) &#8211; Borussia Dortmund gegen Bayer Leverkusen war in den vergangenen Jahren stets das Duell um die Herausforderer-Rolle von Rekordmeister Bayern M\u00fcnchen. Zwei Jahre lang hatte die Werkself vom Bayer-Konzern die Nase vorn, aktuell ist der Traditionsclub aus Dortmund wieder enteilt und 15 Z\u00e4hler voraus. \u00abN\u00e4chste Saison m\u00fcssen wir diese L\u00fccke nat\u00fcrlich wieder schlie\u00dfen\u00bb, sagte Leverkusens Trainer Kasper Hjulmand nun vor dem West-Schlager am Samstag (15.30 Uhr\/Sky).<\/p>\n<p class=\"mb-4 text-lg md:leading-8 break-words\">Ob der D\u00e4ne dann aber \u00fcberhaupt noch bei Bayer im Amt ist, ist unklar. Zu schleppend f\u00fcr die anspruchsvollen Bosse kommt Hjulmand mit dem XXL-Umbruch im offiziell deklarierten \u00dcbergangsjahr voran. Trotz dieses Labels sollte es die erneute Champions-League-Qualifikation dann bitte doch sein. Und die steht auf der Kippe. W\u00e4hrend der Tabellenzweite Dortmund die Qualifikation f\u00fcr die K\u00f6nigsklasse des europ\u00e4ischen Fu\u00dfballs im Optimalfall schon am Wochenende perfekt machen kann, k\u00e4mpfen die Rheinl\u00e4nder. Vier Punkte R\u00fcckstand auf Rang vier hat die Hjulmand-Elf.<\/p>\n<p class=\"mb-4 text-lg md:leading-8 break-words\">\u00abWir fahren mit dem gro\u00dfen Ziel dahin, um zu siegen. Das w\u00e4re ein gro\u00dfer, gro\u00dfer Push\u00bb, sagte Hjulmand, der am Donnerstag 54 Jahre alt wurde. Denn ihm und seiner Mannschaft stehen richtungsweisende, aber vor allem auch schwere Wochen bevor. Leverkusen muss nicht nur in Dortmund, sondern auch noch gegen Leipzig und Stuttgart im Endspurt ran. Neben der sportlichen geht es auch um die personelle Zukunft des Konzernclubs. Trotz des massiven Umbruchs im vergangenen Sommer mit 14 neu besetzten Kaderpl\u00e4tzen stehen schon wieder tiefgreifende Ver\u00e4nderungen an.<\/p>\n<h2 class=\"mb-4 text-xl font-bold md:text-2xl\">Vom \u00dcbergangsjahr zu n\u00e4chsten Baustellen?<\/h2>\n<p class=\"mb-4 text-lg md:leading-8 break-words\">Bayer-Sportboss Fernando Carro hatte trotz des \u00dcbergangsjahrs das Ziel ausgerufen, \u00abdie n\u00e4chste Meistermannschaft\u00bb aufzubauen. Sportgesch\u00e4ftsf\u00fchrer Simon Rolfes betonte daraufhin: \u00abWir k\u00f6nnen keine Meistermannschaft wie 2024 zusammenkaufen, wir k\u00f6nnen uns keinen Florian Wirtz kaufen, den m\u00fcssen wir dann entwickeln.\u00bb Genau diese Entwicklung scheint jedoch bereits ins Stocken geraten zu sein.<\/p>\n<p class=\"mb-4 text-lg md:leading-8 break-words\">Hjulmand, der im September nach nur zwei Spieltagen auf den entt\u00e4uschenden Erik ten Hag folgte, droht m\u00f6glicherweise schon &#8211; sp\u00e4testens &#8211; zum Saisonende das Aus. Nach dem schw\u00e4chsten Jahresauftakt seit 2004 schien das \u00dcbergangsjahr unter dem bis 2027 gebundenen D\u00e4nen zwischenzeitlich auf Kurs. Doch nach mehreren Patzern im Rennen um die Champions-League-Pl\u00e4tze wuchs intern zuletzt offenbar die Unzufriedenheit.<\/p>\n<p class=\"mb-4 text-lg md:leading-8 break-words\">Hjulmand nimmt dies wahr und verteidigte sich: \u00abWenn so viele Spieler neu sind, dann braucht das Zeit. Die Spieler haben alle eine tolle Qualit\u00e4t, es braucht Zeit.\u00bb Zeit, die er wom\u00f6glich nicht mehr hat.<\/p>\n<p class=\"mb-4 text-lg md:leading-8 break-words\">H\u00e4tte Leverkusen am vergangenen Wochenende aus dem zwischenzeitlichen 1:3 gegen den Vorletzten Wolfsburg nicht noch spektakul\u00e4r ein 6:3 gemacht, w\u00fcrde Hjulmand wohl schon beim BVB nicht mehr auf der Bayer-Bank sitzen. Zur kommenden Saison gilt Fabian H\u00fcrzeler von Brighton &amp; Hove Albion aus der englischen Premier League als m\u00f6glicher Nachfolger.<\/p>\n<h2 class=\"mb-4 text-xl font-bold md:text-2xl\">Leverkusen sucht einen F\u00fchrungsspieler<\/h2>\n<p class=\"mb-4 text-lg md:leading-8 break-words\">Auch im Kader stehen Ver\u00e4nderungen an: In der Offensive k\u00f6nnte es durch R\u00fcckkehrer wie Kerim Alajbegovic und Francis Onyeka ein \u00dcberangebot geben, wodurch der Erfahrene Jonas Hofmann, Martin Terrier oder Eliesse Ben Seghir als Verkaufskandidaten gelten. Edmond Tapsoba soll offenbar mit einem Wechsel in die Premier League lieb\u00e4ugeln und bei Jarell Quansah k\u00f6nnte sein Ex-Verein Liverpool die R\u00fcckkaufoption ziehen.<\/p>\n<p class=\"mb-4 text-lg md:leading-8 break-words\">Unbedingt halten will man trotz Wechselger\u00fcchten Au\u00dfenverteidiger Alejandro Grimaldo. Daneben sucht Leverkusen vor allem einen neuen Abwehrchef, der das Niveau der Mannschaft anheben kann und F\u00fchrungsqualit\u00e4ten mitbringt. Der zuletzt vermehrt in der Defensive eingesetzte Kapit\u00e4n Robert Andrich, konnte diese Anforderungen nicht zufriedenstellend erf\u00fcllen. Trotz Vertrags bis 2028 ist auch die Zukunft des 31-J\u00e4hrigen bei der Werkself ungewiss.<\/p>\n<\/div>\n<p><br \/>\n<br \/><a href=\"https:\/\/de.nachrichten.yahoo.com\/sport\/%C3%BCbergangsjahr-t%C3%BCcken-droht-bayer-n%C3%A4chste-120127730.html\">Source link <\/a><\/p>","protected":false},"excerpt":{"rendered":"<p>Leverkusen (dpa) &#8211; Borussia Dortmund gegen Bayer Leverkusen war in den vergangenen Jahren stets das Duell um die Herausforderer-Rolle von Rekordmeister Bayern M\u00fcnchen. Zwei Jahre lang hatte die Werkself vom Bayer-Konzern die Nase vorn, aktuell ist der Traditionsclub aus Dortmund wieder enteilt und 15 Z\u00e4hler voraus. \u00abN\u00e4chste Saison m\u00fcssen wir diese L\u00fccke nat\u00fcrlich wieder schlie\u00dfen\u00bb, [&hellip;]<\/p>\n","protected":false},"author":1,"featured_media":104023,"comment_status":"closed","ping_status":"","sticky":false,"template":"","format":"standard","meta":{"googlesitekit_rrm_CAow2JLhCw:productID":"","_gspb_post_css":"","maa_idioma":"","maa_pais":"","footnotes":""},"categories":[1],"tags":[6667,2913,26882,7129,26883,26881,26880,26884],"class_list":["post-104022","post","type-post","status-publish","format-standard","has-post-thumbnail","hentry","category-ubirata","tag-bayer","tag-der","tag-droht","tag-mit","tag-nachste","tag-tucken","tag-ubergangsjahr","tag-umbruch"],"blocksy_meta":[],"yoast_head":"<!-- This site is optimized with the Yoast SEO Premium plugin v27.6 (Yoast SEO v27.6) - https:\/\/yoast.com\/product\/yoast-seo-premium-wordpress\/ -->\n<title>\u00dcbergangsjahr mit T\u00fccken: Droht Bayer der n\u00e4chste Umbruch? - Ubirat\u00e3 Online Not\u00edcias - A realidade ao seu alcance!<\/title>\n<meta name=\"description\" content=\"Leverkusen (dpa) - Borussia Dortmund gegen Bayer Leverkusen war in den vergangenen Jahren stets das Duell um die Herausforderer-Rolle von Rekordmeister\" \/>\n<meta name=\"robots\" content=\"index, follow, max-snippet:-1, max-image-preview:large, max-video-preview:-1\" \/>\n<link rel=\"canonical\" href=\"https:\/\/ubirataonline.com.br\/en\/ubergangsjahr-mit-tucken-droht-bayer-der-nachste-umbruch\/\" \/>\n<meta property=\"og:locale\" content=\"en_US\" \/>\n<meta property=\"og:type\" content=\"article\" \/>\n<meta property=\"og:title\" content=\"\u00dcbergangsjahr mit T\u00fccken: Droht Bayer der n\u00e4chste Umbruch?\" \/>\n<meta property=\"og:description\" content=\"Leverkusen (dpa) - Borussia Dortmund gegen Bayer Leverkusen war in den vergangenen Jahren stets das Duell um die Herausforderer-Rolle von Rekordmeister\" \/>\n<meta property=\"og:url\" content=\"https:\/\/ubirataonline.com.br\/en\/ubergangsjahr-mit-tucken-droht-bayer-der-nachste-umbruch\/\" \/>\n<meta property=\"og:site_name\" content=\"Ubirat\u00e3 Online Not\u00edcias - A realidade ao seu alcance!\" \/>\n<meta property=\"article:publisher\" content=\"https:\/\/www.facebook.com\/portalubirataonline\" \/>\n<meta property=\"article:author\" content=\"https:\/\/www.facebook.com\/portalubirataonline\" \/>\n<meta property=\"article:published_time\" content=\"2026-04-11T12:57:51+00:00\" \/>\n<meta property=\"article:modified_time\" content=\"2026-04-11T12:57:55+00:00\" \/>\n<meta property=\"og:image\" content=\"https:\/\/ubirataonline.com.br\/wp-content\/uploads\/2026\/04\/Ubergangsjahr-mit-Tucken-Droht-Bayer-der-nachste-Umbruch.jpeg\" \/>\n\t<meta property=\"og:image:width\" content=\"1200\" \/>\n\t<meta property=\"og:image:height\" content=\"675\" \/>\n\t<meta property=\"og:image:type\" content=\"image\/jpeg\" \/>\n<meta name=\"author\" content=\"REDA\u00c7\u00c3O: UBIRAT\u00c3 ONLINE - F\u00c1BIO AUGUSTO CELESTINO\" \/>\n<meta name=\"twitter:card\" content=\"summary_large_image\" \/>\n<meta name=\"twitter:creator\" content=\"@x.com\/ubirataonline\" \/>\n<meta name=\"twitter:site\" content=\"@ubirataonline\" \/>\n<meta name=\"twitter:label1\" content=\"Written by\" \/>\n\t<meta name=\"twitter:data1\" content=\"REDA\u00c7\u00c3O: UBIRAT\u00c3 ONLINE - F\u00c1BIO AUGUSTO CELESTINO\" \/>\n\t<meta name=\"twitter:label2\" content=\"Est. reading time\" \/>\n\t<meta name=\"twitter:data2\" content=\"3 minutes\" \/>\n<script type=\"application\/ld+json\" class=\"yoast-schema-graph\">{\"@context\":\"https:\\\/\\\/schema.org\",\"@graph\":[{\"@type\":\"NewsArticle\",\"@id\":\"https:\\\/\\\/ubirataonline.com.br\\\/ubergangsjahr-mit-tucken-droht-bayer-der-nachste-umbruch\\\/#article\",\"isPartOf\":{\"@id\":\"https:\\\/\\\/ubirataonline.com.br\\\/ubergangsjahr-mit-tucken-droht-bayer-der-nachste-umbruch\\\/\"},\"author\":{\"name\":\"REDA\u00c7\u00c3O: UBIRAT\u00c3 ONLINE - F\u00c1BIO AUGUSTO CELESTINO\",\"@id\":\"https:\\\/\\\/ubirataonline.com.br\\\/#\\\/schema\\\/person\\\/372f87bbd3fdd79b8556b84c98d0bc1c\"},\"headline\":\"\u00dcbergangsjahr mit T\u00fccken: Droht Bayer der n\u00e4chste Umbruch?\",\"datePublished\":\"2026-04-11T12:57:51+00:00\",\"dateModified\":\"2026-04-11T12:57:55+00:00\",\"mainEntityOfPage\":{\"@id\":\"https:\\\/\\\/ubirataonline.com.br\\\/ubergangsjahr-mit-tucken-droht-bayer-der-nachste-umbruch\\\/\"},\"wordCount\":611,\"publisher\":{\"@id\":\"https:\\\/\\\/ubirataonline.com.br\\\/#organization\"},\"image\":{\"@id\":\"https:\\\/\\\/ubirataonline.com.br\\\/ubergangsjahr-mit-tucken-droht-bayer-der-nachste-umbruch\\\/#primaryimage\"},\"thumbnailUrl\":\"https:\\\/\\\/ubirataonline.com.br\\\/wp-content\\\/uploads\\\/2026\\\/04\\\/Ubergangsjahr-mit-Tucken-Droht-Bayer-der-nachste-Umbruch.jpeg\",\"keywords\":[\"Bayer\",\"Der\",\"Droht\",\"mit\",\"n\u00e4chste\",\"T\u00fccken\",\"\u00dcbergangsjahr\",\"Umbruch\"],\"articleSection\":[\"Ubirat\u00e3\"],\"inLanguage\":\"en-US\",\"copyrightYear\":\"2026\",\"copyrightHolder\":{\"@id\":\"https:\\\/\\\/ubirataonline.com.br\\\/en\\\/#organization\"}},{\"@type\":\"WebPage\",\"@id\":\"https:\\\/\\\/ubirataonline.com.br\\\/ubergangsjahr-mit-tucken-droht-bayer-der-nachste-umbruch\\\/\",\"url\":\"https:\\\/\\\/ubirataonline.com.br\\\/ubergangsjahr-mit-tucken-droht-bayer-der-nachste-umbruch\\\/\",\"name\":\"\u00dcbergangsjahr mit T\u00fccken: Droht Bayer der n\u00e4chste Umbruch? - Ubirat\u00e3 Online Not\u00edcias - A realidade ao seu alcance!\",\"isPartOf\":{\"@id\":\"https:\\\/\\\/ubirataonline.com.br\\\/#website\"},\"primaryImageOfPage\":{\"@id\":\"https:\\\/\\\/ubirataonline.com.br\\\/ubergangsjahr-mit-tucken-droht-bayer-der-nachste-umbruch\\\/#primaryimage\"},\"image\":{\"@id\":\"https:\\\/\\\/ubirataonline.com.br\\\/ubergangsjahr-mit-tucken-droht-bayer-der-nachste-umbruch\\\/#primaryimage\"},\"thumbnailUrl\":\"https:\\\/\\\/ubirataonline.com.br\\\/wp-content\\\/uploads\\\/2026\\\/04\\\/Ubergangsjahr-mit-Tucken-Droht-Bayer-der-nachste-Umbruch.jpeg\",\"datePublished\":\"2026-04-11T12:57:51+00:00\",\"dateModified\":\"2026-04-11T12:57:55+00:00\",\"description\":\"Leverkusen (dpa) - Borussia Dortmund gegen Bayer Leverkusen war in den vergangenen Jahren stets das Duell um die Herausforderer-Rolle von Rekordmeister\",\"breadcrumb\":{\"@id\":\"https:\\\/\\\/ubirataonline.com.br\\\/ubergangsjahr-mit-tucken-droht-bayer-der-nachste-umbruch\\\/#breadcrumb\"},\"inLanguage\":\"en-US\",\"potentialAction\":[{\"@type\":\"ReadAction\",\"target\":[\"https:\\\/\\\/ubirataonline.com.br\\\/ubergangsjahr-mit-tucken-droht-bayer-der-nachste-umbruch\\\/\"]}]},{\"@type\":\"ImageObject\",\"inLanguage\":\"en-US\",\"@id\":\"https:\\\/\\\/ubirataonline.com.br\\\/ubergangsjahr-mit-tucken-droht-bayer-der-nachste-umbruch\\\/#primaryimage\",\"url\":\"https:\\\/\\\/ubirataonline.com.br\\\/wp-content\\\/uploads\\\/2026\\\/04\\\/Ubergangsjahr-mit-Tucken-Droht-Bayer-der-nachste-Umbruch.jpeg\",\"contentUrl\":\"https:\\\/\\\/ubirataonline.com.br\\\/wp-content\\\/uploads\\\/2026\\\/04\\\/Ubergangsjahr-mit-Tucken-Droht-Bayer-der-nachste-Umbruch.jpeg\",\"width\":1200,\"height\":675,\"caption\":\"Ist f\u00fcr Kasper Hjulmand im Sommer schon wieder Schluss in Leverkusen? (Archivbild) (Fabian Strauch\\\/dpa)\"},{\"@type\":\"BreadcrumbList\",\"@id\":\"https:\\\/\\\/ubirataonline.com.br\\\/ubergangsjahr-mit-tucken-droht-bayer-der-nachste-umbruch\\\/#breadcrumb\",\"itemListElement\":[{\"@type\":\"ListItem\",\"position\":1,\"name\":\"In\u00edcio\",\"item\":\"https:\\\/\\\/ubirataonline.com.br\\\/\"},{\"@type\":\"ListItem\",\"position\":2,\"name\":\"\u00dcbergangsjahr mit T\u00fccken: Droht Bayer der n\u00e4chste Umbruch?\"}]},{\"@type\":\"WebSite\",\"@id\":\"https:\\\/\\\/ubirataonline.com.br\\\/#website\",\"url\":\"https:\\\/\\\/ubirataonline.com.br\\\/\",\"name\":\"Ubirat\u00e3 Online Not\u00edcias\",\"description\":\"Not\u00edcias de Ubirat\u00e3, regi\u00e3o, Brasil e mundo, com informa\u00e7\u00e3o atualizada e compromisso com o leitor.\",\"publisher\":{\"@id\":\"https:\\\/\\\/ubirataonline.com.br\\\/#organization\"},\"alternateName\":\"Ubirat\u00e3 Online\",\"potentialAction\":[{\"@type\":\"SearchAction\",\"target\":{\"@type\":\"EntryPoint\",\"urlTemplate\":\"https:\\\/\\\/ubirataonline.com.br\\\/?s={search_term_string}\"},\"query-input\":{\"@type\":\"PropertyValueSpecification\",\"valueRequired\":true,\"valueName\":\"search_term_string\"}}],\"inLanguage\":\"en-US\"},{\"@type\":[\"Organization\",\"Place\"],\"@id\":\"https:\\\/\\\/ubirataonline.com.br\\\/#organization\",\"name\":\"Ubirat\u00e3 Online Not\u00edcias\",\"alternateName\":\"Ubirat\u00e3 Online\",\"url\":\"https:\\\/\\\/ubirataonline.com.br\\\/\",\"logo\":{\"@id\":\"https:\\\/\\\/ubirataonline.com.br\\\/ubergangsjahr-mit-tucken-droht-bayer-der-nachste-umbruch\\\/#local-main-organization-logo\"},\"image\":{\"@id\":\"https:\\\/\\\/ubirataonline.com.br\\\/ubergangsjahr-mit-tucken-droht-bayer-der-nachste-umbruch\\\/#local-main-organization-logo\"},\"sameAs\":[\"https:\\\/\\\/www.facebook.com\\\/portalubirataonline\",\"https:\\\/\\\/x.com\\\/ubirataonline\",\"https:\\\/\\\/mastodon.social\\\/@ubirataonline\",\"https:\\\/\\\/www.facebook.com\\\/groups\\\/311144672285604\",\"https:\\\/\\\/www.facebook.com\\\/UBTAOnline\",\"https:\\\/\\\/www.instagram.com\\\/portalubirataonline\\\/\",\"https:\\\/\\\/twitter.com\\\/ubirataonline\"],\"description\":\"Somos um portal de not\u00edcias independente, criado em 5 de janeiro de 2009, com o objetivo de informar, conectar e valorizar a nossa comunidade de Ubirat\u00e3 e toda aregi\u00e3o. Com conte\u00fado atualizado, confi\u00e1vel e relevante, o Ubirat\u00e3 Online \u00e9 o seu espa\u00e7o para ficar por dentro dos principais acontecimentos locais, regionais, Brasil, Mundo e de interesse geral. Nosso compromisso \u00e9 com a verdade, a transpar\u00eancia e o respeito ao leitor.\",\"legalName\":\"UBIRATA ONLINE NOT\u00cdCIAS\",\"foundingDate\":\"2009-01-05\",\"numberOfEmployees\":{\"@type\":\"QuantitativeValue\",\"minValue\":\"1\",\"maxValue\":\"10\"},\"publishingPrinciples\":\"https:\\\/\\\/ubirataonline.com.br\\\/faq\\\/\",\"address\":{\"@id\":\"https:\\\/\\\/ubirataonline.com.br\\\/ubergangsjahr-mit-tucken-droht-bayer-der-nachste-umbruch\\\/#local-main-place-address\"},\"geo\":{\"@type\":\"GeoCoordinates\",\"latitude\":\"-24.5361401\",\"longitude\":\"-52.9921776\"},\"telephone\":[\"+5544998308235\"],\"contactPoint\":{\"@type\":\"ContactPoint\",\"email\":\"contato@ubirataonline.com.br\"},\"openingHoursSpecification\":{\"@type\":\"OpeningHoursSpecification\",\"dayOfWeek\":[\"Monday\",\"Tuesday\",\"Wednesday\",\"Thursday\",\"Friday\",\"Saturday\",\"Sunday\"],\"opens\":\"00:00\",\"closes\":\"23:59\"},\"email\":\"contato@ubirataonline.com.br\",\"vatID\":\"47.621.418\\\/0001-80\"},{\"@type\":\"Person\",\"@id\":\"https:\\\/\\\/ubirataonline.com.br\\\/#\\\/schema\\\/person\\\/372f87bbd3fdd79b8556b84c98d0bc1c\",\"name\":\"REDA\u00c7\u00c3O: UBIRAT\u00c3 ONLINE - F\u00c1BIO AUGUSTO CELESTINO\",\"pronouns\":\"Ele\",\"description\":\"Desde 2003 trabalhando com not\u00edcias.\",\"sameAs\":[\"http:\\\/\\\/ubirataoline.com.br\",\"https:\\\/\\\/www.facebook.com\\\/portalubirataonline\",\"https:\\\/\\\/www.instagram.com\\\/ubirataonline_oficial\",\"https:\\\/\\\/x.com\\\/x.com\\\/ubirataonline\"],\"honorificPrefix\":\"Mr.\",\"honorificSuffix\":\"MD\",\"birthDate\":\"1980-06-16\",\"gender\":\"masculino\",\"award\":[\"V\u00e1rios pr\u00eamios de melhor portal da cidade\"],\"jobTitle\":\"Diretor\",\"url\":\"https:\\\/\\\/ubirataonline.com.br\\\/en\\\/author\\\/ubirataonline\\\/\"},{\"@type\":\"PostalAddress\",\"@id\":\"https:\\\/\\\/ubirataonline.com.br\\\/ubergangsjahr-mit-tucken-droht-bayer-der-nachste-umbruch\\\/#local-main-place-address\",\"streetAddress\":\"Rua dos Coqueiros, 104 - Bairro Boa Vista, Rua dos Coqueiros, 104 Bairro Boa Vista\",\"addressLocality\":\"UBIRATA\",\"postalCode\":\"85440-000\",\"addressRegion\":\"PR\",\"addressCountry\":\"BR\"},{\"@type\":\"ImageObject\",\"inLanguage\":\"en-US\",\"@id\":\"https:\\\/\\\/ubirataonline.com.br\\\/ubergangsjahr-mit-tucken-droht-bayer-der-nachste-umbruch\\\/#local-main-organization-logo\",\"url\":\"https:\\\/\\\/ubirataonline.com.br\\\/wp-content\\\/uploads\\\/2026\\\/06\\\/logoubirataonline-1.webp\",\"contentUrl\":\"https:\\\/\\\/ubirataonline.com.br\\\/wp-content\\\/uploads\\\/2026\\\/06\\\/logoubirataonline-1.webp\",\"width\":500,\"height\":500,\"caption\":\"Ubirat\u00e3 Online Not\u00edcias\"}]}<\/script>\n<meta name=\"geo.placename\" content=\"UBIRATA\" \/>\n<meta name=\"geo.position\" content=\"-24.5361401;-52.9921776\" \/>\n<meta name=\"geo.region\" content=\"Brazil\" \/>\n<!-- \/ Yoast SEO Premium plugin. -->","yoast_head_json":{"title":"\u00dcbergangsjahr mit T\u00fccken: Droht Bayer der n\u00e4chste Umbruch? - Ubirat\u00e3 Online Not\u00edcias - A realidade ao seu alcance!","description":"Leverkusen (dpa) - Borussia Dortmund gegen Bayer Leverkusen war in den vergangenen Jahren stets das Duell um die Herausforderer-Rolle von Rekordmeister","robots":{"index":"index","follow":"follow","max-snippet":"max-snippet:-1","max-image-preview":"max-image-preview:large","max-video-preview":"max-video-preview:-1"},"canonical":"https:\/\/ubirataonline.com.br\/en\/ubergangsjahr-mit-tucken-droht-bayer-der-nachste-umbruch\/","og_locale":"en_US","og_type":"article","og_title":"\u00dcbergangsjahr mit T\u00fccken: Droht Bayer der n\u00e4chste Umbruch?","og_description":"Leverkusen (dpa) - Borussia Dortmund gegen Bayer Leverkusen war in den vergangenen Jahren stets das Duell um die Herausforderer-Rolle von Rekordmeister","og_url":"https:\/\/ubirataonline.com.br\/en\/ubergangsjahr-mit-tucken-droht-bayer-der-nachste-umbruch\/","og_site_name":"Ubirat\u00e3 Online Not\u00edcias - A realidade ao seu alcance!","article_publisher":"https:\/\/www.facebook.com\/portalubirataonline","article_author":"https:\/\/www.facebook.com\/portalubirataonline","article_published_time":"2026-04-11T12:57:51+00:00","article_modified_time":"2026-04-11T12:57:55+00:00","og_image":[{"width":1200,"height":675,"url":"https:\/\/ubirataonline.com.br\/wp-content\/uploads\/2026\/04\/Ubergangsjahr-mit-Tucken-Droht-Bayer-der-nachste-Umbruch.jpeg","type":"image\/jpeg"}],"author":"REDA\u00c7\u00c3O: UBIRAT\u00c3 ONLINE - F\u00c1BIO AUGUSTO CELESTINO","twitter_card":"summary_large_image","twitter_creator":"@x.com\/ubirataonline","twitter_site":"@ubirataonline","twitter_misc":{"Written by":"REDA\u00c7\u00c3O: UBIRAT\u00c3 ONLINE - F\u00c1BIO AUGUSTO CELESTINO","Est. reading time":"3 minutes"},"schema":{"@context":"https:\/\/schema.org","@graph":[{"@type":"NewsArticle","@id":"https:\/\/ubirataonline.com.br\/ubergangsjahr-mit-tucken-droht-bayer-der-nachste-umbruch\/#article","isPartOf":{"@id":"https:\/\/ubirataonline.com.br\/ubergangsjahr-mit-tucken-droht-bayer-der-nachste-umbruch\/"},"author":{"name":"REDA\u00c7\u00c3O: UBIRAT\u00c3 ONLINE - F\u00c1BIO AUGUSTO CELESTINO","@id":"https:\/\/ubirataonline.com.br\/#\/schema\/person\/372f87bbd3fdd79b8556b84c98d0bc1c"},"headline":"\u00dcbergangsjahr mit T\u00fccken: Droht Bayer der n\u00e4chste Umbruch?","datePublished":"2026-04-11T12:57:51+00:00","dateModified":"2026-04-11T12:57:55+00:00","mainEntityOfPage":{"@id":"https:\/\/ubirataonline.com.br\/ubergangsjahr-mit-tucken-droht-bayer-der-nachste-umbruch\/"},"wordCount":611,"publisher":{"@id":"https:\/\/ubirataonline.com.br\/#organization"},"image":{"@id":"https:\/\/ubirataonline.com.br\/ubergangsjahr-mit-tucken-droht-bayer-der-nachste-umbruch\/#primaryimage"},"thumbnailUrl":"https:\/\/ubirataonline.com.br\/wp-content\/uploads\/2026\/04\/Ubergangsjahr-mit-Tucken-Droht-Bayer-der-nachste-Umbruch.jpeg","keywords":["Bayer","Der","Droht","mit","n\u00e4chste","T\u00fccken","\u00dcbergangsjahr","Umbruch"],"articleSection":["Ubirat\u00e3"],"inLanguage":"en-US","copyrightYear":"2026","copyrightHolder":{"@id":"https:\/\/ubirataonline.com.br\/en\/#organization"}},{"@type":"WebPage","@id":"https:\/\/ubirataonline.com.br\/ubergangsjahr-mit-tucken-droht-bayer-der-nachste-umbruch\/","url":"https:\/\/ubirataonline.com.br\/ubergangsjahr-mit-tucken-droht-bayer-der-nachste-umbruch\/","name":"\u00dcbergangsjahr mit T\u00fccken: Droht Bayer der n\u00e4chste Umbruch? - Ubirat\u00e3 Online Not\u00edcias - A realidade ao seu alcance!","isPartOf":{"@id":"https:\/\/ubirataonline.com.br\/#website"},"primaryImageOfPage":{"@id":"https:\/\/ubirataonline.com.br\/ubergangsjahr-mit-tucken-droht-bayer-der-nachste-umbruch\/#primaryimage"},"image":{"@id":"https:\/\/ubirataonline.com.br\/ubergangsjahr-mit-tucken-droht-bayer-der-nachste-umbruch\/#primaryimage"},"thumbnailUrl":"https:\/\/ubirataonline.com.br\/wp-content\/uploads\/2026\/04\/Ubergangsjahr-mit-Tucken-Droht-Bayer-der-nachste-Umbruch.jpeg","datePublished":"2026-04-11T12:57:51+00:00","dateModified":"2026-04-11T12:57:55+00:00","description":"Leverkusen (dpa) - Borussia Dortmund gegen Bayer Leverkusen war in den vergangenen Jahren stets das Duell um die Herausforderer-Rolle von Rekordmeister","breadcrumb":{"@id":"https:\/\/ubirataonline.com.br\/ubergangsjahr-mit-tucken-droht-bayer-der-nachste-umbruch\/#breadcrumb"},"inLanguage":"en-US","potentialAction":[{"@type":"ReadAction","target":["https:\/\/ubirataonline.com.br\/ubergangsjahr-mit-tucken-droht-bayer-der-nachste-umbruch\/"]}]},{"@type":"ImageObject","inLanguage":"en-US","@id":"https:\/\/ubirataonline.com.br\/ubergangsjahr-mit-tucken-droht-bayer-der-nachste-umbruch\/#primaryimage","url":"https:\/\/ubirataonline.com.br\/wp-content\/uploads\/2026\/04\/Ubergangsjahr-mit-Tucken-Droht-Bayer-der-nachste-Umbruch.jpeg","contentUrl":"https:\/\/ubirataonline.com.br\/wp-content\/uploads\/2026\/04\/Ubergangsjahr-mit-Tucken-Droht-Bayer-der-nachste-Umbruch.jpeg","width":1200,"height":675,"caption":"Ist f\u00fcr Kasper Hjulmand im Sommer schon wieder Schluss in Leverkusen? (Archivbild) (Fabian Strauch\/dpa)"},{"@type":"BreadcrumbList","@id":"https:\/\/ubirataonline.com.br\/ubergangsjahr-mit-tucken-droht-bayer-der-nachste-umbruch\/#breadcrumb","itemListElement":[{"@type":"ListItem","position":1,"name":"In\u00edcio","item":"https:\/\/ubirataonline.com.br\/"},{"@type":"ListItem","position":2,"name":"\u00dcbergangsjahr mit T\u00fccken: Droht Bayer der n\u00e4chste Umbruch?"}]},{"@type":"WebSite","@id":"https:\/\/ubirataonline.com.br\/#website","url":"https:\/\/ubirataonline.com.br\/","name":"Ubirat\u00e3 Online Not\u00edcias","description":"Not\u00edcias de Ubirat\u00e3, regi\u00e3o, Brasil e mundo, com informa\u00e7\u00e3o atualizada e compromisso com o leitor.","publisher":{"@id":"https:\/\/ubirataonline.com.br\/#organization"},"alternateName":"Ubirat\u00e3 Online","potentialAction":[{"@type":"SearchAction","target":{"@type":"EntryPoint","urlTemplate":"https:\/\/ubirataonline.com.br\/?s={search_term_string}"},"query-input":{"@type":"PropertyValueSpecification","valueRequired":true,"valueName":"search_term_string"}}],"inLanguage":"en-US"},{"@type":["Organization","Place"],"@id":"https:\/\/ubirataonline.com.br\/#organization","name":"Ubirat\u00e3 Online Not\u00edcias","alternateName":"Ubirat\u00e3 Online","url":"https:\/\/ubirataonline.com.br\/","logo":{"@id":"https:\/\/ubirataonline.com.br\/ubergangsjahr-mit-tucken-droht-bayer-der-nachste-umbruch\/#local-main-organization-logo"},"image":{"@id":"https:\/\/ubirataonline.com.br\/ubergangsjahr-mit-tucken-droht-bayer-der-nachste-umbruch\/#local-main-organization-logo"},"sameAs":["https:\/\/www.facebook.com\/portalubirataonline","https:\/\/x.com\/ubirataonline","https:\/\/mastodon.social\/@ubirataonline","https:\/\/www.facebook.com\/groups\/311144672285604","https:\/\/www.facebook.com\/UBTAOnline","https:\/\/www.instagram.com\/portalubirataonline\/","https:\/\/twitter.com\/ubirataonline"],"description":"Somos um portal de not\u00edcias independente, criado em 5 de janeiro de 2009, com o objetivo de informar, conectar e valorizar a nossa comunidade de Ubirat\u00e3 e toda aregi\u00e3o. Com conte\u00fado atualizado, confi\u00e1vel e relevante, o Ubirat\u00e3 Online \u00e9 o seu espa\u00e7o para ficar por dentro dos principais acontecimentos locais, regionais, Brasil, Mundo e de interesse geral. Nosso compromisso \u00e9 com a verdade, a transpar\u00eancia e o respeito ao leitor.","legalName":"UBIRATA ONLINE NOT\u00cdCIAS","foundingDate":"2009-01-05","numberOfEmployees":{"@type":"QuantitativeValue","minValue":"1","maxValue":"10"},"publishingPrinciples":"https:\/\/ubirataonline.com.br\/faq\/","address":{"@id":"https:\/\/ubirataonline.com.br\/ubergangsjahr-mit-tucken-droht-bayer-der-nachste-umbruch\/#local-main-place-address"},"geo":{"@type":"GeoCoordinates","latitude":"-24.5361401","longitude":"-52.9921776"},"telephone":["+5544998308235"],"contactPoint":{"@type":"ContactPoint","email":"contato@ubirataonline.com.br"},"openingHoursSpecification":{"@type":"OpeningHoursSpecification","dayOfWeek":["Monday","Tuesday","Wednesday","Thursday","Friday","Saturday","Sunday"],"opens":"00:00","closes":"23:59"},"email":"contato@ubirataonline.com.br","vatID":"47.621.418\/0001-80"},{"@type":"Person","@id":"https:\/\/ubirataonline.com.br\/#\/schema\/person\/372f87bbd3fdd79b8556b84c98d0bc1c","name":"REDA\u00c7\u00c3O: UBIRAT\u00c3 ONLINE - F\u00c1BIO AUGUSTO CELESTINO","pronouns":"Ele","description":"Desde 2003 trabalhando com not\u00edcias.","sameAs":["http:\/\/ubirataoline.com.br","https:\/\/www.facebook.com\/portalubirataonline","https:\/\/www.instagram.com\/ubirataonline_oficial","https:\/\/x.com\/x.com\/ubirataonline"],"honorificPrefix":"Mr.","honorificSuffix":"MD","birthDate":"1980-06-16","gender":"masculino","award":["V\u00e1rios pr\u00eamios de melhor portal da cidade"],"jobTitle":"Diretor","url":"https:\/\/ubirataonline.com.br\/en\/author\/ubirataonline\/"},{"@type":"PostalAddress","@id":"https:\/\/ubirataonline.com.br\/ubergangsjahr-mit-tucken-droht-bayer-der-nachste-umbruch\/#local-main-place-address","streetAddress":"Rua dos Coqueiros, 104 - Bairro Boa Vista, Rua dos Coqueiros, 104 Bairro Boa Vista","addressLocality":"UBIRATA","postalCode":"85440-000","addressRegion":"PR","addressCountry":"BR"},{"@type":"ImageObject","inLanguage":"en-US","@id":"https:\/\/ubirataonline.com.br\/ubergangsjahr-mit-tucken-droht-bayer-der-nachste-umbruch\/#local-main-organization-logo","url":"https:\/\/ubirataonline.com.br\/wp-content\/uploads\/2026\/06\/logoubirataonline-1.webp","contentUrl":"https:\/\/ubirataonline.com.br\/wp-content\/uploads\/2026\/06\/logoubirataonline-1.webp","width":500,"height":500,"caption":"Ubirat\u00e3 Online Not\u00edcias"}]},"geo.placename":"UBIRATA","geo.position":{"lat":"-24.5361401","long":"-52.9921776"},"geo.region":"Brazil"},"_links":{"self":[{"href":"https:\/\/ubirataonline.com.br\/en\/wp-json\/wp\/v2\/posts\/104022","targetHints":{"allow":["GET"]}}],"collection":[{"href":"https:\/\/ubirataonline.com.br\/en\/wp-json\/wp\/v2\/posts"}],"about":[{"href":"https:\/\/ubirataonline.com.br\/en\/wp-json\/wp\/v2\/types\/post"}],"author":[{"embeddable":true,"href":"https:\/\/ubirataonline.com.br\/en\/wp-json\/wp\/v2\/users\/1"}],"replies":[{"embeddable":true,"href":"https:\/\/ubirataonline.com.br\/en\/wp-json\/wp\/v2\/comments?post=104022"}],"version-history":[{"count":0,"href":"https:\/\/ubirataonline.com.br\/en\/wp-json\/wp\/v2\/posts\/104022\/revisions"}],"wp:featuredmedia":[{"embeddable":true,"href":"https:\/\/ubirataonline.com.br\/en\/wp-json\/wp\/v2\/media\/104023"}],"wp:attachment":[{"href":"https:\/\/ubirataonline.com.br\/en\/wp-json\/wp\/v2\/media?parent=104022"}],"wp:term":[{"taxonomy":"category","embeddable":true,"href":"https:\/\/ubirataonline.com.br\/en\/wp-json\/wp\/v2\/categories?post=104022"},{"taxonomy":"post_tag","embeddable":true,"href":"https:\/\/ubirataonline.com.br\/en\/wp-json\/wp\/v2\/tags?post=104022"}],"curies":[{"name":"wp","href":"https:\/\/api.w.org\/{rel}","templated":true}]}}