{"id":104194,"date":"2026-04-11T13:46:59","date_gmt":"2026-04-11T16:46:59","guid":{"rendered":"https:\/\/ubirataonline.com.br\/palantir-ceo-says-ai-will-destroy-humanities-jobs\/"},"modified":"2026-04-11T13:47:03","modified_gmt":"2026-04-11T16:47:03","slug":"palantir-ceo-says-ai-will-destroy-humanities-jobs","status":"publish","type":"post","link":"https:\/\/ubirataonline.com.br\/en\/palantir-ceo-says-ai-will-destroy-humanities-jobs\/","title":{"rendered":"Palantir CEO says AI &#8216;will destroy&#8217; humanities jobs"},"content":{"rendered":"<p><\/p>\n<p>Some economists and experts say critical thinking and creativity will be more important than ever in the age of artificial intelligence, when an LLM can do much of the heavy lifting in coding or research. Take Benjamin Shiller, the Brandeis economics professor who <a aria-label=\"Go to https:\/\/fortune.com\/2026\/01\/16\/weirdness-premium-ai-economy-benjamin-shiller-brandeis-interview\/?showAdminBar=true\" href=\"https:\/\/fortune.com\/2026\/01\/16\/weirdness-premium-ai-economy-benjamin-shiller-brandeis-interview\/?showAdminBar=true\">recently told <em>Fortune<\/em><\/a> a \u201cweirdness premium\u201d will be valued in the labor market of the future. Alex Karp, the Palantir cofounder and CEO, isn\u2019t one of these voices.\u00a0<\/p>\n<div>\n<p>\u201cIt will destroy humanities jobs,\u201d Karp said when asked how AI will affect jobs in conversation with <a aria-label=\"Go to https:\/\/fortune.com\/company\/blackrock\/\" target=\"_blank\" href=\"https:\/\/fortune.com\/company\/blackrock\/\">BlackRock<\/a> CEO Larry Fink at the World Economic Forum\u2019s annual meeting in Davos, Switzerland, in January. \u201cYou went to an elite school, and you studied philosophy\u2014I\u2019ll use myself as an example\u2014hopefully, you have some other skill, that one is going to be hard to market.\u201d<\/p>\n<p>Karp attended Haverford College, a small, elite liberal arts college outside his hometown of Philadelphia. He earned a JD from Stanford Law School and a PhD in philosophy from Goethe University in Germany. He spoke about his own experience getting his first job.\u00a0<\/p>\n<p>Of his own career, Karp told Fink that he remembered thinking: \u201cI\u2019m not sure who\u2019s going to give me my first job.\u201d\u00a0<\/p>\n<p>The comments echoed past <a aria-label=\"Go to https:\/\/fortune.com\/2025\/11\/13\/palantir-ceo-alex-karp-prestigious-college-graduates-doomed-people-expert-knowledge-make-more-money\/\" href=\"https:\/\/fortune.com\/2025\/11\/13\/palantir-ceo-alex-karp-prestigious-college-graduates-doomed-people-expert-knowledge-make-more-money\/\">remarks<\/a> Karp has made about certain types of elite college graduates who lack specialized skills. <\/p>\n<p>\u201cIf you are the kind of person that would\u2019ve gone to Yale, classically high IQ, and you have generalized knowledge but it\u2019s not specific, you\u2019re effed,\u201d Karp said in <a aria-label=\"Go to https:\/\/www.axios.com\/2025\/11\/07\/palantir-ceo-alex-karp-interview-axios\" href=\"https:\/\/www.axios.com\/2025\/11\/07\/palantir-ceo-alex-karp-interview-axios\">an interview<\/a> with <em>Axios<\/em> in November.\u00a0<\/p>\n<h2 class=\"wp-block-heading\">Palantir CEO Alex Karp: AI will devastate liberal arts careers\u2014here\u2019s who he thinks will thrive<\/h2>\n<p>Karp recently expanded on his predictions for who is best prepared for the AI era.<\/p>\n<p>\u201cThere are basically two ways to know you have a future,\u201d the 58-year-old billionaire\u00a0<a aria-label=\"Go to https:\/\/www.youtube.com\/watch?v=Kz52OYklzvw\" target=\"_blank\" rel=\"noreferrer noopener\" href=\"https:\/\/www.youtube.com\/watch?v=Kz52OYklzvw\">said on\u00a0<em>TBPN<\/em><\/a>\u00a0on March 12. \u201cOne, you have some vocational training. Or two, you\u2019re neurodivergent.\u201d Karp <a aria-label=\"Go to https:\/\/fortune.com\/2025\/12\/03\/alex-karp-dyslexia-palantir-success\/\" href=\"https:\/\/fortune.com\/2025\/12\/03\/alex-karp-dyslexia-palantir-success\/\">has credited his own dyslexia<\/a>, a learning disability that can affect reading, writing, and information processing, for Palantir\u2019s success. More broadly,\u00a0<a aria-label=\"Go to https:\/\/fortune.com\/2025\/05\/16\/70-of-neurodiverse-adults-say-theyre-facing-increased-stigma-at-work-and-the-ongoing-corporate-rollback-of-dei-programs-could-make-the-situation-worse\/\" href=\"https:\/\/fortune.com\/2025\/05\/16\/70-of-neurodiverse-adults-say-theyre-facing-increased-stigma-at-work-and-the-ongoing-corporate-rollback-of-dei-programs-could-make-the-situation-worse\/\">neurodivergence<\/a>\u00a0can include conditions such as ADHD and autism.\u00a0<\/p>\n<p>Karp also predicted large-scale disruption for humanities graduates, Democratic voters, and women.<\/p>\n<p>\u201cThis technology disrupts humanities trained, largely Democratic voters, and makes their economic power less, and increases the power, economic power, vocationally trained, working class, often male voters, and, and, and so, these disruptions are going to disrupt every aspect of our society,\u201d he <a aria-label=\"Go to https:\/\/x.com\/atrupar\/status\/2032087538802848156\" href=\"https:\/\/x.com\/atrupar\/status\/2032087538802848156\">told<\/a> <em>CNBC<\/em>.<\/p>\n<p>Not every CEO agrees with Karp\u2019s assessment that humanities graduates are doomed. BlackRock COO Robert Goldstein <a aria-label=\"Go to https:\/\/fortune.com\/2024\/05\/17\/blackrock-coo-robert-goldstein-english-history-liberal-arts-hiring\/\" href=\"https:\/\/fortune.com\/2024\/05\/17\/blackrock-coo-robert-goldstein-english-history-liberal-arts-hiring\/\">told<\/a> <em>Fortune <\/em>in 2024 the company was recruiting graduates who studied \u201cthings that have nothing to do with finance or technology.\u201d\u00a0<\/p>\n<p><a aria-label=\"Go to https:\/\/fortune.com\/company\/mckinsey\/\" target=\"_blank\" href=\"https:\/\/fortune.com\/company\/mckinsey\/\">McKinsey<\/a> global managing partner Bob Sternfels recently said in an interview with <em>Harvard Business Review<\/em> the company is \u201clooking more at liberal arts majors, whom we had deprioritized, as potential sources of creativity,\u201d to break out of AI\u2019s linear problem-solving.\u00a0<\/p>\n<p>Karp has long been an advocate of vocational training over traditional college degrees. Last year, Palantir <a aria-label=\"Go to https:\/\/fortune.com\/2025\/11\/05\/palantir-colleges-no-longer-reliable-training-ground-gen-z-hire-22-high-school-students-fellowship\/\" href=\"https:\/\/fortune.com\/2025\/11\/05\/palantir-colleges-no-longer-reliable-training-ground-gen-z-hire-22-high-school-students-fellowship\/\">launched<\/a> a Meritocracy Fellowship, offering high school students a paid internship with the chance to interview for a full-time position at the end of four months.\u00a0<\/p>\n<p>The company criticized American universities for \u201cindoctrinating\u201d students and having \u201copaque\u201d admissions that \u201cdisplaced meritocracy and excellence,\u201d in their <a aria-label=\"Go to https:\/\/www.palantir.com\/careers\/meritocracy-fellowship\/\" href=\"https:\/\/www.palantir.com\/careers\/meritocracy-fellowship\/\">announcement<\/a> of the fellowship.\u00a0<\/p>\n<p>\u201cIf you did not go to school, or you went to a school that\u2019s not that great, or you went to Harvard or Princeton or Yale, once you come to Palantir, you\u2019re a Palantirian\u2014no one cares about the other stuff,\u201d Karp <a aria-label=\"Go to https:\/\/fortune.com\/2025\/08\/07\/billionaire-palantir-ceo-alex-karp-working-at-his-firm-better-than-harvard-yale-princeton-degree-does-not-matter-gen-z\/\" href=\"https:\/\/fortune.com\/2025\/08\/07\/billionaire-palantir-ceo-alex-karp-working-at-his-firm-better-than-harvard-yale-princeton-degree-does-not-matter-gen-z\/\">said during<\/a> a <a aria-label=\"Go to https:\/\/fortune.com\/company\/q2\/\" target=\"_blank\" href=\"https:\/\/fortune.com\/company\/q2\/\">Q2<\/a> earnings call last year.<\/p>\n<p>\u201cI think we need different ways of testing aptitude,\u201d Karp told Fink. He pointed to the former police officer who attended a junior college, who now manages the U.S. Army\u2019s Maven system, a Palantir-made AI tool that processes drone imagery and video.\u00a0\u00a0<\/p>\n<p>\u201cIn the past, the way we tested for aptitude would not have fully exposed how irreplaceable that person\u2019s talents are,\u201d he said.\u00a0<\/p>\n<p>Karp also gave the example of technicians building batteries at a battery company, saying those workers are \u201cvery valuable if not irreplaceable because we can make them into something different than what they were very rapidly.\u201d<\/p>\n<p>He said what he does all day at Palantir is \u201cfiguring out what is someone\u2019s outlier aptitude. Then I\u2019m putting them on that thing and trying to get them to stay on that thing and not on the five other things they think they\u2019re great at.\u201d\u00a0<\/p>\n<p>Karp\u2019s comments come as more employers report a <a aria-label=\"Go to https:\/\/fortune.com\/2025\/12\/12\/ai-skills-gap-talent-executives-fear-risk-critical-strategic-thinking\/\" href=\"https:\/\/fortune.com\/2025\/12\/12\/ai-skills-gap-talent-executives-fear-risk-critical-strategic-thinking\/\">gap<\/a> between the skills applicants are offering and what employers are looking for in a tough labor market. The unemployment rate for young workers ages 16 to 24 hit 10.4% in <a aria-label=\"Go to https:\/\/fred.stlouisfed.org\/series\/LNS14024887\" href=\"https:\/\/fred.stlouisfed.org\/series\/LNS14024887\">December<\/a> and is <a aria-label=\"Go to https:\/\/www.newyorkfed.org\/research\/college-labor-market#--:explore:unemployment\" href=\"https:\/\/www.newyorkfed.org\/research\/college-labor-market#--:explore:unemployment\">growing<\/a> among college graduates. Karp isn\u2019t too worried, though.\u00a0<\/p>\n<p>\u201cThere will be more than enough jobs for the citizens of your nation, especially those with vocational training,\u201d he said.\u00a0 <\/p>\n<p><em><em>A version of this story was published on Fortune.com on January 20, 2026.<\/em><\/em><\/p>\n<p>More on the future of work:<\/p>\n<ul class=\"wp-block-list\">\n<li>Jack Dorsey and Roelof Botha <a aria-label=\"Go to https:\/\/fortune.com\/2026\/04\/02\/jack-dorsey-roelof-botha-ai-middle-management\/\" href=\"https:\/\/fortune.com\/2026\/04\/02\/jack-dorsey-roelof-botha-ai-middle-management\/\">think AI <\/a>can make middle management obsolete\u00a0. <\/li>\n<li>Ford CEO Jim Farley says America <a aria-label=\"Go to https:\/\/fortune.com\/2026\/04\/02\/ford-ceo-jim-farley-essential-economy-blue-collar-goldman-sachs\/\" href=\"https:\/\/fortune.com\/2026\/04\/02\/ford-ceo-jim-farley-essential-economy-blue-collar-goldman-sachs\/\">is sleepwalking<\/a> past its \u2018essential economy\u2019 crisis. <\/li>\n<li><a aria-label=\"Go to https:\/\/fortune.com\/company\/nvidia\/\" target=\"_blank\" href=\"https:\/\/fortune.com\/company\/nvidia\/\">Nvidia<\/a> CEO Jensen Huang\u2019s advice to workers scared of AI. <\/li>\n<\/ul>\n<\/div>\n<p><a href=\"https:\/\/fortune.com\/article\/palantir-ceo-alex-karp-ai-humanities-jobs-vocational-training\/\">Source link <\/a><\/p>","protected":false},"excerpt":{"rendered":"<p>Some economists and experts say critical thinking and creativity will be more important than ever in the age of artificial intelligence, when an LLM can do much of the heavy lifting in coding or research. Take Benjamin Shiller, the Brandeis economics professor who recently told Fortune a \u201cweirdness premium\u201d will be valued in the labor [&hellip;]<\/p>\n","protected":false},"author":1,"featured_media":104195,"comment_status":"closed","ping_status":"","sticky":false,"template":"","format":"standard","meta":{"googlesitekit_rrm_CAow2JLhCw:productID":"","_gspb_post_css":"","maa_idioma":"","maa_pais":"","footnotes":""},"categories":[1],"tags":[6666,18922,26961,12852,16797],"class_list":["post-104194","post","type-post","status-publish","format-standard","has-post-thumbnail","hentry","category-ubirata","tag-ceo","tag-destroy","tag-humanities","tag-jobs","tag-palantir"],"blocksy_meta":[],"yoast_head":"<!-- This site is optimized with the Yoast SEO Premium plugin v27.6 (Yoast SEO v27.6) - https:\/\/yoast.com\/product\/yoast-seo-premium-wordpress\/ -->\n<title>Palantir CEO says AI &#039;will destroy&#039; humanities jobs - Ubirat\u00e3 Online Not\u00edcias - A realidade ao seu alcance!<\/title>\n<meta name=\"description\" content=\"Some economists and experts say critical thinking and creativity will be more important than ever in the age of artificial intelligence, when an LLM can\" \/>\n<meta name=\"robots\" content=\"index, follow, max-snippet:-1, max-image-preview:large, max-video-preview:-1\" \/>\n<link rel=\"canonical\" href=\"https:\/\/ubirataonline.com.br\/en\/palantir-ceo-says-ai-will-destroy-humanities-jobs\/\" \/>\n<meta property=\"og:locale\" content=\"en_US\" \/>\n<meta property=\"og:type\" content=\"article\" \/>\n<meta property=\"og:title\" content=\"Palantir CEO says AI &#039;will destroy&#039; humanities jobs\" \/>\n<meta property=\"og:description\" content=\"Some economists and experts say critical thinking and creativity will be more important than ever in the age of artificial intelligence, when an LLM can\" \/>\n<meta property=\"og:url\" content=\"https:\/\/ubirataonline.com.br\/en\/palantir-ceo-says-ai-will-destroy-humanities-jobs\/\" \/>\n<meta property=\"og:site_name\" content=\"Ubirat\u00e3 Online Not\u00edcias - A realidade ao seu alcance!\" \/>\n<meta property=\"article:publisher\" content=\"https:\/\/www.facebook.com\/portalubirataonline\" \/>\n<meta property=\"article:author\" content=\"https:\/\/www.facebook.com\/portalubirataonline\" \/>\n<meta property=\"article:published_time\" content=\"2026-04-11T16:46:59+00:00\" \/>\n<meta property=\"article:modified_time\" content=\"2026-04-11T16:47:03+00:00\" \/>\n<meta property=\"og:image\" content=\"https:\/\/ubirataonline.com.br\/wp-content\/uploads\/2026\/04\/Palantir-CEO-says-AI-will-destroy-humanities-jobs.jpg\" \/>\n\t<meta property=\"og:image:width\" content=\"1200\" \/>\n\t<meta property=\"og:image:height\" content=\"600\" \/>\n\t<meta property=\"og:image:type\" content=\"image\/jpeg\" \/>\n<meta name=\"author\" content=\"REDA\u00c7\u00c3O: UBIRAT\u00c3 ONLINE - F\u00c1BIO AUGUSTO CELESTINO\" \/>\n<meta name=\"twitter:card\" content=\"summary_large_image\" \/>\n<meta name=\"twitter:creator\" content=\"@x.com\/ubirataonline\" \/>\n<meta name=\"twitter:site\" content=\"@ubirataonline\" \/>\n<meta name=\"twitter:label1\" content=\"Written by\" \/>\n\t<meta name=\"twitter:data1\" content=\"REDA\u00c7\u00c3O: UBIRAT\u00c3 ONLINE - F\u00c1BIO AUGUSTO CELESTINO\" \/>\n\t<meta name=\"twitter:label2\" content=\"Est. reading time\" \/>\n\t<meta name=\"twitter:data2\" content=\"4 minutes\" \/>\n<script type=\"application\/ld+json\" class=\"yoast-schema-graph\">{\"@context\":\"https:\\\/\\\/schema.org\",\"@graph\":[{\"@type\":\"NewsArticle\",\"@id\":\"https:\\\/\\\/ubirataonline.com.br\\\/palantir-ceo-says-ai-will-destroy-humanities-jobs\\\/#article\",\"isPartOf\":{\"@id\":\"https:\\\/\\\/ubirataonline.com.br\\\/palantir-ceo-says-ai-will-destroy-humanities-jobs\\\/\"},\"author\":{\"name\":\"REDA\u00c7\u00c3O: UBIRAT\u00c3 ONLINE - F\u00c1BIO AUGUSTO CELESTINO\",\"@id\":\"https:\\\/\\\/ubirataonline.com.br\\\/#\\\/schema\\\/person\\\/372f87bbd3fdd79b8556b84c98d0bc1c\"},\"headline\":\"Palantir CEO says AI &#8216;will destroy&#8217; humanities jobs\",\"datePublished\":\"2026-04-11T16:46:59+00:00\",\"dateModified\":\"2026-04-11T16:47:03+00:00\",\"mainEntityOfPage\":{\"@id\":\"https:\\\/\\\/ubirataonline.com.br\\\/palantir-ceo-says-ai-will-destroy-humanities-jobs\\\/\"},\"wordCount\":894,\"publisher\":{\"@id\":\"https:\\\/\\\/ubirataonline.com.br\\\/#organization\"},\"image\":{\"@id\":\"https:\\\/\\\/ubirataonline.com.br\\\/palantir-ceo-says-ai-will-destroy-humanities-jobs\\\/#primaryimage\"},\"thumbnailUrl\":\"https:\\\/\\\/ubirataonline.com.br\\\/wp-content\\\/uploads\\\/2026\\\/04\\\/Palantir-CEO-says-AI-will-destroy-humanities-jobs.jpg\",\"keywords\":[\"CEO\",\"destroy\",\"humanities\",\"jobs\",\"Palantir\"],\"articleSection\":[\"Ubirat\u00e3\"],\"inLanguage\":\"en-US\",\"copyrightYear\":\"2026\",\"copyrightHolder\":{\"@id\":\"https:\\\/\\\/ubirataonline.com.br\\\/en\\\/#organization\"}},{\"@type\":\"WebPage\",\"@id\":\"https:\\\/\\\/ubirataonline.com.br\\\/palantir-ceo-says-ai-will-destroy-humanities-jobs\\\/\",\"url\":\"https:\\\/\\\/ubirataonline.com.br\\\/palantir-ceo-says-ai-will-destroy-humanities-jobs\\\/\",\"name\":\"Palantir CEO says AI 'will destroy' humanities jobs - Ubirat\u00e3 Online Not\u00edcias - A realidade ao seu alcance!\",\"isPartOf\":{\"@id\":\"https:\\\/\\\/ubirataonline.com.br\\\/#website\"},\"primaryImageOfPage\":{\"@id\":\"https:\\\/\\\/ubirataonline.com.br\\\/palantir-ceo-says-ai-will-destroy-humanities-jobs\\\/#primaryimage\"},\"image\":{\"@id\":\"https:\\\/\\\/ubirataonline.com.br\\\/palantir-ceo-says-ai-will-destroy-humanities-jobs\\\/#primaryimage\"},\"thumbnailUrl\":\"https:\\\/\\\/ubirataonline.com.br\\\/wp-content\\\/uploads\\\/2026\\\/04\\\/Palantir-CEO-says-AI-will-destroy-humanities-jobs.jpg\",\"datePublished\":\"2026-04-11T16:46:59+00:00\",\"dateModified\":\"2026-04-11T16:47:03+00:00\",\"description\":\"Some economists and experts say critical thinking and creativity will be more important than ever in the age of artificial intelligence, when an LLM can\",\"breadcrumb\":{\"@id\":\"https:\\\/\\\/ubirataonline.com.br\\\/palantir-ceo-says-ai-will-destroy-humanities-jobs\\\/#breadcrumb\"},\"inLanguage\":\"en-US\",\"potentialAction\":[{\"@type\":\"ReadAction\",\"target\":[\"https:\\\/\\\/ubirataonline.com.br\\\/palantir-ceo-says-ai-will-destroy-humanities-jobs\\\/\"]}]},{\"@type\":\"ImageObject\",\"inLanguage\":\"en-US\",\"@id\":\"https:\\\/\\\/ubirataonline.com.br\\\/palantir-ceo-says-ai-will-destroy-humanities-jobs\\\/#primaryimage\",\"url\":\"https:\\\/\\\/ubirataonline.com.br\\\/wp-content\\\/uploads\\\/2026\\\/04\\\/Palantir-CEO-says-AI-will-destroy-humanities-jobs.jpg\",\"contentUrl\":\"https:\\\/\\\/ubirataonline.com.br\\\/wp-content\\\/uploads\\\/2026\\\/04\\\/Palantir-CEO-says-AI-will-destroy-humanities-jobs.jpg\",\"width\":1200,\"height\":600,\"caption\":\"Palantir CEO says AI 'will destroy' humanities jobs\"},{\"@type\":\"BreadcrumbList\",\"@id\":\"https:\\\/\\\/ubirataonline.com.br\\\/palantir-ceo-says-ai-will-destroy-humanities-jobs\\\/#breadcrumb\",\"itemListElement\":[{\"@type\":\"ListItem\",\"position\":1,\"name\":\"In\u00edcio\",\"item\":\"https:\\\/\\\/ubirataonline.com.br\\\/\"},{\"@type\":\"ListItem\",\"position\":2,\"name\":\"Palantir CEO says AI &#8216;will destroy&#8217; humanities jobs\"}]},{\"@type\":\"WebSite\",\"@id\":\"https:\\\/\\\/ubirataonline.com.br\\\/#website\",\"url\":\"https:\\\/\\\/ubirataonline.com.br\\\/\",\"name\":\"Ubirat\u00e3 Online Not\u00edcias\",\"description\":\"Not\u00edcias de Ubirat\u00e3, regi\u00e3o, Brasil e mundo, com informa\u00e7\u00e3o atualizada e compromisso com o leitor.\",\"publisher\":{\"@id\":\"https:\\\/\\\/ubirataonline.com.br\\\/#organization\"},\"alternateName\":\"Ubirat\u00e3 Online\",\"potentialAction\":[{\"@type\":\"SearchAction\",\"target\":{\"@type\":\"EntryPoint\",\"urlTemplate\":\"https:\\\/\\\/ubirataonline.com.br\\\/?s={search_term_string}\"},\"query-input\":{\"@type\":\"PropertyValueSpecification\",\"valueRequired\":true,\"valueName\":\"search_term_string\"}}],\"inLanguage\":\"en-US\"},{\"@type\":[\"Organization\",\"Place\"],\"@id\":\"https:\\\/\\\/ubirataonline.com.br\\\/#organization\",\"name\":\"Ubirat\u00e3 Online Not\u00edcias\",\"alternateName\":\"Ubirat\u00e3 Online\",\"url\":\"https:\\\/\\\/ubirataonline.com.br\\\/\",\"logo\":{\"@id\":\"https:\\\/\\\/ubirataonline.com.br\\\/palantir-ceo-says-ai-will-destroy-humanities-jobs\\\/#local-main-organization-logo\"},\"image\":{\"@id\":\"https:\\\/\\\/ubirataonline.com.br\\\/palantir-ceo-says-ai-will-destroy-humanities-jobs\\\/#local-main-organization-logo\"},\"sameAs\":[\"https:\\\/\\\/www.facebook.com\\\/portalubirataonline\",\"https:\\\/\\\/x.com\\\/ubirataonline\",\"https:\\\/\\\/mastodon.social\\\/@ubirataonline\",\"https:\\\/\\\/www.facebook.com\\\/groups\\\/311144672285604\",\"https:\\\/\\\/www.facebook.com\\\/UBTAOnline\",\"https:\\\/\\\/www.instagram.com\\\/portalubirataonline\\\/\",\"https:\\\/\\\/twitter.com\\\/ubirataonline\"],\"description\":\"Somos um portal de not\u00edcias independente, criado em 5 de janeiro de 2009, com o objetivo de informar, conectar e valorizar a nossa comunidade de Ubirat\u00e3 e toda aregi\u00e3o. Com conte\u00fado atualizado, confi\u00e1vel e relevante, o Ubirat\u00e3 Online \u00e9 o seu espa\u00e7o para ficar por dentro dos principais acontecimentos locais, regionais, Brasil, Mundo e de interesse geral. Nosso compromisso \u00e9 com a verdade, a transpar\u00eancia e o respeito ao leitor.\",\"legalName\":\"UBIRATA ONLINE NOT\u00cdCIAS\",\"foundingDate\":\"2009-01-05\",\"numberOfEmployees\":{\"@type\":\"QuantitativeValue\",\"minValue\":\"1\",\"maxValue\":\"10\"},\"publishingPrinciples\":\"https:\\\/\\\/ubirataonline.com.br\\\/faq\\\/\",\"address\":{\"@id\":\"https:\\\/\\\/ubirataonline.com.br\\\/palantir-ceo-says-ai-will-destroy-humanities-jobs\\\/#local-main-place-address\"},\"geo\":{\"@type\":\"GeoCoordinates\",\"latitude\":\"-24.5361401\",\"longitude\":\"-52.9921776\"},\"telephone\":[\"+5544998308235\"],\"contactPoint\":{\"@type\":\"ContactPoint\",\"email\":\"contato@ubirataonline.com.br\"},\"openingHoursSpecification\":{\"@type\":\"OpeningHoursSpecification\",\"dayOfWeek\":[\"Monday\",\"Tuesday\",\"Wednesday\",\"Thursday\",\"Friday\",\"Saturday\",\"Sunday\"],\"opens\":\"00:00\",\"closes\":\"23:59\"},\"email\":\"contato@ubirataonline.com.br\",\"vatID\":\"47.621.418\\\/0001-80\"},{\"@type\":\"Person\",\"@id\":\"https:\\\/\\\/ubirataonline.com.br\\\/#\\\/schema\\\/person\\\/372f87bbd3fdd79b8556b84c98d0bc1c\",\"name\":\"REDA\u00c7\u00c3O: UBIRAT\u00c3 ONLINE - F\u00c1BIO AUGUSTO CELESTINO\",\"pronouns\":\"Ele\",\"description\":\"Desde 2003 trabalhando com not\u00edcias.\",\"sameAs\":[\"http:\\\/\\\/ubirataoline.com.br\",\"https:\\\/\\\/www.facebook.com\\\/portalubirataonline\",\"https:\\\/\\\/www.instagram.com\\\/ubirataonline_oficial\",\"https:\\\/\\\/x.com\\\/x.com\\\/ubirataonline\"],\"honorificPrefix\":\"Mr.\",\"honorificSuffix\":\"MD\",\"birthDate\":\"1980-06-16\",\"gender\":\"masculino\",\"award\":[\"V\u00e1rios pr\u00eamios de melhor portal da cidade\"],\"jobTitle\":\"Diretor\",\"url\":\"https:\\\/\\\/ubirataonline.com.br\\\/en\\\/author\\\/ubirataonline\\\/\"},{\"@type\":\"PostalAddress\",\"@id\":\"https:\\\/\\\/ubirataonline.com.br\\\/palantir-ceo-says-ai-will-destroy-humanities-jobs\\\/#local-main-place-address\",\"streetAddress\":\"Rua dos Coqueiros, 104 - Bairro Boa Vista, Rua dos Coqueiros, 104 Bairro Boa Vista\",\"addressLocality\":\"UBIRATA\",\"postalCode\":\"85440-000\",\"addressRegion\":\"PR\",\"addressCountry\":\"BR\"},{\"@type\":\"ImageObject\",\"inLanguage\":\"en-US\",\"@id\":\"https:\\\/\\\/ubirataonline.com.br\\\/palantir-ceo-says-ai-will-destroy-humanities-jobs\\\/#local-main-organization-logo\",\"url\":\"https:\\\/\\\/ubirataonline.com.br\\\/wp-content\\\/uploads\\\/2026\\\/06\\\/logoubirataonline-1.webp\",\"contentUrl\":\"https:\\\/\\\/ubirataonline.com.br\\\/wp-content\\\/uploads\\\/2026\\\/06\\\/logoubirataonline-1.webp\",\"width\":500,\"height\":500,\"caption\":\"Ubirat\u00e3 Online Not\u00edcias\"}]}<\/script>\n<meta name=\"geo.placename\" content=\"UBIRATA\" \/>\n<meta name=\"geo.position\" content=\"-24.5361401;-52.9921776\" \/>\n<meta name=\"geo.region\" content=\"Brazil\" \/>\n<!-- \/ Yoast SEO Premium plugin. -->","yoast_head_json":{"title":"Palantir CEO says AI 'will destroy' humanities jobs - Ubirat\u00e3 Online Not\u00edcias - A realidade ao seu alcance!","description":"Some economists and experts say critical thinking and creativity will be more important than ever in the age of artificial intelligence, when an LLM can","robots":{"index":"index","follow":"follow","max-snippet":"max-snippet:-1","max-image-preview":"max-image-preview:large","max-video-preview":"max-video-preview:-1"},"canonical":"https:\/\/ubirataonline.com.br\/en\/palantir-ceo-says-ai-will-destroy-humanities-jobs\/","og_locale":"en_US","og_type":"article","og_title":"Palantir CEO says AI 'will destroy' humanities jobs","og_description":"Some economists and experts say critical thinking and creativity will be more important than ever in the age of artificial intelligence, when an LLM can","og_url":"https:\/\/ubirataonline.com.br\/en\/palantir-ceo-says-ai-will-destroy-humanities-jobs\/","og_site_name":"Ubirat\u00e3 Online Not\u00edcias - A realidade ao seu alcance!","article_publisher":"https:\/\/www.facebook.com\/portalubirataonline","article_author":"https:\/\/www.facebook.com\/portalubirataonline","article_published_time":"2026-04-11T16:46:59+00:00","article_modified_time":"2026-04-11T16:47:03+00:00","og_image":[{"width":1200,"height":600,"url":"https:\/\/ubirataonline.com.br\/wp-content\/uploads\/2026\/04\/Palantir-CEO-says-AI-will-destroy-humanities-jobs.jpg","type":"image\/jpeg"}],"author":"REDA\u00c7\u00c3O: UBIRAT\u00c3 ONLINE - F\u00c1BIO AUGUSTO CELESTINO","twitter_card":"summary_large_image","twitter_creator":"@x.com\/ubirataonline","twitter_site":"@ubirataonline","twitter_misc":{"Written by":"REDA\u00c7\u00c3O: UBIRAT\u00c3 ONLINE - F\u00c1BIO AUGUSTO CELESTINO","Est. reading time":"4 minutes"},"schema":{"@context":"https:\/\/schema.org","@graph":[{"@type":"NewsArticle","@id":"https:\/\/ubirataonline.com.br\/palantir-ceo-says-ai-will-destroy-humanities-jobs\/#article","isPartOf":{"@id":"https:\/\/ubirataonline.com.br\/palantir-ceo-says-ai-will-destroy-humanities-jobs\/"},"author":{"name":"REDA\u00c7\u00c3O: UBIRAT\u00c3 ONLINE - F\u00c1BIO AUGUSTO CELESTINO","@id":"https:\/\/ubirataonline.com.br\/#\/schema\/person\/372f87bbd3fdd79b8556b84c98d0bc1c"},"headline":"Palantir CEO says AI &#8216;will destroy&#8217; humanities jobs","datePublished":"2026-04-11T16:46:59+00:00","dateModified":"2026-04-11T16:47:03+00:00","mainEntityOfPage":{"@id":"https:\/\/ubirataonline.com.br\/palantir-ceo-says-ai-will-destroy-humanities-jobs\/"},"wordCount":894,"publisher":{"@id":"https:\/\/ubirataonline.com.br\/#organization"},"image":{"@id":"https:\/\/ubirataonline.com.br\/palantir-ceo-says-ai-will-destroy-humanities-jobs\/#primaryimage"},"thumbnailUrl":"https:\/\/ubirataonline.com.br\/wp-content\/uploads\/2026\/04\/Palantir-CEO-says-AI-will-destroy-humanities-jobs.jpg","keywords":["CEO","destroy","humanities","jobs","Palantir"],"articleSection":["Ubirat\u00e3"],"inLanguage":"en-US","copyrightYear":"2026","copyrightHolder":{"@id":"https:\/\/ubirataonline.com.br\/en\/#organization"}},{"@type":"WebPage","@id":"https:\/\/ubirataonline.com.br\/palantir-ceo-says-ai-will-destroy-humanities-jobs\/","url":"https:\/\/ubirataonline.com.br\/palantir-ceo-says-ai-will-destroy-humanities-jobs\/","name":"Palantir CEO says AI 'will destroy' humanities jobs - Ubirat\u00e3 Online Not\u00edcias - A realidade ao seu alcance!","isPartOf":{"@id":"https:\/\/ubirataonline.com.br\/#website"},"primaryImageOfPage":{"@id":"https:\/\/ubirataonline.com.br\/palantir-ceo-says-ai-will-destroy-humanities-jobs\/#primaryimage"},"image":{"@id":"https:\/\/ubirataonline.com.br\/palantir-ceo-says-ai-will-destroy-humanities-jobs\/#primaryimage"},"thumbnailUrl":"https:\/\/ubirataonline.com.br\/wp-content\/uploads\/2026\/04\/Palantir-CEO-says-AI-will-destroy-humanities-jobs.jpg","datePublished":"2026-04-11T16:46:59+00:00","dateModified":"2026-04-11T16:47:03+00:00","description":"Some economists and experts say critical thinking and creativity will be more important than ever in the age of artificial intelligence, when an LLM can","breadcrumb":{"@id":"https:\/\/ubirataonline.com.br\/palantir-ceo-says-ai-will-destroy-humanities-jobs\/#breadcrumb"},"inLanguage":"en-US","potentialAction":[{"@type":"ReadAction","target":["https:\/\/ubirataonline.com.br\/palantir-ceo-says-ai-will-destroy-humanities-jobs\/"]}]},{"@type":"ImageObject","inLanguage":"en-US","@id":"https:\/\/ubirataonline.com.br\/palantir-ceo-says-ai-will-destroy-humanities-jobs\/#primaryimage","url":"https:\/\/ubirataonline.com.br\/wp-content\/uploads\/2026\/04\/Palantir-CEO-says-AI-will-destroy-humanities-jobs.jpg","contentUrl":"https:\/\/ubirataonline.com.br\/wp-content\/uploads\/2026\/04\/Palantir-CEO-says-AI-will-destroy-humanities-jobs.jpg","width":1200,"height":600,"caption":"Palantir CEO says AI 'will destroy' humanities jobs"},{"@type":"BreadcrumbList","@id":"https:\/\/ubirataonline.com.br\/palantir-ceo-says-ai-will-destroy-humanities-jobs\/#breadcrumb","itemListElement":[{"@type":"ListItem","position":1,"name":"In\u00edcio","item":"https:\/\/ubirataonline.com.br\/"},{"@type":"ListItem","position":2,"name":"Palantir CEO says AI &#8216;will destroy&#8217; humanities jobs"}]},{"@type":"WebSite","@id":"https:\/\/ubirataonline.com.br\/#website","url":"https:\/\/ubirataonline.com.br\/","name":"Ubirat\u00e3 Online Not\u00edcias","description":"Not\u00edcias de Ubirat\u00e3, regi\u00e3o, Brasil e mundo, com informa\u00e7\u00e3o atualizada e compromisso com o leitor.","publisher":{"@id":"https:\/\/ubirataonline.com.br\/#organization"},"alternateName":"Ubirat\u00e3 Online","potentialAction":[{"@type":"SearchAction","target":{"@type":"EntryPoint","urlTemplate":"https:\/\/ubirataonline.com.br\/?s={search_term_string}"},"query-input":{"@type":"PropertyValueSpecification","valueRequired":true,"valueName":"search_term_string"}}],"inLanguage":"en-US"},{"@type":["Organization","Place"],"@id":"https:\/\/ubirataonline.com.br\/#organization","name":"Ubirat\u00e3 Online Not\u00edcias","alternateName":"Ubirat\u00e3 Online","url":"https:\/\/ubirataonline.com.br\/","logo":{"@id":"https:\/\/ubirataonline.com.br\/palantir-ceo-says-ai-will-destroy-humanities-jobs\/#local-main-organization-logo"},"image":{"@id":"https:\/\/ubirataonline.com.br\/palantir-ceo-says-ai-will-destroy-humanities-jobs\/#local-main-organization-logo"},"sameAs":["https:\/\/www.facebook.com\/portalubirataonline","https:\/\/x.com\/ubirataonline","https:\/\/mastodon.social\/@ubirataonline","https:\/\/www.facebook.com\/groups\/311144672285604","https:\/\/www.facebook.com\/UBTAOnline","https:\/\/www.instagram.com\/portalubirataonline\/","https:\/\/twitter.com\/ubirataonline"],"description":"Somos um portal de not\u00edcias independente, criado em 5 de janeiro de 2009, com o objetivo de informar, conectar e valorizar a nossa comunidade de Ubirat\u00e3 e toda aregi\u00e3o. Com conte\u00fado atualizado, confi\u00e1vel e relevante, o Ubirat\u00e3 Online \u00e9 o seu espa\u00e7o para ficar por dentro dos principais acontecimentos locais, regionais, Brasil, Mundo e de interesse geral. Nosso compromisso \u00e9 com a verdade, a transpar\u00eancia e o respeito ao leitor.","legalName":"UBIRATA ONLINE NOT\u00cdCIAS","foundingDate":"2009-01-05","numberOfEmployees":{"@type":"QuantitativeValue","minValue":"1","maxValue":"10"},"publishingPrinciples":"https:\/\/ubirataonline.com.br\/faq\/","address":{"@id":"https:\/\/ubirataonline.com.br\/palantir-ceo-says-ai-will-destroy-humanities-jobs\/#local-main-place-address"},"geo":{"@type":"GeoCoordinates","latitude":"-24.5361401","longitude":"-52.9921776"},"telephone":["+5544998308235"],"contactPoint":{"@type":"ContactPoint","email":"contato@ubirataonline.com.br"},"openingHoursSpecification":{"@type":"OpeningHoursSpecification","dayOfWeek":["Monday","Tuesday","Wednesday","Thursday","Friday","Saturday","Sunday"],"opens":"00:00","closes":"23:59"},"email":"contato@ubirataonline.com.br","vatID":"47.621.418\/0001-80"},{"@type":"Person","@id":"https:\/\/ubirataonline.com.br\/#\/schema\/person\/372f87bbd3fdd79b8556b84c98d0bc1c","name":"REDA\u00c7\u00c3O: UBIRAT\u00c3 ONLINE - F\u00c1BIO AUGUSTO CELESTINO","pronouns":"Ele","description":"Desde 2003 trabalhando com not\u00edcias.","sameAs":["http:\/\/ubirataoline.com.br","https:\/\/www.facebook.com\/portalubirataonline","https:\/\/www.instagram.com\/ubirataonline_oficial","https:\/\/x.com\/x.com\/ubirataonline"],"honorificPrefix":"Mr.","honorificSuffix":"MD","birthDate":"1980-06-16","gender":"masculino","award":["V\u00e1rios pr\u00eamios de melhor portal da cidade"],"jobTitle":"Diretor","url":"https:\/\/ubirataonline.com.br\/en\/author\/ubirataonline\/"},{"@type":"PostalAddress","@id":"https:\/\/ubirataonline.com.br\/palantir-ceo-says-ai-will-destroy-humanities-jobs\/#local-main-place-address","streetAddress":"Rua dos Coqueiros, 104 - Bairro Boa Vista, Rua dos Coqueiros, 104 Bairro Boa Vista","addressLocality":"UBIRATA","postalCode":"85440-000","addressRegion":"PR","addressCountry":"BR"},{"@type":"ImageObject","inLanguage":"en-US","@id":"https:\/\/ubirataonline.com.br\/palantir-ceo-says-ai-will-destroy-humanities-jobs\/#local-main-organization-logo","url":"https:\/\/ubirataonline.com.br\/wp-content\/uploads\/2026\/06\/logoubirataonline-1.webp","contentUrl":"https:\/\/ubirataonline.com.br\/wp-content\/uploads\/2026\/06\/logoubirataonline-1.webp","width":500,"height":500,"caption":"Ubirat\u00e3 Online Not\u00edcias"}]},"geo.placename":"UBIRATA","geo.position":{"lat":"-24.5361401","long":"-52.9921776"},"geo.region":"Brazil"},"_links":{"self":[{"href":"https:\/\/ubirataonline.com.br\/en\/wp-json\/wp\/v2\/posts\/104194","targetHints":{"allow":["GET"]}}],"collection":[{"href":"https:\/\/ubirataonline.com.br\/en\/wp-json\/wp\/v2\/posts"}],"about":[{"href":"https:\/\/ubirataonline.com.br\/en\/wp-json\/wp\/v2\/types\/post"}],"author":[{"embeddable":true,"href":"https:\/\/ubirataonline.com.br\/en\/wp-json\/wp\/v2\/users\/1"}],"replies":[{"embeddable":true,"href":"https:\/\/ubirataonline.com.br\/en\/wp-json\/wp\/v2\/comments?post=104194"}],"version-history":[{"count":0,"href":"https:\/\/ubirataonline.com.br\/en\/wp-json\/wp\/v2\/posts\/104194\/revisions"}],"wp:featuredmedia":[{"embeddable":true,"href":"https:\/\/ubirataonline.com.br\/en\/wp-json\/wp\/v2\/media\/104195"}],"wp:attachment":[{"href":"https:\/\/ubirataonline.com.br\/en\/wp-json\/wp\/v2\/media?parent=104194"}],"wp:term":[{"taxonomy":"category","embeddable":true,"href":"https:\/\/ubirataonline.com.br\/en\/wp-json\/wp\/v2\/categories?post=104194"},{"taxonomy":"post_tag","embeddable":true,"href":"https:\/\/ubirataonline.com.br\/en\/wp-json\/wp\/v2\/tags?post=104194"}],"curies":[{"name":"wp","href":"https:\/\/api.w.org\/{rel}","templated":true}]}}