{"id":104284,"date":"2026-04-11T15:48:03","date_gmt":"2026-04-11T18:48:03","guid":{"rendered":"https:\/\/ubirataonline.com.br\/hugo-motta-diz-que-ve-de-forma-positiva-escolha-de-guimaraes-para-sri\/"},"modified":"2026-04-11T15:48:06","modified_gmt":"2026-04-11T18:48:06","slug":"hugo-motta-diz-que-ve-de-forma-positiva-escolha-de-guimaraes-para-sri","status":"publish","type":"post","link":"https:\/\/ubirataonline.com.br\/en\/hugo-motta-diz-que-ve-de-forma-positiva-escolha-de-guimaraes-para-sri\/","title":{"rendered":"Hugo Motta diz que v\u00ea de forma positiva escolha de Guimar\u00e3es para SRI"},"content":{"rendered":"<p><\/p>\n<div id=\"texto\">\n<p>O presidente da C\u00e2mara dos Deputados, Hugo Motta (Republicanos-PB), afirmou ao <b>Broadcast Pol\u00edtico<\/b> neste s\u00e1bado, 11, que v\u00ea de forma positiva a decis\u00e3o do presidente Luiz In\u00e1cio Lula da Silva (PT) de escolher o deputado federal Jos\u00e9 Guimar\u00e3es (PT) para chefiar a Secretaria de Rela\u00e7\u00f5es Institucionais (SRI).<\/p>\n<p>\u201cVi de forma positiva\u201d, disse o presidente da C\u00e2mara \u00e0 reportagem. \u201cEle \u00e9 experiente, moderado e respeitado pelos l\u00edderes\u201d, acrescentou. As declara\u00e7\u00f5es ocorrem pouco depois de Guimar\u00e3es ter anunciado na rede social X que tomar\u00e1 posse como ministro na pr\u00f3xima ter\u00e7a-feira, 14. <\/p>\n<p>A chefia da Secretaria de Rela\u00e7\u00f5es Institucionais tem, entre as responsabilidades, coordenar a articula\u00e7\u00e3o pol\u00edtica do governo com o Congresso Nacional e gerenciar a execu\u00e7\u00e3o or\u00e7ament\u00e1ria e financeira de emendas parlamentares.<\/p>\n<p>Desde o in\u00edcio da atual gest\u00e3o do presidente Luiz In\u00e1cio Lula da Silva (PT), Guimar\u00e3es ocupava a lideran\u00e7a do governo na C\u00e2mara dos Deputados. <\/p>\n<p>Um dos desafios do novo ministro ser\u00e1 levar adiante a proposta de fim da escala 6\u00d71 e a regulamenta\u00e7\u00e3o do trabalho por aplicativos, quest\u00f5es que t\u00eam provocado controv\u00e9rsias no Congresso Nacional.<\/p>\n<p>Antes de Guimar\u00e3es, a pasta era chefiada pela deputada federal Gleisi Hoffmann (PT-PR). Gleisi havia tomado posse da Secretaria em mar\u00e7o de 2025 e deixou o cargo neste m\u00eas. A ex-ministra deve se candidatar ao Senado pelo Paran\u00e1 nas elei\u00e7\u00f5es deste ano. <\/p>\n<\/p><\/div>\n<p><a href=\"https:\/\/cgn.inf.br\/noticia\/2082705\/hugo-motta-diz-que-ve-de-forma-positiva-escolha-de-guimaraes-para-sri\">Fonte do Artigo <\/a><\/p>","protected":false},"excerpt":{"rendered":"<p>O presidente da C\u00e2mara dos Deputados, Hugo Motta (Republicanos-PB), afirmou ao Broadcast Pol\u00edtico neste s\u00e1bado, 11, que v\u00ea de forma positiva a decis\u00e3o do presidente Luiz In\u00e1cio Lula da Silva (PT) de escolher o deputado federal Jos\u00e9 Guimar\u00e3es (PT) para chefiar a Secretaria de Rela\u00e7\u00f5es Institucionais (SRI). \u201cVi de forma positiva\u201d, disse o presidente da [&hellip;]<\/p>\n","protected":false},"author":1,"featured_media":92994,"comment_status":"closed","ping_status":"","sticky":false,"template":"","format":"standard","meta":{"googlesitekit_rrm_CAow2JLhCw:productID":"","_gspb_post_css":"","maa_idioma":"","maa_pais":"","footnotes":""},"categories":[1],"tags":[3031,11432,3639,5154,7040,4998,2904,26985,13228,7064],"class_list":["post-104284","post","type-post","status-publish","format-standard","has-post-thumbnail","hentry","category-ubirata","tag-diz","tag-escolha","tag-forma","tag-guimaraes","tag-hugo","tag-motta","tag-para","tag-positiva","tag-sri","tag-ve"],"blocksy_meta":[],"yoast_head":"<!-- This site is optimized with the Yoast SEO Premium plugin v27.6 (Yoast SEO v27.6) - https:\/\/yoast.com\/product\/yoast-seo-premium-wordpress\/ -->\n<title>Hugo Motta diz que v\u00ea de forma positiva escolha de Guimar\u00e3es para SRI - Ubirat\u00e3 Online Not\u00edcias - A realidade ao seu alcance!<\/title>\n<meta name=\"description\" content=\"O presidente da C\u00e2mara dos Deputados, Hugo Motta (Republicanos-PB), afirmou ao Broadcast Pol\u00edtico neste s\u00e1bado, 11, que v\u00ea de forma positiva a decis\u00e3o do\" \/>\n<meta name=\"robots\" content=\"index, follow, max-snippet:-1, max-image-preview:large, max-video-preview:-1\" \/>\n<link rel=\"canonical\" href=\"https:\/\/ubirataonline.com.br\/en\/hugo-motta-diz-que-ve-de-forma-positiva-escolha-de-guimaraes-para-sri\/\" \/>\n<meta property=\"og:locale\" content=\"en_US\" \/>\n<meta property=\"og:type\" content=\"article\" \/>\n<meta property=\"og:title\" content=\"Hugo Motta diz que v\u00ea de forma positiva escolha de Guimar\u00e3es para SRI\" \/>\n<meta property=\"og:description\" content=\"O presidente da C\u00e2mara dos Deputados, Hugo Motta (Republicanos-PB), afirmou ao Broadcast Pol\u00edtico neste s\u00e1bado, 11, que v\u00ea de forma positiva a decis\u00e3o do\" \/>\n<meta property=\"og:url\" content=\"https:\/\/ubirataonline.com.br\/en\/hugo-motta-diz-que-ve-de-forma-positiva-escolha-de-guimaraes-para-sri\/\" \/>\n<meta property=\"og:site_name\" content=\"Ubirat\u00e3 Online Not\u00edcias - A realidade ao seu alcance!\" \/>\n<meta property=\"article:publisher\" content=\"https:\/\/www.facebook.com\/portalubirataonline\" \/>\n<meta property=\"article:author\" content=\"https:\/\/www.facebook.com\/portalubirataonline\" \/>\n<meta property=\"article:published_time\" content=\"2026-04-11T18:48:03+00:00\" \/>\n<meta property=\"article:modified_time\" content=\"2026-04-11T18:48:06+00:00\" \/>\n<meta property=\"og:image\" content=\"https:\/\/ubirataonline.com.br\/wp-content\/uploads\/2026\/03\/Gilmar-ve-explicacao-insuficiente-e-da-72-horas-para-MPRJ.gif\" \/>\n\t<meta property=\"og:image:width\" content=\"768\" \/>\n\t<meta property=\"og:image:height\" content=\"461\" \/>\n\t<meta property=\"og:image:type\" content=\"image\/gif\" \/>\n<meta name=\"author\" content=\"REDA\u00c7\u00c3O: UBIRAT\u00c3 ONLINE - F\u00c1BIO AUGUSTO CELESTINO\" \/>\n<meta name=\"twitter:card\" content=\"summary_large_image\" \/>\n<meta name=\"twitter:creator\" content=\"@x.com\/ubirataonline\" \/>\n<meta name=\"twitter:site\" content=\"@ubirataonline\" \/>\n<meta name=\"twitter:label1\" content=\"Written by\" \/>\n\t<meta name=\"twitter:data1\" content=\"REDA\u00c7\u00c3O: UBIRAT\u00c3 ONLINE - F\u00c1BIO AUGUSTO CELESTINO\" \/>\n\t<meta name=\"twitter:label2\" content=\"Est. reading time\" \/>\n\t<meta name=\"twitter:data2\" content=\"1 minute\" \/>\n<script type=\"application\/ld+json\" class=\"yoast-schema-graph\">{\"@context\":\"https:\\\/\\\/schema.org\",\"@graph\":[{\"@type\":\"NewsArticle\",\"@id\":\"https:\\\/\\\/ubirataonline.com.br\\\/hugo-motta-diz-que-ve-de-forma-positiva-escolha-de-guimaraes-para-sri\\\/#article\",\"isPartOf\":{\"@id\":\"https:\\\/\\\/ubirataonline.com.br\\\/hugo-motta-diz-que-ve-de-forma-positiva-escolha-de-guimaraes-para-sri\\\/\"},\"author\":{\"name\":\"REDA\u00c7\u00c3O: UBIRAT\u00c3 ONLINE - F\u00c1BIO AUGUSTO CELESTINO\",\"@id\":\"https:\\\/\\\/ubirataonline.com.br\\\/#\\\/schema\\\/person\\\/372f87bbd3fdd79b8556b84c98d0bc1c\"},\"headline\":\"Hugo Motta diz que v\u00ea de forma positiva escolha de Guimar\u00e3es para SRI\",\"datePublished\":\"2026-04-11T18:48:03+00:00\",\"dateModified\":\"2026-04-11T18:48:06+00:00\",\"mainEntityOfPage\":{\"@id\":\"https:\\\/\\\/ubirataonline.com.br\\\/hugo-motta-diz-que-ve-de-forma-positiva-escolha-de-guimaraes-para-sri\\\/\"},\"wordCount\":261,\"publisher\":{\"@id\":\"https:\\\/\\\/ubirataonline.com.br\\\/#organization\"},\"image\":{\"@id\":\"https:\\\/\\\/ubirataonline.com.br\\\/hugo-motta-diz-que-ve-de-forma-positiva-escolha-de-guimaraes-para-sri\\\/#primaryimage\"},\"thumbnailUrl\":\"https:\\\/\\\/ubirataonline.com.br\\\/wp-content\\\/uploads\\\/2026\\\/03\\\/Gilmar-ve-explicacao-insuficiente-e-da-72-horas-para-MPRJ.gif\",\"keywords\":[\"diz\",\"escolha\",\"forma\",\"Guimar\u00e3es\",\"Hugo\",\"Motta\",\"para\",\"positiva\",\"Sri\",\"v\u00ea\"],\"articleSection\":[\"Ubirat\u00e3\"],\"inLanguage\":\"en-US\",\"copyrightYear\":\"2026\",\"copyrightHolder\":{\"@id\":\"https:\\\/\\\/ubirataonline.com.br\\\/en\\\/#organization\"}},{\"@type\":\"WebPage\",\"@id\":\"https:\\\/\\\/ubirataonline.com.br\\\/hugo-motta-diz-que-ve-de-forma-positiva-escolha-de-guimaraes-para-sri\\\/\",\"url\":\"https:\\\/\\\/ubirataonline.com.br\\\/hugo-motta-diz-que-ve-de-forma-positiva-escolha-de-guimaraes-para-sri\\\/\",\"name\":\"Hugo Motta diz que v\u00ea de forma positiva escolha de Guimar\u00e3es para SRI - Ubirat\u00e3 Online Not\u00edcias - A realidade ao seu alcance!\",\"isPartOf\":{\"@id\":\"https:\\\/\\\/ubirataonline.com.br\\\/#website\"},\"primaryImageOfPage\":{\"@id\":\"https:\\\/\\\/ubirataonline.com.br\\\/hugo-motta-diz-que-ve-de-forma-positiva-escolha-de-guimaraes-para-sri\\\/#primaryimage\"},\"image\":{\"@id\":\"https:\\\/\\\/ubirataonline.com.br\\\/hugo-motta-diz-que-ve-de-forma-positiva-escolha-de-guimaraes-para-sri\\\/#primaryimage\"},\"thumbnailUrl\":\"https:\\\/\\\/ubirataonline.com.br\\\/wp-content\\\/uploads\\\/2026\\\/03\\\/Gilmar-ve-explicacao-insuficiente-e-da-72-horas-para-MPRJ.gif\",\"datePublished\":\"2026-04-11T18:48:03+00:00\",\"dateModified\":\"2026-04-11T18:48:06+00:00\",\"description\":\"O presidente da C\u00e2mara dos Deputados, Hugo Motta (Republicanos-PB), afirmou ao Broadcast Pol\u00edtico neste s\u00e1bado, 11, que v\u00ea de forma positiva a decis\u00e3o do\",\"breadcrumb\":{\"@id\":\"https:\\\/\\\/ubirataonline.com.br\\\/hugo-motta-diz-que-ve-de-forma-positiva-escolha-de-guimaraes-para-sri\\\/#breadcrumb\"},\"inLanguage\":\"en-US\",\"potentialAction\":[{\"@type\":\"ReadAction\",\"target\":[\"https:\\\/\\\/ubirataonline.com.br\\\/hugo-motta-diz-que-ve-de-forma-positiva-escolha-de-guimaraes-para-sri\\\/\"]}]},{\"@type\":\"ImageObject\",\"inLanguage\":\"en-US\",\"@id\":\"https:\\\/\\\/ubirataonline.com.br\\\/hugo-motta-diz-que-ve-de-forma-positiva-escolha-de-guimaraes-para-sri\\\/#primaryimage\",\"url\":\"https:\\\/\\\/ubirataonline.com.br\\\/wp-content\\\/uploads\\\/2026\\\/03\\\/Gilmar-ve-explicacao-insuficiente-e-da-72-horas-para-MPRJ.gif\",\"contentUrl\":\"https:\\\/\\\/ubirataonline.com.br\\\/wp-content\\\/uploads\\\/2026\\\/03\\\/Gilmar-ve-explicacao-insuficiente-e-da-72-horas-para-MPRJ.gif\",\"width\":768,\"height\":461,\"caption\":\"Gilmar v\u00ea explica\u00e7\u00e3o insuficiente e d\u00e1 72 horas para MPRJ explicar pagamento de penduricalhos\"},{\"@type\":\"BreadcrumbList\",\"@id\":\"https:\\\/\\\/ubirataonline.com.br\\\/hugo-motta-diz-que-ve-de-forma-positiva-escolha-de-guimaraes-para-sri\\\/#breadcrumb\",\"itemListElement\":[{\"@type\":\"ListItem\",\"position\":1,\"name\":\"In\u00edcio\",\"item\":\"https:\\\/\\\/ubirataonline.com.br\\\/\"},{\"@type\":\"ListItem\",\"position\":2,\"name\":\"Hugo Motta diz que v\u00ea de forma positiva escolha de Guimar\u00e3es para SRI\"}]},{\"@type\":\"WebSite\",\"@id\":\"https:\\\/\\\/ubirataonline.com.br\\\/#website\",\"url\":\"https:\\\/\\\/ubirataonline.com.br\\\/\",\"name\":\"Ubirat\u00e3 Online Not\u00edcias\",\"description\":\"Not\u00edcias de Ubirat\u00e3, regi\u00e3o, Brasil e mundo, com informa\u00e7\u00e3o atualizada e compromisso com o leitor.\",\"publisher\":{\"@id\":\"https:\\\/\\\/ubirataonline.com.br\\\/#organization\"},\"alternateName\":\"Ubirat\u00e3 Online\",\"potentialAction\":[{\"@type\":\"SearchAction\",\"target\":{\"@type\":\"EntryPoint\",\"urlTemplate\":\"https:\\\/\\\/ubirataonline.com.br\\\/?s={search_term_string}\"},\"query-input\":{\"@type\":\"PropertyValueSpecification\",\"valueRequired\":true,\"valueName\":\"search_term_string\"}}],\"inLanguage\":\"en-US\"},{\"@type\":[\"Organization\",\"Place\"],\"@id\":\"https:\\\/\\\/ubirataonline.com.br\\\/#organization\",\"name\":\"Ubirat\u00e3 Online Not\u00edcias\",\"alternateName\":\"Ubirat\u00e3 Online\",\"url\":\"https:\\\/\\\/ubirataonline.com.br\\\/\",\"logo\":{\"@id\":\"https:\\\/\\\/ubirataonline.com.br\\\/hugo-motta-diz-que-ve-de-forma-positiva-escolha-de-guimaraes-para-sri\\\/#local-main-organization-logo\"},\"image\":{\"@id\":\"https:\\\/\\\/ubirataonline.com.br\\\/hugo-motta-diz-que-ve-de-forma-positiva-escolha-de-guimaraes-para-sri\\\/#local-main-organization-logo\"},\"sameAs\":[\"https:\\\/\\\/www.facebook.com\\\/portalubirataonline\",\"https:\\\/\\\/x.com\\\/ubirataonline\",\"https:\\\/\\\/mastodon.social\\\/@ubirataonline\",\"https:\\\/\\\/www.facebook.com\\\/groups\\\/311144672285604\",\"https:\\\/\\\/www.facebook.com\\\/UBTAOnline\",\"https:\\\/\\\/www.instagram.com\\\/portalubirataonline\\\/\",\"https:\\\/\\\/twitter.com\\\/ubirataonline\"],\"description\":\"Somos um portal de not\u00edcias independente, criado em 5 de janeiro de 2009, com o objetivo de informar, conectar e valorizar a nossa comunidade de Ubirat\u00e3 e toda aregi\u00e3o. Com conte\u00fado atualizado, confi\u00e1vel e relevante, o Ubirat\u00e3 Online \u00e9 o seu espa\u00e7o para ficar por dentro dos principais acontecimentos locais, regionais, Brasil, Mundo e de interesse geral. Nosso compromisso \u00e9 com a verdade, a transpar\u00eancia e o respeito ao leitor.\",\"legalName\":\"UBIRATA ONLINE NOT\u00cdCIAS\",\"foundingDate\":\"2009-01-05\",\"numberOfEmployees\":{\"@type\":\"QuantitativeValue\",\"minValue\":\"1\",\"maxValue\":\"10\"},\"publishingPrinciples\":\"https:\\\/\\\/ubirataonline.com.br\\\/faq\\\/\",\"address\":{\"@id\":\"https:\\\/\\\/ubirataonline.com.br\\\/hugo-motta-diz-que-ve-de-forma-positiva-escolha-de-guimaraes-para-sri\\\/#local-main-place-address\"},\"geo\":{\"@type\":\"GeoCoordinates\",\"latitude\":\"-24.5361401\",\"longitude\":\"-52.9921776\"},\"telephone\":[\"+5544998308235\"],\"contactPoint\":{\"@type\":\"ContactPoint\",\"email\":\"contato@ubirataonline.com.br\"},\"openingHoursSpecification\":{\"@type\":\"OpeningHoursSpecification\",\"dayOfWeek\":[\"Monday\",\"Tuesday\",\"Wednesday\",\"Thursday\",\"Friday\",\"Saturday\",\"Sunday\"],\"opens\":\"00:00\",\"closes\":\"23:59\"},\"email\":\"contato@ubirataonline.com.br\",\"vatID\":\"47.621.418\\\/0001-80\"},{\"@type\":\"Person\",\"@id\":\"https:\\\/\\\/ubirataonline.com.br\\\/#\\\/schema\\\/person\\\/372f87bbd3fdd79b8556b84c98d0bc1c\",\"name\":\"REDA\u00c7\u00c3O: UBIRAT\u00c3 ONLINE - F\u00c1BIO AUGUSTO CELESTINO\",\"pronouns\":\"Ele\",\"description\":\"Desde 2003 trabalhando com not\u00edcias.\",\"sameAs\":[\"http:\\\/\\\/ubirataoline.com.br\",\"https:\\\/\\\/www.facebook.com\\\/portalubirataonline\",\"https:\\\/\\\/www.instagram.com\\\/ubirataonline_oficial\",\"https:\\\/\\\/x.com\\\/x.com\\\/ubirataonline\"],\"honorificPrefix\":\"Mr.\",\"honorificSuffix\":\"MD\",\"birthDate\":\"1980-06-16\",\"gender\":\"masculino\",\"award\":[\"V\u00e1rios pr\u00eamios de melhor portal da cidade\"],\"jobTitle\":\"Diretor\",\"url\":\"https:\\\/\\\/ubirataonline.com.br\\\/en\\\/author\\\/ubirataonline\\\/\"},{\"@type\":\"PostalAddress\",\"@id\":\"https:\\\/\\\/ubirataonline.com.br\\\/hugo-motta-diz-que-ve-de-forma-positiva-escolha-de-guimaraes-para-sri\\\/#local-main-place-address\",\"streetAddress\":\"Rua dos Coqueiros, 104 - Bairro Boa Vista, Rua dos Coqueiros, 104 Bairro Boa Vista\",\"addressLocality\":\"UBIRATA\",\"postalCode\":\"85440-000\",\"addressRegion\":\"PR\",\"addressCountry\":\"BR\"},{\"@type\":\"ImageObject\",\"inLanguage\":\"en-US\",\"@id\":\"https:\\\/\\\/ubirataonline.com.br\\\/hugo-motta-diz-que-ve-de-forma-positiva-escolha-de-guimaraes-para-sri\\\/#local-main-organization-logo\",\"url\":\"https:\\\/\\\/ubirataonline.com.br\\\/wp-content\\\/uploads\\\/2026\\\/06\\\/logoubirataonline-1.webp\",\"contentUrl\":\"https:\\\/\\\/ubirataonline.com.br\\\/wp-content\\\/uploads\\\/2026\\\/06\\\/logoubirataonline-1.webp\",\"width\":500,\"height\":500,\"caption\":\"Ubirat\u00e3 Online Not\u00edcias\"}]}<\/script>\n<meta name=\"geo.placename\" content=\"UBIRATA\" \/>\n<meta name=\"geo.position\" content=\"-24.5361401;-52.9921776\" \/>\n<meta name=\"geo.region\" content=\"Brazil\" \/>\n<!-- \/ Yoast SEO Premium plugin. -->","yoast_head_json":{"title":"Hugo Motta diz que v\u00ea de forma positiva escolha de Guimar\u00e3es para SRI - Ubirat\u00e3 Online Not\u00edcias - A realidade ao seu alcance!","description":"O presidente da C\u00e2mara dos Deputados, Hugo Motta (Republicanos-PB), afirmou ao Broadcast Pol\u00edtico neste s\u00e1bado, 11, que v\u00ea de forma positiva a decis\u00e3o do","robots":{"index":"index","follow":"follow","max-snippet":"max-snippet:-1","max-image-preview":"max-image-preview:large","max-video-preview":"max-video-preview:-1"},"canonical":"https:\/\/ubirataonline.com.br\/en\/hugo-motta-diz-que-ve-de-forma-positiva-escolha-de-guimaraes-para-sri\/","og_locale":"en_US","og_type":"article","og_title":"Hugo Motta diz que v\u00ea de forma positiva escolha de Guimar\u00e3es para SRI","og_description":"O presidente da C\u00e2mara dos Deputados, Hugo Motta (Republicanos-PB), afirmou ao Broadcast Pol\u00edtico neste s\u00e1bado, 11, que v\u00ea de forma positiva a decis\u00e3o do","og_url":"https:\/\/ubirataonline.com.br\/en\/hugo-motta-diz-que-ve-de-forma-positiva-escolha-de-guimaraes-para-sri\/","og_site_name":"Ubirat\u00e3 Online Not\u00edcias - A realidade ao seu alcance!","article_publisher":"https:\/\/www.facebook.com\/portalubirataonline","article_author":"https:\/\/www.facebook.com\/portalubirataonline","article_published_time":"2026-04-11T18:48:03+00:00","article_modified_time":"2026-04-11T18:48:06+00:00","og_image":[{"width":768,"height":461,"url":"https:\/\/ubirataonline.com.br\/wp-content\/uploads\/2026\/03\/Gilmar-ve-explicacao-insuficiente-e-da-72-horas-para-MPRJ.gif","type":"image\/gif"}],"author":"REDA\u00c7\u00c3O: UBIRAT\u00c3 ONLINE - F\u00c1BIO AUGUSTO CELESTINO","twitter_card":"summary_large_image","twitter_creator":"@x.com\/ubirataonline","twitter_site":"@ubirataonline","twitter_misc":{"Written by":"REDA\u00c7\u00c3O: UBIRAT\u00c3 ONLINE - F\u00c1BIO AUGUSTO CELESTINO","Est. reading time":"1 minute"},"schema":{"@context":"https:\/\/schema.org","@graph":[{"@type":"NewsArticle","@id":"https:\/\/ubirataonline.com.br\/hugo-motta-diz-que-ve-de-forma-positiva-escolha-de-guimaraes-para-sri\/#article","isPartOf":{"@id":"https:\/\/ubirataonline.com.br\/hugo-motta-diz-que-ve-de-forma-positiva-escolha-de-guimaraes-para-sri\/"},"author":{"name":"REDA\u00c7\u00c3O: UBIRAT\u00c3 ONLINE - F\u00c1BIO AUGUSTO CELESTINO","@id":"https:\/\/ubirataonline.com.br\/#\/schema\/person\/372f87bbd3fdd79b8556b84c98d0bc1c"},"headline":"Hugo Motta diz que v\u00ea de forma positiva escolha de Guimar\u00e3es para SRI","datePublished":"2026-04-11T18:48:03+00:00","dateModified":"2026-04-11T18:48:06+00:00","mainEntityOfPage":{"@id":"https:\/\/ubirataonline.com.br\/hugo-motta-diz-que-ve-de-forma-positiva-escolha-de-guimaraes-para-sri\/"},"wordCount":261,"publisher":{"@id":"https:\/\/ubirataonline.com.br\/#organization"},"image":{"@id":"https:\/\/ubirataonline.com.br\/hugo-motta-diz-que-ve-de-forma-positiva-escolha-de-guimaraes-para-sri\/#primaryimage"},"thumbnailUrl":"https:\/\/ubirataonline.com.br\/wp-content\/uploads\/2026\/03\/Gilmar-ve-explicacao-insuficiente-e-da-72-horas-para-MPRJ.gif","keywords":["diz","escolha","forma","Guimar\u00e3es","Hugo","Motta","para","positiva","Sri","v\u00ea"],"articleSection":["Ubirat\u00e3"],"inLanguage":"en-US","copyrightYear":"2026","copyrightHolder":{"@id":"https:\/\/ubirataonline.com.br\/en\/#organization"}},{"@type":"WebPage","@id":"https:\/\/ubirataonline.com.br\/hugo-motta-diz-que-ve-de-forma-positiva-escolha-de-guimaraes-para-sri\/","url":"https:\/\/ubirataonline.com.br\/hugo-motta-diz-que-ve-de-forma-positiva-escolha-de-guimaraes-para-sri\/","name":"Hugo Motta diz que v\u00ea de forma positiva escolha de Guimar\u00e3es para SRI - Ubirat\u00e3 Online Not\u00edcias - A realidade ao seu alcance!","isPartOf":{"@id":"https:\/\/ubirataonline.com.br\/#website"},"primaryImageOfPage":{"@id":"https:\/\/ubirataonline.com.br\/hugo-motta-diz-que-ve-de-forma-positiva-escolha-de-guimaraes-para-sri\/#primaryimage"},"image":{"@id":"https:\/\/ubirataonline.com.br\/hugo-motta-diz-que-ve-de-forma-positiva-escolha-de-guimaraes-para-sri\/#primaryimage"},"thumbnailUrl":"https:\/\/ubirataonline.com.br\/wp-content\/uploads\/2026\/03\/Gilmar-ve-explicacao-insuficiente-e-da-72-horas-para-MPRJ.gif","datePublished":"2026-04-11T18:48:03+00:00","dateModified":"2026-04-11T18:48:06+00:00","description":"O presidente da C\u00e2mara dos Deputados, Hugo Motta (Republicanos-PB), afirmou ao Broadcast Pol\u00edtico neste s\u00e1bado, 11, que v\u00ea de forma positiva a decis\u00e3o do","breadcrumb":{"@id":"https:\/\/ubirataonline.com.br\/hugo-motta-diz-que-ve-de-forma-positiva-escolha-de-guimaraes-para-sri\/#breadcrumb"},"inLanguage":"en-US","potentialAction":[{"@type":"ReadAction","target":["https:\/\/ubirataonline.com.br\/hugo-motta-diz-que-ve-de-forma-positiva-escolha-de-guimaraes-para-sri\/"]}]},{"@type":"ImageObject","inLanguage":"en-US","@id":"https:\/\/ubirataonline.com.br\/hugo-motta-diz-que-ve-de-forma-positiva-escolha-de-guimaraes-para-sri\/#primaryimage","url":"https:\/\/ubirataonline.com.br\/wp-content\/uploads\/2026\/03\/Gilmar-ve-explicacao-insuficiente-e-da-72-horas-para-MPRJ.gif","contentUrl":"https:\/\/ubirataonline.com.br\/wp-content\/uploads\/2026\/03\/Gilmar-ve-explicacao-insuficiente-e-da-72-horas-para-MPRJ.gif","width":768,"height":461,"caption":"Gilmar v\u00ea explica\u00e7\u00e3o insuficiente e d\u00e1 72 horas para MPRJ explicar pagamento de penduricalhos"},{"@type":"BreadcrumbList","@id":"https:\/\/ubirataonline.com.br\/hugo-motta-diz-que-ve-de-forma-positiva-escolha-de-guimaraes-para-sri\/#breadcrumb","itemListElement":[{"@type":"ListItem","position":1,"name":"In\u00edcio","item":"https:\/\/ubirataonline.com.br\/"},{"@type":"ListItem","position":2,"name":"Hugo Motta diz que v\u00ea de forma positiva escolha de Guimar\u00e3es para SRI"}]},{"@type":"WebSite","@id":"https:\/\/ubirataonline.com.br\/#website","url":"https:\/\/ubirataonline.com.br\/","name":"Ubirat\u00e3 Online Not\u00edcias","description":"Not\u00edcias de Ubirat\u00e3, regi\u00e3o, Brasil e mundo, com informa\u00e7\u00e3o atualizada e compromisso com o leitor.","publisher":{"@id":"https:\/\/ubirataonline.com.br\/#organization"},"alternateName":"Ubirat\u00e3 Online","potentialAction":[{"@type":"SearchAction","target":{"@type":"EntryPoint","urlTemplate":"https:\/\/ubirataonline.com.br\/?s={search_term_string}"},"query-input":{"@type":"PropertyValueSpecification","valueRequired":true,"valueName":"search_term_string"}}],"inLanguage":"en-US"},{"@type":["Organization","Place"],"@id":"https:\/\/ubirataonline.com.br\/#organization","name":"Ubirat\u00e3 Online Not\u00edcias","alternateName":"Ubirat\u00e3 Online","url":"https:\/\/ubirataonline.com.br\/","logo":{"@id":"https:\/\/ubirataonline.com.br\/hugo-motta-diz-que-ve-de-forma-positiva-escolha-de-guimaraes-para-sri\/#local-main-organization-logo"},"image":{"@id":"https:\/\/ubirataonline.com.br\/hugo-motta-diz-que-ve-de-forma-positiva-escolha-de-guimaraes-para-sri\/#local-main-organization-logo"},"sameAs":["https:\/\/www.facebook.com\/portalubirataonline","https:\/\/x.com\/ubirataonline","https:\/\/mastodon.social\/@ubirataonline","https:\/\/www.facebook.com\/groups\/311144672285604","https:\/\/www.facebook.com\/UBTAOnline","https:\/\/www.instagram.com\/portalubirataonline\/","https:\/\/twitter.com\/ubirataonline"],"description":"Somos um portal de not\u00edcias independente, criado em 5 de janeiro de 2009, com o objetivo de informar, conectar e valorizar a nossa comunidade de Ubirat\u00e3 e toda aregi\u00e3o. Com conte\u00fado atualizado, confi\u00e1vel e relevante, o Ubirat\u00e3 Online \u00e9 o seu espa\u00e7o para ficar por dentro dos principais acontecimentos locais, regionais, Brasil, Mundo e de interesse geral. Nosso compromisso \u00e9 com a verdade, a transpar\u00eancia e o respeito ao leitor.","legalName":"UBIRATA ONLINE NOT\u00cdCIAS","foundingDate":"2009-01-05","numberOfEmployees":{"@type":"QuantitativeValue","minValue":"1","maxValue":"10"},"publishingPrinciples":"https:\/\/ubirataonline.com.br\/faq\/","address":{"@id":"https:\/\/ubirataonline.com.br\/hugo-motta-diz-que-ve-de-forma-positiva-escolha-de-guimaraes-para-sri\/#local-main-place-address"},"geo":{"@type":"GeoCoordinates","latitude":"-24.5361401","longitude":"-52.9921776"},"telephone":["+5544998308235"],"contactPoint":{"@type":"ContactPoint","email":"contato@ubirataonline.com.br"},"openingHoursSpecification":{"@type":"OpeningHoursSpecification","dayOfWeek":["Monday","Tuesday","Wednesday","Thursday","Friday","Saturday","Sunday"],"opens":"00:00","closes":"23:59"},"email":"contato@ubirataonline.com.br","vatID":"47.621.418\/0001-80"},{"@type":"Person","@id":"https:\/\/ubirataonline.com.br\/#\/schema\/person\/372f87bbd3fdd79b8556b84c98d0bc1c","name":"REDA\u00c7\u00c3O: UBIRAT\u00c3 ONLINE - F\u00c1BIO AUGUSTO CELESTINO","pronouns":"Ele","description":"Desde 2003 trabalhando com not\u00edcias.","sameAs":["http:\/\/ubirataoline.com.br","https:\/\/www.facebook.com\/portalubirataonline","https:\/\/www.instagram.com\/ubirataonline_oficial","https:\/\/x.com\/x.com\/ubirataonline"],"honorificPrefix":"Mr.","honorificSuffix":"MD","birthDate":"1980-06-16","gender":"masculino","award":["V\u00e1rios pr\u00eamios de melhor portal da cidade"],"jobTitle":"Diretor","url":"https:\/\/ubirataonline.com.br\/en\/author\/ubirataonline\/"},{"@type":"PostalAddress","@id":"https:\/\/ubirataonline.com.br\/hugo-motta-diz-que-ve-de-forma-positiva-escolha-de-guimaraes-para-sri\/#local-main-place-address","streetAddress":"Rua dos Coqueiros, 104 - Bairro Boa Vista, Rua dos Coqueiros, 104 Bairro Boa Vista","addressLocality":"UBIRATA","postalCode":"85440-000","addressRegion":"PR","addressCountry":"BR"},{"@type":"ImageObject","inLanguage":"en-US","@id":"https:\/\/ubirataonline.com.br\/hugo-motta-diz-que-ve-de-forma-positiva-escolha-de-guimaraes-para-sri\/#local-main-organization-logo","url":"https:\/\/ubirataonline.com.br\/wp-content\/uploads\/2026\/06\/logoubirataonline-1.webp","contentUrl":"https:\/\/ubirataonline.com.br\/wp-content\/uploads\/2026\/06\/logoubirataonline-1.webp","width":500,"height":500,"caption":"Ubirat\u00e3 Online Not\u00edcias"}]},"geo.placename":"UBIRATA","geo.position":{"lat":"-24.5361401","long":"-52.9921776"},"geo.region":"Brazil"},"_links":{"self":[{"href":"https:\/\/ubirataonline.com.br\/en\/wp-json\/wp\/v2\/posts\/104284","targetHints":{"allow":["GET"]}}],"collection":[{"href":"https:\/\/ubirataonline.com.br\/en\/wp-json\/wp\/v2\/posts"}],"about":[{"href":"https:\/\/ubirataonline.com.br\/en\/wp-json\/wp\/v2\/types\/post"}],"author":[{"embeddable":true,"href":"https:\/\/ubirataonline.com.br\/en\/wp-json\/wp\/v2\/users\/1"}],"replies":[{"embeddable":true,"href":"https:\/\/ubirataonline.com.br\/en\/wp-json\/wp\/v2\/comments?post=104284"}],"version-history":[{"count":0,"href":"https:\/\/ubirataonline.com.br\/en\/wp-json\/wp\/v2\/posts\/104284\/revisions"}],"wp:featuredmedia":[{"embeddable":true,"href":"https:\/\/ubirataonline.com.br\/en\/wp-json\/wp\/v2\/media\/92994"}],"wp:attachment":[{"href":"https:\/\/ubirataonline.com.br\/en\/wp-json\/wp\/v2\/media?parent=104284"}],"wp:term":[{"taxonomy":"category","embeddable":true,"href":"https:\/\/ubirataonline.com.br\/en\/wp-json\/wp\/v2\/categories?post=104284"},{"taxonomy":"post_tag","embeddable":true,"href":"https:\/\/ubirataonline.com.br\/en\/wp-json\/wp\/v2\/tags?post=104284"}],"curies":[{"name":"wp","href":"https:\/\/api.w.org\/{rel}","templated":true}]}}