{"id":104736,"date":"2026-04-12T01:39:59","date_gmt":"2026-04-12T04:39:59","guid":{"rendered":"https:\/\/ubirataonline.com.br\/gable-steveson-signs-with-ufc-and-sets-debut-for-potential-conor-mcgregor-comeback-card\/"},"modified":"2026-04-12T01:40:05","modified_gmt":"2026-04-12T04:40:05","slug":"gable-steveson-signs-with-ufc-and-sets-debut-for-potential-conor-mcgregor-comeback-card","status":"publish","type":"post","link":"https:\/\/ubirataonline.com.br\/en\/gable-steveson-signs-with-ufc-and-sets-debut-for-potential-conor-mcgregor-comeback-card\/","title":{"rendered":"Gable Steveson signs with UFC and sets debut for potential Conor McGregor comeback card"},"content":{"rendered":"<p><\/p>\n<div id=\"post-303371\">\n<div class=\"article-follow\">\n<div class=\"article-sharing google-follow\"> <a class=\"fw\" href=\"https:\/\/profile.google.com\/cp\/Cg0vZy8xMWs2azRtMzFf \" target=\"_blank\" rel=\"nofollow noopener noreferrer\">  <span>Follow us on Google Discover<\/span> <\/a> <\/div>\n<\/p><\/div>\n<p><strong>After months of calls from fans and experts, Gable Steveson has finally been signed to the UFC.<\/strong><\/p>\n<p>Last September, the Olympic gold medalist made his debut in <a href=\"https:\/\/bloodyelbow.com\/tag\/mma\/\">MMA<\/a> after making the transition from wrestling, where he had an incredibly storied career.<\/p>\n<figure class=\"wp-block-grvmedia-grv-video GRVMultiVideo\"\/>\n<p>Since then, the 25-year-old has gone on to score three emphatic knockout wins, despite having not been training striking for very long.<\/p>\n<p>But under the tutelage of former <a href=\"https:\/\/bloodyelbow.com\/category\/ufc-news\/\">UFC<\/a> heavyweight champion, <a href=\"https:\/\/bloodyelbow.com\/tag\/jon-jones\/\">Jon Jones<\/a>, <a href=\"https:\/\/bloodyelbow.com\/tag\/gable-steveson\/\">Gable Steveson<\/a> has made himself undeniable and he has now officially signed to the premier MMA promotion.<\/p>\n<section class=\"grv-talking-point\" data-trigger=\"vue-sidebar\" data-story-id=\"5301092e-a4bf-484b-b2eb-b9388da9122f\" data-story-name=\"Gable Steveson\" data-comment-id=\"f26328db-c91b-4b6d-830f-ec367a9a40f7\" data-story-slug=\"gable-steveson\">\n<div class=\"grv-talking-point__inner\">\n<header class=\"grv-talking-point__header\">  <\/header>\n<div class=\"grv-talking-point__content\">\n<div class=\"grv-talking-point__cta\">\n<div class=\"grv-talking-point__title-wrap\">\n<p><h3 class=\"grv-talking-point__title\">Is Gable Steveson destined for greatness in MMA, like Jon Jones is predicting? &#x1f93c;<\/h3>\n<\/p><\/div>\n<\/p><\/div>\n<div class=\"grv-talking-point__embed\">\n<figure class=\"wp-block-image size-large\">\n<div><img decoding=\"async\" width=\"819\" height=\"1024\" loading=\"lazy\" sizes=\"auto, (max-width: 991px) 100vw, 800px\" src=\"https:\/\/bloodyelbow.com\/wp-content\/uploads\/1\/2025\/12\/BE-5-819x1024.png\" alt=\"Main: Gable Steveson yells at the NCAA Division I Men's Wrestling Championship. Inset: Jon Jones is interviewed by Joe Rogan at UFC 309\" class=\"wp-image-279836\" srcset=\"https:\/\/bloodyelbow.com\/wp-content\/uploads\/1\/2025\/12\/BE-5-819x1024.png 819w, https:\/\/bloodyelbow.com\/wp-content\/uploads\/1\/2025\/12\/BE-5-240x300.png 240w, https:\/\/bloodyelbow.com\/wp-content\/uploads\/1\/2025\/12\/BE-5-768x960.png 768w, https:\/\/bloodyelbow.com\/wp-content\/uploads\/1\/2025\/12\/BE-5-912x1140.png 912w, https:\/\/bloodyelbow.com\/wp-content\/uploads\/1\/2025\/12\/BE-5-600x750.png 600w, https:\/\/bloodyelbow.com\/wp-content\/uploads\/1\/2025\/12\/BE-5.png 1080w\"\/><\/div><figcaption title=\"Main: Gable Steveson yells at the NCAA Division I Men's Wrestling Championship. Inset: Jon Jones is interviewed by Joe Rogan at UFC 309. Credit: Jay LaPrete\/NCAA Photos &amp; Jeff Bottari\/Zuffa LLC via Getty Images\">Main: Gable Steveson yells at the NCAA Division I Men\u2019s Wrestling Championship. Inset: Jon Jones is interviewed by Joe Rogan at UFC 309. Credit: Jay LaPrete\/NCAA Photos &amp; Jeff Bottari\/Zuffa LLC via Getty Images<\/figcaption><\/figure>\n<\/p><\/div>\n<\/p><\/div>\n<\/p><\/div>\n<\/section>\n<h2 class=\"wp-block-heading\">Gable Steveson set to make UFC debut on International Fight Week<\/h2>\n<p>Not too long ago, <a href=\"https:\/\/bloodyelbow.com\/2026\/04\/07\/gable-steveson-set-to-face-former-7-3-ufc-heavyweight-and-share-raf-card-with-colby-covington\/\">Steveson announced that he had signed a contract with Real American Freestyle Wrestling<\/a>, which worried fans that he may not be pursuing MMA as hard as he had been.<\/p>\n<p>Despite that, during the <a href=\"https:\/\/bloodyelbow.com\/tag\/ufc-327\/\">UFC 327<\/a> broadcast on Saturday, it was announced that Steveson has officially signed with the UFC and he will make his long-awaited debut in the promotion on International Fight Week.<\/p>\n<p>The UFC 329 card will take place on July 11, and <a href=\"https:\/\/bloodyelbow.com\/2026\/04\/04\/rumored-conor-mcgregor-vs-max-holloway-fight-described-as-very-unlikely-by-skeptical-chael-sonnen\/\">Conor McGregor is currently being targeted to make his comeback<\/a> on the 14th annual International Fight Week.<\/p>\n<p>At this point, Steveson doesn\u2019t have an opponent, however, it is likely that he will fight close to the rankings.<\/p>\n<p>\u201cHeavyweight got interesting tonight,\u201d Joe Rogan said during the broadcast.<\/p>\n<p>\u201cWith Gable coming to the UFC, that is absolutely huge, that guy is my number one prospect in the heavyweight division, he is a tremendous athlete, moves like a cat, that guy is the man, I\u2019m very excited to see him in the UFC.\u201d<\/p>\n<figure class=\"wp-block-image size-large\">\n<div><img decoding=\"async\" width=\"1024\" height=\"683\" loading=\"lazy\" sizes=\"auto, (max-width: 991px) 100vw, 800px\" src=\"https:\/\/bloodyelbow.com\/wp-content\/uploads\/1\/2026\/04\/GettyImages-2205853950-1024x683.jpg\" alt=\"Gable Steveson of the University of Minnesota greets family after wrestling Wyatt Hendrickson of Oklahoma State University in the 285-pound class championship match during the Division I Men's Wrestling Championship held at the Wells Fargo Center on March 22, 2025 in Philadelphia, Pennsylvania\" class=\"wp-image-302716\" srcset=\"https:\/\/bloodyelbow.com\/wp-content\/uploads\/1\/2026\/04\/GettyImages-2205853950-1024x683.jpg 1024w, https:\/\/bloodyelbow.com\/wp-content\/uploads\/1\/2026\/04\/GettyImages-2205853950-300x200.jpg 300w, https:\/\/bloodyelbow.com\/wp-content\/uploads\/1\/2026\/04\/GettyImages-2205853950-768x512.jpg 768w, https:\/\/bloodyelbow.com\/wp-content\/uploads\/1\/2026\/04\/GettyImages-2205853950-1536x1024.jpg 1536w, https:\/\/bloodyelbow.com\/wp-content\/uploads\/1\/2026\/04\/GettyImages-2205853950-1140x760.jpg 1140w, https:\/\/bloodyelbow.com\/wp-content\/uploads\/1\/2026\/04\/GettyImages-2205853950-750x500.jpg 750w\"\/><\/div><figcaption title=\"PHILADELPHIA, PENNSYLVANIA - MARCH 22: Gable Steveson of the University of Minnesota greets family after wrestling Wyatt Hendrickson of Oklahoma State University in the 285-pound class championship match during the Division I Men's Wrestling Championship held at the Wells Fargo Center on March 22, 2025 in Philadelphia, Pennsylvania. (Photo by Isaac Wasserman\/NCAA Photos via Getty Images)\">Photo by Isaac Wasserman\/NCAA Photos via Getty Images<\/figcaption><\/figure>\n<p>Following one of Steveson\u2019s wins, <a href=\"https:\/\/bloodyelbow.com\/2025\/12\/03\/joe-rogan-reveals-what-he-did-to-try-and-get-freak-athlete-gable-steveson-in-the-ufc-after-25-second-ko\/\">Rogan called Dana White and personally asked him to sign the prospect<\/a>, but at the time, White likely wanted to see more from him.<\/p>\n<p>And with <a href=\"https:\/\/bloodyelbow.com\/2026\/04\/11\/jon-jones-backtracks-on-another-retirement-announcement-after-new-talks-with-ufcs-hunter-campbell\/\">Jones now seemingly officially retired from the sport, again<\/a>, it leaves the door open for Steveson.<\/p>\n<div class=\"see-more-wrapper lazy see-more-open see-more-blank extra-content\" data-src=\"https:\/\/bloodyelbow.com\/2026\/04\/11\/gable-steveson-signs-with-ufc-and-sets-debut-for-potential-conor-mcgregor-comeback-card\/none\" data-type=\"subscribe\">\n<div class=\"see-more subscribe\">\n<figure class=\"newsletter\">\n<div><svg class=\"loading\" width=\"118\" height=\"36\" viewbox=\"0 0 118 36\"><use href=\"#dots-svg\"\/><\/svg><\/p>\n<div class=\"signup\"><span class=\"hf\">Join Our Newsletter<\/span><\/p>\n<p>Receive a digest of our best Bloody Elbow content each week direct to your mailbox<\/p>\n<\/div><\/div>\n<\/figure>\n<\/div>\n<\/div><\/div>\n<p><script>grvLoadAnalytics = () => {(function(d,s,i){var f=d.getElementsByTagName(s)[0],j=d.createElement(s);j.async=true;j.src=\"https:\/\/www.googletagmanager.com\/gtag\/js?id=\"+i;f.parentNode.insertBefore(j,f);})(document,'script','G-EPJQTWT5QD');(function(d,s,i){if(!\/callback=in\/.test(window.location.search)){var e=d.createElement(s);var n=d.getElementsByTagName(s)[0];e.type=\"text\/javascript\";e.async=true;e.src=\"https:\/\/static.chartbeat.com\/js\/chartbeat.js\";n.parentNode.insertBefore(e,n);}})(document,\"script\",\"G-EPJQTWT5QD\");(function(){let s=document.createElement(\"script\");s.async=true;s.dataset.domain=\"bloodyelbow.com\/9kjeYZ\";s.src=\"https:\/\/api.publytics.net\/js\/script.manual.ping.min.js\";document.getElementsByTagName(\"head\")[0].appendChild(s);})();if(!\/callback=in\/.test(window.location.search)){setTimeout(function(){!function(f,b,e,v,n,t,s){if(f.fbq)return;n=f.fbq=function(){n.callMethod?n.callMethod.apply(n,arguments):n.queue.push(arguments)};if(!f._fbq)f._fbq=n;n.push=n;n.loaded=!0;n.version='2.0';n.queue=[];t=b.createElement(e);t.async=!0;t.src=v;s=b.getElementsByTagName(e)[0];s.parentNode.insertBefore(t,s)}(window,document,'script','https:\/\/connect.facebook.net\/en_US\/fbevents.js');fbq('init','340005628426713');fbq('track','PageView');fbq('track','ViewContent',{content_name:'Gable Steveson signs with UFC and sets debut for potential Conor McGregor comeback card',content_category:'UFC',content_ids:[303371,\"gable-steveson\",\"ufc\"],content_type:'post',});},3000);}}<\/script><br \/>\n<br \/><a href=\"https:\/\/bloodyelbow.com\/2026\/04\/11\/gable-steveson-signs-with-ufc-and-sets-debut-for-potential-conor-mcgregor-comeback-card\/\">Fonte do Artigo <\/a><\/p>\n","protected":false},"excerpt":{"rendered":"<p>Follow us on Google Discover After months of calls from fans and experts, Gable Steveson has finally been signed to the UFC. Last September, the Olympic gold medalist made his debut in MMA after making the transition from wrestling, where he had an incredibly storied career. Since then, the 25-year-old has gone on to score [&hellip;]<\/p>\n","protected":false},"author":1,"featured_media":104737,"comment_status":"closed","ping_status":"","sticky":false,"template":"","format":"standard","meta":{"googlesitekit_rrm_CAow2JLhCw:productID":"","_gspb_post_css":"","maa_idioma":"","maa_pais":"","footnotes":""},"categories":[4],"tags":[6213,4334,9345,12753,19676,13091,8244,6484,5195,19677,2967],"class_list":["post-104736","post","type-post","status-publish","format-standard","has-post-thumbnail","hentry","category-brasil","tag-card","tag-comeback","tag-conor","tag-debut","tag-gable","tag-mcgregor","tag-potential","tag-sets","tag-signs","tag-steveson","tag-ufc"],"blocksy_meta":[],"yoast_head":"<!-- This site is optimized with the Yoast SEO Premium plugin v27.6 (Yoast SEO v27.6) - https:\/\/yoast.com\/product\/yoast-seo-premium-wordpress\/ -->\n<title>Gable Steveson signs with UFC and sets debut for potential Conor McGregor comeback card - Ubirat\u00e3 Online Not\u00edcias - A realidade ao seu alcance!<\/title>\n<meta name=\"description\" content=\"Follow us on Google Discover After months of calls from fans and experts, Gable Steveson has finally been signed to the UFC.Last September, the Olympic\" \/>\n<meta name=\"robots\" content=\"index, follow, max-snippet:-1, max-image-preview:large, max-video-preview:-1\" \/>\n<link rel=\"canonical\" href=\"https:\/\/ubirataonline.com.br\/en\/gable-steveson-signs-with-ufc-and-sets-debut-for-potential-conor-mcgregor-comeback-card\/\" \/>\n<meta property=\"og:locale\" content=\"en_US\" \/>\n<meta property=\"og:type\" content=\"article\" \/>\n<meta property=\"og:title\" content=\"Gable Steveson signs with UFC and sets debut for potential Conor McGregor comeback card\" \/>\n<meta property=\"og:description\" content=\"Follow us on Google Discover After months of calls from fans and experts, Gable Steveson has finally been signed to the UFC.Last September, the Olympic\" \/>\n<meta property=\"og:url\" content=\"https:\/\/ubirataonline.com.br\/en\/gable-steveson-signs-with-ufc-and-sets-debut-for-potential-conor-mcgregor-comeback-card\/\" \/>\n<meta property=\"og:site_name\" content=\"Ubirat\u00e3 Online Not\u00edcias - A realidade ao seu alcance!\" \/>\n<meta property=\"article:publisher\" content=\"https:\/\/www.facebook.com\/portalubirataonline\" \/>\n<meta property=\"article:author\" content=\"https:\/\/www.facebook.com\/portalubirataonline\" \/>\n<meta property=\"article:published_time\" content=\"2026-04-12T04:39:59+00:00\" \/>\n<meta property=\"article:modified_time\" content=\"2026-04-12T04:40:05+00:00\" \/>\n<meta property=\"og:image\" content=\"https:\/\/ubirataonline.com.br\/wp-content\/uploads\/2026\/04\/Gable-Steveson-signs-with-UFC-and-sets-debut-for-potential.jpg\" \/>\n\t<meta property=\"og:image:width\" content=\"1920\" \/>\n\t<meta property=\"og:image:height\" content=\"1280\" \/>\n\t<meta property=\"og:image:type\" content=\"image\/jpeg\" \/>\n<meta name=\"author\" content=\"REDA\u00c7\u00c3O: UBIRAT\u00c3 ONLINE - F\u00c1BIO AUGUSTO CELESTINO\" \/>\n<meta name=\"twitter:card\" content=\"summary_large_image\" \/>\n<meta name=\"twitter:creator\" content=\"@x.com\/ubirataonline\" \/>\n<meta name=\"twitter:site\" content=\"@ubirataonline\" \/>\n<meta name=\"twitter:label1\" content=\"Written by\" \/>\n\t<meta name=\"twitter:data1\" content=\"REDA\u00c7\u00c3O: UBIRAT\u00c3 ONLINE - F\u00c1BIO AUGUSTO CELESTINO\" \/>\n\t<meta name=\"twitter:label2\" content=\"Est. reading time\" \/>\n\t<meta name=\"twitter:data2\" content=\"2 minutes\" \/>\n<script type=\"application\/ld+json\" class=\"yoast-schema-graph\">{\"@context\":\"https:\\\/\\\/schema.org\",\"@graph\":[{\"@type\":\"NewsArticle\",\"@id\":\"https:\\\/\\\/ubirataonline.com.br\\\/gable-steveson-signs-with-ufc-and-sets-debut-for-potential-conor-mcgregor-comeback-card\\\/#article\",\"isPartOf\":{\"@id\":\"https:\\\/\\\/ubirataonline.com.br\\\/gable-steveson-signs-with-ufc-and-sets-debut-for-potential-conor-mcgregor-comeback-card\\\/\"},\"author\":{\"name\":\"REDA\u00c7\u00c3O: UBIRAT\u00c3 ONLINE - F\u00c1BIO AUGUSTO CELESTINO\",\"@id\":\"https:\\\/\\\/ubirataonline.com.br\\\/#\\\/schema\\\/person\\\/372f87bbd3fdd79b8556b84c98d0bc1c\"},\"headline\":\"Gable Steveson signs with UFC and sets debut for potential Conor McGregor comeback card\",\"datePublished\":\"2026-04-12T04:39:59+00:00\",\"dateModified\":\"2026-04-12T04:40:05+00:00\",\"mainEntityOfPage\":{\"@id\":\"https:\\\/\\\/ubirataonline.com.br\\\/gable-steveson-signs-with-ufc-and-sets-debut-for-potential-conor-mcgregor-comeback-card\\\/\"},\"wordCount\":419,\"publisher\":{\"@id\":\"https:\\\/\\\/ubirataonline.com.br\\\/#organization\"},\"image\":{\"@id\":\"https:\\\/\\\/ubirataonline.com.br\\\/gable-steveson-signs-with-ufc-and-sets-debut-for-potential-conor-mcgregor-comeback-card\\\/#primaryimage\"},\"thumbnailUrl\":\"https:\\\/\\\/ubirataonline.com.br\\\/wp-content\\\/uploads\\\/2026\\\/04\\\/Gable-Steveson-signs-with-UFC-and-sets-debut-for-potential.jpg\",\"keywords\":[\"Card\",\"Comeback\",\"Conor\",\"Debut\",\"Gable\",\"McGregor\",\"POTENTIAL\",\"Sets\",\"signs\",\"Steveson\",\"UFC\"],\"articleSection\":[\"Brasil\"],\"inLanguage\":\"en-US\",\"copyrightYear\":\"2026\",\"copyrightHolder\":{\"@id\":\"https:\\\/\\\/ubirataonline.com.br\\\/en\\\/#organization\"}},{\"@type\":\"WebPage\",\"@id\":\"https:\\\/\\\/ubirataonline.com.br\\\/gable-steveson-signs-with-ufc-and-sets-debut-for-potential-conor-mcgregor-comeback-card\\\/\",\"url\":\"https:\\\/\\\/ubirataonline.com.br\\\/gable-steveson-signs-with-ufc-and-sets-debut-for-potential-conor-mcgregor-comeback-card\\\/\",\"name\":\"Gable Steveson signs with UFC and sets debut for potential Conor McGregor comeback card - Ubirat\u00e3 Online Not\u00edcias - A realidade ao seu alcance!\",\"isPartOf\":{\"@id\":\"https:\\\/\\\/ubirataonline.com.br\\\/#website\"},\"primaryImageOfPage\":{\"@id\":\"https:\\\/\\\/ubirataonline.com.br\\\/gable-steveson-signs-with-ufc-and-sets-debut-for-potential-conor-mcgregor-comeback-card\\\/#primaryimage\"},\"image\":{\"@id\":\"https:\\\/\\\/ubirataonline.com.br\\\/gable-steveson-signs-with-ufc-and-sets-debut-for-potential-conor-mcgregor-comeback-card\\\/#primaryimage\"},\"thumbnailUrl\":\"https:\\\/\\\/ubirataonline.com.br\\\/wp-content\\\/uploads\\\/2026\\\/04\\\/Gable-Steveson-signs-with-UFC-and-sets-debut-for-potential.jpg\",\"datePublished\":\"2026-04-12T04:39:59+00:00\",\"dateModified\":\"2026-04-12T04:40:05+00:00\",\"description\":\"Follow us on Google Discover After months of calls from fans and experts, Gable Steveson has finally been signed to the UFC.Last September, the Olympic\",\"breadcrumb\":{\"@id\":\"https:\\\/\\\/ubirataonline.com.br\\\/gable-steveson-signs-with-ufc-and-sets-debut-for-potential-conor-mcgregor-comeback-card\\\/#breadcrumb\"},\"inLanguage\":\"en-US\",\"potentialAction\":[{\"@type\":\"ReadAction\",\"target\":[\"https:\\\/\\\/ubirataonline.com.br\\\/gable-steveson-signs-with-ufc-and-sets-debut-for-potential-conor-mcgregor-comeback-card\\\/\"]}]},{\"@type\":\"ImageObject\",\"inLanguage\":\"en-US\",\"@id\":\"https:\\\/\\\/ubirataonline.com.br\\\/gable-steveson-signs-with-ufc-and-sets-debut-for-potential-conor-mcgregor-comeback-card\\\/#primaryimage\",\"url\":\"https:\\\/\\\/ubirataonline.com.br\\\/wp-content\\\/uploads\\\/2026\\\/04\\\/Gable-Steveson-signs-with-UFC-and-sets-debut-for-potential.jpg\",\"contentUrl\":\"https:\\\/\\\/ubirataonline.com.br\\\/wp-content\\\/uploads\\\/2026\\\/04\\\/Gable-Steveson-signs-with-UFC-and-sets-debut-for-potential.jpg\",\"width\":1920,\"height\":1280,\"caption\":\"Main: Gable Steveson yells at the NCAA Division I Men\u2019s Wrestling Championship. Inset: Jon Jones is interviewed by Joe Rogan at UFC 309. Credit: Jay LaPrete\\\/NCAA Photos &amp; Jeff Bottari\\\/Zuffa LLC via Getty Images\"},{\"@type\":\"BreadcrumbList\",\"@id\":\"https:\\\/\\\/ubirataonline.com.br\\\/gable-steveson-signs-with-ufc-and-sets-debut-for-potential-conor-mcgregor-comeback-card\\\/#breadcrumb\",\"itemListElement\":[{\"@type\":\"ListItem\",\"position\":1,\"name\":\"In\u00edcio\",\"item\":\"https:\\\/\\\/ubirataonline.com.br\\\/\"},{\"@type\":\"ListItem\",\"position\":2,\"name\":\"Gable Steveson signs with UFC and sets debut for potential Conor McGregor comeback card\"}]},{\"@type\":\"WebSite\",\"@id\":\"https:\\\/\\\/ubirataonline.com.br\\\/#website\",\"url\":\"https:\\\/\\\/ubirataonline.com.br\\\/\",\"name\":\"Ubirat\u00e3 Online Not\u00edcias\",\"description\":\"Not\u00edcias de Ubirat\u00e3, regi\u00e3o, Brasil e mundo, com informa\u00e7\u00e3o atualizada e compromisso com o leitor.\",\"publisher\":{\"@id\":\"https:\\\/\\\/ubirataonline.com.br\\\/#organization\"},\"alternateName\":\"Ubirat\u00e3 Online\",\"potentialAction\":[{\"@type\":\"SearchAction\",\"target\":{\"@type\":\"EntryPoint\",\"urlTemplate\":\"https:\\\/\\\/ubirataonline.com.br\\\/?s={search_term_string}\"},\"query-input\":{\"@type\":\"PropertyValueSpecification\",\"valueRequired\":true,\"valueName\":\"search_term_string\"}}],\"inLanguage\":\"en-US\"},{\"@type\":[\"Organization\",\"Place\"],\"@id\":\"https:\\\/\\\/ubirataonline.com.br\\\/#organization\",\"name\":\"Ubirat\u00e3 Online Not\u00edcias\",\"alternateName\":\"Ubirat\u00e3 Online\",\"url\":\"https:\\\/\\\/ubirataonline.com.br\\\/\",\"logo\":{\"@id\":\"https:\\\/\\\/ubirataonline.com.br\\\/gable-steveson-signs-with-ufc-and-sets-debut-for-potential-conor-mcgregor-comeback-card\\\/#local-main-organization-logo\"},\"image\":{\"@id\":\"https:\\\/\\\/ubirataonline.com.br\\\/gable-steveson-signs-with-ufc-and-sets-debut-for-potential-conor-mcgregor-comeback-card\\\/#local-main-organization-logo\"},\"sameAs\":[\"https:\\\/\\\/www.facebook.com\\\/portalubirataonline\",\"https:\\\/\\\/x.com\\\/ubirataonline\",\"https:\\\/\\\/mastodon.social\\\/@ubirataonline\",\"https:\\\/\\\/www.facebook.com\\\/groups\\\/311144672285604\",\"https:\\\/\\\/www.facebook.com\\\/UBTAOnline\",\"https:\\\/\\\/www.instagram.com\\\/portalubirataonline\\\/\",\"https:\\\/\\\/twitter.com\\\/ubirataonline\"],\"description\":\"Somos um portal de not\u00edcias independente, criado em 5 de janeiro de 2009, com o objetivo de informar, conectar e valorizar a nossa comunidade de Ubirat\u00e3 e toda aregi\u00e3o. Com conte\u00fado atualizado, confi\u00e1vel e relevante, o Ubirat\u00e3 Online \u00e9 o seu espa\u00e7o para ficar por dentro dos principais acontecimentos locais, regionais, Brasil, Mundo e de interesse geral. Nosso compromisso \u00e9 com a verdade, a transpar\u00eancia e o respeito ao leitor.\",\"legalName\":\"UBIRATA ONLINE NOT\u00cdCIAS\",\"foundingDate\":\"2009-01-05\",\"numberOfEmployees\":{\"@type\":\"QuantitativeValue\",\"minValue\":\"1\",\"maxValue\":\"10\"},\"publishingPrinciples\":\"https:\\\/\\\/ubirataonline.com.br\\\/faq\\\/\",\"address\":{\"@id\":\"https:\\\/\\\/ubirataonline.com.br\\\/gable-steveson-signs-with-ufc-and-sets-debut-for-potential-conor-mcgregor-comeback-card\\\/#local-main-place-address\"},\"geo\":{\"@type\":\"GeoCoordinates\",\"latitude\":\"-24.5361401\",\"longitude\":\"-52.9921776\"},\"telephone\":[\"+5544998308235\"],\"contactPoint\":{\"@type\":\"ContactPoint\",\"email\":\"contato@ubirataonline.com.br\"},\"openingHoursSpecification\":{\"@type\":\"OpeningHoursSpecification\",\"dayOfWeek\":[\"Monday\",\"Tuesday\",\"Wednesday\",\"Thursday\",\"Friday\",\"Saturday\",\"Sunday\"],\"opens\":\"00:00\",\"closes\":\"23:59\"},\"email\":\"contato@ubirataonline.com.br\",\"vatID\":\"47.621.418\\\/0001-80\"},{\"@type\":\"Person\",\"@id\":\"https:\\\/\\\/ubirataonline.com.br\\\/#\\\/schema\\\/person\\\/372f87bbd3fdd79b8556b84c98d0bc1c\",\"name\":\"REDA\u00c7\u00c3O: UBIRAT\u00c3 ONLINE - F\u00c1BIO AUGUSTO CELESTINO\",\"pronouns\":\"Ele\",\"description\":\"Desde 2003 trabalhando com not\u00edcias.\",\"sameAs\":[\"http:\\\/\\\/ubirataoline.com.br\",\"https:\\\/\\\/www.facebook.com\\\/portalubirataonline\",\"https:\\\/\\\/www.instagram.com\\\/ubirataonline_oficial\",\"https:\\\/\\\/x.com\\\/x.com\\\/ubirataonline\"],\"honorificPrefix\":\"Mr.\",\"honorificSuffix\":\"MD\",\"birthDate\":\"1980-06-16\",\"gender\":\"masculino\",\"award\":[\"V\u00e1rios pr\u00eamios de melhor portal da cidade\"],\"jobTitle\":\"Diretor\",\"url\":\"https:\\\/\\\/ubirataonline.com.br\\\/en\\\/author\\\/ubirataonline\\\/\"},{\"@type\":\"PostalAddress\",\"@id\":\"https:\\\/\\\/ubirataonline.com.br\\\/gable-steveson-signs-with-ufc-and-sets-debut-for-potential-conor-mcgregor-comeback-card\\\/#local-main-place-address\",\"streetAddress\":\"Rua dos Coqueiros, 104 - Bairro Boa Vista, Rua dos Coqueiros, 104 Bairro Boa Vista\",\"addressLocality\":\"UBIRATA\",\"postalCode\":\"85440-000\",\"addressRegion\":\"PR\",\"addressCountry\":\"BR\"},{\"@type\":\"ImageObject\",\"inLanguage\":\"en-US\",\"@id\":\"https:\\\/\\\/ubirataonline.com.br\\\/gable-steveson-signs-with-ufc-and-sets-debut-for-potential-conor-mcgregor-comeback-card\\\/#local-main-organization-logo\",\"url\":\"https:\\\/\\\/ubirataonline.com.br\\\/wp-content\\\/uploads\\\/2026\\\/06\\\/logoubirataonline-1.webp\",\"contentUrl\":\"https:\\\/\\\/ubirataonline.com.br\\\/wp-content\\\/uploads\\\/2026\\\/06\\\/logoubirataonline-1.webp\",\"width\":500,\"height\":500,\"caption\":\"Ubirat\u00e3 Online Not\u00edcias\"}]}<\/script>\n<meta name=\"geo.placename\" content=\"UBIRATA\" \/>\n<meta name=\"geo.position\" content=\"-24.5361401;-52.9921776\" \/>\n<meta name=\"geo.region\" content=\"Brazil\" \/>\n<!-- \/ Yoast SEO Premium plugin. -->","yoast_head_json":{"title":"Gable Steveson signs with UFC and sets debut for potential Conor McGregor comeback card - Ubirat\u00e3 Online Not\u00edcias - A realidade ao seu alcance!","description":"Follow us on Google Discover After months of calls from fans and experts, Gable Steveson has finally been signed to the UFC.Last September, the Olympic","robots":{"index":"index","follow":"follow","max-snippet":"max-snippet:-1","max-image-preview":"max-image-preview:large","max-video-preview":"max-video-preview:-1"},"canonical":"https:\/\/ubirataonline.com.br\/en\/gable-steveson-signs-with-ufc-and-sets-debut-for-potential-conor-mcgregor-comeback-card\/","og_locale":"en_US","og_type":"article","og_title":"Gable Steveson signs with UFC and sets debut for potential Conor McGregor comeback card","og_description":"Follow us on Google Discover After months of calls from fans and experts, Gable Steveson has finally been signed to the UFC.Last September, the Olympic","og_url":"https:\/\/ubirataonline.com.br\/en\/gable-steveson-signs-with-ufc-and-sets-debut-for-potential-conor-mcgregor-comeback-card\/","og_site_name":"Ubirat\u00e3 Online Not\u00edcias - A realidade ao seu alcance!","article_publisher":"https:\/\/www.facebook.com\/portalubirataonline","article_author":"https:\/\/www.facebook.com\/portalubirataonline","article_published_time":"2026-04-12T04:39:59+00:00","article_modified_time":"2026-04-12T04:40:05+00:00","og_image":[{"width":1920,"height":1280,"url":"https:\/\/ubirataonline.com.br\/wp-content\/uploads\/2026\/04\/Gable-Steveson-signs-with-UFC-and-sets-debut-for-potential.jpg","type":"image\/jpeg"}],"author":"REDA\u00c7\u00c3O: UBIRAT\u00c3 ONLINE - F\u00c1BIO AUGUSTO CELESTINO","twitter_card":"summary_large_image","twitter_creator":"@x.com\/ubirataonline","twitter_site":"@ubirataonline","twitter_misc":{"Written by":"REDA\u00c7\u00c3O: UBIRAT\u00c3 ONLINE - F\u00c1BIO AUGUSTO CELESTINO","Est. reading time":"2 minutes"},"schema":{"@context":"https:\/\/schema.org","@graph":[{"@type":"NewsArticle","@id":"https:\/\/ubirataonline.com.br\/gable-steveson-signs-with-ufc-and-sets-debut-for-potential-conor-mcgregor-comeback-card\/#article","isPartOf":{"@id":"https:\/\/ubirataonline.com.br\/gable-steveson-signs-with-ufc-and-sets-debut-for-potential-conor-mcgregor-comeback-card\/"},"author":{"name":"REDA\u00c7\u00c3O: UBIRAT\u00c3 ONLINE - F\u00c1BIO AUGUSTO CELESTINO","@id":"https:\/\/ubirataonline.com.br\/#\/schema\/person\/372f87bbd3fdd79b8556b84c98d0bc1c"},"headline":"Gable Steveson signs with UFC and sets debut for potential Conor McGregor comeback card","datePublished":"2026-04-12T04:39:59+00:00","dateModified":"2026-04-12T04:40:05+00:00","mainEntityOfPage":{"@id":"https:\/\/ubirataonline.com.br\/gable-steveson-signs-with-ufc-and-sets-debut-for-potential-conor-mcgregor-comeback-card\/"},"wordCount":419,"publisher":{"@id":"https:\/\/ubirataonline.com.br\/#organization"},"image":{"@id":"https:\/\/ubirataonline.com.br\/gable-steveson-signs-with-ufc-and-sets-debut-for-potential-conor-mcgregor-comeback-card\/#primaryimage"},"thumbnailUrl":"https:\/\/ubirataonline.com.br\/wp-content\/uploads\/2026\/04\/Gable-Steveson-signs-with-UFC-and-sets-debut-for-potential.jpg","keywords":["Card","Comeback","Conor","Debut","Gable","McGregor","POTENTIAL","Sets","signs","Steveson","UFC"],"articleSection":["Brasil"],"inLanguage":"en-US","copyrightYear":"2026","copyrightHolder":{"@id":"https:\/\/ubirataonline.com.br\/en\/#organization"}},{"@type":"WebPage","@id":"https:\/\/ubirataonline.com.br\/gable-steveson-signs-with-ufc-and-sets-debut-for-potential-conor-mcgregor-comeback-card\/","url":"https:\/\/ubirataonline.com.br\/gable-steveson-signs-with-ufc-and-sets-debut-for-potential-conor-mcgregor-comeback-card\/","name":"Gable Steveson signs with UFC and sets debut for potential Conor McGregor comeback card - Ubirat\u00e3 Online Not\u00edcias - A realidade ao seu alcance!","isPartOf":{"@id":"https:\/\/ubirataonline.com.br\/#website"},"primaryImageOfPage":{"@id":"https:\/\/ubirataonline.com.br\/gable-steveson-signs-with-ufc-and-sets-debut-for-potential-conor-mcgregor-comeback-card\/#primaryimage"},"image":{"@id":"https:\/\/ubirataonline.com.br\/gable-steveson-signs-with-ufc-and-sets-debut-for-potential-conor-mcgregor-comeback-card\/#primaryimage"},"thumbnailUrl":"https:\/\/ubirataonline.com.br\/wp-content\/uploads\/2026\/04\/Gable-Steveson-signs-with-UFC-and-sets-debut-for-potential.jpg","datePublished":"2026-04-12T04:39:59+00:00","dateModified":"2026-04-12T04:40:05+00:00","description":"Follow us on Google Discover After months of calls from fans and experts, Gable Steveson has finally been signed to the UFC.Last September, the Olympic","breadcrumb":{"@id":"https:\/\/ubirataonline.com.br\/gable-steveson-signs-with-ufc-and-sets-debut-for-potential-conor-mcgregor-comeback-card\/#breadcrumb"},"inLanguage":"en-US","potentialAction":[{"@type":"ReadAction","target":["https:\/\/ubirataonline.com.br\/gable-steveson-signs-with-ufc-and-sets-debut-for-potential-conor-mcgregor-comeback-card\/"]}]},{"@type":"ImageObject","inLanguage":"en-US","@id":"https:\/\/ubirataonline.com.br\/gable-steveson-signs-with-ufc-and-sets-debut-for-potential-conor-mcgregor-comeback-card\/#primaryimage","url":"https:\/\/ubirataonline.com.br\/wp-content\/uploads\/2026\/04\/Gable-Steveson-signs-with-UFC-and-sets-debut-for-potential.jpg","contentUrl":"https:\/\/ubirataonline.com.br\/wp-content\/uploads\/2026\/04\/Gable-Steveson-signs-with-UFC-and-sets-debut-for-potential.jpg","width":1920,"height":1280,"caption":"Main: Gable Steveson yells at the NCAA Division I Men\u2019s Wrestling Championship. Inset: Jon Jones is interviewed by Joe Rogan at UFC 309. Credit: Jay LaPrete\/NCAA Photos &amp; Jeff Bottari\/Zuffa LLC via Getty Images"},{"@type":"BreadcrumbList","@id":"https:\/\/ubirataonline.com.br\/gable-steveson-signs-with-ufc-and-sets-debut-for-potential-conor-mcgregor-comeback-card\/#breadcrumb","itemListElement":[{"@type":"ListItem","position":1,"name":"In\u00edcio","item":"https:\/\/ubirataonline.com.br\/"},{"@type":"ListItem","position":2,"name":"Gable Steveson signs with UFC and sets debut for potential Conor McGregor comeback card"}]},{"@type":"WebSite","@id":"https:\/\/ubirataonline.com.br\/#website","url":"https:\/\/ubirataonline.com.br\/","name":"Ubirat\u00e3 Online Not\u00edcias","description":"Not\u00edcias de Ubirat\u00e3, regi\u00e3o, Brasil e mundo, com informa\u00e7\u00e3o atualizada e compromisso com o leitor.","publisher":{"@id":"https:\/\/ubirataonline.com.br\/#organization"},"alternateName":"Ubirat\u00e3 Online","potentialAction":[{"@type":"SearchAction","target":{"@type":"EntryPoint","urlTemplate":"https:\/\/ubirataonline.com.br\/?s={search_term_string}"},"query-input":{"@type":"PropertyValueSpecification","valueRequired":true,"valueName":"search_term_string"}}],"inLanguage":"en-US"},{"@type":["Organization","Place"],"@id":"https:\/\/ubirataonline.com.br\/#organization","name":"Ubirat\u00e3 Online Not\u00edcias","alternateName":"Ubirat\u00e3 Online","url":"https:\/\/ubirataonline.com.br\/","logo":{"@id":"https:\/\/ubirataonline.com.br\/gable-steveson-signs-with-ufc-and-sets-debut-for-potential-conor-mcgregor-comeback-card\/#local-main-organization-logo"},"image":{"@id":"https:\/\/ubirataonline.com.br\/gable-steveson-signs-with-ufc-and-sets-debut-for-potential-conor-mcgregor-comeback-card\/#local-main-organization-logo"},"sameAs":["https:\/\/www.facebook.com\/portalubirataonline","https:\/\/x.com\/ubirataonline","https:\/\/mastodon.social\/@ubirataonline","https:\/\/www.facebook.com\/groups\/311144672285604","https:\/\/www.facebook.com\/UBTAOnline","https:\/\/www.instagram.com\/portalubirataonline\/","https:\/\/twitter.com\/ubirataonline"],"description":"Somos um portal de not\u00edcias independente, criado em 5 de janeiro de 2009, com o objetivo de informar, conectar e valorizar a nossa comunidade de Ubirat\u00e3 e toda aregi\u00e3o. Com conte\u00fado atualizado, confi\u00e1vel e relevante, o Ubirat\u00e3 Online \u00e9 o seu espa\u00e7o para ficar por dentro dos principais acontecimentos locais, regionais, Brasil, Mundo e de interesse geral. Nosso compromisso \u00e9 com a verdade, a transpar\u00eancia e o respeito ao leitor.","legalName":"UBIRATA ONLINE NOT\u00cdCIAS","foundingDate":"2009-01-05","numberOfEmployees":{"@type":"QuantitativeValue","minValue":"1","maxValue":"10"},"publishingPrinciples":"https:\/\/ubirataonline.com.br\/faq\/","address":{"@id":"https:\/\/ubirataonline.com.br\/gable-steveson-signs-with-ufc-and-sets-debut-for-potential-conor-mcgregor-comeback-card\/#local-main-place-address"},"geo":{"@type":"GeoCoordinates","latitude":"-24.5361401","longitude":"-52.9921776"},"telephone":["+5544998308235"],"contactPoint":{"@type":"ContactPoint","email":"contato@ubirataonline.com.br"},"openingHoursSpecification":{"@type":"OpeningHoursSpecification","dayOfWeek":["Monday","Tuesday","Wednesday","Thursday","Friday","Saturday","Sunday"],"opens":"00:00","closes":"23:59"},"email":"contato@ubirataonline.com.br","vatID":"47.621.418\/0001-80"},{"@type":"Person","@id":"https:\/\/ubirataonline.com.br\/#\/schema\/person\/372f87bbd3fdd79b8556b84c98d0bc1c","name":"REDA\u00c7\u00c3O: UBIRAT\u00c3 ONLINE - F\u00c1BIO AUGUSTO CELESTINO","pronouns":"Ele","description":"Desde 2003 trabalhando com not\u00edcias.","sameAs":["http:\/\/ubirataoline.com.br","https:\/\/www.facebook.com\/portalubirataonline","https:\/\/www.instagram.com\/ubirataonline_oficial","https:\/\/x.com\/x.com\/ubirataonline"],"honorificPrefix":"Mr.","honorificSuffix":"MD","birthDate":"1980-06-16","gender":"masculino","award":["V\u00e1rios pr\u00eamios de melhor portal da cidade"],"jobTitle":"Diretor","url":"https:\/\/ubirataonline.com.br\/en\/author\/ubirataonline\/"},{"@type":"PostalAddress","@id":"https:\/\/ubirataonline.com.br\/gable-steveson-signs-with-ufc-and-sets-debut-for-potential-conor-mcgregor-comeback-card\/#local-main-place-address","streetAddress":"Rua dos Coqueiros, 104 - Bairro Boa Vista, Rua dos Coqueiros, 104 Bairro Boa Vista","addressLocality":"UBIRATA","postalCode":"85440-000","addressRegion":"PR","addressCountry":"BR"},{"@type":"ImageObject","inLanguage":"en-US","@id":"https:\/\/ubirataonline.com.br\/gable-steveson-signs-with-ufc-and-sets-debut-for-potential-conor-mcgregor-comeback-card\/#local-main-organization-logo","url":"https:\/\/ubirataonline.com.br\/wp-content\/uploads\/2026\/06\/logoubirataonline-1.webp","contentUrl":"https:\/\/ubirataonline.com.br\/wp-content\/uploads\/2026\/06\/logoubirataonline-1.webp","width":500,"height":500,"caption":"Ubirat\u00e3 Online Not\u00edcias"}]},"geo.placename":"UBIRATA","geo.position":{"lat":"-24.5361401","long":"-52.9921776"},"geo.region":"Brazil"},"_links":{"self":[{"href":"https:\/\/ubirataonline.com.br\/en\/wp-json\/wp\/v2\/posts\/104736","targetHints":{"allow":["GET"]}}],"collection":[{"href":"https:\/\/ubirataonline.com.br\/en\/wp-json\/wp\/v2\/posts"}],"about":[{"href":"https:\/\/ubirataonline.com.br\/en\/wp-json\/wp\/v2\/types\/post"}],"author":[{"embeddable":true,"href":"https:\/\/ubirataonline.com.br\/en\/wp-json\/wp\/v2\/users\/1"}],"replies":[{"embeddable":true,"href":"https:\/\/ubirataonline.com.br\/en\/wp-json\/wp\/v2\/comments?post=104736"}],"version-history":[{"count":0,"href":"https:\/\/ubirataonline.com.br\/en\/wp-json\/wp\/v2\/posts\/104736\/revisions"}],"wp:featuredmedia":[{"embeddable":true,"href":"https:\/\/ubirataonline.com.br\/en\/wp-json\/wp\/v2\/media\/104737"}],"wp:attachment":[{"href":"https:\/\/ubirataonline.com.br\/en\/wp-json\/wp\/v2\/media?parent=104736"}],"wp:term":[{"taxonomy":"category","embeddable":true,"href":"https:\/\/ubirataonline.com.br\/en\/wp-json\/wp\/v2\/categories?post=104736"},{"taxonomy":"post_tag","embeddable":true,"href":"https:\/\/ubirataonline.com.br\/en\/wp-json\/wp\/v2\/tags?post=104736"}],"curies":[{"name":"wp","href":"https:\/\/api.w.org\/{rel}","templated":true}]}}