{"id":104739,"date":"2026-04-12T01:45:04","date_gmt":"2026-04-12T04:45:04","guid":{"rendered":"https:\/\/ubirataonline.com.br\/oscar-isaac-carey-mulligan-charles-melton-more\/"},"modified":"2026-04-12T01:45:06","modified_gmt":"2026-04-12T04:45:06","slug":"oscar-isaac-carey-mulligan-charles-melton-more","status":"publish","type":"post","link":"https:\/\/ubirataonline.com.br\/en\/oscar-isaac-carey-mulligan-charles-melton-more\/","title":{"rendered":"Oscar Isaac, Carey Mulligan, Charles Melton\u00a0&#038; More"},"content":{"rendered":"<p><\/p>\n<div>\n<p>The new season of\u00a0<a href=\"https:\/\/deadline.com\/tag\/beef\/\"><em>Beef<\/em><\/a> follows a new \u201cbeef\u201d and a whole new cast, with Season 2 premiering on Netflix on April 16.<\/p>\n<p>Season 2 of the anthology series stars Oscar Isaac, Carey Mulligan, Charles Melton, Cailee Spaeny, and Seoyeon Jang.<\/p>\n<p>Created by Lee Sung Jin,\u00a0<em>Beef<\/em> will also feature a recurring cast that includes Youn Yuh-jung, Song Kang-Ho, William Fichtner, Mikaela Hoover, and Matthew Kim.<\/p>\n<p><strong>RELATED: <a href=\"https:\/\/deadline.com\/gallery\/euphoria-season-3-premiere-red-carpet-photos-hbo\/\">\u2018Euphoria\u2019 Season 3 Premiere Red Carpet Photos: Zendaya, Jacob Elordi, Sydney Sweeney, Hunter Schafer &amp; More<\/a><\/strong><\/p>\n<p><em>Beef<\/em> Season 2 will follow a new \u201cbeef\u201d that starts when a Gen-Z couple witnesses a fight between their Millennial boss and his wife. Newly-engaged Ashely Miller (Cailee Spaeny) and Austin Davis (Charles Melton), both lower-level staff at a country club, become entangled in the unraveling marriage of their General Manager, Joshua Mart\u00edn (Oscar Isaac), and his wife, Lindsay Crane-Mart\u00edn (Carey Mulligan).<\/p>\n<p>Through favors and coercion, both couples vie for the approval of the elitist club\u2019s billionaire owner, Chairwoman Park (Youn Yuh-jung), who struggles to manage her own scandal involving her second husband, Doctor Kim (Song Kang-ho).<\/p>\n<p><strong>RELATED: <a href=\"https:\/\/deadline.com\/gallery\/american-horror-story-season-13-first-look-photos-fx-hulu\/\">\u2018American Horror Story\u2019 Season 13 First Look Photos: Sarah Paulson &amp; Jessica Lange Return To Ryan Murphy\u2019s Anthology Series<\/a><\/strong><\/p>\n<p>Executive producers for\u00a0<em>Beef<\/em> Season 2 include Jake Schreier, Steven Yeun, Ail Wong, Carey Mulligan, Oscar Isaac, Charles Melton, and Cailee Spaeny.<\/p>\n<p><strong>RELATED: <a href=\"https:\/\/deadline.com\/gallery\/summer-house-spinoff-in-the-city-season-1-cast-photos-bravo\/\">\u2018Summer House\u2019 Spinoff \u2018In The City\u2019 Season 1 Cast Photos, Trailer &amp; Premiere Date Set At Bravo<\/a><\/strong><\/p>\n<p><strong>Scroll through the photo gallery below to see the stars of\u00a0<em>Beef\u00a0<\/em>Season 2.<\/strong><\/p>\n<\/div>\n<p><a href=\"https:\/\/deadline.com\/gallery\/beef-season-2-premiere-red-carpet-photos-netflix\/\">Source link <\/a><\/p>","protected":false},"excerpt":{"rendered":"<p>The new season of\u00a0Beef follows a new \u201cbeef\u201d and a whole new cast, with Season 2 premiering on Netflix on April 16. Season 2 of the anthology series stars Oscar Isaac, Carey Mulligan, Charles Melton, Cailee Spaeny, and Seoyeon Jang. Created by Lee Sung Jin,\u00a0Beef will also feature a recurring cast that includes Youn Yuh-jung, [&hellip;]<\/p>\n","protected":false},"author":1,"featured_media":104740,"comment_status":"closed","ping_status":"","sticky":false,"template":"","format":"standard","meta":{"googlesitekit_rrm_CAow2JLhCw:productID":"","_gspb_post_css":"","maa_idioma":"","maa_pais":"","footnotes":""},"categories":[1],"tags":[9916,12798,9708,27196,27195,5921],"class_list":["post-104739","post","type-post","status-publish","format-standard","has-post-thumbnail","hentry","category-ubirata","tag-carey","tag-charles","tag-isaac","tag-melton","tag-mulligan","tag-oscar"],"blocksy_meta":[],"yoast_head":"<!-- This site is optimized with the Yoast SEO Premium plugin v27.6 (Yoast SEO v27.6) - https:\/\/yoast.com\/product\/yoast-seo-premium-wordpress\/ -->\n<title>Oscar Isaac, Carey Mulligan, Charles Melton\u00a0&amp; More - Ubirat\u00e3 Online Not\u00edcias - A realidade ao seu alcance!<\/title>\n<meta name=\"description\" content=\"The new season of\u00a0Beef follows a new \u201cbeef\u201d and a whole new cast, with Season 2 premiering on Netflix on April 16. Season 2 of the anthology series stars\" \/>\n<meta name=\"robots\" content=\"index, follow, max-snippet:-1, max-image-preview:large, max-video-preview:-1\" \/>\n<link rel=\"canonical\" href=\"https:\/\/ubirataonline.com.br\/en\/oscar-isaac-carey-mulligan-charles-melton-more\/\" \/>\n<meta property=\"og:locale\" content=\"en_US\" \/>\n<meta property=\"og:type\" content=\"article\" \/>\n<meta property=\"og:title\" content=\"Oscar Isaac, Carey Mulligan, Charles Melton\u00a0&amp; More\" \/>\n<meta property=\"og:description\" content=\"The new season of\u00a0Beef follows a new \u201cbeef\u201d and a whole new cast, with Season 2 premiering on Netflix on April 16. Season 2 of the anthology series stars\" \/>\n<meta property=\"og:url\" content=\"https:\/\/ubirataonline.com.br\/en\/oscar-isaac-carey-mulligan-charles-melton-more\/\" \/>\n<meta property=\"og:site_name\" content=\"Ubirat\u00e3 Online Not\u00edcias - A realidade ao seu alcance!\" \/>\n<meta property=\"article:publisher\" content=\"https:\/\/www.facebook.com\/portalubirataonline\" \/>\n<meta property=\"article:author\" content=\"https:\/\/www.facebook.com\/portalubirataonline\" \/>\n<meta property=\"article:published_time\" content=\"2026-04-12T04:45:04+00:00\" \/>\n<meta property=\"article:modified_time\" content=\"2026-04-12T04:45:06+00:00\" \/>\n<meta property=\"og:image\" content=\"https:\/\/ubirataonline.com.br\/wp-content\/uploads\/2026\/04\/Oscar-Isaac-Carey-Mulligan-Charles-Melton-More.jpg\" \/>\n\t<meta property=\"og:image:width\" content=\"1024\" \/>\n\t<meta property=\"og:image:height\" content=\"576\" \/>\n\t<meta property=\"og:image:type\" content=\"image\/jpeg\" \/>\n<meta name=\"author\" content=\"REDA\u00c7\u00c3O: UBIRAT\u00c3 ONLINE - F\u00c1BIO AUGUSTO CELESTINO\" \/>\n<meta name=\"twitter:card\" content=\"summary_large_image\" \/>\n<meta name=\"twitter:creator\" content=\"@x.com\/ubirataonline\" \/>\n<meta name=\"twitter:site\" content=\"@ubirataonline\" \/>\n<meta name=\"twitter:label1\" content=\"Written by\" \/>\n\t<meta name=\"twitter:data1\" content=\"REDA\u00c7\u00c3O: UBIRAT\u00c3 ONLINE - F\u00c1BIO AUGUSTO CELESTINO\" \/>\n\t<meta name=\"twitter:label2\" content=\"Est. reading time\" \/>\n\t<meta name=\"twitter:data2\" content=\"1 minute\" \/>\n<script type=\"application\/ld+json\" class=\"yoast-schema-graph\">{\"@context\":\"https:\\\/\\\/schema.org\",\"@graph\":[{\"@type\":\"NewsArticle\",\"@id\":\"https:\\\/\\\/ubirataonline.com.br\\\/oscar-isaac-carey-mulligan-charles-melton-more\\\/#article\",\"isPartOf\":{\"@id\":\"https:\\\/\\\/ubirataonline.com.br\\\/oscar-isaac-carey-mulligan-charles-melton-more\\\/\"},\"author\":{\"name\":\"REDA\u00c7\u00c3O: UBIRAT\u00c3 ONLINE - F\u00c1BIO AUGUSTO CELESTINO\",\"@id\":\"https:\\\/\\\/ubirataonline.com.br\\\/#\\\/schema\\\/person\\\/372f87bbd3fdd79b8556b84c98d0bc1c\"},\"headline\":\"Oscar Isaac, Carey Mulligan, Charles Melton\u00a0&#038; More\",\"datePublished\":\"2026-04-12T04:45:04+00:00\",\"dateModified\":\"2026-04-12T04:45:06+00:00\",\"mainEntityOfPage\":{\"@id\":\"https:\\\/\\\/ubirataonline.com.br\\\/oscar-isaac-carey-mulligan-charles-melton-more\\\/\"},\"wordCount\":258,\"publisher\":{\"@id\":\"https:\\\/\\\/ubirataonline.com.br\\\/#organization\"},\"image\":{\"@id\":\"https:\\\/\\\/ubirataonline.com.br\\\/oscar-isaac-carey-mulligan-charles-melton-more\\\/#primaryimage\"},\"thumbnailUrl\":\"https:\\\/\\\/ubirataonline.com.br\\\/wp-content\\\/uploads\\\/2026\\\/04\\\/Oscar-Isaac-Carey-Mulligan-Charles-Melton-More.jpg\",\"keywords\":[\"Carey\",\"Charles\",\"Isaac\",\"Melton\",\"Mulligan\",\"Oscar\"],\"articleSection\":[\"Ubirat\u00e3\"],\"inLanguage\":\"en-US\",\"copyrightYear\":\"2026\",\"copyrightHolder\":{\"@id\":\"https:\\\/\\\/ubirataonline.com.br\\\/en\\\/#organization\"}},{\"@type\":\"WebPage\",\"@id\":\"https:\\\/\\\/ubirataonline.com.br\\\/oscar-isaac-carey-mulligan-charles-melton-more\\\/\",\"url\":\"https:\\\/\\\/ubirataonline.com.br\\\/oscar-isaac-carey-mulligan-charles-melton-more\\\/\",\"name\":\"Oscar Isaac, Carey Mulligan, Charles Melton\u00a0& More - Ubirat\u00e3 Online Not\u00edcias - A realidade ao seu alcance!\",\"isPartOf\":{\"@id\":\"https:\\\/\\\/ubirataonline.com.br\\\/#website\"},\"primaryImageOfPage\":{\"@id\":\"https:\\\/\\\/ubirataonline.com.br\\\/oscar-isaac-carey-mulligan-charles-melton-more\\\/#primaryimage\"},\"image\":{\"@id\":\"https:\\\/\\\/ubirataonline.com.br\\\/oscar-isaac-carey-mulligan-charles-melton-more\\\/#primaryimage\"},\"thumbnailUrl\":\"https:\\\/\\\/ubirataonline.com.br\\\/wp-content\\\/uploads\\\/2026\\\/04\\\/Oscar-Isaac-Carey-Mulligan-Charles-Melton-More.jpg\",\"datePublished\":\"2026-04-12T04:45:04+00:00\",\"dateModified\":\"2026-04-12T04:45:06+00:00\",\"description\":\"The new season of\u00a0Beef follows a new \u201cbeef\u201d and a whole new cast, with Season 2 premiering on Netflix on April 16. Season 2 of the anthology series stars\",\"breadcrumb\":{\"@id\":\"https:\\\/\\\/ubirataonline.com.br\\\/oscar-isaac-carey-mulligan-charles-melton-more\\\/#breadcrumb\"},\"inLanguage\":\"en-US\",\"potentialAction\":[{\"@type\":\"ReadAction\",\"target\":[\"https:\\\/\\\/ubirataonline.com.br\\\/oscar-isaac-carey-mulligan-charles-melton-more\\\/\"]}]},{\"@type\":\"ImageObject\",\"inLanguage\":\"en-US\",\"@id\":\"https:\\\/\\\/ubirataonline.com.br\\\/oscar-isaac-carey-mulligan-charles-melton-more\\\/#primaryimage\",\"url\":\"https:\\\/\\\/ubirataonline.com.br\\\/wp-content\\\/uploads\\\/2026\\\/04\\\/Oscar-Isaac-Carey-Mulligan-Charles-Melton-More.jpg\",\"contentUrl\":\"https:\\\/\\\/ubirataonline.com.br\\\/wp-content\\\/uploads\\\/2026\\\/04\\\/Oscar-Isaac-Carey-Mulligan-Charles-Melton-More.jpg\",\"width\":1024,\"height\":576,\"caption\":\"'Beef' cast Getty Images\"},{\"@type\":\"BreadcrumbList\",\"@id\":\"https:\\\/\\\/ubirataonline.com.br\\\/oscar-isaac-carey-mulligan-charles-melton-more\\\/#breadcrumb\",\"itemListElement\":[{\"@type\":\"ListItem\",\"position\":1,\"name\":\"In\u00edcio\",\"item\":\"https:\\\/\\\/ubirataonline.com.br\\\/\"},{\"@type\":\"ListItem\",\"position\":2,\"name\":\"Oscar Isaac, Carey Mulligan, Charles Melton\u00a0&#038; More\"}]},{\"@type\":\"WebSite\",\"@id\":\"https:\\\/\\\/ubirataonline.com.br\\\/#website\",\"url\":\"https:\\\/\\\/ubirataonline.com.br\\\/\",\"name\":\"Ubirat\u00e3 Online Not\u00edcias\",\"description\":\"Not\u00edcias de Ubirat\u00e3, regi\u00e3o, Brasil e mundo, com informa\u00e7\u00e3o atualizada e compromisso com o leitor.\",\"publisher\":{\"@id\":\"https:\\\/\\\/ubirataonline.com.br\\\/#organization\"},\"alternateName\":\"Ubirat\u00e3 Online\",\"potentialAction\":[{\"@type\":\"SearchAction\",\"target\":{\"@type\":\"EntryPoint\",\"urlTemplate\":\"https:\\\/\\\/ubirataonline.com.br\\\/?s={search_term_string}\"},\"query-input\":{\"@type\":\"PropertyValueSpecification\",\"valueRequired\":true,\"valueName\":\"search_term_string\"}}],\"inLanguage\":\"en-US\"},{\"@type\":[\"Organization\",\"Place\"],\"@id\":\"https:\\\/\\\/ubirataonline.com.br\\\/#organization\",\"name\":\"Ubirat\u00e3 Online Not\u00edcias\",\"alternateName\":\"Ubirat\u00e3 Online\",\"url\":\"https:\\\/\\\/ubirataonline.com.br\\\/\",\"logo\":{\"@id\":\"https:\\\/\\\/ubirataonline.com.br\\\/oscar-isaac-carey-mulligan-charles-melton-more\\\/#local-main-organization-logo\"},\"image\":{\"@id\":\"https:\\\/\\\/ubirataonline.com.br\\\/oscar-isaac-carey-mulligan-charles-melton-more\\\/#local-main-organization-logo\"},\"sameAs\":[\"https:\\\/\\\/www.facebook.com\\\/portalubirataonline\",\"https:\\\/\\\/x.com\\\/ubirataonline\",\"https:\\\/\\\/mastodon.social\\\/@ubirataonline\",\"https:\\\/\\\/www.facebook.com\\\/groups\\\/311144672285604\",\"https:\\\/\\\/www.facebook.com\\\/UBTAOnline\",\"https:\\\/\\\/www.instagram.com\\\/portalubirataonline\\\/\",\"https:\\\/\\\/twitter.com\\\/ubirataonline\"],\"description\":\"Somos um portal de not\u00edcias independente, criado em 5 de janeiro de 2009, com o objetivo de informar, conectar e valorizar a nossa comunidade de Ubirat\u00e3 e toda aregi\u00e3o. Com conte\u00fado atualizado, confi\u00e1vel e relevante, o Ubirat\u00e3 Online \u00e9 o seu espa\u00e7o para ficar por dentro dos principais acontecimentos locais, regionais, Brasil, Mundo e de interesse geral. Nosso compromisso \u00e9 com a verdade, a transpar\u00eancia e o respeito ao leitor.\",\"legalName\":\"UBIRATA ONLINE NOT\u00cdCIAS\",\"foundingDate\":\"2009-01-05\",\"numberOfEmployees\":{\"@type\":\"QuantitativeValue\",\"minValue\":\"1\",\"maxValue\":\"10\"},\"publishingPrinciples\":\"https:\\\/\\\/ubirataonline.com.br\\\/faq\\\/\",\"address\":{\"@id\":\"https:\\\/\\\/ubirataonline.com.br\\\/oscar-isaac-carey-mulligan-charles-melton-more\\\/#local-main-place-address\"},\"geo\":{\"@type\":\"GeoCoordinates\",\"latitude\":\"-24.5361401\",\"longitude\":\"-52.9921776\"},\"telephone\":[\"+5544998308235\"],\"contactPoint\":{\"@type\":\"ContactPoint\",\"email\":\"contato@ubirataonline.com.br\"},\"openingHoursSpecification\":{\"@type\":\"OpeningHoursSpecification\",\"dayOfWeek\":[\"Monday\",\"Tuesday\",\"Wednesday\",\"Thursday\",\"Friday\",\"Saturday\",\"Sunday\"],\"opens\":\"00:00\",\"closes\":\"23:59\"},\"email\":\"contato@ubirataonline.com.br\",\"vatID\":\"47.621.418\\\/0001-80\"},{\"@type\":\"Person\",\"@id\":\"https:\\\/\\\/ubirataonline.com.br\\\/#\\\/schema\\\/person\\\/372f87bbd3fdd79b8556b84c98d0bc1c\",\"name\":\"REDA\u00c7\u00c3O: UBIRAT\u00c3 ONLINE - F\u00c1BIO AUGUSTO CELESTINO\",\"pronouns\":\"Ele\",\"description\":\"Desde 2003 trabalhando com not\u00edcias.\",\"sameAs\":[\"http:\\\/\\\/ubirataoline.com.br\",\"https:\\\/\\\/www.facebook.com\\\/portalubirataonline\",\"https:\\\/\\\/www.instagram.com\\\/ubirataonline_oficial\",\"https:\\\/\\\/x.com\\\/x.com\\\/ubirataonline\"],\"honorificPrefix\":\"Mr.\",\"honorificSuffix\":\"MD\",\"birthDate\":\"1980-06-16\",\"gender\":\"masculino\",\"award\":[\"V\u00e1rios pr\u00eamios de melhor portal da cidade\"],\"jobTitle\":\"Diretor\",\"url\":\"https:\\\/\\\/ubirataonline.com.br\\\/en\\\/author\\\/ubirataonline\\\/\"},{\"@type\":\"PostalAddress\",\"@id\":\"https:\\\/\\\/ubirataonline.com.br\\\/oscar-isaac-carey-mulligan-charles-melton-more\\\/#local-main-place-address\",\"streetAddress\":\"Rua dos Coqueiros, 104 - Bairro Boa Vista, Rua dos Coqueiros, 104 Bairro Boa Vista\",\"addressLocality\":\"UBIRATA\",\"postalCode\":\"85440-000\",\"addressRegion\":\"PR\",\"addressCountry\":\"BR\"},{\"@type\":\"ImageObject\",\"inLanguage\":\"en-US\",\"@id\":\"https:\\\/\\\/ubirataonline.com.br\\\/oscar-isaac-carey-mulligan-charles-melton-more\\\/#local-main-organization-logo\",\"url\":\"https:\\\/\\\/ubirataonline.com.br\\\/wp-content\\\/uploads\\\/2026\\\/06\\\/logoubirataonline-1.webp\",\"contentUrl\":\"https:\\\/\\\/ubirataonline.com.br\\\/wp-content\\\/uploads\\\/2026\\\/06\\\/logoubirataonline-1.webp\",\"width\":500,\"height\":500,\"caption\":\"Ubirat\u00e3 Online Not\u00edcias\"}]}<\/script>\n<meta name=\"geo.placename\" content=\"UBIRATA\" \/>\n<meta name=\"geo.position\" content=\"-24.5361401;-52.9921776\" \/>\n<meta name=\"geo.region\" content=\"Brazil\" \/>\n<!-- \/ Yoast SEO Premium plugin. -->","yoast_head_json":{"title":"Oscar Isaac, Carey Mulligan, Charles Melton\u00a0& More - Ubirat\u00e3 Online Not\u00edcias - A realidade ao seu alcance!","description":"The new season of\u00a0Beef follows a new \u201cbeef\u201d and a whole new cast, with Season 2 premiering on Netflix on April 16. Season 2 of the anthology series stars","robots":{"index":"index","follow":"follow","max-snippet":"max-snippet:-1","max-image-preview":"max-image-preview:large","max-video-preview":"max-video-preview:-1"},"canonical":"https:\/\/ubirataonline.com.br\/en\/oscar-isaac-carey-mulligan-charles-melton-more\/","og_locale":"en_US","og_type":"article","og_title":"Oscar Isaac, Carey Mulligan, Charles Melton\u00a0& More","og_description":"The new season of\u00a0Beef follows a new \u201cbeef\u201d and a whole new cast, with Season 2 premiering on Netflix on April 16. Season 2 of the anthology series stars","og_url":"https:\/\/ubirataonline.com.br\/en\/oscar-isaac-carey-mulligan-charles-melton-more\/","og_site_name":"Ubirat\u00e3 Online Not\u00edcias - A realidade ao seu alcance!","article_publisher":"https:\/\/www.facebook.com\/portalubirataonline","article_author":"https:\/\/www.facebook.com\/portalubirataonline","article_published_time":"2026-04-12T04:45:04+00:00","article_modified_time":"2026-04-12T04:45:06+00:00","og_image":[{"width":1024,"height":576,"url":"https:\/\/ubirataonline.com.br\/wp-content\/uploads\/2026\/04\/Oscar-Isaac-Carey-Mulligan-Charles-Melton-More.jpg","type":"image\/jpeg"}],"author":"REDA\u00c7\u00c3O: UBIRAT\u00c3 ONLINE - F\u00c1BIO AUGUSTO CELESTINO","twitter_card":"summary_large_image","twitter_creator":"@x.com\/ubirataonline","twitter_site":"@ubirataonline","twitter_misc":{"Written by":"REDA\u00c7\u00c3O: UBIRAT\u00c3 ONLINE - F\u00c1BIO AUGUSTO CELESTINO","Est. reading time":"1 minute"},"schema":{"@context":"https:\/\/schema.org","@graph":[{"@type":"NewsArticle","@id":"https:\/\/ubirataonline.com.br\/oscar-isaac-carey-mulligan-charles-melton-more\/#article","isPartOf":{"@id":"https:\/\/ubirataonline.com.br\/oscar-isaac-carey-mulligan-charles-melton-more\/"},"author":{"name":"REDA\u00c7\u00c3O: UBIRAT\u00c3 ONLINE - F\u00c1BIO AUGUSTO CELESTINO","@id":"https:\/\/ubirataonline.com.br\/#\/schema\/person\/372f87bbd3fdd79b8556b84c98d0bc1c"},"headline":"Oscar Isaac, Carey Mulligan, Charles Melton\u00a0&#038; More","datePublished":"2026-04-12T04:45:04+00:00","dateModified":"2026-04-12T04:45:06+00:00","mainEntityOfPage":{"@id":"https:\/\/ubirataonline.com.br\/oscar-isaac-carey-mulligan-charles-melton-more\/"},"wordCount":258,"publisher":{"@id":"https:\/\/ubirataonline.com.br\/#organization"},"image":{"@id":"https:\/\/ubirataonline.com.br\/oscar-isaac-carey-mulligan-charles-melton-more\/#primaryimage"},"thumbnailUrl":"https:\/\/ubirataonline.com.br\/wp-content\/uploads\/2026\/04\/Oscar-Isaac-Carey-Mulligan-Charles-Melton-More.jpg","keywords":["Carey","Charles","Isaac","Melton","Mulligan","Oscar"],"articleSection":["Ubirat\u00e3"],"inLanguage":"en-US","copyrightYear":"2026","copyrightHolder":{"@id":"https:\/\/ubirataonline.com.br\/en\/#organization"}},{"@type":"WebPage","@id":"https:\/\/ubirataonline.com.br\/oscar-isaac-carey-mulligan-charles-melton-more\/","url":"https:\/\/ubirataonline.com.br\/oscar-isaac-carey-mulligan-charles-melton-more\/","name":"Oscar Isaac, Carey Mulligan, Charles Melton\u00a0& More - Ubirat\u00e3 Online Not\u00edcias - A realidade ao seu alcance!","isPartOf":{"@id":"https:\/\/ubirataonline.com.br\/#website"},"primaryImageOfPage":{"@id":"https:\/\/ubirataonline.com.br\/oscar-isaac-carey-mulligan-charles-melton-more\/#primaryimage"},"image":{"@id":"https:\/\/ubirataonline.com.br\/oscar-isaac-carey-mulligan-charles-melton-more\/#primaryimage"},"thumbnailUrl":"https:\/\/ubirataonline.com.br\/wp-content\/uploads\/2026\/04\/Oscar-Isaac-Carey-Mulligan-Charles-Melton-More.jpg","datePublished":"2026-04-12T04:45:04+00:00","dateModified":"2026-04-12T04:45:06+00:00","description":"The new season of\u00a0Beef follows a new \u201cbeef\u201d and a whole new cast, with Season 2 premiering on Netflix on April 16. Season 2 of the anthology series stars","breadcrumb":{"@id":"https:\/\/ubirataonline.com.br\/oscar-isaac-carey-mulligan-charles-melton-more\/#breadcrumb"},"inLanguage":"en-US","potentialAction":[{"@type":"ReadAction","target":["https:\/\/ubirataonline.com.br\/oscar-isaac-carey-mulligan-charles-melton-more\/"]}]},{"@type":"ImageObject","inLanguage":"en-US","@id":"https:\/\/ubirataonline.com.br\/oscar-isaac-carey-mulligan-charles-melton-more\/#primaryimage","url":"https:\/\/ubirataonline.com.br\/wp-content\/uploads\/2026\/04\/Oscar-Isaac-Carey-Mulligan-Charles-Melton-More.jpg","contentUrl":"https:\/\/ubirataonline.com.br\/wp-content\/uploads\/2026\/04\/Oscar-Isaac-Carey-Mulligan-Charles-Melton-More.jpg","width":1024,"height":576,"caption":"'Beef' cast Getty Images"},{"@type":"BreadcrumbList","@id":"https:\/\/ubirataonline.com.br\/oscar-isaac-carey-mulligan-charles-melton-more\/#breadcrumb","itemListElement":[{"@type":"ListItem","position":1,"name":"In\u00edcio","item":"https:\/\/ubirataonline.com.br\/"},{"@type":"ListItem","position":2,"name":"Oscar Isaac, Carey Mulligan, Charles Melton\u00a0&#038; More"}]},{"@type":"WebSite","@id":"https:\/\/ubirataonline.com.br\/#website","url":"https:\/\/ubirataonline.com.br\/","name":"Ubirat\u00e3 Online Not\u00edcias","description":"Not\u00edcias de Ubirat\u00e3, regi\u00e3o, Brasil e mundo, com informa\u00e7\u00e3o atualizada e compromisso com o leitor.","publisher":{"@id":"https:\/\/ubirataonline.com.br\/#organization"},"alternateName":"Ubirat\u00e3 Online","potentialAction":[{"@type":"SearchAction","target":{"@type":"EntryPoint","urlTemplate":"https:\/\/ubirataonline.com.br\/?s={search_term_string}"},"query-input":{"@type":"PropertyValueSpecification","valueRequired":true,"valueName":"search_term_string"}}],"inLanguage":"en-US"},{"@type":["Organization","Place"],"@id":"https:\/\/ubirataonline.com.br\/#organization","name":"Ubirat\u00e3 Online Not\u00edcias","alternateName":"Ubirat\u00e3 Online","url":"https:\/\/ubirataonline.com.br\/","logo":{"@id":"https:\/\/ubirataonline.com.br\/oscar-isaac-carey-mulligan-charles-melton-more\/#local-main-organization-logo"},"image":{"@id":"https:\/\/ubirataonline.com.br\/oscar-isaac-carey-mulligan-charles-melton-more\/#local-main-organization-logo"},"sameAs":["https:\/\/www.facebook.com\/portalubirataonline","https:\/\/x.com\/ubirataonline","https:\/\/mastodon.social\/@ubirataonline","https:\/\/www.facebook.com\/groups\/311144672285604","https:\/\/www.facebook.com\/UBTAOnline","https:\/\/www.instagram.com\/portalubirataonline\/","https:\/\/twitter.com\/ubirataonline"],"description":"Somos um portal de not\u00edcias independente, criado em 5 de janeiro de 2009, com o objetivo de informar, conectar e valorizar a nossa comunidade de Ubirat\u00e3 e toda aregi\u00e3o. Com conte\u00fado atualizado, confi\u00e1vel e relevante, o Ubirat\u00e3 Online \u00e9 o seu espa\u00e7o para ficar por dentro dos principais acontecimentos locais, regionais, Brasil, Mundo e de interesse geral. Nosso compromisso \u00e9 com a verdade, a transpar\u00eancia e o respeito ao leitor.","legalName":"UBIRATA ONLINE NOT\u00cdCIAS","foundingDate":"2009-01-05","numberOfEmployees":{"@type":"QuantitativeValue","minValue":"1","maxValue":"10"},"publishingPrinciples":"https:\/\/ubirataonline.com.br\/faq\/","address":{"@id":"https:\/\/ubirataonline.com.br\/oscar-isaac-carey-mulligan-charles-melton-more\/#local-main-place-address"},"geo":{"@type":"GeoCoordinates","latitude":"-24.5361401","longitude":"-52.9921776"},"telephone":["+5544998308235"],"contactPoint":{"@type":"ContactPoint","email":"contato@ubirataonline.com.br"},"openingHoursSpecification":{"@type":"OpeningHoursSpecification","dayOfWeek":["Monday","Tuesday","Wednesday","Thursday","Friday","Saturday","Sunday"],"opens":"00:00","closes":"23:59"},"email":"contato@ubirataonline.com.br","vatID":"47.621.418\/0001-80"},{"@type":"Person","@id":"https:\/\/ubirataonline.com.br\/#\/schema\/person\/372f87bbd3fdd79b8556b84c98d0bc1c","name":"REDA\u00c7\u00c3O: UBIRAT\u00c3 ONLINE - F\u00c1BIO AUGUSTO CELESTINO","pronouns":"Ele","description":"Desde 2003 trabalhando com not\u00edcias.","sameAs":["http:\/\/ubirataoline.com.br","https:\/\/www.facebook.com\/portalubirataonline","https:\/\/www.instagram.com\/ubirataonline_oficial","https:\/\/x.com\/x.com\/ubirataonline"],"honorificPrefix":"Mr.","honorificSuffix":"MD","birthDate":"1980-06-16","gender":"masculino","award":["V\u00e1rios pr\u00eamios de melhor portal da cidade"],"jobTitle":"Diretor","url":"https:\/\/ubirataonline.com.br\/en\/author\/ubirataonline\/"},{"@type":"PostalAddress","@id":"https:\/\/ubirataonline.com.br\/oscar-isaac-carey-mulligan-charles-melton-more\/#local-main-place-address","streetAddress":"Rua dos Coqueiros, 104 - Bairro Boa Vista, Rua dos Coqueiros, 104 Bairro Boa Vista","addressLocality":"UBIRATA","postalCode":"85440-000","addressRegion":"PR","addressCountry":"BR"},{"@type":"ImageObject","inLanguage":"en-US","@id":"https:\/\/ubirataonline.com.br\/oscar-isaac-carey-mulligan-charles-melton-more\/#local-main-organization-logo","url":"https:\/\/ubirataonline.com.br\/wp-content\/uploads\/2026\/06\/logoubirataonline-1.webp","contentUrl":"https:\/\/ubirataonline.com.br\/wp-content\/uploads\/2026\/06\/logoubirataonline-1.webp","width":500,"height":500,"caption":"Ubirat\u00e3 Online Not\u00edcias"}]},"geo.placename":"UBIRATA","geo.position":{"lat":"-24.5361401","long":"-52.9921776"},"geo.region":"Brazil"},"_links":{"self":[{"href":"https:\/\/ubirataonline.com.br\/en\/wp-json\/wp\/v2\/posts\/104739","targetHints":{"allow":["GET"]}}],"collection":[{"href":"https:\/\/ubirataonline.com.br\/en\/wp-json\/wp\/v2\/posts"}],"about":[{"href":"https:\/\/ubirataonline.com.br\/en\/wp-json\/wp\/v2\/types\/post"}],"author":[{"embeddable":true,"href":"https:\/\/ubirataonline.com.br\/en\/wp-json\/wp\/v2\/users\/1"}],"replies":[{"embeddable":true,"href":"https:\/\/ubirataonline.com.br\/en\/wp-json\/wp\/v2\/comments?post=104739"}],"version-history":[{"count":0,"href":"https:\/\/ubirataonline.com.br\/en\/wp-json\/wp\/v2\/posts\/104739\/revisions"}],"wp:featuredmedia":[{"embeddable":true,"href":"https:\/\/ubirataonline.com.br\/en\/wp-json\/wp\/v2\/media\/104740"}],"wp:attachment":[{"href":"https:\/\/ubirataonline.com.br\/en\/wp-json\/wp\/v2\/media?parent=104739"}],"wp:term":[{"taxonomy":"category","embeddable":true,"href":"https:\/\/ubirataonline.com.br\/en\/wp-json\/wp\/v2\/categories?post=104739"},{"taxonomy":"post_tag","embeddable":true,"href":"https:\/\/ubirataonline.com.br\/en\/wp-json\/wp\/v2\/tags?post=104739"}],"curies":[{"name":"wp","href":"https:\/\/api.w.org\/{rel}","templated":true}]}}