{"id":104750,"date":"2026-04-12T02:01:04","date_gmt":"2026-04-12T05:01:04","guid":{"rendered":"https:\/\/ubirataonline.com.br\/astros-carlos-correa-returns-from-illness-twins-reflect-on-trade-impact\/"},"modified":"2026-04-12T02:01:11","modified_gmt":"2026-04-12T05:01:11","slug":"astros-carlos-correa-returns-from-illness-twins-reflect-on-trade-impact","status":"publish","type":"post","link":"https:\/\/ubirataonline.com.br\/en\/astros-carlos-correa-returns-from-illness-twins-reflect-on-trade-impact\/","title":{"rendered":"Astros&#8217; Carlos Correa Returns From Illness, Twins Reflect on Trade Impact"},"content":{"rendered":"<p><br \/>\n<\/p>\n<div>\n<p><a href=\"https:\/\/www.harianbasis.co\/en\/tag\/carlos-correa\" title=\"Carlos Correa\">Carlos Correa<\/a> rejoined the <a href=\"https:\/\/www.harianbasis.co\/en\/tag\/houston-astros\" title=\"Houston Astros\">Houston Astros<\/a> lineup on Friday, April 11, 2026, after being sidelined for two games with an illness. His return comes as the <a href=\"https:\/\/www.harianbasis.co\/en\/tag\/minnesota-twins\" title=\"Minnesota Twins\">Minnesota Twins<\/a> continue to grapple with the long-term implications of trading him to the Astros in 2025, a move that significantly impacted both teams&#8217; rosters and financial flexibility.<\/p>\n<p>Correa&#8217;s absence was felt keenly by the Astros, who suffered a 9-1 defeat and a three-game sweep by the Rockies in Colorado, highlighting the impact of his bat on the team&#8217;s offense, as reported by clutchpoints.com.<\/p>\n<p><!-- setelah pragraf 2 harianbasis --><\/p>\n<p>Houston Astros manager Joe Espada confirmed that Correa had been &#8216;under the weather,&#8217; causing him to miss consecutive games. Despite the illness, Correa remained with the team, participating in light activities and avoiding a potential move to the injured list, according to <a href=\"https:\/\/www.harianbasis.co\/en\/tag\/mlb\" title=\"MLB\">MLB<\/a>.com\u2019s Manny Randhawa.<\/p>\n<aside class=\"oduu-widget oduu-posts-related\" role=\"complementary\" aria-label=\"Also Read\">&#13;<\/p>\n<div class=\"oduu-widget-content\">\n<div class=\"oduu-article-item\">\n<div class=\"oduu-article-image\"><\/div>\n<\/p><\/div>\n<\/p><\/div>\n<p>&#13;<br \/>\n            <\/aside>\n<p>Correa, a three-time All-Star, has transitioned to third base this season, a shift from his primary shortstop role. This move, made after his reacquisition by the Astros, accommodates All-Star Jeremy Pena at shortstop and adds defensive versatility to the team.<\/p>\n<p>Early in the 2026 season, Correa demonstrated strong offensive performance, recording 11 hits, one home run, and nine RBIs in 11 games. His return is expected to boost the Astros, who currently hold a 6-7 record and sit third in the AL West, ahead of their series against the Seattle Mariners.<\/p>\n<p>Meanwhile, the Minnesota Twins are still analyzing the trade that sent Correa back to Houston. The move, which involved the Twins paying the Astros $10 million per season, was initially meant to create financial flexibility, as detailed by twinsdaily.com.<\/p>\n<aside class=\"oduu-widget oduu-posts-related\" role=\"complementary\" aria-label=\"Also Read\">&#13;<\/p>\n<div class=\"oduu-widget-content\">\n<div class=\"oduu-article-item\">\n<div class=\"oduu-article-image\">\n                            <img src=\"https:\/\/cdn.harianbasis.co\/media\/images\/2026\/04\/aZTClfESV3.jpeg?location=1&amp;width=75&amp;height=75&amp;quality=90\" alt=\"Twins Beat Royals 5-1; Kody Clemens Homers in Ninth Inning\" width=\"75\" height=\"75\" loading=\"lazy\" decoding=\"async\" fetchpriority=\"low\"\/>\n                        <\/div>\n<\/p><\/div>\n<\/p><\/div>\n<p>&#13;<br \/>\n            <\/aside>\n<p>However, instead of reinvesting the savings, the Twins&#8217; payroll dropped from $136 million in 2025 to $107 million in 2026, leading to a leaner roster without significant optimization. Analysts suggest that retaining Correa&#8217;s over $30 million annual contract would have necessitated different roster decisions, potentially involving trading key players like Pablo L\u00f3pez, Joe Ryan, or Ryan Jeffers.<\/p>\n<p>Correa&#8217;s tenure with the Twins was marked by both highs and lows, including a 5.3 rWAR season in 2022 and an All-Star appearance in the first half of 2024. However, he also battled plantar fasciitis, raising durability concerns.<\/p>\n<p>The trade also had ripple effects on the Twins&#8217; roster, influencing free agent acquisitions such as Josh Bell and Victor Caratini, and potentially altering the roles for prospects like Brooks Lee and Luke Keaschall. The question remains whether the Twins are truly better off without Correa, given their current financial and roster situation, or if they sufficiently capitalized on the flexibility the trade offered.<\/p>\n<aside class=\"oduu-widget oduu-posts-related\" role=\"complementary\" aria-label=\"Also Read\">&#13;<\/p>\n<div class=\"oduu-widget-content\">\n<div class=\"oduu-article-item\">\n<div class=\"oduu-article-image\">\n                            <img src=\"https:\/\/cdn.harianbasis.co\/media\/images\/2026\/04\/6kVG2pNzvr.jpeg?location=1&amp;width=75&amp;height=75&amp;quality=90\" alt=\"Mariners Host Astros Amidst Early Season Struggles and Ichiro Celebration\" width=\"75\" height=\"75\" loading=\"lazy\" decoding=\"async\" fetchpriority=\"low\"\/>\n                        <\/div>\n<\/p><\/div>\n<\/p><\/div>\n<p>&#13;<br \/>\n            <\/aside>\n<p>                <!-- AdSpaces - Post Content Sticky (After Content) --><\/p><\/div>\n<p><br \/>\n<br \/><a href=\"https:\/\/www.harianbasis.co\/en\/correa-returns-astros-twins-trade-impact\">Source link <\/a><\/p>","protected":false},"excerpt":{"rendered":"<p>Carlos Correa rejoined the Houston Astros lineup on Friday, April 11, 2026, after being sidelined for two games with an illness. His return comes as the Minnesota Twins continue to grapple with the long-term implications of trading him to the Astros in 2025, a move that significantly impacted both teams&#8217; rosters and financial flexibility. Correa&#8217;s [&hellip;]<\/p>\n","protected":false},"author":1,"featured_media":104751,"comment_status":"closed","ping_status":"","sticky":false,"template":"","format":"standard","meta":{"googlesitekit_rrm_CAow2JLhCw:productID":"","_gspb_post_css":"","maa_idioma":"","maa_pais":"","footnotes":""},"categories":[1],"tags":[16914,3126,14025,8570,6200,27199,7634,4247,9083],"class_list":["post-104750","post","type-post","status-publish","format-standard","has-post-thumbnail","hentry","category-ubirata","tag-astros","tag-carlos","tag-correa","tag-illness","tag-impact","tag-reflect","tag-returns","tag-trade","tag-twins"],"blocksy_meta":[],"yoast_head":"<!-- This site is optimized with the Yoast SEO Premium plugin v27.6 (Yoast SEO v27.6) - https:\/\/yoast.com\/product\/yoast-seo-premium-wordpress\/ -->\n<title>Astros&#039; Carlos Correa Returns From Illness, Twins Reflect on Trade Impact - Ubirat\u00e3 Online Not\u00edcias - A realidade ao seu alcance!<\/title>\n<meta name=\"description\" content=\"Carlos Correa rejoined the Houston Astros lineup on Friday, April 11, 2026, after being sidelined for two games with an illness. His return comes as the\" \/>\n<meta name=\"robots\" content=\"index, follow, max-snippet:-1, max-image-preview:large, max-video-preview:-1\" \/>\n<link rel=\"canonical\" href=\"https:\/\/ubirataonline.com.br\/en\/astros-carlos-correa-returns-from-illness-twins-reflect-on-trade-impact\/\" \/>\n<meta property=\"og:locale\" content=\"en_US\" \/>\n<meta property=\"og:type\" content=\"article\" \/>\n<meta property=\"og:title\" content=\"Astros&#039; Carlos Correa Returns From Illness, Twins Reflect on Trade Impact\" \/>\n<meta property=\"og:description\" content=\"Carlos Correa rejoined the Houston Astros lineup on Friday, April 11, 2026, after being sidelined for two games with an illness. His return comes as the\" \/>\n<meta property=\"og:url\" content=\"https:\/\/ubirataonline.com.br\/en\/astros-carlos-correa-returns-from-illness-twins-reflect-on-trade-impact\/\" \/>\n<meta property=\"og:site_name\" content=\"Ubirat\u00e3 Online Not\u00edcias - A realidade ao seu alcance!\" \/>\n<meta property=\"article:publisher\" content=\"https:\/\/www.facebook.com\/portalubirataonline\" \/>\n<meta property=\"article:author\" content=\"https:\/\/www.facebook.com\/portalubirataonline\" \/>\n<meta property=\"article:published_time\" content=\"2026-04-12T05:01:04+00:00\" \/>\n<meta property=\"article:modified_time\" content=\"2026-04-12T05:01:11+00:00\" \/>\n<meta property=\"og:image\" content=\"https:\/\/ubirataonline.com.br\/wp-content\/uploads\/2026\/04\/Astros-Carlos-Correa-Returns-From-Illness-Twins-Reflect-on-Trade.jpeg\" \/>\n\t<meta property=\"og:image:width\" content=\"1200\" \/>\n\t<meta property=\"og:image:height\" content=\"674\" \/>\n\t<meta property=\"og:image:type\" content=\"image\/jpeg\" \/>\n<meta name=\"author\" content=\"REDA\u00c7\u00c3O: UBIRAT\u00c3 ONLINE - F\u00c1BIO AUGUSTO CELESTINO\" \/>\n<meta name=\"twitter:card\" content=\"summary_large_image\" \/>\n<meta name=\"twitter:creator\" content=\"@x.com\/ubirataonline\" \/>\n<meta name=\"twitter:site\" content=\"@ubirataonline\" \/>\n<meta name=\"twitter:label1\" content=\"Written by\" \/>\n\t<meta name=\"twitter:data1\" content=\"REDA\u00c7\u00c3O: UBIRAT\u00c3 ONLINE - F\u00c1BIO AUGUSTO CELESTINO\" \/>\n\t<meta name=\"twitter:label2\" content=\"Est. reading time\" \/>\n\t<meta name=\"twitter:data2\" content=\"2 minutes\" \/>\n<script type=\"application\/ld+json\" class=\"yoast-schema-graph\">{\"@context\":\"https:\\\/\\\/schema.org\",\"@graph\":[{\"@type\":\"NewsArticle\",\"@id\":\"https:\\\/\\\/ubirataonline.com.br\\\/astros-carlos-correa-returns-from-illness-twins-reflect-on-trade-impact\\\/#article\",\"isPartOf\":{\"@id\":\"https:\\\/\\\/ubirataonline.com.br\\\/astros-carlos-correa-returns-from-illness-twins-reflect-on-trade-impact\\\/\"},\"author\":{\"name\":\"REDA\u00c7\u00c3O: UBIRAT\u00c3 ONLINE - F\u00c1BIO AUGUSTO CELESTINO\",\"@id\":\"https:\\\/\\\/ubirataonline.com.br\\\/#\\\/schema\\\/person\\\/372f87bbd3fdd79b8556b84c98d0bc1c\"},\"headline\":\"Astros&#8217; Carlos Correa Returns From Illness, Twins Reflect on Trade Impact\",\"datePublished\":\"2026-04-12T05:01:04+00:00\",\"dateModified\":\"2026-04-12T05:01:11+00:00\",\"mainEntityOfPage\":{\"@id\":\"https:\\\/\\\/ubirataonline.com.br\\\/astros-carlos-correa-returns-from-illness-twins-reflect-on-trade-impact\\\/\"},\"wordCount\":433,\"publisher\":{\"@id\":\"https:\\\/\\\/ubirataonline.com.br\\\/#organization\"},\"image\":{\"@id\":\"https:\\\/\\\/ubirataonline.com.br\\\/astros-carlos-correa-returns-from-illness-twins-reflect-on-trade-impact\\\/#primaryimage\"},\"thumbnailUrl\":\"https:\\\/\\\/ubirataonline.com.br\\\/wp-content\\\/uploads\\\/2026\\\/04\\\/Astros-Carlos-Correa-Returns-From-Illness-Twins-Reflect-on-Trade.jpeg\",\"keywords\":[\"Astros\",\"Carlos\",\"Corr\u00eaa\",\"Illness\",\"Impact\",\"Reflect\",\"returns\",\"Trade\",\"Twins\"],\"articleSection\":[\"Ubirat\u00e3\"],\"inLanguage\":\"en-US\",\"copyrightYear\":\"2026\",\"copyrightHolder\":{\"@id\":\"https:\\\/\\\/ubirataonline.com.br\\\/en\\\/#organization\"}},{\"@type\":\"WebPage\",\"@id\":\"https:\\\/\\\/ubirataonline.com.br\\\/astros-carlos-correa-returns-from-illness-twins-reflect-on-trade-impact\\\/\",\"url\":\"https:\\\/\\\/ubirataonline.com.br\\\/astros-carlos-correa-returns-from-illness-twins-reflect-on-trade-impact\\\/\",\"name\":\"Astros' Carlos Correa Returns From Illness, Twins Reflect on Trade Impact - Ubirat\u00e3 Online Not\u00edcias - A realidade ao seu alcance!\",\"isPartOf\":{\"@id\":\"https:\\\/\\\/ubirataonline.com.br\\\/#website\"},\"primaryImageOfPage\":{\"@id\":\"https:\\\/\\\/ubirataonline.com.br\\\/astros-carlos-correa-returns-from-illness-twins-reflect-on-trade-impact\\\/#primaryimage\"},\"image\":{\"@id\":\"https:\\\/\\\/ubirataonline.com.br\\\/astros-carlos-correa-returns-from-illness-twins-reflect-on-trade-impact\\\/#primaryimage\"},\"thumbnailUrl\":\"https:\\\/\\\/ubirataonline.com.br\\\/wp-content\\\/uploads\\\/2026\\\/04\\\/Astros-Carlos-Correa-Returns-From-Illness-Twins-Reflect-on-Trade.jpeg\",\"datePublished\":\"2026-04-12T05:01:04+00:00\",\"dateModified\":\"2026-04-12T05:01:11+00:00\",\"description\":\"Carlos Correa rejoined the Houston Astros lineup on Friday, April 11, 2026, after being sidelined for two games with an illness. His return comes as the\",\"breadcrumb\":{\"@id\":\"https:\\\/\\\/ubirataonline.com.br\\\/astros-carlos-correa-returns-from-illness-twins-reflect-on-trade-impact\\\/#breadcrumb\"},\"inLanguage\":\"en-US\",\"potentialAction\":[{\"@type\":\"ReadAction\",\"target\":[\"https:\\\/\\\/ubirataonline.com.br\\\/astros-carlos-correa-returns-from-illness-twins-reflect-on-trade-impact\\\/\"]}]},{\"@type\":\"ImageObject\",\"inLanguage\":\"en-US\",\"@id\":\"https:\\\/\\\/ubirataonline.com.br\\\/astros-carlos-correa-returns-from-illness-twins-reflect-on-trade-impact\\\/#primaryimage\",\"url\":\"https:\\\/\\\/ubirataonline.com.br\\\/wp-content\\\/uploads\\\/2026\\\/04\\\/Astros-Carlos-Correa-Returns-From-Illness-Twins-Reflect-on-Trade.jpeg\",\"contentUrl\":\"https:\\\/\\\/ubirataonline.com.br\\\/wp-content\\\/uploads\\\/2026\\\/04\\\/Astros-Carlos-Correa-Returns-From-Illness-Twins-Reflect-on-Trade.jpeg\",\"width\":1200,\"height\":674,\"caption\":\"Astros' Carlos Correa Returns From Illness, Twins Reflect on Trade Impact\"},{\"@type\":\"BreadcrumbList\",\"@id\":\"https:\\\/\\\/ubirataonline.com.br\\\/astros-carlos-correa-returns-from-illness-twins-reflect-on-trade-impact\\\/#breadcrumb\",\"itemListElement\":[{\"@type\":\"ListItem\",\"position\":1,\"name\":\"In\u00edcio\",\"item\":\"https:\\\/\\\/ubirataonline.com.br\\\/\"},{\"@type\":\"ListItem\",\"position\":2,\"name\":\"Astros&#8217; Carlos Correa Returns From Illness, Twins Reflect on Trade Impact\"}]},{\"@type\":\"WebSite\",\"@id\":\"https:\\\/\\\/ubirataonline.com.br\\\/#website\",\"url\":\"https:\\\/\\\/ubirataonline.com.br\\\/\",\"name\":\"Ubirat\u00e3 Online Not\u00edcias\",\"description\":\"Not\u00edcias de Ubirat\u00e3, regi\u00e3o, Brasil e mundo, com informa\u00e7\u00e3o atualizada e compromisso com o leitor.\",\"publisher\":{\"@id\":\"https:\\\/\\\/ubirataonline.com.br\\\/#organization\"},\"alternateName\":\"Ubirat\u00e3 Online\",\"potentialAction\":[{\"@type\":\"SearchAction\",\"target\":{\"@type\":\"EntryPoint\",\"urlTemplate\":\"https:\\\/\\\/ubirataonline.com.br\\\/?s={search_term_string}\"},\"query-input\":{\"@type\":\"PropertyValueSpecification\",\"valueRequired\":true,\"valueName\":\"search_term_string\"}}],\"inLanguage\":\"en-US\"},{\"@type\":[\"Organization\",\"Place\"],\"@id\":\"https:\\\/\\\/ubirataonline.com.br\\\/#organization\",\"name\":\"Ubirat\u00e3 Online Not\u00edcias\",\"alternateName\":\"Ubirat\u00e3 Online\",\"url\":\"https:\\\/\\\/ubirataonline.com.br\\\/\",\"logo\":{\"@id\":\"https:\\\/\\\/ubirataonline.com.br\\\/astros-carlos-correa-returns-from-illness-twins-reflect-on-trade-impact\\\/#local-main-organization-logo\"},\"image\":{\"@id\":\"https:\\\/\\\/ubirataonline.com.br\\\/astros-carlos-correa-returns-from-illness-twins-reflect-on-trade-impact\\\/#local-main-organization-logo\"},\"sameAs\":[\"https:\\\/\\\/www.facebook.com\\\/portalubirataonline\",\"https:\\\/\\\/x.com\\\/ubirataonline\",\"https:\\\/\\\/mastodon.social\\\/@ubirataonline\",\"https:\\\/\\\/www.facebook.com\\\/groups\\\/311144672285604\",\"https:\\\/\\\/www.facebook.com\\\/UBTAOnline\",\"https:\\\/\\\/www.instagram.com\\\/portalubirataonline\\\/\",\"https:\\\/\\\/twitter.com\\\/ubirataonline\"],\"description\":\"Somos um portal de not\u00edcias independente, criado em 5 de janeiro de 2009, com o objetivo de informar, conectar e valorizar a nossa comunidade de Ubirat\u00e3 e toda aregi\u00e3o. Com conte\u00fado atualizado, confi\u00e1vel e relevante, o Ubirat\u00e3 Online \u00e9 o seu espa\u00e7o para ficar por dentro dos principais acontecimentos locais, regionais, Brasil, Mundo e de interesse geral. Nosso compromisso \u00e9 com a verdade, a transpar\u00eancia e o respeito ao leitor.\",\"legalName\":\"UBIRATA ONLINE NOT\u00cdCIAS\",\"foundingDate\":\"2009-01-05\",\"numberOfEmployees\":{\"@type\":\"QuantitativeValue\",\"minValue\":\"1\",\"maxValue\":\"10\"},\"publishingPrinciples\":\"https:\\\/\\\/ubirataonline.com.br\\\/faq\\\/\",\"address\":{\"@id\":\"https:\\\/\\\/ubirataonline.com.br\\\/astros-carlos-correa-returns-from-illness-twins-reflect-on-trade-impact\\\/#local-main-place-address\"},\"geo\":{\"@type\":\"GeoCoordinates\",\"latitude\":\"-24.5361401\",\"longitude\":\"-52.9921776\"},\"telephone\":[\"+5544998308235\"],\"contactPoint\":{\"@type\":\"ContactPoint\",\"email\":\"contato@ubirataonline.com.br\"},\"openingHoursSpecification\":{\"@type\":\"OpeningHoursSpecification\",\"dayOfWeek\":[\"Monday\",\"Tuesday\",\"Wednesday\",\"Thursday\",\"Friday\",\"Saturday\",\"Sunday\"],\"opens\":\"00:00\",\"closes\":\"23:59\"},\"email\":\"contato@ubirataonline.com.br\",\"vatID\":\"47.621.418\\\/0001-80\"},{\"@type\":\"Person\",\"@id\":\"https:\\\/\\\/ubirataonline.com.br\\\/#\\\/schema\\\/person\\\/372f87bbd3fdd79b8556b84c98d0bc1c\",\"name\":\"REDA\u00c7\u00c3O: UBIRAT\u00c3 ONLINE - F\u00c1BIO AUGUSTO CELESTINO\",\"pronouns\":\"Ele\",\"description\":\"Desde 2003 trabalhando com not\u00edcias.\",\"sameAs\":[\"http:\\\/\\\/ubirataoline.com.br\",\"https:\\\/\\\/www.facebook.com\\\/portalubirataonline\",\"https:\\\/\\\/www.instagram.com\\\/ubirataonline_oficial\",\"https:\\\/\\\/x.com\\\/x.com\\\/ubirataonline\"],\"honorificPrefix\":\"Mr.\",\"honorificSuffix\":\"MD\",\"birthDate\":\"1980-06-16\",\"gender\":\"masculino\",\"award\":[\"V\u00e1rios pr\u00eamios de melhor portal da cidade\"],\"jobTitle\":\"Diretor\",\"url\":\"https:\\\/\\\/ubirataonline.com.br\\\/en\\\/author\\\/ubirataonline\\\/\"},{\"@type\":\"PostalAddress\",\"@id\":\"https:\\\/\\\/ubirataonline.com.br\\\/astros-carlos-correa-returns-from-illness-twins-reflect-on-trade-impact\\\/#local-main-place-address\",\"streetAddress\":\"Rua dos Coqueiros, 104 - Bairro Boa Vista, Rua dos Coqueiros, 104 Bairro Boa Vista\",\"addressLocality\":\"UBIRATA\",\"postalCode\":\"85440-000\",\"addressRegion\":\"PR\",\"addressCountry\":\"BR\"},{\"@type\":\"ImageObject\",\"inLanguage\":\"en-US\",\"@id\":\"https:\\\/\\\/ubirataonline.com.br\\\/astros-carlos-correa-returns-from-illness-twins-reflect-on-trade-impact\\\/#local-main-organization-logo\",\"url\":\"https:\\\/\\\/ubirataonline.com.br\\\/wp-content\\\/uploads\\\/2026\\\/06\\\/logoubirataonline-1.webp\",\"contentUrl\":\"https:\\\/\\\/ubirataonline.com.br\\\/wp-content\\\/uploads\\\/2026\\\/06\\\/logoubirataonline-1.webp\",\"width\":500,\"height\":500,\"caption\":\"Ubirat\u00e3 Online Not\u00edcias\"}]}<\/script>\n<meta name=\"geo.placename\" content=\"UBIRATA\" \/>\n<meta name=\"geo.position\" content=\"-24.5361401;-52.9921776\" \/>\n<meta name=\"geo.region\" content=\"Brazil\" \/>\n<!-- \/ Yoast SEO Premium plugin. -->","yoast_head_json":{"title":"Astros' Carlos Correa Returns From Illness, Twins Reflect on Trade Impact - Ubirat\u00e3 Online Not\u00edcias - A realidade ao seu alcance!","description":"Carlos Correa rejoined the Houston Astros lineup on Friday, April 11, 2026, after being sidelined for two games with an illness. His return comes as the","robots":{"index":"index","follow":"follow","max-snippet":"max-snippet:-1","max-image-preview":"max-image-preview:large","max-video-preview":"max-video-preview:-1"},"canonical":"https:\/\/ubirataonline.com.br\/en\/astros-carlos-correa-returns-from-illness-twins-reflect-on-trade-impact\/","og_locale":"en_US","og_type":"article","og_title":"Astros' Carlos Correa Returns From Illness, Twins Reflect on Trade Impact","og_description":"Carlos Correa rejoined the Houston Astros lineup on Friday, April 11, 2026, after being sidelined for two games with an illness. His return comes as the","og_url":"https:\/\/ubirataonline.com.br\/en\/astros-carlos-correa-returns-from-illness-twins-reflect-on-trade-impact\/","og_site_name":"Ubirat\u00e3 Online Not\u00edcias - A realidade ao seu alcance!","article_publisher":"https:\/\/www.facebook.com\/portalubirataonline","article_author":"https:\/\/www.facebook.com\/portalubirataonline","article_published_time":"2026-04-12T05:01:04+00:00","article_modified_time":"2026-04-12T05:01:11+00:00","og_image":[{"width":1200,"height":674,"url":"https:\/\/ubirataonline.com.br\/wp-content\/uploads\/2026\/04\/Astros-Carlos-Correa-Returns-From-Illness-Twins-Reflect-on-Trade.jpeg","type":"image\/jpeg"}],"author":"REDA\u00c7\u00c3O: UBIRAT\u00c3 ONLINE - F\u00c1BIO AUGUSTO CELESTINO","twitter_card":"summary_large_image","twitter_creator":"@x.com\/ubirataonline","twitter_site":"@ubirataonline","twitter_misc":{"Written by":"REDA\u00c7\u00c3O: UBIRAT\u00c3 ONLINE - F\u00c1BIO AUGUSTO CELESTINO","Est. reading time":"2 minutes"},"schema":{"@context":"https:\/\/schema.org","@graph":[{"@type":"NewsArticle","@id":"https:\/\/ubirataonline.com.br\/astros-carlos-correa-returns-from-illness-twins-reflect-on-trade-impact\/#article","isPartOf":{"@id":"https:\/\/ubirataonline.com.br\/astros-carlos-correa-returns-from-illness-twins-reflect-on-trade-impact\/"},"author":{"name":"REDA\u00c7\u00c3O: UBIRAT\u00c3 ONLINE - F\u00c1BIO AUGUSTO CELESTINO","@id":"https:\/\/ubirataonline.com.br\/#\/schema\/person\/372f87bbd3fdd79b8556b84c98d0bc1c"},"headline":"Astros&#8217; Carlos Correa Returns From Illness, Twins Reflect on Trade Impact","datePublished":"2026-04-12T05:01:04+00:00","dateModified":"2026-04-12T05:01:11+00:00","mainEntityOfPage":{"@id":"https:\/\/ubirataonline.com.br\/astros-carlos-correa-returns-from-illness-twins-reflect-on-trade-impact\/"},"wordCount":433,"publisher":{"@id":"https:\/\/ubirataonline.com.br\/#organization"},"image":{"@id":"https:\/\/ubirataonline.com.br\/astros-carlos-correa-returns-from-illness-twins-reflect-on-trade-impact\/#primaryimage"},"thumbnailUrl":"https:\/\/ubirataonline.com.br\/wp-content\/uploads\/2026\/04\/Astros-Carlos-Correa-Returns-From-Illness-Twins-Reflect-on-Trade.jpeg","keywords":["Astros","Carlos","Corr\u00eaa","Illness","Impact","Reflect","returns","Trade","Twins"],"articleSection":["Ubirat\u00e3"],"inLanguage":"en-US","copyrightYear":"2026","copyrightHolder":{"@id":"https:\/\/ubirataonline.com.br\/en\/#organization"}},{"@type":"WebPage","@id":"https:\/\/ubirataonline.com.br\/astros-carlos-correa-returns-from-illness-twins-reflect-on-trade-impact\/","url":"https:\/\/ubirataonline.com.br\/astros-carlos-correa-returns-from-illness-twins-reflect-on-trade-impact\/","name":"Astros' Carlos Correa Returns From Illness, Twins Reflect on Trade Impact - Ubirat\u00e3 Online Not\u00edcias - A realidade ao seu alcance!","isPartOf":{"@id":"https:\/\/ubirataonline.com.br\/#website"},"primaryImageOfPage":{"@id":"https:\/\/ubirataonline.com.br\/astros-carlos-correa-returns-from-illness-twins-reflect-on-trade-impact\/#primaryimage"},"image":{"@id":"https:\/\/ubirataonline.com.br\/astros-carlos-correa-returns-from-illness-twins-reflect-on-trade-impact\/#primaryimage"},"thumbnailUrl":"https:\/\/ubirataonline.com.br\/wp-content\/uploads\/2026\/04\/Astros-Carlos-Correa-Returns-From-Illness-Twins-Reflect-on-Trade.jpeg","datePublished":"2026-04-12T05:01:04+00:00","dateModified":"2026-04-12T05:01:11+00:00","description":"Carlos Correa rejoined the Houston Astros lineup on Friday, April 11, 2026, after being sidelined for two games with an illness. His return comes as the","breadcrumb":{"@id":"https:\/\/ubirataonline.com.br\/astros-carlos-correa-returns-from-illness-twins-reflect-on-trade-impact\/#breadcrumb"},"inLanguage":"en-US","potentialAction":[{"@type":"ReadAction","target":["https:\/\/ubirataonline.com.br\/astros-carlos-correa-returns-from-illness-twins-reflect-on-trade-impact\/"]}]},{"@type":"ImageObject","inLanguage":"en-US","@id":"https:\/\/ubirataonline.com.br\/astros-carlos-correa-returns-from-illness-twins-reflect-on-trade-impact\/#primaryimage","url":"https:\/\/ubirataonline.com.br\/wp-content\/uploads\/2026\/04\/Astros-Carlos-Correa-Returns-From-Illness-Twins-Reflect-on-Trade.jpeg","contentUrl":"https:\/\/ubirataonline.com.br\/wp-content\/uploads\/2026\/04\/Astros-Carlos-Correa-Returns-From-Illness-Twins-Reflect-on-Trade.jpeg","width":1200,"height":674,"caption":"Astros' Carlos Correa Returns From Illness, Twins Reflect on Trade Impact"},{"@type":"BreadcrumbList","@id":"https:\/\/ubirataonline.com.br\/astros-carlos-correa-returns-from-illness-twins-reflect-on-trade-impact\/#breadcrumb","itemListElement":[{"@type":"ListItem","position":1,"name":"In\u00edcio","item":"https:\/\/ubirataonline.com.br\/"},{"@type":"ListItem","position":2,"name":"Astros&#8217; Carlos Correa Returns From Illness, Twins Reflect on Trade Impact"}]},{"@type":"WebSite","@id":"https:\/\/ubirataonline.com.br\/#website","url":"https:\/\/ubirataonline.com.br\/","name":"Ubirat\u00e3 Online Not\u00edcias","description":"Not\u00edcias de Ubirat\u00e3, regi\u00e3o, Brasil e mundo, com informa\u00e7\u00e3o atualizada e compromisso com o leitor.","publisher":{"@id":"https:\/\/ubirataonline.com.br\/#organization"},"alternateName":"Ubirat\u00e3 Online","potentialAction":[{"@type":"SearchAction","target":{"@type":"EntryPoint","urlTemplate":"https:\/\/ubirataonline.com.br\/?s={search_term_string}"},"query-input":{"@type":"PropertyValueSpecification","valueRequired":true,"valueName":"search_term_string"}}],"inLanguage":"en-US"},{"@type":["Organization","Place"],"@id":"https:\/\/ubirataonline.com.br\/#organization","name":"Ubirat\u00e3 Online Not\u00edcias","alternateName":"Ubirat\u00e3 Online","url":"https:\/\/ubirataonline.com.br\/","logo":{"@id":"https:\/\/ubirataonline.com.br\/astros-carlos-correa-returns-from-illness-twins-reflect-on-trade-impact\/#local-main-organization-logo"},"image":{"@id":"https:\/\/ubirataonline.com.br\/astros-carlos-correa-returns-from-illness-twins-reflect-on-trade-impact\/#local-main-organization-logo"},"sameAs":["https:\/\/www.facebook.com\/portalubirataonline","https:\/\/x.com\/ubirataonline","https:\/\/mastodon.social\/@ubirataonline","https:\/\/www.facebook.com\/groups\/311144672285604","https:\/\/www.facebook.com\/UBTAOnline","https:\/\/www.instagram.com\/portalubirataonline\/","https:\/\/twitter.com\/ubirataonline"],"description":"Somos um portal de not\u00edcias independente, criado em 5 de janeiro de 2009, com o objetivo de informar, conectar e valorizar a nossa comunidade de Ubirat\u00e3 e toda aregi\u00e3o. Com conte\u00fado atualizado, confi\u00e1vel e relevante, o Ubirat\u00e3 Online \u00e9 o seu espa\u00e7o para ficar por dentro dos principais acontecimentos locais, regionais, Brasil, Mundo e de interesse geral. Nosso compromisso \u00e9 com a verdade, a transpar\u00eancia e o respeito ao leitor.","legalName":"UBIRATA ONLINE NOT\u00cdCIAS","foundingDate":"2009-01-05","numberOfEmployees":{"@type":"QuantitativeValue","minValue":"1","maxValue":"10"},"publishingPrinciples":"https:\/\/ubirataonline.com.br\/faq\/","address":{"@id":"https:\/\/ubirataonline.com.br\/astros-carlos-correa-returns-from-illness-twins-reflect-on-trade-impact\/#local-main-place-address"},"geo":{"@type":"GeoCoordinates","latitude":"-24.5361401","longitude":"-52.9921776"},"telephone":["+5544998308235"],"contactPoint":{"@type":"ContactPoint","email":"contato@ubirataonline.com.br"},"openingHoursSpecification":{"@type":"OpeningHoursSpecification","dayOfWeek":["Monday","Tuesday","Wednesday","Thursday","Friday","Saturday","Sunday"],"opens":"00:00","closes":"23:59"},"email":"contato@ubirataonline.com.br","vatID":"47.621.418\/0001-80"},{"@type":"Person","@id":"https:\/\/ubirataonline.com.br\/#\/schema\/person\/372f87bbd3fdd79b8556b84c98d0bc1c","name":"REDA\u00c7\u00c3O: UBIRAT\u00c3 ONLINE - F\u00c1BIO AUGUSTO CELESTINO","pronouns":"Ele","description":"Desde 2003 trabalhando com not\u00edcias.","sameAs":["http:\/\/ubirataoline.com.br","https:\/\/www.facebook.com\/portalubirataonline","https:\/\/www.instagram.com\/ubirataonline_oficial","https:\/\/x.com\/x.com\/ubirataonline"],"honorificPrefix":"Mr.","honorificSuffix":"MD","birthDate":"1980-06-16","gender":"masculino","award":["V\u00e1rios pr\u00eamios de melhor portal da cidade"],"jobTitle":"Diretor","url":"https:\/\/ubirataonline.com.br\/en\/author\/ubirataonline\/"},{"@type":"PostalAddress","@id":"https:\/\/ubirataonline.com.br\/astros-carlos-correa-returns-from-illness-twins-reflect-on-trade-impact\/#local-main-place-address","streetAddress":"Rua dos Coqueiros, 104 - Bairro Boa Vista, Rua dos Coqueiros, 104 Bairro Boa Vista","addressLocality":"UBIRATA","postalCode":"85440-000","addressRegion":"PR","addressCountry":"BR"},{"@type":"ImageObject","inLanguage":"en-US","@id":"https:\/\/ubirataonline.com.br\/astros-carlos-correa-returns-from-illness-twins-reflect-on-trade-impact\/#local-main-organization-logo","url":"https:\/\/ubirataonline.com.br\/wp-content\/uploads\/2026\/06\/logoubirataonline-1.webp","contentUrl":"https:\/\/ubirataonline.com.br\/wp-content\/uploads\/2026\/06\/logoubirataonline-1.webp","width":500,"height":500,"caption":"Ubirat\u00e3 Online Not\u00edcias"}]},"geo.placename":"UBIRATA","geo.position":{"lat":"-24.5361401","long":"-52.9921776"},"geo.region":"Brazil"},"_links":{"self":[{"href":"https:\/\/ubirataonline.com.br\/en\/wp-json\/wp\/v2\/posts\/104750","targetHints":{"allow":["GET"]}}],"collection":[{"href":"https:\/\/ubirataonline.com.br\/en\/wp-json\/wp\/v2\/posts"}],"about":[{"href":"https:\/\/ubirataonline.com.br\/en\/wp-json\/wp\/v2\/types\/post"}],"author":[{"embeddable":true,"href":"https:\/\/ubirataonline.com.br\/en\/wp-json\/wp\/v2\/users\/1"}],"replies":[{"embeddable":true,"href":"https:\/\/ubirataonline.com.br\/en\/wp-json\/wp\/v2\/comments?post=104750"}],"version-history":[{"count":0,"href":"https:\/\/ubirataonline.com.br\/en\/wp-json\/wp\/v2\/posts\/104750\/revisions"}],"wp:featuredmedia":[{"embeddable":true,"href":"https:\/\/ubirataonline.com.br\/en\/wp-json\/wp\/v2\/media\/104751"}],"wp:attachment":[{"href":"https:\/\/ubirataonline.com.br\/en\/wp-json\/wp\/v2\/media?parent=104750"}],"wp:term":[{"taxonomy":"category","embeddable":true,"href":"https:\/\/ubirataonline.com.br\/en\/wp-json\/wp\/v2\/categories?post=104750"},{"taxonomy":"post_tag","embeddable":true,"href":"https:\/\/ubirataonline.com.br\/en\/wp-json\/wp\/v2\/tags?post=104750"}],"curies":[{"name":"wp","href":"https:\/\/api.w.org\/{rel}","templated":true}]}}