{"id":105082,"date":"2026-04-12T11:56:10","date_gmt":"2026-04-12T14:56:10","guid":{"rendered":"https:\/\/ubirataonline.com.br\/the-record-breaking-trip-of-the-uss-gerald-ford-the-aircraft-carrier-at-the-center-of-trumps-military-ambitions\/"},"modified":"2026-04-12T11:56:13","modified_gmt":"2026-04-12T14:56:13","slug":"the-record-breaking-trip-of-the-uss-gerald-ford-the-aircraft-carrier-at-the-center-of-trumps-military-ambitions","status":"publish","type":"post","link":"https:\/\/ubirataonline.com.br\/en\/the-record-breaking-trip-of-the-uss-gerald-ford-the-aircraft-carrier-at-the-center-of-trumps-military-ambitions\/","title":{"rendered":"The record-breaking trip of the USS Gerald Ford, the aircraft carrier at the center of Trump\u2019s military ambitions"},"content":{"rendered":"<p><br \/>\n<\/p>\n<div data-editable=\"content\" itemprop=\"articleBody\" data-reorderable=\"content\">\n<p class=\"paragraph-elevate inline-placeholder vossi-paragraph_elevate\" data-uri=\"cms.cnn.com\/_components\/paragraph\/instances\/cmnta3bnd007226qifnvagi9r@published\" data-editable=\"text\" data-component-name=\"paragraph\" data-article-gutter=\"true\">\n            In mid-March, a fire tore through a compartment of the United States\u2019 largest and most powerful aircraft carrier, the USS Gerald R. Ford.\n    <\/p>\n<p class=\"paragraph-elevate inline-placeholder vossi-paragraph_elevate\" data-uri=\"cms.cnn.com\/_components\/paragraph\/instances\/cmnta6yux0004356r45mkmlw2@published\" data-editable=\"text\" data-component-name=\"paragraph\" data-article-gutter=\"true\">\n            The ship was floating in the eastern Mediterranean Sea, launching aircraft as part of the weeks-old war with Iran, when the blaze broke out in the laundry department. It took the crew 30 hours to put out the fire, clean it up and prevent it from reigniting, and roughly 600 sailors lost access to their bunks due to the damage. They also couldn\u2019t do laundry, though fortunately no sailors were seriously injured.\n    <\/p>\n<p class=\"paragraph-elevate inline-placeholder vossi-paragraph_elevate\" data-uri=\"cms.cnn.com\/_components\/paragraph\/instances\/cmnta6yux0005356rhthsvr2f@published\" data-editable=\"text\" data-component-name=\"paragraph\" data-article-gutter=\"true\">\n            It was just the latest trial for the crew of the Ford, which is slated, by <a href=\"https:\/\/news.usni.org\/2026\/02\/13\/carrier-fords-extension-to-the-middle-east-could-break-recent-deployment-records\" target=\"_blank\">one count<\/a>, to break a record this week for the longest deployment for an aircraft carrier since the Vietnam War. The ship has served as the tip of the spear of President Donald Trump\u2019s interventionist foreign policy, from helping capture <a href=\"https:\/\/www.cnn.com\/2026\/01\/23\/americas\/venezuela-maduro-fort-tiuna-compound-operation-reconstruction-intl-invs\">Venezuelan President Nicol\u00e1s Maduro<\/a> in January to launching waves of aircraft in the Iran war.\n    <\/p>\n<p class=\"paragraph-elevate inline-placeholder vossi-paragraph_elevate\" data-uri=\"cms.cnn.com\/_components\/paragraph\/instances\/cmnta6yuy0006356rg9nk4bwf@published\" data-editable=\"text\" data-component-name=\"paragraph\" data-article-gutter=\"true\">\n            Though Trump ran on a platform criticizing US involvement in past wars, his first year back in office has seen a surge in military operations with the Ford playing a prime role.\n    <\/p>\n<p class=\"paragraph-elevate inline-placeholder vossi-paragraph_elevate\" data-uri=\"cms.cnn.com\/_components\/paragraph\/instances\/cmnta6yuy0007356ru7qi9f6b@published\" data-editable=\"text\" data-component-name=\"paragraph\" data-article-gutter=\"true\">\n            The combination of missions since the ship pulled away from Virginia in June has included pinballing across the Atlantic, initially heading to the Mediterranean and up to Norway as part of its scheduled trip before being pulled to the Caribbean for the Maduro operation. Then it got ordered to rapidly make its way to aid in a potential Middle East war, stopping briefly to get an issue with the ship\u2019s toilets fixed.\n    <\/p>\n<p class=\"paragraph-elevate inline-placeholder vossi-paragraph_elevate\" data-uri=\"cms.cnn.com\/_components\/paragraph\/instances\/cmnta6yuy0008356r7l5hgoeg@published\" data-editable=\"text\" data-component-name=\"paragraph\" data-article-gutter=\"true\">\n            Two days after the fire, the Ford <a href=\"https:\/\/www.cnn.com\/2026\/04\/02\/middleeast\/top-admiral-caudle-aircraft-carrier-ford-fire-intl-hnk-ml\">was able<\/a> to fly sorties again. The ship then headed to Greece for repairs, but was back at sea after an additional stop in Croatia in time to be available for Trump\u2019s threatened day of infrastructure strikes in Iran last week.\n    <\/p>\n<div data-uri=\"cms.cnn.com\/_components\/image\/instances\/cmntby8ke00063b6q2yjq5hs2@published\" class=\"image-elevate vossi-image_elevate  image__hide-placeholder\" data-image-variation=\"image\" data-name=\"02_9425008.jpg\" data-component-name=\"image\" data-observe-resizes=\"\" data-breakpoints=\"{\" image--eq-extra-small=\"\" data-original-ratio=\"0.6666666666666666\" data-original-height=\"1600\" data-original-width=\"2400\" data-url=\"https:\/\/media.cnn.com\/api\/v1\/images\/stellar\/prod\/02-9425008.jpg?c=original\" data-editable=\"settings\">\n<div class=\"image__container\" data-image-variation=\"image\" data-breakpoints=\"{\" image--eq-extra-small=\"\">\n       <picture class=\"image__picture\"><source height=\"undefined\" width=\"679\" media=\"(max-width: 479px)\" srcset=\"https:\/\/media.cnn.com\/api\/v1\/images\/stellar\/prod\/02-9425008.jpg?c=original&amp;q=w_679,c_fill\/f_webp\" type=\"image\/webp\"><source height=\"undefined\" width=\"967\" media=\"(min-width: 480px) and (max-width: 767px)\" srcset=\"https:\/\/media.cnn.com\/api\/v1\/images\/stellar\/prod\/02-9425008.jpg?c=original&amp;q=w_967,c_fill\/f_webp\" type=\"image\/webp\"><source height=\"undefined\" width=\"1159\" media=\"(min-width: 768px) and (max-width: 1023px)\" srcset=\"https:\/\/media.cnn.com\/api\/v1\/images\/stellar\/prod\/02-9425008.jpg?c=original&amp;q=w_1159,c_fill\/f_webp\" type=\"image\/webp\"><source height=\"undefined\" width=\"1093\" media=\"(min-width: 1024px) and (max-width: 1279px)\" srcset=\"https:\/\/media.cnn.com\/api\/v1\/images\/stellar\/prod\/02-9425008.jpg?c=original&amp;q=w_1093,c_fill\/f_webp\" type=\"image\/webp\"><source height=\"undefined\" width=\"1316\" media=\"(min-width: 1280px)\" srcset=\"https:\/\/media.cnn.com\/api\/v1\/images\/stellar\/prod\/02-9425008.jpg?c=original&amp;q=w_1316,c_fill\/f_webp\" type=\"image\/webp\"><\/source><\/source><\/source><\/source><\/source><\/picture>\n    <\/div>\n<\/div>\n<p class=\"paragraph-elevate inline-placeholder vossi-paragraph_elevate\" data-uri=\"cms.cnn.com\/_components\/paragraph\/instances\/cmnta6yuy0009356rxjky6o18@published\" data-editable=\"text\" data-component-name=\"paragraph\" data-article-gutter=\"true\">\n            The trip, formally extended by the military twice, has weighed on the sailors\u2019 families.\n    <\/p>\n<p class=\"paragraph-elevate inline-placeholder vossi-paragraph_elevate\" data-uri=\"cms.cnn.com\/_components\/paragraph\/instances\/cmnta6yuy000a356r4kogmtbq@published\" data-editable=\"text\" data-component-name=\"paragraph\" data-article-gutter=\"true\">\n            \u201cIt\u2019s constant uncertainty that we live on a daily basis,\u201d said Amini Osias, whose daughter is serving on the Ford. Sometimes, he told CNN, \u201cI can hardly sleep.\u201d\n    <\/p>\n<p class=\"paragraph-elevate inline-placeholder vossi-paragraph_elevate\" data-uri=\"cms.cnn.com\/_components\/paragraph\/instances\/cmnta6yuy000b356r063mykg6@published\" data-editable=\"text\" data-component-name=\"paragraph\" data-article-gutter=\"true\">\n            The Iranian military\u2019s <a href=\"https:\/\/www.cnn.com\/2026\/04\/05\/politics\/missing-us-crew-member-iran-rescued-intl-hnk\">downing of a US fighter jet<\/a> this month brought home the dangers of the war to Osias. \u201cThat could have been my daughter if she would have joined the Air Force,\u201d he said.\n    <\/p>\n<p class=\"paragraph-elevate inline-placeholder vossi-paragraph_elevate\" data-uri=\"cms.cnn.com\/_components\/paragraph\/instances\/cmnta6yuy000c356rxevi6myj@published\" data-editable=\"text\" data-component-name=\"paragraph\" data-article-gutter=\"true\">\n            Osias\u2019 daughter is an aviation electrician, he said. He spoke with pride about his daughter\u2019s journey from a teenager interested in marine biology to sailor aboard one of the world\u2019s most lethal ships. But he also has wrestled with whether the US should be at war in the first place.\n    <\/p>\n<p class=\"paragraph-elevate inline-placeholder vossi-paragraph_elevate\" data-uri=\"cms.cnn.com\/_components\/paragraph\/instances\/cmnta6yuy000d356r93rg6zjh@published\" data-editable=\"text\" data-component-name=\"paragraph\" data-article-gutter=\"true\">\n            \u201cIs it really something we should fight and send our children to?\u201d Osias said he asks himself. \u201cIn the end, as a parent, my duty is to protect my daughter.\u201d\n    <\/p>\n<p class=\"paragraph-elevate inline-placeholder vossi-paragraph_elevate\" data-uri=\"cms.cnn.com\/_components\/paragraph\/instances\/cmnta6yuy000e356r6lpnqx7e@published\" data-editable=\"text\" data-component-name=\"paragraph\" data-article-gutter=\"true\">\n            The travails of the Ford, which has about 4,500 sailors and dozens of tactical aircraft, are raising broader questions about how the strain on Navy assets over the last year positions the military service for a future that could include war with China in the Pacific.\n    <\/p>\n<p class=\"paragraph-elevate inline-placeholder vossi-paragraph_elevate\" data-uri=\"cms.cnn.com\/_components\/paragraph\/instances\/cmnta6yuz000f356ra4o7v3xr@published\" data-editable=\"text\" data-component-name=\"paragraph\" data-article-gutter=\"true\">\n            The issues with the toilets and the laundry fire are specific to the Ford, but carriers on long deployments often face increasing gremlins as components wear out and repairs at sea serve as temporary band aids. Arresting cables that catch landing aircraft begin to fray and saltwater seeps into shipboard systems, among other minor issues that begin to compound.\n    <\/p>\n<div data-uri=\"cms.cnn.com\/_components\/image\/instances\/cmntc10nr00093b6qu276q2va@published\" class=\"image_expandable-elevate vossi-image_expandable-elevate  image_expandable__hide-placeholder\" data-image-variation=\"image_expandable\" data-name=\"03_9516440.jpg\" data-component-name=\"image\" data-observe-resizes=\"\" data-breakpoints=\"{\" image_expandable--eq-extra-small=\"\" data-original-ratio=\"0.6666666666666666\" data-original-height=\"1600\" data-original-width=\"2400\" data-url=\"https:\/\/media.cnn.com\/api\/v1\/images\/stellar\/prod\/03-9516440.jpg?c=original\" data-editable=\"settings\">\n<div class=\"image_expandable__container\" data-image-variation=\"image_expandable\" data-breakpoints=\"{\" image_expandable--eq-extra-small=\"\">\n       <picture class=\"image_expandable__picture\"><source height=\"undefined\" width=\"639\" media=\"(max-width: 479px)\" srcset=\"https:\/\/media.cnn.com\/api\/v1\/images\/stellar\/prod\/03-9516440.jpg?c=original&amp;q=w_639,c_fill\/f_webp\" type=\"image\/webp\"><source height=\"undefined\" width=\"903\" media=\"(min-width: 480px) and (max-width: 767px)\" srcset=\"https:\/\/media.cnn.com\/api\/v1\/images\/stellar\/prod\/03-9516440.jpg?c=original&amp;q=w_903,c_fill\/f_webp\" type=\"image\/webp\"><source height=\"undefined\" width=\"668\" media=\"(min-width: 768px) and (max-width: 1023px)\" srcset=\"https:\/\/media.cnn.com\/api\/v1\/images\/stellar\/prod\/03-9516440.jpg?c=original&amp;q=w_668,c_fill\/f_webp\" type=\"image\/webp\"><source height=\"undefined\" width=\"780\" media=\"(min-width: 1024px) and (max-width: 1279px)\" srcset=\"https:\/\/media.cnn.com\/api\/v1\/images\/stellar\/prod\/03-9516440.jpg?c=original&amp;q=w_780,c_fill\/f_webp\" type=\"image\/webp\"><source height=\"undefined\" width=\"834\" media=\"(min-width: 1280px)\" srcset=\"https:\/\/media.cnn.com\/api\/v1\/images\/stellar\/prod\/03-9516440.jpg?c=original&amp;q=w_834,c_fill\/f_webp\" type=\"image\/webp\"><img decoding=\"async\" src=\"https:\/\/media.cnn.com\/api\/v1\/images\/stellar\/prod\/03-9516440.jpg?c=original&amp;q=w_780,c_fill\" alt=\"Sailors move a safety line while being lowered in a rigid-hull inflatable boat, in the Caribbean Sea, on February 1.\" class=\"image_expandable__dam-img image_expandable__dam-img--loading\" onload=\"this.classList.remove('image_expandable__dam-img--loading')\" onerror=\"imageLoadError(this)\" height=\"1600\" width=\"2400\" loading=\"lazy\"\/><\/source><\/source><\/source><\/source><\/source><\/picture>\n    <\/div>\n<\/div>\n<div data-uri=\"cms.cnn.com\/_components\/image\/instances\/cmntc14xe000b3b6qda8l1srk@published\" class=\"image_expandable-elevate vossi-image_expandable-elevate  image_expandable__hide-placeholder\" data-image-variation=\"image_expandable\" data-name=\"04_9384121.jpg\" data-component-name=\"image\" data-observe-resizes=\"\" data-breakpoints=\"{\" image_expandable--eq-extra-small=\"\" data-original-ratio=\"0.6666666666666666\" data-original-height=\"1600\" data-original-width=\"2400\" data-url=\"https:\/\/media.cnn.com\/api\/v1\/images\/stellar\/prod\/04-9384121.jpg?c=original\" data-editable=\"settings\">\n<div class=\"image_expandable__container\" data-image-variation=\"image_expandable\" data-breakpoints=\"{\" image_expandable--eq-extra-small=\"\">\n       <picture class=\"image_expandable__picture\"><source height=\"undefined\" width=\"639\" media=\"(max-width: 479px)\" srcset=\"https:\/\/media.cnn.com\/api\/v1\/images\/stellar\/prod\/04-9384121.jpg?c=original&amp;q=w_639,c_fill\/f_webp\" type=\"image\/webp\"><source height=\"undefined\" width=\"903\" media=\"(min-width: 480px) and (max-width: 767px)\" srcset=\"https:\/\/media.cnn.com\/api\/v1\/images\/stellar\/prod\/04-9384121.jpg?c=original&amp;q=w_903,c_fill\/f_webp\" type=\"image\/webp\"><source height=\"undefined\" width=\"668\" media=\"(min-width: 768px) and (max-width: 1023px)\" srcset=\"https:\/\/media.cnn.com\/api\/v1\/images\/stellar\/prod\/04-9384121.jpg?c=original&amp;q=w_668,c_fill\/f_webp\" type=\"image\/webp\"><source height=\"undefined\" width=\"780\" media=\"(min-width: 1024px) and (max-width: 1279px)\" srcset=\"https:\/\/media.cnn.com\/api\/v1\/images\/stellar\/prod\/04-9384121.jpg?c=original&amp;q=w_780,c_fill\/f_webp\" type=\"image\/webp\"><source height=\"undefined\" width=\"834\" media=\"(min-width: 1280px)\" srcset=\"https:\/\/media.cnn.com\/api\/v1\/images\/stellar\/prod\/04-9384121.jpg?c=original&amp;q=w_834,c_fill\/f_webp\" type=\"image\/webp\"><img decoding=\"async\" src=\"https:\/\/media.cnn.com\/api\/v1\/images\/stellar\/prod\/04-9384121.jpg?c=original&amp;q=w_780,c_fill\" alt=\"Sailors fight a simulated fire in the USS Gerald R. Ford's jet shop during a general quarters drill, on November 6, 2025.\" class=\"image_expandable__dam-img image_expandable__dam-img--loading\" onload=\"this.classList.remove('image_expandable__dam-img--loading')\" onerror=\"imageLoadError(this)\" height=\"1600\" width=\"2400\" loading=\"lazy\"\/><\/source><\/source><\/source><\/source><\/source><\/picture>\n    <\/div>\n<\/div>\n<p class=\"paragraph-elevate inline-placeholder vossi-paragraph_elevate\" data-uri=\"cms.cnn.com\/_components\/paragraph\/instances\/cmnta6yuz000g356r0xnnd6k3@published\" data-editable=\"text\" data-component-name=\"paragraph\" data-article-gutter=\"true\">\n            Those factors, paired with flying a high-volume of sorties like those launched from the Ford, increase the chances of a potential mishap, sources familiar with internal Navy discussions said.\n    <\/p>\n<p class=\"paragraph-elevate inline-placeholder vossi-paragraph_elevate\" data-uri=\"cms.cnn.com\/_components\/paragraph\/instances\/cmnta6yuz000h356ry9bnf39z@published\" data-editable=\"text\" data-component-name=\"paragraph\" data-article-gutter=\"true\">\n            The $13 billion ship is the newest and most technologically advanced of the 11 US nuclear-powered aircraft carriers and has become a symbol of the strength, and limits, of US naval power.\n    <\/p>\n<p class=\"paragraph-elevate inline-placeholder vossi-paragraph_elevate\" data-uri=\"cms.cnn.com\/_components\/paragraph\/instances\/cmnta6yuz000i356rlze9gktc@published\" data-editable=\"text\" data-component-name=\"paragraph\" data-article-gutter=\"true\">\n            \u201cIf we didn\u2019t have the Ford, we would be struggling to maintain an operational presence, but we\u2019d also be struggling to keep our aircraft carriers ahead of our enemies,\u201d said Brent Sadler, a 26-year veteran of the Navy and former submarine officer.\n    <\/p>\n<p class=\"paragraph-elevate inline-placeholder vossi-paragraph_elevate\" data-uri=\"cms.cnn.com\/_components\/paragraph\/instances\/cmnta6yuz000j356r6ije9wvv@published\" data-editable=\"text\" data-component-name=\"paragraph\" data-article-gutter=\"true\">\n            The Navy referred questions about the Ford\u2019s role in the Iran and Venezuela operations to US Central and Southern Command, the military commands that, respectively, have overseen those operations. The commands declined to provide any specifics. CNN has sent questions to the Ford\u2019s public affairs office on any wear and tear the ship has experienced and the morale of sailors on board.\n    <\/p>\n<p class=\"paragraph-elevate inline-placeholder vossi-paragraph_elevate\" data-uri=\"cms.cnn.com\/_components\/paragraph\/instances\/cmnta6yuz000k356r6wv2vq18@published\" data-editable=\"text\" data-component-name=\"paragraph\" data-article-gutter=\"true\">\n            CNN also contacted the \u201combudsman\u201d for the Ford, which connects the ship\u2019s command with sailors\u2019 family members. The ombudsman referred questions to the Ford\u2019s public affairs office.\n    <\/p>\n<div data-uri=\"cms.cnn.com\/_components\/image\/instances\/cmntc17nz000d3b6q5jo2m89l@published\" class=\"image-elevate vossi-image_elevate  image__hide-placeholder\" data-image-variation=\"image\" data-name=\"05_AP26057386985470.jpg\" data-component-name=\"image\" data-observe-resizes=\"\" data-breakpoints=\"{\" image--eq-extra-small=\"\" data-original-ratio=\"0.6666666666666666\" data-original-height=\"1600\" data-original-width=\"2400\" data-url=\"https:\/\/media.cnn.com\/api\/v1\/images\/stellar\/prod\/05-ap26057386985470.jpg?c=original\" data-editable=\"settings\">\n<div class=\"image__container\" data-image-variation=\"image\" data-breakpoints=\"{\" image--eq-extra-small=\"\">\n       <picture class=\"image__picture\"><source height=\"undefined\" width=\"679\" media=\"(max-width: 479px)\" srcset=\"https:\/\/media.cnn.com\/api\/v1\/images\/stellar\/prod\/05-ap26057386985470.jpg?c=original&amp;q=w_679,c_fill\/f_webp\" type=\"image\/webp\"><source height=\"undefined\" width=\"967\" media=\"(min-width: 480px) and (max-width: 767px)\" srcset=\"https:\/\/media.cnn.com\/api\/v1\/images\/stellar\/prod\/05-ap26057386985470.jpg?c=original&amp;q=w_967,c_fill\/f_webp\" type=\"image\/webp\"><source height=\"undefined\" width=\"1159\" media=\"(min-width: 768px) and (max-width: 1023px)\" srcset=\"https:\/\/media.cnn.com\/api\/v1\/images\/stellar\/prod\/05-ap26057386985470.jpg?c=original&amp;q=w_1159,c_fill\/f_webp\" type=\"image\/webp\"><source height=\"undefined\" width=\"1093\" media=\"(min-width: 1024px) and (max-width: 1279px)\" srcset=\"https:\/\/media.cnn.com\/api\/v1\/images\/stellar\/prod\/05-ap26057386985470.jpg?c=original&amp;q=w_1093,c_fill\/f_webp\" type=\"image\/webp\"><source height=\"undefined\" width=\"1316\" media=\"(min-width: 1280px)\" srcset=\"https:\/\/media.cnn.com\/api\/v1\/images\/stellar\/prod\/05-ap26057386985470.jpg?c=original&amp;q=w_1316,c_fill\/f_webp\" type=\"image\/webp\"><img decoding=\"async\" src=\"https:\/\/media.cnn.com\/api\/v1\/images\/stellar\/prod\/05-ap26057386985470.jpg?c=original&amp;q=w_1093,c_fill\" alt=\"The USS Gerald R. Ford, the world's largest aircraft carrier, departs from Souda Naval Base near Chania on the island of Crete, Greece, on February 26.\" class=\"image__dam-img image__dam-img--loading\" onload=\"this.classList.remove('image__dam-img--loading')\" onerror=\"imageLoadError(this)\" height=\"1600\" width=\"2400\" loading=\"lazy\"\/><\/source><\/source><\/source><\/source><\/source><\/picture>\n    <\/div>\n<\/div>\n<p class=\"paragraph-elevate inline-placeholder vossi-paragraph_elevate\" data-uri=\"cms.cnn.com\/_components\/paragraph\/instances\/cmnta6yuz000m356rha5rrsq6@published\" data-editable=\"text\" data-component-name=\"paragraph\" data-article-gutter=\"true\">\n            Current and former military officials say the Ford has been indispensable in the Iran and Venezuela operations.\n    <\/p>\n<p class=\"paragraph-elevate inline-placeholder vossi-paragraph_elevate\" data-uri=\"cms.cnn.com\/_components\/paragraph\/instances\/cmnta6yuz000n356r90q6vx8v@published\" data-editable=\"text\" data-component-name=\"paragraph\" data-article-gutter=\"true\">\n            The ship\u2019s electronic catapult system allows it to launch anything from small drones to big aircraft, giving commanders an array of firepower options, Sadler said. The other 10 US aircraft carriers don\u2019t have that capability.\n    <\/p>\n<p class=\"paragraph-elevate inline-placeholder vossi-paragraph_elevate\" data-uri=\"cms.cnn.com\/_components\/paragraph\/instances\/cmnta6yuz000o356rm3cofc0e@published\" data-editable=\"text\" data-component-name=\"paragraph\" data-article-gutter=\"true\">\n            But the US military\u2019s reliance on the Ford, and its sailors, has also been on full display during the Iran war.\n    <\/p>\n<p class=\"paragraph-elevate inline-placeholder vossi-paragraph_elevate\" data-uri=\"cms.cnn.com\/_components\/paragraph\/instances\/cmnta6yuz000p356r0esjzly1@published\" data-editable=\"text\" data-component-name=\"paragraph\" data-article-gutter=\"true\">\n            While parked near Venezuela, aircrew from the Ford flew a relatively low number of sorties \u2014 most of which took place during a short window once Trump approved the operation to capture Maduro. After moving to the Middle East, those pilots flew more missions as US forces moved from using primarily stand-off weapons to bombs dropped by aircraft flying in Iranian airspace.\n    <\/p>\n<p class=\"paragraph-elevate inline-placeholder vossi-paragraph_elevate\" data-uri=\"cms.cnn.com\/_components\/paragraph\/instances\/cmnta6yuz000q356r6db2ki8r@published\" data-editable=\"text\" data-component-name=\"paragraph\" data-article-gutter=\"true\">\n            Even before Trump announced a ceasefire with Iran on Tuesday, the Ford\u2019s leadership informed sailors that it expected to return to the US in May, according to a source with the matter. Although the end is in sight for the crew, extended deployments tend to leave lingering effects.\n    <\/p>\n<div data-uri=\"cms.cnn.com\/_components\/image\/instances\/cmntbwlrt00013b6q33lvlss8@published\" class=\"image_expandable-elevate vossi-image_expandable-elevate  image_expandable__hide-placeholder\" data-image-variation=\"image_expandable\" data-name=\"07_9451106.jpg\" data-component-name=\"image\" data-observe-resizes=\"\" data-breakpoints=\"{\" image_expandable--eq-extra-small=\"\" data-original-ratio=\"0.6666666666666666\" data-original-height=\"1600\" data-original-width=\"2400\" data-url=\"https:\/\/media.cnn.com\/api\/v1\/images\/stellar\/prod\/07-9451106.jpg?c=original\" data-editable=\"settings\">\n<div class=\"image_expandable__container\" data-image-variation=\"image_expandable\" data-breakpoints=\"{\" image_expandable--eq-extra-small=\"\">\n       <picture class=\"image_expandable__picture\"><source height=\"undefined\" width=\"639\" media=\"(max-width: 479px)\" srcset=\"https:\/\/media.cnn.com\/api\/v1\/images\/stellar\/prod\/07-9451106.jpg?c=original&amp;q=w_639,c_fill\/f_webp\" type=\"image\/webp\"><source height=\"undefined\" width=\"903\" media=\"(min-width: 480px) and (max-width: 767px)\" srcset=\"https:\/\/media.cnn.com\/api\/v1\/images\/stellar\/prod\/07-9451106.jpg?c=original&amp;q=w_903,c_fill\/f_webp\" type=\"image\/webp\"><source height=\"undefined\" width=\"668\" media=\"(min-width: 768px) and (max-width: 1023px)\" srcset=\"https:\/\/media.cnn.com\/api\/v1\/images\/stellar\/prod\/07-9451106.jpg?c=original&amp;q=w_668,c_fill\/f_webp\" type=\"image\/webp\"><source height=\"undefined\" width=\"780\" media=\"(min-width: 1024px) and (max-width: 1279px)\" srcset=\"https:\/\/media.cnn.com\/api\/v1\/images\/stellar\/prod\/07-9451106.jpg?c=original&amp;q=w_780,c_fill\/f_webp\" type=\"image\/webp\"><source height=\"undefined\" width=\"834\" media=\"(min-width: 1280px)\" srcset=\"https:\/\/media.cnn.com\/api\/v1\/images\/stellar\/prod\/07-9451106.jpg?c=original&amp;q=w_834,c_fill\/f_webp\" type=\"image\/webp\"><img decoding=\"async\" src=\"https:\/\/media.cnn.com\/api\/v1\/images\/stellar\/prod\/07-9451106.jpg?c=original&amp;q=w_780,c_fill\" alt=\"Sailors prepare cargo for transport on the flight deck, during a vertical replenishment while underway in the Caribbean Sea, on December 14, 2025.\" class=\"image_expandable__dam-img image_expandable__dam-img--loading\" onload=\"this.classList.remove('image_expandable__dam-img--loading')\" onerror=\"imageLoadError(this)\" height=\"1600\" width=\"2400\" loading=\"lazy\"\/><\/source><\/source><\/source><\/source><\/source><\/picture>\n    <\/div>\n<\/div>\n<div data-uri=\"cms.cnn.com\/_components\/image\/instances\/cmntct0kx000s3b6q0rddxewc@published\" class=\"image_expandable-elevate vossi-image_expandable-elevate  image_expandable__hide-placeholder\" data-image-variation=\"image_expandable\" data-name=\"07_9573846.jpg\" data-component-name=\"image\" data-observe-resizes=\"\" data-breakpoints=\"{\" image_expandable--eq-extra-small=\"\" data-original-ratio=\"0.6666666666666666\" data-original-height=\"1600\" data-original-width=\"2400\" data-url=\"https:\/\/media.cnn.com\/api\/v1\/images\/stellar\/prod\/07-9573846.jpg?c=original\" data-editable=\"settings\">\n<div class=\"image_expandable__container\" data-image-variation=\"image_expandable\" data-breakpoints=\"{\" image_expandable--eq-extra-small=\"\">\n       <picture class=\"image_expandable__picture\"><source height=\"undefined\" width=\"639\" media=\"(max-width: 479px)\" srcset=\"https:\/\/media.cnn.com\/api\/v1\/images\/stellar\/prod\/07-9573846.jpg?c=original&amp;q=w_639,c_fill\/f_webp\" type=\"image\/webp\"><source height=\"undefined\" width=\"903\" media=\"(min-width: 480px) and (max-width: 767px)\" srcset=\"https:\/\/media.cnn.com\/api\/v1\/images\/stellar\/prod\/07-9573846.jpg?c=original&amp;q=w_903,c_fill\/f_webp\" type=\"image\/webp\"><source height=\"undefined\" width=\"668\" media=\"(min-width: 768px) and (max-width: 1023px)\" srcset=\"https:\/\/media.cnn.com\/api\/v1\/images\/stellar\/prod\/07-9573846.jpg?c=original&amp;q=w_668,c_fill\/f_webp\" type=\"image\/webp\"><source height=\"undefined\" width=\"780\" media=\"(min-width: 1024px) and (max-width: 1279px)\" srcset=\"https:\/\/media.cnn.com\/api\/v1\/images\/stellar\/prod\/07-9573846.jpg?c=original&amp;q=w_780,c_fill\/f_webp\" type=\"image\/webp\"><source height=\"undefined\" width=\"834\" media=\"(min-width: 1280px)\" srcset=\"https:\/\/media.cnn.com\/api\/v1\/images\/stellar\/prod\/07-9573846.jpg?c=original&amp;q=w_834,c_fill\/f_webp\" type=\"image\/webp\"><img decoding=\"async\" src=\"https:\/\/media.cnn.com\/api\/v1\/images\/stellar\/prod\/07-9573846.jpg?c=original&amp;q=w_780,c_fill\" alt=\"A sailor signals the launch of an F\/A-18E Super Hornet aircraft on the flight deck of USS Gerald R. Ford, during Operation Epic Fury, on March 16.\" class=\"image_expandable__dam-img image_expandable__dam-img--loading\" onload=\"this.classList.remove('image_expandable__dam-img--loading')\" onerror=\"imageLoadError(this)\" height=\"1600\" width=\"2400\" loading=\"lazy\"\/><\/source><\/source><\/source><\/source><\/source><\/picture>\n    <\/div>\n<\/div>\n<p class=\"paragraph-elevate inline-placeholder vossi-paragraph_elevate\" data-uri=\"cms.cnn.com\/_components\/paragraph\/instances\/cmnta6yuz000r356rf7z9r0zn@published\" data-editable=\"text\" data-component-name=\"paragraph\" data-article-gutter=\"true\">\n            \u201cNavy analysis shows that once a ship crosses six months on a given deployment,\u201d issues with retention and morale \u201caccelerate,\u201d according to retired Adm. James Stavridis, former supreme allied commander at NATO. He said he would \u201cexpect challenges for the crew\u201d of the Ford, given the length of the deployment.\n    <\/p>\n<p class=\"paragraph-elevate inline-placeholder vossi-paragraph_elevate\" data-uri=\"cms.cnn.com\/_components\/paragraph\/instances\/cmnta6yuz000s356r33mxslyi@published\" data-editable=\"text\" data-component-name=\"paragraph\" data-article-gutter=\"true\">\n            The record deployment can challenge sailors, but the Ford does have a unique crew member onboard whose mission is to help relieve stress.\n    <\/p>\n<p class=\"paragraph-elevate inline-placeholder vossi-paragraph_elevate\" data-uri=\"cms.cnn.com\/_components\/paragraph\/instances\/cmnta6yuz000t356rz4ly38u2@published\" data-editable=\"text\" data-component-name=\"paragraph\" data-article-gutter=\"true\">\n            A female Labrador retriever named Sage has served as a therapy dog on the Ford since 2023, initially as part of a trial of the concept for the Navy. Sage, who holds the rank of captain, is \u201ctrained to alert to anxiety, reduce stress, and interrupt detrimental behaviors,\u201d said Tara Fisher, a spokesperson for Mutts with a Mission, a nonprofit that connects specially trained dogs like Sage with military and law enforcement personnel.\n    <\/p>\n<p class=\"paragraph-elevate inline-placeholder vossi-paragraph_elevate\" data-uri=\"cms.cnn.com\/_components\/paragraph\/instances\/cmnta6yuz000u356rb2uhjitz@published\" data-editable=\"text\" data-component-name=\"paragraph\" data-article-gutter=\"true\">\n            Aboard the Ford, Sage is \u201cenhancing the resiliency of her shipmates, lowering stress, breaking down barriers and reducing the stigma around mental health,\u201d Fisher said. Sage has \u201cextensive training\u201d in navigating the vast ship and has her own medical kit and safety equipment, according to Fisher. One of Sage\u2019s goals is to be \u201ca catalyst for conversations, encouraging sailors and Marines to seek professional support,\u201d Fisher said. Those skills are in high demand as the Ford remains at sea and recovers from an intense few months of combat.\n    <\/p>\n<div data-uri=\"cms.cnn.com\/_components\/image\/instances\/cmntct40k000u3b6qnzp6f1ys@published\" class=\"image-elevate vossi-image_elevate  image__hide-placeholder\" data-image-variation=\"image\" data-name=\"08_9249584.jpg\" data-component-name=\"image\" data-observe-resizes=\"\" data-breakpoints=\"{\" image--eq-extra-small=\"\" data-original-ratio=\"0.6666666666666666\" data-original-height=\"1600\" data-original-width=\"2400\" data-url=\"https:\/\/media.cnn.com\/api\/v1\/images\/stellar\/prod\/08-9249584.jpg?c=original\" data-editable=\"settings\">\n<div class=\"image__container\" data-image-variation=\"image\" data-breakpoints=\"{\" image--eq-extra-small=\"\">\n       <picture class=\"image__picture\"><source height=\"undefined\" width=\"679\" media=\"(max-width: 479px)\" srcset=\"https:\/\/media.cnn.com\/api\/v1\/images\/stellar\/prod\/08-9249584.jpg?c=original&amp;q=w_679,c_fill\/f_webp\" type=\"image\/webp\"><source height=\"undefined\" width=\"967\" media=\"(min-width: 480px) and (max-width: 767px)\" srcset=\"https:\/\/media.cnn.com\/api\/v1\/images\/stellar\/prod\/08-9249584.jpg?c=original&amp;q=w_967,c_fill\/f_webp\" type=\"image\/webp\"><source height=\"undefined\" width=\"1159\" media=\"(min-width: 768px) and (max-width: 1023px)\" srcset=\"https:\/\/media.cnn.com\/api\/v1\/images\/stellar\/prod\/08-9249584.jpg?c=original&amp;q=w_1159,c_fill\/f_webp\" type=\"image\/webp\"><source height=\"undefined\" width=\"1093\" media=\"(min-width: 1024px) and (max-width: 1279px)\" srcset=\"https:\/\/media.cnn.com\/api\/v1\/images\/stellar\/prod\/08-9249584.jpg?c=original&amp;q=w_1093,c_fill\/f_webp\" type=\"image\/webp\"><source height=\"undefined\" width=\"1316\" media=\"(min-width: 1280px)\" srcset=\"https:\/\/media.cnn.com\/api\/v1\/images\/stellar\/prod\/08-9249584.jpg?c=original&amp;q=w_1316,c_fill\/f_webp\" type=\"image\/webp\"><img decoding=\"async\" src=\"https:\/\/media.cnn.com\/api\/v1\/images\/stellar\/prod\/08-9249584.jpg?c=original&amp;q=w_1093,c_fill\" alt=\"Sailors pet Sage, a dog assigned to the USS Gerald R. Ford through Mutts with a Mission, on August 4, 2025.\" class=\"image__dam-img image__dam-img--loading\" onload=\"this.classList.remove('image__dam-img--loading')\" onerror=\"imageLoadError(this)\" height=\"1600\" width=\"2400\" loading=\"lazy\"\/><\/source><\/source><\/source><\/source><\/source><\/picture>\n    <\/div>\n<\/div>\n<p class=\"paragraph-elevate inline-placeholder vossi-paragraph_elevate\" data-uri=\"cms.cnn.com\/_components\/paragraph\/instances\/cmnta6yuz000v356rviumr2sk@published\" data-editable=\"text\" data-component-name=\"paragraph\" data-article-gutter=\"true\">\n            The Navy as a whole is facing issues with sailor burnout, according to multiple sources familiar with internal Navy discussions about the issue. Navy aviation personnel, from pilots to maintainers, are leaving the service at a high rate, according to those sources.\n    <\/p>\n<p class=\"paragraph-elevate inline-placeholder vossi-paragraph_elevate\" data-uri=\"cms.cnn.com\/_components\/paragraph\/instances\/cmnta6yv0000w356rfyvc2al2@published\" data-editable=\"text\" data-component-name=\"paragraph\" data-article-gutter=\"true\">\n            Defense Secretary Pete Hegseth has ordered a review of attrition rates among Navy Strike Fighter Squadrons, according to a March memo from Hegseth obtained by CNN. To retain top talent, the Navy is also offering flight officers and naval aviators tens of thousands of dollars annually in bonuses.\n    <\/p>\n<p class=\"paragraph-elevate inline-placeholder vossi-paragraph_elevate\" data-uri=\"cms.cnn.com\/_components\/paragraph\/instances\/cmnthv02n0000356qvd90ivsf@published\" data-editable=\"text\" data-component-name=\"paragraph\" data-article-gutter=\"true\">\n            \u201cWe\u2019re at a point right now where retention\u2019s not great,\u201d said retired Vice Adm. Andrew \u201cWoody\u201d Lewis, former commander of the Navy\u2019s Second Fleet, citing the evergreen challenge of uncertainty over deployments for Navy personnel and the length of time it takes for Navy pilots to get certified to fly. \u201cIt eats into your mentality when there\u2019s a lot of uncertainty, things take longer than they should. You get a lot of administrative burden coming down on you,\u201d Lewis said. \u201cIt stresses the families, stresses the individuals.\u201d\n    <\/p>\n<p class=\"paragraph-elevate inline-placeholder vossi-paragraph_elevate\" data-uri=\"cms.cnn.com\/_components\/paragraph\/instances\/cmnun675w00003b6qlzs8o9ci@published\" data-editable=\"text\" data-component-name=\"paragraph\" data-article-gutter=\"true\">\n            Lewis and other former senior Navy officials said the Ford\u2019s crew would relish the challenge of being at sea that long and the Ford\u2019s command would be closely attuned to burnout issues and stresses on the families.\n    <\/p>\n<p class=\"paragraph-elevate inline-placeholder vossi-paragraph_elevate\" data-uri=\"cms.cnn.com\/_components\/paragraph\/instances\/cmnta6yv0000x356rzpmp91pr@published\" data-editable=\"text\" data-component-name=\"paragraph\" data-article-gutter=\"true\">\n            \u201cIt\u2019s a curse and a blessing at the same time, being on an aircraft carrier,\u201d said Lewis, who did 11 aircraft carrier deployments of six months or more. The blessing: Aircraft carriers are used for a lot of \u201cvery strategically important missions,\u201d Lewis said. \u201cAnd it\u2019s a curse at the same time because you got to go, you get extended, you get these long periods of you don\u2019t know what the hell is going on.\u201d\n    <\/p>\n<div data-uri=\"cms.cnn.com\/_components\/image\/instances\/cmntc1nk8000f3b6q889c3bj1@published\" class=\"image_large-elevate vossi-image_large-elevate  image_large__hide-placeholder\" data-image-variation=\"image_large\" data-name=\"09_9461176.jpg\" data-component-name=\"image\" data-observe-resizes=\"\" data-breakpoints=\"{\" image_large--eq-extra-small=\"\" data-original-ratio=\"0.6666666666666666\" data-original-height=\"1600\" data-original-width=\"2400\" data-url=\"https:\/\/media.cnn.com\/api\/v1\/images\/stellar\/prod\/09-9461176.jpg?c=original\" data-editable=\"settings\" data-article-gutter=\"true\">\n<div class=\"image_large__container\" data-image-variation=\"image_large\" data-breakpoints=\"{\" image_large--eq-extra-small=\"\">\n       <picture class=\"image_large__picture\"><source height=\"undefined\" width=\"679\" media=\"(max-width: 479px)\" srcset=\"https:\/\/media.cnn.com\/api\/v1\/images\/stellar\/prod\/09-9461176.jpg?c=original&amp;q=w_679,c_fill\/f_webp\" type=\"image\/webp\"><source height=\"undefined\" width=\"967\" media=\"(min-width: 480px) and (max-width: 767px)\" srcset=\"https:\/\/media.cnn.com\/api\/v1\/images\/stellar\/prod\/09-9461176.jpg?c=original&amp;q=w_967,c_fill\/f_webp\" type=\"image\/webp\"><source height=\"undefined\" width=\"860\" media=\"(min-width: 768px) and (max-width: 1023px)\" srcset=\"https:\/\/media.cnn.com\/api\/v1\/images\/stellar\/prod\/09-9461176.jpg?c=original&amp;q=w_860,c_fill\/f_webp\" type=\"image\/webp\"><source height=\"undefined\" width=\"860\" media=\"(min-width: 1024px) and (max-width: 1279px)\" srcset=\"https:\/\/media.cnn.com\/api\/v1\/images\/stellar\/prod\/09-9461176.jpg?c=original&amp;q=w_860,c_fill\/f_webp\" type=\"image\/webp\"><source height=\"undefined\" width=\"860\" media=\"(min-width: 1280px)\" srcset=\"https:\/\/media.cnn.com\/api\/v1\/images\/stellar\/prod\/09-9461176.jpg?c=original&amp;q=w_860,c_fill\/f_webp\" type=\"image\/webp\"><img decoding=\"async\" src=\"https:\/\/media.cnn.com\/api\/v1\/images\/stellar\/prod\/09-9461176.jpg?c=original&amp;q=w_860,c_fill\" alt=\"A sailor transits the flight deck of the USS Gerald R. Ford, while underway in the Caribbean Sea, on December 18, 2025.\" class=\"image_large__dam-img image_large__dam-img--loading\" onload=\"this.classList.remove('image_large__dam-img--loading')\" onerror=\"imageLoadError(this)\" height=\"1600\" width=\"2400\" loading=\"lazy\"\/><\/source><\/source><\/source><\/source><\/source><\/picture>\n    <\/div>\n<\/div><\/div>\n<p><br \/>\n<br \/><a href=\"https:\/\/www.cnn.com\/2026\/04\/12\/politics\/uss-gerald-ford-iran-venezuela-navy-trump\">Source link <\/a><\/p>","protected":false},"excerpt":{"rendered":"<p>In mid-March, a fire tore through a compartment of the United States\u2019 largest and most powerful aircraft carrier, the USS Gerald R. Ford. The ship was floating in the eastern Mediterranean Sea, launching aircraft as part of the weeks-old war with Iran, when the blaze broke out in the laundry department. It took the crew [&hellip;]<\/p>\n","protected":false},"author":1,"featured_media":105083,"comment_status":"closed","ping_status":"","sticky":false,"template":"","format":"standard","meta":{"googlesitekit_rrm_CAow2JLhCw:productID":"","_gspb_post_css":"","maa_idioma":"","maa_pais":"","footnotes":""},"categories":[1],"tags":[15394,8615,27356,4922,4968,20004,6235,5112,4942,6885,26530],"class_list":["post-105082","post","type-post","status-publish","format-standard","has-post-thumbnail","hentry","category-ubirata","tag-aircraft","tag-ambitions","tag-carrier","tag-center","tag-ford","tag-gerald","tag-military","tag-recordbreaking","tag-trip","tag-trumps","tag-uss"],"blocksy_meta":[],"yoast_head":"<!-- This site is optimized with the Yoast SEO Premium plugin v27.6 (Yoast SEO v27.6) - https:\/\/yoast.com\/product\/yoast-seo-premium-wordpress\/ -->\n<title>The record-breaking trip of the USS Gerald Ford, the aircraft carrier at the center of Trump\u2019s military ambitions - Ubirat\u00e3 Online Not\u00edcias - A realidade ao seu alcance!<\/title>\n<meta name=\"description\" content=\"In mid-March, a fire tore through a compartment of the United States\u2019 largest and most powerful aircraft carrier, the USS Gerald R. Ford. The ship was\" \/>\n<meta name=\"robots\" content=\"index, follow, max-snippet:-1, max-image-preview:large, max-video-preview:-1\" \/>\n<link rel=\"canonical\" href=\"https:\/\/ubirataonline.com.br\/en\/the-record-breaking-trip-of-the-uss-gerald-ford-the-aircraft-carrier-at-the-center-of-trumps-military-ambitions\/\" \/>\n<meta property=\"og:locale\" content=\"en_US\" \/>\n<meta property=\"og:type\" content=\"article\" \/>\n<meta property=\"og:title\" content=\"The record-breaking trip of the USS Gerald Ford, the aircraft carrier at the center of Trump\u2019s military ambitions\" \/>\n<meta property=\"og:description\" content=\"In mid-March, a fire tore through a compartment of the United States\u2019 largest and most powerful aircraft carrier, the USS Gerald R. Ford. The ship was\" \/>\n<meta property=\"og:url\" content=\"https:\/\/ubirataonline.com.br\/en\/the-record-breaking-trip-of-the-uss-gerald-ford-the-aircraft-carrier-at-the-center-of-trumps-military-ambitions\/\" \/>\n<meta property=\"og:site_name\" content=\"Ubirat\u00e3 Online Not\u00edcias - A realidade ao seu alcance!\" \/>\n<meta property=\"article:publisher\" content=\"https:\/\/www.facebook.com\/portalubirataonline\" \/>\n<meta property=\"article:author\" content=\"https:\/\/www.facebook.com\/portalubirataonline\" \/>\n<meta property=\"article:published_time\" content=\"2026-04-12T14:56:10+00:00\" \/>\n<meta property=\"article:modified_time\" content=\"2026-04-12T14:56:13+00:00\" \/>\n<meta property=\"og:image\" content=\"https:\/\/ubirataonline.com.br\/wp-content\/uploads\/2026\/04\/The-record-breaking-trip-of-the-USS-Gerald-Ford-the-aircraft.jpg\" \/>\n\t<meta property=\"og:image:width\" content=\"800\" \/>\n\t<meta property=\"og:image:height\" content=\"450\" \/>\n\t<meta property=\"og:image:type\" content=\"image\/jpeg\" \/>\n<meta name=\"author\" content=\"REDA\u00c7\u00c3O: UBIRAT\u00c3 ONLINE - F\u00c1BIO AUGUSTO CELESTINO\" \/>\n<meta name=\"twitter:card\" content=\"summary_large_image\" \/>\n<meta name=\"twitter:creator\" content=\"@x.com\/ubirataonline\" \/>\n<meta name=\"twitter:site\" content=\"@ubirataonline\" \/>\n<meta name=\"twitter:label1\" content=\"Written by\" \/>\n\t<meta name=\"twitter:data1\" content=\"REDA\u00c7\u00c3O: UBIRAT\u00c3 ONLINE - F\u00c1BIO AUGUSTO CELESTINO\" \/>\n\t<meta name=\"twitter:label2\" content=\"Est. reading time\" \/>\n\t<meta name=\"twitter:data2\" content=\"8 minutes\" \/>\n<script type=\"application\/ld+json\" class=\"yoast-schema-graph\">{\"@context\":\"https:\\\/\\\/schema.org\",\"@graph\":[{\"@type\":\"NewsArticle\",\"@id\":\"https:\\\/\\\/ubirataonline.com.br\\\/the-record-breaking-trip-of-the-uss-gerald-ford-the-aircraft-carrier-at-the-center-of-trumps-military-ambitions\\\/#article\",\"isPartOf\":{\"@id\":\"https:\\\/\\\/ubirataonline.com.br\\\/the-record-breaking-trip-of-the-uss-gerald-ford-the-aircraft-carrier-at-the-center-of-trumps-military-ambitions\\\/\"},\"author\":{\"name\":\"REDA\u00c7\u00c3O: UBIRAT\u00c3 ONLINE - F\u00c1BIO AUGUSTO CELESTINO\",\"@id\":\"https:\\\/\\\/ubirataonline.com.br\\\/#\\\/schema\\\/person\\\/372f87bbd3fdd79b8556b84c98d0bc1c\"},\"headline\":\"The record-breaking trip of the USS Gerald Ford, the aircraft carrier at the center of Trump\u2019s military ambitions\",\"datePublished\":\"2026-04-12T14:56:10+00:00\",\"dateModified\":\"2026-04-12T14:56:13+00:00\",\"mainEntityOfPage\":{\"@id\":\"https:\\\/\\\/ubirataonline.com.br\\\/the-record-breaking-trip-of-the-uss-gerald-ford-the-aircraft-carrier-at-the-center-of-trumps-military-ambitions\\\/\"},\"wordCount\":1522,\"publisher\":{\"@id\":\"https:\\\/\\\/ubirataonline.com.br\\\/#organization\"},\"image\":{\"@id\":\"https:\\\/\\\/ubirataonline.com.br\\\/the-record-breaking-trip-of-the-uss-gerald-ford-the-aircraft-carrier-at-the-center-of-trumps-military-ambitions\\\/#primaryimage\"},\"thumbnailUrl\":\"https:\\\/\\\/ubirataonline.com.br\\\/wp-content\\\/uploads\\\/2026\\\/04\\\/The-record-breaking-trip-of-the-USS-Gerald-Ford-the-aircraft.jpg\",\"keywords\":[\"aircraft\",\"Ambitions\",\"carrier\",\"Center\",\"Ford\",\"Gerald\",\"military\",\"recordbreaking\",\"Trip\",\"Trumps\",\"USS\"],\"articleSection\":[\"Ubirat\u00e3\"],\"inLanguage\":\"en-US\",\"copyrightYear\":\"2026\",\"copyrightHolder\":{\"@id\":\"https:\\\/\\\/ubirataonline.com.br\\\/en\\\/#organization\"}},{\"@type\":\"WebPage\",\"@id\":\"https:\\\/\\\/ubirataonline.com.br\\\/the-record-breaking-trip-of-the-uss-gerald-ford-the-aircraft-carrier-at-the-center-of-trumps-military-ambitions\\\/\",\"url\":\"https:\\\/\\\/ubirataonline.com.br\\\/the-record-breaking-trip-of-the-uss-gerald-ford-the-aircraft-carrier-at-the-center-of-trumps-military-ambitions\\\/\",\"name\":\"The record-breaking trip of the USS Gerald Ford, the aircraft carrier at the center of Trump\u2019s military ambitions - Ubirat\u00e3 Online Not\u00edcias - A realidade ao seu alcance!\",\"isPartOf\":{\"@id\":\"https:\\\/\\\/ubirataonline.com.br\\\/#website\"},\"primaryImageOfPage\":{\"@id\":\"https:\\\/\\\/ubirataonline.com.br\\\/the-record-breaking-trip-of-the-uss-gerald-ford-the-aircraft-carrier-at-the-center-of-trumps-military-ambitions\\\/#primaryimage\"},\"image\":{\"@id\":\"https:\\\/\\\/ubirataonline.com.br\\\/the-record-breaking-trip-of-the-uss-gerald-ford-the-aircraft-carrier-at-the-center-of-trumps-military-ambitions\\\/#primaryimage\"},\"thumbnailUrl\":\"https:\\\/\\\/ubirataonline.com.br\\\/wp-content\\\/uploads\\\/2026\\\/04\\\/The-record-breaking-trip-of-the-USS-Gerald-Ford-the-aircraft.jpg\",\"datePublished\":\"2026-04-12T14:56:10+00:00\",\"dateModified\":\"2026-04-12T14:56:13+00:00\",\"description\":\"In mid-March, a fire tore through a compartment of the United States\u2019 largest and most powerful aircraft carrier, the USS Gerald R. Ford. The ship was\",\"breadcrumb\":{\"@id\":\"https:\\\/\\\/ubirataonline.com.br\\\/the-record-breaking-trip-of-the-uss-gerald-ford-the-aircraft-carrier-at-the-center-of-trumps-military-ambitions\\\/#breadcrumb\"},\"inLanguage\":\"en-US\",\"potentialAction\":[{\"@type\":\"ReadAction\",\"target\":[\"https:\\\/\\\/ubirataonline.com.br\\\/the-record-breaking-trip-of-the-uss-gerald-ford-the-aircraft-carrier-at-the-center-of-trumps-military-ambitions\\\/\"]}]},{\"@type\":\"ImageObject\",\"inLanguage\":\"en-US\",\"@id\":\"https:\\\/\\\/ubirataonline.com.br\\\/the-record-breaking-trip-of-the-uss-gerald-ford-the-aircraft-carrier-at-the-center-of-trumps-military-ambitions\\\/#primaryimage\",\"url\":\"https:\\\/\\\/ubirataonline.com.br\\\/wp-content\\\/uploads\\\/2026\\\/04\\\/The-record-breaking-trip-of-the-USS-Gerald-Ford-the-aircraft.jpg\",\"contentUrl\":\"https:\\\/\\\/ubirataonline.com.br\\\/wp-content\\\/uploads\\\/2026\\\/04\\\/The-record-breaking-trip-of-the-USS-Gerald-Ford-the-aircraft.jpg\",\"width\":800,\"height\":450,\"caption\":\"Seaman Paige Brown\\\/USS Gerald R. Ford\\\/US Navy\"},{\"@type\":\"BreadcrumbList\",\"@id\":\"https:\\\/\\\/ubirataonline.com.br\\\/the-record-breaking-trip-of-the-uss-gerald-ford-the-aircraft-carrier-at-the-center-of-trumps-military-ambitions\\\/#breadcrumb\",\"itemListElement\":[{\"@type\":\"ListItem\",\"position\":1,\"name\":\"In\u00edcio\",\"item\":\"https:\\\/\\\/ubirataonline.com.br\\\/\"},{\"@type\":\"ListItem\",\"position\":2,\"name\":\"The record-breaking trip of the USS Gerald Ford, the aircraft carrier at the center of Trump\u2019s military ambitions\"}]},{\"@type\":\"WebSite\",\"@id\":\"https:\\\/\\\/ubirataonline.com.br\\\/#website\",\"url\":\"https:\\\/\\\/ubirataonline.com.br\\\/\",\"name\":\"Ubirat\u00e3 Online Not\u00edcias\",\"description\":\"Not\u00edcias de Ubirat\u00e3, regi\u00e3o, Brasil e mundo, com informa\u00e7\u00e3o atualizada e compromisso com o leitor.\",\"publisher\":{\"@id\":\"https:\\\/\\\/ubirataonline.com.br\\\/#organization\"},\"alternateName\":\"Ubirat\u00e3 Online\",\"potentialAction\":[{\"@type\":\"SearchAction\",\"target\":{\"@type\":\"EntryPoint\",\"urlTemplate\":\"https:\\\/\\\/ubirataonline.com.br\\\/?s={search_term_string}\"},\"query-input\":{\"@type\":\"PropertyValueSpecification\",\"valueRequired\":true,\"valueName\":\"search_term_string\"}}],\"inLanguage\":\"en-US\"},{\"@type\":[\"Organization\",\"Place\"],\"@id\":\"https:\\\/\\\/ubirataonline.com.br\\\/#organization\",\"name\":\"Ubirat\u00e3 Online Not\u00edcias\",\"alternateName\":\"Ubirat\u00e3 Online\",\"url\":\"https:\\\/\\\/ubirataonline.com.br\\\/\",\"logo\":{\"@id\":\"https:\\\/\\\/ubirataonline.com.br\\\/the-record-breaking-trip-of-the-uss-gerald-ford-the-aircraft-carrier-at-the-center-of-trumps-military-ambitions\\\/#local-main-organization-logo\"},\"image\":{\"@id\":\"https:\\\/\\\/ubirataonline.com.br\\\/the-record-breaking-trip-of-the-uss-gerald-ford-the-aircraft-carrier-at-the-center-of-trumps-military-ambitions\\\/#local-main-organization-logo\"},\"sameAs\":[\"https:\\\/\\\/www.facebook.com\\\/portalubirataonline\",\"https:\\\/\\\/x.com\\\/ubirataonline\",\"https:\\\/\\\/mastodon.social\\\/@ubirataonline\",\"https:\\\/\\\/www.facebook.com\\\/groups\\\/311144672285604\",\"https:\\\/\\\/www.facebook.com\\\/UBTAOnline\",\"https:\\\/\\\/www.instagram.com\\\/portalubirataonline\\\/\",\"https:\\\/\\\/twitter.com\\\/ubirataonline\"],\"description\":\"Somos um portal de not\u00edcias independente, criado em 5 de janeiro de 2009, com o objetivo de informar, conectar e valorizar a nossa comunidade de Ubirat\u00e3 e toda aregi\u00e3o. Com conte\u00fado atualizado, confi\u00e1vel e relevante, o Ubirat\u00e3 Online \u00e9 o seu espa\u00e7o para ficar por dentro dos principais acontecimentos locais, regionais, Brasil, Mundo e de interesse geral. Nosso compromisso \u00e9 com a verdade, a transpar\u00eancia e o respeito ao leitor.\",\"legalName\":\"UBIRATA ONLINE NOT\u00cdCIAS\",\"foundingDate\":\"2009-01-05\",\"numberOfEmployees\":{\"@type\":\"QuantitativeValue\",\"minValue\":\"1\",\"maxValue\":\"10\"},\"publishingPrinciples\":\"https:\\\/\\\/ubirataonline.com.br\\\/faq\\\/\",\"address\":{\"@id\":\"https:\\\/\\\/ubirataonline.com.br\\\/the-record-breaking-trip-of-the-uss-gerald-ford-the-aircraft-carrier-at-the-center-of-trumps-military-ambitions\\\/#local-main-place-address\"},\"geo\":{\"@type\":\"GeoCoordinates\",\"latitude\":\"-24.5361401\",\"longitude\":\"-52.9921776\"},\"telephone\":[\"+5544998308235\"],\"contactPoint\":{\"@type\":\"ContactPoint\",\"email\":\"contato@ubirataonline.com.br\"},\"openingHoursSpecification\":{\"@type\":\"OpeningHoursSpecification\",\"dayOfWeek\":[\"Monday\",\"Tuesday\",\"Wednesday\",\"Thursday\",\"Friday\",\"Saturday\",\"Sunday\"],\"opens\":\"00:00\",\"closes\":\"23:59\"},\"email\":\"contato@ubirataonline.com.br\",\"vatID\":\"47.621.418\\\/0001-80\"},{\"@type\":\"Person\",\"@id\":\"https:\\\/\\\/ubirataonline.com.br\\\/#\\\/schema\\\/person\\\/372f87bbd3fdd79b8556b84c98d0bc1c\",\"name\":\"REDA\u00c7\u00c3O: UBIRAT\u00c3 ONLINE - F\u00c1BIO AUGUSTO CELESTINO\",\"pronouns\":\"Ele\",\"description\":\"Desde 2003 trabalhando com not\u00edcias.\",\"sameAs\":[\"http:\\\/\\\/ubirataoline.com.br\",\"https:\\\/\\\/www.facebook.com\\\/portalubirataonline\",\"https:\\\/\\\/www.instagram.com\\\/ubirataonline_oficial\",\"https:\\\/\\\/x.com\\\/x.com\\\/ubirataonline\"],\"honorificPrefix\":\"Mr.\",\"honorificSuffix\":\"MD\",\"birthDate\":\"1980-06-16\",\"gender\":\"masculino\",\"award\":[\"V\u00e1rios pr\u00eamios de melhor portal da cidade\"],\"jobTitle\":\"Diretor\",\"url\":\"https:\\\/\\\/ubirataonline.com.br\\\/en\\\/author\\\/ubirataonline\\\/\"},{\"@type\":\"PostalAddress\",\"@id\":\"https:\\\/\\\/ubirataonline.com.br\\\/the-record-breaking-trip-of-the-uss-gerald-ford-the-aircraft-carrier-at-the-center-of-trumps-military-ambitions\\\/#local-main-place-address\",\"streetAddress\":\"Rua dos Coqueiros, 104 - Bairro Boa Vista, Rua dos Coqueiros, 104 Bairro Boa Vista\",\"addressLocality\":\"UBIRATA\",\"postalCode\":\"85440-000\",\"addressRegion\":\"PR\",\"addressCountry\":\"BR\"},{\"@type\":\"ImageObject\",\"inLanguage\":\"en-US\",\"@id\":\"https:\\\/\\\/ubirataonline.com.br\\\/the-record-breaking-trip-of-the-uss-gerald-ford-the-aircraft-carrier-at-the-center-of-trumps-military-ambitions\\\/#local-main-organization-logo\",\"url\":\"https:\\\/\\\/ubirataonline.com.br\\\/wp-content\\\/uploads\\\/2026\\\/06\\\/logoubirataonline-1.webp\",\"contentUrl\":\"https:\\\/\\\/ubirataonline.com.br\\\/wp-content\\\/uploads\\\/2026\\\/06\\\/logoubirataonline-1.webp\",\"width\":500,\"height\":500,\"caption\":\"Ubirat\u00e3 Online Not\u00edcias\"}]}<\/script>\n<meta name=\"geo.placename\" content=\"UBIRATA\" \/>\n<meta name=\"geo.position\" content=\"-24.5361401;-52.9921776\" \/>\n<meta name=\"geo.region\" content=\"Brazil\" \/>\n<!-- \/ Yoast SEO Premium plugin. -->","yoast_head_json":{"title":"The record-breaking trip of the USS Gerald Ford, the aircraft carrier at the center of Trump\u2019s military ambitions - Ubirat\u00e3 Online Not\u00edcias - A realidade ao seu alcance!","description":"In mid-March, a fire tore through a compartment of the United States\u2019 largest and most powerful aircraft carrier, the USS Gerald R. Ford. The ship was","robots":{"index":"index","follow":"follow","max-snippet":"max-snippet:-1","max-image-preview":"max-image-preview:large","max-video-preview":"max-video-preview:-1"},"canonical":"https:\/\/ubirataonline.com.br\/en\/the-record-breaking-trip-of-the-uss-gerald-ford-the-aircraft-carrier-at-the-center-of-trumps-military-ambitions\/","og_locale":"en_US","og_type":"article","og_title":"The record-breaking trip of the USS Gerald Ford, the aircraft carrier at the center of Trump\u2019s military ambitions","og_description":"In mid-March, a fire tore through a compartment of the United States\u2019 largest and most powerful aircraft carrier, the USS Gerald R. Ford. The ship was","og_url":"https:\/\/ubirataonline.com.br\/en\/the-record-breaking-trip-of-the-uss-gerald-ford-the-aircraft-carrier-at-the-center-of-trumps-military-ambitions\/","og_site_name":"Ubirat\u00e3 Online Not\u00edcias - A realidade ao seu alcance!","article_publisher":"https:\/\/www.facebook.com\/portalubirataonline","article_author":"https:\/\/www.facebook.com\/portalubirataonline","article_published_time":"2026-04-12T14:56:10+00:00","article_modified_time":"2026-04-12T14:56:13+00:00","og_image":[{"width":800,"height":450,"url":"https:\/\/ubirataonline.com.br\/wp-content\/uploads\/2026\/04\/The-record-breaking-trip-of-the-USS-Gerald-Ford-the-aircraft.jpg","type":"image\/jpeg"}],"author":"REDA\u00c7\u00c3O: UBIRAT\u00c3 ONLINE - F\u00c1BIO AUGUSTO CELESTINO","twitter_card":"summary_large_image","twitter_creator":"@x.com\/ubirataonline","twitter_site":"@ubirataonline","twitter_misc":{"Written by":"REDA\u00c7\u00c3O: UBIRAT\u00c3 ONLINE - F\u00c1BIO AUGUSTO CELESTINO","Est. reading time":"8 minutes"},"schema":{"@context":"https:\/\/schema.org","@graph":[{"@type":"NewsArticle","@id":"https:\/\/ubirataonline.com.br\/the-record-breaking-trip-of-the-uss-gerald-ford-the-aircraft-carrier-at-the-center-of-trumps-military-ambitions\/#article","isPartOf":{"@id":"https:\/\/ubirataonline.com.br\/the-record-breaking-trip-of-the-uss-gerald-ford-the-aircraft-carrier-at-the-center-of-trumps-military-ambitions\/"},"author":{"name":"REDA\u00c7\u00c3O: UBIRAT\u00c3 ONLINE - F\u00c1BIO AUGUSTO CELESTINO","@id":"https:\/\/ubirataonline.com.br\/#\/schema\/person\/372f87bbd3fdd79b8556b84c98d0bc1c"},"headline":"The record-breaking trip of the USS Gerald Ford, the aircraft carrier at the center of Trump\u2019s military ambitions","datePublished":"2026-04-12T14:56:10+00:00","dateModified":"2026-04-12T14:56:13+00:00","mainEntityOfPage":{"@id":"https:\/\/ubirataonline.com.br\/the-record-breaking-trip-of-the-uss-gerald-ford-the-aircraft-carrier-at-the-center-of-trumps-military-ambitions\/"},"wordCount":1522,"publisher":{"@id":"https:\/\/ubirataonline.com.br\/#organization"},"image":{"@id":"https:\/\/ubirataonline.com.br\/the-record-breaking-trip-of-the-uss-gerald-ford-the-aircraft-carrier-at-the-center-of-trumps-military-ambitions\/#primaryimage"},"thumbnailUrl":"https:\/\/ubirataonline.com.br\/wp-content\/uploads\/2026\/04\/The-record-breaking-trip-of-the-USS-Gerald-Ford-the-aircraft.jpg","keywords":["aircraft","Ambitions","carrier","Center","Ford","Gerald","military","recordbreaking","Trip","Trumps","USS"],"articleSection":["Ubirat\u00e3"],"inLanguage":"en-US","copyrightYear":"2026","copyrightHolder":{"@id":"https:\/\/ubirataonline.com.br\/en\/#organization"}},{"@type":"WebPage","@id":"https:\/\/ubirataonline.com.br\/the-record-breaking-trip-of-the-uss-gerald-ford-the-aircraft-carrier-at-the-center-of-trumps-military-ambitions\/","url":"https:\/\/ubirataonline.com.br\/the-record-breaking-trip-of-the-uss-gerald-ford-the-aircraft-carrier-at-the-center-of-trumps-military-ambitions\/","name":"The record-breaking trip of the USS Gerald Ford, the aircraft carrier at the center of Trump\u2019s military ambitions - Ubirat\u00e3 Online Not\u00edcias - A realidade ao seu alcance!","isPartOf":{"@id":"https:\/\/ubirataonline.com.br\/#website"},"primaryImageOfPage":{"@id":"https:\/\/ubirataonline.com.br\/the-record-breaking-trip-of-the-uss-gerald-ford-the-aircraft-carrier-at-the-center-of-trumps-military-ambitions\/#primaryimage"},"image":{"@id":"https:\/\/ubirataonline.com.br\/the-record-breaking-trip-of-the-uss-gerald-ford-the-aircraft-carrier-at-the-center-of-trumps-military-ambitions\/#primaryimage"},"thumbnailUrl":"https:\/\/ubirataonline.com.br\/wp-content\/uploads\/2026\/04\/The-record-breaking-trip-of-the-USS-Gerald-Ford-the-aircraft.jpg","datePublished":"2026-04-12T14:56:10+00:00","dateModified":"2026-04-12T14:56:13+00:00","description":"In mid-March, a fire tore through a compartment of the United States\u2019 largest and most powerful aircraft carrier, the USS Gerald R. Ford. The ship was","breadcrumb":{"@id":"https:\/\/ubirataonline.com.br\/the-record-breaking-trip-of-the-uss-gerald-ford-the-aircraft-carrier-at-the-center-of-trumps-military-ambitions\/#breadcrumb"},"inLanguage":"en-US","potentialAction":[{"@type":"ReadAction","target":["https:\/\/ubirataonline.com.br\/the-record-breaking-trip-of-the-uss-gerald-ford-the-aircraft-carrier-at-the-center-of-trumps-military-ambitions\/"]}]},{"@type":"ImageObject","inLanguage":"en-US","@id":"https:\/\/ubirataonline.com.br\/the-record-breaking-trip-of-the-uss-gerald-ford-the-aircraft-carrier-at-the-center-of-trumps-military-ambitions\/#primaryimage","url":"https:\/\/ubirataonline.com.br\/wp-content\/uploads\/2026\/04\/The-record-breaking-trip-of-the-USS-Gerald-Ford-the-aircraft.jpg","contentUrl":"https:\/\/ubirataonline.com.br\/wp-content\/uploads\/2026\/04\/The-record-breaking-trip-of-the-USS-Gerald-Ford-the-aircraft.jpg","width":800,"height":450,"caption":"Seaman Paige Brown\/USS Gerald R. Ford\/US Navy"},{"@type":"BreadcrumbList","@id":"https:\/\/ubirataonline.com.br\/the-record-breaking-trip-of-the-uss-gerald-ford-the-aircraft-carrier-at-the-center-of-trumps-military-ambitions\/#breadcrumb","itemListElement":[{"@type":"ListItem","position":1,"name":"In\u00edcio","item":"https:\/\/ubirataonline.com.br\/"},{"@type":"ListItem","position":2,"name":"The record-breaking trip of the USS Gerald Ford, the aircraft carrier at the center of Trump\u2019s military ambitions"}]},{"@type":"WebSite","@id":"https:\/\/ubirataonline.com.br\/#website","url":"https:\/\/ubirataonline.com.br\/","name":"Ubirat\u00e3 Online Not\u00edcias","description":"Not\u00edcias de Ubirat\u00e3, regi\u00e3o, Brasil e mundo, com informa\u00e7\u00e3o atualizada e compromisso com o leitor.","publisher":{"@id":"https:\/\/ubirataonline.com.br\/#organization"},"alternateName":"Ubirat\u00e3 Online","potentialAction":[{"@type":"SearchAction","target":{"@type":"EntryPoint","urlTemplate":"https:\/\/ubirataonline.com.br\/?s={search_term_string}"},"query-input":{"@type":"PropertyValueSpecification","valueRequired":true,"valueName":"search_term_string"}}],"inLanguage":"en-US"},{"@type":["Organization","Place"],"@id":"https:\/\/ubirataonline.com.br\/#organization","name":"Ubirat\u00e3 Online Not\u00edcias","alternateName":"Ubirat\u00e3 Online","url":"https:\/\/ubirataonline.com.br\/","logo":{"@id":"https:\/\/ubirataonline.com.br\/the-record-breaking-trip-of-the-uss-gerald-ford-the-aircraft-carrier-at-the-center-of-trumps-military-ambitions\/#local-main-organization-logo"},"image":{"@id":"https:\/\/ubirataonline.com.br\/the-record-breaking-trip-of-the-uss-gerald-ford-the-aircraft-carrier-at-the-center-of-trumps-military-ambitions\/#local-main-organization-logo"},"sameAs":["https:\/\/www.facebook.com\/portalubirataonline","https:\/\/x.com\/ubirataonline","https:\/\/mastodon.social\/@ubirataonline","https:\/\/www.facebook.com\/groups\/311144672285604","https:\/\/www.facebook.com\/UBTAOnline","https:\/\/www.instagram.com\/portalubirataonline\/","https:\/\/twitter.com\/ubirataonline"],"description":"Somos um portal de not\u00edcias independente, criado em 5 de janeiro de 2009, com o objetivo de informar, conectar e valorizar a nossa comunidade de Ubirat\u00e3 e toda aregi\u00e3o. Com conte\u00fado atualizado, confi\u00e1vel e relevante, o Ubirat\u00e3 Online \u00e9 o seu espa\u00e7o para ficar por dentro dos principais acontecimentos locais, regionais, Brasil, Mundo e de interesse geral. Nosso compromisso \u00e9 com a verdade, a transpar\u00eancia e o respeito ao leitor.","legalName":"UBIRATA ONLINE NOT\u00cdCIAS","foundingDate":"2009-01-05","numberOfEmployees":{"@type":"QuantitativeValue","minValue":"1","maxValue":"10"},"publishingPrinciples":"https:\/\/ubirataonline.com.br\/faq\/","address":{"@id":"https:\/\/ubirataonline.com.br\/the-record-breaking-trip-of-the-uss-gerald-ford-the-aircraft-carrier-at-the-center-of-trumps-military-ambitions\/#local-main-place-address"},"geo":{"@type":"GeoCoordinates","latitude":"-24.5361401","longitude":"-52.9921776"},"telephone":["+5544998308235"],"contactPoint":{"@type":"ContactPoint","email":"contato@ubirataonline.com.br"},"openingHoursSpecification":{"@type":"OpeningHoursSpecification","dayOfWeek":["Monday","Tuesday","Wednesday","Thursday","Friday","Saturday","Sunday"],"opens":"00:00","closes":"23:59"},"email":"contato@ubirataonline.com.br","vatID":"47.621.418\/0001-80"},{"@type":"Person","@id":"https:\/\/ubirataonline.com.br\/#\/schema\/person\/372f87bbd3fdd79b8556b84c98d0bc1c","name":"REDA\u00c7\u00c3O: UBIRAT\u00c3 ONLINE - F\u00c1BIO AUGUSTO CELESTINO","pronouns":"Ele","description":"Desde 2003 trabalhando com not\u00edcias.","sameAs":["http:\/\/ubirataoline.com.br","https:\/\/www.facebook.com\/portalubirataonline","https:\/\/www.instagram.com\/ubirataonline_oficial","https:\/\/x.com\/x.com\/ubirataonline"],"honorificPrefix":"Mr.","honorificSuffix":"MD","birthDate":"1980-06-16","gender":"masculino","award":["V\u00e1rios pr\u00eamios de melhor portal da cidade"],"jobTitle":"Diretor","url":"https:\/\/ubirataonline.com.br\/en\/author\/ubirataonline\/"},{"@type":"PostalAddress","@id":"https:\/\/ubirataonline.com.br\/the-record-breaking-trip-of-the-uss-gerald-ford-the-aircraft-carrier-at-the-center-of-trumps-military-ambitions\/#local-main-place-address","streetAddress":"Rua dos Coqueiros, 104 - Bairro Boa Vista, Rua dos Coqueiros, 104 Bairro Boa Vista","addressLocality":"UBIRATA","postalCode":"85440-000","addressRegion":"PR","addressCountry":"BR"},{"@type":"ImageObject","inLanguage":"en-US","@id":"https:\/\/ubirataonline.com.br\/the-record-breaking-trip-of-the-uss-gerald-ford-the-aircraft-carrier-at-the-center-of-trumps-military-ambitions\/#local-main-organization-logo","url":"https:\/\/ubirataonline.com.br\/wp-content\/uploads\/2026\/06\/logoubirataonline-1.webp","contentUrl":"https:\/\/ubirataonline.com.br\/wp-content\/uploads\/2026\/06\/logoubirataonline-1.webp","width":500,"height":500,"caption":"Ubirat\u00e3 Online Not\u00edcias"}]},"geo.placename":"UBIRATA","geo.position":{"lat":"-24.5361401","long":"-52.9921776"},"geo.region":"Brazil"},"_links":{"self":[{"href":"https:\/\/ubirataonline.com.br\/en\/wp-json\/wp\/v2\/posts\/105082","targetHints":{"allow":["GET"]}}],"collection":[{"href":"https:\/\/ubirataonline.com.br\/en\/wp-json\/wp\/v2\/posts"}],"about":[{"href":"https:\/\/ubirataonline.com.br\/en\/wp-json\/wp\/v2\/types\/post"}],"author":[{"embeddable":true,"href":"https:\/\/ubirataonline.com.br\/en\/wp-json\/wp\/v2\/users\/1"}],"replies":[{"embeddable":true,"href":"https:\/\/ubirataonline.com.br\/en\/wp-json\/wp\/v2\/comments?post=105082"}],"version-history":[{"count":0,"href":"https:\/\/ubirataonline.com.br\/en\/wp-json\/wp\/v2\/posts\/105082\/revisions"}],"wp:featuredmedia":[{"embeddable":true,"href":"https:\/\/ubirataonline.com.br\/en\/wp-json\/wp\/v2\/media\/105083"}],"wp:attachment":[{"href":"https:\/\/ubirataonline.com.br\/en\/wp-json\/wp\/v2\/media?parent=105082"}],"wp:term":[{"taxonomy":"category","embeddable":true,"href":"https:\/\/ubirataonline.com.br\/en\/wp-json\/wp\/v2\/categories?post=105082"},{"taxonomy":"post_tag","embeddable":true,"href":"https:\/\/ubirataonline.com.br\/en\/wp-json\/wp\/v2\/tags?post=105082"}],"curies":[{"name":"wp","href":"https:\/\/api.w.org\/{rel}","templated":true}]}}