{"id":105107,"date":"2026-04-12T12:29:06","date_gmt":"2026-04-12T15:29:06","guid":{"rendered":"https:\/\/ubirataonline.com.br\/on-nest-pas-dans-la-forme-de-notre-vie-zoom-sur-le-toulouse-fc-prochain-adversaire-du-losc\/"},"modified":"2026-04-12T12:29:10","modified_gmt":"2026-04-12T15:29:10","slug":"on-nest-pas-dans-la-forme-de-notre-vie-zoom-sur-le-toulouse-fc-prochain-adversaire-du-losc","status":"publish","type":"post","link":"https:\/\/ubirataonline.com.br\/en\/on-nest-pas-dans-la-forme-de-notre-vie-zoom-sur-le-toulouse-fc-prochain-adversaire-du-losc\/","title":{"rendered":"&#8220;On n&#8217;est pas dans la forme de notre vie&#8221; : Zoom sur le Toulouse FC, prochain adversaire du LOSC"},"content":{"rendered":"<p><br \/>\n<\/p>\n<div>\n<p><strong>Ce dimanche \u00e0 17h15, le LOSC se d\u00e9place \u00e0 Toulouse dans<br \/>\nle cadre de la 29e journ\u00e9e de Ligue 1. Partez \u00e0 la d\u00e9couverte de<br \/>\nnotre zoom sur les Occitans.<\/strong><\/p>\n<p>Les Dogues ont pris leur revanche. En battant les Lensois samedi<br \/>\n(3-0), les hommes de Bruno Genesio ont retrouv\u00e9 leur souverainet\u00e9<br \/>\nr\u00e9gionale tout en se relan\u00e7ant dans la course \u00e0 la Ligue des<br \/>\nChampions. D\u00e9sormais 3es, les Lillois ont le Toulouse FC, leur<br \/>\nprochain adversaire, en ligne de mire. Zoom sur les Violets en<br \/>\ncompagnie de Fetra, supporter toulousain et g\u00e9rant de la page<br \/>\n<a href=\"https:\/\/x.com\/monptitef?s=20\"><em>Mon P\u2019tit<br \/>\nTef<\/em><\/a>.<\/p>\n<h2>Tout savoir sur le Toulouse FC<\/h2>\n<p>Dixi\u00e8mes lors du dernier exercice, les Toulousains ont assur\u00e9<br \/>\nl\u2019essentiel en validant leur maintien. Acquise d\u00e8s la 32e journ\u00e9e<br \/>\nde Ligue 1, cette performance a permis aux hommes de Carles<br \/>\nMartinez Novell de se projeter rapidement vers la saison<br \/>\n2025-2026.<\/p>\n<p>L\u2019\u00e9t\u00e9 a toutefois \u00e9t\u00e9 marqu\u00e9 par plusieurs d\u00e9parts notables.<br \/>\nC\u00f4t\u00e9 exp\u00e9rience, Vincent Sierro (Al-Shabab), Zakaria Aboukhlal<br \/>\n(Torino) et Shavy Babicka (\u00c9toile Rouge) ont quitt\u00e9 le club, tout<br \/>\ncomme le prometteur Jaydee Canvot, parti \u00e0 Crystal Palace. En<br \/>\nparall\u00e8le, le TFC a men\u00e9 un mercato coh\u00e9rent avec le contexte<br \/>\n\u00e9conomique du football fran\u00e7ais, enregistrant cinq arriv\u00e9es pour un<br \/>\ntotal d\u2019environ 11,05 millions d\u2019euros. \u00c0 l\u2019issue de ce march\u00e9<br \/>\nestival, les Violets affichent une balance largement positive,<br \/>\nestim\u00e9e \u00e0 31,85 millions d\u2019euros.<\/p>\n<p>La pr\u00e9paration estivale s\u2019est r\u00e9v\u00e9l\u00e9e d\u00e9licate, avec trois<br \/>\nd\u00e9faites et deux nuls, dont une lourde correction inflig\u00e9e par le<br \/>\nRB Leipzig (7-0). Malgr\u00e9 cela, les Toulousains ont bien lanc\u00e9 leur<br \/>\nsaison avec deux succ\u00e8s cons\u00e9cutifs face \u00e0 Nice (0-1) et Brest<br \/>\n(2-0), avant de conna\u00eetre un passage plus compliqu\u00e9 ponctu\u00e9 par<br \/>\ntrois revers face au PSG (3-6), au LOSC (2-1) et \u00e0 Auxerre (1-0).<br \/>\nApr\u00e8s dix journ\u00e9es, ils occupaient la neuvi\u00e8me place avec 14<br \/>\npoints.<\/p>\n<p>Globalement r\u00e9guliers depuis le d\u00e9but de saison, les hommes de<br \/>\nCarles Martinez Novell ont n\u00e9anmoins marqu\u00e9 le pas en f\u00e9vrier, avec<br \/>\nune s\u00e9rie de six matchs sans victoire (deux nuls, quatre d\u00e9faites).<br \/>\nIls ont su r\u00e9agir en mars en s\u2019imposant face \u00e0 Metz (3-4) puis<br \/>\nLorient (1-0), avant de rechuter le week-end dernier contre le<br \/>\nParis Saint-Germain (3-1).<\/p>\n<p>Durant cette p\u00e9riode, les Toulousains ont \u00e9limin\u00e9 l\u2019Olympique de<br \/>\nMarseille en Coupe de France sur la pelouse du Stade V\u00e9lodrome (2-2<br \/>\npuis 3-4 t.a.b). Qualifi\u00e9s en demi-finales, ils d\u00e9fieront le RC<br \/>\nLens, r\u00e9cemment gifl\u00e9 par le LOSC (3-0), sur la pelouse du Stade<br \/>\nF\u00e9lix Bollaert Delelis.<\/p>\n<p>\u00c0 la t\u00eate de l\u2019\u00e9quipe depuis le 1er juillet 2023, Carles<br \/>\nMartinez Novell continue de fa\u00e7onner cet effectif. En 114 matchs<br \/>\ndirig\u00e9s, le technicien espagnol pr\u00e9sente un bilan de 42 victoires,<br \/>\n29 nuls et 43 d\u00e9faites, soit une moyenne de 1,36 point par<br \/>\nrencontre.<\/p>\n<h2>Irr\u00e9gularit\u00e9 en Occitanie<\/h2>\n<p>La dynamique reste contrast\u00e9e du c\u00f4t\u00e9 toulousain, entre signaux<br \/>\nencourageants et limites persistantes dans le jeu. Malgr\u00e9 la<br \/>\nr\u00e9cente d\u00e9faite sur la pelouse du Paris Saint-Germain, Fetra<br \/>\nretient du positif. <em>\u00ab\u00a0On sort d\u2019une d\u00e9faite 3-1 au Parc<br \/>\ndes Princes face au PSG mais on n\u2019a franchement pas \u00e9t\u00e9<br \/>\nridicule\u00a0\u00bb<\/em>, confie-t-il tout en soulignant l\u2019\u00e9tat<br \/>\nd\u2019esprit affich\u00e9 par son \u00e9quipe face \u00e0 un adversaire de tr\u00e8s haut<br \/>\nniveau.<\/p>\n<blockquote>\n<p><em style=\"text-align: center;\">\u00ab\u00a0On a eu une p\u00e9riode tr\u00e8s<br \/>\ncompliqu\u00e9e en f\u00e9vrier\u00a0\u00bb<\/em><\/p>\n<\/blockquote>\n<p>Le principal point noir reste toutefois la difficult\u00e9 \u00e0<br \/>\nconstruire et \u00e0 se montrer dangereux sur la dur\u00e9e. <em>\u00ab\u00a0On a<br \/>\ndes difficult\u00e9s \u00e0 cr\u00e9er du jeu m\u00eame si on peut proposer par moments<br \/>\ndes s\u00e9quences int\u00e9ressantes\u00a0\u00bb<\/em>, analyse-t-il, \u00e9voquant une<br \/>\nirr\u00e9gularit\u00e9 dans les performances offensives. Une tendance qui<br \/>\ns\u2019inscrit dans un contexte plus large, marqu\u00e9 par un passage \u00e0 vide<br \/>\nau c\u0153ur de l\u2019hiver : <em>\u00ab\u00a0On a eu une p\u00e9riode tr\u00e8s compliqu\u00e9e<br \/>\nen f\u00e9vrier mais on a sorti un peu la t\u00eate de l\u2019eau.\u00a0\u00bb<\/em><\/p>\n<p>Cette embellie relative s\u2019explique notamment par des r\u00e9sultats<br \/>\nr\u00e9cents positifs, \u00e0 d\u00e9faut d\u2019\u00eatre spectaculaires. <em>\u00ab\u00a0La<br \/>\nqualification face \u00e0 l\u2019OM en quarts de finale de Coupe de France et<br \/>\nces deux victoires contre Metz et Lorient nous ont fait du<br \/>\nbien\u00a0\u00bb,<\/em> explique Fetra, malgr\u00e9 tout lucide sur la<br \/>\nmani\u00e8re. <em>\u00ab\u00a0C\u2019\u00e9tait loin d\u2019\u00eatre flamboyant mais ces<br \/>\nvictoires ont \u00e9t\u00e9 utiles pour la confiance des<br \/>\njoueurs.\u00a0\u00bb<\/em><\/p>\n<p>Sans s\u2019enflammer, le supporter toulousain veut croire \u00e0 une<br \/>\nprogression graduelle. <em>\u00ab\u00a0On n\u2019est pas dans la forme de<br \/>\nnotre vie mais on monte petit \u00e0 petit\u00a0\u00bb,<\/em> estime-t-il,<br \/>\navant de rappeler l\u2019objectif principal \u00e0 court terme : la Coupe de<br \/>\nFrance <em>\u00ab\u00a0Et l\u2019objectif reste surtout de performer le 21<br \/>\navril contre vos voisins !\u00a0\u00bb<\/em><\/p>\n<h2>Des points forts et des lacunes<\/h2>\n<p>Sur le plan offensif, Fetra pointe un manque criant d\u2019efficacit\u00e9<br \/>\net de cr\u00e9ativit\u00e9 dans le jeu. <em>\u00ab\u00a0\u00c0 moins d\u2019un exploit<br \/>\nindividuel ou d\u2019un coup de pied arr\u00eat\u00e9, j\u2019ai l\u2019impression qu\u2019on<br \/>\npeut jouer longtemps sans marquer.\u00a0\u00bb<\/em> Un axe de<br \/>\nprogression clair se d\u00e9gage pour cette fin de saison<em>. \u00ab\u00a0Si<br \/>\non veut faire bonne figure, notamment en Coupe de France, il faudra<br \/>\nam\u00e9liorer notre finition et notre capacit\u00e9 \u00e0 se cr\u00e9er des actions<br \/>\ndangereuses dans le jeu.\u00a0\u00bb<\/em><\/p>\n<blockquote>\n<p><em style=\"text-align: center;\">\u00ab\u00a0On a fait de belles<br \/>\nerreurs contre le PSG ou Metz\u00a0\u00bb<\/em><\/p>\n<\/blockquote>\n<p>Derri\u00e8re, le constat est plus nuanc\u00e9. Longtemps consid\u00e9r\u00e9e comme<br \/>\nun point fort, la solidit\u00e9 d\u00e9fensive a r\u00e9cemment montr\u00e9 des signes<br \/>\nde f\u00e9brilit\u00e9. <em>\u00ab\u00a0J\u2019aurais bien dit la d\u00e9fense, mais on a<br \/>\nfait de belles erreurs contre le PSG et Metz\u00a0\u00bb<\/em>,<br \/>\nreconna\u00eet-il, en esp\u00e9rant un retour important pour stabiliser<br \/>\nl\u2019arri\u00e8re-garde. <em>\u00ab\u00a0J\u2019esp\u00e8re qu\u2019on aura le retour de<br \/>\nCharlie Cresswell, absent depuis quatre matchs.\u00a0\u00bb<\/em><\/p>\n<p>Dans ce contexte, c\u2019est finalement l\u2019intensit\u00e9 sans ballon qui<br \/>\nressort comme la principale arme du TFC. <em>\u00ab\u00a0Notre pressing<br \/>\net nos r\u00e9cup\u00e9rations hautes sont nos points forts\u00a0\u00bb<\/em>,<br \/>\naffirme Fetra, conscient que ces phases peuvent rapidement faire<br \/>\nbasculer un match. <em>\u00ab\u00a0Si Lille tergiverse \u00e0 la relance, un<br \/>\ndanger peut se pr\u00e9senter\u00a0\u00bb<\/em>, pr\u00e9vient-il, tout en<br \/>\nreconnaissant la qualit\u00e9 technique adverse. <em>\u00ab\u00a0M\u00eame si des<br \/>\njoueurs comme Bouaddi, Bentaleb ou Andr\u00e9 ont les qualit\u00e9s pour s\u2019en<br \/>\nsortir\u2026 on sait qu\u2019il suffit d\u2019une seule erreur.\u00a0\u00bb<\/em><\/p>\n<blockquote>\n<p><em>\u00ab\u00a0Yann Gboho peut avoir cet \u00e9clair de<br \/>\ng\u00e9nie\u00a0\u00bb<\/em><\/p>\n<\/blockquote>\n<h2>Yann Gboho, le feu follet des Violets<\/h2>\n<p>C\u00f4t\u00e9 toulousain, le regard se tourne naturellement vers un<br \/>\njoueur capable de faire basculer la rencontre \u00e0 lui seul. Sans<br \/>\nsurprise, Fetra mise sur son virtuose. <em>\u00ab\u00a0Je ne vais pas<br \/>\n\u00eatre original, je dirais Yann Gboho\u00a0\u00bb.<\/em><\/p>\n<p>Appr\u00e9ci\u00e9 pour sa cr\u00e9ativit\u00e9 et sa capacit\u00e9 \u00e0 \u00e9liminer, Gboho<br \/>\nincarne justement ce facteur X qui manque parfois dans le jeu<br \/>\ncollectif du TFC. <em>\u00ab\u00a0Il peut avoir cet \u00e9clair de g\u00e9nie, ce<br \/>\ndribble ou cette passe qui va amener un but\u00a0\u00bb,<\/em> souligne<br \/>\nle supporter, qui voit en lui l\u2019un des principaux dangers pour la<br \/>\nd\u00e9fense lilloise.<\/p>\n<\/div>\n<p><br \/>\n<br \/><a href=\"https:\/\/lepetitlillois.com\/2026\/04\/12\/on-nest-pas-dans-la-forme-de-notre-vie-zoom-sur-le-toulouse-fc-prochain-adversaire-du-losc\/\">Source link <\/a><\/p>","protected":false},"excerpt":{"rendered":"<p>Ce dimanche \u00e0 17h15, le LOSC se d\u00e9place \u00e0 Toulouse dans le cadre de la 29e journ\u00e9e de Ligue 1. Partez \u00e0 la d\u00e9couverte de notre zoom sur les Occitans. Les Dogues ont pris leur revanche. En battant les Lensois samedi (3-0), les hommes de Bruno Genesio ont retrouv\u00e9 leur souverainet\u00e9 r\u00e9gionale tout en se [&hellip;]<\/p>\n","protected":false},"author":1,"featured_media":105108,"comment_status":"closed","ping_status":"","sticky":false,"template":"","format":"standard","meta":{"googlesitekit_rrm_CAow2JLhCw:productID":"","_gspb_post_css":"","maa_idioma":"","maa_pais":"","footnotes":""},"categories":[2725],"tags":[21007,11274,27366,7591,27365,8689,17360,21006,9023,20872,22168,10417],"class_list":["post-105107","post","type-post","status-publish","format-standard","has-post-thumbnail","hentry","category-europe","tag-adversaire","tag-dans","tag-forme","tag-losc","tag-nest","tag-notre","tag-pas","tag-prochain","tag-sur","tag-toulouse","tag-vie","tag-zoom"],"blocksy_meta":[],"yoast_head":"<!-- This site is optimized with the Yoast SEO Premium plugin v27.6 (Yoast SEO v27.6) - https:\/\/yoast.com\/product\/yoast-seo-premium-wordpress\/ -->\n<title>&quot;On n&#039;est pas dans la forme de notre vie&quot; : Zoom sur le Toulouse FC, prochain adversaire du LOSC - Ubirat\u00e3 Online Not\u00edcias - A realidade ao seu alcance!<\/title>\n<meta name=\"description\" content=\"Ce dimanche \u00e0 17h15, le LOSC se d\u00e9place \u00e0 Toulouse dans le cadre de la 29e journ\u00e9e de Ligue 1. Partez \u00e0 la d\u00e9couverte de notre zoom sur les Occitans. Les\" \/>\n<meta name=\"robots\" content=\"index, follow, max-snippet:-1, max-image-preview:large, max-video-preview:-1\" \/>\n<link rel=\"canonical\" href=\"https:\/\/ubirataonline.com.br\/en\/on-nest-pas-dans-la-forme-de-notre-vie-zoom-sur-le-toulouse-fc-prochain-adversaire-du-losc\/\" \/>\n<meta property=\"og:locale\" content=\"en_US\" \/>\n<meta property=\"og:type\" content=\"article\" \/>\n<meta property=\"og:title\" content=\"&quot;On n&#039;est pas dans la forme de notre vie&quot; : Zoom sur le Toulouse FC, prochain adversaire du LOSC\" \/>\n<meta property=\"og:description\" content=\"Ce dimanche \u00e0 17h15, le LOSC se d\u00e9place \u00e0 Toulouse dans le cadre de la 29e journ\u00e9e de Ligue 1. Partez \u00e0 la d\u00e9couverte de notre zoom sur les Occitans. Les\" \/>\n<meta property=\"og:url\" content=\"https:\/\/ubirataonline.com.br\/en\/on-nest-pas-dans-la-forme-de-notre-vie-zoom-sur-le-toulouse-fc-prochain-adversaire-du-losc\/\" \/>\n<meta property=\"og:site_name\" content=\"Ubirat\u00e3 Online Not\u00edcias - A realidade ao seu alcance!\" \/>\n<meta property=\"article:publisher\" content=\"https:\/\/www.facebook.com\/portalubirataonline\" \/>\n<meta property=\"article:author\" content=\"https:\/\/www.facebook.com\/portalubirataonline\" \/>\n<meta property=\"article:published_time\" content=\"2026-04-12T15:29:06+00:00\" \/>\n<meta property=\"article:modified_time\" content=\"2026-04-12T15:29:10+00:00\" \/>\n<meta property=\"og:image\" content=\"https:\/\/ubirataonline.com.br\/wp-content\/uploads\/2026\/04\/On-nest-pas-dans-la-forme-de-notre-vie.jpeg\" \/>\n\t<meta property=\"og:image:width\" content=\"1500\" \/>\n\t<meta property=\"og:image:height\" content=\"1000\" \/>\n\t<meta property=\"og:image:type\" content=\"image\/jpeg\" \/>\n<meta name=\"author\" content=\"REDA\u00c7\u00c3O: UBIRAT\u00c3 ONLINE - F\u00c1BIO AUGUSTO CELESTINO\" \/>\n<meta name=\"twitter:card\" content=\"summary_large_image\" \/>\n<meta name=\"twitter:creator\" content=\"@x.com\/ubirataonline\" \/>\n<meta name=\"twitter:site\" content=\"@ubirataonline\" \/>\n<meta name=\"twitter:label1\" content=\"Written by\" \/>\n\t<meta name=\"twitter:data1\" content=\"REDA\u00c7\u00c3O: UBIRAT\u00c3 ONLINE - F\u00c1BIO AUGUSTO CELESTINO\" \/>\n\t<meta name=\"twitter:label2\" content=\"Est. reading time\" \/>\n\t<meta name=\"twitter:data2\" content=\"6 minutes\" \/>\n<script type=\"application\/ld+json\" class=\"yoast-schema-graph\">{\"@context\":\"https:\\\/\\\/schema.org\",\"@graph\":[{\"@type\":\"NewsArticle\",\"@id\":\"https:\\\/\\\/ubirataonline.com.br\\\/on-nest-pas-dans-la-forme-de-notre-vie-zoom-sur-le-toulouse-fc-prochain-adversaire-du-losc\\\/#article\",\"isPartOf\":{\"@id\":\"https:\\\/\\\/ubirataonline.com.br\\\/on-nest-pas-dans-la-forme-de-notre-vie-zoom-sur-le-toulouse-fc-prochain-adversaire-du-losc\\\/\"},\"author\":{\"name\":\"REDA\u00c7\u00c3O: UBIRAT\u00c3 ONLINE - F\u00c1BIO AUGUSTO CELESTINO\",\"@id\":\"https:\\\/\\\/ubirataonline.com.br\\\/#\\\/schema\\\/person\\\/372f87bbd3fdd79b8556b84c98d0bc1c\"},\"headline\":\"&#8220;On n&#8217;est pas dans la forme de notre vie&#8221; : Zoom sur le Toulouse FC, prochain adversaire du LOSC\",\"datePublished\":\"2026-04-12T15:29:06+00:00\",\"dateModified\":\"2026-04-12T15:29:10+00:00\",\"mainEntityOfPage\":{\"@id\":\"https:\\\/\\\/ubirataonline.com.br\\\/on-nest-pas-dans-la-forme-de-notre-vie-zoom-sur-le-toulouse-fc-prochain-adversaire-du-losc\\\/\"},\"wordCount\":1194,\"publisher\":{\"@id\":\"https:\\\/\\\/ubirataonline.com.br\\\/#organization\"},\"image\":{\"@id\":\"https:\\\/\\\/ubirataonline.com.br\\\/on-nest-pas-dans-la-forme-de-notre-vie-zoom-sur-le-toulouse-fc-prochain-adversaire-du-losc\\\/#primaryimage\"},\"thumbnailUrl\":\"https:\\\/\\\/ubirataonline.com.br\\\/wp-content\\\/uploads\\\/2026\\\/04\\\/On-nest-pas-dans-la-forme-de-notre-vie.jpeg\",\"keywords\":[\"adversaire\",\"dans\",\"forme\",\"LOSC\",\"nest\",\"Notre\",\"pas\",\"prochain\",\"sur\",\"Toulouse\",\"vie\",\"zoom\"],\"articleSection\":[\"Europe\"],\"inLanguage\":\"en-US\",\"copyrightYear\":\"2026\",\"copyrightHolder\":{\"@id\":\"https:\\\/\\\/ubirataonline.com.br\\\/en\\\/#organization\"}},{\"@type\":\"WebPage\",\"@id\":\"https:\\\/\\\/ubirataonline.com.br\\\/on-nest-pas-dans-la-forme-de-notre-vie-zoom-sur-le-toulouse-fc-prochain-adversaire-du-losc\\\/\",\"url\":\"https:\\\/\\\/ubirataonline.com.br\\\/on-nest-pas-dans-la-forme-de-notre-vie-zoom-sur-le-toulouse-fc-prochain-adversaire-du-losc\\\/\",\"name\":\"\\\"On n'est pas dans la forme de notre vie\\\" : Zoom sur le Toulouse FC, prochain adversaire du LOSC - Ubirat\u00e3 Online Not\u00edcias - A realidade ao seu alcance!\",\"isPartOf\":{\"@id\":\"https:\\\/\\\/ubirataonline.com.br\\\/#website\"},\"primaryImageOfPage\":{\"@id\":\"https:\\\/\\\/ubirataonline.com.br\\\/on-nest-pas-dans-la-forme-de-notre-vie-zoom-sur-le-toulouse-fc-prochain-adversaire-du-losc\\\/#primaryimage\"},\"image\":{\"@id\":\"https:\\\/\\\/ubirataonline.com.br\\\/on-nest-pas-dans-la-forme-de-notre-vie-zoom-sur-le-toulouse-fc-prochain-adversaire-du-losc\\\/#primaryimage\"},\"thumbnailUrl\":\"https:\\\/\\\/ubirataonline.com.br\\\/wp-content\\\/uploads\\\/2026\\\/04\\\/On-nest-pas-dans-la-forme-de-notre-vie.jpeg\",\"datePublished\":\"2026-04-12T15:29:06+00:00\",\"dateModified\":\"2026-04-12T15:29:10+00:00\",\"description\":\"Ce dimanche \u00e0 17h15, le LOSC se d\u00e9place \u00e0 Toulouse dans le cadre de la 29e journ\u00e9e de Ligue 1. Partez \u00e0 la d\u00e9couverte de notre zoom sur les Occitans. Les\",\"breadcrumb\":{\"@id\":\"https:\\\/\\\/ubirataonline.com.br\\\/on-nest-pas-dans-la-forme-de-notre-vie-zoom-sur-le-toulouse-fc-prochain-adversaire-du-losc\\\/#breadcrumb\"},\"inLanguage\":\"en-US\",\"potentialAction\":[{\"@type\":\"ReadAction\",\"target\":[\"https:\\\/\\\/ubirataonline.com.br\\\/on-nest-pas-dans-la-forme-de-notre-vie-zoom-sur-le-toulouse-fc-prochain-adversaire-du-losc\\\/\"]}]},{\"@type\":\"ImageObject\",\"inLanguage\":\"en-US\",\"@id\":\"https:\\\/\\\/ubirataonline.com.br\\\/on-nest-pas-dans-la-forme-de-notre-vie-zoom-sur-le-toulouse-fc-prochain-adversaire-du-losc\\\/#primaryimage\",\"url\":\"https:\\\/\\\/ubirataonline.com.br\\\/wp-content\\\/uploads\\\/2026\\\/04\\\/On-nest-pas-dans-la-forme-de-notre-vie.jpeg\",\"contentUrl\":\"https:\\\/\\\/ubirataonline.com.br\\\/wp-content\\\/uploads\\\/2026\\\/04\\\/On-nest-pas-dans-la-forme-de-notre-vie.jpeg\",\"width\":1500,\"height\":1000,\"caption\":\"\\\"On n'est pas dans la forme de notre vie\\\" : Zoom sur le Toulouse FC, prochain adversaire du LOSC\"},{\"@type\":\"BreadcrumbList\",\"@id\":\"https:\\\/\\\/ubirataonline.com.br\\\/on-nest-pas-dans-la-forme-de-notre-vie-zoom-sur-le-toulouse-fc-prochain-adversaire-du-losc\\\/#breadcrumb\",\"itemListElement\":[{\"@type\":\"ListItem\",\"position\":1,\"name\":\"In\u00edcio\",\"item\":\"https:\\\/\\\/ubirataonline.com.br\\\/\"},{\"@type\":\"ListItem\",\"position\":2,\"name\":\"&#8220;On n&#8217;est pas dans la forme de notre vie&#8221; : Zoom sur le Toulouse FC, prochain adversaire du LOSC\"}]},{\"@type\":\"WebSite\",\"@id\":\"https:\\\/\\\/ubirataonline.com.br\\\/#website\",\"url\":\"https:\\\/\\\/ubirataonline.com.br\\\/\",\"name\":\"Ubirat\u00e3 Online Not\u00edcias\",\"description\":\"Not\u00edcias de Ubirat\u00e3, regi\u00e3o, Brasil e mundo, com informa\u00e7\u00e3o atualizada e compromisso com o leitor.\",\"publisher\":{\"@id\":\"https:\\\/\\\/ubirataonline.com.br\\\/#organization\"},\"alternateName\":\"Ubirat\u00e3 Online\",\"potentialAction\":[{\"@type\":\"SearchAction\",\"target\":{\"@type\":\"EntryPoint\",\"urlTemplate\":\"https:\\\/\\\/ubirataonline.com.br\\\/?s={search_term_string}\"},\"query-input\":{\"@type\":\"PropertyValueSpecification\",\"valueRequired\":true,\"valueName\":\"search_term_string\"}}],\"inLanguage\":\"en-US\"},{\"@type\":[\"Organization\",\"Place\"],\"@id\":\"https:\\\/\\\/ubirataonline.com.br\\\/#organization\",\"name\":\"Ubirat\u00e3 Online Not\u00edcias\",\"alternateName\":\"Ubirat\u00e3 Online\",\"url\":\"https:\\\/\\\/ubirataonline.com.br\\\/\",\"logo\":{\"@id\":\"https:\\\/\\\/ubirataonline.com.br\\\/on-nest-pas-dans-la-forme-de-notre-vie-zoom-sur-le-toulouse-fc-prochain-adversaire-du-losc\\\/#local-main-organization-logo\"},\"image\":{\"@id\":\"https:\\\/\\\/ubirataonline.com.br\\\/on-nest-pas-dans-la-forme-de-notre-vie-zoom-sur-le-toulouse-fc-prochain-adversaire-du-losc\\\/#local-main-organization-logo\"},\"sameAs\":[\"https:\\\/\\\/www.facebook.com\\\/portalubirataonline\",\"https:\\\/\\\/x.com\\\/ubirataonline\",\"https:\\\/\\\/mastodon.social\\\/@ubirataonline\",\"https:\\\/\\\/www.facebook.com\\\/groups\\\/311144672285604\",\"https:\\\/\\\/www.facebook.com\\\/UBTAOnline\",\"https:\\\/\\\/www.instagram.com\\\/portalubirataonline\\\/\",\"https:\\\/\\\/twitter.com\\\/ubirataonline\"],\"description\":\"Somos um portal de not\u00edcias independente, criado em 5 de janeiro de 2009, com o objetivo de informar, conectar e valorizar a nossa comunidade de Ubirat\u00e3 e toda aregi\u00e3o. Com conte\u00fado atualizado, confi\u00e1vel e relevante, o Ubirat\u00e3 Online \u00e9 o seu espa\u00e7o para ficar por dentro dos principais acontecimentos locais, regionais, Brasil, Mundo e de interesse geral. Nosso compromisso \u00e9 com a verdade, a transpar\u00eancia e o respeito ao leitor.\",\"legalName\":\"UBIRATA ONLINE NOT\u00cdCIAS\",\"foundingDate\":\"2009-01-05\",\"numberOfEmployees\":{\"@type\":\"QuantitativeValue\",\"minValue\":\"1\",\"maxValue\":\"10\"},\"publishingPrinciples\":\"https:\\\/\\\/ubirataonline.com.br\\\/faq\\\/\",\"address\":{\"@id\":\"https:\\\/\\\/ubirataonline.com.br\\\/on-nest-pas-dans-la-forme-de-notre-vie-zoom-sur-le-toulouse-fc-prochain-adversaire-du-losc\\\/#local-main-place-address\"},\"geo\":{\"@type\":\"GeoCoordinates\",\"latitude\":\"-24.5361401\",\"longitude\":\"-52.9921776\"},\"telephone\":[\"+5544998308235\"],\"contactPoint\":{\"@type\":\"ContactPoint\",\"email\":\"contato@ubirataonline.com.br\"},\"openingHoursSpecification\":{\"@type\":\"OpeningHoursSpecification\",\"dayOfWeek\":[\"Monday\",\"Tuesday\",\"Wednesday\",\"Thursday\",\"Friday\",\"Saturday\",\"Sunday\"],\"opens\":\"00:00\",\"closes\":\"23:59\"},\"email\":\"contato@ubirataonline.com.br\",\"vatID\":\"47.621.418\\\/0001-80\"},{\"@type\":\"Person\",\"@id\":\"https:\\\/\\\/ubirataonline.com.br\\\/#\\\/schema\\\/person\\\/372f87bbd3fdd79b8556b84c98d0bc1c\",\"name\":\"REDA\u00c7\u00c3O: UBIRAT\u00c3 ONLINE - F\u00c1BIO AUGUSTO CELESTINO\",\"pronouns\":\"Ele\",\"description\":\"Desde 2003 trabalhando com not\u00edcias.\",\"sameAs\":[\"http:\\\/\\\/ubirataoline.com.br\",\"https:\\\/\\\/www.facebook.com\\\/portalubirataonline\",\"https:\\\/\\\/www.instagram.com\\\/ubirataonline_oficial\",\"https:\\\/\\\/x.com\\\/x.com\\\/ubirataonline\"],\"honorificPrefix\":\"Mr.\",\"honorificSuffix\":\"MD\",\"birthDate\":\"1980-06-16\",\"gender\":\"masculino\",\"award\":[\"V\u00e1rios pr\u00eamios de melhor portal da cidade\"],\"jobTitle\":\"Diretor\",\"url\":\"https:\\\/\\\/ubirataonline.com.br\\\/en\\\/author\\\/ubirataonline\\\/\"},{\"@type\":\"PostalAddress\",\"@id\":\"https:\\\/\\\/ubirataonline.com.br\\\/on-nest-pas-dans-la-forme-de-notre-vie-zoom-sur-le-toulouse-fc-prochain-adversaire-du-losc\\\/#local-main-place-address\",\"streetAddress\":\"Rua dos Coqueiros, 104 - Bairro Boa Vista, Rua dos Coqueiros, 104 Bairro Boa Vista\",\"addressLocality\":\"UBIRATA\",\"postalCode\":\"85440-000\",\"addressRegion\":\"PR\",\"addressCountry\":\"BR\"},{\"@type\":\"ImageObject\",\"inLanguage\":\"en-US\",\"@id\":\"https:\\\/\\\/ubirataonline.com.br\\\/on-nest-pas-dans-la-forme-de-notre-vie-zoom-sur-le-toulouse-fc-prochain-adversaire-du-losc\\\/#local-main-organization-logo\",\"url\":\"https:\\\/\\\/ubirataonline.com.br\\\/wp-content\\\/uploads\\\/2026\\\/06\\\/logoubirataonline-1.webp\",\"contentUrl\":\"https:\\\/\\\/ubirataonline.com.br\\\/wp-content\\\/uploads\\\/2026\\\/06\\\/logoubirataonline-1.webp\",\"width\":500,\"height\":500,\"caption\":\"Ubirat\u00e3 Online Not\u00edcias\"}]}<\/script>\n<meta name=\"geo.placename\" content=\"UBIRATA\" \/>\n<meta name=\"geo.position\" content=\"-24.5361401;-52.9921776\" \/>\n<meta name=\"geo.region\" content=\"Brazil\" \/>\n<!-- \/ Yoast SEO Premium plugin. -->","yoast_head_json":{"title":"\"On n'est pas dans la forme de notre vie\" : Zoom sur le Toulouse FC, prochain adversaire du LOSC - Ubirat\u00e3 Online Not\u00edcias - A realidade ao seu alcance!","description":"Ce dimanche \u00e0 17h15, le LOSC se d\u00e9place \u00e0 Toulouse dans le cadre de la 29e journ\u00e9e de Ligue 1. Partez \u00e0 la d\u00e9couverte de notre zoom sur les Occitans. Les","robots":{"index":"index","follow":"follow","max-snippet":"max-snippet:-1","max-image-preview":"max-image-preview:large","max-video-preview":"max-video-preview:-1"},"canonical":"https:\/\/ubirataonline.com.br\/en\/on-nest-pas-dans-la-forme-de-notre-vie-zoom-sur-le-toulouse-fc-prochain-adversaire-du-losc\/","og_locale":"en_US","og_type":"article","og_title":"\"On n'est pas dans la forme de notre vie\" : Zoom sur le Toulouse FC, prochain adversaire du LOSC","og_description":"Ce dimanche \u00e0 17h15, le LOSC se d\u00e9place \u00e0 Toulouse dans le cadre de la 29e journ\u00e9e de Ligue 1. Partez \u00e0 la d\u00e9couverte de notre zoom sur les Occitans. Les","og_url":"https:\/\/ubirataonline.com.br\/en\/on-nest-pas-dans-la-forme-de-notre-vie-zoom-sur-le-toulouse-fc-prochain-adversaire-du-losc\/","og_site_name":"Ubirat\u00e3 Online Not\u00edcias - A realidade ao seu alcance!","article_publisher":"https:\/\/www.facebook.com\/portalubirataonline","article_author":"https:\/\/www.facebook.com\/portalubirataonline","article_published_time":"2026-04-12T15:29:06+00:00","article_modified_time":"2026-04-12T15:29:10+00:00","og_image":[{"width":1500,"height":1000,"url":"https:\/\/ubirataonline.com.br\/wp-content\/uploads\/2026\/04\/On-nest-pas-dans-la-forme-de-notre-vie.jpeg","type":"image\/jpeg"}],"author":"REDA\u00c7\u00c3O: UBIRAT\u00c3 ONLINE - F\u00c1BIO AUGUSTO CELESTINO","twitter_card":"summary_large_image","twitter_creator":"@x.com\/ubirataonline","twitter_site":"@ubirataonline","twitter_misc":{"Written by":"REDA\u00c7\u00c3O: UBIRAT\u00c3 ONLINE - F\u00c1BIO AUGUSTO CELESTINO","Est. reading time":"6 minutes"},"schema":{"@context":"https:\/\/schema.org","@graph":[{"@type":"NewsArticle","@id":"https:\/\/ubirataonline.com.br\/on-nest-pas-dans-la-forme-de-notre-vie-zoom-sur-le-toulouse-fc-prochain-adversaire-du-losc\/#article","isPartOf":{"@id":"https:\/\/ubirataonline.com.br\/on-nest-pas-dans-la-forme-de-notre-vie-zoom-sur-le-toulouse-fc-prochain-adversaire-du-losc\/"},"author":{"name":"REDA\u00c7\u00c3O: UBIRAT\u00c3 ONLINE - F\u00c1BIO AUGUSTO CELESTINO","@id":"https:\/\/ubirataonline.com.br\/#\/schema\/person\/372f87bbd3fdd79b8556b84c98d0bc1c"},"headline":"&#8220;On n&#8217;est pas dans la forme de notre vie&#8221; : Zoom sur le Toulouse FC, prochain adversaire du LOSC","datePublished":"2026-04-12T15:29:06+00:00","dateModified":"2026-04-12T15:29:10+00:00","mainEntityOfPage":{"@id":"https:\/\/ubirataonline.com.br\/on-nest-pas-dans-la-forme-de-notre-vie-zoom-sur-le-toulouse-fc-prochain-adversaire-du-losc\/"},"wordCount":1194,"publisher":{"@id":"https:\/\/ubirataonline.com.br\/#organization"},"image":{"@id":"https:\/\/ubirataonline.com.br\/on-nest-pas-dans-la-forme-de-notre-vie-zoom-sur-le-toulouse-fc-prochain-adversaire-du-losc\/#primaryimage"},"thumbnailUrl":"https:\/\/ubirataonline.com.br\/wp-content\/uploads\/2026\/04\/On-nest-pas-dans-la-forme-de-notre-vie.jpeg","keywords":["adversaire","dans","forme","LOSC","nest","Notre","pas","prochain","sur","Toulouse","vie","zoom"],"articleSection":["Europe"],"inLanguage":"en-US","copyrightYear":"2026","copyrightHolder":{"@id":"https:\/\/ubirataonline.com.br\/en\/#organization"}},{"@type":"WebPage","@id":"https:\/\/ubirataonline.com.br\/on-nest-pas-dans-la-forme-de-notre-vie-zoom-sur-le-toulouse-fc-prochain-adversaire-du-losc\/","url":"https:\/\/ubirataonline.com.br\/on-nest-pas-dans-la-forme-de-notre-vie-zoom-sur-le-toulouse-fc-prochain-adversaire-du-losc\/","name":"\"On n'est pas dans la forme de notre vie\" : Zoom sur le Toulouse FC, prochain adversaire du LOSC - Ubirat\u00e3 Online Not\u00edcias - A realidade ao seu alcance!","isPartOf":{"@id":"https:\/\/ubirataonline.com.br\/#website"},"primaryImageOfPage":{"@id":"https:\/\/ubirataonline.com.br\/on-nest-pas-dans-la-forme-de-notre-vie-zoom-sur-le-toulouse-fc-prochain-adversaire-du-losc\/#primaryimage"},"image":{"@id":"https:\/\/ubirataonline.com.br\/on-nest-pas-dans-la-forme-de-notre-vie-zoom-sur-le-toulouse-fc-prochain-adversaire-du-losc\/#primaryimage"},"thumbnailUrl":"https:\/\/ubirataonline.com.br\/wp-content\/uploads\/2026\/04\/On-nest-pas-dans-la-forme-de-notre-vie.jpeg","datePublished":"2026-04-12T15:29:06+00:00","dateModified":"2026-04-12T15:29:10+00:00","description":"Ce dimanche \u00e0 17h15, le LOSC se d\u00e9place \u00e0 Toulouse dans le cadre de la 29e journ\u00e9e de Ligue 1. Partez \u00e0 la d\u00e9couverte de notre zoom sur les Occitans. Les","breadcrumb":{"@id":"https:\/\/ubirataonline.com.br\/on-nest-pas-dans-la-forme-de-notre-vie-zoom-sur-le-toulouse-fc-prochain-adversaire-du-losc\/#breadcrumb"},"inLanguage":"en-US","potentialAction":[{"@type":"ReadAction","target":["https:\/\/ubirataonline.com.br\/on-nest-pas-dans-la-forme-de-notre-vie-zoom-sur-le-toulouse-fc-prochain-adversaire-du-losc\/"]}]},{"@type":"ImageObject","inLanguage":"en-US","@id":"https:\/\/ubirataonline.com.br\/on-nest-pas-dans-la-forme-de-notre-vie-zoom-sur-le-toulouse-fc-prochain-adversaire-du-losc\/#primaryimage","url":"https:\/\/ubirataonline.com.br\/wp-content\/uploads\/2026\/04\/On-nest-pas-dans-la-forme-de-notre-vie.jpeg","contentUrl":"https:\/\/ubirataonline.com.br\/wp-content\/uploads\/2026\/04\/On-nest-pas-dans-la-forme-de-notre-vie.jpeg","width":1500,"height":1000,"caption":"\"On n'est pas dans la forme de notre vie\" : Zoom sur le Toulouse FC, prochain adversaire du LOSC"},{"@type":"BreadcrumbList","@id":"https:\/\/ubirataonline.com.br\/on-nest-pas-dans-la-forme-de-notre-vie-zoom-sur-le-toulouse-fc-prochain-adversaire-du-losc\/#breadcrumb","itemListElement":[{"@type":"ListItem","position":1,"name":"In\u00edcio","item":"https:\/\/ubirataonline.com.br\/"},{"@type":"ListItem","position":2,"name":"&#8220;On n&#8217;est pas dans la forme de notre vie&#8221; : Zoom sur le Toulouse FC, prochain adversaire du LOSC"}]},{"@type":"WebSite","@id":"https:\/\/ubirataonline.com.br\/#website","url":"https:\/\/ubirataonline.com.br\/","name":"Ubirat\u00e3 Online Not\u00edcias","description":"Not\u00edcias de Ubirat\u00e3, regi\u00e3o, Brasil e mundo, com informa\u00e7\u00e3o atualizada e compromisso com o leitor.","publisher":{"@id":"https:\/\/ubirataonline.com.br\/#organization"},"alternateName":"Ubirat\u00e3 Online","potentialAction":[{"@type":"SearchAction","target":{"@type":"EntryPoint","urlTemplate":"https:\/\/ubirataonline.com.br\/?s={search_term_string}"},"query-input":{"@type":"PropertyValueSpecification","valueRequired":true,"valueName":"search_term_string"}}],"inLanguage":"en-US"},{"@type":["Organization","Place"],"@id":"https:\/\/ubirataonline.com.br\/#organization","name":"Ubirat\u00e3 Online Not\u00edcias","alternateName":"Ubirat\u00e3 Online","url":"https:\/\/ubirataonline.com.br\/","logo":{"@id":"https:\/\/ubirataonline.com.br\/on-nest-pas-dans-la-forme-de-notre-vie-zoom-sur-le-toulouse-fc-prochain-adversaire-du-losc\/#local-main-organization-logo"},"image":{"@id":"https:\/\/ubirataonline.com.br\/on-nest-pas-dans-la-forme-de-notre-vie-zoom-sur-le-toulouse-fc-prochain-adversaire-du-losc\/#local-main-organization-logo"},"sameAs":["https:\/\/www.facebook.com\/portalubirataonline","https:\/\/x.com\/ubirataonline","https:\/\/mastodon.social\/@ubirataonline","https:\/\/www.facebook.com\/groups\/311144672285604","https:\/\/www.facebook.com\/UBTAOnline","https:\/\/www.instagram.com\/portalubirataonline\/","https:\/\/twitter.com\/ubirataonline"],"description":"Somos um portal de not\u00edcias independente, criado em 5 de janeiro de 2009, com o objetivo de informar, conectar e valorizar a nossa comunidade de Ubirat\u00e3 e toda aregi\u00e3o. Com conte\u00fado atualizado, confi\u00e1vel e relevante, o Ubirat\u00e3 Online \u00e9 o seu espa\u00e7o para ficar por dentro dos principais acontecimentos locais, regionais, Brasil, Mundo e de interesse geral. Nosso compromisso \u00e9 com a verdade, a transpar\u00eancia e o respeito ao leitor.","legalName":"UBIRATA ONLINE NOT\u00cdCIAS","foundingDate":"2009-01-05","numberOfEmployees":{"@type":"QuantitativeValue","minValue":"1","maxValue":"10"},"publishingPrinciples":"https:\/\/ubirataonline.com.br\/faq\/","address":{"@id":"https:\/\/ubirataonline.com.br\/on-nest-pas-dans-la-forme-de-notre-vie-zoom-sur-le-toulouse-fc-prochain-adversaire-du-losc\/#local-main-place-address"},"geo":{"@type":"GeoCoordinates","latitude":"-24.5361401","longitude":"-52.9921776"},"telephone":["+5544998308235"],"contactPoint":{"@type":"ContactPoint","email":"contato@ubirataonline.com.br"},"openingHoursSpecification":{"@type":"OpeningHoursSpecification","dayOfWeek":["Monday","Tuesday","Wednesday","Thursday","Friday","Saturday","Sunday"],"opens":"00:00","closes":"23:59"},"email":"contato@ubirataonline.com.br","vatID":"47.621.418\/0001-80"},{"@type":"Person","@id":"https:\/\/ubirataonline.com.br\/#\/schema\/person\/372f87bbd3fdd79b8556b84c98d0bc1c","name":"REDA\u00c7\u00c3O: UBIRAT\u00c3 ONLINE - F\u00c1BIO AUGUSTO CELESTINO","pronouns":"Ele","description":"Desde 2003 trabalhando com not\u00edcias.","sameAs":["http:\/\/ubirataoline.com.br","https:\/\/www.facebook.com\/portalubirataonline","https:\/\/www.instagram.com\/ubirataonline_oficial","https:\/\/x.com\/x.com\/ubirataonline"],"honorificPrefix":"Mr.","honorificSuffix":"MD","birthDate":"1980-06-16","gender":"masculino","award":["V\u00e1rios pr\u00eamios de melhor portal da cidade"],"jobTitle":"Diretor","url":"https:\/\/ubirataonline.com.br\/en\/author\/ubirataonline\/"},{"@type":"PostalAddress","@id":"https:\/\/ubirataonline.com.br\/on-nest-pas-dans-la-forme-de-notre-vie-zoom-sur-le-toulouse-fc-prochain-adversaire-du-losc\/#local-main-place-address","streetAddress":"Rua dos Coqueiros, 104 - Bairro Boa Vista, Rua dos Coqueiros, 104 Bairro Boa Vista","addressLocality":"UBIRATA","postalCode":"85440-000","addressRegion":"PR","addressCountry":"BR"},{"@type":"ImageObject","inLanguage":"en-US","@id":"https:\/\/ubirataonline.com.br\/on-nest-pas-dans-la-forme-de-notre-vie-zoom-sur-le-toulouse-fc-prochain-adversaire-du-losc\/#local-main-organization-logo","url":"https:\/\/ubirataonline.com.br\/wp-content\/uploads\/2026\/06\/logoubirataonline-1.webp","contentUrl":"https:\/\/ubirataonline.com.br\/wp-content\/uploads\/2026\/06\/logoubirataonline-1.webp","width":500,"height":500,"caption":"Ubirat\u00e3 Online Not\u00edcias"}]},"geo.placename":"UBIRATA","geo.position":{"lat":"-24.5361401","long":"-52.9921776"},"geo.region":"Brazil"},"_links":{"self":[{"href":"https:\/\/ubirataonline.com.br\/en\/wp-json\/wp\/v2\/posts\/105107","targetHints":{"allow":["GET"]}}],"collection":[{"href":"https:\/\/ubirataonline.com.br\/en\/wp-json\/wp\/v2\/posts"}],"about":[{"href":"https:\/\/ubirataonline.com.br\/en\/wp-json\/wp\/v2\/types\/post"}],"author":[{"embeddable":true,"href":"https:\/\/ubirataonline.com.br\/en\/wp-json\/wp\/v2\/users\/1"}],"replies":[{"embeddable":true,"href":"https:\/\/ubirataonline.com.br\/en\/wp-json\/wp\/v2\/comments?post=105107"}],"version-history":[{"count":0,"href":"https:\/\/ubirataonline.com.br\/en\/wp-json\/wp\/v2\/posts\/105107\/revisions"}],"wp:featuredmedia":[{"embeddable":true,"href":"https:\/\/ubirataonline.com.br\/en\/wp-json\/wp\/v2\/media\/105108"}],"wp:attachment":[{"href":"https:\/\/ubirataonline.com.br\/en\/wp-json\/wp\/v2\/media?parent=105107"}],"wp:term":[{"taxonomy":"category","embeddable":true,"href":"https:\/\/ubirataonline.com.br\/en\/wp-json\/wp\/v2\/categories?post=105107"},{"taxonomy":"post_tag","embeddable":true,"href":"https:\/\/ubirataonline.com.br\/en\/wp-json\/wp\/v2\/tags?post=105107"}],"curies":[{"name":"wp","href":"https:\/\/api.w.org\/{rel}","templated":true}]}}