{"id":105408,"date":"2026-04-12T19:02:23","date_gmt":"2026-04-12T22:02:23","guid":{"rendered":"https:\/\/ubirataonline.com.br\/kid-abelha-se-reune-para-turne-nossa-quimica-sempre-foi-cada-um-no-seu-quadrado-diz-paula-toller\/"},"modified":"2026-04-12T19:02:28","modified_gmt":"2026-04-12T22:02:28","slug":"kid-abelha-se-reune-para-turne-nossa-quimica-sempre-foi-cada-um-no-seu-quadrado-diz-paula-toller","status":"publish","type":"post","link":"https:\/\/ubirataonline.com.br\/en\/kid-abelha-se-reune-para-turne-nossa-quimica-sempre-foi-cada-um-no-seu-quadrado-diz-paula-toller\/","title":{"rendered":"Kid Abelha se re\u00fane para turn\u00ea: \u2018Nossa qu\u00edmica sempre foi cada um no seu quadrado\u2019, diz Paula Toller"},"content":{"rendered":"<p><\/p>\n<div data-fusion-lazy-id=\"c0fU1XoBeo0W6eY\">\n<div data-fusion-lazy-id=\"f0f0BuODwfMmUK\">\n<div class=\"styles__ContainerResumoDeNoticiaStyled-sc-2xeu0u-0 ljnrAn\">\n<div class=\"container-content \">\n<p>Ap\u00f3s 13 anos, Kid Abelha retorna com a turn\u00ea &#8216;Eu Tive Um Sonho&#8217;, reunindo Paula Toller, George Israel e Bruno Fortunato. A turn\u00ea, que come\u00e7a em junho, ter\u00e1 10 shows, incluindo uma apresenta\u00e7\u00e3o no Allianz Parque, em S\u00e3o Paulo. Paula Toller destaca o interesse da nova gera\u00e7\u00e3o e a relev\u00e2ncia das letras do grupo. A dire\u00e7\u00e3o musical \u00e9 de Liminha, e a turn\u00ea contar\u00e1 com um repert\u00f3rio de 30 can\u00e7\u00f5es. O retorno ocorre em um momento de revivals no Brasil, com ades\u00e3o crescente a turn\u00eas celebrativas.<\/p>\n<\/div>\n<p><button class=\"button-action-show\" title=\"Ver resumo da not\u00edcia\">Abrir o resumo <svg width=\"20\" height=\"20\" viewbox=\"0 0 16 16\" fill=\"none\" style=\"transform:rotate(90deg)\"><path fill-rule=\"evenodd\" clip-rule=\"evenodd\" d=\"M5.869 11.824a.75.75 0 0 1-.001-1.061L8.628 8l-2.76-2.763a.75.75 0 0 1 1.061-1.06l3.148 3.152a.95.95 0 0 1 0 1.342l-3.148 3.152a.75.75 0 0 1-1.06 0z\" fill=\"#fff\"\/><\/svg><\/button><\/div>\n<\/div>\n<p data-component-name=\"paragraph\" class=\"styles__ParagraphStyled-sc-6adecn-0 geGWDE theme-default  \">Foi uma longa negocia\u00e7\u00e3o at\u00e9 que o <a href=\"https:\/\/www.estadao.com.br\/tudo-sobre\/kid-abelha\/\" target=\"_blank\" rel=\"\" title=\"https:\/\/www.estadao.com.br\/tudo-sobre\/kid-abelha\/\"><strong>Kid Abelha<\/strong><\/a> aceitasse se reunir novamente, admite <a href=\"https:\/\/www.estadao.com.br\/tudo-sobre\/paula-toller\/\" target=\"_blank\" rel=\"\" title=\"https:\/\/www.estadao.com.br\/tudo-sobre\/paula-toller\/\"><strong>Paula Toller<\/strong>.<\/a> A turn\u00ea pontual, batizada de <em>Eu Tive Um Sonho<\/em>, t\u00edtulo de um dos hits da banda, vai colocar, a partir de junho, a vocalista ao lado de seus antigos companheiros de palco, o saxofonista <a href=\"https:\/\/www.estadao.com.br\/tudo-sobre\/george-israel\/\" target=\"_blank\" rel=\"\" title=\"https:\/\/www.estadao.com.br\/tudo-sobre\/george-israel\/\"><strong>George Israel <\/strong><\/a>e o guitarrista <strong>Bruno Fortunato<\/strong>, a forma\u00e7\u00e3o mais longeva. Inicialmente, est\u00e3o previstas dez apresenta\u00e7\u00f5es <em>[veja datas e locais mais abaixo]<\/em>, 13 anos depois de um t\u00e9rmino que, na \u00e9poca, eles definiram como \u201csuave\u201d. <\/p>\n<p data-component-name=\"paragraph\" class=\"styles__ParagraphStyled-sc-6adecn-0 geGWDE theme-default  \">\u201cO tempo nos ajudou [a aceitar]\u201d, afirma a cantora, sobre o convite &#8211; o <strong>Estad\u00e3o <\/strong>tem a informa\u00e7\u00e3o de que as primeiras tentativas do projeto come\u00e7aram h\u00e1 pelo menos dois anos. A condu\u00e7\u00e3o inicial foi feita pelo produtor <strong>Liminha<\/strong>, que esteve muito pr\u00f3ximo do in\u00edcio do Kid, nos anos 1980, e, agora, vai fazer a dire\u00e7\u00e3o musical da nova turn\u00ea. \u201cEu fiquei chocada. Nem pensava nessa possibilidade. Fui para casa pensar bastante\u201d, admite.<\/p>\n<figure class=\"styles__FigureImageWrapper-sc-1qk1vbn-0 ebBjcA figure-image-wrapper     \">\n<div class=\"figure-image-container\" style=\"aspect-ratio:4650 \/ 6566\"><button class=\"expandir imagem\" title=\"Expandir visualiza\u00e7\u00e3o de imagem\"><svg xmlns=\"http:\/\/www.w3.org\/2000\/svg\" width=\"16\" height=\"16\" viewbox=\"0 0 16 16\" fill=\"none\"\/><\/button><img srcset=\"https:\/\/www.estadao.com.br\/resizer\/v2\/U7KPSWAYFJHKLEC4JZJ7Y6QNAY.png?quality=80&amp;auth=749bd508192d6edb2dc0c48674aa74920b70c33cded62968158cd89651212a16&amp;width=380 768w, https:\/\/www.estadao.com.br\/resizer\/v2\/U7KPSWAYFJHKLEC4JZJ7Y6QNAY.png?quality=80&amp;auth=749bd508192d6edb2dc0c48674aa74920b70c33cded62968158cd89651212a16&amp;width=768 1024w, https:\/\/www.estadao.com.br\/resizer\/v2\/U7KPSWAYFJHKLEC4JZJ7Y6QNAY.png?quality=80&amp;auth=749bd508192d6edb2dc0c48674aa74920b70c33cded62968158cd89651212a16&amp;width=1200 1322w\" loading=\"lazy\" class=\"lazy-load-img\"\/><\/div><figcaption class=\"ignore-change-font-for-app\">\n<p>George Israel, Paula Toller e Bruno Fortunato est\u00e3o juntos novamente na turn\u00ea do Kid Abelha<!-- -->\u00a0<span>Foto: <!-- --> <!-- -->Pedro Loreto<\/span><\/p>\n<\/figcaption><\/figure>\n<p data-component-name=\"paragraph\" class=\"styles__ParagraphStyled-sc-6adecn-0 geGWDE theme-default  \">Dois fatores ajudaram Paula a tomar a decis\u00e3o pelo reencontro. O que a convenceu foi, sobretudo, o interesse no que ela chama de \u201cgarotada\u201d no repert\u00f3rio do Kid. \u201cVejo nas redes sociais o pessoal tocando<em> Nada Por Mim<\/em> no viol\u00e3o, ou em teclado, no quarto\u201d, diz. A possibilidade do grupo se apresentar em grandes lugares &#8211; em S\u00e3o Paulo, o show ser\u00e1 no Allianz Parque &#8211; tamb\u00e9m a animou.<\/p>\n<p data-component-name=\"paragraph\" class=\"styles__ParagraphStyled-sc-6adecn-0 geGWDE theme-default  \">Para a cantora, o repert\u00f3rio do grupo \u00e9 um \u201cpatrim\u00f4nio\u201d, e continua sendo regravado. Nos \u00faltimos dois anos, Jo\u00e3o Gomes transformou<em> Nada Por Mim <\/em>em piseiro. J\u00e3o e Duda Beat cantaram <em>Como Eu Quero<\/em> no Rock in Rio 2024. \u201cEstava vendo na TV e fiquei super emocionada\u201d.<\/p>\n<h3 class=\"link-list-title\">Leia tamb\u00e9m<\/h3>\n<p data-component-name=\"paragraph\" class=\"styles__ParagraphStyled-sc-6adecn-0 geGWDE theme-default  \">Al\u00e9m do p\u00fablico fiel dos anos 1980 e 1990 e dos que se aproximaram no segundo estouro do Kid, nos anos 2000, Paula acredita que a nova gera\u00e7\u00e3o se conecta com o grupo por meio das mensagens que as letras trazem. \u201cS\u00e3o m\u00fasicas universais, contempor\u00e2neas. Falam de amor de maneira pr\u00f3pria, e n\u00e3o sentimental demais. Com toques feministas, mas humanistas tamb\u00e9m. Isso interessa a eles\u201d, afirma.<\/p>\n<p><h3 id=\"musicas-da-turne-eu-tive-um-sonho\">M\u00fasicas da turn\u00ea Eu Tive um Sonho <\/h3>\n<\/p>\n<p data-component-name=\"paragraph\" class=\"styles__ParagraphStyled-sc-6adecn-0 geGWDE theme-default  \">A turn\u00ea <em>Eu Tive um Sonho <\/em>deve privilegiar os hits &#8211; e banda tem muitos, entre eles, <em>Fixa\u00e7\u00e3o<\/em>,<em> Pintura \u00cdntima<\/em>, <em>Grand Hotel<\/em>,<em> Te Amo Pra Sempre<\/em> e <em>Nada Sei<\/em>, que ajudaram a moldar o pop rock brasileiro. <\/p>\n<div class=\"styles__MultiParagraphAdStyled-sc-1yb8ue6-0 gYduCX theme-default\" data-component-name=\"multi-paragraph\">\n<div class=\"paragraph\">\n<p>Os ensaios j\u00e1 come\u00e7aram. Por ora, o roteiro tem cerca de 30 can\u00e7\u00f5es. A dire\u00e7\u00e3o de arte ficar\u00e1 a cargo de <a href=\"https:\/\/www.estadao.com.br\/tudo-sobre\/gringo-cardia\/\" target=\"_blank\" rel=\"\" title=\"https:\/\/www.estadao.com.br\/tudo-sobre\/gringo-cardia\/\"><strong>Gringo Cardia<\/strong> <\/a>e a codire\u00e7\u00e3o art\u00edstica ser\u00e1 de Paula, com realiza\u00e7\u00e3o da Live Nation e da Posto 9 Entretenimento. \u201cVai ter um mega palco. Somos pop raiz. E pop \u00e9 mistura. \u00c9 alegria e alto-astral\u201d, avalia Paula.<\/p>\n<\/div>\n<\/div>\n<p data-component-name=\"paragraph\" class=\"styles__ParagraphStyled-sc-6adecn-0 geGWDE theme-default  \">Em termos musicais, Paula afirma que a turn\u00ea ter\u00e1 um olhar para o \u201cessencial\u201d de cada composi\u00e7\u00e3o. \u201cHavia m\u00fasicas de cinco minutos. Ou com tr\u00eas introdu\u00e7\u00f5es\u201d. Outras, ser\u00e3o tocadas com os arranjos originais, por\u00e9m com tratamento \u201cmais power, com certo banho de loja, para ter maior impacto\u201d, explica a cantora. \u201cEstamos curtindo como se estiv\u00e9ssemos criando novamente essas can\u00e7\u00f5es. Isso que \u00e9 bom!\u201d. O trio ser\u00e1 acompanhado por uma banda de apoio, que inclui bateria, baixo, mais uma guitarra, viol\u00f5es, teclado e sopros.<\/p>\n<p><h3 id=\"os-tres-juntos-pelo-kid-abelha\">Os tr\u00eas juntos pelo Kid Abelha<\/h3>\n<\/p>\n<figure class=\"styles__FigureImageWrapper-sc-1qk1vbn-0 ebBjcA figure-image-wrapper     \">\n<div class=\"figure-image-container\" style=\"aspect-ratio:582 \/ 877\"><button class=\"expandir imagem\" title=\"Expandir visualiza\u00e7\u00e3o de imagem\"><svg xmlns=\"http:\/\/www.w3.org\/2000\/svg\" width=\"16\" height=\"16\" viewbox=\"0 0 16 16\" fill=\"none\"\/><\/button><img srcset=\"https:\/\/www.estadao.com.br\/resizer\/v2\/42C7LSEZC5A7LKI4NZNKU5PBYY.jpg?quality=80&amp;auth=6fa44871f2b879fcb6aa0437e433dc729a6836b4781042813af07e6ca9719ee4&amp;width=380 768w, https:\/\/www.estadao.com.br\/resizer\/v2\/42C7LSEZC5A7LKI4NZNKU5PBYY.jpg?quality=80&amp;auth=6fa44871f2b879fcb6aa0437e433dc729a6836b4781042813af07e6ca9719ee4&amp;width=768 1024w, https:\/\/www.estadao.com.br\/resizer\/v2\/42C7LSEZC5A7LKI4NZNKU5PBYY.jpg?quality=80&amp;auth=6fa44871f2b879fcb6aa0437e433dc729a6836b4781042813af07e6ca9719ee4&amp;width=1200 1322w\" loading=\"lazy\" class=\"lazy-load-img\"\/><\/div><figcaption class=\"ignore-change-font-for-app\">\n<p>O Kid Abelha marcou o pop rock brasileiro com hits como &#8216;Fixa\u00e7\u00e3o&#8217; e &#8216;Nada Por Mim&#8217;<!-- -->\u00a0<span>Foto: <!-- --> <!-- -->Pedro Loreto\/Divulga\u00e7\u00e3o<\/span><\/p>\n<\/figcaption><\/figure>\n<p data-component-name=\"paragraph\" class=\"styles__ParagraphStyled-sc-6adecn-0 geGWDE theme-default  \">A turn\u00ea precisa deixar os tr\u00eas integrantes confort\u00e1veis, e todos est\u00e3o, \u00e0 sua maneira &#8211; a reportagem do <strong>Estad\u00e3o <\/strong>conversou com eles separadamente. <\/p>\n<p data-component-name=\"paragraph\" class=\"styles__ParagraphStyled-sc-6adecn-0 geGWDE theme-default  \">Paula ri quando \u00e9 perguntada se a qu\u00edmica entre eles voltou. \u201cNossa qu\u00edmica sempre foi cada um no seu quadrado. O Bruno \u00e9 super reservado. O George, o contr\u00e1rio, super solto. Eu fa\u00e7o o meio de campo. Sou disciplinada e focada, gosto de administrar\u201d, diz. \u201c\u00c9 legal t\u00ea-los novamente, em um projeto no qual n\u00e3o h\u00e1 necessidade de fazer disco. Gosto de trabalhar com quem tenho hist\u00f3ria\u201d, completa.<\/p>\n<p data-component-name=\"paragraph\" class=\"styles__ParagraphStyled-sc-6adecn-0 geGWDE theme-default  \">George Israel achava \u201cmuito improv\u00e1vel\u201d o reencontro do Kid Abelha, at\u00e9 receber o convite. \u201cNem contava com isso\u201d, afirma o m\u00fasico, que se manteve em cena em diversos projetos. \u201cO Kid sempre teve muitos assuntos. Andamos muito juntos, sempre olhando para frente. Mas achava que j\u00e1 t\u00ednhamos fechado um ciclo\u201d.<\/p>\n<p data-component-name=\"paragraph\" class=\"styles__ParagraphStyled-sc-6adecn-0 geGWDE theme-default  \">Para ele, o trio volta ao palco em um momento novo no show business brasileiro, no qual as plataformas digitais d\u00e3o as cartas no mercado, mas, ao mesmo tempo, as turn\u00eas celebrativas como essa encontram cada vez mais ades\u00f5es &#8211; antes deles, os <a href=\"https:\/\/www.estadao.com.br\/tudo-sobre\/titas\/\" target=\"_blank\" rel=\"\" title=\"https:\/\/www.estadao.com.br\/tudo-sobre\/titas\/\"><strong>Tit\u00e3s<\/strong><\/a> fizeram um revival bem sucedido em 2023 e o <a href=\"https:\/\/www.estadao.com.br\/tudo-sobre\/barao-vermelho-grupo-musical\/\" target=\"_blank\" rel=\"\" title=\"https:\/\/www.estadao.com.br\/tudo-sobre\/barao-vermelho-grupo-musical\/\"><strong>Bar\u00e3o Vermelho<\/strong><\/a>, <a href=\"https:\/\/www.estadao.com.br\/cultura\/musica\/formacao-original-do-barao-vermelho-se-reune-para-turne-veja-datas-nprec\/\" target=\"_blank\" rel=\"\" title=\"https:\/\/www.estadao.com.br\/cultura\/musica\/formacao-original-do-barao-vermelho-se-reune-para-turne-veja-datas-nprec\/\">com a volta de Frejat, D\u00e9 Palmeira, Maur\u00edcio Barros e Guto Goffi sobem ao palco a partir de abril<\/a>. <\/p>\n<div class=\"styles__VideoContainer-sc-1xy9u91-0 KIKRs container-video-noticia theme-default\">\n<div class=\"container-headlines\">\n<p class=\"headlines\">Tit\u00e3s falam sobre os 40 anos de &#8216;Cabe\u00e7a Dinossauro&#8217;: &#8216;Ningu\u00e9m toca essas m\u00fasicas como n\u00f3s&#8217;<\/p>\n<\/div>\n<div class=\"container-video\">\n<div id=\"content-player-powa-b88ba482-b4ac-4756-a13d-b10159dccda7\" data-id-video=\"69c58f5ad6c421287d6f76f9\" class=\"styles__RenderPlayerv2ContainerStyled-sc-1ehkfi9-0 htqWGe container-render-player-v2\"><button aria-label=\"Assistir v\u00eddeo: Tit\u00e3s falam sobre os 40 anos de 'Cabe\u00e7a Dinossauro': 'Ningu\u00e9m toca essas m\u00fasicas como n\u00f3s'\" class=\"container-thumb-video\"><\/p>\n<p>8:14<\/p>\n<p><img srcset=\"https:\/\/www.estadao.com.br\/resizer\/v2\/https%3A%2F%2Fd32dgtrnmhd45e.cloudfront.net%2F03-26-2026%2Ft_af70be79c83c4ddf8866a525d0312cb7_name_THUMBS_YOUTUBE_1_.jpg?quality=80&amp;auth=5bf4fd6119dd6a53a5f7583b6985823c40d1c7dfd3d1a29e99bfd43941706800&amp;width=520&amp;height=292&amp;smart=true 576w, https:\/\/www.estadao.com.br\/resizer\/v2\/https%3A%2F%2Fd32dgtrnmhd45e.cloudfront.net%2F03-26-2026%2Ft_af70be79c83c4ddf8866a525d0312cb7_name_THUMBS_YOUTUBE_1_.jpg?quality=80&amp;auth=5bf4fd6119dd6a53a5f7583b6985823c40d1c7dfd3d1a29e99bfd43941706800&amp;width=710&amp;height=400&amp;smart=true 1323w\" loading=\"lazy\" class=\"thumb lazy-load-img\"\/><\/button><\/div>\n<\/div>\n<div class=\"container-description\">\n<p class=\"description\">S\u00e9rgio Britto, Tony Bellotto e Branco Mello v\u00e3o sair em turn\u00ea comemorativa de seu \u00e1lbum mais emblem\u00e1tico. <!-- --> Cr\u00e9dito: Danilo Casaletti e Bruno Nogueir\u00e3o | Estad\u00e3o<\/p>\n<\/div>\n<\/div>\n<div class=\"styles__MultiParagraphAdStyled-sc-1yb8ue6-0 gYduCX theme-default\" data-component-name=\"multi-paragraph\">\n<div class=\"paragraph\">\n<p>\u201cVai aumentar o tamanho do coral <em>[do p\u00fablico]<\/em>. Vamos experimentar um sentimento in\u00e9dito. \u00c9 um show para o futuro, para aqueles que v\u00e3o assistir pela primeira vez, com os pais. Ser\u00e1 uma troca boa\u201d, diz Israel. <\/p>\n<p>O Kid Abelha tem forte DNA de Israel. Foi ele que, com a sa\u00edda de Leoni da banda, logo depois do segundo \u00e1lbum, <em>Educa\u00e7\u00e3o Sentimental<\/em>, de 1985, assumiu a maior parte das composi\u00e7\u00f5es &#8211; sobretudo ao lado de Paula (juntos fizeram mais de 50) e, eventualmente, com Fortunato e outros parceiros. Logo de cara, emplacaram <em>Amanh\u00e3 \u00e9 23<\/em>, em 1987. \u201c\u00c9ramos uma banda independente no sentido do que fazer, mas com uma gravadora por tr\u00e1s. T\u00ednhamos uma vida boa\u201d, resume.<\/p>\n<\/div>\n<\/div>\n<p data-component-name=\"paragraph\" class=\"styles__ParagraphStyled-sc-6adecn-0 geGWDE theme-default  \">Israel define o auge do sucesso como \u201cuma avalanche\u201d em meio aos loucos anos 1980. \u201cTrabalh\u00e1vamos bastante. Eu estava na night, mas sempre meio pelo tangente. Meu interesse era pelas pessoas\u201d, comenta ele que \u00e9 coautor de <em>Brasil<\/em>, com <a href=\"https:\/\/www.estadao.com.br\/tudo-sobre\/cazuza\/\" target=\"_blank\" rel=\"\" title=\"https:\/\/www.estadao.com.br\/tudo-sobre\/cazuza\/\"><strong>Cazuza<\/strong><\/a> e Nilo Romero. Ele brinca com o r\u00f3tulo de \u201crock de bermuda\u201d, dado pela imprensa paulista a bandas como Kid Abelha e Blitz. \u201cEra uma rixa saud\u00e1vel, desafiadora. Beatles versus Rolling Stones. Depois, isso foi quebrado. Apenas as est\u00e9ticas eram diferentes. O Kid foi uma banda que chegou bem new wave e foi se abrindo\u201d.<\/p>\n<figure class=\"styles__FigureImageWrapper-sc-1qk1vbn-0 ebBjcA figure-image-wrapper     \">\n<div class=\"figure-image-container\" style=\"aspect-ratio:4375 \/ 2868\"><button class=\"expandir imagem\" title=\"Expandir visualiza\u00e7\u00e3o de imagem\"><svg xmlns=\"http:\/\/www.w3.org\/2000\/svg\" width=\"16\" height=\"16\" viewbox=\"0 0 16 16\" fill=\"none\"\/><\/button><img srcset=\"https:\/\/www.estadao.com.br\/resizer\/v2\/EUPUW2IEXNIXRPJIQBKCYVCUBM.jpg?quality=80&amp;auth=17bbd007cf239cfd0f6ed0243241ec82e3dcae3f1502e95240a8a40a06655b9b&amp;width=380 768w, https:\/\/www.estadao.com.br\/resizer\/v2\/EUPUW2IEXNIXRPJIQBKCYVCUBM.jpg?quality=80&amp;auth=17bbd007cf239cfd0f6ed0243241ec82e3dcae3f1502e95240a8a40a06655b9b&amp;width=768 1024w, https:\/\/www.estadao.com.br\/resizer\/v2\/EUPUW2IEXNIXRPJIQBKCYVCUBM.jpg?quality=80&amp;auth=17bbd007cf239cfd0f6ed0243241ec82e3dcae3f1502e95240a8a40a06655b9b&amp;width=1200 1322w\" loading=\"lazy\" class=\"lazy-load-img\"\/><\/div><figcaption class=\"ignore-change-font-for-app\">\n<p>O guitarrista Bruno Fortunato, a vocalista Paula Toller, e o saxofonista Jorge Israel, integrantes doKid Abelha, em foto de 1989<!-- -->\u00a0<span>Foto: <!-- --> <!-- -->Alexandre Campbell\/Estad\u00e3o<\/span><\/p>\n<\/figcaption><\/figure>\n<p data-component-name=\"paragraph\" class=\"styles__ParagraphStyled-sc-6adecn-0 geGWDE theme-default  \">Para o guitarrista Bruno Fortunato, parecia que \u201chavia algo no ar\u201d sobre o retorno. Pessoas da vida cotidiana dele, que nunca haviam falado sobre a banda, o abordaram recentemente para lembrar do Kid. \u201cOutro dia, o dono do mercadinho em que eu compro p\u00e3o &#8211; e eu vou l\u00e1 h\u00e1 anos &#8211; falou sobre o Kid\u201d, conta, achando engra\u00e7ado. \u201cEu tinha a ilus\u00e3o de que as pessoas nem me reconhecessem\u201d. Ele \u00e9 de longe o mais discreto dos tr\u00eas &#8211; e o que se manteve fora dos holofotes desde que o grupo se desfez. N\u00e3o tem nem redes sociais.<\/p>\n<div class=\"styles__MultiParagraphAdStyled-sc-1yb8ue6-0 gYduCX theme-default\" data-component-name=\"multi-paragraph\">\n<div class=\"paragraph\">\n<p>Os solos de guitarra de Fortunato que conquistaram o p\u00fablico &#8211; como os contidos em <em>Eu Tive Um Sonho<\/em> e <em>Nada Tanto Assim<\/em> &#8211; nunca mais foram ouvidos por seu criador. O m\u00fasico diz que, nesse per\u00edodo todo, deve ter tocado, uma vez ou outra, algum trecho de alguma can\u00e7\u00e3o do Kid Abelha. \u201cForam tantos anos de trabalho que, realmente, n\u00e3o tenho interesse de participar de lives ou aceitar convites desse tipo. Mas n\u00e3o sou um ermit\u00e3o\u201d, avisa.<\/p>\n<p>Fortunato prefere falar sobre m\u00fasica. Afirma que ele, Paula e Israel t\u00eam refer\u00eancias bastante distintas. Ele lembra, por exemplo, do guitarrista Lanny Gordin (1951-2023) tocando no show <em>Fatal <\/em>de <a href=\"https:\/\/www.estadao.com.br\/tudo-sobre\/gal-costa\/\" target=\"_blank\" rel=\"\" title=\"https:\/\/www.estadao.com.br\/tudo-sobre\/gal-costa\/\"><strong>Gal Costa<\/strong><\/a> (1945-2022), espet\u00e1culo que ele, aos 15 anos, viu sete vezes. Ficou amigo de Lanny e via Gal pegar t\u00e1xi perto de sua casa, em Ipanema, na zona sul do Rio de Janeiro. Um ano antes do <em>Fatal<\/em>, presenciou Lanny, tamb\u00e9m com Gal, fazer o diabo com a guitarra no show <em>Deixa Sangrar<\/em>. Neste dia, o m\u00fasico indiano Ravi Shankar (1920-2012) se apresentaria logo em seguida. Precisou pedir calma para o p\u00fablico em \u00eaxtase.<\/p>\n<p>Tudo isso para chegar no que ele construiu no Kid Abelha, com sua guitarra. \u201cLanny estava no auge. Colocava elementos da m\u00fasica instrumental com bom gosto absurdo e uma pegada roqueira. Isso me influenciou, al\u00e9m de Beatles, Jimi Hendrix e Rolling Stones\u201d, lembra. \u201cCerta vez, um roadie veio me falar sobre a minha \u2018obra\u2019 com o Kid. Que isso! N\u00e3o tem obra. N\u00e3o tem essa pompa\u201d, afirma.<\/p>\n<\/div>\n<\/div>\n<p data-component-name=\"paragraph\" class=\"styles__ParagraphStyled-sc-6adecn-0 geGWDE theme-default  \">Fortunato encara tudo de maneira leve. \u201cPara n\u00e3o ficar ansioso, estou adotando aquela ideia de que voc\u00ea n\u00e3o esquece como se anda de bicicleta. N\u00e3o me cobro tanto para tocar de maneira impec\u00e1vel. Na \u00faltima turn\u00ea <em>[antes do fim]<\/em>, eu estava tocando muito bem. Agora, n\u00e3o sei. Estou aberto para aproveitar o momento\u201d, diz, resumindo o que essas turn\u00eas festivas proporcionam ao p\u00fablico tamb\u00e9m.<\/p>\n<p data-component-name=\"paragraph\" class=\"styles__ParagraphStyled-sc-6adecn-0 geGWDE theme-default  \"><strong>Datas j\u00e1 a anunciadas da turn\u00ea Eu Tive Um Sonho &#8211; Kid Abelha<\/strong><\/p>\n<div class=\"styles__ListUlOlWrapper-sc-18jrrxq-0 gYlJvv list-ul-ol-wrapper\">\n<ul>\n<li class=\"small-item \">12 de junho, Farmasi Arena, RJ<\/li>\n<li class=\"small-item \"><b>27 de junho, Allianz Parque, SP<\/b><\/li>\n<li class=\"small-item \">04 de julho, Arena MRV, BH<\/li>\n<li class=\"small-item \">11 de julho, Casa de Apostas Arena Fonte Nova, Salvador<\/li>\n<li class=\"small-item \">25 de julho, Arena BRB Man\u00e9 Garrincha, Bras\u00edlia<\/li>\n<li class=\"small-item \">08 de agosto, Classic Hall, Recife<\/li>\n<li class=\"small-item \">22 de agosto, Centro de Forma\u00e7\u00e3o Ol\u00edmpica &#8211; CFO, Fortaleza<\/li>\n<li class=\"small-item \">26 de setembro, Est\u00e1dio Beira Rio, Porto Alegre<\/li>\n<li class=\"small-item \">10 de outubro, Pedreira Paulo Leminski, Curitiba<\/li>\n<li class=\"small-item \">17 de outubro, Arena Opus, Florian\u00f3polis <\/li>\n<\/ul>\n<\/div>\n<\/div>\n<p><a href=\"https:\/\/www.estadao.com.br\/cultura\/musica\/kid-abelha-turne-eu-tive-um-sonho-2026-datas-cidades\/\">Fonte do Artigo <\/a><\/p>\n","protected":false},"excerpt":{"rendered":"<p>Ap\u00f3s 13 anos, Kid Abelha retorna com a turn\u00ea &#8216;Eu Tive Um Sonho&#8217;, reunindo Paula Toller, George Israel e Bruno Fortunato. A turn\u00ea, que come\u00e7a em junho, ter\u00e1 10 shows, incluindo uma apresenta\u00e7\u00e3o no Allianz Parque, em S\u00e3o Paulo. Paula Toller destaca o interesse da nova gera\u00e7\u00e3o e a relev\u00e2ncia das letras do grupo. A [&hellip;]<\/p>\n","protected":false},"author":1,"featured_media":105409,"comment_status":"closed","ping_status":"","sticky":false,"template":"","format":"standard","meta":{"googlesitekit_rrm_CAow2JLhCw:productID":"","_gspb_post_css":"","maa_idioma":"","maa_pais":"","footnotes":""},"categories":[4],"tags":[1736,3650,3031,4327,9580,9260,2904,14296,27492,6641,7709,11140,3686,27493,7852],"class_list":["post-105408","post","type-post","status-publish","format-standard","has-post-thumbnail","hentry","category-brasil","tag-abelha","tag-cada","tag-diz","tag-foi","tag-kid","tag-nossa","tag-para","tag-paula","tag-quadrado","tag-quimica","tag-reune","tag-sempre","tag-seu","tag-toller","tag-turne"],"blocksy_meta":[],"yoast_head":"<!-- This site is optimized with the Yoast SEO Premium plugin v27.6 (Yoast SEO v27.6) - https:\/\/yoast.com\/product\/yoast-seo-premium-wordpress\/ -->\n<title>Kid Abelha se re\u00fane para turn\u00ea: \u2018Nossa qu\u00edmica sempre foi cada um no seu quadrado\u2019, diz Paula Toller - Ubirat\u00e3 Online Not\u00edcias - A realidade ao seu alcance!<\/title>\n<meta name=\"description\" content=\"Ap\u00f3s 13 anos, Kid Abelha retorna com a turn\u00ea &#039;Eu Tive Um Sonho&#039;, reunindo Paula Toller, George Israel e Bruno Fortunato. A turn\u00ea, que come\u00e7a em junho,\" \/>\n<meta name=\"robots\" content=\"index, follow, max-snippet:-1, max-image-preview:large, max-video-preview:-1\" \/>\n<link rel=\"canonical\" href=\"https:\/\/ubirataonline.com.br\/en\/kid-abelha-se-reune-para-turne-nossa-quimica-sempre-foi-cada-um-no-seu-quadrado-diz-paula-toller\/\" \/>\n<meta property=\"og:locale\" content=\"en_US\" \/>\n<meta property=\"og:type\" content=\"article\" \/>\n<meta property=\"og:title\" content=\"Kid Abelha se re\u00fane para turn\u00ea: \u2018Nossa qu\u00edmica sempre foi cada um no seu quadrado\u2019, diz Paula Toller\" \/>\n<meta property=\"og:description\" content=\"Ap\u00f3s 13 anos, Kid Abelha retorna com a turn\u00ea &#039;Eu Tive Um Sonho&#039;, reunindo Paula Toller, George Israel e Bruno Fortunato. A turn\u00ea, que come\u00e7a em junho,\" \/>\n<meta property=\"og:url\" content=\"https:\/\/ubirataonline.com.br\/en\/kid-abelha-se-reune-para-turne-nossa-quimica-sempre-foi-cada-um-no-seu-quadrado-diz-paula-toller\/\" \/>\n<meta property=\"og:site_name\" content=\"Ubirat\u00e3 Online Not\u00edcias - A realidade ao seu alcance!\" \/>\n<meta property=\"article:publisher\" content=\"https:\/\/www.facebook.com\/portalubirataonline\" \/>\n<meta property=\"article:author\" content=\"https:\/\/www.facebook.com\/portalubirataonline\" \/>\n<meta property=\"article:published_time\" content=\"2026-04-12T22:02:23+00:00\" \/>\n<meta property=\"article:modified_time\" content=\"2026-04-12T22:02:28+00:00\" \/>\n<meta property=\"og:image\" content=\"https:\/\/ubirataonline.com.br\/wp-content\/uploads\/2026\/04\/Kid-Abelha-se-reune-para-turne-\u2018Nossa-quimica-sempre-foi.png\" \/>\n\t<meta property=\"og:image:width\" content=\"1200\" \/>\n\t<meta property=\"og:image:height\" content=\"630\" \/>\n\t<meta property=\"og:image:type\" content=\"image\/png\" \/>\n<meta name=\"author\" content=\"REDA\u00c7\u00c3O: UBIRAT\u00c3 ONLINE - F\u00c1BIO AUGUSTO CELESTINO\" \/>\n<meta name=\"twitter:card\" content=\"summary_large_image\" \/>\n<meta name=\"twitter:creator\" content=\"@x.com\/ubirataonline\" \/>\n<meta name=\"twitter:site\" content=\"@ubirataonline\" \/>\n<meta name=\"twitter:label1\" content=\"Written by\" \/>\n\t<meta name=\"twitter:data1\" content=\"REDA\u00c7\u00c3O: UBIRAT\u00c3 ONLINE - F\u00c1BIO AUGUSTO CELESTINO\" \/>\n\t<meta name=\"twitter:label2\" content=\"Est. reading time\" \/>\n\t<meta name=\"twitter:data2\" content=\"9 minutes\" \/>\n<script type=\"application\/ld+json\" class=\"yoast-schema-graph\">{\"@context\":\"https:\\\/\\\/schema.org\",\"@graph\":[{\"@type\":\"NewsArticle\",\"@id\":\"https:\\\/\\\/ubirataonline.com.br\\\/kid-abelha-se-reune-para-turne-nossa-quimica-sempre-foi-cada-um-no-seu-quadrado-diz-paula-toller\\\/#article\",\"isPartOf\":{\"@id\":\"https:\\\/\\\/ubirataonline.com.br\\\/kid-abelha-se-reune-para-turne-nossa-quimica-sempre-foi-cada-um-no-seu-quadrado-diz-paula-toller\\\/\"},\"author\":{\"name\":\"REDA\u00c7\u00c3O: UBIRAT\u00c3 ONLINE - F\u00c1BIO AUGUSTO CELESTINO\",\"@id\":\"https:\\\/\\\/ubirataonline.com.br\\\/#\\\/schema\\\/person\\\/372f87bbd3fdd79b8556b84c98d0bc1c\"},\"headline\":\"Kid Abelha se re\u00fane para turn\u00ea: \u2018Nossa qu\u00edmica sempre foi cada um no seu quadrado\u2019, diz Paula Toller\",\"datePublished\":\"2026-04-12T22:02:23+00:00\",\"dateModified\":\"2026-04-12T22:02:28+00:00\",\"mainEntityOfPage\":{\"@id\":\"https:\\\/\\\/ubirataonline.com.br\\\/kid-abelha-se-reune-para-turne-nossa-quimica-sempre-foi-cada-um-no-seu-quadrado-diz-paula-toller\\\/\"},\"wordCount\":1772,\"publisher\":{\"@id\":\"https:\\\/\\\/ubirataonline.com.br\\\/#organization\"},\"image\":{\"@id\":\"https:\\\/\\\/ubirataonline.com.br\\\/kid-abelha-se-reune-para-turne-nossa-quimica-sempre-foi-cada-um-no-seu-quadrado-diz-paula-toller\\\/#primaryimage\"},\"thumbnailUrl\":\"https:\\\/\\\/ubirataonline.com.br\\\/wp-content\\\/uploads\\\/2026\\\/04\\\/Kid-Abelha-se-reune-para-turne-\u2018Nossa-quimica-sempre-foi.png\",\"keywords\":[\"Abelha\",\"cada\",\"diz\",\"foi\",\"Kid\",\"nossa\",\"para\",\"Paula\",\"quadrado\",\"qu\u00edmica\",\"re\u00fane\",\"sempre\",\"seu\",\"Toller\",\"turn\u00ea\"],\"articleSection\":[\"Brasil\"],\"inLanguage\":\"en-US\",\"copyrightYear\":\"2026\",\"copyrightHolder\":{\"@id\":\"https:\\\/\\\/ubirataonline.com.br\\\/en\\\/#organization\"}},{\"@type\":\"WebPage\",\"@id\":\"https:\\\/\\\/ubirataonline.com.br\\\/kid-abelha-se-reune-para-turne-nossa-quimica-sempre-foi-cada-um-no-seu-quadrado-diz-paula-toller\\\/\",\"url\":\"https:\\\/\\\/ubirataonline.com.br\\\/kid-abelha-se-reune-para-turne-nossa-quimica-sempre-foi-cada-um-no-seu-quadrado-diz-paula-toller\\\/\",\"name\":\"Kid Abelha se re\u00fane para turn\u00ea: \u2018Nossa qu\u00edmica sempre foi cada um no seu quadrado\u2019, diz Paula Toller - Ubirat\u00e3 Online Not\u00edcias - A realidade ao seu alcance!\",\"isPartOf\":{\"@id\":\"https:\\\/\\\/ubirataonline.com.br\\\/#website\"},\"primaryImageOfPage\":{\"@id\":\"https:\\\/\\\/ubirataonline.com.br\\\/kid-abelha-se-reune-para-turne-nossa-quimica-sempre-foi-cada-um-no-seu-quadrado-diz-paula-toller\\\/#primaryimage\"},\"image\":{\"@id\":\"https:\\\/\\\/ubirataonline.com.br\\\/kid-abelha-se-reune-para-turne-nossa-quimica-sempre-foi-cada-um-no-seu-quadrado-diz-paula-toller\\\/#primaryimage\"},\"thumbnailUrl\":\"https:\\\/\\\/ubirataonline.com.br\\\/wp-content\\\/uploads\\\/2026\\\/04\\\/Kid-Abelha-se-reune-para-turne-\u2018Nossa-quimica-sempre-foi.png\",\"datePublished\":\"2026-04-12T22:02:23+00:00\",\"dateModified\":\"2026-04-12T22:02:28+00:00\",\"description\":\"Ap\u00f3s 13 anos, Kid Abelha retorna com a turn\u00ea 'Eu Tive Um Sonho', reunindo Paula Toller, George Israel e Bruno Fortunato. A turn\u00ea, que come\u00e7a em junho,\",\"breadcrumb\":{\"@id\":\"https:\\\/\\\/ubirataonline.com.br\\\/kid-abelha-se-reune-para-turne-nossa-quimica-sempre-foi-cada-um-no-seu-quadrado-diz-paula-toller\\\/#breadcrumb\"},\"inLanguage\":\"en-US\",\"potentialAction\":[{\"@type\":\"ReadAction\",\"target\":[\"https:\\\/\\\/ubirataonline.com.br\\\/kid-abelha-se-reune-para-turne-nossa-quimica-sempre-foi-cada-um-no-seu-quadrado-diz-paula-toller\\\/\"]}]},{\"@type\":\"ImageObject\",\"inLanguage\":\"en-US\",\"@id\":\"https:\\\/\\\/ubirataonline.com.br\\\/kid-abelha-se-reune-para-turne-nossa-quimica-sempre-foi-cada-um-no-seu-quadrado-diz-paula-toller\\\/#primaryimage\",\"url\":\"https:\\\/\\\/ubirataonline.com.br\\\/wp-content\\\/uploads\\\/2026\\\/04\\\/Kid-Abelha-se-reune-para-turne-\u2018Nossa-quimica-sempre-foi.png\",\"contentUrl\":\"https:\\\/\\\/ubirataonline.com.br\\\/wp-content\\\/uploads\\\/2026\\\/04\\\/Kid-Abelha-se-reune-para-turne-\u2018Nossa-quimica-sempre-foi.png\",\"width\":1200,\"height\":630,\"caption\":\"George Israel, Paula Toller e Bruno Fortunato est\u00e3o juntos novamente na turn\u00ea do Kid Abelha\u00a0Foto: Pedro Loreto\"},{\"@type\":\"BreadcrumbList\",\"@id\":\"https:\\\/\\\/ubirataonline.com.br\\\/kid-abelha-se-reune-para-turne-nossa-quimica-sempre-foi-cada-um-no-seu-quadrado-diz-paula-toller\\\/#breadcrumb\",\"itemListElement\":[{\"@type\":\"ListItem\",\"position\":1,\"name\":\"In\u00edcio\",\"item\":\"https:\\\/\\\/ubirataonline.com.br\\\/\"},{\"@type\":\"ListItem\",\"position\":2,\"name\":\"Kid Abelha se re\u00fane para turn\u00ea: \u2018Nossa qu\u00edmica sempre foi cada um no seu quadrado\u2019, diz Paula Toller\"}]},{\"@type\":\"WebSite\",\"@id\":\"https:\\\/\\\/ubirataonline.com.br\\\/#website\",\"url\":\"https:\\\/\\\/ubirataonline.com.br\\\/\",\"name\":\"Ubirat\u00e3 Online Not\u00edcias\",\"description\":\"Not\u00edcias de Ubirat\u00e3, regi\u00e3o, Brasil e mundo, com informa\u00e7\u00e3o atualizada e compromisso com o leitor.\",\"publisher\":{\"@id\":\"https:\\\/\\\/ubirataonline.com.br\\\/#organization\"},\"alternateName\":\"Ubirat\u00e3 Online\",\"potentialAction\":[{\"@type\":\"SearchAction\",\"target\":{\"@type\":\"EntryPoint\",\"urlTemplate\":\"https:\\\/\\\/ubirataonline.com.br\\\/?s={search_term_string}\"},\"query-input\":{\"@type\":\"PropertyValueSpecification\",\"valueRequired\":true,\"valueName\":\"search_term_string\"}}],\"inLanguage\":\"en-US\"},{\"@type\":[\"Organization\",\"Place\"],\"@id\":\"https:\\\/\\\/ubirataonline.com.br\\\/#organization\",\"name\":\"Ubirat\u00e3 Online Not\u00edcias\",\"alternateName\":\"Ubirat\u00e3 Online\",\"url\":\"https:\\\/\\\/ubirataonline.com.br\\\/\",\"logo\":{\"@id\":\"https:\\\/\\\/ubirataonline.com.br\\\/kid-abelha-se-reune-para-turne-nossa-quimica-sempre-foi-cada-um-no-seu-quadrado-diz-paula-toller\\\/#local-main-organization-logo\"},\"image\":{\"@id\":\"https:\\\/\\\/ubirataonline.com.br\\\/kid-abelha-se-reune-para-turne-nossa-quimica-sempre-foi-cada-um-no-seu-quadrado-diz-paula-toller\\\/#local-main-organization-logo\"},\"sameAs\":[\"https:\\\/\\\/www.facebook.com\\\/portalubirataonline\",\"https:\\\/\\\/x.com\\\/ubirataonline\",\"https:\\\/\\\/mastodon.social\\\/@ubirataonline\",\"https:\\\/\\\/www.facebook.com\\\/groups\\\/311144672285604\",\"https:\\\/\\\/www.facebook.com\\\/UBTAOnline\",\"https:\\\/\\\/www.instagram.com\\\/portalubirataonline\\\/\",\"https:\\\/\\\/twitter.com\\\/ubirataonline\"],\"description\":\"Somos um portal de not\u00edcias independente, criado em 5 de janeiro de 2009, com o objetivo de informar, conectar e valorizar a nossa comunidade de Ubirat\u00e3 e toda aregi\u00e3o. Com conte\u00fado atualizado, confi\u00e1vel e relevante, o Ubirat\u00e3 Online \u00e9 o seu espa\u00e7o para ficar por dentro dos principais acontecimentos locais, regionais, Brasil, Mundo e de interesse geral. Nosso compromisso \u00e9 com a verdade, a transpar\u00eancia e o respeito ao leitor.\",\"legalName\":\"UBIRATA ONLINE NOT\u00cdCIAS\",\"foundingDate\":\"2009-01-05\",\"numberOfEmployees\":{\"@type\":\"QuantitativeValue\",\"minValue\":\"1\",\"maxValue\":\"10\"},\"publishingPrinciples\":\"https:\\\/\\\/ubirataonline.com.br\\\/faq\\\/\",\"address\":{\"@id\":\"https:\\\/\\\/ubirataonline.com.br\\\/kid-abelha-se-reune-para-turne-nossa-quimica-sempre-foi-cada-um-no-seu-quadrado-diz-paula-toller\\\/#local-main-place-address\"},\"geo\":{\"@type\":\"GeoCoordinates\",\"latitude\":\"-24.5361401\",\"longitude\":\"-52.9921776\"},\"telephone\":[\"+5544998308235\"],\"contactPoint\":{\"@type\":\"ContactPoint\",\"email\":\"contato@ubirataonline.com.br\"},\"openingHoursSpecification\":{\"@type\":\"OpeningHoursSpecification\",\"dayOfWeek\":[\"Monday\",\"Tuesday\",\"Wednesday\",\"Thursday\",\"Friday\",\"Saturday\",\"Sunday\"],\"opens\":\"00:00\",\"closes\":\"23:59\"},\"email\":\"contato@ubirataonline.com.br\",\"vatID\":\"47.621.418\\\/0001-80\"},{\"@type\":\"Person\",\"@id\":\"https:\\\/\\\/ubirataonline.com.br\\\/#\\\/schema\\\/person\\\/372f87bbd3fdd79b8556b84c98d0bc1c\",\"name\":\"REDA\u00c7\u00c3O: UBIRAT\u00c3 ONLINE - F\u00c1BIO AUGUSTO CELESTINO\",\"pronouns\":\"Ele\",\"description\":\"Desde 2003 trabalhando com not\u00edcias.\",\"sameAs\":[\"http:\\\/\\\/ubirataoline.com.br\",\"https:\\\/\\\/www.facebook.com\\\/portalubirataonline\",\"https:\\\/\\\/www.instagram.com\\\/ubirataonline_oficial\",\"https:\\\/\\\/x.com\\\/x.com\\\/ubirataonline\"],\"honorificPrefix\":\"Mr.\",\"honorificSuffix\":\"MD\",\"birthDate\":\"1980-06-16\",\"gender\":\"masculino\",\"award\":[\"V\u00e1rios pr\u00eamios de melhor portal da cidade\"],\"jobTitle\":\"Diretor\",\"url\":\"https:\\\/\\\/ubirataonline.com.br\\\/en\\\/author\\\/ubirataonline\\\/\"},{\"@type\":\"PostalAddress\",\"@id\":\"https:\\\/\\\/ubirataonline.com.br\\\/kid-abelha-se-reune-para-turne-nossa-quimica-sempre-foi-cada-um-no-seu-quadrado-diz-paula-toller\\\/#local-main-place-address\",\"streetAddress\":\"Rua dos Coqueiros, 104 - Bairro Boa Vista, Rua dos Coqueiros, 104 Bairro Boa Vista\",\"addressLocality\":\"UBIRATA\",\"postalCode\":\"85440-000\",\"addressRegion\":\"PR\",\"addressCountry\":\"BR\"},{\"@type\":\"ImageObject\",\"inLanguage\":\"en-US\",\"@id\":\"https:\\\/\\\/ubirataonline.com.br\\\/kid-abelha-se-reune-para-turne-nossa-quimica-sempre-foi-cada-um-no-seu-quadrado-diz-paula-toller\\\/#local-main-organization-logo\",\"url\":\"https:\\\/\\\/ubirataonline.com.br\\\/wp-content\\\/uploads\\\/2026\\\/06\\\/logoubirataonline-1.webp\",\"contentUrl\":\"https:\\\/\\\/ubirataonline.com.br\\\/wp-content\\\/uploads\\\/2026\\\/06\\\/logoubirataonline-1.webp\",\"width\":500,\"height\":500,\"caption\":\"Ubirat\u00e3 Online Not\u00edcias\"}]}<\/script>\n<meta name=\"geo.placename\" content=\"UBIRATA\" \/>\n<meta name=\"geo.position\" content=\"-24.5361401;-52.9921776\" \/>\n<meta name=\"geo.region\" content=\"Brazil\" \/>\n<!-- \/ Yoast SEO Premium plugin. -->","yoast_head_json":{"title":"Kid Abelha se re\u00fane para turn\u00ea: \u2018Nossa qu\u00edmica sempre foi cada um no seu quadrado\u2019, diz Paula Toller - Ubirat\u00e3 Online Not\u00edcias - A realidade ao seu alcance!","description":"Ap\u00f3s 13 anos, Kid Abelha retorna com a turn\u00ea 'Eu Tive Um Sonho', reunindo Paula Toller, George Israel e Bruno Fortunato. A turn\u00ea, que come\u00e7a em junho,","robots":{"index":"index","follow":"follow","max-snippet":"max-snippet:-1","max-image-preview":"max-image-preview:large","max-video-preview":"max-video-preview:-1"},"canonical":"https:\/\/ubirataonline.com.br\/en\/kid-abelha-se-reune-para-turne-nossa-quimica-sempre-foi-cada-um-no-seu-quadrado-diz-paula-toller\/","og_locale":"en_US","og_type":"article","og_title":"Kid Abelha se re\u00fane para turn\u00ea: \u2018Nossa qu\u00edmica sempre foi cada um no seu quadrado\u2019, diz Paula Toller","og_description":"Ap\u00f3s 13 anos, Kid Abelha retorna com a turn\u00ea 'Eu Tive Um Sonho', reunindo Paula Toller, George Israel e Bruno Fortunato. A turn\u00ea, que come\u00e7a em junho,","og_url":"https:\/\/ubirataonline.com.br\/en\/kid-abelha-se-reune-para-turne-nossa-quimica-sempre-foi-cada-um-no-seu-quadrado-diz-paula-toller\/","og_site_name":"Ubirat\u00e3 Online Not\u00edcias - A realidade ao seu alcance!","article_publisher":"https:\/\/www.facebook.com\/portalubirataonline","article_author":"https:\/\/www.facebook.com\/portalubirataonline","article_published_time":"2026-04-12T22:02:23+00:00","article_modified_time":"2026-04-12T22:02:28+00:00","og_image":[{"width":1200,"height":630,"url":"https:\/\/ubirataonline.com.br\/wp-content\/uploads\/2026\/04\/Kid-Abelha-se-reune-para-turne-\u2018Nossa-quimica-sempre-foi.png","type":"image\/png"}],"author":"REDA\u00c7\u00c3O: UBIRAT\u00c3 ONLINE - F\u00c1BIO AUGUSTO CELESTINO","twitter_card":"summary_large_image","twitter_creator":"@x.com\/ubirataonline","twitter_site":"@ubirataonline","twitter_misc":{"Written by":"REDA\u00c7\u00c3O: UBIRAT\u00c3 ONLINE - F\u00c1BIO AUGUSTO CELESTINO","Est. reading time":"9 minutes"},"schema":{"@context":"https:\/\/schema.org","@graph":[{"@type":"NewsArticle","@id":"https:\/\/ubirataonline.com.br\/kid-abelha-se-reune-para-turne-nossa-quimica-sempre-foi-cada-um-no-seu-quadrado-diz-paula-toller\/#article","isPartOf":{"@id":"https:\/\/ubirataonline.com.br\/kid-abelha-se-reune-para-turne-nossa-quimica-sempre-foi-cada-um-no-seu-quadrado-diz-paula-toller\/"},"author":{"name":"REDA\u00c7\u00c3O: UBIRAT\u00c3 ONLINE - F\u00c1BIO AUGUSTO CELESTINO","@id":"https:\/\/ubirataonline.com.br\/#\/schema\/person\/372f87bbd3fdd79b8556b84c98d0bc1c"},"headline":"Kid Abelha se re\u00fane para turn\u00ea: \u2018Nossa qu\u00edmica sempre foi cada um no seu quadrado\u2019, diz Paula Toller","datePublished":"2026-04-12T22:02:23+00:00","dateModified":"2026-04-12T22:02:28+00:00","mainEntityOfPage":{"@id":"https:\/\/ubirataonline.com.br\/kid-abelha-se-reune-para-turne-nossa-quimica-sempre-foi-cada-um-no-seu-quadrado-diz-paula-toller\/"},"wordCount":1772,"publisher":{"@id":"https:\/\/ubirataonline.com.br\/#organization"},"image":{"@id":"https:\/\/ubirataonline.com.br\/kid-abelha-se-reune-para-turne-nossa-quimica-sempre-foi-cada-um-no-seu-quadrado-diz-paula-toller\/#primaryimage"},"thumbnailUrl":"https:\/\/ubirataonline.com.br\/wp-content\/uploads\/2026\/04\/Kid-Abelha-se-reune-para-turne-\u2018Nossa-quimica-sempre-foi.png","keywords":["Abelha","cada","diz","foi","Kid","nossa","para","Paula","quadrado","qu\u00edmica","re\u00fane","sempre","seu","Toller","turn\u00ea"],"articleSection":["Brasil"],"inLanguage":"en-US","copyrightYear":"2026","copyrightHolder":{"@id":"https:\/\/ubirataonline.com.br\/en\/#organization"}},{"@type":"WebPage","@id":"https:\/\/ubirataonline.com.br\/kid-abelha-se-reune-para-turne-nossa-quimica-sempre-foi-cada-um-no-seu-quadrado-diz-paula-toller\/","url":"https:\/\/ubirataonline.com.br\/kid-abelha-se-reune-para-turne-nossa-quimica-sempre-foi-cada-um-no-seu-quadrado-diz-paula-toller\/","name":"Kid Abelha se re\u00fane para turn\u00ea: \u2018Nossa qu\u00edmica sempre foi cada um no seu quadrado\u2019, diz Paula Toller - Ubirat\u00e3 Online Not\u00edcias - A realidade ao seu alcance!","isPartOf":{"@id":"https:\/\/ubirataonline.com.br\/#website"},"primaryImageOfPage":{"@id":"https:\/\/ubirataonline.com.br\/kid-abelha-se-reune-para-turne-nossa-quimica-sempre-foi-cada-um-no-seu-quadrado-diz-paula-toller\/#primaryimage"},"image":{"@id":"https:\/\/ubirataonline.com.br\/kid-abelha-se-reune-para-turne-nossa-quimica-sempre-foi-cada-um-no-seu-quadrado-diz-paula-toller\/#primaryimage"},"thumbnailUrl":"https:\/\/ubirataonline.com.br\/wp-content\/uploads\/2026\/04\/Kid-Abelha-se-reune-para-turne-\u2018Nossa-quimica-sempre-foi.png","datePublished":"2026-04-12T22:02:23+00:00","dateModified":"2026-04-12T22:02:28+00:00","description":"Ap\u00f3s 13 anos, Kid Abelha retorna com a turn\u00ea 'Eu Tive Um Sonho', reunindo Paula Toller, George Israel e Bruno Fortunato. A turn\u00ea, que come\u00e7a em junho,","breadcrumb":{"@id":"https:\/\/ubirataonline.com.br\/kid-abelha-se-reune-para-turne-nossa-quimica-sempre-foi-cada-um-no-seu-quadrado-diz-paula-toller\/#breadcrumb"},"inLanguage":"en-US","potentialAction":[{"@type":"ReadAction","target":["https:\/\/ubirataonline.com.br\/kid-abelha-se-reune-para-turne-nossa-quimica-sempre-foi-cada-um-no-seu-quadrado-diz-paula-toller\/"]}]},{"@type":"ImageObject","inLanguage":"en-US","@id":"https:\/\/ubirataonline.com.br\/kid-abelha-se-reune-para-turne-nossa-quimica-sempre-foi-cada-um-no-seu-quadrado-diz-paula-toller\/#primaryimage","url":"https:\/\/ubirataonline.com.br\/wp-content\/uploads\/2026\/04\/Kid-Abelha-se-reune-para-turne-\u2018Nossa-quimica-sempre-foi.png","contentUrl":"https:\/\/ubirataonline.com.br\/wp-content\/uploads\/2026\/04\/Kid-Abelha-se-reune-para-turne-\u2018Nossa-quimica-sempre-foi.png","width":1200,"height":630,"caption":"George Israel, Paula Toller e Bruno Fortunato est\u00e3o juntos novamente na turn\u00ea do Kid Abelha\u00a0Foto: Pedro Loreto"},{"@type":"BreadcrumbList","@id":"https:\/\/ubirataonline.com.br\/kid-abelha-se-reune-para-turne-nossa-quimica-sempre-foi-cada-um-no-seu-quadrado-diz-paula-toller\/#breadcrumb","itemListElement":[{"@type":"ListItem","position":1,"name":"In\u00edcio","item":"https:\/\/ubirataonline.com.br\/"},{"@type":"ListItem","position":2,"name":"Kid Abelha se re\u00fane para turn\u00ea: \u2018Nossa qu\u00edmica sempre foi cada um no seu quadrado\u2019, diz Paula Toller"}]},{"@type":"WebSite","@id":"https:\/\/ubirataonline.com.br\/#website","url":"https:\/\/ubirataonline.com.br\/","name":"Ubirat\u00e3 Online Not\u00edcias","description":"Not\u00edcias de Ubirat\u00e3, regi\u00e3o, Brasil e mundo, com informa\u00e7\u00e3o atualizada e compromisso com o leitor.","publisher":{"@id":"https:\/\/ubirataonline.com.br\/#organization"},"alternateName":"Ubirat\u00e3 Online","potentialAction":[{"@type":"SearchAction","target":{"@type":"EntryPoint","urlTemplate":"https:\/\/ubirataonline.com.br\/?s={search_term_string}"},"query-input":{"@type":"PropertyValueSpecification","valueRequired":true,"valueName":"search_term_string"}}],"inLanguage":"en-US"},{"@type":["Organization","Place"],"@id":"https:\/\/ubirataonline.com.br\/#organization","name":"Ubirat\u00e3 Online Not\u00edcias","alternateName":"Ubirat\u00e3 Online","url":"https:\/\/ubirataonline.com.br\/","logo":{"@id":"https:\/\/ubirataonline.com.br\/kid-abelha-se-reune-para-turne-nossa-quimica-sempre-foi-cada-um-no-seu-quadrado-diz-paula-toller\/#local-main-organization-logo"},"image":{"@id":"https:\/\/ubirataonline.com.br\/kid-abelha-se-reune-para-turne-nossa-quimica-sempre-foi-cada-um-no-seu-quadrado-diz-paula-toller\/#local-main-organization-logo"},"sameAs":["https:\/\/www.facebook.com\/portalubirataonline","https:\/\/x.com\/ubirataonline","https:\/\/mastodon.social\/@ubirataonline","https:\/\/www.facebook.com\/groups\/311144672285604","https:\/\/www.facebook.com\/UBTAOnline","https:\/\/www.instagram.com\/portalubirataonline\/","https:\/\/twitter.com\/ubirataonline"],"description":"Somos um portal de not\u00edcias independente, criado em 5 de janeiro de 2009, com o objetivo de informar, conectar e valorizar a nossa comunidade de Ubirat\u00e3 e toda aregi\u00e3o. Com conte\u00fado atualizado, confi\u00e1vel e relevante, o Ubirat\u00e3 Online \u00e9 o seu espa\u00e7o para ficar por dentro dos principais acontecimentos locais, regionais, Brasil, Mundo e de interesse geral. Nosso compromisso \u00e9 com a verdade, a transpar\u00eancia e o respeito ao leitor.","legalName":"UBIRATA ONLINE NOT\u00cdCIAS","foundingDate":"2009-01-05","numberOfEmployees":{"@type":"QuantitativeValue","minValue":"1","maxValue":"10"},"publishingPrinciples":"https:\/\/ubirataonline.com.br\/faq\/","address":{"@id":"https:\/\/ubirataonline.com.br\/kid-abelha-se-reune-para-turne-nossa-quimica-sempre-foi-cada-um-no-seu-quadrado-diz-paula-toller\/#local-main-place-address"},"geo":{"@type":"GeoCoordinates","latitude":"-24.5361401","longitude":"-52.9921776"},"telephone":["+5544998308235"],"contactPoint":{"@type":"ContactPoint","email":"contato@ubirataonline.com.br"},"openingHoursSpecification":{"@type":"OpeningHoursSpecification","dayOfWeek":["Monday","Tuesday","Wednesday","Thursday","Friday","Saturday","Sunday"],"opens":"00:00","closes":"23:59"},"email":"contato@ubirataonline.com.br","vatID":"47.621.418\/0001-80"},{"@type":"Person","@id":"https:\/\/ubirataonline.com.br\/#\/schema\/person\/372f87bbd3fdd79b8556b84c98d0bc1c","name":"REDA\u00c7\u00c3O: UBIRAT\u00c3 ONLINE - F\u00c1BIO AUGUSTO CELESTINO","pronouns":"Ele","description":"Desde 2003 trabalhando com not\u00edcias.","sameAs":["http:\/\/ubirataoline.com.br","https:\/\/www.facebook.com\/portalubirataonline","https:\/\/www.instagram.com\/ubirataonline_oficial","https:\/\/x.com\/x.com\/ubirataonline"],"honorificPrefix":"Mr.","honorificSuffix":"MD","birthDate":"1980-06-16","gender":"masculino","award":["V\u00e1rios pr\u00eamios de melhor portal da cidade"],"jobTitle":"Diretor","url":"https:\/\/ubirataonline.com.br\/en\/author\/ubirataonline\/"},{"@type":"PostalAddress","@id":"https:\/\/ubirataonline.com.br\/kid-abelha-se-reune-para-turne-nossa-quimica-sempre-foi-cada-um-no-seu-quadrado-diz-paula-toller\/#local-main-place-address","streetAddress":"Rua dos Coqueiros, 104 - Bairro Boa Vista, Rua dos Coqueiros, 104 Bairro Boa Vista","addressLocality":"UBIRATA","postalCode":"85440-000","addressRegion":"PR","addressCountry":"BR"},{"@type":"ImageObject","inLanguage":"en-US","@id":"https:\/\/ubirataonline.com.br\/kid-abelha-se-reune-para-turne-nossa-quimica-sempre-foi-cada-um-no-seu-quadrado-diz-paula-toller\/#local-main-organization-logo","url":"https:\/\/ubirataonline.com.br\/wp-content\/uploads\/2026\/06\/logoubirataonline-1.webp","contentUrl":"https:\/\/ubirataonline.com.br\/wp-content\/uploads\/2026\/06\/logoubirataonline-1.webp","width":500,"height":500,"caption":"Ubirat\u00e3 Online Not\u00edcias"}]},"geo.placename":"UBIRATA","geo.position":{"lat":"-24.5361401","long":"-52.9921776"},"geo.region":"Brazil"},"_links":{"self":[{"href":"https:\/\/ubirataonline.com.br\/en\/wp-json\/wp\/v2\/posts\/105408","targetHints":{"allow":["GET"]}}],"collection":[{"href":"https:\/\/ubirataonline.com.br\/en\/wp-json\/wp\/v2\/posts"}],"about":[{"href":"https:\/\/ubirataonline.com.br\/en\/wp-json\/wp\/v2\/types\/post"}],"author":[{"embeddable":true,"href":"https:\/\/ubirataonline.com.br\/en\/wp-json\/wp\/v2\/users\/1"}],"replies":[{"embeddable":true,"href":"https:\/\/ubirataonline.com.br\/en\/wp-json\/wp\/v2\/comments?post=105408"}],"version-history":[{"count":0,"href":"https:\/\/ubirataonline.com.br\/en\/wp-json\/wp\/v2\/posts\/105408\/revisions"}],"wp:featuredmedia":[{"embeddable":true,"href":"https:\/\/ubirataonline.com.br\/en\/wp-json\/wp\/v2\/media\/105409"}],"wp:attachment":[{"href":"https:\/\/ubirataonline.com.br\/en\/wp-json\/wp\/v2\/media?parent=105408"}],"wp:term":[{"taxonomy":"category","embeddable":true,"href":"https:\/\/ubirataonline.com.br\/en\/wp-json\/wp\/v2\/categories?post=105408"},{"taxonomy":"post_tag","embeddable":true,"href":"https:\/\/ubirataonline.com.br\/en\/wp-json\/wp\/v2\/tags?post=105408"}],"curies":[{"name":"wp","href":"https:\/\/api.w.org\/{rel}","templated":true}]}}