{"id":105417,"date":"2026-04-12T19:12:23","date_gmt":"2026-04-12T22:12:23","guid":{"rendered":"https:\/\/ubirataonline.com.br\/bruins-fans-will-need-to-wait-a-little-longer-for-james-hagens-debut\/"},"modified":"2026-04-12T19:12:25","modified_gmt":"2026-04-12T22:12:25","slug":"bruins-fans-will-need-to-wait-a-little-longer-for-james-hagens-debut","status":"publish","type":"post","link":"https:\/\/ubirataonline.com.br\/en\/bruins-fans-will-need-to-wait-a-little-longer-for-james-hagens-debut\/","title":{"rendered":"Bruins fans will need to wait a little longer for James Hagens\u2019 debut"},"content":{"rendered":"<p><br \/>\n<\/p>\n<div id=\"\">\n<header class=\"m-article-header m-article-header--standard\">\n\t\t\t\t\t\t\t\t\t\t\t\t<span id=\"article-header-primary-term\"><br \/>\n\t\t\t\t\t\t\t\t<a class=\"a-term a-term--primary\" href=\"https:\/\/www.boston.com\/tag\/boston-bruins\/\"><br \/>\n\t\t\t\t\t\t\t\tBoston Bruins\t\t\t\t\t\t\t\t<\/a><br \/>\n\t\t\t\t\t\t\t<\/span><\/p>\n<h2 class=\"m-article-header__sub-headline\">&#8220;I\u2019m not going to throw that kid in and have him fail. I don\u2019t want to do that.&#8221;<\/h2>\n<figure class=\"a-photo m-article-header__photo \"><figcaption class=\"a-photo__caption\">\n\tJames Hagens won&#8217;t make his debut on Saturday against Tampa. <em>  Ken McGagh for The Boston Globe<\/em>\t<\/figcaption><\/figure>\n<\/header>\n<p>James Hagens might be up with the Bruins, but Boston\u2019s top prospect won\u2019t take to the ice for Saturday\u2019s matinee matchup against the Tampa Bay Lightning.<\/p>\n<p>Speaking to reporters on Friday at Warrior Ice Arena, Bruins head coach Marco Sturm said that Hagens won\u2019t play against Tampa as Boston tries to clinch a playoff berth against one of the top teams in the Eastern Conference.<\/p>\n<p>A win in any capacity against the Bolts would punch Boston\u2019s ticket to the postseason after a one-year hiatus.<\/p>\n<p>A skilled playmaker like Hagens could conceivably help Boston get over the finish line against Tampa, but Sturm preached patience with the 19-year-old forward.<\/p>\n<p>\u201cIt\u2019s his first time up here,\u201d \u00a0Sturm said. \u201c[Thursday] was a very exciting day. [Friday] was the first time where, OK, this is about hockey. We could see it in practice.<\/p>\n<p>\u201cHe just needs time and to get used to our system. That\u2019s the biggest thing. I\u2019m not going to throw that kid in and have him fail. I don\u2019t want to do that. So he\u2019s on the right track. That\u2019s our next step and we will take it day by day and find the right time.\u201d<\/p>\n<p>The Bruins have three more regular-season games left on their docket, including a road game against the Columbus Blue Jackets on Sunday evening. A win against Tampa would conceivably open the door for Sturm to rest a few players and incorporate some younger skaters into the lineup to play out the stretch.<\/p>\n<p>But Sturm did not guarantee that Hagens will play in any of those three games before the postseason begins.<\/p>\n<p>\u200b\u201cI\u2019ve got to feel comfortable doing it,\u201d Sturm said. \u201cI\u2019m trying to do the best I can to make the right decision for this team, first of all, for this organization and, of course, for James. I do want him to play, so I\u2019m just going to take it day by day.\u201d<\/p>\n<p>During Friday\u2019s practice, Hagens skated on a \u201cfifth\u201d line with a few other scratches in Alex Steeves and Lukas Reichel. Reichel was sent to Providence on Friday afternoon.<\/p>\n<p>Based on Friday\u2019s line rushes, Mikey Eyssimont will draw back into the lineup on a third line alongside Fraser Minten and Marat Khusnutdinov. Hagens did earn some reps on Boston\u2019s second power-play unit as well.<\/p>\n<p>As Bruins fans await Hagens\u2019s debut, Sturm stressed that the blue-chip prospect\u2019s presence should also light a fire under other forwards who have been stuck in a rut over the last few months.<\/p>\n<p>\u201cI was wondering how they\u2019re thinking, and they\u2019re probably thinking \u2018Holy Moly, there\u2019s another guy coming up and that\u2019s going to be a spot.\u2019 It should motivate them,\u201d Sturm said. \u201cNot be like \u2018Here we go again.\u2019 No, they should fight for that spot.\u201d<\/p>\n<p>\u201cAnd that\u2019s good. That\u2019s what we want. We\u2019re not going to hand it to anyone. Not James, either. He has to earn it, too.\u201d<\/p>\n<p>Even if Hagens won\u2019t be counted on to try and defeat the Bolts on Saturday, Bruins forward Morgan Geekie believes that the young forward will get his opportunity in short order.<\/p>\n<p>\u201cHe\u2019s a great player \u2014 a lot more skill than I have,\u201d Geekie said of Hagens. \u00a0He\u2019s going to be \u00a0great for a long time. When you see a player with that kind of skill come in, it speaks for itself and you don\u2019t need to see much to know that he\u2019s good with the puck.<\/p>\n<p>\u201cWe\u2019re happy to have him here and excited to see him get in a game, whenever that may be. Everybody\u2019s here for him and to try to put him in the best position possible.\u201d<\/p>\n<div class=\"o-author-single has-avatar\">\n<header class=\"m-author-card\">\n<div class=\"a-image a-image--square m-author-card__image\">\n\t\t<img decoding=\"async\" class=\"\" src=\"https:\/\/www.boston.com\/wp-content\/uploads\/2023\/05\/Headshot_Conor-645c0406ed6cb-scaled.jpg\" alt=\"Profile image for Conor Ryan\"\/>\t<\/div>\n<\/header>\n<section class=\"author-info\">\n<div class=\"m-author__section\">\n<p>\u00a0<\/p>\n<p>Conor Ryan is a staff writer covering the Bruins, Celtics, Patriots, and Red Sox for Boston.com, a role he has held since 2023.<\/p>\n<\/div>\n<\/section>\n<\/div>\n<div class=\"m-block m-generic-cta&#10;&#9; m-generic-cta--post-content&#9; m-generic-cta--dark&#9; m-generic-cta--homepage&#9; m-generic-cta--generic-link&#9;&#9; m-generic-cta-block-style--default &#10;&#9;t-amp__generic-cta\">\n<div class=\"m-generic-cta__wrap\">\n<div class=\"m-generic-cta__content\">\n<h3 class=\"m-generic-cta__title\">Sign up for the Today newsletter<\/h3>\n<p class=\"m-generic-cta__subtitle\">Get everything you need to know to start your day, delivered right to your inbox every morning.<\/p>\n<\/p><\/div>\n<\/p><\/div>\n<\/div>\n<aside id=\"bdc-outbrain-35172132\" class=\"bdc-outbrain-container\">\n<\/aside><\/div>\n<p><script>\n\t\t!function(f,b,e,v,n,t,s)\n\t\t{if(f.fbq)return;n=f.fbq=function(){n.callMethod?\n\t\tn.callMethod.apply(n,arguments):n.queue.push(arguments)};\n\t\tif(!f._fbq)f._fbq=n;n.push=n;n.loaded=!0;n.version='2.0';\n\t\tn.queue=[];t=b.createElement(e);t.async=!0;\n\t\tt.src=v;s=b.getElementsByTagName(e)[0];\n\t\ts.parentNode.insertBefore(t,s)}(window, document,'script',\n\t\t'https:\/\/connect.facebook.net\/en_US\/fbevents.js');\n\t\t\t\t\tconst onetrustStorageConsent = JSON.parse(localStorage.getItem( 'consent_one_trust_bdc' ) );\n\t\t\tif ( ( onetrustStorageConsent !== null ) ) {\n\t\t\t\t\/* The above code is parsing the JSON data from the local storage and storing it in a variable.\n\t\t\t\t * Checking if the user has given consent for the cookie C0004.\n\t\t\t\t * If the user has given consent, the variable consent will be set to 'grant'.\n\t\t\t\t * If the user has not given consent,the variable consent will be set to 'revoke'.\n\t\t\t\t * Documentation https:\/\/developers.facebook.com\/docs\/meta-pixel\/implementation\/gdpr\n\t\t\t\t*\/\n\t\t\t\tif ( onetrustStorageConsent.C0004 !== true ) {\n\t\t\t\t\tfbq('consent', 'revoke');\n\t\t\t\t\tfbq('dataProcessingOptions', []);\n\t\t\t\t} else {\n\t\t\t\t\tfbq('consent', 'grant');\n\t\t\t\t\tfbq('dataProcessingOptions', ['LDU'], 0, 0);\n\t\t\t\t}\n\t\t\t}\n\t\t\t\tfbq('init', '989222871864976');\n\t\tfbq('track', 'PageView');\n\t<\/script><script type=\"module\">\n\t\t!function(f,b,e,v,n,t,s){if(f.fbq)return;n=f.fbq=function()\n\t\t{n.callMethod? n.callMethod.apply(n,arguments):n.queue.push(arguments)}\n\t\t;if(!f._fbq)f._fbq=n;\n\t\tn.push=n;n.loaded=!0;n.version='2.0';n.queue=[];t=b.createElement(e);t.async=!0;\n\t\tt.src=v;s=b.getElementsByTagName(e)[0];s.parentNode.insertBefore(t,s)}(window,\n\t\tdocument,'script','https:\/\/connect.facebook.net\/en_US\/fbevents.js');\n\t\t\t\t\tconst onetrustStorageConsent = JSON.parse(localStorage.getItem( 'consent_one_trust_bdc' ) );\n\t\t\t\/* The above code is parsing the JSON data from the local storage and storing it in a variable.\n\t\t\t * Checking if the user has given consent for the cookie C0004.\n\t\t\t * If the user has given consent, the variable consent will be set to 'grant'.\n\t\t\t * If the user has not given consent,the variable consent will be set to 'revoke'.\n\t\t\t * Documentation https:\/\/developers.facebook.com\/docs\/meta-pixel\/implementation\/gdpr\n\t\t\t*\/\n\t\t\tif ( ( onetrustStorageConsent !== null ) && (onetrustStorageConsent.C0004 !== true ) ) {\n\t\t\t\tfbq('consent', 'revoke');\n\t\t\t\tfbq('dataProcessingOptions', []);\n\t\t\t} else {\n\t\t\t\tfbq('consent', 'grant');\n\t\t\t\tfbq('dataProcessingOptions', ['LDU'], 0, 0);\n\t\t\t}\n\t\t\t\tfbq('init', '813236348753005');\n\t\tfbq('track', 'PageView');\n\t<\/script><br \/>\n<br \/><br \/>\n<br \/><a href=\"https:\/\/www.boston.com\/sports\/boston-bruins\/2026\/04\/10\/boston-bruins-nhl-hockey-james-hagens-debut-tampa-bay-lightning\/\">Source link <\/a><\/p>\n","protected":false},"excerpt":{"rendered":"<p>Boston Bruins &#8220;I\u2019m not going to throw that kid in and have him fail. I don\u2019t want to do that.&#8221; James Hagens won&#8217;t make his debut on Saturday against Tampa. Ken McGagh for The Boston Globe James Hagens might be up with the Bruins, but Boston\u2019s top prospect won\u2019t take to the ice for Saturday\u2019s [&hellip;]<\/p>\n","protected":false},"author":1,"featured_media":105418,"comment_status":"closed","ping_status":"","sticky":false,"template":"","format":"standard","meta":{"googlesitekit_rrm_CAow2JLhCw:productID":"","_gspb_post_css":"","maa_idioma":"","maa_pais":"","footnotes":""},"categories":[2725],"tags":[11192,12753,3645,25849,5303,11686,10862],"class_list":["post-105417","post","type-post","status-publish","format-standard","has-post-thumbnail","hentry","category-europe","tag-bruins","tag-debut","tag-fans","tag-hagens","tag-james","tag-longer","tag-wait"],"blocksy_meta":[],"yoast_head":"<!-- This site is optimized with the Yoast SEO Premium plugin v27.6 (Yoast SEO v27.6) - https:\/\/yoast.com\/product\/yoast-seo-premium-wordpress\/ -->\n<title>Bruins fans will need to wait a little longer for James Hagens\u2019 debut - Ubirat\u00e3 Online Not\u00edcias - A realidade ao seu alcance!<\/title>\n<meta name=\"description\" content=\"Boston Bruins &quot;I\u2019m not going to throw that kid in and have him fail. I don\u2019t want to do that.&quot; James Hagens won&#039;t make his debut on Saturday against\" \/>\n<meta name=\"robots\" content=\"index, follow, max-snippet:-1, max-image-preview:large, max-video-preview:-1\" \/>\n<link rel=\"canonical\" href=\"https:\/\/ubirataonline.com.br\/en\/bruins-fans-will-need-to-wait-a-little-longer-for-james-hagens-debut\/\" \/>\n<meta property=\"og:locale\" content=\"en_US\" \/>\n<meta property=\"og:type\" content=\"article\" \/>\n<meta property=\"og:title\" content=\"Bruins fans will need to wait a little longer for James Hagens\u2019 debut\" \/>\n<meta property=\"og:description\" content=\"Boston Bruins &quot;I\u2019m not going to throw that kid in and have him fail. I don\u2019t want to do that.&quot; James Hagens won&#039;t make his debut on Saturday against\" \/>\n<meta property=\"og:url\" content=\"https:\/\/ubirataonline.com.br\/en\/bruins-fans-will-need-to-wait-a-little-longer-for-james-hagens-debut\/\" \/>\n<meta property=\"og:site_name\" content=\"Ubirat\u00e3 Online Not\u00edcias - A realidade ao seu alcance!\" \/>\n<meta property=\"article:publisher\" content=\"https:\/\/www.facebook.com\/portalubirataonline\" \/>\n<meta property=\"article:author\" content=\"https:\/\/www.facebook.com\/portalubirataonline\" \/>\n<meta property=\"article:published_time\" content=\"2026-04-12T22:12:23+00:00\" \/>\n<meta property=\"article:modified_time\" content=\"2026-04-12T22:12:25+00:00\" \/>\n<meta property=\"og:image\" content=\"https:\/\/ubirataonline.com.br\/wp-content\/uploads\/2026\/04\/Bruins-fans-will-need-to-wait-a-little-longer-for.jpg\" \/>\n\t<meta property=\"og:image:width\" content=\"768\" \/>\n\t<meta property=\"og:image:height\" content=\"432\" \/>\n\t<meta property=\"og:image:type\" content=\"image\/jpeg\" \/>\n<meta name=\"author\" content=\"REDA\u00c7\u00c3O: UBIRAT\u00c3 ONLINE - F\u00c1BIO AUGUSTO CELESTINO\" \/>\n<meta name=\"twitter:card\" content=\"summary_large_image\" \/>\n<meta name=\"twitter:creator\" content=\"@x.com\/ubirataonline\" \/>\n<meta name=\"twitter:site\" content=\"@ubirataonline\" \/>\n<meta name=\"twitter:label1\" content=\"Written by\" \/>\n\t<meta name=\"twitter:data1\" content=\"REDA\u00c7\u00c3O: UBIRAT\u00c3 ONLINE - F\u00c1BIO AUGUSTO CELESTINO\" \/>\n\t<meta name=\"twitter:label2\" content=\"Est. reading time\" \/>\n\t<meta name=\"twitter:data2\" content=\"4 minutes\" \/>\n<script type=\"application\/ld+json\" class=\"yoast-schema-graph\">{\"@context\":\"https:\\\/\\\/schema.org\",\"@graph\":[{\"@type\":\"NewsArticle\",\"@id\":\"https:\\\/\\\/ubirataonline.com.br\\\/bruins-fans-will-need-to-wait-a-little-longer-for-james-hagens-debut\\\/#article\",\"isPartOf\":{\"@id\":\"https:\\\/\\\/ubirataonline.com.br\\\/bruins-fans-will-need-to-wait-a-little-longer-for-james-hagens-debut\\\/\"},\"author\":{\"name\":\"REDA\u00c7\u00c3O: UBIRAT\u00c3 ONLINE - F\u00c1BIO AUGUSTO CELESTINO\",\"@id\":\"https:\\\/\\\/ubirataonline.com.br\\\/#\\\/schema\\\/person\\\/372f87bbd3fdd79b8556b84c98d0bc1c\"},\"headline\":\"Bruins fans will need to wait a little longer for James Hagens\u2019 debut\",\"datePublished\":\"2026-04-12T22:12:23+00:00\",\"dateModified\":\"2026-04-12T22:12:25+00:00\",\"mainEntityOfPage\":{\"@id\":\"https:\\\/\\\/ubirataonline.com.br\\\/bruins-fans-will-need-to-wait-a-little-longer-for-james-hagens-debut\\\/\"},\"wordCount\":737,\"publisher\":{\"@id\":\"https:\\\/\\\/ubirataonline.com.br\\\/#organization\"},\"image\":{\"@id\":\"https:\\\/\\\/ubirataonline.com.br\\\/bruins-fans-will-need-to-wait-a-little-longer-for-james-hagens-debut\\\/#primaryimage\"},\"thumbnailUrl\":\"https:\\\/\\\/ubirataonline.com.br\\\/wp-content\\\/uploads\\\/2026\\\/04\\\/Bruins-fans-will-need-to-wait-a-little-longer-for.jpg\",\"keywords\":[\"Bruins\",\"Debut\",\"fans\",\"Hagens\",\"James\",\"longer\",\"wait\"],\"articleSection\":[\"Europe\"],\"inLanguage\":\"en-US\",\"copyrightYear\":\"2026\",\"copyrightHolder\":{\"@id\":\"https:\\\/\\\/ubirataonline.com.br\\\/en\\\/#organization\"}},{\"@type\":\"WebPage\",\"@id\":\"https:\\\/\\\/ubirataonline.com.br\\\/bruins-fans-will-need-to-wait-a-little-longer-for-james-hagens-debut\\\/\",\"url\":\"https:\\\/\\\/ubirataonline.com.br\\\/bruins-fans-will-need-to-wait-a-little-longer-for-james-hagens-debut\\\/\",\"name\":\"Bruins fans will need to wait a little longer for James Hagens\u2019 debut - Ubirat\u00e3 Online Not\u00edcias - A realidade ao seu alcance!\",\"isPartOf\":{\"@id\":\"https:\\\/\\\/ubirataonline.com.br\\\/#website\"},\"primaryImageOfPage\":{\"@id\":\"https:\\\/\\\/ubirataonline.com.br\\\/bruins-fans-will-need-to-wait-a-little-longer-for-james-hagens-debut\\\/#primaryimage\"},\"image\":{\"@id\":\"https:\\\/\\\/ubirataonline.com.br\\\/bruins-fans-will-need-to-wait-a-little-longer-for-james-hagens-debut\\\/#primaryimage\"},\"thumbnailUrl\":\"https:\\\/\\\/ubirataonline.com.br\\\/wp-content\\\/uploads\\\/2026\\\/04\\\/Bruins-fans-will-need-to-wait-a-little-longer-for.jpg\",\"datePublished\":\"2026-04-12T22:12:23+00:00\",\"dateModified\":\"2026-04-12T22:12:25+00:00\",\"description\":\"Boston Bruins \\\"I\u2019m not going to throw that kid in and have him fail. I don\u2019t want to do that.\\\" James Hagens won't make his debut on Saturday against\",\"breadcrumb\":{\"@id\":\"https:\\\/\\\/ubirataonline.com.br\\\/bruins-fans-will-need-to-wait-a-little-longer-for-james-hagens-debut\\\/#breadcrumb\"},\"inLanguage\":\"en-US\",\"potentialAction\":[{\"@type\":\"ReadAction\",\"target\":[\"https:\\\/\\\/ubirataonline.com.br\\\/bruins-fans-will-need-to-wait-a-little-longer-for-james-hagens-debut\\\/\"]}]},{\"@type\":\"ImageObject\",\"inLanguage\":\"en-US\",\"@id\":\"https:\\\/\\\/ubirataonline.com.br\\\/bruins-fans-will-need-to-wait-a-little-longer-for-james-hagens-debut\\\/#primaryimage\",\"url\":\"https:\\\/\\\/ubirataonline.com.br\\\/wp-content\\\/uploads\\\/2026\\\/04\\\/Bruins-fans-will-need-to-wait-a-little-longer-for.jpg\",\"contentUrl\":\"https:\\\/\\\/ubirataonline.com.br\\\/wp-content\\\/uploads\\\/2026\\\/04\\\/Bruins-fans-will-need-to-wait-a-little-longer-for.jpg\",\"width\":768,\"height\":432,\"caption\":\"James Hagens won't make his debut on Saturday against Tampa. Ken McGagh for The Boston Globe\"},{\"@type\":\"BreadcrumbList\",\"@id\":\"https:\\\/\\\/ubirataonline.com.br\\\/bruins-fans-will-need-to-wait-a-little-longer-for-james-hagens-debut\\\/#breadcrumb\",\"itemListElement\":[{\"@type\":\"ListItem\",\"position\":1,\"name\":\"In\u00edcio\",\"item\":\"https:\\\/\\\/ubirataonline.com.br\\\/\"},{\"@type\":\"ListItem\",\"position\":2,\"name\":\"Bruins fans will need to wait a little longer for James Hagens\u2019 debut\"}]},{\"@type\":\"WebSite\",\"@id\":\"https:\\\/\\\/ubirataonline.com.br\\\/#website\",\"url\":\"https:\\\/\\\/ubirataonline.com.br\\\/\",\"name\":\"Ubirat\u00e3 Online Not\u00edcias\",\"description\":\"Not\u00edcias de Ubirat\u00e3, regi\u00e3o, Brasil e mundo, com informa\u00e7\u00e3o atualizada e compromisso com o leitor.\",\"publisher\":{\"@id\":\"https:\\\/\\\/ubirataonline.com.br\\\/#organization\"},\"alternateName\":\"Ubirat\u00e3 Online\",\"potentialAction\":[{\"@type\":\"SearchAction\",\"target\":{\"@type\":\"EntryPoint\",\"urlTemplate\":\"https:\\\/\\\/ubirataonline.com.br\\\/?s={search_term_string}\"},\"query-input\":{\"@type\":\"PropertyValueSpecification\",\"valueRequired\":true,\"valueName\":\"search_term_string\"}}],\"inLanguage\":\"en-US\"},{\"@type\":[\"Organization\",\"Place\"],\"@id\":\"https:\\\/\\\/ubirataonline.com.br\\\/#organization\",\"name\":\"Ubirat\u00e3 Online Not\u00edcias\",\"alternateName\":\"Ubirat\u00e3 Online\",\"url\":\"https:\\\/\\\/ubirataonline.com.br\\\/\",\"logo\":{\"@id\":\"https:\\\/\\\/ubirataonline.com.br\\\/bruins-fans-will-need-to-wait-a-little-longer-for-james-hagens-debut\\\/#local-main-organization-logo\"},\"image\":{\"@id\":\"https:\\\/\\\/ubirataonline.com.br\\\/bruins-fans-will-need-to-wait-a-little-longer-for-james-hagens-debut\\\/#local-main-organization-logo\"},\"sameAs\":[\"https:\\\/\\\/www.facebook.com\\\/portalubirataonline\",\"https:\\\/\\\/x.com\\\/ubirataonline\",\"https:\\\/\\\/mastodon.social\\\/@ubirataonline\",\"https:\\\/\\\/www.facebook.com\\\/groups\\\/311144672285604\",\"https:\\\/\\\/www.facebook.com\\\/UBTAOnline\",\"https:\\\/\\\/www.instagram.com\\\/portalubirataonline\\\/\",\"https:\\\/\\\/twitter.com\\\/ubirataonline\"],\"description\":\"Somos um portal de not\u00edcias independente, criado em 5 de janeiro de 2009, com o objetivo de informar, conectar e valorizar a nossa comunidade de Ubirat\u00e3 e toda aregi\u00e3o. Com conte\u00fado atualizado, confi\u00e1vel e relevante, o Ubirat\u00e3 Online \u00e9 o seu espa\u00e7o para ficar por dentro dos principais acontecimentos locais, regionais, Brasil, Mundo e de interesse geral. Nosso compromisso \u00e9 com a verdade, a transpar\u00eancia e o respeito ao leitor.\",\"legalName\":\"UBIRATA ONLINE NOT\u00cdCIAS\",\"foundingDate\":\"2009-01-05\",\"numberOfEmployees\":{\"@type\":\"QuantitativeValue\",\"minValue\":\"1\",\"maxValue\":\"10\"},\"publishingPrinciples\":\"https:\\\/\\\/ubirataonline.com.br\\\/faq\\\/\",\"address\":{\"@id\":\"https:\\\/\\\/ubirataonline.com.br\\\/bruins-fans-will-need-to-wait-a-little-longer-for-james-hagens-debut\\\/#local-main-place-address\"},\"geo\":{\"@type\":\"GeoCoordinates\",\"latitude\":\"-24.5361401\",\"longitude\":\"-52.9921776\"},\"telephone\":[\"+5544998308235\"],\"contactPoint\":{\"@type\":\"ContactPoint\",\"email\":\"contato@ubirataonline.com.br\"},\"openingHoursSpecification\":{\"@type\":\"OpeningHoursSpecification\",\"dayOfWeek\":[\"Monday\",\"Tuesday\",\"Wednesday\",\"Thursday\",\"Friday\",\"Saturday\",\"Sunday\"],\"opens\":\"00:00\",\"closes\":\"23:59\"},\"email\":\"contato@ubirataonline.com.br\",\"vatID\":\"47.621.418\\\/0001-80\"},{\"@type\":\"Person\",\"@id\":\"https:\\\/\\\/ubirataonline.com.br\\\/#\\\/schema\\\/person\\\/372f87bbd3fdd79b8556b84c98d0bc1c\",\"name\":\"REDA\u00c7\u00c3O: UBIRAT\u00c3 ONLINE - F\u00c1BIO AUGUSTO CELESTINO\",\"pronouns\":\"Ele\",\"description\":\"Desde 2003 trabalhando com not\u00edcias.\",\"sameAs\":[\"http:\\\/\\\/ubirataoline.com.br\",\"https:\\\/\\\/www.facebook.com\\\/portalubirataonline\",\"https:\\\/\\\/www.instagram.com\\\/ubirataonline_oficial\",\"https:\\\/\\\/x.com\\\/x.com\\\/ubirataonline\"],\"honorificPrefix\":\"Mr.\",\"honorificSuffix\":\"MD\",\"birthDate\":\"1980-06-16\",\"gender\":\"masculino\",\"award\":[\"V\u00e1rios pr\u00eamios de melhor portal da cidade\"],\"jobTitle\":\"Diretor\",\"url\":\"https:\\\/\\\/ubirataonline.com.br\\\/en\\\/author\\\/ubirataonline\\\/\"},{\"@type\":\"PostalAddress\",\"@id\":\"https:\\\/\\\/ubirataonline.com.br\\\/bruins-fans-will-need-to-wait-a-little-longer-for-james-hagens-debut\\\/#local-main-place-address\",\"streetAddress\":\"Rua dos Coqueiros, 104 - Bairro Boa Vista, Rua dos Coqueiros, 104 Bairro Boa Vista\",\"addressLocality\":\"UBIRATA\",\"postalCode\":\"85440-000\",\"addressRegion\":\"PR\",\"addressCountry\":\"BR\"},{\"@type\":\"ImageObject\",\"inLanguage\":\"en-US\",\"@id\":\"https:\\\/\\\/ubirataonline.com.br\\\/bruins-fans-will-need-to-wait-a-little-longer-for-james-hagens-debut\\\/#local-main-organization-logo\",\"url\":\"https:\\\/\\\/ubirataonline.com.br\\\/wp-content\\\/uploads\\\/2026\\\/06\\\/logoubirataonline-1.webp\",\"contentUrl\":\"https:\\\/\\\/ubirataonline.com.br\\\/wp-content\\\/uploads\\\/2026\\\/06\\\/logoubirataonline-1.webp\",\"width\":500,\"height\":500,\"caption\":\"Ubirat\u00e3 Online Not\u00edcias\"}]}<\/script>\n<meta name=\"geo.placename\" content=\"UBIRATA\" \/>\n<meta name=\"geo.position\" content=\"-24.5361401;-52.9921776\" \/>\n<meta name=\"geo.region\" content=\"Brazil\" \/>\n<!-- \/ Yoast SEO Premium plugin. -->","yoast_head_json":{"title":"Bruins fans will need to wait a little longer for James Hagens\u2019 debut - Ubirat\u00e3 Online Not\u00edcias - A realidade ao seu alcance!","description":"Boston Bruins \"I\u2019m not going to throw that kid in and have him fail. I don\u2019t want to do that.\" James Hagens won't make his debut on Saturday against","robots":{"index":"index","follow":"follow","max-snippet":"max-snippet:-1","max-image-preview":"max-image-preview:large","max-video-preview":"max-video-preview:-1"},"canonical":"https:\/\/ubirataonline.com.br\/en\/bruins-fans-will-need-to-wait-a-little-longer-for-james-hagens-debut\/","og_locale":"en_US","og_type":"article","og_title":"Bruins fans will need to wait a little longer for James Hagens\u2019 debut","og_description":"Boston Bruins \"I\u2019m not going to throw that kid in and have him fail. I don\u2019t want to do that.\" James Hagens won't make his debut on Saturday against","og_url":"https:\/\/ubirataonline.com.br\/en\/bruins-fans-will-need-to-wait-a-little-longer-for-james-hagens-debut\/","og_site_name":"Ubirat\u00e3 Online Not\u00edcias - A realidade ao seu alcance!","article_publisher":"https:\/\/www.facebook.com\/portalubirataonline","article_author":"https:\/\/www.facebook.com\/portalubirataonline","article_published_time":"2026-04-12T22:12:23+00:00","article_modified_time":"2026-04-12T22:12:25+00:00","og_image":[{"width":768,"height":432,"url":"https:\/\/ubirataonline.com.br\/wp-content\/uploads\/2026\/04\/Bruins-fans-will-need-to-wait-a-little-longer-for.jpg","type":"image\/jpeg"}],"author":"REDA\u00c7\u00c3O: UBIRAT\u00c3 ONLINE - F\u00c1BIO AUGUSTO CELESTINO","twitter_card":"summary_large_image","twitter_creator":"@x.com\/ubirataonline","twitter_site":"@ubirataonline","twitter_misc":{"Written by":"REDA\u00c7\u00c3O: UBIRAT\u00c3 ONLINE - F\u00c1BIO AUGUSTO CELESTINO","Est. reading time":"4 minutes"},"schema":{"@context":"https:\/\/schema.org","@graph":[{"@type":"NewsArticle","@id":"https:\/\/ubirataonline.com.br\/bruins-fans-will-need-to-wait-a-little-longer-for-james-hagens-debut\/#article","isPartOf":{"@id":"https:\/\/ubirataonline.com.br\/bruins-fans-will-need-to-wait-a-little-longer-for-james-hagens-debut\/"},"author":{"name":"REDA\u00c7\u00c3O: UBIRAT\u00c3 ONLINE - F\u00c1BIO AUGUSTO CELESTINO","@id":"https:\/\/ubirataonline.com.br\/#\/schema\/person\/372f87bbd3fdd79b8556b84c98d0bc1c"},"headline":"Bruins fans will need to wait a little longer for James Hagens\u2019 debut","datePublished":"2026-04-12T22:12:23+00:00","dateModified":"2026-04-12T22:12:25+00:00","mainEntityOfPage":{"@id":"https:\/\/ubirataonline.com.br\/bruins-fans-will-need-to-wait-a-little-longer-for-james-hagens-debut\/"},"wordCount":737,"publisher":{"@id":"https:\/\/ubirataonline.com.br\/#organization"},"image":{"@id":"https:\/\/ubirataonline.com.br\/bruins-fans-will-need-to-wait-a-little-longer-for-james-hagens-debut\/#primaryimage"},"thumbnailUrl":"https:\/\/ubirataonline.com.br\/wp-content\/uploads\/2026\/04\/Bruins-fans-will-need-to-wait-a-little-longer-for.jpg","keywords":["Bruins","Debut","fans","Hagens","James","longer","wait"],"articleSection":["Europe"],"inLanguage":"en-US","copyrightYear":"2026","copyrightHolder":{"@id":"https:\/\/ubirataonline.com.br\/en\/#organization"}},{"@type":"WebPage","@id":"https:\/\/ubirataonline.com.br\/bruins-fans-will-need-to-wait-a-little-longer-for-james-hagens-debut\/","url":"https:\/\/ubirataonline.com.br\/bruins-fans-will-need-to-wait-a-little-longer-for-james-hagens-debut\/","name":"Bruins fans will need to wait a little longer for James Hagens\u2019 debut - Ubirat\u00e3 Online Not\u00edcias - A realidade ao seu alcance!","isPartOf":{"@id":"https:\/\/ubirataonline.com.br\/#website"},"primaryImageOfPage":{"@id":"https:\/\/ubirataonline.com.br\/bruins-fans-will-need-to-wait-a-little-longer-for-james-hagens-debut\/#primaryimage"},"image":{"@id":"https:\/\/ubirataonline.com.br\/bruins-fans-will-need-to-wait-a-little-longer-for-james-hagens-debut\/#primaryimage"},"thumbnailUrl":"https:\/\/ubirataonline.com.br\/wp-content\/uploads\/2026\/04\/Bruins-fans-will-need-to-wait-a-little-longer-for.jpg","datePublished":"2026-04-12T22:12:23+00:00","dateModified":"2026-04-12T22:12:25+00:00","description":"Boston Bruins \"I\u2019m not going to throw that kid in and have him fail. I don\u2019t want to do that.\" James Hagens won't make his debut on Saturday against","breadcrumb":{"@id":"https:\/\/ubirataonline.com.br\/bruins-fans-will-need-to-wait-a-little-longer-for-james-hagens-debut\/#breadcrumb"},"inLanguage":"en-US","potentialAction":[{"@type":"ReadAction","target":["https:\/\/ubirataonline.com.br\/bruins-fans-will-need-to-wait-a-little-longer-for-james-hagens-debut\/"]}]},{"@type":"ImageObject","inLanguage":"en-US","@id":"https:\/\/ubirataonline.com.br\/bruins-fans-will-need-to-wait-a-little-longer-for-james-hagens-debut\/#primaryimage","url":"https:\/\/ubirataonline.com.br\/wp-content\/uploads\/2026\/04\/Bruins-fans-will-need-to-wait-a-little-longer-for.jpg","contentUrl":"https:\/\/ubirataonline.com.br\/wp-content\/uploads\/2026\/04\/Bruins-fans-will-need-to-wait-a-little-longer-for.jpg","width":768,"height":432,"caption":"James Hagens won't make his debut on Saturday against Tampa. Ken McGagh for The Boston Globe"},{"@type":"BreadcrumbList","@id":"https:\/\/ubirataonline.com.br\/bruins-fans-will-need-to-wait-a-little-longer-for-james-hagens-debut\/#breadcrumb","itemListElement":[{"@type":"ListItem","position":1,"name":"In\u00edcio","item":"https:\/\/ubirataonline.com.br\/"},{"@type":"ListItem","position":2,"name":"Bruins fans will need to wait a little longer for James Hagens\u2019 debut"}]},{"@type":"WebSite","@id":"https:\/\/ubirataonline.com.br\/#website","url":"https:\/\/ubirataonline.com.br\/","name":"Ubirat\u00e3 Online Not\u00edcias","description":"Not\u00edcias de Ubirat\u00e3, regi\u00e3o, Brasil e mundo, com informa\u00e7\u00e3o atualizada e compromisso com o leitor.","publisher":{"@id":"https:\/\/ubirataonline.com.br\/#organization"},"alternateName":"Ubirat\u00e3 Online","potentialAction":[{"@type":"SearchAction","target":{"@type":"EntryPoint","urlTemplate":"https:\/\/ubirataonline.com.br\/?s={search_term_string}"},"query-input":{"@type":"PropertyValueSpecification","valueRequired":true,"valueName":"search_term_string"}}],"inLanguage":"en-US"},{"@type":["Organization","Place"],"@id":"https:\/\/ubirataonline.com.br\/#organization","name":"Ubirat\u00e3 Online Not\u00edcias","alternateName":"Ubirat\u00e3 Online","url":"https:\/\/ubirataonline.com.br\/","logo":{"@id":"https:\/\/ubirataonline.com.br\/bruins-fans-will-need-to-wait-a-little-longer-for-james-hagens-debut\/#local-main-organization-logo"},"image":{"@id":"https:\/\/ubirataonline.com.br\/bruins-fans-will-need-to-wait-a-little-longer-for-james-hagens-debut\/#local-main-organization-logo"},"sameAs":["https:\/\/www.facebook.com\/portalubirataonline","https:\/\/x.com\/ubirataonline","https:\/\/mastodon.social\/@ubirataonline","https:\/\/www.facebook.com\/groups\/311144672285604","https:\/\/www.facebook.com\/UBTAOnline","https:\/\/www.instagram.com\/portalubirataonline\/","https:\/\/twitter.com\/ubirataonline"],"description":"Somos um portal de not\u00edcias independente, criado em 5 de janeiro de 2009, com o objetivo de informar, conectar e valorizar a nossa comunidade de Ubirat\u00e3 e toda aregi\u00e3o. Com conte\u00fado atualizado, confi\u00e1vel e relevante, o Ubirat\u00e3 Online \u00e9 o seu espa\u00e7o para ficar por dentro dos principais acontecimentos locais, regionais, Brasil, Mundo e de interesse geral. Nosso compromisso \u00e9 com a verdade, a transpar\u00eancia e o respeito ao leitor.","legalName":"UBIRATA ONLINE NOT\u00cdCIAS","foundingDate":"2009-01-05","numberOfEmployees":{"@type":"QuantitativeValue","minValue":"1","maxValue":"10"},"publishingPrinciples":"https:\/\/ubirataonline.com.br\/faq\/","address":{"@id":"https:\/\/ubirataonline.com.br\/bruins-fans-will-need-to-wait-a-little-longer-for-james-hagens-debut\/#local-main-place-address"},"geo":{"@type":"GeoCoordinates","latitude":"-24.5361401","longitude":"-52.9921776"},"telephone":["+5544998308235"],"contactPoint":{"@type":"ContactPoint","email":"contato@ubirataonline.com.br"},"openingHoursSpecification":{"@type":"OpeningHoursSpecification","dayOfWeek":["Monday","Tuesday","Wednesday","Thursday","Friday","Saturday","Sunday"],"opens":"00:00","closes":"23:59"},"email":"contato@ubirataonline.com.br","vatID":"47.621.418\/0001-80"},{"@type":"Person","@id":"https:\/\/ubirataonline.com.br\/#\/schema\/person\/372f87bbd3fdd79b8556b84c98d0bc1c","name":"REDA\u00c7\u00c3O: UBIRAT\u00c3 ONLINE - F\u00c1BIO AUGUSTO CELESTINO","pronouns":"Ele","description":"Desde 2003 trabalhando com not\u00edcias.","sameAs":["http:\/\/ubirataoline.com.br","https:\/\/www.facebook.com\/portalubirataonline","https:\/\/www.instagram.com\/ubirataonline_oficial","https:\/\/x.com\/x.com\/ubirataonline"],"honorificPrefix":"Mr.","honorificSuffix":"MD","birthDate":"1980-06-16","gender":"masculino","award":["V\u00e1rios pr\u00eamios de melhor portal da cidade"],"jobTitle":"Diretor","url":"https:\/\/ubirataonline.com.br\/en\/author\/ubirataonline\/"},{"@type":"PostalAddress","@id":"https:\/\/ubirataonline.com.br\/bruins-fans-will-need-to-wait-a-little-longer-for-james-hagens-debut\/#local-main-place-address","streetAddress":"Rua dos Coqueiros, 104 - Bairro Boa Vista, Rua dos Coqueiros, 104 Bairro Boa Vista","addressLocality":"UBIRATA","postalCode":"85440-000","addressRegion":"PR","addressCountry":"BR"},{"@type":"ImageObject","inLanguage":"en-US","@id":"https:\/\/ubirataonline.com.br\/bruins-fans-will-need-to-wait-a-little-longer-for-james-hagens-debut\/#local-main-organization-logo","url":"https:\/\/ubirataonline.com.br\/wp-content\/uploads\/2026\/06\/logoubirataonline-1.webp","contentUrl":"https:\/\/ubirataonline.com.br\/wp-content\/uploads\/2026\/06\/logoubirataonline-1.webp","width":500,"height":500,"caption":"Ubirat\u00e3 Online Not\u00edcias"}]},"geo.placename":"UBIRATA","geo.position":{"lat":"-24.5361401","long":"-52.9921776"},"geo.region":"Brazil"},"_links":{"self":[{"href":"https:\/\/ubirataonline.com.br\/en\/wp-json\/wp\/v2\/posts\/105417","targetHints":{"allow":["GET"]}}],"collection":[{"href":"https:\/\/ubirataonline.com.br\/en\/wp-json\/wp\/v2\/posts"}],"about":[{"href":"https:\/\/ubirataonline.com.br\/en\/wp-json\/wp\/v2\/types\/post"}],"author":[{"embeddable":true,"href":"https:\/\/ubirataonline.com.br\/en\/wp-json\/wp\/v2\/users\/1"}],"replies":[{"embeddable":true,"href":"https:\/\/ubirataonline.com.br\/en\/wp-json\/wp\/v2\/comments?post=105417"}],"version-history":[{"count":0,"href":"https:\/\/ubirataonline.com.br\/en\/wp-json\/wp\/v2\/posts\/105417\/revisions"}],"wp:featuredmedia":[{"embeddable":true,"href":"https:\/\/ubirataonline.com.br\/en\/wp-json\/wp\/v2\/media\/105418"}],"wp:attachment":[{"href":"https:\/\/ubirataonline.com.br\/en\/wp-json\/wp\/v2\/media?parent=105417"}],"wp:term":[{"taxonomy":"category","embeddable":true,"href":"https:\/\/ubirataonline.com.br\/en\/wp-json\/wp\/v2\/categories?post=105417"},{"taxonomy":"post_tag","embeddable":true,"href":"https:\/\/ubirataonline.com.br\/en\/wp-json\/wp\/v2\/tags?post=105417"}],"curies":[{"name":"wp","href":"https:\/\/api.w.org\/{rel}","templated":true}]}}